{"id":477429,"date":"2014-01-23T13:54:58","date_gmt":"2014-01-23T14:54:58","guid":{"rendered":"http:\/\/www.eldigitaldeasturias.com\/noticias\/?p=477429"},"modified":"2014-01-23T13:54:58","modified_gmt":"2014-01-23T14:54:58","slug":"sandro-rosell-medita-su-marcha-mientras-la-junta-quiere-que-reflexione","status":"publish","type":"post","link":"https:\/\/www.eldigitaldeasturias.com\/noticias\/sandro-rosell-medita-su-marcha-mientras-la-junta-quiere-que-reflexione\/","title":{"rendered":"Sandro Rosell medita su marcha mientras la junta quiere que reflexione"},"content":{"rendered":"<p><img loading=\"lazy\" decoding=\"async\" class=\"alignleft size-medium wp-image-477430\" alt=\"rosell\" src=\"https:\/\/www.eldigitaldeasturias.com\/noticias\/wp-content\/uploads\/2014\/01\/rosell-360x225.jpg\" width=\"360\" height=\"225\" \/>Barcelona, 23 ene (EFE).- El presidente del FC Barcelona, Sandro Rosell, estar\u00eda meditando su dimisi\u00f3n si resulta imputado en el &#8216;caso Neymar&#8217;, mientras la junta directiva, que posiblemente se reunir\u00e1 hoy, apuesta por que \u00abse imponga la serenidad\u00bb y contin\u00fae su mandato hasta 2016, ha se\u00f1alado a EFE un miembro del consejo.<\/p>\n<p>Una informaci\u00f3n en &#8216;La Vanguardia&#8217;, donde se apunta la posibilidad de que el presidente del Barcelona abandone su cargo, ha generado un revuelo en el entorno azulgrana.<\/p>\n<p>Una fuente de la directiva azulgrana consultada por EFE ha admitido que Rosell hace tiempo que recibe amenazas, incluso antes de que el fichaje de Neymar recalase en los juzgados por una querella presentada por un socio, y que en estos \u00faltimos d\u00edas el mandatario azulgrana est\u00e1 \u00abtocado e indignado\u00bb.<\/p>\n<p>\u00abEsperemos a ver c\u00f3mo transcurre el d\u00eda, pero lo m\u00e1s probable es que nos reunamos. Intentaremos que se imponga la serenidad\u00bb, ha se\u00f1alado un directivo, quien considera que en el caso de que finalmente Sandro Rosell dejase el cargo \u00abse tendr\u00edan que convocar elecciones, y no porque no haya gente capaz de seguir, sino porque esta es la junta de Sandro\u00bb.<\/p>\n<p>La directiva barcelonista ha vivido una semana subida de tono, despu\u00e9s de que una informaci\u00f3n de &#8216;El Mundo&#8217; el pasado lunes pusiera en duda que el fichaje del brasile\u00f1o Neymar costase 57 millones de euros como ha estado pregonando la entidad catalana.<\/p>\n<p>Justo el d\u00eda en que el Barcelona presentaba ante los medios el proyecto de remodelaci\u00f3n del Camp Nou, la conferencia de prensa del pasado lunes se torci\u00f3 y acab\u00f3 con Rosell solicitando al juez Pablo Ruz que lo citase a declarar. Al d\u00eda siguiente, el magistrado de la Audiencia Nacional admiti\u00f3 a tr\u00e1mite la querella que present\u00f3 un socio barcelonista (Jordi Cases).<\/p>\n<p>En estos \u00faltimos tres d\u00edas, que deb\u00edan de ser de debate en el barcelonismo ante el proyecto del nuevo estadio, que se someter\u00e1 a refer\u00e9ndum a los socios el 5 o el 6 de abril, ha derivado en un monotema: la querella admitida por el juez y si Sandro Rosell ser\u00e1 imputado.<\/p>\n<p>Sandro Rosell, que antes de ser presidente form\u00f3 parte de la primera junta de Joan Laporta, ya present\u00f3 la dimisi\u00f3n en el 2005 por desavenencias con el anterior mandatario. Tambi\u00e9n presentaron la dimisi\u00f3n directivos que ahora est\u00e1n en el club, como Jordi Moix, Jordi Mon\u00e9s, Josep Maria Bartomeu y Javier Faus.<\/p>\n","protected":false},"excerpt":{"rendered":"<p>Barcelona, 23 ene (EFE).- El presidente del FC Barcelona, Sandro Rosell, estar\u00eda meditando su dimisi\u00f3n si resulta imputado en el &#8216;caso Neymar&#8217;, mientras la junta directiva, que posiblemente se reunir\u00e1 hoy, apuesta por que \u00abse imponga la serenidad\u00bb y contin\u00fae su mandato hasta 2016, ha se\u00f1alado a EFE un miembro del consejo. Una informaci\u00f3n en [&hellip;]<\/p>\n","protected":false},"author":1,"featured_media":1132184,"comment_status":"closed","ping_status":"open","sticky":false,"template":"","format":"standard","meta":{"footnotes":""},"categories":[1],"tags":[],"class_list":["post-477429","post","type-post","status-publish","format-standard","has-post-thumbnail","hentry","category-actualidad"],"aioseo_notices":[],"aioseo_head":"\n\t\t<!-- All in One SEO Pro 5.0.1 - aioseo.com -->\n\t<meta name=\"description\" content=\"Barcelona, 23 ene (EFE).- El presidente del FC Barcelona, Sandro Rosell, estar\u00eda meditando su dimisi\u00f3n si resulta imputado en el &#039;caso Neymar&#039;, mientras la junta directiva, que posiblemente se reunir\u00e1 hoy, apuesta por que &quot;se imponga la serenidad&quot; y contin\u00fae su mandato hasta 2016, ha se\u00f1alado a EFE un miembro del consejo. Una informaci\u00f3n en\" \/>\n\t<meta name=\"robots\" content=\"max-image-preview:large\" \/>\n\t<meta name=\"author\" content=\"El Digital de Asturias\"\/>\n\t<meta name=\"google-site-verification\" content=\"UA-38556648-1\" \/>\n\t<meta name=\"msvalidate.01\" content=\"7dfe9f3f1b24437ab69f4f2559babe99\" \/>\n\t<meta name=\"keywords\" content=\"actualidad\" \/>\n\t<link rel=\"canonical\" href=\"https:\/\/www.eldigitaldeasturias.com\/noticias\/sandro-rosell-medita-su-marcha-mientras-la-junta-quiere-que-reflexione\/\" \/>\n\t<meta name=\"generator\" content=\"All in One SEO Pro (AIOSEO) 5.0.1\" \/>\n\t\t<meta property=\"og:locale\" content=\"es_ES\" \/>\n\t\t<meta property=\"og:site_name\" content=\"El Digital de Asturias\" \/>\n\t\t<meta property=\"og:type\" content=\"article\" \/>\n\t\t<meta property=\"og:title\" content=\"Sandro Rosell medita su marcha mientras la junta quiere que reflexione - El Digital de Asturias\" \/>\n\t\t<meta property=\"og:description\" content=\"Barcelona, 23 ene (EFE).- El presidente del FC Barcelona, Sandro Rosell, estar\u00eda meditando su dimisi\u00f3n si resulta imputado en el &#039;caso Neymar&#039;, mientras la junta directiva, que posiblemente se reunir\u00e1 hoy, apuesta por que &quot;se imponga la serenidad&quot; y contin\u00fae su mandato hasta 2016, ha se\u00f1alado a EFE un miembro del consejo. Una informaci\u00f3n en\" \/>\n\t\t<meta property=\"og:url\" content=\"https:\/\/www.eldigitaldeasturias.com\/noticias\/sandro-rosell-medita-su-marcha-mientras-la-junta-quiere-que-reflexione\/\" \/>\n\t\t<meta property=\"og:image\" content=\"https:\/\/www.eldigitaldeasturias.com\/noticias\/wp-content\/uploads\/2026\/06\/Contenidos.jpg\" \/>\n\t\t<meta property=\"og:image:secure_url\" content=\"https:\/\/www.eldigitaldeasturias.com\/noticias\/wp-content\/uploads\/2026\/06\/Contenidos.jpg\" \/>\n\t\t<meta property=\"og:image:width\" content=\"1265\" \/>\n\t\t<meta property=\"og:image:height\" content=\"697\" \/>\n\t\t<meta property=\"article:tag\" content=\"actualidad\" \/>\n\t\t<meta property=\"article:published_time\" content=\"2014-01-23T14:54:58+00:00\" \/>\n\t\t<meta property=\"article:modified_time\" content=\"2014-01-23T14:54:58+00:00\" \/>\n\t\t<meta property=\"article:publisher\" content=\"https:\/\/facebook.com\/eldigitaldeasturias\" \/>\n\t\t<meta name=\"twitter:card\" content=\"summary_large_image\" \/>\n\t\t<meta name=\"twitter:title\" content=\"Sandro Rosell medita su marcha mientras la junta quiere que reflexione - El Digital de Asturias\" \/>\n\t\t<meta name=\"twitter:description\" content=\"Barcelona, 23 ene (EFE).- El presidente del FC Barcelona, Sandro Rosell, estar\u00eda meditando su dimisi\u00f3n si resulta imputado en el &#039;caso Neymar&#039;, mientras la junta directiva, que posiblemente se reunir\u00e1 hoy, apuesta por que &quot;se imponga la serenidad&quot; y contin\u00fae su mandato hasta 2016, ha se\u00f1alado a EFE un miembro del consejo. Una informaci\u00f3n en\" \/>\n\t\t<meta name=\"twitter:image\" content=\"https:\/\/www.eldigitaldeasturias.com\/noticias\/wp-content\/uploads\/2026\/06\/Contenidos.jpg\" \/>\n\t\t<meta name=\"twitter:label1\" content=\"Escrito por\" \/>\n\t\t<meta name=\"twitter:data1\" content=\"El Digital de Asturias\" \/>\n\t\t<meta name=\"twitter:label2\" content=\"Tiempo de lectura estimado\" \/>\n\t\t<meta name=\"twitter:data2\" content=\"2 minutos\" \/>\n\t\t<script type=\"application\/ld+json\" class=\"aioseo-schema\">\n\t\t\t{\"@context\":\"https:\\\/\\\/schema.org\",\"@graph\":[{\"@type\":\"BlogPosting\",\"@id\":\"https:\\\/\\\/www.eldigitaldeasturias.com\\\/noticias\\\/sandro-rosell-medita-su-marcha-mientras-la-junta-quiere-que-reflexione\\\/#blogposting\",\"name\":\"Sandro Rosell medita su marcha mientras la junta quiere que reflexione - El Digital de Asturias\",\"headline\":\"Sandro Rosell medita su marcha mientras la junta quiere que reflexione\",\"author\":{\"@id\":\"https:\\\/\\\/www.eldigitaldeasturias.com\\\/noticias\\\/author\\\/admin\\\/#author\"},\"publisher\":{\"@id\":\"https:\\\/\\\/www.eldigitaldeasturias.com\\\/noticias\\\/#organization\"},\"image\":{\"@type\":\"ImageObject\",\"url\":\"https:\\\/\\\/www.eldigitaldeasturias.com\\\/noticias\\\/wp-content\\\/uploads\\\/2026\\\/06\\\/Contenidos.jpg\",\"width\":1265,\"height\":697,\"caption\":\"Contenidos\"},\"datePublished\":\"2014-01-23T13:54:58+01:00\",\"dateModified\":\"2014-01-23T13:54:58+01:00\",\"inLanguage\":\"es-ES\",\"mainEntityOfPage\":{\"@id\":\"https:\\\/\\\/www.eldigitaldeasturias.com\\\/noticias\\\/sandro-rosell-medita-su-marcha-mientras-la-junta-quiere-que-reflexione\\\/#webpage\"},\"isPartOf\":{\"@id\":\"https:\\\/\\\/www.eldigitaldeasturias.com\\\/noticias\\\/sandro-rosell-medita-su-marcha-mientras-la-junta-quiere-que-reflexione\\\/#webpage\"},\"articleSection\":\"Actualidad\"},{\"@type\":\"BreadcrumbList\",\"@id\":\"https:\\\/\\\/www.eldigitaldeasturias.com\\\/noticias\\\/sandro-rosell-medita-su-marcha-mientras-la-junta-quiere-que-reflexione\\\/#breadcrumblist\",\"itemListElement\":[{\"@type\":\"ListItem\",\"@id\":\"https:\\\/\\\/www.eldigitaldeasturias.com\\\/noticias#listItem\",\"position\":1,\"name\":\"Home\",\"item\":\"https:\\\/\\\/www.eldigitaldeasturias.com\\\/noticias\",\"nextItem\":{\"@type\":\"ListItem\",\"@id\":\"https:\\\/\\\/www.eldigitaldeasturias.com\\\/noticias\\\/category\\\/actualidad\\\/#listItem\",\"name\":\"Actualidad\"}},{\"@type\":\"ListItem\",\"@id\":\"https:\\\/\\\/www.eldigitaldeasturias.com\\\/noticias\\\/category\\\/actualidad\\\/#listItem\",\"position\":2,\"name\":\"Actualidad\",\"item\":\"https:\\\/\\\/www.eldigitaldeasturias.com\\\/noticias\\\/category\\\/actualidad\\\/\",\"nextItem\":{\"@type\":\"ListItem\",\"@id\":\"https:\\\/\\\/www.eldigitaldeasturias.com\\\/noticias\\\/sandro-rosell-medita-su-marcha-mientras-la-junta-quiere-que-reflexione\\\/#listItem\",\"name\":\"Sandro Rosell medita su marcha mientras la junta quiere que reflexione\"},\"previousItem\":{\"@type\":\"ListItem\",\"@id\":\"https:\\\/\\\/www.eldigitaldeasturias.com\\\/noticias#listItem\",\"name\":\"Home\"}},{\"@type\":\"ListItem\",\"@id\":\"https:\\\/\\\/www.eldigitaldeasturias.com\\\/noticias\\\/sandro-rosell-medita-su-marcha-mientras-la-junta-quiere-que-reflexione\\\/#listItem\",\"position\":3,\"name\":\"Sandro Rosell medita su marcha mientras la junta quiere que reflexione\",\"previousItem\":{\"@type\":\"ListItem\",\"@id\":\"https:\\\/\\\/www.eldigitaldeasturias.com\\\/noticias\\\/category\\\/actualidad\\\/#listItem\",\"name\":\"Actualidad\"}}]},{\"@type\":\"Organization\",\"@id\":\"https:\\\/\\\/www.eldigitaldeasturias.com\\\/noticias\\\/#organization\",\"name\":\"El Digital de Asturias\",\"description\":\"Hemeroteca\",\"url\":\"https:\\\/\\\/www.eldigitaldeasturias.com\\\/noticias\\\/\",\"email\":\"info@eldigitaldeasturias.com\",\"telephone\":\"+34652131393\",\"logo\":{\"@type\":\"ImageObject\",\"url\":\"https:\\\/\\\/www.eldigitaldeasturias.com\\\/noticias\\\/wp-content\\\/uploads\\\/2020\\\/12\\\/EDA.jpg\",\"@id\":\"https:\\\/\\\/www.eldigitaldeasturias.com\\\/noticias\\\/sandro-rosell-medita-su-marcha-mientras-la-junta-quiere-que-reflexione\\\/#organizationLogo\"},\"image\":{\"@id\":\"https:\\\/\\\/www.eldigitaldeasturias.com\\\/noticias\\\/sandro-rosell-medita-su-marcha-mientras-la-junta-quiere-que-reflexione\\\/#organizationLogo\"},\"sameAs\":[\"https:\\\/\\\/facebook.com\\\/eldigitaldeasturias\",\"https:\\\/\\\/www.youtube.com\\\/channel\\\/UCZP-2wLEB9Rv6erhFmqVnvg\"],\"address\":{\"@id\":\"https:\\\/\\\/www.eldigitaldeasturias.com\\\/noticias\\\/#postaladdress\",\"@type\":\"PostalAddress\",\"streetAddress\":\"san antonio 4\",\"postalCode\":\"33430\",\"addressLocality\":\"Cand\\u00e1s\",\"addressRegion\":\"Asturias\",\"addressCountry\":\"ES\"}},{\"@type\":\"Person\",\"@id\":\"https:\\\/\\\/www.eldigitaldeasturias.com\\\/noticias\\\/author\\\/admin\\\/#author\",\"url\":\"https:\\\/\\\/www.eldigitaldeasturias.com\\\/noticias\\\/author\\\/admin\\\/\",\"name\":\"El Digital de Asturias\",\"image\":{\"@type\":\"ImageObject\",\"@id\":\"https:\\\/\\\/www.eldigitaldeasturias.com\\\/noticias\\\/sandro-rosell-medita-su-marcha-mientras-la-junta-quiere-que-reflexione\\\/#authorImage\",\"url\":\"https:\\\/\\\/secure.gravatar.com\\\/avatar\\\/df2aeffc32bcd13f8d26072ef8a91b623d677766deac7f97ca815868cd41bf5e?s=96&d=mm&r=g\",\"width\":96,\"height\":96,\"caption\":\"El Digital de Asturias\"}},{\"@type\":\"WebPage\",\"@id\":\"https:\\\/\\\/www.eldigitaldeasturias.com\\\/noticias\\\/sandro-rosell-medita-su-marcha-mientras-la-junta-quiere-que-reflexione\\\/#webpage\",\"url\":\"https:\\\/\\\/www.eldigitaldeasturias.com\\\/noticias\\\/sandro-rosell-medita-su-marcha-mientras-la-junta-quiere-que-reflexione\\\/\",\"name\":\"Sandro Rosell medita su marcha mientras la junta quiere que reflexione - El Digital de Asturias\",\"description\":\"Barcelona, 23 ene (EFE).- El presidente del FC Barcelona, Sandro Rosell, estar\\u00eda meditando su dimisi\\u00f3n si resulta imputado en el 'caso Neymar', mientras la junta directiva, que posiblemente se reunir\\u00e1 hoy, apuesta por que \\\"se imponga la serenidad\\\" y contin\\u00fae su mandato hasta 2016, ha se\\u00f1alado a EFE un miembro del consejo. Una informaci\\u00f3n en\",\"inLanguage\":\"es-ES\",\"isPartOf\":{\"@id\":\"https:\\\/\\\/www.eldigitaldeasturias.com\\\/noticias\\\/#website\"},\"breadcrumb\":{\"@id\":\"https:\\\/\\\/www.eldigitaldeasturias.com\\\/noticias\\\/sandro-rosell-medita-su-marcha-mientras-la-junta-quiere-que-reflexione\\\/#breadcrumblist\"},\"author\":{\"@id\":\"https:\\\/\\\/www.eldigitaldeasturias.com\\\/noticias\\\/author\\\/admin\\\/#author\"},\"creator\":{\"@id\":\"https:\\\/\\\/www.eldigitaldeasturias.com\\\/noticias\\\/author\\\/admin\\\/#author\"},\"image\":{\"@type\":\"ImageObject\",\"url\":\"https:\\\/\\\/www.eldigitaldeasturias.com\\\/noticias\\\/wp-content\\\/uploads\\\/2026\\\/06\\\/Contenidos.jpg\",\"@id\":\"https:\\\/\\\/www.eldigitaldeasturias.com\\\/noticias\\\/sandro-rosell-medita-su-marcha-mientras-la-junta-quiere-que-reflexione\\\/#mainImage\",\"width\":1265,\"height\":697,\"caption\":\"Contenidos\"},\"primaryImageOfPage\":{\"@id\":\"https:\\\/\\\/www.eldigitaldeasturias.com\\\/noticias\\\/sandro-rosell-medita-su-marcha-mientras-la-junta-quiere-que-reflexione\\\/#mainImage\"},\"datePublished\":\"2014-01-23T13:54:58+01:00\",\"dateModified\":\"2014-01-23T13:54:58+01:00\"},{\"@type\":\"WebSite\",\"@id\":\"https:\\\/\\\/www.eldigitaldeasturias.com\\\/noticias\\\/#website\",\"url\":\"https:\\\/\\\/www.eldigitaldeasturias.com\\\/noticias\\\/\",\"name\":\"El Digital de Asturias - Diario de actualidad y noticias\",\"alternateName\":\"El Digital de Asturias - Diario de actualidad y noticias\",\"description\":\"Hemeroteca\",\"inLanguage\":\"es-ES\",\"publisher\":{\"@id\":\"https:\\\/\\\/www.eldigitaldeasturias.com\\\/noticias\\\/#organization\"}}]}\n\t\t<\/script>\n\t\t<!-- All in One SEO Pro -->\r\n\t\t<title>Sandro Rosell medita su marcha mientras la junta quiere que reflexione - El Digital de Asturias<\/title>\n\n","aioseo_head_json":{"title":"Sandro Rosell medita su marcha mientras la junta quiere que reflexione - El Digital de Asturias","description":"Barcelona, 23 ene (EFE).- El presidente del FC Barcelona, Sandro Rosell, estar\u00eda meditando su dimisi\u00f3n si resulta imputado en el 'caso Neymar', mientras la junta directiva, que posiblemente se reunir\u00e1 hoy, apuesta por que \"se imponga la serenidad\" y contin\u00fae su mandato hasta 2016, ha se\u00f1alado a EFE un miembro del consejo. Una informaci\u00f3n en","canonical_url":"https:\/\/www.eldigitaldeasturias.com\/noticias\/sandro-rosell-medita-su-marcha-mientras-la-junta-quiere-que-reflexione\/","robots":"max-image-preview:large","keywords":"actualidad","webmasterTools":{"google-site-verification":"UA-38556648-1","msvalidate.01":"7dfe9f3f1b24437ab69f4f2559babe99","miscellaneous":""},"schema":{"@context":"https:\/\/schema.org","@graph":[{"@type":"BlogPosting","@id":"https:\/\/www.eldigitaldeasturias.com\/noticias\/sandro-rosell-medita-su-marcha-mientras-la-junta-quiere-que-reflexione\/#blogposting","name":"Sandro Rosell medita su marcha mientras la junta quiere que reflexione - El Digital de Asturias","headline":"Sandro Rosell medita su marcha mientras la junta quiere que reflexione","author":{"@id":"https:\/\/www.eldigitaldeasturias.com\/noticias\/author\/admin\/#author"},"publisher":{"@id":"https:\/\/www.eldigitaldeasturias.com\/noticias\/#organization"},"image":{"@type":"ImageObject","url":"https:\/\/www.eldigitaldeasturias.com\/noticias\/wp-content\/uploads\/2026\/06\/Contenidos.jpg","width":1265,"height":697,"caption":"Contenidos"},"datePublished":"2014-01-23T13:54:58+01:00","dateModified":"2014-01-23T13:54:58+01:00","inLanguage":"es-ES","mainEntityOfPage":{"@id":"https:\/\/www.eldigitaldeasturias.com\/noticias\/sandro-rosell-medita-su-marcha-mientras-la-junta-quiere-que-reflexione\/#webpage"},"isPartOf":{"@id":"https:\/\/www.eldigitaldeasturias.com\/noticias\/sandro-rosell-medita-su-marcha-mientras-la-junta-quiere-que-reflexione\/#webpage"},"articleSection":"Actualidad"},{"@type":"BreadcrumbList","@id":"https:\/\/www.eldigitaldeasturias.com\/noticias\/sandro-rosell-medita-su-marcha-mientras-la-junta-quiere-que-reflexione\/#breadcrumblist","itemListElement":[{"@type":"ListItem","@id":"https:\/\/www.eldigitaldeasturias.com\/noticias#listItem","position":1,"name":"Home","item":"https:\/\/www.eldigitaldeasturias.com\/noticias","nextItem":{"@type":"ListItem","@id":"https:\/\/www.eldigitaldeasturias.com\/noticias\/category\/actualidad\/#listItem","name":"Actualidad"}},{"@type":"ListItem","@id":"https:\/\/www.eldigitaldeasturias.com\/noticias\/category\/actualidad\/#listItem","position":2,"name":"Actualidad","item":"https:\/\/www.eldigitaldeasturias.com\/noticias\/category\/actualidad\/","nextItem":{"@type":"ListItem","@id":"https:\/\/www.eldigitaldeasturias.com\/noticias\/sandro-rosell-medita-su-marcha-mientras-la-junta-quiere-que-reflexione\/#listItem","name":"Sandro Rosell medita su marcha mientras la junta quiere que reflexione"},"previousItem":{"@type":"ListItem","@id":"https:\/\/www.eldigitaldeasturias.com\/noticias#listItem","name":"Home"}},{"@type":"ListItem","@id":"https:\/\/www.eldigitaldeasturias.com\/noticias\/sandro-rosell-medita-su-marcha-mientras-la-junta-quiere-que-reflexione\/#listItem","position":3,"name":"Sandro Rosell medita su marcha mientras la junta quiere que reflexione","previousItem":{"@type":"ListItem","@id":"https:\/\/www.eldigitaldeasturias.com\/noticias\/category\/actualidad\/#listItem","name":"Actualidad"}}]},{"@type":"Organization","@id":"https:\/\/www.eldigitaldeasturias.com\/noticias\/#organization","name":"El Digital de Asturias","description":"Hemeroteca","url":"https:\/\/www.eldigitaldeasturias.com\/noticias\/","email":"info@eldigitaldeasturias.com","telephone":"+34652131393","logo":{"@type":"ImageObject","url":"https:\/\/www.eldigitaldeasturias.com\/noticias\/wp-content\/uploads\/2020\/12\/EDA.jpg","@id":"https:\/\/www.eldigitaldeasturias.com\/noticias\/sandro-rosell-medita-su-marcha-mientras-la-junta-quiere-que-reflexione\/#organizationLogo"},"image":{"@id":"https:\/\/www.eldigitaldeasturias.com\/noticias\/sandro-rosell-medita-su-marcha-mientras-la-junta-quiere-que-reflexione\/#organizationLogo"},"sameAs":["https:\/\/facebook.com\/eldigitaldeasturias","https:\/\/www.youtube.com\/channel\/UCZP-2wLEB9Rv6erhFmqVnvg"],"address":{"@id":"https:\/\/www.eldigitaldeasturias.com\/noticias\/#postaladdress","@type":"PostalAddress","streetAddress":"san antonio 4","postalCode":"33430","addressLocality":"Cand\u00e1s","addressRegion":"Asturias","addressCountry":"ES"}},{"@type":"Person","@id":"https:\/\/www.eldigitaldeasturias.com\/noticias\/author\/admin\/#author","url":"https:\/\/www.eldigitaldeasturias.com\/noticias\/author\/admin\/","name":"El Digital de Asturias","image":{"@type":"ImageObject","@id":"https:\/\/www.eldigitaldeasturias.com\/noticias\/sandro-rosell-medita-su-marcha-mientras-la-junta-quiere-que-reflexione\/#authorImage","url":"https:\/\/secure.gravatar.com\/avatar\/df2aeffc32bcd13f8d26072ef8a91b623d677766deac7f97ca815868cd41bf5e?s=96&d=mm&r=g","width":96,"height":96,"caption":"El Digital de Asturias"}},{"@type":"WebPage","@id":"https:\/\/www.eldigitaldeasturias.com\/noticias\/sandro-rosell-medita-su-marcha-mientras-la-junta-quiere-que-reflexione\/#webpage","url":"https:\/\/www.eldigitaldeasturias.com\/noticias\/sandro-rosell-medita-su-marcha-mientras-la-junta-quiere-que-reflexione\/","name":"Sandro Rosell medita su marcha mientras la junta quiere que reflexione - El Digital de Asturias","description":"Barcelona, 23 ene (EFE).- El presidente del FC Barcelona, Sandro Rosell, estar\u00eda meditando su dimisi\u00f3n si resulta imputado en el 'caso Neymar', mientras la junta directiva, que posiblemente se reunir\u00e1 hoy, apuesta por que \"se imponga la serenidad\" y contin\u00fae su mandato hasta 2016, ha se\u00f1alado a EFE un miembro del consejo. Una informaci\u00f3n en","inLanguage":"es-ES","isPartOf":{"@id":"https:\/\/www.eldigitaldeasturias.com\/noticias\/#website"},"breadcrumb":{"@id":"https:\/\/www.eldigitaldeasturias.com\/noticias\/sandro-rosell-medita-su-marcha-mientras-la-junta-quiere-que-reflexione\/#breadcrumblist"},"author":{"@id":"https:\/\/www.eldigitaldeasturias.com\/noticias\/author\/admin\/#author"},"creator":{"@id":"https:\/\/www.eldigitaldeasturias.com\/noticias\/author\/admin\/#author"},"image":{"@type":"ImageObject","url":"https:\/\/www.eldigitaldeasturias.com\/noticias\/wp-content\/uploads\/2026\/06\/Contenidos.jpg","@id":"https:\/\/www.eldigitaldeasturias.com\/noticias\/sandro-rosell-medita-su-marcha-mientras-la-junta-quiere-que-reflexione\/#mainImage","width":1265,"height":697,"caption":"Contenidos"},"primaryImageOfPage":{"@id":"https:\/\/www.eldigitaldeasturias.com\/noticias\/sandro-rosell-medita-su-marcha-mientras-la-junta-quiere-que-reflexione\/#mainImage"},"datePublished":"2014-01-23T13:54:58+01:00","dateModified":"2014-01-23T13:54:58+01:00"},{"@type":"WebSite","@id":"https:\/\/www.eldigitaldeasturias.com\/noticias\/#website","url":"https:\/\/www.eldigitaldeasturias.com\/noticias\/","name":"El Digital de Asturias - Diario de actualidad y noticias","alternateName":"El Digital de Asturias - Diario de actualidad y noticias","description":"Hemeroteca","inLanguage":"es-ES","publisher":{"@id":"https:\/\/www.eldigitaldeasturias.com\/noticias\/#organization"}}]},"og:locale":"es_ES","og:site_name":"El Digital de Asturias","og:type":"article","og:title":"Sandro Rosell medita su marcha mientras la junta quiere que reflexione - El Digital de Asturias","og:description":"Barcelona, 23 ene (EFE).- El presidente del FC Barcelona, Sandro Rosell, estar\u00eda meditando su dimisi\u00f3n si resulta imputado en el 'caso Neymar', mientras la junta directiva, que posiblemente se reunir\u00e1 hoy, apuesta por que &quot;se imponga la serenidad&quot; y contin\u00fae su mandato hasta 2016, ha se\u00f1alado a EFE un miembro del consejo. Una informaci\u00f3n en","og:url":"https:\/\/www.eldigitaldeasturias.com\/noticias\/sandro-rosell-medita-su-marcha-mientras-la-junta-quiere-que-reflexione\/","og:image":"https:\/\/www.eldigitaldeasturias.com\/noticias\/wp-content\/uploads\/2026\/06\/Contenidos.jpg","og:image:secure_url":"https:\/\/www.eldigitaldeasturias.com\/noticias\/wp-content\/uploads\/2026\/06\/Contenidos.jpg","og:image:width":1265,"og:image:height":697,"article:tag":["actualidad"],"article:published_time":"2014-01-23T14:54:58+00:00","article:modified_time":"2014-01-23T14:54:58+00:00","article:publisher":"https:\/\/facebook.com\/eldigitaldeasturias","twitter:card":"summary_large_image","twitter:title":"Sandro Rosell medita su marcha mientras la junta quiere que reflexione - El Digital de Asturias","twitter:description":"Barcelona, 23 ene (EFE).- El presidente del FC Barcelona, Sandro Rosell, estar\u00eda meditando su dimisi\u00f3n si resulta imputado en el 'caso Neymar', mientras la junta directiva, que posiblemente se reunir\u00e1 hoy, apuesta por que &quot;se imponga la serenidad&quot; y contin\u00fae su mandato hasta 2016, ha se\u00f1alado a EFE un miembro del consejo. Una informaci\u00f3n en","twitter:image":"https:\/\/www.eldigitaldeasturias.com\/noticias\/wp-content\/uploads\/2026\/06\/Contenidos.jpg","twitter:label1":"Escrito por","twitter:data1":"El Digital de Asturias","twitter:label2":"Tiempo de lectura estimado","twitter:data2":"2 minutos"},"aioseo_meta_data":{"post_id":"477429","title":null,"description":null,"keywords":null,"keyphrases":null,"primary_term":null,"canonical_url":null,"og_title":null,"og_description":null,"og_object_type":"default","og_image_type":"default","og_image_url":null,"og_image_width":null,"og_image_height":null,"og_image_custom_url":null,"og_image_custom_fields":null,"og_video":null,"og_custom_url":null,"og_article_section":null,"og_article_tags":null,"twitter_use_og":true,"twitter_card":"default","twitter_image_type":"default","twitter_image_url":null,"twitter_image_custom_url":null,"twitter_image_custom_fields":null,"twitter_title":null,"twitter_description":null,"schema":{"blockGraphs":[],"customGraphs":[],"default":{"data":{"Article":[],"Course":[],"Dataset":[],"FAQPage":[],"Movie":[],"Person":[],"Product":[],"ProductReview":[],"Car":[],"Recipe":[],"Service":[],"SoftwareApplication":[],"WebPage":[]},"graphName":"","isEnabled":true},"graphs":[],"defaultGraph":"","defaultPostTypeGraph":""},"schema_type":null,"schema_type_options":null,"pillar_content":false,"robots_default":true,"robots_noindex":false,"robots_noarchive":false,"robots_nosnippet":false,"robots_nofollow":false,"robots_noimageindex":false,"robots_noodp":false,"robots_notranslate":false,"robots_max_snippet":null,"robots_max_videopreview":null,"robots_max_imagepreview":"none","priority":null,"frequency":null,"local_seo":null,"seo_analyzer_scan_date":"2026-06-01 18:30:00","breadcrumb_settings":null,"limit_modified_date":false,"open_ai":null,"ai":null,"created":"2020-11-14 22:53:44","updated":"2026-06-01 18:30:00","focus_keyword":null,"additional_keywords":null,"truseo_locale":null},"aioseo_breadcrumb":"<div class=\"aioseo-breadcrumbs\"><span class=\"aioseo-breadcrumb\">\n\t<a href=\"https:\/\/www.eldigitaldeasturias.com\/noticias\" title=\"Home\">Home<\/a>\n<\/span><span class=\"aioseo-breadcrumb-separator\">\u2013<\/span><span class=\"aioseo-breadcrumb\">\n\t<a href=\"https:\/\/www.eldigitaldeasturias.com\/noticias\/category\/actualidad\/\" title=\"Actualidad\">Actualidad<\/a>\n<\/span><span class=\"aioseo-breadcrumb-separator\">\u2013<\/span><span class=\"aioseo-breadcrumb\">\n\t<a href=\"https:\/\/www.eldigitaldeasturias.com\/noticias\/sandro-rosell-medita-su-marcha-mientras-la-junta-quiere-que-reflexione\/\" title=\"Sandro Rosell medita su marcha mientras la junta quiere que reflexione\">Sandro Rosell medita su marcha mientras la junta quiere que reflexione<\/a>\n<\/span><\/div>","aioseo_breadcrumb_json":[{"label":"Home","link":"https:\/\/www.eldigitaldeasturias.com\/noticias"},{"label":"Actualidad","link":"https:\/\/www.eldigitaldeasturias.com\/noticias\/category\/actualidad\/"},{"label":"Sandro Rosell medita su marcha mientras la junta quiere que reflexione","link":"https:\/\/www.eldigitaldeasturias.com\/noticias\/sandro-rosell-medita-su-marcha-mientras-la-junta-quiere-que-reflexione\/"}],"_links":{"self":[{"href":"https:\/\/www.eldigitaldeasturias.com\/noticias\/wp-json\/wp\/v2\/posts\/477429","targetHints":{"allow":["GET"]}}],"collection":[{"href":"https:\/\/www.eldigitaldeasturias.com\/noticias\/wp-json\/wp\/v2\/posts"}],"about":[{"href":"https:\/\/www.eldigitaldeasturias.com\/noticias\/wp-json\/wp\/v2\/types\/post"}],"author":[{"embeddable":true,"href":"https:\/\/www.eldigitaldeasturias.com\/noticias\/wp-json\/wp\/v2\/users\/1"}],"replies":[{"embeddable":true,"href":"https:\/\/www.eldigitaldeasturias.com\/noticias\/wp-json\/wp\/v2\/comments?post=477429"}],"version-history":[{"count":0,"href":"https:\/\/www.eldigitaldeasturias.com\/noticias\/wp-json\/wp\/v2\/posts\/477429\/revisions"}],"wp:featuredmedia":[{"embeddable":true,"href":"https:\/\/www.eldigitaldeasturias.com\/noticias\/wp-json\/wp\/v2\/media\/1132184"}],"wp:attachment":[{"href":"https:\/\/www.eldigitaldeasturias.com\/noticias\/wp-json\/wp\/v2\/media?parent=477429"}],"wp:term":[{"taxonomy":"category","embeddable":true,"href":"https:\/\/www.eldigitaldeasturias.com\/noticias\/wp-json\/wp\/v2\/categories?post=477429"},{"taxonomy":"post_tag","embeddable":true,"href":"https:\/\/www.eldigitaldeasturias.com\/noticias\/wp-json\/wp\/v2\/tags?post=477429"}],"curies":[{"name":"wp","href":"https:\/\/api.w.org\/{rel}","templated":true}]}}