{"id":477420,"date":"2014-01-23T13:49:48","date_gmt":"2014-01-23T14:49:48","guid":{"rendered":"http:\/\/www.eldigitaldeasturias.com\/noticias\/?p=477420"},"modified":"2014-01-23T13:49:48","modified_gmt":"2014-01-23T14:49:48","slug":"el-laboral-kutxa-quiere-volver-a-ganar-ante-un-olympiacos-en-horas-bajas","status":"publish","type":"post","link":"https:\/\/www.eldigitaldeasturias.com\/noticias\/el-laboral-kutxa-quiere-volver-a-ganar-ante-un-olympiacos-en-horas-bajas\/","title":{"rendered":"El Laboral Kutxa quiere volver a ganar ante un Olympiacos en horas bajas"},"content":{"rendered":"<p><img loading=\"lazy\" decoding=\"async\" class=\"alignleft size-medium wp-image-477421\" alt=\"5869939w\" src=\"https:\/\/www.eldigitaldeasturias.com\/noticias\/wp-content\/uploads\/2014\/01\/5869939w-360x247.jpg\" width=\"360\" height=\"247\" \/>Vitoria, 23 ene (EFE).- El conjunto vitoriano Laboral Kutxa recibe ma\u00f1ana al Olympiacos griego en la cuarta jornada del Top 16, un partido en el que buscar\u00e1 cortar su reciente mala racha, con dos derrotas consecutivas en la Euroliga.<\/p>\n<p>El Buesa Arena abre sus puertas al que ha sido campe\u00f3n de las dos \u00faltimas ediciones del torneo continental, pero que no llega al coliseo vitoriano en su mejor momento.<\/p>\n<p>Vascos y griegos est\u00e1n igualados, con un triunfo y dos derrotas, y el encuentro es determinante para mantener al vencedor con aspiraciones de pelear por los cuatro primeros puestos.<\/p>\n<p>El Olympiacos, al igual que el Baskonia, ha perdido los dos \u00faltimos partidos ante Mil\u00e1n y Barcelona, y encaj\u00f3 un sonrojante batacazo en la visita a la pista italiana, al perder por 81-51.<\/p>\n<p>No le va mejor al conjunto de El Pireo en su torneo dom\u00e9stico ya que esta semana ha ca\u00eddo tambi\u00e9n con estr\u00e9pito ante su ac\u00e9rrimo rival Panathinaikos por un contundente 88-48.<\/p>\n<p>Adem\u00e1s el referente en el juego de los griegos, Vasilis Spanoulis, no est\u00e1 en su mejor momento y el equipo nota su baja forma, al igual que la ausencia por lesi\u00f3n de Acie Law.<\/p>\n<p>Sergio Scariolo contar\u00e1 con la duda de Fernando San Emeterio lastrado por un esguince de tobillo desde el domingo y que le ha impedido ejercitarse con normalidad.<\/p>\n","protected":false},"excerpt":{"rendered":"<p>Vitoria, 23 ene (EFE).- El conjunto vitoriano Laboral Kutxa recibe ma\u00f1ana al Olympiacos griego en la cuarta jornada del Top 16, un partido en el que buscar\u00e1 cortar su reciente mala racha, con dos derrotas consecutivas en la Euroliga. El Buesa Arena abre sus puertas al que ha sido campe\u00f3n de las dos \u00faltimas ediciones [&hellip;]<\/p>\n","protected":false},"author":1,"featured_media":1132184,"comment_status":"closed","ping_status":"open","sticky":false,"template":"","format":"standard","meta":{"footnotes":""},"categories":[1],"tags":[],"class_list":["post-477420","post","type-post","status-publish","format-standard","has-post-thumbnail","hentry","category-actualidad"],"aioseo_notices":[],"aioseo_head":"\n\t\t<!-- All in One SEO Pro 5.0.1 - aioseo.com -->\n\t<meta name=\"description\" content=\"Vitoria, 23 ene (EFE).- El conjunto vitoriano Laboral Kutxa recibe ma\u00f1ana al Olympiacos griego en la cuarta jornada del Top 16, un partido en el que buscar\u00e1 cortar su reciente mala racha, con dos derrotas consecutivas en la Euroliga. El Buesa Arena abre sus puertas al que ha sido campe\u00f3n de las dos \u00faltimas ediciones\" \/>\n\t<meta name=\"robots\" content=\"max-image-preview:large\" \/>\n\t<meta name=\"author\" content=\"El Digital de Asturias\"\/>\n\t<meta name=\"google-site-verification\" content=\"UA-38556648-1\" \/>\n\t<meta name=\"msvalidate.01\" content=\"7dfe9f3f1b24437ab69f4f2559babe99\" \/>\n\t<meta name=\"keywords\" content=\"actualidad\" \/>\n\t<link rel=\"canonical\" href=\"https:\/\/www.eldigitaldeasturias.com\/noticias\/el-laboral-kutxa-quiere-volver-a-ganar-ante-un-olympiacos-en-horas-bajas\/\" \/>\n\t<meta name=\"generator\" content=\"All in One SEO Pro (AIOSEO) 5.0.1\" \/>\n\t\t<meta property=\"og:locale\" content=\"es_ES\" \/>\n\t\t<meta property=\"og:site_name\" content=\"El Digital de Asturias\" \/>\n\t\t<meta property=\"og:type\" content=\"article\" \/>\n\t\t<meta property=\"og:title\" content=\"El Laboral Kutxa quiere volver a ganar ante un Olympiacos en horas bajas - El Digital de Asturias\" \/>\n\t\t<meta property=\"og:description\" content=\"Vitoria, 23 ene (EFE).- El conjunto vitoriano Laboral Kutxa recibe ma\u00f1ana al Olympiacos griego en la cuarta jornada del Top 16, un partido en el que buscar\u00e1 cortar su reciente mala racha, con dos derrotas consecutivas en la Euroliga. El Buesa Arena abre sus puertas al que ha sido campe\u00f3n de las dos \u00faltimas ediciones\" \/>\n\t\t<meta property=\"og:url\" content=\"https:\/\/www.eldigitaldeasturias.com\/noticias\/el-laboral-kutxa-quiere-volver-a-ganar-ante-un-olympiacos-en-horas-bajas\/\" \/>\n\t\t<meta property=\"og:image\" content=\"https:\/\/www.eldigitaldeasturias.com\/noticias\/wp-content\/uploads\/2026\/06\/Contenidos.jpg\" \/>\n\t\t<meta property=\"og:image:secure_url\" content=\"https:\/\/www.eldigitaldeasturias.com\/noticias\/wp-content\/uploads\/2026\/06\/Contenidos.jpg\" \/>\n\t\t<meta property=\"og:image:width\" content=\"1265\" \/>\n\t\t<meta property=\"og:image:height\" content=\"697\" \/>\n\t\t<meta property=\"article:tag\" content=\"actualidad\" \/>\n\t\t<meta property=\"article:published_time\" content=\"2014-01-23T14:49:48+00:00\" \/>\n\t\t<meta property=\"article:modified_time\" content=\"2014-01-23T14:49:48+00:00\" \/>\n\t\t<meta property=\"article:publisher\" content=\"https:\/\/facebook.com\/eldigitaldeasturias\" \/>\n\t\t<meta name=\"twitter:card\" content=\"summary_large_image\" \/>\n\t\t<meta name=\"twitter:title\" content=\"El Laboral Kutxa quiere volver a ganar ante un Olympiacos en horas bajas - El Digital de Asturias\" \/>\n\t\t<meta name=\"twitter:description\" content=\"Vitoria, 23 ene (EFE).- El conjunto vitoriano Laboral Kutxa recibe ma\u00f1ana al Olympiacos griego en la cuarta jornada del Top 16, un partido en el que buscar\u00e1 cortar su reciente mala racha, con dos derrotas consecutivas en la Euroliga. El Buesa Arena abre sus puertas al que ha sido campe\u00f3n de las dos \u00faltimas ediciones\" \/>\n\t\t<meta name=\"twitter:image\" content=\"https:\/\/www.eldigitaldeasturias.com\/noticias\/wp-content\/uploads\/2026\/06\/Contenidos.jpg\" \/>\n\t\t<meta name=\"twitter:label1\" content=\"Escrito por\" \/>\n\t\t<meta name=\"twitter:data1\" content=\"El Digital de Asturias\" \/>\n\t\t<meta name=\"twitter:label2\" content=\"Tiempo de lectura estimado\" \/>\n\t\t<meta name=\"twitter:data2\" content=\"1 minuto\" \/>\n\t\t<script type=\"application\/ld+json\" class=\"aioseo-schema\">\n\t\t\t{\"@context\":\"https:\\\/\\\/schema.org\",\"@graph\":[{\"@type\":\"BlogPosting\",\"@id\":\"https:\\\/\\\/www.eldigitaldeasturias.com\\\/noticias\\\/el-laboral-kutxa-quiere-volver-a-ganar-ante-un-olympiacos-en-horas-bajas\\\/#blogposting\",\"name\":\"El Laboral Kutxa quiere volver a ganar ante un Olympiacos en horas bajas - El Digital de Asturias\",\"headline\":\"El Laboral Kutxa quiere volver a ganar ante un Olympiacos en horas bajas\",\"author\":{\"@id\":\"https:\\\/\\\/www.eldigitaldeasturias.com\\\/noticias\\\/author\\\/admin\\\/#author\"},\"publisher\":{\"@id\":\"https:\\\/\\\/www.eldigitaldeasturias.com\\\/noticias\\\/#organization\"},\"image\":{\"@type\":\"ImageObject\",\"url\":\"https:\\\/\\\/www.eldigitaldeasturias.com\\\/noticias\\\/wp-content\\\/uploads\\\/2026\\\/06\\\/Contenidos.jpg\",\"width\":1265,\"height\":697,\"caption\":\"Contenidos\"},\"datePublished\":\"2014-01-23T13:49:48+01:00\",\"dateModified\":\"2014-01-23T13:49:48+01:00\",\"inLanguage\":\"es-ES\",\"mainEntityOfPage\":{\"@id\":\"https:\\\/\\\/www.eldigitaldeasturias.com\\\/noticias\\\/el-laboral-kutxa-quiere-volver-a-ganar-ante-un-olympiacos-en-horas-bajas\\\/#webpage\"},\"isPartOf\":{\"@id\":\"https:\\\/\\\/www.eldigitaldeasturias.com\\\/noticias\\\/el-laboral-kutxa-quiere-volver-a-ganar-ante-un-olympiacos-en-horas-bajas\\\/#webpage\"},\"articleSection\":\"Actualidad\"},{\"@type\":\"BreadcrumbList\",\"@id\":\"https:\\\/\\\/www.eldigitaldeasturias.com\\\/noticias\\\/el-laboral-kutxa-quiere-volver-a-ganar-ante-un-olympiacos-en-horas-bajas\\\/#breadcrumblist\",\"itemListElement\":[{\"@type\":\"ListItem\",\"@id\":\"https:\\\/\\\/www.eldigitaldeasturias.com\\\/noticias#listItem\",\"position\":1,\"name\":\"Home\",\"item\":\"https:\\\/\\\/www.eldigitaldeasturias.com\\\/noticias\",\"nextItem\":{\"@type\":\"ListItem\",\"@id\":\"https:\\\/\\\/www.eldigitaldeasturias.com\\\/noticias\\\/category\\\/actualidad\\\/#listItem\",\"name\":\"Actualidad\"}},{\"@type\":\"ListItem\",\"@id\":\"https:\\\/\\\/www.eldigitaldeasturias.com\\\/noticias\\\/category\\\/actualidad\\\/#listItem\",\"position\":2,\"name\":\"Actualidad\",\"item\":\"https:\\\/\\\/www.eldigitaldeasturias.com\\\/noticias\\\/category\\\/actualidad\\\/\",\"nextItem\":{\"@type\":\"ListItem\",\"@id\":\"https:\\\/\\\/www.eldigitaldeasturias.com\\\/noticias\\\/el-laboral-kutxa-quiere-volver-a-ganar-ante-un-olympiacos-en-horas-bajas\\\/#listItem\",\"name\":\"El Laboral Kutxa quiere volver a ganar ante un Olympiacos en horas bajas\"},\"previousItem\":{\"@type\":\"ListItem\",\"@id\":\"https:\\\/\\\/www.eldigitaldeasturias.com\\\/noticias#listItem\",\"name\":\"Home\"}},{\"@type\":\"ListItem\",\"@id\":\"https:\\\/\\\/www.eldigitaldeasturias.com\\\/noticias\\\/el-laboral-kutxa-quiere-volver-a-ganar-ante-un-olympiacos-en-horas-bajas\\\/#listItem\",\"position\":3,\"name\":\"El Laboral Kutxa quiere volver a ganar ante un Olympiacos en horas bajas\",\"previousItem\":{\"@type\":\"ListItem\",\"@id\":\"https:\\\/\\\/www.eldigitaldeasturias.com\\\/noticias\\\/category\\\/actualidad\\\/#listItem\",\"name\":\"Actualidad\"}}]},{\"@type\":\"Organization\",\"@id\":\"https:\\\/\\\/www.eldigitaldeasturias.com\\\/noticias\\\/#organization\",\"name\":\"El Digital de Asturias\",\"description\":\"Hemeroteca\",\"url\":\"https:\\\/\\\/www.eldigitaldeasturias.com\\\/noticias\\\/\",\"email\":\"info@eldigitaldeasturias.com\",\"telephone\":\"+34652131393\",\"logo\":{\"@type\":\"ImageObject\",\"url\":\"https:\\\/\\\/www.eldigitaldeasturias.com\\\/noticias\\\/wp-content\\\/uploads\\\/2020\\\/12\\\/EDA.jpg\",\"@id\":\"https:\\\/\\\/www.eldigitaldeasturias.com\\\/noticias\\\/el-laboral-kutxa-quiere-volver-a-ganar-ante-un-olympiacos-en-horas-bajas\\\/#organizationLogo\"},\"image\":{\"@id\":\"https:\\\/\\\/www.eldigitaldeasturias.com\\\/noticias\\\/el-laboral-kutxa-quiere-volver-a-ganar-ante-un-olympiacos-en-horas-bajas\\\/#organizationLogo\"},\"sameAs\":[\"https:\\\/\\\/facebook.com\\\/eldigitaldeasturias\",\"https:\\\/\\\/www.youtube.com\\\/channel\\\/UCZP-2wLEB9Rv6erhFmqVnvg\"],\"address\":{\"@id\":\"https:\\\/\\\/www.eldigitaldeasturias.com\\\/noticias\\\/#postaladdress\",\"@type\":\"PostalAddress\",\"streetAddress\":\"san antonio 4\",\"postalCode\":\"33430\",\"addressLocality\":\"Cand\\u00e1s\",\"addressRegion\":\"Asturias\",\"addressCountry\":\"ES\"}},{\"@type\":\"Person\",\"@id\":\"https:\\\/\\\/www.eldigitaldeasturias.com\\\/noticias\\\/author\\\/admin\\\/#author\",\"url\":\"https:\\\/\\\/www.eldigitaldeasturias.com\\\/noticias\\\/author\\\/admin\\\/\",\"name\":\"El Digital de Asturias\",\"image\":{\"@type\":\"ImageObject\",\"@id\":\"https:\\\/\\\/www.eldigitaldeasturias.com\\\/noticias\\\/el-laboral-kutxa-quiere-volver-a-ganar-ante-un-olympiacos-en-horas-bajas\\\/#authorImage\",\"url\":\"https:\\\/\\\/secure.gravatar.com\\\/avatar\\\/df2aeffc32bcd13f8d26072ef8a91b623d677766deac7f97ca815868cd41bf5e?s=96&d=mm&r=g\",\"width\":96,\"height\":96,\"caption\":\"El Digital de Asturias\"}},{\"@type\":\"WebPage\",\"@id\":\"https:\\\/\\\/www.eldigitaldeasturias.com\\\/noticias\\\/el-laboral-kutxa-quiere-volver-a-ganar-ante-un-olympiacos-en-horas-bajas\\\/#webpage\",\"url\":\"https:\\\/\\\/www.eldigitaldeasturias.com\\\/noticias\\\/el-laboral-kutxa-quiere-volver-a-ganar-ante-un-olympiacos-en-horas-bajas\\\/\",\"name\":\"El Laboral Kutxa quiere volver a ganar ante un Olympiacos en horas bajas - El Digital de Asturias\",\"description\":\"Vitoria, 23 ene (EFE).- El conjunto vitoriano Laboral Kutxa recibe ma\\u00f1ana al Olympiacos griego en la cuarta jornada del Top 16, un partido en el que buscar\\u00e1 cortar su reciente mala racha, con dos derrotas consecutivas en la Euroliga. El Buesa Arena abre sus puertas al que ha sido campe\\u00f3n de las dos \\u00faltimas ediciones\",\"inLanguage\":\"es-ES\",\"isPartOf\":{\"@id\":\"https:\\\/\\\/www.eldigitaldeasturias.com\\\/noticias\\\/#website\"},\"breadcrumb\":{\"@id\":\"https:\\\/\\\/www.eldigitaldeasturias.com\\\/noticias\\\/el-laboral-kutxa-quiere-volver-a-ganar-ante-un-olympiacos-en-horas-bajas\\\/#breadcrumblist\"},\"author\":{\"@id\":\"https:\\\/\\\/www.eldigitaldeasturias.com\\\/noticias\\\/author\\\/admin\\\/#author\"},\"creator\":{\"@id\":\"https:\\\/\\\/www.eldigitaldeasturias.com\\\/noticias\\\/author\\\/admin\\\/#author\"},\"image\":{\"@type\":\"ImageObject\",\"url\":\"https:\\\/\\\/www.eldigitaldeasturias.com\\\/noticias\\\/wp-content\\\/uploads\\\/2026\\\/06\\\/Contenidos.jpg\",\"@id\":\"https:\\\/\\\/www.eldigitaldeasturias.com\\\/noticias\\\/el-laboral-kutxa-quiere-volver-a-ganar-ante-un-olympiacos-en-horas-bajas\\\/#mainImage\",\"width\":1265,\"height\":697,\"caption\":\"Contenidos\"},\"primaryImageOfPage\":{\"@id\":\"https:\\\/\\\/www.eldigitaldeasturias.com\\\/noticias\\\/el-laboral-kutxa-quiere-volver-a-ganar-ante-un-olympiacos-en-horas-bajas\\\/#mainImage\"},\"datePublished\":\"2014-01-23T13:49:48+01:00\",\"dateModified\":\"2014-01-23T13:49:48+01:00\"},{\"@type\":\"WebSite\",\"@id\":\"https:\\\/\\\/www.eldigitaldeasturias.com\\\/noticias\\\/#website\",\"url\":\"https:\\\/\\\/www.eldigitaldeasturias.com\\\/noticias\\\/\",\"name\":\"El Digital de Asturias - Diario de actualidad y noticias\",\"alternateName\":\"El Digital de Asturias - Diario de actualidad y noticias\",\"description\":\"Hemeroteca\",\"inLanguage\":\"es-ES\",\"publisher\":{\"@id\":\"https:\\\/\\\/www.eldigitaldeasturias.com\\\/noticias\\\/#organization\"}}]}\n\t\t<\/script>\n\t\t<!-- All in One SEO Pro -->\r\n\t\t<title>El Laboral Kutxa quiere volver a ganar ante un Olympiacos en horas bajas - El Digital de Asturias<\/title>\n\n","aioseo_head_json":{"title":"El Laboral Kutxa quiere volver a ganar ante un Olympiacos en horas bajas - El Digital de Asturias","description":"Vitoria, 23 ene (EFE).- El conjunto vitoriano Laboral Kutxa recibe ma\u00f1ana al Olympiacos griego en la cuarta jornada del Top 16, un partido en el que buscar\u00e1 cortar su reciente mala racha, con dos derrotas consecutivas en la Euroliga. El Buesa Arena abre sus puertas al que ha sido campe\u00f3n de las dos \u00faltimas ediciones","canonical_url":"https:\/\/www.eldigitaldeasturias.com\/noticias\/el-laboral-kutxa-quiere-volver-a-ganar-ante-un-olympiacos-en-horas-bajas\/","robots":"max-image-preview:large","keywords":"actualidad","webmasterTools":{"google-site-verification":"UA-38556648-1","msvalidate.01":"7dfe9f3f1b24437ab69f4f2559babe99","miscellaneous":""},"schema":{"@context":"https:\/\/schema.org","@graph":[{"@type":"BlogPosting","@id":"https:\/\/www.eldigitaldeasturias.com\/noticias\/el-laboral-kutxa-quiere-volver-a-ganar-ante-un-olympiacos-en-horas-bajas\/#blogposting","name":"El Laboral Kutxa quiere volver a ganar ante un Olympiacos en horas bajas - El Digital de Asturias","headline":"El Laboral Kutxa quiere volver a ganar ante un Olympiacos en horas bajas","author":{"@id":"https:\/\/www.eldigitaldeasturias.com\/noticias\/author\/admin\/#author"},"publisher":{"@id":"https:\/\/www.eldigitaldeasturias.com\/noticias\/#organization"},"image":{"@type":"ImageObject","url":"https:\/\/www.eldigitaldeasturias.com\/noticias\/wp-content\/uploads\/2026\/06\/Contenidos.jpg","width":1265,"height":697,"caption":"Contenidos"},"datePublished":"2014-01-23T13:49:48+01:00","dateModified":"2014-01-23T13:49:48+01:00","inLanguage":"es-ES","mainEntityOfPage":{"@id":"https:\/\/www.eldigitaldeasturias.com\/noticias\/el-laboral-kutxa-quiere-volver-a-ganar-ante-un-olympiacos-en-horas-bajas\/#webpage"},"isPartOf":{"@id":"https:\/\/www.eldigitaldeasturias.com\/noticias\/el-laboral-kutxa-quiere-volver-a-ganar-ante-un-olympiacos-en-horas-bajas\/#webpage"},"articleSection":"Actualidad"},{"@type":"BreadcrumbList","@id":"https:\/\/www.eldigitaldeasturias.com\/noticias\/el-laboral-kutxa-quiere-volver-a-ganar-ante-un-olympiacos-en-horas-bajas\/#breadcrumblist","itemListElement":[{"@type":"ListItem","@id":"https:\/\/www.eldigitaldeasturias.com\/noticias#listItem","position":1,"name":"Home","item":"https:\/\/www.eldigitaldeasturias.com\/noticias","nextItem":{"@type":"ListItem","@id":"https:\/\/www.eldigitaldeasturias.com\/noticias\/category\/actualidad\/#listItem","name":"Actualidad"}},{"@type":"ListItem","@id":"https:\/\/www.eldigitaldeasturias.com\/noticias\/category\/actualidad\/#listItem","position":2,"name":"Actualidad","item":"https:\/\/www.eldigitaldeasturias.com\/noticias\/category\/actualidad\/","nextItem":{"@type":"ListItem","@id":"https:\/\/www.eldigitaldeasturias.com\/noticias\/el-laboral-kutxa-quiere-volver-a-ganar-ante-un-olympiacos-en-horas-bajas\/#listItem","name":"El Laboral Kutxa quiere volver a ganar ante un Olympiacos en horas bajas"},"previousItem":{"@type":"ListItem","@id":"https:\/\/www.eldigitaldeasturias.com\/noticias#listItem","name":"Home"}},{"@type":"ListItem","@id":"https:\/\/www.eldigitaldeasturias.com\/noticias\/el-laboral-kutxa-quiere-volver-a-ganar-ante-un-olympiacos-en-horas-bajas\/#listItem","position":3,"name":"El Laboral Kutxa quiere volver a ganar ante un Olympiacos en horas bajas","previousItem":{"@type":"ListItem","@id":"https:\/\/www.eldigitaldeasturias.com\/noticias\/category\/actualidad\/#listItem","name":"Actualidad"}}]},{"@type":"Organization","@id":"https:\/\/www.eldigitaldeasturias.com\/noticias\/#organization","name":"El Digital de Asturias","description":"Hemeroteca","url":"https:\/\/www.eldigitaldeasturias.com\/noticias\/","email":"info@eldigitaldeasturias.com","telephone":"+34652131393","logo":{"@type":"ImageObject","url":"https:\/\/www.eldigitaldeasturias.com\/noticias\/wp-content\/uploads\/2020\/12\/EDA.jpg","@id":"https:\/\/www.eldigitaldeasturias.com\/noticias\/el-laboral-kutxa-quiere-volver-a-ganar-ante-un-olympiacos-en-horas-bajas\/#organizationLogo"},"image":{"@id":"https:\/\/www.eldigitaldeasturias.com\/noticias\/el-laboral-kutxa-quiere-volver-a-ganar-ante-un-olympiacos-en-horas-bajas\/#organizationLogo"},"sameAs":["https:\/\/facebook.com\/eldigitaldeasturias","https:\/\/www.youtube.com\/channel\/UCZP-2wLEB9Rv6erhFmqVnvg"],"address":{"@id":"https:\/\/www.eldigitaldeasturias.com\/noticias\/#postaladdress","@type":"PostalAddress","streetAddress":"san antonio 4","postalCode":"33430","addressLocality":"Cand\u00e1s","addressRegion":"Asturias","addressCountry":"ES"}},{"@type":"Person","@id":"https:\/\/www.eldigitaldeasturias.com\/noticias\/author\/admin\/#author","url":"https:\/\/www.eldigitaldeasturias.com\/noticias\/author\/admin\/","name":"El Digital de Asturias","image":{"@type":"ImageObject","@id":"https:\/\/www.eldigitaldeasturias.com\/noticias\/el-laboral-kutxa-quiere-volver-a-ganar-ante-un-olympiacos-en-horas-bajas\/#authorImage","url":"https:\/\/secure.gravatar.com\/avatar\/df2aeffc32bcd13f8d26072ef8a91b623d677766deac7f97ca815868cd41bf5e?s=96&d=mm&r=g","width":96,"height":96,"caption":"El Digital de Asturias"}},{"@type":"WebPage","@id":"https:\/\/www.eldigitaldeasturias.com\/noticias\/el-laboral-kutxa-quiere-volver-a-ganar-ante-un-olympiacos-en-horas-bajas\/#webpage","url":"https:\/\/www.eldigitaldeasturias.com\/noticias\/el-laboral-kutxa-quiere-volver-a-ganar-ante-un-olympiacos-en-horas-bajas\/","name":"El Laboral Kutxa quiere volver a ganar ante un Olympiacos en horas bajas - El Digital de Asturias","description":"Vitoria, 23 ene (EFE).- El conjunto vitoriano Laboral Kutxa recibe ma\u00f1ana al Olympiacos griego en la cuarta jornada del Top 16, un partido en el que buscar\u00e1 cortar su reciente mala racha, con dos derrotas consecutivas en la Euroliga. El Buesa Arena abre sus puertas al que ha sido campe\u00f3n de las dos \u00faltimas ediciones","inLanguage":"es-ES","isPartOf":{"@id":"https:\/\/www.eldigitaldeasturias.com\/noticias\/#website"},"breadcrumb":{"@id":"https:\/\/www.eldigitaldeasturias.com\/noticias\/el-laboral-kutxa-quiere-volver-a-ganar-ante-un-olympiacos-en-horas-bajas\/#breadcrumblist"},"author":{"@id":"https:\/\/www.eldigitaldeasturias.com\/noticias\/author\/admin\/#author"},"creator":{"@id":"https:\/\/www.eldigitaldeasturias.com\/noticias\/author\/admin\/#author"},"image":{"@type":"ImageObject","url":"https:\/\/www.eldigitaldeasturias.com\/noticias\/wp-content\/uploads\/2026\/06\/Contenidos.jpg","@id":"https:\/\/www.eldigitaldeasturias.com\/noticias\/el-laboral-kutxa-quiere-volver-a-ganar-ante-un-olympiacos-en-horas-bajas\/#mainImage","width":1265,"height":697,"caption":"Contenidos"},"primaryImageOfPage":{"@id":"https:\/\/www.eldigitaldeasturias.com\/noticias\/el-laboral-kutxa-quiere-volver-a-ganar-ante-un-olympiacos-en-horas-bajas\/#mainImage"},"datePublished":"2014-01-23T13:49:48+01:00","dateModified":"2014-01-23T13:49:48+01:00"},{"@type":"WebSite","@id":"https:\/\/www.eldigitaldeasturias.com\/noticias\/#website","url":"https:\/\/www.eldigitaldeasturias.com\/noticias\/","name":"El Digital de Asturias - Diario de actualidad y noticias","alternateName":"El Digital de Asturias - Diario de actualidad y noticias","description":"Hemeroteca","inLanguage":"es-ES","publisher":{"@id":"https:\/\/www.eldigitaldeasturias.com\/noticias\/#organization"}}]},"og:locale":"es_ES","og:site_name":"El Digital de Asturias","og:type":"article","og:title":"El Laboral Kutxa quiere volver a ganar ante un Olympiacos en horas bajas - El Digital de Asturias","og:description":"Vitoria, 23 ene (EFE).- El conjunto vitoriano Laboral Kutxa recibe ma\u00f1ana al Olympiacos griego en la cuarta jornada del Top 16, un partido en el que buscar\u00e1 cortar su reciente mala racha, con dos derrotas consecutivas en la Euroliga. El Buesa Arena abre sus puertas al que ha sido campe\u00f3n de las dos \u00faltimas ediciones","og:url":"https:\/\/www.eldigitaldeasturias.com\/noticias\/el-laboral-kutxa-quiere-volver-a-ganar-ante-un-olympiacos-en-horas-bajas\/","og:image":"https:\/\/www.eldigitaldeasturias.com\/noticias\/wp-content\/uploads\/2026\/06\/Contenidos.jpg","og:image:secure_url":"https:\/\/www.eldigitaldeasturias.com\/noticias\/wp-content\/uploads\/2026\/06\/Contenidos.jpg","og:image:width":1265,"og:image:height":697,"article:tag":["actualidad"],"article:published_time":"2014-01-23T14:49:48+00:00","article:modified_time":"2014-01-23T14:49:48+00:00","article:publisher":"https:\/\/facebook.com\/eldigitaldeasturias","twitter:card":"summary_large_image","twitter:title":"El Laboral Kutxa quiere volver a ganar ante un Olympiacos en horas bajas - El Digital de Asturias","twitter:description":"Vitoria, 23 ene (EFE).- El conjunto vitoriano Laboral Kutxa recibe ma\u00f1ana al Olympiacos griego en la cuarta jornada del Top 16, un partido en el que buscar\u00e1 cortar su reciente mala racha, con dos derrotas consecutivas en la Euroliga. El Buesa Arena abre sus puertas al que ha sido campe\u00f3n de las dos \u00faltimas ediciones","twitter:image":"https:\/\/www.eldigitaldeasturias.com\/noticias\/wp-content\/uploads\/2026\/06\/Contenidos.jpg","twitter:label1":"Escrito por","twitter:data1":"El Digital de Asturias","twitter:label2":"Tiempo de lectura estimado","twitter:data2":"1 minuto"},"aioseo_meta_data":{"post_id":"477420","title":null,"description":null,"keywords":null,"keyphrases":null,"primary_term":null,"canonical_url":null,"og_title":null,"og_description":null,"og_object_type":"default","og_image_type":"default","og_image_url":null,"og_image_width":null,"og_image_height":null,"og_image_custom_url":null,"og_image_custom_fields":null,"og_video":null,"og_custom_url":null,"og_article_section":null,"og_article_tags":null,"twitter_use_og":true,"twitter_card":"default","twitter_image_type":"default","twitter_image_url":null,"twitter_image_custom_url":null,"twitter_image_custom_fields":null,"twitter_title":null,"twitter_description":null,"schema":{"blockGraphs":[],"customGraphs":[],"default":{"data":{"Article":[],"Course":[],"Dataset":[],"FAQPage":[],"Movie":[],"Person":[],"Product":[],"ProductReview":[],"Car":[],"Recipe":[],"Service":[],"SoftwareApplication":[],"WebPage":[]},"graphName":"","isEnabled":true},"graphs":[],"defaultGraph":"","defaultPostTypeGraph":""},"schema_type":null,"schema_type_options":null,"pillar_content":false,"robots_default":true,"robots_noindex":false,"robots_noarchive":false,"robots_nosnippet":false,"robots_nofollow":false,"robots_noimageindex":false,"robots_noodp":false,"robots_notranslate":false,"robots_max_snippet":null,"robots_max_videopreview":null,"robots_max_imagepreview":"none","priority":null,"frequency":null,"local_seo":null,"seo_analyzer_scan_date":"2026-06-01 18:29:58","breadcrumb_settings":null,"limit_modified_date":false,"open_ai":null,"ai":null,"created":"2020-11-14 22:53:44","updated":"2026-06-01 18:29:58","focus_keyword":null,"additional_keywords":null,"truseo_locale":null},"aioseo_breadcrumb":"<div class=\"aioseo-breadcrumbs\"><span class=\"aioseo-breadcrumb\">\n\t<a href=\"https:\/\/www.eldigitaldeasturias.com\/noticias\" title=\"Home\">Home<\/a>\n<\/span><span class=\"aioseo-breadcrumb-separator\">\u2013<\/span><span class=\"aioseo-breadcrumb\">\n\t<a href=\"https:\/\/www.eldigitaldeasturias.com\/noticias\/category\/actualidad\/\" title=\"Actualidad\">Actualidad<\/a>\n<\/span><span class=\"aioseo-breadcrumb-separator\">\u2013<\/span><span class=\"aioseo-breadcrumb\">\n\t<a href=\"https:\/\/www.eldigitaldeasturias.com\/noticias\/el-laboral-kutxa-quiere-volver-a-ganar-ante-un-olympiacos-en-horas-bajas\/\" title=\"El Laboral Kutxa quiere volver a ganar ante un Olympiacos en horas bajas\">El Laboral Kutxa quiere volver a ganar ante un Olympiacos en horas bajas<\/a>\n<\/span><\/div>","aioseo_breadcrumb_json":[{"label":"Home","link":"https:\/\/www.eldigitaldeasturias.com\/noticias"},{"label":"Actualidad","link":"https:\/\/www.eldigitaldeasturias.com\/noticias\/category\/actualidad\/"},{"label":"El Laboral Kutxa quiere volver a ganar ante un Olympiacos en horas bajas","link":"https:\/\/www.eldigitaldeasturias.com\/noticias\/el-laboral-kutxa-quiere-volver-a-ganar-ante-un-olympiacos-en-horas-bajas\/"}],"_links":{"self":[{"href":"https:\/\/www.eldigitaldeasturias.com\/noticias\/wp-json\/wp\/v2\/posts\/477420","targetHints":{"allow":["GET"]}}],"collection":[{"href":"https:\/\/www.eldigitaldeasturias.com\/noticias\/wp-json\/wp\/v2\/posts"}],"about":[{"href":"https:\/\/www.eldigitaldeasturias.com\/noticias\/wp-json\/wp\/v2\/types\/post"}],"author":[{"embeddable":true,"href":"https:\/\/www.eldigitaldeasturias.com\/noticias\/wp-json\/wp\/v2\/users\/1"}],"replies":[{"embeddable":true,"href":"https:\/\/www.eldigitaldeasturias.com\/noticias\/wp-json\/wp\/v2\/comments?post=477420"}],"version-history":[{"count":0,"href":"https:\/\/www.eldigitaldeasturias.com\/noticias\/wp-json\/wp\/v2\/posts\/477420\/revisions"}],"wp:featuredmedia":[{"embeddable":true,"href":"https:\/\/www.eldigitaldeasturias.com\/noticias\/wp-json\/wp\/v2\/media\/1132184"}],"wp:attachment":[{"href":"https:\/\/www.eldigitaldeasturias.com\/noticias\/wp-json\/wp\/v2\/media?parent=477420"}],"wp:term":[{"taxonomy":"category","embeddable":true,"href":"https:\/\/www.eldigitaldeasturias.com\/noticias\/wp-json\/wp\/v2\/categories?post=477420"},{"taxonomy":"post_tag","embeddable":true,"href":"https:\/\/www.eldigitaldeasturias.com\/noticias\/wp-json\/wp\/v2\/tags?post=477420"}],"curies":[{"name":"wp","href":"https:\/\/api.w.org\/{rel}","templated":true}]}}