{"id":477414,"date":"2014-01-23T13:45:47","date_gmt":"2014-01-23T14:45:47","guid":{"rendered":"http:\/\/www.eldigitaldeasturias.com\/noticias\/?p=477414"},"modified":"2014-01-23T13:45:47","modified_gmt":"2014-01-23T14:45:47","slug":"nadal-ante-la-raqueta-misteriosa-de-federer","status":"publish","type":"post","link":"https:\/\/www.eldigitaldeasturias.com\/noticias\/nadal-ante-la-raqueta-misteriosa-de-federer\/","title":{"rendered":"Nadal ante la raqueta misteriosa de Federer"},"content":{"rendered":"<p><img loading=\"lazy\" decoding=\"async\" class=\"alignleft size-medium wp-image-477415\" alt=\"nadal1\" src=\"https:\/\/www.eldigitaldeasturias.com\/noticias\/wp-content\/uploads\/2014\/01\/nadal1-360x264.jpg\" width=\"360\" height=\"264\" \/>Melbourne (Australia), 23 ene (EFE).- El espa\u00f1ol Rafael Nadal se dispone ma\u00f1ana a realizar un ejercicio al que pocas veces se ha enfrentado, eludir el miedo a que su raqueta salga volando al enfrentarse con Roger Federer en una de las semifinales del Abierto de Australia, donde el suizo quiere demostrar los poderes de su m\u00e1gica y misteriosa raqueta.<\/p>\n<p>Del nuevo arma de Federer se sabe poco, tan solo que tiene 22 cent\u00edmetros de marco m\u00e1s que la anterior, pero su composici\u00f3n y distribuci\u00f3n de peso es un misterio celosamente guardado por todo su equipo y en especial por Toni Godsick, socio y representante del jugador.<\/p>\n<p>\u00abEst\u00e1 compuesta por un nuevo material y es una nueva tecnolog\u00eda y las cuerdas permiten m\u00e1s control\u00bb, fue lo \u00fanico que Godsick contest\u00f3 a Efe en una peque\u00f1a conversaci\u00f3n. \u00abTodo lo dem\u00e1s, peso, kilos de tensi\u00f3n en el cordaje es secreto, no estoy autorizado a contarlo\u00bb, a\u00f1adi\u00f3 Godsick que fue agente tambi\u00e9n en su d\u00eda de Monica Seles y de Mary Joe Fern\u00e1ndez.<\/p>\n<p>Toni viaj\u00f3 con seis de esas misteriosas raquetas de la firma Wilson que Federer hab\u00eda probado con anterioridad en Dubai a Brisbane, donde el tenista de Basilea alcanz\u00f3 recientemente la final, aunque cay\u00f3 ante el australiano Lleyton Hewitt en la lucha por el t\u00edtulo.<\/p>\n<p>Aunque es obvio que Federer ha ganado en consistencia y poder con sus golpes, y solo ha cedido un set (contra Andy Murray) en cinco partidos, su mejor\u00eda f\u00edsica es tambi\u00e9n notoria. Si a ello se une una mayor agresividad en la red, fruto de los consejos de su nuevo t\u00e9cnico, el sueco Stefan Edberg, todo configura el perfecto rival en forma y con ambici\u00f3n que se encontrar\u00e1 ma\u00f1ana Rafael Nadal en el duelo n\u00famero 33 entre ambos (22-10 para el espa\u00f1ol)<\/p>\n<p>\u00abDejad que las raquetas hablen\u00bb, sol\u00eda decir el estadounidense Pete Sampras al referirse a que a veces, por muy buenas que sean tiene que haber alguien que las empu\u00f1e con entereza. \u00abDe todas formas la raquetas no va a correr por ti\u00bb, apostill\u00f3 Federer sentenciando de esta forma que el coraz\u00f3n y las piernas de Nadal tienen mucho que contar en este nuevo enfrentamiento y en su objetivo de vencer por primera vez en siete a\u00f1os al espa\u00f1ol en un torneo del Grand Slam (Wimbledon 2007).<\/p>\n<p>La llaga en la mano izquierda de Nadal y tambi\u00e9n su movilidad preocupan por su parte a Toni, t\u00edo y entrenador del n\u00famero uno del mundo, que adelant\u00f3 hoy que sopesaron jugar sin vendaje, y lo han desechado, al igual que la recomendaci\u00f3n del t\u00e9cnico Ricardo S\u00e1nchez, quien les coment\u00f3 que \u00e9l convenci\u00f3 una vez al ucraniano Andrei Mevdevev para jugar con guantes de Primera Comuni\u00f3n, con los dedos recortados cuanto tambi\u00e9n ten\u00eda una llaga como la de Rafa, y alcanz\u00f3 la final de Roland Garros en 1999.<\/p>\n<p>\u00abEstamos en semifinales y quedan los dos pasos m\u00e1s dif\u00edciles\u00bb, dijo Toni, \u00abAyer los problemas de la mano le influyeron a la hora de sacar (mentalmente). En el entrenamiento la sensaci\u00f3n era que la raqueta le patinaba y se le escapaba. Hubo un momento en el que me dijo &#8216;no saco m\u00e1s porque se me va a escapar'\u00bb, se\u00f1al\u00f3.<\/p>\n<p>\u00abEsto te influye, pero hoy mismo le record\u00e9 que jug\u00f3 igualmente vendado contra Nishikori y sac\u00f3 bien, con m\u00e1s velocidad, 20 kil\u00f3metros m\u00e1s de promedio. Al final los temas mentales van como van, t\u00fa pillas una desconfianza en un movimiento y te preocupas m\u00e1s de la cuenta\u00bb, asegur\u00f3 el entrenador del n\u00famero uno.<\/p>\n<p>\u00abCon Dimitrov, Rafa perdi\u00f3 en un momento dado las sensaciones del saque y se empez\u00f3 a liar. Tiene miedo a acabar el movimiento sacando mucho m\u00e1s flojo y se descoordina e hizo tres dobles faltas.<\/p>\n<p>\u00abDebemos intentar sacar mejor, y hoy hemos aprovechado para hacer muchos saques y ha sacado muy bien en el entreno\u00bb, adelant\u00f3. \u00abTenemos claro que si no saca bien ser\u00e1 un h\u00e1ndicap muy grande\u00bb, continu\u00f3 Toni, que tiene claro que \u00abmuchas veces las cosas son m\u00e1s mentales que reales\u00bb.<\/p>\n<p>\u00abUn d\u00eda te parece que todo est\u00e1 muy nublado y otro d\u00eda es igual y no te lo parece tanto\u00bb, dijo.<\/p>\n<p>Toni Nadal cree que Federer est\u00e1 jugando a un gran nivel y que no es que haya vuelto, sino que nunca se fue. \u00abSi a\u00fan estuviera el 60 del mundo, s\u00ed lo ser\u00eda, pero el a\u00f1o pasado hizo semifinales aqu\u00ed. Es verdad que perdi\u00f3 con Robredo en el US Open y en Wimbledon en segunda ronda, y Roland Garros en cuartos con Tsonga, es decir tuvo un mal a\u00f1o en el Grand Slam, pero a\u00fan as\u00ed qued\u00f3 el seis del mundo. El 2013 no fue muy brillante para lo que \u00e9l est\u00e1 acostumbrado pero no se ha ido, y en este torneo solo ha perdido el set contra Murray\u00bb, record\u00f3.<\/p>\n<p>Toni espera que se encontrar\u00e1n con un Federer especialmente agresivo. \u00abA nosotros no los ha hecho en algunas ocasiones, irse hacia adelante y ayer era exagerado, en el buen sentido, pero lo hizo y lo hizo muy bien\u00bb, coment\u00f3 el t\u00e9cnico que considera que la presencia de Edberg en el banquillo del suizo no har\u00e1 cambiar nada los esquemas de Nadal.<\/p>\n<p>\u00abEdberg no va a influir en nuestra estrategia. Nosotros contaremos con lo que sabemos y hemos hecho todos estos a\u00f1os. Nos preparamos para que \u00e9l nos suba muchas veces a la red, y vamos a intentar contrarrestarlo y espero que no sea f\u00e1cil para \u00e9l\u00bb. dijo Toni que considera que si el partido se alarga a cinco sets significar\u00e1 una peque\u00f1a ventaja para su sobrino.<\/p>\n<p>\u00abEs dif\u00edcil ser tan agresivo durante cinco sets, pero ayer lo fue durante cuatro. Al final es como los cr\u00edticos que hablan de pintura y ven lo que ni el pintor ve. Empiezan a hablar y a hablar de lo que hay en el cuadro, y al final son dos garabatos. Al final todo es mucho m\u00e1s simple, si juegas bien y la pelota va donde tu quieres y juegas a un buen nivel, con pocos fallos, vas a tener opciones de victoria, no es la pel\u00edcula de si hago algo o no\u00bb.<\/p>\n<p>Miguel Luengo<\/p>\n","protected":false},"excerpt":{"rendered":"<p>Melbourne (Australia), 23 ene (EFE).- El espa\u00f1ol Rafael Nadal se dispone ma\u00f1ana a realizar un ejercicio al que pocas veces se ha enfrentado, eludir el miedo a que su raqueta salga volando al enfrentarse con Roger Federer en una de las semifinales del Abierto de Australia, donde el suizo quiere demostrar los poderes de su [&hellip;]<\/p>\n","protected":false},"author":1,"featured_media":1132184,"comment_status":"closed","ping_status":"open","sticky":false,"template":"","format":"standard","meta":{"footnotes":""},"categories":[1],"tags":[],"class_list":["post-477414","post","type-post","status-publish","format-standard","has-post-thumbnail","hentry","category-actualidad"],"aioseo_notices":[],"aioseo_head":"\n\t\t<!-- All in One SEO Pro 5.0.1 - aioseo.com -->\n\t<meta name=\"description\" content=\"Melbourne (Australia), 23 ene (EFE).- El espa\u00f1ol Rafael Nadal se dispone ma\u00f1ana a realizar un ejercicio al que pocas veces se ha enfrentado, eludir el miedo a que su raqueta salga volando al enfrentarse con Roger Federer en una de las semifinales del Abierto de Australia, donde el suizo quiere demostrar los poderes de su\" \/>\n\t<meta name=\"robots\" content=\"max-image-preview:large\" \/>\n\t<meta name=\"author\" content=\"El Digital de Asturias\"\/>\n\t<meta name=\"google-site-verification\" content=\"UA-38556648-1\" \/>\n\t<meta name=\"msvalidate.01\" content=\"7dfe9f3f1b24437ab69f4f2559babe99\" \/>\n\t<meta name=\"keywords\" content=\"actualidad\" \/>\n\t<link rel=\"canonical\" href=\"https:\/\/www.eldigitaldeasturias.com\/noticias\/nadal-ante-la-raqueta-misteriosa-de-federer\/\" \/>\n\t<meta name=\"generator\" content=\"All in One SEO Pro (AIOSEO) 5.0.1\" \/>\n\t\t<meta property=\"og:locale\" content=\"es_ES\" \/>\n\t\t<meta property=\"og:site_name\" content=\"El Digital de Asturias\" \/>\n\t\t<meta property=\"og:type\" content=\"article\" \/>\n\t\t<meta property=\"og:title\" content=\"Nadal ante la raqueta misteriosa de Federer - El Digital de Asturias\" \/>\n\t\t<meta property=\"og:description\" content=\"Melbourne (Australia), 23 ene (EFE).- El espa\u00f1ol Rafael Nadal se dispone ma\u00f1ana a realizar un ejercicio al que pocas veces se ha enfrentado, eludir el miedo a que su raqueta salga volando al enfrentarse con Roger Federer en una de las semifinales del Abierto de Australia, donde el suizo quiere demostrar los poderes de su\" \/>\n\t\t<meta property=\"og:url\" content=\"https:\/\/www.eldigitaldeasturias.com\/noticias\/nadal-ante-la-raqueta-misteriosa-de-federer\/\" \/>\n\t\t<meta property=\"og:image\" content=\"https:\/\/www.eldigitaldeasturias.com\/noticias\/wp-content\/uploads\/2026\/06\/Contenidos.jpg\" \/>\n\t\t<meta property=\"og:image:secure_url\" content=\"https:\/\/www.eldigitaldeasturias.com\/noticias\/wp-content\/uploads\/2026\/06\/Contenidos.jpg\" \/>\n\t\t<meta property=\"og:image:width\" content=\"1265\" \/>\n\t\t<meta property=\"og:image:height\" content=\"697\" \/>\n\t\t<meta property=\"article:tag\" content=\"actualidad\" \/>\n\t\t<meta property=\"article:published_time\" content=\"2014-01-23T14:45:47+00:00\" \/>\n\t\t<meta property=\"article:modified_time\" content=\"2014-01-23T14:45:47+00:00\" \/>\n\t\t<meta property=\"article:publisher\" content=\"https:\/\/facebook.com\/eldigitaldeasturias\" \/>\n\t\t<meta name=\"twitter:card\" content=\"summary_large_image\" \/>\n\t\t<meta name=\"twitter:title\" content=\"Nadal ante la raqueta misteriosa de Federer - El Digital de Asturias\" \/>\n\t\t<meta name=\"twitter:description\" content=\"Melbourne (Australia), 23 ene (EFE).- El espa\u00f1ol Rafael Nadal se dispone ma\u00f1ana a realizar un ejercicio al que pocas veces se ha enfrentado, eludir el miedo a que su raqueta salga volando al enfrentarse con Roger Federer en una de las semifinales del Abierto de Australia, donde el suizo quiere demostrar los poderes de su\" \/>\n\t\t<meta name=\"twitter:image\" content=\"https:\/\/www.eldigitaldeasturias.com\/noticias\/wp-content\/uploads\/2026\/06\/Contenidos.jpg\" \/>\n\t\t<meta name=\"twitter:label1\" content=\"Escrito por\" \/>\n\t\t<meta name=\"twitter:data1\" content=\"El Digital de Asturias\" \/>\n\t\t<meta name=\"twitter:label2\" content=\"Tiempo de lectura estimado\" \/>\n\t\t<meta name=\"twitter:data2\" content=\"5 minutos\" \/>\n\t\t<script type=\"application\/ld+json\" class=\"aioseo-schema\">\n\t\t\t{\"@context\":\"https:\\\/\\\/schema.org\",\"@graph\":[{\"@type\":\"BlogPosting\",\"@id\":\"https:\\\/\\\/www.eldigitaldeasturias.com\\\/noticias\\\/nadal-ante-la-raqueta-misteriosa-de-federer\\\/#blogposting\",\"name\":\"Nadal ante la raqueta misteriosa de Federer - El Digital de Asturias\",\"headline\":\"Nadal ante la raqueta misteriosa de Federer\",\"author\":{\"@id\":\"https:\\\/\\\/www.eldigitaldeasturias.com\\\/noticias\\\/author\\\/admin\\\/#author\"},\"publisher\":{\"@id\":\"https:\\\/\\\/www.eldigitaldeasturias.com\\\/noticias\\\/#organization\"},\"image\":{\"@type\":\"ImageObject\",\"url\":\"https:\\\/\\\/www.eldigitaldeasturias.com\\\/noticias\\\/wp-content\\\/uploads\\\/2026\\\/06\\\/Contenidos.jpg\",\"width\":1265,\"height\":697,\"caption\":\"Contenidos\"},\"datePublished\":\"2014-01-23T13:45:47+01:00\",\"dateModified\":\"2014-01-23T13:45:47+01:00\",\"inLanguage\":\"es-ES\",\"mainEntityOfPage\":{\"@id\":\"https:\\\/\\\/www.eldigitaldeasturias.com\\\/noticias\\\/nadal-ante-la-raqueta-misteriosa-de-federer\\\/#webpage\"},\"isPartOf\":{\"@id\":\"https:\\\/\\\/www.eldigitaldeasturias.com\\\/noticias\\\/nadal-ante-la-raqueta-misteriosa-de-federer\\\/#webpage\"},\"articleSection\":\"Actualidad\"},{\"@type\":\"BreadcrumbList\",\"@id\":\"https:\\\/\\\/www.eldigitaldeasturias.com\\\/noticias\\\/nadal-ante-la-raqueta-misteriosa-de-federer\\\/#breadcrumblist\",\"itemListElement\":[{\"@type\":\"ListItem\",\"@id\":\"https:\\\/\\\/www.eldigitaldeasturias.com\\\/noticias#listItem\",\"position\":1,\"name\":\"Home\",\"item\":\"https:\\\/\\\/www.eldigitaldeasturias.com\\\/noticias\",\"nextItem\":{\"@type\":\"ListItem\",\"@id\":\"https:\\\/\\\/www.eldigitaldeasturias.com\\\/noticias\\\/category\\\/actualidad\\\/#listItem\",\"name\":\"Actualidad\"}},{\"@type\":\"ListItem\",\"@id\":\"https:\\\/\\\/www.eldigitaldeasturias.com\\\/noticias\\\/category\\\/actualidad\\\/#listItem\",\"position\":2,\"name\":\"Actualidad\",\"item\":\"https:\\\/\\\/www.eldigitaldeasturias.com\\\/noticias\\\/category\\\/actualidad\\\/\",\"nextItem\":{\"@type\":\"ListItem\",\"@id\":\"https:\\\/\\\/www.eldigitaldeasturias.com\\\/noticias\\\/nadal-ante-la-raqueta-misteriosa-de-federer\\\/#listItem\",\"name\":\"Nadal ante la raqueta misteriosa de Federer\"},\"previousItem\":{\"@type\":\"ListItem\",\"@id\":\"https:\\\/\\\/www.eldigitaldeasturias.com\\\/noticias#listItem\",\"name\":\"Home\"}},{\"@type\":\"ListItem\",\"@id\":\"https:\\\/\\\/www.eldigitaldeasturias.com\\\/noticias\\\/nadal-ante-la-raqueta-misteriosa-de-federer\\\/#listItem\",\"position\":3,\"name\":\"Nadal ante la raqueta misteriosa de Federer\",\"previousItem\":{\"@type\":\"ListItem\",\"@id\":\"https:\\\/\\\/www.eldigitaldeasturias.com\\\/noticias\\\/category\\\/actualidad\\\/#listItem\",\"name\":\"Actualidad\"}}]},{\"@type\":\"Organization\",\"@id\":\"https:\\\/\\\/www.eldigitaldeasturias.com\\\/noticias\\\/#organization\",\"name\":\"El Digital de Asturias\",\"description\":\"Hemeroteca\",\"url\":\"https:\\\/\\\/www.eldigitaldeasturias.com\\\/noticias\\\/\",\"email\":\"info@eldigitaldeasturias.com\",\"telephone\":\"+34652131393\",\"logo\":{\"@type\":\"ImageObject\",\"url\":\"https:\\\/\\\/www.eldigitaldeasturias.com\\\/noticias\\\/wp-content\\\/uploads\\\/2020\\\/12\\\/EDA.jpg\",\"@id\":\"https:\\\/\\\/www.eldigitaldeasturias.com\\\/noticias\\\/nadal-ante-la-raqueta-misteriosa-de-federer\\\/#organizationLogo\"},\"image\":{\"@id\":\"https:\\\/\\\/www.eldigitaldeasturias.com\\\/noticias\\\/nadal-ante-la-raqueta-misteriosa-de-federer\\\/#organizationLogo\"},\"sameAs\":[\"https:\\\/\\\/facebook.com\\\/eldigitaldeasturias\",\"https:\\\/\\\/www.youtube.com\\\/channel\\\/UCZP-2wLEB9Rv6erhFmqVnvg\"],\"address\":{\"@id\":\"https:\\\/\\\/www.eldigitaldeasturias.com\\\/noticias\\\/#postaladdress\",\"@type\":\"PostalAddress\",\"streetAddress\":\"san antonio 4\",\"postalCode\":\"33430\",\"addressLocality\":\"Cand\\u00e1s\",\"addressRegion\":\"Asturias\",\"addressCountry\":\"ES\"}},{\"@type\":\"Person\",\"@id\":\"https:\\\/\\\/www.eldigitaldeasturias.com\\\/noticias\\\/author\\\/admin\\\/#author\",\"url\":\"https:\\\/\\\/www.eldigitaldeasturias.com\\\/noticias\\\/author\\\/admin\\\/\",\"name\":\"El Digital de Asturias\",\"image\":{\"@type\":\"ImageObject\",\"@id\":\"https:\\\/\\\/www.eldigitaldeasturias.com\\\/noticias\\\/nadal-ante-la-raqueta-misteriosa-de-federer\\\/#authorImage\",\"url\":\"https:\\\/\\\/secure.gravatar.com\\\/avatar\\\/df2aeffc32bcd13f8d26072ef8a91b623d677766deac7f97ca815868cd41bf5e?s=96&d=mm&r=g\",\"width\":96,\"height\":96,\"caption\":\"El Digital de Asturias\"}},{\"@type\":\"WebPage\",\"@id\":\"https:\\\/\\\/www.eldigitaldeasturias.com\\\/noticias\\\/nadal-ante-la-raqueta-misteriosa-de-federer\\\/#webpage\",\"url\":\"https:\\\/\\\/www.eldigitaldeasturias.com\\\/noticias\\\/nadal-ante-la-raqueta-misteriosa-de-federer\\\/\",\"name\":\"Nadal ante la raqueta misteriosa de Federer - El Digital de Asturias\",\"description\":\"Melbourne (Australia), 23 ene (EFE).- El espa\\u00f1ol Rafael Nadal se dispone ma\\u00f1ana a realizar un ejercicio al que pocas veces se ha enfrentado, eludir el miedo a que su raqueta salga volando al enfrentarse con Roger Federer en una de las semifinales del Abierto de Australia, donde el suizo quiere demostrar los poderes de su\",\"inLanguage\":\"es-ES\",\"isPartOf\":{\"@id\":\"https:\\\/\\\/www.eldigitaldeasturias.com\\\/noticias\\\/#website\"},\"breadcrumb\":{\"@id\":\"https:\\\/\\\/www.eldigitaldeasturias.com\\\/noticias\\\/nadal-ante-la-raqueta-misteriosa-de-federer\\\/#breadcrumblist\"},\"author\":{\"@id\":\"https:\\\/\\\/www.eldigitaldeasturias.com\\\/noticias\\\/author\\\/admin\\\/#author\"},\"creator\":{\"@id\":\"https:\\\/\\\/www.eldigitaldeasturias.com\\\/noticias\\\/author\\\/admin\\\/#author\"},\"image\":{\"@type\":\"ImageObject\",\"url\":\"https:\\\/\\\/www.eldigitaldeasturias.com\\\/noticias\\\/wp-content\\\/uploads\\\/2026\\\/06\\\/Contenidos.jpg\",\"@id\":\"https:\\\/\\\/www.eldigitaldeasturias.com\\\/noticias\\\/nadal-ante-la-raqueta-misteriosa-de-federer\\\/#mainImage\",\"width\":1265,\"height\":697,\"caption\":\"Contenidos\"},\"primaryImageOfPage\":{\"@id\":\"https:\\\/\\\/www.eldigitaldeasturias.com\\\/noticias\\\/nadal-ante-la-raqueta-misteriosa-de-federer\\\/#mainImage\"},\"datePublished\":\"2014-01-23T13:45:47+01:00\",\"dateModified\":\"2014-01-23T13:45:47+01:00\"},{\"@type\":\"WebSite\",\"@id\":\"https:\\\/\\\/www.eldigitaldeasturias.com\\\/noticias\\\/#website\",\"url\":\"https:\\\/\\\/www.eldigitaldeasturias.com\\\/noticias\\\/\",\"name\":\"El Digital de Asturias - Diario de actualidad y noticias\",\"alternateName\":\"El Digital de Asturias - Diario de actualidad y noticias\",\"description\":\"Hemeroteca\",\"inLanguage\":\"es-ES\",\"publisher\":{\"@id\":\"https:\\\/\\\/www.eldigitaldeasturias.com\\\/noticias\\\/#organization\"}}]}\n\t\t<\/script>\n\t\t<!-- All in One SEO Pro -->\r\n\t\t<title>Nadal ante la raqueta misteriosa de Federer - El Digital de Asturias<\/title>\n\n","aioseo_head_json":{"title":"Nadal ante la raqueta misteriosa de Federer - El Digital de Asturias","description":"Melbourne (Australia), 23 ene (EFE).- El espa\u00f1ol Rafael Nadal se dispone ma\u00f1ana a realizar un ejercicio al que pocas veces se ha enfrentado, eludir el miedo a que su raqueta salga volando al enfrentarse con Roger Federer en una de las semifinales del Abierto de Australia, donde el suizo quiere demostrar los poderes de su","canonical_url":"https:\/\/www.eldigitaldeasturias.com\/noticias\/nadal-ante-la-raqueta-misteriosa-de-federer\/","robots":"max-image-preview:large","keywords":"actualidad","webmasterTools":{"google-site-verification":"UA-38556648-1","msvalidate.01":"7dfe9f3f1b24437ab69f4f2559babe99","miscellaneous":""},"schema":{"@context":"https:\/\/schema.org","@graph":[{"@type":"BlogPosting","@id":"https:\/\/www.eldigitaldeasturias.com\/noticias\/nadal-ante-la-raqueta-misteriosa-de-federer\/#blogposting","name":"Nadal ante la raqueta misteriosa de Federer - El Digital de Asturias","headline":"Nadal ante la raqueta misteriosa de Federer","author":{"@id":"https:\/\/www.eldigitaldeasturias.com\/noticias\/author\/admin\/#author"},"publisher":{"@id":"https:\/\/www.eldigitaldeasturias.com\/noticias\/#organization"},"image":{"@type":"ImageObject","url":"https:\/\/www.eldigitaldeasturias.com\/noticias\/wp-content\/uploads\/2026\/06\/Contenidos.jpg","width":1265,"height":697,"caption":"Contenidos"},"datePublished":"2014-01-23T13:45:47+01:00","dateModified":"2014-01-23T13:45:47+01:00","inLanguage":"es-ES","mainEntityOfPage":{"@id":"https:\/\/www.eldigitaldeasturias.com\/noticias\/nadal-ante-la-raqueta-misteriosa-de-federer\/#webpage"},"isPartOf":{"@id":"https:\/\/www.eldigitaldeasturias.com\/noticias\/nadal-ante-la-raqueta-misteriosa-de-federer\/#webpage"},"articleSection":"Actualidad"},{"@type":"BreadcrumbList","@id":"https:\/\/www.eldigitaldeasturias.com\/noticias\/nadal-ante-la-raqueta-misteriosa-de-federer\/#breadcrumblist","itemListElement":[{"@type":"ListItem","@id":"https:\/\/www.eldigitaldeasturias.com\/noticias#listItem","position":1,"name":"Home","item":"https:\/\/www.eldigitaldeasturias.com\/noticias","nextItem":{"@type":"ListItem","@id":"https:\/\/www.eldigitaldeasturias.com\/noticias\/category\/actualidad\/#listItem","name":"Actualidad"}},{"@type":"ListItem","@id":"https:\/\/www.eldigitaldeasturias.com\/noticias\/category\/actualidad\/#listItem","position":2,"name":"Actualidad","item":"https:\/\/www.eldigitaldeasturias.com\/noticias\/category\/actualidad\/","nextItem":{"@type":"ListItem","@id":"https:\/\/www.eldigitaldeasturias.com\/noticias\/nadal-ante-la-raqueta-misteriosa-de-federer\/#listItem","name":"Nadal ante la raqueta misteriosa de Federer"},"previousItem":{"@type":"ListItem","@id":"https:\/\/www.eldigitaldeasturias.com\/noticias#listItem","name":"Home"}},{"@type":"ListItem","@id":"https:\/\/www.eldigitaldeasturias.com\/noticias\/nadal-ante-la-raqueta-misteriosa-de-federer\/#listItem","position":3,"name":"Nadal ante la raqueta misteriosa de Federer","previousItem":{"@type":"ListItem","@id":"https:\/\/www.eldigitaldeasturias.com\/noticias\/category\/actualidad\/#listItem","name":"Actualidad"}}]},{"@type":"Organization","@id":"https:\/\/www.eldigitaldeasturias.com\/noticias\/#organization","name":"El Digital de Asturias","description":"Hemeroteca","url":"https:\/\/www.eldigitaldeasturias.com\/noticias\/","email":"info@eldigitaldeasturias.com","telephone":"+34652131393","logo":{"@type":"ImageObject","url":"https:\/\/www.eldigitaldeasturias.com\/noticias\/wp-content\/uploads\/2020\/12\/EDA.jpg","@id":"https:\/\/www.eldigitaldeasturias.com\/noticias\/nadal-ante-la-raqueta-misteriosa-de-federer\/#organizationLogo"},"image":{"@id":"https:\/\/www.eldigitaldeasturias.com\/noticias\/nadal-ante-la-raqueta-misteriosa-de-federer\/#organizationLogo"},"sameAs":["https:\/\/facebook.com\/eldigitaldeasturias","https:\/\/www.youtube.com\/channel\/UCZP-2wLEB9Rv6erhFmqVnvg"],"address":{"@id":"https:\/\/www.eldigitaldeasturias.com\/noticias\/#postaladdress","@type":"PostalAddress","streetAddress":"san antonio 4","postalCode":"33430","addressLocality":"Cand\u00e1s","addressRegion":"Asturias","addressCountry":"ES"}},{"@type":"Person","@id":"https:\/\/www.eldigitaldeasturias.com\/noticias\/author\/admin\/#author","url":"https:\/\/www.eldigitaldeasturias.com\/noticias\/author\/admin\/","name":"El Digital de Asturias","image":{"@type":"ImageObject","@id":"https:\/\/www.eldigitaldeasturias.com\/noticias\/nadal-ante-la-raqueta-misteriosa-de-federer\/#authorImage","url":"https:\/\/secure.gravatar.com\/avatar\/df2aeffc32bcd13f8d26072ef8a91b623d677766deac7f97ca815868cd41bf5e?s=96&d=mm&r=g","width":96,"height":96,"caption":"El Digital de Asturias"}},{"@type":"WebPage","@id":"https:\/\/www.eldigitaldeasturias.com\/noticias\/nadal-ante-la-raqueta-misteriosa-de-federer\/#webpage","url":"https:\/\/www.eldigitaldeasturias.com\/noticias\/nadal-ante-la-raqueta-misteriosa-de-federer\/","name":"Nadal ante la raqueta misteriosa de Federer - El Digital de Asturias","description":"Melbourne (Australia), 23 ene (EFE).- El espa\u00f1ol Rafael Nadal se dispone ma\u00f1ana a realizar un ejercicio al que pocas veces se ha enfrentado, eludir el miedo a que su raqueta salga volando al enfrentarse con Roger Federer en una de las semifinales del Abierto de Australia, donde el suizo quiere demostrar los poderes de su","inLanguage":"es-ES","isPartOf":{"@id":"https:\/\/www.eldigitaldeasturias.com\/noticias\/#website"},"breadcrumb":{"@id":"https:\/\/www.eldigitaldeasturias.com\/noticias\/nadal-ante-la-raqueta-misteriosa-de-federer\/#breadcrumblist"},"author":{"@id":"https:\/\/www.eldigitaldeasturias.com\/noticias\/author\/admin\/#author"},"creator":{"@id":"https:\/\/www.eldigitaldeasturias.com\/noticias\/author\/admin\/#author"},"image":{"@type":"ImageObject","url":"https:\/\/www.eldigitaldeasturias.com\/noticias\/wp-content\/uploads\/2026\/06\/Contenidos.jpg","@id":"https:\/\/www.eldigitaldeasturias.com\/noticias\/nadal-ante-la-raqueta-misteriosa-de-federer\/#mainImage","width":1265,"height":697,"caption":"Contenidos"},"primaryImageOfPage":{"@id":"https:\/\/www.eldigitaldeasturias.com\/noticias\/nadal-ante-la-raqueta-misteriosa-de-federer\/#mainImage"},"datePublished":"2014-01-23T13:45:47+01:00","dateModified":"2014-01-23T13:45:47+01:00"},{"@type":"WebSite","@id":"https:\/\/www.eldigitaldeasturias.com\/noticias\/#website","url":"https:\/\/www.eldigitaldeasturias.com\/noticias\/","name":"El Digital de Asturias - Diario de actualidad y noticias","alternateName":"El Digital de Asturias - Diario de actualidad y noticias","description":"Hemeroteca","inLanguage":"es-ES","publisher":{"@id":"https:\/\/www.eldigitaldeasturias.com\/noticias\/#organization"}}]},"og:locale":"es_ES","og:site_name":"El Digital de Asturias","og:type":"article","og:title":"Nadal ante la raqueta misteriosa de Federer - El Digital de Asturias","og:description":"Melbourne (Australia), 23 ene (EFE).- El espa\u00f1ol Rafael Nadal se dispone ma\u00f1ana a realizar un ejercicio al que pocas veces se ha enfrentado, eludir el miedo a que su raqueta salga volando al enfrentarse con Roger Federer en una de las semifinales del Abierto de Australia, donde el suizo quiere demostrar los poderes de su","og:url":"https:\/\/www.eldigitaldeasturias.com\/noticias\/nadal-ante-la-raqueta-misteriosa-de-federer\/","og:image":"https:\/\/www.eldigitaldeasturias.com\/noticias\/wp-content\/uploads\/2026\/06\/Contenidos.jpg","og:image:secure_url":"https:\/\/www.eldigitaldeasturias.com\/noticias\/wp-content\/uploads\/2026\/06\/Contenidos.jpg","og:image:width":1265,"og:image:height":697,"article:tag":["actualidad"],"article:published_time":"2014-01-23T14:45:47+00:00","article:modified_time":"2014-01-23T14:45:47+00:00","article:publisher":"https:\/\/facebook.com\/eldigitaldeasturias","twitter:card":"summary_large_image","twitter:title":"Nadal ante la raqueta misteriosa de Federer - El Digital de Asturias","twitter:description":"Melbourne (Australia), 23 ene (EFE).- El espa\u00f1ol Rafael Nadal se dispone ma\u00f1ana a realizar un ejercicio al que pocas veces se ha enfrentado, eludir el miedo a que su raqueta salga volando al enfrentarse con Roger Federer en una de las semifinales del Abierto de Australia, donde el suizo quiere demostrar los poderes de su","twitter:image":"https:\/\/www.eldigitaldeasturias.com\/noticias\/wp-content\/uploads\/2026\/06\/Contenidos.jpg","twitter:label1":"Escrito por","twitter:data1":"El Digital de Asturias","twitter:label2":"Tiempo de lectura estimado","twitter:data2":"5 minutos"},"aioseo_meta_data":{"post_id":"477414","title":null,"description":null,"keywords":null,"keyphrases":null,"primary_term":null,"canonical_url":null,"og_title":null,"og_description":null,"og_object_type":"default","og_image_type":"default","og_image_url":null,"og_image_width":null,"og_image_height":null,"og_image_custom_url":null,"og_image_custom_fields":null,"og_video":null,"og_custom_url":null,"og_article_section":null,"og_article_tags":null,"twitter_use_og":true,"twitter_card":"default","twitter_image_type":"default","twitter_image_url":null,"twitter_image_custom_url":null,"twitter_image_custom_fields":null,"twitter_title":null,"twitter_description":null,"schema":{"blockGraphs":[],"customGraphs":[],"default":{"data":{"Article":[],"Course":[],"Dataset":[],"FAQPage":[],"Movie":[],"Person":[],"Product":[],"ProductReview":[],"Car":[],"Recipe":[],"Service":[],"SoftwareApplication":[],"WebPage":[]},"graphName":"","isEnabled":true},"graphs":[],"defaultGraph":"","defaultPostTypeGraph":""},"schema_type":null,"schema_type_options":null,"pillar_content":false,"robots_default":true,"robots_noindex":false,"robots_noarchive":false,"robots_nosnippet":false,"robots_nofollow":false,"robots_noimageindex":false,"robots_noodp":false,"robots_notranslate":false,"robots_max_snippet":null,"robots_max_videopreview":null,"robots_max_imagepreview":"none","priority":null,"frequency":null,"local_seo":null,"seo_analyzer_scan_date":"2026-06-01 18:27:57","breadcrumb_settings":null,"limit_modified_date":false,"open_ai":null,"ai":null,"created":"2020-11-14 22:53:44","updated":"2026-06-01 18:27:57","focus_keyword":null,"additional_keywords":null,"truseo_locale":null},"aioseo_breadcrumb":"<div class=\"aioseo-breadcrumbs\"><span class=\"aioseo-breadcrumb\">\n\t<a href=\"https:\/\/www.eldigitaldeasturias.com\/noticias\" title=\"Home\">Home<\/a>\n<\/span><span class=\"aioseo-breadcrumb-separator\">\u2013<\/span><span class=\"aioseo-breadcrumb\">\n\t<a href=\"https:\/\/www.eldigitaldeasturias.com\/noticias\/category\/actualidad\/\" title=\"Actualidad\">Actualidad<\/a>\n<\/span><span class=\"aioseo-breadcrumb-separator\">\u2013<\/span><span class=\"aioseo-breadcrumb\">\n\t<a href=\"https:\/\/www.eldigitaldeasturias.com\/noticias\/nadal-ante-la-raqueta-misteriosa-de-federer\/\" title=\"Nadal ante la raqueta misteriosa de Federer\">Nadal ante la raqueta misteriosa de Federer<\/a>\n<\/span><\/div>","aioseo_breadcrumb_json":[{"label":"Home","link":"https:\/\/www.eldigitaldeasturias.com\/noticias"},{"label":"Actualidad","link":"https:\/\/www.eldigitaldeasturias.com\/noticias\/category\/actualidad\/"},{"label":"Nadal ante la raqueta misteriosa de Federer","link":"https:\/\/www.eldigitaldeasturias.com\/noticias\/nadal-ante-la-raqueta-misteriosa-de-federer\/"}],"_links":{"self":[{"href":"https:\/\/www.eldigitaldeasturias.com\/noticias\/wp-json\/wp\/v2\/posts\/477414","targetHints":{"allow":["GET"]}}],"collection":[{"href":"https:\/\/www.eldigitaldeasturias.com\/noticias\/wp-json\/wp\/v2\/posts"}],"about":[{"href":"https:\/\/www.eldigitaldeasturias.com\/noticias\/wp-json\/wp\/v2\/types\/post"}],"author":[{"embeddable":true,"href":"https:\/\/www.eldigitaldeasturias.com\/noticias\/wp-json\/wp\/v2\/users\/1"}],"replies":[{"embeddable":true,"href":"https:\/\/www.eldigitaldeasturias.com\/noticias\/wp-json\/wp\/v2\/comments?post=477414"}],"version-history":[{"count":0,"href":"https:\/\/www.eldigitaldeasturias.com\/noticias\/wp-json\/wp\/v2\/posts\/477414\/revisions"}],"wp:featuredmedia":[{"embeddable":true,"href":"https:\/\/www.eldigitaldeasturias.com\/noticias\/wp-json\/wp\/v2\/media\/1132184"}],"wp:attachment":[{"href":"https:\/\/www.eldigitaldeasturias.com\/noticias\/wp-json\/wp\/v2\/media?parent=477414"}],"wp:term":[{"taxonomy":"category","embeddable":true,"href":"https:\/\/www.eldigitaldeasturias.com\/noticias\/wp-json\/wp\/v2\/categories?post=477414"},{"taxonomy":"post_tag","embeddable":true,"href":"https:\/\/www.eldigitaldeasturias.com\/noticias\/wp-json\/wp\/v2\/tags?post=477414"}],"curies":[{"name":"wp","href":"https:\/\/api.w.org\/{rel}","templated":true}]}}