{"id":477284,"date":"2014-01-23T10:17:46","date_gmt":"2014-01-23T11:17:46","guid":{"rendered":"http:\/\/www.eldigitaldeasturias.com\/noticias\/?p=477284"},"modified":"2014-01-23T10:17:46","modified_gmt":"2014-01-23T11:17:46","slug":"air-europa-conectara-espana-y-brasil-con-una-nueva-ruta-directa","status":"publish","type":"post","link":"https:\/\/www.eldigitaldeasturias.com\/noticias\/air-europa-conectara-espana-y-brasil-con-una-nueva-ruta-directa\/","title":{"rendered":"Air Europa conectar\u00e1 Espa\u00f1a y Brasil con una nueva ruta directa"},"content":{"rendered":"<p><img loading=\"lazy\" decoding=\"async\" class=\"alignleft size-medium wp-image-477285\" alt=\"5868771w\" src=\"https:\/\/www.eldigitaldeasturias.com\/noticias\/wp-content\/uploads\/2014\/01\/5868771w-360x239.jpg\" width=\"360\" height=\"239\" \/>Madrid, 22 ene (EFE).- La compa\u00f1\u00eda a\u00e9rea Air Europa anunci\u00f3 hoy la apertura de una nueva ruta entre Madrid y Santiago de Chile, con tr\u00e1nsito en la ciudad brasile\u00f1a de Salvador de Bah\u00eda, una de las doce ciudades-sede de la Copa Mundial de la FIFA 2014.<\/p>\n<p>Con una frecuencia de tres vuelos semanales, esta nueva ruta confirma la expansi\u00f3n de Air Europa hacia los pa\u00edses de Centro y Sudam\u00e9rica y \u00ababre la puerta hacia nuevos destinos\u00bb, destac\u00f3 el consejero del Grupo Globalia, \u00c1lvaro Middelmann, en la inauguraci\u00f3n del expositor de Brasil en la Feria Internacional de Turismo FITUR 2014. \u00abGanar\u00e1 Bah\u00eda y ganaremos nosotros\u00bb, apunt\u00f3.<\/p>\n<p>Por su parte, la directora de Mercados Internacionales de EMBRATUR, Leila Holsbach, y representantes de la Secretar\u00eda de Turismo de Bah\u00eda remarcaron el impacto que la celebraci\u00f3n del Mundial de f\u00fatbol tendr\u00e1 en la ciudad. \u00abEs un sue\u00f1o para la industria tur\u00edstica de Bah\u00eda\u00bb, dijo Holsbach.<\/p>\n<p>Durante el mes de competici\u00f3n, la cita futbol\u00edstica convertir\u00e1 a Brasil en el destino de 600.000 turistas. Una cifra que podr\u00eda ascender a siete millones en todo el a\u00f1o 2014.<\/p>\n<p>El ambiente festivo del pa\u00eds brasile\u00f1o, pentacampe\u00f3n del mundo, ya est\u00e1 presente en Fitur, donde los visitantes podr\u00e1n conocer a la mascota del Mundial, el armadillo Fuleco, y emular a grandes estrellas como el portugu\u00e9s Cristiano Ronaldo o el argentino Leo Messi con el lanzamiento de un penalti de forma virtual.<\/p>\n","protected":false},"excerpt":{"rendered":"<p>Madrid, 22 ene (EFE).- La compa\u00f1\u00eda a\u00e9rea Air Europa anunci\u00f3 hoy la apertura de una nueva ruta entre Madrid y Santiago de Chile, con tr\u00e1nsito en la ciudad brasile\u00f1a de Salvador de Bah\u00eda, una de las doce ciudades-sede de la Copa Mundial de la FIFA 2014. Con una frecuencia de tres vuelos semanales, esta nueva [&hellip;]<\/p>\n","protected":false},"author":1,"featured_media":0,"comment_status":"closed","ping_status":"open","sticky":false,"template":"","format":"standard","meta":{"footnotes":""},"categories":[148],"tags":[],"class_list":["post-477284","post","type-post","status-publish","format-standard","hentry","category-turismo"],"aioseo_notices":[],"aioseo_head":"\n\t\t<!-- All in One SEO Pro 4.9.6.2 - aioseo.com -->\n\t<meta name=\"description\" content=\"Madrid, 22 ene (EFE).- La compa\u00f1\u00eda a\u00e9rea Air Europa anunci\u00f3 hoy la apertura de una nueva ruta entre Madrid y Santiago de Chile, con tr\u00e1nsito en la ciudad brasile\u00f1a de Salvador de Bah\u00eda, una de las doce ciudades-sede de la Copa Mundial de la FIFA 2014. Con una frecuencia de tres vuelos semanales, esta nueva\" \/>\n\t<meta name=\"robots\" content=\"max-image-preview:large\" \/>\n\t<meta name=\"author\" content=\"El Digital de Asturias\"\/>\n\t<meta name=\"google-site-verification\" content=\"UA-38556648-1\" \/>\n\t<meta name=\"msvalidate.01\" content=\"7dfe9f3f1b24437ab69f4f2559babe99\" \/>\n\t<meta name=\"keywords\" content=\"turismo\" \/>\n\t<link rel=\"canonical\" href=\"https:\/\/www.eldigitaldeasturias.com\/noticias\/air-europa-conectara-espana-y-brasil-con-una-nueva-ruta-directa\/\" \/>\n\t<meta name=\"generator\" content=\"All in One SEO Pro (AIOSEO) 4.9.6.2\" \/>\n\t\t<meta property=\"og:locale\" content=\"es_ES\" \/>\n\t\t<meta property=\"og:site_name\" content=\"El Digital de Asturias\" \/>\n\t\t<meta property=\"og:type\" content=\"article\" \/>\n\t\t<meta property=\"og:title\" content=\"Air Europa conectar\u00e1 Espa\u00f1a y Brasil con una nueva ruta directa - El Digital de Asturias\" \/>\n\t\t<meta property=\"og:description\" content=\"Madrid, 22 ene (EFE).- La compa\u00f1\u00eda a\u00e9rea Air Europa anunci\u00f3 hoy la apertura de una nueva ruta entre Madrid y Santiago de Chile, con tr\u00e1nsito en la ciudad brasile\u00f1a de Salvador de Bah\u00eda, una de las doce ciudades-sede de la Copa Mundial de la FIFA 2014. Con una frecuencia de tres vuelos semanales, esta nueva\" \/>\n\t\t<meta property=\"og:url\" content=\"https:\/\/www.eldigitaldeasturias.com\/noticias\/air-europa-conectara-espana-y-brasil-con-una-nueva-ruta-directa\/\" \/>\n\t\t<meta property=\"article:tag\" content=\"turismo\" \/>\n\t\t<meta property=\"article:published_time\" content=\"2014-01-23T11:17:46+00:00\" \/>\n\t\t<meta property=\"article:modified_time\" content=\"2014-01-23T11:17:46+00:00\" \/>\n\t\t<meta property=\"article:publisher\" content=\"https:\/\/facebook.com\/eldigitaldeasturias\" \/>\n\t\t<meta name=\"twitter:card\" content=\"summary_large_image\" \/>\n\t\t<meta name=\"twitter:title\" content=\"Air Europa conectar\u00e1 Espa\u00f1a y Brasil con una nueva ruta directa - El Digital de Asturias\" \/>\n\t\t<meta name=\"twitter:description\" content=\"Madrid, 22 ene (EFE).- La compa\u00f1\u00eda a\u00e9rea Air Europa anunci\u00f3 hoy la apertura de una nueva ruta entre Madrid y Santiago de Chile, con tr\u00e1nsito en la ciudad brasile\u00f1a de Salvador de Bah\u00eda, una de las doce ciudades-sede de la Copa Mundial de la FIFA 2014. Con una frecuencia de tres vuelos semanales, esta nueva\" \/>\n\t\t<meta name=\"twitter:label1\" content=\"Escrito por\" \/>\n\t\t<meta name=\"twitter:data1\" content=\"El Digital de Asturias\" \/>\n\t\t<meta name=\"twitter:label2\" content=\"Tiempo de lectura estimado\" \/>\n\t\t<meta name=\"twitter:data2\" content=\"1 minuto\" \/>\n\t\t<script type=\"application\/ld+json\" class=\"aioseo-schema\">\n\t\t\t{\"@context\":\"https:\\\/\\\/schema.org\",\"@graph\":[{\"@type\":\"BlogPosting\",\"@id\":\"https:\\\/\\\/www.eldigitaldeasturias.com\\\/noticias\\\/air-europa-conectara-espana-y-brasil-con-una-nueva-ruta-directa\\\/#blogposting\",\"name\":\"Air Europa conectar\\u00e1 Espa\\u00f1a y Brasil con una nueva ruta directa - El Digital de Asturias\",\"headline\":\"Air Europa conectar\\u00e1 Espa\\u00f1a y Brasil con una nueva ruta directa\",\"author\":{\"@id\":\"https:\\\/\\\/www.eldigitaldeasturias.com\\\/noticias\\\/author\\\/admin\\\/#author\"},\"publisher\":{\"@id\":\"https:\\\/\\\/www.eldigitaldeasturias.com\\\/noticias\\\/#organization\"},\"image\":{\"@type\":\"ImageObject\",\"url\":\"http:\\\/\\\/www.eldigitaldeasturias.com\\\/noticias\\\/wp-content\\\/uploads\\\/2014\\\/01\\\/5868771w-360x239.jpg\",\"@id\":\"https:\\\/\\\/www.eldigitaldeasturias.com\\\/noticias\\\/air-europa-conectara-espana-y-brasil-con-una-nueva-ruta-directa\\\/#articleImage\"},\"datePublished\":\"2014-01-23T10:17:46+01:00\",\"dateModified\":\"2014-01-23T10:17:46+01:00\",\"inLanguage\":\"es-ES\",\"mainEntityOfPage\":{\"@id\":\"https:\\\/\\\/www.eldigitaldeasturias.com\\\/noticias\\\/air-europa-conectara-espana-y-brasil-con-una-nueva-ruta-directa\\\/#webpage\"},\"isPartOf\":{\"@id\":\"https:\\\/\\\/www.eldigitaldeasturias.com\\\/noticias\\\/air-europa-conectara-espana-y-brasil-con-una-nueva-ruta-directa\\\/#webpage\"},\"articleSection\":\"Turismo\"},{\"@type\":\"BreadcrumbList\",\"@id\":\"https:\\\/\\\/www.eldigitaldeasturias.com\\\/noticias\\\/air-europa-conectara-espana-y-brasil-con-una-nueva-ruta-directa\\\/#breadcrumblist\",\"itemListElement\":[{\"@type\":\"ListItem\",\"@id\":\"https:\\\/\\\/www.eldigitaldeasturias.com\\\/noticias#listItem\",\"position\":1,\"name\":\"Home\",\"item\":\"https:\\\/\\\/www.eldigitaldeasturias.com\\\/noticias\",\"nextItem\":{\"@type\":\"ListItem\",\"@id\":\"https:\\\/\\\/www.eldigitaldeasturias.com\\\/noticias\\\/category\\\/turismo\\\/#listItem\",\"name\":\"Turismo\"}},{\"@type\":\"ListItem\",\"@id\":\"https:\\\/\\\/www.eldigitaldeasturias.com\\\/noticias\\\/category\\\/turismo\\\/#listItem\",\"position\":2,\"name\":\"Turismo\",\"item\":\"https:\\\/\\\/www.eldigitaldeasturias.com\\\/noticias\\\/category\\\/turismo\\\/\",\"nextItem\":{\"@type\":\"ListItem\",\"@id\":\"https:\\\/\\\/www.eldigitaldeasturias.com\\\/noticias\\\/air-europa-conectara-espana-y-brasil-con-una-nueva-ruta-directa\\\/#listItem\",\"name\":\"Air Europa conectar\\u00e1 Espa\\u00f1a y Brasil con una nueva ruta directa\"},\"previousItem\":{\"@type\":\"ListItem\",\"@id\":\"https:\\\/\\\/www.eldigitaldeasturias.com\\\/noticias#listItem\",\"name\":\"Home\"}},{\"@type\":\"ListItem\",\"@id\":\"https:\\\/\\\/www.eldigitaldeasturias.com\\\/noticias\\\/air-europa-conectara-espana-y-brasil-con-una-nueva-ruta-directa\\\/#listItem\",\"position\":3,\"name\":\"Air Europa conectar\\u00e1 Espa\\u00f1a y Brasil con una nueva ruta directa\",\"previousItem\":{\"@type\":\"ListItem\",\"@id\":\"https:\\\/\\\/www.eldigitaldeasturias.com\\\/noticias\\\/category\\\/turismo\\\/#listItem\",\"name\":\"Turismo\"}}]},{\"@type\":\"Organization\",\"@id\":\"https:\\\/\\\/www.eldigitaldeasturias.com\\\/noticias\\\/#organization\",\"name\":\"El Digital de Asturias\",\"description\":\"Hemeroteca\",\"url\":\"https:\\\/\\\/www.eldigitaldeasturias.com\\\/noticias\\\/\",\"email\":\"info@eldigitaldeasturias.com\",\"telephone\":\"+34652131393\",\"logo\":{\"@type\":\"ImageObject\",\"url\":\"https:\\\/\\\/www.eldigitaldeasturias.com\\\/noticias\\\/wp-content\\\/uploads\\\/2020\\\/12\\\/EDA.jpg\",\"@id\":\"https:\\\/\\\/www.eldigitaldeasturias.com\\\/noticias\\\/air-europa-conectara-espana-y-brasil-con-una-nueva-ruta-directa\\\/#organizationLogo\",\"width\":649,\"height\":297},\"image\":{\"@id\":\"https:\\\/\\\/www.eldigitaldeasturias.com\\\/noticias\\\/air-europa-conectara-espana-y-brasil-con-una-nueva-ruta-directa\\\/#organizationLogo\"},\"sameAs\":[\"https:\\\/\\\/facebook.com\\\/eldigitaldeasturias\",\"https:\\\/\\\/www.youtube.com\\\/channel\\\/UCZP-2wLEB9Rv6erhFmqVnvg\"],\"address\":{\"@id\":\"https:\\\/\\\/www.eldigitaldeasturias.com\\\/noticias\\\/#postaladdress\",\"@type\":\"PostalAddress\",\"streetAddress\":\"san antonio 4,\",\"postalCode\":\"33430\",\"addressLocality\":\"Cand\\u00e1s\",\"addressRegion\":\"Asturias\",\"addressCountry\":\"ES\"}},{\"@type\":\"Person\",\"@id\":\"https:\\\/\\\/www.eldigitaldeasturias.com\\\/noticias\\\/author\\\/admin\\\/#author\",\"url\":\"https:\\\/\\\/www.eldigitaldeasturias.com\\\/noticias\\\/author\\\/admin\\\/\",\"name\":\"El Digital de Asturias\",\"image\":{\"@type\":\"ImageObject\",\"@id\":\"https:\\\/\\\/www.eldigitaldeasturias.com\\\/noticias\\\/air-europa-conectara-espana-y-brasil-con-una-nueva-ruta-directa\\\/#authorImage\",\"url\":\"https:\\\/\\\/www.eldigitaldeasturias.com\\\/noticias\\\/wp-content\\\/litespeed\\\/avatar\\\/18677e78aa0546b92d9dbf31ec7d7668.jpg?ver=1776685526\",\"width\":96,\"height\":96,\"caption\":\"El Digital de Asturias\"}},{\"@type\":\"WebPage\",\"@id\":\"https:\\\/\\\/www.eldigitaldeasturias.com\\\/noticias\\\/air-europa-conectara-espana-y-brasil-con-una-nueva-ruta-directa\\\/#webpage\",\"url\":\"https:\\\/\\\/www.eldigitaldeasturias.com\\\/noticias\\\/air-europa-conectara-espana-y-brasil-con-una-nueva-ruta-directa\\\/\",\"name\":\"Air Europa conectar\\u00e1 Espa\\u00f1a y Brasil con una nueva ruta directa - El Digital de Asturias\",\"description\":\"Madrid, 22 ene (EFE).- La compa\\u00f1\\u00eda a\\u00e9rea Air Europa anunci\\u00f3 hoy la apertura de una nueva ruta entre Madrid y Santiago de Chile, con tr\\u00e1nsito en la ciudad brasile\\u00f1a de Salvador de Bah\\u00eda, una de las doce ciudades-sede de la Copa Mundial de la FIFA 2014. Con una frecuencia de tres vuelos semanales, esta nueva\",\"inLanguage\":\"es-ES\",\"isPartOf\":{\"@id\":\"https:\\\/\\\/www.eldigitaldeasturias.com\\\/noticias\\\/#website\"},\"breadcrumb\":{\"@id\":\"https:\\\/\\\/www.eldigitaldeasturias.com\\\/noticias\\\/air-europa-conectara-espana-y-brasil-con-una-nueva-ruta-directa\\\/#breadcrumblist\"},\"author\":{\"@id\":\"https:\\\/\\\/www.eldigitaldeasturias.com\\\/noticias\\\/author\\\/admin\\\/#author\"},\"creator\":{\"@id\":\"https:\\\/\\\/www.eldigitaldeasturias.com\\\/noticias\\\/author\\\/admin\\\/#author\"},\"datePublished\":\"2014-01-23T10:17:46+01:00\",\"dateModified\":\"2014-01-23T10:17:46+01:00\"},{\"@type\":\"WebSite\",\"@id\":\"https:\\\/\\\/www.eldigitaldeasturias.com\\\/noticias\\\/#website\",\"url\":\"https:\\\/\\\/www.eldigitaldeasturias.com\\\/noticias\\\/\",\"name\":\"El Digital de Asturias - Diario de actualidad y noticias\",\"alternateName\":\"El Digital de Asturias - Diario de actualidad y noticias\",\"description\":\"Hemeroteca\",\"inLanguage\":\"es-ES\",\"publisher\":{\"@id\":\"https:\\\/\\\/www.eldigitaldeasturias.com\\\/noticias\\\/#organization\"}}]}\n\t\t<\/script>\n\t\t<!-- All in One SEO Pro -->\r\n\t\t<title>Air Europa conectar\u00e1 Espa\u00f1a y Brasil con una nueva ruta directa - El Digital de Asturias<\/title>\n\n","aioseo_head_json":{"title":"Air Europa conectar\u00e1 Espa\u00f1a y Brasil con una nueva ruta directa - El Digital de Asturias","description":"Madrid, 22 ene (EFE).- La compa\u00f1\u00eda a\u00e9rea Air Europa anunci\u00f3 hoy la apertura de una nueva ruta entre Madrid y Santiago de Chile, con tr\u00e1nsito en la ciudad brasile\u00f1a de Salvador de Bah\u00eda, una de las doce ciudades-sede de la Copa Mundial de la FIFA 2014. Con una frecuencia de tres vuelos semanales, esta nueva","canonical_url":"https:\/\/www.eldigitaldeasturias.com\/noticias\/air-europa-conectara-espana-y-brasil-con-una-nueva-ruta-directa\/","robots":"max-image-preview:large","keywords":"turismo","webmasterTools":{"google-site-verification":"UA-38556648-1","msvalidate.01":"7dfe9f3f1b24437ab69f4f2559babe99","miscellaneous":""},"schema":{"@context":"https:\/\/schema.org","@graph":[{"@type":"BlogPosting","@id":"https:\/\/www.eldigitaldeasturias.com\/noticias\/air-europa-conectara-espana-y-brasil-con-una-nueva-ruta-directa\/#blogposting","name":"Air Europa conectar\u00e1 Espa\u00f1a y Brasil con una nueva ruta directa - El Digital de Asturias","headline":"Air Europa conectar\u00e1 Espa\u00f1a y Brasil con una nueva ruta directa","author":{"@id":"https:\/\/www.eldigitaldeasturias.com\/noticias\/author\/admin\/#author"},"publisher":{"@id":"https:\/\/www.eldigitaldeasturias.com\/noticias\/#organization"},"image":{"@type":"ImageObject","url":"http:\/\/www.eldigitaldeasturias.com\/noticias\/wp-content\/uploads\/2014\/01\/5868771w-360x239.jpg","@id":"https:\/\/www.eldigitaldeasturias.com\/noticias\/air-europa-conectara-espana-y-brasil-con-una-nueva-ruta-directa\/#articleImage"},"datePublished":"2014-01-23T10:17:46+01:00","dateModified":"2014-01-23T10:17:46+01:00","inLanguage":"es-ES","mainEntityOfPage":{"@id":"https:\/\/www.eldigitaldeasturias.com\/noticias\/air-europa-conectara-espana-y-brasil-con-una-nueva-ruta-directa\/#webpage"},"isPartOf":{"@id":"https:\/\/www.eldigitaldeasturias.com\/noticias\/air-europa-conectara-espana-y-brasil-con-una-nueva-ruta-directa\/#webpage"},"articleSection":"Turismo"},{"@type":"BreadcrumbList","@id":"https:\/\/www.eldigitaldeasturias.com\/noticias\/air-europa-conectara-espana-y-brasil-con-una-nueva-ruta-directa\/#breadcrumblist","itemListElement":[{"@type":"ListItem","@id":"https:\/\/www.eldigitaldeasturias.com\/noticias#listItem","position":1,"name":"Home","item":"https:\/\/www.eldigitaldeasturias.com\/noticias","nextItem":{"@type":"ListItem","@id":"https:\/\/www.eldigitaldeasturias.com\/noticias\/category\/turismo\/#listItem","name":"Turismo"}},{"@type":"ListItem","@id":"https:\/\/www.eldigitaldeasturias.com\/noticias\/category\/turismo\/#listItem","position":2,"name":"Turismo","item":"https:\/\/www.eldigitaldeasturias.com\/noticias\/category\/turismo\/","nextItem":{"@type":"ListItem","@id":"https:\/\/www.eldigitaldeasturias.com\/noticias\/air-europa-conectara-espana-y-brasil-con-una-nueva-ruta-directa\/#listItem","name":"Air Europa conectar\u00e1 Espa\u00f1a y Brasil con una nueva ruta directa"},"previousItem":{"@type":"ListItem","@id":"https:\/\/www.eldigitaldeasturias.com\/noticias#listItem","name":"Home"}},{"@type":"ListItem","@id":"https:\/\/www.eldigitaldeasturias.com\/noticias\/air-europa-conectara-espana-y-brasil-con-una-nueva-ruta-directa\/#listItem","position":3,"name":"Air Europa conectar\u00e1 Espa\u00f1a y Brasil con una nueva ruta directa","previousItem":{"@type":"ListItem","@id":"https:\/\/www.eldigitaldeasturias.com\/noticias\/category\/turismo\/#listItem","name":"Turismo"}}]},{"@type":"Organization","@id":"https:\/\/www.eldigitaldeasturias.com\/noticias\/#organization","name":"El Digital de Asturias","description":"Hemeroteca","url":"https:\/\/www.eldigitaldeasturias.com\/noticias\/","email":"info@eldigitaldeasturias.com","telephone":"+34652131393","logo":{"@type":"ImageObject","url":"https:\/\/www.eldigitaldeasturias.com\/noticias\/wp-content\/uploads\/2020\/12\/EDA.jpg","@id":"https:\/\/www.eldigitaldeasturias.com\/noticias\/air-europa-conectara-espana-y-brasil-con-una-nueva-ruta-directa\/#organizationLogo","width":649,"height":297},"image":{"@id":"https:\/\/www.eldigitaldeasturias.com\/noticias\/air-europa-conectara-espana-y-brasil-con-una-nueva-ruta-directa\/#organizationLogo"},"sameAs":["https:\/\/facebook.com\/eldigitaldeasturias","https:\/\/www.youtube.com\/channel\/UCZP-2wLEB9Rv6erhFmqVnvg"],"address":{"@id":"https:\/\/www.eldigitaldeasturias.com\/noticias\/#postaladdress","@type":"PostalAddress","streetAddress":"san antonio 4,","postalCode":"33430","addressLocality":"Cand\u00e1s","addressRegion":"Asturias","addressCountry":"ES"}},{"@type":"Person","@id":"https:\/\/www.eldigitaldeasturias.com\/noticias\/author\/admin\/#author","url":"https:\/\/www.eldigitaldeasturias.com\/noticias\/author\/admin\/","name":"El Digital de Asturias","image":{"@type":"ImageObject","@id":"https:\/\/www.eldigitaldeasturias.com\/noticias\/air-europa-conectara-espana-y-brasil-con-una-nueva-ruta-directa\/#authorImage","url":"https:\/\/www.eldigitaldeasturias.com\/noticias\/wp-content\/litespeed\/avatar\/18677e78aa0546b92d9dbf31ec7d7668.jpg?ver=1776685526","width":96,"height":96,"caption":"El Digital de Asturias"}},{"@type":"WebPage","@id":"https:\/\/www.eldigitaldeasturias.com\/noticias\/air-europa-conectara-espana-y-brasil-con-una-nueva-ruta-directa\/#webpage","url":"https:\/\/www.eldigitaldeasturias.com\/noticias\/air-europa-conectara-espana-y-brasil-con-una-nueva-ruta-directa\/","name":"Air Europa conectar\u00e1 Espa\u00f1a y Brasil con una nueva ruta directa - El Digital de Asturias","description":"Madrid, 22 ene (EFE).- La compa\u00f1\u00eda a\u00e9rea Air Europa anunci\u00f3 hoy la apertura de una nueva ruta entre Madrid y Santiago de Chile, con tr\u00e1nsito en la ciudad brasile\u00f1a de Salvador de Bah\u00eda, una de las doce ciudades-sede de la Copa Mundial de la FIFA 2014. Con una frecuencia de tres vuelos semanales, esta nueva","inLanguage":"es-ES","isPartOf":{"@id":"https:\/\/www.eldigitaldeasturias.com\/noticias\/#website"},"breadcrumb":{"@id":"https:\/\/www.eldigitaldeasturias.com\/noticias\/air-europa-conectara-espana-y-brasil-con-una-nueva-ruta-directa\/#breadcrumblist"},"author":{"@id":"https:\/\/www.eldigitaldeasturias.com\/noticias\/author\/admin\/#author"},"creator":{"@id":"https:\/\/www.eldigitaldeasturias.com\/noticias\/author\/admin\/#author"},"datePublished":"2014-01-23T10:17:46+01:00","dateModified":"2014-01-23T10:17:46+01:00"},{"@type":"WebSite","@id":"https:\/\/www.eldigitaldeasturias.com\/noticias\/#website","url":"https:\/\/www.eldigitaldeasturias.com\/noticias\/","name":"El Digital de Asturias - Diario de actualidad y noticias","alternateName":"El Digital de Asturias - Diario de actualidad y noticias","description":"Hemeroteca","inLanguage":"es-ES","publisher":{"@id":"https:\/\/www.eldigitaldeasturias.com\/noticias\/#organization"}}]},"og:locale":"es_ES","og:site_name":"El Digital de Asturias","og:type":"article","og:title":"Air Europa conectar\u00e1 Espa\u00f1a y Brasil con una nueva ruta directa - El Digital de Asturias","og:description":"Madrid, 22 ene (EFE).- La compa\u00f1\u00eda a\u00e9rea Air Europa anunci\u00f3 hoy la apertura de una nueva ruta entre Madrid y Santiago de Chile, con tr\u00e1nsito en la ciudad brasile\u00f1a de Salvador de Bah\u00eda, una de las doce ciudades-sede de la Copa Mundial de la FIFA 2014. Con una frecuencia de tres vuelos semanales, esta nueva","og:url":"https:\/\/www.eldigitaldeasturias.com\/noticias\/air-europa-conectara-espana-y-brasil-con-una-nueva-ruta-directa\/","article:tag":["turismo"],"article:published_time":"2014-01-23T11:17:46+00:00","article:modified_time":"2014-01-23T11:17:46+00:00","article:publisher":"https:\/\/facebook.com\/eldigitaldeasturias","twitter:card":"summary_large_image","twitter:title":"Air Europa conectar\u00e1 Espa\u00f1a y Brasil con una nueva ruta directa - El Digital de Asturias","twitter:description":"Madrid, 22 ene (EFE).- La compa\u00f1\u00eda a\u00e9rea Air Europa anunci\u00f3 hoy la apertura de una nueva ruta entre Madrid y Santiago de Chile, con tr\u00e1nsito en la ciudad brasile\u00f1a de Salvador de Bah\u00eda, una de las doce ciudades-sede de la Copa Mundial de la FIFA 2014. Con una frecuencia de tres vuelos semanales, esta nueva","twitter:label1":"Escrito por","twitter:data1":"El Digital de Asturias","twitter:label2":"Tiempo de lectura estimado","twitter:data2":"1 minuto"},"aioseo_meta_data":{"post_id":"477284","title":null,"description":null,"keywords":null,"keyphrases":null,"primary_term":null,"canonical_url":null,"og_title":null,"og_description":null,"og_object_type":"default","og_image_type":"default","og_image_url":null,"og_image_width":null,"og_image_height":null,"og_image_custom_url":null,"og_image_custom_fields":null,"og_video":null,"og_custom_url":null,"og_article_section":null,"og_article_tags":null,"twitter_use_og":true,"twitter_card":"default","twitter_image_type":"default","twitter_image_url":null,"twitter_image_custom_url":null,"twitter_image_custom_fields":null,"twitter_title":null,"twitter_description":null,"schema":{"blockGraphs":[],"customGraphs":[],"default":{"data":{"Article":[],"Course":[],"Dataset":[],"FAQPage":[],"Movie":[],"Person":[],"Product":[],"ProductReview":[],"Car":[],"Recipe":[],"Service":[],"SoftwareApplication":[],"WebPage":[]},"graphName":"","isEnabled":true},"graphs":[],"defaultGraph":"","defaultPostTypeGraph":""},"schema_type":null,"schema_type_options":null,"pillar_content":false,"robots_default":true,"robots_noindex":false,"robots_noarchive":false,"robots_nosnippet":false,"robots_nofollow":false,"robots_noimageindex":false,"robots_noodp":false,"robots_notranslate":false,"robots_max_snippet":null,"robots_max_videopreview":null,"robots_max_imagepreview":"none","priority":null,"frequency":null,"local_seo":null,"seo_analyzer_scan_date":"2025-08-26 01:13:51","breadcrumb_settings":null,"limit_modified_date":false,"open_ai":null,"ai":null,"created":"2020-11-14 22:53:43","updated":"2025-08-26 01:13:51"},"aioseo_breadcrumb":"<div class=\"aioseo-breadcrumbs\"><span class=\"aioseo-breadcrumb\">\n\t<a href=\"https:\/\/www.eldigitaldeasturias.com\/noticias\" title=\"Home\">Home<\/a>\n<\/span><span class=\"aioseo-breadcrumb-separator\">\u2013<\/span><span class=\"aioseo-breadcrumb\">\n\t<a href=\"https:\/\/www.eldigitaldeasturias.com\/noticias\/category\/turismo\/\" title=\"Turismo\">Turismo<\/a>\n<\/span><span class=\"aioseo-breadcrumb-separator\">\u2013<\/span><span class=\"aioseo-breadcrumb\">\n\t<a href=\"https:\/\/www.eldigitaldeasturias.com\/noticias\/air-europa-conectara-espana-y-brasil-con-una-nueva-ruta-directa\/\" title=\"Air Europa conectar\u00e1 Espa\u00f1a y Brasil con una nueva ruta directa\">Air Europa conectar\u00e1 Espa\u00f1a y Brasil con una nueva ruta directa<\/a>\n<\/span><\/div>","aioseo_breadcrumb_json":[{"label":"Home","link":"https:\/\/www.eldigitaldeasturias.com\/noticias"},{"label":"Turismo","link":"https:\/\/www.eldigitaldeasturias.com\/noticias\/category\/turismo\/"},{"label":"Air Europa conectar\u00e1 Espa\u00f1a y Brasil con una nueva ruta directa","link":"https:\/\/www.eldigitaldeasturias.com\/noticias\/air-europa-conectara-espana-y-brasil-con-una-nueva-ruta-directa\/"}],"_links":{"self":[{"href":"https:\/\/www.eldigitaldeasturias.com\/noticias\/wp-json\/wp\/v2\/posts\/477284","targetHints":{"allow":["GET"]}}],"collection":[{"href":"https:\/\/www.eldigitaldeasturias.com\/noticias\/wp-json\/wp\/v2\/posts"}],"about":[{"href":"https:\/\/www.eldigitaldeasturias.com\/noticias\/wp-json\/wp\/v2\/types\/post"}],"author":[{"embeddable":true,"href":"https:\/\/www.eldigitaldeasturias.com\/noticias\/wp-json\/wp\/v2\/users\/1"}],"replies":[{"embeddable":true,"href":"https:\/\/www.eldigitaldeasturias.com\/noticias\/wp-json\/wp\/v2\/comments?post=477284"}],"version-history":[{"count":0,"href":"https:\/\/www.eldigitaldeasturias.com\/noticias\/wp-json\/wp\/v2\/posts\/477284\/revisions"}],"wp:attachment":[{"href":"https:\/\/www.eldigitaldeasturias.com\/noticias\/wp-json\/wp\/v2\/media?parent=477284"}],"wp:term":[{"taxonomy":"category","embeddable":true,"href":"https:\/\/www.eldigitaldeasturias.com\/noticias\/wp-json\/wp\/v2\/categories?post=477284"},{"taxonomy":"post_tag","embeddable":true,"href":"https:\/\/www.eldigitaldeasturias.com\/noticias\/wp-json\/wp\/v2\/tags?post=477284"}],"curies":[{"name":"wp","href":"https:\/\/api.w.org\/{rel}","templated":true}]}}