{"id":477265,"date":"2014-01-23T09:59:50","date_gmt":"2014-01-23T10:59:50","guid":{"rendered":"http:\/\/www.eldigitaldeasturias.com\/noticias\/?p=477265"},"modified":"2014-01-23T09:59:50","modified_gmt":"2014-01-23T10:59:50","slug":"nunez-feijoo-apuesta-por-la-internacionalizacion-del-turismo-en-galicia","status":"publish","type":"post","link":"https:\/\/www.eldigitaldeasturias.com\/noticias\/nunez-feijoo-apuesta-por-la-internacionalizacion-del-turismo-en-galicia\/","title":{"rendered":"N\u00fa\u00f1ez Feij\u00f3o apuesta por la internacionalizaci\u00f3n del turismo en Galicia"},"content":{"rendered":"<p><img loading=\"lazy\" decoding=\"async\" class=\"alignleft size-medium wp-image-477266\" alt=\"5867488w\" src=\"https:\/\/www.eldigitaldeasturias.com\/noticias\/wp-content\/uploads\/2014\/01\/5867488w-360x246.jpg\" width=\"360\" height=\"246\" \/>Madrid, 22 ene (EFE).- El presidente de la Xunta de Galicia, Alberto N\u00fa\u00f1ez Feij\u00f3o, ha destacado hoy los buenos datos de la evoluci\u00f3n del turismo en su comunidad y ha marcado como objetivos para 2014 la \u00abconsolidaci\u00f3n\u00bb del turismo dom\u00e9stico y el progresivo incremento de los visitantes extranjeros.<\/p>\n<p>N\u00fa\u00f1ez Feij\u00f3o ha realizado estas declaraciones en el expositor de Galicia en Fitur, donde ha recibido a los Pr\u00edncipes de Asturias, con quienes ha mantenido una breve conversaci\u00f3n y a quienes les ha entregado un obsequio.<\/p>\n<p>\u00abEspa\u00f1a es la tercera potencia del mundo en turismo por detr\u00e1s de Francia y Estados Unidos -ha a\u00f1adido el presidente de la Xunta-, y en 2013 Galicia subi\u00f3 por encima de la media en n\u00famero de viajeros\u00bb.<\/p>\n<p>El presidente regional ha destacado el \u00abexcelente verano\u00bb que vivi\u00f3 el sector en Galicia en 2013, con un \u00abr\u00e9cord hist\u00f3rico\u00bb en agosto y ha recordado los datos del Instituto Nacional de Estad\u00edstica (INE), que reflejan un incremento en el n\u00famero de viajeros a Galicia de un 4,5 % entre enero y noviembre del pasado a\u00f1o.<\/p>\n<p>Adem\u00e1s, ha admitido que la crisis econ\u00f3mica afecta al turismo dom\u00e9stico y ha apostado por \u00abincrementar el turismo internacional\u00bb como objetivo fundamental en 2014.<\/p>\n<p>En esta l\u00ednea, ha calificado de \u00abmuy esperanzador\u00bb que el 51 % de los peregrinos que recorren el Camino de Santiago sean extranjeros.<\/p>\n<p>Preguntado por la empresa p\u00fablica Petr\u00f3leos Mexicanos (Pemex), el presidente de la Xunta ha dicho que es una empresa \u00absolvente, fiable y predecible\u00bb, y ha a\u00f1adido que los astilleros de Ferrol tendr\u00e1n carga de trabajo \u00abantes de que termine el primer trimestre\u00bb conforme \u00aba los compromisos que cumple\u00bb la empresa.<\/p>\n<p>\u00abNo tengo duda de que seguir\u00e1 cumpliendo\u00bb, ha zanjado.<\/p>\n","protected":false},"excerpt":{"rendered":"<p>Madrid, 22 ene (EFE).- El presidente de la Xunta de Galicia, Alberto N\u00fa\u00f1ez Feij\u00f3o, ha destacado hoy los buenos datos de la evoluci\u00f3n del turismo en su comunidad y ha marcado como objetivos para 2014 la \u00abconsolidaci\u00f3n\u00bb del turismo dom\u00e9stico y el progresivo incremento de los visitantes extranjeros. N\u00fa\u00f1ez Feij\u00f3o ha realizado estas declaraciones en [&hellip;]<\/p>\n","protected":false},"author":1,"featured_media":0,"comment_status":"closed","ping_status":"open","sticky":false,"template":"","format":"standard","meta":{"footnotes":""},"categories":[148],"tags":[],"class_list":["post-477265","post","type-post","status-publish","format-standard","hentry","category-turismo"],"aioseo_notices":[],"aioseo_head":"\n\t\t<!-- All in One SEO Pro 4.9.6.2 - aioseo.com -->\n\t<meta name=\"description\" content=\"Madrid, 22 ene (EFE).- El presidente de la Xunta de Galicia, Alberto N\u00fa\u00f1ez Feij\u00f3o, ha destacado hoy los buenos datos de la evoluci\u00f3n del turismo en su comunidad y ha marcado como objetivos para 2014 la &quot;consolidaci\u00f3n&quot; del turismo dom\u00e9stico y el progresivo incremento de los visitantes extranjeros. N\u00fa\u00f1ez Feij\u00f3o ha realizado estas declaraciones en\" \/>\n\t<meta name=\"robots\" content=\"max-image-preview:large\" \/>\n\t<meta name=\"author\" content=\"El Digital de Asturias\"\/>\n\t<meta name=\"google-site-verification\" content=\"UA-38556648-1\" \/>\n\t<meta name=\"msvalidate.01\" content=\"7dfe9f3f1b24437ab69f4f2559babe99\" \/>\n\t<meta name=\"keywords\" content=\"turismo\" \/>\n\t<link rel=\"canonical\" href=\"https:\/\/www.eldigitaldeasturias.com\/noticias\/nunez-feijoo-apuesta-por-la-internacionalizacion-del-turismo-en-galicia\/\" \/>\n\t<meta name=\"generator\" content=\"All in One SEO Pro (AIOSEO) 4.9.6.2\" \/>\n\t\t<meta property=\"og:locale\" content=\"es_ES\" \/>\n\t\t<meta property=\"og:site_name\" content=\"El Digital de Asturias\" \/>\n\t\t<meta property=\"og:type\" content=\"article\" \/>\n\t\t<meta property=\"og:title\" content=\"N\u00fa\u00f1ez Feij\u00f3o apuesta por la internacionalizaci\u00f3n del turismo en Galicia - El Digital de Asturias\" \/>\n\t\t<meta property=\"og:description\" content=\"Madrid, 22 ene (EFE).- El presidente de la Xunta de Galicia, Alberto N\u00fa\u00f1ez Feij\u00f3o, ha destacado hoy los buenos datos de la evoluci\u00f3n del turismo en su comunidad y ha marcado como objetivos para 2014 la &quot;consolidaci\u00f3n&quot; del turismo dom\u00e9stico y el progresivo incremento de los visitantes extranjeros. N\u00fa\u00f1ez Feij\u00f3o ha realizado estas declaraciones en\" \/>\n\t\t<meta property=\"og:url\" content=\"https:\/\/www.eldigitaldeasturias.com\/noticias\/nunez-feijoo-apuesta-por-la-internacionalizacion-del-turismo-en-galicia\/\" \/>\n\t\t<meta property=\"article:tag\" content=\"turismo\" \/>\n\t\t<meta property=\"article:published_time\" content=\"2014-01-23T10:59:50+00:00\" \/>\n\t\t<meta property=\"article:modified_time\" content=\"2014-01-23T10:59:50+00:00\" \/>\n\t\t<meta property=\"article:publisher\" content=\"https:\/\/facebook.com\/eldigitaldeasturias\" \/>\n\t\t<meta name=\"twitter:card\" content=\"summary_large_image\" \/>\n\t\t<meta name=\"twitter:title\" content=\"N\u00fa\u00f1ez Feij\u00f3o apuesta por la internacionalizaci\u00f3n del turismo en Galicia - El Digital de Asturias\" \/>\n\t\t<meta name=\"twitter:description\" content=\"Madrid, 22 ene (EFE).- El presidente de la Xunta de Galicia, Alberto N\u00fa\u00f1ez Feij\u00f3o, ha destacado hoy los buenos datos de la evoluci\u00f3n del turismo en su comunidad y ha marcado como objetivos para 2014 la &quot;consolidaci\u00f3n&quot; del turismo dom\u00e9stico y el progresivo incremento de los visitantes extranjeros. N\u00fa\u00f1ez Feij\u00f3o ha realizado estas declaraciones en\" \/>\n\t\t<meta name=\"twitter:label1\" content=\"Escrito por\" \/>\n\t\t<meta name=\"twitter:data1\" content=\"El Digital de Asturias\" \/>\n\t\t<meta name=\"twitter:label2\" content=\"Tiempo de lectura estimado\" \/>\n\t\t<meta name=\"twitter:data2\" content=\"2 minutos\" \/>\n\t\t<script type=\"application\/ld+json\" class=\"aioseo-schema\">\n\t\t\t{\"@context\":\"https:\\\/\\\/schema.org\",\"@graph\":[{\"@type\":\"BlogPosting\",\"@id\":\"https:\\\/\\\/www.eldigitaldeasturias.com\\\/noticias\\\/nunez-feijoo-apuesta-por-la-internacionalizacion-del-turismo-en-galicia\\\/#blogposting\",\"name\":\"N\\u00fa\\u00f1ez Feij\\u00f3o apuesta por la internacionalizaci\\u00f3n del turismo en Galicia - El Digital de Asturias\",\"headline\":\"N\\u00fa\\u00f1ez Feij\\u00f3o apuesta por la internacionalizaci\\u00f3n del turismo en Galicia\",\"author\":{\"@id\":\"https:\\\/\\\/www.eldigitaldeasturias.com\\\/noticias\\\/author\\\/admin\\\/#author\"},\"publisher\":{\"@id\":\"https:\\\/\\\/www.eldigitaldeasturias.com\\\/noticias\\\/#organization\"},\"image\":{\"@type\":\"ImageObject\",\"url\":\"http:\\\/\\\/www.eldigitaldeasturias.com\\\/noticias\\\/wp-content\\\/uploads\\\/2014\\\/01\\\/5867488w-360x246.jpg\",\"@id\":\"https:\\\/\\\/www.eldigitaldeasturias.com\\\/noticias\\\/nunez-feijoo-apuesta-por-la-internacionalizacion-del-turismo-en-galicia\\\/#articleImage\"},\"datePublished\":\"2014-01-23T09:59:50+01:00\",\"dateModified\":\"2014-01-23T09:59:50+01:00\",\"inLanguage\":\"es-ES\",\"mainEntityOfPage\":{\"@id\":\"https:\\\/\\\/www.eldigitaldeasturias.com\\\/noticias\\\/nunez-feijoo-apuesta-por-la-internacionalizacion-del-turismo-en-galicia\\\/#webpage\"},\"isPartOf\":{\"@id\":\"https:\\\/\\\/www.eldigitaldeasturias.com\\\/noticias\\\/nunez-feijoo-apuesta-por-la-internacionalizacion-del-turismo-en-galicia\\\/#webpage\"},\"articleSection\":\"Turismo\"},{\"@type\":\"BreadcrumbList\",\"@id\":\"https:\\\/\\\/www.eldigitaldeasturias.com\\\/noticias\\\/nunez-feijoo-apuesta-por-la-internacionalizacion-del-turismo-en-galicia\\\/#breadcrumblist\",\"itemListElement\":[{\"@type\":\"ListItem\",\"@id\":\"https:\\\/\\\/www.eldigitaldeasturias.com\\\/noticias#listItem\",\"position\":1,\"name\":\"Home\",\"item\":\"https:\\\/\\\/www.eldigitaldeasturias.com\\\/noticias\",\"nextItem\":{\"@type\":\"ListItem\",\"@id\":\"https:\\\/\\\/www.eldigitaldeasturias.com\\\/noticias\\\/category\\\/turismo\\\/#listItem\",\"name\":\"Turismo\"}},{\"@type\":\"ListItem\",\"@id\":\"https:\\\/\\\/www.eldigitaldeasturias.com\\\/noticias\\\/category\\\/turismo\\\/#listItem\",\"position\":2,\"name\":\"Turismo\",\"item\":\"https:\\\/\\\/www.eldigitaldeasturias.com\\\/noticias\\\/category\\\/turismo\\\/\",\"nextItem\":{\"@type\":\"ListItem\",\"@id\":\"https:\\\/\\\/www.eldigitaldeasturias.com\\\/noticias\\\/nunez-feijoo-apuesta-por-la-internacionalizacion-del-turismo-en-galicia\\\/#listItem\",\"name\":\"N\\u00fa\\u00f1ez Feij\\u00f3o apuesta por la internacionalizaci\\u00f3n del turismo en Galicia\"},\"previousItem\":{\"@type\":\"ListItem\",\"@id\":\"https:\\\/\\\/www.eldigitaldeasturias.com\\\/noticias#listItem\",\"name\":\"Home\"}},{\"@type\":\"ListItem\",\"@id\":\"https:\\\/\\\/www.eldigitaldeasturias.com\\\/noticias\\\/nunez-feijoo-apuesta-por-la-internacionalizacion-del-turismo-en-galicia\\\/#listItem\",\"position\":3,\"name\":\"N\\u00fa\\u00f1ez Feij\\u00f3o apuesta por la internacionalizaci\\u00f3n del turismo en Galicia\",\"previousItem\":{\"@type\":\"ListItem\",\"@id\":\"https:\\\/\\\/www.eldigitaldeasturias.com\\\/noticias\\\/category\\\/turismo\\\/#listItem\",\"name\":\"Turismo\"}}]},{\"@type\":\"Organization\",\"@id\":\"https:\\\/\\\/www.eldigitaldeasturias.com\\\/noticias\\\/#organization\",\"name\":\"El Digital de Asturias\",\"description\":\"Hemeroteca\",\"url\":\"https:\\\/\\\/www.eldigitaldeasturias.com\\\/noticias\\\/\",\"email\":\"info@eldigitaldeasturias.com\",\"telephone\":\"+34652131393\",\"logo\":{\"@type\":\"ImageObject\",\"url\":\"https:\\\/\\\/www.eldigitaldeasturias.com\\\/noticias\\\/wp-content\\\/uploads\\\/2020\\\/12\\\/EDA.jpg\",\"@id\":\"https:\\\/\\\/www.eldigitaldeasturias.com\\\/noticias\\\/nunez-feijoo-apuesta-por-la-internacionalizacion-del-turismo-en-galicia\\\/#organizationLogo\",\"width\":649,\"height\":297},\"image\":{\"@id\":\"https:\\\/\\\/www.eldigitaldeasturias.com\\\/noticias\\\/nunez-feijoo-apuesta-por-la-internacionalizacion-del-turismo-en-galicia\\\/#organizationLogo\"},\"sameAs\":[\"https:\\\/\\\/facebook.com\\\/eldigitaldeasturias\",\"https:\\\/\\\/www.youtube.com\\\/channel\\\/UCZP-2wLEB9Rv6erhFmqVnvg\"],\"address\":{\"@id\":\"https:\\\/\\\/www.eldigitaldeasturias.com\\\/noticias\\\/#postaladdress\",\"@type\":\"PostalAddress\",\"streetAddress\":\"san antonio 4,\",\"postalCode\":\"33430\",\"addressLocality\":\"Cand\\u00e1s\",\"addressRegion\":\"Asturias\",\"addressCountry\":\"ES\"}},{\"@type\":\"Person\",\"@id\":\"https:\\\/\\\/www.eldigitaldeasturias.com\\\/noticias\\\/author\\\/admin\\\/#author\",\"url\":\"https:\\\/\\\/www.eldigitaldeasturias.com\\\/noticias\\\/author\\\/admin\\\/\",\"name\":\"El Digital de Asturias\",\"image\":{\"@type\":\"ImageObject\",\"@id\":\"https:\\\/\\\/www.eldigitaldeasturias.com\\\/noticias\\\/nunez-feijoo-apuesta-por-la-internacionalizacion-del-turismo-en-galicia\\\/#authorImage\",\"url\":\"https:\\\/\\\/www.eldigitaldeasturias.com\\\/noticias\\\/wp-content\\\/litespeed\\\/avatar\\\/18677e78aa0546b92d9dbf31ec7d7668.jpg?ver=1776685526\",\"width\":96,\"height\":96,\"caption\":\"El Digital de Asturias\"}},{\"@type\":\"WebPage\",\"@id\":\"https:\\\/\\\/www.eldigitaldeasturias.com\\\/noticias\\\/nunez-feijoo-apuesta-por-la-internacionalizacion-del-turismo-en-galicia\\\/#webpage\",\"url\":\"https:\\\/\\\/www.eldigitaldeasturias.com\\\/noticias\\\/nunez-feijoo-apuesta-por-la-internacionalizacion-del-turismo-en-galicia\\\/\",\"name\":\"N\\u00fa\\u00f1ez Feij\\u00f3o apuesta por la internacionalizaci\\u00f3n del turismo en Galicia - El Digital de Asturias\",\"description\":\"Madrid, 22 ene (EFE).- El presidente de la Xunta de Galicia, Alberto N\\u00fa\\u00f1ez Feij\\u00f3o, ha destacado hoy los buenos datos de la evoluci\\u00f3n del turismo en su comunidad y ha marcado como objetivos para 2014 la \\\"consolidaci\\u00f3n\\\" del turismo dom\\u00e9stico y el progresivo incremento de los visitantes extranjeros. N\\u00fa\\u00f1ez Feij\\u00f3o ha realizado estas declaraciones en\",\"inLanguage\":\"es-ES\",\"isPartOf\":{\"@id\":\"https:\\\/\\\/www.eldigitaldeasturias.com\\\/noticias\\\/#website\"},\"breadcrumb\":{\"@id\":\"https:\\\/\\\/www.eldigitaldeasturias.com\\\/noticias\\\/nunez-feijoo-apuesta-por-la-internacionalizacion-del-turismo-en-galicia\\\/#breadcrumblist\"},\"author\":{\"@id\":\"https:\\\/\\\/www.eldigitaldeasturias.com\\\/noticias\\\/author\\\/admin\\\/#author\"},\"creator\":{\"@id\":\"https:\\\/\\\/www.eldigitaldeasturias.com\\\/noticias\\\/author\\\/admin\\\/#author\"},\"datePublished\":\"2014-01-23T09:59:50+01:00\",\"dateModified\":\"2014-01-23T09:59:50+01:00\"},{\"@type\":\"WebSite\",\"@id\":\"https:\\\/\\\/www.eldigitaldeasturias.com\\\/noticias\\\/#website\",\"url\":\"https:\\\/\\\/www.eldigitaldeasturias.com\\\/noticias\\\/\",\"name\":\"El Digital de Asturias - Diario de actualidad y noticias\",\"alternateName\":\"El Digital de Asturias - Diario de actualidad y noticias\",\"description\":\"Hemeroteca\",\"inLanguage\":\"es-ES\",\"publisher\":{\"@id\":\"https:\\\/\\\/www.eldigitaldeasturias.com\\\/noticias\\\/#organization\"}}]}\n\t\t<\/script>\n\t\t<!-- All in One SEO Pro -->\r\n\t\t<title>N\u00fa\u00f1ez Feij\u00f3o apuesta por la internacionalizaci\u00f3n del turismo en Galicia - El Digital de Asturias<\/title>\n\n","aioseo_head_json":{"title":"N\u00fa\u00f1ez Feij\u00f3o apuesta por la internacionalizaci\u00f3n del turismo en Galicia - El Digital de Asturias","description":"Madrid, 22 ene (EFE).- El presidente de la Xunta de Galicia, Alberto N\u00fa\u00f1ez Feij\u00f3o, ha destacado hoy los buenos datos de la evoluci\u00f3n del turismo en su comunidad y ha marcado como objetivos para 2014 la \"consolidaci\u00f3n\" del turismo dom\u00e9stico y el progresivo incremento de los visitantes extranjeros. N\u00fa\u00f1ez Feij\u00f3o ha realizado estas declaraciones en","canonical_url":"https:\/\/www.eldigitaldeasturias.com\/noticias\/nunez-feijoo-apuesta-por-la-internacionalizacion-del-turismo-en-galicia\/","robots":"max-image-preview:large","keywords":"turismo","webmasterTools":{"google-site-verification":"UA-38556648-1","msvalidate.01":"7dfe9f3f1b24437ab69f4f2559babe99","miscellaneous":""},"schema":{"@context":"https:\/\/schema.org","@graph":[{"@type":"BlogPosting","@id":"https:\/\/www.eldigitaldeasturias.com\/noticias\/nunez-feijoo-apuesta-por-la-internacionalizacion-del-turismo-en-galicia\/#blogposting","name":"N\u00fa\u00f1ez Feij\u00f3o apuesta por la internacionalizaci\u00f3n del turismo en Galicia - El Digital de Asturias","headline":"N\u00fa\u00f1ez Feij\u00f3o apuesta por la internacionalizaci\u00f3n del turismo en Galicia","author":{"@id":"https:\/\/www.eldigitaldeasturias.com\/noticias\/author\/admin\/#author"},"publisher":{"@id":"https:\/\/www.eldigitaldeasturias.com\/noticias\/#organization"},"image":{"@type":"ImageObject","url":"http:\/\/www.eldigitaldeasturias.com\/noticias\/wp-content\/uploads\/2014\/01\/5867488w-360x246.jpg","@id":"https:\/\/www.eldigitaldeasturias.com\/noticias\/nunez-feijoo-apuesta-por-la-internacionalizacion-del-turismo-en-galicia\/#articleImage"},"datePublished":"2014-01-23T09:59:50+01:00","dateModified":"2014-01-23T09:59:50+01:00","inLanguage":"es-ES","mainEntityOfPage":{"@id":"https:\/\/www.eldigitaldeasturias.com\/noticias\/nunez-feijoo-apuesta-por-la-internacionalizacion-del-turismo-en-galicia\/#webpage"},"isPartOf":{"@id":"https:\/\/www.eldigitaldeasturias.com\/noticias\/nunez-feijoo-apuesta-por-la-internacionalizacion-del-turismo-en-galicia\/#webpage"},"articleSection":"Turismo"},{"@type":"BreadcrumbList","@id":"https:\/\/www.eldigitaldeasturias.com\/noticias\/nunez-feijoo-apuesta-por-la-internacionalizacion-del-turismo-en-galicia\/#breadcrumblist","itemListElement":[{"@type":"ListItem","@id":"https:\/\/www.eldigitaldeasturias.com\/noticias#listItem","position":1,"name":"Home","item":"https:\/\/www.eldigitaldeasturias.com\/noticias","nextItem":{"@type":"ListItem","@id":"https:\/\/www.eldigitaldeasturias.com\/noticias\/category\/turismo\/#listItem","name":"Turismo"}},{"@type":"ListItem","@id":"https:\/\/www.eldigitaldeasturias.com\/noticias\/category\/turismo\/#listItem","position":2,"name":"Turismo","item":"https:\/\/www.eldigitaldeasturias.com\/noticias\/category\/turismo\/","nextItem":{"@type":"ListItem","@id":"https:\/\/www.eldigitaldeasturias.com\/noticias\/nunez-feijoo-apuesta-por-la-internacionalizacion-del-turismo-en-galicia\/#listItem","name":"N\u00fa\u00f1ez Feij\u00f3o apuesta por la internacionalizaci\u00f3n del turismo en Galicia"},"previousItem":{"@type":"ListItem","@id":"https:\/\/www.eldigitaldeasturias.com\/noticias#listItem","name":"Home"}},{"@type":"ListItem","@id":"https:\/\/www.eldigitaldeasturias.com\/noticias\/nunez-feijoo-apuesta-por-la-internacionalizacion-del-turismo-en-galicia\/#listItem","position":3,"name":"N\u00fa\u00f1ez Feij\u00f3o apuesta por la internacionalizaci\u00f3n del turismo en Galicia","previousItem":{"@type":"ListItem","@id":"https:\/\/www.eldigitaldeasturias.com\/noticias\/category\/turismo\/#listItem","name":"Turismo"}}]},{"@type":"Organization","@id":"https:\/\/www.eldigitaldeasturias.com\/noticias\/#organization","name":"El Digital de Asturias","description":"Hemeroteca","url":"https:\/\/www.eldigitaldeasturias.com\/noticias\/","email":"info@eldigitaldeasturias.com","telephone":"+34652131393","logo":{"@type":"ImageObject","url":"https:\/\/www.eldigitaldeasturias.com\/noticias\/wp-content\/uploads\/2020\/12\/EDA.jpg","@id":"https:\/\/www.eldigitaldeasturias.com\/noticias\/nunez-feijoo-apuesta-por-la-internacionalizacion-del-turismo-en-galicia\/#organizationLogo","width":649,"height":297},"image":{"@id":"https:\/\/www.eldigitaldeasturias.com\/noticias\/nunez-feijoo-apuesta-por-la-internacionalizacion-del-turismo-en-galicia\/#organizationLogo"},"sameAs":["https:\/\/facebook.com\/eldigitaldeasturias","https:\/\/www.youtube.com\/channel\/UCZP-2wLEB9Rv6erhFmqVnvg"],"address":{"@id":"https:\/\/www.eldigitaldeasturias.com\/noticias\/#postaladdress","@type":"PostalAddress","streetAddress":"san antonio 4,","postalCode":"33430","addressLocality":"Cand\u00e1s","addressRegion":"Asturias","addressCountry":"ES"}},{"@type":"Person","@id":"https:\/\/www.eldigitaldeasturias.com\/noticias\/author\/admin\/#author","url":"https:\/\/www.eldigitaldeasturias.com\/noticias\/author\/admin\/","name":"El Digital de Asturias","image":{"@type":"ImageObject","@id":"https:\/\/www.eldigitaldeasturias.com\/noticias\/nunez-feijoo-apuesta-por-la-internacionalizacion-del-turismo-en-galicia\/#authorImage","url":"https:\/\/www.eldigitaldeasturias.com\/noticias\/wp-content\/litespeed\/avatar\/18677e78aa0546b92d9dbf31ec7d7668.jpg?ver=1776685526","width":96,"height":96,"caption":"El Digital de Asturias"}},{"@type":"WebPage","@id":"https:\/\/www.eldigitaldeasturias.com\/noticias\/nunez-feijoo-apuesta-por-la-internacionalizacion-del-turismo-en-galicia\/#webpage","url":"https:\/\/www.eldigitaldeasturias.com\/noticias\/nunez-feijoo-apuesta-por-la-internacionalizacion-del-turismo-en-galicia\/","name":"N\u00fa\u00f1ez Feij\u00f3o apuesta por la internacionalizaci\u00f3n del turismo en Galicia - El Digital de Asturias","description":"Madrid, 22 ene (EFE).- El presidente de la Xunta de Galicia, Alberto N\u00fa\u00f1ez Feij\u00f3o, ha destacado hoy los buenos datos de la evoluci\u00f3n del turismo en su comunidad y ha marcado como objetivos para 2014 la \"consolidaci\u00f3n\" del turismo dom\u00e9stico y el progresivo incremento de los visitantes extranjeros. N\u00fa\u00f1ez Feij\u00f3o ha realizado estas declaraciones en","inLanguage":"es-ES","isPartOf":{"@id":"https:\/\/www.eldigitaldeasturias.com\/noticias\/#website"},"breadcrumb":{"@id":"https:\/\/www.eldigitaldeasturias.com\/noticias\/nunez-feijoo-apuesta-por-la-internacionalizacion-del-turismo-en-galicia\/#breadcrumblist"},"author":{"@id":"https:\/\/www.eldigitaldeasturias.com\/noticias\/author\/admin\/#author"},"creator":{"@id":"https:\/\/www.eldigitaldeasturias.com\/noticias\/author\/admin\/#author"},"datePublished":"2014-01-23T09:59:50+01:00","dateModified":"2014-01-23T09:59:50+01:00"},{"@type":"WebSite","@id":"https:\/\/www.eldigitaldeasturias.com\/noticias\/#website","url":"https:\/\/www.eldigitaldeasturias.com\/noticias\/","name":"El Digital de Asturias - Diario de actualidad y noticias","alternateName":"El Digital de Asturias - Diario de actualidad y noticias","description":"Hemeroteca","inLanguage":"es-ES","publisher":{"@id":"https:\/\/www.eldigitaldeasturias.com\/noticias\/#organization"}}]},"og:locale":"es_ES","og:site_name":"El Digital de Asturias","og:type":"article","og:title":"N\u00fa\u00f1ez Feij\u00f3o apuesta por la internacionalizaci\u00f3n del turismo en Galicia - El Digital de Asturias","og:description":"Madrid, 22 ene (EFE).- El presidente de la Xunta de Galicia, Alberto N\u00fa\u00f1ez Feij\u00f3o, ha destacado hoy los buenos datos de la evoluci\u00f3n del turismo en su comunidad y ha marcado como objetivos para 2014 la &quot;consolidaci\u00f3n&quot; del turismo dom\u00e9stico y el progresivo incremento de los visitantes extranjeros. N\u00fa\u00f1ez Feij\u00f3o ha realizado estas declaraciones en","og:url":"https:\/\/www.eldigitaldeasturias.com\/noticias\/nunez-feijoo-apuesta-por-la-internacionalizacion-del-turismo-en-galicia\/","article:tag":["turismo"],"article:published_time":"2014-01-23T10:59:50+00:00","article:modified_time":"2014-01-23T10:59:50+00:00","article:publisher":"https:\/\/facebook.com\/eldigitaldeasturias","twitter:card":"summary_large_image","twitter:title":"N\u00fa\u00f1ez Feij\u00f3o apuesta por la internacionalizaci\u00f3n del turismo en Galicia - El Digital de Asturias","twitter:description":"Madrid, 22 ene (EFE).- El presidente de la Xunta de Galicia, Alberto N\u00fa\u00f1ez Feij\u00f3o, ha destacado hoy los buenos datos de la evoluci\u00f3n del turismo en su comunidad y ha marcado como objetivos para 2014 la &quot;consolidaci\u00f3n&quot; del turismo dom\u00e9stico y el progresivo incremento de los visitantes extranjeros. N\u00fa\u00f1ez Feij\u00f3o ha realizado estas declaraciones en","twitter:label1":"Escrito por","twitter:data1":"El Digital de Asturias","twitter:label2":"Tiempo de lectura estimado","twitter:data2":"2 minutos"},"aioseo_meta_data":{"post_id":"477265","title":null,"description":null,"keywords":null,"keyphrases":null,"primary_term":null,"canonical_url":null,"og_title":null,"og_description":null,"og_object_type":"default","og_image_type":"default","og_image_url":null,"og_image_width":null,"og_image_height":null,"og_image_custom_url":null,"og_image_custom_fields":null,"og_video":null,"og_custom_url":null,"og_article_section":null,"og_article_tags":null,"twitter_use_og":true,"twitter_card":"default","twitter_image_type":"default","twitter_image_url":null,"twitter_image_custom_url":null,"twitter_image_custom_fields":null,"twitter_title":null,"twitter_description":null,"schema":{"blockGraphs":[],"customGraphs":[],"default":{"data":{"Article":[],"Course":[],"Dataset":[],"FAQPage":[],"Movie":[],"Person":[],"Product":[],"ProductReview":[],"Car":[],"Recipe":[],"Service":[],"SoftwareApplication":[],"WebPage":[]},"graphName":"","isEnabled":true},"graphs":[],"defaultGraph":"","defaultPostTypeGraph":""},"schema_type":null,"schema_type_options":null,"pillar_content":false,"robots_default":true,"robots_noindex":false,"robots_noarchive":false,"robots_nosnippet":false,"robots_nofollow":false,"robots_noimageindex":false,"robots_noodp":false,"robots_notranslate":false,"robots_max_snippet":null,"robots_max_videopreview":null,"robots_max_imagepreview":"none","priority":null,"frequency":null,"local_seo":null,"seo_analyzer_scan_date":"2025-08-26 01:11:50","breadcrumb_settings":null,"limit_modified_date":false,"open_ai":null,"ai":null,"created":"2020-11-14 22:53:43","updated":"2025-08-26 01:11:50"},"aioseo_breadcrumb":"<div class=\"aioseo-breadcrumbs\"><span class=\"aioseo-breadcrumb\">\n\t<a href=\"https:\/\/www.eldigitaldeasturias.com\/noticias\" title=\"Home\">Home<\/a>\n<\/span><span class=\"aioseo-breadcrumb-separator\">\u2013<\/span><span class=\"aioseo-breadcrumb\">\n\t<a href=\"https:\/\/www.eldigitaldeasturias.com\/noticias\/category\/turismo\/\" title=\"Turismo\">Turismo<\/a>\n<\/span><span class=\"aioseo-breadcrumb-separator\">\u2013<\/span><span class=\"aioseo-breadcrumb\">\n\t<a href=\"https:\/\/www.eldigitaldeasturias.com\/noticias\/nunez-feijoo-apuesta-por-la-internacionalizacion-del-turismo-en-galicia\/\" title=\"N\u00fa\u00f1ez Feij\u00f3o apuesta por la internacionalizaci\u00f3n del turismo en Galicia\">N\u00fa\u00f1ez Feij\u00f3o apuesta por la internacionalizaci\u00f3n del turismo en Galicia<\/a>\n<\/span><\/div>","aioseo_breadcrumb_json":[{"label":"Home","link":"https:\/\/www.eldigitaldeasturias.com\/noticias"},{"label":"Turismo","link":"https:\/\/www.eldigitaldeasturias.com\/noticias\/category\/turismo\/"},{"label":"N\u00fa\u00f1ez Feij\u00f3o apuesta por la internacionalizaci\u00f3n del turismo en Galicia","link":"https:\/\/www.eldigitaldeasturias.com\/noticias\/nunez-feijoo-apuesta-por-la-internacionalizacion-del-turismo-en-galicia\/"}],"_links":{"self":[{"href":"https:\/\/www.eldigitaldeasturias.com\/noticias\/wp-json\/wp\/v2\/posts\/477265","targetHints":{"allow":["GET"]}}],"collection":[{"href":"https:\/\/www.eldigitaldeasturias.com\/noticias\/wp-json\/wp\/v2\/posts"}],"about":[{"href":"https:\/\/www.eldigitaldeasturias.com\/noticias\/wp-json\/wp\/v2\/types\/post"}],"author":[{"embeddable":true,"href":"https:\/\/www.eldigitaldeasturias.com\/noticias\/wp-json\/wp\/v2\/users\/1"}],"replies":[{"embeddable":true,"href":"https:\/\/www.eldigitaldeasturias.com\/noticias\/wp-json\/wp\/v2\/comments?post=477265"}],"version-history":[{"count":0,"href":"https:\/\/www.eldigitaldeasturias.com\/noticias\/wp-json\/wp\/v2\/posts\/477265\/revisions"}],"wp:attachment":[{"href":"https:\/\/www.eldigitaldeasturias.com\/noticias\/wp-json\/wp\/v2\/media?parent=477265"}],"wp:term":[{"taxonomy":"category","embeddable":true,"href":"https:\/\/www.eldigitaldeasturias.com\/noticias\/wp-json\/wp\/v2\/categories?post=477265"},{"taxonomy":"post_tag","embeddable":true,"href":"https:\/\/www.eldigitaldeasturias.com\/noticias\/wp-json\/wp\/v2\/tags?post=477265"}],"curies":[{"name":"wp","href":"https:\/\/api.w.org\/{rel}","templated":true}]}}