{"id":477259,"date":"2014-01-23T09:56:39","date_gmt":"2014-01-23T10:56:39","guid":{"rendered":"http:\/\/www.eldigitaldeasturias.com\/noticias\/?p=477259"},"modified":"2014-01-23T09:56:39","modified_gmt":"2014-01-23T10:56:39","slug":"rivero-preve-aumentar-12-millones-de-plazas-aereas-para-canarias-en-2014","status":"publish","type":"post","link":"https:\/\/www.eldigitaldeasturias.com\/noticias\/rivero-preve-aumentar-12-millones-de-plazas-aereas-para-canarias-en-2014\/","title":{"rendered":"Rivero prev\u00e9 aumentar 1,2 millones de plazas a\u00e9reas para Canarias en 2014"},"content":{"rendered":"<p><img loading=\"lazy\" decoding=\"async\" class=\"alignleft size-medium wp-image-477260\" alt=\"5867456w\" src=\"https:\/\/www.eldigitaldeasturias.com\/noticias\/wp-content\/uploads\/2014\/01\/5867456w-360x286.jpg\" width=\"360\" height=\"286\" \/>Madrid, 22 ene (EFE).- El presidente de Canarias, Paulino Rivero, ha estimado hoy un incremento de 1,2 millones de plazas a\u00e9reas para Canarias este a\u00f1o, ya que se pasar\u00e1 de los siete millones en 2013 a los 8,2 millones en 2014, por lo que ha asegurado que \u00ablas cosas pintan de manera esperanzadora\u00bb.<\/p>\n<p>Tras la inauguraci\u00f3n por los Pr\u00edncipes de Asturias de Fitur, y tras visitar el pabell\u00f3n de Canarias, donde han sido recibidos por Rivero, el presidente canario ha comentado que la actual temporada de invierno est\u00e1 siendo \u00ab\u00f3ptima\u00bb, pero la oferta europea se incrementar\u00e1 de forma significativa, por lo que previsiblemente el pr\u00f3ximo verano las cosas ir\u00e1n bien.<\/p>\n<p>Rivero, que ha destacado la recuperaci\u00f3n econ\u00f3mica, ha apuntado que hay que seguir trabajando en el sector tur\u00edstico porque es el que ayuda a dar oportunidades de trabajo, adem\u00e1s de posicionar a Canarias en una situaci\u00f3n de \u00abliderazgo\u00bb.<\/p>\n<p>Asimismo, Rivero ha pedido \u00abno perder energ\u00edas en discusiones est\u00e9riles\u00bb porque ello, ha dicho, les \u00abdebilita\u00bb, refiri\u00e9ndose as\u00ed aunque, sin mencionarlo, a la intenci\u00f3n de Gran Canaria de hacer hoteles de cuatro estrellas en lugar de cinco como es obligatorio.<\/p>\n","protected":false},"excerpt":{"rendered":"<p>Madrid, 22 ene (EFE).- El presidente de Canarias, Paulino Rivero, ha estimado hoy un incremento de 1,2 millones de plazas a\u00e9reas para Canarias este a\u00f1o, ya que se pasar\u00e1 de los siete millones en 2013 a los 8,2 millones en 2014, por lo que ha asegurado que \u00ablas cosas pintan de manera esperanzadora\u00bb. Tras la [&hellip;]<\/p>\n","protected":false},"author":1,"featured_media":0,"comment_status":"closed","ping_status":"open","sticky":false,"template":"","format":"standard","meta":{"footnotes":""},"categories":[148],"tags":[],"class_list":["post-477259","post","type-post","status-publish","format-standard","hentry","category-turismo"],"aioseo_notices":[],"aioseo_head":"\n\t\t<!-- All in One SEO Pro 4.9.6.2 - aioseo.com -->\n\t<meta name=\"description\" content=\"Madrid, 22 ene (EFE).- El presidente de Canarias, Paulino Rivero, ha estimado hoy un incremento de 1,2 millones de plazas a\u00e9reas para Canarias este a\u00f1o, ya que se pasar\u00e1 de los siete millones en 2013 a los 8,2 millones en 2014, por lo que ha asegurado que &quot;las cosas pintan de manera esperanzadora&quot;. Tras la\" \/>\n\t<meta name=\"robots\" content=\"max-image-preview:large\" \/>\n\t<meta name=\"author\" content=\"El Digital de Asturias\"\/>\n\t<meta name=\"google-site-verification\" content=\"UA-38556648-1\" \/>\n\t<meta name=\"msvalidate.01\" content=\"7dfe9f3f1b24437ab69f4f2559babe99\" \/>\n\t<meta name=\"keywords\" content=\"turismo\" \/>\n\t<link rel=\"canonical\" href=\"https:\/\/www.eldigitaldeasturias.com\/noticias\/rivero-preve-aumentar-12-millones-de-plazas-aereas-para-canarias-en-2014\/\" \/>\n\t<meta name=\"generator\" content=\"All in One SEO Pro (AIOSEO) 4.9.6.2\" \/>\n\t\t<meta property=\"og:locale\" content=\"es_ES\" \/>\n\t\t<meta property=\"og:site_name\" content=\"El Digital de Asturias\" \/>\n\t\t<meta property=\"og:type\" content=\"article\" \/>\n\t\t<meta property=\"og:title\" content=\"Rivero prev\u00e9 aumentar 1,2 millones de plazas a\u00e9reas para Canarias en 2014 - El Digital de Asturias\" \/>\n\t\t<meta property=\"og:description\" content=\"Madrid, 22 ene (EFE).- El presidente de Canarias, Paulino Rivero, ha estimado hoy un incremento de 1,2 millones de plazas a\u00e9reas para Canarias este a\u00f1o, ya que se pasar\u00e1 de los siete millones en 2013 a los 8,2 millones en 2014, por lo que ha asegurado que &quot;las cosas pintan de manera esperanzadora&quot;. Tras la\" \/>\n\t\t<meta property=\"og:url\" content=\"https:\/\/www.eldigitaldeasturias.com\/noticias\/rivero-preve-aumentar-12-millones-de-plazas-aereas-para-canarias-en-2014\/\" \/>\n\t\t<meta property=\"article:tag\" content=\"turismo\" \/>\n\t\t<meta property=\"article:published_time\" content=\"2014-01-23T10:56:39+00:00\" \/>\n\t\t<meta property=\"article:modified_time\" content=\"2014-01-23T10:56:39+00:00\" \/>\n\t\t<meta property=\"article:publisher\" content=\"https:\/\/facebook.com\/eldigitaldeasturias\" \/>\n\t\t<meta name=\"twitter:card\" content=\"summary_large_image\" \/>\n\t\t<meta name=\"twitter:title\" content=\"Rivero prev\u00e9 aumentar 1,2 millones de plazas a\u00e9reas para Canarias en 2014 - El Digital de Asturias\" \/>\n\t\t<meta name=\"twitter:description\" content=\"Madrid, 22 ene (EFE).- El presidente de Canarias, Paulino Rivero, ha estimado hoy un incremento de 1,2 millones de plazas a\u00e9reas para Canarias este a\u00f1o, ya que se pasar\u00e1 de los siete millones en 2013 a los 8,2 millones en 2014, por lo que ha asegurado que &quot;las cosas pintan de manera esperanzadora&quot;. Tras la\" \/>\n\t\t<meta name=\"twitter:label1\" content=\"Escrito por\" \/>\n\t\t<meta name=\"twitter:data1\" content=\"El Digital de Asturias\" \/>\n\t\t<meta name=\"twitter:label2\" content=\"Tiempo de lectura estimado\" \/>\n\t\t<meta name=\"twitter:data2\" content=\"1 minuto\" \/>\n\t\t<script type=\"application\/ld+json\" class=\"aioseo-schema\">\n\t\t\t{\"@context\":\"https:\\\/\\\/schema.org\",\"@graph\":[{\"@type\":\"BlogPosting\",\"@id\":\"https:\\\/\\\/www.eldigitaldeasturias.com\\\/noticias\\\/rivero-preve-aumentar-12-millones-de-plazas-aereas-para-canarias-en-2014\\\/#blogposting\",\"name\":\"Rivero prev\\u00e9 aumentar 1,2 millones de plazas a\\u00e9reas para Canarias en 2014 - El Digital de Asturias\",\"headline\":\"Rivero prev\\u00e9 aumentar 1,2 millones de plazas a\\u00e9reas para Canarias en 2014\",\"author\":{\"@id\":\"https:\\\/\\\/www.eldigitaldeasturias.com\\\/noticias\\\/author\\\/admin\\\/#author\"},\"publisher\":{\"@id\":\"https:\\\/\\\/www.eldigitaldeasturias.com\\\/noticias\\\/#organization\"},\"image\":{\"@type\":\"ImageObject\",\"url\":\"http:\\\/\\\/www.eldigitaldeasturias.com\\\/noticias\\\/wp-content\\\/uploads\\\/2014\\\/01\\\/5867456w-360x286.jpg\",\"@id\":\"https:\\\/\\\/www.eldigitaldeasturias.com\\\/noticias\\\/rivero-preve-aumentar-12-millones-de-plazas-aereas-para-canarias-en-2014\\\/#articleImage\"},\"datePublished\":\"2014-01-23T09:56:39+01:00\",\"dateModified\":\"2014-01-23T09:56:39+01:00\",\"inLanguage\":\"es-ES\",\"mainEntityOfPage\":{\"@id\":\"https:\\\/\\\/www.eldigitaldeasturias.com\\\/noticias\\\/rivero-preve-aumentar-12-millones-de-plazas-aereas-para-canarias-en-2014\\\/#webpage\"},\"isPartOf\":{\"@id\":\"https:\\\/\\\/www.eldigitaldeasturias.com\\\/noticias\\\/rivero-preve-aumentar-12-millones-de-plazas-aereas-para-canarias-en-2014\\\/#webpage\"},\"articleSection\":\"Turismo\"},{\"@type\":\"BreadcrumbList\",\"@id\":\"https:\\\/\\\/www.eldigitaldeasturias.com\\\/noticias\\\/rivero-preve-aumentar-12-millones-de-plazas-aereas-para-canarias-en-2014\\\/#breadcrumblist\",\"itemListElement\":[{\"@type\":\"ListItem\",\"@id\":\"https:\\\/\\\/www.eldigitaldeasturias.com\\\/noticias#listItem\",\"position\":1,\"name\":\"Home\",\"item\":\"https:\\\/\\\/www.eldigitaldeasturias.com\\\/noticias\",\"nextItem\":{\"@type\":\"ListItem\",\"@id\":\"https:\\\/\\\/www.eldigitaldeasturias.com\\\/noticias\\\/category\\\/turismo\\\/#listItem\",\"name\":\"Turismo\"}},{\"@type\":\"ListItem\",\"@id\":\"https:\\\/\\\/www.eldigitaldeasturias.com\\\/noticias\\\/category\\\/turismo\\\/#listItem\",\"position\":2,\"name\":\"Turismo\",\"item\":\"https:\\\/\\\/www.eldigitaldeasturias.com\\\/noticias\\\/category\\\/turismo\\\/\",\"nextItem\":{\"@type\":\"ListItem\",\"@id\":\"https:\\\/\\\/www.eldigitaldeasturias.com\\\/noticias\\\/rivero-preve-aumentar-12-millones-de-plazas-aereas-para-canarias-en-2014\\\/#listItem\",\"name\":\"Rivero prev\\u00e9 aumentar 1,2 millones de plazas a\\u00e9reas para Canarias en 2014\"},\"previousItem\":{\"@type\":\"ListItem\",\"@id\":\"https:\\\/\\\/www.eldigitaldeasturias.com\\\/noticias#listItem\",\"name\":\"Home\"}},{\"@type\":\"ListItem\",\"@id\":\"https:\\\/\\\/www.eldigitaldeasturias.com\\\/noticias\\\/rivero-preve-aumentar-12-millones-de-plazas-aereas-para-canarias-en-2014\\\/#listItem\",\"position\":3,\"name\":\"Rivero prev\\u00e9 aumentar 1,2 millones de plazas a\\u00e9reas para Canarias en 2014\",\"previousItem\":{\"@type\":\"ListItem\",\"@id\":\"https:\\\/\\\/www.eldigitaldeasturias.com\\\/noticias\\\/category\\\/turismo\\\/#listItem\",\"name\":\"Turismo\"}}]},{\"@type\":\"Organization\",\"@id\":\"https:\\\/\\\/www.eldigitaldeasturias.com\\\/noticias\\\/#organization\",\"name\":\"El Digital de Asturias\",\"description\":\"Hemeroteca\",\"url\":\"https:\\\/\\\/www.eldigitaldeasturias.com\\\/noticias\\\/\",\"email\":\"info@eldigitaldeasturias.com\",\"telephone\":\"+34652131393\",\"logo\":{\"@type\":\"ImageObject\",\"url\":\"https:\\\/\\\/www.eldigitaldeasturias.com\\\/noticias\\\/wp-content\\\/uploads\\\/2020\\\/12\\\/EDA.jpg\",\"@id\":\"https:\\\/\\\/www.eldigitaldeasturias.com\\\/noticias\\\/rivero-preve-aumentar-12-millones-de-plazas-aereas-para-canarias-en-2014\\\/#organizationLogo\",\"width\":649,\"height\":297},\"image\":{\"@id\":\"https:\\\/\\\/www.eldigitaldeasturias.com\\\/noticias\\\/rivero-preve-aumentar-12-millones-de-plazas-aereas-para-canarias-en-2014\\\/#organizationLogo\"},\"sameAs\":[\"https:\\\/\\\/facebook.com\\\/eldigitaldeasturias\",\"https:\\\/\\\/www.youtube.com\\\/channel\\\/UCZP-2wLEB9Rv6erhFmqVnvg\"],\"address\":{\"@id\":\"https:\\\/\\\/www.eldigitaldeasturias.com\\\/noticias\\\/#postaladdress\",\"@type\":\"PostalAddress\",\"streetAddress\":\"san antonio 4,\",\"postalCode\":\"33430\",\"addressLocality\":\"Cand\\u00e1s\",\"addressRegion\":\"Asturias\",\"addressCountry\":\"ES\"}},{\"@type\":\"Person\",\"@id\":\"https:\\\/\\\/www.eldigitaldeasturias.com\\\/noticias\\\/author\\\/admin\\\/#author\",\"url\":\"https:\\\/\\\/www.eldigitaldeasturias.com\\\/noticias\\\/author\\\/admin\\\/\",\"name\":\"El Digital de Asturias\",\"image\":{\"@type\":\"ImageObject\",\"@id\":\"https:\\\/\\\/www.eldigitaldeasturias.com\\\/noticias\\\/rivero-preve-aumentar-12-millones-de-plazas-aereas-para-canarias-en-2014\\\/#authorImage\",\"url\":\"https:\\\/\\\/www.eldigitaldeasturias.com\\\/noticias\\\/wp-content\\\/litespeed\\\/avatar\\\/18677e78aa0546b92d9dbf31ec7d7668.jpg?ver=1776685526\",\"width\":96,\"height\":96,\"caption\":\"El Digital de Asturias\"}},{\"@type\":\"WebPage\",\"@id\":\"https:\\\/\\\/www.eldigitaldeasturias.com\\\/noticias\\\/rivero-preve-aumentar-12-millones-de-plazas-aereas-para-canarias-en-2014\\\/#webpage\",\"url\":\"https:\\\/\\\/www.eldigitaldeasturias.com\\\/noticias\\\/rivero-preve-aumentar-12-millones-de-plazas-aereas-para-canarias-en-2014\\\/\",\"name\":\"Rivero prev\\u00e9 aumentar 1,2 millones de plazas a\\u00e9reas para Canarias en 2014 - El Digital de Asturias\",\"description\":\"Madrid, 22 ene (EFE).- El presidente de Canarias, Paulino Rivero, ha estimado hoy un incremento de 1,2 millones de plazas a\\u00e9reas para Canarias este a\\u00f1o, ya que se pasar\\u00e1 de los siete millones en 2013 a los 8,2 millones en 2014, por lo que ha asegurado que \\\"las cosas pintan de manera esperanzadora\\\". Tras la\",\"inLanguage\":\"es-ES\",\"isPartOf\":{\"@id\":\"https:\\\/\\\/www.eldigitaldeasturias.com\\\/noticias\\\/#website\"},\"breadcrumb\":{\"@id\":\"https:\\\/\\\/www.eldigitaldeasturias.com\\\/noticias\\\/rivero-preve-aumentar-12-millones-de-plazas-aereas-para-canarias-en-2014\\\/#breadcrumblist\"},\"author\":{\"@id\":\"https:\\\/\\\/www.eldigitaldeasturias.com\\\/noticias\\\/author\\\/admin\\\/#author\"},\"creator\":{\"@id\":\"https:\\\/\\\/www.eldigitaldeasturias.com\\\/noticias\\\/author\\\/admin\\\/#author\"},\"datePublished\":\"2014-01-23T09:56:39+01:00\",\"dateModified\":\"2014-01-23T09:56:39+01:00\"},{\"@type\":\"WebSite\",\"@id\":\"https:\\\/\\\/www.eldigitaldeasturias.com\\\/noticias\\\/#website\",\"url\":\"https:\\\/\\\/www.eldigitaldeasturias.com\\\/noticias\\\/\",\"name\":\"El Digital de Asturias - Diario de actualidad y noticias\",\"alternateName\":\"El Digital de Asturias - Diario de actualidad y noticias\",\"description\":\"Hemeroteca\",\"inLanguage\":\"es-ES\",\"publisher\":{\"@id\":\"https:\\\/\\\/www.eldigitaldeasturias.com\\\/noticias\\\/#organization\"}}]}\n\t\t<\/script>\n\t\t<!-- All in One SEO Pro -->\r\n\t\t<title>Rivero prev\u00e9 aumentar 1,2 millones de plazas a\u00e9reas para Canarias en 2014 - El Digital de Asturias<\/title>\n\n","aioseo_head_json":{"title":"Rivero prev\u00e9 aumentar 1,2 millones de plazas a\u00e9reas para Canarias en 2014 - El Digital de Asturias","description":"Madrid, 22 ene (EFE).- El presidente de Canarias, Paulino Rivero, ha estimado hoy un incremento de 1,2 millones de plazas a\u00e9reas para Canarias este a\u00f1o, ya que se pasar\u00e1 de los siete millones en 2013 a los 8,2 millones en 2014, por lo que ha asegurado que \"las cosas pintan de manera esperanzadora\". Tras la","canonical_url":"https:\/\/www.eldigitaldeasturias.com\/noticias\/rivero-preve-aumentar-12-millones-de-plazas-aereas-para-canarias-en-2014\/","robots":"max-image-preview:large","keywords":"turismo","webmasterTools":{"google-site-verification":"UA-38556648-1","msvalidate.01":"7dfe9f3f1b24437ab69f4f2559babe99","miscellaneous":""},"schema":{"@context":"https:\/\/schema.org","@graph":[{"@type":"BlogPosting","@id":"https:\/\/www.eldigitaldeasturias.com\/noticias\/rivero-preve-aumentar-12-millones-de-plazas-aereas-para-canarias-en-2014\/#blogposting","name":"Rivero prev\u00e9 aumentar 1,2 millones de plazas a\u00e9reas para Canarias en 2014 - El Digital de Asturias","headline":"Rivero prev\u00e9 aumentar 1,2 millones de plazas a\u00e9reas para Canarias en 2014","author":{"@id":"https:\/\/www.eldigitaldeasturias.com\/noticias\/author\/admin\/#author"},"publisher":{"@id":"https:\/\/www.eldigitaldeasturias.com\/noticias\/#organization"},"image":{"@type":"ImageObject","url":"http:\/\/www.eldigitaldeasturias.com\/noticias\/wp-content\/uploads\/2014\/01\/5867456w-360x286.jpg","@id":"https:\/\/www.eldigitaldeasturias.com\/noticias\/rivero-preve-aumentar-12-millones-de-plazas-aereas-para-canarias-en-2014\/#articleImage"},"datePublished":"2014-01-23T09:56:39+01:00","dateModified":"2014-01-23T09:56:39+01:00","inLanguage":"es-ES","mainEntityOfPage":{"@id":"https:\/\/www.eldigitaldeasturias.com\/noticias\/rivero-preve-aumentar-12-millones-de-plazas-aereas-para-canarias-en-2014\/#webpage"},"isPartOf":{"@id":"https:\/\/www.eldigitaldeasturias.com\/noticias\/rivero-preve-aumentar-12-millones-de-plazas-aereas-para-canarias-en-2014\/#webpage"},"articleSection":"Turismo"},{"@type":"BreadcrumbList","@id":"https:\/\/www.eldigitaldeasturias.com\/noticias\/rivero-preve-aumentar-12-millones-de-plazas-aereas-para-canarias-en-2014\/#breadcrumblist","itemListElement":[{"@type":"ListItem","@id":"https:\/\/www.eldigitaldeasturias.com\/noticias#listItem","position":1,"name":"Home","item":"https:\/\/www.eldigitaldeasturias.com\/noticias","nextItem":{"@type":"ListItem","@id":"https:\/\/www.eldigitaldeasturias.com\/noticias\/category\/turismo\/#listItem","name":"Turismo"}},{"@type":"ListItem","@id":"https:\/\/www.eldigitaldeasturias.com\/noticias\/category\/turismo\/#listItem","position":2,"name":"Turismo","item":"https:\/\/www.eldigitaldeasturias.com\/noticias\/category\/turismo\/","nextItem":{"@type":"ListItem","@id":"https:\/\/www.eldigitaldeasturias.com\/noticias\/rivero-preve-aumentar-12-millones-de-plazas-aereas-para-canarias-en-2014\/#listItem","name":"Rivero prev\u00e9 aumentar 1,2 millones de plazas a\u00e9reas para Canarias en 2014"},"previousItem":{"@type":"ListItem","@id":"https:\/\/www.eldigitaldeasturias.com\/noticias#listItem","name":"Home"}},{"@type":"ListItem","@id":"https:\/\/www.eldigitaldeasturias.com\/noticias\/rivero-preve-aumentar-12-millones-de-plazas-aereas-para-canarias-en-2014\/#listItem","position":3,"name":"Rivero prev\u00e9 aumentar 1,2 millones de plazas a\u00e9reas para Canarias en 2014","previousItem":{"@type":"ListItem","@id":"https:\/\/www.eldigitaldeasturias.com\/noticias\/category\/turismo\/#listItem","name":"Turismo"}}]},{"@type":"Organization","@id":"https:\/\/www.eldigitaldeasturias.com\/noticias\/#organization","name":"El Digital de Asturias","description":"Hemeroteca","url":"https:\/\/www.eldigitaldeasturias.com\/noticias\/","email":"info@eldigitaldeasturias.com","telephone":"+34652131393","logo":{"@type":"ImageObject","url":"https:\/\/www.eldigitaldeasturias.com\/noticias\/wp-content\/uploads\/2020\/12\/EDA.jpg","@id":"https:\/\/www.eldigitaldeasturias.com\/noticias\/rivero-preve-aumentar-12-millones-de-plazas-aereas-para-canarias-en-2014\/#organizationLogo","width":649,"height":297},"image":{"@id":"https:\/\/www.eldigitaldeasturias.com\/noticias\/rivero-preve-aumentar-12-millones-de-plazas-aereas-para-canarias-en-2014\/#organizationLogo"},"sameAs":["https:\/\/facebook.com\/eldigitaldeasturias","https:\/\/www.youtube.com\/channel\/UCZP-2wLEB9Rv6erhFmqVnvg"],"address":{"@id":"https:\/\/www.eldigitaldeasturias.com\/noticias\/#postaladdress","@type":"PostalAddress","streetAddress":"san antonio 4,","postalCode":"33430","addressLocality":"Cand\u00e1s","addressRegion":"Asturias","addressCountry":"ES"}},{"@type":"Person","@id":"https:\/\/www.eldigitaldeasturias.com\/noticias\/author\/admin\/#author","url":"https:\/\/www.eldigitaldeasturias.com\/noticias\/author\/admin\/","name":"El Digital de Asturias","image":{"@type":"ImageObject","@id":"https:\/\/www.eldigitaldeasturias.com\/noticias\/rivero-preve-aumentar-12-millones-de-plazas-aereas-para-canarias-en-2014\/#authorImage","url":"https:\/\/www.eldigitaldeasturias.com\/noticias\/wp-content\/litespeed\/avatar\/18677e78aa0546b92d9dbf31ec7d7668.jpg?ver=1776685526","width":96,"height":96,"caption":"El Digital de Asturias"}},{"@type":"WebPage","@id":"https:\/\/www.eldigitaldeasturias.com\/noticias\/rivero-preve-aumentar-12-millones-de-plazas-aereas-para-canarias-en-2014\/#webpage","url":"https:\/\/www.eldigitaldeasturias.com\/noticias\/rivero-preve-aumentar-12-millones-de-plazas-aereas-para-canarias-en-2014\/","name":"Rivero prev\u00e9 aumentar 1,2 millones de plazas a\u00e9reas para Canarias en 2014 - El Digital de Asturias","description":"Madrid, 22 ene (EFE).- El presidente de Canarias, Paulino Rivero, ha estimado hoy un incremento de 1,2 millones de plazas a\u00e9reas para Canarias este a\u00f1o, ya que se pasar\u00e1 de los siete millones en 2013 a los 8,2 millones en 2014, por lo que ha asegurado que \"las cosas pintan de manera esperanzadora\". Tras la","inLanguage":"es-ES","isPartOf":{"@id":"https:\/\/www.eldigitaldeasturias.com\/noticias\/#website"},"breadcrumb":{"@id":"https:\/\/www.eldigitaldeasturias.com\/noticias\/rivero-preve-aumentar-12-millones-de-plazas-aereas-para-canarias-en-2014\/#breadcrumblist"},"author":{"@id":"https:\/\/www.eldigitaldeasturias.com\/noticias\/author\/admin\/#author"},"creator":{"@id":"https:\/\/www.eldigitaldeasturias.com\/noticias\/author\/admin\/#author"},"datePublished":"2014-01-23T09:56:39+01:00","dateModified":"2014-01-23T09:56:39+01:00"},{"@type":"WebSite","@id":"https:\/\/www.eldigitaldeasturias.com\/noticias\/#website","url":"https:\/\/www.eldigitaldeasturias.com\/noticias\/","name":"El Digital de Asturias - Diario de actualidad y noticias","alternateName":"El Digital de Asturias - Diario de actualidad y noticias","description":"Hemeroteca","inLanguage":"es-ES","publisher":{"@id":"https:\/\/www.eldigitaldeasturias.com\/noticias\/#organization"}}]},"og:locale":"es_ES","og:site_name":"El Digital de Asturias","og:type":"article","og:title":"Rivero prev\u00e9 aumentar 1,2 millones de plazas a\u00e9reas para Canarias en 2014 - El Digital de Asturias","og:description":"Madrid, 22 ene (EFE).- El presidente de Canarias, Paulino Rivero, ha estimado hoy un incremento de 1,2 millones de plazas a\u00e9reas para Canarias este a\u00f1o, ya que se pasar\u00e1 de los siete millones en 2013 a los 8,2 millones en 2014, por lo que ha asegurado que &quot;las cosas pintan de manera esperanzadora&quot;. Tras la","og:url":"https:\/\/www.eldigitaldeasturias.com\/noticias\/rivero-preve-aumentar-12-millones-de-plazas-aereas-para-canarias-en-2014\/","article:tag":["turismo"],"article:published_time":"2014-01-23T10:56:39+00:00","article:modified_time":"2014-01-23T10:56:39+00:00","article:publisher":"https:\/\/facebook.com\/eldigitaldeasturias","twitter:card":"summary_large_image","twitter:title":"Rivero prev\u00e9 aumentar 1,2 millones de plazas a\u00e9reas para Canarias en 2014 - El Digital de Asturias","twitter:description":"Madrid, 22 ene (EFE).- El presidente de Canarias, Paulino Rivero, ha estimado hoy un incremento de 1,2 millones de plazas a\u00e9reas para Canarias este a\u00f1o, ya que se pasar\u00e1 de los siete millones en 2013 a los 8,2 millones en 2014, por lo que ha asegurado que &quot;las cosas pintan de manera esperanzadora&quot;. Tras la","twitter:label1":"Escrito por","twitter:data1":"El Digital de Asturias","twitter:label2":"Tiempo de lectura estimado","twitter:data2":"1 minuto"},"aioseo_meta_data":{"post_id":"477259","title":null,"description":null,"keywords":null,"keyphrases":null,"primary_term":null,"canonical_url":null,"og_title":null,"og_description":null,"og_object_type":"default","og_image_type":"default","og_image_url":null,"og_image_width":null,"og_image_height":null,"og_image_custom_url":null,"og_image_custom_fields":null,"og_video":null,"og_custom_url":null,"og_article_section":null,"og_article_tags":null,"twitter_use_og":true,"twitter_card":"default","twitter_image_type":"default","twitter_image_url":null,"twitter_image_custom_url":null,"twitter_image_custom_fields":null,"twitter_title":null,"twitter_description":null,"schema":{"blockGraphs":[],"customGraphs":[],"default":{"data":{"Article":[],"Course":[],"Dataset":[],"FAQPage":[],"Movie":[],"Person":[],"Product":[],"ProductReview":[],"Car":[],"Recipe":[],"Service":[],"SoftwareApplication":[],"WebPage":[]},"graphName":"","isEnabled":true},"graphs":[],"defaultGraph":"","defaultPostTypeGraph":""},"schema_type":null,"schema_type_options":null,"pillar_content":false,"robots_default":true,"robots_noindex":false,"robots_noarchive":false,"robots_nosnippet":false,"robots_nofollow":false,"robots_noimageindex":false,"robots_noodp":false,"robots_notranslate":false,"robots_max_snippet":null,"robots_max_videopreview":null,"robots_max_imagepreview":"none","priority":null,"frequency":null,"local_seo":null,"seo_analyzer_scan_date":"2025-08-26 01:11:49","breadcrumb_settings":null,"limit_modified_date":false,"open_ai":null,"ai":null,"created":"2020-11-14 22:53:43","updated":"2025-08-26 01:11:49"},"aioseo_breadcrumb":"<div class=\"aioseo-breadcrumbs\"><span class=\"aioseo-breadcrumb\">\n\t<a href=\"https:\/\/www.eldigitaldeasturias.com\/noticias\" title=\"Home\">Home<\/a>\n<\/span><span class=\"aioseo-breadcrumb-separator\">\u2013<\/span><span class=\"aioseo-breadcrumb\">\n\t<a href=\"https:\/\/www.eldigitaldeasturias.com\/noticias\/category\/turismo\/\" title=\"Turismo\">Turismo<\/a>\n<\/span><span class=\"aioseo-breadcrumb-separator\">\u2013<\/span><span class=\"aioseo-breadcrumb\">\n\t<a href=\"https:\/\/www.eldigitaldeasturias.com\/noticias\/rivero-preve-aumentar-12-millones-de-plazas-aereas-para-canarias-en-2014\/\" title=\"Rivero prev\u00e9 aumentar 1,2 millones de plazas a\u00e9reas para Canarias en 2014\">Rivero prev\u00e9 aumentar 1,2 millones de plazas a\u00e9reas para Canarias en 2014<\/a>\n<\/span><\/div>","aioseo_breadcrumb_json":[{"label":"Home","link":"https:\/\/www.eldigitaldeasturias.com\/noticias"},{"label":"Turismo","link":"https:\/\/www.eldigitaldeasturias.com\/noticias\/category\/turismo\/"},{"label":"Rivero prev\u00e9 aumentar 1,2 millones de plazas a\u00e9reas para Canarias en 2014","link":"https:\/\/www.eldigitaldeasturias.com\/noticias\/rivero-preve-aumentar-12-millones-de-plazas-aereas-para-canarias-en-2014\/"}],"_links":{"self":[{"href":"https:\/\/www.eldigitaldeasturias.com\/noticias\/wp-json\/wp\/v2\/posts\/477259","targetHints":{"allow":["GET"]}}],"collection":[{"href":"https:\/\/www.eldigitaldeasturias.com\/noticias\/wp-json\/wp\/v2\/posts"}],"about":[{"href":"https:\/\/www.eldigitaldeasturias.com\/noticias\/wp-json\/wp\/v2\/types\/post"}],"author":[{"embeddable":true,"href":"https:\/\/www.eldigitaldeasturias.com\/noticias\/wp-json\/wp\/v2\/users\/1"}],"replies":[{"embeddable":true,"href":"https:\/\/www.eldigitaldeasturias.com\/noticias\/wp-json\/wp\/v2\/comments?post=477259"}],"version-history":[{"count":0,"href":"https:\/\/www.eldigitaldeasturias.com\/noticias\/wp-json\/wp\/v2\/posts\/477259\/revisions"}],"wp:attachment":[{"href":"https:\/\/www.eldigitaldeasturias.com\/noticias\/wp-json\/wp\/v2\/media?parent=477259"}],"wp:term":[{"taxonomy":"category","embeddable":true,"href":"https:\/\/www.eldigitaldeasturias.com\/noticias\/wp-json\/wp\/v2\/categories?post=477259"},{"taxonomy":"post_tag","embeddable":true,"href":"https:\/\/www.eldigitaldeasturias.com\/noticias\/wp-json\/wp\/v2\/tags?post=477259"}],"curies":[{"name":"wp","href":"https:\/\/api.w.org\/{rel}","templated":true}]}}