{"id":461802,"date":"2013-12-15T05:49:25","date_gmt":"2013-12-15T06:49:25","guid":{"rendered":"http:\/\/www.eldigitaldeasturias.com\/noticias\/?p=461802"},"modified":"2013-12-15T05:49:25","modified_gmt":"2013-12-15T06:49:25","slug":"cuba-iluminada-rostros-de-la-cultura-cubana-en-el-lente-de-hector-garrido","status":"publish","type":"post","link":"https:\/\/www.eldigitaldeasturias.com\/noticias\/cuba-iluminada-rostros-de-la-cultura-cubana-en-el-lente-de-hector-garrido\/","title":{"rendered":"Cuba Iluminada, rostros de la cultura cubana en el lente de H\u00e9ctor Garrido"},"content":{"rendered":"<p><img loading=\"lazy\" decoding=\"async\" class=\"alignleft size-medium wp-image-461803\" alt=\"5795013w\" src=\"https:\/\/www.eldigitaldeasturias.com\/noticias\/wp-content\/uploads\/2013\/12\/5795013w-360x203.jpg\" width=\"360\" height=\"203\" srcset=\"https:\/\/www.eldigitaldeasturias.com\/noticias\/wp-content\/uploads\/2013\/12\/5795013w-360x203.jpg 360w, https:\/\/www.eldigitaldeasturias.com\/noticias\/wp-content\/uploads\/2013\/12\/5795013w-650x368.jpg 650w, https:\/\/www.eldigitaldeasturias.com\/noticias\/wp-content\/uploads\/2013\/12\/5795013w-384x217.jpg 384w, https:\/\/www.eldigitaldeasturias.com\/noticias\/wp-content\/uploads\/2013\/12\/5795013w.jpg 800w\" sizes=\"auto, (max-width: 360px) 100vw, 360px\" \/>La Habana, 14 dic (EFE).- Cien rostros imprescindibles de la cultura cubana han pasado ante el lente del fot\u00f3grafo espa\u00f1ol H\u00e9ctor Garrido en el proyecto \u00abCuba Iluminada\u00bb, una singular y cuidada galer\u00eda de retratos que componen el actual mosaico creativo de la isla caribe\u00f1a.<\/p>\n<p>En \u00abCuba Iluminada\u00bb no falta casi nadie: el perfil de la m\u00edtica bailarina Alicia Alonso, la mirada tierna de la cantante Omara Portuondo, la espalda de un Silvio Rodr\u00edguez en pleno concierto o el gesto reposado del escritor Leonardo Padura son solo una peque\u00f1a muestra de una colecci\u00f3n que se inaugur\u00f3 esta semana en la Sala de la Diversidad de La Habana, ubicada en su centro colonial.<\/p>\n<p>Especializado en la fotograf\u00eda de ciencia y naturaleza, Garrido (Huelva, 1969) es sobre todo un apasionado del retrato que comenz\u00f3 este proyecto en 2010 de un modo un tanto casual por su relaci\u00f3n con el mundo de la cultura cubana.<\/p>\n<p>\u00abEl proyecto se fue construyendo poco a poco hasta conformar los cien retratos que son ahora y los ciento y mucho que ser\u00e1n al final\u00bb, explic\u00f3 el fot\u00f3grafo en entrevista con Efe en La Habana.<\/p>\n<p>Y es que su lente sigue buscando rostros destacados del mundo de la creaci\u00f3n art\u00edstica de la isla caribe\u00f1a, a la que est\u00e1 unido por una \u00abrelaci\u00f3n familiar\u00bb como esposo de la actriz Laura de la Uz, otra de las retratadas en esa colecci\u00f3n.<\/p>\n<p>De momento, los cien personajes que est\u00e1n en \u00abCuba Iluminada\u00bb componen una completa muestra tanto de nombres internacionalmente reconocidos como de j\u00f3venes creadores y artistas en los que Garrido ha detectado un prometedor potencial.<\/p>\n<p>El resultado son im\u00e1genes que van m\u00e1s all\u00e1 de un simple rostro y que transmiten mucho de la personalidad y la obra de los personajes gracias al minucioso trabajo de documentaci\u00f3n y preparaci\u00f3n con que Garrido encara sus retratos.<\/p>\n<p>A muchos de esos artistas o creadores, Garrido los ha \u00absumergido\u00bb en su propia obra como el caso de la pintora Flora Fong, cara al viento entre un sincr\u00e9tico bosque de sus caracter\u00edsticas palmeras; o el artista pl\u00e1stico Sosa Bravo cuyo rostro sonriente queda integrado en una de sus coloridas creaciones.<\/p>\n<p>No faltan los retratos que provocan incluso una lectura social como ocurre con los j\u00f3venes fot\u00f3grafos del \u00abColectivo F8\u00bb manejando un desvencijado y carcomido coche rojo sin motor ni ruedas.<\/p>\n<p>H\u00e9ctor Garrido dedica mucho tiempo a preparar cada una de esas im\u00e1genes y a conocer a los \u00abobjetivos\u00bb de su lente, consciente de que para hacer un buen retrato hay que \u00abconectar\u00bb con la persona, algo que en Cuba, seg\u00fan su experiencia, es m\u00e1s f\u00e1cil que en otras partes del mundo por el car\u00e1cter de sus habitantes y por su propia condici\u00f3n de andaluz.<\/p>\n<p>\u00abSomos gente con una visi\u00f3n de la vida casi coincidente\u00bb, destaca.<\/p>\n<p>Garrido no duda en definirse como un \u00abretratador\u00bb y un \u00abladr\u00f3n de almas\u00bb, eso s\u00ed \u00abconsentido\u00bb y \u00abcon sentido\u00bb: \u00abJam\u00e1s tiro una foto a traici\u00f3n. Si alguien va a ponerse delante de mi c\u00e1mara es plenamente consciente de lo que est\u00e1 haciendo\u00bb, precisa.<\/p>\n<p>Reconocido internacionalmente por su trabajo en la fotograf\u00eda de naturaleza y ciencia, incluso en ese campo intenta siempre introducir el retrato y el elemento humano, lo que le convierte en una especie de \u00abrara avis\u00bb entre los profesionales de ese \u00e1mbito.<\/p>\n<p>Garrido ha participado a lo largo de su carrera en diversas expediciones cient\u00edficas en todos los continentes, y actualmente dirige el Banco de Im\u00e1genes del Parque Nacional de Do\u00f1ana.<\/p>\n<p>Su proyecto de \u00abCuba Iluminada\u00bb pretende, adem\u00e1s de la muestra inaugurada en La Habana, convertirse en un libro y ser tambi\u00e9n una exposici\u00f3n itinerante que llegue a pa\u00edses latinoamericanos y europeos, entre ellos Espa\u00f1a.<\/p>\n<p>En este proyecto han colaborado la Embajada de Espa\u00f1a en Cuba, la Oficina del Historiador de La Habana y numerosas entidades culturales de la isla caribe\u00f1a.<\/p>\n<p>Soledad \u00c1lvarez<\/p>\n","protected":false},"excerpt":{"rendered":"<p>La Habana, 14 dic (EFE).- Cien rostros imprescindibles de la cultura cubana han pasado ante el lente del fot\u00f3grafo espa\u00f1ol H\u00e9ctor Garrido en el proyecto \u00abCuba Iluminada\u00bb, una singular y cuidada galer\u00eda de retratos que componen el actual mosaico creativo de la isla caribe\u00f1a. En \u00abCuba Iluminada\u00bb no falta casi nadie: el perfil de la [&hellip;]<\/p>\n","protected":false},"author":1,"featured_media":461803,"comment_status":"closed","ping_status":"open","sticky":false,"template":"","format":"standard","meta":{"footnotes":""},"categories":[50],"tags":[],"class_list":["post-461802","post","type-post","status-publish","format-standard","has-post-thumbnail","hentry","category-revista-de-ocio"],"aioseo_notices":[],"aioseo_head":"\n\t\t<!-- All in One SEO Pro 4.9.6.2 - aioseo.com -->\n\t<meta name=\"description\" content=\"La Habana, 14 dic (EFE).- Cien rostros imprescindibles de la cultura cubana han pasado ante el lente del fot\u00f3grafo espa\u00f1ol H\u00e9ctor Garrido en el proyecto &quot;Cuba Iluminada&quot;, una singular y cuidada galer\u00eda de retratos que componen el actual mosaico creativo de la isla caribe\u00f1a. En &quot;Cuba Iluminada&quot; no falta casi nadie: el perfil de la\" \/>\n\t<meta name=\"robots\" content=\"max-image-preview:large\" \/>\n\t<meta name=\"author\" content=\"El Digital de Asturias\"\/>\n\t<meta name=\"google-site-verification\" content=\"UA-38556648-1\" \/>\n\t<meta name=\"msvalidate.01\" content=\"7dfe9f3f1b24437ab69f4f2559babe99\" \/>\n\t<meta name=\"keywords\" content=\"revista de ocio\" \/>\n\t<link rel=\"canonical\" href=\"https:\/\/www.eldigitaldeasturias.com\/noticias\/cuba-iluminada-rostros-de-la-cultura-cubana-en-el-lente-de-hector-garrido\/\" \/>\n\t<meta name=\"generator\" content=\"All in One SEO Pro (AIOSEO) 4.9.6.2\" \/>\n\t\t<meta property=\"og:locale\" content=\"es_ES\" \/>\n\t\t<meta property=\"og:site_name\" content=\"El Digital de Asturias\" \/>\n\t\t<meta property=\"og:type\" content=\"article\" \/>\n\t\t<meta property=\"og:title\" content=\"Cuba Iluminada, rostros de la cultura cubana en el lente de H\u00e9ctor Garrido - El Digital de Asturias\" \/>\n\t\t<meta property=\"og:description\" content=\"La Habana, 14 dic (EFE).- Cien rostros imprescindibles de la cultura cubana han pasado ante el lente del fot\u00f3grafo espa\u00f1ol H\u00e9ctor Garrido en el proyecto &quot;Cuba Iluminada&quot;, una singular y cuidada galer\u00eda de retratos que componen el actual mosaico creativo de la isla caribe\u00f1a. En &quot;Cuba Iluminada&quot; no falta casi nadie: el perfil de la\" \/>\n\t\t<meta property=\"og:url\" content=\"https:\/\/www.eldigitaldeasturias.com\/noticias\/cuba-iluminada-rostros-de-la-cultura-cubana-en-el-lente-de-hector-garrido\/\" \/>\n\t\t<meta property=\"og:image\" content=\"https:\/\/www.eldigitaldeasturias.com\/noticias\/wp-content\/uploads\/2013\/12\/5795013w.jpg\" \/>\n\t\t<meta property=\"og:image:secure_url\" content=\"https:\/\/www.eldigitaldeasturias.com\/noticias\/wp-content\/uploads\/2013\/12\/5795013w.jpg\" \/>\n\t\t<meta property=\"og:image:width\" content=\"800\" \/>\n\t\t<meta property=\"og:image:height\" content=\"453\" \/>\n\t\t<meta property=\"article:tag\" content=\"revista de ocio\" \/>\n\t\t<meta property=\"article:published_time\" content=\"2013-12-15T06:49:25+00:00\" \/>\n\t\t<meta property=\"article:modified_time\" content=\"2013-12-15T06:49:25+00:00\" \/>\n\t\t<meta property=\"article:publisher\" content=\"https:\/\/facebook.com\/eldigitaldeasturias\" \/>\n\t\t<meta name=\"twitter:card\" content=\"summary_large_image\" \/>\n\t\t<meta name=\"twitter:title\" content=\"Cuba Iluminada, rostros de la cultura cubana en el lente de H\u00e9ctor Garrido - El Digital de Asturias\" \/>\n\t\t<meta name=\"twitter:description\" content=\"La Habana, 14 dic (EFE).- Cien rostros imprescindibles de la cultura cubana han pasado ante el lente del fot\u00f3grafo espa\u00f1ol H\u00e9ctor Garrido en el proyecto &quot;Cuba Iluminada&quot;, una singular y cuidada galer\u00eda de retratos que componen el actual mosaico creativo de la isla caribe\u00f1a. En &quot;Cuba Iluminada&quot; no falta casi nadie: el perfil de la\" \/>\n\t\t<meta name=\"twitter:image\" content=\"https:\/\/www.eldigitaldeasturias.com\/noticias\/wp-content\/uploads\/2013\/12\/5795013w.jpg\" \/>\n\t\t<meta name=\"twitter:label1\" content=\"Escrito por\" \/>\n\t\t<meta name=\"twitter:data1\" content=\"El Digital de Asturias\" \/>\n\t\t<meta name=\"twitter:label2\" content=\"Tiempo de lectura estimado\" \/>\n\t\t<meta name=\"twitter:data2\" content=\"3 minutos\" \/>\n\t\t<script type=\"application\/ld+json\" class=\"aioseo-schema\">\n\t\t\t{\"@context\":\"https:\\\/\\\/schema.org\",\"@graph\":[{\"@type\":\"BlogPosting\",\"@id\":\"https:\\\/\\\/www.eldigitaldeasturias.com\\\/noticias\\\/cuba-iluminada-rostros-de-la-cultura-cubana-en-el-lente-de-hector-garrido\\\/#blogposting\",\"name\":\"Cuba Iluminada, rostros de la cultura cubana en el lente de H\\u00e9ctor Garrido - El Digital de Asturias\",\"headline\":\"Cuba Iluminada, rostros de la cultura cubana en el lente de H\\u00e9ctor Garrido\",\"author\":{\"@id\":\"https:\\\/\\\/www.eldigitaldeasturias.com\\\/noticias\\\/author\\\/admin\\\/#author\"},\"publisher\":{\"@id\":\"https:\\\/\\\/www.eldigitaldeasturias.com\\\/noticias\\\/#organization\"},\"image\":{\"@type\":\"ImageObject\",\"url\":\"https:\\\/\\\/www.eldigitaldeasturias.com\\\/noticias\\\/wp-content\\\/uploads\\\/2013\\\/12\\\/5795013w.jpg\",\"width\":800,\"height\":453},\"datePublished\":\"2013-12-15T05:49:25+01:00\",\"dateModified\":\"2013-12-15T05:49:25+01:00\",\"inLanguage\":\"es-ES\",\"mainEntityOfPage\":{\"@id\":\"https:\\\/\\\/www.eldigitaldeasturias.com\\\/noticias\\\/cuba-iluminada-rostros-de-la-cultura-cubana-en-el-lente-de-hector-garrido\\\/#webpage\"},\"isPartOf\":{\"@id\":\"https:\\\/\\\/www.eldigitaldeasturias.com\\\/noticias\\\/cuba-iluminada-rostros-de-la-cultura-cubana-en-el-lente-de-hector-garrido\\\/#webpage\"},\"articleSection\":\"Revista de Ocio\"},{\"@type\":\"BreadcrumbList\",\"@id\":\"https:\\\/\\\/www.eldigitaldeasturias.com\\\/noticias\\\/cuba-iluminada-rostros-de-la-cultura-cubana-en-el-lente-de-hector-garrido\\\/#breadcrumblist\",\"itemListElement\":[{\"@type\":\"ListItem\",\"@id\":\"https:\\\/\\\/www.eldigitaldeasturias.com\\\/noticias#listItem\",\"position\":1,\"name\":\"Home\",\"item\":\"https:\\\/\\\/www.eldigitaldeasturias.com\\\/noticias\",\"nextItem\":{\"@type\":\"ListItem\",\"@id\":\"https:\\\/\\\/www.eldigitaldeasturias.com\\\/noticias\\\/category\\\/revista-de-ocio\\\/#listItem\",\"name\":\"Revista de Ocio\"}},{\"@type\":\"ListItem\",\"@id\":\"https:\\\/\\\/www.eldigitaldeasturias.com\\\/noticias\\\/category\\\/revista-de-ocio\\\/#listItem\",\"position\":2,\"name\":\"Revista de Ocio\",\"item\":\"https:\\\/\\\/www.eldigitaldeasturias.com\\\/noticias\\\/category\\\/revista-de-ocio\\\/\",\"nextItem\":{\"@type\":\"ListItem\",\"@id\":\"https:\\\/\\\/www.eldigitaldeasturias.com\\\/noticias\\\/cuba-iluminada-rostros-de-la-cultura-cubana-en-el-lente-de-hector-garrido\\\/#listItem\",\"name\":\"Cuba Iluminada, rostros de la cultura cubana en el lente de H\\u00e9ctor Garrido\"},\"previousItem\":{\"@type\":\"ListItem\",\"@id\":\"https:\\\/\\\/www.eldigitaldeasturias.com\\\/noticias#listItem\",\"name\":\"Home\"}},{\"@type\":\"ListItem\",\"@id\":\"https:\\\/\\\/www.eldigitaldeasturias.com\\\/noticias\\\/cuba-iluminada-rostros-de-la-cultura-cubana-en-el-lente-de-hector-garrido\\\/#listItem\",\"position\":3,\"name\":\"Cuba Iluminada, rostros de la cultura cubana en el lente de H\\u00e9ctor Garrido\",\"previousItem\":{\"@type\":\"ListItem\",\"@id\":\"https:\\\/\\\/www.eldigitaldeasturias.com\\\/noticias\\\/category\\\/revista-de-ocio\\\/#listItem\",\"name\":\"Revista de Ocio\"}}]},{\"@type\":\"Organization\",\"@id\":\"https:\\\/\\\/www.eldigitaldeasturias.com\\\/noticias\\\/#organization\",\"name\":\"El Digital de Asturias\",\"description\":\"Hemeroteca\",\"url\":\"https:\\\/\\\/www.eldigitaldeasturias.com\\\/noticias\\\/\",\"email\":\"info@eldigitaldeasturias.com\",\"telephone\":\"+34652131393\",\"logo\":{\"@type\":\"ImageObject\",\"url\":\"https:\\\/\\\/www.eldigitaldeasturias.com\\\/noticias\\\/wp-content\\\/uploads\\\/2020\\\/12\\\/EDA.jpg\",\"@id\":\"https:\\\/\\\/www.eldigitaldeasturias.com\\\/noticias\\\/cuba-iluminada-rostros-de-la-cultura-cubana-en-el-lente-de-hector-garrido\\\/#organizationLogo\",\"width\":649,\"height\":297},\"image\":{\"@id\":\"https:\\\/\\\/www.eldigitaldeasturias.com\\\/noticias\\\/cuba-iluminada-rostros-de-la-cultura-cubana-en-el-lente-de-hector-garrido\\\/#organizationLogo\"},\"sameAs\":[\"https:\\\/\\\/facebook.com\\\/eldigitaldeasturias\",\"https:\\\/\\\/www.youtube.com\\\/channel\\\/UCZP-2wLEB9Rv6erhFmqVnvg\"],\"address\":{\"@id\":\"https:\\\/\\\/www.eldigitaldeasturias.com\\\/noticias\\\/#postaladdress\",\"@type\":\"PostalAddress\",\"streetAddress\":\"san antonio 4,\",\"postalCode\":\"33430\",\"addressLocality\":\"Cand\\u00e1s\",\"addressRegion\":\"Asturias\",\"addressCountry\":\"ES\"}},{\"@type\":\"Person\",\"@id\":\"https:\\\/\\\/www.eldigitaldeasturias.com\\\/noticias\\\/author\\\/admin\\\/#author\",\"url\":\"https:\\\/\\\/www.eldigitaldeasturias.com\\\/noticias\\\/author\\\/admin\\\/\",\"name\":\"El Digital de Asturias\",\"image\":{\"@type\":\"ImageObject\",\"@id\":\"https:\\\/\\\/www.eldigitaldeasturias.com\\\/noticias\\\/cuba-iluminada-rostros-de-la-cultura-cubana-en-el-lente-de-hector-garrido\\\/#authorImage\",\"url\":\"https:\\\/\\\/www.eldigitaldeasturias.com\\\/noticias\\\/wp-content\\\/litespeed\\\/avatar\\\/18677e78aa0546b92d9dbf31ec7d7668.jpg?ver=1777290358\",\"width\":96,\"height\":96,\"caption\":\"El Digital de Asturias\"}},{\"@type\":\"WebPage\",\"@id\":\"https:\\\/\\\/www.eldigitaldeasturias.com\\\/noticias\\\/cuba-iluminada-rostros-de-la-cultura-cubana-en-el-lente-de-hector-garrido\\\/#webpage\",\"url\":\"https:\\\/\\\/www.eldigitaldeasturias.com\\\/noticias\\\/cuba-iluminada-rostros-de-la-cultura-cubana-en-el-lente-de-hector-garrido\\\/\",\"name\":\"Cuba Iluminada, rostros de la cultura cubana en el lente de H\\u00e9ctor Garrido - El Digital de Asturias\",\"description\":\"La Habana, 14 dic (EFE).- Cien rostros imprescindibles de la cultura cubana han pasado ante el lente del fot\\u00f3grafo espa\\u00f1ol H\\u00e9ctor Garrido en el proyecto \\\"Cuba Iluminada\\\", una singular y cuidada galer\\u00eda de retratos que componen el actual mosaico creativo de la isla caribe\\u00f1a. En \\\"Cuba Iluminada\\\" no falta casi nadie: el perfil de la\",\"inLanguage\":\"es-ES\",\"isPartOf\":{\"@id\":\"https:\\\/\\\/www.eldigitaldeasturias.com\\\/noticias\\\/#website\"},\"breadcrumb\":{\"@id\":\"https:\\\/\\\/www.eldigitaldeasturias.com\\\/noticias\\\/cuba-iluminada-rostros-de-la-cultura-cubana-en-el-lente-de-hector-garrido\\\/#breadcrumblist\"},\"author\":{\"@id\":\"https:\\\/\\\/www.eldigitaldeasturias.com\\\/noticias\\\/author\\\/admin\\\/#author\"},\"creator\":{\"@id\":\"https:\\\/\\\/www.eldigitaldeasturias.com\\\/noticias\\\/author\\\/admin\\\/#author\"},\"image\":{\"@type\":\"ImageObject\",\"url\":\"https:\\\/\\\/www.eldigitaldeasturias.com\\\/noticias\\\/wp-content\\\/uploads\\\/2013\\\/12\\\/5795013w.jpg\",\"@id\":\"https:\\\/\\\/www.eldigitaldeasturias.com\\\/noticias\\\/cuba-iluminada-rostros-de-la-cultura-cubana-en-el-lente-de-hector-garrido\\\/#mainImage\",\"width\":800,\"height\":453},\"primaryImageOfPage\":{\"@id\":\"https:\\\/\\\/www.eldigitaldeasturias.com\\\/noticias\\\/cuba-iluminada-rostros-de-la-cultura-cubana-en-el-lente-de-hector-garrido\\\/#mainImage\"},\"datePublished\":\"2013-12-15T05:49:25+01:00\",\"dateModified\":\"2013-12-15T05:49:25+01:00\"},{\"@type\":\"WebSite\",\"@id\":\"https:\\\/\\\/www.eldigitaldeasturias.com\\\/noticias\\\/#website\",\"url\":\"https:\\\/\\\/www.eldigitaldeasturias.com\\\/noticias\\\/\",\"name\":\"El Digital de Asturias - Diario de actualidad y noticias\",\"alternateName\":\"El Digital de Asturias - Diario de actualidad y noticias\",\"description\":\"Hemeroteca\",\"inLanguage\":\"es-ES\",\"publisher\":{\"@id\":\"https:\\\/\\\/www.eldigitaldeasturias.com\\\/noticias\\\/#organization\"}}]}\n\t\t<\/script>\n\t\t<!-- All in One SEO Pro -->\r\n\t\t<title>Cuba Iluminada, rostros de la cultura cubana en el lente de H\u00e9ctor Garrido - El Digital de Asturias<\/title>\n\n","aioseo_head_json":{"title":"Cuba Iluminada, rostros de la cultura cubana en el lente de H\u00e9ctor Garrido - El Digital de Asturias","description":"La Habana, 14 dic (EFE).- Cien rostros imprescindibles de la cultura cubana han pasado ante el lente del fot\u00f3grafo espa\u00f1ol H\u00e9ctor Garrido en el proyecto \"Cuba Iluminada\", una singular y cuidada galer\u00eda de retratos que componen el actual mosaico creativo de la isla caribe\u00f1a. En \"Cuba Iluminada\" no falta casi nadie: el perfil de la","canonical_url":"https:\/\/www.eldigitaldeasturias.com\/noticias\/cuba-iluminada-rostros-de-la-cultura-cubana-en-el-lente-de-hector-garrido\/","robots":"max-image-preview:large","keywords":"revista de ocio","webmasterTools":{"google-site-verification":"UA-38556648-1","msvalidate.01":"7dfe9f3f1b24437ab69f4f2559babe99","miscellaneous":""},"schema":{"@context":"https:\/\/schema.org","@graph":[{"@type":"BlogPosting","@id":"https:\/\/www.eldigitaldeasturias.com\/noticias\/cuba-iluminada-rostros-de-la-cultura-cubana-en-el-lente-de-hector-garrido\/#blogposting","name":"Cuba Iluminada, rostros de la cultura cubana en el lente de H\u00e9ctor Garrido - El Digital de Asturias","headline":"Cuba Iluminada, rostros de la cultura cubana en el lente de H\u00e9ctor Garrido","author":{"@id":"https:\/\/www.eldigitaldeasturias.com\/noticias\/author\/admin\/#author"},"publisher":{"@id":"https:\/\/www.eldigitaldeasturias.com\/noticias\/#organization"},"image":{"@type":"ImageObject","url":"https:\/\/www.eldigitaldeasturias.com\/noticias\/wp-content\/uploads\/2013\/12\/5795013w.jpg","width":800,"height":453},"datePublished":"2013-12-15T05:49:25+01:00","dateModified":"2013-12-15T05:49:25+01:00","inLanguage":"es-ES","mainEntityOfPage":{"@id":"https:\/\/www.eldigitaldeasturias.com\/noticias\/cuba-iluminada-rostros-de-la-cultura-cubana-en-el-lente-de-hector-garrido\/#webpage"},"isPartOf":{"@id":"https:\/\/www.eldigitaldeasturias.com\/noticias\/cuba-iluminada-rostros-de-la-cultura-cubana-en-el-lente-de-hector-garrido\/#webpage"},"articleSection":"Revista de Ocio"},{"@type":"BreadcrumbList","@id":"https:\/\/www.eldigitaldeasturias.com\/noticias\/cuba-iluminada-rostros-de-la-cultura-cubana-en-el-lente-de-hector-garrido\/#breadcrumblist","itemListElement":[{"@type":"ListItem","@id":"https:\/\/www.eldigitaldeasturias.com\/noticias#listItem","position":1,"name":"Home","item":"https:\/\/www.eldigitaldeasturias.com\/noticias","nextItem":{"@type":"ListItem","@id":"https:\/\/www.eldigitaldeasturias.com\/noticias\/category\/revista-de-ocio\/#listItem","name":"Revista de Ocio"}},{"@type":"ListItem","@id":"https:\/\/www.eldigitaldeasturias.com\/noticias\/category\/revista-de-ocio\/#listItem","position":2,"name":"Revista de Ocio","item":"https:\/\/www.eldigitaldeasturias.com\/noticias\/category\/revista-de-ocio\/","nextItem":{"@type":"ListItem","@id":"https:\/\/www.eldigitaldeasturias.com\/noticias\/cuba-iluminada-rostros-de-la-cultura-cubana-en-el-lente-de-hector-garrido\/#listItem","name":"Cuba Iluminada, rostros de la cultura cubana en el lente de H\u00e9ctor Garrido"},"previousItem":{"@type":"ListItem","@id":"https:\/\/www.eldigitaldeasturias.com\/noticias#listItem","name":"Home"}},{"@type":"ListItem","@id":"https:\/\/www.eldigitaldeasturias.com\/noticias\/cuba-iluminada-rostros-de-la-cultura-cubana-en-el-lente-de-hector-garrido\/#listItem","position":3,"name":"Cuba Iluminada, rostros de la cultura cubana en el lente de H\u00e9ctor Garrido","previousItem":{"@type":"ListItem","@id":"https:\/\/www.eldigitaldeasturias.com\/noticias\/category\/revista-de-ocio\/#listItem","name":"Revista de Ocio"}}]},{"@type":"Organization","@id":"https:\/\/www.eldigitaldeasturias.com\/noticias\/#organization","name":"El Digital de Asturias","description":"Hemeroteca","url":"https:\/\/www.eldigitaldeasturias.com\/noticias\/","email":"info@eldigitaldeasturias.com","telephone":"+34652131393","logo":{"@type":"ImageObject","url":"https:\/\/www.eldigitaldeasturias.com\/noticias\/wp-content\/uploads\/2020\/12\/EDA.jpg","@id":"https:\/\/www.eldigitaldeasturias.com\/noticias\/cuba-iluminada-rostros-de-la-cultura-cubana-en-el-lente-de-hector-garrido\/#organizationLogo","width":649,"height":297},"image":{"@id":"https:\/\/www.eldigitaldeasturias.com\/noticias\/cuba-iluminada-rostros-de-la-cultura-cubana-en-el-lente-de-hector-garrido\/#organizationLogo"},"sameAs":["https:\/\/facebook.com\/eldigitaldeasturias","https:\/\/www.youtube.com\/channel\/UCZP-2wLEB9Rv6erhFmqVnvg"],"address":{"@id":"https:\/\/www.eldigitaldeasturias.com\/noticias\/#postaladdress","@type":"PostalAddress","streetAddress":"san antonio 4,","postalCode":"33430","addressLocality":"Cand\u00e1s","addressRegion":"Asturias","addressCountry":"ES"}},{"@type":"Person","@id":"https:\/\/www.eldigitaldeasturias.com\/noticias\/author\/admin\/#author","url":"https:\/\/www.eldigitaldeasturias.com\/noticias\/author\/admin\/","name":"El Digital de Asturias","image":{"@type":"ImageObject","@id":"https:\/\/www.eldigitaldeasturias.com\/noticias\/cuba-iluminada-rostros-de-la-cultura-cubana-en-el-lente-de-hector-garrido\/#authorImage","url":"https:\/\/www.eldigitaldeasturias.com\/noticias\/wp-content\/litespeed\/avatar\/18677e78aa0546b92d9dbf31ec7d7668.jpg?ver=1777290358","width":96,"height":96,"caption":"El Digital de Asturias"}},{"@type":"WebPage","@id":"https:\/\/www.eldigitaldeasturias.com\/noticias\/cuba-iluminada-rostros-de-la-cultura-cubana-en-el-lente-de-hector-garrido\/#webpage","url":"https:\/\/www.eldigitaldeasturias.com\/noticias\/cuba-iluminada-rostros-de-la-cultura-cubana-en-el-lente-de-hector-garrido\/","name":"Cuba Iluminada, rostros de la cultura cubana en el lente de H\u00e9ctor Garrido - El Digital de Asturias","description":"La Habana, 14 dic (EFE).- Cien rostros imprescindibles de la cultura cubana han pasado ante el lente del fot\u00f3grafo espa\u00f1ol H\u00e9ctor Garrido en el proyecto \"Cuba Iluminada\", una singular y cuidada galer\u00eda de retratos que componen el actual mosaico creativo de la isla caribe\u00f1a. En \"Cuba Iluminada\" no falta casi nadie: el perfil de la","inLanguage":"es-ES","isPartOf":{"@id":"https:\/\/www.eldigitaldeasturias.com\/noticias\/#website"},"breadcrumb":{"@id":"https:\/\/www.eldigitaldeasturias.com\/noticias\/cuba-iluminada-rostros-de-la-cultura-cubana-en-el-lente-de-hector-garrido\/#breadcrumblist"},"author":{"@id":"https:\/\/www.eldigitaldeasturias.com\/noticias\/author\/admin\/#author"},"creator":{"@id":"https:\/\/www.eldigitaldeasturias.com\/noticias\/author\/admin\/#author"},"image":{"@type":"ImageObject","url":"https:\/\/www.eldigitaldeasturias.com\/noticias\/wp-content\/uploads\/2013\/12\/5795013w.jpg","@id":"https:\/\/www.eldigitaldeasturias.com\/noticias\/cuba-iluminada-rostros-de-la-cultura-cubana-en-el-lente-de-hector-garrido\/#mainImage","width":800,"height":453},"primaryImageOfPage":{"@id":"https:\/\/www.eldigitaldeasturias.com\/noticias\/cuba-iluminada-rostros-de-la-cultura-cubana-en-el-lente-de-hector-garrido\/#mainImage"},"datePublished":"2013-12-15T05:49:25+01:00","dateModified":"2013-12-15T05:49:25+01:00"},{"@type":"WebSite","@id":"https:\/\/www.eldigitaldeasturias.com\/noticias\/#website","url":"https:\/\/www.eldigitaldeasturias.com\/noticias\/","name":"El Digital de Asturias - Diario de actualidad y noticias","alternateName":"El Digital de Asturias - Diario de actualidad y noticias","description":"Hemeroteca","inLanguage":"es-ES","publisher":{"@id":"https:\/\/www.eldigitaldeasturias.com\/noticias\/#organization"}}]},"og:locale":"es_ES","og:site_name":"El Digital de Asturias","og:type":"article","og:title":"Cuba Iluminada, rostros de la cultura cubana en el lente de H\u00e9ctor Garrido - El Digital de Asturias","og:description":"La Habana, 14 dic (EFE).- Cien rostros imprescindibles de la cultura cubana han pasado ante el lente del fot\u00f3grafo espa\u00f1ol H\u00e9ctor Garrido en el proyecto &quot;Cuba Iluminada&quot;, una singular y cuidada galer\u00eda de retratos que componen el actual mosaico creativo de la isla caribe\u00f1a. En &quot;Cuba Iluminada&quot; no falta casi nadie: el perfil de la","og:url":"https:\/\/www.eldigitaldeasturias.com\/noticias\/cuba-iluminada-rostros-de-la-cultura-cubana-en-el-lente-de-hector-garrido\/","og:image":"https:\/\/www.eldigitaldeasturias.com\/noticias\/wp-content\/uploads\/2013\/12\/5795013w.jpg","og:image:secure_url":"https:\/\/www.eldigitaldeasturias.com\/noticias\/wp-content\/uploads\/2013\/12\/5795013w.jpg","og:image:width":800,"og:image:height":453,"article:tag":["revista de ocio"],"article:published_time":"2013-12-15T06:49:25+00:00","article:modified_time":"2013-12-15T06:49:25+00:00","article:publisher":"https:\/\/facebook.com\/eldigitaldeasturias","twitter:card":"summary_large_image","twitter:title":"Cuba Iluminada, rostros de la cultura cubana en el lente de H\u00e9ctor Garrido - El Digital de Asturias","twitter:description":"La Habana, 14 dic (EFE).- Cien rostros imprescindibles de la cultura cubana han pasado ante el lente del fot\u00f3grafo espa\u00f1ol H\u00e9ctor Garrido en el proyecto &quot;Cuba Iluminada&quot;, una singular y cuidada galer\u00eda de retratos que componen el actual mosaico creativo de la isla caribe\u00f1a. En &quot;Cuba Iluminada&quot; no falta casi nadie: el perfil de la","twitter:image":"https:\/\/www.eldigitaldeasturias.com\/noticias\/wp-content\/uploads\/2013\/12\/5795013w.jpg","twitter:label1":"Escrito por","twitter:data1":"El Digital de Asturias","twitter:label2":"Tiempo de lectura estimado","twitter:data2":"3 minutos"},"aioseo_meta_data":{"post_id":"461802","title":null,"description":null,"keywords":null,"keyphrases":null,"primary_term":null,"canonical_url":null,"og_title":null,"og_description":null,"og_object_type":"default","og_image_type":"default","og_image_url":null,"og_image_width":null,"og_image_height":null,"og_image_custom_url":null,"og_image_custom_fields":null,"og_video":null,"og_custom_url":null,"og_article_section":null,"og_article_tags":null,"twitter_use_og":true,"twitter_card":"default","twitter_image_type":"default","twitter_image_url":null,"twitter_image_custom_url":null,"twitter_image_custom_fields":null,"twitter_title":null,"twitter_description":null,"schema":{"blockGraphs":[],"customGraphs":[],"default":{"data":{"Article":[],"Course":[],"Dataset":[],"FAQPage":[],"Movie":[],"Person":[],"Product":[],"ProductReview":[],"Car":[],"Recipe":[],"Service":[],"SoftwareApplication":[],"WebPage":[]},"graphName":"","isEnabled":true},"graphs":[],"defaultGraph":"","defaultPostTypeGraph":""},"schema_type":null,"schema_type_options":null,"pillar_content":false,"robots_default":true,"robots_noindex":false,"robots_noarchive":false,"robots_nosnippet":false,"robots_nofollow":false,"robots_noimageindex":false,"robots_noodp":false,"robots_notranslate":false,"robots_max_snippet":null,"robots_max_videopreview":null,"robots_max_imagepreview":"none","priority":null,"frequency":null,"local_seo":null,"seo_analyzer_scan_date":"2025-08-24 13:30:48","breadcrumb_settings":null,"limit_modified_date":false,"open_ai":null,"ai":null,"created":"2020-11-14 22:48:08","updated":"2025-08-24 13:30:48"},"aioseo_breadcrumb":"<div class=\"aioseo-breadcrumbs\"><span class=\"aioseo-breadcrumb\">\n\t<a href=\"https:\/\/www.eldigitaldeasturias.com\/noticias\" title=\"Home\">Home<\/a>\n<\/span><span class=\"aioseo-breadcrumb-separator\">\u2013<\/span><span class=\"aioseo-breadcrumb\">\n\t<a href=\"https:\/\/www.eldigitaldeasturias.com\/noticias\/category\/revista-de-ocio\/\" title=\"Revista de Ocio\">Revista de Ocio<\/a>\n<\/span><span class=\"aioseo-breadcrumb-separator\">\u2013<\/span><span class=\"aioseo-breadcrumb\">\n\t<a href=\"https:\/\/www.eldigitaldeasturias.com\/noticias\/cuba-iluminada-rostros-de-la-cultura-cubana-en-el-lente-de-hector-garrido\/\" title=\"Cuba Iluminada, rostros de la cultura cubana en el lente de H\u00e9ctor Garrido\">Cuba Iluminada, rostros de la cultura cubana en el lente de H\u00e9ctor Garrido<\/a>\n<\/span><\/div>","aioseo_breadcrumb_json":[{"label":"Home","link":"https:\/\/www.eldigitaldeasturias.com\/noticias"},{"label":"Revista de Ocio","link":"https:\/\/www.eldigitaldeasturias.com\/noticias\/category\/revista-de-ocio\/"},{"label":"Cuba Iluminada, rostros de la cultura cubana en el lente de H\u00e9ctor Garrido","link":"https:\/\/www.eldigitaldeasturias.com\/noticias\/cuba-iluminada-rostros-de-la-cultura-cubana-en-el-lente-de-hector-garrido\/"}],"_links":{"self":[{"href":"https:\/\/www.eldigitaldeasturias.com\/noticias\/wp-json\/wp\/v2\/posts\/461802","targetHints":{"allow":["GET"]}}],"collection":[{"href":"https:\/\/www.eldigitaldeasturias.com\/noticias\/wp-json\/wp\/v2\/posts"}],"about":[{"href":"https:\/\/www.eldigitaldeasturias.com\/noticias\/wp-json\/wp\/v2\/types\/post"}],"author":[{"embeddable":true,"href":"https:\/\/www.eldigitaldeasturias.com\/noticias\/wp-json\/wp\/v2\/users\/1"}],"replies":[{"embeddable":true,"href":"https:\/\/www.eldigitaldeasturias.com\/noticias\/wp-json\/wp\/v2\/comments?post=461802"}],"version-history":[{"count":0,"href":"https:\/\/www.eldigitaldeasturias.com\/noticias\/wp-json\/wp\/v2\/posts\/461802\/revisions"}],"wp:featuredmedia":[{"embeddable":true,"href":"https:\/\/www.eldigitaldeasturias.com\/noticias\/wp-json\/wp\/v2\/media\/461803"}],"wp:attachment":[{"href":"https:\/\/www.eldigitaldeasturias.com\/noticias\/wp-json\/wp\/v2\/media?parent=461802"}],"wp:term":[{"taxonomy":"category","embeddable":true,"href":"https:\/\/www.eldigitaldeasturias.com\/noticias\/wp-json\/wp\/v2\/categories?post=461802"},{"taxonomy":"post_tag","embeddable":true,"href":"https:\/\/www.eldigitaldeasturias.com\/noticias\/wp-json\/wp\/v2\/tags?post=461802"}],"curies":[{"name":"wp","href":"https:\/\/api.w.org\/{rel}","templated":true}]}}