{"id":460505,"date":"2013-12-11T19:58:37","date_gmt":"2013-12-11T20:58:37","guid":{"rendered":"http:\/\/www.eldigitaldeasturias.com\/noticias\/?p=460505"},"modified":"2013-12-11T19:58:37","modified_gmt":"2013-12-11T20:58:37","slug":"otono-de-ex-presidentes-en-espana-la-recetas-ante-la-falta-de-liderazgo","status":"publish","type":"post","link":"https:\/\/www.eldigitaldeasturias.com\/noticias\/otono-de-ex-presidentes-en-espana-la-recetas-ante-la-falta-de-liderazgo\/","title":{"rendered":"Oto\u00f1o de ex presidentes en Espa\u00f1a: La recetas ante la falta de liderazgo"},"content":{"rendered":"<p><img loading=\"lazy\" decoding=\"async\" class=\"alignleft size-medium wp-image-460506\" alt=\"OTO_O_DE_EX_PRESIDEN_36624879\" src=\"https:\/\/www.eldigitaldeasturias.com\/noticias\/wp-content\/uploads\/2013\/12\/OTO_O_DE_EX_PRESIDEN_36624879-208x320.jpg\" width=\"208\" height=\"320\" srcset=\"https:\/\/www.eldigitaldeasturias.com\/noticias\/wp-content\/uploads\/2013\/12\/OTO_O_DE_EX_PRESIDEN_36624879-208x320.jpg 208w, https:\/\/www.eldigitaldeasturias.com\/noticias\/wp-content\/uploads\/2013\/12\/OTO_O_DE_EX_PRESIDEN_36624879-423x650.jpg 423w, https:\/\/www.eldigitaldeasturias.com\/noticias\/wp-content\/uploads\/2013\/12\/OTO_O_DE_EX_PRESIDEN_36624879.jpg 1817w\" sizes=\"auto, (max-width: 208px) 100vw, 208px\" \/>MADRID (dpa) &#8211; El de 2013 ser\u00e1 recordado en Espa\u00f1a como el oto\u00f1o de los ex presidentes del gobierno. En medio de la crisis pol\u00edtica que atraviesa el pa\u00eds, Felipe Gonz\u00e1lez, Jos\u00e9 Mar\u00eda Aznar y Jos\u00e9 Luis Rodr\u00edguez Zapatero volvieron a la palestra con un libro de memorias bajo el brazo.<\/p>\n<p>\u00abHay overbooking\u00bb, bromeaba el pasado 7 de noviembre el socialista Felipe Gonz\u00e1lez sobre la coincidencia de la fecha de presentaci\u00f3n de su obra con la de su sucesor, Jos\u00e9 Mar\u00eda Aznar.<\/p>\n<p>El que fuera jefe del Ejecutivo espa\u00f1ol desde 1982 hasta 1996 present\u00f3 ese d\u00eda ante la prensa, en el C\u00edrculo de Bellas Artes de Madrid, su libro \u00abEn busca de respuestas. El liderazgo en los tiempos de crisis\u00bb (editorial Debate).<\/p>\n<p>Apenas unas horas despu\u00e9s, era el \u00abpopular\u00bb Jos\u00e9 Mar\u00eda Aznar (1996-2004) quien exhib\u00eda la segunda parte de sus memorias -\u00abEl compromiso del poder\u00bb (editorial Planeta)- en un lujoso hotel del centro de la capital espa\u00f1ola.<\/p>\n<p>La puesta en escena fue bien distinta, pero los dos ex mandatarios coincidieron al lanzar a sus sucesores consejos, ejemplos del pasado y alg\u00fan que otro tir\u00f3n de orejas en un momento marcado por la crisis econ\u00f3mica y en el que los sondeos apuntan al fin del bipartidismo del Partido Popular y el Partido Socialista.<\/p>\n<p>\u00abNo soy uno de esos ex presidentes tan seguros de s\u00ed mismos que dan una receta cada d\u00eda\u00bb, sentenci\u00f3 Gonz\u00e1lez, recordado por acu\u00f1ar hace tiempo la siguiente teor\u00eda: \u00abLos ex presidentes somos como jarrones chinos en casas peque\u00f1as. Nadie se atreve a tirarlos porque los creen muy valiosos, pero en realidad son molestos\u00bb, explicaba.<\/p>\n<p>En este oto\u00f1o espa\u00f1ol la m\u00e1xima de los \u00abjarrones chinos\u00bb se confirma:\u00a0la reaparici\u00f3n de los ex mandatarios con una cerrada defensa de sus respectivos gobiernos y una sarta de consejos para guiar al pa\u00eds, sumido en una grave crisis desde 2008, levant\u00f3 ampollas en sus propios partidos.<\/p>\n<p>Gonz\u00e1lez no dud\u00f3 en reconocer la falta de liderazgo del actual secretario general de su partido, Alfredo P\u00e9rez Rubalcaba, quien cosech\u00f3 en los comicios generales de 2011 el peor resultado de la historia de la formaci\u00f3n.<\/p>\n<p>Su clave para luchar contra el descr\u00e9dito de los pol\u00edticos: \u00abun proyecto claro, que se resuma en un discurso\u00bb, sugiri\u00f3 el ex presidente socialista, de 71 a\u00f1os. Inst\u00f3 a \u00abcrear una econom\u00eda social de mercado competitiva\u00bb para recuperar \u00abla cohesi\u00f3n social que se est\u00e1n cargando\u00bb y que, recalc\u00f3, se cre\u00f3 en Espa\u00f1a durante su mandato.<\/p>\n<p>Tampoco Aznar ahorr\u00f3 cr\u00edticas al actual presidente del gobierno espa\u00f1ol, Mariano Rajoy, a quien \u00e9l mismo eligi\u00f3 como su sucesor al frente del Partido Popular hace una d\u00e9cada.<\/p>\n<p>\u00abQuiero que (Rajoy) acierte, que tome decisiones y las haga\u00bb dijo el ex presidente horas antes de presentar sus memorias. Esa misma tarde, nadie del Ejecutivo acudi\u00f3 al acto, suscitando titulares de clara escisi\u00f3n en el partido.<\/p>\n<p>Rodeado por la plana mayor del que fuera su equipo de gobierno -\u00abequipazo\u00bb, le llam\u00f3 \u00e9l-, Aznar record\u00f3 sus d\u00edas m\u00e1s \u00abamargos\u00bb como presidente: los que siguieron al atentado del 11 de marzo del 2004 (11-M), en el que casi 200 personas murieron en varios trenes en Madrid, dos d\u00edas antes de las elecciones que gan\u00f3 el PSOE.<\/p>\n<p>Pero, sobre todo, contrast\u00f3 sus \u00ablogros\u00bb econ\u00f3micos al frente del gobierno -concentrados en aquella famosa frase del \u00abEspa\u00f1a va bien\u00bb- con la situaci\u00f3n que actualmente atraviesa el pa\u00eds, que tiene una tasa de desempleo de casi el 26 por ciento.<\/p>\n<p>Jos\u00e9 Luis Rodr\u00edguez Zapatero fue el m\u00e1s diplom\u00e1tico de los tres en una de sus pocas apariciones p\u00fablicas desde que se ape\u00f3 del gobierno, en noviembre de 2011, tras dos legislaturas.<\/p>\n<p>De Rubalcaba, su \u00abamigo\u00bb y mano derecha en los a\u00f1os m\u00e1s dif\u00edciles al frente del Ejecutivo, dijo que \u00abnadie duda de sus cualidades\u00bb. Tampoco quiso polemizar sobre Pedro Solbes, quien fuera vicepresidente econ\u00f3mico de su gobierno al comienzo de la crisis que asola a Espa\u00f1a desde 2008 y con quien mantuvo diferencias.<\/p>\n<p>Zapatero present\u00f3 el pasado 28 de noviembre en Madrid \u00abEl dilema. 600 d\u00edas de v\u00e9rtigo\u00bb (editorial Planeta), acompa\u00f1ado del ex primer ministro brit\u00e1nico Tony Blair. El socialista narr\u00f3, dos a\u00f1os despu\u00e9s,\u00a0 su resistencia ante un posible rescate europeo en la \u00faltima etapa de su mandato.<\/p>\n<p>\u00abMi obsesi\u00f3n fue que Espa\u00f1a no cayera. Que no tuvi\u00e9ramos que pedir ayuda, que nuestra autonom\u00eda como pa\u00eds se preservase\u00bb, destac\u00f3.<\/p>\n<p>Los tres ex mandatarios tomaron las riendas de Espa\u00f1a en momentos muy diferentes. Su gesti\u00f3n est\u00e1 inherentemente unida al devenir del pa\u00eds: a su econom\u00eda, su desarrollo, su educaci\u00f3n y su sociedad.<\/p>\n<p>\u00abSiento un gran respeto por los ex presidentes del gobierno. M\u00e1s all\u00e1 de la simpat\u00eda mayor o menor, dir\u00e9 que han sido presidentes del gobierno de Espa\u00f1a, es decir, que han tenido el respaldo de millones de espa\u00f1oles\u00bb, destac\u00f3 Zapatero.<\/p>\n<p>\u00bfEstar\u00edan dispuestos a volver a la primera l\u00ednea de la pol\u00edtica?, \u00abCuando sal\u00ed del gobierno ten\u00eda 54 a\u00f1os y me compromet\u00ed a no tener ninguna responsabilidad institucional m\u00e1s, pero siempre estoy dispuesto a ayudar, incluso al presidente del gobierno\u00bb, respondi\u00f3 el m\u00e1s veterano, Felipe Gonz\u00e1lez.<\/p>\n<p>\u00abSiempre tuve muy claro que el poder es temporal, es una de las reglas fundamentales de la democracia\u00bb, rese\u00f1\u00f3 Zapatero.<\/p>\n<p>\u00abEn todas las decisiones pol\u00edticas que he tomado, el inter\u00e9s \u00fanico es el que entend\u00eda como inter\u00e9s de los espa\u00f1oles. Y \u00e9se sigue siendo mi compromiso: servir al inter\u00e9s general de Espa\u00f1a\u00bb, sentenci\u00f3 misterioso Aznar, el \u00fanico de los tres que, en m\u00e1s de una ocasi\u00f3n, ha sugerido su vuelta a la pol\u00edtica.<\/p>\n<p><i>Por Ana L\u00e1zaro Verde<\/i><\/p>\n","protected":false},"excerpt":{"rendered":"<p>MADRID (dpa) &#8211; El de 2013 ser\u00e1 recordado en Espa\u00f1a como el oto\u00f1o de los ex presidentes del gobierno. En medio de la crisis pol\u00edtica que atraviesa el pa\u00eds, Felipe Gonz\u00e1lez, Jos\u00e9 Mar\u00eda Aznar y Jos\u00e9 Luis Rodr\u00edguez Zapatero volvieron a la palestra con un libro de memorias bajo el brazo. \u00abHay overbooking\u00bb, bromeaba el [&hellip;]<\/p>\n","protected":false},"author":1,"featured_media":460506,"comment_status":"closed","ping_status":"open","sticky":false,"template":"","format":"standard","meta":{"footnotes":""},"categories":[1],"tags":[],"class_list":["post-460505","post","type-post","status-publish","format-standard","has-post-thumbnail","hentry","category-actualidad"],"aioseo_notices":[],"aioseo_head":"\n\t\t<!-- All in One SEO Pro 4.9.6.2 - aioseo.com -->\n\t<meta name=\"description\" content=\"MADRID (dpa) - El de 2013 ser\u00e1 recordado en Espa\u00f1a como el oto\u00f1o de los ex presidentes del gobierno. En medio de la crisis pol\u00edtica que atraviesa el pa\u00eds, Felipe Gonz\u00e1lez, Jos\u00e9 Mar\u00eda Aznar y Jos\u00e9 Luis Rodr\u00edguez Zapatero volvieron a la palestra con un libro de memorias bajo el brazo. &quot;Hay overbooking&quot;, bromeaba el\" \/>\n\t<meta name=\"robots\" content=\"max-image-preview:large\" \/>\n\t<meta name=\"author\" content=\"El Digital de Asturias\"\/>\n\t<meta name=\"google-site-verification\" content=\"UA-38556648-1\" \/>\n\t<meta name=\"msvalidate.01\" content=\"7dfe9f3f1b24437ab69f4f2559babe99\" \/>\n\t<meta name=\"keywords\" content=\"actualidad\" \/>\n\t<link rel=\"canonical\" href=\"https:\/\/www.eldigitaldeasturias.com\/noticias\/otono-de-ex-presidentes-en-espana-la-recetas-ante-la-falta-de-liderazgo\/\" \/>\n\t<meta name=\"generator\" content=\"All in One SEO Pro (AIOSEO) 4.9.6.2\" \/>\n\t\t<meta property=\"og:locale\" content=\"es_ES\" \/>\n\t\t<meta property=\"og:site_name\" content=\"El Digital de Asturias\" \/>\n\t\t<meta property=\"og:type\" content=\"article\" \/>\n\t\t<meta property=\"og:title\" content=\"Oto\u00f1o de ex presidentes en Espa\u00f1a: La recetas ante la falta de liderazgo - El Digital de Asturias\" \/>\n\t\t<meta property=\"og:description\" content=\"MADRID (dpa) - El de 2013 ser\u00e1 recordado en Espa\u00f1a como el oto\u00f1o de los ex presidentes del gobierno. En medio de la crisis pol\u00edtica que atraviesa el pa\u00eds, Felipe Gonz\u00e1lez, Jos\u00e9 Mar\u00eda Aznar y Jos\u00e9 Luis Rodr\u00edguez Zapatero volvieron a la palestra con un libro de memorias bajo el brazo. &quot;Hay overbooking&quot;, bromeaba el\" \/>\n\t\t<meta property=\"og:url\" content=\"https:\/\/www.eldigitaldeasturias.com\/noticias\/otono-de-ex-presidentes-en-espana-la-recetas-ante-la-falta-de-liderazgo\/\" \/>\n\t\t<meta property=\"og:image\" content=\"https:\/\/www.eldigitaldeasturias.com\/noticias\/wp-content\/uploads\/2013\/12\/OTO_O_DE_EX_PRESIDEN_36624879.jpg\" \/>\n\t\t<meta property=\"og:image:secure_url\" content=\"https:\/\/www.eldigitaldeasturias.com\/noticias\/wp-content\/uploads\/2013\/12\/OTO_O_DE_EX_PRESIDEN_36624879.jpg\" \/>\n\t\t<meta property=\"og:image:width\" content=\"1817\" \/>\n\t\t<meta property=\"og:image:height\" content=\"2789\" \/>\n\t\t<meta property=\"article:tag\" content=\"actualidad\" \/>\n\t\t<meta property=\"article:published_time\" content=\"2013-12-11T20:58:37+00:00\" \/>\n\t\t<meta property=\"article:modified_time\" content=\"2013-12-11T20:58:37+00:00\" \/>\n\t\t<meta property=\"article:publisher\" content=\"https:\/\/facebook.com\/eldigitaldeasturias\" \/>\n\t\t<meta name=\"twitter:card\" content=\"summary_large_image\" \/>\n\t\t<meta name=\"twitter:title\" content=\"Oto\u00f1o de ex presidentes en Espa\u00f1a: La recetas ante la falta de liderazgo - El Digital de Asturias\" \/>\n\t\t<meta name=\"twitter:description\" content=\"MADRID (dpa) - El de 2013 ser\u00e1 recordado en Espa\u00f1a como el oto\u00f1o de los ex presidentes del gobierno. En medio de la crisis pol\u00edtica que atraviesa el pa\u00eds, Felipe Gonz\u00e1lez, Jos\u00e9 Mar\u00eda Aznar y Jos\u00e9 Luis Rodr\u00edguez Zapatero volvieron a la palestra con un libro de memorias bajo el brazo. &quot;Hay overbooking&quot;, bromeaba el\" \/>\n\t\t<meta name=\"twitter:image\" content=\"https:\/\/www.eldigitaldeasturias.com\/noticias\/wp-content\/uploads\/2013\/12\/OTO_O_DE_EX_PRESIDEN_36624879.jpg\" \/>\n\t\t<meta name=\"twitter:label1\" content=\"Escrito por\" \/>\n\t\t<meta name=\"twitter:data1\" content=\"El Digital de Asturias\" \/>\n\t\t<meta name=\"twitter:label2\" content=\"Tiempo de lectura estimado\" \/>\n\t\t<meta name=\"twitter:data2\" content=\"5 minutos\" \/>\n\t\t<script type=\"application\/ld+json\" class=\"aioseo-schema\">\n\t\t\t{\"@context\":\"https:\\\/\\\/schema.org\",\"@graph\":[{\"@type\":\"BlogPosting\",\"@id\":\"https:\\\/\\\/www.eldigitaldeasturias.com\\\/noticias\\\/otono-de-ex-presidentes-en-espana-la-recetas-ante-la-falta-de-liderazgo\\\/#blogposting\",\"name\":\"Oto\\u00f1o de ex presidentes en Espa\\u00f1a: La recetas ante la falta de liderazgo - El Digital de Asturias\",\"headline\":\"Oto\\u00f1o de ex presidentes en Espa\\u00f1a: La recetas ante la falta de liderazgo\",\"author\":{\"@id\":\"https:\\\/\\\/www.eldigitaldeasturias.com\\\/noticias\\\/author\\\/admin\\\/#author\"},\"publisher\":{\"@id\":\"https:\\\/\\\/www.eldigitaldeasturias.com\\\/noticias\\\/#organization\"},\"image\":{\"@type\":\"ImageObject\",\"url\":\"https:\\\/\\\/www.eldigitaldeasturias.com\\\/noticias\\\/wp-content\\\/uploads\\\/2013\\\/12\\\/OTO_O_DE_EX_PRESIDEN_36624879.jpg\",\"width\":1817,\"height\":2789},\"datePublished\":\"2013-12-11T19:58:37+01:00\",\"dateModified\":\"2013-12-11T19:58:37+01:00\",\"inLanguage\":\"es-ES\",\"mainEntityOfPage\":{\"@id\":\"https:\\\/\\\/www.eldigitaldeasturias.com\\\/noticias\\\/otono-de-ex-presidentes-en-espana-la-recetas-ante-la-falta-de-liderazgo\\\/#webpage\"},\"isPartOf\":{\"@id\":\"https:\\\/\\\/www.eldigitaldeasturias.com\\\/noticias\\\/otono-de-ex-presidentes-en-espana-la-recetas-ante-la-falta-de-liderazgo\\\/#webpage\"},\"articleSection\":\"Actualidad\"},{\"@type\":\"BreadcrumbList\",\"@id\":\"https:\\\/\\\/www.eldigitaldeasturias.com\\\/noticias\\\/otono-de-ex-presidentes-en-espana-la-recetas-ante-la-falta-de-liderazgo\\\/#breadcrumblist\",\"itemListElement\":[{\"@type\":\"ListItem\",\"@id\":\"https:\\\/\\\/www.eldigitaldeasturias.com\\\/noticias#listItem\",\"position\":1,\"name\":\"Home\",\"item\":\"https:\\\/\\\/www.eldigitaldeasturias.com\\\/noticias\",\"nextItem\":{\"@type\":\"ListItem\",\"@id\":\"https:\\\/\\\/www.eldigitaldeasturias.com\\\/noticias\\\/category\\\/actualidad\\\/#listItem\",\"name\":\"Actualidad\"}},{\"@type\":\"ListItem\",\"@id\":\"https:\\\/\\\/www.eldigitaldeasturias.com\\\/noticias\\\/category\\\/actualidad\\\/#listItem\",\"position\":2,\"name\":\"Actualidad\",\"item\":\"https:\\\/\\\/www.eldigitaldeasturias.com\\\/noticias\\\/category\\\/actualidad\\\/\",\"nextItem\":{\"@type\":\"ListItem\",\"@id\":\"https:\\\/\\\/www.eldigitaldeasturias.com\\\/noticias\\\/otono-de-ex-presidentes-en-espana-la-recetas-ante-la-falta-de-liderazgo\\\/#listItem\",\"name\":\"Oto\\u00f1o de ex presidentes en Espa\\u00f1a: La recetas ante la falta de liderazgo\"},\"previousItem\":{\"@type\":\"ListItem\",\"@id\":\"https:\\\/\\\/www.eldigitaldeasturias.com\\\/noticias#listItem\",\"name\":\"Home\"}},{\"@type\":\"ListItem\",\"@id\":\"https:\\\/\\\/www.eldigitaldeasturias.com\\\/noticias\\\/otono-de-ex-presidentes-en-espana-la-recetas-ante-la-falta-de-liderazgo\\\/#listItem\",\"position\":3,\"name\":\"Oto\\u00f1o de ex presidentes en Espa\\u00f1a: La recetas ante la falta de liderazgo\",\"previousItem\":{\"@type\":\"ListItem\",\"@id\":\"https:\\\/\\\/www.eldigitaldeasturias.com\\\/noticias\\\/category\\\/actualidad\\\/#listItem\",\"name\":\"Actualidad\"}}]},{\"@type\":\"Organization\",\"@id\":\"https:\\\/\\\/www.eldigitaldeasturias.com\\\/noticias\\\/#organization\",\"name\":\"El Digital de Asturias\",\"description\":\"Hemeroteca\",\"url\":\"https:\\\/\\\/www.eldigitaldeasturias.com\\\/noticias\\\/\",\"email\":\"info@eldigitaldeasturias.com\",\"telephone\":\"+34652131393\",\"logo\":{\"@type\":\"ImageObject\",\"url\":\"https:\\\/\\\/www.eldigitaldeasturias.com\\\/noticias\\\/wp-content\\\/uploads\\\/2020\\\/12\\\/EDA.jpg\",\"@id\":\"https:\\\/\\\/www.eldigitaldeasturias.com\\\/noticias\\\/otono-de-ex-presidentes-en-espana-la-recetas-ante-la-falta-de-liderazgo\\\/#organizationLogo\",\"width\":649,\"height\":297},\"image\":{\"@id\":\"https:\\\/\\\/www.eldigitaldeasturias.com\\\/noticias\\\/otono-de-ex-presidentes-en-espana-la-recetas-ante-la-falta-de-liderazgo\\\/#organizationLogo\"},\"sameAs\":[\"https:\\\/\\\/facebook.com\\\/eldigitaldeasturias\",\"https:\\\/\\\/www.youtube.com\\\/channel\\\/UCZP-2wLEB9Rv6erhFmqVnvg\"],\"address\":{\"@id\":\"https:\\\/\\\/www.eldigitaldeasturias.com\\\/noticias\\\/#postaladdress\",\"@type\":\"PostalAddress\",\"streetAddress\":\"san antonio 4,\",\"postalCode\":\"33430\",\"addressLocality\":\"Cand\\u00e1s\",\"addressRegion\":\"Asturias\",\"addressCountry\":\"ES\"}},{\"@type\":\"Person\",\"@id\":\"https:\\\/\\\/www.eldigitaldeasturias.com\\\/noticias\\\/author\\\/admin\\\/#author\",\"url\":\"https:\\\/\\\/www.eldigitaldeasturias.com\\\/noticias\\\/author\\\/admin\\\/\",\"name\":\"El Digital de Asturias\",\"image\":{\"@type\":\"ImageObject\",\"@id\":\"https:\\\/\\\/www.eldigitaldeasturias.com\\\/noticias\\\/otono-de-ex-presidentes-en-espana-la-recetas-ante-la-falta-de-liderazgo\\\/#authorImage\",\"url\":\"https:\\\/\\\/www.eldigitaldeasturias.com\\\/noticias\\\/wp-content\\\/litespeed\\\/avatar\\\/18677e78aa0546b92d9dbf31ec7d7668.jpg?ver=1777290358\",\"width\":96,\"height\":96,\"caption\":\"El Digital de Asturias\"}},{\"@type\":\"WebPage\",\"@id\":\"https:\\\/\\\/www.eldigitaldeasturias.com\\\/noticias\\\/otono-de-ex-presidentes-en-espana-la-recetas-ante-la-falta-de-liderazgo\\\/#webpage\",\"url\":\"https:\\\/\\\/www.eldigitaldeasturias.com\\\/noticias\\\/otono-de-ex-presidentes-en-espana-la-recetas-ante-la-falta-de-liderazgo\\\/\",\"name\":\"Oto\\u00f1o de ex presidentes en Espa\\u00f1a: La recetas ante la falta de liderazgo - El Digital de Asturias\",\"description\":\"MADRID (dpa) - El de 2013 ser\\u00e1 recordado en Espa\\u00f1a como el oto\\u00f1o de los ex presidentes del gobierno. En medio de la crisis pol\\u00edtica que atraviesa el pa\\u00eds, Felipe Gonz\\u00e1lez, Jos\\u00e9 Mar\\u00eda Aznar y Jos\\u00e9 Luis Rodr\\u00edguez Zapatero volvieron a la palestra con un libro de memorias bajo el brazo. \\\"Hay overbooking\\\", bromeaba el\",\"inLanguage\":\"es-ES\",\"isPartOf\":{\"@id\":\"https:\\\/\\\/www.eldigitaldeasturias.com\\\/noticias\\\/#website\"},\"breadcrumb\":{\"@id\":\"https:\\\/\\\/www.eldigitaldeasturias.com\\\/noticias\\\/otono-de-ex-presidentes-en-espana-la-recetas-ante-la-falta-de-liderazgo\\\/#breadcrumblist\"},\"author\":{\"@id\":\"https:\\\/\\\/www.eldigitaldeasturias.com\\\/noticias\\\/author\\\/admin\\\/#author\"},\"creator\":{\"@id\":\"https:\\\/\\\/www.eldigitaldeasturias.com\\\/noticias\\\/author\\\/admin\\\/#author\"},\"image\":{\"@type\":\"ImageObject\",\"url\":\"https:\\\/\\\/www.eldigitaldeasturias.com\\\/noticias\\\/wp-content\\\/uploads\\\/2013\\\/12\\\/OTO_O_DE_EX_PRESIDEN_36624879.jpg\",\"@id\":\"https:\\\/\\\/www.eldigitaldeasturias.com\\\/noticias\\\/otono-de-ex-presidentes-en-espana-la-recetas-ante-la-falta-de-liderazgo\\\/#mainImage\",\"width\":1817,\"height\":2789},\"primaryImageOfPage\":{\"@id\":\"https:\\\/\\\/www.eldigitaldeasturias.com\\\/noticias\\\/otono-de-ex-presidentes-en-espana-la-recetas-ante-la-falta-de-liderazgo\\\/#mainImage\"},\"datePublished\":\"2013-12-11T19:58:37+01:00\",\"dateModified\":\"2013-12-11T19:58:37+01:00\"},{\"@type\":\"WebSite\",\"@id\":\"https:\\\/\\\/www.eldigitaldeasturias.com\\\/noticias\\\/#website\",\"url\":\"https:\\\/\\\/www.eldigitaldeasturias.com\\\/noticias\\\/\",\"name\":\"El Digital de Asturias - Diario de actualidad y noticias\",\"alternateName\":\"El Digital de Asturias - Diario de actualidad y noticias\",\"description\":\"Hemeroteca\",\"inLanguage\":\"es-ES\",\"publisher\":{\"@id\":\"https:\\\/\\\/www.eldigitaldeasturias.com\\\/noticias\\\/#organization\"}}]}\n\t\t<\/script>\n\t\t<!-- All in One SEO Pro -->\r\n\t\t<title>Oto\u00f1o de ex presidentes en Espa\u00f1a: La recetas ante la falta de liderazgo - El Digital de Asturias<\/title>\n\n","aioseo_head_json":{"title":"Oto\u00f1o de ex presidentes en Espa\u00f1a: La recetas ante la falta de liderazgo - El Digital de Asturias","description":"MADRID (dpa) - El de 2013 ser\u00e1 recordado en Espa\u00f1a como el oto\u00f1o de los ex presidentes del gobierno. En medio de la crisis pol\u00edtica que atraviesa el pa\u00eds, Felipe Gonz\u00e1lez, Jos\u00e9 Mar\u00eda Aznar y Jos\u00e9 Luis Rodr\u00edguez Zapatero volvieron a la palestra con un libro de memorias bajo el brazo. \"Hay overbooking\", bromeaba el","canonical_url":"https:\/\/www.eldigitaldeasturias.com\/noticias\/otono-de-ex-presidentes-en-espana-la-recetas-ante-la-falta-de-liderazgo\/","robots":"max-image-preview:large","keywords":"actualidad","webmasterTools":{"google-site-verification":"UA-38556648-1","msvalidate.01":"7dfe9f3f1b24437ab69f4f2559babe99","miscellaneous":""},"schema":{"@context":"https:\/\/schema.org","@graph":[{"@type":"BlogPosting","@id":"https:\/\/www.eldigitaldeasturias.com\/noticias\/otono-de-ex-presidentes-en-espana-la-recetas-ante-la-falta-de-liderazgo\/#blogposting","name":"Oto\u00f1o de ex presidentes en Espa\u00f1a: La recetas ante la falta de liderazgo - El Digital de Asturias","headline":"Oto\u00f1o de ex presidentes en Espa\u00f1a: La recetas ante la falta de liderazgo","author":{"@id":"https:\/\/www.eldigitaldeasturias.com\/noticias\/author\/admin\/#author"},"publisher":{"@id":"https:\/\/www.eldigitaldeasturias.com\/noticias\/#organization"},"image":{"@type":"ImageObject","url":"https:\/\/www.eldigitaldeasturias.com\/noticias\/wp-content\/uploads\/2013\/12\/OTO_O_DE_EX_PRESIDEN_36624879.jpg","width":1817,"height":2789},"datePublished":"2013-12-11T19:58:37+01:00","dateModified":"2013-12-11T19:58:37+01:00","inLanguage":"es-ES","mainEntityOfPage":{"@id":"https:\/\/www.eldigitaldeasturias.com\/noticias\/otono-de-ex-presidentes-en-espana-la-recetas-ante-la-falta-de-liderazgo\/#webpage"},"isPartOf":{"@id":"https:\/\/www.eldigitaldeasturias.com\/noticias\/otono-de-ex-presidentes-en-espana-la-recetas-ante-la-falta-de-liderazgo\/#webpage"},"articleSection":"Actualidad"},{"@type":"BreadcrumbList","@id":"https:\/\/www.eldigitaldeasturias.com\/noticias\/otono-de-ex-presidentes-en-espana-la-recetas-ante-la-falta-de-liderazgo\/#breadcrumblist","itemListElement":[{"@type":"ListItem","@id":"https:\/\/www.eldigitaldeasturias.com\/noticias#listItem","position":1,"name":"Home","item":"https:\/\/www.eldigitaldeasturias.com\/noticias","nextItem":{"@type":"ListItem","@id":"https:\/\/www.eldigitaldeasturias.com\/noticias\/category\/actualidad\/#listItem","name":"Actualidad"}},{"@type":"ListItem","@id":"https:\/\/www.eldigitaldeasturias.com\/noticias\/category\/actualidad\/#listItem","position":2,"name":"Actualidad","item":"https:\/\/www.eldigitaldeasturias.com\/noticias\/category\/actualidad\/","nextItem":{"@type":"ListItem","@id":"https:\/\/www.eldigitaldeasturias.com\/noticias\/otono-de-ex-presidentes-en-espana-la-recetas-ante-la-falta-de-liderazgo\/#listItem","name":"Oto\u00f1o de ex presidentes en Espa\u00f1a: La recetas ante la falta de liderazgo"},"previousItem":{"@type":"ListItem","@id":"https:\/\/www.eldigitaldeasturias.com\/noticias#listItem","name":"Home"}},{"@type":"ListItem","@id":"https:\/\/www.eldigitaldeasturias.com\/noticias\/otono-de-ex-presidentes-en-espana-la-recetas-ante-la-falta-de-liderazgo\/#listItem","position":3,"name":"Oto\u00f1o de ex presidentes en Espa\u00f1a: La recetas ante la falta de liderazgo","previousItem":{"@type":"ListItem","@id":"https:\/\/www.eldigitaldeasturias.com\/noticias\/category\/actualidad\/#listItem","name":"Actualidad"}}]},{"@type":"Organization","@id":"https:\/\/www.eldigitaldeasturias.com\/noticias\/#organization","name":"El Digital de Asturias","description":"Hemeroteca","url":"https:\/\/www.eldigitaldeasturias.com\/noticias\/","email":"info@eldigitaldeasturias.com","telephone":"+34652131393","logo":{"@type":"ImageObject","url":"https:\/\/www.eldigitaldeasturias.com\/noticias\/wp-content\/uploads\/2020\/12\/EDA.jpg","@id":"https:\/\/www.eldigitaldeasturias.com\/noticias\/otono-de-ex-presidentes-en-espana-la-recetas-ante-la-falta-de-liderazgo\/#organizationLogo","width":649,"height":297},"image":{"@id":"https:\/\/www.eldigitaldeasturias.com\/noticias\/otono-de-ex-presidentes-en-espana-la-recetas-ante-la-falta-de-liderazgo\/#organizationLogo"},"sameAs":["https:\/\/facebook.com\/eldigitaldeasturias","https:\/\/www.youtube.com\/channel\/UCZP-2wLEB9Rv6erhFmqVnvg"],"address":{"@id":"https:\/\/www.eldigitaldeasturias.com\/noticias\/#postaladdress","@type":"PostalAddress","streetAddress":"san antonio 4,","postalCode":"33430","addressLocality":"Cand\u00e1s","addressRegion":"Asturias","addressCountry":"ES"}},{"@type":"Person","@id":"https:\/\/www.eldigitaldeasturias.com\/noticias\/author\/admin\/#author","url":"https:\/\/www.eldigitaldeasturias.com\/noticias\/author\/admin\/","name":"El Digital de Asturias","image":{"@type":"ImageObject","@id":"https:\/\/www.eldigitaldeasturias.com\/noticias\/otono-de-ex-presidentes-en-espana-la-recetas-ante-la-falta-de-liderazgo\/#authorImage","url":"https:\/\/www.eldigitaldeasturias.com\/noticias\/wp-content\/litespeed\/avatar\/18677e78aa0546b92d9dbf31ec7d7668.jpg?ver=1777290358","width":96,"height":96,"caption":"El Digital de Asturias"}},{"@type":"WebPage","@id":"https:\/\/www.eldigitaldeasturias.com\/noticias\/otono-de-ex-presidentes-en-espana-la-recetas-ante-la-falta-de-liderazgo\/#webpage","url":"https:\/\/www.eldigitaldeasturias.com\/noticias\/otono-de-ex-presidentes-en-espana-la-recetas-ante-la-falta-de-liderazgo\/","name":"Oto\u00f1o de ex presidentes en Espa\u00f1a: La recetas ante la falta de liderazgo - El Digital de Asturias","description":"MADRID (dpa) - El de 2013 ser\u00e1 recordado en Espa\u00f1a como el oto\u00f1o de los ex presidentes del gobierno. En medio de la crisis pol\u00edtica que atraviesa el pa\u00eds, Felipe Gonz\u00e1lez, Jos\u00e9 Mar\u00eda Aznar y Jos\u00e9 Luis Rodr\u00edguez Zapatero volvieron a la palestra con un libro de memorias bajo el brazo. \"Hay overbooking\", bromeaba el","inLanguage":"es-ES","isPartOf":{"@id":"https:\/\/www.eldigitaldeasturias.com\/noticias\/#website"},"breadcrumb":{"@id":"https:\/\/www.eldigitaldeasturias.com\/noticias\/otono-de-ex-presidentes-en-espana-la-recetas-ante-la-falta-de-liderazgo\/#breadcrumblist"},"author":{"@id":"https:\/\/www.eldigitaldeasturias.com\/noticias\/author\/admin\/#author"},"creator":{"@id":"https:\/\/www.eldigitaldeasturias.com\/noticias\/author\/admin\/#author"},"image":{"@type":"ImageObject","url":"https:\/\/www.eldigitaldeasturias.com\/noticias\/wp-content\/uploads\/2013\/12\/OTO_O_DE_EX_PRESIDEN_36624879.jpg","@id":"https:\/\/www.eldigitaldeasturias.com\/noticias\/otono-de-ex-presidentes-en-espana-la-recetas-ante-la-falta-de-liderazgo\/#mainImage","width":1817,"height":2789},"primaryImageOfPage":{"@id":"https:\/\/www.eldigitaldeasturias.com\/noticias\/otono-de-ex-presidentes-en-espana-la-recetas-ante-la-falta-de-liderazgo\/#mainImage"},"datePublished":"2013-12-11T19:58:37+01:00","dateModified":"2013-12-11T19:58:37+01:00"},{"@type":"WebSite","@id":"https:\/\/www.eldigitaldeasturias.com\/noticias\/#website","url":"https:\/\/www.eldigitaldeasturias.com\/noticias\/","name":"El Digital de Asturias - Diario de actualidad y noticias","alternateName":"El Digital de Asturias - Diario de actualidad y noticias","description":"Hemeroteca","inLanguage":"es-ES","publisher":{"@id":"https:\/\/www.eldigitaldeasturias.com\/noticias\/#organization"}}]},"og:locale":"es_ES","og:site_name":"El Digital de Asturias","og:type":"article","og:title":"Oto\u00f1o de ex presidentes en Espa\u00f1a: La recetas ante la falta de liderazgo - El Digital de Asturias","og:description":"MADRID (dpa) - El de 2013 ser\u00e1 recordado en Espa\u00f1a como el oto\u00f1o de los ex presidentes del gobierno. En medio de la crisis pol\u00edtica que atraviesa el pa\u00eds, Felipe Gonz\u00e1lez, Jos\u00e9 Mar\u00eda Aznar y Jos\u00e9 Luis Rodr\u00edguez Zapatero volvieron a la palestra con un libro de memorias bajo el brazo. &quot;Hay overbooking&quot;, bromeaba el","og:url":"https:\/\/www.eldigitaldeasturias.com\/noticias\/otono-de-ex-presidentes-en-espana-la-recetas-ante-la-falta-de-liderazgo\/","og:image":"https:\/\/www.eldigitaldeasturias.com\/noticias\/wp-content\/uploads\/2013\/12\/OTO_O_DE_EX_PRESIDEN_36624879.jpg","og:image:secure_url":"https:\/\/www.eldigitaldeasturias.com\/noticias\/wp-content\/uploads\/2013\/12\/OTO_O_DE_EX_PRESIDEN_36624879.jpg","og:image:width":1817,"og:image:height":2789,"article:tag":["actualidad"],"article:published_time":"2013-12-11T20:58:37+00:00","article:modified_time":"2013-12-11T20:58:37+00:00","article:publisher":"https:\/\/facebook.com\/eldigitaldeasturias","twitter:card":"summary_large_image","twitter:title":"Oto\u00f1o de ex presidentes en Espa\u00f1a: La recetas ante la falta de liderazgo - El Digital de Asturias","twitter:description":"MADRID (dpa) - El de 2013 ser\u00e1 recordado en Espa\u00f1a como el oto\u00f1o de los ex presidentes del gobierno. En medio de la crisis pol\u00edtica que atraviesa el pa\u00eds, Felipe Gonz\u00e1lez, Jos\u00e9 Mar\u00eda Aznar y Jos\u00e9 Luis Rodr\u00edguez Zapatero volvieron a la palestra con un libro de memorias bajo el brazo. &quot;Hay overbooking&quot;, bromeaba el","twitter:image":"https:\/\/www.eldigitaldeasturias.com\/noticias\/wp-content\/uploads\/2013\/12\/OTO_O_DE_EX_PRESIDEN_36624879.jpg","twitter:label1":"Escrito por","twitter:data1":"El Digital de Asturias","twitter:label2":"Tiempo de lectura estimado","twitter:data2":"5 minutos"},"aioseo_meta_data":{"post_id":"460505","title":null,"description":null,"keywords":null,"keyphrases":null,"primary_term":null,"canonical_url":null,"og_title":null,"og_description":null,"og_object_type":"default","og_image_type":"default","og_image_url":null,"og_image_width":null,"og_image_height":null,"og_image_custom_url":null,"og_image_custom_fields":null,"og_video":null,"og_custom_url":null,"og_article_section":null,"og_article_tags":null,"twitter_use_og":true,"twitter_card":"default","twitter_image_type":"default","twitter_image_url":null,"twitter_image_custom_url":null,"twitter_image_custom_fields":null,"twitter_title":null,"twitter_description":null,"schema":{"blockGraphs":[],"customGraphs":[],"default":{"data":{"Article":[],"Course":[],"Dataset":[],"FAQPage":[],"Movie":[],"Person":[],"Product":[],"ProductReview":[],"Car":[],"Recipe":[],"Service":[],"SoftwareApplication":[],"WebPage":[]},"graphName":"","isEnabled":true},"graphs":[],"defaultGraph":"","defaultPostTypeGraph":""},"schema_type":null,"schema_type_options":null,"pillar_content":false,"robots_default":true,"robots_noindex":false,"robots_noarchive":false,"robots_nosnippet":false,"robots_nofollow":false,"robots_noimageindex":false,"robots_noodp":false,"robots_notranslate":false,"robots_max_snippet":null,"robots_max_videopreview":null,"robots_max_imagepreview":"none","priority":null,"frequency":null,"local_seo":null,"seo_analyzer_scan_date":"2025-08-24 10:11:51","breadcrumb_settings":null,"limit_modified_date":false,"open_ai":null,"ai":null,"created":"2020-11-14 22:47:47","updated":"2025-08-24 10:11:51"},"aioseo_breadcrumb":"<div class=\"aioseo-breadcrumbs\"><span class=\"aioseo-breadcrumb\">\n\t<a href=\"https:\/\/www.eldigitaldeasturias.com\/noticias\" title=\"Home\">Home<\/a>\n<\/span><span class=\"aioseo-breadcrumb-separator\">\u2013<\/span><span class=\"aioseo-breadcrumb\">\n\t<a href=\"https:\/\/www.eldigitaldeasturias.com\/noticias\/category\/actualidad\/\" title=\"Actualidad\">Actualidad<\/a>\n<\/span><span class=\"aioseo-breadcrumb-separator\">\u2013<\/span><span class=\"aioseo-breadcrumb\">\n\t<a href=\"https:\/\/www.eldigitaldeasturias.com\/noticias\/otono-de-ex-presidentes-en-espana-la-recetas-ante-la-falta-de-liderazgo\/\" title=\"Oto\u00f1o de ex presidentes en Espa\u00f1a: La recetas ante la falta de liderazgo\">Oto\u00f1o de ex presidentes en Espa\u00f1a: La recetas ante la falta de liderazgo<\/a>\n<\/span><\/div>","aioseo_breadcrumb_json":[{"label":"Home","link":"https:\/\/www.eldigitaldeasturias.com\/noticias"},{"label":"Actualidad","link":"https:\/\/www.eldigitaldeasturias.com\/noticias\/category\/actualidad\/"},{"label":"Oto\u00f1o de ex presidentes en Espa\u00f1a: La recetas ante la falta de liderazgo","link":"https:\/\/www.eldigitaldeasturias.com\/noticias\/otono-de-ex-presidentes-en-espana-la-recetas-ante-la-falta-de-liderazgo\/"}],"_links":{"self":[{"href":"https:\/\/www.eldigitaldeasturias.com\/noticias\/wp-json\/wp\/v2\/posts\/460505","targetHints":{"allow":["GET"]}}],"collection":[{"href":"https:\/\/www.eldigitaldeasturias.com\/noticias\/wp-json\/wp\/v2\/posts"}],"about":[{"href":"https:\/\/www.eldigitaldeasturias.com\/noticias\/wp-json\/wp\/v2\/types\/post"}],"author":[{"embeddable":true,"href":"https:\/\/www.eldigitaldeasturias.com\/noticias\/wp-json\/wp\/v2\/users\/1"}],"replies":[{"embeddable":true,"href":"https:\/\/www.eldigitaldeasturias.com\/noticias\/wp-json\/wp\/v2\/comments?post=460505"}],"version-history":[{"count":0,"href":"https:\/\/www.eldigitaldeasturias.com\/noticias\/wp-json\/wp\/v2\/posts\/460505\/revisions"}],"wp:featuredmedia":[{"embeddable":true,"href":"https:\/\/www.eldigitaldeasturias.com\/noticias\/wp-json\/wp\/v2\/media\/460506"}],"wp:attachment":[{"href":"https:\/\/www.eldigitaldeasturias.com\/noticias\/wp-json\/wp\/v2\/media?parent=460505"}],"wp:term":[{"taxonomy":"category","embeddable":true,"href":"https:\/\/www.eldigitaldeasturias.com\/noticias\/wp-json\/wp\/v2\/categories?post=460505"},{"taxonomy":"post_tag","embeddable":true,"href":"https:\/\/www.eldigitaldeasturias.com\/noticias\/wp-json\/wp\/v2\/tags?post=460505"}],"curies":[{"name":"wp","href":"https:\/\/api.w.org\/{rel}","templated":true}]}}