{"id":460185,"date":"2013-12-10T22:24:28","date_gmt":"2013-12-10T23:24:28","guid":{"rendered":"http:\/\/www.eldigitaldeasturias.com\/noticias\/?p=460185"},"modified":"2013-12-10T22:24:28","modified_gmt":"2013-12-10T23:24:28","slug":"el-expresidente-de-melilla-sera-juzgado-por-acoger-en-su-casa-a-inmigrantes","status":"publish","type":"post","link":"https:\/\/www.eldigitaldeasturias.com\/noticias\/el-expresidente-de-melilla-sera-juzgado-por-acoger-en-su-casa-a-inmigrantes\/","title":{"rendered":"El expresidente de Melilla ser\u00e1 juzgado por acoger en su casa a inmigrantes"},"content":{"rendered":"<p><img loading=\"lazy\" decoding=\"async\" class=\"alignleft size-medium wp-image-460186\" alt=\"5784026w\" src=\"https:\/\/www.eldigitaldeasturias.com\/noticias\/wp-content\/uploads\/2013\/12\/5784026w-360x246.jpg\" width=\"360\" height=\"246\" \/>Melilla, 10 dic (EFE).- El expresidente de Melilla Mustafa Aberchan (CPM) ser\u00e1 juzgado a partir de ma\u00f1ana por acoger en su casa a un grupo de inmigrantes, a quienes abri\u00f3 las puertas de su domicilio ante, seg\u00fan dijo entonces, la actitud \u00abviolenta\u00bb de algunos agentes.<\/p>\n<p>El Juzgado de Primera Instancia e Instrucci\u00f3n n\u00famero 4 de Melilla ha citado a Aberchan y al presidente de la ONG Prodein, Jos\u00e9 Palaz\u00f3n, a petici\u00f3n de la Fiscal\u00eda, a un juicio de faltas por desobediencia leve a la autoridad, recogida en el art\u00edculo 634 del C\u00f3digo Penal.<\/p>\n<p>Los hechos por los que el expresidente melillense y actual l\u00edder de la oposici\u00f3n en la ciudad ser\u00e1 juzgado ocurrieron el pasado 25 abril cuando, al regresar a su domicilio se encontr\u00f3 en la puerta de su garaje a un grupo de inmigrantes que, tras saltar la valla esa noche, se encontraban all\u00ed agrupados.<\/p>\n<p>Seg\u00fan relat\u00f3 entonces, la actitud de algunos agentes \u00abinvitaban a abrir las puertas\u00bb de su domicilio, algo que finalmente hizo.<\/p>\n<p>Aberchan cobij\u00f3 a los subsaharianos hasta que negoci\u00f3 con los jefes policiales que ser\u00edan conducidos al Centro de Estancia Temporal de Inmigrantes (CETI), tal y como sucedi\u00f3.<\/p>\n<p>En declaraciones a los periodistas, el l\u00edder de CPM se ha mostrado hoy \u00abescandalizado\u00bb por el auto por el que se le cita al juicio de faltas y ha dicho que la situaci\u00f3n le produce \u00abcierto pudor\u00bb.<\/p>\n<p>Ha manifestado que en el juicio no s\u00f3lo contar\u00e1 la verdad, sino que se va a exigir que la realidad sea contrastada, ya que, asegura, mucha de las cosas que se dicen sobre lo ocurrido son \u00abfalsas\u00bb.<\/p>\n<p>Aberchan ha dicho que no conoce con exactitud de lo que se le acusa, pero ha relacionado la citaci\u00f3n con unas declaraciones efectuadas por el delegado del Gobierno, Abdelmalik El Barkani, en las que indic\u00f3 que la postura de Aberchan el 25 de abril se pod\u00eda entender como \u00abun obst\u00e1culo a la autoridad\u00bb.<\/p>\n<p>Para Aberchan, hay que resolver sobre lo ocurrido muchas cuestiones, por ejemplo, si es \u00e9l quien introduce en su casa a los inmigrantes o si estos ya se encontraban dentro de su propiedad, agrupados por los agentes, habida cuenta de que cuando \u00e9l lleg\u00f3 al domicilio los subsaharianos estaban en la rampa de su garaje.<\/p>\n<p>Considera que tambi\u00e9n es necesario despejar las dudas de si los inmigrantes \u00abcorr\u00edan peligro\u00bb, de si \u00abhubo violencia o no\u00bb y de si quien presencia la situaci\u00f3n act\u00faa como \u00abciudadano, pol\u00edtico o m\u00e9dico\u00bb, que es la profesi\u00f3n que ejerce.<\/p>\n<p>Por su parte, Palaz\u00f3n ha dicho a Efe que ma\u00f1ana explicar\u00e1 en el juzgado todo lo ocurrido, pero ha defendido que lo que hizo esa noche, junto al presidente de CPM, \u00abno est\u00e1 mal\u00bb.<\/p>\n<p>El art\u00edculo 634 del C\u00f3digo Penal establece la pena de multa de diez a sesenta d\u00edas para aquellas personas que pudieran ser condenadas por su incumplimiento.<\/p>\n","protected":false},"excerpt":{"rendered":"<p>Melilla, 10 dic (EFE).- El expresidente de Melilla Mustafa Aberchan (CPM) ser\u00e1 juzgado a partir de ma\u00f1ana por acoger en su casa a un grupo de inmigrantes, a quienes abri\u00f3 las puertas de su domicilio ante, seg\u00fan dijo entonces, la actitud \u00abviolenta\u00bb de algunos agentes. El Juzgado de Primera Instancia e Instrucci\u00f3n n\u00famero 4 de [&hellip;]<\/p>\n","protected":false},"author":1,"featured_media":460186,"comment_status":"closed","ping_status":"open","sticky":false,"template":"","format":"standard","meta":{"footnotes":""},"categories":[5],"tags":[],"class_list":["post-460185","post","type-post","status-publish","format-standard","has-post-thumbnail","hentry","category-sucesos"],"aioseo_notices":[],"aioseo_head":"\n\t\t<!-- All in One SEO Pro 5.0.1 - aioseo.com -->\n\t<meta name=\"description\" content=\"Melilla, 10 dic (EFE).- El expresidente de Melilla Mustafa Aberchan (CPM) ser\u00e1 juzgado a partir de ma\u00f1ana por acoger en su casa a un grupo de inmigrantes, a quienes abri\u00f3 las puertas de su domicilio ante, seg\u00fan dijo entonces, la actitud &quot;violenta&quot; de algunos agentes. El Juzgado de Primera Instancia e Instrucci\u00f3n n\u00famero 4 de\" \/>\n\t<meta name=\"robots\" content=\"max-image-preview:large\" \/>\n\t<meta name=\"author\" content=\"El Digital de Asturias\"\/>\n\t<meta name=\"google-site-verification\" content=\"UA-38556648-1\" \/>\n\t<meta name=\"msvalidate.01\" content=\"7dfe9f3f1b24437ab69f4f2559babe99\" \/>\n\t<meta name=\"keywords\" content=\"sucesos\" \/>\n\t<link rel=\"canonical\" href=\"https:\/\/www.eldigitaldeasturias.com\/noticias\/el-expresidente-de-melilla-sera-juzgado-por-acoger-en-su-casa-a-inmigrantes\/\" \/>\n\t<meta name=\"generator\" content=\"All in One SEO Pro (AIOSEO) 5.0.1\" \/>\n\t\t<meta property=\"og:locale\" content=\"es_ES\" \/>\n\t\t<meta property=\"og:site_name\" content=\"El Digital de Asturias\" \/>\n\t\t<meta property=\"og:type\" content=\"article\" \/>\n\t\t<meta property=\"og:title\" content=\"El expresidente de Melilla ser\u00e1 juzgado por acoger en su casa a inmigrantes - El Digital de Asturias\" \/>\n\t\t<meta property=\"og:description\" content=\"Melilla, 10 dic (EFE).- El expresidente de Melilla Mustafa Aberchan (CPM) ser\u00e1 juzgado a partir de ma\u00f1ana por acoger en su casa a un grupo de inmigrantes, a quienes abri\u00f3 las puertas de su domicilio ante, seg\u00fan dijo entonces, la actitud &quot;violenta&quot; de algunos agentes. El Juzgado de Primera Instancia e Instrucci\u00f3n n\u00famero 4 de\" \/>\n\t\t<meta property=\"og:url\" content=\"https:\/\/www.eldigitaldeasturias.com\/noticias\/el-expresidente-de-melilla-sera-juzgado-por-acoger-en-su-casa-a-inmigrantes\/\" \/>\n\t\t<meta property=\"article:tag\" content=\"sucesos\" \/>\n\t\t<meta property=\"article:published_time\" content=\"2013-12-10T23:24:28+00:00\" \/>\n\t\t<meta property=\"article:modified_time\" content=\"2013-12-10T23:24:28+00:00\" \/>\n\t\t<meta property=\"article:publisher\" content=\"https:\/\/facebook.com\/eldigitaldeasturias\" \/>\n\t\t<meta name=\"twitter:card\" content=\"summary_large_image\" \/>\n\t\t<meta name=\"twitter:title\" content=\"El expresidente de Melilla ser\u00e1 juzgado por acoger en su casa a inmigrantes - El Digital de Asturias\" \/>\n\t\t<meta name=\"twitter:description\" content=\"Melilla, 10 dic (EFE).- El expresidente de Melilla Mustafa Aberchan (CPM) ser\u00e1 juzgado a partir de ma\u00f1ana por acoger en su casa a un grupo de inmigrantes, a quienes abri\u00f3 las puertas de su domicilio ante, seg\u00fan dijo entonces, la actitud &quot;violenta&quot; de algunos agentes. El Juzgado de Primera Instancia e Instrucci\u00f3n n\u00famero 4 de\" \/>\n\t\t<meta name=\"twitter:label1\" content=\"Escrito por\" \/>\n\t\t<meta name=\"twitter:data1\" content=\"El Digital de Asturias\" \/>\n\t\t<meta name=\"twitter:label2\" content=\"Tiempo de lectura estimado\" \/>\n\t\t<meta name=\"twitter:data2\" content=\"3 minutos\" \/>\n\t\t<script type=\"application\/ld+json\" class=\"aioseo-schema\">\n\t\t\t{\"@context\":\"https:\\\/\\\/schema.org\",\"@graph\":[{\"@type\":\"BlogPosting\",\"@id\":\"https:\\\/\\\/www.eldigitaldeasturias.com\\\/noticias\\\/el-expresidente-de-melilla-sera-juzgado-por-acoger-en-su-casa-a-inmigrantes\\\/#blogposting\",\"name\":\"El expresidente de Melilla ser\\u00e1 juzgado por acoger en su casa a inmigrantes - El Digital de Asturias\",\"headline\":\"El expresidente de Melilla ser\\u00e1 juzgado por acoger en su casa a inmigrantes\",\"author\":{\"@id\":\"https:\\\/\\\/www.eldigitaldeasturias.com\\\/noticias\\\/author\\\/admin\\\/#author\"},\"publisher\":{\"@id\":\"https:\\\/\\\/www.eldigitaldeasturias.com\\\/noticias\\\/#organization\"},\"image\":{\"@type\":\"ImageObject\",\"url\":460186},\"datePublished\":\"2013-12-10T22:24:28+01:00\",\"dateModified\":\"2013-12-10T22:24:28+01:00\",\"inLanguage\":\"es-ES\",\"mainEntityOfPage\":{\"@id\":\"https:\\\/\\\/www.eldigitaldeasturias.com\\\/noticias\\\/el-expresidente-de-melilla-sera-juzgado-por-acoger-en-su-casa-a-inmigrantes\\\/#webpage\"},\"isPartOf\":{\"@id\":\"https:\\\/\\\/www.eldigitaldeasturias.com\\\/noticias\\\/el-expresidente-de-melilla-sera-juzgado-por-acoger-en-su-casa-a-inmigrantes\\\/#webpage\"},\"articleSection\":\"Sucesos\"},{\"@type\":\"BreadcrumbList\",\"@id\":\"https:\\\/\\\/www.eldigitaldeasturias.com\\\/noticias\\\/el-expresidente-de-melilla-sera-juzgado-por-acoger-en-su-casa-a-inmigrantes\\\/#breadcrumblist\",\"itemListElement\":[{\"@type\":\"ListItem\",\"@id\":\"https:\\\/\\\/www.eldigitaldeasturias.com\\\/noticias#listItem\",\"position\":1,\"name\":\"Home\",\"item\":\"https:\\\/\\\/www.eldigitaldeasturias.com\\\/noticias\",\"nextItem\":{\"@type\":\"ListItem\",\"@id\":\"https:\\\/\\\/www.eldigitaldeasturias.com\\\/noticias\\\/category\\\/sucesos\\\/#listItem\",\"name\":\"Sucesos\"}},{\"@type\":\"ListItem\",\"@id\":\"https:\\\/\\\/www.eldigitaldeasturias.com\\\/noticias\\\/category\\\/sucesos\\\/#listItem\",\"position\":2,\"name\":\"Sucesos\",\"item\":\"https:\\\/\\\/www.eldigitaldeasturias.com\\\/noticias\\\/category\\\/sucesos\\\/\",\"nextItem\":{\"@type\":\"ListItem\",\"@id\":\"https:\\\/\\\/www.eldigitaldeasturias.com\\\/noticias\\\/el-expresidente-de-melilla-sera-juzgado-por-acoger-en-su-casa-a-inmigrantes\\\/#listItem\",\"name\":\"El expresidente de Melilla ser\\u00e1 juzgado por acoger en su casa a inmigrantes\"},\"previousItem\":{\"@type\":\"ListItem\",\"@id\":\"https:\\\/\\\/www.eldigitaldeasturias.com\\\/noticias#listItem\",\"name\":\"Home\"}},{\"@type\":\"ListItem\",\"@id\":\"https:\\\/\\\/www.eldigitaldeasturias.com\\\/noticias\\\/el-expresidente-de-melilla-sera-juzgado-por-acoger-en-su-casa-a-inmigrantes\\\/#listItem\",\"position\":3,\"name\":\"El expresidente de Melilla ser\\u00e1 juzgado por acoger en su casa a inmigrantes\",\"previousItem\":{\"@type\":\"ListItem\",\"@id\":\"https:\\\/\\\/www.eldigitaldeasturias.com\\\/noticias\\\/category\\\/sucesos\\\/#listItem\",\"name\":\"Sucesos\"}}]},{\"@type\":\"Organization\",\"@id\":\"https:\\\/\\\/www.eldigitaldeasturias.com\\\/noticias\\\/#organization\",\"name\":\"El Digital de Asturias\",\"description\":\"Hemeroteca\",\"url\":\"https:\\\/\\\/www.eldigitaldeasturias.com\\\/noticias\\\/\",\"email\":\"info@eldigitaldeasturias.com\",\"telephone\":\"+34652131393\",\"logo\":{\"@type\":\"ImageObject\",\"url\":\"https:\\\/\\\/www.eldigitaldeasturias.com\\\/noticias\\\/wp-content\\\/uploads\\\/2020\\\/12\\\/EDA.jpg\",\"@id\":\"https:\\\/\\\/www.eldigitaldeasturias.com\\\/noticias\\\/el-expresidente-de-melilla-sera-juzgado-por-acoger-en-su-casa-a-inmigrantes\\\/#organizationLogo\"},\"image\":{\"@id\":\"https:\\\/\\\/www.eldigitaldeasturias.com\\\/noticias\\\/el-expresidente-de-melilla-sera-juzgado-por-acoger-en-su-casa-a-inmigrantes\\\/#organizationLogo\"},\"sameAs\":[\"https:\\\/\\\/facebook.com\\\/eldigitaldeasturias\",\"https:\\\/\\\/www.youtube.com\\\/channel\\\/UCZP-2wLEB9Rv6erhFmqVnvg\"],\"address\":{\"@id\":\"https:\\\/\\\/www.eldigitaldeasturias.com\\\/noticias\\\/#postaladdress\",\"@type\":\"PostalAddress\",\"streetAddress\":\"san antonio 4\",\"postalCode\":\"33430\",\"addressLocality\":\"Cand\\u00e1s\",\"addressRegion\":\"Asturias\",\"addressCountry\":\"ES\"}},{\"@type\":\"Person\",\"@id\":\"https:\\\/\\\/www.eldigitaldeasturias.com\\\/noticias\\\/author\\\/admin\\\/#author\",\"url\":\"https:\\\/\\\/www.eldigitaldeasturias.com\\\/noticias\\\/author\\\/admin\\\/\",\"name\":\"El Digital de Asturias\",\"image\":{\"@type\":\"ImageObject\",\"@id\":\"https:\\\/\\\/www.eldigitaldeasturias.com\\\/noticias\\\/el-expresidente-de-melilla-sera-juzgado-por-acoger-en-su-casa-a-inmigrantes\\\/#authorImage\",\"url\":\"https:\\\/\\\/secure.gravatar.com\\\/avatar\\\/df2aeffc32bcd13f8d26072ef8a91b623d677766deac7f97ca815868cd41bf5e?s=96&d=mm&r=g\",\"width\":96,\"height\":96,\"caption\":\"El Digital de Asturias\"}},{\"@type\":\"WebPage\",\"@id\":\"https:\\\/\\\/www.eldigitaldeasturias.com\\\/noticias\\\/el-expresidente-de-melilla-sera-juzgado-por-acoger-en-su-casa-a-inmigrantes\\\/#webpage\",\"url\":\"https:\\\/\\\/www.eldigitaldeasturias.com\\\/noticias\\\/el-expresidente-de-melilla-sera-juzgado-por-acoger-en-su-casa-a-inmigrantes\\\/\",\"name\":\"El expresidente de Melilla ser\\u00e1 juzgado por acoger en su casa a inmigrantes - El Digital de Asturias\",\"description\":\"Melilla, 10 dic (EFE).- El expresidente de Melilla Mustafa Aberchan (CPM) ser\\u00e1 juzgado a partir de ma\\u00f1ana por acoger en su casa a un grupo de inmigrantes, a quienes abri\\u00f3 las puertas de su domicilio ante, seg\\u00fan dijo entonces, la actitud \\\"violenta\\\" de algunos agentes. El Juzgado de Primera Instancia e Instrucci\\u00f3n n\\u00famero 4 de\",\"inLanguage\":\"es-ES\",\"isPartOf\":{\"@id\":\"https:\\\/\\\/www.eldigitaldeasturias.com\\\/noticias\\\/#website\"},\"breadcrumb\":{\"@id\":\"https:\\\/\\\/www.eldigitaldeasturias.com\\\/noticias\\\/el-expresidente-de-melilla-sera-juzgado-por-acoger-en-su-casa-a-inmigrantes\\\/#breadcrumblist\"},\"author\":{\"@id\":\"https:\\\/\\\/www.eldigitaldeasturias.com\\\/noticias\\\/author\\\/admin\\\/#author\"},\"creator\":{\"@id\":\"https:\\\/\\\/www.eldigitaldeasturias.com\\\/noticias\\\/author\\\/admin\\\/#author\"},\"image\":{\"@type\":\"ImageObject\",\"url\":460186,\"@id\":\"https:\\\/\\\/www.eldigitaldeasturias.com\\\/noticias\\\/el-expresidente-de-melilla-sera-juzgado-por-acoger-en-su-casa-a-inmigrantes\\\/#mainImage\"},\"primaryImageOfPage\":{\"@id\":\"https:\\\/\\\/www.eldigitaldeasturias.com\\\/noticias\\\/el-expresidente-de-melilla-sera-juzgado-por-acoger-en-su-casa-a-inmigrantes\\\/#mainImage\"},\"datePublished\":\"2013-12-10T22:24:28+01:00\",\"dateModified\":\"2013-12-10T22:24:28+01:00\"},{\"@type\":\"WebSite\",\"@id\":\"https:\\\/\\\/www.eldigitaldeasturias.com\\\/noticias\\\/#website\",\"url\":\"https:\\\/\\\/www.eldigitaldeasturias.com\\\/noticias\\\/\",\"name\":\"El Digital de Asturias - Diario de actualidad y noticias\",\"alternateName\":\"El Digital de Asturias - Diario de actualidad y noticias\",\"description\":\"Hemeroteca\",\"inLanguage\":\"es-ES\",\"publisher\":{\"@id\":\"https:\\\/\\\/www.eldigitaldeasturias.com\\\/noticias\\\/#organization\"}}]}\n\t\t<\/script>\n\t\t<!-- All in One SEO Pro -->\r\n\t\t<title>El expresidente de Melilla ser\u00e1 juzgado por acoger en su casa a inmigrantes - El Digital de Asturias<\/title>\n\n","aioseo_head_json":{"title":"El expresidente de Melilla ser\u00e1 juzgado por acoger en su casa a inmigrantes - El Digital de Asturias","description":"Melilla, 10 dic (EFE).- El expresidente de Melilla Mustafa Aberchan (CPM) ser\u00e1 juzgado a partir de ma\u00f1ana por acoger en su casa a un grupo de inmigrantes, a quienes abri\u00f3 las puertas de su domicilio ante, seg\u00fan dijo entonces, la actitud \"violenta\" de algunos agentes. El Juzgado de Primera Instancia e Instrucci\u00f3n n\u00famero 4 de","canonical_url":"https:\/\/www.eldigitaldeasturias.com\/noticias\/el-expresidente-de-melilla-sera-juzgado-por-acoger-en-su-casa-a-inmigrantes\/","robots":"max-image-preview:large","keywords":"sucesos","webmasterTools":{"google-site-verification":"UA-38556648-1","msvalidate.01":"7dfe9f3f1b24437ab69f4f2559babe99","miscellaneous":""},"schema":{"@context":"https:\/\/schema.org","@graph":[{"@type":"BlogPosting","@id":"https:\/\/www.eldigitaldeasturias.com\/noticias\/el-expresidente-de-melilla-sera-juzgado-por-acoger-en-su-casa-a-inmigrantes\/#blogposting","name":"El expresidente de Melilla ser\u00e1 juzgado por acoger en su casa a inmigrantes - El Digital de Asturias","headline":"El expresidente de Melilla ser\u00e1 juzgado por acoger en su casa a inmigrantes","author":{"@id":"https:\/\/www.eldigitaldeasturias.com\/noticias\/author\/admin\/#author"},"publisher":{"@id":"https:\/\/www.eldigitaldeasturias.com\/noticias\/#organization"},"image":{"@type":"ImageObject","url":460186},"datePublished":"2013-12-10T22:24:28+01:00","dateModified":"2013-12-10T22:24:28+01:00","inLanguage":"es-ES","mainEntityOfPage":{"@id":"https:\/\/www.eldigitaldeasturias.com\/noticias\/el-expresidente-de-melilla-sera-juzgado-por-acoger-en-su-casa-a-inmigrantes\/#webpage"},"isPartOf":{"@id":"https:\/\/www.eldigitaldeasturias.com\/noticias\/el-expresidente-de-melilla-sera-juzgado-por-acoger-en-su-casa-a-inmigrantes\/#webpage"},"articleSection":"Sucesos"},{"@type":"BreadcrumbList","@id":"https:\/\/www.eldigitaldeasturias.com\/noticias\/el-expresidente-de-melilla-sera-juzgado-por-acoger-en-su-casa-a-inmigrantes\/#breadcrumblist","itemListElement":[{"@type":"ListItem","@id":"https:\/\/www.eldigitaldeasturias.com\/noticias#listItem","position":1,"name":"Home","item":"https:\/\/www.eldigitaldeasturias.com\/noticias","nextItem":{"@type":"ListItem","@id":"https:\/\/www.eldigitaldeasturias.com\/noticias\/category\/sucesos\/#listItem","name":"Sucesos"}},{"@type":"ListItem","@id":"https:\/\/www.eldigitaldeasturias.com\/noticias\/category\/sucesos\/#listItem","position":2,"name":"Sucesos","item":"https:\/\/www.eldigitaldeasturias.com\/noticias\/category\/sucesos\/","nextItem":{"@type":"ListItem","@id":"https:\/\/www.eldigitaldeasturias.com\/noticias\/el-expresidente-de-melilla-sera-juzgado-por-acoger-en-su-casa-a-inmigrantes\/#listItem","name":"El expresidente de Melilla ser\u00e1 juzgado por acoger en su casa a inmigrantes"},"previousItem":{"@type":"ListItem","@id":"https:\/\/www.eldigitaldeasturias.com\/noticias#listItem","name":"Home"}},{"@type":"ListItem","@id":"https:\/\/www.eldigitaldeasturias.com\/noticias\/el-expresidente-de-melilla-sera-juzgado-por-acoger-en-su-casa-a-inmigrantes\/#listItem","position":3,"name":"El expresidente de Melilla ser\u00e1 juzgado por acoger en su casa a inmigrantes","previousItem":{"@type":"ListItem","@id":"https:\/\/www.eldigitaldeasturias.com\/noticias\/category\/sucesos\/#listItem","name":"Sucesos"}}]},{"@type":"Organization","@id":"https:\/\/www.eldigitaldeasturias.com\/noticias\/#organization","name":"El Digital de Asturias","description":"Hemeroteca","url":"https:\/\/www.eldigitaldeasturias.com\/noticias\/","email":"info@eldigitaldeasturias.com","telephone":"+34652131393","logo":{"@type":"ImageObject","url":"https:\/\/www.eldigitaldeasturias.com\/noticias\/wp-content\/uploads\/2020\/12\/EDA.jpg","@id":"https:\/\/www.eldigitaldeasturias.com\/noticias\/el-expresidente-de-melilla-sera-juzgado-por-acoger-en-su-casa-a-inmigrantes\/#organizationLogo"},"image":{"@id":"https:\/\/www.eldigitaldeasturias.com\/noticias\/el-expresidente-de-melilla-sera-juzgado-por-acoger-en-su-casa-a-inmigrantes\/#organizationLogo"},"sameAs":["https:\/\/facebook.com\/eldigitaldeasturias","https:\/\/www.youtube.com\/channel\/UCZP-2wLEB9Rv6erhFmqVnvg"],"address":{"@id":"https:\/\/www.eldigitaldeasturias.com\/noticias\/#postaladdress","@type":"PostalAddress","streetAddress":"san antonio 4","postalCode":"33430","addressLocality":"Cand\u00e1s","addressRegion":"Asturias","addressCountry":"ES"}},{"@type":"Person","@id":"https:\/\/www.eldigitaldeasturias.com\/noticias\/author\/admin\/#author","url":"https:\/\/www.eldigitaldeasturias.com\/noticias\/author\/admin\/","name":"El Digital de Asturias","image":{"@type":"ImageObject","@id":"https:\/\/www.eldigitaldeasturias.com\/noticias\/el-expresidente-de-melilla-sera-juzgado-por-acoger-en-su-casa-a-inmigrantes\/#authorImage","url":"https:\/\/secure.gravatar.com\/avatar\/df2aeffc32bcd13f8d26072ef8a91b623d677766deac7f97ca815868cd41bf5e?s=96&d=mm&r=g","width":96,"height":96,"caption":"El Digital de Asturias"}},{"@type":"WebPage","@id":"https:\/\/www.eldigitaldeasturias.com\/noticias\/el-expresidente-de-melilla-sera-juzgado-por-acoger-en-su-casa-a-inmigrantes\/#webpage","url":"https:\/\/www.eldigitaldeasturias.com\/noticias\/el-expresidente-de-melilla-sera-juzgado-por-acoger-en-su-casa-a-inmigrantes\/","name":"El expresidente de Melilla ser\u00e1 juzgado por acoger en su casa a inmigrantes - El Digital de Asturias","description":"Melilla, 10 dic (EFE).- El expresidente de Melilla Mustafa Aberchan (CPM) ser\u00e1 juzgado a partir de ma\u00f1ana por acoger en su casa a un grupo de inmigrantes, a quienes abri\u00f3 las puertas de su domicilio ante, seg\u00fan dijo entonces, la actitud \"violenta\" de algunos agentes. El Juzgado de Primera Instancia e Instrucci\u00f3n n\u00famero 4 de","inLanguage":"es-ES","isPartOf":{"@id":"https:\/\/www.eldigitaldeasturias.com\/noticias\/#website"},"breadcrumb":{"@id":"https:\/\/www.eldigitaldeasturias.com\/noticias\/el-expresidente-de-melilla-sera-juzgado-por-acoger-en-su-casa-a-inmigrantes\/#breadcrumblist"},"author":{"@id":"https:\/\/www.eldigitaldeasturias.com\/noticias\/author\/admin\/#author"},"creator":{"@id":"https:\/\/www.eldigitaldeasturias.com\/noticias\/author\/admin\/#author"},"image":{"@type":"ImageObject","url":460186,"@id":"https:\/\/www.eldigitaldeasturias.com\/noticias\/el-expresidente-de-melilla-sera-juzgado-por-acoger-en-su-casa-a-inmigrantes\/#mainImage"},"primaryImageOfPage":{"@id":"https:\/\/www.eldigitaldeasturias.com\/noticias\/el-expresidente-de-melilla-sera-juzgado-por-acoger-en-su-casa-a-inmigrantes\/#mainImage"},"datePublished":"2013-12-10T22:24:28+01:00","dateModified":"2013-12-10T22:24:28+01:00"},{"@type":"WebSite","@id":"https:\/\/www.eldigitaldeasturias.com\/noticias\/#website","url":"https:\/\/www.eldigitaldeasturias.com\/noticias\/","name":"El Digital de Asturias - Diario de actualidad y noticias","alternateName":"El Digital de Asturias - Diario de actualidad y noticias","description":"Hemeroteca","inLanguage":"es-ES","publisher":{"@id":"https:\/\/www.eldigitaldeasturias.com\/noticias\/#organization"}}]},"og:locale":"es_ES","og:site_name":"El Digital de Asturias","og:type":"article","og:title":"El expresidente de Melilla ser\u00e1 juzgado por acoger en su casa a inmigrantes - El Digital de Asturias","og:description":"Melilla, 10 dic (EFE).- El expresidente de Melilla Mustafa Aberchan (CPM) ser\u00e1 juzgado a partir de ma\u00f1ana por acoger en su casa a un grupo de inmigrantes, a quienes abri\u00f3 las puertas de su domicilio ante, seg\u00fan dijo entonces, la actitud &quot;violenta&quot; de algunos agentes. El Juzgado de Primera Instancia e Instrucci\u00f3n n\u00famero 4 de","og:url":"https:\/\/www.eldigitaldeasturias.com\/noticias\/el-expresidente-de-melilla-sera-juzgado-por-acoger-en-su-casa-a-inmigrantes\/","article:tag":["sucesos"],"article:published_time":"2013-12-10T23:24:28+00:00","article:modified_time":"2013-12-10T23:24:28+00:00","article:publisher":"https:\/\/facebook.com\/eldigitaldeasturias","twitter:card":"summary_large_image","twitter:title":"El expresidente de Melilla ser\u00e1 juzgado por acoger en su casa a inmigrantes - El Digital de Asturias","twitter:description":"Melilla, 10 dic (EFE).- El expresidente de Melilla Mustafa Aberchan (CPM) ser\u00e1 juzgado a partir de ma\u00f1ana por acoger en su casa a un grupo de inmigrantes, a quienes abri\u00f3 las puertas de su domicilio ante, seg\u00fan dijo entonces, la actitud &quot;violenta&quot; de algunos agentes. El Juzgado de Primera Instancia e Instrucci\u00f3n n\u00famero 4 de","twitter:label1":"Escrito por","twitter:data1":"El Digital de Asturias","twitter:label2":"Tiempo de lectura estimado","twitter:data2":"3 minutos"},"aioseo_meta_data":{"post_id":"460185","title":null,"description":null,"keywords":null,"keyphrases":null,"primary_term":null,"canonical_url":null,"og_title":null,"og_description":null,"og_object_type":"default","og_image_type":"default","og_image_url":null,"og_image_width":null,"og_image_height":null,"og_image_custom_url":null,"og_image_custom_fields":null,"og_video":null,"og_custom_url":null,"og_article_section":null,"og_article_tags":null,"twitter_use_og":true,"twitter_card":"default","twitter_image_type":"default","twitter_image_url":null,"twitter_image_custom_url":null,"twitter_image_custom_fields":null,"twitter_title":null,"twitter_description":null,"schema":{"blockGraphs":[],"customGraphs":[],"default":{"data":{"Article":[],"Course":[],"Dataset":[],"FAQPage":[],"Movie":[],"Person":[],"Product":[],"ProductReview":[],"Car":[],"Recipe":[],"Service":[],"SoftwareApplication":[],"WebPage":[]},"graphName":"","isEnabled":true},"graphs":[]},"schema_type":null,"schema_type_options":null,"pillar_content":false,"robots_default":true,"robots_noindex":false,"robots_noarchive":false,"robots_nosnippet":false,"robots_nofollow":false,"robots_noimageindex":false,"robots_noodp":false,"robots_notranslate":false,"robots_max_snippet":null,"robots_max_videopreview":null,"robots_max_imagepreview":"none","priority":null,"frequency":null,"local_seo":null,"seo_analyzer_scan_date":"2026-05-30 12:09:35","breadcrumb_settings":null,"limit_modified_date":false,"open_ai":null,"ai":null,"created":"2020-11-14 22:47:43","updated":"2026-05-30 12:09:35","focus_keyword":null,"additional_keywords":null,"truseo_locale":null},"aioseo_breadcrumb":"<div class=\"aioseo-breadcrumbs\"><span class=\"aioseo-breadcrumb\">\n\t<a href=\"https:\/\/www.eldigitaldeasturias.com\/noticias\" title=\"Home\">Home<\/a>\n<\/span><span class=\"aioseo-breadcrumb-separator\">\u2013<\/span><span class=\"aioseo-breadcrumb\">\n\t<a href=\"https:\/\/www.eldigitaldeasturias.com\/noticias\/category\/sucesos\/\" title=\"Sucesos\">Sucesos<\/a>\n<\/span><span class=\"aioseo-breadcrumb-separator\">\u2013<\/span><span class=\"aioseo-breadcrumb\">\n\t<a href=\"https:\/\/www.eldigitaldeasturias.com\/noticias\/el-expresidente-de-melilla-sera-juzgado-por-acoger-en-su-casa-a-inmigrantes\/\" title=\"El expresidente de Melilla ser\u00e1 juzgado por acoger en su casa a inmigrantes\">El expresidente de Melilla ser\u00e1 juzgado por acoger en su casa a inmigrantes<\/a>\n<\/span><\/div>","aioseo_breadcrumb_json":[{"label":"Home","link":"https:\/\/www.eldigitaldeasturias.com\/noticias"},{"label":"Sucesos","link":"https:\/\/www.eldigitaldeasturias.com\/noticias\/category\/sucesos\/"},{"label":"El expresidente de Melilla ser\u00e1 juzgado por acoger en su casa a inmigrantes","link":"https:\/\/www.eldigitaldeasturias.com\/noticias\/el-expresidente-de-melilla-sera-juzgado-por-acoger-en-su-casa-a-inmigrantes\/"}],"_links":{"self":[{"href":"https:\/\/www.eldigitaldeasturias.com\/noticias\/wp-json\/wp\/v2\/posts\/460185","targetHints":{"allow":["GET"]}}],"collection":[{"href":"https:\/\/www.eldigitaldeasturias.com\/noticias\/wp-json\/wp\/v2\/posts"}],"about":[{"href":"https:\/\/www.eldigitaldeasturias.com\/noticias\/wp-json\/wp\/v2\/types\/post"}],"author":[{"embeddable":true,"href":"https:\/\/www.eldigitaldeasturias.com\/noticias\/wp-json\/wp\/v2\/users\/1"}],"replies":[{"embeddable":true,"href":"https:\/\/www.eldigitaldeasturias.com\/noticias\/wp-json\/wp\/v2\/comments?post=460185"}],"version-history":[{"count":0,"href":"https:\/\/www.eldigitaldeasturias.com\/noticias\/wp-json\/wp\/v2\/posts\/460185\/revisions"}],"wp:attachment":[{"href":"https:\/\/www.eldigitaldeasturias.com\/noticias\/wp-json\/wp\/v2\/media?parent=460185"}],"wp:term":[{"taxonomy":"category","embeddable":true,"href":"https:\/\/www.eldigitaldeasturias.com\/noticias\/wp-json\/wp\/v2\/categories?post=460185"},{"taxonomy":"post_tag","embeddable":true,"href":"https:\/\/www.eldigitaldeasturias.com\/noticias\/wp-json\/wp\/v2\/tags?post=460185"}],"curies":[{"name":"wp","href":"https:\/\/api.w.org\/{rel}","templated":true}]}}