{"id":460179,"date":"2013-12-10T22:21:03","date_gmt":"2013-12-10T23:21:03","guid":{"rendered":"http:\/\/www.eldigitaldeasturias.com\/noticias\/?p=460179"},"modified":"2013-12-10T22:21:03","modified_gmt":"2013-12-10T23:21:03","slug":"la-comunidad-de-madrid-reconoce-la-labor-del-summa-112-desplazado-a-filipinas","status":"publish","type":"post","link":"https:\/\/www.eldigitaldeasturias.com\/noticias\/la-comunidad-de-madrid-reconoce-la-labor-del-summa-112-desplazado-a-filipinas\/","title":{"rendered":"La Comunidad de Madrid reconoce la labor del SUMMA 112 desplazado a Filipinas"},"content":{"rendered":"<p><img loading=\"lazy\" decoding=\"async\" class=\"alignleft size-medium wp-image-460180\" alt=\"5783949w\" src=\"https:\/\/www.eldigitaldeasturias.com\/noticias\/wp-content\/uploads\/2013\/12\/5783949w-360x239.jpg\" width=\"360\" height=\"239\" \/>Madrid, 10 dic (EFE).- El consejero de Sanidad, Javier Fern\u00e1ndez-Lasquetty, ha expresado hoy el \u00aborgullo y agradecimiento\u00bb del Gobierno regional y de todos los madrile\u00f1os a los miembros del equipo del Summa 112 que se desplaz\u00f3 de modo voluntario a Filipinas para prestar asistencia a los damnificados por el tif\u00f3n &#8216;Yolanda&#8217;.<\/p>\n<p>\u00abHab\u00e9is llevado el orgullo y el prestigio de la sanidad madrile\u00f1a y de la solidaridad de Espa\u00f1a\u00bb, ha dicho el consejero tras subrayar el agradecimiento \u00abde todo coraz\u00f3n\u00bb, tanto suyo propio como del presidente de la Comunidad, Ignacio Gonz\u00e1lez, a los miembros de la dotaci\u00f3n madrile\u00f1a.<\/p>\n<p>El equipo, que permaneci\u00f3 doce d\u00edas en Taclob\u00e1n asistiendo a la poblaci\u00f3n local, estaba integrado por un m\u00e9dico de emergencias del Summa, una ginec\u00f3loga del Hospital La Paz, un anestesista del Hospital 12 de Octubre, tres enfermeros y tres t\u00e9cnicos del Summa.<\/p>\n<p>Durante su estancia, realizaron maniobras de reanimaci\u00f3n avanzada a 10 pacientes, asistieron 12 partos, cuatro ces\u00e1reas y prestaron apoyo diagn\u00f3stico y ecogr\u00e1fico a medio centenar de embarazadas, seg\u00fan ha destacado Lasquetty que les ha recibido hoy en la sede de la Consejer\u00eda.<\/p>\n<p>Tambi\u00e9n llevaron a cabo cuatro cirug\u00edas de traumatolog\u00eda, supervisaron otras ocho y administraron 16 anestesias, adem\u00e1s de realizar acompa\u00f1amiento m\u00e9dico a m\u00e1s de 1.200 procesos asistenciales.<\/p>\n<p>El contingente tambi\u00e9n hizo medicina preventiva, administrando vitamina A y 350 vacunas a los ni\u00f1os filipinos entre 0 y 5 a\u00f1os de edad, adem\u00e1s de habilitar las salas de la UCI neonatal, paritorio, quir\u00f3fano de urgencia y la sala de reanimaci\u00f3n en la unidad de cuidados intensivos del hospital de Taclob\u00e1n.<\/p>\n<p>Otra de las labores del equipo m\u00e9dico madrile\u00f1o, que formaba parte del contingente desplazado por la Agencia Espa\u00f1ola de Cooperaci\u00f3n Internacional para el Desarrollo (AECID), fue la creaci\u00f3n de un Centro Coordinador de Urgencia, que gestion\u00f3 31 traslados de pacientes a otro centro sanitario o al mismo hospital de Taclob\u00e1n.<\/p>\n<p>El consejero, acompa\u00f1ado por el director gerente del Summa 112, Pedro Mart\u00ednez Tenorio, se ha interesado por la labor del contingente espa\u00f1ol en la reactivaci\u00f3n de este hospital y su protagonismo en las actividades asistenciales y la distribuci\u00f3n y clasificaci\u00f3n de las donaciones de otros pa\u00edses.<\/p>\n<p>Los profesionales del Summa 112, que con \u00e9sta ya han participado en nueve misiones internacionales de esta \u00edndole, han coincidido en que, a su llegada, lo que m\u00e1s les ha llamado la atenci\u00f3n en esta ocasi\u00f3n ha sido la falta de medios t\u00e9cnicos.<\/p>\n<p>\u00abVe\u00edamos a familiares asistiendo en la respiraci\u00f3n con un bal\u00f3n auto-hinchable durante 24 horas de forma manual, mientras nosotros intent\u00e1bamos poner en funcionamiento un ventilador mec\u00e1nico, que al menos sustituyera el suspiro de vida que sus familias intentaban darles\u00bb, seg\u00fan han explicado los enfermeros Javier \u00c1lvarez y Esperanza G\u00e1mez.<\/p>\n<p>Esta misi\u00f3n internacional se a\u00f1ade a las realizadas por el SUMMA desde 2003 en Ir\u00e1n, dos veces en Sumatra, Paquist\u00e1n, Sahara Occidental, Java, Per\u00fa y Hait\u00ed.<\/p>\n<p>El equipo espa\u00f1ol de ayuda humanitaria, coordinado por la AECID, regres\u00f3 el pasado 29 de noviembre a la base a\u00e9rea de Torrej\u00f3n de Ardoz, tras una experiencia que los miembros madrile\u00f1os han calificado como \u00abinolvidable\u00bb y \u00abmuy gratificante\u00bb.<\/p>\n","protected":false},"excerpt":{"rendered":"<p>Madrid, 10 dic (EFE).- El consejero de Sanidad, Javier Fern\u00e1ndez-Lasquetty, ha expresado hoy el \u00aborgullo y agradecimiento\u00bb del Gobierno regional y de todos los madrile\u00f1os a los miembros del equipo del Summa 112 que se desplaz\u00f3 de modo voluntario a Filipinas para prestar asistencia a los damnificados por el tif\u00f3n &#8216;Yolanda&#8217;. \u00abHab\u00e9is llevado el orgullo [&hellip;]<\/p>\n","protected":false},"author":1,"featured_media":460180,"comment_status":"closed","ping_status":"open","sticky":false,"template":"","format":"standard","meta":{"footnotes":""},"categories":[28],"tags":[],"class_list":["post-460179","post","type-post","status-publish","format-standard","has-post-thumbnail","hentry","category-sociedad"],"aioseo_notices":[],"aioseo_head":"\n\t\t<!-- All in One SEO Pro 5.0.1 - aioseo.com -->\n\t<meta name=\"description\" content=\"Madrid, 10 dic (EFE).- El consejero de Sanidad, Javier Fern\u00e1ndez-Lasquetty, ha expresado hoy el &quot;orgullo y agradecimiento&quot; del Gobierno regional y de todos los madrile\u00f1os a los miembros del equipo del Summa 112 que se desplaz\u00f3 de modo voluntario a Filipinas para prestar asistencia a los damnificados por el tif\u00f3n &#039;Yolanda&#039;. &quot;Hab\u00e9is llevado el orgullo\" \/>\n\t<meta name=\"robots\" content=\"max-image-preview:large\" \/>\n\t<meta name=\"author\" content=\"El Digital de Asturias\"\/>\n\t<meta name=\"google-site-verification\" content=\"UA-38556648-1\" \/>\n\t<meta name=\"msvalidate.01\" content=\"7dfe9f3f1b24437ab69f4f2559babe99\" \/>\n\t<meta name=\"keywords\" content=\"sociedad\" \/>\n\t<link rel=\"canonical\" href=\"https:\/\/www.eldigitaldeasturias.com\/noticias\/la-comunidad-de-madrid-reconoce-la-labor-del-summa-112-desplazado-a-filipinas\/\" \/>\n\t<meta name=\"generator\" content=\"All in One SEO Pro (AIOSEO) 5.0.1\" \/>\n\t\t<meta property=\"og:locale\" content=\"es_ES\" \/>\n\t\t<meta property=\"og:site_name\" content=\"El Digital de Asturias\" \/>\n\t\t<meta property=\"og:type\" content=\"article\" \/>\n\t\t<meta property=\"og:title\" content=\"La Comunidad de Madrid reconoce la labor del SUMMA 112 desplazado a Filipinas - El Digital de Asturias\" \/>\n\t\t<meta property=\"og:description\" content=\"Madrid, 10 dic (EFE).- El consejero de Sanidad, Javier Fern\u00e1ndez-Lasquetty, ha expresado hoy el &quot;orgullo y agradecimiento&quot; del Gobierno regional y de todos los madrile\u00f1os a los miembros del equipo del Summa 112 que se desplaz\u00f3 de modo voluntario a Filipinas para prestar asistencia a los damnificados por el tif\u00f3n &#039;Yolanda&#039;. &quot;Hab\u00e9is llevado el orgullo\" \/>\n\t\t<meta property=\"og:url\" content=\"https:\/\/www.eldigitaldeasturias.com\/noticias\/la-comunidad-de-madrid-reconoce-la-labor-del-summa-112-desplazado-a-filipinas\/\" \/>\n\t\t<meta property=\"article:tag\" content=\"sociedad\" \/>\n\t\t<meta property=\"article:published_time\" content=\"2013-12-10T23:21:03+00:00\" \/>\n\t\t<meta property=\"article:modified_time\" content=\"2013-12-10T23:21:03+00:00\" \/>\n\t\t<meta property=\"article:publisher\" content=\"https:\/\/facebook.com\/eldigitaldeasturias\" \/>\n\t\t<meta name=\"twitter:card\" content=\"summary_large_image\" \/>\n\t\t<meta name=\"twitter:title\" content=\"La Comunidad de Madrid reconoce la labor del SUMMA 112 desplazado a Filipinas - El Digital de Asturias\" \/>\n\t\t<meta name=\"twitter:description\" content=\"Madrid, 10 dic (EFE).- El consejero de Sanidad, Javier Fern\u00e1ndez-Lasquetty, ha expresado hoy el &quot;orgullo y agradecimiento&quot; del Gobierno regional y de todos los madrile\u00f1os a los miembros del equipo del Summa 112 que se desplaz\u00f3 de modo voluntario a Filipinas para prestar asistencia a los damnificados por el tif\u00f3n &#039;Yolanda&#039;. &quot;Hab\u00e9is llevado el orgullo\" \/>\n\t\t<meta name=\"twitter:label1\" content=\"Escrito por\" \/>\n\t\t<meta name=\"twitter:data1\" content=\"El Digital de Asturias\" \/>\n\t\t<meta name=\"twitter:label2\" content=\"Tiempo de lectura estimado\" \/>\n\t\t<meta name=\"twitter:data2\" content=\"3 minutos\" \/>\n\t\t<script type=\"application\/ld+json\" class=\"aioseo-schema\">\n\t\t\t{\"@context\":\"https:\\\/\\\/schema.org\",\"@graph\":[{\"@type\":\"BlogPosting\",\"@id\":\"https:\\\/\\\/www.eldigitaldeasturias.com\\\/noticias\\\/la-comunidad-de-madrid-reconoce-la-labor-del-summa-112-desplazado-a-filipinas\\\/#blogposting\",\"name\":\"La Comunidad de Madrid reconoce la labor del SUMMA 112 desplazado a Filipinas - El Digital de Asturias\",\"headline\":\"La Comunidad de Madrid reconoce la labor del SUMMA 112 desplazado a Filipinas\",\"author\":{\"@id\":\"https:\\\/\\\/www.eldigitaldeasturias.com\\\/noticias\\\/author\\\/admin\\\/#author\"},\"publisher\":{\"@id\":\"https:\\\/\\\/www.eldigitaldeasturias.com\\\/noticias\\\/#organization\"},\"image\":{\"@type\":\"ImageObject\",\"url\":460180},\"datePublished\":\"2013-12-10T22:21:03+01:00\",\"dateModified\":\"2013-12-10T22:21:03+01:00\",\"inLanguage\":\"es-ES\",\"mainEntityOfPage\":{\"@id\":\"https:\\\/\\\/www.eldigitaldeasturias.com\\\/noticias\\\/la-comunidad-de-madrid-reconoce-la-labor-del-summa-112-desplazado-a-filipinas\\\/#webpage\"},\"isPartOf\":{\"@id\":\"https:\\\/\\\/www.eldigitaldeasturias.com\\\/noticias\\\/la-comunidad-de-madrid-reconoce-la-labor-del-summa-112-desplazado-a-filipinas\\\/#webpage\"},\"articleSection\":\"Sociedad\"},{\"@type\":\"BreadcrumbList\",\"@id\":\"https:\\\/\\\/www.eldigitaldeasturias.com\\\/noticias\\\/la-comunidad-de-madrid-reconoce-la-labor-del-summa-112-desplazado-a-filipinas\\\/#breadcrumblist\",\"itemListElement\":[{\"@type\":\"ListItem\",\"@id\":\"https:\\\/\\\/www.eldigitaldeasturias.com\\\/noticias#listItem\",\"position\":1,\"name\":\"Home\",\"item\":\"https:\\\/\\\/www.eldigitaldeasturias.com\\\/noticias\",\"nextItem\":{\"@type\":\"ListItem\",\"@id\":\"https:\\\/\\\/www.eldigitaldeasturias.com\\\/noticias\\\/category\\\/sociedad\\\/#listItem\",\"name\":\"Sociedad\"}},{\"@type\":\"ListItem\",\"@id\":\"https:\\\/\\\/www.eldigitaldeasturias.com\\\/noticias\\\/category\\\/sociedad\\\/#listItem\",\"position\":2,\"name\":\"Sociedad\",\"item\":\"https:\\\/\\\/www.eldigitaldeasturias.com\\\/noticias\\\/category\\\/sociedad\\\/\",\"nextItem\":{\"@type\":\"ListItem\",\"@id\":\"https:\\\/\\\/www.eldigitaldeasturias.com\\\/noticias\\\/la-comunidad-de-madrid-reconoce-la-labor-del-summa-112-desplazado-a-filipinas\\\/#listItem\",\"name\":\"La Comunidad de Madrid reconoce la labor del SUMMA 112 desplazado a Filipinas\"},\"previousItem\":{\"@type\":\"ListItem\",\"@id\":\"https:\\\/\\\/www.eldigitaldeasturias.com\\\/noticias#listItem\",\"name\":\"Home\"}},{\"@type\":\"ListItem\",\"@id\":\"https:\\\/\\\/www.eldigitaldeasturias.com\\\/noticias\\\/la-comunidad-de-madrid-reconoce-la-labor-del-summa-112-desplazado-a-filipinas\\\/#listItem\",\"position\":3,\"name\":\"La Comunidad de Madrid reconoce la labor del SUMMA 112 desplazado a Filipinas\",\"previousItem\":{\"@type\":\"ListItem\",\"@id\":\"https:\\\/\\\/www.eldigitaldeasturias.com\\\/noticias\\\/category\\\/sociedad\\\/#listItem\",\"name\":\"Sociedad\"}}]},{\"@type\":\"Organization\",\"@id\":\"https:\\\/\\\/www.eldigitaldeasturias.com\\\/noticias\\\/#organization\",\"name\":\"El Digital de Asturias\",\"description\":\"Hemeroteca\",\"url\":\"https:\\\/\\\/www.eldigitaldeasturias.com\\\/noticias\\\/\",\"email\":\"info@eldigitaldeasturias.com\",\"telephone\":\"+34652131393\",\"logo\":{\"@type\":\"ImageObject\",\"url\":\"https:\\\/\\\/www.eldigitaldeasturias.com\\\/noticias\\\/wp-content\\\/uploads\\\/2020\\\/12\\\/EDA.jpg\",\"@id\":\"https:\\\/\\\/www.eldigitaldeasturias.com\\\/noticias\\\/la-comunidad-de-madrid-reconoce-la-labor-del-summa-112-desplazado-a-filipinas\\\/#organizationLogo\"},\"image\":{\"@id\":\"https:\\\/\\\/www.eldigitaldeasturias.com\\\/noticias\\\/la-comunidad-de-madrid-reconoce-la-labor-del-summa-112-desplazado-a-filipinas\\\/#organizationLogo\"},\"sameAs\":[\"https:\\\/\\\/facebook.com\\\/eldigitaldeasturias\",\"https:\\\/\\\/www.youtube.com\\\/channel\\\/UCZP-2wLEB9Rv6erhFmqVnvg\"],\"address\":{\"@id\":\"https:\\\/\\\/www.eldigitaldeasturias.com\\\/noticias\\\/#postaladdress\",\"@type\":\"PostalAddress\",\"streetAddress\":\"san antonio 4\",\"postalCode\":\"33430\",\"addressLocality\":\"Cand\\u00e1s\",\"addressRegion\":\"Asturias\",\"addressCountry\":\"ES\"}},{\"@type\":\"Person\",\"@id\":\"https:\\\/\\\/www.eldigitaldeasturias.com\\\/noticias\\\/author\\\/admin\\\/#author\",\"url\":\"https:\\\/\\\/www.eldigitaldeasturias.com\\\/noticias\\\/author\\\/admin\\\/\",\"name\":\"El Digital de Asturias\",\"image\":{\"@type\":\"ImageObject\",\"@id\":\"https:\\\/\\\/www.eldigitaldeasturias.com\\\/noticias\\\/la-comunidad-de-madrid-reconoce-la-labor-del-summa-112-desplazado-a-filipinas\\\/#authorImage\",\"url\":\"https:\\\/\\\/secure.gravatar.com\\\/avatar\\\/df2aeffc32bcd13f8d26072ef8a91b623d677766deac7f97ca815868cd41bf5e?s=96&d=mm&r=g\",\"width\":96,\"height\":96,\"caption\":\"El Digital de Asturias\"}},{\"@type\":\"WebPage\",\"@id\":\"https:\\\/\\\/www.eldigitaldeasturias.com\\\/noticias\\\/la-comunidad-de-madrid-reconoce-la-labor-del-summa-112-desplazado-a-filipinas\\\/#webpage\",\"url\":\"https:\\\/\\\/www.eldigitaldeasturias.com\\\/noticias\\\/la-comunidad-de-madrid-reconoce-la-labor-del-summa-112-desplazado-a-filipinas\\\/\",\"name\":\"La Comunidad de Madrid reconoce la labor del SUMMA 112 desplazado a Filipinas - El Digital de Asturias\",\"description\":\"Madrid, 10 dic (EFE).- El consejero de Sanidad, Javier Fern\\u00e1ndez-Lasquetty, ha expresado hoy el \\\"orgullo y agradecimiento\\\" del Gobierno regional y de todos los madrile\\u00f1os a los miembros del equipo del Summa 112 que se desplaz\\u00f3 de modo voluntario a Filipinas para prestar asistencia a los damnificados por el tif\\u00f3n 'Yolanda'. \\\"Hab\\u00e9is llevado el orgullo\",\"inLanguage\":\"es-ES\",\"isPartOf\":{\"@id\":\"https:\\\/\\\/www.eldigitaldeasturias.com\\\/noticias\\\/#website\"},\"breadcrumb\":{\"@id\":\"https:\\\/\\\/www.eldigitaldeasturias.com\\\/noticias\\\/la-comunidad-de-madrid-reconoce-la-labor-del-summa-112-desplazado-a-filipinas\\\/#breadcrumblist\"},\"author\":{\"@id\":\"https:\\\/\\\/www.eldigitaldeasturias.com\\\/noticias\\\/author\\\/admin\\\/#author\"},\"creator\":{\"@id\":\"https:\\\/\\\/www.eldigitaldeasturias.com\\\/noticias\\\/author\\\/admin\\\/#author\"},\"image\":{\"@type\":\"ImageObject\",\"url\":460180,\"@id\":\"https:\\\/\\\/www.eldigitaldeasturias.com\\\/noticias\\\/la-comunidad-de-madrid-reconoce-la-labor-del-summa-112-desplazado-a-filipinas\\\/#mainImage\"},\"primaryImageOfPage\":{\"@id\":\"https:\\\/\\\/www.eldigitaldeasturias.com\\\/noticias\\\/la-comunidad-de-madrid-reconoce-la-labor-del-summa-112-desplazado-a-filipinas\\\/#mainImage\"},\"datePublished\":\"2013-12-10T22:21:03+01:00\",\"dateModified\":\"2013-12-10T22:21:03+01:00\"},{\"@type\":\"WebSite\",\"@id\":\"https:\\\/\\\/www.eldigitaldeasturias.com\\\/noticias\\\/#website\",\"url\":\"https:\\\/\\\/www.eldigitaldeasturias.com\\\/noticias\\\/\",\"name\":\"El Digital de Asturias - Diario de actualidad y noticias\",\"alternateName\":\"El Digital de Asturias - Diario de actualidad y noticias\",\"description\":\"Hemeroteca\",\"inLanguage\":\"es-ES\",\"publisher\":{\"@id\":\"https:\\\/\\\/www.eldigitaldeasturias.com\\\/noticias\\\/#organization\"}}]}\n\t\t<\/script>\n\t\t<!-- All in One SEO Pro -->\r\n\t\t<title>La Comunidad de Madrid reconoce la labor del SUMMA 112 desplazado a Filipinas - El Digital de Asturias<\/title>\n\n","aioseo_head_json":{"title":"La Comunidad de Madrid reconoce la labor del SUMMA 112 desplazado a Filipinas - El Digital de Asturias","description":"Madrid, 10 dic (EFE).- El consejero de Sanidad, Javier Fern\u00e1ndez-Lasquetty, ha expresado hoy el \"orgullo y agradecimiento\" del Gobierno regional y de todos los madrile\u00f1os a los miembros del equipo del Summa 112 que se desplaz\u00f3 de modo voluntario a Filipinas para prestar asistencia a los damnificados por el tif\u00f3n 'Yolanda'. \"Hab\u00e9is llevado el orgullo","canonical_url":"https:\/\/www.eldigitaldeasturias.com\/noticias\/la-comunidad-de-madrid-reconoce-la-labor-del-summa-112-desplazado-a-filipinas\/","robots":"max-image-preview:large","keywords":"sociedad","webmasterTools":{"google-site-verification":"UA-38556648-1","msvalidate.01":"7dfe9f3f1b24437ab69f4f2559babe99","miscellaneous":""},"schema":{"@context":"https:\/\/schema.org","@graph":[{"@type":"BlogPosting","@id":"https:\/\/www.eldigitaldeasturias.com\/noticias\/la-comunidad-de-madrid-reconoce-la-labor-del-summa-112-desplazado-a-filipinas\/#blogposting","name":"La Comunidad de Madrid reconoce la labor del SUMMA 112 desplazado a Filipinas - El Digital de Asturias","headline":"La Comunidad de Madrid reconoce la labor del SUMMA 112 desplazado a Filipinas","author":{"@id":"https:\/\/www.eldigitaldeasturias.com\/noticias\/author\/admin\/#author"},"publisher":{"@id":"https:\/\/www.eldigitaldeasturias.com\/noticias\/#organization"},"image":{"@type":"ImageObject","url":460180},"datePublished":"2013-12-10T22:21:03+01:00","dateModified":"2013-12-10T22:21:03+01:00","inLanguage":"es-ES","mainEntityOfPage":{"@id":"https:\/\/www.eldigitaldeasturias.com\/noticias\/la-comunidad-de-madrid-reconoce-la-labor-del-summa-112-desplazado-a-filipinas\/#webpage"},"isPartOf":{"@id":"https:\/\/www.eldigitaldeasturias.com\/noticias\/la-comunidad-de-madrid-reconoce-la-labor-del-summa-112-desplazado-a-filipinas\/#webpage"},"articleSection":"Sociedad"},{"@type":"BreadcrumbList","@id":"https:\/\/www.eldigitaldeasturias.com\/noticias\/la-comunidad-de-madrid-reconoce-la-labor-del-summa-112-desplazado-a-filipinas\/#breadcrumblist","itemListElement":[{"@type":"ListItem","@id":"https:\/\/www.eldigitaldeasturias.com\/noticias#listItem","position":1,"name":"Home","item":"https:\/\/www.eldigitaldeasturias.com\/noticias","nextItem":{"@type":"ListItem","@id":"https:\/\/www.eldigitaldeasturias.com\/noticias\/category\/sociedad\/#listItem","name":"Sociedad"}},{"@type":"ListItem","@id":"https:\/\/www.eldigitaldeasturias.com\/noticias\/category\/sociedad\/#listItem","position":2,"name":"Sociedad","item":"https:\/\/www.eldigitaldeasturias.com\/noticias\/category\/sociedad\/","nextItem":{"@type":"ListItem","@id":"https:\/\/www.eldigitaldeasturias.com\/noticias\/la-comunidad-de-madrid-reconoce-la-labor-del-summa-112-desplazado-a-filipinas\/#listItem","name":"La Comunidad de Madrid reconoce la labor del SUMMA 112 desplazado a Filipinas"},"previousItem":{"@type":"ListItem","@id":"https:\/\/www.eldigitaldeasturias.com\/noticias#listItem","name":"Home"}},{"@type":"ListItem","@id":"https:\/\/www.eldigitaldeasturias.com\/noticias\/la-comunidad-de-madrid-reconoce-la-labor-del-summa-112-desplazado-a-filipinas\/#listItem","position":3,"name":"La Comunidad de Madrid reconoce la labor del SUMMA 112 desplazado a Filipinas","previousItem":{"@type":"ListItem","@id":"https:\/\/www.eldigitaldeasturias.com\/noticias\/category\/sociedad\/#listItem","name":"Sociedad"}}]},{"@type":"Organization","@id":"https:\/\/www.eldigitaldeasturias.com\/noticias\/#organization","name":"El Digital de Asturias","description":"Hemeroteca","url":"https:\/\/www.eldigitaldeasturias.com\/noticias\/","email":"info@eldigitaldeasturias.com","telephone":"+34652131393","logo":{"@type":"ImageObject","url":"https:\/\/www.eldigitaldeasturias.com\/noticias\/wp-content\/uploads\/2020\/12\/EDA.jpg","@id":"https:\/\/www.eldigitaldeasturias.com\/noticias\/la-comunidad-de-madrid-reconoce-la-labor-del-summa-112-desplazado-a-filipinas\/#organizationLogo"},"image":{"@id":"https:\/\/www.eldigitaldeasturias.com\/noticias\/la-comunidad-de-madrid-reconoce-la-labor-del-summa-112-desplazado-a-filipinas\/#organizationLogo"},"sameAs":["https:\/\/facebook.com\/eldigitaldeasturias","https:\/\/www.youtube.com\/channel\/UCZP-2wLEB9Rv6erhFmqVnvg"],"address":{"@id":"https:\/\/www.eldigitaldeasturias.com\/noticias\/#postaladdress","@type":"PostalAddress","streetAddress":"san antonio 4","postalCode":"33430","addressLocality":"Cand\u00e1s","addressRegion":"Asturias","addressCountry":"ES"}},{"@type":"Person","@id":"https:\/\/www.eldigitaldeasturias.com\/noticias\/author\/admin\/#author","url":"https:\/\/www.eldigitaldeasturias.com\/noticias\/author\/admin\/","name":"El Digital de Asturias","image":{"@type":"ImageObject","@id":"https:\/\/www.eldigitaldeasturias.com\/noticias\/la-comunidad-de-madrid-reconoce-la-labor-del-summa-112-desplazado-a-filipinas\/#authorImage","url":"https:\/\/secure.gravatar.com\/avatar\/df2aeffc32bcd13f8d26072ef8a91b623d677766deac7f97ca815868cd41bf5e?s=96&d=mm&r=g","width":96,"height":96,"caption":"El Digital de Asturias"}},{"@type":"WebPage","@id":"https:\/\/www.eldigitaldeasturias.com\/noticias\/la-comunidad-de-madrid-reconoce-la-labor-del-summa-112-desplazado-a-filipinas\/#webpage","url":"https:\/\/www.eldigitaldeasturias.com\/noticias\/la-comunidad-de-madrid-reconoce-la-labor-del-summa-112-desplazado-a-filipinas\/","name":"La Comunidad de Madrid reconoce la labor del SUMMA 112 desplazado a Filipinas - El Digital de Asturias","description":"Madrid, 10 dic (EFE).- El consejero de Sanidad, Javier Fern\u00e1ndez-Lasquetty, ha expresado hoy el \"orgullo y agradecimiento\" del Gobierno regional y de todos los madrile\u00f1os a los miembros del equipo del Summa 112 que se desplaz\u00f3 de modo voluntario a Filipinas para prestar asistencia a los damnificados por el tif\u00f3n 'Yolanda'. \"Hab\u00e9is llevado el orgullo","inLanguage":"es-ES","isPartOf":{"@id":"https:\/\/www.eldigitaldeasturias.com\/noticias\/#website"},"breadcrumb":{"@id":"https:\/\/www.eldigitaldeasturias.com\/noticias\/la-comunidad-de-madrid-reconoce-la-labor-del-summa-112-desplazado-a-filipinas\/#breadcrumblist"},"author":{"@id":"https:\/\/www.eldigitaldeasturias.com\/noticias\/author\/admin\/#author"},"creator":{"@id":"https:\/\/www.eldigitaldeasturias.com\/noticias\/author\/admin\/#author"},"image":{"@type":"ImageObject","url":460180,"@id":"https:\/\/www.eldigitaldeasturias.com\/noticias\/la-comunidad-de-madrid-reconoce-la-labor-del-summa-112-desplazado-a-filipinas\/#mainImage"},"primaryImageOfPage":{"@id":"https:\/\/www.eldigitaldeasturias.com\/noticias\/la-comunidad-de-madrid-reconoce-la-labor-del-summa-112-desplazado-a-filipinas\/#mainImage"},"datePublished":"2013-12-10T22:21:03+01:00","dateModified":"2013-12-10T22:21:03+01:00"},{"@type":"WebSite","@id":"https:\/\/www.eldigitaldeasturias.com\/noticias\/#website","url":"https:\/\/www.eldigitaldeasturias.com\/noticias\/","name":"El Digital de Asturias - Diario de actualidad y noticias","alternateName":"El Digital de Asturias - Diario de actualidad y noticias","description":"Hemeroteca","inLanguage":"es-ES","publisher":{"@id":"https:\/\/www.eldigitaldeasturias.com\/noticias\/#organization"}}]},"og:locale":"es_ES","og:site_name":"El Digital de Asturias","og:type":"article","og:title":"La Comunidad de Madrid reconoce la labor del SUMMA 112 desplazado a Filipinas - El Digital de Asturias","og:description":"Madrid, 10 dic (EFE).- El consejero de Sanidad, Javier Fern\u00e1ndez-Lasquetty, ha expresado hoy el &quot;orgullo y agradecimiento&quot; del Gobierno regional y de todos los madrile\u00f1os a los miembros del equipo del Summa 112 que se desplaz\u00f3 de modo voluntario a Filipinas para prestar asistencia a los damnificados por el tif\u00f3n 'Yolanda'. &quot;Hab\u00e9is llevado el orgullo","og:url":"https:\/\/www.eldigitaldeasturias.com\/noticias\/la-comunidad-de-madrid-reconoce-la-labor-del-summa-112-desplazado-a-filipinas\/","article:tag":["sociedad"],"article:published_time":"2013-12-10T23:21:03+00:00","article:modified_time":"2013-12-10T23:21:03+00:00","article:publisher":"https:\/\/facebook.com\/eldigitaldeasturias","twitter:card":"summary_large_image","twitter:title":"La Comunidad de Madrid reconoce la labor del SUMMA 112 desplazado a Filipinas - El Digital de Asturias","twitter:description":"Madrid, 10 dic (EFE).- El consejero de Sanidad, Javier Fern\u00e1ndez-Lasquetty, ha expresado hoy el &quot;orgullo y agradecimiento&quot; del Gobierno regional y de todos los madrile\u00f1os a los miembros del equipo del Summa 112 que se desplaz\u00f3 de modo voluntario a Filipinas para prestar asistencia a los damnificados por el tif\u00f3n 'Yolanda'. &quot;Hab\u00e9is llevado el orgullo","twitter:label1":"Escrito por","twitter:data1":"El Digital de Asturias","twitter:label2":"Tiempo de lectura estimado","twitter:data2":"3 minutos"},"aioseo_meta_data":{"post_id":"460179","title":null,"description":null,"keywords":null,"keyphrases":null,"primary_term":null,"canonical_url":null,"og_title":null,"og_description":null,"og_object_type":"default","og_image_type":"default","og_image_url":null,"og_image_width":null,"og_image_height":null,"og_image_custom_url":null,"og_image_custom_fields":null,"og_video":null,"og_custom_url":null,"og_article_section":null,"og_article_tags":null,"twitter_use_og":true,"twitter_card":"default","twitter_image_type":"default","twitter_image_url":null,"twitter_image_custom_url":null,"twitter_image_custom_fields":null,"twitter_title":null,"twitter_description":null,"schema":{"blockGraphs":[],"customGraphs":[],"default":{"data":{"Article":[],"Course":[],"Dataset":[],"FAQPage":[],"Movie":[],"Person":[],"Product":[],"ProductReview":[],"Car":[],"Recipe":[],"Service":[],"SoftwareApplication":[],"WebPage":[]},"graphName":"","isEnabled":true},"graphs":[],"defaultGraph":"","defaultPostTypeGraph":""},"schema_type":null,"schema_type_options":null,"pillar_content":false,"robots_default":true,"robots_noindex":false,"robots_noarchive":false,"robots_nosnippet":false,"robots_nofollow":false,"robots_noimageindex":false,"robots_noodp":false,"robots_notranslate":false,"robots_max_snippet":null,"robots_max_videopreview":null,"robots_max_imagepreview":"none","priority":null,"frequency":null,"local_seo":null,"seo_analyzer_scan_date":"2026-05-30 12:09:34","breadcrumb_settings":null,"limit_modified_date":false,"open_ai":null,"ai":null,"created":"2020-11-14 22:47:43","updated":"2026-05-30 12:09:34","focus_keyword":null,"additional_keywords":null,"truseo_locale":null},"aioseo_breadcrumb":"<div class=\"aioseo-breadcrumbs\"><span class=\"aioseo-breadcrumb\">\n\t<a href=\"https:\/\/www.eldigitaldeasturias.com\/noticias\" title=\"Home\">Home<\/a>\n<\/span><span class=\"aioseo-breadcrumb-separator\">\u2013<\/span><span class=\"aioseo-breadcrumb\">\n\t<a href=\"https:\/\/www.eldigitaldeasturias.com\/noticias\/category\/sociedad\/\" title=\"Sociedad\">Sociedad<\/a>\n<\/span><span class=\"aioseo-breadcrumb-separator\">\u2013<\/span><span class=\"aioseo-breadcrumb\">\n\t<a href=\"https:\/\/www.eldigitaldeasturias.com\/noticias\/la-comunidad-de-madrid-reconoce-la-labor-del-summa-112-desplazado-a-filipinas\/\" title=\"La Comunidad de Madrid reconoce la labor del SUMMA 112 desplazado a Filipinas\">La Comunidad de Madrid reconoce la labor del SUMMA 112 desplazado a Filipinas<\/a>\n<\/span><\/div>","aioseo_breadcrumb_json":[{"label":"Home","link":"https:\/\/www.eldigitaldeasturias.com\/noticias"},{"label":"Sociedad","link":"https:\/\/www.eldigitaldeasturias.com\/noticias\/category\/sociedad\/"},{"label":"La Comunidad de Madrid reconoce la labor del SUMMA 112 desplazado a Filipinas","link":"https:\/\/www.eldigitaldeasturias.com\/noticias\/la-comunidad-de-madrid-reconoce-la-labor-del-summa-112-desplazado-a-filipinas\/"}],"_links":{"self":[{"href":"https:\/\/www.eldigitaldeasturias.com\/noticias\/wp-json\/wp\/v2\/posts\/460179","targetHints":{"allow":["GET"]}}],"collection":[{"href":"https:\/\/www.eldigitaldeasturias.com\/noticias\/wp-json\/wp\/v2\/posts"}],"about":[{"href":"https:\/\/www.eldigitaldeasturias.com\/noticias\/wp-json\/wp\/v2\/types\/post"}],"author":[{"embeddable":true,"href":"https:\/\/www.eldigitaldeasturias.com\/noticias\/wp-json\/wp\/v2\/users\/1"}],"replies":[{"embeddable":true,"href":"https:\/\/www.eldigitaldeasturias.com\/noticias\/wp-json\/wp\/v2\/comments?post=460179"}],"version-history":[{"count":0,"href":"https:\/\/www.eldigitaldeasturias.com\/noticias\/wp-json\/wp\/v2\/posts\/460179\/revisions"}],"wp:attachment":[{"href":"https:\/\/www.eldigitaldeasturias.com\/noticias\/wp-json\/wp\/v2\/media?parent=460179"}],"wp:term":[{"taxonomy":"category","embeddable":true,"href":"https:\/\/www.eldigitaldeasturias.com\/noticias\/wp-json\/wp\/v2\/categories?post=460179"},{"taxonomy":"post_tag","embeddable":true,"href":"https:\/\/www.eldigitaldeasturias.com\/noticias\/wp-json\/wp\/v2\/tags?post=460179"}],"curies":[{"name":"wp","href":"https:\/\/api.w.org\/{rel}","templated":true}]}}