{"id":460176,"date":"2013-12-10T22:19:32","date_gmt":"2013-12-10T23:19:32","guid":{"rendered":"http:\/\/www.eldigitaldeasturias.com\/noticias\/?p=460176"},"modified":"2013-12-10T22:19:32","modified_gmt":"2013-12-10T23:19:32","slug":"caritas-y-manos-unidas-colaboran-contra-el-escandalo-del-hambre-en-el-mundo","status":"publish","type":"post","link":"https:\/\/www.eldigitaldeasturias.com\/noticias\/caritas-y-manos-unidas-colaboran-contra-el-escandalo-del-hambre-en-el-mundo\/","title":{"rendered":"C\u00e1ritas y Manos Unidas colaboran contra el \u00abesc\u00e1ndalo\u00bb del hambre en el mundo"},"content":{"rendered":"<p><img loading=\"lazy\" decoding=\"async\" class=\"alignleft size-medium wp-image-460177\" alt=\"5783929w\" src=\"https:\/\/www.eldigitaldeasturias.com\/noticias\/wp-content\/uploads\/2013\/12\/5783929w-213x320.jpg\" width=\"213\" height=\"320\" \/>Madrid, 10 dic (EFE).- C\u00e1ritas Espa\u00f1ola y Manos Unidas se han agrupado en la campa\u00f1a \u00abUna sola familia humana, alimentos para todos\u00bb con el objetivo de acabar para 2025 con el \u00abesc\u00e1ndalo\u00bb del hambre en el mundo, donde hay 842 millones de hambrientos y una persona de cada ocho no come todos los d\u00edas lo que necesita.<\/p>\n<p>La iniciativa, impulsada a nivel mundial por C\u00e1ritas Internationalis y auspiciada por el papa, ha sido presentada en Madrid por las dos organizaciones, que han decidido sumar sus esfuerzos en Espa\u00f1a para ponerla en marcha.<\/p>\n<p>En la rueda de prensa, que ha tenido lugar en la Universidad Pontificia de Comillas, los responsables de ambas organizaciones han coincidido en que el hambre es uno de los \u00abmayores esc\u00e1ndalos del mundo actual\u00bb, ya que hay alimentos suficientes para todos.<\/p>\n<p>El obispo responsable de C\u00e1ritas Espa\u00f1ola, monse\u00f1or Alfonso Mill\u00e1n, ha criticado la forma en que se producen, comercializan y distribuyen los alimentos porque \u00abno tiene en cuenta las necesidades de los m\u00e1s pobres\u00bb.<\/p>\n<p>\u00abLa econom\u00eda debe estar siempre a favor de la persona y no al rev\u00e9s\u00bb, ha aseverado Mill\u00e1n, quien ha agregado que la campa\u00f1a movilizar\u00e1 \u00abm\u00e1s todav\u00eda\u00bb a los agentes pastorales y a los fieles as\u00ed como a todas las personas de \u00abbuena voluntad\u00bb con este fin.<\/p>\n<p>Por su parte, el obispo responsable de Manos Unidas, monse\u00f1or, Juan Jos\u00e9 Omella, ha afirmado que uno de los objetivos de la campa\u00f1a es tomar conciencia de que \u00absi hay hambre en el mundo es porque no hemos hecho todos lo suficiente para erradicarla\u00bb.<\/p>\n<p>Sobre las causas de que persistan a\u00fan casi mil millones de personas hambrientas, Omella ha se\u00f1alado algunas como los \u00abcriterios morales que imperan\u00bb, las reglas que manda el comercio internacional, la corrupci\u00f3n \u00aba veces tolerada que impide que los recursos lleguen al pueblo\u00bb, y la \u00abfrecuente sumisi\u00f3n de las Naciones Unidas a los intereses de los grandes\u00bb.<\/p>\n<p>Por ello, ha resaltado que el inter\u00e9s tanto de C\u00e1ritas como de Manos Unidas es que tambi\u00e9n las instituciones se den cuenta de \u00abeste gran problema y tomen los medios necesarios para afrontar el hambre\u00bb.<\/p>\n<p>La responsable de Cooperaci\u00f3n Internacional de C\u00e1ritas, Natalia Peir\u00f3, ha explicado que la campa\u00f1a es una estrategia sostenible que propone el ejercicio efectivo del derecho a la alimentaci\u00f3n en todos los pa\u00edses.<\/p>\n<p>En el mismo sentido se ha expresado el responsable del mismo departamento en Manos Unidas, Marcos Gordillo, quien ha confiado en que el objetivo que persigue la iniciativa se haga realidad.<\/p>\n<p>Antes de que concluyera el acto, se ha proyectado un videomensaje del papa Francisco, que ayer present\u00f3 la campa\u00f1a en la Ciudad del Vaticano, en el que ha reclamado que la \u00abvoz de los que sufren hambre se convierta en un rugido capaz de sacudir al mundo\u00bb.<\/p>\n<p>Ha indicado, asimismo, que ante el \u00abesc\u00e1ndalo\u00bb del hambre \u00abno podemos mirar a otra parte, fingiendo que el problema no existe\u00bb.<\/p>\n<p>La presentaci\u00f3n de la campa\u00f1a ha culminado con una oraci\u00f3n y con la actuaci\u00f3n de un grupo de m\u00fasicos del Congo.<\/p>\n","protected":false},"excerpt":{"rendered":"<p>Madrid, 10 dic (EFE).- C\u00e1ritas Espa\u00f1ola y Manos Unidas se han agrupado en la campa\u00f1a \u00abUna sola familia humana, alimentos para todos\u00bb con el objetivo de acabar para 2025 con el \u00abesc\u00e1ndalo\u00bb del hambre en el mundo, donde hay 842 millones de hambrientos y una persona de cada ocho no come todos los d\u00edas lo [&hellip;]<\/p>\n","protected":false},"author":1,"featured_media":460177,"comment_status":"closed","ping_status":"open","sticky":false,"template":"","format":"standard","meta":{"footnotes":""},"categories":[28],"tags":[],"class_list":["post-460176","post","type-post","status-publish","format-standard","has-post-thumbnail","hentry","category-sociedad"],"aioseo_notices":[],"aioseo_head":"\n\t\t<!-- All in One SEO Pro 5.0.1 - aioseo.com -->\n\t<meta name=\"description\" content=\"Madrid, 10 dic (EFE).- C\u00e1ritas Espa\u00f1ola y Manos Unidas se han agrupado en la campa\u00f1a &quot;Una sola familia humana, alimentos para todos&quot; con el objetivo de acabar para 2025 con el &quot;esc\u00e1ndalo&quot; del hambre en el mundo, donde hay 842 millones de hambrientos y una persona de cada ocho no come todos los d\u00edas lo\" \/>\n\t<meta name=\"robots\" content=\"max-image-preview:large\" \/>\n\t<meta name=\"author\" content=\"El Digital de Asturias\"\/>\n\t<meta name=\"google-site-verification\" content=\"UA-38556648-1\" \/>\n\t<meta name=\"msvalidate.01\" content=\"7dfe9f3f1b24437ab69f4f2559babe99\" \/>\n\t<meta name=\"keywords\" content=\"sociedad\" \/>\n\t<link rel=\"canonical\" href=\"https:\/\/www.eldigitaldeasturias.com\/noticias\/caritas-y-manos-unidas-colaboran-contra-el-escandalo-del-hambre-en-el-mundo\/\" \/>\n\t<meta name=\"generator\" content=\"All in One SEO Pro (AIOSEO) 5.0.1\" \/>\n\t\t<meta property=\"og:locale\" content=\"es_ES\" \/>\n\t\t<meta property=\"og:site_name\" content=\"El Digital de Asturias\" \/>\n\t\t<meta property=\"og:type\" content=\"article\" \/>\n\t\t<meta property=\"og:title\" content=\"C\u00e1ritas y Manos Unidas colaboran contra el \u00abesc\u00e1ndalo\u00bb del hambre en el mundo - El Digital de Asturias\" \/>\n\t\t<meta property=\"og:description\" content=\"Madrid, 10 dic (EFE).- C\u00e1ritas Espa\u00f1ola y Manos Unidas se han agrupado en la campa\u00f1a &quot;Una sola familia humana, alimentos para todos&quot; con el objetivo de acabar para 2025 con el &quot;esc\u00e1ndalo&quot; del hambre en el mundo, donde hay 842 millones de hambrientos y una persona de cada ocho no come todos los d\u00edas lo\" \/>\n\t\t<meta property=\"og:url\" content=\"https:\/\/www.eldigitaldeasturias.com\/noticias\/caritas-y-manos-unidas-colaboran-contra-el-escandalo-del-hambre-en-el-mundo\/\" \/>\n\t\t<meta property=\"article:tag\" content=\"sociedad\" \/>\n\t\t<meta property=\"article:published_time\" content=\"2013-12-10T23:19:32+00:00\" \/>\n\t\t<meta property=\"article:modified_time\" content=\"2013-12-10T23:19:32+00:00\" \/>\n\t\t<meta property=\"article:publisher\" content=\"https:\/\/facebook.com\/eldigitaldeasturias\" \/>\n\t\t<meta name=\"twitter:card\" content=\"summary_large_image\" \/>\n\t\t<meta name=\"twitter:title\" content=\"C\u00e1ritas y Manos Unidas colaboran contra el \u00abesc\u00e1ndalo\u00bb del hambre en el mundo - El Digital de Asturias\" \/>\n\t\t<meta name=\"twitter:description\" content=\"Madrid, 10 dic (EFE).- C\u00e1ritas Espa\u00f1ola y Manos Unidas se han agrupado en la campa\u00f1a &quot;Una sola familia humana, alimentos para todos&quot; con el objetivo de acabar para 2025 con el &quot;esc\u00e1ndalo&quot; del hambre en el mundo, donde hay 842 millones de hambrientos y una persona de cada ocho no come todos los d\u00edas lo\" \/>\n\t\t<meta name=\"twitter:label1\" content=\"Escrito por\" \/>\n\t\t<meta name=\"twitter:data1\" content=\"El Digital de Asturias\" \/>\n\t\t<meta name=\"twitter:label2\" content=\"Tiempo de lectura estimado\" \/>\n\t\t<meta name=\"twitter:data2\" content=\"3 minutos\" \/>\n\t\t<script type=\"application\/ld+json\" class=\"aioseo-schema\">\n\t\t\t{\"@context\":\"https:\\\/\\\/schema.org\",\"@graph\":[{\"@type\":\"BlogPosting\",\"@id\":\"https:\\\/\\\/www.eldigitaldeasturias.com\\\/noticias\\\/caritas-y-manos-unidas-colaboran-contra-el-escandalo-del-hambre-en-el-mundo\\\/#blogposting\",\"name\":\"C\\u00e1ritas y Manos Unidas colaboran contra el \\u00abesc\\u00e1ndalo\\u00bb del hambre en el mundo - El Digital de Asturias\",\"headline\":\"C\\u00e1ritas y Manos Unidas colaboran contra el \\u00abesc\\u00e1ndalo\\u00bb del hambre en el mundo\",\"author\":{\"@id\":\"https:\\\/\\\/www.eldigitaldeasturias.com\\\/noticias\\\/author\\\/admin\\\/#author\"},\"publisher\":{\"@id\":\"https:\\\/\\\/www.eldigitaldeasturias.com\\\/noticias\\\/#organization\"},\"image\":{\"@type\":\"ImageObject\",\"url\":460177},\"datePublished\":\"2013-12-10T22:19:32+01:00\",\"dateModified\":\"2013-12-10T22:19:32+01:00\",\"inLanguage\":\"es-ES\",\"mainEntityOfPage\":{\"@id\":\"https:\\\/\\\/www.eldigitaldeasturias.com\\\/noticias\\\/caritas-y-manos-unidas-colaboran-contra-el-escandalo-del-hambre-en-el-mundo\\\/#webpage\"},\"isPartOf\":{\"@id\":\"https:\\\/\\\/www.eldigitaldeasturias.com\\\/noticias\\\/caritas-y-manos-unidas-colaboran-contra-el-escandalo-del-hambre-en-el-mundo\\\/#webpage\"},\"articleSection\":\"Sociedad\"},{\"@type\":\"BreadcrumbList\",\"@id\":\"https:\\\/\\\/www.eldigitaldeasturias.com\\\/noticias\\\/caritas-y-manos-unidas-colaboran-contra-el-escandalo-del-hambre-en-el-mundo\\\/#breadcrumblist\",\"itemListElement\":[{\"@type\":\"ListItem\",\"@id\":\"https:\\\/\\\/www.eldigitaldeasturias.com\\\/noticias#listItem\",\"position\":1,\"name\":\"Home\",\"item\":\"https:\\\/\\\/www.eldigitaldeasturias.com\\\/noticias\",\"nextItem\":{\"@type\":\"ListItem\",\"@id\":\"https:\\\/\\\/www.eldigitaldeasturias.com\\\/noticias\\\/category\\\/sociedad\\\/#listItem\",\"name\":\"Sociedad\"}},{\"@type\":\"ListItem\",\"@id\":\"https:\\\/\\\/www.eldigitaldeasturias.com\\\/noticias\\\/category\\\/sociedad\\\/#listItem\",\"position\":2,\"name\":\"Sociedad\",\"item\":\"https:\\\/\\\/www.eldigitaldeasturias.com\\\/noticias\\\/category\\\/sociedad\\\/\",\"nextItem\":{\"@type\":\"ListItem\",\"@id\":\"https:\\\/\\\/www.eldigitaldeasturias.com\\\/noticias\\\/caritas-y-manos-unidas-colaboran-contra-el-escandalo-del-hambre-en-el-mundo\\\/#listItem\",\"name\":\"C\\u00e1ritas y Manos Unidas colaboran contra el \\u00abesc\\u00e1ndalo\\u00bb del hambre en el mundo\"},\"previousItem\":{\"@type\":\"ListItem\",\"@id\":\"https:\\\/\\\/www.eldigitaldeasturias.com\\\/noticias#listItem\",\"name\":\"Home\"}},{\"@type\":\"ListItem\",\"@id\":\"https:\\\/\\\/www.eldigitaldeasturias.com\\\/noticias\\\/caritas-y-manos-unidas-colaboran-contra-el-escandalo-del-hambre-en-el-mundo\\\/#listItem\",\"position\":3,\"name\":\"C\\u00e1ritas y Manos Unidas colaboran contra el \\u00abesc\\u00e1ndalo\\u00bb del hambre en el mundo\",\"previousItem\":{\"@type\":\"ListItem\",\"@id\":\"https:\\\/\\\/www.eldigitaldeasturias.com\\\/noticias\\\/category\\\/sociedad\\\/#listItem\",\"name\":\"Sociedad\"}}]},{\"@type\":\"Organization\",\"@id\":\"https:\\\/\\\/www.eldigitaldeasturias.com\\\/noticias\\\/#organization\",\"name\":\"El Digital de Asturias\",\"description\":\"Hemeroteca\",\"url\":\"https:\\\/\\\/www.eldigitaldeasturias.com\\\/noticias\\\/\",\"email\":\"info@eldigitaldeasturias.com\",\"telephone\":\"+34652131393\",\"logo\":{\"@type\":\"ImageObject\",\"url\":\"https:\\\/\\\/www.eldigitaldeasturias.com\\\/noticias\\\/wp-content\\\/uploads\\\/2020\\\/12\\\/EDA.jpg\",\"@id\":\"https:\\\/\\\/www.eldigitaldeasturias.com\\\/noticias\\\/caritas-y-manos-unidas-colaboran-contra-el-escandalo-del-hambre-en-el-mundo\\\/#organizationLogo\"},\"image\":{\"@id\":\"https:\\\/\\\/www.eldigitaldeasturias.com\\\/noticias\\\/caritas-y-manos-unidas-colaboran-contra-el-escandalo-del-hambre-en-el-mundo\\\/#organizationLogo\"},\"sameAs\":[\"https:\\\/\\\/facebook.com\\\/eldigitaldeasturias\",\"https:\\\/\\\/www.youtube.com\\\/channel\\\/UCZP-2wLEB9Rv6erhFmqVnvg\"],\"address\":{\"@id\":\"https:\\\/\\\/www.eldigitaldeasturias.com\\\/noticias\\\/#postaladdress\",\"@type\":\"PostalAddress\",\"streetAddress\":\"san antonio 4\",\"postalCode\":\"33430\",\"addressLocality\":\"Cand\\u00e1s\",\"addressRegion\":\"Asturias\",\"addressCountry\":\"ES\"}},{\"@type\":\"Person\",\"@id\":\"https:\\\/\\\/www.eldigitaldeasturias.com\\\/noticias\\\/author\\\/admin\\\/#author\",\"url\":\"https:\\\/\\\/www.eldigitaldeasturias.com\\\/noticias\\\/author\\\/admin\\\/\",\"name\":\"El Digital de Asturias\",\"image\":{\"@type\":\"ImageObject\",\"@id\":\"https:\\\/\\\/www.eldigitaldeasturias.com\\\/noticias\\\/caritas-y-manos-unidas-colaboran-contra-el-escandalo-del-hambre-en-el-mundo\\\/#authorImage\",\"url\":\"https:\\\/\\\/secure.gravatar.com\\\/avatar\\\/df2aeffc32bcd13f8d26072ef8a91b623d677766deac7f97ca815868cd41bf5e?s=96&d=mm&r=g\",\"width\":96,\"height\":96,\"caption\":\"El Digital de Asturias\"}},{\"@type\":\"WebPage\",\"@id\":\"https:\\\/\\\/www.eldigitaldeasturias.com\\\/noticias\\\/caritas-y-manos-unidas-colaboran-contra-el-escandalo-del-hambre-en-el-mundo\\\/#webpage\",\"url\":\"https:\\\/\\\/www.eldigitaldeasturias.com\\\/noticias\\\/caritas-y-manos-unidas-colaboran-contra-el-escandalo-del-hambre-en-el-mundo\\\/\",\"name\":\"C\\u00e1ritas y Manos Unidas colaboran contra el \\u00abesc\\u00e1ndalo\\u00bb del hambre en el mundo - El Digital de Asturias\",\"description\":\"Madrid, 10 dic (EFE).- C\\u00e1ritas Espa\\u00f1ola y Manos Unidas se han agrupado en la campa\\u00f1a \\\"Una sola familia humana, alimentos para todos\\\" con el objetivo de acabar para 2025 con el \\\"esc\\u00e1ndalo\\\" del hambre en el mundo, donde hay 842 millones de hambrientos y una persona de cada ocho no come todos los d\\u00edas lo\",\"inLanguage\":\"es-ES\",\"isPartOf\":{\"@id\":\"https:\\\/\\\/www.eldigitaldeasturias.com\\\/noticias\\\/#website\"},\"breadcrumb\":{\"@id\":\"https:\\\/\\\/www.eldigitaldeasturias.com\\\/noticias\\\/caritas-y-manos-unidas-colaboran-contra-el-escandalo-del-hambre-en-el-mundo\\\/#breadcrumblist\"},\"author\":{\"@id\":\"https:\\\/\\\/www.eldigitaldeasturias.com\\\/noticias\\\/author\\\/admin\\\/#author\"},\"creator\":{\"@id\":\"https:\\\/\\\/www.eldigitaldeasturias.com\\\/noticias\\\/author\\\/admin\\\/#author\"},\"image\":{\"@type\":\"ImageObject\",\"url\":460177,\"@id\":\"https:\\\/\\\/www.eldigitaldeasturias.com\\\/noticias\\\/caritas-y-manos-unidas-colaboran-contra-el-escandalo-del-hambre-en-el-mundo\\\/#mainImage\"},\"primaryImageOfPage\":{\"@id\":\"https:\\\/\\\/www.eldigitaldeasturias.com\\\/noticias\\\/caritas-y-manos-unidas-colaboran-contra-el-escandalo-del-hambre-en-el-mundo\\\/#mainImage\"},\"datePublished\":\"2013-12-10T22:19:32+01:00\",\"dateModified\":\"2013-12-10T22:19:32+01:00\"},{\"@type\":\"WebSite\",\"@id\":\"https:\\\/\\\/www.eldigitaldeasturias.com\\\/noticias\\\/#website\",\"url\":\"https:\\\/\\\/www.eldigitaldeasturias.com\\\/noticias\\\/\",\"name\":\"El Digital de Asturias - Diario de actualidad y noticias\",\"alternateName\":\"El Digital de Asturias - Diario de actualidad y noticias\",\"description\":\"Hemeroteca\",\"inLanguage\":\"es-ES\",\"publisher\":{\"@id\":\"https:\\\/\\\/www.eldigitaldeasturias.com\\\/noticias\\\/#organization\"}}]}\n\t\t<\/script>\n\t\t<!-- All in One SEO Pro -->\r\n\t\t<title>C\u00e1ritas y Manos Unidas colaboran contra el \u00abesc\u00e1ndalo\u00bb del hambre en el mundo - El Digital de Asturias<\/title>\n\n","aioseo_head_json":{"title":"C\u00e1ritas y Manos Unidas colaboran contra el \u00abesc\u00e1ndalo\u00bb del hambre en el mundo - El Digital de Asturias","description":"Madrid, 10 dic (EFE).- C\u00e1ritas Espa\u00f1ola y Manos Unidas se han agrupado en la campa\u00f1a \"Una sola familia humana, alimentos para todos\" con el objetivo de acabar para 2025 con el \"esc\u00e1ndalo\" del hambre en el mundo, donde hay 842 millones de hambrientos y una persona de cada ocho no come todos los d\u00edas lo","canonical_url":"https:\/\/www.eldigitaldeasturias.com\/noticias\/caritas-y-manos-unidas-colaboran-contra-el-escandalo-del-hambre-en-el-mundo\/","robots":"max-image-preview:large","keywords":"sociedad","webmasterTools":{"google-site-verification":"UA-38556648-1","msvalidate.01":"7dfe9f3f1b24437ab69f4f2559babe99","miscellaneous":""},"schema":{"@context":"https:\/\/schema.org","@graph":[{"@type":"BlogPosting","@id":"https:\/\/www.eldigitaldeasturias.com\/noticias\/caritas-y-manos-unidas-colaboran-contra-el-escandalo-del-hambre-en-el-mundo\/#blogposting","name":"C\u00e1ritas y Manos Unidas colaboran contra el \u00abesc\u00e1ndalo\u00bb del hambre en el mundo - El Digital de Asturias","headline":"C\u00e1ritas y Manos Unidas colaboran contra el \u00abesc\u00e1ndalo\u00bb del hambre en el mundo","author":{"@id":"https:\/\/www.eldigitaldeasturias.com\/noticias\/author\/admin\/#author"},"publisher":{"@id":"https:\/\/www.eldigitaldeasturias.com\/noticias\/#organization"},"image":{"@type":"ImageObject","url":460177},"datePublished":"2013-12-10T22:19:32+01:00","dateModified":"2013-12-10T22:19:32+01:00","inLanguage":"es-ES","mainEntityOfPage":{"@id":"https:\/\/www.eldigitaldeasturias.com\/noticias\/caritas-y-manos-unidas-colaboran-contra-el-escandalo-del-hambre-en-el-mundo\/#webpage"},"isPartOf":{"@id":"https:\/\/www.eldigitaldeasturias.com\/noticias\/caritas-y-manos-unidas-colaboran-contra-el-escandalo-del-hambre-en-el-mundo\/#webpage"},"articleSection":"Sociedad"},{"@type":"BreadcrumbList","@id":"https:\/\/www.eldigitaldeasturias.com\/noticias\/caritas-y-manos-unidas-colaboran-contra-el-escandalo-del-hambre-en-el-mundo\/#breadcrumblist","itemListElement":[{"@type":"ListItem","@id":"https:\/\/www.eldigitaldeasturias.com\/noticias#listItem","position":1,"name":"Home","item":"https:\/\/www.eldigitaldeasturias.com\/noticias","nextItem":{"@type":"ListItem","@id":"https:\/\/www.eldigitaldeasturias.com\/noticias\/category\/sociedad\/#listItem","name":"Sociedad"}},{"@type":"ListItem","@id":"https:\/\/www.eldigitaldeasturias.com\/noticias\/category\/sociedad\/#listItem","position":2,"name":"Sociedad","item":"https:\/\/www.eldigitaldeasturias.com\/noticias\/category\/sociedad\/","nextItem":{"@type":"ListItem","@id":"https:\/\/www.eldigitaldeasturias.com\/noticias\/caritas-y-manos-unidas-colaboran-contra-el-escandalo-del-hambre-en-el-mundo\/#listItem","name":"C\u00e1ritas y Manos Unidas colaboran contra el \u00abesc\u00e1ndalo\u00bb del hambre en el mundo"},"previousItem":{"@type":"ListItem","@id":"https:\/\/www.eldigitaldeasturias.com\/noticias#listItem","name":"Home"}},{"@type":"ListItem","@id":"https:\/\/www.eldigitaldeasturias.com\/noticias\/caritas-y-manos-unidas-colaboran-contra-el-escandalo-del-hambre-en-el-mundo\/#listItem","position":3,"name":"C\u00e1ritas y Manos Unidas colaboran contra el \u00abesc\u00e1ndalo\u00bb del hambre en el mundo","previousItem":{"@type":"ListItem","@id":"https:\/\/www.eldigitaldeasturias.com\/noticias\/category\/sociedad\/#listItem","name":"Sociedad"}}]},{"@type":"Organization","@id":"https:\/\/www.eldigitaldeasturias.com\/noticias\/#organization","name":"El Digital de Asturias","description":"Hemeroteca","url":"https:\/\/www.eldigitaldeasturias.com\/noticias\/","email":"info@eldigitaldeasturias.com","telephone":"+34652131393","logo":{"@type":"ImageObject","url":"https:\/\/www.eldigitaldeasturias.com\/noticias\/wp-content\/uploads\/2020\/12\/EDA.jpg","@id":"https:\/\/www.eldigitaldeasturias.com\/noticias\/caritas-y-manos-unidas-colaboran-contra-el-escandalo-del-hambre-en-el-mundo\/#organizationLogo"},"image":{"@id":"https:\/\/www.eldigitaldeasturias.com\/noticias\/caritas-y-manos-unidas-colaboran-contra-el-escandalo-del-hambre-en-el-mundo\/#organizationLogo"},"sameAs":["https:\/\/facebook.com\/eldigitaldeasturias","https:\/\/www.youtube.com\/channel\/UCZP-2wLEB9Rv6erhFmqVnvg"],"address":{"@id":"https:\/\/www.eldigitaldeasturias.com\/noticias\/#postaladdress","@type":"PostalAddress","streetAddress":"san antonio 4","postalCode":"33430","addressLocality":"Cand\u00e1s","addressRegion":"Asturias","addressCountry":"ES"}},{"@type":"Person","@id":"https:\/\/www.eldigitaldeasturias.com\/noticias\/author\/admin\/#author","url":"https:\/\/www.eldigitaldeasturias.com\/noticias\/author\/admin\/","name":"El Digital de Asturias","image":{"@type":"ImageObject","@id":"https:\/\/www.eldigitaldeasturias.com\/noticias\/caritas-y-manos-unidas-colaboran-contra-el-escandalo-del-hambre-en-el-mundo\/#authorImage","url":"https:\/\/secure.gravatar.com\/avatar\/df2aeffc32bcd13f8d26072ef8a91b623d677766deac7f97ca815868cd41bf5e?s=96&d=mm&r=g","width":96,"height":96,"caption":"El Digital de Asturias"}},{"@type":"WebPage","@id":"https:\/\/www.eldigitaldeasturias.com\/noticias\/caritas-y-manos-unidas-colaboran-contra-el-escandalo-del-hambre-en-el-mundo\/#webpage","url":"https:\/\/www.eldigitaldeasturias.com\/noticias\/caritas-y-manos-unidas-colaboran-contra-el-escandalo-del-hambre-en-el-mundo\/","name":"C\u00e1ritas y Manos Unidas colaboran contra el \u00abesc\u00e1ndalo\u00bb del hambre en el mundo - El Digital de Asturias","description":"Madrid, 10 dic (EFE).- C\u00e1ritas Espa\u00f1ola y Manos Unidas se han agrupado en la campa\u00f1a \"Una sola familia humana, alimentos para todos\" con el objetivo de acabar para 2025 con el \"esc\u00e1ndalo\" del hambre en el mundo, donde hay 842 millones de hambrientos y una persona de cada ocho no come todos los d\u00edas lo","inLanguage":"es-ES","isPartOf":{"@id":"https:\/\/www.eldigitaldeasturias.com\/noticias\/#website"},"breadcrumb":{"@id":"https:\/\/www.eldigitaldeasturias.com\/noticias\/caritas-y-manos-unidas-colaboran-contra-el-escandalo-del-hambre-en-el-mundo\/#breadcrumblist"},"author":{"@id":"https:\/\/www.eldigitaldeasturias.com\/noticias\/author\/admin\/#author"},"creator":{"@id":"https:\/\/www.eldigitaldeasturias.com\/noticias\/author\/admin\/#author"},"image":{"@type":"ImageObject","url":460177,"@id":"https:\/\/www.eldigitaldeasturias.com\/noticias\/caritas-y-manos-unidas-colaboran-contra-el-escandalo-del-hambre-en-el-mundo\/#mainImage"},"primaryImageOfPage":{"@id":"https:\/\/www.eldigitaldeasturias.com\/noticias\/caritas-y-manos-unidas-colaboran-contra-el-escandalo-del-hambre-en-el-mundo\/#mainImage"},"datePublished":"2013-12-10T22:19:32+01:00","dateModified":"2013-12-10T22:19:32+01:00"},{"@type":"WebSite","@id":"https:\/\/www.eldigitaldeasturias.com\/noticias\/#website","url":"https:\/\/www.eldigitaldeasturias.com\/noticias\/","name":"El Digital de Asturias - Diario de actualidad y noticias","alternateName":"El Digital de Asturias - Diario de actualidad y noticias","description":"Hemeroteca","inLanguage":"es-ES","publisher":{"@id":"https:\/\/www.eldigitaldeasturias.com\/noticias\/#organization"}}]},"og:locale":"es_ES","og:site_name":"El Digital de Asturias","og:type":"article","og:title":"C\u00e1ritas y Manos Unidas colaboran contra el \u00abesc\u00e1ndalo\u00bb del hambre en el mundo - El Digital de Asturias","og:description":"Madrid, 10 dic (EFE).- C\u00e1ritas Espa\u00f1ola y Manos Unidas se han agrupado en la campa\u00f1a &quot;Una sola familia humana, alimentos para todos&quot; con el objetivo de acabar para 2025 con el &quot;esc\u00e1ndalo&quot; del hambre en el mundo, donde hay 842 millones de hambrientos y una persona de cada ocho no come todos los d\u00edas lo","og:url":"https:\/\/www.eldigitaldeasturias.com\/noticias\/caritas-y-manos-unidas-colaboran-contra-el-escandalo-del-hambre-en-el-mundo\/","article:tag":["sociedad"],"article:published_time":"2013-12-10T23:19:32+00:00","article:modified_time":"2013-12-10T23:19:32+00:00","article:publisher":"https:\/\/facebook.com\/eldigitaldeasturias","twitter:card":"summary_large_image","twitter:title":"C\u00e1ritas y Manos Unidas colaboran contra el \u00abesc\u00e1ndalo\u00bb del hambre en el mundo - El Digital de Asturias","twitter:description":"Madrid, 10 dic (EFE).- C\u00e1ritas Espa\u00f1ola y Manos Unidas se han agrupado en la campa\u00f1a &quot;Una sola familia humana, alimentos para todos&quot; con el objetivo de acabar para 2025 con el &quot;esc\u00e1ndalo&quot; del hambre en el mundo, donde hay 842 millones de hambrientos y una persona de cada ocho no come todos los d\u00edas lo","twitter:label1":"Escrito por","twitter:data1":"El Digital de Asturias","twitter:label2":"Tiempo de lectura estimado","twitter:data2":"3 minutos"},"aioseo_meta_data":{"post_id":"460176","title":null,"description":null,"keywords":null,"keyphrases":null,"primary_term":null,"canonical_url":null,"og_title":null,"og_description":null,"og_object_type":"default","og_image_type":"default","og_image_url":null,"og_image_width":null,"og_image_height":null,"og_image_custom_url":null,"og_image_custom_fields":null,"og_video":null,"og_custom_url":null,"og_article_section":null,"og_article_tags":null,"twitter_use_og":true,"twitter_card":"default","twitter_image_type":"default","twitter_image_url":null,"twitter_image_custom_url":null,"twitter_image_custom_fields":null,"twitter_title":null,"twitter_description":null,"schema":{"blockGraphs":[],"customGraphs":[],"default":{"data":{"Article":[],"Course":[],"Dataset":[],"FAQPage":[],"Movie":[],"Person":[],"Product":[],"ProductReview":[],"Car":[],"Recipe":[],"Service":[],"SoftwareApplication":[],"WebPage":[]},"graphName":"","isEnabled":true},"graphs":[],"defaultGraph":"","defaultPostTypeGraph":""},"schema_type":null,"schema_type_options":null,"pillar_content":false,"robots_default":true,"robots_noindex":false,"robots_noarchive":false,"robots_nosnippet":false,"robots_nofollow":false,"robots_noimageindex":false,"robots_noodp":false,"robots_notranslate":false,"robots_max_snippet":null,"robots_max_videopreview":null,"robots_max_imagepreview":"none","priority":null,"frequency":null,"local_seo":null,"seo_analyzer_scan_date":"2026-05-30 12:09:33","breadcrumb_settings":null,"limit_modified_date":false,"open_ai":null,"ai":null,"created":"2020-11-14 22:47:43","updated":"2026-05-30 12:09:33","focus_keyword":null,"additional_keywords":null,"truseo_locale":null},"aioseo_breadcrumb":"<div class=\"aioseo-breadcrumbs\"><span class=\"aioseo-breadcrumb\">\n\t<a href=\"https:\/\/www.eldigitaldeasturias.com\/noticias\" title=\"Home\">Home<\/a>\n<\/span><span class=\"aioseo-breadcrumb-separator\">\u2013<\/span><span class=\"aioseo-breadcrumb\">\n\t<a href=\"https:\/\/www.eldigitaldeasturias.com\/noticias\/category\/sociedad\/\" title=\"Sociedad\">Sociedad<\/a>\n<\/span><span class=\"aioseo-breadcrumb-separator\">\u2013<\/span><span class=\"aioseo-breadcrumb\">\n\t<a href=\"https:\/\/www.eldigitaldeasturias.com\/noticias\/caritas-y-manos-unidas-colaboran-contra-el-escandalo-del-hambre-en-el-mundo\/\" title=\"C\u00e1ritas y Manos Unidas colaboran contra el \u00abesc\u00e1ndalo\u00bb del hambre en el mundo\">C\u00e1ritas y Manos Unidas colaboran contra el \u00abesc\u00e1ndalo\u00bb del hambre en el mundo<\/a>\n<\/span><\/div>","aioseo_breadcrumb_json":[{"label":"Home","link":"https:\/\/www.eldigitaldeasturias.com\/noticias"},{"label":"Sociedad","link":"https:\/\/www.eldigitaldeasturias.com\/noticias\/category\/sociedad\/"},{"label":"C\u00e1ritas y Manos Unidas colaboran contra el \u00abesc\u00e1ndalo\u00bb del hambre en el mundo","link":"https:\/\/www.eldigitaldeasturias.com\/noticias\/caritas-y-manos-unidas-colaboran-contra-el-escandalo-del-hambre-en-el-mundo\/"}],"_links":{"self":[{"href":"https:\/\/www.eldigitaldeasturias.com\/noticias\/wp-json\/wp\/v2\/posts\/460176","targetHints":{"allow":["GET"]}}],"collection":[{"href":"https:\/\/www.eldigitaldeasturias.com\/noticias\/wp-json\/wp\/v2\/posts"}],"about":[{"href":"https:\/\/www.eldigitaldeasturias.com\/noticias\/wp-json\/wp\/v2\/types\/post"}],"author":[{"embeddable":true,"href":"https:\/\/www.eldigitaldeasturias.com\/noticias\/wp-json\/wp\/v2\/users\/1"}],"replies":[{"embeddable":true,"href":"https:\/\/www.eldigitaldeasturias.com\/noticias\/wp-json\/wp\/v2\/comments?post=460176"}],"version-history":[{"count":0,"href":"https:\/\/www.eldigitaldeasturias.com\/noticias\/wp-json\/wp\/v2\/posts\/460176\/revisions"}],"wp:attachment":[{"href":"https:\/\/www.eldigitaldeasturias.com\/noticias\/wp-json\/wp\/v2\/media?parent=460176"}],"wp:term":[{"taxonomy":"category","embeddable":true,"href":"https:\/\/www.eldigitaldeasturias.com\/noticias\/wp-json\/wp\/v2\/categories?post=460176"},{"taxonomy":"post_tag","embeddable":true,"href":"https:\/\/www.eldigitaldeasturias.com\/noticias\/wp-json\/wp\/v2\/tags?post=460176"}],"curies":[{"name":"wp","href":"https:\/\/api.w.org\/{rel}","templated":true}]}}