{"id":460164,"date":"2013-12-10T22:12:04","date_gmt":"2013-12-10T23:12:04","guid":{"rendered":"http:\/\/www.eldigitaldeasturias.com\/noticias\/?p=460164"},"modified":"2013-12-10T22:12:04","modified_gmt":"2013-12-10T23:12:04","slug":"vacaciones-en-el-mar-para-la-nueva-comedia-de-telecinco","status":"publish","type":"post","link":"https:\/\/www.eldigitaldeasturias.com\/noticias\/vacaciones-en-el-mar-para-la-nueva-comedia-de-telecinco\/","title":{"rendered":"Vacaciones en el mar para la nueva comedia de Telecinco"},"content":{"rendered":"<p><img loading=\"lazy\" decoding=\"async\" class=\"alignleft size-medium wp-image-460165\" alt=\"5783438w\" src=\"https:\/\/www.eldigitaldeasturias.com\/noticias\/wp-content\/uploads\/2013\/12\/5783438w-360x239.jpg\" width=\"360\" height=\"239\" \/>Madrid, 10 dic (EFE).- Un crucero ser\u00e1 el escenario de la nueva comedia familiar de Telecinco, en la que las tramas girar\u00e1n en torno a la vida de los integrantes de la tripulaci\u00f3n del buque y su relaci\u00f3n con los turistas que embarcan en cada itinerario, ha informado hoy la cadena.<\/p>\n<p>Junto al anuncio del final de \u00abA\u00edda\u00bb para 2014, Telecinco inform\u00f3 recientemente de que trabajaba junto a la productora de esta ficci\u00f3n, Globomedia, en una nueva comedia, que se ha concretado en esta \u00abserie profesional bajo el prisma de una gran comedia para todos los p\u00fablicos\u00bb, ha explicado Toni Sevilla, director de Ficci\u00f3n de Mediaset Espa\u00f1a.<\/p>\n<p>No obstante, su tratamiento ser\u00e1 el de \u00abuna serie familiar, puesto que los tripulantes del barco conforman una gran familia\u00bb, ha a\u00f1adido Sevilla.<\/p>\n<p>Por su parte, Daniel \u00c9cija, presidente de Globomedia ha afirmado, seg\u00fan las declaraciones que ofrece Mediaset Espa\u00f1a que la nueva serie, que a\u00fan no tiene t\u00edtulo ni reparto definido, permitir\u00e1 a la productora \u00abconstruir unos personajes con perfiles muy diferenciados\u00bb.<\/p>\n<p>La nueva serie se desarrollar\u00e1 tanto en la parte m\u00e1s tur\u00edstica del barco -cubiertas, piscinas, restaurantes y estancias de recreo- como en las dependencias privadas exclusivamente dedicadas a la tripulaci\u00f3n.<\/p>\n<p>\u00abLa vocaci\u00f3n de esta serie es moverse en un universo fresco y nuevo, un crucero, desde la comedia. Creemos que es un contexto poco habitual que nos va a permitir construir unos personajes con perfiles muy diferenciados, con el elemento com\u00fan de formar parte de la tripulaci\u00f3n del barco\u00bb, ha a\u00f1adido \u00c9cija.<\/p>\n<p>Sevilla ha concluido que la nueva comedia de Telecinco permitir\u00e1 a la cadena \u00abcontar con un gran elenco estable e introducir en los distintos episodios a grandes actores interpretando un amplio abanico de personajes\u00bb.<\/p>\n","protected":false},"excerpt":{"rendered":"<p>Madrid, 10 dic (EFE).- Un crucero ser\u00e1 el escenario de la nueva comedia familiar de Telecinco, en la que las tramas girar\u00e1n en torno a la vida de los integrantes de la tripulaci\u00f3n del buque y su relaci\u00f3n con los turistas que embarcan en cada itinerario, ha informado hoy la cadena. Junto al anuncio del [&hellip;]<\/p>\n","protected":false},"author":1,"featured_media":460165,"comment_status":"closed","ping_status":"open","sticky":false,"template":"","format":"standard","meta":{"footnotes":""},"categories":[50],"tags":[],"class_list":["post-460164","post","type-post","status-publish","format-standard","has-post-thumbnail","hentry","category-revista-de-ocio"],"aioseo_notices":[],"aioseo_head":"\n\t\t<!-- All in One SEO Pro 5.0.1 - aioseo.com -->\n\t<meta name=\"description\" content=\"Madrid, 10 dic (EFE).- Un crucero ser\u00e1 el escenario de la nueva comedia familiar de Telecinco, en la que las tramas girar\u00e1n en torno a la vida de los integrantes de la tripulaci\u00f3n del buque y su relaci\u00f3n con los turistas que embarcan en cada itinerario, ha informado hoy la cadena. Junto al anuncio del\" \/>\n\t<meta name=\"robots\" content=\"max-image-preview:large\" \/>\n\t<meta name=\"author\" content=\"El Digital de Asturias\"\/>\n\t<meta name=\"google-site-verification\" content=\"UA-38556648-1\" \/>\n\t<meta name=\"msvalidate.01\" content=\"7dfe9f3f1b24437ab69f4f2559babe99\" \/>\n\t<meta name=\"keywords\" content=\"revista de ocio\" \/>\n\t<link rel=\"canonical\" href=\"https:\/\/www.eldigitaldeasturias.com\/noticias\/vacaciones-en-el-mar-para-la-nueva-comedia-de-telecinco\/\" \/>\n\t<meta name=\"generator\" content=\"All in One SEO Pro (AIOSEO) 5.0.1\" \/>\n\t\t<meta property=\"og:locale\" content=\"es_ES\" \/>\n\t\t<meta property=\"og:site_name\" content=\"El Digital de Asturias\" \/>\n\t\t<meta property=\"og:type\" content=\"article\" \/>\n\t\t<meta property=\"og:title\" content=\"Vacaciones en el mar para la nueva comedia de Telecinco - El Digital de Asturias\" \/>\n\t\t<meta property=\"og:description\" content=\"Madrid, 10 dic (EFE).- Un crucero ser\u00e1 el escenario de la nueva comedia familiar de Telecinco, en la que las tramas girar\u00e1n en torno a la vida de los integrantes de la tripulaci\u00f3n del buque y su relaci\u00f3n con los turistas que embarcan en cada itinerario, ha informado hoy la cadena. Junto al anuncio del\" \/>\n\t\t<meta property=\"og:url\" content=\"https:\/\/www.eldigitaldeasturias.com\/noticias\/vacaciones-en-el-mar-para-la-nueva-comedia-de-telecinco\/\" \/>\n\t\t<meta property=\"article:tag\" content=\"revista de ocio\" \/>\n\t\t<meta property=\"article:published_time\" content=\"2013-12-10T23:12:04+00:00\" \/>\n\t\t<meta property=\"article:modified_time\" content=\"2013-12-10T23:12:04+00:00\" \/>\n\t\t<meta property=\"article:publisher\" content=\"https:\/\/facebook.com\/eldigitaldeasturias\" \/>\n\t\t<meta name=\"twitter:card\" content=\"summary_large_image\" \/>\n\t\t<meta name=\"twitter:title\" content=\"Vacaciones en el mar para la nueva comedia de Telecinco - El Digital de Asturias\" \/>\n\t\t<meta name=\"twitter:description\" content=\"Madrid, 10 dic (EFE).- Un crucero ser\u00e1 el escenario de la nueva comedia familiar de Telecinco, en la que las tramas girar\u00e1n en torno a la vida de los integrantes de la tripulaci\u00f3n del buque y su relaci\u00f3n con los turistas que embarcan en cada itinerario, ha informado hoy la cadena. Junto al anuncio del\" \/>\n\t\t<meta name=\"twitter:label1\" content=\"Escrito por\" \/>\n\t\t<meta name=\"twitter:data1\" content=\"El Digital de Asturias\" \/>\n\t\t<meta name=\"twitter:label2\" content=\"Tiempo de lectura estimado\" \/>\n\t\t<meta name=\"twitter:data2\" content=\"2 minutos\" \/>\n\t\t<script type=\"application\/ld+json\" class=\"aioseo-schema\">\n\t\t\t{\"@context\":\"https:\\\/\\\/schema.org\",\"@graph\":[{\"@type\":\"BlogPosting\",\"@id\":\"https:\\\/\\\/www.eldigitaldeasturias.com\\\/noticias\\\/vacaciones-en-el-mar-para-la-nueva-comedia-de-telecinco\\\/#blogposting\",\"name\":\"Vacaciones en el mar para la nueva comedia de Telecinco - El Digital de Asturias\",\"headline\":\"Vacaciones en el mar para la nueva comedia de Telecinco\",\"author\":{\"@id\":\"https:\\\/\\\/www.eldigitaldeasturias.com\\\/noticias\\\/author\\\/admin\\\/#author\"},\"publisher\":{\"@id\":\"https:\\\/\\\/www.eldigitaldeasturias.com\\\/noticias\\\/#organization\"},\"image\":{\"@type\":\"ImageObject\",\"url\":460165},\"datePublished\":\"2013-12-10T22:12:04+01:00\",\"dateModified\":\"2013-12-10T22:12:04+01:00\",\"inLanguage\":\"es-ES\",\"mainEntityOfPage\":{\"@id\":\"https:\\\/\\\/www.eldigitaldeasturias.com\\\/noticias\\\/vacaciones-en-el-mar-para-la-nueva-comedia-de-telecinco\\\/#webpage\"},\"isPartOf\":{\"@id\":\"https:\\\/\\\/www.eldigitaldeasturias.com\\\/noticias\\\/vacaciones-en-el-mar-para-la-nueva-comedia-de-telecinco\\\/#webpage\"},\"articleSection\":\"Revista de Ocio\"},{\"@type\":\"BreadcrumbList\",\"@id\":\"https:\\\/\\\/www.eldigitaldeasturias.com\\\/noticias\\\/vacaciones-en-el-mar-para-la-nueva-comedia-de-telecinco\\\/#breadcrumblist\",\"itemListElement\":[{\"@type\":\"ListItem\",\"@id\":\"https:\\\/\\\/www.eldigitaldeasturias.com\\\/noticias#listItem\",\"position\":1,\"name\":\"Home\",\"item\":\"https:\\\/\\\/www.eldigitaldeasturias.com\\\/noticias\",\"nextItem\":{\"@type\":\"ListItem\",\"@id\":\"https:\\\/\\\/www.eldigitaldeasturias.com\\\/noticias\\\/category\\\/revista-de-ocio\\\/#listItem\",\"name\":\"Revista de Ocio\"}},{\"@type\":\"ListItem\",\"@id\":\"https:\\\/\\\/www.eldigitaldeasturias.com\\\/noticias\\\/category\\\/revista-de-ocio\\\/#listItem\",\"position\":2,\"name\":\"Revista de Ocio\",\"item\":\"https:\\\/\\\/www.eldigitaldeasturias.com\\\/noticias\\\/category\\\/revista-de-ocio\\\/\",\"nextItem\":{\"@type\":\"ListItem\",\"@id\":\"https:\\\/\\\/www.eldigitaldeasturias.com\\\/noticias\\\/vacaciones-en-el-mar-para-la-nueva-comedia-de-telecinco\\\/#listItem\",\"name\":\"Vacaciones en el mar para la nueva comedia de Telecinco\"},\"previousItem\":{\"@type\":\"ListItem\",\"@id\":\"https:\\\/\\\/www.eldigitaldeasturias.com\\\/noticias#listItem\",\"name\":\"Home\"}},{\"@type\":\"ListItem\",\"@id\":\"https:\\\/\\\/www.eldigitaldeasturias.com\\\/noticias\\\/vacaciones-en-el-mar-para-la-nueva-comedia-de-telecinco\\\/#listItem\",\"position\":3,\"name\":\"Vacaciones en el mar para la nueva comedia de Telecinco\",\"previousItem\":{\"@type\":\"ListItem\",\"@id\":\"https:\\\/\\\/www.eldigitaldeasturias.com\\\/noticias\\\/category\\\/revista-de-ocio\\\/#listItem\",\"name\":\"Revista de Ocio\"}}]},{\"@type\":\"Organization\",\"@id\":\"https:\\\/\\\/www.eldigitaldeasturias.com\\\/noticias\\\/#organization\",\"name\":\"El Digital de Asturias\",\"description\":\"Hemeroteca\",\"url\":\"https:\\\/\\\/www.eldigitaldeasturias.com\\\/noticias\\\/\",\"email\":\"info@eldigitaldeasturias.com\",\"telephone\":\"+34652131393\",\"logo\":{\"@type\":\"ImageObject\",\"url\":\"https:\\\/\\\/www.eldigitaldeasturias.com\\\/noticias\\\/wp-content\\\/uploads\\\/2020\\\/12\\\/EDA.jpg\",\"@id\":\"https:\\\/\\\/www.eldigitaldeasturias.com\\\/noticias\\\/vacaciones-en-el-mar-para-la-nueva-comedia-de-telecinco\\\/#organizationLogo\"},\"image\":{\"@id\":\"https:\\\/\\\/www.eldigitaldeasturias.com\\\/noticias\\\/vacaciones-en-el-mar-para-la-nueva-comedia-de-telecinco\\\/#organizationLogo\"},\"sameAs\":[\"https:\\\/\\\/facebook.com\\\/eldigitaldeasturias\",\"https:\\\/\\\/www.youtube.com\\\/channel\\\/UCZP-2wLEB9Rv6erhFmqVnvg\"],\"address\":{\"@id\":\"https:\\\/\\\/www.eldigitaldeasturias.com\\\/noticias\\\/#postaladdress\",\"@type\":\"PostalAddress\",\"streetAddress\":\"san antonio 4\",\"postalCode\":\"33430\",\"addressLocality\":\"Cand\\u00e1s\",\"addressRegion\":\"Asturias\",\"addressCountry\":\"ES\"}},{\"@type\":\"Person\",\"@id\":\"https:\\\/\\\/www.eldigitaldeasturias.com\\\/noticias\\\/author\\\/admin\\\/#author\",\"url\":\"https:\\\/\\\/www.eldigitaldeasturias.com\\\/noticias\\\/author\\\/admin\\\/\",\"name\":\"El Digital de Asturias\",\"image\":{\"@type\":\"ImageObject\",\"@id\":\"https:\\\/\\\/www.eldigitaldeasturias.com\\\/noticias\\\/vacaciones-en-el-mar-para-la-nueva-comedia-de-telecinco\\\/#authorImage\",\"url\":\"https:\\\/\\\/secure.gravatar.com\\\/avatar\\\/df2aeffc32bcd13f8d26072ef8a91b623d677766deac7f97ca815868cd41bf5e?s=96&d=mm&r=g\",\"width\":96,\"height\":96,\"caption\":\"El Digital de Asturias\"}},{\"@type\":\"WebPage\",\"@id\":\"https:\\\/\\\/www.eldigitaldeasturias.com\\\/noticias\\\/vacaciones-en-el-mar-para-la-nueva-comedia-de-telecinco\\\/#webpage\",\"url\":\"https:\\\/\\\/www.eldigitaldeasturias.com\\\/noticias\\\/vacaciones-en-el-mar-para-la-nueva-comedia-de-telecinco\\\/\",\"name\":\"Vacaciones en el mar para la nueva comedia de Telecinco - El Digital de Asturias\",\"description\":\"Madrid, 10 dic (EFE).- Un crucero ser\\u00e1 el escenario de la nueva comedia familiar de Telecinco, en la que las tramas girar\\u00e1n en torno a la vida de los integrantes de la tripulaci\\u00f3n del buque y su relaci\\u00f3n con los turistas que embarcan en cada itinerario, ha informado hoy la cadena. Junto al anuncio del\",\"inLanguage\":\"es-ES\",\"isPartOf\":{\"@id\":\"https:\\\/\\\/www.eldigitaldeasturias.com\\\/noticias\\\/#website\"},\"breadcrumb\":{\"@id\":\"https:\\\/\\\/www.eldigitaldeasturias.com\\\/noticias\\\/vacaciones-en-el-mar-para-la-nueva-comedia-de-telecinco\\\/#breadcrumblist\"},\"author\":{\"@id\":\"https:\\\/\\\/www.eldigitaldeasturias.com\\\/noticias\\\/author\\\/admin\\\/#author\"},\"creator\":{\"@id\":\"https:\\\/\\\/www.eldigitaldeasturias.com\\\/noticias\\\/author\\\/admin\\\/#author\"},\"image\":{\"@type\":\"ImageObject\",\"url\":460165,\"@id\":\"https:\\\/\\\/www.eldigitaldeasturias.com\\\/noticias\\\/vacaciones-en-el-mar-para-la-nueva-comedia-de-telecinco\\\/#mainImage\"},\"primaryImageOfPage\":{\"@id\":\"https:\\\/\\\/www.eldigitaldeasturias.com\\\/noticias\\\/vacaciones-en-el-mar-para-la-nueva-comedia-de-telecinco\\\/#mainImage\"},\"datePublished\":\"2013-12-10T22:12:04+01:00\",\"dateModified\":\"2013-12-10T22:12:04+01:00\"},{\"@type\":\"WebSite\",\"@id\":\"https:\\\/\\\/www.eldigitaldeasturias.com\\\/noticias\\\/#website\",\"url\":\"https:\\\/\\\/www.eldigitaldeasturias.com\\\/noticias\\\/\",\"name\":\"El Digital de Asturias - Diario de actualidad y noticias\",\"alternateName\":\"El Digital de Asturias - Diario de actualidad y noticias\",\"description\":\"Hemeroteca\",\"inLanguage\":\"es-ES\",\"publisher\":{\"@id\":\"https:\\\/\\\/www.eldigitaldeasturias.com\\\/noticias\\\/#organization\"}}]}\n\t\t<\/script>\n\t\t<!-- All in One SEO Pro -->\r\n\t\t<title>Vacaciones en el mar para la nueva comedia de Telecinco - El Digital de Asturias<\/title>\n\n","aioseo_head_json":{"title":"Vacaciones en el mar para la nueva comedia de Telecinco - El Digital de Asturias","description":"Madrid, 10 dic (EFE).- Un crucero ser\u00e1 el escenario de la nueva comedia familiar de Telecinco, en la que las tramas girar\u00e1n en torno a la vida de los integrantes de la tripulaci\u00f3n del buque y su relaci\u00f3n con los turistas que embarcan en cada itinerario, ha informado hoy la cadena. Junto al anuncio del","canonical_url":"https:\/\/www.eldigitaldeasturias.com\/noticias\/vacaciones-en-el-mar-para-la-nueva-comedia-de-telecinco\/","robots":"max-image-preview:large","keywords":"revista de ocio","webmasterTools":{"google-site-verification":"UA-38556648-1","msvalidate.01":"7dfe9f3f1b24437ab69f4f2559babe99","miscellaneous":""},"schema":{"@context":"https:\/\/schema.org","@graph":[{"@type":"BlogPosting","@id":"https:\/\/www.eldigitaldeasturias.com\/noticias\/vacaciones-en-el-mar-para-la-nueva-comedia-de-telecinco\/#blogposting","name":"Vacaciones en el mar para la nueva comedia de Telecinco - El Digital de Asturias","headline":"Vacaciones en el mar para la nueva comedia de Telecinco","author":{"@id":"https:\/\/www.eldigitaldeasturias.com\/noticias\/author\/admin\/#author"},"publisher":{"@id":"https:\/\/www.eldigitaldeasturias.com\/noticias\/#organization"},"image":{"@type":"ImageObject","url":460165},"datePublished":"2013-12-10T22:12:04+01:00","dateModified":"2013-12-10T22:12:04+01:00","inLanguage":"es-ES","mainEntityOfPage":{"@id":"https:\/\/www.eldigitaldeasturias.com\/noticias\/vacaciones-en-el-mar-para-la-nueva-comedia-de-telecinco\/#webpage"},"isPartOf":{"@id":"https:\/\/www.eldigitaldeasturias.com\/noticias\/vacaciones-en-el-mar-para-la-nueva-comedia-de-telecinco\/#webpage"},"articleSection":"Revista de Ocio"},{"@type":"BreadcrumbList","@id":"https:\/\/www.eldigitaldeasturias.com\/noticias\/vacaciones-en-el-mar-para-la-nueva-comedia-de-telecinco\/#breadcrumblist","itemListElement":[{"@type":"ListItem","@id":"https:\/\/www.eldigitaldeasturias.com\/noticias#listItem","position":1,"name":"Home","item":"https:\/\/www.eldigitaldeasturias.com\/noticias","nextItem":{"@type":"ListItem","@id":"https:\/\/www.eldigitaldeasturias.com\/noticias\/category\/revista-de-ocio\/#listItem","name":"Revista de Ocio"}},{"@type":"ListItem","@id":"https:\/\/www.eldigitaldeasturias.com\/noticias\/category\/revista-de-ocio\/#listItem","position":2,"name":"Revista de Ocio","item":"https:\/\/www.eldigitaldeasturias.com\/noticias\/category\/revista-de-ocio\/","nextItem":{"@type":"ListItem","@id":"https:\/\/www.eldigitaldeasturias.com\/noticias\/vacaciones-en-el-mar-para-la-nueva-comedia-de-telecinco\/#listItem","name":"Vacaciones en el mar para la nueva comedia de Telecinco"},"previousItem":{"@type":"ListItem","@id":"https:\/\/www.eldigitaldeasturias.com\/noticias#listItem","name":"Home"}},{"@type":"ListItem","@id":"https:\/\/www.eldigitaldeasturias.com\/noticias\/vacaciones-en-el-mar-para-la-nueva-comedia-de-telecinco\/#listItem","position":3,"name":"Vacaciones en el mar para la nueva comedia de Telecinco","previousItem":{"@type":"ListItem","@id":"https:\/\/www.eldigitaldeasturias.com\/noticias\/category\/revista-de-ocio\/#listItem","name":"Revista de Ocio"}}]},{"@type":"Organization","@id":"https:\/\/www.eldigitaldeasturias.com\/noticias\/#organization","name":"El Digital de Asturias","description":"Hemeroteca","url":"https:\/\/www.eldigitaldeasturias.com\/noticias\/","email":"info@eldigitaldeasturias.com","telephone":"+34652131393","logo":{"@type":"ImageObject","url":"https:\/\/www.eldigitaldeasturias.com\/noticias\/wp-content\/uploads\/2020\/12\/EDA.jpg","@id":"https:\/\/www.eldigitaldeasturias.com\/noticias\/vacaciones-en-el-mar-para-la-nueva-comedia-de-telecinco\/#organizationLogo"},"image":{"@id":"https:\/\/www.eldigitaldeasturias.com\/noticias\/vacaciones-en-el-mar-para-la-nueva-comedia-de-telecinco\/#organizationLogo"},"sameAs":["https:\/\/facebook.com\/eldigitaldeasturias","https:\/\/www.youtube.com\/channel\/UCZP-2wLEB9Rv6erhFmqVnvg"],"address":{"@id":"https:\/\/www.eldigitaldeasturias.com\/noticias\/#postaladdress","@type":"PostalAddress","streetAddress":"san antonio 4","postalCode":"33430","addressLocality":"Cand\u00e1s","addressRegion":"Asturias","addressCountry":"ES"}},{"@type":"Person","@id":"https:\/\/www.eldigitaldeasturias.com\/noticias\/author\/admin\/#author","url":"https:\/\/www.eldigitaldeasturias.com\/noticias\/author\/admin\/","name":"El Digital de Asturias","image":{"@type":"ImageObject","@id":"https:\/\/www.eldigitaldeasturias.com\/noticias\/vacaciones-en-el-mar-para-la-nueva-comedia-de-telecinco\/#authorImage","url":"https:\/\/secure.gravatar.com\/avatar\/df2aeffc32bcd13f8d26072ef8a91b623d677766deac7f97ca815868cd41bf5e?s=96&d=mm&r=g","width":96,"height":96,"caption":"El Digital de Asturias"}},{"@type":"WebPage","@id":"https:\/\/www.eldigitaldeasturias.com\/noticias\/vacaciones-en-el-mar-para-la-nueva-comedia-de-telecinco\/#webpage","url":"https:\/\/www.eldigitaldeasturias.com\/noticias\/vacaciones-en-el-mar-para-la-nueva-comedia-de-telecinco\/","name":"Vacaciones en el mar para la nueva comedia de Telecinco - El Digital de Asturias","description":"Madrid, 10 dic (EFE).- Un crucero ser\u00e1 el escenario de la nueva comedia familiar de Telecinco, en la que las tramas girar\u00e1n en torno a la vida de los integrantes de la tripulaci\u00f3n del buque y su relaci\u00f3n con los turistas que embarcan en cada itinerario, ha informado hoy la cadena. Junto al anuncio del","inLanguage":"es-ES","isPartOf":{"@id":"https:\/\/www.eldigitaldeasturias.com\/noticias\/#website"},"breadcrumb":{"@id":"https:\/\/www.eldigitaldeasturias.com\/noticias\/vacaciones-en-el-mar-para-la-nueva-comedia-de-telecinco\/#breadcrumblist"},"author":{"@id":"https:\/\/www.eldigitaldeasturias.com\/noticias\/author\/admin\/#author"},"creator":{"@id":"https:\/\/www.eldigitaldeasturias.com\/noticias\/author\/admin\/#author"},"image":{"@type":"ImageObject","url":460165,"@id":"https:\/\/www.eldigitaldeasturias.com\/noticias\/vacaciones-en-el-mar-para-la-nueva-comedia-de-telecinco\/#mainImage"},"primaryImageOfPage":{"@id":"https:\/\/www.eldigitaldeasturias.com\/noticias\/vacaciones-en-el-mar-para-la-nueva-comedia-de-telecinco\/#mainImage"},"datePublished":"2013-12-10T22:12:04+01:00","dateModified":"2013-12-10T22:12:04+01:00"},{"@type":"WebSite","@id":"https:\/\/www.eldigitaldeasturias.com\/noticias\/#website","url":"https:\/\/www.eldigitaldeasturias.com\/noticias\/","name":"El Digital de Asturias - Diario de actualidad y noticias","alternateName":"El Digital de Asturias - Diario de actualidad y noticias","description":"Hemeroteca","inLanguage":"es-ES","publisher":{"@id":"https:\/\/www.eldigitaldeasturias.com\/noticias\/#organization"}}]},"og:locale":"es_ES","og:site_name":"El Digital de Asturias","og:type":"article","og:title":"Vacaciones en el mar para la nueva comedia de Telecinco - El Digital de Asturias","og:description":"Madrid, 10 dic (EFE).- Un crucero ser\u00e1 el escenario de la nueva comedia familiar de Telecinco, en la que las tramas girar\u00e1n en torno a la vida de los integrantes de la tripulaci\u00f3n del buque y su relaci\u00f3n con los turistas que embarcan en cada itinerario, ha informado hoy la cadena. Junto al anuncio del","og:url":"https:\/\/www.eldigitaldeasturias.com\/noticias\/vacaciones-en-el-mar-para-la-nueva-comedia-de-telecinco\/","article:tag":["revista de ocio"],"article:published_time":"2013-12-10T23:12:04+00:00","article:modified_time":"2013-12-10T23:12:04+00:00","article:publisher":"https:\/\/facebook.com\/eldigitaldeasturias","twitter:card":"summary_large_image","twitter:title":"Vacaciones en el mar para la nueva comedia de Telecinco - El Digital de Asturias","twitter:description":"Madrid, 10 dic (EFE).- Un crucero ser\u00e1 el escenario de la nueva comedia familiar de Telecinco, en la que las tramas girar\u00e1n en torno a la vida de los integrantes de la tripulaci\u00f3n del buque y su relaci\u00f3n con los turistas que embarcan en cada itinerario, ha informado hoy la cadena. Junto al anuncio del","twitter:label1":"Escrito por","twitter:data1":"El Digital de Asturias","twitter:label2":"Tiempo de lectura estimado","twitter:data2":"2 minutos"},"aioseo_meta_data":{"post_id":"460164","title":null,"description":null,"keywords":null,"keyphrases":null,"primary_term":null,"canonical_url":null,"og_title":null,"og_description":null,"og_object_type":"default","og_image_type":"default","og_image_url":null,"og_image_width":null,"og_image_height":null,"og_image_custom_url":null,"og_image_custom_fields":null,"og_video":null,"og_custom_url":null,"og_article_section":null,"og_article_tags":null,"twitter_use_og":true,"twitter_card":"default","twitter_image_type":"default","twitter_image_url":null,"twitter_image_custom_url":null,"twitter_image_custom_fields":null,"twitter_title":null,"twitter_description":null,"schema":{"blockGraphs":[],"customGraphs":[],"default":{"data":{"Article":[],"Course":[],"Dataset":[],"FAQPage":[],"Movie":[],"Person":[],"Product":[],"ProductReview":[],"Car":[],"Recipe":[],"Service":[],"SoftwareApplication":[],"WebPage":[]},"graphName":"","isEnabled":true},"graphs":[]},"schema_type":null,"schema_type_options":null,"pillar_content":false,"robots_default":true,"robots_noindex":false,"robots_noarchive":false,"robots_nosnippet":false,"robots_nofollow":false,"robots_noimageindex":false,"robots_noodp":false,"robots_notranslate":false,"robots_max_snippet":null,"robots_max_videopreview":null,"robots_max_imagepreview":"none","priority":null,"frequency":null,"local_seo":null,"seo_analyzer_scan_date":"2026-05-30 12:05:12","breadcrumb_settings":null,"limit_modified_date":false,"open_ai":null,"ai":null,"created":"2020-11-14 22:47:43","updated":"2026-05-30 12:05:12","focus_keyword":null,"additional_keywords":null,"truseo_locale":null},"aioseo_breadcrumb":"<div class=\"aioseo-breadcrumbs\"><span class=\"aioseo-breadcrumb\">\n\t<a href=\"https:\/\/www.eldigitaldeasturias.com\/noticias\" title=\"Home\">Home<\/a>\n<\/span><span class=\"aioseo-breadcrumb-separator\">\u2013<\/span><span class=\"aioseo-breadcrumb\">\n\t<a href=\"https:\/\/www.eldigitaldeasturias.com\/noticias\/category\/revista-de-ocio\/\" title=\"Revista de Ocio\">Revista de Ocio<\/a>\n<\/span><span class=\"aioseo-breadcrumb-separator\">\u2013<\/span><span class=\"aioseo-breadcrumb\">\n\t<a href=\"https:\/\/www.eldigitaldeasturias.com\/noticias\/vacaciones-en-el-mar-para-la-nueva-comedia-de-telecinco\/\" title=\"Vacaciones en el mar para la nueva comedia de Telecinco\">Vacaciones en el mar para la nueva comedia de Telecinco<\/a>\n<\/span><\/div>","aioseo_breadcrumb_json":[{"label":"Home","link":"https:\/\/www.eldigitaldeasturias.com\/noticias"},{"label":"Revista de Ocio","link":"https:\/\/www.eldigitaldeasturias.com\/noticias\/category\/revista-de-ocio\/"},{"label":"Vacaciones en el mar para la nueva comedia de Telecinco","link":"https:\/\/www.eldigitaldeasturias.com\/noticias\/vacaciones-en-el-mar-para-la-nueva-comedia-de-telecinco\/"}],"_links":{"self":[{"href":"https:\/\/www.eldigitaldeasturias.com\/noticias\/wp-json\/wp\/v2\/posts\/460164","targetHints":{"allow":["GET"]}}],"collection":[{"href":"https:\/\/www.eldigitaldeasturias.com\/noticias\/wp-json\/wp\/v2\/posts"}],"about":[{"href":"https:\/\/www.eldigitaldeasturias.com\/noticias\/wp-json\/wp\/v2\/types\/post"}],"author":[{"embeddable":true,"href":"https:\/\/www.eldigitaldeasturias.com\/noticias\/wp-json\/wp\/v2\/users\/1"}],"replies":[{"embeddable":true,"href":"https:\/\/www.eldigitaldeasturias.com\/noticias\/wp-json\/wp\/v2\/comments?post=460164"}],"version-history":[{"count":0,"href":"https:\/\/www.eldigitaldeasturias.com\/noticias\/wp-json\/wp\/v2\/posts\/460164\/revisions"}],"wp:attachment":[{"href":"https:\/\/www.eldigitaldeasturias.com\/noticias\/wp-json\/wp\/v2\/media?parent=460164"}],"wp:term":[{"taxonomy":"category","embeddable":true,"href":"https:\/\/www.eldigitaldeasturias.com\/noticias\/wp-json\/wp\/v2\/categories?post=460164"},{"taxonomy":"post_tag","embeddable":true,"href":"https:\/\/www.eldigitaldeasturias.com\/noticias\/wp-json\/wp\/v2\/tags?post=460164"}],"curies":[{"name":"wp","href":"https:\/\/api.w.org\/{rel}","templated":true}]}}