{"id":460155,"date":"2013-12-10T22:07:25","date_gmt":"2013-12-10T23:07:25","guid":{"rendered":"http:\/\/www.eldigitaldeasturias.com\/noticias\/?p=460155"},"modified":"2013-12-10T22:07:25","modified_gmt":"2013-12-10T23:07:25","slug":"paloma-san-basilio-rendira-homenaje-al-musical-en-el-teatro-real-de-madrid","status":"publish","type":"post","link":"https:\/\/www.eldigitaldeasturias.com\/noticias\/paloma-san-basilio-rendira-homenaje-al-musical-en-el-teatro-real-de-madrid\/","title":{"rendered":"Paloma San Basilio rendir\u00e1 homenaje al musical en el Teatro Real de Madrid"},"content":{"rendered":"<p><img loading=\"lazy\" decoding=\"async\" class=\"alignleft size-medium wp-image-460156\" alt=\"5783601w\" src=\"https:\/\/www.eldigitaldeasturias.com\/noticias\/wp-content\/uploads\/2013\/12\/5783601w-360x239.jpg\" width=\"360\" height=\"239\" \/>Madrid, 10 dic (EFE).- A pesar de que se encuentra inmersa en una gira en la que nos dice \u00abHasta siempre\u00bb, los admiradores de la cantante Paloma San Basilio tendr\u00e1n la oportunidad de verla en el Teatro Real, acompa\u00f1ada de la Banda Sinf\u00f3nica de Madrid.<\/p>\n<p>La cita ser\u00e1 el pr\u00f3ximo 6 de enero. En ella, la artista interpretar\u00e1 los temas m\u00e1s destacados de su trayectoria como actriz de teatro musical, un \u00e1mbito con el que siempre ha guardado una relaci\u00f3n muy especial y al que ahora rinde homenaje.<\/p>\n<p>Porque hablar de San Basilio implica inevitablemente referirse a su trabajo en obras como \u00abEvita\u00bb, \u00abEl hombre de la Mancha\u00bb, \u00abV\u00edctor o Victoria\u00bb o, por supuesto, \u00abMy Fair Lady\u00bb, que represent\u00f3 en dos ocasiones y le concedi\u00f3 el honor de convertirse en la eterna Eliza Doolitle.<\/p>\n<p>Ahora, las canciones de estos m\u00edticos musicales sonar\u00e1n en la voz de la artista, acompa\u00f1ada por los instrumentos de la Banda Sinf\u00f3nica de Madrid, dirigidos bajo la batuta del valenciano Rafael Sanz-Espert.<\/p>\n<p>Tras este paso por Madrid, la ciudad que la vio nacer, San Basilio continuar\u00e1 con los conciertos de su espect\u00e1culo \u00abHasta siempre\u00bb, con el que se despide de los escenarios para centrarse en otros proyectos y aficiones que le apasionan, como la pintura.<\/p>\n<p>Fue el a\u00f1o pasado cuando la artista hizo p\u00fablica esta decisi\u00f3n, afirmando que solo volver\u00e1 a involucrarse en el mundo del espect\u00e1culo en ocasiones puntuales, como en el caso de conciertos ben\u00e9ficos o si le ofrecen alg\u00fan \u00abpapel interesante\u00bb en el teatro.<\/p>\n<p>La gira, que la llevar\u00e1 en febrero al Festival de Vi\u00f1a del Mar (Chile), supone el broche de oro a una trayectoria de m\u00e1s de 40 a\u00f1os, en la que la cantante ha evolucionado, como muestra su \u00faltimo disco de estudio, \u00abAmolap\u00bb, un trabajo salpicado de m\u00fasica electr\u00f3nica.<\/p>\n","protected":false},"excerpt":{"rendered":"<p>Madrid, 10 dic (EFE).- A pesar de que se encuentra inmersa en una gira en la que nos dice \u00abHasta siempre\u00bb, los admiradores de la cantante Paloma San Basilio tendr\u00e1n la oportunidad de verla en el Teatro Real, acompa\u00f1ada de la Banda Sinf\u00f3nica de Madrid. La cita ser\u00e1 el pr\u00f3ximo 6 de enero. En ella, [&hellip;]<\/p>\n","protected":false},"author":1,"featured_media":460156,"comment_status":"closed","ping_status":"open","sticky":false,"template":"","format":"standard","meta":{"footnotes":""},"categories":[50],"tags":[],"class_list":["post-460155","post","type-post","status-publish","format-standard","has-post-thumbnail","hentry","category-revista-de-ocio"],"aioseo_notices":[],"aioseo_head":"\n\t\t<!-- All in One SEO Pro 5.0.1 - aioseo.com -->\n\t<meta name=\"description\" content=\"Madrid, 10 dic (EFE).- A pesar de que se encuentra inmersa en una gira en la que nos dice &quot;Hasta siempre&quot;, los admiradores de la cantante Paloma San Basilio tendr\u00e1n la oportunidad de verla en el Teatro Real, acompa\u00f1ada de la Banda Sinf\u00f3nica de Madrid. La cita ser\u00e1 el pr\u00f3ximo 6 de enero. En ella,\" \/>\n\t<meta name=\"robots\" content=\"max-image-preview:large\" \/>\n\t<meta name=\"author\" content=\"El Digital de Asturias\"\/>\n\t<meta name=\"google-site-verification\" content=\"UA-38556648-1\" \/>\n\t<meta name=\"msvalidate.01\" content=\"7dfe9f3f1b24437ab69f4f2559babe99\" \/>\n\t<meta name=\"keywords\" content=\"revista de ocio\" \/>\n\t<link rel=\"canonical\" href=\"https:\/\/www.eldigitaldeasturias.com\/noticias\/paloma-san-basilio-rendira-homenaje-al-musical-en-el-teatro-real-de-madrid\/\" \/>\n\t<meta name=\"generator\" content=\"All in One SEO Pro (AIOSEO) 5.0.1\" \/>\n\t\t<meta property=\"og:locale\" content=\"es_ES\" \/>\n\t\t<meta property=\"og:site_name\" content=\"El Digital de Asturias\" \/>\n\t\t<meta property=\"og:type\" content=\"article\" \/>\n\t\t<meta property=\"og:title\" content=\"Paloma San Basilio rendir\u00e1 homenaje al musical en el Teatro Real de Madrid - El Digital de Asturias\" \/>\n\t\t<meta property=\"og:description\" content=\"Madrid, 10 dic (EFE).- A pesar de que se encuentra inmersa en una gira en la que nos dice &quot;Hasta siempre&quot;, los admiradores de la cantante Paloma San Basilio tendr\u00e1n la oportunidad de verla en el Teatro Real, acompa\u00f1ada de la Banda Sinf\u00f3nica de Madrid. La cita ser\u00e1 el pr\u00f3ximo 6 de enero. En ella,\" \/>\n\t\t<meta property=\"og:url\" content=\"https:\/\/www.eldigitaldeasturias.com\/noticias\/paloma-san-basilio-rendira-homenaje-al-musical-en-el-teatro-real-de-madrid\/\" \/>\n\t\t<meta property=\"article:tag\" content=\"revista de ocio\" \/>\n\t\t<meta property=\"article:published_time\" content=\"2013-12-10T23:07:25+00:00\" \/>\n\t\t<meta property=\"article:modified_time\" content=\"2013-12-10T23:07:25+00:00\" \/>\n\t\t<meta property=\"article:publisher\" content=\"https:\/\/facebook.com\/eldigitaldeasturias\" \/>\n\t\t<meta name=\"twitter:card\" content=\"summary_large_image\" \/>\n\t\t<meta name=\"twitter:title\" content=\"Paloma San Basilio rendir\u00e1 homenaje al musical en el Teatro Real de Madrid - El Digital de Asturias\" \/>\n\t\t<meta name=\"twitter:description\" content=\"Madrid, 10 dic (EFE).- A pesar de que se encuentra inmersa en una gira en la que nos dice &quot;Hasta siempre&quot;, los admiradores de la cantante Paloma San Basilio tendr\u00e1n la oportunidad de verla en el Teatro Real, acompa\u00f1ada de la Banda Sinf\u00f3nica de Madrid. La cita ser\u00e1 el pr\u00f3ximo 6 de enero. En ella,\" \/>\n\t\t<meta name=\"twitter:label1\" content=\"Escrito por\" \/>\n\t\t<meta name=\"twitter:data1\" content=\"El Digital de Asturias\" \/>\n\t\t<meta name=\"twitter:label2\" content=\"Tiempo de lectura estimado\" \/>\n\t\t<meta name=\"twitter:data2\" content=\"2 minutos\" \/>\n\t\t<script type=\"application\/ld+json\" class=\"aioseo-schema\">\n\t\t\t{\"@context\":\"https:\\\/\\\/schema.org\",\"@graph\":[{\"@type\":\"BlogPosting\",\"@id\":\"https:\\\/\\\/www.eldigitaldeasturias.com\\\/noticias\\\/paloma-san-basilio-rendira-homenaje-al-musical-en-el-teatro-real-de-madrid\\\/#blogposting\",\"name\":\"Paloma San Basilio rendir\\u00e1 homenaje al musical en el Teatro Real de Madrid - El Digital de Asturias\",\"headline\":\"Paloma San Basilio rendir\\u00e1 homenaje al musical en el Teatro Real de Madrid\",\"author\":{\"@id\":\"https:\\\/\\\/www.eldigitaldeasturias.com\\\/noticias\\\/author\\\/admin\\\/#author\"},\"publisher\":{\"@id\":\"https:\\\/\\\/www.eldigitaldeasturias.com\\\/noticias\\\/#organization\"},\"image\":{\"@type\":\"ImageObject\",\"url\":460156},\"datePublished\":\"2013-12-10T22:07:25+01:00\",\"dateModified\":\"2013-12-10T22:07:25+01:00\",\"inLanguage\":\"es-ES\",\"mainEntityOfPage\":{\"@id\":\"https:\\\/\\\/www.eldigitaldeasturias.com\\\/noticias\\\/paloma-san-basilio-rendira-homenaje-al-musical-en-el-teatro-real-de-madrid\\\/#webpage\"},\"isPartOf\":{\"@id\":\"https:\\\/\\\/www.eldigitaldeasturias.com\\\/noticias\\\/paloma-san-basilio-rendira-homenaje-al-musical-en-el-teatro-real-de-madrid\\\/#webpage\"},\"articleSection\":\"Revista de Ocio\"},{\"@type\":\"BreadcrumbList\",\"@id\":\"https:\\\/\\\/www.eldigitaldeasturias.com\\\/noticias\\\/paloma-san-basilio-rendira-homenaje-al-musical-en-el-teatro-real-de-madrid\\\/#breadcrumblist\",\"itemListElement\":[{\"@type\":\"ListItem\",\"@id\":\"https:\\\/\\\/www.eldigitaldeasturias.com\\\/noticias#listItem\",\"position\":1,\"name\":\"Home\",\"item\":\"https:\\\/\\\/www.eldigitaldeasturias.com\\\/noticias\",\"nextItem\":{\"@type\":\"ListItem\",\"@id\":\"https:\\\/\\\/www.eldigitaldeasturias.com\\\/noticias\\\/category\\\/revista-de-ocio\\\/#listItem\",\"name\":\"Revista de Ocio\"}},{\"@type\":\"ListItem\",\"@id\":\"https:\\\/\\\/www.eldigitaldeasturias.com\\\/noticias\\\/category\\\/revista-de-ocio\\\/#listItem\",\"position\":2,\"name\":\"Revista de Ocio\",\"item\":\"https:\\\/\\\/www.eldigitaldeasturias.com\\\/noticias\\\/category\\\/revista-de-ocio\\\/\",\"nextItem\":{\"@type\":\"ListItem\",\"@id\":\"https:\\\/\\\/www.eldigitaldeasturias.com\\\/noticias\\\/paloma-san-basilio-rendira-homenaje-al-musical-en-el-teatro-real-de-madrid\\\/#listItem\",\"name\":\"Paloma San Basilio rendir\\u00e1 homenaje al musical en el Teatro Real de Madrid\"},\"previousItem\":{\"@type\":\"ListItem\",\"@id\":\"https:\\\/\\\/www.eldigitaldeasturias.com\\\/noticias#listItem\",\"name\":\"Home\"}},{\"@type\":\"ListItem\",\"@id\":\"https:\\\/\\\/www.eldigitaldeasturias.com\\\/noticias\\\/paloma-san-basilio-rendira-homenaje-al-musical-en-el-teatro-real-de-madrid\\\/#listItem\",\"position\":3,\"name\":\"Paloma San Basilio rendir\\u00e1 homenaje al musical en el Teatro Real de Madrid\",\"previousItem\":{\"@type\":\"ListItem\",\"@id\":\"https:\\\/\\\/www.eldigitaldeasturias.com\\\/noticias\\\/category\\\/revista-de-ocio\\\/#listItem\",\"name\":\"Revista de Ocio\"}}]},{\"@type\":\"Organization\",\"@id\":\"https:\\\/\\\/www.eldigitaldeasturias.com\\\/noticias\\\/#organization\",\"name\":\"El Digital de Asturias\",\"description\":\"Hemeroteca\",\"url\":\"https:\\\/\\\/www.eldigitaldeasturias.com\\\/noticias\\\/\",\"email\":\"info@eldigitaldeasturias.com\",\"telephone\":\"+34652131393\",\"logo\":{\"@type\":\"ImageObject\",\"url\":\"https:\\\/\\\/www.eldigitaldeasturias.com\\\/noticias\\\/wp-content\\\/uploads\\\/2020\\\/12\\\/EDA.jpg\",\"@id\":\"https:\\\/\\\/www.eldigitaldeasturias.com\\\/noticias\\\/paloma-san-basilio-rendira-homenaje-al-musical-en-el-teatro-real-de-madrid\\\/#organizationLogo\"},\"image\":{\"@id\":\"https:\\\/\\\/www.eldigitaldeasturias.com\\\/noticias\\\/paloma-san-basilio-rendira-homenaje-al-musical-en-el-teatro-real-de-madrid\\\/#organizationLogo\"},\"sameAs\":[\"https:\\\/\\\/facebook.com\\\/eldigitaldeasturias\",\"https:\\\/\\\/www.youtube.com\\\/channel\\\/UCZP-2wLEB9Rv6erhFmqVnvg\"],\"address\":{\"@id\":\"https:\\\/\\\/www.eldigitaldeasturias.com\\\/noticias\\\/#postaladdress\",\"@type\":\"PostalAddress\",\"streetAddress\":\"san antonio 4\",\"postalCode\":\"33430\",\"addressLocality\":\"Cand\\u00e1s\",\"addressRegion\":\"Asturias\",\"addressCountry\":\"ES\"}},{\"@type\":\"Person\",\"@id\":\"https:\\\/\\\/www.eldigitaldeasturias.com\\\/noticias\\\/author\\\/admin\\\/#author\",\"url\":\"https:\\\/\\\/www.eldigitaldeasturias.com\\\/noticias\\\/author\\\/admin\\\/\",\"name\":\"El Digital de Asturias\",\"image\":{\"@type\":\"ImageObject\",\"@id\":\"https:\\\/\\\/www.eldigitaldeasturias.com\\\/noticias\\\/paloma-san-basilio-rendira-homenaje-al-musical-en-el-teatro-real-de-madrid\\\/#authorImage\",\"url\":\"https:\\\/\\\/secure.gravatar.com\\\/avatar\\\/df2aeffc32bcd13f8d26072ef8a91b623d677766deac7f97ca815868cd41bf5e?s=96&d=mm&r=g\",\"width\":96,\"height\":96,\"caption\":\"El Digital de Asturias\"}},{\"@type\":\"WebPage\",\"@id\":\"https:\\\/\\\/www.eldigitaldeasturias.com\\\/noticias\\\/paloma-san-basilio-rendira-homenaje-al-musical-en-el-teatro-real-de-madrid\\\/#webpage\",\"url\":\"https:\\\/\\\/www.eldigitaldeasturias.com\\\/noticias\\\/paloma-san-basilio-rendira-homenaje-al-musical-en-el-teatro-real-de-madrid\\\/\",\"name\":\"Paloma San Basilio rendir\\u00e1 homenaje al musical en el Teatro Real de Madrid - El Digital de Asturias\",\"description\":\"Madrid, 10 dic (EFE).- A pesar de que se encuentra inmersa en una gira en la que nos dice \\\"Hasta siempre\\\", los admiradores de la cantante Paloma San Basilio tendr\\u00e1n la oportunidad de verla en el Teatro Real, acompa\\u00f1ada de la Banda Sinf\\u00f3nica de Madrid. La cita ser\\u00e1 el pr\\u00f3ximo 6 de enero. En ella,\",\"inLanguage\":\"es-ES\",\"isPartOf\":{\"@id\":\"https:\\\/\\\/www.eldigitaldeasturias.com\\\/noticias\\\/#website\"},\"breadcrumb\":{\"@id\":\"https:\\\/\\\/www.eldigitaldeasturias.com\\\/noticias\\\/paloma-san-basilio-rendira-homenaje-al-musical-en-el-teatro-real-de-madrid\\\/#breadcrumblist\"},\"author\":{\"@id\":\"https:\\\/\\\/www.eldigitaldeasturias.com\\\/noticias\\\/author\\\/admin\\\/#author\"},\"creator\":{\"@id\":\"https:\\\/\\\/www.eldigitaldeasturias.com\\\/noticias\\\/author\\\/admin\\\/#author\"},\"image\":{\"@type\":\"ImageObject\",\"url\":460156,\"@id\":\"https:\\\/\\\/www.eldigitaldeasturias.com\\\/noticias\\\/paloma-san-basilio-rendira-homenaje-al-musical-en-el-teatro-real-de-madrid\\\/#mainImage\"},\"primaryImageOfPage\":{\"@id\":\"https:\\\/\\\/www.eldigitaldeasturias.com\\\/noticias\\\/paloma-san-basilio-rendira-homenaje-al-musical-en-el-teatro-real-de-madrid\\\/#mainImage\"},\"datePublished\":\"2013-12-10T22:07:25+01:00\",\"dateModified\":\"2013-12-10T22:07:25+01:00\"},{\"@type\":\"WebSite\",\"@id\":\"https:\\\/\\\/www.eldigitaldeasturias.com\\\/noticias\\\/#website\",\"url\":\"https:\\\/\\\/www.eldigitaldeasturias.com\\\/noticias\\\/\",\"name\":\"El Digital de Asturias - Diario de actualidad y noticias\",\"alternateName\":\"El Digital de Asturias - Diario de actualidad y noticias\",\"description\":\"Hemeroteca\",\"inLanguage\":\"es-ES\",\"publisher\":{\"@id\":\"https:\\\/\\\/www.eldigitaldeasturias.com\\\/noticias\\\/#organization\"}}]}\n\t\t<\/script>\n\t\t<!-- All in One SEO Pro -->\r\n\t\t<title>Paloma San Basilio rendir\u00e1 homenaje al musical en el Teatro Real de Madrid - El Digital de Asturias<\/title>\n\n","aioseo_head_json":{"title":"Paloma San Basilio rendir\u00e1 homenaje al musical en el Teatro Real de Madrid - El Digital de Asturias","description":"Madrid, 10 dic (EFE).- A pesar de que se encuentra inmersa en una gira en la que nos dice \"Hasta siempre\", los admiradores de la cantante Paloma San Basilio tendr\u00e1n la oportunidad de verla en el Teatro Real, acompa\u00f1ada de la Banda Sinf\u00f3nica de Madrid. La cita ser\u00e1 el pr\u00f3ximo 6 de enero. En ella,","canonical_url":"https:\/\/www.eldigitaldeasturias.com\/noticias\/paloma-san-basilio-rendira-homenaje-al-musical-en-el-teatro-real-de-madrid\/","robots":"max-image-preview:large","keywords":"revista de ocio","webmasterTools":{"google-site-verification":"UA-38556648-1","msvalidate.01":"7dfe9f3f1b24437ab69f4f2559babe99","miscellaneous":""},"schema":{"@context":"https:\/\/schema.org","@graph":[{"@type":"BlogPosting","@id":"https:\/\/www.eldigitaldeasturias.com\/noticias\/paloma-san-basilio-rendira-homenaje-al-musical-en-el-teatro-real-de-madrid\/#blogposting","name":"Paloma San Basilio rendir\u00e1 homenaje al musical en el Teatro Real de Madrid - El Digital de Asturias","headline":"Paloma San Basilio rendir\u00e1 homenaje al musical en el Teatro Real de Madrid","author":{"@id":"https:\/\/www.eldigitaldeasturias.com\/noticias\/author\/admin\/#author"},"publisher":{"@id":"https:\/\/www.eldigitaldeasturias.com\/noticias\/#organization"},"image":{"@type":"ImageObject","url":460156},"datePublished":"2013-12-10T22:07:25+01:00","dateModified":"2013-12-10T22:07:25+01:00","inLanguage":"es-ES","mainEntityOfPage":{"@id":"https:\/\/www.eldigitaldeasturias.com\/noticias\/paloma-san-basilio-rendira-homenaje-al-musical-en-el-teatro-real-de-madrid\/#webpage"},"isPartOf":{"@id":"https:\/\/www.eldigitaldeasturias.com\/noticias\/paloma-san-basilio-rendira-homenaje-al-musical-en-el-teatro-real-de-madrid\/#webpage"},"articleSection":"Revista de Ocio"},{"@type":"BreadcrumbList","@id":"https:\/\/www.eldigitaldeasturias.com\/noticias\/paloma-san-basilio-rendira-homenaje-al-musical-en-el-teatro-real-de-madrid\/#breadcrumblist","itemListElement":[{"@type":"ListItem","@id":"https:\/\/www.eldigitaldeasturias.com\/noticias#listItem","position":1,"name":"Home","item":"https:\/\/www.eldigitaldeasturias.com\/noticias","nextItem":{"@type":"ListItem","@id":"https:\/\/www.eldigitaldeasturias.com\/noticias\/category\/revista-de-ocio\/#listItem","name":"Revista de Ocio"}},{"@type":"ListItem","@id":"https:\/\/www.eldigitaldeasturias.com\/noticias\/category\/revista-de-ocio\/#listItem","position":2,"name":"Revista de Ocio","item":"https:\/\/www.eldigitaldeasturias.com\/noticias\/category\/revista-de-ocio\/","nextItem":{"@type":"ListItem","@id":"https:\/\/www.eldigitaldeasturias.com\/noticias\/paloma-san-basilio-rendira-homenaje-al-musical-en-el-teatro-real-de-madrid\/#listItem","name":"Paloma San Basilio rendir\u00e1 homenaje al musical en el Teatro Real de Madrid"},"previousItem":{"@type":"ListItem","@id":"https:\/\/www.eldigitaldeasturias.com\/noticias#listItem","name":"Home"}},{"@type":"ListItem","@id":"https:\/\/www.eldigitaldeasturias.com\/noticias\/paloma-san-basilio-rendira-homenaje-al-musical-en-el-teatro-real-de-madrid\/#listItem","position":3,"name":"Paloma San Basilio rendir\u00e1 homenaje al musical en el Teatro Real de Madrid","previousItem":{"@type":"ListItem","@id":"https:\/\/www.eldigitaldeasturias.com\/noticias\/category\/revista-de-ocio\/#listItem","name":"Revista de Ocio"}}]},{"@type":"Organization","@id":"https:\/\/www.eldigitaldeasturias.com\/noticias\/#organization","name":"El Digital de Asturias","description":"Hemeroteca","url":"https:\/\/www.eldigitaldeasturias.com\/noticias\/","email":"info@eldigitaldeasturias.com","telephone":"+34652131393","logo":{"@type":"ImageObject","url":"https:\/\/www.eldigitaldeasturias.com\/noticias\/wp-content\/uploads\/2020\/12\/EDA.jpg","@id":"https:\/\/www.eldigitaldeasturias.com\/noticias\/paloma-san-basilio-rendira-homenaje-al-musical-en-el-teatro-real-de-madrid\/#organizationLogo"},"image":{"@id":"https:\/\/www.eldigitaldeasturias.com\/noticias\/paloma-san-basilio-rendira-homenaje-al-musical-en-el-teatro-real-de-madrid\/#organizationLogo"},"sameAs":["https:\/\/facebook.com\/eldigitaldeasturias","https:\/\/www.youtube.com\/channel\/UCZP-2wLEB9Rv6erhFmqVnvg"],"address":{"@id":"https:\/\/www.eldigitaldeasturias.com\/noticias\/#postaladdress","@type":"PostalAddress","streetAddress":"san antonio 4","postalCode":"33430","addressLocality":"Cand\u00e1s","addressRegion":"Asturias","addressCountry":"ES"}},{"@type":"Person","@id":"https:\/\/www.eldigitaldeasturias.com\/noticias\/author\/admin\/#author","url":"https:\/\/www.eldigitaldeasturias.com\/noticias\/author\/admin\/","name":"El Digital de Asturias","image":{"@type":"ImageObject","@id":"https:\/\/www.eldigitaldeasturias.com\/noticias\/paloma-san-basilio-rendira-homenaje-al-musical-en-el-teatro-real-de-madrid\/#authorImage","url":"https:\/\/secure.gravatar.com\/avatar\/df2aeffc32bcd13f8d26072ef8a91b623d677766deac7f97ca815868cd41bf5e?s=96&d=mm&r=g","width":96,"height":96,"caption":"El Digital de Asturias"}},{"@type":"WebPage","@id":"https:\/\/www.eldigitaldeasturias.com\/noticias\/paloma-san-basilio-rendira-homenaje-al-musical-en-el-teatro-real-de-madrid\/#webpage","url":"https:\/\/www.eldigitaldeasturias.com\/noticias\/paloma-san-basilio-rendira-homenaje-al-musical-en-el-teatro-real-de-madrid\/","name":"Paloma San Basilio rendir\u00e1 homenaje al musical en el Teatro Real de Madrid - El Digital de Asturias","description":"Madrid, 10 dic (EFE).- A pesar de que se encuentra inmersa en una gira en la que nos dice \"Hasta siempre\", los admiradores de la cantante Paloma San Basilio tendr\u00e1n la oportunidad de verla en el Teatro Real, acompa\u00f1ada de la Banda Sinf\u00f3nica de Madrid. La cita ser\u00e1 el pr\u00f3ximo 6 de enero. En ella,","inLanguage":"es-ES","isPartOf":{"@id":"https:\/\/www.eldigitaldeasturias.com\/noticias\/#website"},"breadcrumb":{"@id":"https:\/\/www.eldigitaldeasturias.com\/noticias\/paloma-san-basilio-rendira-homenaje-al-musical-en-el-teatro-real-de-madrid\/#breadcrumblist"},"author":{"@id":"https:\/\/www.eldigitaldeasturias.com\/noticias\/author\/admin\/#author"},"creator":{"@id":"https:\/\/www.eldigitaldeasturias.com\/noticias\/author\/admin\/#author"},"image":{"@type":"ImageObject","url":460156,"@id":"https:\/\/www.eldigitaldeasturias.com\/noticias\/paloma-san-basilio-rendira-homenaje-al-musical-en-el-teatro-real-de-madrid\/#mainImage"},"primaryImageOfPage":{"@id":"https:\/\/www.eldigitaldeasturias.com\/noticias\/paloma-san-basilio-rendira-homenaje-al-musical-en-el-teatro-real-de-madrid\/#mainImage"},"datePublished":"2013-12-10T22:07:25+01:00","dateModified":"2013-12-10T22:07:25+01:00"},{"@type":"WebSite","@id":"https:\/\/www.eldigitaldeasturias.com\/noticias\/#website","url":"https:\/\/www.eldigitaldeasturias.com\/noticias\/","name":"El Digital de Asturias - Diario de actualidad y noticias","alternateName":"El Digital de Asturias - Diario de actualidad y noticias","description":"Hemeroteca","inLanguage":"es-ES","publisher":{"@id":"https:\/\/www.eldigitaldeasturias.com\/noticias\/#organization"}}]},"og:locale":"es_ES","og:site_name":"El Digital de Asturias","og:type":"article","og:title":"Paloma San Basilio rendir\u00e1 homenaje al musical en el Teatro Real de Madrid - El Digital de Asturias","og:description":"Madrid, 10 dic (EFE).- A pesar de que se encuentra inmersa en una gira en la que nos dice &quot;Hasta siempre&quot;, los admiradores de la cantante Paloma San Basilio tendr\u00e1n la oportunidad de verla en el Teatro Real, acompa\u00f1ada de la Banda Sinf\u00f3nica de Madrid. La cita ser\u00e1 el pr\u00f3ximo 6 de enero. En ella,","og:url":"https:\/\/www.eldigitaldeasturias.com\/noticias\/paloma-san-basilio-rendira-homenaje-al-musical-en-el-teatro-real-de-madrid\/","article:tag":["revista de ocio"],"article:published_time":"2013-12-10T23:07:25+00:00","article:modified_time":"2013-12-10T23:07:25+00:00","article:publisher":"https:\/\/facebook.com\/eldigitaldeasturias","twitter:card":"summary_large_image","twitter:title":"Paloma San Basilio rendir\u00e1 homenaje al musical en el Teatro Real de Madrid - El Digital de Asturias","twitter:description":"Madrid, 10 dic (EFE).- A pesar de que se encuentra inmersa en una gira en la que nos dice &quot;Hasta siempre&quot;, los admiradores de la cantante Paloma San Basilio tendr\u00e1n la oportunidad de verla en el Teatro Real, acompa\u00f1ada de la Banda Sinf\u00f3nica de Madrid. La cita ser\u00e1 el pr\u00f3ximo 6 de enero. En ella,","twitter:label1":"Escrito por","twitter:data1":"El Digital de Asturias","twitter:label2":"Tiempo de lectura estimado","twitter:data2":"2 minutos"},"aioseo_meta_data":{"post_id":"460155","title":null,"description":null,"keywords":null,"keyphrases":null,"primary_term":null,"canonical_url":null,"og_title":null,"og_description":null,"og_object_type":"default","og_image_type":"default","og_image_url":null,"og_image_width":null,"og_image_height":null,"og_image_custom_url":null,"og_image_custom_fields":null,"og_video":null,"og_custom_url":null,"og_article_section":null,"og_article_tags":null,"twitter_use_og":true,"twitter_card":"default","twitter_image_type":"default","twitter_image_url":null,"twitter_image_custom_url":null,"twitter_image_custom_fields":null,"twitter_title":null,"twitter_description":null,"schema":{"blockGraphs":[],"customGraphs":[],"default":{"data":{"Article":[],"Course":[],"Dataset":[],"FAQPage":[],"Movie":[],"Person":[],"Product":[],"ProductReview":[],"Car":[],"Recipe":[],"Service":[],"SoftwareApplication":[],"WebPage":[]},"graphName":"","isEnabled":true},"graphs":[],"defaultGraph":"","defaultPostTypeGraph":""},"schema_type":null,"schema_type_options":null,"pillar_content":false,"robots_default":true,"robots_noindex":false,"robots_noarchive":false,"robots_nosnippet":false,"robots_nofollow":false,"robots_noimageindex":false,"robots_noodp":false,"robots_notranslate":false,"robots_max_snippet":null,"robots_max_videopreview":null,"robots_max_imagepreview":"none","priority":null,"frequency":null,"local_seo":null,"seo_analyzer_scan_date":"2026-05-30 12:03:06","breadcrumb_settings":null,"limit_modified_date":false,"open_ai":null,"ai":null,"created":"2020-11-14 22:47:43","updated":"2026-05-30 12:03:06","focus_keyword":null,"additional_keywords":null,"truseo_locale":null},"aioseo_breadcrumb":"<div class=\"aioseo-breadcrumbs\"><span class=\"aioseo-breadcrumb\">\n\t<a href=\"https:\/\/www.eldigitaldeasturias.com\/noticias\" title=\"Home\">Home<\/a>\n<\/span><span class=\"aioseo-breadcrumb-separator\">\u2013<\/span><span class=\"aioseo-breadcrumb\">\n\t<a href=\"https:\/\/www.eldigitaldeasturias.com\/noticias\/category\/revista-de-ocio\/\" title=\"Revista de Ocio\">Revista de Ocio<\/a>\n<\/span><span class=\"aioseo-breadcrumb-separator\">\u2013<\/span><span class=\"aioseo-breadcrumb\">\n\t<a href=\"https:\/\/www.eldigitaldeasturias.com\/noticias\/paloma-san-basilio-rendira-homenaje-al-musical-en-el-teatro-real-de-madrid\/\" title=\"Paloma San Basilio rendir\u00e1 homenaje al musical en el Teatro Real de Madrid\">Paloma San Basilio rendir\u00e1 homenaje al musical en el Teatro Real de Madrid<\/a>\n<\/span><\/div>","aioseo_breadcrumb_json":[{"label":"Home","link":"https:\/\/www.eldigitaldeasturias.com\/noticias"},{"label":"Revista de Ocio","link":"https:\/\/www.eldigitaldeasturias.com\/noticias\/category\/revista-de-ocio\/"},{"label":"Paloma San Basilio rendir\u00e1 homenaje al musical en el Teatro Real de Madrid","link":"https:\/\/www.eldigitaldeasturias.com\/noticias\/paloma-san-basilio-rendira-homenaje-al-musical-en-el-teatro-real-de-madrid\/"}],"_links":{"self":[{"href":"https:\/\/www.eldigitaldeasturias.com\/noticias\/wp-json\/wp\/v2\/posts\/460155","targetHints":{"allow":["GET"]}}],"collection":[{"href":"https:\/\/www.eldigitaldeasturias.com\/noticias\/wp-json\/wp\/v2\/posts"}],"about":[{"href":"https:\/\/www.eldigitaldeasturias.com\/noticias\/wp-json\/wp\/v2\/types\/post"}],"author":[{"embeddable":true,"href":"https:\/\/www.eldigitaldeasturias.com\/noticias\/wp-json\/wp\/v2\/users\/1"}],"replies":[{"embeddable":true,"href":"https:\/\/www.eldigitaldeasturias.com\/noticias\/wp-json\/wp\/v2\/comments?post=460155"}],"version-history":[{"count":0,"href":"https:\/\/www.eldigitaldeasturias.com\/noticias\/wp-json\/wp\/v2\/posts\/460155\/revisions"}],"wp:attachment":[{"href":"https:\/\/www.eldigitaldeasturias.com\/noticias\/wp-json\/wp\/v2\/media?parent=460155"}],"wp:term":[{"taxonomy":"category","embeddable":true,"href":"https:\/\/www.eldigitaldeasturias.com\/noticias\/wp-json\/wp\/v2\/categories?post=460155"},{"taxonomy":"post_tag","embeddable":true,"href":"https:\/\/www.eldigitaldeasturias.com\/noticias\/wp-json\/wp\/v2\/tags?post=460155"}],"curies":[{"name":"wp","href":"https:\/\/api.w.org\/{rel}","templated":true}]}}