{"id":460147,"date":"2013-12-10T21:47:47","date_gmt":"2013-12-10T22:47:47","guid":{"rendered":"http:\/\/www.eldigitaldeasturias.com\/noticias\/?p=460147"},"modified":"2013-12-10T21:47:47","modified_gmt":"2013-12-10T22:47:47","slug":"patrimonio-inicia-los-tramites-para-declarar-bien-de-interes-cultural-de-caracter-inmaterial-la-tonada-asturiana","status":"publish","type":"post","link":"https:\/\/www.eldigitaldeasturias.com\/noticias\/patrimonio-inicia-los-tramites-para-declarar-bien-de-interes-cultural-de-caracter-inmaterial-la-tonada-asturiana\/","title":{"rendered":"Patrimonio inicia los tr\u00e1mites para declarar Bien de Inter\u00e9s Cultural de Car\u00e1cter Inmaterial la tonada asturiana"},"content":{"rendered":"<p><img loading=\"lazy\" decoding=\"async\" class=\"alignleft size-medium wp-image-454214\" alt=\"2013_11_25 consejera Bruselas 1\" src=\"https:\/\/www.eldigitaldeasturias.com\/noticias\/wp-content\/uploads\/2013\/11\/2013_11_25-consejera-Bruselas-1-360x259.jpg\" width=\"360\" height=\"259\" \/>El pleno del Consejo de Patrimonio Cultural de Asturias, m\u00e1ximo \u00f3rgano asesor de la Consejer\u00eda de Educaci\u00f3n, Cultura y Deporte en materia patrimonial, ha analizado hoy un total de 18 asuntos relativos a propuestas de protecci\u00f3n patrimonial y a proyectos de intervenci\u00f3n en bienes protegidos. La reuni\u00f3n, presidida por la consejera de Educaci\u00f3n, Ana Gonz\u00e1lez, es la tercera que se celebra en el a\u00f1o 2013.<\/p>\n<p><strong><em>Inicio procedimiento para la declaraci\u00f3n como BIC\u00a0<\/em><\/strong><\/p>\n<p>El pleno ha acordado iniciar los tr\u00e1mites para declarar Bien de Inter\u00e9s Cultural de Car\u00e1cter Inmaterial la asturianada o tonada asturiana. Se trata de la manifestaci\u00f3n actual m\u00e1s destacada de la cultura musical asturiana, que tiene sus ra\u00edces en el pasado, pero que sigue muy viva en el presente. El origen de la asturianada se encuentra en un primitivo estilo de cante popular definido por la voz limpia y potente, y por la articulaci\u00f3n con la glotis de algunos giros y efectos de sonoridad muy caracter\u00edstica.<\/p>\n<p>Este estilo interpretativo ha evolucionado, se ha cohesionado y se ha transmitido desde, por lo menos, el siglo XVI hasta convertirse en el siglo XIX en un g\u00e9nero vocal que abarca m\u00faltiples tipos de canciones tradicionales y cuya pr\u00e1ctica se mantiene intacta en la actualidad, gracias a su alta aceptaci\u00f3n social.<\/p>\n<p>La historia de la asturianada cuenta con figuras que se han convertido en iconos de la cultura del Principado, como el Maragato, la Busdonga, los Cuatro Ases de Oviedo (Cuchichi, Claverol, Miranda y Bot\u00f3n), Quin el Pescador, Xuaco de Sama, Juan\u00edn de Mieres, El Presi, Silvino Arg\u00fcelles, Jos\u00e9 Noriega, Orestes Mart\u00ednez, Diamantina Rodr\u00edguez o Mariluz Crist\u00f3bal Caunedo. Adem\u00e1s, existe una nueva generaci\u00f3n de int\u00e9rpretes que est\u00e1n protagonizando la asturianada del siglo XXI.<\/p>\n<p>Asimismo, la asturianada es el s\u00edmbolo supremo del repertorio tradicional asturiano. Su declaraci\u00f3n como Bien de Inter\u00e9s Cultural de Car\u00e1cter Inmaterial supone un reconocimiento p\u00fablico al m\u00e9rito de campesinos, ganaderos, jornaleros, pastores, arrieros, artesanos, obreros y aficionados que la supieron mantener incluso en tiempos dif\u00edciles para este tipo de manifestaciones.<\/p>\n<p>En la reuni\u00f3n del pleno tambi\u00e9n se ha aprobado iniciar los tr\u00e1mites para declarar Bien de Inter\u00e9s Cultural, con la categor\u00eda de V\u00eda Hist\u00f3rica, el tramo del Camino de Santiago que discurre por el concejo de Nore\u00f1a. Esta declaraci\u00f3n reconoce la importancia que esta villa ha tenido en la historia jacobea asturiana, de la que es testimonio fundamental la propia existencia de un hospital de peregrinos, fundado en el siglo XVI.<\/p>\n<p>Plaza de Toros de Oviedo<\/p>\n<p>Adem\u00e1s, el consejo ha analizado la solicitud presentada por el Ayuntamiento de Oviedo para que se inicien los tr\u00e1mites para retirar la plaza de toros de Buenavista del nivel de protecci\u00f3n BIC. Esta plaza fue declarada BIC mediante decreto de 29 de junio de 2006 y el consistorio plantea ahora que se retire esa protecci\u00f3n para posibilitar as\u00ed la ejecuci\u00f3n de un plan integral de renovaci\u00f3n que supondr\u00eda una notable variaci\u00f3n de las caracter\u00edsticas de un inmueble (y de su entorno) construido en 1888-1889, con proyecto del arquitecto Juan Miguel de la Guardia.<\/p>\n<p>El consejo ha aprobado iniciar los tr\u00e1mites para realizar un estudio que valore las caracter\u00edsticas patrimoniales e hist\u00f3ricas de la Plaza de Toros que determine el grado de protecci\u00f3n en el que debe situarse.<\/p>\n<p>Inclusi\u00f3n de Bienes en el Inventario del Patrimonio Cultural de Asturias<\/p>\n<p>En la reuni\u00f3n de hoy, se ha informado favorablemente del inicio de los tr\u00e1mites para incluir en el Inventario del Patrimonio Cultural de Asturias las denominadas casas de los zapateros de Nore\u00f1a, situadas en la calle La Iglesia 34-36 de esta villa. Se trata de un inmueble construido hacia 1860, por iniciativa del doctor Cuesta Olay, que inicialmente iba a ser destinado para albergar un hospital. Posteriormente, por impulso de la familia Rionda-Alonso, pasaron a alojar viviendas y talleres de zapater\u00eda. Se trata de un edificio de planta rectangular, muy alargada, compuesto de planta baja y un piso, que emplea elementos decorativos vinculados con corrientes cultas for\u00e1neas (arcos canopiales, dinteles, arcos geminados de raigambre medievalista). Destaca por ser uno de los escasos ejemplos de edificios civiles de \u00e9poca isabelina que se conservan en Asturias.<\/p>\n<p>Tambi\u00e9n se iniciar\u00e1n los tr\u00e1mites para incluir en el Inventario del Patrimonio Cultural de Asturias una selecci\u00f3n de 120 escuelas asturianas, construidas entre 1763 (escuelas de Corao de Castillo, en Cangas de On\u00eds) y 1957-59 (escuelas de Llaranes). Se han seleccionado y registrado las escuelas m\u00e1s destacadas de este per\u00edodo con criterios geogr\u00e1ficos (est\u00e1 representada toda Asturias), tipol\u00f3gicos (todo tipo de escuelas, desde las graduadas a las unitarias, con o sin vivienda, seriadas o de proyecto \u00fanico, de estilo popular, ecl\u00e9ctico, racionalista o regionalista) y de promoci\u00f3n (p\u00fablica, indiana, burguesa, empresarial). A partir de estos factores, se han elegido 120 de las aproximadamente 800 escuelas existentes, que ahora se incorporar\u00e1n al Inventario de Patrimonio. Esta inclusi\u00f3n supone un reconocimiento del innegable inter\u00e9s patrimonial de las escuelas desde el punto de vista de la formaci\u00f3n de la identidad cultural de un pueblo. El tipo arquitect\u00f3nico de la escuela es una aportaci\u00f3n caracter\u00edstica de la arquitectura de los siglos XIX-XX, cuando la Administraci\u00f3n impulsa la educaci\u00f3n p\u00fablica, se generan corrientes renovadoras en lo pedag\u00f3gico y la ense\u00f1anza pasa a ser un elemento cohesionador.<\/p>\n<p>Por \u00faltimo, tambi\u00e9n se iniciar\u00e1n los tr\u00e1mites para incluir en el Inventario del Patrimonio Cultural de Asturias el conjunto patrimonial existente en La Ponte, en Cay\u00e9s, concejo de Llanera, integrado por el puente de origen medieval, el molino, el palacio de los D\u00edaz- Campomanes (originado en el XVII) y la capilla vinculada, situada en uno de los flancos del puente.<\/p>\n<p>Fin procedimiento BIC<\/p>\n<p>El Consejo del Patrimonio ha analizado la tramitaci\u00f3n seguida en relaci\u00f3n con varios expedientes de declaraci\u00f3n como Bien de Inter\u00e9s Cultural incoados hace varios meses. As\u00ed, se ha aprobado dar el visto bueno final a las siguientes propuestas de declaraci\u00f3n BIC:<\/p>\n<p>\u2022Pozo Sot\u00f3n, en el concejo de San Mart\u00edn del Rey Aurelio<\/p>\n<p>\u2022Pueblo de San Esteban de los Buitres, en el concejo de Illano<\/p>\n<p>\u2022Castro de Pendia, en el concejo de Boal<\/p>\n<p>\u2022Castro de San Chuis, en el concejo de Allande<\/p>\n<p>\u2022Entorno de protecci\u00f3n del castro de Coa\u00f1a<\/p>\n<p>\u2022Castro de Moh\u00edas, en el concejo de Coa\u00f1a<\/p>\n<p>\u2022Castro de Chao Samart\u00edn, en el concejo de Grandas de Salime<\/p>\n<p><strong><em>Proyectos y expedientes<\/em><\/strong><\/p>\n<p>Al margen de lo relacionado con la protecci\u00f3n patrimonial, en el pleno se han analizado varios proyectos de intervenci\u00f3n. As\u00ed, se ha analizado la solicitud del Centro Asturiano de Oviedo para cubrir las piscinas actualmente descubiertas que tiene en sus instalaciones del Naranco, situadas dentro del entorno de protecci\u00f3n de los monumentos prerrom\u00e1nicos. Esta solicitud ha sido aprobada.<\/p>\n<p>Finalmente, se ha informado al Consejo del Patrimonio Cultural de Asturias de la reuni\u00f3n de t\u00e9cnicos especialistas que han analizado los mejores tratamientos posibles a aplicar en los revestimientos y en las pinturas murales de la iglesia de San Miguel de Lillo, adem\u00e1s de dar cuenta de los trabajos realizados recientemente en la iglesia de Santo Adriano de Tu\u00f1\u00f3n, que han permitido mejorar su sistema de drenaje.<\/p>\n","protected":false},"excerpt":{"rendered":"<p>El pleno del Consejo de Patrimonio Cultural de Asturias, m\u00e1ximo \u00f3rgano asesor de la Consejer\u00eda de Educaci\u00f3n, Cultura y Deporte en materia patrimonial, ha analizado hoy un total de 18 asuntos relativos a propuestas de protecci\u00f3n patrimonial y a proyectos de intervenci\u00f3n en bienes protegidos. La reuni\u00f3n, presidida por la consejera de Educaci\u00f3n, Ana Gonz\u00e1lez, [&hellip;]<\/p>\n","protected":false},"author":1,"featured_media":454214,"comment_status":"closed","ping_status":"open","sticky":false,"template":"","format":"standard","meta":{"footnotes":""},"categories":[12],"tags":[],"class_list":["post-460147","post","type-post","status-publish","format-standard","has-post-thumbnail","hentry","category-actualidad-asturias"],"aioseo_notices":[],"aioseo_head":"\n\t\t<!-- All in One SEO Pro 5.0.1 - aioseo.com -->\n\t<meta name=\"description\" content=\"El pleno del Consejo de Patrimonio Cultural de Asturias, m\u00e1ximo \u00f3rgano asesor de la Consejer\u00eda de Educaci\u00f3n, Cultura y Deporte en materia patrimonial, ha analizado hoy un total de 18 asuntos relativos a propuestas de protecci\u00f3n patrimonial y a proyectos de intervenci\u00f3n en bienes protegidos. La reuni\u00f3n, presidida por la consejera de Educaci\u00f3n, Ana Gonz\u00e1lez,\" \/>\n\t<meta name=\"robots\" content=\"max-image-preview:large\" \/>\n\t<meta name=\"author\" content=\"El Digital de Asturias\"\/>\n\t<meta name=\"google-site-verification\" content=\"UA-38556648-1\" \/>\n\t<meta name=\"msvalidate.01\" content=\"7dfe9f3f1b24437ab69f4f2559babe99\" \/>\n\t<meta name=\"keywords\" content=\"actualidad asturias\" \/>\n\t<link rel=\"canonical\" href=\"https:\/\/www.eldigitaldeasturias.com\/noticias\/patrimonio-inicia-los-tramites-para-declarar-bien-de-interes-cultural-de-caracter-inmaterial-la-tonada-asturiana\/\" \/>\n\t<meta name=\"generator\" content=\"All in One SEO Pro (AIOSEO) 5.0.1\" \/>\n\t\t<meta property=\"og:locale\" content=\"es_ES\" \/>\n\t\t<meta property=\"og:site_name\" content=\"El Digital de Asturias\" \/>\n\t\t<meta property=\"og:type\" content=\"article\" \/>\n\t\t<meta property=\"og:title\" content=\"Patrimonio inicia los tr\u00e1mites para declarar Bien de Inter\u00e9s Cultural de Car\u00e1cter Inmaterial la tonada asturiana - El Digital de Asturias\" \/>\n\t\t<meta property=\"og:description\" content=\"El pleno del Consejo de Patrimonio Cultural de Asturias, m\u00e1ximo \u00f3rgano asesor de la Consejer\u00eda de Educaci\u00f3n, Cultura y Deporte en materia patrimonial, ha analizado hoy un total de 18 asuntos relativos a propuestas de protecci\u00f3n patrimonial y a proyectos de intervenci\u00f3n en bienes protegidos. La reuni\u00f3n, presidida por la consejera de Educaci\u00f3n, Ana Gonz\u00e1lez,\" \/>\n\t\t<meta property=\"og:url\" content=\"https:\/\/www.eldigitaldeasturias.com\/noticias\/patrimonio-inicia-los-tramites-para-declarar-bien-de-interes-cultural-de-caracter-inmaterial-la-tonada-asturiana\/\" \/>\n\t\t<meta property=\"article:tag\" content=\"actualidad asturias\" \/>\n\t\t<meta property=\"article:published_time\" content=\"2013-12-10T22:47:47+00:00\" \/>\n\t\t<meta property=\"article:modified_time\" content=\"2013-12-10T22:47:47+00:00\" \/>\n\t\t<meta property=\"article:publisher\" content=\"https:\/\/facebook.com\/eldigitaldeasturias\" \/>\n\t\t<meta name=\"twitter:card\" content=\"summary_large_image\" \/>\n\t\t<meta name=\"twitter:title\" content=\"Patrimonio inicia los tr\u00e1mites para declarar Bien de Inter\u00e9s Cultural de Car\u00e1cter Inmaterial la tonada asturiana - El Digital de Asturias\" \/>\n\t\t<meta name=\"twitter:description\" content=\"El pleno del Consejo de Patrimonio Cultural de Asturias, m\u00e1ximo \u00f3rgano asesor de la Consejer\u00eda de Educaci\u00f3n, Cultura y Deporte en materia patrimonial, ha analizado hoy un total de 18 asuntos relativos a propuestas de protecci\u00f3n patrimonial y a proyectos de intervenci\u00f3n en bienes protegidos. La reuni\u00f3n, presidida por la consejera de Educaci\u00f3n, Ana Gonz\u00e1lez,\" \/>\n\t\t<meta name=\"twitter:label1\" content=\"Escrito por\" \/>\n\t\t<meta name=\"twitter:data1\" content=\"El Digital de Asturias\" \/>\n\t\t<meta name=\"twitter:label2\" content=\"Tiempo de lectura estimado\" \/>\n\t\t<meta name=\"twitter:data2\" content=\"6 minutos\" \/>\n\t\t<script type=\"application\/ld+json\" class=\"aioseo-schema\">\n\t\t\t{\"@context\":\"https:\\\/\\\/schema.org\",\"@graph\":[{\"@type\":\"BlogPosting\",\"@id\":\"https:\\\/\\\/www.eldigitaldeasturias.com\\\/noticias\\\/patrimonio-inicia-los-tramites-para-declarar-bien-de-interes-cultural-de-caracter-inmaterial-la-tonada-asturiana\\\/#blogposting\",\"name\":\"Patrimonio inicia los tr\\u00e1mites para declarar Bien de Inter\\u00e9s Cultural de Car\\u00e1cter Inmaterial la tonada asturiana - El Digital de Asturias\",\"headline\":\"Patrimonio inicia los tr\\u00e1mites para declarar Bien de Inter\\u00e9s Cultural de Car\\u00e1cter Inmaterial la tonada asturiana\",\"author\":{\"@id\":\"https:\\\/\\\/www.eldigitaldeasturias.com\\\/noticias\\\/author\\\/admin\\\/#author\"},\"publisher\":{\"@id\":\"https:\\\/\\\/www.eldigitaldeasturias.com\\\/noticias\\\/#organization\"},\"image\":{\"@type\":\"ImageObject\",\"url\":454214},\"datePublished\":\"2013-12-10T21:47:47+01:00\",\"dateModified\":\"2013-12-10T21:47:47+01:00\",\"inLanguage\":\"es-ES\",\"mainEntityOfPage\":{\"@id\":\"https:\\\/\\\/www.eldigitaldeasturias.com\\\/noticias\\\/patrimonio-inicia-los-tramites-para-declarar-bien-de-interes-cultural-de-caracter-inmaterial-la-tonada-asturiana\\\/#webpage\"},\"isPartOf\":{\"@id\":\"https:\\\/\\\/www.eldigitaldeasturias.com\\\/noticias\\\/patrimonio-inicia-los-tramites-para-declarar-bien-de-interes-cultural-de-caracter-inmaterial-la-tonada-asturiana\\\/#webpage\"},\"articleSection\":\"Actualidad Asturias\"},{\"@type\":\"BreadcrumbList\",\"@id\":\"https:\\\/\\\/www.eldigitaldeasturias.com\\\/noticias\\\/patrimonio-inicia-los-tramites-para-declarar-bien-de-interes-cultural-de-caracter-inmaterial-la-tonada-asturiana\\\/#breadcrumblist\",\"itemListElement\":[{\"@type\":\"ListItem\",\"@id\":\"https:\\\/\\\/www.eldigitaldeasturias.com\\\/noticias#listItem\",\"position\":1,\"name\":\"Home\",\"item\":\"https:\\\/\\\/www.eldigitaldeasturias.com\\\/noticias\",\"nextItem\":{\"@type\":\"ListItem\",\"@id\":\"https:\\\/\\\/www.eldigitaldeasturias.com\\\/noticias\\\/category\\\/actualidad-asturias\\\/#listItem\",\"name\":\"Actualidad Asturias\"}},{\"@type\":\"ListItem\",\"@id\":\"https:\\\/\\\/www.eldigitaldeasturias.com\\\/noticias\\\/category\\\/actualidad-asturias\\\/#listItem\",\"position\":2,\"name\":\"Actualidad Asturias\",\"item\":\"https:\\\/\\\/www.eldigitaldeasturias.com\\\/noticias\\\/category\\\/actualidad-asturias\\\/\",\"nextItem\":{\"@type\":\"ListItem\",\"@id\":\"https:\\\/\\\/www.eldigitaldeasturias.com\\\/noticias\\\/patrimonio-inicia-los-tramites-para-declarar-bien-de-interes-cultural-de-caracter-inmaterial-la-tonada-asturiana\\\/#listItem\",\"name\":\"Patrimonio inicia los tr\\u00e1mites para declarar Bien de Inter\\u00e9s Cultural de Car\\u00e1cter Inmaterial la tonada asturiana\"},\"previousItem\":{\"@type\":\"ListItem\",\"@id\":\"https:\\\/\\\/www.eldigitaldeasturias.com\\\/noticias#listItem\",\"name\":\"Home\"}},{\"@type\":\"ListItem\",\"@id\":\"https:\\\/\\\/www.eldigitaldeasturias.com\\\/noticias\\\/patrimonio-inicia-los-tramites-para-declarar-bien-de-interes-cultural-de-caracter-inmaterial-la-tonada-asturiana\\\/#listItem\",\"position\":3,\"name\":\"Patrimonio inicia los tr\\u00e1mites para declarar Bien de Inter\\u00e9s Cultural de Car\\u00e1cter Inmaterial la tonada asturiana\",\"previousItem\":{\"@type\":\"ListItem\",\"@id\":\"https:\\\/\\\/www.eldigitaldeasturias.com\\\/noticias\\\/category\\\/actualidad-asturias\\\/#listItem\",\"name\":\"Actualidad Asturias\"}}]},{\"@type\":\"Organization\",\"@id\":\"https:\\\/\\\/www.eldigitaldeasturias.com\\\/noticias\\\/#organization\",\"name\":\"El Digital de Asturias\",\"description\":\"Hemeroteca\",\"url\":\"https:\\\/\\\/www.eldigitaldeasturias.com\\\/noticias\\\/\",\"email\":\"info@eldigitaldeasturias.com\",\"telephone\":\"+34652131393\",\"logo\":{\"@type\":\"ImageObject\",\"url\":\"https:\\\/\\\/www.eldigitaldeasturias.com\\\/noticias\\\/wp-content\\\/uploads\\\/2020\\\/12\\\/EDA.jpg\",\"@id\":\"https:\\\/\\\/www.eldigitaldeasturias.com\\\/noticias\\\/patrimonio-inicia-los-tramites-para-declarar-bien-de-interes-cultural-de-caracter-inmaterial-la-tonada-asturiana\\\/#organizationLogo\"},\"image\":{\"@id\":\"https:\\\/\\\/www.eldigitaldeasturias.com\\\/noticias\\\/patrimonio-inicia-los-tramites-para-declarar-bien-de-interes-cultural-de-caracter-inmaterial-la-tonada-asturiana\\\/#organizationLogo\"},\"sameAs\":[\"https:\\\/\\\/facebook.com\\\/eldigitaldeasturias\",\"https:\\\/\\\/www.youtube.com\\\/channel\\\/UCZP-2wLEB9Rv6erhFmqVnvg\"],\"address\":{\"@id\":\"https:\\\/\\\/www.eldigitaldeasturias.com\\\/noticias\\\/#postaladdress\",\"@type\":\"PostalAddress\",\"streetAddress\":\"san antonio 4\",\"postalCode\":\"33430\",\"addressLocality\":\"Cand\\u00e1s\",\"addressRegion\":\"Asturias\",\"addressCountry\":\"ES\"}},{\"@type\":\"Person\",\"@id\":\"https:\\\/\\\/www.eldigitaldeasturias.com\\\/noticias\\\/author\\\/admin\\\/#author\",\"url\":\"https:\\\/\\\/www.eldigitaldeasturias.com\\\/noticias\\\/author\\\/admin\\\/\",\"name\":\"El Digital de Asturias\",\"image\":{\"@type\":\"ImageObject\",\"@id\":\"https:\\\/\\\/www.eldigitaldeasturias.com\\\/noticias\\\/patrimonio-inicia-los-tramites-para-declarar-bien-de-interes-cultural-de-caracter-inmaterial-la-tonada-asturiana\\\/#authorImage\",\"url\":\"https:\\\/\\\/secure.gravatar.com\\\/avatar\\\/df2aeffc32bcd13f8d26072ef8a91b623d677766deac7f97ca815868cd41bf5e?s=96&d=mm&r=g\",\"width\":96,\"height\":96,\"caption\":\"El Digital de Asturias\"}},{\"@type\":\"WebPage\",\"@id\":\"https:\\\/\\\/www.eldigitaldeasturias.com\\\/noticias\\\/patrimonio-inicia-los-tramites-para-declarar-bien-de-interes-cultural-de-caracter-inmaterial-la-tonada-asturiana\\\/#webpage\",\"url\":\"https:\\\/\\\/www.eldigitaldeasturias.com\\\/noticias\\\/patrimonio-inicia-los-tramites-para-declarar-bien-de-interes-cultural-de-caracter-inmaterial-la-tonada-asturiana\\\/\",\"name\":\"Patrimonio inicia los tr\\u00e1mites para declarar Bien de Inter\\u00e9s Cultural de Car\\u00e1cter Inmaterial la tonada asturiana - El Digital de Asturias\",\"description\":\"El pleno del Consejo de Patrimonio Cultural de Asturias, m\\u00e1ximo \\u00f3rgano asesor de la Consejer\\u00eda de Educaci\\u00f3n, Cultura y Deporte en materia patrimonial, ha analizado hoy un total de 18 asuntos relativos a propuestas de protecci\\u00f3n patrimonial y a proyectos de intervenci\\u00f3n en bienes protegidos. La reuni\\u00f3n, presidida por la consejera de Educaci\\u00f3n, Ana Gonz\\u00e1lez,\",\"inLanguage\":\"es-ES\",\"isPartOf\":{\"@id\":\"https:\\\/\\\/www.eldigitaldeasturias.com\\\/noticias\\\/#website\"},\"breadcrumb\":{\"@id\":\"https:\\\/\\\/www.eldigitaldeasturias.com\\\/noticias\\\/patrimonio-inicia-los-tramites-para-declarar-bien-de-interes-cultural-de-caracter-inmaterial-la-tonada-asturiana\\\/#breadcrumblist\"},\"author\":{\"@id\":\"https:\\\/\\\/www.eldigitaldeasturias.com\\\/noticias\\\/author\\\/admin\\\/#author\"},\"creator\":{\"@id\":\"https:\\\/\\\/www.eldigitaldeasturias.com\\\/noticias\\\/author\\\/admin\\\/#author\"},\"image\":{\"@type\":\"ImageObject\",\"url\":454214,\"@id\":\"https:\\\/\\\/www.eldigitaldeasturias.com\\\/noticias\\\/patrimonio-inicia-los-tramites-para-declarar-bien-de-interes-cultural-de-caracter-inmaterial-la-tonada-asturiana\\\/#mainImage\"},\"primaryImageOfPage\":{\"@id\":\"https:\\\/\\\/www.eldigitaldeasturias.com\\\/noticias\\\/patrimonio-inicia-los-tramites-para-declarar-bien-de-interes-cultural-de-caracter-inmaterial-la-tonada-asturiana\\\/#mainImage\"},\"datePublished\":\"2013-12-10T21:47:47+01:00\",\"dateModified\":\"2013-12-10T21:47:47+01:00\"},{\"@type\":\"WebSite\",\"@id\":\"https:\\\/\\\/www.eldigitaldeasturias.com\\\/noticias\\\/#website\",\"url\":\"https:\\\/\\\/www.eldigitaldeasturias.com\\\/noticias\\\/\",\"name\":\"El Digital de Asturias - Diario de actualidad y noticias\",\"alternateName\":\"El Digital de Asturias - Diario de actualidad y noticias\",\"description\":\"Hemeroteca\",\"inLanguage\":\"es-ES\",\"publisher\":{\"@id\":\"https:\\\/\\\/www.eldigitaldeasturias.com\\\/noticias\\\/#organization\"}}]}\n\t\t<\/script>\n\t\t<!-- All in One SEO Pro -->\r\n\t\t<title>Patrimonio inicia los tr\u00e1mites para declarar Bien de Inter\u00e9s Cultural de Car\u00e1cter Inmaterial la tonada asturiana - El Digital de Asturias<\/title>\n\n","aioseo_head_json":{"title":"Patrimonio inicia los tr\u00e1mites para declarar Bien de Inter\u00e9s Cultural de Car\u00e1cter Inmaterial la tonada asturiana - El Digital de Asturias","description":"El pleno del Consejo de Patrimonio Cultural de Asturias, m\u00e1ximo \u00f3rgano asesor de la Consejer\u00eda de Educaci\u00f3n, Cultura y Deporte en materia patrimonial, ha analizado hoy un total de 18 asuntos relativos a propuestas de protecci\u00f3n patrimonial y a proyectos de intervenci\u00f3n en bienes protegidos. La reuni\u00f3n, presidida por la consejera de Educaci\u00f3n, Ana Gonz\u00e1lez,","canonical_url":"https:\/\/www.eldigitaldeasturias.com\/noticias\/patrimonio-inicia-los-tramites-para-declarar-bien-de-interes-cultural-de-caracter-inmaterial-la-tonada-asturiana\/","robots":"max-image-preview:large","keywords":"actualidad asturias","webmasterTools":{"google-site-verification":"UA-38556648-1","msvalidate.01":"7dfe9f3f1b24437ab69f4f2559babe99","miscellaneous":""},"schema":{"@context":"https:\/\/schema.org","@graph":[{"@type":"BlogPosting","@id":"https:\/\/www.eldigitaldeasturias.com\/noticias\/patrimonio-inicia-los-tramites-para-declarar-bien-de-interes-cultural-de-caracter-inmaterial-la-tonada-asturiana\/#blogposting","name":"Patrimonio inicia los tr\u00e1mites para declarar Bien de Inter\u00e9s Cultural de Car\u00e1cter Inmaterial la tonada asturiana - El Digital de Asturias","headline":"Patrimonio inicia los tr\u00e1mites para declarar Bien de Inter\u00e9s Cultural de Car\u00e1cter Inmaterial la tonada asturiana","author":{"@id":"https:\/\/www.eldigitaldeasturias.com\/noticias\/author\/admin\/#author"},"publisher":{"@id":"https:\/\/www.eldigitaldeasturias.com\/noticias\/#organization"},"image":{"@type":"ImageObject","url":454214},"datePublished":"2013-12-10T21:47:47+01:00","dateModified":"2013-12-10T21:47:47+01:00","inLanguage":"es-ES","mainEntityOfPage":{"@id":"https:\/\/www.eldigitaldeasturias.com\/noticias\/patrimonio-inicia-los-tramites-para-declarar-bien-de-interes-cultural-de-caracter-inmaterial-la-tonada-asturiana\/#webpage"},"isPartOf":{"@id":"https:\/\/www.eldigitaldeasturias.com\/noticias\/patrimonio-inicia-los-tramites-para-declarar-bien-de-interes-cultural-de-caracter-inmaterial-la-tonada-asturiana\/#webpage"},"articleSection":"Actualidad Asturias"},{"@type":"BreadcrumbList","@id":"https:\/\/www.eldigitaldeasturias.com\/noticias\/patrimonio-inicia-los-tramites-para-declarar-bien-de-interes-cultural-de-caracter-inmaterial-la-tonada-asturiana\/#breadcrumblist","itemListElement":[{"@type":"ListItem","@id":"https:\/\/www.eldigitaldeasturias.com\/noticias#listItem","position":1,"name":"Home","item":"https:\/\/www.eldigitaldeasturias.com\/noticias","nextItem":{"@type":"ListItem","@id":"https:\/\/www.eldigitaldeasturias.com\/noticias\/category\/actualidad-asturias\/#listItem","name":"Actualidad Asturias"}},{"@type":"ListItem","@id":"https:\/\/www.eldigitaldeasturias.com\/noticias\/category\/actualidad-asturias\/#listItem","position":2,"name":"Actualidad Asturias","item":"https:\/\/www.eldigitaldeasturias.com\/noticias\/category\/actualidad-asturias\/","nextItem":{"@type":"ListItem","@id":"https:\/\/www.eldigitaldeasturias.com\/noticias\/patrimonio-inicia-los-tramites-para-declarar-bien-de-interes-cultural-de-caracter-inmaterial-la-tonada-asturiana\/#listItem","name":"Patrimonio inicia los tr\u00e1mites para declarar Bien de Inter\u00e9s Cultural de Car\u00e1cter Inmaterial la tonada asturiana"},"previousItem":{"@type":"ListItem","@id":"https:\/\/www.eldigitaldeasturias.com\/noticias#listItem","name":"Home"}},{"@type":"ListItem","@id":"https:\/\/www.eldigitaldeasturias.com\/noticias\/patrimonio-inicia-los-tramites-para-declarar-bien-de-interes-cultural-de-caracter-inmaterial-la-tonada-asturiana\/#listItem","position":3,"name":"Patrimonio inicia los tr\u00e1mites para declarar Bien de Inter\u00e9s Cultural de Car\u00e1cter Inmaterial la tonada asturiana","previousItem":{"@type":"ListItem","@id":"https:\/\/www.eldigitaldeasturias.com\/noticias\/category\/actualidad-asturias\/#listItem","name":"Actualidad Asturias"}}]},{"@type":"Organization","@id":"https:\/\/www.eldigitaldeasturias.com\/noticias\/#organization","name":"El Digital de Asturias","description":"Hemeroteca","url":"https:\/\/www.eldigitaldeasturias.com\/noticias\/","email":"info@eldigitaldeasturias.com","telephone":"+34652131393","logo":{"@type":"ImageObject","url":"https:\/\/www.eldigitaldeasturias.com\/noticias\/wp-content\/uploads\/2020\/12\/EDA.jpg","@id":"https:\/\/www.eldigitaldeasturias.com\/noticias\/patrimonio-inicia-los-tramites-para-declarar-bien-de-interes-cultural-de-caracter-inmaterial-la-tonada-asturiana\/#organizationLogo"},"image":{"@id":"https:\/\/www.eldigitaldeasturias.com\/noticias\/patrimonio-inicia-los-tramites-para-declarar-bien-de-interes-cultural-de-caracter-inmaterial-la-tonada-asturiana\/#organizationLogo"},"sameAs":["https:\/\/facebook.com\/eldigitaldeasturias","https:\/\/www.youtube.com\/channel\/UCZP-2wLEB9Rv6erhFmqVnvg"],"address":{"@id":"https:\/\/www.eldigitaldeasturias.com\/noticias\/#postaladdress","@type":"PostalAddress","streetAddress":"san antonio 4","postalCode":"33430","addressLocality":"Cand\u00e1s","addressRegion":"Asturias","addressCountry":"ES"}},{"@type":"Person","@id":"https:\/\/www.eldigitaldeasturias.com\/noticias\/author\/admin\/#author","url":"https:\/\/www.eldigitaldeasturias.com\/noticias\/author\/admin\/","name":"El Digital de Asturias","image":{"@type":"ImageObject","@id":"https:\/\/www.eldigitaldeasturias.com\/noticias\/patrimonio-inicia-los-tramites-para-declarar-bien-de-interes-cultural-de-caracter-inmaterial-la-tonada-asturiana\/#authorImage","url":"https:\/\/secure.gravatar.com\/avatar\/df2aeffc32bcd13f8d26072ef8a91b623d677766deac7f97ca815868cd41bf5e?s=96&d=mm&r=g","width":96,"height":96,"caption":"El Digital de Asturias"}},{"@type":"WebPage","@id":"https:\/\/www.eldigitaldeasturias.com\/noticias\/patrimonio-inicia-los-tramites-para-declarar-bien-de-interes-cultural-de-caracter-inmaterial-la-tonada-asturiana\/#webpage","url":"https:\/\/www.eldigitaldeasturias.com\/noticias\/patrimonio-inicia-los-tramites-para-declarar-bien-de-interes-cultural-de-caracter-inmaterial-la-tonada-asturiana\/","name":"Patrimonio inicia los tr\u00e1mites para declarar Bien de Inter\u00e9s Cultural de Car\u00e1cter Inmaterial la tonada asturiana - El Digital de Asturias","description":"El pleno del Consejo de Patrimonio Cultural de Asturias, m\u00e1ximo \u00f3rgano asesor de la Consejer\u00eda de Educaci\u00f3n, Cultura y Deporte en materia patrimonial, ha analizado hoy un total de 18 asuntos relativos a propuestas de protecci\u00f3n patrimonial y a proyectos de intervenci\u00f3n en bienes protegidos. La reuni\u00f3n, presidida por la consejera de Educaci\u00f3n, Ana Gonz\u00e1lez,","inLanguage":"es-ES","isPartOf":{"@id":"https:\/\/www.eldigitaldeasturias.com\/noticias\/#website"},"breadcrumb":{"@id":"https:\/\/www.eldigitaldeasturias.com\/noticias\/patrimonio-inicia-los-tramites-para-declarar-bien-de-interes-cultural-de-caracter-inmaterial-la-tonada-asturiana\/#breadcrumblist"},"author":{"@id":"https:\/\/www.eldigitaldeasturias.com\/noticias\/author\/admin\/#author"},"creator":{"@id":"https:\/\/www.eldigitaldeasturias.com\/noticias\/author\/admin\/#author"},"image":{"@type":"ImageObject","url":454214,"@id":"https:\/\/www.eldigitaldeasturias.com\/noticias\/patrimonio-inicia-los-tramites-para-declarar-bien-de-interes-cultural-de-caracter-inmaterial-la-tonada-asturiana\/#mainImage"},"primaryImageOfPage":{"@id":"https:\/\/www.eldigitaldeasturias.com\/noticias\/patrimonio-inicia-los-tramites-para-declarar-bien-de-interes-cultural-de-caracter-inmaterial-la-tonada-asturiana\/#mainImage"},"datePublished":"2013-12-10T21:47:47+01:00","dateModified":"2013-12-10T21:47:47+01:00"},{"@type":"WebSite","@id":"https:\/\/www.eldigitaldeasturias.com\/noticias\/#website","url":"https:\/\/www.eldigitaldeasturias.com\/noticias\/","name":"El Digital de Asturias - Diario de actualidad y noticias","alternateName":"El Digital de Asturias - Diario de actualidad y noticias","description":"Hemeroteca","inLanguage":"es-ES","publisher":{"@id":"https:\/\/www.eldigitaldeasturias.com\/noticias\/#organization"}}]},"og:locale":"es_ES","og:site_name":"El Digital de Asturias","og:type":"article","og:title":"Patrimonio inicia los tr\u00e1mites para declarar Bien de Inter\u00e9s Cultural de Car\u00e1cter Inmaterial la tonada asturiana - El Digital de Asturias","og:description":"El pleno del Consejo de Patrimonio Cultural de Asturias, m\u00e1ximo \u00f3rgano asesor de la Consejer\u00eda de Educaci\u00f3n, Cultura y Deporte en materia patrimonial, ha analizado hoy un total de 18 asuntos relativos a propuestas de protecci\u00f3n patrimonial y a proyectos de intervenci\u00f3n en bienes protegidos. La reuni\u00f3n, presidida por la consejera de Educaci\u00f3n, Ana Gonz\u00e1lez,","og:url":"https:\/\/www.eldigitaldeasturias.com\/noticias\/patrimonio-inicia-los-tramites-para-declarar-bien-de-interes-cultural-de-caracter-inmaterial-la-tonada-asturiana\/","article:tag":["actualidad asturias"],"article:published_time":"2013-12-10T22:47:47+00:00","article:modified_time":"2013-12-10T22:47:47+00:00","article:publisher":"https:\/\/facebook.com\/eldigitaldeasturias","twitter:card":"summary_large_image","twitter:title":"Patrimonio inicia los tr\u00e1mites para declarar Bien de Inter\u00e9s Cultural de Car\u00e1cter Inmaterial la tonada asturiana - El Digital de Asturias","twitter:description":"El pleno del Consejo de Patrimonio Cultural de Asturias, m\u00e1ximo \u00f3rgano asesor de la Consejer\u00eda de Educaci\u00f3n, Cultura y Deporte en materia patrimonial, ha analizado hoy un total de 18 asuntos relativos a propuestas de protecci\u00f3n patrimonial y a proyectos de intervenci\u00f3n en bienes protegidos. La reuni\u00f3n, presidida por la consejera de Educaci\u00f3n, Ana Gonz\u00e1lez,","twitter:label1":"Escrito por","twitter:data1":"El Digital de Asturias","twitter:label2":"Tiempo de lectura estimado","twitter:data2":"6 minutos"},"aioseo_meta_data":{"post_id":"460147","title":null,"description":null,"keywords":null,"keyphrases":null,"primary_term":null,"canonical_url":null,"og_title":null,"og_description":null,"og_object_type":"default","og_image_type":"default","og_image_url":null,"og_image_width":null,"og_image_height":null,"og_image_custom_url":null,"og_image_custom_fields":null,"og_video":null,"og_custom_url":null,"og_article_section":null,"og_article_tags":null,"twitter_use_og":true,"twitter_card":"default","twitter_image_type":"default","twitter_image_url":null,"twitter_image_custom_url":null,"twitter_image_custom_fields":null,"twitter_title":null,"twitter_description":null,"schema":{"blockGraphs":[],"customGraphs":[],"default":{"data":{"Article":[],"Course":[],"Dataset":[],"FAQPage":[],"Movie":[],"Person":[],"Product":[],"ProductReview":[],"Car":[],"Recipe":[],"Service":[],"SoftwareApplication":[],"WebPage":[]},"graphName":"","isEnabled":true},"graphs":[],"defaultGraph":"","defaultPostTypeGraph":""},"schema_type":null,"schema_type_options":null,"pillar_content":false,"robots_default":true,"robots_noindex":false,"robots_noarchive":false,"robots_nosnippet":false,"robots_nofollow":false,"robots_noimageindex":false,"robots_noodp":false,"robots_notranslate":false,"robots_max_snippet":null,"robots_max_videopreview":null,"robots_max_imagepreview":"none","priority":null,"frequency":null,"local_seo":null,"seo_analyzer_scan_date":"2026-05-30 11:59:53","breadcrumb_settings":null,"limit_modified_date":false,"open_ai":null,"ai":null,"created":"2020-11-14 22:47:43","updated":"2026-05-30 11:59:53","focus_keyword":null,"additional_keywords":null,"truseo_locale":null},"aioseo_breadcrumb":"<div class=\"aioseo-breadcrumbs\"><span class=\"aioseo-breadcrumb\">\n\t<a href=\"https:\/\/www.eldigitaldeasturias.com\/noticias\" title=\"Home\">Home<\/a>\n<\/span><span class=\"aioseo-breadcrumb-separator\">\u2013<\/span><span class=\"aioseo-breadcrumb\">\n\t<a href=\"https:\/\/www.eldigitaldeasturias.com\/noticias\/category\/actualidad-asturias\/\" title=\"Actualidad Asturias\">Actualidad Asturias<\/a>\n<\/span><span class=\"aioseo-breadcrumb-separator\">\u2013<\/span><span class=\"aioseo-breadcrumb\">\n\t<a href=\"https:\/\/www.eldigitaldeasturias.com\/noticias\/patrimonio-inicia-los-tramites-para-declarar-bien-de-interes-cultural-de-caracter-inmaterial-la-tonada-asturiana\/\" title=\"Patrimonio inicia los tr\u00e1mites para declarar Bien de Inter\u00e9s Cultural de Car\u00e1cter Inmaterial la tonada asturiana\">Patrimonio inicia los tr\u00e1mites para declarar Bien de Inter\u00e9s Cultural de Car\u00e1cter Inmaterial la tonada asturiana<\/a>\n<\/span><\/div>","aioseo_breadcrumb_json":[{"label":"Home","link":"https:\/\/www.eldigitaldeasturias.com\/noticias"},{"label":"Actualidad Asturias","link":"https:\/\/www.eldigitaldeasturias.com\/noticias\/category\/actualidad-asturias\/"},{"label":"Patrimonio inicia los tr\u00e1mites para declarar Bien de Inter\u00e9s Cultural de Car\u00e1cter Inmaterial la tonada asturiana","link":"https:\/\/www.eldigitaldeasturias.com\/noticias\/patrimonio-inicia-los-tramites-para-declarar-bien-de-interes-cultural-de-caracter-inmaterial-la-tonada-asturiana\/"}],"_links":{"self":[{"href":"https:\/\/www.eldigitaldeasturias.com\/noticias\/wp-json\/wp\/v2\/posts\/460147","targetHints":{"allow":["GET"]}}],"collection":[{"href":"https:\/\/www.eldigitaldeasturias.com\/noticias\/wp-json\/wp\/v2\/posts"}],"about":[{"href":"https:\/\/www.eldigitaldeasturias.com\/noticias\/wp-json\/wp\/v2\/types\/post"}],"author":[{"embeddable":true,"href":"https:\/\/www.eldigitaldeasturias.com\/noticias\/wp-json\/wp\/v2\/users\/1"}],"replies":[{"embeddable":true,"href":"https:\/\/www.eldigitaldeasturias.com\/noticias\/wp-json\/wp\/v2\/comments?post=460147"}],"version-history":[{"count":0,"href":"https:\/\/www.eldigitaldeasturias.com\/noticias\/wp-json\/wp\/v2\/posts\/460147\/revisions"}],"wp:attachment":[{"href":"https:\/\/www.eldigitaldeasturias.com\/noticias\/wp-json\/wp\/v2\/media?parent=460147"}],"wp:term":[{"taxonomy":"category","embeddable":true,"href":"https:\/\/www.eldigitaldeasturias.com\/noticias\/wp-json\/wp\/v2\/categories?post=460147"},{"taxonomy":"post_tag","embeddable":true,"href":"https:\/\/www.eldigitaldeasturias.com\/noticias\/wp-json\/wp\/v2\/tags?post=460147"}],"curies":[{"name":"wp","href":"https:\/\/api.w.org\/{rel}","templated":true}]}}