{"id":460142,"date":"2013-12-10T21:42:20","date_gmt":"2013-12-10T22:42:20","guid":{"rendered":"http:\/\/www.eldigitaldeasturias.com\/noticias\/?p=460142"},"modified":"2013-12-10T22:17:55","modified_gmt":"2013-12-10T23:17:55","slug":"el-supremo-cambia-a-compartida-la-custodia-de-un-menor-por-la-nueva-doctrina-del-constitucional","status":"publish","type":"post","link":"https:\/\/www.eldigitaldeasturias.com\/noticias\/el-supremo-cambia-a-compartida-la-custodia-de-un-menor-por-la-nueva-doctrina-del-constitucional\/","title":{"rendered":"El Supremo cambia a compartida la custodia de un menor por la nueva doctrina del Constitucional"},"content":{"rendered":"<p><img loading=\"lazy\" decoding=\"async\" class=\"alignleft size-medium wp-image-460143\" alt=\"5783589w\" src=\"https:\/\/www.eldigitaldeasturias.com\/noticias\/wp-content\/uploads\/2013\/12\/5783589w-360x238.jpg\" width=\"360\" height=\"238\" \/>Madrid, 10 dic (EFE).- El Tribunal Supremo ha modificado la situaci\u00f3n de un menor que viv\u00eda con su madre y ha impuesto la custodia compartida entre los dos progenitores porque la nueva doctrina del Tribunal Constitucional considera que este r\u00e9gimen debe ser \u00abnormal y no excepcional\u00bb.<\/p>\n<p>En su sentencia, el Supremo considera que la nueva doctrina al respecto del Constitucional supone \u00abun cambio de circunstancias extraordinario y sobrevenido\u00bb sobre el marco legal que llev\u00f3 inicialmente a poner la custodia en manos de la madre en el caso citado.<\/p>\n<p>Se trata de un matrimonio gallego casado en septiembre de 2008, divorciado poco m\u00e1s de un a\u00f1o despu\u00e9s de la boda (noviembre de 2009) y cuyo hijo naci\u00f3 en marzo de 2009.<\/p>\n<p>En su sentencia de hoy el Supremo, aunque reconoce que su jurisprudencia impone que \u00abla revisi\u00f3n en casaci\u00f3n de los casos de guarda y custodia solo puede realizarse si el juez a quo ha aplicado incorrectamente el principio de protecci\u00f3n del menor\u00bb, modifica este r\u00e9gimen.<\/p>\n<p>Y lo hace porque, a la vista del citado cambio doctrinal y de otras modificaciones legislativas, como la habida en el C\u00f3digo Civil, y tras estudiar las circunstancias del caso, considera que convivir con ambos padres alternativamente favorecer\u00e1 al menor.<\/p>\n<p>\u00abSe ha producido un cambio de circunstancias extraordinario y sobrevenido tras la jurisprudencia citada del Tribunal Constitucional, de la que esta sala se ha hecho eco, hasta el punto de establecer que el sistema de custodia compartida debe considerarse normal y no excepcional\u00bb, se\u00f1ala en este sentido la sentencia.<\/p>\n<p>Junto a ello, el TC ha establecido tambi\u00e9n que el juez podr\u00e1 adoptar las decisiones que crea mejores para el menor sin estar obligado por la posici\u00f3n que adopte el fiscal, recuerda tambi\u00e9n el Supremo.<\/p>\n<p>Todo ello se complementa, a\u00f1ade, con \u00abla reforma del C\u00f3digo Civil sobre la materia y la amplia legislaci\u00f3n auton\u00f3mica favorecedora de la custodia compartida, bien sabido que todo cambio de circunstancia est\u00e1 supeditado a que favorezca el inter\u00e9s del menor\u00bb.<\/p>\n<p>El caso que lleva a tomar este fallo al Supremo es el de un matrimonio divorciado en Orense en noviembre de 2009 sobre cuyo \u00fanico hijo se adopt\u00f3 inicialmente el r\u00e9gimen de custodia para la madre, r\u00e9gimen contra el que recurri\u00f3 el padre.<\/p>\n<p>El Juzgado de Primera Instancia acept\u00f3 el recurso del padre pero fue entonces la madre la que se opuso y la Audiencia Provincial, ya en 2012, le dio la raz\u00f3n a ella, acordando volver a la situaci\u00f3n inicial. El fiscal y el padre acudieron entonces al Supremo.<\/p>\n<p>El padre ha argumentado que las circunstancias en las que se acord\u00f3 la custodia para la madre han cambiado y el fiscal, por su parte, considera que no se ha defendido el inter\u00e9s del menor porque la custodia compartida est\u00e1 fijada en la m\u00e1s reciente jurisprudencia como m\u00e1s favorable para los hijos en casos de divorcio.<\/p>\n<p>El Supremo valora que durante el tiempo en que ambos compartieron la custodia no hubo incidencias, que los horarios del padre le permiten atender al ni\u00f1o, que no consta un grado de enfrentamiento entre los padres que haga imposible el acuerdo y tambi\u00e9n otros elementos como la proximidad de los domicilios de ambos o que la madre seguir\u00e1 viendo al ni\u00f1o a diario cuando est\u00e9 con el padre porque es profesora de su colegio.<\/p>\n<p>As\u00ed, viendo que en este caso concreto no hay elementos que modifiquen el criterio general, el Supremo considera que debe adoptarse la custodia compartida.<\/p>\n","protected":false},"excerpt":{"rendered":"<p>Madrid, 10 dic (EFE).- El Tribunal Supremo ha modificado la situaci\u00f3n de un menor que viv\u00eda con su madre y ha impuesto la custodia compartida entre los dos progenitores porque la nueva doctrina del Tribunal Constitucional considera que este r\u00e9gimen debe ser \u00abnormal y no excepcional\u00bb. En su sentencia, el Supremo considera que la nueva [&hellip;]<\/p>\n","protected":false},"author":1,"featured_media":460143,"comment_status":"closed","ping_status":"open","sticky":false,"template":"","format":"standard","meta":{"footnotes":""},"categories":[5],"tags":[],"class_list":["post-460142","post","type-post","status-publish","format-standard","has-post-thumbnail","hentry","category-sucesos"],"aioseo_notices":[],"aioseo_head":"\n\t\t<!-- All in One SEO Pro 5.0.1 - aioseo.com -->\n\t<meta name=\"description\" content=\"Madrid, 10 dic (EFE).- El Tribunal Supremo ha modificado la situaci\u00f3n de un menor que viv\u00eda con su madre y ha impuesto la custodia compartida entre los dos progenitores porque la nueva doctrina del Tribunal Constitucional considera que este r\u00e9gimen debe ser &quot;normal y no excepcional&quot;. En su sentencia, el Supremo considera que la nueva\" \/>\n\t<meta name=\"robots\" content=\"max-image-preview:large\" \/>\n\t<meta name=\"author\" content=\"El Digital de Asturias\"\/>\n\t<meta name=\"google-site-verification\" content=\"UA-38556648-1\" \/>\n\t<meta name=\"msvalidate.01\" content=\"7dfe9f3f1b24437ab69f4f2559babe99\" \/>\n\t<meta name=\"keywords\" content=\"sucesos\" \/>\n\t<link rel=\"canonical\" href=\"https:\/\/www.eldigitaldeasturias.com\/noticias\/el-supremo-cambia-a-compartida-la-custodia-de-un-menor-por-la-nueva-doctrina-del-constitucional\/\" \/>\n\t<meta name=\"generator\" content=\"All in One SEO Pro (AIOSEO) 5.0.1\" \/>\n\t\t<meta property=\"og:locale\" content=\"es_ES\" \/>\n\t\t<meta property=\"og:site_name\" content=\"El Digital de Asturias\" \/>\n\t\t<meta property=\"og:type\" content=\"article\" \/>\n\t\t<meta property=\"og:title\" content=\"El Supremo cambia a compartida la custodia de un menor por la nueva doctrina del Constitucional - El Digital de Asturias\" \/>\n\t\t<meta property=\"og:description\" content=\"Madrid, 10 dic (EFE).- El Tribunal Supremo ha modificado la situaci\u00f3n de un menor que viv\u00eda con su madre y ha impuesto la custodia compartida entre los dos progenitores porque la nueva doctrina del Tribunal Constitucional considera que este r\u00e9gimen debe ser &quot;normal y no excepcional&quot;. En su sentencia, el Supremo considera que la nueva\" \/>\n\t\t<meta property=\"og:url\" content=\"https:\/\/www.eldigitaldeasturias.com\/noticias\/el-supremo-cambia-a-compartida-la-custodia-de-un-menor-por-la-nueva-doctrina-del-constitucional\/\" \/>\n\t\t<meta property=\"article:tag\" content=\"sucesos\" \/>\n\t\t<meta property=\"article:published_time\" content=\"2013-12-10T22:42:20+00:00\" \/>\n\t\t<meta property=\"article:modified_time\" content=\"2013-12-10T23:17:55+00:00\" \/>\n\t\t<meta property=\"article:publisher\" content=\"https:\/\/facebook.com\/eldigitaldeasturias\" \/>\n\t\t<meta name=\"twitter:card\" content=\"summary_large_image\" \/>\n\t\t<meta name=\"twitter:title\" content=\"El Supremo cambia a compartida la custodia de un menor por la nueva doctrina del Constitucional - El Digital de Asturias\" \/>\n\t\t<meta name=\"twitter:description\" content=\"Madrid, 10 dic (EFE).- El Tribunal Supremo ha modificado la situaci\u00f3n de un menor que viv\u00eda con su madre y ha impuesto la custodia compartida entre los dos progenitores porque la nueva doctrina del Tribunal Constitucional considera que este r\u00e9gimen debe ser &quot;normal y no excepcional&quot;. En su sentencia, el Supremo considera que la nueva\" \/>\n\t\t<meta name=\"twitter:label1\" content=\"Escrito por\" \/>\n\t\t<meta name=\"twitter:data1\" content=\"El Digital de Asturias\" \/>\n\t\t<meta name=\"twitter:label2\" content=\"Tiempo de lectura estimado\" \/>\n\t\t<meta name=\"twitter:data2\" content=\"3 minutos\" \/>\n\t\t<script type=\"application\/ld+json\" class=\"aioseo-schema\">\n\t\t\t{\"@context\":\"https:\\\/\\\/schema.org\",\"@graph\":[{\"@type\":\"BlogPosting\",\"@id\":\"https:\\\/\\\/www.eldigitaldeasturias.com\\\/noticias\\\/el-supremo-cambia-a-compartida-la-custodia-de-un-menor-por-la-nueva-doctrina-del-constitucional\\\/#blogposting\",\"name\":\"El Supremo cambia a compartida la custodia de un menor por la nueva doctrina del Constitucional - El Digital de Asturias\",\"headline\":\"El Supremo cambia a compartida la custodia de un menor por la nueva doctrina del Constitucional\",\"author\":{\"@id\":\"https:\\\/\\\/www.eldigitaldeasturias.com\\\/noticias\\\/author\\\/admin\\\/#author\"},\"publisher\":{\"@id\":\"https:\\\/\\\/www.eldigitaldeasturias.com\\\/noticias\\\/#organization\"},\"image\":{\"@type\":\"ImageObject\",\"url\":460143},\"datePublished\":\"2013-12-10T21:42:20+01:00\",\"dateModified\":\"2013-12-10T22:17:55+01:00\",\"inLanguage\":\"es-ES\",\"mainEntityOfPage\":{\"@id\":\"https:\\\/\\\/www.eldigitaldeasturias.com\\\/noticias\\\/el-supremo-cambia-a-compartida-la-custodia-de-un-menor-por-la-nueva-doctrina-del-constitucional\\\/#webpage\"},\"isPartOf\":{\"@id\":\"https:\\\/\\\/www.eldigitaldeasturias.com\\\/noticias\\\/el-supremo-cambia-a-compartida-la-custodia-de-un-menor-por-la-nueva-doctrina-del-constitucional\\\/#webpage\"},\"articleSection\":\"Sucesos\"},{\"@type\":\"BreadcrumbList\",\"@id\":\"https:\\\/\\\/www.eldigitaldeasturias.com\\\/noticias\\\/el-supremo-cambia-a-compartida-la-custodia-de-un-menor-por-la-nueva-doctrina-del-constitucional\\\/#breadcrumblist\",\"itemListElement\":[{\"@type\":\"ListItem\",\"@id\":\"https:\\\/\\\/www.eldigitaldeasturias.com\\\/noticias#listItem\",\"position\":1,\"name\":\"Home\",\"item\":\"https:\\\/\\\/www.eldigitaldeasturias.com\\\/noticias\",\"nextItem\":{\"@type\":\"ListItem\",\"@id\":\"https:\\\/\\\/www.eldigitaldeasturias.com\\\/noticias\\\/category\\\/sucesos\\\/#listItem\",\"name\":\"Sucesos\"}},{\"@type\":\"ListItem\",\"@id\":\"https:\\\/\\\/www.eldigitaldeasturias.com\\\/noticias\\\/category\\\/sucesos\\\/#listItem\",\"position\":2,\"name\":\"Sucesos\",\"item\":\"https:\\\/\\\/www.eldigitaldeasturias.com\\\/noticias\\\/category\\\/sucesos\\\/\",\"nextItem\":{\"@type\":\"ListItem\",\"@id\":\"https:\\\/\\\/www.eldigitaldeasturias.com\\\/noticias\\\/el-supremo-cambia-a-compartida-la-custodia-de-un-menor-por-la-nueva-doctrina-del-constitucional\\\/#listItem\",\"name\":\"El Supremo cambia a compartida la custodia de un menor por la nueva doctrina del Constitucional\"},\"previousItem\":{\"@type\":\"ListItem\",\"@id\":\"https:\\\/\\\/www.eldigitaldeasturias.com\\\/noticias#listItem\",\"name\":\"Home\"}},{\"@type\":\"ListItem\",\"@id\":\"https:\\\/\\\/www.eldigitaldeasturias.com\\\/noticias\\\/el-supremo-cambia-a-compartida-la-custodia-de-un-menor-por-la-nueva-doctrina-del-constitucional\\\/#listItem\",\"position\":3,\"name\":\"El Supremo cambia a compartida la custodia de un menor por la nueva doctrina del Constitucional\",\"previousItem\":{\"@type\":\"ListItem\",\"@id\":\"https:\\\/\\\/www.eldigitaldeasturias.com\\\/noticias\\\/category\\\/sucesos\\\/#listItem\",\"name\":\"Sucesos\"}}]},{\"@type\":\"Organization\",\"@id\":\"https:\\\/\\\/www.eldigitaldeasturias.com\\\/noticias\\\/#organization\",\"name\":\"El Digital de Asturias\",\"description\":\"Hemeroteca\",\"url\":\"https:\\\/\\\/www.eldigitaldeasturias.com\\\/noticias\\\/\",\"email\":\"info@eldigitaldeasturias.com\",\"telephone\":\"+34652131393\",\"logo\":{\"@type\":\"ImageObject\",\"url\":\"https:\\\/\\\/www.eldigitaldeasturias.com\\\/noticias\\\/wp-content\\\/uploads\\\/2020\\\/12\\\/EDA.jpg\",\"@id\":\"https:\\\/\\\/www.eldigitaldeasturias.com\\\/noticias\\\/el-supremo-cambia-a-compartida-la-custodia-de-un-menor-por-la-nueva-doctrina-del-constitucional\\\/#organizationLogo\"},\"image\":{\"@id\":\"https:\\\/\\\/www.eldigitaldeasturias.com\\\/noticias\\\/el-supremo-cambia-a-compartida-la-custodia-de-un-menor-por-la-nueva-doctrina-del-constitucional\\\/#organizationLogo\"},\"sameAs\":[\"https:\\\/\\\/facebook.com\\\/eldigitaldeasturias\",\"https:\\\/\\\/www.youtube.com\\\/channel\\\/UCZP-2wLEB9Rv6erhFmqVnvg\"],\"address\":{\"@id\":\"https:\\\/\\\/www.eldigitaldeasturias.com\\\/noticias\\\/#postaladdress\",\"@type\":\"PostalAddress\",\"streetAddress\":\"san antonio 4\",\"postalCode\":\"33430\",\"addressLocality\":\"Cand\\u00e1s\",\"addressRegion\":\"Asturias\",\"addressCountry\":\"ES\"}},{\"@type\":\"Person\",\"@id\":\"https:\\\/\\\/www.eldigitaldeasturias.com\\\/noticias\\\/author\\\/admin\\\/#author\",\"url\":\"https:\\\/\\\/www.eldigitaldeasturias.com\\\/noticias\\\/author\\\/admin\\\/\",\"name\":\"El Digital de Asturias\",\"image\":{\"@type\":\"ImageObject\",\"@id\":\"https:\\\/\\\/www.eldigitaldeasturias.com\\\/noticias\\\/el-supremo-cambia-a-compartida-la-custodia-de-un-menor-por-la-nueva-doctrina-del-constitucional\\\/#authorImage\",\"url\":\"https:\\\/\\\/secure.gravatar.com\\\/avatar\\\/df2aeffc32bcd13f8d26072ef8a91b623d677766deac7f97ca815868cd41bf5e?s=96&d=mm&r=g\",\"width\":96,\"height\":96,\"caption\":\"El Digital de Asturias\"}},{\"@type\":\"WebPage\",\"@id\":\"https:\\\/\\\/www.eldigitaldeasturias.com\\\/noticias\\\/el-supremo-cambia-a-compartida-la-custodia-de-un-menor-por-la-nueva-doctrina-del-constitucional\\\/#webpage\",\"url\":\"https:\\\/\\\/www.eldigitaldeasturias.com\\\/noticias\\\/el-supremo-cambia-a-compartida-la-custodia-de-un-menor-por-la-nueva-doctrina-del-constitucional\\\/\",\"name\":\"El Supremo cambia a compartida la custodia de un menor por la nueva doctrina del Constitucional - El Digital de Asturias\",\"description\":\"Madrid, 10 dic (EFE).- El Tribunal Supremo ha modificado la situaci\\u00f3n de un menor que viv\\u00eda con su madre y ha impuesto la custodia compartida entre los dos progenitores porque la nueva doctrina del Tribunal Constitucional considera que este r\\u00e9gimen debe ser \\\"normal y no excepcional\\\". En su sentencia, el Supremo considera que la nueva\",\"inLanguage\":\"es-ES\",\"isPartOf\":{\"@id\":\"https:\\\/\\\/www.eldigitaldeasturias.com\\\/noticias\\\/#website\"},\"breadcrumb\":{\"@id\":\"https:\\\/\\\/www.eldigitaldeasturias.com\\\/noticias\\\/el-supremo-cambia-a-compartida-la-custodia-de-un-menor-por-la-nueva-doctrina-del-constitucional\\\/#breadcrumblist\"},\"author\":{\"@id\":\"https:\\\/\\\/www.eldigitaldeasturias.com\\\/noticias\\\/author\\\/admin\\\/#author\"},\"creator\":{\"@id\":\"https:\\\/\\\/www.eldigitaldeasturias.com\\\/noticias\\\/author\\\/admin\\\/#author\"},\"image\":{\"@type\":\"ImageObject\",\"url\":460143,\"@id\":\"https:\\\/\\\/www.eldigitaldeasturias.com\\\/noticias\\\/el-supremo-cambia-a-compartida-la-custodia-de-un-menor-por-la-nueva-doctrina-del-constitucional\\\/#mainImage\"},\"primaryImageOfPage\":{\"@id\":\"https:\\\/\\\/www.eldigitaldeasturias.com\\\/noticias\\\/el-supremo-cambia-a-compartida-la-custodia-de-un-menor-por-la-nueva-doctrina-del-constitucional\\\/#mainImage\"},\"datePublished\":\"2013-12-10T21:42:20+01:00\",\"dateModified\":\"2013-12-10T22:17:55+01:00\"},{\"@type\":\"WebSite\",\"@id\":\"https:\\\/\\\/www.eldigitaldeasturias.com\\\/noticias\\\/#website\",\"url\":\"https:\\\/\\\/www.eldigitaldeasturias.com\\\/noticias\\\/\",\"name\":\"El Digital de Asturias - Diario de actualidad y noticias\",\"alternateName\":\"El Digital de Asturias - Diario de actualidad y noticias\",\"description\":\"Hemeroteca\",\"inLanguage\":\"es-ES\",\"publisher\":{\"@id\":\"https:\\\/\\\/www.eldigitaldeasturias.com\\\/noticias\\\/#organization\"}}]}\n\t\t<\/script>\n\t\t<!-- All in One SEO Pro -->\r\n\t\t<title>El Supremo cambia a compartida la custodia de un menor por la nueva doctrina del Constitucional - El Digital de Asturias<\/title>\n\n","aioseo_head_json":{"title":"El Supremo cambia a compartida la custodia de un menor por la nueva doctrina del Constitucional - El Digital de Asturias","description":"Madrid, 10 dic (EFE).- El Tribunal Supremo ha modificado la situaci\u00f3n de un menor que viv\u00eda con su madre y ha impuesto la custodia compartida entre los dos progenitores porque la nueva doctrina del Tribunal Constitucional considera que este r\u00e9gimen debe ser \"normal y no excepcional\". En su sentencia, el Supremo considera que la nueva","canonical_url":"https:\/\/www.eldigitaldeasturias.com\/noticias\/el-supremo-cambia-a-compartida-la-custodia-de-un-menor-por-la-nueva-doctrina-del-constitucional\/","robots":"max-image-preview:large","keywords":"sucesos","webmasterTools":{"google-site-verification":"UA-38556648-1","msvalidate.01":"7dfe9f3f1b24437ab69f4f2559babe99","miscellaneous":""},"schema":{"@context":"https:\/\/schema.org","@graph":[{"@type":"BlogPosting","@id":"https:\/\/www.eldigitaldeasturias.com\/noticias\/el-supremo-cambia-a-compartida-la-custodia-de-un-menor-por-la-nueva-doctrina-del-constitucional\/#blogposting","name":"El Supremo cambia a compartida la custodia de un menor por la nueva doctrina del Constitucional - El Digital de Asturias","headline":"El Supremo cambia a compartida la custodia de un menor por la nueva doctrina del Constitucional","author":{"@id":"https:\/\/www.eldigitaldeasturias.com\/noticias\/author\/admin\/#author"},"publisher":{"@id":"https:\/\/www.eldigitaldeasturias.com\/noticias\/#organization"},"image":{"@type":"ImageObject","url":460143},"datePublished":"2013-12-10T21:42:20+01:00","dateModified":"2013-12-10T22:17:55+01:00","inLanguage":"es-ES","mainEntityOfPage":{"@id":"https:\/\/www.eldigitaldeasturias.com\/noticias\/el-supremo-cambia-a-compartida-la-custodia-de-un-menor-por-la-nueva-doctrina-del-constitucional\/#webpage"},"isPartOf":{"@id":"https:\/\/www.eldigitaldeasturias.com\/noticias\/el-supremo-cambia-a-compartida-la-custodia-de-un-menor-por-la-nueva-doctrina-del-constitucional\/#webpage"},"articleSection":"Sucesos"},{"@type":"BreadcrumbList","@id":"https:\/\/www.eldigitaldeasturias.com\/noticias\/el-supremo-cambia-a-compartida-la-custodia-de-un-menor-por-la-nueva-doctrina-del-constitucional\/#breadcrumblist","itemListElement":[{"@type":"ListItem","@id":"https:\/\/www.eldigitaldeasturias.com\/noticias#listItem","position":1,"name":"Home","item":"https:\/\/www.eldigitaldeasturias.com\/noticias","nextItem":{"@type":"ListItem","@id":"https:\/\/www.eldigitaldeasturias.com\/noticias\/category\/sucesos\/#listItem","name":"Sucesos"}},{"@type":"ListItem","@id":"https:\/\/www.eldigitaldeasturias.com\/noticias\/category\/sucesos\/#listItem","position":2,"name":"Sucesos","item":"https:\/\/www.eldigitaldeasturias.com\/noticias\/category\/sucesos\/","nextItem":{"@type":"ListItem","@id":"https:\/\/www.eldigitaldeasturias.com\/noticias\/el-supremo-cambia-a-compartida-la-custodia-de-un-menor-por-la-nueva-doctrina-del-constitucional\/#listItem","name":"El Supremo cambia a compartida la custodia de un menor por la nueva doctrina del Constitucional"},"previousItem":{"@type":"ListItem","@id":"https:\/\/www.eldigitaldeasturias.com\/noticias#listItem","name":"Home"}},{"@type":"ListItem","@id":"https:\/\/www.eldigitaldeasturias.com\/noticias\/el-supremo-cambia-a-compartida-la-custodia-de-un-menor-por-la-nueva-doctrina-del-constitucional\/#listItem","position":3,"name":"El Supremo cambia a compartida la custodia de un menor por la nueva doctrina del Constitucional","previousItem":{"@type":"ListItem","@id":"https:\/\/www.eldigitaldeasturias.com\/noticias\/category\/sucesos\/#listItem","name":"Sucesos"}}]},{"@type":"Organization","@id":"https:\/\/www.eldigitaldeasturias.com\/noticias\/#organization","name":"El Digital de Asturias","description":"Hemeroteca","url":"https:\/\/www.eldigitaldeasturias.com\/noticias\/","email":"info@eldigitaldeasturias.com","telephone":"+34652131393","logo":{"@type":"ImageObject","url":"https:\/\/www.eldigitaldeasturias.com\/noticias\/wp-content\/uploads\/2020\/12\/EDA.jpg","@id":"https:\/\/www.eldigitaldeasturias.com\/noticias\/el-supremo-cambia-a-compartida-la-custodia-de-un-menor-por-la-nueva-doctrina-del-constitucional\/#organizationLogo"},"image":{"@id":"https:\/\/www.eldigitaldeasturias.com\/noticias\/el-supremo-cambia-a-compartida-la-custodia-de-un-menor-por-la-nueva-doctrina-del-constitucional\/#organizationLogo"},"sameAs":["https:\/\/facebook.com\/eldigitaldeasturias","https:\/\/www.youtube.com\/channel\/UCZP-2wLEB9Rv6erhFmqVnvg"],"address":{"@id":"https:\/\/www.eldigitaldeasturias.com\/noticias\/#postaladdress","@type":"PostalAddress","streetAddress":"san antonio 4","postalCode":"33430","addressLocality":"Cand\u00e1s","addressRegion":"Asturias","addressCountry":"ES"}},{"@type":"Person","@id":"https:\/\/www.eldigitaldeasturias.com\/noticias\/author\/admin\/#author","url":"https:\/\/www.eldigitaldeasturias.com\/noticias\/author\/admin\/","name":"El Digital de Asturias","image":{"@type":"ImageObject","@id":"https:\/\/www.eldigitaldeasturias.com\/noticias\/el-supremo-cambia-a-compartida-la-custodia-de-un-menor-por-la-nueva-doctrina-del-constitucional\/#authorImage","url":"https:\/\/secure.gravatar.com\/avatar\/df2aeffc32bcd13f8d26072ef8a91b623d677766deac7f97ca815868cd41bf5e?s=96&d=mm&r=g","width":96,"height":96,"caption":"El Digital de Asturias"}},{"@type":"WebPage","@id":"https:\/\/www.eldigitaldeasturias.com\/noticias\/el-supremo-cambia-a-compartida-la-custodia-de-un-menor-por-la-nueva-doctrina-del-constitucional\/#webpage","url":"https:\/\/www.eldigitaldeasturias.com\/noticias\/el-supremo-cambia-a-compartida-la-custodia-de-un-menor-por-la-nueva-doctrina-del-constitucional\/","name":"El Supremo cambia a compartida la custodia de un menor por la nueva doctrina del Constitucional - El Digital de Asturias","description":"Madrid, 10 dic (EFE).- El Tribunal Supremo ha modificado la situaci\u00f3n de un menor que viv\u00eda con su madre y ha impuesto la custodia compartida entre los dos progenitores porque la nueva doctrina del Tribunal Constitucional considera que este r\u00e9gimen debe ser \"normal y no excepcional\". En su sentencia, el Supremo considera que la nueva","inLanguage":"es-ES","isPartOf":{"@id":"https:\/\/www.eldigitaldeasturias.com\/noticias\/#website"},"breadcrumb":{"@id":"https:\/\/www.eldigitaldeasturias.com\/noticias\/el-supremo-cambia-a-compartida-la-custodia-de-un-menor-por-la-nueva-doctrina-del-constitucional\/#breadcrumblist"},"author":{"@id":"https:\/\/www.eldigitaldeasturias.com\/noticias\/author\/admin\/#author"},"creator":{"@id":"https:\/\/www.eldigitaldeasturias.com\/noticias\/author\/admin\/#author"},"image":{"@type":"ImageObject","url":460143,"@id":"https:\/\/www.eldigitaldeasturias.com\/noticias\/el-supremo-cambia-a-compartida-la-custodia-de-un-menor-por-la-nueva-doctrina-del-constitucional\/#mainImage"},"primaryImageOfPage":{"@id":"https:\/\/www.eldigitaldeasturias.com\/noticias\/el-supremo-cambia-a-compartida-la-custodia-de-un-menor-por-la-nueva-doctrina-del-constitucional\/#mainImage"},"datePublished":"2013-12-10T21:42:20+01:00","dateModified":"2013-12-10T22:17:55+01:00"},{"@type":"WebSite","@id":"https:\/\/www.eldigitaldeasturias.com\/noticias\/#website","url":"https:\/\/www.eldigitaldeasturias.com\/noticias\/","name":"El Digital de Asturias - Diario de actualidad y noticias","alternateName":"El Digital de Asturias - Diario de actualidad y noticias","description":"Hemeroteca","inLanguage":"es-ES","publisher":{"@id":"https:\/\/www.eldigitaldeasturias.com\/noticias\/#organization"}}]},"og:locale":"es_ES","og:site_name":"El Digital de Asturias","og:type":"article","og:title":"El Supremo cambia a compartida la custodia de un menor por la nueva doctrina del Constitucional - El Digital de Asturias","og:description":"Madrid, 10 dic (EFE).- El Tribunal Supremo ha modificado la situaci\u00f3n de un menor que viv\u00eda con su madre y ha impuesto la custodia compartida entre los dos progenitores porque la nueva doctrina del Tribunal Constitucional considera que este r\u00e9gimen debe ser &quot;normal y no excepcional&quot;. En su sentencia, el Supremo considera que la nueva","og:url":"https:\/\/www.eldigitaldeasturias.com\/noticias\/el-supremo-cambia-a-compartida-la-custodia-de-un-menor-por-la-nueva-doctrina-del-constitucional\/","article:tag":["sucesos"],"article:published_time":"2013-12-10T22:42:20+00:00","article:modified_time":"2013-12-10T23:17:55+00:00","article:publisher":"https:\/\/facebook.com\/eldigitaldeasturias","twitter:card":"summary_large_image","twitter:title":"El Supremo cambia a compartida la custodia de un menor por la nueva doctrina del Constitucional - El Digital de Asturias","twitter:description":"Madrid, 10 dic (EFE).- El Tribunal Supremo ha modificado la situaci\u00f3n de un menor que viv\u00eda con su madre y ha impuesto la custodia compartida entre los dos progenitores porque la nueva doctrina del Tribunal Constitucional considera que este r\u00e9gimen debe ser &quot;normal y no excepcional&quot;. En su sentencia, el Supremo considera que la nueva","twitter:label1":"Escrito por","twitter:data1":"El Digital de Asturias","twitter:label2":"Tiempo de lectura estimado","twitter:data2":"3 minutos"},"aioseo_meta_data":{"post_id":"460142","title":null,"description":null,"keywords":null,"keyphrases":null,"primary_term":null,"canonical_url":null,"og_title":null,"og_description":null,"og_object_type":"default","og_image_type":"default","og_image_url":null,"og_image_width":null,"og_image_height":null,"og_image_custom_url":null,"og_image_custom_fields":null,"og_video":null,"og_custom_url":null,"og_article_section":null,"og_article_tags":null,"twitter_use_og":true,"twitter_card":"default","twitter_image_type":"default","twitter_image_url":null,"twitter_image_custom_url":null,"twitter_image_custom_fields":null,"twitter_title":null,"twitter_description":null,"schema":{"blockGraphs":[],"customGraphs":[],"default":{"data":{"Article":[],"Course":[],"Dataset":[],"FAQPage":[],"Movie":[],"Person":[],"Product":[],"ProductReview":[],"Car":[],"Recipe":[],"Service":[],"SoftwareApplication":[],"WebPage":[]},"graphName":"","isEnabled":true},"graphs":[],"defaultGraph":"","defaultPostTypeGraph":""},"schema_type":null,"schema_type_options":null,"pillar_content":false,"robots_default":true,"robots_noindex":false,"robots_noarchive":false,"robots_nosnippet":false,"robots_nofollow":false,"robots_noimageindex":false,"robots_noodp":false,"robots_notranslate":false,"robots_max_snippet":null,"robots_max_videopreview":null,"robots_max_imagepreview":"none","priority":null,"frequency":null,"local_seo":null,"seo_analyzer_scan_date":"2026-05-30 11:59:51","breadcrumb_settings":null,"limit_modified_date":false,"open_ai":null,"ai":null,"created":"2020-11-14 22:47:43","updated":"2026-05-30 11:59:51","focus_keyword":null,"additional_keywords":null,"truseo_locale":null},"aioseo_breadcrumb":"<div class=\"aioseo-breadcrumbs\"><span class=\"aioseo-breadcrumb\">\n\t<a href=\"https:\/\/www.eldigitaldeasturias.com\/noticias\" title=\"Home\">Home<\/a>\n<\/span><span class=\"aioseo-breadcrumb-separator\">\u2013<\/span><span class=\"aioseo-breadcrumb\">\n\t<a href=\"https:\/\/www.eldigitaldeasturias.com\/noticias\/category\/sucesos\/\" title=\"Sucesos\">Sucesos<\/a>\n<\/span><span class=\"aioseo-breadcrumb-separator\">\u2013<\/span><span class=\"aioseo-breadcrumb\">\n\t<a href=\"https:\/\/www.eldigitaldeasturias.com\/noticias\/el-supremo-cambia-a-compartida-la-custodia-de-un-menor-por-la-nueva-doctrina-del-constitucional\/\" title=\"El Supremo cambia a compartida la custodia de un menor por la nueva doctrina del Constitucional\">El Supremo cambia a compartida la custodia de un menor por la nueva doctrina del Constitucional<\/a>\n<\/span><\/div>","aioseo_breadcrumb_json":[{"label":"Home","link":"https:\/\/www.eldigitaldeasturias.com\/noticias"},{"label":"Sucesos","link":"https:\/\/www.eldigitaldeasturias.com\/noticias\/category\/sucesos\/"},{"label":"El Supremo cambia a compartida la custodia de un menor por la nueva doctrina del Constitucional","link":"https:\/\/www.eldigitaldeasturias.com\/noticias\/el-supremo-cambia-a-compartida-la-custodia-de-un-menor-por-la-nueva-doctrina-del-constitucional\/"}],"_links":{"self":[{"href":"https:\/\/www.eldigitaldeasturias.com\/noticias\/wp-json\/wp\/v2\/posts\/460142","targetHints":{"allow":["GET"]}}],"collection":[{"href":"https:\/\/www.eldigitaldeasturias.com\/noticias\/wp-json\/wp\/v2\/posts"}],"about":[{"href":"https:\/\/www.eldigitaldeasturias.com\/noticias\/wp-json\/wp\/v2\/types\/post"}],"author":[{"embeddable":true,"href":"https:\/\/www.eldigitaldeasturias.com\/noticias\/wp-json\/wp\/v2\/users\/1"}],"replies":[{"embeddable":true,"href":"https:\/\/www.eldigitaldeasturias.com\/noticias\/wp-json\/wp\/v2\/comments?post=460142"}],"version-history":[{"count":0,"href":"https:\/\/www.eldigitaldeasturias.com\/noticias\/wp-json\/wp\/v2\/posts\/460142\/revisions"}],"wp:attachment":[{"href":"https:\/\/www.eldigitaldeasturias.com\/noticias\/wp-json\/wp\/v2\/media?parent=460142"}],"wp:term":[{"taxonomy":"category","embeddable":true,"href":"https:\/\/www.eldigitaldeasturias.com\/noticias\/wp-json\/wp\/v2\/categories?post=460142"},{"taxonomy":"post_tag","embeddable":true,"href":"https:\/\/www.eldigitaldeasturias.com\/noticias\/wp-json\/wp\/v2\/tags?post=460142"}],"curies":[{"name":"wp","href":"https:\/\/api.w.org\/{rel}","templated":true}]}}