{"id":460138,"date":"2013-12-10T21:36:16","date_gmt":"2013-12-10T22:36:16","guid":{"rendered":"http:\/\/www.eldigitaldeasturias.com\/noticias\/?p=460138"},"modified":"2013-12-10T21:36:16","modified_gmt":"2013-12-10T22:36:16","slug":"finaliza-sin-acuerdo-el-periodo-de-consultas-para-el-cierre-de-tenneco-gijon","status":"publish","type":"post","link":"https:\/\/www.eldigitaldeasturias.com\/noticias\/finaliza-sin-acuerdo-el-periodo-de-consultas-para-el-cierre-de-tenneco-gijon\/","title":{"rendered":"Finaliza sin acuerdo el periodo de consultas para el cierre de Tenneco Gij\u00f3n"},"content":{"rendered":"<p><img loading=\"lazy\" decoding=\"async\" class=\"alignleft size-medium wp-image-684\" alt=\"tenneco\" src=\"https:\/\/www.eldigitaldeasturias.com\/noticias\/wp-content\/uploads\/2013\/09\/tenneco-360x288.jpg\" width=\"360\" height=\"288\" \/>Oviedo, 10 dic (EFE).- El periodo de consultas sobre el cierre de la planta de Tenneco en Gij\u00f3n y el expediente de regulaci\u00f3n de empleo (ERE) sobre la totalidad de la plantilla, compuesta por 230 trabajadores, ha finalizado hoy sin acuerdo.<\/p>\n<p>En declaraciones a Efe, el presidente del Comit\u00e9 de Empresa, Isaac Pi\u00f1era, ha explicado que a partir de ahora se estudiar\u00e1n diferentes alternativas para evitar el cierre de la factor\u00eda de amortiguadores, incluida la v\u00eda judicial.<\/p>\n<p>Pi\u00f1era tambi\u00e9n ha recordado que est\u00e1 pendiente de celebrarse una reuni\u00f3n en Bruselas en la que participar\u00e1n, adem\u00e1s del Comit\u00e9 y la direcci\u00f3n de la multinacional estadounidense, representantes de los gobiernos asturiano y central y de la Comisi\u00f3n Europea.<\/p>\n<p>La reuni\u00f3n, en la que el Comit\u00e9 conf\u00eda que puedan plantearse alternativas al cierre, estaba inicialmente prevista para el pr\u00f3ximo viernes, si bien hoy ha sido comunicado su aplazamiento al 19 de diciembre por problemas de agenda.<\/p>\n<p>Los trabajadores de la f\u00e1brica gijonesa han rechazado por unanimidad la \u00faltima propuesta de la direcci\u00f3n, que ofrec\u00eda una indemnizaci\u00f3n de 50 d\u00edas por a\u00f1o trabajado con un m\u00e1ximo de 45 mensualidades, y han apostado por \u00abseguir luchando\u00bb, ha explicado Pi\u00f1era.<\/p>\n<p>La plantilla volver\u00e1 a reunirse ma\u00f1ana en la f\u00e1brica para decidir las medidas a adoptar tras la finalizaci\u00f3n del periodo de consultas.<\/p>\n<p>Los sindicatos consideran que el cierre de la planta es \u00abinjustificado\u00bb porque representa una de las plantas m\u00e1s solventes de la multinacional y ofrece un balance de resultados positivo, ha recordado el delegado sindical de CCOO C\u00e9sar Gonz\u00e1lez.<\/p>\n","protected":false},"excerpt":{"rendered":"<p>Oviedo, 10 dic (EFE).- El periodo de consultas sobre el cierre de la planta de Tenneco en Gij\u00f3n y el expediente de regulaci\u00f3n de empleo (ERE) sobre la totalidad de la plantilla, compuesta por 230 trabajadores, ha finalizado hoy sin acuerdo. En declaraciones a Efe, el presidente del Comit\u00e9 de Empresa, Isaac Pi\u00f1era, ha explicado [&hellip;]<\/p>\n","protected":false},"author":1,"featured_media":1132184,"comment_status":"closed","ping_status":"open","sticky":false,"template":"","format":"standard","meta":{"footnotes":""},"categories":[12],"tags":[],"class_list":["post-460138","post","type-post","status-publish","format-standard","has-post-thumbnail","hentry","category-actualidad-asturias"],"aioseo_notices":[],"aioseo_head":"\n\t\t<!-- All in One SEO Pro 5.0.1 - aioseo.com -->\n\t<meta name=\"description\" content=\"Oviedo, 10 dic (EFE).- El periodo de consultas sobre el cierre de la planta de Tenneco en Gij\u00f3n y el expediente de regulaci\u00f3n de empleo (ERE) sobre la totalidad de la plantilla, compuesta por 230 trabajadores, ha finalizado hoy sin acuerdo. En declaraciones a Efe, el presidente del Comit\u00e9 de Empresa, Isaac Pi\u00f1era, ha explicado\" \/>\n\t<meta name=\"robots\" content=\"max-image-preview:large\" \/>\n\t<meta name=\"author\" content=\"El Digital de Asturias\"\/>\n\t<meta name=\"google-site-verification\" content=\"UA-38556648-1\" \/>\n\t<meta name=\"msvalidate.01\" content=\"7dfe9f3f1b24437ab69f4f2559babe99\" \/>\n\t<meta name=\"keywords\" content=\"actualidad asturias\" \/>\n\t<link rel=\"canonical\" href=\"https:\/\/www.eldigitaldeasturias.com\/noticias\/finaliza-sin-acuerdo-el-periodo-de-consultas-para-el-cierre-de-tenneco-gijon\/\" \/>\n\t<meta name=\"generator\" content=\"All in One SEO Pro (AIOSEO) 5.0.1\" \/>\n\t\t<meta property=\"og:locale\" content=\"es_ES\" \/>\n\t\t<meta property=\"og:site_name\" content=\"El Digital de Asturias\" \/>\n\t\t<meta property=\"og:type\" content=\"article\" \/>\n\t\t<meta property=\"og:title\" content=\"Finaliza sin acuerdo el periodo de consultas para el cierre de Tenneco Gij\u00f3n - El Digital de Asturias\" \/>\n\t\t<meta property=\"og:description\" content=\"Oviedo, 10 dic (EFE).- El periodo de consultas sobre el cierre de la planta de Tenneco en Gij\u00f3n y el expediente de regulaci\u00f3n de empleo (ERE) sobre la totalidad de la plantilla, compuesta por 230 trabajadores, ha finalizado hoy sin acuerdo. En declaraciones a Efe, el presidente del Comit\u00e9 de Empresa, Isaac Pi\u00f1era, ha explicado\" \/>\n\t\t<meta property=\"og:url\" content=\"https:\/\/www.eldigitaldeasturias.com\/noticias\/finaliza-sin-acuerdo-el-periodo-de-consultas-para-el-cierre-de-tenneco-gijon\/\" \/>\n\t\t<meta property=\"og:image\" content=\"https:\/\/www.eldigitaldeasturias.com\/noticias\/wp-content\/uploads\/2026\/06\/Contenidos.jpg\" \/>\n\t\t<meta property=\"og:image:secure_url\" content=\"https:\/\/www.eldigitaldeasturias.com\/noticias\/wp-content\/uploads\/2026\/06\/Contenidos.jpg\" \/>\n\t\t<meta property=\"og:image:width\" content=\"1265\" \/>\n\t\t<meta property=\"og:image:height\" content=\"697\" \/>\n\t\t<meta property=\"article:tag\" content=\"actualidad asturias\" \/>\n\t\t<meta property=\"article:published_time\" content=\"2013-12-10T22:36:16+00:00\" \/>\n\t\t<meta property=\"article:modified_time\" content=\"2013-12-10T22:36:16+00:00\" \/>\n\t\t<meta property=\"article:publisher\" content=\"https:\/\/facebook.com\/eldigitaldeasturias\" \/>\n\t\t<meta name=\"twitter:card\" content=\"summary_large_image\" \/>\n\t\t<meta name=\"twitter:title\" content=\"Finaliza sin acuerdo el periodo de consultas para el cierre de Tenneco Gij\u00f3n - El Digital de Asturias\" \/>\n\t\t<meta name=\"twitter:description\" content=\"Oviedo, 10 dic (EFE).- El periodo de consultas sobre el cierre de la planta de Tenneco en Gij\u00f3n y el expediente de regulaci\u00f3n de empleo (ERE) sobre la totalidad de la plantilla, compuesta por 230 trabajadores, ha finalizado hoy sin acuerdo. En declaraciones a Efe, el presidente del Comit\u00e9 de Empresa, Isaac Pi\u00f1era, ha explicado\" \/>\n\t\t<meta name=\"twitter:image\" content=\"https:\/\/www.eldigitaldeasturias.com\/noticias\/wp-content\/uploads\/2026\/06\/Contenidos.jpg\" \/>\n\t\t<meta name=\"twitter:label1\" content=\"Escrito por\" \/>\n\t\t<meta name=\"twitter:data1\" content=\"El Digital de Asturias\" \/>\n\t\t<meta name=\"twitter:label2\" content=\"Tiempo de lectura estimado\" \/>\n\t\t<meta name=\"twitter:data2\" content=\"1 minuto\" \/>\n\t\t<script type=\"application\/ld+json\" class=\"aioseo-schema\">\n\t\t\t{\"@context\":\"https:\\\/\\\/schema.org\",\"@graph\":[{\"@type\":\"BlogPosting\",\"@id\":\"https:\\\/\\\/www.eldigitaldeasturias.com\\\/noticias\\\/finaliza-sin-acuerdo-el-periodo-de-consultas-para-el-cierre-de-tenneco-gijon\\\/#blogposting\",\"name\":\"Finaliza sin acuerdo el periodo de consultas para el cierre de Tenneco Gij\\u00f3n - El Digital de Asturias\",\"headline\":\"Finaliza sin acuerdo el periodo de consultas para el cierre de Tenneco Gij\\u00f3n\",\"author\":{\"@id\":\"https:\\\/\\\/www.eldigitaldeasturias.com\\\/noticias\\\/author\\\/admin\\\/#author\"},\"publisher\":{\"@id\":\"https:\\\/\\\/www.eldigitaldeasturias.com\\\/noticias\\\/#organization\"},\"image\":{\"@type\":\"ImageObject\",\"url\":\"https:\\\/\\\/www.eldigitaldeasturias.com\\\/noticias\\\/wp-content\\\/uploads\\\/2026\\\/06\\\/Contenidos.jpg\",\"width\":1265,\"height\":697,\"caption\":\"Contenidos\"},\"datePublished\":\"2013-12-10T21:36:16+01:00\",\"dateModified\":\"2013-12-10T21:36:16+01:00\",\"inLanguage\":\"es-ES\",\"mainEntityOfPage\":{\"@id\":\"https:\\\/\\\/www.eldigitaldeasturias.com\\\/noticias\\\/finaliza-sin-acuerdo-el-periodo-de-consultas-para-el-cierre-de-tenneco-gijon\\\/#webpage\"},\"isPartOf\":{\"@id\":\"https:\\\/\\\/www.eldigitaldeasturias.com\\\/noticias\\\/finaliza-sin-acuerdo-el-periodo-de-consultas-para-el-cierre-de-tenneco-gijon\\\/#webpage\"},\"articleSection\":\"Actualidad Asturias\"},{\"@type\":\"BreadcrumbList\",\"@id\":\"https:\\\/\\\/www.eldigitaldeasturias.com\\\/noticias\\\/finaliza-sin-acuerdo-el-periodo-de-consultas-para-el-cierre-de-tenneco-gijon\\\/#breadcrumblist\",\"itemListElement\":[{\"@type\":\"ListItem\",\"@id\":\"https:\\\/\\\/www.eldigitaldeasturias.com\\\/noticias#listItem\",\"position\":1,\"name\":\"Home\",\"item\":\"https:\\\/\\\/www.eldigitaldeasturias.com\\\/noticias\",\"nextItem\":{\"@type\":\"ListItem\",\"@id\":\"https:\\\/\\\/www.eldigitaldeasturias.com\\\/noticias\\\/category\\\/actualidad-asturias\\\/#listItem\",\"name\":\"Actualidad Asturias\"}},{\"@type\":\"ListItem\",\"@id\":\"https:\\\/\\\/www.eldigitaldeasturias.com\\\/noticias\\\/category\\\/actualidad-asturias\\\/#listItem\",\"position\":2,\"name\":\"Actualidad Asturias\",\"item\":\"https:\\\/\\\/www.eldigitaldeasturias.com\\\/noticias\\\/category\\\/actualidad-asturias\\\/\",\"nextItem\":{\"@type\":\"ListItem\",\"@id\":\"https:\\\/\\\/www.eldigitaldeasturias.com\\\/noticias\\\/finaliza-sin-acuerdo-el-periodo-de-consultas-para-el-cierre-de-tenneco-gijon\\\/#listItem\",\"name\":\"Finaliza sin acuerdo el periodo de consultas para el cierre de Tenneco Gij\\u00f3n\"},\"previousItem\":{\"@type\":\"ListItem\",\"@id\":\"https:\\\/\\\/www.eldigitaldeasturias.com\\\/noticias#listItem\",\"name\":\"Home\"}},{\"@type\":\"ListItem\",\"@id\":\"https:\\\/\\\/www.eldigitaldeasturias.com\\\/noticias\\\/finaliza-sin-acuerdo-el-periodo-de-consultas-para-el-cierre-de-tenneco-gijon\\\/#listItem\",\"position\":3,\"name\":\"Finaliza sin acuerdo el periodo de consultas para el cierre de Tenneco Gij\\u00f3n\",\"previousItem\":{\"@type\":\"ListItem\",\"@id\":\"https:\\\/\\\/www.eldigitaldeasturias.com\\\/noticias\\\/category\\\/actualidad-asturias\\\/#listItem\",\"name\":\"Actualidad Asturias\"}}]},{\"@type\":\"Organization\",\"@id\":\"https:\\\/\\\/www.eldigitaldeasturias.com\\\/noticias\\\/#organization\",\"name\":\"El Digital de Asturias\",\"description\":\"Hemeroteca\",\"url\":\"https:\\\/\\\/www.eldigitaldeasturias.com\\\/noticias\\\/\",\"email\":\"info@eldigitaldeasturias.com\",\"telephone\":\"+34652131393\",\"logo\":{\"@type\":\"ImageObject\",\"url\":\"https:\\\/\\\/www.eldigitaldeasturias.com\\\/noticias\\\/wp-content\\\/uploads\\\/2020\\\/12\\\/EDA.jpg\",\"@id\":\"https:\\\/\\\/www.eldigitaldeasturias.com\\\/noticias\\\/finaliza-sin-acuerdo-el-periodo-de-consultas-para-el-cierre-de-tenneco-gijon\\\/#organizationLogo\"},\"image\":{\"@id\":\"https:\\\/\\\/www.eldigitaldeasturias.com\\\/noticias\\\/finaliza-sin-acuerdo-el-periodo-de-consultas-para-el-cierre-de-tenneco-gijon\\\/#organizationLogo\"},\"sameAs\":[\"https:\\\/\\\/facebook.com\\\/eldigitaldeasturias\",\"https:\\\/\\\/www.youtube.com\\\/channel\\\/UCZP-2wLEB9Rv6erhFmqVnvg\"],\"address\":{\"@id\":\"https:\\\/\\\/www.eldigitaldeasturias.com\\\/noticias\\\/#postaladdress\",\"@type\":\"PostalAddress\",\"streetAddress\":\"san antonio 4\",\"postalCode\":\"33430\",\"addressLocality\":\"Cand\\u00e1s\",\"addressRegion\":\"Asturias\",\"addressCountry\":\"ES\"}},{\"@type\":\"Person\",\"@id\":\"https:\\\/\\\/www.eldigitaldeasturias.com\\\/noticias\\\/author\\\/admin\\\/#author\",\"url\":\"https:\\\/\\\/www.eldigitaldeasturias.com\\\/noticias\\\/author\\\/admin\\\/\",\"name\":\"El Digital de Asturias\",\"image\":{\"@type\":\"ImageObject\",\"@id\":\"https:\\\/\\\/www.eldigitaldeasturias.com\\\/noticias\\\/finaliza-sin-acuerdo-el-periodo-de-consultas-para-el-cierre-de-tenneco-gijon\\\/#authorImage\",\"url\":\"https:\\\/\\\/secure.gravatar.com\\\/avatar\\\/df2aeffc32bcd13f8d26072ef8a91b623d677766deac7f97ca815868cd41bf5e?s=96&d=mm&r=g\",\"width\":96,\"height\":96,\"caption\":\"El Digital de Asturias\"}},{\"@type\":\"WebPage\",\"@id\":\"https:\\\/\\\/www.eldigitaldeasturias.com\\\/noticias\\\/finaliza-sin-acuerdo-el-periodo-de-consultas-para-el-cierre-de-tenneco-gijon\\\/#webpage\",\"url\":\"https:\\\/\\\/www.eldigitaldeasturias.com\\\/noticias\\\/finaliza-sin-acuerdo-el-periodo-de-consultas-para-el-cierre-de-tenneco-gijon\\\/\",\"name\":\"Finaliza sin acuerdo el periodo de consultas para el cierre de Tenneco Gij\\u00f3n - El Digital de Asturias\",\"description\":\"Oviedo, 10 dic (EFE).- El periodo de consultas sobre el cierre de la planta de Tenneco en Gij\\u00f3n y el expediente de regulaci\\u00f3n de empleo (ERE) sobre la totalidad de la plantilla, compuesta por 230 trabajadores, ha finalizado hoy sin acuerdo. En declaraciones a Efe, el presidente del Comit\\u00e9 de Empresa, Isaac Pi\\u00f1era, ha explicado\",\"inLanguage\":\"es-ES\",\"isPartOf\":{\"@id\":\"https:\\\/\\\/www.eldigitaldeasturias.com\\\/noticias\\\/#website\"},\"breadcrumb\":{\"@id\":\"https:\\\/\\\/www.eldigitaldeasturias.com\\\/noticias\\\/finaliza-sin-acuerdo-el-periodo-de-consultas-para-el-cierre-de-tenneco-gijon\\\/#breadcrumblist\"},\"author\":{\"@id\":\"https:\\\/\\\/www.eldigitaldeasturias.com\\\/noticias\\\/author\\\/admin\\\/#author\"},\"creator\":{\"@id\":\"https:\\\/\\\/www.eldigitaldeasturias.com\\\/noticias\\\/author\\\/admin\\\/#author\"},\"image\":{\"@type\":\"ImageObject\",\"url\":\"https:\\\/\\\/www.eldigitaldeasturias.com\\\/noticias\\\/wp-content\\\/uploads\\\/2026\\\/06\\\/Contenidos.jpg\",\"@id\":\"https:\\\/\\\/www.eldigitaldeasturias.com\\\/noticias\\\/finaliza-sin-acuerdo-el-periodo-de-consultas-para-el-cierre-de-tenneco-gijon\\\/#mainImage\",\"width\":1265,\"height\":697,\"caption\":\"Contenidos\"},\"primaryImageOfPage\":{\"@id\":\"https:\\\/\\\/www.eldigitaldeasturias.com\\\/noticias\\\/finaliza-sin-acuerdo-el-periodo-de-consultas-para-el-cierre-de-tenneco-gijon\\\/#mainImage\"},\"datePublished\":\"2013-12-10T21:36:16+01:00\",\"dateModified\":\"2013-12-10T21:36:16+01:00\"},{\"@type\":\"WebSite\",\"@id\":\"https:\\\/\\\/www.eldigitaldeasturias.com\\\/noticias\\\/#website\",\"url\":\"https:\\\/\\\/www.eldigitaldeasturias.com\\\/noticias\\\/\",\"name\":\"El Digital de Asturias - Diario de actualidad y noticias\",\"alternateName\":\"El Digital de Asturias - Diario de actualidad y noticias\",\"description\":\"Hemeroteca\",\"inLanguage\":\"es-ES\",\"publisher\":{\"@id\":\"https:\\\/\\\/www.eldigitaldeasturias.com\\\/noticias\\\/#organization\"}}]}\n\t\t<\/script>\n\t\t<!-- All in One SEO Pro -->\r\n\t\t<title>Finaliza sin acuerdo el periodo de consultas para el cierre de Tenneco Gij\u00f3n - El Digital de Asturias<\/title>\n\n","aioseo_head_json":{"title":"Finaliza sin acuerdo el periodo de consultas para el cierre de Tenneco Gij\u00f3n - El Digital de Asturias","description":"Oviedo, 10 dic (EFE).- El periodo de consultas sobre el cierre de la planta de Tenneco en Gij\u00f3n y el expediente de regulaci\u00f3n de empleo (ERE) sobre la totalidad de la plantilla, compuesta por 230 trabajadores, ha finalizado hoy sin acuerdo. En declaraciones a Efe, el presidente del Comit\u00e9 de Empresa, Isaac Pi\u00f1era, ha explicado","canonical_url":"https:\/\/www.eldigitaldeasturias.com\/noticias\/finaliza-sin-acuerdo-el-periodo-de-consultas-para-el-cierre-de-tenneco-gijon\/","robots":"max-image-preview:large","keywords":"actualidad asturias","webmasterTools":{"google-site-verification":"UA-38556648-1","msvalidate.01":"7dfe9f3f1b24437ab69f4f2559babe99","miscellaneous":""},"schema":{"@context":"https:\/\/schema.org","@graph":[{"@type":"BlogPosting","@id":"https:\/\/www.eldigitaldeasturias.com\/noticias\/finaliza-sin-acuerdo-el-periodo-de-consultas-para-el-cierre-de-tenneco-gijon\/#blogposting","name":"Finaliza sin acuerdo el periodo de consultas para el cierre de Tenneco Gij\u00f3n - El Digital de Asturias","headline":"Finaliza sin acuerdo el periodo de consultas para el cierre de Tenneco Gij\u00f3n","author":{"@id":"https:\/\/www.eldigitaldeasturias.com\/noticias\/author\/admin\/#author"},"publisher":{"@id":"https:\/\/www.eldigitaldeasturias.com\/noticias\/#organization"},"image":{"@type":"ImageObject","url":"https:\/\/www.eldigitaldeasturias.com\/noticias\/wp-content\/uploads\/2026\/06\/Contenidos.jpg","width":1265,"height":697,"caption":"Contenidos"},"datePublished":"2013-12-10T21:36:16+01:00","dateModified":"2013-12-10T21:36:16+01:00","inLanguage":"es-ES","mainEntityOfPage":{"@id":"https:\/\/www.eldigitaldeasturias.com\/noticias\/finaliza-sin-acuerdo-el-periodo-de-consultas-para-el-cierre-de-tenneco-gijon\/#webpage"},"isPartOf":{"@id":"https:\/\/www.eldigitaldeasturias.com\/noticias\/finaliza-sin-acuerdo-el-periodo-de-consultas-para-el-cierre-de-tenneco-gijon\/#webpage"},"articleSection":"Actualidad Asturias"},{"@type":"BreadcrumbList","@id":"https:\/\/www.eldigitaldeasturias.com\/noticias\/finaliza-sin-acuerdo-el-periodo-de-consultas-para-el-cierre-de-tenneco-gijon\/#breadcrumblist","itemListElement":[{"@type":"ListItem","@id":"https:\/\/www.eldigitaldeasturias.com\/noticias#listItem","position":1,"name":"Home","item":"https:\/\/www.eldigitaldeasturias.com\/noticias","nextItem":{"@type":"ListItem","@id":"https:\/\/www.eldigitaldeasturias.com\/noticias\/category\/actualidad-asturias\/#listItem","name":"Actualidad Asturias"}},{"@type":"ListItem","@id":"https:\/\/www.eldigitaldeasturias.com\/noticias\/category\/actualidad-asturias\/#listItem","position":2,"name":"Actualidad Asturias","item":"https:\/\/www.eldigitaldeasturias.com\/noticias\/category\/actualidad-asturias\/","nextItem":{"@type":"ListItem","@id":"https:\/\/www.eldigitaldeasturias.com\/noticias\/finaliza-sin-acuerdo-el-periodo-de-consultas-para-el-cierre-de-tenneco-gijon\/#listItem","name":"Finaliza sin acuerdo el periodo de consultas para el cierre de Tenneco Gij\u00f3n"},"previousItem":{"@type":"ListItem","@id":"https:\/\/www.eldigitaldeasturias.com\/noticias#listItem","name":"Home"}},{"@type":"ListItem","@id":"https:\/\/www.eldigitaldeasturias.com\/noticias\/finaliza-sin-acuerdo-el-periodo-de-consultas-para-el-cierre-de-tenneco-gijon\/#listItem","position":3,"name":"Finaliza sin acuerdo el periodo de consultas para el cierre de Tenneco Gij\u00f3n","previousItem":{"@type":"ListItem","@id":"https:\/\/www.eldigitaldeasturias.com\/noticias\/category\/actualidad-asturias\/#listItem","name":"Actualidad Asturias"}}]},{"@type":"Organization","@id":"https:\/\/www.eldigitaldeasturias.com\/noticias\/#organization","name":"El Digital de Asturias","description":"Hemeroteca","url":"https:\/\/www.eldigitaldeasturias.com\/noticias\/","email":"info@eldigitaldeasturias.com","telephone":"+34652131393","logo":{"@type":"ImageObject","url":"https:\/\/www.eldigitaldeasturias.com\/noticias\/wp-content\/uploads\/2020\/12\/EDA.jpg","@id":"https:\/\/www.eldigitaldeasturias.com\/noticias\/finaliza-sin-acuerdo-el-periodo-de-consultas-para-el-cierre-de-tenneco-gijon\/#organizationLogo"},"image":{"@id":"https:\/\/www.eldigitaldeasturias.com\/noticias\/finaliza-sin-acuerdo-el-periodo-de-consultas-para-el-cierre-de-tenneco-gijon\/#organizationLogo"},"sameAs":["https:\/\/facebook.com\/eldigitaldeasturias","https:\/\/www.youtube.com\/channel\/UCZP-2wLEB9Rv6erhFmqVnvg"],"address":{"@id":"https:\/\/www.eldigitaldeasturias.com\/noticias\/#postaladdress","@type":"PostalAddress","streetAddress":"san antonio 4","postalCode":"33430","addressLocality":"Cand\u00e1s","addressRegion":"Asturias","addressCountry":"ES"}},{"@type":"Person","@id":"https:\/\/www.eldigitaldeasturias.com\/noticias\/author\/admin\/#author","url":"https:\/\/www.eldigitaldeasturias.com\/noticias\/author\/admin\/","name":"El Digital de Asturias","image":{"@type":"ImageObject","@id":"https:\/\/www.eldigitaldeasturias.com\/noticias\/finaliza-sin-acuerdo-el-periodo-de-consultas-para-el-cierre-de-tenneco-gijon\/#authorImage","url":"https:\/\/secure.gravatar.com\/avatar\/df2aeffc32bcd13f8d26072ef8a91b623d677766deac7f97ca815868cd41bf5e?s=96&d=mm&r=g","width":96,"height":96,"caption":"El Digital de Asturias"}},{"@type":"WebPage","@id":"https:\/\/www.eldigitaldeasturias.com\/noticias\/finaliza-sin-acuerdo-el-periodo-de-consultas-para-el-cierre-de-tenneco-gijon\/#webpage","url":"https:\/\/www.eldigitaldeasturias.com\/noticias\/finaliza-sin-acuerdo-el-periodo-de-consultas-para-el-cierre-de-tenneco-gijon\/","name":"Finaliza sin acuerdo el periodo de consultas para el cierre de Tenneco Gij\u00f3n - El Digital de Asturias","description":"Oviedo, 10 dic (EFE).- El periodo de consultas sobre el cierre de la planta de Tenneco en Gij\u00f3n y el expediente de regulaci\u00f3n de empleo (ERE) sobre la totalidad de la plantilla, compuesta por 230 trabajadores, ha finalizado hoy sin acuerdo. En declaraciones a Efe, el presidente del Comit\u00e9 de Empresa, Isaac Pi\u00f1era, ha explicado","inLanguage":"es-ES","isPartOf":{"@id":"https:\/\/www.eldigitaldeasturias.com\/noticias\/#website"},"breadcrumb":{"@id":"https:\/\/www.eldigitaldeasturias.com\/noticias\/finaliza-sin-acuerdo-el-periodo-de-consultas-para-el-cierre-de-tenneco-gijon\/#breadcrumblist"},"author":{"@id":"https:\/\/www.eldigitaldeasturias.com\/noticias\/author\/admin\/#author"},"creator":{"@id":"https:\/\/www.eldigitaldeasturias.com\/noticias\/author\/admin\/#author"},"image":{"@type":"ImageObject","url":"https:\/\/www.eldigitaldeasturias.com\/noticias\/wp-content\/uploads\/2026\/06\/Contenidos.jpg","@id":"https:\/\/www.eldigitaldeasturias.com\/noticias\/finaliza-sin-acuerdo-el-periodo-de-consultas-para-el-cierre-de-tenneco-gijon\/#mainImage","width":1265,"height":697,"caption":"Contenidos"},"primaryImageOfPage":{"@id":"https:\/\/www.eldigitaldeasturias.com\/noticias\/finaliza-sin-acuerdo-el-periodo-de-consultas-para-el-cierre-de-tenneco-gijon\/#mainImage"},"datePublished":"2013-12-10T21:36:16+01:00","dateModified":"2013-12-10T21:36:16+01:00"},{"@type":"WebSite","@id":"https:\/\/www.eldigitaldeasturias.com\/noticias\/#website","url":"https:\/\/www.eldigitaldeasturias.com\/noticias\/","name":"El Digital de Asturias - Diario de actualidad y noticias","alternateName":"El Digital de Asturias - Diario de actualidad y noticias","description":"Hemeroteca","inLanguage":"es-ES","publisher":{"@id":"https:\/\/www.eldigitaldeasturias.com\/noticias\/#organization"}}]},"og:locale":"es_ES","og:site_name":"El Digital de Asturias","og:type":"article","og:title":"Finaliza sin acuerdo el periodo de consultas para el cierre de Tenneco Gij\u00f3n - El Digital de Asturias","og:description":"Oviedo, 10 dic (EFE).- El periodo de consultas sobre el cierre de la planta de Tenneco en Gij\u00f3n y el expediente de regulaci\u00f3n de empleo (ERE) sobre la totalidad de la plantilla, compuesta por 230 trabajadores, ha finalizado hoy sin acuerdo. En declaraciones a Efe, el presidente del Comit\u00e9 de Empresa, Isaac Pi\u00f1era, ha explicado","og:url":"https:\/\/www.eldigitaldeasturias.com\/noticias\/finaliza-sin-acuerdo-el-periodo-de-consultas-para-el-cierre-de-tenneco-gijon\/","og:image":"https:\/\/www.eldigitaldeasturias.com\/noticias\/wp-content\/uploads\/2026\/06\/Contenidos.jpg","og:image:secure_url":"https:\/\/www.eldigitaldeasturias.com\/noticias\/wp-content\/uploads\/2026\/06\/Contenidos.jpg","og:image:width":1265,"og:image:height":697,"article:tag":["actualidad asturias"],"article:published_time":"2013-12-10T22:36:16+00:00","article:modified_time":"2013-12-10T22:36:16+00:00","article:publisher":"https:\/\/facebook.com\/eldigitaldeasturias","twitter:card":"summary_large_image","twitter:title":"Finaliza sin acuerdo el periodo de consultas para el cierre de Tenneco Gij\u00f3n - El Digital de Asturias","twitter:description":"Oviedo, 10 dic (EFE).- El periodo de consultas sobre el cierre de la planta de Tenneco en Gij\u00f3n y el expediente de regulaci\u00f3n de empleo (ERE) sobre la totalidad de la plantilla, compuesta por 230 trabajadores, ha finalizado hoy sin acuerdo. En declaraciones a Efe, el presidente del Comit\u00e9 de Empresa, Isaac Pi\u00f1era, ha explicado","twitter:image":"https:\/\/www.eldigitaldeasturias.com\/noticias\/wp-content\/uploads\/2026\/06\/Contenidos.jpg","twitter:label1":"Escrito por","twitter:data1":"El Digital de Asturias","twitter:label2":"Tiempo de lectura estimado","twitter:data2":"1 minuto"},"aioseo_meta_data":{"post_id":"460138","title":null,"description":null,"keywords":null,"keyphrases":null,"primary_term":null,"canonical_url":null,"og_title":null,"og_description":null,"og_object_type":"default","og_image_type":"default","og_image_url":null,"og_image_width":null,"og_image_height":null,"og_image_custom_url":null,"og_image_custom_fields":null,"og_video":null,"og_custom_url":null,"og_article_section":null,"og_article_tags":null,"twitter_use_og":true,"twitter_card":"default","twitter_image_type":"default","twitter_image_url":null,"twitter_image_custom_url":null,"twitter_image_custom_fields":null,"twitter_title":null,"twitter_description":null,"schema":{"blockGraphs":[],"customGraphs":[],"default":{"data":{"Article":[],"Course":[],"Dataset":[],"FAQPage":[],"Movie":[],"Person":[],"Product":[],"ProductReview":[],"Car":[],"Recipe":[],"Service":[],"SoftwareApplication":[],"WebPage":[]},"graphName":"","isEnabled":true},"graphs":[],"defaultGraph":"","defaultPostTypeGraph":""},"schema_type":null,"schema_type_options":null,"pillar_content":false,"robots_default":true,"robots_noindex":false,"robots_noarchive":false,"robots_nosnippet":false,"robots_nofollow":false,"robots_noimageindex":false,"robots_noodp":false,"robots_notranslate":false,"robots_max_snippet":null,"robots_max_videopreview":null,"robots_max_imagepreview":"none","priority":null,"frequency":null,"local_seo":null,"seo_analyzer_scan_date":"2026-05-30 11:56:05","breadcrumb_settings":null,"limit_modified_date":false,"open_ai":null,"ai":null,"created":"2020-11-14 22:47:43","updated":"2026-05-30 11:56:05","focus_keyword":null,"additional_keywords":null,"truseo_locale":null},"aioseo_breadcrumb":"<div class=\"aioseo-breadcrumbs\"><span class=\"aioseo-breadcrumb\">\n\t<a href=\"https:\/\/www.eldigitaldeasturias.com\/noticias\" title=\"Home\">Home<\/a>\n<\/span><span class=\"aioseo-breadcrumb-separator\">\u2013<\/span><span class=\"aioseo-breadcrumb\">\n\t<a href=\"https:\/\/www.eldigitaldeasturias.com\/noticias\/category\/actualidad-asturias\/\" title=\"Actualidad Asturias\">Actualidad Asturias<\/a>\n<\/span><span class=\"aioseo-breadcrumb-separator\">\u2013<\/span><span class=\"aioseo-breadcrumb\">\n\t<a href=\"https:\/\/www.eldigitaldeasturias.com\/noticias\/finaliza-sin-acuerdo-el-periodo-de-consultas-para-el-cierre-de-tenneco-gijon\/\" title=\"Finaliza sin acuerdo el periodo de consultas para el cierre de Tenneco Gij\u00f3n\">Finaliza sin acuerdo el periodo de consultas para el cierre de Tenneco Gij\u00f3n<\/a>\n<\/span><\/div>","aioseo_breadcrumb_json":[{"label":"Home","link":"https:\/\/www.eldigitaldeasturias.com\/noticias"},{"label":"Actualidad Asturias","link":"https:\/\/www.eldigitaldeasturias.com\/noticias\/category\/actualidad-asturias\/"},{"label":"Finaliza sin acuerdo el periodo de consultas para el cierre de Tenneco Gij\u00f3n","link":"https:\/\/www.eldigitaldeasturias.com\/noticias\/finaliza-sin-acuerdo-el-periodo-de-consultas-para-el-cierre-de-tenneco-gijon\/"}],"_links":{"self":[{"href":"https:\/\/www.eldigitaldeasturias.com\/noticias\/wp-json\/wp\/v2\/posts\/460138","targetHints":{"allow":["GET"]}}],"collection":[{"href":"https:\/\/www.eldigitaldeasturias.com\/noticias\/wp-json\/wp\/v2\/posts"}],"about":[{"href":"https:\/\/www.eldigitaldeasturias.com\/noticias\/wp-json\/wp\/v2\/types\/post"}],"author":[{"embeddable":true,"href":"https:\/\/www.eldigitaldeasturias.com\/noticias\/wp-json\/wp\/v2\/users\/1"}],"replies":[{"embeddable":true,"href":"https:\/\/www.eldigitaldeasturias.com\/noticias\/wp-json\/wp\/v2\/comments?post=460138"}],"version-history":[{"count":0,"href":"https:\/\/www.eldigitaldeasturias.com\/noticias\/wp-json\/wp\/v2\/posts\/460138\/revisions"}],"wp:featuredmedia":[{"embeddable":true,"href":"https:\/\/www.eldigitaldeasturias.com\/noticias\/wp-json\/wp\/v2\/media\/1132184"}],"wp:attachment":[{"href":"https:\/\/www.eldigitaldeasturias.com\/noticias\/wp-json\/wp\/v2\/media?parent=460138"}],"wp:term":[{"taxonomy":"category","embeddable":true,"href":"https:\/\/www.eldigitaldeasturias.com\/noticias\/wp-json\/wp\/v2\/categories?post=460138"},{"taxonomy":"post_tag","embeddable":true,"href":"https:\/\/www.eldigitaldeasturias.com\/noticias\/wp-json\/wp\/v2\/tags?post=460138"}],"curies":[{"name":"wp","href":"https:\/\/api.w.org\/{rel}","templated":true}]}}