{"id":460136,"date":"2013-12-10T21:34:29","date_gmt":"2013-12-10T22:34:29","guid":{"rendered":"http:\/\/www.eldigitaldeasturias.com\/noticias\/?p=460136"},"modified":"2013-12-10T21:34:29","modified_gmt":"2013-12-10T22:34:29","slug":"detenido-por-atracar-con-un-arma-blanca-un-estanco-de-gijon","status":"publish","type":"post","link":"https:\/\/www.eldigitaldeasturias.com\/noticias\/detenido-por-atracar-con-un-arma-blanca-un-estanco-de-gijon\/","title":{"rendered":"Detenido por atracar con un arma blanca un estanco de Gij\u00f3n"},"content":{"rendered":"<p><img loading=\"lazy\" decoding=\"async\" class=\"alignleft size-medium wp-image-717\" alt=\"policia\" src=\"https:\/\/www.eldigitaldeasturias.com\/noticias\/wp-content\/uploads\/2013\/09\/policia-360x239.jpg\" width=\"360\" height=\"239\" \/>Gij\u00f3n, 10 dic (EFE).- La Polic\u00eda Nacional ha detenido a un hombre de 42 a\u00f1os que estaba siendo buscado por ser el autor de un atraco con un arma blanca en un estanco de Gij\u00f3n el pasado 16 de noviembre.<\/p>\n<p>El arrestado, junto con otro hombre, intimid\u00f3 a la empleada y a un cliente del establecimiento y sustrajeron la recaudaci\u00f3n de caja.<\/p>\n<p>La detenci\u00f3n tuvo lugar el jueves, a las 17:00 horas, cuando los agentes le localizaron en las inmediaciones del albergue Covadonga.<\/p>\n<p>El arrestado ten\u00eda antecedentes por robo y ha sido enviado a la prisi\u00f3n de Villabona por orden del Juzgado de Guardia, seg\u00fan informa la Comisar\u00eda de Gij\u00f3n.<\/p>\n<p>Siguen las investigaciones para la localizaci\u00f3n del otro autor de este robo.<\/p>\n<p>Por otro lado, la Polic\u00eda Nacional ha detenido a un vecino de Bilbao de 47 a\u00f1os por insultar a la camarera de un bar y arrojarle a la cara una jeringuilla hipod\u00e9rmica.<\/p>\n<p>En el cacheo de seguridad, le encontraron otras dos jeringuillas, pese a que \u00e9ste negaba a los agentes llevar ning\u00fan objeto cortante o peligroso.<\/p>\n<p>Asimismo, se encar\u00f3 a los agentes y se neg\u00f3 a identificarse y a colaborar, por lo que fue detenido.<\/p>\n<p>Este fin de semana tambi\u00e9n han sido arrestados en Gij\u00f3n dos j\u00f3venes de 25 y 26 a\u00f1os por participar en una pelea en la v\u00eda p\u00fablica y agredir a los agentes que trataban de identificarles.<\/p>\n","protected":false},"excerpt":{"rendered":"<p>Gij\u00f3n, 10 dic (EFE).- La Polic\u00eda Nacional ha detenido a un hombre de 42 a\u00f1os que estaba siendo buscado por ser el autor de un atraco con un arma blanca en un estanco de Gij\u00f3n el pasado 16 de noviembre. El arrestado, junto con otro hombre, intimid\u00f3 a la empleada y a un cliente del [&hellip;]<\/p>\n","protected":false},"author":1,"featured_media":1132184,"comment_status":"closed","ping_status":"open","sticky":false,"template":"","format":"standard","meta":{"footnotes":""},"categories":[12],"tags":[],"class_list":["post-460136","post","type-post","status-publish","format-standard","has-post-thumbnail","hentry","category-actualidad-asturias"],"aioseo_notices":[],"aioseo_head":"\n\t\t<!-- All in One SEO Pro 5.0.1 - aioseo.com -->\n\t<meta name=\"description\" content=\"Gij\u00f3n, 10 dic (EFE).- La Polic\u00eda Nacional ha detenido a un hombre de 42 a\u00f1os que estaba siendo buscado por ser el autor de un atraco con un arma blanca en un estanco de Gij\u00f3n el pasado 16 de noviembre. El arrestado, junto con otro hombre, intimid\u00f3 a la empleada y a un cliente del\" \/>\n\t<meta name=\"robots\" content=\"max-image-preview:large\" \/>\n\t<meta name=\"author\" content=\"El Digital de Asturias\"\/>\n\t<meta name=\"google-site-verification\" content=\"UA-38556648-1\" \/>\n\t<meta name=\"msvalidate.01\" content=\"7dfe9f3f1b24437ab69f4f2559babe99\" \/>\n\t<meta name=\"keywords\" content=\"actualidad asturias\" \/>\n\t<link rel=\"canonical\" href=\"https:\/\/www.eldigitaldeasturias.com\/noticias\/detenido-por-atracar-con-un-arma-blanca-un-estanco-de-gijon\/\" \/>\n\t<meta name=\"generator\" content=\"All in One SEO Pro (AIOSEO) 5.0.1\" \/>\n\t\t<meta property=\"og:locale\" content=\"es_ES\" \/>\n\t\t<meta property=\"og:site_name\" content=\"El Digital de Asturias\" \/>\n\t\t<meta property=\"og:type\" content=\"article\" \/>\n\t\t<meta property=\"og:title\" content=\"Detenido por atracar con un arma blanca un estanco de Gij\u00f3n - El Digital de Asturias\" \/>\n\t\t<meta property=\"og:description\" content=\"Gij\u00f3n, 10 dic (EFE).- La Polic\u00eda Nacional ha detenido a un hombre de 42 a\u00f1os que estaba siendo buscado por ser el autor de un atraco con un arma blanca en un estanco de Gij\u00f3n el pasado 16 de noviembre. El arrestado, junto con otro hombre, intimid\u00f3 a la empleada y a un cliente del\" \/>\n\t\t<meta property=\"og:url\" content=\"https:\/\/www.eldigitaldeasturias.com\/noticias\/detenido-por-atracar-con-un-arma-blanca-un-estanco-de-gijon\/\" \/>\n\t\t<meta property=\"og:image\" content=\"https:\/\/www.eldigitaldeasturias.com\/noticias\/wp-content\/uploads\/2026\/06\/Contenidos.jpg\" \/>\n\t\t<meta property=\"og:image:secure_url\" content=\"https:\/\/www.eldigitaldeasturias.com\/noticias\/wp-content\/uploads\/2026\/06\/Contenidos.jpg\" \/>\n\t\t<meta property=\"og:image:width\" content=\"1265\" \/>\n\t\t<meta property=\"og:image:height\" content=\"697\" \/>\n\t\t<meta property=\"article:tag\" content=\"actualidad asturias\" \/>\n\t\t<meta property=\"article:published_time\" content=\"2013-12-10T22:34:29+00:00\" \/>\n\t\t<meta property=\"article:modified_time\" content=\"2013-12-10T22:34:29+00:00\" \/>\n\t\t<meta property=\"article:publisher\" content=\"https:\/\/facebook.com\/eldigitaldeasturias\" \/>\n\t\t<meta name=\"twitter:card\" content=\"summary_large_image\" \/>\n\t\t<meta name=\"twitter:title\" content=\"Detenido por atracar con un arma blanca un estanco de Gij\u00f3n - El Digital de Asturias\" \/>\n\t\t<meta name=\"twitter:description\" content=\"Gij\u00f3n, 10 dic (EFE).- La Polic\u00eda Nacional ha detenido a un hombre de 42 a\u00f1os que estaba siendo buscado por ser el autor de un atraco con un arma blanca en un estanco de Gij\u00f3n el pasado 16 de noviembre. El arrestado, junto con otro hombre, intimid\u00f3 a la empleada y a un cliente del\" \/>\n\t\t<meta name=\"twitter:image\" content=\"https:\/\/www.eldigitaldeasturias.com\/noticias\/wp-content\/uploads\/2026\/06\/Contenidos.jpg\" \/>\n\t\t<meta name=\"twitter:label1\" content=\"Escrito por\" \/>\n\t\t<meta name=\"twitter:data1\" content=\"El Digital de Asturias\" \/>\n\t\t<meta name=\"twitter:label2\" content=\"Tiempo de lectura estimado\" \/>\n\t\t<meta name=\"twitter:data2\" content=\"1 minuto\" \/>\n\t\t<script type=\"application\/ld+json\" class=\"aioseo-schema\">\n\t\t\t{\"@context\":\"https:\\\/\\\/schema.org\",\"@graph\":[{\"@type\":\"BlogPosting\",\"@id\":\"https:\\\/\\\/www.eldigitaldeasturias.com\\\/noticias\\\/detenido-por-atracar-con-un-arma-blanca-un-estanco-de-gijon\\\/#blogposting\",\"name\":\"Detenido por atracar con un arma blanca un estanco de Gij\\u00f3n - El Digital de Asturias\",\"headline\":\"Detenido por atracar con un arma blanca un estanco de Gij\\u00f3n\",\"author\":{\"@id\":\"https:\\\/\\\/www.eldigitaldeasturias.com\\\/noticias\\\/author\\\/admin\\\/#author\"},\"publisher\":{\"@id\":\"https:\\\/\\\/www.eldigitaldeasturias.com\\\/noticias\\\/#organization\"},\"image\":{\"@type\":\"ImageObject\",\"url\":\"https:\\\/\\\/www.eldigitaldeasturias.com\\\/noticias\\\/wp-content\\\/uploads\\\/2026\\\/06\\\/Contenidos.jpg\",\"width\":1265,\"height\":697,\"caption\":\"Contenidos\"},\"datePublished\":\"2013-12-10T21:34:29+01:00\",\"dateModified\":\"2013-12-10T21:34:29+01:00\",\"inLanguage\":\"es-ES\",\"mainEntityOfPage\":{\"@id\":\"https:\\\/\\\/www.eldigitaldeasturias.com\\\/noticias\\\/detenido-por-atracar-con-un-arma-blanca-un-estanco-de-gijon\\\/#webpage\"},\"isPartOf\":{\"@id\":\"https:\\\/\\\/www.eldigitaldeasturias.com\\\/noticias\\\/detenido-por-atracar-con-un-arma-blanca-un-estanco-de-gijon\\\/#webpage\"},\"articleSection\":\"Actualidad Asturias\"},{\"@type\":\"BreadcrumbList\",\"@id\":\"https:\\\/\\\/www.eldigitaldeasturias.com\\\/noticias\\\/detenido-por-atracar-con-un-arma-blanca-un-estanco-de-gijon\\\/#breadcrumblist\",\"itemListElement\":[{\"@type\":\"ListItem\",\"@id\":\"https:\\\/\\\/www.eldigitaldeasturias.com\\\/noticias#listItem\",\"position\":1,\"name\":\"Home\",\"item\":\"https:\\\/\\\/www.eldigitaldeasturias.com\\\/noticias\",\"nextItem\":{\"@type\":\"ListItem\",\"@id\":\"https:\\\/\\\/www.eldigitaldeasturias.com\\\/noticias\\\/category\\\/actualidad-asturias\\\/#listItem\",\"name\":\"Actualidad Asturias\"}},{\"@type\":\"ListItem\",\"@id\":\"https:\\\/\\\/www.eldigitaldeasturias.com\\\/noticias\\\/category\\\/actualidad-asturias\\\/#listItem\",\"position\":2,\"name\":\"Actualidad Asturias\",\"item\":\"https:\\\/\\\/www.eldigitaldeasturias.com\\\/noticias\\\/category\\\/actualidad-asturias\\\/\",\"nextItem\":{\"@type\":\"ListItem\",\"@id\":\"https:\\\/\\\/www.eldigitaldeasturias.com\\\/noticias\\\/detenido-por-atracar-con-un-arma-blanca-un-estanco-de-gijon\\\/#listItem\",\"name\":\"Detenido por atracar con un arma blanca un estanco de Gij\\u00f3n\"},\"previousItem\":{\"@type\":\"ListItem\",\"@id\":\"https:\\\/\\\/www.eldigitaldeasturias.com\\\/noticias#listItem\",\"name\":\"Home\"}},{\"@type\":\"ListItem\",\"@id\":\"https:\\\/\\\/www.eldigitaldeasturias.com\\\/noticias\\\/detenido-por-atracar-con-un-arma-blanca-un-estanco-de-gijon\\\/#listItem\",\"position\":3,\"name\":\"Detenido por atracar con un arma blanca un estanco de Gij\\u00f3n\",\"previousItem\":{\"@type\":\"ListItem\",\"@id\":\"https:\\\/\\\/www.eldigitaldeasturias.com\\\/noticias\\\/category\\\/actualidad-asturias\\\/#listItem\",\"name\":\"Actualidad Asturias\"}}]},{\"@type\":\"Organization\",\"@id\":\"https:\\\/\\\/www.eldigitaldeasturias.com\\\/noticias\\\/#organization\",\"name\":\"El Digital de Asturias\",\"description\":\"Hemeroteca\",\"url\":\"https:\\\/\\\/www.eldigitaldeasturias.com\\\/noticias\\\/\",\"email\":\"info@eldigitaldeasturias.com\",\"telephone\":\"+34652131393\",\"logo\":{\"@type\":\"ImageObject\",\"url\":\"https:\\\/\\\/www.eldigitaldeasturias.com\\\/noticias\\\/wp-content\\\/uploads\\\/2020\\\/12\\\/EDA.jpg\",\"@id\":\"https:\\\/\\\/www.eldigitaldeasturias.com\\\/noticias\\\/detenido-por-atracar-con-un-arma-blanca-un-estanco-de-gijon\\\/#organizationLogo\"},\"image\":{\"@id\":\"https:\\\/\\\/www.eldigitaldeasturias.com\\\/noticias\\\/detenido-por-atracar-con-un-arma-blanca-un-estanco-de-gijon\\\/#organizationLogo\"},\"sameAs\":[\"https:\\\/\\\/facebook.com\\\/eldigitaldeasturias\",\"https:\\\/\\\/www.youtube.com\\\/channel\\\/UCZP-2wLEB9Rv6erhFmqVnvg\"],\"address\":{\"@id\":\"https:\\\/\\\/www.eldigitaldeasturias.com\\\/noticias\\\/#postaladdress\",\"@type\":\"PostalAddress\",\"streetAddress\":\"san antonio 4\",\"postalCode\":\"33430\",\"addressLocality\":\"Cand\\u00e1s\",\"addressRegion\":\"Asturias\",\"addressCountry\":\"ES\"}},{\"@type\":\"Person\",\"@id\":\"https:\\\/\\\/www.eldigitaldeasturias.com\\\/noticias\\\/author\\\/admin\\\/#author\",\"url\":\"https:\\\/\\\/www.eldigitaldeasturias.com\\\/noticias\\\/author\\\/admin\\\/\",\"name\":\"El Digital de Asturias\",\"image\":{\"@type\":\"ImageObject\",\"@id\":\"https:\\\/\\\/www.eldigitaldeasturias.com\\\/noticias\\\/detenido-por-atracar-con-un-arma-blanca-un-estanco-de-gijon\\\/#authorImage\",\"url\":\"https:\\\/\\\/secure.gravatar.com\\\/avatar\\\/df2aeffc32bcd13f8d26072ef8a91b623d677766deac7f97ca815868cd41bf5e?s=96&d=mm&r=g\",\"width\":96,\"height\":96,\"caption\":\"El Digital de Asturias\"}},{\"@type\":\"WebPage\",\"@id\":\"https:\\\/\\\/www.eldigitaldeasturias.com\\\/noticias\\\/detenido-por-atracar-con-un-arma-blanca-un-estanco-de-gijon\\\/#webpage\",\"url\":\"https:\\\/\\\/www.eldigitaldeasturias.com\\\/noticias\\\/detenido-por-atracar-con-un-arma-blanca-un-estanco-de-gijon\\\/\",\"name\":\"Detenido por atracar con un arma blanca un estanco de Gij\\u00f3n - El Digital de Asturias\",\"description\":\"Gij\\u00f3n, 10 dic (EFE).- La Polic\\u00eda Nacional ha detenido a un hombre de 42 a\\u00f1os que estaba siendo buscado por ser el autor de un atraco con un arma blanca en un estanco de Gij\\u00f3n el pasado 16 de noviembre. El arrestado, junto con otro hombre, intimid\\u00f3 a la empleada y a un cliente del\",\"inLanguage\":\"es-ES\",\"isPartOf\":{\"@id\":\"https:\\\/\\\/www.eldigitaldeasturias.com\\\/noticias\\\/#website\"},\"breadcrumb\":{\"@id\":\"https:\\\/\\\/www.eldigitaldeasturias.com\\\/noticias\\\/detenido-por-atracar-con-un-arma-blanca-un-estanco-de-gijon\\\/#breadcrumblist\"},\"author\":{\"@id\":\"https:\\\/\\\/www.eldigitaldeasturias.com\\\/noticias\\\/author\\\/admin\\\/#author\"},\"creator\":{\"@id\":\"https:\\\/\\\/www.eldigitaldeasturias.com\\\/noticias\\\/author\\\/admin\\\/#author\"},\"image\":{\"@type\":\"ImageObject\",\"url\":\"https:\\\/\\\/www.eldigitaldeasturias.com\\\/noticias\\\/wp-content\\\/uploads\\\/2026\\\/06\\\/Contenidos.jpg\",\"@id\":\"https:\\\/\\\/www.eldigitaldeasturias.com\\\/noticias\\\/detenido-por-atracar-con-un-arma-blanca-un-estanco-de-gijon\\\/#mainImage\",\"width\":1265,\"height\":697,\"caption\":\"Contenidos\"},\"primaryImageOfPage\":{\"@id\":\"https:\\\/\\\/www.eldigitaldeasturias.com\\\/noticias\\\/detenido-por-atracar-con-un-arma-blanca-un-estanco-de-gijon\\\/#mainImage\"},\"datePublished\":\"2013-12-10T21:34:29+01:00\",\"dateModified\":\"2013-12-10T21:34:29+01:00\"},{\"@type\":\"WebSite\",\"@id\":\"https:\\\/\\\/www.eldigitaldeasturias.com\\\/noticias\\\/#website\",\"url\":\"https:\\\/\\\/www.eldigitaldeasturias.com\\\/noticias\\\/\",\"name\":\"El Digital de Asturias - Diario de actualidad y noticias\",\"alternateName\":\"El Digital de Asturias - Diario de actualidad y noticias\",\"description\":\"Hemeroteca\",\"inLanguage\":\"es-ES\",\"publisher\":{\"@id\":\"https:\\\/\\\/www.eldigitaldeasturias.com\\\/noticias\\\/#organization\"}}]}\n\t\t<\/script>\n\t\t<!-- All in One SEO Pro -->\r\n\t\t<title>Detenido por atracar con un arma blanca un estanco de Gij\u00f3n - El Digital de Asturias<\/title>\n\n","aioseo_head_json":{"title":"Detenido por atracar con un arma blanca un estanco de Gij\u00f3n - El Digital de Asturias","description":"Gij\u00f3n, 10 dic (EFE).- La Polic\u00eda Nacional ha detenido a un hombre de 42 a\u00f1os que estaba siendo buscado por ser el autor de un atraco con un arma blanca en un estanco de Gij\u00f3n el pasado 16 de noviembre. El arrestado, junto con otro hombre, intimid\u00f3 a la empleada y a un cliente del","canonical_url":"https:\/\/www.eldigitaldeasturias.com\/noticias\/detenido-por-atracar-con-un-arma-blanca-un-estanco-de-gijon\/","robots":"max-image-preview:large","keywords":"actualidad asturias","webmasterTools":{"google-site-verification":"UA-38556648-1","msvalidate.01":"7dfe9f3f1b24437ab69f4f2559babe99","miscellaneous":""},"schema":{"@context":"https:\/\/schema.org","@graph":[{"@type":"BlogPosting","@id":"https:\/\/www.eldigitaldeasturias.com\/noticias\/detenido-por-atracar-con-un-arma-blanca-un-estanco-de-gijon\/#blogposting","name":"Detenido por atracar con un arma blanca un estanco de Gij\u00f3n - El Digital de Asturias","headline":"Detenido por atracar con un arma blanca un estanco de Gij\u00f3n","author":{"@id":"https:\/\/www.eldigitaldeasturias.com\/noticias\/author\/admin\/#author"},"publisher":{"@id":"https:\/\/www.eldigitaldeasturias.com\/noticias\/#organization"},"image":{"@type":"ImageObject","url":"https:\/\/www.eldigitaldeasturias.com\/noticias\/wp-content\/uploads\/2026\/06\/Contenidos.jpg","width":1265,"height":697,"caption":"Contenidos"},"datePublished":"2013-12-10T21:34:29+01:00","dateModified":"2013-12-10T21:34:29+01:00","inLanguage":"es-ES","mainEntityOfPage":{"@id":"https:\/\/www.eldigitaldeasturias.com\/noticias\/detenido-por-atracar-con-un-arma-blanca-un-estanco-de-gijon\/#webpage"},"isPartOf":{"@id":"https:\/\/www.eldigitaldeasturias.com\/noticias\/detenido-por-atracar-con-un-arma-blanca-un-estanco-de-gijon\/#webpage"},"articleSection":"Actualidad Asturias"},{"@type":"BreadcrumbList","@id":"https:\/\/www.eldigitaldeasturias.com\/noticias\/detenido-por-atracar-con-un-arma-blanca-un-estanco-de-gijon\/#breadcrumblist","itemListElement":[{"@type":"ListItem","@id":"https:\/\/www.eldigitaldeasturias.com\/noticias#listItem","position":1,"name":"Home","item":"https:\/\/www.eldigitaldeasturias.com\/noticias","nextItem":{"@type":"ListItem","@id":"https:\/\/www.eldigitaldeasturias.com\/noticias\/category\/actualidad-asturias\/#listItem","name":"Actualidad Asturias"}},{"@type":"ListItem","@id":"https:\/\/www.eldigitaldeasturias.com\/noticias\/category\/actualidad-asturias\/#listItem","position":2,"name":"Actualidad Asturias","item":"https:\/\/www.eldigitaldeasturias.com\/noticias\/category\/actualidad-asturias\/","nextItem":{"@type":"ListItem","@id":"https:\/\/www.eldigitaldeasturias.com\/noticias\/detenido-por-atracar-con-un-arma-blanca-un-estanco-de-gijon\/#listItem","name":"Detenido por atracar con un arma blanca un estanco de Gij\u00f3n"},"previousItem":{"@type":"ListItem","@id":"https:\/\/www.eldigitaldeasturias.com\/noticias#listItem","name":"Home"}},{"@type":"ListItem","@id":"https:\/\/www.eldigitaldeasturias.com\/noticias\/detenido-por-atracar-con-un-arma-blanca-un-estanco-de-gijon\/#listItem","position":3,"name":"Detenido por atracar con un arma blanca un estanco de Gij\u00f3n","previousItem":{"@type":"ListItem","@id":"https:\/\/www.eldigitaldeasturias.com\/noticias\/category\/actualidad-asturias\/#listItem","name":"Actualidad Asturias"}}]},{"@type":"Organization","@id":"https:\/\/www.eldigitaldeasturias.com\/noticias\/#organization","name":"El Digital de Asturias","description":"Hemeroteca","url":"https:\/\/www.eldigitaldeasturias.com\/noticias\/","email":"info@eldigitaldeasturias.com","telephone":"+34652131393","logo":{"@type":"ImageObject","url":"https:\/\/www.eldigitaldeasturias.com\/noticias\/wp-content\/uploads\/2020\/12\/EDA.jpg","@id":"https:\/\/www.eldigitaldeasturias.com\/noticias\/detenido-por-atracar-con-un-arma-blanca-un-estanco-de-gijon\/#organizationLogo"},"image":{"@id":"https:\/\/www.eldigitaldeasturias.com\/noticias\/detenido-por-atracar-con-un-arma-blanca-un-estanco-de-gijon\/#organizationLogo"},"sameAs":["https:\/\/facebook.com\/eldigitaldeasturias","https:\/\/www.youtube.com\/channel\/UCZP-2wLEB9Rv6erhFmqVnvg"],"address":{"@id":"https:\/\/www.eldigitaldeasturias.com\/noticias\/#postaladdress","@type":"PostalAddress","streetAddress":"san antonio 4","postalCode":"33430","addressLocality":"Cand\u00e1s","addressRegion":"Asturias","addressCountry":"ES"}},{"@type":"Person","@id":"https:\/\/www.eldigitaldeasturias.com\/noticias\/author\/admin\/#author","url":"https:\/\/www.eldigitaldeasturias.com\/noticias\/author\/admin\/","name":"El Digital de Asturias","image":{"@type":"ImageObject","@id":"https:\/\/www.eldigitaldeasturias.com\/noticias\/detenido-por-atracar-con-un-arma-blanca-un-estanco-de-gijon\/#authorImage","url":"https:\/\/secure.gravatar.com\/avatar\/df2aeffc32bcd13f8d26072ef8a91b623d677766deac7f97ca815868cd41bf5e?s=96&d=mm&r=g","width":96,"height":96,"caption":"El Digital de Asturias"}},{"@type":"WebPage","@id":"https:\/\/www.eldigitaldeasturias.com\/noticias\/detenido-por-atracar-con-un-arma-blanca-un-estanco-de-gijon\/#webpage","url":"https:\/\/www.eldigitaldeasturias.com\/noticias\/detenido-por-atracar-con-un-arma-blanca-un-estanco-de-gijon\/","name":"Detenido por atracar con un arma blanca un estanco de Gij\u00f3n - El Digital de Asturias","description":"Gij\u00f3n, 10 dic (EFE).- La Polic\u00eda Nacional ha detenido a un hombre de 42 a\u00f1os que estaba siendo buscado por ser el autor de un atraco con un arma blanca en un estanco de Gij\u00f3n el pasado 16 de noviembre. El arrestado, junto con otro hombre, intimid\u00f3 a la empleada y a un cliente del","inLanguage":"es-ES","isPartOf":{"@id":"https:\/\/www.eldigitaldeasturias.com\/noticias\/#website"},"breadcrumb":{"@id":"https:\/\/www.eldigitaldeasturias.com\/noticias\/detenido-por-atracar-con-un-arma-blanca-un-estanco-de-gijon\/#breadcrumblist"},"author":{"@id":"https:\/\/www.eldigitaldeasturias.com\/noticias\/author\/admin\/#author"},"creator":{"@id":"https:\/\/www.eldigitaldeasturias.com\/noticias\/author\/admin\/#author"},"image":{"@type":"ImageObject","url":"https:\/\/www.eldigitaldeasturias.com\/noticias\/wp-content\/uploads\/2026\/06\/Contenidos.jpg","@id":"https:\/\/www.eldigitaldeasturias.com\/noticias\/detenido-por-atracar-con-un-arma-blanca-un-estanco-de-gijon\/#mainImage","width":1265,"height":697,"caption":"Contenidos"},"primaryImageOfPage":{"@id":"https:\/\/www.eldigitaldeasturias.com\/noticias\/detenido-por-atracar-con-un-arma-blanca-un-estanco-de-gijon\/#mainImage"},"datePublished":"2013-12-10T21:34:29+01:00","dateModified":"2013-12-10T21:34:29+01:00"},{"@type":"WebSite","@id":"https:\/\/www.eldigitaldeasturias.com\/noticias\/#website","url":"https:\/\/www.eldigitaldeasturias.com\/noticias\/","name":"El Digital de Asturias - Diario de actualidad y noticias","alternateName":"El Digital de Asturias - Diario de actualidad y noticias","description":"Hemeroteca","inLanguage":"es-ES","publisher":{"@id":"https:\/\/www.eldigitaldeasturias.com\/noticias\/#organization"}}]},"og:locale":"es_ES","og:site_name":"El Digital de Asturias","og:type":"article","og:title":"Detenido por atracar con un arma blanca un estanco de Gij\u00f3n - El Digital de Asturias","og:description":"Gij\u00f3n, 10 dic (EFE).- La Polic\u00eda Nacional ha detenido a un hombre de 42 a\u00f1os que estaba siendo buscado por ser el autor de un atraco con un arma blanca en un estanco de Gij\u00f3n el pasado 16 de noviembre. El arrestado, junto con otro hombre, intimid\u00f3 a la empleada y a un cliente del","og:url":"https:\/\/www.eldigitaldeasturias.com\/noticias\/detenido-por-atracar-con-un-arma-blanca-un-estanco-de-gijon\/","og:image":"https:\/\/www.eldigitaldeasturias.com\/noticias\/wp-content\/uploads\/2026\/06\/Contenidos.jpg","og:image:secure_url":"https:\/\/www.eldigitaldeasturias.com\/noticias\/wp-content\/uploads\/2026\/06\/Contenidos.jpg","og:image:width":1265,"og:image:height":697,"article:tag":["actualidad asturias"],"article:published_time":"2013-12-10T22:34:29+00:00","article:modified_time":"2013-12-10T22:34:29+00:00","article:publisher":"https:\/\/facebook.com\/eldigitaldeasturias","twitter:card":"summary_large_image","twitter:title":"Detenido por atracar con un arma blanca un estanco de Gij\u00f3n - El Digital de Asturias","twitter:description":"Gij\u00f3n, 10 dic (EFE).- La Polic\u00eda Nacional ha detenido a un hombre de 42 a\u00f1os que estaba siendo buscado por ser el autor de un atraco con un arma blanca en un estanco de Gij\u00f3n el pasado 16 de noviembre. El arrestado, junto con otro hombre, intimid\u00f3 a la empleada y a un cliente del","twitter:image":"https:\/\/www.eldigitaldeasturias.com\/noticias\/wp-content\/uploads\/2026\/06\/Contenidos.jpg","twitter:label1":"Escrito por","twitter:data1":"El Digital de Asturias","twitter:label2":"Tiempo de lectura estimado","twitter:data2":"1 minuto"},"aioseo_meta_data":{"post_id":"460136","title":null,"description":null,"keywords":null,"keyphrases":null,"primary_term":null,"canonical_url":null,"og_title":null,"og_description":null,"og_object_type":"default","og_image_type":"default","og_image_url":null,"og_image_width":null,"og_image_height":null,"og_image_custom_url":null,"og_image_custom_fields":null,"og_video":null,"og_custom_url":null,"og_article_section":null,"og_article_tags":null,"twitter_use_og":true,"twitter_card":"default","twitter_image_type":"default","twitter_image_url":null,"twitter_image_custom_url":null,"twitter_image_custom_fields":null,"twitter_title":null,"twitter_description":null,"schema":{"blockGraphs":[],"customGraphs":[],"default":{"data":{"Article":[],"Course":[],"Dataset":[],"FAQPage":[],"Movie":[],"Person":[],"Product":[],"ProductReview":[],"Car":[],"Recipe":[],"Service":[],"SoftwareApplication":[],"WebPage":[]},"graphName":"","isEnabled":true},"graphs":[],"defaultGraph":"","defaultPostTypeGraph":""},"schema_type":null,"schema_type_options":null,"pillar_content":false,"robots_default":true,"robots_noindex":false,"robots_noarchive":false,"robots_nosnippet":false,"robots_nofollow":false,"robots_noimageindex":false,"robots_noodp":false,"robots_notranslate":false,"robots_max_snippet":null,"robots_max_videopreview":null,"robots_max_imagepreview":"none","priority":null,"frequency":null,"local_seo":null,"seo_analyzer_scan_date":"2026-05-30 11:56:04","breadcrumb_settings":null,"limit_modified_date":false,"open_ai":null,"ai":null,"created":"2020-11-14 22:47:42","updated":"2026-05-30 11:56:04","focus_keyword":null,"additional_keywords":null,"truseo_locale":null},"aioseo_breadcrumb":"<div class=\"aioseo-breadcrumbs\"><span class=\"aioseo-breadcrumb\">\n\t<a href=\"https:\/\/www.eldigitaldeasturias.com\/noticias\" title=\"Home\">Home<\/a>\n<\/span><span class=\"aioseo-breadcrumb-separator\">\u2013<\/span><span class=\"aioseo-breadcrumb\">\n\t<a href=\"https:\/\/www.eldigitaldeasturias.com\/noticias\/category\/actualidad-asturias\/\" title=\"Actualidad Asturias\">Actualidad Asturias<\/a>\n<\/span><span class=\"aioseo-breadcrumb-separator\">\u2013<\/span><span class=\"aioseo-breadcrumb\">\n\t<a href=\"https:\/\/www.eldigitaldeasturias.com\/noticias\/detenido-por-atracar-con-un-arma-blanca-un-estanco-de-gijon\/\" title=\"Detenido por atracar con un arma blanca un estanco de Gij\u00f3n\">Detenido por atracar con un arma blanca un estanco de Gij\u00f3n<\/a>\n<\/span><\/div>","aioseo_breadcrumb_json":[{"label":"Home","link":"https:\/\/www.eldigitaldeasturias.com\/noticias"},{"label":"Actualidad Asturias","link":"https:\/\/www.eldigitaldeasturias.com\/noticias\/category\/actualidad-asturias\/"},{"label":"Detenido por atracar con un arma blanca un estanco de Gij\u00f3n","link":"https:\/\/www.eldigitaldeasturias.com\/noticias\/detenido-por-atracar-con-un-arma-blanca-un-estanco-de-gijon\/"}],"_links":{"self":[{"href":"https:\/\/www.eldigitaldeasturias.com\/noticias\/wp-json\/wp\/v2\/posts\/460136","targetHints":{"allow":["GET"]}}],"collection":[{"href":"https:\/\/www.eldigitaldeasturias.com\/noticias\/wp-json\/wp\/v2\/posts"}],"about":[{"href":"https:\/\/www.eldigitaldeasturias.com\/noticias\/wp-json\/wp\/v2\/types\/post"}],"author":[{"embeddable":true,"href":"https:\/\/www.eldigitaldeasturias.com\/noticias\/wp-json\/wp\/v2\/users\/1"}],"replies":[{"embeddable":true,"href":"https:\/\/www.eldigitaldeasturias.com\/noticias\/wp-json\/wp\/v2\/comments?post=460136"}],"version-history":[{"count":0,"href":"https:\/\/www.eldigitaldeasturias.com\/noticias\/wp-json\/wp\/v2\/posts\/460136\/revisions"}],"wp:featuredmedia":[{"embeddable":true,"href":"https:\/\/www.eldigitaldeasturias.com\/noticias\/wp-json\/wp\/v2\/media\/1132184"}],"wp:attachment":[{"href":"https:\/\/www.eldigitaldeasturias.com\/noticias\/wp-json\/wp\/v2\/media?parent=460136"}],"wp:term":[{"taxonomy":"category","embeddable":true,"href":"https:\/\/www.eldigitaldeasturias.com\/noticias\/wp-json\/wp\/v2\/categories?post=460136"},{"taxonomy":"post_tag","embeddable":true,"href":"https:\/\/www.eldigitaldeasturias.com\/noticias\/wp-json\/wp\/v2\/tags?post=460136"}],"curies":[{"name":"wp","href":"https:\/\/api.w.org\/{rel}","templated":true}]}}