{"id":460104,"date":"2013-12-10T15:46:50","date_gmt":"2013-12-10T16:46:50","guid":{"rendered":"http:\/\/www.eldigitaldeasturias.com\/noticias\/?p=460104"},"modified":"2013-12-10T15:46:50","modified_gmt":"2013-12-10T16:46:50","slug":"los-directivos-asturianos-mejoran-sus-perspectivas-de-contratacion-para-2014","status":"publish","type":"post","link":"https:\/\/www.eldigitaldeasturias.com\/noticias\/los-directivos-asturianos-mejoran-sus-perspectivas-de-contratacion-para-2014\/","title":{"rendered":"Los directivos asturianos mejoran sus perspectivas de contrataci\u00f3n para 2014"},"content":{"rendered":"<p><img loading=\"lazy\" decoding=\"async\" class=\"alignleft size-medium wp-image-435693\" alt=\"Open wlan networks in cafes\" src=\"https:\/\/www.eldigitaldeasturias.com\/noticias\/wp-content\/uploads\/2013\/10\/NO_CONF_E_CIEGAMENTE_35981830-360x226.jpg\" width=\"360\" height=\"226\" \/>Madrid\/Oviedo, 10 dic (EFE).- Los directivos de la zona noroeste de Espa\u00f1a -Asturias, Castilla y Le\u00f3n y Galicia- han anunciado una mejora en sus intenciones de contrataci\u00f3n para el primer trimestre de 2014, aunque todav\u00eda predominan las empresas que prev\u00e9n reducciones, seg\u00fan un estudio elaborado por la consultora de empleo Manpower.<\/p>\n<p>En concreto, la proyecci\u00f3n de empleo neto (porcentaje de directivos que prev\u00e9n incrementar la contrataci\u00f3n menos el porcentaje de los que esperan reducirla) ha mejorado doce puntos respecto al primer trimestre de 2013, si bien contin\u00faa en valores negativos del -3 por ciento.<\/p>\n<p>En el conjunto de Espa\u00f1a, el 85 % de los directivos no prev\u00e9 cambios en sus plantillas en el primer trimestre de 2014, mientras que el 4 % espera aumentar la contrataci\u00f3n y el 10 % piensa reducir su n\u00famero de empleados.<\/p>\n<p>Asimismo, Manpower pronostica que en los tres primeros meses de 2014 habr\u00e1 todav\u00eda una destrucci\u00f3n neta del empleo del 4 %.<\/p>\n<p>A pesar de que se trata del vig\u00e9simo tercer trimestre consecutivo con una proyecci\u00f3n de empleo neto negativa, la consultora constata un cambio de tendencia porque la proyecci\u00f3n nacional mejora en tres puntos porcentuales respecto al trimestre anterior y en siete puntos frente al mismo periodo de 2013.<\/p>\n<p>Manpower divide el territorio espa\u00f1ol en seis regiones (Centro, Este, Noreste, Noroeste, Norte y Sur) y concluye que todas ellas tendr\u00e1n cifras negativas de empleo en el primer trimestre de 2014.<\/p>\n<p>No obstante, s\u00f3lo la regi\u00f3n Este empeora sus perspectivas respecto al trimestre anterior, mientras que en comparaci\u00f3n anual cuatro de las seis zonas mejoran sus previsiones de contrataci\u00f3n.<\/p>\n<p>Si se analizan por sectores de actividad, s\u00f3lo los directivos de empresas dedicadas a la agricultura y la caza prev\u00e9n aumentar sus plantillas en el primer trimestre de 2014.<\/p>\n<p>A pesar de ello, las previsiones han mejorado respecto al trimestre anterior en seis de los diez sectores estudiados, sobre todo en energ\u00eda el\u00e9ctrica, gas y agua, y en comercio y reparaciones.<\/p>\n<p>El estudio de Manpower tambi\u00e9n analiza las perspectivas de contrataci\u00f3n a nivel mundial, a trav\u00e9s de encuestas a 65.000 directivos en 42 pa\u00edses para medir sus intenciones de aumentar o disminuir el n\u00famero de empleados en sus plantillas durante los tres primeros meses de 2014.<\/p>\n<p>De esta forma, los directivos de 34 de los 42 pa\u00edses participantes registran proyecciones de empleo neto positivas para el primer trimestre de 2014, frente a los 29 del cuarto trimestre de 2013 .<\/p>\n<p>Asimismo, las mejores previsiones de Europa est\u00e1n en Turqu\u00eda, en tanto que en Grecia se pronostica el ritmo m\u00e1s activo de contrataci\u00f3n desde el cuarto trimestre de 2009.<\/p>\n","protected":false},"excerpt":{"rendered":"<p>Madrid\/Oviedo, 10 dic (EFE).- Los directivos de la zona noroeste de Espa\u00f1a -Asturias, Castilla y Le\u00f3n y Galicia- han anunciado una mejora en sus intenciones de contrataci\u00f3n para el primer trimestre de 2014, aunque todav\u00eda predominan las empresas que prev\u00e9n reducciones, seg\u00fan un estudio elaborado por la consultora de empleo Manpower. En concreto, la proyecci\u00f3n [&hellip;]<\/p>\n","protected":false},"author":1,"featured_media":435693,"comment_status":"closed","ping_status":"open","sticky":false,"template":"","format":"standard","meta":{"footnotes":""},"categories":[12],"tags":[],"class_list":["post-460104","post","type-post","status-publish","format-standard","has-post-thumbnail","hentry","category-actualidad-asturias"],"aioseo_notices":[],"aioseo_head":"\n\t\t<!-- All in One SEO Pro 5.0.1 - aioseo.com -->\n\t<meta name=\"description\" content=\"Madrid\/Oviedo, 10 dic (EFE).- Los directivos de la zona noroeste de Espa\u00f1a -Asturias, Castilla y Le\u00f3n y Galicia- han anunciado una mejora en sus intenciones de contrataci\u00f3n para el primer trimestre de 2014, aunque todav\u00eda predominan las empresas que prev\u00e9n reducciones, seg\u00fan un estudio elaborado por la consultora de empleo Manpower. En concreto, la proyecci\u00f3n\" \/>\n\t<meta name=\"robots\" content=\"max-image-preview:large\" \/>\n\t<meta name=\"author\" content=\"El Digital de Asturias\"\/>\n\t<meta name=\"google-site-verification\" content=\"UA-38556648-1\" \/>\n\t<meta name=\"msvalidate.01\" content=\"7dfe9f3f1b24437ab69f4f2559babe99\" \/>\n\t<meta name=\"keywords\" content=\"actualidad asturias\" \/>\n\t<link rel=\"canonical\" href=\"https:\/\/www.eldigitaldeasturias.com\/noticias\/los-directivos-asturianos-mejoran-sus-perspectivas-de-contratacion-para-2014\/\" \/>\n\t<meta name=\"generator\" content=\"All in One SEO Pro (AIOSEO) 5.0.1\" \/>\n\t\t<meta property=\"og:locale\" content=\"es_ES\" \/>\n\t\t<meta property=\"og:site_name\" content=\"El Digital de Asturias\" \/>\n\t\t<meta property=\"og:type\" content=\"article\" \/>\n\t\t<meta property=\"og:title\" content=\"Los directivos asturianos mejoran sus perspectivas de contrataci\u00f3n para 2014 - El Digital de Asturias\" \/>\n\t\t<meta property=\"og:description\" content=\"Madrid\/Oviedo, 10 dic (EFE).- Los directivos de la zona noroeste de Espa\u00f1a -Asturias, Castilla y Le\u00f3n y Galicia- han anunciado una mejora en sus intenciones de contrataci\u00f3n para el primer trimestre de 2014, aunque todav\u00eda predominan las empresas que prev\u00e9n reducciones, seg\u00fan un estudio elaborado por la consultora de empleo Manpower. En concreto, la proyecci\u00f3n\" \/>\n\t\t<meta property=\"og:url\" content=\"https:\/\/www.eldigitaldeasturias.com\/noticias\/los-directivos-asturianos-mejoran-sus-perspectivas-de-contratacion-para-2014\/\" \/>\n\t\t<meta property=\"article:tag\" content=\"actualidad asturias\" \/>\n\t\t<meta property=\"article:published_time\" content=\"2013-12-10T16:46:50+00:00\" \/>\n\t\t<meta property=\"article:modified_time\" content=\"2013-12-10T16:46:50+00:00\" \/>\n\t\t<meta property=\"article:publisher\" content=\"https:\/\/facebook.com\/eldigitaldeasturias\" \/>\n\t\t<meta name=\"twitter:card\" content=\"summary_large_image\" \/>\n\t\t<meta name=\"twitter:title\" content=\"Los directivos asturianos mejoran sus perspectivas de contrataci\u00f3n para 2014 - El Digital de Asturias\" \/>\n\t\t<meta name=\"twitter:description\" content=\"Madrid\/Oviedo, 10 dic (EFE).- Los directivos de la zona noroeste de Espa\u00f1a -Asturias, Castilla y Le\u00f3n y Galicia- han anunciado una mejora en sus intenciones de contrataci\u00f3n para el primer trimestre de 2014, aunque todav\u00eda predominan las empresas que prev\u00e9n reducciones, seg\u00fan un estudio elaborado por la consultora de empleo Manpower. En concreto, la proyecci\u00f3n\" \/>\n\t\t<meta name=\"twitter:label1\" content=\"Escrito por\" \/>\n\t\t<meta name=\"twitter:data1\" content=\"El Digital de Asturias\" \/>\n\t\t<meta name=\"twitter:label2\" content=\"Tiempo de lectura estimado\" \/>\n\t\t<meta name=\"twitter:data2\" content=\"2 minutos\" \/>\n\t\t<script type=\"application\/ld+json\" class=\"aioseo-schema\">\n\t\t\t{\"@context\":\"https:\\\/\\\/schema.org\",\"@graph\":[{\"@type\":\"BlogPosting\",\"@id\":\"https:\\\/\\\/www.eldigitaldeasturias.com\\\/noticias\\\/los-directivos-asturianos-mejoran-sus-perspectivas-de-contratacion-para-2014\\\/#blogposting\",\"name\":\"Los directivos asturianos mejoran sus perspectivas de contrataci\\u00f3n para 2014 - El Digital de Asturias\",\"headline\":\"Los directivos asturianos mejoran sus perspectivas de contrataci\\u00f3n para 2014\",\"author\":{\"@id\":\"https:\\\/\\\/www.eldigitaldeasturias.com\\\/noticias\\\/author\\\/admin\\\/#author\"},\"publisher\":{\"@id\":\"https:\\\/\\\/www.eldigitaldeasturias.com\\\/noticias\\\/#organization\"},\"image\":{\"@type\":\"ImageObject\",\"url\":435693},\"datePublished\":\"2013-12-10T15:46:50+01:00\",\"dateModified\":\"2013-12-10T15:46:50+01:00\",\"inLanguage\":\"es-ES\",\"mainEntityOfPage\":{\"@id\":\"https:\\\/\\\/www.eldigitaldeasturias.com\\\/noticias\\\/los-directivos-asturianos-mejoran-sus-perspectivas-de-contratacion-para-2014\\\/#webpage\"},\"isPartOf\":{\"@id\":\"https:\\\/\\\/www.eldigitaldeasturias.com\\\/noticias\\\/los-directivos-asturianos-mejoran-sus-perspectivas-de-contratacion-para-2014\\\/#webpage\"},\"articleSection\":\"Actualidad Asturias\"},{\"@type\":\"BreadcrumbList\",\"@id\":\"https:\\\/\\\/www.eldigitaldeasturias.com\\\/noticias\\\/los-directivos-asturianos-mejoran-sus-perspectivas-de-contratacion-para-2014\\\/#breadcrumblist\",\"itemListElement\":[{\"@type\":\"ListItem\",\"@id\":\"https:\\\/\\\/www.eldigitaldeasturias.com\\\/noticias#listItem\",\"position\":1,\"name\":\"Home\",\"item\":\"https:\\\/\\\/www.eldigitaldeasturias.com\\\/noticias\",\"nextItem\":{\"@type\":\"ListItem\",\"@id\":\"https:\\\/\\\/www.eldigitaldeasturias.com\\\/noticias\\\/category\\\/actualidad-asturias\\\/#listItem\",\"name\":\"Actualidad Asturias\"}},{\"@type\":\"ListItem\",\"@id\":\"https:\\\/\\\/www.eldigitaldeasturias.com\\\/noticias\\\/category\\\/actualidad-asturias\\\/#listItem\",\"position\":2,\"name\":\"Actualidad Asturias\",\"item\":\"https:\\\/\\\/www.eldigitaldeasturias.com\\\/noticias\\\/category\\\/actualidad-asturias\\\/\",\"nextItem\":{\"@type\":\"ListItem\",\"@id\":\"https:\\\/\\\/www.eldigitaldeasturias.com\\\/noticias\\\/los-directivos-asturianos-mejoran-sus-perspectivas-de-contratacion-para-2014\\\/#listItem\",\"name\":\"Los directivos asturianos mejoran sus perspectivas de contrataci\\u00f3n para 2014\"},\"previousItem\":{\"@type\":\"ListItem\",\"@id\":\"https:\\\/\\\/www.eldigitaldeasturias.com\\\/noticias#listItem\",\"name\":\"Home\"}},{\"@type\":\"ListItem\",\"@id\":\"https:\\\/\\\/www.eldigitaldeasturias.com\\\/noticias\\\/los-directivos-asturianos-mejoran-sus-perspectivas-de-contratacion-para-2014\\\/#listItem\",\"position\":3,\"name\":\"Los directivos asturianos mejoran sus perspectivas de contrataci\\u00f3n para 2014\",\"previousItem\":{\"@type\":\"ListItem\",\"@id\":\"https:\\\/\\\/www.eldigitaldeasturias.com\\\/noticias\\\/category\\\/actualidad-asturias\\\/#listItem\",\"name\":\"Actualidad Asturias\"}}]},{\"@type\":\"Organization\",\"@id\":\"https:\\\/\\\/www.eldigitaldeasturias.com\\\/noticias\\\/#organization\",\"name\":\"El Digital de Asturias\",\"description\":\"Hemeroteca\",\"url\":\"https:\\\/\\\/www.eldigitaldeasturias.com\\\/noticias\\\/\",\"email\":\"info@eldigitaldeasturias.com\",\"telephone\":\"+34652131393\",\"logo\":{\"@type\":\"ImageObject\",\"url\":\"https:\\\/\\\/www.eldigitaldeasturias.com\\\/noticias\\\/wp-content\\\/uploads\\\/2020\\\/12\\\/EDA.jpg\",\"@id\":\"https:\\\/\\\/www.eldigitaldeasturias.com\\\/noticias\\\/los-directivos-asturianos-mejoran-sus-perspectivas-de-contratacion-para-2014\\\/#organizationLogo\"},\"image\":{\"@id\":\"https:\\\/\\\/www.eldigitaldeasturias.com\\\/noticias\\\/los-directivos-asturianos-mejoran-sus-perspectivas-de-contratacion-para-2014\\\/#organizationLogo\"},\"sameAs\":[\"https:\\\/\\\/facebook.com\\\/eldigitaldeasturias\",\"https:\\\/\\\/www.youtube.com\\\/channel\\\/UCZP-2wLEB9Rv6erhFmqVnvg\"],\"address\":{\"@id\":\"https:\\\/\\\/www.eldigitaldeasturias.com\\\/noticias\\\/#postaladdress\",\"@type\":\"PostalAddress\",\"streetAddress\":\"san antonio 4\",\"postalCode\":\"33430\",\"addressLocality\":\"Cand\\u00e1s\",\"addressRegion\":\"Asturias\",\"addressCountry\":\"ES\"}},{\"@type\":\"Person\",\"@id\":\"https:\\\/\\\/www.eldigitaldeasturias.com\\\/noticias\\\/author\\\/admin\\\/#author\",\"url\":\"https:\\\/\\\/www.eldigitaldeasturias.com\\\/noticias\\\/author\\\/admin\\\/\",\"name\":\"El Digital de Asturias\",\"image\":{\"@type\":\"ImageObject\",\"@id\":\"https:\\\/\\\/www.eldigitaldeasturias.com\\\/noticias\\\/los-directivos-asturianos-mejoran-sus-perspectivas-de-contratacion-para-2014\\\/#authorImage\",\"url\":\"https:\\\/\\\/secure.gravatar.com\\\/avatar\\\/df2aeffc32bcd13f8d26072ef8a91b623d677766deac7f97ca815868cd41bf5e?s=96&d=mm&r=g\",\"width\":96,\"height\":96,\"caption\":\"El Digital de Asturias\"}},{\"@type\":\"WebPage\",\"@id\":\"https:\\\/\\\/www.eldigitaldeasturias.com\\\/noticias\\\/los-directivos-asturianos-mejoran-sus-perspectivas-de-contratacion-para-2014\\\/#webpage\",\"url\":\"https:\\\/\\\/www.eldigitaldeasturias.com\\\/noticias\\\/los-directivos-asturianos-mejoran-sus-perspectivas-de-contratacion-para-2014\\\/\",\"name\":\"Los directivos asturianos mejoran sus perspectivas de contrataci\\u00f3n para 2014 - El Digital de Asturias\",\"description\":\"Madrid\\\/Oviedo, 10 dic (EFE).- Los directivos de la zona noroeste de Espa\\u00f1a -Asturias, Castilla y Le\\u00f3n y Galicia- han anunciado una mejora en sus intenciones de contrataci\\u00f3n para el primer trimestre de 2014, aunque todav\\u00eda predominan las empresas que prev\\u00e9n reducciones, seg\\u00fan un estudio elaborado por la consultora de empleo Manpower. En concreto, la proyecci\\u00f3n\",\"inLanguage\":\"es-ES\",\"isPartOf\":{\"@id\":\"https:\\\/\\\/www.eldigitaldeasturias.com\\\/noticias\\\/#website\"},\"breadcrumb\":{\"@id\":\"https:\\\/\\\/www.eldigitaldeasturias.com\\\/noticias\\\/los-directivos-asturianos-mejoran-sus-perspectivas-de-contratacion-para-2014\\\/#breadcrumblist\"},\"author\":{\"@id\":\"https:\\\/\\\/www.eldigitaldeasturias.com\\\/noticias\\\/author\\\/admin\\\/#author\"},\"creator\":{\"@id\":\"https:\\\/\\\/www.eldigitaldeasturias.com\\\/noticias\\\/author\\\/admin\\\/#author\"},\"image\":{\"@type\":\"ImageObject\",\"url\":435693,\"@id\":\"https:\\\/\\\/www.eldigitaldeasturias.com\\\/noticias\\\/los-directivos-asturianos-mejoran-sus-perspectivas-de-contratacion-para-2014\\\/#mainImage\"},\"primaryImageOfPage\":{\"@id\":\"https:\\\/\\\/www.eldigitaldeasturias.com\\\/noticias\\\/los-directivos-asturianos-mejoran-sus-perspectivas-de-contratacion-para-2014\\\/#mainImage\"},\"datePublished\":\"2013-12-10T15:46:50+01:00\",\"dateModified\":\"2013-12-10T15:46:50+01:00\"},{\"@type\":\"WebSite\",\"@id\":\"https:\\\/\\\/www.eldigitaldeasturias.com\\\/noticias\\\/#website\",\"url\":\"https:\\\/\\\/www.eldigitaldeasturias.com\\\/noticias\\\/\",\"name\":\"El Digital de Asturias - Diario de actualidad y noticias\",\"alternateName\":\"El Digital de Asturias - Diario de actualidad y noticias\",\"description\":\"Hemeroteca\",\"inLanguage\":\"es-ES\",\"publisher\":{\"@id\":\"https:\\\/\\\/www.eldigitaldeasturias.com\\\/noticias\\\/#organization\"}}]}\n\t\t<\/script>\n\t\t<!-- All in One SEO Pro -->\r\n\t\t<title>Los directivos asturianos mejoran sus perspectivas de contrataci\u00f3n para 2014 - El Digital de Asturias<\/title>\n\n","aioseo_head_json":{"title":"Los directivos asturianos mejoran sus perspectivas de contrataci\u00f3n para 2014 - El Digital de Asturias","description":"Madrid\/Oviedo, 10 dic (EFE).- Los directivos de la zona noroeste de Espa\u00f1a -Asturias, Castilla y Le\u00f3n y Galicia- han anunciado una mejora en sus intenciones de contrataci\u00f3n para el primer trimestre de 2014, aunque todav\u00eda predominan las empresas que prev\u00e9n reducciones, seg\u00fan un estudio elaborado por la consultora de empleo Manpower. En concreto, la proyecci\u00f3n","canonical_url":"https:\/\/www.eldigitaldeasturias.com\/noticias\/los-directivos-asturianos-mejoran-sus-perspectivas-de-contratacion-para-2014\/","robots":"max-image-preview:large","keywords":"actualidad asturias","webmasterTools":{"google-site-verification":"UA-38556648-1","msvalidate.01":"7dfe9f3f1b24437ab69f4f2559babe99","miscellaneous":""},"schema":{"@context":"https:\/\/schema.org","@graph":[{"@type":"BlogPosting","@id":"https:\/\/www.eldigitaldeasturias.com\/noticias\/los-directivos-asturianos-mejoran-sus-perspectivas-de-contratacion-para-2014\/#blogposting","name":"Los directivos asturianos mejoran sus perspectivas de contrataci\u00f3n para 2014 - El Digital de Asturias","headline":"Los directivos asturianos mejoran sus perspectivas de contrataci\u00f3n para 2014","author":{"@id":"https:\/\/www.eldigitaldeasturias.com\/noticias\/author\/admin\/#author"},"publisher":{"@id":"https:\/\/www.eldigitaldeasturias.com\/noticias\/#organization"},"image":{"@type":"ImageObject","url":435693},"datePublished":"2013-12-10T15:46:50+01:00","dateModified":"2013-12-10T15:46:50+01:00","inLanguage":"es-ES","mainEntityOfPage":{"@id":"https:\/\/www.eldigitaldeasturias.com\/noticias\/los-directivos-asturianos-mejoran-sus-perspectivas-de-contratacion-para-2014\/#webpage"},"isPartOf":{"@id":"https:\/\/www.eldigitaldeasturias.com\/noticias\/los-directivos-asturianos-mejoran-sus-perspectivas-de-contratacion-para-2014\/#webpage"},"articleSection":"Actualidad Asturias"},{"@type":"BreadcrumbList","@id":"https:\/\/www.eldigitaldeasturias.com\/noticias\/los-directivos-asturianos-mejoran-sus-perspectivas-de-contratacion-para-2014\/#breadcrumblist","itemListElement":[{"@type":"ListItem","@id":"https:\/\/www.eldigitaldeasturias.com\/noticias#listItem","position":1,"name":"Home","item":"https:\/\/www.eldigitaldeasturias.com\/noticias","nextItem":{"@type":"ListItem","@id":"https:\/\/www.eldigitaldeasturias.com\/noticias\/category\/actualidad-asturias\/#listItem","name":"Actualidad Asturias"}},{"@type":"ListItem","@id":"https:\/\/www.eldigitaldeasturias.com\/noticias\/category\/actualidad-asturias\/#listItem","position":2,"name":"Actualidad Asturias","item":"https:\/\/www.eldigitaldeasturias.com\/noticias\/category\/actualidad-asturias\/","nextItem":{"@type":"ListItem","@id":"https:\/\/www.eldigitaldeasturias.com\/noticias\/los-directivos-asturianos-mejoran-sus-perspectivas-de-contratacion-para-2014\/#listItem","name":"Los directivos asturianos mejoran sus perspectivas de contrataci\u00f3n para 2014"},"previousItem":{"@type":"ListItem","@id":"https:\/\/www.eldigitaldeasturias.com\/noticias#listItem","name":"Home"}},{"@type":"ListItem","@id":"https:\/\/www.eldigitaldeasturias.com\/noticias\/los-directivos-asturianos-mejoran-sus-perspectivas-de-contratacion-para-2014\/#listItem","position":3,"name":"Los directivos asturianos mejoran sus perspectivas de contrataci\u00f3n para 2014","previousItem":{"@type":"ListItem","@id":"https:\/\/www.eldigitaldeasturias.com\/noticias\/category\/actualidad-asturias\/#listItem","name":"Actualidad Asturias"}}]},{"@type":"Organization","@id":"https:\/\/www.eldigitaldeasturias.com\/noticias\/#organization","name":"El Digital de Asturias","description":"Hemeroteca","url":"https:\/\/www.eldigitaldeasturias.com\/noticias\/","email":"info@eldigitaldeasturias.com","telephone":"+34652131393","logo":{"@type":"ImageObject","url":"https:\/\/www.eldigitaldeasturias.com\/noticias\/wp-content\/uploads\/2020\/12\/EDA.jpg","@id":"https:\/\/www.eldigitaldeasturias.com\/noticias\/los-directivos-asturianos-mejoran-sus-perspectivas-de-contratacion-para-2014\/#organizationLogo"},"image":{"@id":"https:\/\/www.eldigitaldeasturias.com\/noticias\/los-directivos-asturianos-mejoran-sus-perspectivas-de-contratacion-para-2014\/#organizationLogo"},"sameAs":["https:\/\/facebook.com\/eldigitaldeasturias","https:\/\/www.youtube.com\/channel\/UCZP-2wLEB9Rv6erhFmqVnvg"],"address":{"@id":"https:\/\/www.eldigitaldeasturias.com\/noticias\/#postaladdress","@type":"PostalAddress","streetAddress":"san antonio 4","postalCode":"33430","addressLocality":"Cand\u00e1s","addressRegion":"Asturias","addressCountry":"ES"}},{"@type":"Person","@id":"https:\/\/www.eldigitaldeasturias.com\/noticias\/author\/admin\/#author","url":"https:\/\/www.eldigitaldeasturias.com\/noticias\/author\/admin\/","name":"El Digital de Asturias","image":{"@type":"ImageObject","@id":"https:\/\/www.eldigitaldeasturias.com\/noticias\/los-directivos-asturianos-mejoran-sus-perspectivas-de-contratacion-para-2014\/#authorImage","url":"https:\/\/secure.gravatar.com\/avatar\/df2aeffc32bcd13f8d26072ef8a91b623d677766deac7f97ca815868cd41bf5e?s=96&d=mm&r=g","width":96,"height":96,"caption":"El Digital de Asturias"}},{"@type":"WebPage","@id":"https:\/\/www.eldigitaldeasturias.com\/noticias\/los-directivos-asturianos-mejoran-sus-perspectivas-de-contratacion-para-2014\/#webpage","url":"https:\/\/www.eldigitaldeasturias.com\/noticias\/los-directivos-asturianos-mejoran-sus-perspectivas-de-contratacion-para-2014\/","name":"Los directivos asturianos mejoran sus perspectivas de contrataci\u00f3n para 2014 - El Digital de Asturias","description":"Madrid\/Oviedo, 10 dic (EFE).- Los directivos de la zona noroeste de Espa\u00f1a -Asturias, Castilla y Le\u00f3n y Galicia- han anunciado una mejora en sus intenciones de contrataci\u00f3n para el primer trimestre de 2014, aunque todav\u00eda predominan las empresas que prev\u00e9n reducciones, seg\u00fan un estudio elaborado por la consultora de empleo Manpower. En concreto, la proyecci\u00f3n","inLanguage":"es-ES","isPartOf":{"@id":"https:\/\/www.eldigitaldeasturias.com\/noticias\/#website"},"breadcrumb":{"@id":"https:\/\/www.eldigitaldeasturias.com\/noticias\/los-directivos-asturianos-mejoran-sus-perspectivas-de-contratacion-para-2014\/#breadcrumblist"},"author":{"@id":"https:\/\/www.eldigitaldeasturias.com\/noticias\/author\/admin\/#author"},"creator":{"@id":"https:\/\/www.eldigitaldeasturias.com\/noticias\/author\/admin\/#author"},"image":{"@type":"ImageObject","url":435693,"@id":"https:\/\/www.eldigitaldeasturias.com\/noticias\/los-directivos-asturianos-mejoran-sus-perspectivas-de-contratacion-para-2014\/#mainImage"},"primaryImageOfPage":{"@id":"https:\/\/www.eldigitaldeasturias.com\/noticias\/los-directivos-asturianos-mejoran-sus-perspectivas-de-contratacion-para-2014\/#mainImage"},"datePublished":"2013-12-10T15:46:50+01:00","dateModified":"2013-12-10T15:46:50+01:00"},{"@type":"WebSite","@id":"https:\/\/www.eldigitaldeasturias.com\/noticias\/#website","url":"https:\/\/www.eldigitaldeasturias.com\/noticias\/","name":"El Digital de Asturias - Diario de actualidad y noticias","alternateName":"El Digital de Asturias - Diario de actualidad y noticias","description":"Hemeroteca","inLanguage":"es-ES","publisher":{"@id":"https:\/\/www.eldigitaldeasturias.com\/noticias\/#organization"}}]},"og:locale":"es_ES","og:site_name":"El Digital de Asturias","og:type":"article","og:title":"Los directivos asturianos mejoran sus perspectivas de contrataci\u00f3n para 2014 - El Digital de Asturias","og:description":"Madrid\/Oviedo, 10 dic (EFE).- Los directivos de la zona noroeste de Espa\u00f1a -Asturias, Castilla y Le\u00f3n y Galicia- han anunciado una mejora en sus intenciones de contrataci\u00f3n para el primer trimestre de 2014, aunque todav\u00eda predominan las empresas que prev\u00e9n reducciones, seg\u00fan un estudio elaborado por la consultora de empleo Manpower. En concreto, la proyecci\u00f3n","og:url":"https:\/\/www.eldigitaldeasturias.com\/noticias\/los-directivos-asturianos-mejoran-sus-perspectivas-de-contratacion-para-2014\/","article:tag":["actualidad asturias"],"article:published_time":"2013-12-10T16:46:50+00:00","article:modified_time":"2013-12-10T16:46:50+00:00","article:publisher":"https:\/\/facebook.com\/eldigitaldeasturias","twitter:card":"summary_large_image","twitter:title":"Los directivos asturianos mejoran sus perspectivas de contrataci\u00f3n para 2014 - El Digital de Asturias","twitter:description":"Madrid\/Oviedo, 10 dic (EFE).- Los directivos de la zona noroeste de Espa\u00f1a -Asturias, Castilla y Le\u00f3n y Galicia- han anunciado una mejora en sus intenciones de contrataci\u00f3n para el primer trimestre de 2014, aunque todav\u00eda predominan las empresas que prev\u00e9n reducciones, seg\u00fan un estudio elaborado por la consultora de empleo Manpower. En concreto, la proyecci\u00f3n","twitter:label1":"Escrito por","twitter:data1":"El Digital de Asturias","twitter:label2":"Tiempo de lectura estimado","twitter:data2":"2 minutos"},"aioseo_meta_data":{"post_id":"460104","title":null,"description":null,"keywords":null,"keyphrases":null,"primary_term":null,"canonical_url":null,"og_title":null,"og_description":null,"og_object_type":"default","og_image_type":"default","og_image_url":null,"og_image_width":null,"og_image_height":null,"og_image_custom_url":null,"og_image_custom_fields":null,"og_video":null,"og_custom_url":null,"og_article_section":null,"og_article_tags":null,"twitter_use_og":true,"twitter_card":"default","twitter_image_type":"default","twitter_image_url":null,"twitter_image_custom_url":null,"twitter_image_custom_fields":null,"twitter_title":null,"twitter_description":null,"schema":{"blockGraphs":[],"customGraphs":[],"default":{"data":{"Article":[],"Course":[],"Dataset":[],"FAQPage":[],"Movie":[],"Person":[],"Product":[],"ProductReview":[],"Car":[],"Recipe":[],"Service":[],"SoftwareApplication":[],"WebPage":[]},"graphName":"","isEnabled":true},"graphs":[],"defaultGraph":"","defaultPostTypeGraph":""},"schema_type":null,"schema_type_options":null,"pillar_content":false,"robots_default":true,"robots_noindex":false,"robots_noarchive":false,"robots_nosnippet":false,"robots_nofollow":false,"robots_noimageindex":false,"robots_noodp":false,"robots_notranslate":false,"robots_max_snippet":null,"robots_max_videopreview":null,"robots_max_imagepreview":"none","priority":null,"frequency":null,"local_seo":null,"seo_analyzer_scan_date":"2026-05-30 11:49:15","breadcrumb_settings":null,"limit_modified_date":false,"open_ai":null,"ai":null,"created":"2020-11-14 22:47:42","updated":"2026-05-30 11:49:15","focus_keyword":null,"additional_keywords":null,"truseo_locale":null},"aioseo_breadcrumb":"<div class=\"aioseo-breadcrumbs\"><span class=\"aioseo-breadcrumb\">\n\t<a href=\"https:\/\/www.eldigitaldeasturias.com\/noticias\" title=\"Home\">Home<\/a>\n<\/span><span class=\"aioseo-breadcrumb-separator\">\u2013<\/span><span class=\"aioseo-breadcrumb\">\n\t<a href=\"https:\/\/www.eldigitaldeasturias.com\/noticias\/category\/actualidad-asturias\/\" title=\"Actualidad Asturias\">Actualidad Asturias<\/a>\n<\/span><span class=\"aioseo-breadcrumb-separator\">\u2013<\/span><span class=\"aioseo-breadcrumb\">\n\t<a href=\"https:\/\/www.eldigitaldeasturias.com\/noticias\/los-directivos-asturianos-mejoran-sus-perspectivas-de-contratacion-para-2014\/\" title=\"Los directivos asturianos mejoran sus perspectivas de contrataci\u00f3n para 2014\">Los directivos asturianos mejoran sus perspectivas de contrataci\u00f3n para 2014<\/a>\n<\/span><\/div>","aioseo_breadcrumb_json":[{"label":"Home","link":"https:\/\/www.eldigitaldeasturias.com\/noticias"},{"label":"Actualidad Asturias","link":"https:\/\/www.eldigitaldeasturias.com\/noticias\/category\/actualidad-asturias\/"},{"label":"Los directivos asturianos mejoran sus perspectivas de contrataci\u00f3n para 2014","link":"https:\/\/www.eldigitaldeasturias.com\/noticias\/los-directivos-asturianos-mejoran-sus-perspectivas-de-contratacion-para-2014\/"}],"_links":{"self":[{"href":"https:\/\/www.eldigitaldeasturias.com\/noticias\/wp-json\/wp\/v2\/posts\/460104","targetHints":{"allow":["GET"]}}],"collection":[{"href":"https:\/\/www.eldigitaldeasturias.com\/noticias\/wp-json\/wp\/v2\/posts"}],"about":[{"href":"https:\/\/www.eldigitaldeasturias.com\/noticias\/wp-json\/wp\/v2\/types\/post"}],"author":[{"embeddable":true,"href":"https:\/\/www.eldigitaldeasturias.com\/noticias\/wp-json\/wp\/v2\/users\/1"}],"replies":[{"embeddable":true,"href":"https:\/\/www.eldigitaldeasturias.com\/noticias\/wp-json\/wp\/v2\/comments?post=460104"}],"version-history":[{"count":0,"href":"https:\/\/www.eldigitaldeasturias.com\/noticias\/wp-json\/wp\/v2\/posts\/460104\/revisions"}],"wp:attachment":[{"href":"https:\/\/www.eldigitaldeasturias.com\/noticias\/wp-json\/wp\/v2\/media?parent=460104"}],"wp:term":[{"taxonomy":"category","embeddable":true,"href":"https:\/\/www.eldigitaldeasturias.com\/noticias\/wp-json\/wp\/v2\/categories?post=460104"},{"taxonomy":"post_tag","embeddable":true,"href":"https:\/\/www.eldigitaldeasturias.com\/noticias\/wp-json\/wp\/v2\/tags?post=460104"}],"curies":[{"name":"wp","href":"https:\/\/api.w.org\/{rel}","templated":true}]}}