{"id":460070,"date":"2013-12-10T13:35:14","date_gmt":"2013-12-10T14:35:14","guid":{"rendered":"http:\/\/www.eldigitaldeasturias.com\/noticias\/?p=460070"},"modified":"2013-12-10T13:35:14","modified_gmt":"2013-12-10T14:35:14","slug":"pecharroman-foro-no-tiene-ninguna-intencion-de-llegar-a-acuerdos","status":"publish","type":"post","link":"https:\/\/www.eldigitaldeasturias.com\/noticias\/pecharroman-foro-no-tiene-ninguna-intencion-de-llegar-a-acuerdos\/","title":{"rendered":"Pecharrom\u00e1n : \u201cForo no tiene ninguna intenci\u00f3n de llegar a acuerdos\u201d"},"content":{"rendered":"<p><img loading=\"lazy\" decoding=\"async\" class=\"alignleft size-medium wp-image-186\" alt=\"gijon\" src=\"https:\/\/www.eldigitaldeasturias.com\/noticias\/wp-content\/uploads\/2013\/09\/gijon-360x270.jpg\" width=\"360\" height=\"270\" \/>El Grupo Popular ha felicitado hoy a la Fundaci\u00f3n Banco de Alimentos por la apertura de la sede en Gij\u00f3n y deseado a sus responsables \u201clos mayores \u00e9xitos en su lucha diaria por mantener una cadena de solidaridad alimentaria\u201d.<\/p>\n<p>El portavoz popular, Manuel Pecharrom\u00e1n, y las concejalas Maite Men\u00e9ndez y Raquel Vega han asistido esta ma\u00f1ana a la inauguraci\u00f3n de la sede de la instituci\u00f3n ben\u00e9fica en la calle de Francisco Ferrer y Guardia, pese a que el gobierno local no invit\u00f3 al acto a ning\u00fan grupo municipal.<\/p>\n<p>Esta sede del Banco de Alimentos responde a una reiterada demanda del Partido Popular, que fue trasladada a la negociaci\u00f3n con Foro para la aprobaci\u00f3n de los presupuestos de 2013.<\/p>\n<p>Haci\u00e9ndose eco de las necesidades del Banco de Alimentos, el PP ven\u00eda defendiendo la necesidad de que hubiera otra sede en Asturias, que se sumara a la existente en Llanera, para facilitar la recogida de aportaciones y el reparto de todo tipo de alimentos.<\/p>\n<p>El Grupo Popular tuvo el compromiso del gobierno local, en el marco de la negociaci\u00f3n presupuestaria de 2013, de que la sede gijonesa del Banco de Alimentos abrir\u00eda a finales de 2102 o a principios de 2013. Pese a la evidente demora en el tiempo, la sede gijonesa de la instituci\u00f3n ben\u00e9fica es desde hoy una realidad.<\/p>\n<p>No obstante, Pecharrom\u00e1n lamenta que el gobierno local no hubiera invitado al acto de inauguraci\u00f3n al Grupo Popular, con el que Foro comprometi\u00f3 este proyecto. \u201cResulta sorprendente que este compromiso con el PP se convierta ahora en nuevo desaire y gesto desprecio por parte de Foro\u201d, advierte el portavoz popular.<\/p>\n<p>Pecharrom\u00e1n advierte de que esta actitud de Foro \u201cno es casual; no tiene ninguna intenci\u00f3n de llegar a acuerdos. No bajaron los impuestos y no cumplieron el pacto anterior porque al gobierno local no le interesa un acuerdo presupuestario\u201d.<\/p>\n<p>El portavoz popular explica, adem\u00e1s, que \u201cForo est\u00e1 utilizando la amenaza de la pr\u00f3rroga presupuestaria para desechar los proyectos que no quiere, como es el caso de la Vuelta a Asturias, y para culpabilizar al PP de un fracaso que es suyo, porque no dialogar ni llegar a acuerdos es responsabilidad de quien gobierna\u201d.<\/p>\n<p>En cualquier caso, el Partido Popular ya ha comprometido su apoyo a todos los proyectos sociales y generadores de empleo que sean necesarios para Gij\u00f3n.<\/p>\n","protected":false},"excerpt":{"rendered":"<p>El Grupo Popular ha felicitado hoy a la Fundaci\u00f3n Banco de Alimentos por la apertura de la sede en Gij\u00f3n y deseado a sus responsables \u201clos mayores \u00e9xitos en su lucha diaria por mantener una cadena de solidaridad alimentaria\u201d. El portavoz popular, Manuel Pecharrom\u00e1n, y las concejalas Maite Men\u00e9ndez y Raquel Vega han asistido esta [&hellip;]<\/p>\n","protected":false},"author":1,"featured_media":1132184,"comment_status":"closed","ping_status":"open","sticky":false,"template":"","format":"standard","meta":{"footnotes":""},"categories":[12],"tags":[],"class_list":["post-460070","post","type-post","status-publish","format-standard","has-post-thumbnail","hentry","category-actualidad-asturias"],"aioseo_notices":[],"aioseo_head":"\n\t\t<!-- All in One SEO Pro 5.0.1 - aioseo.com -->\n\t<meta name=\"description\" content=\"El Grupo Popular ha felicitado hoy a la Fundaci\u00f3n Banco de Alimentos por la apertura de la sede en Gij\u00f3n y deseado a sus responsables \u201clos mayores \u00e9xitos en su lucha diaria por mantener una cadena de solidaridad alimentaria\u201d. El portavoz popular, Manuel Pecharrom\u00e1n, y las concejalas Maite Men\u00e9ndez y Raquel Vega han asistido esta\" \/>\n\t<meta name=\"robots\" content=\"max-image-preview:large\" \/>\n\t<meta name=\"author\" content=\"El Digital de Asturias\"\/>\n\t<meta name=\"google-site-verification\" content=\"UA-38556648-1\" \/>\n\t<meta name=\"msvalidate.01\" content=\"7dfe9f3f1b24437ab69f4f2559babe99\" \/>\n\t<meta name=\"keywords\" content=\"actualidad asturias\" \/>\n\t<link rel=\"canonical\" href=\"https:\/\/www.eldigitaldeasturias.com\/noticias\/pecharroman-foro-no-tiene-ninguna-intencion-de-llegar-a-acuerdos\/\" \/>\n\t<meta name=\"generator\" content=\"All in One SEO Pro (AIOSEO) 5.0.1\" \/>\n\t\t<meta property=\"og:locale\" content=\"es_ES\" \/>\n\t\t<meta property=\"og:site_name\" content=\"El Digital de Asturias\" \/>\n\t\t<meta property=\"og:type\" content=\"article\" \/>\n\t\t<meta property=\"og:title\" content=\"Pecharrom\u00e1n : \u201cForo no tiene ninguna intenci\u00f3n de llegar a acuerdos\u201d - El Digital de Asturias\" \/>\n\t\t<meta property=\"og:description\" content=\"El Grupo Popular ha felicitado hoy a la Fundaci\u00f3n Banco de Alimentos por la apertura de la sede en Gij\u00f3n y deseado a sus responsables \u201clos mayores \u00e9xitos en su lucha diaria por mantener una cadena de solidaridad alimentaria\u201d. El portavoz popular, Manuel Pecharrom\u00e1n, y las concejalas Maite Men\u00e9ndez y Raquel Vega han asistido esta\" \/>\n\t\t<meta property=\"og:url\" content=\"https:\/\/www.eldigitaldeasturias.com\/noticias\/pecharroman-foro-no-tiene-ninguna-intencion-de-llegar-a-acuerdos\/\" \/>\n\t\t<meta property=\"og:image\" content=\"https:\/\/www.eldigitaldeasturias.com\/noticias\/wp-content\/uploads\/2026\/06\/Contenidos.jpg\" \/>\n\t\t<meta property=\"og:image:secure_url\" content=\"https:\/\/www.eldigitaldeasturias.com\/noticias\/wp-content\/uploads\/2026\/06\/Contenidos.jpg\" \/>\n\t\t<meta property=\"og:image:width\" content=\"1265\" \/>\n\t\t<meta property=\"og:image:height\" content=\"697\" \/>\n\t\t<meta property=\"article:tag\" content=\"actualidad asturias\" \/>\n\t\t<meta property=\"article:published_time\" content=\"2013-12-10T14:35:14+00:00\" \/>\n\t\t<meta property=\"article:modified_time\" content=\"2013-12-10T14:35:14+00:00\" \/>\n\t\t<meta property=\"article:publisher\" content=\"https:\/\/facebook.com\/eldigitaldeasturias\" \/>\n\t\t<meta name=\"twitter:card\" content=\"summary_large_image\" \/>\n\t\t<meta name=\"twitter:title\" content=\"Pecharrom\u00e1n : \u201cForo no tiene ninguna intenci\u00f3n de llegar a acuerdos\u201d - El Digital de Asturias\" \/>\n\t\t<meta name=\"twitter:description\" content=\"El Grupo Popular ha felicitado hoy a la Fundaci\u00f3n Banco de Alimentos por la apertura de la sede en Gij\u00f3n y deseado a sus responsables \u201clos mayores \u00e9xitos en su lucha diaria por mantener una cadena de solidaridad alimentaria\u201d. El portavoz popular, Manuel Pecharrom\u00e1n, y las concejalas Maite Men\u00e9ndez y Raquel Vega han asistido esta\" \/>\n\t\t<meta name=\"twitter:image\" content=\"https:\/\/www.eldigitaldeasturias.com\/noticias\/wp-content\/uploads\/2026\/06\/Contenidos.jpg\" \/>\n\t\t<meta name=\"twitter:label1\" content=\"Escrito por\" \/>\n\t\t<meta name=\"twitter:data1\" content=\"El Digital de Asturias\" \/>\n\t\t<meta name=\"twitter:label2\" content=\"Tiempo de lectura estimado\" \/>\n\t\t<meta name=\"twitter:data2\" content=\"2 minutos\" \/>\n\t\t<script type=\"application\/ld+json\" class=\"aioseo-schema\">\n\t\t\t{\"@context\":\"https:\\\/\\\/schema.org\",\"@graph\":[{\"@type\":\"BlogPosting\",\"@id\":\"https:\\\/\\\/www.eldigitaldeasturias.com\\\/noticias\\\/pecharroman-foro-no-tiene-ninguna-intencion-de-llegar-a-acuerdos\\\/#blogposting\",\"name\":\"Pecharrom\\u00e1n : \\u201cForo no tiene ninguna intenci\\u00f3n de llegar a acuerdos\\u201d - El Digital de Asturias\",\"headline\":\"Pecharrom\\u00e1n : \\u201cForo no tiene ninguna intenci\\u00f3n de llegar a acuerdos\\u201d\",\"author\":{\"@id\":\"https:\\\/\\\/www.eldigitaldeasturias.com\\\/noticias\\\/author\\\/admin\\\/#author\"},\"publisher\":{\"@id\":\"https:\\\/\\\/www.eldigitaldeasturias.com\\\/noticias\\\/#organization\"},\"image\":{\"@type\":\"ImageObject\",\"url\":\"https:\\\/\\\/www.eldigitaldeasturias.com\\\/noticias\\\/wp-content\\\/uploads\\\/2026\\\/06\\\/Contenidos.jpg\",\"width\":1265,\"height\":697,\"caption\":\"Contenidos\"},\"datePublished\":\"2013-12-10T13:35:14+01:00\",\"dateModified\":\"2013-12-10T13:35:14+01:00\",\"inLanguage\":\"es-ES\",\"mainEntityOfPage\":{\"@id\":\"https:\\\/\\\/www.eldigitaldeasturias.com\\\/noticias\\\/pecharroman-foro-no-tiene-ninguna-intencion-de-llegar-a-acuerdos\\\/#webpage\"},\"isPartOf\":{\"@id\":\"https:\\\/\\\/www.eldigitaldeasturias.com\\\/noticias\\\/pecharroman-foro-no-tiene-ninguna-intencion-de-llegar-a-acuerdos\\\/#webpage\"},\"articleSection\":\"Actualidad Asturias\"},{\"@type\":\"BreadcrumbList\",\"@id\":\"https:\\\/\\\/www.eldigitaldeasturias.com\\\/noticias\\\/pecharroman-foro-no-tiene-ninguna-intencion-de-llegar-a-acuerdos\\\/#breadcrumblist\",\"itemListElement\":[{\"@type\":\"ListItem\",\"@id\":\"https:\\\/\\\/www.eldigitaldeasturias.com\\\/noticias#listItem\",\"position\":1,\"name\":\"Home\",\"item\":\"https:\\\/\\\/www.eldigitaldeasturias.com\\\/noticias\",\"nextItem\":{\"@type\":\"ListItem\",\"@id\":\"https:\\\/\\\/www.eldigitaldeasturias.com\\\/noticias\\\/category\\\/actualidad-asturias\\\/#listItem\",\"name\":\"Actualidad Asturias\"}},{\"@type\":\"ListItem\",\"@id\":\"https:\\\/\\\/www.eldigitaldeasturias.com\\\/noticias\\\/category\\\/actualidad-asturias\\\/#listItem\",\"position\":2,\"name\":\"Actualidad Asturias\",\"item\":\"https:\\\/\\\/www.eldigitaldeasturias.com\\\/noticias\\\/category\\\/actualidad-asturias\\\/\",\"nextItem\":{\"@type\":\"ListItem\",\"@id\":\"https:\\\/\\\/www.eldigitaldeasturias.com\\\/noticias\\\/pecharroman-foro-no-tiene-ninguna-intencion-de-llegar-a-acuerdos\\\/#listItem\",\"name\":\"Pecharrom\\u00e1n : \\u201cForo no tiene ninguna intenci\\u00f3n de llegar a acuerdos\\u201d\"},\"previousItem\":{\"@type\":\"ListItem\",\"@id\":\"https:\\\/\\\/www.eldigitaldeasturias.com\\\/noticias#listItem\",\"name\":\"Home\"}},{\"@type\":\"ListItem\",\"@id\":\"https:\\\/\\\/www.eldigitaldeasturias.com\\\/noticias\\\/pecharroman-foro-no-tiene-ninguna-intencion-de-llegar-a-acuerdos\\\/#listItem\",\"position\":3,\"name\":\"Pecharrom\\u00e1n : \\u201cForo no tiene ninguna intenci\\u00f3n de llegar a acuerdos\\u201d\",\"previousItem\":{\"@type\":\"ListItem\",\"@id\":\"https:\\\/\\\/www.eldigitaldeasturias.com\\\/noticias\\\/category\\\/actualidad-asturias\\\/#listItem\",\"name\":\"Actualidad Asturias\"}}]},{\"@type\":\"Organization\",\"@id\":\"https:\\\/\\\/www.eldigitaldeasturias.com\\\/noticias\\\/#organization\",\"name\":\"El Digital de Asturias\",\"description\":\"Hemeroteca\",\"url\":\"https:\\\/\\\/www.eldigitaldeasturias.com\\\/noticias\\\/\",\"email\":\"info@eldigitaldeasturias.com\",\"telephone\":\"+34652131393\",\"logo\":{\"@type\":\"ImageObject\",\"url\":\"https:\\\/\\\/www.eldigitaldeasturias.com\\\/noticias\\\/wp-content\\\/uploads\\\/2020\\\/12\\\/EDA.jpg\",\"@id\":\"https:\\\/\\\/www.eldigitaldeasturias.com\\\/noticias\\\/pecharroman-foro-no-tiene-ninguna-intencion-de-llegar-a-acuerdos\\\/#organizationLogo\"},\"image\":{\"@id\":\"https:\\\/\\\/www.eldigitaldeasturias.com\\\/noticias\\\/pecharroman-foro-no-tiene-ninguna-intencion-de-llegar-a-acuerdos\\\/#organizationLogo\"},\"sameAs\":[\"https:\\\/\\\/facebook.com\\\/eldigitaldeasturias\",\"https:\\\/\\\/www.youtube.com\\\/channel\\\/UCZP-2wLEB9Rv6erhFmqVnvg\"],\"address\":{\"@id\":\"https:\\\/\\\/www.eldigitaldeasturias.com\\\/noticias\\\/#postaladdress\",\"@type\":\"PostalAddress\",\"streetAddress\":\"san antonio 4\",\"postalCode\":\"33430\",\"addressLocality\":\"Cand\\u00e1s\",\"addressRegion\":\"Asturias\",\"addressCountry\":\"ES\"}},{\"@type\":\"Person\",\"@id\":\"https:\\\/\\\/www.eldigitaldeasturias.com\\\/noticias\\\/author\\\/admin\\\/#author\",\"url\":\"https:\\\/\\\/www.eldigitaldeasturias.com\\\/noticias\\\/author\\\/admin\\\/\",\"name\":\"El Digital de Asturias\",\"image\":{\"@type\":\"ImageObject\",\"@id\":\"https:\\\/\\\/www.eldigitaldeasturias.com\\\/noticias\\\/pecharroman-foro-no-tiene-ninguna-intencion-de-llegar-a-acuerdos\\\/#authorImage\",\"url\":\"https:\\\/\\\/secure.gravatar.com\\\/avatar\\\/df2aeffc32bcd13f8d26072ef8a91b623d677766deac7f97ca815868cd41bf5e?s=96&d=mm&r=g\",\"width\":96,\"height\":96,\"caption\":\"El Digital de Asturias\"}},{\"@type\":\"WebPage\",\"@id\":\"https:\\\/\\\/www.eldigitaldeasturias.com\\\/noticias\\\/pecharroman-foro-no-tiene-ninguna-intencion-de-llegar-a-acuerdos\\\/#webpage\",\"url\":\"https:\\\/\\\/www.eldigitaldeasturias.com\\\/noticias\\\/pecharroman-foro-no-tiene-ninguna-intencion-de-llegar-a-acuerdos\\\/\",\"name\":\"Pecharrom\\u00e1n : \\u201cForo no tiene ninguna intenci\\u00f3n de llegar a acuerdos\\u201d - El Digital de Asturias\",\"description\":\"El Grupo Popular ha felicitado hoy a la Fundaci\\u00f3n Banco de Alimentos por la apertura de la sede en Gij\\u00f3n y deseado a sus responsables \\u201clos mayores \\u00e9xitos en su lucha diaria por mantener una cadena de solidaridad alimentaria\\u201d. El portavoz popular, Manuel Pecharrom\\u00e1n, y las concejalas Maite Men\\u00e9ndez y Raquel Vega han asistido esta\",\"inLanguage\":\"es-ES\",\"isPartOf\":{\"@id\":\"https:\\\/\\\/www.eldigitaldeasturias.com\\\/noticias\\\/#website\"},\"breadcrumb\":{\"@id\":\"https:\\\/\\\/www.eldigitaldeasturias.com\\\/noticias\\\/pecharroman-foro-no-tiene-ninguna-intencion-de-llegar-a-acuerdos\\\/#breadcrumblist\"},\"author\":{\"@id\":\"https:\\\/\\\/www.eldigitaldeasturias.com\\\/noticias\\\/author\\\/admin\\\/#author\"},\"creator\":{\"@id\":\"https:\\\/\\\/www.eldigitaldeasturias.com\\\/noticias\\\/author\\\/admin\\\/#author\"},\"image\":{\"@type\":\"ImageObject\",\"url\":\"https:\\\/\\\/www.eldigitaldeasturias.com\\\/noticias\\\/wp-content\\\/uploads\\\/2026\\\/06\\\/Contenidos.jpg\",\"@id\":\"https:\\\/\\\/www.eldigitaldeasturias.com\\\/noticias\\\/pecharroman-foro-no-tiene-ninguna-intencion-de-llegar-a-acuerdos\\\/#mainImage\",\"width\":1265,\"height\":697,\"caption\":\"Contenidos\"},\"primaryImageOfPage\":{\"@id\":\"https:\\\/\\\/www.eldigitaldeasturias.com\\\/noticias\\\/pecharroman-foro-no-tiene-ninguna-intencion-de-llegar-a-acuerdos\\\/#mainImage\"},\"datePublished\":\"2013-12-10T13:35:14+01:00\",\"dateModified\":\"2013-12-10T13:35:14+01:00\"},{\"@type\":\"WebSite\",\"@id\":\"https:\\\/\\\/www.eldigitaldeasturias.com\\\/noticias\\\/#website\",\"url\":\"https:\\\/\\\/www.eldigitaldeasturias.com\\\/noticias\\\/\",\"name\":\"El Digital de Asturias - Diario de actualidad y noticias\",\"alternateName\":\"El Digital de Asturias - Diario de actualidad y noticias\",\"description\":\"Hemeroteca\",\"inLanguage\":\"es-ES\",\"publisher\":{\"@id\":\"https:\\\/\\\/www.eldigitaldeasturias.com\\\/noticias\\\/#organization\"}}]}\n\t\t<\/script>\n\t\t<!-- All in One SEO Pro -->\r\n\t\t<title>Pecharrom\u00e1n : \u201cForo no tiene ninguna intenci\u00f3n de llegar a acuerdos\u201d - El Digital de Asturias<\/title>\n\n","aioseo_head_json":{"title":"Pecharrom\u00e1n : \u201cForo no tiene ninguna intenci\u00f3n de llegar a acuerdos\u201d - El Digital de Asturias","description":"El Grupo Popular ha felicitado hoy a la Fundaci\u00f3n Banco de Alimentos por la apertura de la sede en Gij\u00f3n y deseado a sus responsables \u201clos mayores \u00e9xitos en su lucha diaria por mantener una cadena de solidaridad alimentaria\u201d. El portavoz popular, Manuel Pecharrom\u00e1n, y las concejalas Maite Men\u00e9ndez y Raquel Vega han asistido esta","canonical_url":"https:\/\/www.eldigitaldeasturias.com\/noticias\/pecharroman-foro-no-tiene-ninguna-intencion-de-llegar-a-acuerdos\/","robots":"max-image-preview:large","keywords":"actualidad asturias","webmasterTools":{"google-site-verification":"UA-38556648-1","msvalidate.01":"7dfe9f3f1b24437ab69f4f2559babe99","miscellaneous":""},"schema":{"@context":"https:\/\/schema.org","@graph":[{"@type":"BlogPosting","@id":"https:\/\/www.eldigitaldeasturias.com\/noticias\/pecharroman-foro-no-tiene-ninguna-intencion-de-llegar-a-acuerdos\/#blogposting","name":"Pecharrom\u00e1n : \u201cForo no tiene ninguna intenci\u00f3n de llegar a acuerdos\u201d - El Digital de Asturias","headline":"Pecharrom\u00e1n : \u201cForo no tiene ninguna intenci\u00f3n de llegar a acuerdos\u201d","author":{"@id":"https:\/\/www.eldigitaldeasturias.com\/noticias\/author\/admin\/#author"},"publisher":{"@id":"https:\/\/www.eldigitaldeasturias.com\/noticias\/#organization"},"image":{"@type":"ImageObject","url":"https:\/\/www.eldigitaldeasturias.com\/noticias\/wp-content\/uploads\/2026\/06\/Contenidos.jpg","width":1265,"height":697,"caption":"Contenidos"},"datePublished":"2013-12-10T13:35:14+01:00","dateModified":"2013-12-10T13:35:14+01:00","inLanguage":"es-ES","mainEntityOfPage":{"@id":"https:\/\/www.eldigitaldeasturias.com\/noticias\/pecharroman-foro-no-tiene-ninguna-intencion-de-llegar-a-acuerdos\/#webpage"},"isPartOf":{"@id":"https:\/\/www.eldigitaldeasturias.com\/noticias\/pecharroman-foro-no-tiene-ninguna-intencion-de-llegar-a-acuerdos\/#webpage"},"articleSection":"Actualidad Asturias"},{"@type":"BreadcrumbList","@id":"https:\/\/www.eldigitaldeasturias.com\/noticias\/pecharroman-foro-no-tiene-ninguna-intencion-de-llegar-a-acuerdos\/#breadcrumblist","itemListElement":[{"@type":"ListItem","@id":"https:\/\/www.eldigitaldeasturias.com\/noticias#listItem","position":1,"name":"Home","item":"https:\/\/www.eldigitaldeasturias.com\/noticias","nextItem":{"@type":"ListItem","@id":"https:\/\/www.eldigitaldeasturias.com\/noticias\/category\/actualidad-asturias\/#listItem","name":"Actualidad Asturias"}},{"@type":"ListItem","@id":"https:\/\/www.eldigitaldeasturias.com\/noticias\/category\/actualidad-asturias\/#listItem","position":2,"name":"Actualidad Asturias","item":"https:\/\/www.eldigitaldeasturias.com\/noticias\/category\/actualidad-asturias\/","nextItem":{"@type":"ListItem","@id":"https:\/\/www.eldigitaldeasturias.com\/noticias\/pecharroman-foro-no-tiene-ninguna-intencion-de-llegar-a-acuerdos\/#listItem","name":"Pecharrom\u00e1n : \u201cForo no tiene ninguna intenci\u00f3n de llegar a acuerdos\u201d"},"previousItem":{"@type":"ListItem","@id":"https:\/\/www.eldigitaldeasturias.com\/noticias#listItem","name":"Home"}},{"@type":"ListItem","@id":"https:\/\/www.eldigitaldeasturias.com\/noticias\/pecharroman-foro-no-tiene-ninguna-intencion-de-llegar-a-acuerdos\/#listItem","position":3,"name":"Pecharrom\u00e1n : \u201cForo no tiene ninguna intenci\u00f3n de llegar a acuerdos\u201d","previousItem":{"@type":"ListItem","@id":"https:\/\/www.eldigitaldeasturias.com\/noticias\/category\/actualidad-asturias\/#listItem","name":"Actualidad Asturias"}}]},{"@type":"Organization","@id":"https:\/\/www.eldigitaldeasturias.com\/noticias\/#organization","name":"El Digital de Asturias","description":"Hemeroteca","url":"https:\/\/www.eldigitaldeasturias.com\/noticias\/","email":"info@eldigitaldeasturias.com","telephone":"+34652131393","logo":{"@type":"ImageObject","url":"https:\/\/www.eldigitaldeasturias.com\/noticias\/wp-content\/uploads\/2020\/12\/EDA.jpg","@id":"https:\/\/www.eldigitaldeasturias.com\/noticias\/pecharroman-foro-no-tiene-ninguna-intencion-de-llegar-a-acuerdos\/#organizationLogo"},"image":{"@id":"https:\/\/www.eldigitaldeasturias.com\/noticias\/pecharroman-foro-no-tiene-ninguna-intencion-de-llegar-a-acuerdos\/#organizationLogo"},"sameAs":["https:\/\/facebook.com\/eldigitaldeasturias","https:\/\/www.youtube.com\/channel\/UCZP-2wLEB9Rv6erhFmqVnvg"],"address":{"@id":"https:\/\/www.eldigitaldeasturias.com\/noticias\/#postaladdress","@type":"PostalAddress","streetAddress":"san antonio 4","postalCode":"33430","addressLocality":"Cand\u00e1s","addressRegion":"Asturias","addressCountry":"ES"}},{"@type":"Person","@id":"https:\/\/www.eldigitaldeasturias.com\/noticias\/author\/admin\/#author","url":"https:\/\/www.eldigitaldeasturias.com\/noticias\/author\/admin\/","name":"El Digital de Asturias","image":{"@type":"ImageObject","@id":"https:\/\/www.eldigitaldeasturias.com\/noticias\/pecharroman-foro-no-tiene-ninguna-intencion-de-llegar-a-acuerdos\/#authorImage","url":"https:\/\/secure.gravatar.com\/avatar\/df2aeffc32bcd13f8d26072ef8a91b623d677766deac7f97ca815868cd41bf5e?s=96&d=mm&r=g","width":96,"height":96,"caption":"El Digital de Asturias"}},{"@type":"WebPage","@id":"https:\/\/www.eldigitaldeasturias.com\/noticias\/pecharroman-foro-no-tiene-ninguna-intencion-de-llegar-a-acuerdos\/#webpage","url":"https:\/\/www.eldigitaldeasturias.com\/noticias\/pecharroman-foro-no-tiene-ninguna-intencion-de-llegar-a-acuerdos\/","name":"Pecharrom\u00e1n : \u201cForo no tiene ninguna intenci\u00f3n de llegar a acuerdos\u201d - El Digital de Asturias","description":"El Grupo Popular ha felicitado hoy a la Fundaci\u00f3n Banco de Alimentos por la apertura de la sede en Gij\u00f3n y deseado a sus responsables \u201clos mayores \u00e9xitos en su lucha diaria por mantener una cadena de solidaridad alimentaria\u201d. El portavoz popular, Manuel Pecharrom\u00e1n, y las concejalas Maite Men\u00e9ndez y Raquel Vega han asistido esta","inLanguage":"es-ES","isPartOf":{"@id":"https:\/\/www.eldigitaldeasturias.com\/noticias\/#website"},"breadcrumb":{"@id":"https:\/\/www.eldigitaldeasturias.com\/noticias\/pecharroman-foro-no-tiene-ninguna-intencion-de-llegar-a-acuerdos\/#breadcrumblist"},"author":{"@id":"https:\/\/www.eldigitaldeasturias.com\/noticias\/author\/admin\/#author"},"creator":{"@id":"https:\/\/www.eldigitaldeasturias.com\/noticias\/author\/admin\/#author"},"image":{"@type":"ImageObject","url":"https:\/\/www.eldigitaldeasturias.com\/noticias\/wp-content\/uploads\/2026\/06\/Contenidos.jpg","@id":"https:\/\/www.eldigitaldeasturias.com\/noticias\/pecharroman-foro-no-tiene-ninguna-intencion-de-llegar-a-acuerdos\/#mainImage","width":1265,"height":697,"caption":"Contenidos"},"primaryImageOfPage":{"@id":"https:\/\/www.eldigitaldeasturias.com\/noticias\/pecharroman-foro-no-tiene-ninguna-intencion-de-llegar-a-acuerdos\/#mainImage"},"datePublished":"2013-12-10T13:35:14+01:00","dateModified":"2013-12-10T13:35:14+01:00"},{"@type":"WebSite","@id":"https:\/\/www.eldigitaldeasturias.com\/noticias\/#website","url":"https:\/\/www.eldigitaldeasturias.com\/noticias\/","name":"El Digital de Asturias - Diario de actualidad y noticias","alternateName":"El Digital de Asturias - Diario de actualidad y noticias","description":"Hemeroteca","inLanguage":"es-ES","publisher":{"@id":"https:\/\/www.eldigitaldeasturias.com\/noticias\/#organization"}}]},"og:locale":"es_ES","og:site_name":"El Digital de Asturias","og:type":"article","og:title":"Pecharrom\u00e1n : \u201cForo no tiene ninguna intenci\u00f3n de llegar a acuerdos\u201d - El Digital de Asturias","og:description":"El Grupo Popular ha felicitado hoy a la Fundaci\u00f3n Banco de Alimentos por la apertura de la sede en Gij\u00f3n y deseado a sus responsables \u201clos mayores \u00e9xitos en su lucha diaria por mantener una cadena de solidaridad alimentaria\u201d. El portavoz popular, Manuel Pecharrom\u00e1n, y las concejalas Maite Men\u00e9ndez y Raquel Vega han asistido esta","og:url":"https:\/\/www.eldigitaldeasturias.com\/noticias\/pecharroman-foro-no-tiene-ninguna-intencion-de-llegar-a-acuerdos\/","og:image":"https:\/\/www.eldigitaldeasturias.com\/noticias\/wp-content\/uploads\/2026\/06\/Contenidos.jpg","og:image:secure_url":"https:\/\/www.eldigitaldeasturias.com\/noticias\/wp-content\/uploads\/2026\/06\/Contenidos.jpg","og:image:width":1265,"og:image:height":697,"article:tag":["actualidad asturias"],"article:published_time":"2013-12-10T14:35:14+00:00","article:modified_time":"2013-12-10T14:35:14+00:00","article:publisher":"https:\/\/facebook.com\/eldigitaldeasturias","twitter:card":"summary_large_image","twitter:title":"Pecharrom\u00e1n : \u201cForo no tiene ninguna intenci\u00f3n de llegar a acuerdos\u201d - El Digital de Asturias","twitter:description":"El Grupo Popular ha felicitado hoy a la Fundaci\u00f3n Banco de Alimentos por la apertura de la sede en Gij\u00f3n y deseado a sus responsables \u201clos mayores \u00e9xitos en su lucha diaria por mantener una cadena de solidaridad alimentaria\u201d. El portavoz popular, Manuel Pecharrom\u00e1n, y las concejalas Maite Men\u00e9ndez y Raquel Vega han asistido esta","twitter:image":"https:\/\/www.eldigitaldeasturias.com\/noticias\/wp-content\/uploads\/2026\/06\/Contenidos.jpg","twitter:label1":"Escrito por","twitter:data1":"El Digital de Asturias","twitter:label2":"Tiempo de lectura estimado","twitter:data2":"2 minutos"},"aioseo_meta_data":{"post_id":"460070","title":null,"description":null,"keywords":null,"keyphrases":null,"primary_term":null,"canonical_url":null,"og_title":null,"og_description":null,"og_object_type":"default","og_image_type":"default","og_image_url":null,"og_image_width":null,"og_image_height":null,"og_image_custom_url":null,"og_image_custom_fields":null,"og_video":null,"og_custom_url":null,"og_article_section":null,"og_article_tags":null,"twitter_use_og":true,"twitter_card":"default","twitter_image_type":"default","twitter_image_url":null,"twitter_image_custom_url":null,"twitter_image_custom_fields":null,"twitter_title":null,"twitter_description":null,"schema":{"blockGraphs":[],"customGraphs":[],"default":{"data":{"Article":[],"Course":[],"Dataset":[],"FAQPage":[],"Movie":[],"Person":[],"Product":[],"ProductReview":[],"Car":[],"Recipe":[],"Service":[],"SoftwareApplication":[],"WebPage":[]},"graphName":"","isEnabled":true},"graphs":[],"defaultGraph":"","defaultPostTypeGraph":""},"schema_type":null,"schema_type_options":null,"pillar_content":false,"robots_default":true,"robots_noindex":false,"robots_noarchive":false,"robots_nosnippet":false,"robots_nofollow":false,"robots_noimageindex":false,"robots_noodp":false,"robots_notranslate":false,"robots_max_snippet":null,"robots_max_videopreview":null,"robots_max_imagepreview":"none","priority":null,"frequency":null,"local_seo":null,"seo_analyzer_scan_date":"2026-05-30 11:39:12","breadcrumb_settings":null,"limit_modified_date":false,"open_ai":null,"ai":null,"created":"2020-11-14 22:47:42","updated":"2026-05-30 11:39:12","focus_keyword":null,"additional_keywords":null,"truseo_locale":null},"aioseo_breadcrumb":"<div class=\"aioseo-breadcrumbs\"><span class=\"aioseo-breadcrumb\">\n\t<a href=\"https:\/\/www.eldigitaldeasturias.com\/noticias\" title=\"Home\">Home<\/a>\n<\/span><span class=\"aioseo-breadcrumb-separator\">\u2013<\/span><span class=\"aioseo-breadcrumb\">\n\t<a href=\"https:\/\/www.eldigitaldeasturias.com\/noticias\/category\/actualidad-asturias\/\" title=\"Actualidad Asturias\">Actualidad Asturias<\/a>\n<\/span><span class=\"aioseo-breadcrumb-separator\">\u2013<\/span><span class=\"aioseo-breadcrumb\">\n\t<a href=\"https:\/\/www.eldigitaldeasturias.com\/noticias\/pecharroman-foro-no-tiene-ninguna-intencion-de-llegar-a-acuerdos\/\" title=\"Pecharrom\u00e1n : \u201cForo no tiene ninguna intenci\u00f3n de llegar a acuerdos\u201d\">Pecharrom\u00e1n : \u201cForo no tiene ninguna intenci\u00f3n de llegar a acuerdos\u201d<\/a>\n<\/span><\/div>","aioseo_breadcrumb_json":[{"label":"Home","link":"https:\/\/www.eldigitaldeasturias.com\/noticias"},{"label":"Actualidad Asturias","link":"https:\/\/www.eldigitaldeasturias.com\/noticias\/category\/actualidad-asturias\/"},{"label":"Pecharrom\u00e1n : \u201cForo no tiene ninguna intenci\u00f3n de llegar a acuerdos\u201d","link":"https:\/\/www.eldigitaldeasturias.com\/noticias\/pecharroman-foro-no-tiene-ninguna-intencion-de-llegar-a-acuerdos\/"}],"_links":{"self":[{"href":"https:\/\/www.eldigitaldeasturias.com\/noticias\/wp-json\/wp\/v2\/posts\/460070","targetHints":{"allow":["GET"]}}],"collection":[{"href":"https:\/\/www.eldigitaldeasturias.com\/noticias\/wp-json\/wp\/v2\/posts"}],"about":[{"href":"https:\/\/www.eldigitaldeasturias.com\/noticias\/wp-json\/wp\/v2\/types\/post"}],"author":[{"embeddable":true,"href":"https:\/\/www.eldigitaldeasturias.com\/noticias\/wp-json\/wp\/v2\/users\/1"}],"replies":[{"embeddable":true,"href":"https:\/\/www.eldigitaldeasturias.com\/noticias\/wp-json\/wp\/v2\/comments?post=460070"}],"version-history":[{"count":0,"href":"https:\/\/www.eldigitaldeasturias.com\/noticias\/wp-json\/wp\/v2\/posts\/460070\/revisions"}],"wp:featuredmedia":[{"embeddable":true,"href":"https:\/\/www.eldigitaldeasturias.com\/noticias\/wp-json\/wp\/v2\/media\/1132184"}],"wp:attachment":[{"href":"https:\/\/www.eldigitaldeasturias.com\/noticias\/wp-json\/wp\/v2\/media?parent=460070"}],"wp:term":[{"taxonomy":"category","embeddable":true,"href":"https:\/\/www.eldigitaldeasturias.com\/noticias\/wp-json\/wp\/v2\/categories?post=460070"},{"taxonomy":"post_tag","embeddable":true,"href":"https:\/\/www.eldigitaldeasturias.com\/noticias\/wp-json\/wp\/v2\/tags?post=460070"}],"curies":[{"name":"wp","href":"https:\/\/api.w.org\/{rel}","templated":true}]}}