{"id":460067,"date":"2013-12-10T13:02:42","date_gmt":"2013-12-10T14:02:42","guid":{"rendered":"http:\/\/www.eldigitaldeasturias.com\/noticias\/?p=460067"},"modified":"2013-12-10T13:02:42","modified_gmt":"2013-12-10T14:02:42","slug":"la-consejera-de-educacion-vincula-la-orientacion-academica-a-un-sistema-de-ensenanza-de-calidad","status":"publish","type":"post","link":"https:\/\/www.eldigitaldeasturias.com\/noticias\/la-consejera-de-educacion-vincula-la-orientacion-academica-a-un-sistema-de-ensenanza-de-calidad\/","title":{"rendered":"La consejera de Educaci\u00f3n vincula la orientaci\u00f3n acad\u00e9mica a un sistema de ense\u00f1anza de calidad"},"content":{"rendered":"<p><img loading=\"lazy\" decoding=\"async\" class=\"alignleft size-medium wp-image-460068\" alt=\"2013_12_10 Jornada Orientacion\" src=\"https:\/\/www.eldigitaldeasturias.com\/noticias\/wp-content\/uploads\/2013\/12\/2013_12_10-Jornada-Orientacion-360x205.jpg\" width=\"360\" height=\"205\" \/>La consejera de Educaci\u00f3n, Cultura y Deporte, Ana Gonz\u00e1lez, ha vinculado hoy el desarrollo de la orientaci\u00f3n acad\u00e9mica a unos servicios educativos de calidad para todos los estudiantes, durante la inauguraci\u00f3n de la Jornada de Orientaci\u00f3n Acad\u00e9mica y Profesional, en el Centro Niemeyer. \u201cLa orientaci\u00f3n a lo largo de la vida es uno de los objetivos estrat\u00e9gicos establecidos para el a\u00f1o 2020 con la finalidad de lograr un sistema educativo de calidad para todo el alumnado\u201d, ha explicado.<\/p>\n<p>La actividad, organizada por la Consejer\u00eda de Educaci\u00f3n, est\u00e1 destinada a orientadores de centros educativos, docentes de unidades de orientaci\u00f3n de centros integrados de Formaci\u00f3n Profesional y direcciones de centros docentes que impartan ESO, FP y Bachillerato en centros sostenidos con fondos p\u00fablicos. La responsable de Educaci\u00f3n ha insistido en que la orientaci\u00f3n es un proceso \u201ccontinuo\u201d que permite que cada cual sepa determinar sus capacidades, competencias e intereses, y que en consecuencia facilite la toma de decisiones en cuanto a su educaci\u00f3n, formaci\u00f3n y empleo.<\/p>\n<p>\u201cLa sociedad de este siglo necesita, m\u00e1s que nunca, unos servicios de orientaci\u00f3n profesionalizados y eficaces, que ayuden, gu\u00eden y acompa\u00f1en a nuestros j\u00f3venes en el largo camino que supondr\u00e1 su formaci\u00f3n como personas y su incorporaci\u00f3n al mundo laboral\u201d, ha se\u00f1alado. En este sentido, ha advertido de que uno de los objetivos de los educadores ha de ser proporcionar al alumnado las \u201cherramientas necesarias para que puedan y sepan construir un proyecto de vida satisfactorio\u201d.<\/p>\n<p>Por otra parte, la consejera ha mostrado su confianza en que la Jornada de Orientaci\u00f3n Acad\u00e9mica y Profesional sirva de incentivo para profundizar en una serie de estrategias que -ha a\u00f1adido- \u201cno buscan otra cosa que poner un poco de luz en el futuro que les aguarda a nuestras generaciones m\u00e1s j\u00f3venes para que ellas tambi\u00e9n puedan labrarse su propio futuro y, en consecuencia, contribuir a la construcci\u00f3n de una sociedad mejor\u201d.<\/p>\n","protected":false},"excerpt":{"rendered":"<p>La consejera de Educaci\u00f3n, Cultura y Deporte, Ana Gonz\u00e1lez, ha vinculado hoy el desarrollo de la orientaci\u00f3n acad\u00e9mica a unos servicios educativos de calidad para todos los estudiantes, durante la inauguraci\u00f3n de la Jornada de Orientaci\u00f3n Acad\u00e9mica y Profesional, en el Centro Niemeyer. \u201cLa orientaci\u00f3n a lo largo de la vida es uno de los [&hellip;]<\/p>\n","protected":false},"author":1,"featured_media":460068,"comment_status":"closed","ping_status":"open","sticky":false,"template":"","format":"standard","meta":{"footnotes":""},"categories":[12],"tags":[],"class_list":["post-460067","post","type-post","status-publish","format-standard","has-post-thumbnail","hentry","category-actualidad-asturias"],"aioseo_notices":[],"aioseo_head":"\n\t\t<!-- All in One SEO Pro 5.0.1 - aioseo.com -->\n\t<meta name=\"description\" content=\"La consejera de Educaci\u00f3n, Cultura y Deporte, Ana Gonz\u00e1lez, ha vinculado hoy el desarrollo de la orientaci\u00f3n acad\u00e9mica a unos servicios educativos de calidad para todos los estudiantes, durante la inauguraci\u00f3n de la Jornada de Orientaci\u00f3n Acad\u00e9mica y Profesional, en el Centro Niemeyer. \u201cLa orientaci\u00f3n a lo largo de la vida es uno de los\" \/>\n\t<meta name=\"robots\" content=\"max-image-preview:large\" \/>\n\t<meta name=\"author\" content=\"El Digital de Asturias\"\/>\n\t<meta name=\"google-site-verification\" content=\"UA-38556648-1\" \/>\n\t<meta name=\"msvalidate.01\" content=\"7dfe9f3f1b24437ab69f4f2559babe99\" \/>\n\t<meta name=\"keywords\" content=\"actualidad asturias\" \/>\n\t<link rel=\"canonical\" href=\"https:\/\/www.eldigitaldeasturias.com\/noticias\/la-consejera-de-educacion-vincula-la-orientacion-academica-a-un-sistema-de-ensenanza-de-calidad\/\" \/>\n\t<meta name=\"generator\" content=\"All in One SEO Pro (AIOSEO) 5.0.1\" \/>\n\t\t<meta property=\"og:locale\" content=\"es_ES\" \/>\n\t\t<meta property=\"og:site_name\" content=\"El Digital de Asturias\" \/>\n\t\t<meta property=\"og:type\" content=\"article\" \/>\n\t\t<meta property=\"og:title\" content=\"La consejera de Educaci\u00f3n vincula la orientaci\u00f3n acad\u00e9mica a un sistema de ense\u00f1anza de calidad - El Digital de Asturias\" \/>\n\t\t<meta property=\"og:description\" content=\"La consejera de Educaci\u00f3n, Cultura y Deporte, Ana Gonz\u00e1lez, ha vinculado hoy el desarrollo de la orientaci\u00f3n acad\u00e9mica a unos servicios educativos de calidad para todos los estudiantes, durante la inauguraci\u00f3n de la Jornada de Orientaci\u00f3n Acad\u00e9mica y Profesional, en el Centro Niemeyer. \u201cLa orientaci\u00f3n a lo largo de la vida es uno de los\" \/>\n\t\t<meta property=\"og:url\" content=\"https:\/\/www.eldigitaldeasturias.com\/noticias\/la-consejera-de-educacion-vincula-la-orientacion-academica-a-un-sistema-de-ensenanza-de-calidad\/\" \/>\n\t\t<meta property=\"article:tag\" content=\"actualidad asturias\" \/>\n\t\t<meta property=\"article:published_time\" content=\"2013-12-10T14:02:42+00:00\" \/>\n\t\t<meta property=\"article:modified_time\" content=\"2013-12-10T14:02:42+00:00\" \/>\n\t\t<meta property=\"article:publisher\" content=\"https:\/\/facebook.com\/eldigitaldeasturias\" \/>\n\t\t<meta name=\"twitter:card\" content=\"summary_large_image\" \/>\n\t\t<meta name=\"twitter:title\" content=\"La consejera de Educaci\u00f3n vincula la orientaci\u00f3n acad\u00e9mica a un sistema de ense\u00f1anza de calidad - El Digital de Asturias\" \/>\n\t\t<meta name=\"twitter:description\" content=\"La consejera de Educaci\u00f3n, Cultura y Deporte, Ana Gonz\u00e1lez, ha vinculado hoy el desarrollo de la orientaci\u00f3n acad\u00e9mica a unos servicios educativos de calidad para todos los estudiantes, durante la inauguraci\u00f3n de la Jornada de Orientaci\u00f3n Acad\u00e9mica y Profesional, en el Centro Niemeyer. \u201cLa orientaci\u00f3n a lo largo de la vida es uno de los\" \/>\n\t\t<meta name=\"twitter:label1\" content=\"Escrito por\" \/>\n\t\t<meta name=\"twitter:data1\" content=\"El Digital de Asturias\" \/>\n\t\t<meta name=\"twitter:label2\" content=\"Tiempo de lectura estimado\" \/>\n\t\t<meta name=\"twitter:data2\" content=\"2 minutos\" \/>\n\t\t<script type=\"application\/ld+json\" class=\"aioseo-schema\">\n\t\t\t{\"@context\":\"https:\\\/\\\/schema.org\",\"@graph\":[{\"@type\":\"BlogPosting\",\"@id\":\"https:\\\/\\\/www.eldigitaldeasturias.com\\\/noticias\\\/la-consejera-de-educacion-vincula-la-orientacion-academica-a-un-sistema-de-ensenanza-de-calidad\\\/#blogposting\",\"name\":\"La consejera de Educaci\\u00f3n vincula la orientaci\\u00f3n acad\\u00e9mica a un sistema de ense\\u00f1anza de calidad - El Digital de Asturias\",\"headline\":\"La consejera de Educaci\\u00f3n vincula la orientaci\\u00f3n acad\\u00e9mica a un sistema de ense\\u00f1anza de calidad\",\"author\":{\"@id\":\"https:\\\/\\\/www.eldigitaldeasturias.com\\\/noticias\\\/author\\\/admin\\\/#author\"},\"publisher\":{\"@id\":\"https:\\\/\\\/www.eldigitaldeasturias.com\\\/noticias\\\/#organization\"},\"image\":{\"@type\":\"ImageObject\",\"url\":460068},\"datePublished\":\"2013-12-10T13:02:42+01:00\",\"dateModified\":\"2013-12-10T13:02:42+01:00\",\"inLanguage\":\"es-ES\",\"mainEntityOfPage\":{\"@id\":\"https:\\\/\\\/www.eldigitaldeasturias.com\\\/noticias\\\/la-consejera-de-educacion-vincula-la-orientacion-academica-a-un-sistema-de-ensenanza-de-calidad\\\/#webpage\"},\"isPartOf\":{\"@id\":\"https:\\\/\\\/www.eldigitaldeasturias.com\\\/noticias\\\/la-consejera-de-educacion-vincula-la-orientacion-academica-a-un-sistema-de-ensenanza-de-calidad\\\/#webpage\"},\"articleSection\":\"Actualidad Asturias\"},{\"@type\":\"BreadcrumbList\",\"@id\":\"https:\\\/\\\/www.eldigitaldeasturias.com\\\/noticias\\\/la-consejera-de-educacion-vincula-la-orientacion-academica-a-un-sistema-de-ensenanza-de-calidad\\\/#breadcrumblist\",\"itemListElement\":[{\"@type\":\"ListItem\",\"@id\":\"https:\\\/\\\/www.eldigitaldeasturias.com\\\/noticias#listItem\",\"position\":1,\"name\":\"Home\",\"item\":\"https:\\\/\\\/www.eldigitaldeasturias.com\\\/noticias\",\"nextItem\":{\"@type\":\"ListItem\",\"@id\":\"https:\\\/\\\/www.eldigitaldeasturias.com\\\/noticias\\\/category\\\/actualidad-asturias\\\/#listItem\",\"name\":\"Actualidad Asturias\"}},{\"@type\":\"ListItem\",\"@id\":\"https:\\\/\\\/www.eldigitaldeasturias.com\\\/noticias\\\/category\\\/actualidad-asturias\\\/#listItem\",\"position\":2,\"name\":\"Actualidad Asturias\",\"item\":\"https:\\\/\\\/www.eldigitaldeasturias.com\\\/noticias\\\/category\\\/actualidad-asturias\\\/\",\"nextItem\":{\"@type\":\"ListItem\",\"@id\":\"https:\\\/\\\/www.eldigitaldeasturias.com\\\/noticias\\\/la-consejera-de-educacion-vincula-la-orientacion-academica-a-un-sistema-de-ensenanza-de-calidad\\\/#listItem\",\"name\":\"La consejera de Educaci\\u00f3n vincula la orientaci\\u00f3n acad\\u00e9mica a un sistema de ense\\u00f1anza de calidad\"},\"previousItem\":{\"@type\":\"ListItem\",\"@id\":\"https:\\\/\\\/www.eldigitaldeasturias.com\\\/noticias#listItem\",\"name\":\"Home\"}},{\"@type\":\"ListItem\",\"@id\":\"https:\\\/\\\/www.eldigitaldeasturias.com\\\/noticias\\\/la-consejera-de-educacion-vincula-la-orientacion-academica-a-un-sistema-de-ensenanza-de-calidad\\\/#listItem\",\"position\":3,\"name\":\"La consejera de Educaci\\u00f3n vincula la orientaci\\u00f3n acad\\u00e9mica a un sistema de ense\\u00f1anza de calidad\",\"previousItem\":{\"@type\":\"ListItem\",\"@id\":\"https:\\\/\\\/www.eldigitaldeasturias.com\\\/noticias\\\/category\\\/actualidad-asturias\\\/#listItem\",\"name\":\"Actualidad Asturias\"}}]},{\"@type\":\"Organization\",\"@id\":\"https:\\\/\\\/www.eldigitaldeasturias.com\\\/noticias\\\/#organization\",\"name\":\"El Digital de Asturias\",\"description\":\"Hemeroteca\",\"url\":\"https:\\\/\\\/www.eldigitaldeasturias.com\\\/noticias\\\/\",\"email\":\"info@eldigitaldeasturias.com\",\"telephone\":\"+34652131393\",\"logo\":{\"@type\":\"ImageObject\",\"url\":\"https:\\\/\\\/www.eldigitaldeasturias.com\\\/noticias\\\/wp-content\\\/uploads\\\/2020\\\/12\\\/EDA.jpg\",\"@id\":\"https:\\\/\\\/www.eldigitaldeasturias.com\\\/noticias\\\/la-consejera-de-educacion-vincula-la-orientacion-academica-a-un-sistema-de-ensenanza-de-calidad\\\/#organizationLogo\"},\"image\":{\"@id\":\"https:\\\/\\\/www.eldigitaldeasturias.com\\\/noticias\\\/la-consejera-de-educacion-vincula-la-orientacion-academica-a-un-sistema-de-ensenanza-de-calidad\\\/#organizationLogo\"},\"sameAs\":[\"https:\\\/\\\/facebook.com\\\/eldigitaldeasturias\",\"https:\\\/\\\/www.youtube.com\\\/channel\\\/UCZP-2wLEB9Rv6erhFmqVnvg\"],\"address\":{\"@id\":\"https:\\\/\\\/www.eldigitaldeasturias.com\\\/noticias\\\/#postaladdress\",\"@type\":\"PostalAddress\",\"streetAddress\":\"san antonio 4\",\"postalCode\":\"33430\",\"addressLocality\":\"Cand\\u00e1s\",\"addressRegion\":\"Asturias\",\"addressCountry\":\"ES\"}},{\"@type\":\"Person\",\"@id\":\"https:\\\/\\\/www.eldigitaldeasturias.com\\\/noticias\\\/author\\\/admin\\\/#author\",\"url\":\"https:\\\/\\\/www.eldigitaldeasturias.com\\\/noticias\\\/author\\\/admin\\\/\",\"name\":\"El Digital de Asturias\",\"image\":{\"@type\":\"ImageObject\",\"@id\":\"https:\\\/\\\/www.eldigitaldeasturias.com\\\/noticias\\\/la-consejera-de-educacion-vincula-la-orientacion-academica-a-un-sistema-de-ensenanza-de-calidad\\\/#authorImage\",\"url\":\"https:\\\/\\\/secure.gravatar.com\\\/avatar\\\/df2aeffc32bcd13f8d26072ef8a91b623d677766deac7f97ca815868cd41bf5e?s=96&d=mm&r=g\",\"width\":96,\"height\":96,\"caption\":\"El Digital de Asturias\"}},{\"@type\":\"WebPage\",\"@id\":\"https:\\\/\\\/www.eldigitaldeasturias.com\\\/noticias\\\/la-consejera-de-educacion-vincula-la-orientacion-academica-a-un-sistema-de-ensenanza-de-calidad\\\/#webpage\",\"url\":\"https:\\\/\\\/www.eldigitaldeasturias.com\\\/noticias\\\/la-consejera-de-educacion-vincula-la-orientacion-academica-a-un-sistema-de-ensenanza-de-calidad\\\/\",\"name\":\"La consejera de Educaci\\u00f3n vincula la orientaci\\u00f3n acad\\u00e9mica a un sistema de ense\\u00f1anza de calidad - El Digital de Asturias\",\"description\":\"La consejera de Educaci\\u00f3n, Cultura y Deporte, Ana Gonz\\u00e1lez, ha vinculado hoy el desarrollo de la orientaci\\u00f3n acad\\u00e9mica a unos servicios educativos de calidad para todos los estudiantes, durante la inauguraci\\u00f3n de la Jornada de Orientaci\\u00f3n Acad\\u00e9mica y Profesional, en el Centro Niemeyer. \\u201cLa orientaci\\u00f3n a lo largo de la vida es uno de los\",\"inLanguage\":\"es-ES\",\"isPartOf\":{\"@id\":\"https:\\\/\\\/www.eldigitaldeasturias.com\\\/noticias\\\/#website\"},\"breadcrumb\":{\"@id\":\"https:\\\/\\\/www.eldigitaldeasturias.com\\\/noticias\\\/la-consejera-de-educacion-vincula-la-orientacion-academica-a-un-sistema-de-ensenanza-de-calidad\\\/#breadcrumblist\"},\"author\":{\"@id\":\"https:\\\/\\\/www.eldigitaldeasturias.com\\\/noticias\\\/author\\\/admin\\\/#author\"},\"creator\":{\"@id\":\"https:\\\/\\\/www.eldigitaldeasturias.com\\\/noticias\\\/author\\\/admin\\\/#author\"},\"image\":{\"@type\":\"ImageObject\",\"url\":460068,\"@id\":\"https:\\\/\\\/www.eldigitaldeasturias.com\\\/noticias\\\/la-consejera-de-educacion-vincula-la-orientacion-academica-a-un-sistema-de-ensenanza-de-calidad\\\/#mainImage\"},\"primaryImageOfPage\":{\"@id\":\"https:\\\/\\\/www.eldigitaldeasturias.com\\\/noticias\\\/la-consejera-de-educacion-vincula-la-orientacion-academica-a-un-sistema-de-ensenanza-de-calidad\\\/#mainImage\"},\"datePublished\":\"2013-12-10T13:02:42+01:00\",\"dateModified\":\"2013-12-10T13:02:42+01:00\"},{\"@type\":\"WebSite\",\"@id\":\"https:\\\/\\\/www.eldigitaldeasturias.com\\\/noticias\\\/#website\",\"url\":\"https:\\\/\\\/www.eldigitaldeasturias.com\\\/noticias\\\/\",\"name\":\"El Digital de Asturias - Diario de actualidad y noticias\",\"alternateName\":\"El Digital de Asturias - Diario de actualidad y noticias\",\"description\":\"Hemeroteca\",\"inLanguage\":\"es-ES\",\"publisher\":{\"@id\":\"https:\\\/\\\/www.eldigitaldeasturias.com\\\/noticias\\\/#organization\"}}]}\n\t\t<\/script>\n\t\t<!-- All in One SEO Pro -->\r\n\t\t<title>La consejera de Educaci\u00f3n vincula la orientaci\u00f3n acad\u00e9mica a un sistema de ense\u00f1anza de calidad - El Digital de Asturias<\/title>\n\n","aioseo_head_json":{"title":"La consejera de Educaci\u00f3n vincula la orientaci\u00f3n acad\u00e9mica a un sistema de ense\u00f1anza de calidad - El Digital de Asturias","description":"La consejera de Educaci\u00f3n, Cultura y Deporte, Ana Gonz\u00e1lez, ha vinculado hoy el desarrollo de la orientaci\u00f3n acad\u00e9mica a unos servicios educativos de calidad para todos los estudiantes, durante la inauguraci\u00f3n de la Jornada de Orientaci\u00f3n Acad\u00e9mica y Profesional, en el Centro Niemeyer. \u201cLa orientaci\u00f3n a lo largo de la vida es uno de los","canonical_url":"https:\/\/www.eldigitaldeasturias.com\/noticias\/la-consejera-de-educacion-vincula-la-orientacion-academica-a-un-sistema-de-ensenanza-de-calidad\/","robots":"max-image-preview:large","keywords":"actualidad asturias","webmasterTools":{"google-site-verification":"UA-38556648-1","msvalidate.01":"7dfe9f3f1b24437ab69f4f2559babe99","miscellaneous":""},"schema":{"@context":"https:\/\/schema.org","@graph":[{"@type":"BlogPosting","@id":"https:\/\/www.eldigitaldeasturias.com\/noticias\/la-consejera-de-educacion-vincula-la-orientacion-academica-a-un-sistema-de-ensenanza-de-calidad\/#blogposting","name":"La consejera de Educaci\u00f3n vincula la orientaci\u00f3n acad\u00e9mica a un sistema de ense\u00f1anza de calidad - El Digital de Asturias","headline":"La consejera de Educaci\u00f3n vincula la orientaci\u00f3n acad\u00e9mica a un sistema de ense\u00f1anza de calidad","author":{"@id":"https:\/\/www.eldigitaldeasturias.com\/noticias\/author\/admin\/#author"},"publisher":{"@id":"https:\/\/www.eldigitaldeasturias.com\/noticias\/#organization"},"image":{"@type":"ImageObject","url":460068},"datePublished":"2013-12-10T13:02:42+01:00","dateModified":"2013-12-10T13:02:42+01:00","inLanguage":"es-ES","mainEntityOfPage":{"@id":"https:\/\/www.eldigitaldeasturias.com\/noticias\/la-consejera-de-educacion-vincula-la-orientacion-academica-a-un-sistema-de-ensenanza-de-calidad\/#webpage"},"isPartOf":{"@id":"https:\/\/www.eldigitaldeasturias.com\/noticias\/la-consejera-de-educacion-vincula-la-orientacion-academica-a-un-sistema-de-ensenanza-de-calidad\/#webpage"},"articleSection":"Actualidad Asturias"},{"@type":"BreadcrumbList","@id":"https:\/\/www.eldigitaldeasturias.com\/noticias\/la-consejera-de-educacion-vincula-la-orientacion-academica-a-un-sistema-de-ensenanza-de-calidad\/#breadcrumblist","itemListElement":[{"@type":"ListItem","@id":"https:\/\/www.eldigitaldeasturias.com\/noticias#listItem","position":1,"name":"Home","item":"https:\/\/www.eldigitaldeasturias.com\/noticias","nextItem":{"@type":"ListItem","@id":"https:\/\/www.eldigitaldeasturias.com\/noticias\/category\/actualidad-asturias\/#listItem","name":"Actualidad Asturias"}},{"@type":"ListItem","@id":"https:\/\/www.eldigitaldeasturias.com\/noticias\/category\/actualidad-asturias\/#listItem","position":2,"name":"Actualidad Asturias","item":"https:\/\/www.eldigitaldeasturias.com\/noticias\/category\/actualidad-asturias\/","nextItem":{"@type":"ListItem","@id":"https:\/\/www.eldigitaldeasturias.com\/noticias\/la-consejera-de-educacion-vincula-la-orientacion-academica-a-un-sistema-de-ensenanza-de-calidad\/#listItem","name":"La consejera de Educaci\u00f3n vincula la orientaci\u00f3n acad\u00e9mica a un sistema de ense\u00f1anza de calidad"},"previousItem":{"@type":"ListItem","@id":"https:\/\/www.eldigitaldeasturias.com\/noticias#listItem","name":"Home"}},{"@type":"ListItem","@id":"https:\/\/www.eldigitaldeasturias.com\/noticias\/la-consejera-de-educacion-vincula-la-orientacion-academica-a-un-sistema-de-ensenanza-de-calidad\/#listItem","position":3,"name":"La consejera de Educaci\u00f3n vincula la orientaci\u00f3n acad\u00e9mica a un sistema de ense\u00f1anza de calidad","previousItem":{"@type":"ListItem","@id":"https:\/\/www.eldigitaldeasturias.com\/noticias\/category\/actualidad-asturias\/#listItem","name":"Actualidad Asturias"}}]},{"@type":"Organization","@id":"https:\/\/www.eldigitaldeasturias.com\/noticias\/#organization","name":"El Digital de Asturias","description":"Hemeroteca","url":"https:\/\/www.eldigitaldeasturias.com\/noticias\/","email":"info@eldigitaldeasturias.com","telephone":"+34652131393","logo":{"@type":"ImageObject","url":"https:\/\/www.eldigitaldeasturias.com\/noticias\/wp-content\/uploads\/2020\/12\/EDA.jpg","@id":"https:\/\/www.eldigitaldeasturias.com\/noticias\/la-consejera-de-educacion-vincula-la-orientacion-academica-a-un-sistema-de-ensenanza-de-calidad\/#organizationLogo"},"image":{"@id":"https:\/\/www.eldigitaldeasturias.com\/noticias\/la-consejera-de-educacion-vincula-la-orientacion-academica-a-un-sistema-de-ensenanza-de-calidad\/#organizationLogo"},"sameAs":["https:\/\/facebook.com\/eldigitaldeasturias","https:\/\/www.youtube.com\/channel\/UCZP-2wLEB9Rv6erhFmqVnvg"],"address":{"@id":"https:\/\/www.eldigitaldeasturias.com\/noticias\/#postaladdress","@type":"PostalAddress","streetAddress":"san antonio 4","postalCode":"33430","addressLocality":"Cand\u00e1s","addressRegion":"Asturias","addressCountry":"ES"}},{"@type":"Person","@id":"https:\/\/www.eldigitaldeasturias.com\/noticias\/author\/admin\/#author","url":"https:\/\/www.eldigitaldeasturias.com\/noticias\/author\/admin\/","name":"El Digital de Asturias","image":{"@type":"ImageObject","@id":"https:\/\/www.eldigitaldeasturias.com\/noticias\/la-consejera-de-educacion-vincula-la-orientacion-academica-a-un-sistema-de-ensenanza-de-calidad\/#authorImage","url":"https:\/\/secure.gravatar.com\/avatar\/df2aeffc32bcd13f8d26072ef8a91b623d677766deac7f97ca815868cd41bf5e?s=96&d=mm&r=g","width":96,"height":96,"caption":"El Digital de Asturias"}},{"@type":"WebPage","@id":"https:\/\/www.eldigitaldeasturias.com\/noticias\/la-consejera-de-educacion-vincula-la-orientacion-academica-a-un-sistema-de-ensenanza-de-calidad\/#webpage","url":"https:\/\/www.eldigitaldeasturias.com\/noticias\/la-consejera-de-educacion-vincula-la-orientacion-academica-a-un-sistema-de-ensenanza-de-calidad\/","name":"La consejera de Educaci\u00f3n vincula la orientaci\u00f3n acad\u00e9mica a un sistema de ense\u00f1anza de calidad - El Digital de Asturias","description":"La consejera de Educaci\u00f3n, Cultura y Deporte, Ana Gonz\u00e1lez, ha vinculado hoy el desarrollo de la orientaci\u00f3n acad\u00e9mica a unos servicios educativos de calidad para todos los estudiantes, durante la inauguraci\u00f3n de la Jornada de Orientaci\u00f3n Acad\u00e9mica y Profesional, en el Centro Niemeyer. \u201cLa orientaci\u00f3n a lo largo de la vida es uno de los","inLanguage":"es-ES","isPartOf":{"@id":"https:\/\/www.eldigitaldeasturias.com\/noticias\/#website"},"breadcrumb":{"@id":"https:\/\/www.eldigitaldeasturias.com\/noticias\/la-consejera-de-educacion-vincula-la-orientacion-academica-a-un-sistema-de-ensenanza-de-calidad\/#breadcrumblist"},"author":{"@id":"https:\/\/www.eldigitaldeasturias.com\/noticias\/author\/admin\/#author"},"creator":{"@id":"https:\/\/www.eldigitaldeasturias.com\/noticias\/author\/admin\/#author"},"image":{"@type":"ImageObject","url":460068,"@id":"https:\/\/www.eldigitaldeasturias.com\/noticias\/la-consejera-de-educacion-vincula-la-orientacion-academica-a-un-sistema-de-ensenanza-de-calidad\/#mainImage"},"primaryImageOfPage":{"@id":"https:\/\/www.eldigitaldeasturias.com\/noticias\/la-consejera-de-educacion-vincula-la-orientacion-academica-a-un-sistema-de-ensenanza-de-calidad\/#mainImage"},"datePublished":"2013-12-10T13:02:42+01:00","dateModified":"2013-12-10T13:02:42+01:00"},{"@type":"WebSite","@id":"https:\/\/www.eldigitaldeasturias.com\/noticias\/#website","url":"https:\/\/www.eldigitaldeasturias.com\/noticias\/","name":"El Digital de Asturias - Diario de actualidad y noticias","alternateName":"El Digital de Asturias - Diario de actualidad y noticias","description":"Hemeroteca","inLanguage":"es-ES","publisher":{"@id":"https:\/\/www.eldigitaldeasturias.com\/noticias\/#organization"}}]},"og:locale":"es_ES","og:site_name":"El Digital de Asturias","og:type":"article","og:title":"La consejera de Educaci\u00f3n vincula la orientaci\u00f3n acad\u00e9mica a un sistema de ense\u00f1anza de calidad - El Digital de Asturias","og:description":"La consejera de Educaci\u00f3n, Cultura y Deporte, Ana Gonz\u00e1lez, ha vinculado hoy el desarrollo de la orientaci\u00f3n acad\u00e9mica a unos servicios educativos de calidad para todos los estudiantes, durante la inauguraci\u00f3n de la Jornada de Orientaci\u00f3n Acad\u00e9mica y Profesional, en el Centro Niemeyer. \u201cLa orientaci\u00f3n a lo largo de la vida es uno de los","og:url":"https:\/\/www.eldigitaldeasturias.com\/noticias\/la-consejera-de-educacion-vincula-la-orientacion-academica-a-un-sistema-de-ensenanza-de-calidad\/","article:tag":["actualidad asturias"],"article:published_time":"2013-12-10T14:02:42+00:00","article:modified_time":"2013-12-10T14:02:42+00:00","article:publisher":"https:\/\/facebook.com\/eldigitaldeasturias","twitter:card":"summary_large_image","twitter:title":"La consejera de Educaci\u00f3n vincula la orientaci\u00f3n acad\u00e9mica a un sistema de ense\u00f1anza de calidad - El Digital de Asturias","twitter:description":"La consejera de Educaci\u00f3n, Cultura y Deporte, Ana Gonz\u00e1lez, ha vinculado hoy el desarrollo de la orientaci\u00f3n acad\u00e9mica a unos servicios educativos de calidad para todos los estudiantes, durante la inauguraci\u00f3n de la Jornada de Orientaci\u00f3n Acad\u00e9mica y Profesional, en el Centro Niemeyer. \u201cLa orientaci\u00f3n a lo largo de la vida es uno de los","twitter:label1":"Escrito por","twitter:data1":"El Digital de Asturias","twitter:label2":"Tiempo de lectura estimado","twitter:data2":"2 minutos"},"aioseo_meta_data":{"post_id":"460067","title":null,"description":null,"keywords":null,"keyphrases":null,"primary_term":null,"canonical_url":null,"og_title":null,"og_description":null,"og_object_type":"default","og_image_type":"default","og_image_url":null,"og_image_width":null,"og_image_height":null,"og_image_custom_url":null,"og_image_custom_fields":null,"og_video":null,"og_custom_url":null,"og_article_section":null,"og_article_tags":null,"twitter_use_og":true,"twitter_card":"default","twitter_image_type":"default","twitter_image_url":null,"twitter_image_custom_url":null,"twitter_image_custom_fields":null,"twitter_title":null,"twitter_description":null,"schema":{"blockGraphs":[],"customGraphs":[],"default":{"data":{"Article":[],"Course":[],"Dataset":[],"FAQPage":[],"Movie":[],"Person":[],"Product":[],"ProductReview":[],"Car":[],"Recipe":[],"Service":[],"SoftwareApplication":[],"WebPage":[]},"graphName":"","isEnabled":true},"graphs":[],"defaultGraph":"","defaultPostTypeGraph":""},"schema_type":null,"schema_type_options":null,"pillar_content":false,"robots_default":true,"robots_noindex":false,"robots_noarchive":false,"robots_nosnippet":false,"robots_nofollow":false,"robots_noimageindex":false,"robots_noodp":false,"robots_notranslate":false,"robots_max_snippet":null,"robots_max_videopreview":null,"robots_max_imagepreview":"none","priority":null,"frequency":null,"local_seo":null,"seo_analyzer_scan_date":"2026-05-30 11:39:11","breadcrumb_settings":null,"limit_modified_date":false,"open_ai":null,"ai":null,"created":"2020-11-14 22:47:42","updated":"2026-05-30 11:39:11","focus_keyword":null,"additional_keywords":null,"truseo_locale":null},"aioseo_breadcrumb":"<div class=\"aioseo-breadcrumbs\"><span class=\"aioseo-breadcrumb\">\n\t<a href=\"https:\/\/www.eldigitaldeasturias.com\/noticias\" title=\"Home\">Home<\/a>\n<\/span><span class=\"aioseo-breadcrumb-separator\">\u2013<\/span><span class=\"aioseo-breadcrumb\">\n\t<a href=\"https:\/\/www.eldigitaldeasturias.com\/noticias\/category\/actualidad-asturias\/\" title=\"Actualidad Asturias\">Actualidad Asturias<\/a>\n<\/span><span class=\"aioseo-breadcrumb-separator\">\u2013<\/span><span class=\"aioseo-breadcrumb\">\n\t<a href=\"https:\/\/www.eldigitaldeasturias.com\/noticias\/la-consejera-de-educacion-vincula-la-orientacion-academica-a-un-sistema-de-ensenanza-de-calidad\/\" title=\"La consejera de Educaci\u00f3n vincula la orientaci\u00f3n acad\u00e9mica a un sistema de ense\u00f1anza de calidad\">La consejera de Educaci\u00f3n vincula la orientaci\u00f3n acad\u00e9mica a un sistema de ense\u00f1anza de calidad<\/a>\n<\/span><\/div>","aioseo_breadcrumb_json":[{"label":"Home","link":"https:\/\/www.eldigitaldeasturias.com\/noticias"},{"label":"Actualidad Asturias","link":"https:\/\/www.eldigitaldeasturias.com\/noticias\/category\/actualidad-asturias\/"},{"label":"La consejera de Educaci\u00f3n vincula la orientaci\u00f3n acad\u00e9mica a un sistema de ense\u00f1anza de calidad","link":"https:\/\/www.eldigitaldeasturias.com\/noticias\/la-consejera-de-educacion-vincula-la-orientacion-academica-a-un-sistema-de-ensenanza-de-calidad\/"}],"_links":{"self":[{"href":"https:\/\/www.eldigitaldeasturias.com\/noticias\/wp-json\/wp\/v2\/posts\/460067","targetHints":{"allow":["GET"]}}],"collection":[{"href":"https:\/\/www.eldigitaldeasturias.com\/noticias\/wp-json\/wp\/v2\/posts"}],"about":[{"href":"https:\/\/www.eldigitaldeasturias.com\/noticias\/wp-json\/wp\/v2\/types\/post"}],"author":[{"embeddable":true,"href":"https:\/\/www.eldigitaldeasturias.com\/noticias\/wp-json\/wp\/v2\/users\/1"}],"replies":[{"embeddable":true,"href":"https:\/\/www.eldigitaldeasturias.com\/noticias\/wp-json\/wp\/v2\/comments?post=460067"}],"version-history":[{"count":0,"href":"https:\/\/www.eldigitaldeasturias.com\/noticias\/wp-json\/wp\/v2\/posts\/460067\/revisions"}],"wp:attachment":[{"href":"https:\/\/www.eldigitaldeasturias.com\/noticias\/wp-json\/wp\/v2\/media?parent=460067"}],"wp:term":[{"taxonomy":"category","embeddable":true,"href":"https:\/\/www.eldigitaldeasturias.com\/noticias\/wp-json\/wp\/v2\/categories?post=460067"},{"taxonomy":"post_tag","embeddable":true,"href":"https:\/\/www.eldigitaldeasturias.com\/noticias\/wp-json\/wp\/v2\/tags?post=460067"}],"curies":[{"name":"wp","href":"https:\/\/api.w.org\/{rel}","templated":true}]}}