{"id":460061,"date":"2013-12-10T12:37:26","date_gmt":"2013-12-10T13:37:26","guid":{"rendered":"http:\/\/www.eldigitaldeasturias.com\/noticias\/?p=460061"},"modified":"2013-12-10T12:37:26","modified_gmt":"2013-12-10T13:37:26","slug":"javier-fernandez-cifra-en-266-millones-los-recursos-que-se-perderan-sin-presupuesto","status":"publish","type":"post","link":"https:\/\/www.eldigitaldeasturias.com\/noticias\/javier-fernandez-cifra-en-266-millones-los-recursos-que-se-perderan-sin-presupuesto\/","title":{"rendered":"Javier Fern\u00e1ndez cifra en 266 millones los recursos que se perder\u00e1n sin presupuesto"},"content":{"rendered":"<p><img loading=\"lazy\" decoding=\"async\" class=\"alignleft size-medium wp-image-460062\" alt=\"2013_12_1..\" src=\"https:\/\/www.eldigitaldeasturias.com\/noticias\/wp-content\/uploads\/2013\/12\/2013_12_1..-360x186.jpg\" width=\"360\" height=\"186\" \/>Oviedo, 10 dic (EFE).- El presidente del Principado, Javier Fern\u00e1ndez, ha cifrado en 266 millones de euros la p\u00e9rdida de recursos con los que contar\u00eda la comunidad asturiana el pr\u00f3ximo a\u00f1o si no se consigue aprobar un nuevo presupuesto y hay que ir a la pr\u00f3rroga del actual.<\/p>\n<p>Fern\u00e1ndez, que ha pronunciado hoy una conferencia organizada en Oviedo por el diario \u00abCinco D\u00edas\u00bb, ha afirmado que la p\u00e9rdida de ingresos con la pr\u00f3rroga ser\u00eda del 7,8 por ciento del presupuesto, sin tener en cuenta el pago de intereses y deuda.<\/p>\n<p>\u00abLa pr\u00f3rroga supone una perdida real de recursos. Con un presupuesto de gasto no financiero primario, excluyendo deuda e intereses, en 2013 ascendi\u00f3 a 3.197 millones, y una pr\u00f3rroga supondr\u00eda la p\u00e9rdida de un 7,8 por ciento, unos 266 millones\u00bb, ha subrayado.<\/p>\n<p>En su intervenci\u00f3n, Fern\u00e1ndez ha vuelto a hacer un llamamiento a los partidos para que eviten una pr\u00f3rroga presupuestaria que supondr\u00eda un \u00abfracaso pol\u00edtico y social\u00bb a la que, seg\u00fan ha subrayado, no va a resignarse en modo alguno.<\/p>\n<p>Para Fern\u00e1ndez, es inconcebible que en una situaci\u00f3n de crisis como la actual , haya quienes \u00abensimismados en su l\u00f3gica de grupo y extra\u00f1os a la realidad, minusvaloren fr\u00edvolamente las consecuencias que tendr\u00edan para Asturias dos a\u00f1os de pr\u00f3rroga presupuestaria\u00bb.<\/p>\n<p>Tras advertir de que el estado del bienestar ser\u00e1 insostenible sin un crecimiento continuado y con la austeridad como pol\u00edtica b\u00e1sica, el presidente del Principado ha se\u00f1alado que no es partidario de que se pueda reformar el sistema de financiaci\u00f3n auton\u00f3mico el pr\u00f3ximo a\u00f1o porque es un cambio muy dif\u00edcil de afrontar en momentos de crisis.<\/p>\n<p>Ha calificado tambi\u00e9n que ese cambio trate de fijarse con la publicaci\u00f3n de las balances fiscales porque, en su opini\u00f3n, \u00e9stas no dejan de ser un saldo entre la recaudaci\u00f3n fiscal y las transferencias e inversiones que hace el Estado en cada territorio, que tienen un car\u00e1cter coyuntural.<\/p>\n<p>En materia fiscal, ha incidido en que con los alt\u00edsimos niveles de desempleo actuales y con una recuperaci\u00f3n balbuciente, \u00abempe\u00f1arse en la reducci\u00f3n de impuestos parece obedecer m\u00e1s a al inter\u00e9s electoral que al econ\u00f3mico\u00bb.<\/p>\n<p>De hecho, ha recordado que la presi\u00f3n fiscal en Espa\u00f1a ronda el 37 por ciento, m\u00e1s de 9 puntos por debajo de la media de la eurozona y que el gasto p\u00fablico tambi\u00e9n es inferior, y que por lo tanto no puede hablarse de que la carga tributaria sea excesiva ni de que el peso p\u00fablico sea descomunal.<\/p>\n<p>En su opini\u00f3n, la puja fiscal abierta entre comunidades debe dejarse de lado para establecer \u00abun m\u00ednimo com\u00fan para impuestos territorializados, sobre el que establecer la capacidad normativa de cada comunidad, de acuerdo con las preferencias fiscales en ella expresadas\u00bb.<\/p>\n<p>En el caso de Asturias, ha afirmado que su Gobierno ha tratado de garantizar la sostenibilidad de los servicios p\u00fablicos sin castigar m\u00e1s a las clases medias y que por eso en el proyecto de ley de Presupuestos de 2014 s\u00f3lo se contempla como novedad rebajar de 700.000 a 500.000 el m\u00ednimo exento de la base liquidable del impuesto de Patrimonio.<\/p>\n<p>Fern\u00e1ndez, que ha asegurado que no se va a presentar a las Primarias del PSOE, ha se\u00f1alado que el calendario electoral asturiano no se va a modificar y ha advertido del peligro de las tensiones provocadas por la deriva independentista de los catalanes.<\/p>\n<p>En su opini\u00f3n, es m\u00e1s peligrosa la fractura sentimental entre Espa\u00f1a y Catalu\u00f1a que las diferencias econ\u00f3micas y una posible salida de esta comunidad de la Uni\u00f3n Europea, aunque fuese temporal, repercutir\u00eda de tal forma sobre catalanes y espa\u00f1oles \u00abque las posibilidades de recuperaci\u00f3n econ\u00f3mica se alejar\u00edan muchos a\u00f1os\u00bb.<\/p>\n","protected":false},"excerpt":{"rendered":"<p>Oviedo, 10 dic (EFE).- El presidente del Principado, Javier Fern\u00e1ndez, ha cifrado en 266 millones de euros la p\u00e9rdida de recursos con los que contar\u00eda la comunidad asturiana el pr\u00f3ximo a\u00f1o si no se consigue aprobar un nuevo presupuesto y hay que ir a la pr\u00f3rroga del actual. Fern\u00e1ndez, que ha pronunciado hoy una conferencia [&hellip;]<\/p>\n","protected":false},"author":1,"featured_media":460062,"comment_status":"closed","ping_status":"open","sticky":false,"template":"","format":"standard","meta":{"footnotes":""},"categories":[12],"tags":[],"class_list":["post-460061","post","type-post","status-publish","format-standard","has-post-thumbnail","hentry","category-actualidad-asturias"],"aioseo_notices":[],"aioseo_head":"\n\t\t<!-- All in One SEO Pro 5.0.1 - aioseo.com -->\n\t<meta name=\"description\" content=\"Oviedo, 10 dic (EFE).- El presidente del Principado, Javier Fern\u00e1ndez, ha cifrado en 266 millones de euros la p\u00e9rdida de recursos con los que contar\u00eda la comunidad asturiana el pr\u00f3ximo a\u00f1o si no se consigue aprobar un nuevo presupuesto y hay que ir a la pr\u00f3rroga del actual. Fern\u00e1ndez, que ha pronunciado hoy una conferencia\" \/>\n\t<meta name=\"robots\" content=\"max-image-preview:large\" \/>\n\t<meta name=\"author\" content=\"El Digital de Asturias\"\/>\n\t<meta name=\"google-site-verification\" content=\"UA-38556648-1\" \/>\n\t<meta name=\"msvalidate.01\" content=\"7dfe9f3f1b24437ab69f4f2559babe99\" \/>\n\t<meta name=\"keywords\" content=\"actualidad asturias\" \/>\n\t<link rel=\"canonical\" href=\"https:\/\/www.eldigitaldeasturias.com\/noticias\/javier-fernandez-cifra-en-266-millones-los-recursos-que-se-perderan-sin-presupuesto\/\" \/>\n\t<meta name=\"generator\" content=\"All in One SEO Pro (AIOSEO) 5.0.1\" \/>\n\t\t<meta property=\"og:locale\" content=\"es_ES\" \/>\n\t\t<meta property=\"og:site_name\" content=\"El Digital de Asturias\" \/>\n\t\t<meta property=\"og:type\" content=\"article\" \/>\n\t\t<meta property=\"og:title\" content=\"Javier Fern\u00e1ndez cifra en 266 millones los recursos que se perder\u00e1n sin presupuesto - El Digital de Asturias\" \/>\n\t\t<meta property=\"og:description\" content=\"Oviedo, 10 dic (EFE).- El presidente del Principado, Javier Fern\u00e1ndez, ha cifrado en 266 millones de euros la p\u00e9rdida de recursos con los que contar\u00eda la comunidad asturiana el pr\u00f3ximo a\u00f1o si no se consigue aprobar un nuevo presupuesto y hay que ir a la pr\u00f3rroga del actual. Fern\u00e1ndez, que ha pronunciado hoy una conferencia\" \/>\n\t\t<meta property=\"og:url\" content=\"https:\/\/www.eldigitaldeasturias.com\/noticias\/javier-fernandez-cifra-en-266-millones-los-recursos-que-se-perderan-sin-presupuesto\/\" \/>\n\t\t<meta property=\"article:tag\" content=\"actualidad asturias\" \/>\n\t\t<meta property=\"article:published_time\" content=\"2013-12-10T13:37:26+00:00\" \/>\n\t\t<meta property=\"article:modified_time\" content=\"2013-12-10T13:37:26+00:00\" \/>\n\t\t<meta property=\"article:publisher\" content=\"https:\/\/facebook.com\/eldigitaldeasturias\" \/>\n\t\t<meta name=\"twitter:card\" content=\"summary_large_image\" \/>\n\t\t<meta name=\"twitter:title\" content=\"Javier Fern\u00e1ndez cifra en 266 millones los recursos que se perder\u00e1n sin presupuesto - El Digital de Asturias\" \/>\n\t\t<meta name=\"twitter:description\" content=\"Oviedo, 10 dic (EFE).- El presidente del Principado, Javier Fern\u00e1ndez, ha cifrado en 266 millones de euros la p\u00e9rdida de recursos con los que contar\u00eda la comunidad asturiana el pr\u00f3ximo a\u00f1o si no se consigue aprobar un nuevo presupuesto y hay que ir a la pr\u00f3rroga del actual. Fern\u00e1ndez, que ha pronunciado hoy una conferencia\" \/>\n\t\t<meta name=\"twitter:label1\" content=\"Escrito por\" \/>\n\t\t<meta name=\"twitter:data1\" content=\"El Digital de Asturias\" \/>\n\t\t<meta name=\"twitter:label2\" content=\"Tiempo de lectura estimado\" \/>\n\t\t<meta name=\"twitter:data2\" content=\"3 minutos\" \/>\n\t\t<script type=\"application\/ld+json\" class=\"aioseo-schema\">\n\t\t\t{\"@context\":\"https:\\\/\\\/schema.org\",\"@graph\":[{\"@type\":\"BlogPosting\",\"@id\":\"https:\\\/\\\/www.eldigitaldeasturias.com\\\/noticias\\\/javier-fernandez-cifra-en-266-millones-los-recursos-que-se-perderan-sin-presupuesto\\\/#blogposting\",\"name\":\"Javier Fern\\u00e1ndez cifra en 266 millones los recursos que se perder\\u00e1n sin presupuesto - El Digital de Asturias\",\"headline\":\"Javier Fern\\u00e1ndez cifra en 266 millones los recursos que se perder\\u00e1n sin presupuesto\",\"author\":{\"@id\":\"https:\\\/\\\/www.eldigitaldeasturias.com\\\/noticias\\\/author\\\/admin\\\/#author\"},\"publisher\":{\"@id\":\"https:\\\/\\\/www.eldigitaldeasturias.com\\\/noticias\\\/#organization\"},\"image\":{\"@type\":\"ImageObject\",\"url\":460062},\"datePublished\":\"2013-12-10T12:37:26+01:00\",\"dateModified\":\"2013-12-10T12:37:26+01:00\",\"inLanguage\":\"es-ES\",\"mainEntityOfPage\":{\"@id\":\"https:\\\/\\\/www.eldigitaldeasturias.com\\\/noticias\\\/javier-fernandez-cifra-en-266-millones-los-recursos-que-se-perderan-sin-presupuesto\\\/#webpage\"},\"isPartOf\":{\"@id\":\"https:\\\/\\\/www.eldigitaldeasturias.com\\\/noticias\\\/javier-fernandez-cifra-en-266-millones-los-recursos-que-se-perderan-sin-presupuesto\\\/#webpage\"},\"articleSection\":\"Actualidad Asturias\"},{\"@type\":\"BreadcrumbList\",\"@id\":\"https:\\\/\\\/www.eldigitaldeasturias.com\\\/noticias\\\/javier-fernandez-cifra-en-266-millones-los-recursos-que-se-perderan-sin-presupuesto\\\/#breadcrumblist\",\"itemListElement\":[{\"@type\":\"ListItem\",\"@id\":\"https:\\\/\\\/www.eldigitaldeasturias.com\\\/noticias#listItem\",\"position\":1,\"name\":\"Home\",\"item\":\"https:\\\/\\\/www.eldigitaldeasturias.com\\\/noticias\",\"nextItem\":{\"@type\":\"ListItem\",\"@id\":\"https:\\\/\\\/www.eldigitaldeasturias.com\\\/noticias\\\/category\\\/actualidad-asturias\\\/#listItem\",\"name\":\"Actualidad Asturias\"}},{\"@type\":\"ListItem\",\"@id\":\"https:\\\/\\\/www.eldigitaldeasturias.com\\\/noticias\\\/category\\\/actualidad-asturias\\\/#listItem\",\"position\":2,\"name\":\"Actualidad Asturias\",\"item\":\"https:\\\/\\\/www.eldigitaldeasturias.com\\\/noticias\\\/category\\\/actualidad-asturias\\\/\",\"nextItem\":{\"@type\":\"ListItem\",\"@id\":\"https:\\\/\\\/www.eldigitaldeasturias.com\\\/noticias\\\/javier-fernandez-cifra-en-266-millones-los-recursos-que-se-perderan-sin-presupuesto\\\/#listItem\",\"name\":\"Javier Fern\\u00e1ndez cifra en 266 millones los recursos que se perder\\u00e1n sin presupuesto\"},\"previousItem\":{\"@type\":\"ListItem\",\"@id\":\"https:\\\/\\\/www.eldigitaldeasturias.com\\\/noticias#listItem\",\"name\":\"Home\"}},{\"@type\":\"ListItem\",\"@id\":\"https:\\\/\\\/www.eldigitaldeasturias.com\\\/noticias\\\/javier-fernandez-cifra-en-266-millones-los-recursos-que-se-perderan-sin-presupuesto\\\/#listItem\",\"position\":3,\"name\":\"Javier Fern\\u00e1ndez cifra en 266 millones los recursos que se perder\\u00e1n sin presupuesto\",\"previousItem\":{\"@type\":\"ListItem\",\"@id\":\"https:\\\/\\\/www.eldigitaldeasturias.com\\\/noticias\\\/category\\\/actualidad-asturias\\\/#listItem\",\"name\":\"Actualidad Asturias\"}}]},{\"@type\":\"Organization\",\"@id\":\"https:\\\/\\\/www.eldigitaldeasturias.com\\\/noticias\\\/#organization\",\"name\":\"El Digital de Asturias\",\"description\":\"Hemeroteca\",\"url\":\"https:\\\/\\\/www.eldigitaldeasturias.com\\\/noticias\\\/\",\"email\":\"info@eldigitaldeasturias.com\",\"telephone\":\"+34652131393\",\"logo\":{\"@type\":\"ImageObject\",\"url\":\"https:\\\/\\\/www.eldigitaldeasturias.com\\\/noticias\\\/wp-content\\\/uploads\\\/2020\\\/12\\\/EDA.jpg\",\"@id\":\"https:\\\/\\\/www.eldigitaldeasturias.com\\\/noticias\\\/javier-fernandez-cifra-en-266-millones-los-recursos-que-se-perderan-sin-presupuesto\\\/#organizationLogo\"},\"image\":{\"@id\":\"https:\\\/\\\/www.eldigitaldeasturias.com\\\/noticias\\\/javier-fernandez-cifra-en-266-millones-los-recursos-que-se-perderan-sin-presupuesto\\\/#organizationLogo\"},\"sameAs\":[\"https:\\\/\\\/facebook.com\\\/eldigitaldeasturias\",\"https:\\\/\\\/www.youtube.com\\\/channel\\\/UCZP-2wLEB9Rv6erhFmqVnvg\"],\"address\":{\"@id\":\"https:\\\/\\\/www.eldigitaldeasturias.com\\\/noticias\\\/#postaladdress\",\"@type\":\"PostalAddress\",\"streetAddress\":\"san antonio 4\",\"postalCode\":\"33430\",\"addressLocality\":\"Cand\\u00e1s\",\"addressRegion\":\"Asturias\",\"addressCountry\":\"ES\"}},{\"@type\":\"Person\",\"@id\":\"https:\\\/\\\/www.eldigitaldeasturias.com\\\/noticias\\\/author\\\/admin\\\/#author\",\"url\":\"https:\\\/\\\/www.eldigitaldeasturias.com\\\/noticias\\\/author\\\/admin\\\/\",\"name\":\"El Digital de Asturias\",\"image\":{\"@type\":\"ImageObject\",\"@id\":\"https:\\\/\\\/www.eldigitaldeasturias.com\\\/noticias\\\/javier-fernandez-cifra-en-266-millones-los-recursos-que-se-perderan-sin-presupuesto\\\/#authorImage\",\"url\":\"https:\\\/\\\/secure.gravatar.com\\\/avatar\\\/df2aeffc32bcd13f8d26072ef8a91b623d677766deac7f97ca815868cd41bf5e?s=96&d=mm&r=g\",\"width\":96,\"height\":96,\"caption\":\"El Digital de Asturias\"}},{\"@type\":\"WebPage\",\"@id\":\"https:\\\/\\\/www.eldigitaldeasturias.com\\\/noticias\\\/javier-fernandez-cifra-en-266-millones-los-recursos-que-se-perderan-sin-presupuesto\\\/#webpage\",\"url\":\"https:\\\/\\\/www.eldigitaldeasturias.com\\\/noticias\\\/javier-fernandez-cifra-en-266-millones-los-recursos-que-se-perderan-sin-presupuesto\\\/\",\"name\":\"Javier Fern\\u00e1ndez cifra en 266 millones los recursos que se perder\\u00e1n sin presupuesto - El Digital de Asturias\",\"description\":\"Oviedo, 10 dic (EFE).- El presidente del Principado, Javier Fern\\u00e1ndez, ha cifrado en 266 millones de euros la p\\u00e9rdida de recursos con los que contar\\u00eda la comunidad asturiana el pr\\u00f3ximo a\\u00f1o si no se consigue aprobar un nuevo presupuesto y hay que ir a la pr\\u00f3rroga del actual. Fern\\u00e1ndez, que ha pronunciado hoy una conferencia\",\"inLanguage\":\"es-ES\",\"isPartOf\":{\"@id\":\"https:\\\/\\\/www.eldigitaldeasturias.com\\\/noticias\\\/#website\"},\"breadcrumb\":{\"@id\":\"https:\\\/\\\/www.eldigitaldeasturias.com\\\/noticias\\\/javier-fernandez-cifra-en-266-millones-los-recursos-que-se-perderan-sin-presupuesto\\\/#breadcrumblist\"},\"author\":{\"@id\":\"https:\\\/\\\/www.eldigitaldeasturias.com\\\/noticias\\\/author\\\/admin\\\/#author\"},\"creator\":{\"@id\":\"https:\\\/\\\/www.eldigitaldeasturias.com\\\/noticias\\\/author\\\/admin\\\/#author\"},\"image\":{\"@type\":\"ImageObject\",\"url\":460062,\"@id\":\"https:\\\/\\\/www.eldigitaldeasturias.com\\\/noticias\\\/javier-fernandez-cifra-en-266-millones-los-recursos-que-se-perderan-sin-presupuesto\\\/#mainImage\"},\"primaryImageOfPage\":{\"@id\":\"https:\\\/\\\/www.eldigitaldeasturias.com\\\/noticias\\\/javier-fernandez-cifra-en-266-millones-los-recursos-que-se-perderan-sin-presupuesto\\\/#mainImage\"},\"datePublished\":\"2013-12-10T12:37:26+01:00\",\"dateModified\":\"2013-12-10T12:37:26+01:00\"},{\"@type\":\"WebSite\",\"@id\":\"https:\\\/\\\/www.eldigitaldeasturias.com\\\/noticias\\\/#website\",\"url\":\"https:\\\/\\\/www.eldigitaldeasturias.com\\\/noticias\\\/\",\"name\":\"El Digital de Asturias - Diario de actualidad y noticias\",\"alternateName\":\"El Digital de Asturias - Diario de actualidad y noticias\",\"description\":\"Hemeroteca\",\"inLanguage\":\"es-ES\",\"publisher\":{\"@id\":\"https:\\\/\\\/www.eldigitaldeasturias.com\\\/noticias\\\/#organization\"}}]}\n\t\t<\/script>\n\t\t<!-- All in One SEO Pro -->\r\n\t\t<title>Javier Fern\u00e1ndez cifra en 266 millones los recursos que se perder\u00e1n sin presupuesto - El Digital de Asturias<\/title>\n\n","aioseo_head_json":{"title":"Javier Fern\u00e1ndez cifra en 266 millones los recursos que se perder\u00e1n sin presupuesto - El Digital de Asturias","description":"Oviedo, 10 dic (EFE).- El presidente del Principado, Javier Fern\u00e1ndez, ha cifrado en 266 millones de euros la p\u00e9rdida de recursos con los que contar\u00eda la comunidad asturiana el pr\u00f3ximo a\u00f1o si no se consigue aprobar un nuevo presupuesto y hay que ir a la pr\u00f3rroga del actual. Fern\u00e1ndez, que ha pronunciado hoy una conferencia","canonical_url":"https:\/\/www.eldigitaldeasturias.com\/noticias\/javier-fernandez-cifra-en-266-millones-los-recursos-que-se-perderan-sin-presupuesto\/","robots":"max-image-preview:large","keywords":"actualidad asturias","webmasterTools":{"google-site-verification":"UA-38556648-1","msvalidate.01":"7dfe9f3f1b24437ab69f4f2559babe99","miscellaneous":""},"schema":{"@context":"https:\/\/schema.org","@graph":[{"@type":"BlogPosting","@id":"https:\/\/www.eldigitaldeasturias.com\/noticias\/javier-fernandez-cifra-en-266-millones-los-recursos-que-se-perderan-sin-presupuesto\/#blogposting","name":"Javier Fern\u00e1ndez cifra en 266 millones los recursos que se perder\u00e1n sin presupuesto - El Digital de Asturias","headline":"Javier Fern\u00e1ndez cifra en 266 millones los recursos que se perder\u00e1n sin presupuesto","author":{"@id":"https:\/\/www.eldigitaldeasturias.com\/noticias\/author\/admin\/#author"},"publisher":{"@id":"https:\/\/www.eldigitaldeasturias.com\/noticias\/#organization"},"image":{"@type":"ImageObject","url":460062},"datePublished":"2013-12-10T12:37:26+01:00","dateModified":"2013-12-10T12:37:26+01:00","inLanguage":"es-ES","mainEntityOfPage":{"@id":"https:\/\/www.eldigitaldeasturias.com\/noticias\/javier-fernandez-cifra-en-266-millones-los-recursos-que-se-perderan-sin-presupuesto\/#webpage"},"isPartOf":{"@id":"https:\/\/www.eldigitaldeasturias.com\/noticias\/javier-fernandez-cifra-en-266-millones-los-recursos-que-se-perderan-sin-presupuesto\/#webpage"},"articleSection":"Actualidad Asturias"},{"@type":"BreadcrumbList","@id":"https:\/\/www.eldigitaldeasturias.com\/noticias\/javier-fernandez-cifra-en-266-millones-los-recursos-que-se-perderan-sin-presupuesto\/#breadcrumblist","itemListElement":[{"@type":"ListItem","@id":"https:\/\/www.eldigitaldeasturias.com\/noticias#listItem","position":1,"name":"Home","item":"https:\/\/www.eldigitaldeasturias.com\/noticias","nextItem":{"@type":"ListItem","@id":"https:\/\/www.eldigitaldeasturias.com\/noticias\/category\/actualidad-asturias\/#listItem","name":"Actualidad Asturias"}},{"@type":"ListItem","@id":"https:\/\/www.eldigitaldeasturias.com\/noticias\/category\/actualidad-asturias\/#listItem","position":2,"name":"Actualidad Asturias","item":"https:\/\/www.eldigitaldeasturias.com\/noticias\/category\/actualidad-asturias\/","nextItem":{"@type":"ListItem","@id":"https:\/\/www.eldigitaldeasturias.com\/noticias\/javier-fernandez-cifra-en-266-millones-los-recursos-que-se-perderan-sin-presupuesto\/#listItem","name":"Javier Fern\u00e1ndez cifra en 266 millones los recursos que se perder\u00e1n sin presupuesto"},"previousItem":{"@type":"ListItem","@id":"https:\/\/www.eldigitaldeasturias.com\/noticias#listItem","name":"Home"}},{"@type":"ListItem","@id":"https:\/\/www.eldigitaldeasturias.com\/noticias\/javier-fernandez-cifra-en-266-millones-los-recursos-que-se-perderan-sin-presupuesto\/#listItem","position":3,"name":"Javier Fern\u00e1ndez cifra en 266 millones los recursos que se perder\u00e1n sin presupuesto","previousItem":{"@type":"ListItem","@id":"https:\/\/www.eldigitaldeasturias.com\/noticias\/category\/actualidad-asturias\/#listItem","name":"Actualidad Asturias"}}]},{"@type":"Organization","@id":"https:\/\/www.eldigitaldeasturias.com\/noticias\/#organization","name":"El Digital de Asturias","description":"Hemeroteca","url":"https:\/\/www.eldigitaldeasturias.com\/noticias\/","email":"info@eldigitaldeasturias.com","telephone":"+34652131393","logo":{"@type":"ImageObject","url":"https:\/\/www.eldigitaldeasturias.com\/noticias\/wp-content\/uploads\/2020\/12\/EDA.jpg","@id":"https:\/\/www.eldigitaldeasturias.com\/noticias\/javier-fernandez-cifra-en-266-millones-los-recursos-que-se-perderan-sin-presupuesto\/#organizationLogo"},"image":{"@id":"https:\/\/www.eldigitaldeasturias.com\/noticias\/javier-fernandez-cifra-en-266-millones-los-recursos-que-se-perderan-sin-presupuesto\/#organizationLogo"},"sameAs":["https:\/\/facebook.com\/eldigitaldeasturias","https:\/\/www.youtube.com\/channel\/UCZP-2wLEB9Rv6erhFmqVnvg"],"address":{"@id":"https:\/\/www.eldigitaldeasturias.com\/noticias\/#postaladdress","@type":"PostalAddress","streetAddress":"san antonio 4","postalCode":"33430","addressLocality":"Cand\u00e1s","addressRegion":"Asturias","addressCountry":"ES"}},{"@type":"Person","@id":"https:\/\/www.eldigitaldeasturias.com\/noticias\/author\/admin\/#author","url":"https:\/\/www.eldigitaldeasturias.com\/noticias\/author\/admin\/","name":"El Digital de Asturias","image":{"@type":"ImageObject","@id":"https:\/\/www.eldigitaldeasturias.com\/noticias\/javier-fernandez-cifra-en-266-millones-los-recursos-que-se-perderan-sin-presupuesto\/#authorImage","url":"https:\/\/secure.gravatar.com\/avatar\/df2aeffc32bcd13f8d26072ef8a91b623d677766deac7f97ca815868cd41bf5e?s=96&d=mm&r=g","width":96,"height":96,"caption":"El Digital de Asturias"}},{"@type":"WebPage","@id":"https:\/\/www.eldigitaldeasturias.com\/noticias\/javier-fernandez-cifra-en-266-millones-los-recursos-que-se-perderan-sin-presupuesto\/#webpage","url":"https:\/\/www.eldigitaldeasturias.com\/noticias\/javier-fernandez-cifra-en-266-millones-los-recursos-que-se-perderan-sin-presupuesto\/","name":"Javier Fern\u00e1ndez cifra en 266 millones los recursos que se perder\u00e1n sin presupuesto - El Digital de Asturias","description":"Oviedo, 10 dic (EFE).- El presidente del Principado, Javier Fern\u00e1ndez, ha cifrado en 266 millones de euros la p\u00e9rdida de recursos con los que contar\u00eda la comunidad asturiana el pr\u00f3ximo a\u00f1o si no se consigue aprobar un nuevo presupuesto y hay que ir a la pr\u00f3rroga del actual. Fern\u00e1ndez, que ha pronunciado hoy una conferencia","inLanguage":"es-ES","isPartOf":{"@id":"https:\/\/www.eldigitaldeasturias.com\/noticias\/#website"},"breadcrumb":{"@id":"https:\/\/www.eldigitaldeasturias.com\/noticias\/javier-fernandez-cifra-en-266-millones-los-recursos-que-se-perderan-sin-presupuesto\/#breadcrumblist"},"author":{"@id":"https:\/\/www.eldigitaldeasturias.com\/noticias\/author\/admin\/#author"},"creator":{"@id":"https:\/\/www.eldigitaldeasturias.com\/noticias\/author\/admin\/#author"},"image":{"@type":"ImageObject","url":460062,"@id":"https:\/\/www.eldigitaldeasturias.com\/noticias\/javier-fernandez-cifra-en-266-millones-los-recursos-que-se-perderan-sin-presupuesto\/#mainImage"},"primaryImageOfPage":{"@id":"https:\/\/www.eldigitaldeasturias.com\/noticias\/javier-fernandez-cifra-en-266-millones-los-recursos-que-se-perderan-sin-presupuesto\/#mainImage"},"datePublished":"2013-12-10T12:37:26+01:00","dateModified":"2013-12-10T12:37:26+01:00"},{"@type":"WebSite","@id":"https:\/\/www.eldigitaldeasturias.com\/noticias\/#website","url":"https:\/\/www.eldigitaldeasturias.com\/noticias\/","name":"El Digital de Asturias - Diario de actualidad y noticias","alternateName":"El Digital de Asturias - Diario de actualidad y noticias","description":"Hemeroteca","inLanguage":"es-ES","publisher":{"@id":"https:\/\/www.eldigitaldeasturias.com\/noticias\/#organization"}}]},"og:locale":"es_ES","og:site_name":"El Digital de Asturias","og:type":"article","og:title":"Javier Fern\u00e1ndez cifra en 266 millones los recursos que se perder\u00e1n sin presupuesto - El Digital de Asturias","og:description":"Oviedo, 10 dic (EFE).- El presidente del Principado, Javier Fern\u00e1ndez, ha cifrado en 266 millones de euros la p\u00e9rdida de recursos con los que contar\u00eda la comunidad asturiana el pr\u00f3ximo a\u00f1o si no se consigue aprobar un nuevo presupuesto y hay que ir a la pr\u00f3rroga del actual. Fern\u00e1ndez, que ha pronunciado hoy una conferencia","og:url":"https:\/\/www.eldigitaldeasturias.com\/noticias\/javier-fernandez-cifra-en-266-millones-los-recursos-que-se-perderan-sin-presupuesto\/","article:tag":["actualidad asturias"],"article:published_time":"2013-12-10T13:37:26+00:00","article:modified_time":"2013-12-10T13:37:26+00:00","article:publisher":"https:\/\/facebook.com\/eldigitaldeasturias","twitter:card":"summary_large_image","twitter:title":"Javier Fern\u00e1ndez cifra en 266 millones los recursos que se perder\u00e1n sin presupuesto - El Digital de Asturias","twitter:description":"Oviedo, 10 dic (EFE).- El presidente del Principado, Javier Fern\u00e1ndez, ha cifrado en 266 millones de euros la p\u00e9rdida de recursos con los que contar\u00eda la comunidad asturiana el pr\u00f3ximo a\u00f1o si no se consigue aprobar un nuevo presupuesto y hay que ir a la pr\u00f3rroga del actual. Fern\u00e1ndez, que ha pronunciado hoy una conferencia","twitter:label1":"Escrito por","twitter:data1":"El Digital de Asturias","twitter:label2":"Tiempo de lectura estimado","twitter:data2":"3 minutos"},"aioseo_meta_data":{"post_id":"460061","title":null,"description":null,"keywords":null,"keyphrases":null,"primary_term":null,"canonical_url":null,"og_title":null,"og_description":null,"og_object_type":"default","og_image_type":"default","og_image_url":null,"og_image_width":null,"og_image_height":null,"og_image_custom_url":null,"og_image_custom_fields":null,"og_video":null,"og_custom_url":null,"og_article_section":null,"og_article_tags":null,"twitter_use_og":true,"twitter_card":"default","twitter_image_type":"default","twitter_image_url":null,"twitter_image_custom_url":null,"twitter_image_custom_fields":null,"twitter_title":null,"twitter_description":null,"schema":{"blockGraphs":[],"customGraphs":[],"default":{"data":{"Article":[],"Course":[],"Dataset":[],"FAQPage":[],"Movie":[],"Person":[],"Product":[],"ProductReview":[],"Car":[],"Recipe":[],"Service":[],"SoftwareApplication":[],"WebPage":[]},"graphName":"","isEnabled":true},"graphs":[],"defaultGraph":"","defaultPostTypeGraph":""},"schema_type":null,"schema_type_options":null,"pillar_content":false,"robots_default":true,"robots_noindex":false,"robots_noarchive":false,"robots_nosnippet":false,"robots_nofollow":false,"robots_noimageindex":false,"robots_noodp":false,"robots_notranslate":false,"robots_max_snippet":null,"robots_max_videopreview":null,"robots_max_imagepreview":"none","priority":null,"frequency":null,"local_seo":null,"seo_analyzer_scan_date":"2026-05-30 11:35:03","breadcrumb_settings":null,"limit_modified_date":false,"open_ai":null,"ai":null,"created":"2020-11-14 22:47:42","updated":"2026-05-30 11:35:03","focus_keyword":null,"additional_keywords":null,"truseo_locale":null},"aioseo_breadcrumb":"<div class=\"aioseo-breadcrumbs\"><span class=\"aioseo-breadcrumb\">\n\t<a href=\"https:\/\/www.eldigitaldeasturias.com\/noticias\" title=\"Home\">Home<\/a>\n<\/span><span class=\"aioseo-breadcrumb-separator\">\u2013<\/span><span class=\"aioseo-breadcrumb\">\n\t<a href=\"https:\/\/www.eldigitaldeasturias.com\/noticias\/category\/actualidad-asturias\/\" title=\"Actualidad Asturias\">Actualidad Asturias<\/a>\n<\/span><span class=\"aioseo-breadcrumb-separator\">\u2013<\/span><span class=\"aioseo-breadcrumb\">\n\t<a href=\"https:\/\/www.eldigitaldeasturias.com\/noticias\/javier-fernandez-cifra-en-266-millones-los-recursos-que-se-perderan-sin-presupuesto\/\" title=\"Javier Fern\u00e1ndez cifra en 266 millones los recursos que se perder\u00e1n sin presupuesto\">Javier Fern\u00e1ndez cifra en 266 millones los recursos que se perder\u00e1n sin presupuesto<\/a>\n<\/span><\/div>","aioseo_breadcrumb_json":[{"label":"Home","link":"https:\/\/www.eldigitaldeasturias.com\/noticias"},{"label":"Actualidad Asturias","link":"https:\/\/www.eldigitaldeasturias.com\/noticias\/category\/actualidad-asturias\/"},{"label":"Javier Fern\u00e1ndez cifra en 266 millones los recursos que se perder\u00e1n sin presupuesto","link":"https:\/\/www.eldigitaldeasturias.com\/noticias\/javier-fernandez-cifra-en-266-millones-los-recursos-que-se-perderan-sin-presupuesto\/"}],"_links":{"self":[{"href":"https:\/\/www.eldigitaldeasturias.com\/noticias\/wp-json\/wp\/v2\/posts\/460061","targetHints":{"allow":["GET"]}}],"collection":[{"href":"https:\/\/www.eldigitaldeasturias.com\/noticias\/wp-json\/wp\/v2\/posts"}],"about":[{"href":"https:\/\/www.eldigitaldeasturias.com\/noticias\/wp-json\/wp\/v2\/types\/post"}],"author":[{"embeddable":true,"href":"https:\/\/www.eldigitaldeasturias.com\/noticias\/wp-json\/wp\/v2\/users\/1"}],"replies":[{"embeddable":true,"href":"https:\/\/www.eldigitaldeasturias.com\/noticias\/wp-json\/wp\/v2\/comments?post=460061"}],"version-history":[{"count":0,"href":"https:\/\/www.eldigitaldeasturias.com\/noticias\/wp-json\/wp\/v2\/posts\/460061\/revisions"}],"wp:attachment":[{"href":"https:\/\/www.eldigitaldeasturias.com\/noticias\/wp-json\/wp\/v2\/media?parent=460061"}],"wp:term":[{"taxonomy":"category","embeddable":true,"href":"https:\/\/www.eldigitaldeasturias.com\/noticias\/wp-json\/wp\/v2\/categories?post=460061"},{"taxonomy":"post_tag","embeddable":true,"href":"https:\/\/www.eldigitaldeasturias.com\/noticias\/wp-json\/wp\/v2\/tags?post=460061"}],"curies":[{"name":"wp","href":"https:\/\/api.w.org\/{rel}","templated":true}]}}