{"id":460052,"date":"2013-12-10T11:45:37","date_gmt":"2013-12-10T12:45:37","guid":{"rendered":"http:\/\/www.eldigitaldeasturias.com\/noticias\/?p=460052"},"modified":"2013-12-10T11:45:37","modified_gmt":"2013-12-10T12:45:37","slug":"novedades-motor-semanales-audi-hyundai-y-lexus-son-noticia","status":"publish","type":"post","link":"https:\/\/www.eldigitaldeasturias.com\/noticias\/novedades-motor-semanales-audi-hyundai-y-lexus-son-noticia\/","title":{"rendered":"Novedades motor semanales, Audi, Hyundai y Lexus son noticia."},"content":{"rendered":"<p><img loading=\"lazy\" decoding=\"async\" class=\"alignleft size-medium wp-image-460053\" alt=\"Audi gibt Vorgeschmack auf n\u00e4chsten TT\" src=\"https:\/\/www.eldigitaldeasturias.com\/noticias\/wp-content\/uploads\/2013\/12\/BREVES_DPA_AUTOS_36606238-360x254.jpg\" width=\"360\" height=\"254\" \/>(dpa) &#8211; El Audi TT tendr\u00e1 una nueva generaci\u00f3n el pr\u00f3ximo verano (boreal) y el prototipo del que tomar\u00e1 muchos detalles formales el deportivo ser\u00e1 presentado en enero en el Sal\u00f3n del Autom\u00f3vil de Detroit.<\/p>\n<p>A diferencia del TT, el modelo de Detroit, que no tiene a\u00fan nombre, no ser\u00e1 ni coup\u00e9 ni roadster, sino un modelo crossover de dos puertas con mucha distancia al suelo. Seg\u00fan Audi, la parrilla \u00absingle frame\u00bb y las l\u00edneas m\u00e1s carcadas en los laterales deben dar una idea del modelo que se producir\u00e1 en serie.<\/p>\n<p>Lo que es seguro es que el pr\u00f3ximo TT usar\u00e1 el sistema de construcci\u00f3n por m\u00f3dulos de Volkswagen, por lo que tendr\u00e1 una paleta de motores similar a la del Golf.<\/p>\n<p><strong><em>HYUNDAI GRAND SANTA FE:\u00a0 SUV PARA SIETE<\/em><\/strong><\/p>\n<p>Hyundai ofrece por primera vez su SUV insignia, el Santa Fe, en versi\u00f3n larga con siete asientos.<\/p>\n<p>El Grand Santa Fe medir\u00e1 4,91 metros y supera al modelo est\u00e1ndar en 22 cent\u00edmetros, anunci\u00f3 la firma surcoreana. La nueva variante de carrocer\u00eda permite seis o siete pasajeros. La tercera fila de asientos con dos plazas se puede esconder completamente para ganar espacio en el maletero.<\/p>\n<p>El Grand Santa Fe tendr\u00e1 como motor uno de 2,2 litros y 197\u00a0 caballos con cambio autom\u00e1tico de seis marchas y tracci\u00f3n a las cuatro ruedas. El consumo normal es de 7,6 litros a los 100 km (Emisiones de CO2 de 199 g\/km).<\/p>\n<p><strong><em>LEXUS PLANEA SU PROPIO MODELO CON PILAS DE COMBUSTIBLE<\/em><\/strong><\/p>\n<p>Lexus quiere usar el \u00abknow-how\u00bb de la matriz Toyota para sacar al mercado su propio veh\u00edculo con pila de combustible, seg\u00fan explic\u00f3 en un evento de la firma en Barcelona Hideki Watanabe, ingeniero jefe para las l\u00edneas GS y LS.<\/p>\n<p>Sin embargo, Watanabe no s\u00f3lo conf\u00eda en el trabajo conjunto con los colegas de Toyota, que para 2015 quieren ofrecer ya un veh\u00edculo que a trav\u00e9s del hidr\u00f3geno genere corriente para un motor el\u00e9ctrico. \u00abTambi\u00e9n queremos usar nuestra cooperaci\u00f3n con BMW\u00bb, asegur\u00f3 sin anunciar en qu\u00e9 modelos se implementar\u00eda la pila de combustible ni cu\u00e1ndo ser\u00e1 realidad.<\/p>\n","protected":false},"excerpt":{"rendered":"<p>(dpa) &#8211; El Audi TT tendr\u00e1 una nueva generaci\u00f3n el pr\u00f3ximo verano (boreal) y el prototipo del que tomar\u00e1 muchos detalles formales el deportivo ser\u00e1 presentado en enero en el Sal\u00f3n del Autom\u00f3vil de Detroit. A diferencia del TT, el modelo de Detroit, que no tiene a\u00fan nombre, no ser\u00e1 ni coup\u00e9 ni roadster, sino [&hellip;]<\/p>\n","protected":false},"author":1,"featured_media":460053,"comment_status":"closed","ping_status":"open","sticky":false,"template":"","format":"standard","meta":{"footnotes":""},"categories":[50],"tags":[],"class_list":["post-460052","post","type-post","status-publish","format-standard","has-post-thumbnail","hentry","category-revista-de-ocio"],"aioseo_notices":[],"aioseo_head":"\n\t\t<!-- All in One SEO Pro 5.0.1 - aioseo.com -->\n\t<meta name=\"description\" content=\"(dpa) - El Audi TT tendr\u00e1 una nueva generaci\u00f3n el pr\u00f3ximo verano (boreal) y el prototipo del que tomar\u00e1 muchos detalles formales el deportivo ser\u00e1 presentado en enero en el Sal\u00f3n del Autom\u00f3vil de Detroit. A diferencia del TT, el modelo de Detroit, que no tiene a\u00fan nombre, no ser\u00e1 ni coup\u00e9 ni roadster, sino\" \/>\n\t<meta name=\"robots\" content=\"max-image-preview:large\" \/>\n\t<meta name=\"author\" content=\"El Digital de Asturias\"\/>\n\t<meta name=\"google-site-verification\" content=\"UA-38556648-1\" \/>\n\t<meta name=\"msvalidate.01\" content=\"7dfe9f3f1b24437ab69f4f2559babe99\" \/>\n\t<meta name=\"keywords\" content=\"revista de ocio\" \/>\n\t<link rel=\"canonical\" href=\"https:\/\/www.eldigitaldeasturias.com\/noticias\/novedades-motor-semanales-audi-hyundai-y-lexus-son-noticia\/\" \/>\n\t<meta name=\"generator\" content=\"All in One SEO Pro (AIOSEO) 5.0.1\" \/>\n\t\t<meta property=\"og:locale\" content=\"es_ES\" \/>\n\t\t<meta property=\"og:site_name\" content=\"El Digital de Asturias\" \/>\n\t\t<meta property=\"og:type\" content=\"article\" \/>\n\t\t<meta property=\"og:title\" content=\"Novedades motor semanales, Audi, Hyundai y Lexus son noticia. - El Digital de Asturias\" \/>\n\t\t<meta property=\"og:description\" content=\"(dpa) - El Audi TT tendr\u00e1 una nueva generaci\u00f3n el pr\u00f3ximo verano (boreal) y el prototipo del que tomar\u00e1 muchos detalles formales el deportivo ser\u00e1 presentado en enero en el Sal\u00f3n del Autom\u00f3vil de Detroit. A diferencia del TT, el modelo de Detroit, que no tiene a\u00fan nombre, no ser\u00e1 ni coup\u00e9 ni roadster, sino\" \/>\n\t\t<meta property=\"og:url\" content=\"https:\/\/www.eldigitaldeasturias.com\/noticias\/novedades-motor-semanales-audi-hyundai-y-lexus-son-noticia\/\" \/>\n\t\t<meta property=\"article:tag\" content=\"revista de ocio\" \/>\n\t\t<meta property=\"article:published_time\" content=\"2013-12-10T12:45:37+00:00\" \/>\n\t\t<meta property=\"article:modified_time\" content=\"2013-12-10T12:45:37+00:00\" \/>\n\t\t<meta property=\"article:publisher\" content=\"https:\/\/facebook.com\/eldigitaldeasturias\" \/>\n\t\t<meta name=\"twitter:card\" content=\"summary_large_image\" \/>\n\t\t<meta name=\"twitter:title\" content=\"Novedades motor semanales, Audi, Hyundai y Lexus son noticia. - El Digital de Asturias\" \/>\n\t\t<meta name=\"twitter:description\" content=\"(dpa) - El Audi TT tendr\u00e1 una nueva generaci\u00f3n el pr\u00f3ximo verano (boreal) y el prototipo del que tomar\u00e1 muchos detalles formales el deportivo ser\u00e1 presentado en enero en el Sal\u00f3n del Autom\u00f3vil de Detroit. A diferencia del TT, el modelo de Detroit, que no tiene a\u00fan nombre, no ser\u00e1 ni coup\u00e9 ni roadster, sino\" \/>\n\t\t<meta name=\"twitter:label1\" content=\"Escrito por\" \/>\n\t\t<meta name=\"twitter:data1\" content=\"El Digital de Asturias\" \/>\n\t\t<meta name=\"twitter:label2\" content=\"Tiempo de lectura estimado\" \/>\n\t\t<meta name=\"twitter:data2\" content=\"2 minutos\" \/>\n\t\t<script type=\"application\/ld+json\" class=\"aioseo-schema\">\n\t\t\t{\"@context\":\"https:\\\/\\\/schema.org\",\"@graph\":[{\"@type\":\"BlogPosting\",\"@id\":\"https:\\\/\\\/www.eldigitaldeasturias.com\\\/noticias\\\/novedades-motor-semanales-audi-hyundai-y-lexus-son-noticia\\\/#blogposting\",\"name\":\"Novedades motor semanales, Audi, Hyundai y Lexus son noticia. - El Digital de Asturias\",\"headline\":\"Novedades motor semanales, Audi, Hyundai y Lexus son noticia.\",\"author\":{\"@id\":\"https:\\\/\\\/www.eldigitaldeasturias.com\\\/noticias\\\/author\\\/admin\\\/#author\"},\"publisher\":{\"@id\":\"https:\\\/\\\/www.eldigitaldeasturias.com\\\/noticias\\\/#organization\"},\"image\":{\"@type\":\"ImageObject\",\"url\":460053},\"datePublished\":\"2013-12-10T11:45:37+01:00\",\"dateModified\":\"2013-12-10T11:45:37+01:00\",\"inLanguage\":\"es-ES\",\"mainEntityOfPage\":{\"@id\":\"https:\\\/\\\/www.eldigitaldeasturias.com\\\/noticias\\\/novedades-motor-semanales-audi-hyundai-y-lexus-son-noticia\\\/#webpage\"},\"isPartOf\":{\"@id\":\"https:\\\/\\\/www.eldigitaldeasturias.com\\\/noticias\\\/novedades-motor-semanales-audi-hyundai-y-lexus-son-noticia\\\/#webpage\"},\"articleSection\":\"Revista de Ocio\"},{\"@type\":\"BreadcrumbList\",\"@id\":\"https:\\\/\\\/www.eldigitaldeasturias.com\\\/noticias\\\/novedades-motor-semanales-audi-hyundai-y-lexus-son-noticia\\\/#breadcrumblist\",\"itemListElement\":[{\"@type\":\"ListItem\",\"@id\":\"https:\\\/\\\/www.eldigitaldeasturias.com\\\/noticias#listItem\",\"position\":1,\"name\":\"Home\",\"item\":\"https:\\\/\\\/www.eldigitaldeasturias.com\\\/noticias\",\"nextItem\":{\"@type\":\"ListItem\",\"@id\":\"https:\\\/\\\/www.eldigitaldeasturias.com\\\/noticias\\\/category\\\/revista-de-ocio\\\/#listItem\",\"name\":\"Revista de Ocio\"}},{\"@type\":\"ListItem\",\"@id\":\"https:\\\/\\\/www.eldigitaldeasturias.com\\\/noticias\\\/category\\\/revista-de-ocio\\\/#listItem\",\"position\":2,\"name\":\"Revista de Ocio\",\"item\":\"https:\\\/\\\/www.eldigitaldeasturias.com\\\/noticias\\\/category\\\/revista-de-ocio\\\/\",\"nextItem\":{\"@type\":\"ListItem\",\"@id\":\"https:\\\/\\\/www.eldigitaldeasturias.com\\\/noticias\\\/novedades-motor-semanales-audi-hyundai-y-lexus-son-noticia\\\/#listItem\",\"name\":\"Novedades motor semanales, Audi, Hyundai y Lexus son noticia.\"},\"previousItem\":{\"@type\":\"ListItem\",\"@id\":\"https:\\\/\\\/www.eldigitaldeasturias.com\\\/noticias#listItem\",\"name\":\"Home\"}},{\"@type\":\"ListItem\",\"@id\":\"https:\\\/\\\/www.eldigitaldeasturias.com\\\/noticias\\\/novedades-motor-semanales-audi-hyundai-y-lexus-son-noticia\\\/#listItem\",\"position\":3,\"name\":\"Novedades motor semanales, Audi, Hyundai y Lexus son noticia.\",\"previousItem\":{\"@type\":\"ListItem\",\"@id\":\"https:\\\/\\\/www.eldigitaldeasturias.com\\\/noticias\\\/category\\\/revista-de-ocio\\\/#listItem\",\"name\":\"Revista de Ocio\"}}]},{\"@type\":\"Organization\",\"@id\":\"https:\\\/\\\/www.eldigitaldeasturias.com\\\/noticias\\\/#organization\",\"name\":\"El Digital de Asturias\",\"description\":\"Hemeroteca\",\"url\":\"https:\\\/\\\/www.eldigitaldeasturias.com\\\/noticias\\\/\",\"email\":\"info@eldigitaldeasturias.com\",\"telephone\":\"+34652131393\",\"logo\":{\"@type\":\"ImageObject\",\"url\":\"https:\\\/\\\/www.eldigitaldeasturias.com\\\/noticias\\\/wp-content\\\/uploads\\\/2020\\\/12\\\/EDA.jpg\",\"@id\":\"https:\\\/\\\/www.eldigitaldeasturias.com\\\/noticias\\\/novedades-motor-semanales-audi-hyundai-y-lexus-son-noticia\\\/#organizationLogo\"},\"image\":{\"@id\":\"https:\\\/\\\/www.eldigitaldeasturias.com\\\/noticias\\\/novedades-motor-semanales-audi-hyundai-y-lexus-son-noticia\\\/#organizationLogo\"},\"sameAs\":[\"https:\\\/\\\/facebook.com\\\/eldigitaldeasturias\",\"https:\\\/\\\/www.youtube.com\\\/channel\\\/UCZP-2wLEB9Rv6erhFmqVnvg\"],\"address\":{\"@id\":\"https:\\\/\\\/www.eldigitaldeasturias.com\\\/noticias\\\/#postaladdress\",\"@type\":\"PostalAddress\",\"streetAddress\":\"san antonio 4\",\"postalCode\":\"33430\",\"addressLocality\":\"Cand\\u00e1s\",\"addressRegion\":\"Asturias\",\"addressCountry\":\"ES\"}},{\"@type\":\"Person\",\"@id\":\"https:\\\/\\\/www.eldigitaldeasturias.com\\\/noticias\\\/author\\\/admin\\\/#author\",\"url\":\"https:\\\/\\\/www.eldigitaldeasturias.com\\\/noticias\\\/author\\\/admin\\\/\",\"name\":\"El Digital de Asturias\",\"image\":{\"@type\":\"ImageObject\",\"@id\":\"https:\\\/\\\/www.eldigitaldeasturias.com\\\/noticias\\\/novedades-motor-semanales-audi-hyundai-y-lexus-son-noticia\\\/#authorImage\",\"url\":\"https:\\\/\\\/secure.gravatar.com\\\/avatar\\\/df2aeffc32bcd13f8d26072ef8a91b623d677766deac7f97ca815868cd41bf5e?s=96&d=mm&r=g\",\"width\":96,\"height\":96,\"caption\":\"El Digital de Asturias\"}},{\"@type\":\"WebPage\",\"@id\":\"https:\\\/\\\/www.eldigitaldeasturias.com\\\/noticias\\\/novedades-motor-semanales-audi-hyundai-y-lexus-son-noticia\\\/#webpage\",\"url\":\"https:\\\/\\\/www.eldigitaldeasturias.com\\\/noticias\\\/novedades-motor-semanales-audi-hyundai-y-lexus-son-noticia\\\/\",\"name\":\"Novedades motor semanales, Audi, Hyundai y Lexus son noticia. - El Digital de Asturias\",\"description\":\"(dpa) - El Audi TT tendr\\u00e1 una nueva generaci\\u00f3n el pr\\u00f3ximo verano (boreal) y el prototipo del que tomar\\u00e1 muchos detalles formales el deportivo ser\\u00e1 presentado en enero en el Sal\\u00f3n del Autom\\u00f3vil de Detroit. A diferencia del TT, el modelo de Detroit, que no tiene a\\u00fan nombre, no ser\\u00e1 ni coup\\u00e9 ni roadster, sino\",\"inLanguage\":\"es-ES\",\"isPartOf\":{\"@id\":\"https:\\\/\\\/www.eldigitaldeasturias.com\\\/noticias\\\/#website\"},\"breadcrumb\":{\"@id\":\"https:\\\/\\\/www.eldigitaldeasturias.com\\\/noticias\\\/novedades-motor-semanales-audi-hyundai-y-lexus-son-noticia\\\/#breadcrumblist\"},\"author\":{\"@id\":\"https:\\\/\\\/www.eldigitaldeasturias.com\\\/noticias\\\/author\\\/admin\\\/#author\"},\"creator\":{\"@id\":\"https:\\\/\\\/www.eldigitaldeasturias.com\\\/noticias\\\/author\\\/admin\\\/#author\"},\"image\":{\"@type\":\"ImageObject\",\"url\":460053,\"@id\":\"https:\\\/\\\/www.eldigitaldeasturias.com\\\/noticias\\\/novedades-motor-semanales-audi-hyundai-y-lexus-son-noticia\\\/#mainImage\"},\"primaryImageOfPage\":{\"@id\":\"https:\\\/\\\/www.eldigitaldeasturias.com\\\/noticias\\\/novedades-motor-semanales-audi-hyundai-y-lexus-son-noticia\\\/#mainImage\"},\"datePublished\":\"2013-12-10T11:45:37+01:00\",\"dateModified\":\"2013-12-10T11:45:37+01:00\"},{\"@type\":\"WebSite\",\"@id\":\"https:\\\/\\\/www.eldigitaldeasturias.com\\\/noticias\\\/#website\",\"url\":\"https:\\\/\\\/www.eldigitaldeasturias.com\\\/noticias\\\/\",\"name\":\"El Digital de Asturias - Diario de actualidad y noticias\",\"alternateName\":\"El Digital de Asturias - Diario de actualidad y noticias\",\"description\":\"Hemeroteca\",\"inLanguage\":\"es-ES\",\"publisher\":{\"@id\":\"https:\\\/\\\/www.eldigitaldeasturias.com\\\/noticias\\\/#organization\"}}]}\n\t\t<\/script>\n\t\t<!-- All in One SEO Pro -->\r\n\t\t<title>Novedades motor semanales, Audi, Hyundai y Lexus son noticia. - El Digital de Asturias<\/title>\n\n","aioseo_head_json":{"title":"Novedades motor semanales, Audi, Hyundai y Lexus son noticia. - El Digital de Asturias","description":"(dpa) - El Audi TT tendr\u00e1 una nueva generaci\u00f3n el pr\u00f3ximo verano (boreal) y el prototipo del que tomar\u00e1 muchos detalles formales el deportivo ser\u00e1 presentado en enero en el Sal\u00f3n del Autom\u00f3vil de Detroit. A diferencia del TT, el modelo de Detroit, que no tiene a\u00fan nombre, no ser\u00e1 ni coup\u00e9 ni roadster, sino","canonical_url":"https:\/\/www.eldigitaldeasturias.com\/noticias\/novedades-motor-semanales-audi-hyundai-y-lexus-son-noticia\/","robots":"max-image-preview:large","keywords":"revista de ocio","webmasterTools":{"google-site-verification":"UA-38556648-1","msvalidate.01":"7dfe9f3f1b24437ab69f4f2559babe99","miscellaneous":""},"schema":{"@context":"https:\/\/schema.org","@graph":[{"@type":"BlogPosting","@id":"https:\/\/www.eldigitaldeasturias.com\/noticias\/novedades-motor-semanales-audi-hyundai-y-lexus-son-noticia\/#blogposting","name":"Novedades motor semanales, Audi, Hyundai y Lexus son noticia. - El Digital de Asturias","headline":"Novedades motor semanales, Audi, Hyundai y Lexus son noticia.","author":{"@id":"https:\/\/www.eldigitaldeasturias.com\/noticias\/author\/admin\/#author"},"publisher":{"@id":"https:\/\/www.eldigitaldeasturias.com\/noticias\/#organization"},"image":{"@type":"ImageObject","url":460053},"datePublished":"2013-12-10T11:45:37+01:00","dateModified":"2013-12-10T11:45:37+01:00","inLanguage":"es-ES","mainEntityOfPage":{"@id":"https:\/\/www.eldigitaldeasturias.com\/noticias\/novedades-motor-semanales-audi-hyundai-y-lexus-son-noticia\/#webpage"},"isPartOf":{"@id":"https:\/\/www.eldigitaldeasturias.com\/noticias\/novedades-motor-semanales-audi-hyundai-y-lexus-son-noticia\/#webpage"},"articleSection":"Revista de Ocio"},{"@type":"BreadcrumbList","@id":"https:\/\/www.eldigitaldeasturias.com\/noticias\/novedades-motor-semanales-audi-hyundai-y-lexus-son-noticia\/#breadcrumblist","itemListElement":[{"@type":"ListItem","@id":"https:\/\/www.eldigitaldeasturias.com\/noticias#listItem","position":1,"name":"Home","item":"https:\/\/www.eldigitaldeasturias.com\/noticias","nextItem":{"@type":"ListItem","@id":"https:\/\/www.eldigitaldeasturias.com\/noticias\/category\/revista-de-ocio\/#listItem","name":"Revista de Ocio"}},{"@type":"ListItem","@id":"https:\/\/www.eldigitaldeasturias.com\/noticias\/category\/revista-de-ocio\/#listItem","position":2,"name":"Revista de Ocio","item":"https:\/\/www.eldigitaldeasturias.com\/noticias\/category\/revista-de-ocio\/","nextItem":{"@type":"ListItem","@id":"https:\/\/www.eldigitaldeasturias.com\/noticias\/novedades-motor-semanales-audi-hyundai-y-lexus-son-noticia\/#listItem","name":"Novedades motor semanales, Audi, Hyundai y Lexus son noticia."},"previousItem":{"@type":"ListItem","@id":"https:\/\/www.eldigitaldeasturias.com\/noticias#listItem","name":"Home"}},{"@type":"ListItem","@id":"https:\/\/www.eldigitaldeasturias.com\/noticias\/novedades-motor-semanales-audi-hyundai-y-lexus-son-noticia\/#listItem","position":3,"name":"Novedades motor semanales, Audi, Hyundai y Lexus son noticia.","previousItem":{"@type":"ListItem","@id":"https:\/\/www.eldigitaldeasturias.com\/noticias\/category\/revista-de-ocio\/#listItem","name":"Revista de Ocio"}}]},{"@type":"Organization","@id":"https:\/\/www.eldigitaldeasturias.com\/noticias\/#organization","name":"El Digital de Asturias","description":"Hemeroteca","url":"https:\/\/www.eldigitaldeasturias.com\/noticias\/","email":"info@eldigitaldeasturias.com","telephone":"+34652131393","logo":{"@type":"ImageObject","url":"https:\/\/www.eldigitaldeasturias.com\/noticias\/wp-content\/uploads\/2020\/12\/EDA.jpg","@id":"https:\/\/www.eldigitaldeasturias.com\/noticias\/novedades-motor-semanales-audi-hyundai-y-lexus-son-noticia\/#organizationLogo"},"image":{"@id":"https:\/\/www.eldigitaldeasturias.com\/noticias\/novedades-motor-semanales-audi-hyundai-y-lexus-son-noticia\/#organizationLogo"},"sameAs":["https:\/\/facebook.com\/eldigitaldeasturias","https:\/\/www.youtube.com\/channel\/UCZP-2wLEB9Rv6erhFmqVnvg"],"address":{"@id":"https:\/\/www.eldigitaldeasturias.com\/noticias\/#postaladdress","@type":"PostalAddress","streetAddress":"san antonio 4","postalCode":"33430","addressLocality":"Cand\u00e1s","addressRegion":"Asturias","addressCountry":"ES"}},{"@type":"Person","@id":"https:\/\/www.eldigitaldeasturias.com\/noticias\/author\/admin\/#author","url":"https:\/\/www.eldigitaldeasturias.com\/noticias\/author\/admin\/","name":"El Digital de Asturias","image":{"@type":"ImageObject","@id":"https:\/\/www.eldigitaldeasturias.com\/noticias\/novedades-motor-semanales-audi-hyundai-y-lexus-son-noticia\/#authorImage","url":"https:\/\/secure.gravatar.com\/avatar\/df2aeffc32bcd13f8d26072ef8a91b623d677766deac7f97ca815868cd41bf5e?s=96&d=mm&r=g","width":96,"height":96,"caption":"El Digital de Asturias"}},{"@type":"WebPage","@id":"https:\/\/www.eldigitaldeasturias.com\/noticias\/novedades-motor-semanales-audi-hyundai-y-lexus-son-noticia\/#webpage","url":"https:\/\/www.eldigitaldeasturias.com\/noticias\/novedades-motor-semanales-audi-hyundai-y-lexus-son-noticia\/","name":"Novedades motor semanales, Audi, Hyundai y Lexus son noticia. - El Digital de Asturias","description":"(dpa) - El Audi TT tendr\u00e1 una nueva generaci\u00f3n el pr\u00f3ximo verano (boreal) y el prototipo del que tomar\u00e1 muchos detalles formales el deportivo ser\u00e1 presentado en enero en el Sal\u00f3n del Autom\u00f3vil de Detroit. A diferencia del TT, el modelo de Detroit, que no tiene a\u00fan nombre, no ser\u00e1 ni coup\u00e9 ni roadster, sino","inLanguage":"es-ES","isPartOf":{"@id":"https:\/\/www.eldigitaldeasturias.com\/noticias\/#website"},"breadcrumb":{"@id":"https:\/\/www.eldigitaldeasturias.com\/noticias\/novedades-motor-semanales-audi-hyundai-y-lexus-son-noticia\/#breadcrumblist"},"author":{"@id":"https:\/\/www.eldigitaldeasturias.com\/noticias\/author\/admin\/#author"},"creator":{"@id":"https:\/\/www.eldigitaldeasturias.com\/noticias\/author\/admin\/#author"},"image":{"@type":"ImageObject","url":460053,"@id":"https:\/\/www.eldigitaldeasturias.com\/noticias\/novedades-motor-semanales-audi-hyundai-y-lexus-son-noticia\/#mainImage"},"primaryImageOfPage":{"@id":"https:\/\/www.eldigitaldeasturias.com\/noticias\/novedades-motor-semanales-audi-hyundai-y-lexus-son-noticia\/#mainImage"},"datePublished":"2013-12-10T11:45:37+01:00","dateModified":"2013-12-10T11:45:37+01:00"},{"@type":"WebSite","@id":"https:\/\/www.eldigitaldeasturias.com\/noticias\/#website","url":"https:\/\/www.eldigitaldeasturias.com\/noticias\/","name":"El Digital de Asturias - Diario de actualidad y noticias","alternateName":"El Digital de Asturias - Diario de actualidad y noticias","description":"Hemeroteca","inLanguage":"es-ES","publisher":{"@id":"https:\/\/www.eldigitaldeasturias.com\/noticias\/#organization"}}]},"og:locale":"es_ES","og:site_name":"El Digital de Asturias","og:type":"article","og:title":"Novedades motor semanales, Audi, Hyundai y Lexus son noticia. - El Digital de Asturias","og:description":"(dpa) - El Audi TT tendr\u00e1 una nueva generaci\u00f3n el pr\u00f3ximo verano (boreal) y el prototipo del que tomar\u00e1 muchos detalles formales el deportivo ser\u00e1 presentado en enero en el Sal\u00f3n del Autom\u00f3vil de Detroit. A diferencia del TT, el modelo de Detroit, que no tiene a\u00fan nombre, no ser\u00e1 ni coup\u00e9 ni roadster, sino","og:url":"https:\/\/www.eldigitaldeasturias.com\/noticias\/novedades-motor-semanales-audi-hyundai-y-lexus-son-noticia\/","article:tag":["revista de ocio"],"article:published_time":"2013-12-10T12:45:37+00:00","article:modified_time":"2013-12-10T12:45:37+00:00","article:publisher":"https:\/\/facebook.com\/eldigitaldeasturias","twitter:card":"summary_large_image","twitter:title":"Novedades motor semanales, Audi, Hyundai y Lexus son noticia. - El Digital de Asturias","twitter:description":"(dpa) - El Audi TT tendr\u00e1 una nueva generaci\u00f3n el pr\u00f3ximo verano (boreal) y el prototipo del que tomar\u00e1 muchos detalles formales el deportivo ser\u00e1 presentado en enero en el Sal\u00f3n del Autom\u00f3vil de Detroit. A diferencia del TT, el modelo de Detroit, que no tiene a\u00fan nombre, no ser\u00e1 ni coup\u00e9 ni roadster, sino","twitter:label1":"Escrito por","twitter:data1":"El Digital de Asturias","twitter:label2":"Tiempo de lectura estimado","twitter:data2":"2 minutos"},"aioseo_meta_data":{"post_id":"460052","title":null,"description":null,"keywords":null,"keyphrases":null,"primary_term":null,"canonical_url":null,"og_title":null,"og_description":null,"og_object_type":"default","og_image_type":"default","og_image_url":null,"og_image_width":null,"og_image_height":null,"og_image_custom_url":null,"og_image_custom_fields":null,"og_video":null,"og_custom_url":null,"og_article_section":null,"og_article_tags":null,"twitter_use_og":true,"twitter_card":"default","twitter_image_type":"default","twitter_image_url":null,"twitter_image_custom_url":null,"twitter_image_custom_fields":null,"twitter_title":null,"twitter_description":null,"schema":{"blockGraphs":[],"customGraphs":[],"default":{"data":{"Article":[],"Course":[],"Dataset":[],"FAQPage":[],"Movie":[],"Person":[],"Product":[],"ProductReview":[],"Car":[],"Recipe":[],"Service":[],"SoftwareApplication":[],"WebPage":[]},"graphName":"","isEnabled":true},"graphs":[],"defaultGraph":"","defaultPostTypeGraph":""},"schema_type":null,"schema_type_options":null,"pillar_content":false,"robots_default":true,"robots_noindex":false,"robots_noarchive":false,"robots_nosnippet":false,"robots_nofollow":false,"robots_noimageindex":false,"robots_noodp":false,"robots_notranslate":false,"robots_max_snippet":null,"robots_max_videopreview":null,"robots_max_imagepreview":"none","priority":null,"frequency":null,"local_seo":null,"seo_analyzer_scan_date":"2026-05-30 11:32:55","breadcrumb_settings":null,"limit_modified_date":false,"open_ai":null,"ai":null,"created":"2020-11-14 22:47:42","updated":"2026-05-30 11:32:55","focus_keyword":null,"additional_keywords":null,"truseo_locale":null},"aioseo_breadcrumb":"<div class=\"aioseo-breadcrumbs\"><span class=\"aioseo-breadcrumb\">\n\t<a href=\"https:\/\/www.eldigitaldeasturias.com\/noticias\" title=\"Home\">Home<\/a>\n<\/span><span class=\"aioseo-breadcrumb-separator\">\u2013<\/span><span class=\"aioseo-breadcrumb\">\n\t<a href=\"https:\/\/www.eldigitaldeasturias.com\/noticias\/category\/revista-de-ocio\/\" title=\"Revista de Ocio\">Revista de Ocio<\/a>\n<\/span><span class=\"aioseo-breadcrumb-separator\">\u2013<\/span><span class=\"aioseo-breadcrumb\">\n\t<a href=\"https:\/\/www.eldigitaldeasturias.com\/noticias\/novedades-motor-semanales-audi-hyundai-y-lexus-son-noticia\/\" title=\"Novedades motor semanales, Audi, Hyundai y Lexus son noticia.\">Novedades motor semanales, Audi, Hyundai y Lexus son noticia.<\/a>\n<\/span><\/div>","aioseo_breadcrumb_json":[{"label":"Home","link":"https:\/\/www.eldigitaldeasturias.com\/noticias"},{"label":"Revista de Ocio","link":"https:\/\/www.eldigitaldeasturias.com\/noticias\/category\/revista-de-ocio\/"},{"label":"Novedades motor semanales, Audi, Hyundai y Lexus son noticia.","link":"https:\/\/www.eldigitaldeasturias.com\/noticias\/novedades-motor-semanales-audi-hyundai-y-lexus-son-noticia\/"}],"_links":{"self":[{"href":"https:\/\/www.eldigitaldeasturias.com\/noticias\/wp-json\/wp\/v2\/posts\/460052","targetHints":{"allow":["GET"]}}],"collection":[{"href":"https:\/\/www.eldigitaldeasturias.com\/noticias\/wp-json\/wp\/v2\/posts"}],"about":[{"href":"https:\/\/www.eldigitaldeasturias.com\/noticias\/wp-json\/wp\/v2\/types\/post"}],"author":[{"embeddable":true,"href":"https:\/\/www.eldigitaldeasturias.com\/noticias\/wp-json\/wp\/v2\/users\/1"}],"replies":[{"embeddable":true,"href":"https:\/\/www.eldigitaldeasturias.com\/noticias\/wp-json\/wp\/v2\/comments?post=460052"}],"version-history":[{"count":0,"href":"https:\/\/www.eldigitaldeasturias.com\/noticias\/wp-json\/wp\/v2\/posts\/460052\/revisions"}],"wp:attachment":[{"href":"https:\/\/www.eldigitaldeasturias.com\/noticias\/wp-json\/wp\/v2\/media?parent=460052"}],"wp:term":[{"taxonomy":"category","embeddable":true,"href":"https:\/\/www.eldigitaldeasturias.com\/noticias\/wp-json\/wp\/v2\/categories?post=460052"},{"taxonomy":"post_tag","embeddable":true,"href":"https:\/\/www.eldigitaldeasturias.com\/noticias\/wp-json\/wp\/v2\/tags?post=460052"}],"curies":[{"name":"wp","href":"https:\/\/api.w.org\/{rel}","templated":true}]}}