{"id":460040,"date":"2013-12-10T10:56:00","date_gmt":"2013-12-10T11:56:00","guid":{"rendered":"http:\/\/www.eldigitaldeasturias.com\/noticias\/?p=460040"},"modified":"2013-12-10T10:56:00","modified_gmt":"2013-12-10T11:56:00","slug":"el-gobierno-de-asturias-abre-sus-comparecencias-en-la-junta-apelando-al-dialogo","status":"publish","type":"post","link":"https:\/\/www.eldigitaldeasturias.com\/noticias\/el-gobierno-de-asturias-abre-sus-comparecencias-en-la-junta-apelando-al-dialogo\/","title":{"rendered":"El Gobierno de Asturias abre sus comparecencias en la Junta apelando al di\u00e1logo"},"content":{"rendered":"<p><img loading=\"lazy\" decoding=\"async\" class=\"alignleft size-medium wp-image-444453\" alt=\"2013_11_06 Consejero Presidencia JGPA 1\" src=\"https:\/\/www.eldigitaldeasturias.com\/noticias\/wp-content\/uploads\/2013\/11\/2013_11_06-Consejero-Presidencia-JGPA-1-243x320.jpg\" width=\"243\" height=\"320\" \/>Oviedo, 10 dic (EFE).- El Gobierno regional ha abierto hoy su ronda de comparecencias ante la Comisi\u00f3n de Hacienda de la Junta General para explicar su proyecto de presupuestos para 2014 con un llamamiento al di\u00e1logo a los grupos de oposici\u00f3n para lograr la aprobaci\u00f3n de las cuentas p\u00fablicas del pr\u00f3ximo ejercicio.<\/p>\n<p>El consejero de Presidencia, Guillermo Mart\u00ednez, ha sido el primero en acudir al Parlamento para informar del contenido del presupuesto de su departamento, que al que el proyecto prev\u00e9 destinar 97,3 millones de euros frente a los 91,6 de 2013.<\/p>\n<p>Seg\u00fan Mart\u00ednez, el presupuesto se ha elaborado en una coyuntura socioecon\u00f3mica \u00abcompleja y adversa\u00bb desde el m\u00e1ximo rigor y buscando la contenci\u00f3n en el gasto corriente en beneficio del mantenimiento de los servicios esenciales y desarrollar pol\u00edticas de empleo.<\/p>\n<p>A su juicio, el texto del Gobierno, cuya aprobaci\u00f3n no est\u00e1 garantizado al no haber sido pactado previamente con ninguno de los grupos de oposici\u00f3n, supone \u00abuna herramienta capaz de rescatar de la precariedad a muchos asturianos que lo est\u00e1n pasando mal\u00bb.<\/p>\n<p>\u00abConfiamos en el di\u00e1logo, en su mano est\u00e1 vencer las mas severas discrepancias pol\u00edticas y hacer un uso responsable de esta C\u00e1mara\u00bb, ha se\u00f1alado el consejero antes de pedir a los grupos parlamentarios que demuestren su capacidad \u00abpara despejar caminos opacos que no conducen a nada\u00bb y a ser \u00abresponsables\u00bb y \u00abvalientes\u00bb.<\/p>\n<p>El incremento del presupuesto de la Consejer\u00eda de Presidencia respecto a 2013 se produce fundamentalmente por la fusi\u00f3n de las entidades Bomberos y 112-Asturias para constituir el Servicio de Emeregencias (SEPA), que dispondr\u00e1 de unos 22 millones -4,5 millones m\u00e1s- por la incorporaci\u00f3n de remanentes y la regularizaci\u00f3n contable previa a su conversi\u00f3n en organismo aut\u00f3nomo.<\/p>\n<p>Mart\u00ednez ha incidido adem\u00e1s en que el presupuesto de su departamento permitir\u00e1 adem\u00e1s mantener el servicio de justicia gratuita, as\u00ed como las pol\u00edticas de atenci\u00f3n a las v\u00edctimas de la violencia machista y las ayudas al colectivo de emigrantes<\/p>\n","protected":false},"excerpt":{"rendered":"<p>Oviedo, 10 dic (EFE).- El Gobierno regional ha abierto hoy su ronda de comparecencias ante la Comisi\u00f3n de Hacienda de la Junta General para explicar su proyecto de presupuestos para 2014 con un llamamiento al di\u00e1logo a los grupos de oposici\u00f3n para lograr la aprobaci\u00f3n de las cuentas p\u00fablicas del pr\u00f3ximo ejercicio. El consejero de [&hellip;]<\/p>\n","protected":false},"author":1,"featured_media":444453,"comment_status":"closed","ping_status":"open","sticky":false,"template":"","format":"standard","meta":{"footnotes":""},"categories":[12],"tags":[],"class_list":["post-460040","post","type-post","status-publish","format-standard","has-post-thumbnail","hentry","category-actualidad-asturias"],"aioseo_notices":[],"aioseo_head":"\n\t\t<!-- All in One SEO Pro 5.0.1 - aioseo.com -->\n\t<meta name=\"description\" content=\"Oviedo, 10 dic (EFE).- El Gobierno regional ha abierto hoy su ronda de comparecencias ante la Comisi\u00f3n de Hacienda de la Junta General para explicar su proyecto de presupuestos para 2014 con un llamamiento al di\u00e1logo a los grupos de oposici\u00f3n para lograr la aprobaci\u00f3n de las cuentas p\u00fablicas del pr\u00f3ximo ejercicio. El consejero de\" \/>\n\t<meta name=\"robots\" content=\"max-image-preview:large\" \/>\n\t<meta name=\"author\" content=\"El Digital de Asturias\"\/>\n\t<meta name=\"google-site-verification\" content=\"UA-38556648-1\" \/>\n\t<meta name=\"msvalidate.01\" content=\"7dfe9f3f1b24437ab69f4f2559babe99\" \/>\n\t<meta name=\"keywords\" content=\"actualidad asturias\" \/>\n\t<link rel=\"canonical\" href=\"https:\/\/www.eldigitaldeasturias.com\/noticias\/el-gobierno-de-asturias-abre-sus-comparecencias-en-la-junta-apelando-al-dialogo\/\" \/>\n\t<meta name=\"generator\" content=\"All in One SEO Pro (AIOSEO) 5.0.1\" \/>\n\t\t<meta property=\"og:locale\" content=\"es_ES\" \/>\n\t\t<meta property=\"og:site_name\" content=\"El Digital de Asturias\" \/>\n\t\t<meta property=\"og:type\" content=\"article\" \/>\n\t\t<meta property=\"og:title\" content=\"El Gobierno de Asturias abre sus comparecencias en la Junta apelando al di\u00e1logo - El Digital de Asturias\" \/>\n\t\t<meta property=\"og:description\" content=\"Oviedo, 10 dic (EFE).- El Gobierno regional ha abierto hoy su ronda de comparecencias ante la Comisi\u00f3n de Hacienda de la Junta General para explicar su proyecto de presupuestos para 2014 con un llamamiento al di\u00e1logo a los grupos de oposici\u00f3n para lograr la aprobaci\u00f3n de las cuentas p\u00fablicas del pr\u00f3ximo ejercicio. El consejero de\" \/>\n\t\t<meta property=\"og:url\" content=\"https:\/\/www.eldigitaldeasturias.com\/noticias\/el-gobierno-de-asturias-abre-sus-comparecencias-en-la-junta-apelando-al-dialogo\/\" \/>\n\t\t<meta property=\"article:tag\" content=\"actualidad asturias\" \/>\n\t\t<meta property=\"article:published_time\" content=\"2013-12-10T11:56:00+00:00\" \/>\n\t\t<meta property=\"article:modified_time\" content=\"2013-12-10T11:56:00+00:00\" \/>\n\t\t<meta property=\"article:publisher\" content=\"https:\/\/facebook.com\/eldigitaldeasturias\" \/>\n\t\t<meta name=\"twitter:card\" content=\"summary_large_image\" \/>\n\t\t<meta name=\"twitter:title\" content=\"El Gobierno de Asturias abre sus comparecencias en la Junta apelando al di\u00e1logo - El Digital de Asturias\" \/>\n\t\t<meta name=\"twitter:description\" content=\"Oviedo, 10 dic (EFE).- El Gobierno regional ha abierto hoy su ronda de comparecencias ante la Comisi\u00f3n de Hacienda de la Junta General para explicar su proyecto de presupuestos para 2014 con un llamamiento al di\u00e1logo a los grupos de oposici\u00f3n para lograr la aprobaci\u00f3n de las cuentas p\u00fablicas del pr\u00f3ximo ejercicio. El consejero de\" \/>\n\t\t<meta name=\"twitter:label1\" content=\"Escrito por\" \/>\n\t\t<meta name=\"twitter:data1\" content=\"El Digital de Asturias\" \/>\n\t\t<meta name=\"twitter:label2\" content=\"Tiempo de lectura estimado\" \/>\n\t\t<meta name=\"twitter:data2\" content=\"2 minutos\" \/>\n\t\t<script type=\"application\/ld+json\" class=\"aioseo-schema\">\n\t\t\t{\"@context\":\"https:\\\/\\\/schema.org\",\"@graph\":[{\"@type\":\"BlogPosting\",\"@id\":\"https:\\\/\\\/www.eldigitaldeasturias.com\\\/noticias\\\/el-gobierno-de-asturias-abre-sus-comparecencias-en-la-junta-apelando-al-dialogo\\\/#blogposting\",\"name\":\"El Gobierno de Asturias abre sus comparecencias en la Junta apelando al di\\u00e1logo - El Digital de Asturias\",\"headline\":\"El Gobierno de Asturias abre sus comparecencias en la Junta apelando al di\\u00e1logo\",\"author\":{\"@id\":\"https:\\\/\\\/www.eldigitaldeasturias.com\\\/noticias\\\/author\\\/admin\\\/#author\"},\"publisher\":{\"@id\":\"https:\\\/\\\/www.eldigitaldeasturias.com\\\/noticias\\\/#organization\"},\"image\":{\"@type\":\"ImageObject\",\"url\":444453},\"datePublished\":\"2013-12-10T10:56:00+01:00\",\"dateModified\":\"2013-12-10T10:56:00+01:00\",\"inLanguage\":\"es-ES\",\"mainEntityOfPage\":{\"@id\":\"https:\\\/\\\/www.eldigitaldeasturias.com\\\/noticias\\\/el-gobierno-de-asturias-abre-sus-comparecencias-en-la-junta-apelando-al-dialogo\\\/#webpage\"},\"isPartOf\":{\"@id\":\"https:\\\/\\\/www.eldigitaldeasturias.com\\\/noticias\\\/el-gobierno-de-asturias-abre-sus-comparecencias-en-la-junta-apelando-al-dialogo\\\/#webpage\"},\"articleSection\":\"Actualidad Asturias\"},{\"@type\":\"BreadcrumbList\",\"@id\":\"https:\\\/\\\/www.eldigitaldeasturias.com\\\/noticias\\\/el-gobierno-de-asturias-abre-sus-comparecencias-en-la-junta-apelando-al-dialogo\\\/#breadcrumblist\",\"itemListElement\":[{\"@type\":\"ListItem\",\"@id\":\"https:\\\/\\\/www.eldigitaldeasturias.com\\\/noticias#listItem\",\"position\":1,\"name\":\"Home\",\"item\":\"https:\\\/\\\/www.eldigitaldeasturias.com\\\/noticias\",\"nextItem\":{\"@type\":\"ListItem\",\"@id\":\"https:\\\/\\\/www.eldigitaldeasturias.com\\\/noticias\\\/category\\\/actualidad-asturias\\\/#listItem\",\"name\":\"Actualidad Asturias\"}},{\"@type\":\"ListItem\",\"@id\":\"https:\\\/\\\/www.eldigitaldeasturias.com\\\/noticias\\\/category\\\/actualidad-asturias\\\/#listItem\",\"position\":2,\"name\":\"Actualidad Asturias\",\"item\":\"https:\\\/\\\/www.eldigitaldeasturias.com\\\/noticias\\\/category\\\/actualidad-asturias\\\/\",\"nextItem\":{\"@type\":\"ListItem\",\"@id\":\"https:\\\/\\\/www.eldigitaldeasturias.com\\\/noticias\\\/el-gobierno-de-asturias-abre-sus-comparecencias-en-la-junta-apelando-al-dialogo\\\/#listItem\",\"name\":\"El Gobierno de Asturias abre sus comparecencias en la Junta apelando al di\\u00e1logo\"},\"previousItem\":{\"@type\":\"ListItem\",\"@id\":\"https:\\\/\\\/www.eldigitaldeasturias.com\\\/noticias#listItem\",\"name\":\"Home\"}},{\"@type\":\"ListItem\",\"@id\":\"https:\\\/\\\/www.eldigitaldeasturias.com\\\/noticias\\\/el-gobierno-de-asturias-abre-sus-comparecencias-en-la-junta-apelando-al-dialogo\\\/#listItem\",\"position\":3,\"name\":\"El Gobierno de Asturias abre sus comparecencias en la Junta apelando al di\\u00e1logo\",\"previousItem\":{\"@type\":\"ListItem\",\"@id\":\"https:\\\/\\\/www.eldigitaldeasturias.com\\\/noticias\\\/category\\\/actualidad-asturias\\\/#listItem\",\"name\":\"Actualidad Asturias\"}}]},{\"@type\":\"Organization\",\"@id\":\"https:\\\/\\\/www.eldigitaldeasturias.com\\\/noticias\\\/#organization\",\"name\":\"El Digital de Asturias\",\"description\":\"Hemeroteca\",\"url\":\"https:\\\/\\\/www.eldigitaldeasturias.com\\\/noticias\\\/\",\"email\":\"info@eldigitaldeasturias.com\",\"telephone\":\"+34652131393\",\"logo\":{\"@type\":\"ImageObject\",\"url\":\"https:\\\/\\\/www.eldigitaldeasturias.com\\\/noticias\\\/wp-content\\\/uploads\\\/2020\\\/12\\\/EDA.jpg\",\"@id\":\"https:\\\/\\\/www.eldigitaldeasturias.com\\\/noticias\\\/el-gobierno-de-asturias-abre-sus-comparecencias-en-la-junta-apelando-al-dialogo\\\/#organizationLogo\"},\"image\":{\"@id\":\"https:\\\/\\\/www.eldigitaldeasturias.com\\\/noticias\\\/el-gobierno-de-asturias-abre-sus-comparecencias-en-la-junta-apelando-al-dialogo\\\/#organizationLogo\"},\"sameAs\":[\"https:\\\/\\\/facebook.com\\\/eldigitaldeasturias\",\"https:\\\/\\\/www.youtube.com\\\/channel\\\/UCZP-2wLEB9Rv6erhFmqVnvg\"],\"address\":{\"@id\":\"https:\\\/\\\/www.eldigitaldeasturias.com\\\/noticias\\\/#postaladdress\",\"@type\":\"PostalAddress\",\"streetAddress\":\"san antonio 4\",\"postalCode\":\"33430\",\"addressLocality\":\"Cand\\u00e1s\",\"addressRegion\":\"Asturias\",\"addressCountry\":\"ES\"}},{\"@type\":\"Person\",\"@id\":\"https:\\\/\\\/www.eldigitaldeasturias.com\\\/noticias\\\/author\\\/admin\\\/#author\",\"url\":\"https:\\\/\\\/www.eldigitaldeasturias.com\\\/noticias\\\/author\\\/admin\\\/\",\"name\":\"El Digital de Asturias\",\"image\":{\"@type\":\"ImageObject\",\"@id\":\"https:\\\/\\\/www.eldigitaldeasturias.com\\\/noticias\\\/el-gobierno-de-asturias-abre-sus-comparecencias-en-la-junta-apelando-al-dialogo\\\/#authorImage\",\"url\":\"https:\\\/\\\/secure.gravatar.com\\\/avatar\\\/df2aeffc32bcd13f8d26072ef8a91b623d677766deac7f97ca815868cd41bf5e?s=96&d=mm&r=g\",\"width\":96,\"height\":96,\"caption\":\"El Digital de Asturias\"}},{\"@type\":\"WebPage\",\"@id\":\"https:\\\/\\\/www.eldigitaldeasturias.com\\\/noticias\\\/el-gobierno-de-asturias-abre-sus-comparecencias-en-la-junta-apelando-al-dialogo\\\/#webpage\",\"url\":\"https:\\\/\\\/www.eldigitaldeasturias.com\\\/noticias\\\/el-gobierno-de-asturias-abre-sus-comparecencias-en-la-junta-apelando-al-dialogo\\\/\",\"name\":\"El Gobierno de Asturias abre sus comparecencias en la Junta apelando al di\\u00e1logo - El Digital de Asturias\",\"description\":\"Oviedo, 10 dic (EFE).- El Gobierno regional ha abierto hoy su ronda de comparecencias ante la Comisi\\u00f3n de Hacienda de la Junta General para explicar su proyecto de presupuestos para 2014 con un llamamiento al di\\u00e1logo a los grupos de oposici\\u00f3n para lograr la aprobaci\\u00f3n de las cuentas p\\u00fablicas del pr\\u00f3ximo ejercicio. El consejero de\",\"inLanguage\":\"es-ES\",\"isPartOf\":{\"@id\":\"https:\\\/\\\/www.eldigitaldeasturias.com\\\/noticias\\\/#website\"},\"breadcrumb\":{\"@id\":\"https:\\\/\\\/www.eldigitaldeasturias.com\\\/noticias\\\/el-gobierno-de-asturias-abre-sus-comparecencias-en-la-junta-apelando-al-dialogo\\\/#breadcrumblist\"},\"author\":{\"@id\":\"https:\\\/\\\/www.eldigitaldeasturias.com\\\/noticias\\\/author\\\/admin\\\/#author\"},\"creator\":{\"@id\":\"https:\\\/\\\/www.eldigitaldeasturias.com\\\/noticias\\\/author\\\/admin\\\/#author\"},\"image\":{\"@type\":\"ImageObject\",\"url\":444453,\"@id\":\"https:\\\/\\\/www.eldigitaldeasturias.com\\\/noticias\\\/el-gobierno-de-asturias-abre-sus-comparecencias-en-la-junta-apelando-al-dialogo\\\/#mainImage\"},\"primaryImageOfPage\":{\"@id\":\"https:\\\/\\\/www.eldigitaldeasturias.com\\\/noticias\\\/el-gobierno-de-asturias-abre-sus-comparecencias-en-la-junta-apelando-al-dialogo\\\/#mainImage\"},\"datePublished\":\"2013-12-10T10:56:00+01:00\",\"dateModified\":\"2013-12-10T10:56:00+01:00\"},{\"@type\":\"WebSite\",\"@id\":\"https:\\\/\\\/www.eldigitaldeasturias.com\\\/noticias\\\/#website\",\"url\":\"https:\\\/\\\/www.eldigitaldeasturias.com\\\/noticias\\\/\",\"name\":\"El Digital de Asturias - Diario de actualidad y noticias\",\"alternateName\":\"El Digital de Asturias - Diario de actualidad y noticias\",\"description\":\"Hemeroteca\",\"inLanguage\":\"es-ES\",\"publisher\":{\"@id\":\"https:\\\/\\\/www.eldigitaldeasturias.com\\\/noticias\\\/#organization\"}}]}\n\t\t<\/script>\n\t\t<!-- All in One SEO Pro -->\r\n\t\t<title>El Gobierno de Asturias abre sus comparecencias en la Junta apelando al di\u00e1logo - El Digital de Asturias<\/title>\n\n","aioseo_head_json":{"title":"El Gobierno de Asturias abre sus comparecencias en la Junta apelando al di\u00e1logo - El Digital de Asturias","description":"Oviedo, 10 dic (EFE).- El Gobierno regional ha abierto hoy su ronda de comparecencias ante la Comisi\u00f3n de Hacienda de la Junta General para explicar su proyecto de presupuestos para 2014 con un llamamiento al di\u00e1logo a los grupos de oposici\u00f3n para lograr la aprobaci\u00f3n de las cuentas p\u00fablicas del pr\u00f3ximo ejercicio. El consejero de","canonical_url":"https:\/\/www.eldigitaldeasturias.com\/noticias\/el-gobierno-de-asturias-abre-sus-comparecencias-en-la-junta-apelando-al-dialogo\/","robots":"max-image-preview:large","keywords":"actualidad asturias","webmasterTools":{"google-site-verification":"UA-38556648-1","msvalidate.01":"7dfe9f3f1b24437ab69f4f2559babe99","miscellaneous":""},"schema":{"@context":"https:\/\/schema.org","@graph":[{"@type":"BlogPosting","@id":"https:\/\/www.eldigitaldeasturias.com\/noticias\/el-gobierno-de-asturias-abre-sus-comparecencias-en-la-junta-apelando-al-dialogo\/#blogposting","name":"El Gobierno de Asturias abre sus comparecencias en la Junta apelando al di\u00e1logo - El Digital de Asturias","headline":"El Gobierno de Asturias abre sus comparecencias en la Junta apelando al di\u00e1logo","author":{"@id":"https:\/\/www.eldigitaldeasturias.com\/noticias\/author\/admin\/#author"},"publisher":{"@id":"https:\/\/www.eldigitaldeasturias.com\/noticias\/#organization"},"image":{"@type":"ImageObject","url":444453},"datePublished":"2013-12-10T10:56:00+01:00","dateModified":"2013-12-10T10:56:00+01:00","inLanguage":"es-ES","mainEntityOfPage":{"@id":"https:\/\/www.eldigitaldeasturias.com\/noticias\/el-gobierno-de-asturias-abre-sus-comparecencias-en-la-junta-apelando-al-dialogo\/#webpage"},"isPartOf":{"@id":"https:\/\/www.eldigitaldeasturias.com\/noticias\/el-gobierno-de-asturias-abre-sus-comparecencias-en-la-junta-apelando-al-dialogo\/#webpage"},"articleSection":"Actualidad Asturias"},{"@type":"BreadcrumbList","@id":"https:\/\/www.eldigitaldeasturias.com\/noticias\/el-gobierno-de-asturias-abre-sus-comparecencias-en-la-junta-apelando-al-dialogo\/#breadcrumblist","itemListElement":[{"@type":"ListItem","@id":"https:\/\/www.eldigitaldeasturias.com\/noticias#listItem","position":1,"name":"Home","item":"https:\/\/www.eldigitaldeasturias.com\/noticias","nextItem":{"@type":"ListItem","@id":"https:\/\/www.eldigitaldeasturias.com\/noticias\/category\/actualidad-asturias\/#listItem","name":"Actualidad Asturias"}},{"@type":"ListItem","@id":"https:\/\/www.eldigitaldeasturias.com\/noticias\/category\/actualidad-asturias\/#listItem","position":2,"name":"Actualidad Asturias","item":"https:\/\/www.eldigitaldeasturias.com\/noticias\/category\/actualidad-asturias\/","nextItem":{"@type":"ListItem","@id":"https:\/\/www.eldigitaldeasturias.com\/noticias\/el-gobierno-de-asturias-abre-sus-comparecencias-en-la-junta-apelando-al-dialogo\/#listItem","name":"El Gobierno de Asturias abre sus comparecencias en la Junta apelando al di\u00e1logo"},"previousItem":{"@type":"ListItem","@id":"https:\/\/www.eldigitaldeasturias.com\/noticias#listItem","name":"Home"}},{"@type":"ListItem","@id":"https:\/\/www.eldigitaldeasturias.com\/noticias\/el-gobierno-de-asturias-abre-sus-comparecencias-en-la-junta-apelando-al-dialogo\/#listItem","position":3,"name":"El Gobierno de Asturias abre sus comparecencias en la Junta apelando al di\u00e1logo","previousItem":{"@type":"ListItem","@id":"https:\/\/www.eldigitaldeasturias.com\/noticias\/category\/actualidad-asturias\/#listItem","name":"Actualidad Asturias"}}]},{"@type":"Organization","@id":"https:\/\/www.eldigitaldeasturias.com\/noticias\/#organization","name":"El Digital de Asturias","description":"Hemeroteca","url":"https:\/\/www.eldigitaldeasturias.com\/noticias\/","email":"info@eldigitaldeasturias.com","telephone":"+34652131393","logo":{"@type":"ImageObject","url":"https:\/\/www.eldigitaldeasturias.com\/noticias\/wp-content\/uploads\/2020\/12\/EDA.jpg","@id":"https:\/\/www.eldigitaldeasturias.com\/noticias\/el-gobierno-de-asturias-abre-sus-comparecencias-en-la-junta-apelando-al-dialogo\/#organizationLogo"},"image":{"@id":"https:\/\/www.eldigitaldeasturias.com\/noticias\/el-gobierno-de-asturias-abre-sus-comparecencias-en-la-junta-apelando-al-dialogo\/#organizationLogo"},"sameAs":["https:\/\/facebook.com\/eldigitaldeasturias","https:\/\/www.youtube.com\/channel\/UCZP-2wLEB9Rv6erhFmqVnvg"],"address":{"@id":"https:\/\/www.eldigitaldeasturias.com\/noticias\/#postaladdress","@type":"PostalAddress","streetAddress":"san antonio 4","postalCode":"33430","addressLocality":"Cand\u00e1s","addressRegion":"Asturias","addressCountry":"ES"}},{"@type":"Person","@id":"https:\/\/www.eldigitaldeasturias.com\/noticias\/author\/admin\/#author","url":"https:\/\/www.eldigitaldeasturias.com\/noticias\/author\/admin\/","name":"El Digital de Asturias","image":{"@type":"ImageObject","@id":"https:\/\/www.eldigitaldeasturias.com\/noticias\/el-gobierno-de-asturias-abre-sus-comparecencias-en-la-junta-apelando-al-dialogo\/#authorImage","url":"https:\/\/secure.gravatar.com\/avatar\/df2aeffc32bcd13f8d26072ef8a91b623d677766deac7f97ca815868cd41bf5e?s=96&d=mm&r=g","width":96,"height":96,"caption":"El Digital de Asturias"}},{"@type":"WebPage","@id":"https:\/\/www.eldigitaldeasturias.com\/noticias\/el-gobierno-de-asturias-abre-sus-comparecencias-en-la-junta-apelando-al-dialogo\/#webpage","url":"https:\/\/www.eldigitaldeasturias.com\/noticias\/el-gobierno-de-asturias-abre-sus-comparecencias-en-la-junta-apelando-al-dialogo\/","name":"El Gobierno de Asturias abre sus comparecencias en la Junta apelando al di\u00e1logo - El Digital de Asturias","description":"Oviedo, 10 dic (EFE).- El Gobierno regional ha abierto hoy su ronda de comparecencias ante la Comisi\u00f3n de Hacienda de la Junta General para explicar su proyecto de presupuestos para 2014 con un llamamiento al di\u00e1logo a los grupos de oposici\u00f3n para lograr la aprobaci\u00f3n de las cuentas p\u00fablicas del pr\u00f3ximo ejercicio. El consejero de","inLanguage":"es-ES","isPartOf":{"@id":"https:\/\/www.eldigitaldeasturias.com\/noticias\/#website"},"breadcrumb":{"@id":"https:\/\/www.eldigitaldeasturias.com\/noticias\/el-gobierno-de-asturias-abre-sus-comparecencias-en-la-junta-apelando-al-dialogo\/#breadcrumblist"},"author":{"@id":"https:\/\/www.eldigitaldeasturias.com\/noticias\/author\/admin\/#author"},"creator":{"@id":"https:\/\/www.eldigitaldeasturias.com\/noticias\/author\/admin\/#author"},"image":{"@type":"ImageObject","url":444453,"@id":"https:\/\/www.eldigitaldeasturias.com\/noticias\/el-gobierno-de-asturias-abre-sus-comparecencias-en-la-junta-apelando-al-dialogo\/#mainImage"},"primaryImageOfPage":{"@id":"https:\/\/www.eldigitaldeasturias.com\/noticias\/el-gobierno-de-asturias-abre-sus-comparecencias-en-la-junta-apelando-al-dialogo\/#mainImage"},"datePublished":"2013-12-10T10:56:00+01:00","dateModified":"2013-12-10T10:56:00+01:00"},{"@type":"WebSite","@id":"https:\/\/www.eldigitaldeasturias.com\/noticias\/#website","url":"https:\/\/www.eldigitaldeasturias.com\/noticias\/","name":"El Digital de Asturias - Diario de actualidad y noticias","alternateName":"El Digital de Asturias - Diario de actualidad y noticias","description":"Hemeroteca","inLanguage":"es-ES","publisher":{"@id":"https:\/\/www.eldigitaldeasturias.com\/noticias\/#organization"}}]},"og:locale":"es_ES","og:site_name":"El Digital de Asturias","og:type":"article","og:title":"El Gobierno de Asturias abre sus comparecencias en la Junta apelando al di\u00e1logo - El Digital de Asturias","og:description":"Oviedo, 10 dic (EFE).- El Gobierno regional ha abierto hoy su ronda de comparecencias ante la Comisi\u00f3n de Hacienda de la Junta General para explicar su proyecto de presupuestos para 2014 con un llamamiento al di\u00e1logo a los grupos de oposici\u00f3n para lograr la aprobaci\u00f3n de las cuentas p\u00fablicas del pr\u00f3ximo ejercicio. El consejero de","og:url":"https:\/\/www.eldigitaldeasturias.com\/noticias\/el-gobierno-de-asturias-abre-sus-comparecencias-en-la-junta-apelando-al-dialogo\/","article:tag":["actualidad asturias"],"article:published_time":"2013-12-10T11:56:00+00:00","article:modified_time":"2013-12-10T11:56:00+00:00","article:publisher":"https:\/\/facebook.com\/eldigitaldeasturias","twitter:card":"summary_large_image","twitter:title":"El Gobierno de Asturias abre sus comparecencias en la Junta apelando al di\u00e1logo - El Digital de Asturias","twitter:description":"Oviedo, 10 dic (EFE).- El Gobierno regional ha abierto hoy su ronda de comparecencias ante la Comisi\u00f3n de Hacienda de la Junta General para explicar su proyecto de presupuestos para 2014 con un llamamiento al di\u00e1logo a los grupos de oposici\u00f3n para lograr la aprobaci\u00f3n de las cuentas p\u00fablicas del pr\u00f3ximo ejercicio. El consejero de","twitter:label1":"Escrito por","twitter:data1":"El Digital de Asturias","twitter:label2":"Tiempo de lectura estimado","twitter:data2":"2 minutos"},"aioseo_meta_data":{"post_id":"460040","title":null,"description":null,"keywords":null,"keyphrases":null,"primary_term":null,"canonical_url":null,"og_title":null,"og_description":null,"og_object_type":"default","og_image_type":"default","og_image_url":null,"og_image_width":null,"og_image_height":null,"og_image_custom_url":null,"og_image_custom_fields":null,"og_video":null,"og_custom_url":null,"og_article_section":null,"og_article_tags":null,"twitter_use_og":true,"twitter_card":"default","twitter_image_type":"default","twitter_image_url":null,"twitter_image_custom_url":null,"twitter_image_custom_fields":null,"twitter_title":null,"twitter_description":null,"schema":{"blockGraphs":[],"customGraphs":[],"default":{"data":{"Article":[],"Course":[],"Dataset":[],"FAQPage":[],"Movie":[],"Person":[],"Product":[],"ProductReview":[],"Car":[],"Recipe":[],"Service":[],"SoftwareApplication":[],"WebPage":[]},"graphName":"","isEnabled":true},"graphs":[]},"schema_type":null,"schema_type_options":null,"pillar_content":false,"robots_default":true,"robots_noindex":false,"robots_noarchive":false,"robots_nosnippet":false,"robots_nofollow":false,"robots_noimageindex":false,"robots_noodp":false,"robots_notranslate":false,"robots_max_snippet":null,"robots_max_videopreview":null,"robots_max_imagepreview":"none","priority":null,"frequency":null,"local_seo":null,"seo_analyzer_scan_date":"2026-05-30 11:29:58","breadcrumb_settings":null,"limit_modified_date":false,"open_ai":null,"ai":null,"created":"2020-11-14 22:47:42","updated":"2026-05-30 11:29:58","focus_keyword":null,"additional_keywords":null,"truseo_locale":null},"aioseo_breadcrumb":"<div class=\"aioseo-breadcrumbs\"><span class=\"aioseo-breadcrumb\">\n\t<a href=\"https:\/\/www.eldigitaldeasturias.com\/noticias\" title=\"Home\">Home<\/a>\n<\/span><span class=\"aioseo-breadcrumb-separator\">\u2013<\/span><span class=\"aioseo-breadcrumb\">\n\t<a href=\"https:\/\/www.eldigitaldeasturias.com\/noticias\/category\/actualidad-asturias\/\" title=\"Actualidad Asturias\">Actualidad Asturias<\/a>\n<\/span><span class=\"aioseo-breadcrumb-separator\">\u2013<\/span><span class=\"aioseo-breadcrumb\">\n\t<a href=\"https:\/\/www.eldigitaldeasturias.com\/noticias\/el-gobierno-de-asturias-abre-sus-comparecencias-en-la-junta-apelando-al-dialogo\/\" title=\"El Gobierno de Asturias abre sus comparecencias en la Junta apelando al di\u00e1logo\">El Gobierno de Asturias abre sus comparecencias en la Junta apelando al di\u00e1logo<\/a>\n<\/span><\/div>","aioseo_breadcrumb_json":[{"label":"Home","link":"https:\/\/www.eldigitaldeasturias.com\/noticias"},{"label":"Actualidad Asturias","link":"https:\/\/www.eldigitaldeasturias.com\/noticias\/category\/actualidad-asturias\/"},{"label":"El Gobierno de Asturias abre sus comparecencias en la Junta apelando al di\u00e1logo","link":"https:\/\/www.eldigitaldeasturias.com\/noticias\/el-gobierno-de-asturias-abre-sus-comparecencias-en-la-junta-apelando-al-dialogo\/"}],"_links":{"self":[{"href":"https:\/\/www.eldigitaldeasturias.com\/noticias\/wp-json\/wp\/v2\/posts\/460040","targetHints":{"allow":["GET"]}}],"collection":[{"href":"https:\/\/www.eldigitaldeasturias.com\/noticias\/wp-json\/wp\/v2\/posts"}],"about":[{"href":"https:\/\/www.eldigitaldeasturias.com\/noticias\/wp-json\/wp\/v2\/types\/post"}],"author":[{"embeddable":true,"href":"https:\/\/www.eldigitaldeasturias.com\/noticias\/wp-json\/wp\/v2\/users\/1"}],"replies":[{"embeddable":true,"href":"https:\/\/www.eldigitaldeasturias.com\/noticias\/wp-json\/wp\/v2\/comments?post=460040"}],"version-history":[{"count":0,"href":"https:\/\/www.eldigitaldeasturias.com\/noticias\/wp-json\/wp\/v2\/posts\/460040\/revisions"}],"wp:attachment":[{"href":"https:\/\/www.eldigitaldeasturias.com\/noticias\/wp-json\/wp\/v2\/media?parent=460040"}],"wp:term":[{"taxonomy":"category","embeddable":true,"href":"https:\/\/www.eldigitaldeasturias.com\/noticias\/wp-json\/wp\/v2\/categories?post=460040"},{"taxonomy":"post_tag","embeddable":true,"href":"https:\/\/www.eldigitaldeasturias.com\/noticias\/wp-json\/wp\/v2\/tags?post=460040"}],"curies":[{"name":"wp","href":"https:\/\/api.w.org\/{rel}","templated":true}]}}