{"id":460015,"date":"2013-12-10T10:37:32","date_gmt":"2013-12-10T11:37:32","guid":{"rendered":"http:\/\/www.eldigitaldeasturias.com\/noticias\/?p=460015"},"modified":"2013-12-10T10:37:32","modified_gmt":"2013-12-10T11:37:32","slug":"guillermo-martinez-afirma-que-los-9933-millones-del-presupuesto-muestran-la-apuesta-social-del-gobierno-asturiano","status":"publish","type":"post","link":"https:\/\/www.eldigitaldeasturias.com\/noticias\/guillermo-martinez-afirma-que-los-9933-millones-del-presupuesto-muestran-la-apuesta-social-del-gobierno-asturiano\/","title":{"rendered":"Guillermo Mart\u00ednez afirma que los 99,33 millones del presupuesto muestran la apuesta social del Gobierno asturiano"},"content":{"rendered":"<p><img loading=\"lazy\" decoding=\"async\" class=\"alignleft size-medium wp-image-451220\" alt=\"2013_11_20 Consejero Presidencia rueda prensa CG\" src=\"https:\/\/www.eldigitaldeasturias.com\/noticias\/wp-content\/uploads\/2013\/11\/2013_11_20-Consejero-Presidencia-rueda-prensa-CG-360x255.jpg\" width=\"360\" height=\"255\" \/>El consejero de Presidencia del Principado y Portavoz del Gobierno, Guillermo Mart\u00ednez, abri\u00f3 hoy el calendario de comparecencias en la Junta General del Principado de los responsables de cada departamento del Ejecutivo asturiano para explicar el proyecto de Presupuestos de 2014. Mart\u00ednez destac\u00f3 la relevancia de disponer por segundo a\u00f1o consecutivo de unas cuentas con un amplio respaldo que permitan seguir dando respuestas desde las instituciones auton\u00f3micas a la crisis econ\u00f3mica y prestar una atenci\u00f3n especial a los asturianos y asturianas m\u00e1s necesitados. El proyecto contempla para la Consejer\u00eda de Presidencia un presupuesto global de 99,33 millones de euros, que intensificar\u00e1 las pol\u00edticas en seguridad ciudadana, potenciar\u00e1 la asistencia jur\u00eddica gratuita y mantendr\u00e1 las ayudas a los emigrantes asturianos, las acciones para erradicar la violencia de g\u00e9nero y las directrices en materia de juventud.<\/p>\n<p>Tras la negativa experiencia de la pr\u00f3rroga de 2012, Asturias logr\u00f3 para el presente a\u00f1o consensuar un presupuesto que ha mostrado su eficacia para contribuir a paliar las consecuencias de la grave coyuntura econ\u00f3mica. Las cuentas del Principado son una de las herramientas claves para dar respuesta desde las instituciones auton\u00f3micas a la crisis, favorecer la creaci\u00f3n de empleo, fomentar el dinamismo empresarial y garantizar la prestaci\u00f3n y calidad de la sanidad, la educaci\u00f3n y los servicios sociales a todos los asturianos y asturianas.<\/p>\n<p>Guillermo Mart\u00ednez destac\u00f3 la importancia que Asturias vuelva a tener Presupuesto el pr\u00f3ximo a\u00f1o y que sea fruto de la plural aportaci\u00f3n de los diferentes grupos parlamentarios. Subray\u00f3 la voluntad del Gobierno presidido por Javier Fern\u00e1ndez de alcanzar un acuerdo lo m\u00e1s amplio posible y record\u00f3 la responsabilidad que todos los representantes pol\u00edticos tienen de dar una respuesta a la mayoritaria demanda de los asturianos y asturianas para que el Principado disponga en 2014 de cuentas auton\u00f3micas.<\/p>\n<p>La Consejer\u00eda de Presidencia presenta un presupuesto global para el pr\u00f3ximo a\u00f1o de 99.333.132 euros, con una especial atenci\u00f3n al mantenimiento o mejora de aquellos cap\u00edtulos con m\u00e1s repercusi\u00f3n en la prestaci\u00f3n de servicios a los ciudadanos, como la asistencia jur\u00eddica gratuita, la protecci\u00f3n civil o la atenci\u00f3n a las familias y personas m\u00e1s desfavorecidas.<\/p>\n<p>Las diferentes \u00e1reas de la Consejer\u00eda de Presidencia son por segundo a\u00f1o un ejemplo de austeridad en el gasto corriente, sin que ello implique menoscabo alguno en la calidad y la vocaci\u00f3n social de los servicios prestados a los asturianos y asturianas. Por \u00e1reas de actuaci\u00f3n, las principales cifras presupuestarias son las siguientes:<\/p>\n<p>\u2022Justicia. Contar\u00e1 con un total de 47.089.062 euros para garantizar todos los gastos derivados del funcionamiento de los juzgados y tribunales de Asturias. Especial relevancia tiene en esta ocasi\u00f3n las subvenciones destinadas a los colegios de Abogados y de Procuradores de Oviedo y Gij\u00f3n para la asistencia jur\u00eddica gratuita y al detenido, que experimentan un importante incremento, al pasar de 3.801.064 euros a 4.900.000, lo que representa un 28,91% m\u00e1s. Ya en el presente ejercicio los recursos destinados a la asistencia letrada gratuita experimentaron una notable subida, ya que en 2012 se dispuso de 2.700.000 euros. Por tanto, en dos a\u00f1os, se ha puesto a disposici\u00f3n de los asturianos y asturianas con menos recursos economicos 2.200.000 euros m\u00e1s para que tengan garantizado el derecho a la justicia gratuita. Por su parte, los recursos para los servicios de justicia al menor ascienden a 6.256.430 euros.<\/p>\n<p>\u2022Emergencias. La dotaci\u00f3n en materia de protecci\u00f3n civil, tras la fusi\u00f3n de Bomberos de Asturias y 112 en el Servicio de Emergencias del Principado de Asturias (SEPA), asciende a 22.355.786 euros, lo que muestra el compromiso del Gobierno asturiano con las prestaciones de seguridad a la ciudadan\u00eda. La creaci\u00f3n del SEPA y el reforzamiento de los parques de bomberos son dos objetivos alcanzados en el actual ejercicio y que se consolidar\u00e1n en 2014 con la mejora de las dotaciones de profesionales y de material.<\/p>\n<p>\u2022Polic\u00eda y Juego. La partida para la vigilancia de edificios p\u00fablicos se sit\u00faa en 7.737.400 euros.<\/p>\n<p>\u2022Emigraci\u00f3n. El presupuesto total se eleva a 1.431.326 euros y sus l\u00edneas prioritarias son las dirigidas a la ayuda social a emigrantes y retornados, as\u00ed como convenios sociosanitarios, con un incremento global del 3% en relaci\u00f3n al presente ejercicio. En esta l\u00ednea de actuaci\u00f3n se enmarca el mantenimiento del Servicio de Atenci\u00f3n Social en el exterior a m\u00e1s de 1.000 emigrantes mayores o en graves dificultades econ\u00f3micas que se presta en diferentes pa\u00edses, principalmente en Latinoam\u00e9rica. La dotaci\u00f3n econ\u00f3mica presupuestaria de las pol\u00edticas de emigraci\u00f3n permitir\u00e1 dar apoyo a los 100 centros y casas de Asturias repartidas por todo el mundo y devolver el protagonismo a los asturianos del exterior, reforzado en Plan de Emigraci\u00f3n aprobado este mismo a\u00f1o.<\/p>\n<p>\u2022Igualdad de g\u00e9nero. Las pol\u00edticas de igualdad recibir\u00e1n una aportaci\u00f3n de 2.272.397 euros, donde sobresale la partida de atenci\u00f3n a las mujeres v\u00edctimas de la violencia de g\u00e9nero, que se mantiene \u00edntegra con 900.000 euros para la Red de Casas de Acogida y Pisos Tutelados y m\u00e1s de 400.000 euros para los 15 Centros Asesores de Asturias. Estos recursos permiten desarrollar las pol\u00edticas destinadas a la promoci\u00f3n de la igualdad y la lucha contra la violencia de g\u00e9nero, tras la aprobaci\u00f3n el pasado mes de julio del Plan estrat\u00e9gico para la igualdad entre mujeres y hombres del Principado de Asturias 2013-2015. Especial atenci\u00f3n tienen en este apartado los programas relacionados con el fomento del empleo y el autoempleo, principalmente la Escuela de Emprendedoras y Empresarias de Asturias, en Avil\u00e9s, que incrementa su presupuesto en un 25%. A punto de cumplir su primer a\u00f1o de funcionamiento, la Escuela de Emprendedoras atendi\u00f3 a m\u00e1s de 350 asturianas en consultas y formaci\u00f3n, promovi\u00f3 la creaci\u00f3n de 15 empresas que han generado 17 empleos directos y mantiene en fase de estudio 44 iniciativas empresariales.<\/p>\n<p>\u2022Juventud. La partida de esta \u00e1rea cuenta con 3.710.166 euros. Pese a los ajustes presupuestarios se mantienen los ejes de actuaci\u00f3n a favor de los j\u00f3venes asturianos y el principal esfuerzo se destina al mantenimiento de la Red Asturiana de Informaci\u00f3n Juvenil, as\u00ed como al asociacionismo juvenil y al sostenimiento de entidades que por su trayectoria han contribuido a divulgar y enriquecer el trabajo de las pol\u00edticas de juventud en Asturias.<\/p>\n","protected":false},"excerpt":{"rendered":"<p>El consejero de Presidencia del Principado y Portavoz del Gobierno, Guillermo Mart\u00ednez, abri\u00f3 hoy el calendario de comparecencias en la Junta General del Principado de los responsables de cada departamento del Ejecutivo asturiano para explicar el proyecto de Presupuestos de 2014. Mart\u00ednez destac\u00f3 la relevancia de disponer por segundo a\u00f1o consecutivo de unas cuentas con [&hellip;]<\/p>\n","protected":false},"author":1,"featured_media":451220,"comment_status":"closed","ping_status":"open","sticky":false,"template":"","format":"standard","meta":{"footnotes":""},"categories":[12],"tags":[],"class_list":["post-460015","post","type-post","status-publish","format-standard","has-post-thumbnail","hentry","category-actualidad-asturias"],"aioseo_notices":[],"aioseo_head":"\n\t\t<!-- All in One SEO Pro 5.0.1 - aioseo.com -->\n\t<meta name=\"description\" content=\"El consejero de Presidencia del Principado y Portavoz del Gobierno, Guillermo Mart\u00ednez, abri\u00f3 hoy el calendario de comparecencias en la Junta General del Principado de los responsables de cada departamento del Ejecutivo asturiano para explicar el proyecto de Presupuestos de 2014. Mart\u00ednez destac\u00f3 la relevancia de disponer por segundo a\u00f1o consecutivo de unas cuentas con\" \/>\n\t<meta name=\"robots\" content=\"max-image-preview:large\" \/>\n\t<meta name=\"author\" content=\"El Digital de Asturias\"\/>\n\t<meta name=\"google-site-verification\" content=\"UA-38556648-1\" \/>\n\t<meta name=\"msvalidate.01\" content=\"7dfe9f3f1b24437ab69f4f2559babe99\" \/>\n\t<meta name=\"keywords\" content=\"actualidad asturias\" \/>\n\t<link rel=\"canonical\" href=\"https:\/\/www.eldigitaldeasturias.com\/noticias\/guillermo-martinez-afirma-que-los-9933-millones-del-presupuesto-muestran-la-apuesta-social-del-gobierno-asturiano\/\" \/>\n\t<meta name=\"generator\" content=\"All in One SEO Pro (AIOSEO) 5.0.1\" \/>\n\t\t<meta property=\"og:locale\" content=\"es_ES\" \/>\n\t\t<meta property=\"og:site_name\" content=\"El Digital de Asturias\" \/>\n\t\t<meta property=\"og:type\" content=\"article\" \/>\n\t\t<meta property=\"og:title\" content=\"Guillermo Mart\u00ednez afirma que los 99,33 millones del presupuesto muestran la apuesta social del Gobierno asturiano - El Digital de Asturias\" \/>\n\t\t<meta property=\"og:description\" content=\"El consejero de Presidencia del Principado y Portavoz del Gobierno, Guillermo Mart\u00ednez, abri\u00f3 hoy el calendario de comparecencias en la Junta General del Principado de los responsables de cada departamento del Ejecutivo asturiano para explicar el proyecto de Presupuestos de 2014. Mart\u00ednez destac\u00f3 la relevancia de disponer por segundo a\u00f1o consecutivo de unas cuentas con\" \/>\n\t\t<meta property=\"og:url\" content=\"https:\/\/www.eldigitaldeasturias.com\/noticias\/guillermo-martinez-afirma-que-los-9933-millones-del-presupuesto-muestran-la-apuesta-social-del-gobierno-asturiano\/\" \/>\n\t\t<meta property=\"article:tag\" content=\"actualidad asturias\" \/>\n\t\t<meta property=\"article:published_time\" content=\"2013-12-10T11:37:32+00:00\" \/>\n\t\t<meta property=\"article:modified_time\" content=\"2013-12-10T11:37:32+00:00\" \/>\n\t\t<meta property=\"article:publisher\" content=\"https:\/\/facebook.com\/eldigitaldeasturias\" \/>\n\t\t<meta name=\"twitter:card\" content=\"summary_large_image\" \/>\n\t\t<meta name=\"twitter:title\" content=\"Guillermo Mart\u00ednez afirma que los 99,33 millones del presupuesto muestran la apuesta social del Gobierno asturiano - El Digital de Asturias\" \/>\n\t\t<meta name=\"twitter:description\" content=\"El consejero de Presidencia del Principado y Portavoz del Gobierno, Guillermo Mart\u00ednez, abri\u00f3 hoy el calendario de comparecencias en la Junta General del Principado de los responsables de cada departamento del Ejecutivo asturiano para explicar el proyecto de Presupuestos de 2014. Mart\u00ednez destac\u00f3 la relevancia de disponer por segundo a\u00f1o consecutivo de unas cuentas con\" \/>\n\t\t<meta name=\"twitter:label1\" content=\"Escrito por\" \/>\n\t\t<meta name=\"twitter:data1\" content=\"El Digital de Asturias\" \/>\n\t\t<meta name=\"twitter:label2\" content=\"Tiempo de lectura estimado\" \/>\n\t\t<meta name=\"twitter:data2\" content=\"5 minutos\" \/>\n\t\t<script type=\"application\/ld+json\" class=\"aioseo-schema\">\n\t\t\t{\"@context\":\"https:\\\/\\\/schema.org\",\"@graph\":[{\"@type\":\"BlogPosting\",\"@id\":\"https:\\\/\\\/www.eldigitaldeasturias.com\\\/noticias\\\/guillermo-martinez-afirma-que-los-9933-millones-del-presupuesto-muestran-la-apuesta-social-del-gobierno-asturiano\\\/#blogposting\",\"name\":\"Guillermo Mart\\u00ednez afirma que los 99,33 millones del presupuesto muestran la apuesta social del Gobierno asturiano - El Digital de Asturias\",\"headline\":\"Guillermo Mart\\u00ednez afirma que los 99,33 millones del presupuesto muestran la apuesta social del Gobierno asturiano\",\"author\":{\"@id\":\"https:\\\/\\\/www.eldigitaldeasturias.com\\\/noticias\\\/author\\\/admin\\\/#author\"},\"publisher\":{\"@id\":\"https:\\\/\\\/www.eldigitaldeasturias.com\\\/noticias\\\/#organization\"},\"image\":{\"@type\":\"ImageObject\",\"url\":451220},\"datePublished\":\"2013-12-10T10:37:32+01:00\",\"dateModified\":\"2013-12-10T10:37:32+01:00\",\"inLanguage\":\"es-ES\",\"mainEntityOfPage\":{\"@id\":\"https:\\\/\\\/www.eldigitaldeasturias.com\\\/noticias\\\/guillermo-martinez-afirma-que-los-9933-millones-del-presupuesto-muestran-la-apuesta-social-del-gobierno-asturiano\\\/#webpage\"},\"isPartOf\":{\"@id\":\"https:\\\/\\\/www.eldigitaldeasturias.com\\\/noticias\\\/guillermo-martinez-afirma-que-los-9933-millones-del-presupuesto-muestran-la-apuesta-social-del-gobierno-asturiano\\\/#webpage\"},\"articleSection\":\"Actualidad Asturias\"},{\"@type\":\"BreadcrumbList\",\"@id\":\"https:\\\/\\\/www.eldigitaldeasturias.com\\\/noticias\\\/guillermo-martinez-afirma-que-los-9933-millones-del-presupuesto-muestran-la-apuesta-social-del-gobierno-asturiano\\\/#breadcrumblist\",\"itemListElement\":[{\"@type\":\"ListItem\",\"@id\":\"https:\\\/\\\/www.eldigitaldeasturias.com\\\/noticias#listItem\",\"position\":1,\"name\":\"Home\",\"item\":\"https:\\\/\\\/www.eldigitaldeasturias.com\\\/noticias\",\"nextItem\":{\"@type\":\"ListItem\",\"@id\":\"https:\\\/\\\/www.eldigitaldeasturias.com\\\/noticias\\\/category\\\/actualidad-asturias\\\/#listItem\",\"name\":\"Actualidad Asturias\"}},{\"@type\":\"ListItem\",\"@id\":\"https:\\\/\\\/www.eldigitaldeasturias.com\\\/noticias\\\/category\\\/actualidad-asturias\\\/#listItem\",\"position\":2,\"name\":\"Actualidad Asturias\",\"item\":\"https:\\\/\\\/www.eldigitaldeasturias.com\\\/noticias\\\/category\\\/actualidad-asturias\\\/\",\"nextItem\":{\"@type\":\"ListItem\",\"@id\":\"https:\\\/\\\/www.eldigitaldeasturias.com\\\/noticias\\\/guillermo-martinez-afirma-que-los-9933-millones-del-presupuesto-muestran-la-apuesta-social-del-gobierno-asturiano\\\/#listItem\",\"name\":\"Guillermo Mart\\u00ednez afirma que los 99,33 millones del presupuesto muestran la apuesta social del Gobierno asturiano\"},\"previousItem\":{\"@type\":\"ListItem\",\"@id\":\"https:\\\/\\\/www.eldigitaldeasturias.com\\\/noticias#listItem\",\"name\":\"Home\"}},{\"@type\":\"ListItem\",\"@id\":\"https:\\\/\\\/www.eldigitaldeasturias.com\\\/noticias\\\/guillermo-martinez-afirma-que-los-9933-millones-del-presupuesto-muestran-la-apuesta-social-del-gobierno-asturiano\\\/#listItem\",\"position\":3,\"name\":\"Guillermo Mart\\u00ednez afirma que los 99,33 millones del presupuesto muestran la apuesta social del Gobierno asturiano\",\"previousItem\":{\"@type\":\"ListItem\",\"@id\":\"https:\\\/\\\/www.eldigitaldeasturias.com\\\/noticias\\\/category\\\/actualidad-asturias\\\/#listItem\",\"name\":\"Actualidad Asturias\"}}]},{\"@type\":\"Organization\",\"@id\":\"https:\\\/\\\/www.eldigitaldeasturias.com\\\/noticias\\\/#organization\",\"name\":\"El Digital de Asturias\",\"description\":\"Hemeroteca\",\"url\":\"https:\\\/\\\/www.eldigitaldeasturias.com\\\/noticias\\\/\",\"email\":\"info@eldigitaldeasturias.com\",\"telephone\":\"+34652131393\",\"logo\":{\"@type\":\"ImageObject\",\"url\":\"https:\\\/\\\/www.eldigitaldeasturias.com\\\/noticias\\\/wp-content\\\/uploads\\\/2020\\\/12\\\/EDA.jpg\",\"@id\":\"https:\\\/\\\/www.eldigitaldeasturias.com\\\/noticias\\\/guillermo-martinez-afirma-que-los-9933-millones-del-presupuesto-muestran-la-apuesta-social-del-gobierno-asturiano\\\/#organizationLogo\"},\"image\":{\"@id\":\"https:\\\/\\\/www.eldigitaldeasturias.com\\\/noticias\\\/guillermo-martinez-afirma-que-los-9933-millones-del-presupuesto-muestran-la-apuesta-social-del-gobierno-asturiano\\\/#organizationLogo\"},\"sameAs\":[\"https:\\\/\\\/facebook.com\\\/eldigitaldeasturias\",\"https:\\\/\\\/www.youtube.com\\\/channel\\\/UCZP-2wLEB9Rv6erhFmqVnvg\"],\"address\":{\"@id\":\"https:\\\/\\\/www.eldigitaldeasturias.com\\\/noticias\\\/#postaladdress\",\"@type\":\"PostalAddress\",\"streetAddress\":\"san antonio 4\",\"postalCode\":\"33430\",\"addressLocality\":\"Cand\\u00e1s\",\"addressRegion\":\"Asturias\",\"addressCountry\":\"ES\"}},{\"@type\":\"Person\",\"@id\":\"https:\\\/\\\/www.eldigitaldeasturias.com\\\/noticias\\\/author\\\/admin\\\/#author\",\"url\":\"https:\\\/\\\/www.eldigitaldeasturias.com\\\/noticias\\\/author\\\/admin\\\/\",\"name\":\"El Digital de Asturias\",\"image\":{\"@type\":\"ImageObject\",\"@id\":\"https:\\\/\\\/www.eldigitaldeasturias.com\\\/noticias\\\/guillermo-martinez-afirma-que-los-9933-millones-del-presupuesto-muestran-la-apuesta-social-del-gobierno-asturiano\\\/#authorImage\",\"url\":\"https:\\\/\\\/secure.gravatar.com\\\/avatar\\\/df2aeffc32bcd13f8d26072ef8a91b623d677766deac7f97ca815868cd41bf5e?s=96&d=mm&r=g\",\"width\":96,\"height\":96,\"caption\":\"El Digital de Asturias\"}},{\"@type\":\"WebPage\",\"@id\":\"https:\\\/\\\/www.eldigitaldeasturias.com\\\/noticias\\\/guillermo-martinez-afirma-que-los-9933-millones-del-presupuesto-muestran-la-apuesta-social-del-gobierno-asturiano\\\/#webpage\",\"url\":\"https:\\\/\\\/www.eldigitaldeasturias.com\\\/noticias\\\/guillermo-martinez-afirma-que-los-9933-millones-del-presupuesto-muestran-la-apuesta-social-del-gobierno-asturiano\\\/\",\"name\":\"Guillermo Mart\\u00ednez afirma que los 99,33 millones del presupuesto muestran la apuesta social del Gobierno asturiano - El Digital de Asturias\",\"description\":\"El consejero de Presidencia del Principado y Portavoz del Gobierno, Guillermo Mart\\u00ednez, abri\\u00f3 hoy el calendario de comparecencias en la Junta General del Principado de los responsables de cada departamento del Ejecutivo asturiano para explicar el proyecto de Presupuestos de 2014. Mart\\u00ednez destac\\u00f3 la relevancia de disponer por segundo a\\u00f1o consecutivo de unas cuentas con\",\"inLanguage\":\"es-ES\",\"isPartOf\":{\"@id\":\"https:\\\/\\\/www.eldigitaldeasturias.com\\\/noticias\\\/#website\"},\"breadcrumb\":{\"@id\":\"https:\\\/\\\/www.eldigitaldeasturias.com\\\/noticias\\\/guillermo-martinez-afirma-que-los-9933-millones-del-presupuesto-muestran-la-apuesta-social-del-gobierno-asturiano\\\/#breadcrumblist\"},\"author\":{\"@id\":\"https:\\\/\\\/www.eldigitaldeasturias.com\\\/noticias\\\/author\\\/admin\\\/#author\"},\"creator\":{\"@id\":\"https:\\\/\\\/www.eldigitaldeasturias.com\\\/noticias\\\/author\\\/admin\\\/#author\"},\"image\":{\"@type\":\"ImageObject\",\"url\":451220,\"@id\":\"https:\\\/\\\/www.eldigitaldeasturias.com\\\/noticias\\\/guillermo-martinez-afirma-que-los-9933-millones-del-presupuesto-muestran-la-apuesta-social-del-gobierno-asturiano\\\/#mainImage\"},\"primaryImageOfPage\":{\"@id\":\"https:\\\/\\\/www.eldigitaldeasturias.com\\\/noticias\\\/guillermo-martinez-afirma-que-los-9933-millones-del-presupuesto-muestran-la-apuesta-social-del-gobierno-asturiano\\\/#mainImage\"},\"datePublished\":\"2013-12-10T10:37:32+01:00\",\"dateModified\":\"2013-12-10T10:37:32+01:00\"},{\"@type\":\"WebSite\",\"@id\":\"https:\\\/\\\/www.eldigitaldeasturias.com\\\/noticias\\\/#website\",\"url\":\"https:\\\/\\\/www.eldigitaldeasturias.com\\\/noticias\\\/\",\"name\":\"El Digital de Asturias - Diario de actualidad y noticias\",\"alternateName\":\"El Digital de Asturias - Diario de actualidad y noticias\",\"description\":\"Hemeroteca\",\"inLanguage\":\"es-ES\",\"publisher\":{\"@id\":\"https:\\\/\\\/www.eldigitaldeasturias.com\\\/noticias\\\/#organization\"}}]}\n\t\t<\/script>\n\t\t<!-- All in One SEO Pro -->\r\n\t\t<title>Guillermo Mart\u00ednez afirma que los 99,33 millones del presupuesto muestran la apuesta social del Gobierno asturiano - El Digital de Asturias<\/title>\n\n","aioseo_head_json":{"title":"Guillermo Mart\u00ednez afirma que los 99,33 millones del presupuesto muestran la apuesta social del Gobierno asturiano - El Digital de Asturias","description":"El consejero de Presidencia del Principado y Portavoz del Gobierno, Guillermo Mart\u00ednez, abri\u00f3 hoy el calendario de comparecencias en la Junta General del Principado de los responsables de cada departamento del Ejecutivo asturiano para explicar el proyecto de Presupuestos de 2014. Mart\u00ednez destac\u00f3 la relevancia de disponer por segundo a\u00f1o consecutivo de unas cuentas con","canonical_url":"https:\/\/www.eldigitaldeasturias.com\/noticias\/guillermo-martinez-afirma-que-los-9933-millones-del-presupuesto-muestran-la-apuesta-social-del-gobierno-asturiano\/","robots":"max-image-preview:large","keywords":"actualidad asturias","webmasterTools":{"google-site-verification":"UA-38556648-1","msvalidate.01":"7dfe9f3f1b24437ab69f4f2559babe99","miscellaneous":""},"schema":{"@context":"https:\/\/schema.org","@graph":[{"@type":"BlogPosting","@id":"https:\/\/www.eldigitaldeasturias.com\/noticias\/guillermo-martinez-afirma-que-los-9933-millones-del-presupuesto-muestran-la-apuesta-social-del-gobierno-asturiano\/#blogposting","name":"Guillermo Mart\u00ednez afirma que los 99,33 millones del presupuesto muestran la apuesta social del Gobierno asturiano - El Digital de Asturias","headline":"Guillermo Mart\u00ednez afirma que los 99,33 millones del presupuesto muestran la apuesta social del Gobierno asturiano","author":{"@id":"https:\/\/www.eldigitaldeasturias.com\/noticias\/author\/admin\/#author"},"publisher":{"@id":"https:\/\/www.eldigitaldeasturias.com\/noticias\/#organization"},"image":{"@type":"ImageObject","url":451220},"datePublished":"2013-12-10T10:37:32+01:00","dateModified":"2013-12-10T10:37:32+01:00","inLanguage":"es-ES","mainEntityOfPage":{"@id":"https:\/\/www.eldigitaldeasturias.com\/noticias\/guillermo-martinez-afirma-que-los-9933-millones-del-presupuesto-muestran-la-apuesta-social-del-gobierno-asturiano\/#webpage"},"isPartOf":{"@id":"https:\/\/www.eldigitaldeasturias.com\/noticias\/guillermo-martinez-afirma-que-los-9933-millones-del-presupuesto-muestran-la-apuesta-social-del-gobierno-asturiano\/#webpage"},"articleSection":"Actualidad Asturias"},{"@type":"BreadcrumbList","@id":"https:\/\/www.eldigitaldeasturias.com\/noticias\/guillermo-martinez-afirma-que-los-9933-millones-del-presupuesto-muestran-la-apuesta-social-del-gobierno-asturiano\/#breadcrumblist","itemListElement":[{"@type":"ListItem","@id":"https:\/\/www.eldigitaldeasturias.com\/noticias#listItem","position":1,"name":"Home","item":"https:\/\/www.eldigitaldeasturias.com\/noticias","nextItem":{"@type":"ListItem","@id":"https:\/\/www.eldigitaldeasturias.com\/noticias\/category\/actualidad-asturias\/#listItem","name":"Actualidad Asturias"}},{"@type":"ListItem","@id":"https:\/\/www.eldigitaldeasturias.com\/noticias\/category\/actualidad-asturias\/#listItem","position":2,"name":"Actualidad Asturias","item":"https:\/\/www.eldigitaldeasturias.com\/noticias\/category\/actualidad-asturias\/","nextItem":{"@type":"ListItem","@id":"https:\/\/www.eldigitaldeasturias.com\/noticias\/guillermo-martinez-afirma-que-los-9933-millones-del-presupuesto-muestran-la-apuesta-social-del-gobierno-asturiano\/#listItem","name":"Guillermo Mart\u00ednez afirma que los 99,33 millones del presupuesto muestran la apuesta social del Gobierno asturiano"},"previousItem":{"@type":"ListItem","@id":"https:\/\/www.eldigitaldeasturias.com\/noticias#listItem","name":"Home"}},{"@type":"ListItem","@id":"https:\/\/www.eldigitaldeasturias.com\/noticias\/guillermo-martinez-afirma-que-los-9933-millones-del-presupuesto-muestran-la-apuesta-social-del-gobierno-asturiano\/#listItem","position":3,"name":"Guillermo Mart\u00ednez afirma que los 99,33 millones del presupuesto muestran la apuesta social del Gobierno asturiano","previousItem":{"@type":"ListItem","@id":"https:\/\/www.eldigitaldeasturias.com\/noticias\/category\/actualidad-asturias\/#listItem","name":"Actualidad Asturias"}}]},{"@type":"Organization","@id":"https:\/\/www.eldigitaldeasturias.com\/noticias\/#organization","name":"El Digital de Asturias","description":"Hemeroteca","url":"https:\/\/www.eldigitaldeasturias.com\/noticias\/","email":"info@eldigitaldeasturias.com","telephone":"+34652131393","logo":{"@type":"ImageObject","url":"https:\/\/www.eldigitaldeasturias.com\/noticias\/wp-content\/uploads\/2020\/12\/EDA.jpg","@id":"https:\/\/www.eldigitaldeasturias.com\/noticias\/guillermo-martinez-afirma-que-los-9933-millones-del-presupuesto-muestran-la-apuesta-social-del-gobierno-asturiano\/#organizationLogo"},"image":{"@id":"https:\/\/www.eldigitaldeasturias.com\/noticias\/guillermo-martinez-afirma-que-los-9933-millones-del-presupuesto-muestran-la-apuesta-social-del-gobierno-asturiano\/#organizationLogo"},"sameAs":["https:\/\/facebook.com\/eldigitaldeasturias","https:\/\/www.youtube.com\/channel\/UCZP-2wLEB9Rv6erhFmqVnvg"],"address":{"@id":"https:\/\/www.eldigitaldeasturias.com\/noticias\/#postaladdress","@type":"PostalAddress","streetAddress":"san antonio 4","postalCode":"33430","addressLocality":"Cand\u00e1s","addressRegion":"Asturias","addressCountry":"ES"}},{"@type":"Person","@id":"https:\/\/www.eldigitaldeasturias.com\/noticias\/author\/admin\/#author","url":"https:\/\/www.eldigitaldeasturias.com\/noticias\/author\/admin\/","name":"El Digital de Asturias","image":{"@type":"ImageObject","@id":"https:\/\/www.eldigitaldeasturias.com\/noticias\/guillermo-martinez-afirma-que-los-9933-millones-del-presupuesto-muestran-la-apuesta-social-del-gobierno-asturiano\/#authorImage","url":"https:\/\/secure.gravatar.com\/avatar\/df2aeffc32bcd13f8d26072ef8a91b623d677766deac7f97ca815868cd41bf5e?s=96&d=mm&r=g","width":96,"height":96,"caption":"El Digital de Asturias"}},{"@type":"WebPage","@id":"https:\/\/www.eldigitaldeasturias.com\/noticias\/guillermo-martinez-afirma-que-los-9933-millones-del-presupuesto-muestran-la-apuesta-social-del-gobierno-asturiano\/#webpage","url":"https:\/\/www.eldigitaldeasturias.com\/noticias\/guillermo-martinez-afirma-que-los-9933-millones-del-presupuesto-muestran-la-apuesta-social-del-gobierno-asturiano\/","name":"Guillermo Mart\u00ednez afirma que los 99,33 millones del presupuesto muestran la apuesta social del Gobierno asturiano - El Digital de Asturias","description":"El consejero de Presidencia del Principado y Portavoz del Gobierno, Guillermo Mart\u00ednez, abri\u00f3 hoy el calendario de comparecencias en la Junta General del Principado de los responsables de cada departamento del Ejecutivo asturiano para explicar el proyecto de Presupuestos de 2014. Mart\u00ednez destac\u00f3 la relevancia de disponer por segundo a\u00f1o consecutivo de unas cuentas con","inLanguage":"es-ES","isPartOf":{"@id":"https:\/\/www.eldigitaldeasturias.com\/noticias\/#website"},"breadcrumb":{"@id":"https:\/\/www.eldigitaldeasturias.com\/noticias\/guillermo-martinez-afirma-que-los-9933-millones-del-presupuesto-muestran-la-apuesta-social-del-gobierno-asturiano\/#breadcrumblist"},"author":{"@id":"https:\/\/www.eldigitaldeasturias.com\/noticias\/author\/admin\/#author"},"creator":{"@id":"https:\/\/www.eldigitaldeasturias.com\/noticias\/author\/admin\/#author"},"image":{"@type":"ImageObject","url":451220,"@id":"https:\/\/www.eldigitaldeasturias.com\/noticias\/guillermo-martinez-afirma-que-los-9933-millones-del-presupuesto-muestran-la-apuesta-social-del-gobierno-asturiano\/#mainImage"},"primaryImageOfPage":{"@id":"https:\/\/www.eldigitaldeasturias.com\/noticias\/guillermo-martinez-afirma-que-los-9933-millones-del-presupuesto-muestran-la-apuesta-social-del-gobierno-asturiano\/#mainImage"},"datePublished":"2013-12-10T10:37:32+01:00","dateModified":"2013-12-10T10:37:32+01:00"},{"@type":"WebSite","@id":"https:\/\/www.eldigitaldeasturias.com\/noticias\/#website","url":"https:\/\/www.eldigitaldeasturias.com\/noticias\/","name":"El Digital de Asturias - Diario de actualidad y noticias","alternateName":"El Digital de Asturias - Diario de actualidad y noticias","description":"Hemeroteca","inLanguage":"es-ES","publisher":{"@id":"https:\/\/www.eldigitaldeasturias.com\/noticias\/#organization"}}]},"og:locale":"es_ES","og:site_name":"El Digital de Asturias","og:type":"article","og:title":"Guillermo Mart\u00ednez afirma que los 99,33 millones del presupuesto muestran la apuesta social del Gobierno asturiano - El Digital de Asturias","og:description":"El consejero de Presidencia del Principado y Portavoz del Gobierno, Guillermo Mart\u00ednez, abri\u00f3 hoy el calendario de comparecencias en la Junta General del Principado de los responsables de cada departamento del Ejecutivo asturiano para explicar el proyecto de Presupuestos de 2014. Mart\u00ednez destac\u00f3 la relevancia de disponer por segundo a\u00f1o consecutivo de unas cuentas con","og:url":"https:\/\/www.eldigitaldeasturias.com\/noticias\/guillermo-martinez-afirma-que-los-9933-millones-del-presupuesto-muestran-la-apuesta-social-del-gobierno-asturiano\/","article:tag":["actualidad asturias"],"article:published_time":"2013-12-10T11:37:32+00:00","article:modified_time":"2013-12-10T11:37:32+00:00","article:publisher":"https:\/\/facebook.com\/eldigitaldeasturias","twitter:card":"summary_large_image","twitter:title":"Guillermo Mart\u00ednez afirma que los 99,33 millones del presupuesto muestran la apuesta social del Gobierno asturiano - El Digital de Asturias","twitter:description":"El consejero de Presidencia del Principado y Portavoz del Gobierno, Guillermo Mart\u00ednez, abri\u00f3 hoy el calendario de comparecencias en la Junta General del Principado de los responsables de cada departamento del Ejecutivo asturiano para explicar el proyecto de Presupuestos de 2014. Mart\u00ednez destac\u00f3 la relevancia de disponer por segundo a\u00f1o consecutivo de unas cuentas con","twitter:label1":"Escrito por","twitter:data1":"El Digital de Asturias","twitter:label2":"Tiempo de lectura estimado","twitter:data2":"5 minutos"},"aioseo_meta_data":{"post_id":"460015","title":null,"description":null,"keywords":null,"keyphrases":null,"primary_term":null,"canonical_url":null,"og_title":null,"og_description":null,"og_object_type":"default","og_image_type":"default","og_image_url":null,"og_image_width":null,"og_image_height":null,"og_image_custom_url":null,"og_image_custom_fields":null,"og_video":null,"og_custom_url":null,"og_article_section":null,"og_article_tags":null,"twitter_use_og":true,"twitter_card":"default","twitter_image_type":"default","twitter_image_url":null,"twitter_image_custom_url":null,"twitter_image_custom_fields":null,"twitter_title":null,"twitter_description":null,"schema":{"blockGraphs":[],"customGraphs":[],"default":{"data":{"Article":[],"Course":[],"Dataset":[],"FAQPage":[],"Movie":[],"Person":[],"Product":[],"ProductReview":[],"Car":[],"Recipe":[],"Service":[],"SoftwareApplication":[],"WebPage":[]},"graphName":"","isEnabled":true},"graphs":[],"defaultGraph":"","defaultPostTypeGraph":""},"schema_type":null,"schema_type_options":null,"pillar_content":false,"robots_default":true,"robots_noindex":false,"robots_noarchive":false,"robots_nosnippet":false,"robots_nofollow":false,"robots_noimageindex":false,"robots_noodp":false,"robots_notranslate":false,"robots_max_snippet":null,"robots_max_videopreview":null,"robots_max_imagepreview":"none","priority":null,"frequency":null,"local_seo":null,"seo_analyzer_scan_date":"2026-05-30 11:25:12","breadcrumb_settings":null,"limit_modified_date":false,"open_ai":null,"ai":null,"created":"2020-11-14 22:47:42","updated":"2026-05-30 11:25:12","focus_keyword":null,"additional_keywords":null,"truseo_locale":null},"aioseo_breadcrumb":"<div class=\"aioseo-breadcrumbs\"><span class=\"aioseo-breadcrumb\">\n\t<a href=\"https:\/\/www.eldigitaldeasturias.com\/noticias\" title=\"Home\">Home<\/a>\n<\/span><span class=\"aioseo-breadcrumb-separator\">\u2013<\/span><span class=\"aioseo-breadcrumb\">\n\t<a href=\"https:\/\/www.eldigitaldeasturias.com\/noticias\/category\/actualidad-asturias\/\" title=\"Actualidad Asturias\">Actualidad Asturias<\/a>\n<\/span><span class=\"aioseo-breadcrumb-separator\">\u2013<\/span><span class=\"aioseo-breadcrumb\">\n\t<a href=\"https:\/\/www.eldigitaldeasturias.com\/noticias\/guillermo-martinez-afirma-que-los-9933-millones-del-presupuesto-muestran-la-apuesta-social-del-gobierno-asturiano\/\" title=\"Guillermo Mart\u00ednez afirma que los 99,33 millones del presupuesto muestran la apuesta social del Gobierno asturiano\">Guillermo Mart\u00ednez afirma que los 99,33 millones del presupuesto muestran la apuesta social del Gobierno asturiano<\/a>\n<\/span><\/div>","aioseo_breadcrumb_json":[{"label":"Home","link":"https:\/\/www.eldigitaldeasturias.com\/noticias"},{"label":"Actualidad Asturias","link":"https:\/\/www.eldigitaldeasturias.com\/noticias\/category\/actualidad-asturias\/"},{"label":"Guillermo Mart\u00ednez afirma que los 99,33 millones del presupuesto muestran la apuesta social del Gobierno asturiano","link":"https:\/\/www.eldigitaldeasturias.com\/noticias\/guillermo-martinez-afirma-que-los-9933-millones-del-presupuesto-muestran-la-apuesta-social-del-gobierno-asturiano\/"}],"_links":{"self":[{"href":"https:\/\/www.eldigitaldeasturias.com\/noticias\/wp-json\/wp\/v2\/posts\/460015","targetHints":{"allow":["GET"]}}],"collection":[{"href":"https:\/\/www.eldigitaldeasturias.com\/noticias\/wp-json\/wp\/v2\/posts"}],"about":[{"href":"https:\/\/www.eldigitaldeasturias.com\/noticias\/wp-json\/wp\/v2\/types\/post"}],"author":[{"embeddable":true,"href":"https:\/\/www.eldigitaldeasturias.com\/noticias\/wp-json\/wp\/v2\/users\/1"}],"replies":[{"embeddable":true,"href":"https:\/\/www.eldigitaldeasturias.com\/noticias\/wp-json\/wp\/v2\/comments?post=460015"}],"version-history":[{"count":0,"href":"https:\/\/www.eldigitaldeasturias.com\/noticias\/wp-json\/wp\/v2\/posts\/460015\/revisions"}],"wp:attachment":[{"href":"https:\/\/www.eldigitaldeasturias.com\/noticias\/wp-json\/wp\/v2\/media?parent=460015"}],"wp:term":[{"taxonomy":"category","embeddable":true,"href":"https:\/\/www.eldigitaldeasturias.com\/noticias\/wp-json\/wp\/v2\/categories?post=460015"},{"taxonomy":"post_tag","embeddable":true,"href":"https:\/\/www.eldigitaldeasturias.com\/noticias\/wp-json\/wp\/v2\/tags?post=460015"}],"curies":[{"name":"wp","href":"https:\/\/api.w.org\/{rel}","templated":true}]}}