{"id":459982,"date":"2013-12-10T09:15:52","date_gmt":"2013-12-10T10:15:52","guid":{"rendered":"http:\/\/www.eldigitaldeasturias.com\/noticias\/?p=459982"},"modified":"2013-12-10T09:15:52","modified_gmt":"2013-12-10T10:15:52","slug":"san-fernando-de-henares-muere-un-conductor-tras-quedar-su-vehiculo-bajo-la-cabina-de-un-camion","status":"publish","type":"post","link":"https:\/\/www.eldigitaldeasturias.com\/noticias\/san-fernando-de-henares-muere-un-conductor-tras-quedar-su-vehiculo-bajo-la-cabina-de-un-camion\/","title":{"rendered":"San Fernando de Henares : Muere un conductor tras quedar su veh\u00edculo bajo la cabina de un cami\u00f3n"},"content":{"rendered":"<p><img loading=\"lazy\" decoding=\"async\" class=\"alignleft size-medium wp-image-459983\" alt=\"5782982w\" src=\"https:\/\/www.eldigitaldeasturias.com\/noticias\/wp-content\/uploads\/2013\/12\/5782982w-360x268.jpg\" width=\"360\" height=\"268\" \/>Madrid, 10 dic (EFE).- Un hombre, a\u00fan no identificado, ha muerto esta noche tras quedar su autom\u00f3vil bajo la cabina de un trailer, en un accidente en San Fernando de Henares en el que tambi\u00e9n se vio implicado otro cami\u00f3n en la carretera de circunvalaci\u00f3n a Madrid M-45.<\/p>\n<p>Un portavoz de Emergencias 112 ha contado a Efe que el aviso a emergencias se produjo sobre las 10.10 horas de la noche del lunes y se alertaba del accidente, ocurrido en el kil\u00f3metro 32 de la citada v\u00eda, en el t\u00e9rmino municipal de San Fernando de Henares.<\/p>\n<p>En el turismo viajaba s\u00f3lo el hombre, de mediana edad, quien, mientras los bomberos trataban de excarcelarle -para lo que han precisado m\u00e1s de dos horas y la intervenci\u00f3n de una gr\u00faa-, hab\u00eda perdido la consciencia y finalmente ha fallecido.<\/p>\n<p>Mientras, las asistencias de SUMMA han atendido a los conductores de ambos camiones.<\/p>\n<p>Uno de ellos, un var\u00f3n de 40 a\u00f1os, ha sufrido traumatismos abdominal y tor\u00e1cico y ha sido trasladado en Uvi m\u00f3vil al Hospital de La Princesa, donde ha ingresado en estado grave.<\/p>\n<p>El otro conductor, de la misma edad, ha resultado herido leve por varias contusiones y ha sido trasladado en ambulancia al Hospital del Henares.<\/p>\n<p>Adem\u00e1s de Bomberos de la Comunidad de Madrid y las asistencias del SUMMA, al lugar del accidente han acudido agentes de la Guardia Civil de Tr\u00e1fico que no han tenido que interrumpir el tr\u00e1fico pues en ese punto de los cuatro carriles que hay uno se pod\u00eda utilizar.<\/p>\n","protected":false},"excerpt":{"rendered":"<p>Madrid, 10 dic (EFE).- Un hombre, a\u00fan no identificado, ha muerto esta noche tras quedar su autom\u00f3vil bajo la cabina de un trailer, en un accidente en San Fernando de Henares en el que tambi\u00e9n se vio implicado otro cami\u00f3n en la carretera de circunvalaci\u00f3n a Madrid M-45. Un portavoz de Emergencias 112 ha contado [&hellip;]<\/p>\n","protected":false},"author":1,"featured_media":459983,"comment_status":"closed","ping_status":"open","sticky":false,"template":"","format":"standard","meta":{"footnotes":""},"categories":[5],"tags":[],"class_list":["post-459982","post","type-post","status-publish","format-standard","has-post-thumbnail","hentry","category-sucesos"],"aioseo_notices":[],"aioseo_head":"\n\t\t<!-- All in One SEO Pro 5.0.1 - aioseo.com -->\n\t<meta name=\"description\" content=\"Madrid, 10 dic (EFE).- Un hombre, a\u00fan no identificado, ha muerto esta noche tras quedar su autom\u00f3vil bajo la cabina de un trailer, en un accidente en San Fernando de Henares en el que tambi\u00e9n se vio implicado otro cami\u00f3n en la carretera de circunvalaci\u00f3n a Madrid M-45. Un portavoz de Emergencias 112 ha contado\" \/>\n\t<meta name=\"robots\" content=\"max-image-preview:large\" \/>\n\t<meta name=\"author\" content=\"El Digital de Asturias\"\/>\n\t<meta name=\"google-site-verification\" content=\"UA-38556648-1\" \/>\n\t<meta name=\"msvalidate.01\" content=\"7dfe9f3f1b24437ab69f4f2559babe99\" \/>\n\t<meta name=\"keywords\" content=\"sucesos\" \/>\n\t<link rel=\"canonical\" href=\"https:\/\/www.eldigitaldeasturias.com\/noticias\/san-fernando-de-henares-muere-un-conductor-tras-quedar-su-vehiculo-bajo-la-cabina-de-un-camion\/\" \/>\n\t<meta name=\"generator\" content=\"All in One SEO Pro (AIOSEO) 5.0.1\" \/>\n\t\t<meta property=\"og:locale\" content=\"es_ES\" \/>\n\t\t<meta property=\"og:site_name\" content=\"El Digital de Asturias\" \/>\n\t\t<meta property=\"og:type\" content=\"article\" \/>\n\t\t<meta property=\"og:title\" content=\"San Fernando de Henares : Muere un conductor tras quedar su veh\u00edculo bajo la cabina de un cami\u00f3n - El Digital de Asturias\" \/>\n\t\t<meta property=\"og:description\" content=\"Madrid, 10 dic (EFE).- Un hombre, a\u00fan no identificado, ha muerto esta noche tras quedar su autom\u00f3vil bajo la cabina de un trailer, en un accidente en San Fernando de Henares en el que tambi\u00e9n se vio implicado otro cami\u00f3n en la carretera de circunvalaci\u00f3n a Madrid M-45. Un portavoz de Emergencias 112 ha contado\" \/>\n\t\t<meta property=\"og:url\" content=\"https:\/\/www.eldigitaldeasturias.com\/noticias\/san-fernando-de-henares-muere-un-conductor-tras-quedar-su-vehiculo-bajo-la-cabina-de-un-camion\/\" \/>\n\t\t<meta property=\"article:tag\" content=\"sucesos\" \/>\n\t\t<meta property=\"article:published_time\" content=\"2013-12-10T10:15:52+00:00\" \/>\n\t\t<meta property=\"article:modified_time\" content=\"2013-12-10T10:15:52+00:00\" \/>\n\t\t<meta property=\"article:publisher\" content=\"https:\/\/facebook.com\/eldigitaldeasturias\" \/>\n\t\t<meta name=\"twitter:card\" content=\"summary_large_image\" \/>\n\t\t<meta name=\"twitter:title\" content=\"San Fernando de Henares : Muere un conductor tras quedar su veh\u00edculo bajo la cabina de un cami\u00f3n - El Digital de Asturias\" \/>\n\t\t<meta name=\"twitter:description\" content=\"Madrid, 10 dic (EFE).- Un hombre, a\u00fan no identificado, ha muerto esta noche tras quedar su autom\u00f3vil bajo la cabina de un trailer, en un accidente en San Fernando de Henares en el que tambi\u00e9n se vio implicado otro cami\u00f3n en la carretera de circunvalaci\u00f3n a Madrid M-45. Un portavoz de Emergencias 112 ha contado\" \/>\n\t\t<meta name=\"twitter:label1\" content=\"Escrito por\" \/>\n\t\t<meta name=\"twitter:data1\" content=\"El Digital de Asturias\" \/>\n\t\t<meta name=\"twitter:label2\" content=\"Tiempo de lectura estimado\" \/>\n\t\t<meta name=\"twitter:data2\" content=\"1 minuto\" \/>\n\t\t<script type=\"application\/ld+json\" class=\"aioseo-schema\">\n\t\t\t{\"@context\":\"https:\\\/\\\/schema.org\",\"@graph\":[{\"@type\":\"BlogPosting\",\"@id\":\"https:\\\/\\\/www.eldigitaldeasturias.com\\\/noticias\\\/san-fernando-de-henares-muere-un-conductor-tras-quedar-su-vehiculo-bajo-la-cabina-de-un-camion\\\/#blogposting\",\"name\":\"San Fernando de Henares : Muere un conductor tras quedar su veh\\u00edculo bajo la cabina de un cami\\u00f3n - El Digital de Asturias\",\"headline\":\"San Fernando de Henares : Muere un conductor tras quedar su veh\\u00edculo bajo la cabina de un cami\\u00f3n\",\"author\":{\"@id\":\"https:\\\/\\\/www.eldigitaldeasturias.com\\\/noticias\\\/author\\\/admin\\\/#author\"},\"publisher\":{\"@id\":\"https:\\\/\\\/www.eldigitaldeasturias.com\\\/noticias\\\/#organization\"},\"image\":{\"@type\":\"ImageObject\",\"url\":459983},\"datePublished\":\"2013-12-10T09:15:52+01:00\",\"dateModified\":\"2013-12-10T09:15:52+01:00\",\"inLanguage\":\"es-ES\",\"mainEntityOfPage\":{\"@id\":\"https:\\\/\\\/www.eldigitaldeasturias.com\\\/noticias\\\/san-fernando-de-henares-muere-un-conductor-tras-quedar-su-vehiculo-bajo-la-cabina-de-un-camion\\\/#webpage\"},\"isPartOf\":{\"@id\":\"https:\\\/\\\/www.eldigitaldeasturias.com\\\/noticias\\\/san-fernando-de-henares-muere-un-conductor-tras-quedar-su-vehiculo-bajo-la-cabina-de-un-camion\\\/#webpage\"},\"articleSection\":\"Sucesos\"},{\"@type\":\"BreadcrumbList\",\"@id\":\"https:\\\/\\\/www.eldigitaldeasturias.com\\\/noticias\\\/san-fernando-de-henares-muere-un-conductor-tras-quedar-su-vehiculo-bajo-la-cabina-de-un-camion\\\/#breadcrumblist\",\"itemListElement\":[{\"@type\":\"ListItem\",\"@id\":\"https:\\\/\\\/www.eldigitaldeasturias.com\\\/noticias#listItem\",\"position\":1,\"name\":\"Home\",\"item\":\"https:\\\/\\\/www.eldigitaldeasturias.com\\\/noticias\",\"nextItem\":{\"@type\":\"ListItem\",\"@id\":\"https:\\\/\\\/www.eldigitaldeasturias.com\\\/noticias\\\/category\\\/sucesos\\\/#listItem\",\"name\":\"Sucesos\"}},{\"@type\":\"ListItem\",\"@id\":\"https:\\\/\\\/www.eldigitaldeasturias.com\\\/noticias\\\/category\\\/sucesos\\\/#listItem\",\"position\":2,\"name\":\"Sucesos\",\"item\":\"https:\\\/\\\/www.eldigitaldeasturias.com\\\/noticias\\\/category\\\/sucesos\\\/\",\"nextItem\":{\"@type\":\"ListItem\",\"@id\":\"https:\\\/\\\/www.eldigitaldeasturias.com\\\/noticias\\\/san-fernando-de-henares-muere-un-conductor-tras-quedar-su-vehiculo-bajo-la-cabina-de-un-camion\\\/#listItem\",\"name\":\"San Fernando de Henares : Muere un conductor tras quedar su veh\\u00edculo bajo la cabina de un cami\\u00f3n\"},\"previousItem\":{\"@type\":\"ListItem\",\"@id\":\"https:\\\/\\\/www.eldigitaldeasturias.com\\\/noticias#listItem\",\"name\":\"Home\"}},{\"@type\":\"ListItem\",\"@id\":\"https:\\\/\\\/www.eldigitaldeasturias.com\\\/noticias\\\/san-fernando-de-henares-muere-un-conductor-tras-quedar-su-vehiculo-bajo-la-cabina-de-un-camion\\\/#listItem\",\"position\":3,\"name\":\"San Fernando de Henares : Muere un conductor tras quedar su veh\\u00edculo bajo la cabina de un cami\\u00f3n\",\"previousItem\":{\"@type\":\"ListItem\",\"@id\":\"https:\\\/\\\/www.eldigitaldeasturias.com\\\/noticias\\\/category\\\/sucesos\\\/#listItem\",\"name\":\"Sucesos\"}}]},{\"@type\":\"Organization\",\"@id\":\"https:\\\/\\\/www.eldigitaldeasturias.com\\\/noticias\\\/#organization\",\"name\":\"El Digital de Asturias\",\"description\":\"Hemeroteca\",\"url\":\"https:\\\/\\\/www.eldigitaldeasturias.com\\\/noticias\\\/\",\"email\":\"info@eldigitaldeasturias.com\",\"telephone\":\"+34652131393\",\"logo\":{\"@type\":\"ImageObject\",\"url\":\"https:\\\/\\\/www.eldigitaldeasturias.com\\\/noticias\\\/wp-content\\\/uploads\\\/2020\\\/12\\\/EDA.jpg\",\"@id\":\"https:\\\/\\\/www.eldigitaldeasturias.com\\\/noticias\\\/san-fernando-de-henares-muere-un-conductor-tras-quedar-su-vehiculo-bajo-la-cabina-de-un-camion\\\/#organizationLogo\"},\"image\":{\"@id\":\"https:\\\/\\\/www.eldigitaldeasturias.com\\\/noticias\\\/san-fernando-de-henares-muere-un-conductor-tras-quedar-su-vehiculo-bajo-la-cabina-de-un-camion\\\/#organizationLogo\"},\"sameAs\":[\"https:\\\/\\\/facebook.com\\\/eldigitaldeasturias\",\"https:\\\/\\\/www.youtube.com\\\/channel\\\/UCZP-2wLEB9Rv6erhFmqVnvg\"],\"address\":{\"@id\":\"https:\\\/\\\/www.eldigitaldeasturias.com\\\/noticias\\\/#postaladdress\",\"@type\":\"PostalAddress\",\"streetAddress\":\"san antonio 4\",\"postalCode\":\"33430\",\"addressLocality\":\"Cand\\u00e1s\",\"addressRegion\":\"Asturias\",\"addressCountry\":\"ES\"}},{\"@type\":\"Person\",\"@id\":\"https:\\\/\\\/www.eldigitaldeasturias.com\\\/noticias\\\/author\\\/admin\\\/#author\",\"url\":\"https:\\\/\\\/www.eldigitaldeasturias.com\\\/noticias\\\/author\\\/admin\\\/\",\"name\":\"El Digital de Asturias\",\"image\":{\"@type\":\"ImageObject\",\"@id\":\"https:\\\/\\\/www.eldigitaldeasturias.com\\\/noticias\\\/san-fernando-de-henares-muere-un-conductor-tras-quedar-su-vehiculo-bajo-la-cabina-de-un-camion\\\/#authorImage\",\"url\":\"https:\\\/\\\/secure.gravatar.com\\\/avatar\\\/df2aeffc32bcd13f8d26072ef8a91b623d677766deac7f97ca815868cd41bf5e?s=96&d=mm&r=g\",\"width\":96,\"height\":96,\"caption\":\"El Digital de Asturias\"}},{\"@type\":\"WebPage\",\"@id\":\"https:\\\/\\\/www.eldigitaldeasturias.com\\\/noticias\\\/san-fernando-de-henares-muere-un-conductor-tras-quedar-su-vehiculo-bajo-la-cabina-de-un-camion\\\/#webpage\",\"url\":\"https:\\\/\\\/www.eldigitaldeasturias.com\\\/noticias\\\/san-fernando-de-henares-muere-un-conductor-tras-quedar-su-vehiculo-bajo-la-cabina-de-un-camion\\\/\",\"name\":\"San Fernando de Henares : Muere un conductor tras quedar su veh\\u00edculo bajo la cabina de un cami\\u00f3n - El Digital de Asturias\",\"description\":\"Madrid, 10 dic (EFE).- Un hombre, a\\u00fan no identificado, ha muerto esta noche tras quedar su autom\\u00f3vil bajo la cabina de un trailer, en un accidente en San Fernando de Henares en el que tambi\\u00e9n se vio implicado otro cami\\u00f3n en la carretera de circunvalaci\\u00f3n a Madrid M-45. Un portavoz de Emergencias 112 ha contado\",\"inLanguage\":\"es-ES\",\"isPartOf\":{\"@id\":\"https:\\\/\\\/www.eldigitaldeasturias.com\\\/noticias\\\/#website\"},\"breadcrumb\":{\"@id\":\"https:\\\/\\\/www.eldigitaldeasturias.com\\\/noticias\\\/san-fernando-de-henares-muere-un-conductor-tras-quedar-su-vehiculo-bajo-la-cabina-de-un-camion\\\/#breadcrumblist\"},\"author\":{\"@id\":\"https:\\\/\\\/www.eldigitaldeasturias.com\\\/noticias\\\/author\\\/admin\\\/#author\"},\"creator\":{\"@id\":\"https:\\\/\\\/www.eldigitaldeasturias.com\\\/noticias\\\/author\\\/admin\\\/#author\"},\"image\":{\"@type\":\"ImageObject\",\"url\":459983,\"@id\":\"https:\\\/\\\/www.eldigitaldeasturias.com\\\/noticias\\\/san-fernando-de-henares-muere-un-conductor-tras-quedar-su-vehiculo-bajo-la-cabina-de-un-camion\\\/#mainImage\"},\"primaryImageOfPage\":{\"@id\":\"https:\\\/\\\/www.eldigitaldeasturias.com\\\/noticias\\\/san-fernando-de-henares-muere-un-conductor-tras-quedar-su-vehiculo-bajo-la-cabina-de-un-camion\\\/#mainImage\"},\"datePublished\":\"2013-12-10T09:15:52+01:00\",\"dateModified\":\"2013-12-10T09:15:52+01:00\"},{\"@type\":\"WebSite\",\"@id\":\"https:\\\/\\\/www.eldigitaldeasturias.com\\\/noticias\\\/#website\",\"url\":\"https:\\\/\\\/www.eldigitaldeasturias.com\\\/noticias\\\/\",\"name\":\"El Digital de Asturias - Diario de actualidad y noticias\",\"alternateName\":\"El Digital de Asturias - Diario de actualidad y noticias\",\"description\":\"Hemeroteca\",\"inLanguage\":\"es-ES\",\"publisher\":{\"@id\":\"https:\\\/\\\/www.eldigitaldeasturias.com\\\/noticias\\\/#organization\"}}]}\n\t\t<\/script>\n\t\t<!-- All in One SEO Pro -->\r\n\t\t<title>San Fernando de Henares : Muere un conductor tras quedar su veh\u00edculo bajo la cabina de un cami\u00f3n - El Digital de Asturias<\/title>\n\n","aioseo_head_json":{"title":"San Fernando de Henares : Muere un conductor tras quedar su veh\u00edculo bajo la cabina de un cami\u00f3n - El Digital de Asturias","description":"Madrid, 10 dic (EFE).- Un hombre, a\u00fan no identificado, ha muerto esta noche tras quedar su autom\u00f3vil bajo la cabina de un trailer, en un accidente en San Fernando de Henares en el que tambi\u00e9n se vio implicado otro cami\u00f3n en la carretera de circunvalaci\u00f3n a Madrid M-45. Un portavoz de Emergencias 112 ha contado","canonical_url":"https:\/\/www.eldigitaldeasturias.com\/noticias\/san-fernando-de-henares-muere-un-conductor-tras-quedar-su-vehiculo-bajo-la-cabina-de-un-camion\/","robots":"max-image-preview:large","keywords":"sucesos","webmasterTools":{"google-site-verification":"UA-38556648-1","msvalidate.01":"7dfe9f3f1b24437ab69f4f2559babe99","miscellaneous":""},"schema":{"@context":"https:\/\/schema.org","@graph":[{"@type":"BlogPosting","@id":"https:\/\/www.eldigitaldeasturias.com\/noticias\/san-fernando-de-henares-muere-un-conductor-tras-quedar-su-vehiculo-bajo-la-cabina-de-un-camion\/#blogposting","name":"San Fernando de Henares : Muere un conductor tras quedar su veh\u00edculo bajo la cabina de un cami\u00f3n - El Digital de Asturias","headline":"San Fernando de Henares : Muere un conductor tras quedar su veh\u00edculo bajo la cabina de un cami\u00f3n","author":{"@id":"https:\/\/www.eldigitaldeasturias.com\/noticias\/author\/admin\/#author"},"publisher":{"@id":"https:\/\/www.eldigitaldeasturias.com\/noticias\/#organization"},"image":{"@type":"ImageObject","url":459983},"datePublished":"2013-12-10T09:15:52+01:00","dateModified":"2013-12-10T09:15:52+01:00","inLanguage":"es-ES","mainEntityOfPage":{"@id":"https:\/\/www.eldigitaldeasturias.com\/noticias\/san-fernando-de-henares-muere-un-conductor-tras-quedar-su-vehiculo-bajo-la-cabina-de-un-camion\/#webpage"},"isPartOf":{"@id":"https:\/\/www.eldigitaldeasturias.com\/noticias\/san-fernando-de-henares-muere-un-conductor-tras-quedar-su-vehiculo-bajo-la-cabina-de-un-camion\/#webpage"},"articleSection":"Sucesos"},{"@type":"BreadcrumbList","@id":"https:\/\/www.eldigitaldeasturias.com\/noticias\/san-fernando-de-henares-muere-un-conductor-tras-quedar-su-vehiculo-bajo-la-cabina-de-un-camion\/#breadcrumblist","itemListElement":[{"@type":"ListItem","@id":"https:\/\/www.eldigitaldeasturias.com\/noticias#listItem","position":1,"name":"Home","item":"https:\/\/www.eldigitaldeasturias.com\/noticias","nextItem":{"@type":"ListItem","@id":"https:\/\/www.eldigitaldeasturias.com\/noticias\/category\/sucesos\/#listItem","name":"Sucesos"}},{"@type":"ListItem","@id":"https:\/\/www.eldigitaldeasturias.com\/noticias\/category\/sucesos\/#listItem","position":2,"name":"Sucesos","item":"https:\/\/www.eldigitaldeasturias.com\/noticias\/category\/sucesos\/","nextItem":{"@type":"ListItem","@id":"https:\/\/www.eldigitaldeasturias.com\/noticias\/san-fernando-de-henares-muere-un-conductor-tras-quedar-su-vehiculo-bajo-la-cabina-de-un-camion\/#listItem","name":"San Fernando de Henares : Muere un conductor tras quedar su veh\u00edculo bajo la cabina de un cami\u00f3n"},"previousItem":{"@type":"ListItem","@id":"https:\/\/www.eldigitaldeasturias.com\/noticias#listItem","name":"Home"}},{"@type":"ListItem","@id":"https:\/\/www.eldigitaldeasturias.com\/noticias\/san-fernando-de-henares-muere-un-conductor-tras-quedar-su-vehiculo-bajo-la-cabina-de-un-camion\/#listItem","position":3,"name":"San Fernando de Henares : Muere un conductor tras quedar su veh\u00edculo bajo la cabina de un cami\u00f3n","previousItem":{"@type":"ListItem","@id":"https:\/\/www.eldigitaldeasturias.com\/noticias\/category\/sucesos\/#listItem","name":"Sucesos"}}]},{"@type":"Organization","@id":"https:\/\/www.eldigitaldeasturias.com\/noticias\/#organization","name":"El Digital de Asturias","description":"Hemeroteca","url":"https:\/\/www.eldigitaldeasturias.com\/noticias\/","email":"info@eldigitaldeasturias.com","telephone":"+34652131393","logo":{"@type":"ImageObject","url":"https:\/\/www.eldigitaldeasturias.com\/noticias\/wp-content\/uploads\/2020\/12\/EDA.jpg","@id":"https:\/\/www.eldigitaldeasturias.com\/noticias\/san-fernando-de-henares-muere-un-conductor-tras-quedar-su-vehiculo-bajo-la-cabina-de-un-camion\/#organizationLogo"},"image":{"@id":"https:\/\/www.eldigitaldeasturias.com\/noticias\/san-fernando-de-henares-muere-un-conductor-tras-quedar-su-vehiculo-bajo-la-cabina-de-un-camion\/#organizationLogo"},"sameAs":["https:\/\/facebook.com\/eldigitaldeasturias","https:\/\/www.youtube.com\/channel\/UCZP-2wLEB9Rv6erhFmqVnvg"],"address":{"@id":"https:\/\/www.eldigitaldeasturias.com\/noticias\/#postaladdress","@type":"PostalAddress","streetAddress":"san antonio 4","postalCode":"33430","addressLocality":"Cand\u00e1s","addressRegion":"Asturias","addressCountry":"ES"}},{"@type":"Person","@id":"https:\/\/www.eldigitaldeasturias.com\/noticias\/author\/admin\/#author","url":"https:\/\/www.eldigitaldeasturias.com\/noticias\/author\/admin\/","name":"El Digital de Asturias","image":{"@type":"ImageObject","@id":"https:\/\/www.eldigitaldeasturias.com\/noticias\/san-fernando-de-henares-muere-un-conductor-tras-quedar-su-vehiculo-bajo-la-cabina-de-un-camion\/#authorImage","url":"https:\/\/secure.gravatar.com\/avatar\/df2aeffc32bcd13f8d26072ef8a91b623d677766deac7f97ca815868cd41bf5e?s=96&d=mm&r=g","width":96,"height":96,"caption":"El Digital de Asturias"}},{"@type":"WebPage","@id":"https:\/\/www.eldigitaldeasturias.com\/noticias\/san-fernando-de-henares-muere-un-conductor-tras-quedar-su-vehiculo-bajo-la-cabina-de-un-camion\/#webpage","url":"https:\/\/www.eldigitaldeasturias.com\/noticias\/san-fernando-de-henares-muere-un-conductor-tras-quedar-su-vehiculo-bajo-la-cabina-de-un-camion\/","name":"San Fernando de Henares : Muere un conductor tras quedar su veh\u00edculo bajo la cabina de un cami\u00f3n - El Digital de Asturias","description":"Madrid, 10 dic (EFE).- Un hombre, a\u00fan no identificado, ha muerto esta noche tras quedar su autom\u00f3vil bajo la cabina de un trailer, en un accidente en San Fernando de Henares en el que tambi\u00e9n se vio implicado otro cami\u00f3n en la carretera de circunvalaci\u00f3n a Madrid M-45. Un portavoz de Emergencias 112 ha contado","inLanguage":"es-ES","isPartOf":{"@id":"https:\/\/www.eldigitaldeasturias.com\/noticias\/#website"},"breadcrumb":{"@id":"https:\/\/www.eldigitaldeasturias.com\/noticias\/san-fernando-de-henares-muere-un-conductor-tras-quedar-su-vehiculo-bajo-la-cabina-de-un-camion\/#breadcrumblist"},"author":{"@id":"https:\/\/www.eldigitaldeasturias.com\/noticias\/author\/admin\/#author"},"creator":{"@id":"https:\/\/www.eldigitaldeasturias.com\/noticias\/author\/admin\/#author"},"image":{"@type":"ImageObject","url":459983,"@id":"https:\/\/www.eldigitaldeasturias.com\/noticias\/san-fernando-de-henares-muere-un-conductor-tras-quedar-su-vehiculo-bajo-la-cabina-de-un-camion\/#mainImage"},"primaryImageOfPage":{"@id":"https:\/\/www.eldigitaldeasturias.com\/noticias\/san-fernando-de-henares-muere-un-conductor-tras-quedar-su-vehiculo-bajo-la-cabina-de-un-camion\/#mainImage"},"datePublished":"2013-12-10T09:15:52+01:00","dateModified":"2013-12-10T09:15:52+01:00"},{"@type":"WebSite","@id":"https:\/\/www.eldigitaldeasturias.com\/noticias\/#website","url":"https:\/\/www.eldigitaldeasturias.com\/noticias\/","name":"El Digital de Asturias - Diario de actualidad y noticias","alternateName":"El Digital de Asturias - Diario de actualidad y noticias","description":"Hemeroteca","inLanguage":"es-ES","publisher":{"@id":"https:\/\/www.eldigitaldeasturias.com\/noticias\/#organization"}}]},"og:locale":"es_ES","og:site_name":"El Digital de Asturias","og:type":"article","og:title":"San Fernando de Henares : Muere un conductor tras quedar su veh\u00edculo bajo la cabina de un cami\u00f3n - El Digital de Asturias","og:description":"Madrid, 10 dic (EFE).- Un hombre, a\u00fan no identificado, ha muerto esta noche tras quedar su autom\u00f3vil bajo la cabina de un trailer, en un accidente en San Fernando de Henares en el que tambi\u00e9n se vio implicado otro cami\u00f3n en la carretera de circunvalaci\u00f3n a Madrid M-45. Un portavoz de Emergencias 112 ha contado","og:url":"https:\/\/www.eldigitaldeasturias.com\/noticias\/san-fernando-de-henares-muere-un-conductor-tras-quedar-su-vehiculo-bajo-la-cabina-de-un-camion\/","article:tag":["sucesos"],"article:published_time":"2013-12-10T10:15:52+00:00","article:modified_time":"2013-12-10T10:15:52+00:00","article:publisher":"https:\/\/facebook.com\/eldigitaldeasturias","twitter:card":"summary_large_image","twitter:title":"San Fernando de Henares : Muere un conductor tras quedar su veh\u00edculo bajo la cabina de un cami\u00f3n - El Digital de Asturias","twitter:description":"Madrid, 10 dic (EFE).- Un hombre, a\u00fan no identificado, ha muerto esta noche tras quedar su autom\u00f3vil bajo la cabina de un trailer, en un accidente en San Fernando de Henares en el que tambi\u00e9n se vio implicado otro cami\u00f3n en la carretera de circunvalaci\u00f3n a Madrid M-45. Un portavoz de Emergencias 112 ha contado","twitter:label1":"Escrito por","twitter:data1":"El Digital de Asturias","twitter:label2":"Tiempo de lectura estimado","twitter:data2":"1 minuto"},"aioseo_meta_data":{"post_id":"459982","title":null,"description":null,"keywords":null,"keyphrases":null,"primary_term":null,"canonical_url":null,"og_title":null,"og_description":null,"og_object_type":"default","og_image_type":"default","og_image_url":null,"og_image_width":null,"og_image_height":null,"og_image_custom_url":null,"og_image_custom_fields":null,"og_video":null,"og_custom_url":null,"og_article_section":null,"og_article_tags":null,"twitter_use_og":true,"twitter_card":"default","twitter_image_type":"default","twitter_image_url":null,"twitter_image_custom_url":null,"twitter_image_custom_fields":null,"twitter_title":null,"twitter_description":null,"schema":{"blockGraphs":[],"customGraphs":[],"default":{"data":{"Article":[],"Course":[],"Dataset":[],"FAQPage":[],"Movie":[],"Person":[],"Product":[],"ProductReview":[],"Car":[],"Recipe":[],"Service":[],"SoftwareApplication":[],"WebPage":[]},"graphName":"","isEnabled":true},"graphs":[],"defaultGraph":"","defaultPostTypeGraph":""},"schema_type":null,"schema_type_options":null,"pillar_content":false,"robots_default":true,"robots_noindex":false,"robots_noarchive":false,"robots_nosnippet":false,"robots_nofollow":false,"robots_noimageindex":false,"robots_noodp":false,"robots_notranslate":false,"robots_max_snippet":null,"robots_max_videopreview":null,"robots_max_imagepreview":"none","priority":null,"frequency":null,"local_seo":null,"seo_analyzer_scan_date":"2026-05-30 11:18:05","breadcrumb_settings":null,"limit_modified_date":false,"open_ai":null,"ai":null,"created":"2020-11-14 22:47:40","updated":"2026-05-30 11:18:05","focus_keyword":null,"additional_keywords":null,"truseo_locale":null},"aioseo_breadcrumb":"<div class=\"aioseo-breadcrumbs\"><span class=\"aioseo-breadcrumb\">\n\t<a href=\"https:\/\/www.eldigitaldeasturias.com\/noticias\" title=\"Home\">Home<\/a>\n<\/span><span class=\"aioseo-breadcrumb-separator\">\u2013<\/span><span class=\"aioseo-breadcrumb\">\n\t<a href=\"https:\/\/www.eldigitaldeasturias.com\/noticias\/category\/sucesos\/\" title=\"Sucesos\">Sucesos<\/a>\n<\/span><span class=\"aioseo-breadcrumb-separator\">\u2013<\/span><span class=\"aioseo-breadcrumb\">\n\t<a href=\"https:\/\/www.eldigitaldeasturias.com\/noticias\/san-fernando-de-henares-muere-un-conductor-tras-quedar-su-vehiculo-bajo-la-cabina-de-un-camion\/\" title=\"San Fernando de Henares : Muere un conductor tras quedar su veh\u00edculo bajo la cabina de un cami\u00f3n\">San Fernando de Henares : Muere un conductor tras quedar su veh\u00edculo bajo la cabina de un cami\u00f3n<\/a>\n<\/span><\/div>","aioseo_breadcrumb_json":[{"label":"Home","link":"https:\/\/www.eldigitaldeasturias.com\/noticias"},{"label":"Sucesos","link":"https:\/\/www.eldigitaldeasturias.com\/noticias\/category\/sucesos\/"},{"label":"San Fernando de Henares : Muere un conductor tras quedar su veh\u00edculo bajo la cabina de un cami\u00f3n","link":"https:\/\/www.eldigitaldeasturias.com\/noticias\/san-fernando-de-henares-muere-un-conductor-tras-quedar-su-vehiculo-bajo-la-cabina-de-un-camion\/"}],"_links":{"self":[{"href":"https:\/\/www.eldigitaldeasturias.com\/noticias\/wp-json\/wp\/v2\/posts\/459982","targetHints":{"allow":["GET"]}}],"collection":[{"href":"https:\/\/www.eldigitaldeasturias.com\/noticias\/wp-json\/wp\/v2\/posts"}],"about":[{"href":"https:\/\/www.eldigitaldeasturias.com\/noticias\/wp-json\/wp\/v2\/types\/post"}],"author":[{"embeddable":true,"href":"https:\/\/www.eldigitaldeasturias.com\/noticias\/wp-json\/wp\/v2\/users\/1"}],"replies":[{"embeddable":true,"href":"https:\/\/www.eldigitaldeasturias.com\/noticias\/wp-json\/wp\/v2\/comments?post=459982"}],"version-history":[{"count":0,"href":"https:\/\/www.eldigitaldeasturias.com\/noticias\/wp-json\/wp\/v2\/posts\/459982\/revisions"}],"wp:attachment":[{"href":"https:\/\/www.eldigitaldeasturias.com\/noticias\/wp-json\/wp\/v2\/media?parent=459982"}],"wp:term":[{"taxonomy":"category","embeddable":true,"href":"https:\/\/www.eldigitaldeasturias.com\/noticias\/wp-json\/wp\/v2\/categories?post=459982"},{"taxonomy":"post_tag","embeddable":true,"href":"https:\/\/www.eldigitaldeasturias.com\/noticias\/wp-json\/wp\/v2\/tags?post=459982"}],"curies":[{"name":"wp","href":"https:\/\/api.w.org\/{rel}","templated":true}]}}