{"id":459976,"date":"2013-12-10T09:02:01","date_gmt":"2013-12-10T10:02:01","guid":{"rendered":"http:\/\/www.eldigitaldeasturias.com\/noticias\/?p=459976"},"modified":"2013-12-10T09:02:01","modified_gmt":"2013-12-10T10:02:01","slug":"secuestrado-en-siria-el-enviado-especial-de-el-mundo-javier-espinosa","status":"publish","type":"post","link":"https:\/\/www.eldigitaldeasturias.com\/noticias\/secuestrado-en-siria-el-enviado-especial-de-el-mundo-javier-espinosa\/","title":{"rendered":"Secuestrado en Siria el enviado especial de El Mundo, Javier Espinosa"},"content":{"rendered":"<p><img loading=\"lazy\" decoding=\"async\" class=\"alignleft size-medium wp-image-459977\" alt=\"5782859w\" src=\"https:\/\/www.eldigitaldeasturias.com\/noticias\/wp-content\/uploads\/2013\/12\/5782859w-360x279.jpg\" width=\"360\" height=\"279\" \/>Madrid, 10 dic (EFE).- El periodista Javier Espinosa, enviado especial del diario El Mundo al conflicto sirio, se encuentra secuestrado por el grupo Estado Isl\u00e1mico de Irak y Siria (ISIS), junto al reportero gr\u00e1fico Ricardo Garc\u00eda Vilanova, en la provincia de Raqqa, seg\u00fan public\u00f3 hoy El Mundo.<\/p>\n<p>El diario informa en su edici\u00f3n de hoy de que el secuestro se produjo el pasado 16 de septiembre en el punto de control de Tal Abyad, situado en la provincia de Raqqa y a pocos kil\u00f3metros de Turqu\u00eda, cuando los periodistas trataban de abandonar el territorio sirio.<\/p>\n<p>El Mundo se\u00f1ala que no se ha informado hasta ahora del secuestro de Espinosa, que se produjo hace casi tres meses, por la discreci\u00f3n exigida por los contactos indirectos que se han mantenido con los secuestradores, que, seg\u00fan el diario, no han revelado qu\u00e9 pretenden obtener a cambio de las vidas de los dos periodistas.<\/p>\n<p>Los reporteros fueron capturados junto a cuatro combatientes de Ahfad al Moustapha -una de las brigadas del FSA (Free Syrian Army, en sus siglas en ingl\u00e9s-, que les ofrec\u00edan protecci\u00f3n y que fueron liberados doce d\u00edas despu\u00e9s del secuestro.<\/p>\n<p>Javier Espinosa, nacido en M\u00e1laga en 1964 y licenciado en Periodismo por la Universidad Complutense de Madrid, ya fue secuestrado en 1999 en Sierra Leona y fue evacuado del centro de prensa de la localidad de Homs tras los bombardeos del ej\u00e9rcito sirio a esta ciudad durante el 22 de febrero de 2012.<\/p>\n","protected":false},"excerpt":{"rendered":"<p>Madrid, 10 dic (EFE).- El periodista Javier Espinosa, enviado especial del diario El Mundo al conflicto sirio, se encuentra secuestrado por el grupo Estado Isl\u00e1mico de Irak y Siria (ISIS), junto al reportero gr\u00e1fico Ricardo Garc\u00eda Vilanova, en la provincia de Raqqa, seg\u00fan public\u00f3 hoy El Mundo. El diario informa en su edici\u00f3n de hoy [&hellip;]<\/p>\n","protected":false},"author":1,"featured_media":459977,"comment_status":"closed","ping_status":"open","sticky":false,"template":"","format":"standard","meta":{"footnotes":""},"categories":[5],"tags":[],"class_list":["post-459976","post","type-post","status-publish","format-standard","has-post-thumbnail","hentry","category-sucesos"],"aioseo_notices":[],"aioseo_head":"\n\t\t<!-- All in One SEO Pro 5.0.1 - aioseo.com -->\n\t<meta name=\"description\" content=\"Madrid, 10 dic (EFE).- El periodista Javier Espinosa, enviado especial del diario El Mundo al conflicto sirio, se encuentra secuestrado por el grupo Estado Isl\u00e1mico de Irak y Siria (ISIS), junto al reportero gr\u00e1fico Ricardo Garc\u00eda Vilanova, en la provincia de Raqqa, seg\u00fan public\u00f3 hoy El Mundo. El diario informa en su edici\u00f3n de hoy\" \/>\n\t<meta name=\"robots\" content=\"max-image-preview:large\" \/>\n\t<meta name=\"author\" content=\"El Digital de Asturias\"\/>\n\t<meta name=\"google-site-verification\" content=\"UA-38556648-1\" \/>\n\t<meta name=\"msvalidate.01\" content=\"7dfe9f3f1b24437ab69f4f2559babe99\" \/>\n\t<meta name=\"keywords\" content=\"sucesos\" \/>\n\t<link rel=\"canonical\" href=\"https:\/\/www.eldigitaldeasturias.com\/noticias\/secuestrado-en-siria-el-enviado-especial-de-el-mundo-javier-espinosa\/\" \/>\n\t<meta name=\"generator\" content=\"All in One SEO Pro (AIOSEO) 5.0.1\" \/>\n\t\t<meta property=\"og:locale\" content=\"es_ES\" \/>\n\t\t<meta property=\"og:site_name\" content=\"El Digital de Asturias\" \/>\n\t\t<meta property=\"og:type\" content=\"article\" \/>\n\t\t<meta property=\"og:title\" content=\"Secuestrado en Siria el enviado especial de El Mundo, Javier Espinosa - El Digital de Asturias\" \/>\n\t\t<meta property=\"og:description\" content=\"Madrid, 10 dic (EFE).- El periodista Javier Espinosa, enviado especial del diario El Mundo al conflicto sirio, se encuentra secuestrado por el grupo Estado Isl\u00e1mico de Irak y Siria (ISIS), junto al reportero gr\u00e1fico Ricardo Garc\u00eda Vilanova, en la provincia de Raqqa, seg\u00fan public\u00f3 hoy El Mundo. El diario informa en su edici\u00f3n de hoy\" \/>\n\t\t<meta property=\"og:url\" content=\"https:\/\/www.eldigitaldeasturias.com\/noticias\/secuestrado-en-siria-el-enviado-especial-de-el-mundo-javier-espinosa\/\" \/>\n\t\t<meta property=\"article:tag\" content=\"sucesos\" \/>\n\t\t<meta property=\"article:published_time\" content=\"2013-12-10T10:02:01+00:00\" \/>\n\t\t<meta property=\"article:modified_time\" content=\"2013-12-10T10:02:01+00:00\" \/>\n\t\t<meta property=\"article:publisher\" content=\"https:\/\/facebook.com\/eldigitaldeasturias\" \/>\n\t\t<meta name=\"twitter:card\" content=\"summary_large_image\" \/>\n\t\t<meta name=\"twitter:title\" content=\"Secuestrado en Siria el enviado especial de El Mundo, Javier Espinosa - El Digital de Asturias\" \/>\n\t\t<meta name=\"twitter:description\" content=\"Madrid, 10 dic (EFE).- El periodista Javier Espinosa, enviado especial del diario El Mundo al conflicto sirio, se encuentra secuestrado por el grupo Estado Isl\u00e1mico de Irak y Siria (ISIS), junto al reportero gr\u00e1fico Ricardo Garc\u00eda Vilanova, en la provincia de Raqqa, seg\u00fan public\u00f3 hoy El Mundo. El diario informa en su edici\u00f3n de hoy\" \/>\n\t\t<meta name=\"twitter:label1\" content=\"Escrito por\" \/>\n\t\t<meta name=\"twitter:data1\" content=\"El Digital de Asturias\" \/>\n\t\t<meta name=\"twitter:label2\" content=\"Tiempo de lectura estimado\" \/>\n\t\t<meta name=\"twitter:data2\" content=\"1 minuto\" \/>\n\t\t<script type=\"application\/ld+json\" class=\"aioseo-schema\">\n\t\t\t{\"@context\":\"https:\\\/\\\/schema.org\",\"@graph\":[{\"@type\":\"BlogPosting\",\"@id\":\"https:\\\/\\\/www.eldigitaldeasturias.com\\\/noticias\\\/secuestrado-en-siria-el-enviado-especial-de-el-mundo-javier-espinosa\\\/#blogposting\",\"name\":\"Secuestrado en Siria el enviado especial de El Mundo, Javier Espinosa - El Digital de Asturias\",\"headline\":\"Secuestrado en Siria el enviado especial de El Mundo, Javier Espinosa\",\"author\":{\"@id\":\"https:\\\/\\\/www.eldigitaldeasturias.com\\\/noticias\\\/author\\\/admin\\\/#author\"},\"publisher\":{\"@id\":\"https:\\\/\\\/www.eldigitaldeasturias.com\\\/noticias\\\/#organization\"},\"image\":{\"@type\":\"ImageObject\",\"url\":459977},\"datePublished\":\"2013-12-10T09:02:01+01:00\",\"dateModified\":\"2013-12-10T09:02:01+01:00\",\"inLanguage\":\"es-ES\",\"mainEntityOfPage\":{\"@id\":\"https:\\\/\\\/www.eldigitaldeasturias.com\\\/noticias\\\/secuestrado-en-siria-el-enviado-especial-de-el-mundo-javier-espinosa\\\/#webpage\"},\"isPartOf\":{\"@id\":\"https:\\\/\\\/www.eldigitaldeasturias.com\\\/noticias\\\/secuestrado-en-siria-el-enviado-especial-de-el-mundo-javier-espinosa\\\/#webpage\"},\"articleSection\":\"Sucesos\"},{\"@type\":\"BreadcrumbList\",\"@id\":\"https:\\\/\\\/www.eldigitaldeasturias.com\\\/noticias\\\/secuestrado-en-siria-el-enviado-especial-de-el-mundo-javier-espinosa\\\/#breadcrumblist\",\"itemListElement\":[{\"@type\":\"ListItem\",\"@id\":\"https:\\\/\\\/www.eldigitaldeasturias.com\\\/noticias#listItem\",\"position\":1,\"name\":\"Home\",\"item\":\"https:\\\/\\\/www.eldigitaldeasturias.com\\\/noticias\",\"nextItem\":{\"@type\":\"ListItem\",\"@id\":\"https:\\\/\\\/www.eldigitaldeasturias.com\\\/noticias\\\/category\\\/sucesos\\\/#listItem\",\"name\":\"Sucesos\"}},{\"@type\":\"ListItem\",\"@id\":\"https:\\\/\\\/www.eldigitaldeasturias.com\\\/noticias\\\/category\\\/sucesos\\\/#listItem\",\"position\":2,\"name\":\"Sucesos\",\"item\":\"https:\\\/\\\/www.eldigitaldeasturias.com\\\/noticias\\\/category\\\/sucesos\\\/\",\"nextItem\":{\"@type\":\"ListItem\",\"@id\":\"https:\\\/\\\/www.eldigitaldeasturias.com\\\/noticias\\\/secuestrado-en-siria-el-enviado-especial-de-el-mundo-javier-espinosa\\\/#listItem\",\"name\":\"Secuestrado en Siria el enviado especial de El Mundo, Javier Espinosa\"},\"previousItem\":{\"@type\":\"ListItem\",\"@id\":\"https:\\\/\\\/www.eldigitaldeasturias.com\\\/noticias#listItem\",\"name\":\"Home\"}},{\"@type\":\"ListItem\",\"@id\":\"https:\\\/\\\/www.eldigitaldeasturias.com\\\/noticias\\\/secuestrado-en-siria-el-enviado-especial-de-el-mundo-javier-espinosa\\\/#listItem\",\"position\":3,\"name\":\"Secuestrado en Siria el enviado especial de El Mundo, Javier Espinosa\",\"previousItem\":{\"@type\":\"ListItem\",\"@id\":\"https:\\\/\\\/www.eldigitaldeasturias.com\\\/noticias\\\/category\\\/sucesos\\\/#listItem\",\"name\":\"Sucesos\"}}]},{\"@type\":\"Organization\",\"@id\":\"https:\\\/\\\/www.eldigitaldeasturias.com\\\/noticias\\\/#organization\",\"name\":\"El Digital de Asturias\",\"description\":\"Hemeroteca\",\"url\":\"https:\\\/\\\/www.eldigitaldeasturias.com\\\/noticias\\\/\",\"email\":\"info@eldigitaldeasturias.com\",\"telephone\":\"+34652131393\",\"logo\":{\"@type\":\"ImageObject\",\"url\":\"https:\\\/\\\/www.eldigitaldeasturias.com\\\/noticias\\\/wp-content\\\/uploads\\\/2020\\\/12\\\/EDA.jpg\",\"@id\":\"https:\\\/\\\/www.eldigitaldeasturias.com\\\/noticias\\\/secuestrado-en-siria-el-enviado-especial-de-el-mundo-javier-espinosa\\\/#organizationLogo\"},\"image\":{\"@id\":\"https:\\\/\\\/www.eldigitaldeasturias.com\\\/noticias\\\/secuestrado-en-siria-el-enviado-especial-de-el-mundo-javier-espinosa\\\/#organizationLogo\"},\"sameAs\":[\"https:\\\/\\\/facebook.com\\\/eldigitaldeasturias\",\"https:\\\/\\\/www.youtube.com\\\/channel\\\/UCZP-2wLEB9Rv6erhFmqVnvg\"],\"address\":{\"@id\":\"https:\\\/\\\/www.eldigitaldeasturias.com\\\/noticias\\\/#postaladdress\",\"@type\":\"PostalAddress\",\"streetAddress\":\"san antonio 4\",\"postalCode\":\"33430\",\"addressLocality\":\"Cand\\u00e1s\",\"addressRegion\":\"Asturias\",\"addressCountry\":\"ES\"}},{\"@type\":\"Person\",\"@id\":\"https:\\\/\\\/www.eldigitaldeasturias.com\\\/noticias\\\/author\\\/admin\\\/#author\",\"url\":\"https:\\\/\\\/www.eldigitaldeasturias.com\\\/noticias\\\/author\\\/admin\\\/\",\"name\":\"El Digital de Asturias\",\"image\":{\"@type\":\"ImageObject\",\"@id\":\"https:\\\/\\\/www.eldigitaldeasturias.com\\\/noticias\\\/secuestrado-en-siria-el-enviado-especial-de-el-mundo-javier-espinosa\\\/#authorImage\",\"url\":\"https:\\\/\\\/secure.gravatar.com\\\/avatar\\\/df2aeffc32bcd13f8d26072ef8a91b623d677766deac7f97ca815868cd41bf5e?s=96&d=mm&r=g\",\"width\":96,\"height\":96,\"caption\":\"El Digital de Asturias\"}},{\"@type\":\"WebPage\",\"@id\":\"https:\\\/\\\/www.eldigitaldeasturias.com\\\/noticias\\\/secuestrado-en-siria-el-enviado-especial-de-el-mundo-javier-espinosa\\\/#webpage\",\"url\":\"https:\\\/\\\/www.eldigitaldeasturias.com\\\/noticias\\\/secuestrado-en-siria-el-enviado-especial-de-el-mundo-javier-espinosa\\\/\",\"name\":\"Secuestrado en Siria el enviado especial de El Mundo, Javier Espinosa - El Digital de Asturias\",\"description\":\"Madrid, 10 dic (EFE).- El periodista Javier Espinosa, enviado especial del diario El Mundo al conflicto sirio, se encuentra secuestrado por el grupo Estado Isl\\u00e1mico de Irak y Siria (ISIS), junto al reportero gr\\u00e1fico Ricardo Garc\\u00eda Vilanova, en la provincia de Raqqa, seg\\u00fan public\\u00f3 hoy El Mundo. El diario informa en su edici\\u00f3n de hoy\",\"inLanguage\":\"es-ES\",\"isPartOf\":{\"@id\":\"https:\\\/\\\/www.eldigitaldeasturias.com\\\/noticias\\\/#website\"},\"breadcrumb\":{\"@id\":\"https:\\\/\\\/www.eldigitaldeasturias.com\\\/noticias\\\/secuestrado-en-siria-el-enviado-especial-de-el-mundo-javier-espinosa\\\/#breadcrumblist\"},\"author\":{\"@id\":\"https:\\\/\\\/www.eldigitaldeasturias.com\\\/noticias\\\/author\\\/admin\\\/#author\"},\"creator\":{\"@id\":\"https:\\\/\\\/www.eldigitaldeasturias.com\\\/noticias\\\/author\\\/admin\\\/#author\"},\"image\":{\"@type\":\"ImageObject\",\"url\":459977,\"@id\":\"https:\\\/\\\/www.eldigitaldeasturias.com\\\/noticias\\\/secuestrado-en-siria-el-enviado-especial-de-el-mundo-javier-espinosa\\\/#mainImage\"},\"primaryImageOfPage\":{\"@id\":\"https:\\\/\\\/www.eldigitaldeasturias.com\\\/noticias\\\/secuestrado-en-siria-el-enviado-especial-de-el-mundo-javier-espinosa\\\/#mainImage\"},\"datePublished\":\"2013-12-10T09:02:01+01:00\",\"dateModified\":\"2013-12-10T09:02:01+01:00\"},{\"@type\":\"WebSite\",\"@id\":\"https:\\\/\\\/www.eldigitaldeasturias.com\\\/noticias\\\/#website\",\"url\":\"https:\\\/\\\/www.eldigitaldeasturias.com\\\/noticias\\\/\",\"name\":\"El Digital de Asturias - Diario de actualidad y noticias\",\"alternateName\":\"El Digital de Asturias - Diario de actualidad y noticias\",\"description\":\"Hemeroteca\",\"inLanguage\":\"es-ES\",\"publisher\":{\"@id\":\"https:\\\/\\\/www.eldigitaldeasturias.com\\\/noticias\\\/#organization\"}}]}\n\t\t<\/script>\n\t\t<!-- All in One SEO Pro -->\r\n\t\t<title>Secuestrado en Siria el enviado especial de El Mundo, Javier Espinosa - El Digital de Asturias<\/title>\n\n","aioseo_head_json":{"title":"Secuestrado en Siria el enviado especial de El Mundo, Javier Espinosa - El Digital de Asturias","description":"Madrid, 10 dic (EFE).- El periodista Javier Espinosa, enviado especial del diario El Mundo al conflicto sirio, se encuentra secuestrado por el grupo Estado Isl\u00e1mico de Irak y Siria (ISIS), junto al reportero gr\u00e1fico Ricardo Garc\u00eda Vilanova, en la provincia de Raqqa, seg\u00fan public\u00f3 hoy El Mundo. El diario informa en su edici\u00f3n de hoy","canonical_url":"https:\/\/www.eldigitaldeasturias.com\/noticias\/secuestrado-en-siria-el-enviado-especial-de-el-mundo-javier-espinosa\/","robots":"max-image-preview:large","keywords":"sucesos","webmasterTools":{"google-site-verification":"UA-38556648-1","msvalidate.01":"7dfe9f3f1b24437ab69f4f2559babe99","miscellaneous":""},"schema":{"@context":"https:\/\/schema.org","@graph":[{"@type":"BlogPosting","@id":"https:\/\/www.eldigitaldeasturias.com\/noticias\/secuestrado-en-siria-el-enviado-especial-de-el-mundo-javier-espinosa\/#blogposting","name":"Secuestrado en Siria el enviado especial de El Mundo, Javier Espinosa - El Digital de Asturias","headline":"Secuestrado en Siria el enviado especial de El Mundo, Javier Espinosa","author":{"@id":"https:\/\/www.eldigitaldeasturias.com\/noticias\/author\/admin\/#author"},"publisher":{"@id":"https:\/\/www.eldigitaldeasturias.com\/noticias\/#organization"},"image":{"@type":"ImageObject","url":459977},"datePublished":"2013-12-10T09:02:01+01:00","dateModified":"2013-12-10T09:02:01+01:00","inLanguage":"es-ES","mainEntityOfPage":{"@id":"https:\/\/www.eldigitaldeasturias.com\/noticias\/secuestrado-en-siria-el-enviado-especial-de-el-mundo-javier-espinosa\/#webpage"},"isPartOf":{"@id":"https:\/\/www.eldigitaldeasturias.com\/noticias\/secuestrado-en-siria-el-enviado-especial-de-el-mundo-javier-espinosa\/#webpage"},"articleSection":"Sucesos"},{"@type":"BreadcrumbList","@id":"https:\/\/www.eldigitaldeasturias.com\/noticias\/secuestrado-en-siria-el-enviado-especial-de-el-mundo-javier-espinosa\/#breadcrumblist","itemListElement":[{"@type":"ListItem","@id":"https:\/\/www.eldigitaldeasturias.com\/noticias#listItem","position":1,"name":"Home","item":"https:\/\/www.eldigitaldeasturias.com\/noticias","nextItem":{"@type":"ListItem","@id":"https:\/\/www.eldigitaldeasturias.com\/noticias\/category\/sucesos\/#listItem","name":"Sucesos"}},{"@type":"ListItem","@id":"https:\/\/www.eldigitaldeasturias.com\/noticias\/category\/sucesos\/#listItem","position":2,"name":"Sucesos","item":"https:\/\/www.eldigitaldeasturias.com\/noticias\/category\/sucesos\/","nextItem":{"@type":"ListItem","@id":"https:\/\/www.eldigitaldeasturias.com\/noticias\/secuestrado-en-siria-el-enviado-especial-de-el-mundo-javier-espinosa\/#listItem","name":"Secuestrado en Siria el enviado especial de El Mundo, Javier Espinosa"},"previousItem":{"@type":"ListItem","@id":"https:\/\/www.eldigitaldeasturias.com\/noticias#listItem","name":"Home"}},{"@type":"ListItem","@id":"https:\/\/www.eldigitaldeasturias.com\/noticias\/secuestrado-en-siria-el-enviado-especial-de-el-mundo-javier-espinosa\/#listItem","position":3,"name":"Secuestrado en Siria el enviado especial de El Mundo, Javier Espinosa","previousItem":{"@type":"ListItem","@id":"https:\/\/www.eldigitaldeasturias.com\/noticias\/category\/sucesos\/#listItem","name":"Sucesos"}}]},{"@type":"Organization","@id":"https:\/\/www.eldigitaldeasturias.com\/noticias\/#organization","name":"El Digital de Asturias","description":"Hemeroteca","url":"https:\/\/www.eldigitaldeasturias.com\/noticias\/","email":"info@eldigitaldeasturias.com","telephone":"+34652131393","logo":{"@type":"ImageObject","url":"https:\/\/www.eldigitaldeasturias.com\/noticias\/wp-content\/uploads\/2020\/12\/EDA.jpg","@id":"https:\/\/www.eldigitaldeasturias.com\/noticias\/secuestrado-en-siria-el-enviado-especial-de-el-mundo-javier-espinosa\/#organizationLogo"},"image":{"@id":"https:\/\/www.eldigitaldeasturias.com\/noticias\/secuestrado-en-siria-el-enviado-especial-de-el-mundo-javier-espinosa\/#organizationLogo"},"sameAs":["https:\/\/facebook.com\/eldigitaldeasturias","https:\/\/www.youtube.com\/channel\/UCZP-2wLEB9Rv6erhFmqVnvg"],"address":{"@id":"https:\/\/www.eldigitaldeasturias.com\/noticias\/#postaladdress","@type":"PostalAddress","streetAddress":"san antonio 4","postalCode":"33430","addressLocality":"Cand\u00e1s","addressRegion":"Asturias","addressCountry":"ES"}},{"@type":"Person","@id":"https:\/\/www.eldigitaldeasturias.com\/noticias\/author\/admin\/#author","url":"https:\/\/www.eldigitaldeasturias.com\/noticias\/author\/admin\/","name":"El Digital de Asturias","image":{"@type":"ImageObject","@id":"https:\/\/www.eldigitaldeasturias.com\/noticias\/secuestrado-en-siria-el-enviado-especial-de-el-mundo-javier-espinosa\/#authorImage","url":"https:\/\/secure.gravatar.com\/avatar\/df2aeffc32bcd13f8d26072ef8a91b623d677766deac7f97ca815868cd41bf5e?s=96&d=mm&r=g","width":96,"height":96,"caption":"El Digital de Asturias"}},{"@type":"WebPage","@id":"https:\/\/www.eldigitaldeasturias.com\/noticias\/secuestrado-en-siria-el-enviado-especial-de-el-mundo-javier-espinosa\/#webpage","url":"https:\/\/www.eldigitaldeasturias.com\/noticias\/secuestrado-en-siria-el-enviado-especial-de-el-mundo-javier-espinosa\/","name":"Secuestrado en Siria el enviado especial de El Mundo, Javier Espinosa - El Digital de Asturias","description":"Madrid, 10 dic (EFE).- El periodista Javier Espinosa, enviado especial del diario El Mundo al conflicto sirio, se encuentra secuestrado por el grupo Estado Isl\u00e1mico de Irak y Siria (ISIS), junto al reportero gr\u00e1fico Ricardo Garc\u00eda Vilanova, en la provincia de Raqqa, seg\u00fan public\u00f3 hoy El Mundo. El diario informa en su edici\u00f3n de hoy","inLanguage":"es-ES","isPartOf":{"@id":"https:\/\/www.eldigitaldeasturias.com\/noticias\/#website"},"breadcrumb":{"@id":"https:\/\/www.eldigitaldeasturias.com\/noticias\/secuestrado-en-siria-el-enviado-especial-de-el-mundo-javier-espinosa\/#breadcrumblist"},"author":{"@id":"https:\/\/www.eldigitaldeasturias.com\/noticias\/author\/admin\/#author"},"creator":{"@id":"https:\/\/www.eldigitaldeasturias.com\/noticias\/author\/admin\/#author"},"image":{"@type":"ImageObject","url":459977,"@id":"https:\/\/www.eldigitaldeasturias.com\/noticias\/secuestrado-en-siria-el-enviado-especial-de-el-mundo-javier-espinosa\/#mainImage"},"primaryImageOfPage":{"@id":"https:\/\/www.eldigitaldeasturias.com\/noticias\/secuestrado-en-siria-el-enviado-especial-de-el-mundo-javier-espinosa\/#mainImage"},"datePublished":"2013-12-10T09:02:01+01:00","dateModified":"2013-12-10T09:02:01+01:00"},{"@type":"WebSite","@id":"https:\/\/www.eldigitaldeasturias.com\/noticias\/#website","url":"https:\/\/www.eldigitaldeasturias.com\/noticias\/","name":"El Digital de Asturias - Diario de actualidad y noticias","alternateName":"El Digital de Asturias - Diario de actualidad y noticias","description":"Hemeroteca","inLanguage":"es-ES","publisher":{"@id":"https:\/\/www.eldigitaldeasturias.com\/noticias\/#organization"}}]},"og:locale":"es_ES","og:site_name":"El Digital de Asturias","og:type":"article","og:title":"Secuestrado en Siria el enviado especial de El Mundo, Javier Espinosa - El Digital de Asturias","og:description":"Madrid, 10 dic (EFE).- El periodista Javier Espinosa, enviado especial del diario El Mundo al conflicto sirio, se encuentra secuestrado por el grupo Estado Isl\u00e1mico de Irak y Siria (ISIS), junto al reportero gr\u00e1fico Ricardo Garc\u00eda Vilanova, en la provincia de Raqqa, seg\u00fan public\u00f3 hoy El Mundo. El diario informa en su edici\u00f3n de hoy","og:url":"https:\/\/www.eldigitaldeasturias.com\/noticias\/secuestrado-en-siria-el-enviado-especial-de-el-mundo-javier-espinosa\/","article:tag":["sucesos"],"article:published_time":"2013-12-10T10:02:01+00:00","article:modified_time":"2013-12-10T10:02:01+00:00","article:publisher":"https:\/\/facebook.com\/eldigitaldeasturias","twitter:card":"summary_large_image","twitter:title":"Secuestrado en Siria el enviado especial de El Mundo, Javier Espinosa - El Digital de Asturias","twitter:description":"Madrid, 10 dic (EFE).- El periodista Javier Espinosa, enviado especial del diario El Mundo al conflicto sirio, se encuentra secuestrado por el grupo Estado Isl\u00e1mico de Irak y Siria (ISIS), junto al reportero gr\u00e1fico Ricardo Garc\u00eda Vilanova, en la provincia de Raqqa, seg\u00fan public\u00f3 hoy El Mundo. El diario informa en su edici\u00f3n de hoy","twitter:label1":"Escrito por","twitter:data1":"El Digital de Asturias","twitter:label2":"Tiempo de lectura estimado","twitter:data2":"1 minuto"},"aioseo_meta_data":{"post_id":"459976","title":null,"description":null,"keywords":null,"keyphrases":null,"primary_term":null,"canonical_url":null,"og_title":null,"og_description":null,"og_object_type":"default","og_image_type":"default","og_image_url":null,"og_image_width":null,"og_image_height":null,"og_image_custom_url":null,"og_image_custom_fields":null,"og_video":null,"og_custom_url":null,"og_article_section":null,"og_article_tags":null,"twitter_use_og":true,"twitter_card":"default","twitter_image_type":"default","twitter_image_url":null,"twitter_image_custom_url":null,"twitter_image_custom_fields":null,"twitter_title":null,"twitter_description":null,"schema":{"blockGraphs":[],"customGraphs":[],"default":{"data":{"Article":[],"Course":[],"Dataset":[],"FAQPage":[],"Movie":[],"Person":[],"Product":[],"ProductReview":[],"Car":[],"Recipe":[],"Service":[],"SoftwareApplication":[],"WebPage":[]},"graphName":"","isEnabled":true},"graphs":[],"defaultGraph":"","defaultPostTypeGraph":""},"schema_type":null,"schema_type_options":null,"pillar_content":false,"robots_default":true,"robots_noindex":false,"robots_noarchive":false,"robots_nosnippet":false,"robots_nofollow":false,"robots_noimageindex":false,"robots_noodp":false,"robots_notranslate":false,"robots_max_snippet":null,"robots_max_videopreview":null,"robots_max_imagepreview":"none","priority":null,"frequency":null,"local_seo":null,"seo_analyzer_scan_date":"2026-05-30 11:18:04","breadcrumb_settings":null,"limit_modified_date":false,"open_ai":null,"ai":null,"created":"2020-11-14 22:47:40","updated":"2026-05-30 11:18:04","focus_keyword":null,"additional_keywords":null,"truseo_locale":null},"aioseo_breadcrumb":"<div class=\"aioseo-breadcrumbs\"><span class=\"aioseo-breadcrumb\">\n\t<a href=\"https:\/\/www.eldigitaldeasturias.com\/noticias\" title=\"Home\">Home<\/a>\n<\/span><span class=\"aioseo-breadcrumb-separator\">\u2013<\/span><span class=\"aioseo-breadcrumb\">\n\t<a href=\"https:\/\/www.eldigitaldeasturias.com\/noticias\/category\/sucesos\/\" title=\"Sucesos\">Sucesos<\/a>\n<\/span><span class=\"aioseo-breadcrumb-separator\">\u2013<\/span><span class=\"aioseo-breadcrumb\">\n\t<a href=\"https:\/\/www.eldigitaldeasturias.com\/noticias\/secuestrado-en-siria-el-enviado-especial-de-el-mundo-javier-espinosa\/\" title=\"Secuestrado en Siria el enviado especial de El Mundo, Javier Espinosa\">Secuestrado en Siria el enviado especial de El Mundo, Javier Espinosa<\/a>\n<\/span><\/div>","aioseo_breadcrumb_json":[{"label":"Home","link":"https:\/\/www.eldigitaldeasturias.com\/noticias"},{"label":"Sucesos","link":"https:\/\/www.eldigitaldeasturias.com\/noticias\/category\/sucesos\/"},{"label":"Secuestrado en Siria el enviado especial de El Mundo, Javier Espinosa","link":"https:\/\/www.eldigitaldeasturias.com\/noticias\/secuestrado-en-siria-el-enviado-especial-de-el-mundo-javier-espinosa\/"}],"_links":{"self":[{"href":"https:\/\/www.eldigitaldeasturias.com\/noticias\/wp-json\/wp\/v2\/posts\/459976","targetHints":{"allow":["GET"]}}],"collection":[{"href":"https:\/\/www.eldigitaldeasturias.com\/noticias\/wp-json\/wp\/v2\/posts"}],"about":[{"href":"https:\/\/www.eldigitaldeasturias.com\/noticias\/wp-json\/wp\/v2\/types\/post"}],"author":[{"embeddable":true,"href":"https:\/\/www.eldigitaldeasturias.com\/noticias\/wp-json\/wp\/v2\/users\/1"}],"replies":[{"embeddable":true,"href":"https:\/\/www.eldigitaldeasturias.com\/noticias\/wp-json\/wp\/v2\/comments?post=459976"}],"version-history":[{"count":0,"href":"https:\/\/www.eldigitaldeasturias.com\/noticias\/wp-json\/wp\/v2\/posts\/459976\/revisions"}],"wp:attachment":[{"href":"https:\/\/www.eldigitaldeasturias.com\/noticias\/wp-json\/wp\/v2\/media?parent=459976"}],"wp:term":[{"taxonomy":"category","embeddable":true,"href":"https:\/\/www.eldigitaldeasturias.com\/noticias\/wp-json\/wp\/v2\/categories?post=459976"},{"taxonomy":"post_tag","embeddable":true,"href":"https:\/\/www.eldigitaldeasturias.com\/noticias\/wp-json\/wp\/v2\/tags?post=459976"}],"curies":[{"name":"wp","href":"https:\/\/api.w.org\/{rel}","templated":true}]}}