{"id":459970,"date":"2013-12-10T08:58:45","date_gmt":"2013-12-10T09:58:45","guid":{"rendered":"http:\/\/www.eldigitaldeasturias.com\/noticias\/?p=459970"},"modified":"2013-12-10T08:58:45","modified_gmt":"2013-12-10T09:58:45","slug":"rouco-varela-preside-hoy-el-acto-ecumenico-en-memoria-de-nelson-mandela","status":"publish","type":"post","link":"https:\/\/www.eldigitaldeasturias.com\/noticias\/rouco-varela-preside-hoy-el-acto-ecumenico-en-memoria-de-nelson-mandela\/","title":{"rendered":"Rouco Varela preside hoy el acto ecum\u00e9nico en memoria de Nelson Mandela"},"content":{"rendered":"<p><img loading=\"lazy\" decoding=\"async\" class=\"alignleft size-medium wp-image-459971\" alt=\"5782979w\" src=\"https:\/\/www.eldigitaldeasturias.com\/noticias\/wp-content\/uploads\/2013\/12\/5782979w-347x320.jpg\" width=\"347\" height=\"320\" \/>Madrid, 10 dic (EFE).- El cardenal arzobispo de Madrid, Antonio Mar\u00eda Rouco Varela, preside hoy el acto ecum\u00e9nico en memoria del fallecido l\u00edder sudafricano Nelson Mandela, que se celebrar\u00e1 en la madrile\u00f1a bas\u00edlica de San Francisco el Grande.<\/p>\n<p>El Arzobispado de Madrid ha organizado este acto por iniciativa de la Embajada de la Rep\u00fablica de Sud\u00e1frica, seg\u00fan ha informado en un comunicado, en el que invita a participar en la celebraci\u00f3n a las distintas confesiones cristianas con las que mantiene relaciones ecum\u00e9nicas.<\/p>\n<p>Al acto, que comenzar\u00e1 a las 20.00 horas, tambi\u00e9n est\u00e1n invitados representantes de otras religiones para homenajear al expresidente sudafricano, cuyo funeral tendr\u00e1 lugar hoy en Johannesburgo y al que est\u00e1 previsto que asistan numerosos jefes de Estado y de Gobierno.<\/p>\n<p>El Pr\u00edncipe y el presidente del Gobierno, Mariano Rajoy, ser\u00e1n la representaci\u00f3n espa\u00f1ola en el funeral de Mandela.<\/p>\n","protected":false},"excerpt":{"rendered":"<p>Madrid, 10 dic (EFE).- El cardenal arzobispo de Madrid, Antonio Mar\u00eda Rouco Varela, preside hoy el acto ecum\u00e9nico en memoria del fallecido l\u00edder sudafricano Nelson Mandela, que se celebrar\u00e1 en la madrile\u00f1a bas\u00edlica de San Francisco el Grande. El Arzobispado de Madrid ha organizado este acto por iniciativa de la Embajada de la Rep\u00fablica de [&hellip;]<\/p>\n","protected":false},"author":1,"featured_media":459971,"comment_status":"closed","ping_status":"open","sticky":false,"template":"","format":"standard","meta":{"footnotes":""},"categories":[28],"tags":[],"class_list":["post-459970","post","type-post","status-publish","format-standard","has-post-thumbnail","hentry","category-sociedad"],"aioseo_notices":[],"aioseo_head":"\n\t\t<!-- All in One SEO Pro 5.0.1 - aioseo.com -->\n\t<meta name=\"description\" content=\"Madrid, 10 dic (EFE).- El cardenal arzobispo de Madrid, Antonio Mar\u00eda Rouco Varela, preside hoy el acto ecum\u00e9nico en memoria del fallecido l\u00edder sudafricano Nelson Mandela, que se celebrar\u00e1 en la madrile\u00f1a bas\u00edlica de San Francisco el Grande. El Arzobispado de Madrid ha organizado este acto por iniciativa de la Embajada de la Rep\u00fablica de\" \/>\n\t<meta name=\"robots\" content=\"max-image-preview:large\" \/>\n\t<meta name=\"author\" content=\"El Digital de Asturias\"\/>\n\t<meta name=\"google-site-verification\" content=\"UA-38556648-1\" \/>\n\t<meta name=\"msvalidate.01\" content=\"7dfe9f3f1b24437ab69f4f2559babe99\" \/>\n\t<meta name=\"keywords\" content=\"sociedad\" \/>\n\t<link rel=\"canonical\" href=\"https:\/\/www.eldigitaldeasturias.com\/noticias\/rouco-varela-preside-hoy-el-acto-ecumenico-en-memoria-de-nelson-mandela\/\" \/>\n\t<meta name=\"generator\" content=\"All in One SEO Pro (AIOSEO) 5.0.1\" \/>\n\t\t<meta property=\"og:locale\" content=\"es_ES\" \/>\n\t\t<meta property=\"og:site_name\" content=\"El Digital de Asturias\" \/>\n\t\t<meta property=\"og:type\" content=\"article\" \/>\n\t\t<meta property=\"og:title\" content=\"Rouco Varela preside hoy el acto ecum\u00e9nico en memoria de Nelson Mandela - El Digital de Asturias\" \/>\n\t\t<meta property=\"og:description\" content=\"Madrid, 10 dic (EFE).- El cardenal arzobispo de Madrid, Antonio Mar\u00eda Rouco Varela, preside hoy el acto ecum\u00e9nico en memoria del fallecido l\u00edder sudafricano Nelson Mandela, que se celebrar\u00e1 en la madrile\u00f1a bas\u00edlica de San Francisco el Grande. El Arzobispado de Madrid ha organizado este acto por iniciativa de la Embajada de la Rep\u00fablica de\" \/>\n\t\t<meta property=\"og:url\" content=\"https:\/\/www.eldigitaldeasturias.com\/noticias\/rouco-varela-preside-hoy-el-acto-ecumenico-en-memoria-de-nelson-mandela\/\" \/>\n\t\t<meta property=\"article:tag\" content=\"sociedad\" \/>\n\t\t<meta property=\"article:published_time\" content=\"2013-12-10T09:58:45+00:00\" \/>\n\t\t<meta property=\"article:modified_time\" content=\"2013-12-10T09:58:45+00:00\" \/>\n\t\t<meta property=\"article:publisher\" content=\"https:\/\/facebook.com\/eldigitaldeasturias\" \/>\n\t\t<meta name=\"twitter:card\" content=\"summary_large_image\" \/>\n\t\t<meta name=\"twitter:title\" content=\"Rouco Varela preside hoy el acto ecum\u00e9nico en memoria de Nelson Mandela - El Digital de Asturias\" \/>\n\t\t<meta name=\"twitter:description\" content=\"Madrid, 10 dic (EFE).- El cardenal arzobispo de Madrid, Antonio Mar\u00eda Rouco Varela, preside hoy el acto ecum\u00e9nico en memoria del fallecido l\u00edder sudafricano Nelson Mandela, que se celebrar\u00e1 en la madrile\u00f1a bas\u00edlica de San Francisco el Grande. El Arzobispado de Madrid ha organizado este acto por iniciativa de la Embajada de la Rep\u00fablica de\" \/>\n\t\t<meta name=\"twitter:label1\" content=\"Escrito por\" \/>\n\t\t<meta name=\"twitter:data1\" content=\"El Digital de Asturias\" \/>\n\t\t<meta name=\"twitter:label2\" content=\"Tiempo de lectura estimado\" \/>\n\t\t<meta name=\"twitter:data2\" content=\"1 minuto\" \/>\n\t\t<script type=\"application\/ld+json\" class=\"aioseo-schema\">\n\t\t\t{\"@context\":\"https:\\\/\\\/schema.org\",\"@graph\":[{\"@type\":\"BlogPosting\",\"@id\":\"https:\\\/\\\/www.eldigitaldeasturias.com\\\/noticias\\\/rouco-varela-preside-hoy-el-acto-ecumenico-en-memoria-de-nelson-mandela\\\/#blogposting\",\"name\":\"Rouco Varela preside hoy el acto ecum\\u00e9nico en memoria de Nelson Mandela - El Digital de Asturias\",\"headline\":\"Rouco Varela preside hoy el acto ecum\\u00e9nico en memoria de Nelson Mandela\",\"author\":{\"@id\":\"https:\\\/\\\/www.eldigitaldeasturias.com\\\/noticias\\\/author\\\/admin\\\/#author\"},\"publisher\":{\"@id\":\"https:\\\/\\\/www.eldigitaldeasturias.com\\\/noticias\\\/#organization\"},\"image\":{\"@type\":\"ImageObject\",\"url\":459971},\"datePublished\":\"2013-12-10T08:58:45+01:00\",\"dateModified\":\"2013-12-10T08:58:45+01:00\",\"inLanguage\":\"es-ES\",\"mainEntityOfPage\":{\"@id\":\"https:\\\/\\\/www.eldigitaldeasturias.com\\\/noticias\\\/rouco-varela-preside-hoy-el-acto-ecumenico-en-memoria-de-nelson-mandela\\\/#webpage\"},\"isPartOf\":{\"@id\":\"https:\\\/\\\/www.eldigitaldeasturias.com\\\/noticias\\\/rouco-varela-preside-hoy-el-acto-ecumenico-en-memoria-de-nelson-mandela\\\/#webpage\"},\"articleSection\":\"Sociedad\"},{\"@type\":\"BreadcrumbList\",\"@id\":\"https:\\\/\\\/www.eldigitaldeasturias.com\\\/noticias\\\/rouco-varela-preside-hoy-el-acto-ecumenico-en-memoria-de-nelson-mandela\\\/#breadcrumblist\",\"itemListElement\":[{\"@type\":\"ListItem\",\"@id\":\"https:\\\/\\\/www.eldigitaldeasturias.com\\\/noticias#listItem\",\"position\":1,\"name\":\"Home\",\"item\":\"https:\\\/\\\/www.eldigitaldeasturias.com\\\/noticias\",\"nextItem\":{\"@type\":\"ListItem\",\"@id\":\"https:\\\/\\\/www.eldigitaldeasturias.com\\\/noticias\\\/category\\\/sociedad\\\/#listItem\",\"name\":\"Sociedad\"}},{\"@type\":\"ListItem\",\"@id\":\"https:\\\/\\\/www.eldigitaldeasturias.com\\\/noticias\\\/category\\\/sociedad\\\/#listItem\",\"position\":2,\"name\":\"Sociedad\",\"item\":\"https:\\\/\\\/www.eldigitaldeasturias.com\\\/noticias\\\/category\\\/sociedad\\\/\",\"nextItem\":{\"@type\":\"ListItem\",\"@id\":\"https:\\\/\\\/www.eldigitaldeasturias.com\\\/noticias\\\/rouco-varela-preside-hoy-el-acto-ecumenico-en-memoria-de-nelson-mandela\\\/#listItem\",\"name\":\"Rouco Varela preside hoy el acto ecum\\u00e9nico en memoria de Nelson Mandela\"},\"previousItem\":{\"@type\":\"ListItem\",\"@id\":\"https:\\\/\\\/www.eldigitaldeasturias.com\\\/noticias#listItem\",\"name\":\"Home\"}},{\"@type\":\"ListItem\",\"@id\":\"https:\\\/\\\/www.eldigitaldeasturias.com\\\/noticias\\\/rouco-varela-preside-hoy-el-acto-ecumenico-en-memoria-de-nelson-mandela\\\/#listItem\",\"position\":3,\"name\":\"Rouco Varela preside hoy el acto ecum\\u00e9nico en memoria de Nelson Mandela\",\"previousItem\":{\"@type\":\"ListItem\",\"@id\":\"https:\\\/\\\/www.eldigitaldeasturias.com\\\/noticias\\\/category\\\/sociedad\\\/#listItem\",\"name\":\"Sociedad\"}}]},{\"@type\":\"Organization\",\"@id\":\"https:\\\/\\\/www.eldigitaldeasturias.com\\\/noticias\\\/#organization\",\"name\":\"El Digital de Asturias\",\"description\":\"Hemeroteca\",\"url\":\"https:\\\/\\\/www.eldigitaldeasturias.com\\\/noticias\\\/\",\"email\":\"info@eldigitaldeasturias.com\",\"telephone\":\"+34652131393\",\"logo\":{\"@type\":\"ImageObject\",\"url\":\"https:\\\/\\\/www.eldigitaldeasturias.com\\\/noticias\\\/wp-content\\\/uploads\\\/2020\\\/12\\\/EDA.jpg\",\"@id\":\"https:\\\/\\\/www.eldigitaldeasturias.com\\\/noticias\\\/rouco-varela-preside-hoy-el-acto-ecumenico-en-memoria-de-nelson-mandela\\\/#organizationLogo\"},\"image\":{\"@id\":\"https:\\\/\\\/www.eldigitaldeasturias.com\\\/noticias\\\/rouco-varela-preside-hoy-el-acto-ecumenico-en-memoria-de-nelson-mandela\\\/#organizationLogo\"},\"sameAs\":[\"https:\\\/\\\/facebook.com\\\/eldigitaldeasturias\",\"https:\\\/\\\/www.youtube.com\\\/channel\\\/UCZP-2wLEB9Rv6erhFmqVnvg\"],\"address\":{\"@id\":\"https:\\\/\\\/www.eldigitaldeasturias.com\\\/noticias\\\/#postaladdress\",\"@type\":\"PostalAddress\",\"streetAddress\":\"san antonio 4\",\"postalCode\":\"33430\",\"addressLocality\":\"Cand\\u00e1s\",\"addressRegion\":\"Asturias\",\"addressCountry\":\"ES\"}},{\"@type\":\"Person\",\"@id\":\"https:\\\/\\\/www.eldigitaldeasturias.com\\\/noticias\\\/author\\\/admin\\\/#author\",\"url\":\"https:\\\/\\\/www.eldigitaldeasturias.com\\\/noticias\\\/author\\\/admin\\\/\",\"name\":\"El Digital de Asturias\",\"image\":{\"@type\":\"ImageObject\",\"@id\":\"https:\\\/\\\/www.eldigitaldeasturias.com\\\/noticias\\\/rouco-varela-preside-hoy-el-acto-ecumenico-en-memoria-de-nelson-mandela\\\/#authorImage\",\"url\":\"https:\\\/\\\/secure.gravatar.com\\\/avatar\\\/df2aeffc32bcd13f8d26072ef8a91b623d677766deac7f97ca815868cd41bf5e?s=96&d=mm&r=g\",\"width\":96,\"height\":96,\"caption\":\"El Digital de Asturias\"}},{\"@type\":\"WebPage\",\"@id\":\"https:\\\/\\\/www.eldigitaldeasturias.com\\\/noticias\\\/rouco-varela-preside-hoy-el-acto-ecumenico-en-memoria-de-nelson-mandela\\\/#webpage\",\"url\":\"https:\\\/\\\/www.eldigitaldeasturias.com\\\/noticias\\\/rouco-varela-preside-hoy-el-acto-ecumenico-en-memoria-de-nelson-mandela\\\/\",\"name\":\"Rouco Varela preside hoy el acto ecum\\u00e9nico en memoria de Nelson Mandela - El Digital de Asturias\",\"description\":\"Madrid, 10 dic (EFE).- El cardenal arzobispo de Madrid, Antonio Mar\\u00eda Rouco Varela, preside hoy el acto ecum\\u00e9nico en memoria del fallecido l\\u00edder sudafricano Nelson Mandela, que se celebrar\\u00e1 en la madrile\\u00f1a bas\\u00edlica de San Francisco el Grande. El Arzobispado de Madrid ha organizado este acto por iniciativa de la Embajada de la Rep\\u00fablica de\",\"inLanguage\":\"es-ES\",\"isPartOf\":{\"@id\":\"https:\\\/\\\/www.eldigitaldeasturias.com\\\/noticias\\\/#website\"},\"breadcrumb\":{\"@id\":\"https:\\\/\\\/www.eldigitaldeasturias.com\\\/noticias\\\/rouco-varela-preside-hoy-el-acto-ecumenico-en-memoria-de-nelson-mandela\\\/#breadcrumblist\"},\"author\":{\"@id\":\"https:\\\/\\\/www.eldigitaldeasturias.com\\\/noticias\\\/author\\\/admin\\\/#author\"},\"creator\":{\"@id\":\"https:\\\/\\\/www.eldigitaldeasturias.com\\\/noticias\\\/author\\\/admin\\\/#author\"},\"image\":{\"@type\":\"ImageObject\",\"url\":459971,\"@id\":\"https:\\\/\\\/www.eldigitaldeasturias.com\\\/noticias\\\/rouco-varela-preside-hoy-el-acto-ecumenico-en-memoria-de-nelson-mandela\\\/#mainImage\"},\"primaryImageOfPage\":{\"@id\":\"https:\\\/\\\/www.eldigitaldeasturias.com\\\/noticias\\\/rouco-varela-preside-hoy-el-acto-ecumenico-en-memoria-de-nelson-mandela\\\/#mainImage\"},\"datePublished\":\"2013-12-10T08:58:45+01:00\",\"dateModified\":\"2013-12-10T08:58:45+01:00\"},{\"@type\":\"WebSite\",\"@id\":\"https:\\\/\\\/www.eldigitaldeasturias.com\\\/noticias\\\/#website\",\"url\":\"https:\\\/\\\/www.eldigitaldeasturias.com\\\/noticias\\\/\",\"name\":\"El Digital de Asturias - Diario de actualidad y noticias\",\"alternateName\":\"El Digital de Asturias - Diario de actualidad y noticias\",\"description\":\"Hemeroteca\",\"inLanguage\":\"es-ES\",\"publisher\":{\"@id\":\"https:\\\/\\\/www.eldigitaldeasturias.com\\\/noticias\\\/#organization\"}}]}\n\t\t<\/script>\n\t\t<!-- All in One SEO Pro -->\r\n\t\t<title>Rouco Varela preside hoy el acto ecum\u00e9nico en memoria de Nelson Mandela - El Digital de Asturias<\/title>\n\n","aioseo_head_json":{"title":"Rouco Varela preside hoy el acto ecum\u00e9nico en memoria de Nelson Mandela - El Digital de Asturias","description":"Madrid, 10 dic (EFE).- El cardenal arzobispo de Madrid, Antonio Mar\u00eda Rouco Varela, preside hoy el acto ecum\u00e9nico en memoria del fallecido l\u00edder sudafricano Nelson Mandela, que se celebrar\u00e1 en la madrile\u00f1a bas\u00edlica de San Francisco el Grande. El Arzobispado de Madrid ha organizado este acto por iniciativa de la Embajada de la Rep\u00fablica de","canonical_url":"https:\/\/www.eldigitaldeasturias.com\/noticias\/rouco-varela-preside-hoy-el-acto-ecumenico-en-memoria-de-nelson-mandela\/","robots":"max-image-preview:large","keywords":"sociedad","webmasterTools":{"google-site-verification":"UA-38556648-1","msvalidate.01":"7dfe9f3f1b24437ab69f4f2559babe99","miscellaneous":""},"schema":{"@context":"https:\/\/schema.org","@graph":[{"@type":"BlogPosting","@id":"https:\/\/www.eldigitaldeasturias.com\/noticias\/rouco-varela-preside-hoy-el-acto-ecumenico-en-memoria-de-nelson-mandela\/#blogposting","name":"Rouco Varela preside hoy el acto ecum\u00e9nico en memoria de Nelson Mandela - El Digital de Asturias","headline":"Rouco Varela preside hoy el acto ecum\u00e9nico en memoria de Nelson Mandela","author":{"@id":"https:\/\/www.eldigitaldeasturias.com\/noticias\/author\/admin\/#author"},"publisher":{"@id":"https:\/\/www.eldigitaldeasturias.com\/noticias\/#organization"},"image":{"@type":"ImageObject","url":459971},"datePublished":"2013-12-10T08:58:45+01:00","dateModified":"2013-12-10T08:58:45+01:00","inLanguage":"es-ES","mainEntityOfPage":{"@id":"https:\/\/www.eldigitaldeasturias.com\/noticias\/rouco-varela-preside-hoy-el-acto-ecumenico-en-memoria-de-nelson-mandela\/#webpage"},"isPartOf":{"@id":"https:\/\/www.eldigitaldeasturias.com\/noticias\/rouco-varela-preside-hoy-el-acto-ecumenico-en-memoria-de-nelson-mandela\/#webpage"},"articleSection":"Sociedad"},{"@type":"BreadcrumbList","@id":"https:\/\/www.eldigitaldeasturias.com\/noticias\/rouco-varela-preside-hoy-el-acto-ecumenico-en-memoria-de-nelson-mandela\/#breadcrumblist","itemListElement":[{"@type":"ListItem","@id":"https:\/\/www.eldigitaldeasturias.com\/noticias#listItem","position":1,"name":"Home","item":"https:\/\/www.eldigitaldeasturias.com\/noticias","nextItem":{"@type":"ListItem","@id":"https:\/\/www.eldigitaldeasturias.com\/noticias\/category\/sociedad\/#listItem","name":"Sociedad"}},{"@type":"ListItem","@id":"https:\/\/www.eldigitaldeasturias.com\/noticias\/category\/sociedad\/#listItem","position":2,"name":"Sociedad","item":"https:\/\/www.eldigitaldeasturias.com\/noticias\/category\/sociedad\/","nextItem":{"@type":"ListItem","@id":"https:\/\/www.eldigitaldeasturias.com\/noticias\/rouco-varela-preside-hoy-el-acto-ecumenico-en-memoria-de-nelson-mandela\/#listItem","name":"Rouco Varela preside hoy el acto ecum\u00e9nico en memoria de Nelson Mandela"},"previousItem":{"@type":"ListItem","@id":"https:\/\/www.eldigitaldeasturias.com\/noticias#listItem","name":"Home"}},{"@type":"ListItem","@id":"https:\/\/www.eldigitaldeasturias.com\/noticias\/rouco-varela-preside-hoy-el-acto-ecumenico-en-memoria-de-nelson-mandela\/#listItem","position":3,"name":"Rouco Varela preside hoy el acto ecum\u00e9nico en memoria de Nelson Mandela","previousItem":{"@type":"ListItem","@id":"https:\/\/www.eldigitaldeasturias.com\/noticias\/category\/sociedad\/#listItem","name":"Sociedad"}}]},{"@type":"Organization","@id":"https:\/\/www.eldigitaldeasturias.com\/noticias\/#organization","name":"El Digital de Asturias","description":"Hemeroteca","url":"https:\/\/www.eldigitaldeasturias.com\/noticias\/","email":"info@eldigitaldeasturias.com","telephone":"+34652131393","logo":{"@type":"ImageObject","url":"https:\/\/www.eldigitaldeasturias.com\/noticias\/wp-content\/uploads\/2020\/12\/EDA.jpg","@id":"https:\/\/www.eldigitaldeasturias.com\/noticias\/rouco-varela-preside-hoy-el-acto-ecumenico-en-memoria-de-nelson-mandela\/#organizationLogo"},"image":{"@id":"https:\/\/www.eldigitaldeasturias.com\/noticias\/rouco-varela-preside-hoy-el-acto-ecumenico-en-memoria-de-nelson-mandela\/#organizationLogo"},"sameAs":["https:\/\/facebook.com\/eldigitaldeasturias","https:\/\/www.youtube.com\/channel\/UCZP-2wLEB9Rv6erhFmqVnvg"],"address":{"@id":"https:\/\/www.eldigitaldeasturias.com\/noticias\/#postaladdress","@type":"PostalAddress","streetAddress":"san antonio 4","postalCode":"33430","addressLocality":"Cand\u00e1s","addressRegion":"Asturias","addressCountry":"ES"}},{"@type":"Person","@id":"https:\/\/www.eldigitaldeasturias.com\/noticias\/author\/admin\/#author","url":"https:\/\/www.eldigitaldeasturias.com\/noticias\/author\/admin\/","name":"El Digital de Asturias","image":{"@type":"ImageObject","@id":"https:\/\/www.eldigitaldeasturias.com\/noticias\/rouco-varela-preside-hoy-el-acto-ecumenico-en-memoria-de-nelson-mandela\/#authorImage","url":"https:\/\/secure.gravatar.com\/avatar\/df2aeffc32bcd13f8d26072ef8a91b623d677766deac7f97ca815868cd41bf5e?s=96&d=mm&r=g","width":96,"height":96,"caption":"El Digital de Asturias"}},{"@type":"WebPage","@id":"https:\/\/www.eldigitaldeasturias.com\/noticias\/rouco-varela-preside-hoy-el-acto-ecumenico-en-memoria-de-nelson-mandela\/#webpage","url":"https:\/\/www.eldigitaldeasturias.com\/noticias\/rouco-varela-preside-hoy-el-acto-ecumenico-en-memoria-de-nelson-mandela\/","name":"Rouco Varela preside hoy el acto ecum\u00e9nico en memoria de Nelson Mandela - El Digital de Asturias","description":"Madrid, 10 dic (EFE).- El cardenal arzobispo de Madrid, Antonio Mar\u00eda Rouco Varela, preside hoy el acto ecum\u00e9nico en memoria del fallecido l\u00edder sudafricano Nelson Mandela, que se celebrar\u00e1 en la madrile\u00f1a bas\u00edlica de San Francisco el Grande. El Arzobispado de Madrid ha organizado este acto por iniciativa de la Embajada de la Rep\u00fablica de","inLanguage":"es-ES","isPartOf":{"@id":"https:\/\/www.eldigitaldeasturias.com\/noticias\/#website"},"breadcrumb":{"@id":"https:\/\/www.eldigitaldeasturias.com\/noticias\/rouco-varela-preside-hoy-el-acto-ecumenico-en-memoria-de-nelson-mandela\/#breadcrumblist"},"author":{"@id":"https:\/\/www.eldigitaldeasturias.com\/noticias\/author\/admin\/#author"},"creator":{"@id":"https:\/\/www.eldigitaldeasturias.com\/noticias\/author\/admin\/#author"},"image":{"@type":"ImageObject","url":459971,"@id":"https:\/\/www.eldigitaldeasturias.com\/noticias\/rouco-varela-preside-hoy-el-acto-ecumenico-en-memoria-de-nelson-mandela\/#mainImage"},"primaryImageOfPage":{"@id":"https:\/\/www.eldigitaldeasturias.com\/noticias\/rouco-varela-preside-hoy-el-acto-ecumenico-en-memoria-de-nelson-mandela\/#mainImage"},"datePublished":"2013-12-10T08:58:45+01:00","dateModified":"2013-12-10T08:58:45+01:00"},{"@type":"WebSite","@id":"https:\/\/www.eldigitaldeasturias.com\/noticias\/#website","url":"https:\/\/www.eldigitaldeasturias.com\/noticias\/","name":"El Digital de Asturias - Diario de actualidad y noticias","alternateName":"El Digital de Asturias - Diario de actualidad y noticias","description":"Hemeroteca","inLanguage":"es-ES","publisher":{"@id":"https:\/\/www.eldigitaldeasturias.com\/noticias\/#organization"}}]},"og:locale":"es_ES","og:site_name":"El Digital de Asturias","og:type":"article","og:title":"Rouco Varela preside hoy el acto ecum\u00e9nico en memoria de Nelson Mandela - El Digital de Asturias","og:description":"Madrid, 10 dic (EFE).- El cardenal arzobispo de Madrid, Antonio Mar\u00eda Rouco Varela, preside hoy el acto ecum\u00e9nico en memoria del fallecido l\u00edder sudafricano Nelson Mandela, que se celebrar\u00e1 en la madrile\u00f1a bas\u00edlica de San Francisco el Grande. El Arzobispado de Madrid ha organizado este acto por iniciativa de la Embajada de la Rep\u00fablica de","og:url":"https:\/\/www.eldigitaldeasturias.com\/noticias\/rouco-varela-preside-hoy-el-acto-ecumenico-en-memoria-de-nelson-mandela\/","article:tag":["sociedad"],"article:published_time":"2013-12-10T09:58:45+00:00","article:modified_time":"2013-12-10T09:58:45+00:00","article:publisher":"https:\/\/facebook.com\/eldigitaldeasturias","twitter:card":"summary_large_image","twitter:title":"Rouco Varela preside hoy el acto ecum\u00e9nico en memoria de Nelson Mandela - El Digital de Asturias","twitter:description":"Madrid, 10 dic (EFE).- El cardenal arzobispo de Madrid, Antonio Mar\u00eda Rouco Varela, preside hoy el acto ecum\u00e9nico en memoria del fallecido l\u00edder sudafricano Nelson Mandela, que se celebrar\u00e1 en la madrile\u00f1a bas\u00edlica de San Francisco el Grande. El Arzobispado de Madrid ha organizado este acto por iniciativa de la Embajada de la Rep\u00fablica de","twitter:label1":"Escrito por","twitter:data1":"El Digital de Asturias","twitter:label2":"Tiempo de lectura estimado","twitter:data2":"1 minuto"},"aioseo_meta_data":{"post_id":"459970","title":null,"description":null,"keywords":null,"keyphrases":null,"primary_term":null,"canonical_url":null,"og_title":null,"og_description":null,"og_object_type":"default","og_image_type":"default","og_image_url":null,"og_image_width":null,"og_image_height":null,"og_image_custom_url":null,"og_image_custom_fields":null,"og_video":null,"og_custom_url":null,"og_article_section":null,"og_article_tags":null,"twitter_use_og":true,"twitter_card":"default","twitter_image_type":"default","twitter_image_url":null,"twitter_image_custom_url":null,"twitter_image_custom_fields":null,"twitter_title":null,"twitter_description":null,"schema":{"blockGraphs":[],"customGraphs":[],"default":{"data":{"Article":[],"Course":[],"Dataset":[],"FAQPage":[],"Movie":[],"Person":[],"Product":[],"ProductReview":[],"Car":[],"Recipe":[],"Service":[],"SoftwareApplication":[],"WebPage":[]},"graphName":"","isEnabled":true},"graphs":[],"defaultGraph":"","defaultPostTypeGraph":""},"schema_type":null,"schema_type_options":null,"pillar_content":false,"robots_default":true,"robots_noindex":false,"robots_noarchive":false,"robots_nosnippet":false,"robots_nofollow":false,"robots_noimageindex":false,"robots_noodp":false,"robots_notranslate":false,"robots_max_snippet":null,"robots_max_videopreview":null,"robots_max_imagepreview":"none","priority":null,"frequency":null,"local_seo":null,"seo_analyzer_scan_date":"2026-05-30 11:15:53","breadcrumb_settings":null,"limit_modified_date":false,"open_ai":null,"ai":null,"created":"2020-11-14 22:47:40","updated":"2026-05-30 11:15:53","focus_keyword":null,"additional_keywords":null,"truseo_locale":null},"aioseo_breadcrumb":"<div class=\"aioseo-breadcrumbs\"><span class=\"aioseo-breadcrumb\">\n\t<a href=\"https:\/\/www.eldigitaldeasturias.com\/noticias\" title=\"Home\">Home<\/a>\n<\/span><span class=\"aioseo-breadcrumb-separator\">\u2013<\/span><span class=\"aioseo-breadcrumb\">\n\t<a href=\"https:\/\/www.eldigitaldeasturias.com\/noticias\/category\/sociedad\/\" title=\"Sociedad\">Sociedad<\/a>\n<\/span><span class=\"aioseo-breadcrumb-separator\">\u2013<\/span><span class=\"aioseo-breadcrumb\">\n\t<a href=\"https:\/\/www.eldigitaldeasturias.com\/noticias\/rouco-varela-preside-hoy-el-acto-ecumenico-en-memoria-de-nelson-mandela\/\" title=\"Rouco Varela preside hoy el acto ecum\u00e9nico en memoria de Nelson Mandela\">Rouco Varela preside hoy el acto ecum\u00e9nico en memoria de Nelson Mandela<\/a>\n<\/span><\/div>","aioseo_breadcrumb_json":[{"label":"Home","link":"https:\/\/www.eldigitaldeasturias.com\/noticias"},{"label":"Sociedad","link":"https:\/\/www.eldigitaldeasturias.com\/noticias\/category\/sociedad\/"},{"label":"Rouco Varela preside hoy el acto ecum\u00e9nico en memoria de Nelson Mandela","link":"https:\/\/www.eldigitaldeasturias.com\/noticias\/rouco-varela-preside-hoy-el-acto-ecumenico-en-memoria-de-nelson-mandela\/"}],"_links":{"self":[{"href":"https:\/\/www.eldigitaldeasturias.com\/noticias\/wp-json\/wp\/v2\/posts\/459970","targetHints":{"allow":["GET"]}}],"collection":[{"href":"https:\/\/www.eldigitaldeasturias.com\/noticias\/wp-json\/wp\/v2\/posts"}],"about":[{"href":"https:\/\/www.eldigitaldeasturias.com\/noticias\/wp-json\/wp\/v2\/types\/post"}],"author":[{"embeddable":true,"href":"https:\/\/www.eldigitaldeasturias.com\/noticias\/wp-json\/wp\/v2\/users\/1"}],"replies":[{"embeddable":true,"href":"https:\/\/www.eldigitaldeasturias.com\/noticias\/wp-json\/wp\/v2\/comments?post=459970"}],"version-history":[{"count":0,"href":"https:\/\/www.eldigitaldeasturias.com\/noticias\/wp-json\/wp\/v2\/posts\/459970\/revisions"}],"wp:attachment":[{"href":"https:\/\/www.eldigitaldeasturias.com\/noticias\/wp-json\/wp\/v2\/media?parent=459970"}],"wp:term":[{"taxonomy":"category","embeddable":true,"href":"https:\/\/www.eldigitaldeasturias.com\/noticias\/wp-json\/wp\/v2\/categories?post=459970"},{"taxonomy":"post_tag","embeddable":true,"href":"https:\/\/www.eldigitaldeasturias.com\/noticias\/wp-json\/wp\/v2\/tags?post=459970"}],"curies":[{"name":"wp","href":"https:\/\/api.w.org\/{rel}","templated":true}]}}