{"id":459955,"date":"2013-12-10T08:49:31","date_gmt":"2013-12-10T09:49:31","guid":{"rendered":"http:\/\/www.eldigitaldeasturias.com\/noticias\/?p=459955"},"modified":"2013-12-10T08:49:31","modified_gmt":"2013-12-10T09:49:31","slug":"admiradores-recuerdan-a-jenni-rivera-en-el-escenario-de-su-ultima-presentacion","status":"publish","type":"post","link":"https:\/\/www.eldigitaldeasturias.com\/noticias\/admiradores-recuerdan-a-jenni-rivera-en-el-escenario-de-su-ultima-presentacion\/","title":{"rendered":"Admiradores recuerdan a Jenni Rivera en el escenario de su \u00faltima presentaci\u00f3n"},"content":{"rendered":"<p><img loading=\"lazy\" decoding=\"async\" class=\"alignleft size-medium wp-image-459956\" alt=\"5783057w\" src=\"https:\/\/www.eldigitaldeasturias.com\/noticias\/wp-content\/uploads\/2013\/12\/5783057w-360x244.jpg\" width=\"360\" height=\"244\" \/>M\u00e9xico, 9 dic (EFE).- Una docena de conjuntos musicales ofrecen esta noche un gran concierto en la Arena Monterrey para homenajear a la cantante Jenni Rivera, fallecida hace un a\u00f1o en un accidente a\u00e9reo horas despu\u00e9s de presentarse en ese mismo escenario.<\/p>\n<p>Organizado por la familia de \u00abLa Diva de la Banda\u00bb, el recital \u00abJenni Vive\u00bb se inici\u00f3 alrededor de las 20.00 hora local (01.00 GMT del martes) con la participaci\u00f3n de Marisela, La Original Banda El Lim\u00f3n, Larry Hern\u00e1ndez, Chuy Liz\u00e1rraga, Los Herederos de Nuevo Le\u00f3n y Tito El Bambino, entre otros artistas.<\/p>\n<p>Admiradores procedentes tanto del estado de Nuevo Le\u00f3n, del que Monterrey es capital, como de Chihuahua, Sonora, Durango, Coahuila, Tamaulipas y otros, al igual que de Estados Unidos, formaron largas filas desde las primeras horas de este lunes para entrar al evento gratuito.<\/p>\n<p>Los asistentes, en su mayor\u00eda j\u00f3venes, portaban carteles, fotograf\u00edas, bandas y otros art\u00edculos alusivos a la artista estadounidense de origen mexicano, quien falleci\u00f3 en un accidente a\u00e9reo la madrugada del 9 de diciembre de 2012.<\/p>\n<p>En el percance tambi\u00e9n murieron su publicista, su maquillador, su estilista, su abogado y los dos pilotos de la aeronave en que viajaban despu\u00e9s del concierto en la Arena Monterrey.<\/p>\n<p>Pese a numerosas irregularidades, como un piloto de 78 a\u00f1os y un avi\u00f3n de 1969, las autoridades no han podido establecer \u00abde manera indubitable\u00bb la causa del accidente, seg\u00fan el reporte divulgado recientemente por la Direcci\u00f3n General de Aeron\u00e1utica Civil de la Secretar\u00eda de Comunicaciones y Transportes de M\u00e9xico.<\/p>\n<p>Abuela de dos nietos a sus 43 a\u00f1os y madre de cinco hijos, Rivera era considerada una de las artistas femeninas m\u00e1s importantes de la m\u00fasica regional mexicana desde que debutara en 1999 con el disco \u00abReina de reinas\u00bb.<\/p>\n","protected":false},"excerpt":{"rendered":"<p>M\u00e9xico, 9 dic (EFE).- Una docena de conjuntos musicales ofrecen esta noche un gran concierto en la Arena Monterrey para homenajear a la cantante Jenni Rivera, fallecida hace un a\u00f1o en un accidente a\u00e9reo horas despu\u00e9s de presentarse en ese mismo escenario. Organizado por la familia de \u00abLa Diva de la Banda\u00bb, el recital \u00abJenni [&hellip;]<\/p>\n","protected":false},"author":1,"featured_media":459956,"comment_status":"closed","ping_status":"open","sticky":false,"template":"","format":"standard","meta":{"footnotes":""},"categories":[50],"tags":[],"class_list":["post-459955","post","type-post","status-publish","format-standard","has-post-thumbnail","hentry","category-revista-de-ocio"],"aioseo_notices":[],"aioseo_head":"\n\t\t<!-- All in One SEO Pro 5.0.1 - aioseo.com -->\n\t<meta name=\"description\" content=\"M\u00e9xico, 9 dic (EFE).- Una docena de conjuntos musicales ofrecen esta noche un gran concierto en la Arena Monterrey para homenajear a la cantante Jenni Rivera, fallecida hace un a\u00f1o en un accidente a\u00e9reo horas despu\u00e9s de presentarse en ese mismo escenario. Organizado por la familia de &quot;La Diva de la Banda&quot;, el recital &quot;Jenni\" \/>\n\t<meta name=\"robots\" content=\"max-image-preview:large\" \/>\n\t<meta name=\"author\" content=\"El Digital de Asturias\"\/>\n\t<meta name=\"google-site-verification\" content=\"UA-38556648-1\" \/>\n\t<meta name=\"msvalidate.01\" content=\"7dfe9f3f1b24437ab69f4f2559babe99\" \/>\n\t<meta name=\"keywords\" content=\"revista de ocio\" \/>\n\t<link rel=\"canonical\" href=\"https:\/\/www.eldigitaldeasturias.com\/noticias\/admiradores-recuerdan-a-jenni-rivera-en-el-escenario-de-su-ultima-presentacion\/\" \/>\n\t<meta name=\"generator\" content=\"All in One SEO Pro (AIOSEO) 5.0.1\" \/>\n\t\t<meta property=\"og:locale\" content=\"es_ES\" \/>\n\t\t<meta property=\"og:site_name\" content=\"El Digital de Asturias\" \/>\n\t\t<meta property=\"og:type\" content=\"article\" \/>\n\t\t<meta property=\"og:title\" content=\"Admiradores recuerdan a Jenni Rivera en el escenario de su \u00faltima presentaci\u00f3n - El Digital de Asturias\" \/>\n\t\t<meta property=\"og:description\" content=\"M\u00e9xico, 9 dic (EFE).- Una docena de conjuntos musicales ofrecen esta noche un gran concierto en la Arena Monterrey para homenajear a la cantante Jenni Rivera, fallecida hace un a\u00f1o en un accidente a\u00e9reo horas despu\u00e9s de presentarse en ese mismo escenario. Organizado por la familia de &quot;La Diva de la Banda&quot;, el recital &quot;Jenni\" \/>\n\t\t<meta property=\"og:url\" content=\"https:\/\/www.eldigitaldeasturias.com\/noticias\/admiradores-recuerdan-a-jenni-rivera-en-el-escenario-de-su-ultima-presentacion\/\" \/>\n\t\t<meta property=\"article:tag\" content=\"revista de ocio\" \/>\n\t\t<meta property=\"article:published_time\" content=\"2013-12-10T09:49:31+00:00\" \/>\n\t\t<meta property=\"article:modified_time\" content=\"2013-12-10T09:49:31+00:00\" \/>\n\t\t<meta property=\"article:publisher\" content=\"https:\/\/facebook.com\/eldigitaldeasturias\" \/>\n\t\t<meta name=\"twitter:card\" content=\"summary_large_image\" \/>\n\t\t<meta name=\"twitter:title\" content=\"Admiradores recuerdan a Jenni Rivera en el escenario de su \u00faltima presentaci\u00f3n - El Digital de Asturias\" \/>\n\t\t<meta name=\"twitter:description\" content=\"M\u00e9xico, 9 dic (EFE).- Una docena de conjuntos musicales ofrecen esta noche un gran concierto en la Arena Monterrey para homenajear a la cantante Jenni Rivera, fallecida hace un a\u00f1o en un accidente a\u00e9reo horas despu\u00e9s de presentarse en ese mismo escenario. Organizado por la familia de &quot;La Diva de la Banda&quot;, el recital &quot;Jenni\" \/>\n\t\t<meta name=\"twitter:label1\" content=\"Escrito por\" \/>\n\t\t<meta name=\"twitter:data1\" content=\"El Digital de Asturias\" \/>\n\t\t<meta name=\"twitter:label2\" content=\"Tiempo de lectura estimado\" \/>\n\t\t<meta name=\"twitter:data2\" content=\"2 minutos\" \/>\n\t\t<script type=\"application\/ld+json\" class=\"aioseo-schema\">\n\t\t\t{\"@context\":\"https:\\\/\\\/schema.org\",\"@graph\":[{\"@type\":\"BlogPosting\",\"@id\":\"https:\\\/\\\/www.eldigitaldeasturias.com\\\/noticias\\\/admiradores-recuerdan-a-jenni-rivera-en-el-escenario-de-su-ultima-presentacion\\\/#blogposting\",\"name\":\"Admiradores recuerdan a Jenni Rivera en el escenario de su \\u00faltima presentaci\\u00f3n - El Digital de Asturias\",\"headline\":\"Admiradores recuerdan a Jenni Rivera en el escenario de su \\u00faltima presentaci\\u00f3n\",\"author\":{\"@id\":\"https:\\\/\\\/www.eldigitaldeasturias.com\\\/noticias\\\/author\\\/admin\\\/#author\"},\"publisher\":{\"@id\":\"https:\\\/\\\/www.eldigitaldeasturias.com\\\/noticias\\\/#organization\"},\"image\":{\"@type\":\"ImageObject\",\"url\":459956},\"datePublished\":\"2013-12-10T08:49:31+01:00\",\"dateModified\":\"2013-12-10T08:49:31+01:00\",\"inLanguage\":\"es-ES\",\"mainEntityOfPage\":{\"@id\":\"https:\\\/\\\/www.eldigitaldeasturias.com\\\/noticias\\\/admiradores-recuerdan-a-jenni-rivera-en-el-escenario-de-su-ultima-presentacion\\\/#webpage\"},\"isPartOf\":{\"@id\":\"https:\\\/\\\/www.eldigitaldeasturias.com\\\/noticias\\\/admiradores-recuerdan-a-jenni-rivera-en-el-escenario-de-su-ultima-presentacion\\\/#webpage\"},\"articleSection\":\"Revista de Ocio\"},{\"@type\":\"BreadcrumbList\",\"@id\":\"https:\\\/\\\/www.eldigitaldeasturias.com\\\/noticias\\\/admiradores-recuerdan-a-jenni-rivera-en-el-escenario-de-su-ultima-presentacion\\\/#breadcrumblist\",\"itemListElement\":[{\"@type\":\"ListItem\",\"@id\":\"https:\\\/\\\/www.eldigitaldeasturias.com\\\/noticias#listItem\",\"position\":1,\"name\":\"Home\",\"item\":\"https:\\\/\\\/www.eldigitaldeasturias.com\\\/noticias\",\"nextItem\":{\"@type\":\"ListItem\",\"@id\":\"https:\\\/\\\/www.eldigitaldeasturias.com\\\/noticias\\\/category\\\/revista-de-ocio\\\/#listItem\",\"name\":\"Revista de Ocio\"}},{\"@type\":\"ListItem\",\"@id\":\"https:\\\/\\\/www.eldigitaldeasturias.com\\\/noticias\\\/category\\\/revista-de-ocio\\\/#listItem\",\"position\":2,\"name\":\"Revista de Ocio\",\"item\":\"https:\\\/\\\/www.eldigitaldeasturias.com\\\/noticias\\\/category\\\/revista-de-ocio\\\/\",\"nextItem\":{\"@type\":\"ListItem\",\"@id\":\"https:\\\/\\\/www.eldigitaldeasturias.com\\\/noticias\\\/admiradores-recuerdan-a-jenni-rivera-en-el-escenario-de-su-ultima-presentacion\\\/#listItem\",\"name\":\"Admiradores recuerdan a Jenni Rivera en el escenario de su \\u00faltima presentaci\\u00f3n\"},\"previousItem\":{\"@type\":\"ListItem\",\"@id\":\"https:\\\/\\\/www.eldigitaldeasturias.com\\\/noticias#listItem\",\"name\":\"Home\"}},{\"@type\":\"ListItem\",\"@id\":\"https:\\\/\\\/www.eldigitaldeasturias.com\\\/noticias\\\/admiradores-recuerdan-a-jenni-rivera-en-el-escenario-de-su-ultima-presentacion\\\/#listItem\",\"position\":3,\"name\":\"Admiradores recuerdan a Jenni Rivera en el escenario de su \\u00faltima presentaci\\u00f3n\",\"previousItem\":{\"@type\":\"ListItem\",\"@id\":\"https:\\\/\\\/www.eldigitaldeasturias.com\\\/noticias\\\/category\\\/revista-de-ocio\\\/#listItem\",\"name\":\"Revista de Ocio\"}}]},{\"@type\":\"Organization\",\"@id\":\"https:\\\/\\\/www.eldigitaldeasturias.com\\\/noticias\\\/#organization\",\"name\":\"El Digital de Asturias\",\"description\":\"Hemeroteca\",\"url\":\"https:\\\/\\\/www.eldigitaldeasturias.com\\\/noticias\\\/\",\"email\":\"info@eldigitaldeasturias.com\",\"telephone\":\"+34652131393\",\"logo\":{\"@type\":\"ImageObject\",\"url\":\"https:\\\/\\\/www.eldigitaldeasturias.com\\\/noticias\\\/wp-content\\\/uploads\\\/2020\\\/12\\\/EDA.jpg\",\"@id\":\"https:\\\/\\\/www.eldigitaldeasturias.com\\\/noticias\\\/admiradores-recuerdan-a-jenni-rivera-en-el-escenario-de-su-ultima-presentacion\\\/#organizationLogo\"},\"image\":{\"@id\":\"https:\\\/\\\/www.eldigitaldeasturias.com\\\/noticias\\\/admiradores-recuerdan-a-jenni-rivera-en-el-escenario-de-su-ultima-presentacion\\\/#organizationLogo\"},\"sameAs\":[\"https:\\\/\\\/facebook.com\\\/eldigitaldeasturias\",\"https:\\\/\\\/www.youtube.com\\\/channel\\\/UCZP-2wLEB9Rv6erhFmqVnvg\"],\"address\":{\"@id\":\"https:\\\/\\\/www.eldigitaldeasturias.com\\\/noticias\\\/#postaladdress\",\"@type\":\"PostalAddress\",\"streetAddress\":\"san antonio 4\",\"postalCode\":\"33430\",\"addressLocality\":\"Cand\\u00e1s\",\"addressRegion\":\"Asturias\",\"addressCountry\":\"ES\"}},{\"@type\":\"Person\",\"@id\":\"https:\\\/\\\/www.eldigitaldeasturias.com\\\/noticias\\\/author\\\/admin\\\/#author\",\"url\":\"https:\\\/\\\/www.eldigitaldeasturias.com\\\/noticias\\\/author\\\/admin\\\/\",\"name\":\"El Digital de Asturias\",\"image\":{\"@type\":\"ImageObject\",\"@id\":\"https:\\\/\\\/www.eldigitaldeasturias.com\\\/noticias\\\/admiradores-recuerdan-a-jenni-rivera-en-el-escenario-de-su-ultima-presentacion\\\/#authorImage\",\"url\":\"https:\\\/\\\/secure.gravatar.com\\\/avatar\\\/df2aeffc32bcd13f8d26072ef8a91b623d677766deac7f97ca815868cd41bf5e?s=96&d=mm&r=g\",\"width\":96,\"height\":96,\"caption\":\"El Digital de Asturias\"}},{\"@type\":\"WebPage\",\"@id\":\"https:\\\/\\\/www.eldigitaldeasturias.com\\\/noticias\\\/admiradores-recuerdan-a-jenni-rivera-en-el-escenario-de-su-ultima-presentacion\\\/#webpage\",\"url\":\"https:\\\/\\\/www.eldigitaldeasturias.com\\\/noticias\\\/admiradores-recuerdan-a-jenni-rivera-en-el-escenario-de-su-ultima-presentacion\\\/\",\"name\":\"Admiradores recuerdan a Jenni Rivera en el escenario de su \\u00faltima presentaci\\u00f3n - El Digital de Asturias\",\"description\":\"M\\u00e9xico, 9 dic (EFE).- Una docena de conjuntos musicales ofrecen esta noche un gran concierto en la Arena Monterrey para homenajear a la cantante Jenni Rivera, fallecida hace un a\\u00f1o en un accidente a\\u00e9reo horas despu\\u00e9s de presentarse en ese mismo escenario. Organizado por la familia de \\\"La Diva de la Banda\\\", el recital \\\"Jenni\",\"inLanguage\":\"es-ES\",\"isPartOf\":{\"@id\":\"https:\\\/\\\/www.eldigitaldeasturias.com\\\/noticias\\\/#website\"},\"breadcrumb\":{\"@id\":\"https:\\\/\\\/www.eldigitaldeasturias.com\\\/noticias\\\/admiradores-recuerdan-a-jenni-rivera-en-el-escenario-de-su-ultima-presentacion\\\/#breadcrumblist\"},\"author\":{\"@id\":\"https:\\\/\\\/www.eldigitaldeasturias.com\\\/noticias\\\/author\\\/admin\\\/#author\"},\"creator\":{\"@id\":\"https:\\\/\\\/www.eldigitaldeasturias.com\\\/noticias\\\/author\\\/admin\\\/#author\"},\"image\":{\"@type\":\"ImageObject\",\"url\":459956,\"@id\":\"https:\\\/\\\/www.eldigitaldeasturias.com\\\/noticias\\\/admiradores-recuerdan-a-jenni-rivera-en-el-escenario-de-su-ultima-presentacion\\\/#mainImage\"},\"primaryImageOfPage\":{\"@id\":\"https:\\\/\\\/www.eldigitaldeasturias.com\\\/noticias\\\/admiradores-recuerdan-a-jenni-rivera-en-el-escenario-de-su-ultima-presentacion\\\/#mainImage\"},\"datePublished\":\"2013-12-10T08:49:31+01:00\",\"dateModified\":\"2013-12-10T08:49:31+01:00\"},{\"@type\":\"WebSite\",\"@id\":\"https:\\\/\\\/www.eldigitaldeasturias.com\\\/noticias\\\/#website\",\"url\":\"https:\\\/\\\/www.eldigitaldeasturias.com\\\/noticias\\\/\",\"name\":\"El Digital de Asturias - Diario de actualidad y noticias\",\"alternateName\":\"El Digital de Asturias - Diario de actualidad y noticias\",\"description\":\"Hemeroteca\",\"inLanguage\":\"es-ES\",\"publisher\":{\"@id\":\"https:\\\/\\\/www.eldigitaldeasturias.com\\\/noticias\\\/#organization\"}}]}\n\t\t<\/script>\n\t\t<!-- All in One SEO Pro -->\r\n\t\t<title>Admiradores recuerdan a Jenni Rivera en el escenario de su \u00faltima presentaci\u00f3n - El Digital de Asturias<\/title>\n\n","aioseo_head_json":{"title":"Admiradores recuerdan a Jenni Rivera en el escenario de su \u00faltima presentaci\u00f3n - El Digital de Asturias","description":"M\u00e9xico, 9 dic (EFE).- Una docena de conjuntos musicales ofrecen esta noche un gran concierto en la Arena Monterrey para homenajear a la cantante Jenni Rivera, fallecida hace un a\u00f1o en un accidente a\u00e9reo horas despu\u00e9s de presentarse en ese mismo escenario. Organizado por la familia de \"La Diva de la Banda\", el recital \"Jenni","canonical_url":"https:\/\/www.eldigitaldeasturias.com\/noticias\/admiradores-recuerdan-a-jenni-rivera-en-el-escenario-de-su-ultima-presentacion\/","robots":"max-image-preview:large","keywords":"revista de ocio","webmasterTools":{"google-site-verification":"UA-38556648-1","msvalidate.01":"7dfe9f3f1b24437ab69f4f2559babe99","miscellaneous":""},"schema":{"@context":"https:\/\/schema.org","@graph":[{"@type":"BlogPosting","@id":"https:\/\/www.eldigitaldeasturias.com\/noticias\/admiradores-recuerdan-a-jenni-rivera-en-el-escenario-de-su-ultima-presentacion\/#blogposting","name":"Admiradores recuerdan a Jenni Rivera en el escenario de su \u00faltima presentaci\u00f3n - El Digital de Asturias","headline":"Admiradores recuerdan a Jenni Rivera en el escenario de su \u00faltima presentaci\u00f3n","author":{"@id":"https:\/\/www.eldigitaldeasturias.com\/noticias\/author\/admin\/#author"},"publisher":{"@id":"https:\/\/www.eldigitaldeasturias.com\/noticias\/#organization"},"image":{"@type":"ImageObject","url":459956},"datePublished":"2013-12-10T08:49:31+01:00","dateModified":"2013-12-10T08:49:31+01:00","inLanguage":"es-ES","mainEntityOfPage":{"@id":"https:\/\/www.eldigitaldeasturias.com\/noticias\/admiradores-recuerdan-a-jenni-rivera-en-el-escenario-de-su-ultima-presentacion\/#webpage"},"isPartOf":{"@id":"https:\/\/www.eldigitaldeasturias.com\/noticias\/admiradores-recuerdan-a-jenni-rivera-en-el-escenario-de-su-ultima-presentacion\/#webpage"},"articleSection":"Revista de Ocio"},{"@type":"BreadcrumbList","@id":"https:\/\/www.eldigitaldeasturias.com\/noticias\/admiradores-recuerdan-a-jenni-rivera-en-el-escenario-de-su-ultima-presentacion\/#breadcrumblist","itemListElement":[{"@type":"ListItem","@id":"https:\/\/www.eldigitaldeasturias.com\/noticias#listItem","position":1,"name":"Home","item":"https:\/\/www.eldigitaldeasturias.com\/noticias","nextItem":{"@type":"ListItem","@id":"https:\/\/www.eldigitaldeasturias.com\/noticias\/category\/revista-de-ocio\/#listItem","name":"Revista de Ocio"}},{"@type":"ListItem","@id":"https:\/\/www.eldigitaldeasturias.com\/noticias\/category\/revista-de-ocio\/#listItem","position":2,"name":"Revista de Ocio","item":"https:\/\/www.eldigitaldeasturias.com\/noticias\/category\/revista-de-ocio\/","nextItem":{"@type":"ListItem","@id":"https:\/\/www.eldigitaldeasturias.com\/noticias\/admiradores-recuerdan-a-jenni-rivera-en-el-escenario-de-su-ultima-presentacion\/#listItem","name":"Admiradores recuerdan a Jenni Rivera en el escenario de su \u00faltima presentaci\u00f3n"},"previousItem":{"@type":"ListItem","@id":"https:\/\/www.eldigitaldeasturias.com\/noticias#listItem","name":"Home"}},{"@type":"ListItem","@id":"https:\/\/www.eldigitaldeasturias.com\/noticias\/admiradores-recuerdan-a-jenni-rivera-en-el-escenario-de-su-ultima-presentacion\/#listItem","position":3,"name":"Admiradores recuerdan a Jenni Rivera en el escenario de su \u00faltima presentaci\u00f3n","previousItem":{"@type":"ListItem","@id":"https:\/\/www.eldigitaldeasturias.com\/noticias\/category\/revista-de-ocio\/#listItem","name":"Revista de Ocio"}}]},{"@type":"Organization","@id":"https:\/\/www.eldigitaldeasturias.com\/noticias\/#organization","name":"El Digital de Asturias","description":"Hemeroteca","url":"https:\/\/www.eldigitaldeasturias.com\/noticias\/","email":"info@eldigitaldeasturias.com","telephone":"+34652131393","logo":{"@type":"ImageObject","url":"https:\/\/www.eldigitaldeasturias.com\/noticias\/wp-content\/uploads\/2020\/12\/EDA.jpg","@id":"https:\/\/www.eldigitaldeasturias.com\/noticias\/admiradores-recuerdan-a-jenni-rivera-en-el-escenario-de-su-ultima-presentacion\/#organizationLogo"},"image":{"@id":"https:\/\/www.eldigitaldeasturias.com\/noticias\/admiradores-recuerdan-a-jenni-rivera-en-el-escenario-de-su-ultima-presentacion\/#organizationLogo"},"sameAs":["https:\/\/facebook.com\/eldigitaldeasturias","https:\/\/www.youtube.com\/channel\/UCZP-2wLEB9Rv6erhFmqVnvg"],"address":{"@id":"https:\/\/www.eldigitaldeasturias.com\/noticias\/#postaladdress","@type":"PostalAddress","streetAddress":"san antonio 4","postalCode":"33430","addressLocality":"Cand\u00e1s","addressRegion":"Asturias","addressCountry":"ES"}},{"@type":"Person","@id":"https:\/\/www.eldigitaldeasturias.com\/noticias\/author\/admin\/#author","url":"https:\/\/www.eldigitaldeasturias.com\/noticias\/author\/admin\/","name":"El Digital de Asturias","image":{"@type":"ImageObject","@id":"https:\/\/www.eldigitaldeasturias.com\/noticias\/admiradores-recuerdan-a-jenni-rivera-en-el-escenario-de-su-ultima-presentacion\/#authorImage","url":"https:\/\/secure.gravatar.com\/avatar\/df2aeffc32bcd13f8d26072ef8a91b623d677766deac7f97ca815868cd41bf5e?s=96&d=mm&r=g","width":96,"height":96,"caption":"El Digital de Asturias"}},{"@type":"WebPage","@id":"https:\/\/www.eldigitaldeasturias.com\/noticias\/admiradores-recuerdan-a-jenni-rivera-en-el-escenario-de-su-ultima-presentacion\/#webpage","url":"https:\/\/www.eldigitaldeasturias.com\/noticias\/admiradores-recuerdan-a-jenni-rivera-en-el-escenario-de-su-ultima-presentacion\/","name":"Admiradores recuerdan a Jenni Rivera en el escenario de su \u00faltima presentaci\u00f3n - El Digital de Asturias","description":"M\u00e9xico, 9 dic (EFE).- Una docena de conjuntos musicales ofrecen esta noche un gran concierto en la Arena Monterrey para homenajear a la cantante Jenni Rivera, fallecida hace un a\u00f1o en un accidente a\u00e9reo horas despu\u00e9s de presentarse en ese mismo escenario. Organizado por la familia de \"La Diva de la Banda\", el recital \"Jenni","inLanguage":"es-ES","isPartOf":{"@id":"https:\/\/www.eldigitaldeasturias.com\/noticias\/#website"},"breadcrumb":{"@id":"https:\/\/www.eldigitaldeasturias.com\/noticias\/admiradores-recuerdan-a-jenni-rivera-en-el-escenario-de-su-ultima-presentacion\/#breadcrumblist"},"author":{"@id":"https:\/\/www.eldigitaldeasturias.com\/noticias\/author\/admin\/#author"},"creator":{"@id":"https:\/\/www.eldigitaldeasturias.com\/noticias\/author\/admin\/#author"},"image":{"@type":"ImageObject","url":459956,"@id":"https:\/\/www.eldigitaldeasturias.com\/noticias\/admiradores-recuerdan-a-jenni-rivera-en-el-escenario-de-su-ultima-presentacion\/#mainImage"},"primaryImageOfPage":{"@id":"https:\/\/www.eldigitaldeasturias.com\/noticias\/admiradores-recuerdan-a-jenni-rivera-en-el-escenario-de-su-ultima-presentacion\/#mainImage"},"datePublished":"2013-12-10T08:49:31+01:00","dateModified":"2013-12-10T08:49:31+01:00"},{"@type":"WebSite","@id":"https:\/\/www.eldigitaldeasturias.com\/noticias\/#website","url":"https:\/\/www.eldigitaldeasturias.com\/noticias\/","name":"El Digital de Asturias - Diario de actualidad y noticias","alternateName":"El Digital de Asturias - Diario de actualidad y noticias","description":"Hemeroteca","inLanguage":"es-ES","publisher":{"@id":"https:\/\/www.eldigitaldeasturias.com\/noticias\/#organization"}}]},"og:locale":"es_ES","og:site_name":"El Digital de Asturias","og:type":"article","og:title":"Admiradores recuerdan a Jenni Rivera en el escenario de su \u00faltima presentaci\u00f3n - El Digital de Asturias","og:description":"M\u00e9xico, 9 dic (EFE).- Una docena de conjuntos musicales ofrecen esta noche un gran concierto en la Arena Monterrey para homenajear a la cantante Jenni Rivera, fallecida hace un a\u00f1o en un accidente a\u00e9reo horas despu\u00e9s de presentarse en ese mismo escenario. Organizado por la familia de &quot;La Diva de la Banda&quot;, el recital &quot;Jenni","og:url":"https:\/\/www.eldigitaldeasturias.com\/noticias\/admiradores-recuerdan-a-jenni-rivera-en-el-escenario-de-su-ultima-presentacion\/","article:tag":["revista de ocio"],"article:published_time":"2013-12-10T09:49:31+00:00","article:modified_time":"2013-12-10T09:49:31+00:00","article:publisher":"https:\/\/facebook.com\/eldigitaldeasturias","twitter:card":"summary_large_image","twitter:title":"Admiradores recuerdan a Jenni Rivera en el escenario de su \u00faltima presentaci\u00f3n - El Digital de Asturias","twitter:description":"M\u00e9xico, 9 dic (EFE).- Una docena de conjuntos musicales ofrecen esta noche un gran concierto en la Arena Monterrey para homenajear a la cantante Jenni Rivera, fallecida hace un a\u00f1o en un accidente a\u00e9reo horas despu\u00e9s de presentarse en ese mismo escenario. Organizado por la familia de &quot;La Diva de la Banda&quot;, el recital &quot;Jenni","twitter:label1":"Escrito por","twitter:data1":"El Digital de Asturias","twitter:label2":"Tiempo de lectura estimado","twitter:data2":"2 minutos"},"aioseo_meta_data":{"post_id":"459955","title":null,"description":null,"keywords":null,"keyphrases":null,"primary_term":null,"canonical_url":null,"og_title":null,"og_description":null,"og_object_type":"default","og_image_type":"default","og_image_url":null,"og_image_width":null,"og_image_height":null,"og_image_custom_url":null,"og_image_custom_fields":null,"og_video":null,"og_custom_url":null,"og_article_section":null,"og_article_tags":null,"twitter_use_og":true,"twitter_card":"default","twitter_image_type":"default","twitter_image_url":null,"twitter_image_custom_url":null,"twitter_image_custom_fields":null,"twitter_title":null,"twitter_description":null,"schema":{"blockGraphs":[],"customGraphs":[],"default":{"data":{"Article":[],"Course":[],"Dataset":[],"FAQPage":[],"Movie":[],"Person":[],"Product":[],"ProductReview":[],"Car":[],"Recipe":[],"Service":[],"SoftwareApplication":[],"WebPage":[]},"graphName":"","isEnabled":true},"graphs":[],"defaultGraph":"","defaultPostTypeGraph":""},"schema_type":null,"schema_type_options":null,"pillar_content":false,"robots_default":true,"robots_noindex":false,"robots_noarchive":false,"robots_nosnippet":false,"robots_nofollow":false,"robots_noimageindex":false,"robots_noodp":false,"robots_notranslate":false,"robots_max_snippet":null,"robots_max_videopreview":null,"robots_max_imagepreview":"none","priority":null,"frequency":null,"local_seo":null,"seo_analyzer_scan_date":"2026-05-30 11:13:53","breadcrumb_settings":null,"limit_modified_date":false,"open_ai":null,"ai":null,"created":"2020-11-14 22:47:40","updated":"2026-05-30 11:13:53","focus_keyword":null,"additional_keywords":null,"truseo_locale":null},"aioseo_breadcrumb":"<div class=\"aioseo-breadcrumbs\"><span class=\"aioseo-breadcrumb\">\n\t<a href=\"https:\/\/www.eldigitaldeasturias.com\/noticias\" title=\"Home\">Home<\/a>\n<\/span><span class=\"aioseo-breadcrumb-separator\">\u2013<\/span><span class=\"aioseo-breadcrumb\">\n\t<a href=\"https:\/\/www.eldigitaldeasturias.com\/noticias\/category\/revista-de-ocio\/\" title=\"Revista de Ocio\">Revista de Ocio<\/a>\n<\/span><span class=\"aioseo-breadcrumb-separator\">\u2013<\/span><span class=\"aioseo-breadcrumb\">\n\t<a href=\"https:\/\/www.eldigitaldeasturias.com\/noticias\/admiradores-recuerdan-a-jenni-rivera-en-el-escenario-de-su-ultima-presentacion\/\" title=\"Admiradores recuerdan a Jenni Rivera en el escenario de su \u00faltima presentaci\u00f3n\">Admiradores recuerdan a Jenni Rivera en el escenario de su \u00faltima presentaci\u00f3n<\/a>\n<\/span><\/div>","aioseo_breadcrumb_json":[{"label":"Home","link":"https:\/\/www.eldigitaldeasturias.com\/noticias"},{"label":"Revista de Ocio","link":"https:\/\/www.eldigitaldeasturias.com\/noticias\/category\/revista-de-ocio\/"},{"label":"Admiradores recuerdan a Jenni Rivera en el escenario de su \u00faltima presentaci\u00f3n","link":"https:\/\/www.eldigitaldeasturias.com\/noticias\/admiradores-recuerdan-a-jenni-rivera-en-el-escenario-de-su-ultima-presentacion\/"}],"_links":{"self":[{"href":"https:\/\/www.eldigitaldeasturias.com\/noticias\/wp-json\/wp\/v2\/posts\/459955","targetHints":{"allow":["GET"]}}],"collection":[{"href":"https:\/\/www.eldigitaldeasturias.com\/noticias\/wp-json\/wp\/v2\/posts"}],"about":[{"href":"https:\/\/www.eldigitaldeasturias.com\/noticias\/wp-json\/wp\/v2\/types\/post"}],"author":[{"embeddable":true,"href":"https:\/\/www.eldigitaldeasturias.com\/noticias\/wp-json\/wp\/v2\/users\/1"}],"replies":[{"embeddable":true,"href":"https:\/\/www.eldigitaldeasturias.com\/noticias\/wp-json\/wp\/v2\/comments?post=459955"}],"version-history":[{"count":0,"href":"https:\/\/www.eldigitaldeasturias.com\/noticias\/wp-json\/wp\/v2\/posts\/459955\/revisions"}],"wp:attachment":[{"href":"https:\/\/www.eldigitaldeasturias.com\/noticias\/wp-json\/wp\/v2\/media?parent=459955"}],"wp:term":[{"taxonomy":"category","embeddable":true,"href":"https:\/\/www.eldigitaldeasturias.com\/noticias\/wp-json\/wp\/v2\/categories?post=459955"},{"taxonomy":"post_tag","embeddable":true,"href":"https:\/\/www.eldigitaldeasturias.com\/noticias\/wp-json\/wp\/v2\/tags?post=459955"}],"curies":[{"name":"wp","href":"https:\/\/api.w.org\/{rel}","templated":true}]}}