{"id":459940,"date":"2013-12-10T08:42:47","date_gmt":"2013-12-10T09:42:47","guid":{"rendered":"http:\/\/www.eldigitaldeasturias.com\/noticias\/?p=459940"},"modified":"2013-12-10T08:42:47","modified_gmt":"2013-12-10T09:42:47","slug":"informe-sobre-violencia-de-genero-ve-avances-y-debilidades-en-america-latina","status":"publish","type":"post","link":"https:\/\/www.eldigitaldeasturias.com\/noticias\/informe-sobre-violencia-de-genero-ve-avances-y-debilidades-en-america-latina\/","title":{"rendered":"Informe sobre violencia de g\u00e9nero ve avances y debilidades en Am\u00e9rica Latina"},"content":{"rendered":"<p><img loading=\"lazy\" decoding=\"async\" class=\"alignleft size-medium wp-image-459941\" alt=\"5783026w\" src=\"https:\/\/www.eldigitaldeasturias.com\/noticias\/wp-content\/uploads\/2013\/12\/5783026w-360x239.jpg\" width=\"360\" height=\"239\" \/>Quito, 9 dic (EFE).- Un informe de la ONU sobre la violencia de g\u00e9nero en 32 pa\u00edses de Am\u00e9rica Latina y El Caribe, presentado hoy en Quito, observa avances en la ejecuci\u00f3n de planes nacionales en la materia, pero tambi\u00e9n muchas debilidades a\u00fan para erradicarla.<\/p>\n<p>El director residente del Sistema de Naciones Unidas en Ecuador, el espa\u00f1ol Diego Zorrilla, remarc\u00f3 que el informe pretende convertirse en una gu\u00eda de apoyo para la elaboraci\u00f3n de pol\u00edticas p\u00fablicas de los Estados con el objetivo de encaminar la erradicaci\u00f3n de la violencia de g\u00e9nero.<\/p>\n<p>\u00abLos datos sobre violencia de g\u00e9nero en Am\u00e9rica Latina son totalmente alarmantes\u00bb, remarc\u00f3 Zorrilla que, al revisar ciertas cifras, dijo que entre el 17 % y el 53 % de mujeres casadas o que viven en pareja sufren violencia.<\/p>\n<p>En Ecuador, el 60 por ciento de las mujeres ha sufrido alg\u00fan tipo de maltrato, seg\u00fan el Instituto Nacional de Estad\u00edsticas y Censos, a\u00f1adi\u00f3 Zorrilla que, no obstante, dijo que han habido en los \u00faltimos a\u00f1os \u00abgrandes progresos\u00bb en la implementaci\u00f3n de pol\u00edticas p\u00fablicas para combatir la violencia de g\u00e9nero.<\/p>\n<p>Dijo que lo que pretende ONU-Mujeres y el Programa de Naciones Unidas para el Desarrollo (PNUD) con la elaboraci\u00f3n del informe es proporcionar un \u00aban\u00e1lisis comparativo\u00bb de la situaci\u00f3n en la regi\u00f3n para ayudar a los Estados a orientar de mejor manera sus pol\u00edticas y planes contra la violencia de g\u00e9nero.<\/p>\n<p>De su lado, la peruana Gladys Acosta, de ONU-Mujeres en Ecuador, se\u00f1al\u00f3 que el estudio analiza las cifras \u00abalarmantes\u00bb sobre la violencia de g\u00e9nero, pero, sobre todo, la forma c\u00f3mo los pa\u00edses han implementado pol\u00edticas p\u00fablicas para afrontarla e intentar erradicarla.<\/p>\n<p>Destac\u00f3 la campa\u00f1a \u00danete emprendida por la ONU contra la violencia de g\u00e9nero que busca un mayor compromiso de los Estados de Am\u00e9rica Latina y el Caribe para confrontarla.<\/p>\n<p>El estudio observa \u00abavances que son significativos\u00bb, como el hecho de que el 27 por ciento de los 32 pa\u00edses estudiados \u00abhayan aprobado leyes contra la violencia dom\u00e9stica\u00bb.<\/p>\n<p>Nueve pa\u00edses de ellos incluso han aprobado leyes que tipifican el feminicidio en su normativa penal y casos como el de Ecuador que en su Constituci\u00f3n incluye el tema.<\/p>\n<p>Ecuador ya tiene un plan nacional para afrontar este tipo de situaciones, se\u00f1al\u00f3 Acosta y remarc\u00f3 que Brasil, Honduras y M\u00e9xico ya van por un segundo plan nacional sobre violencia contra las mujeres.<\/p>\n<p>S\u00f3lo tres pa\u00edses del caribe angl\u00f3fono no cuentan con este tipo de planes nacionales, a\u00f1adi\u00f3 al presentar los avances que se han observado en la regi\u00f3n.<\/p>\n<p>Sin embargo, Acosta afirm\u00f3 que a\u00fan se ha notado una \u00abdebilidad institucional\u00bb para afrontar el reto de erradicar la violencia de g\u00e9nero.<\/p>\n<p>Tambi\u00e9n las capacidades t\u00e9cnicas para encarar este reto \u00abson d\u00e9biles\u00bb, as\u00ed como los sistemas de informaci\u00f3n creados para llevar adelante los planes nacionales.<\/p>\n<p>Seg\u00fan Acosta, un objetivo regional es que la lucha contra la violencia de g\u00e9nero se constituya en una pol\u00edtica de Estado, que rebase las coyunturas de los gobiernos.<\/p>\n<p>Se requiere, apunt\u00f3, mejorar las capacidades de las instituciones y personas que deban llevar adelante los planes nacionales, as\u00ed como tambi\u00e9n una \u00abconstante armonizaci\u00f3n legislativa\u00bb.<\/p>\n<p>\u00abLas leyes no cambian por s\u00ed sola las cosas\u00bb, pero la mejora de las normativas permiten dirigir de mejor manera las pol\u00edticas para enfrentar la discriminaci\u00f3n y violencia de g\u00e9nero, apunt\u00f3 la representante de ONU Mujeres en Ecuador.<\/p>\n","protected":false},"excerpt":{"rendered":"<p>Quito, 9 dic (EFE).- Un informe de la ONU sobre la violencia de g\u00e9nero en 32 pa\u00edses de Am\u00e9rica Latina y El Caribe, presentado hoy en Quito, observa avances en la ejecuci\u00f3n de planes nacionales en la materia, pero tambi\u00e9n muchas debilidades a\u00fan para erradicarla. El director residente del Sistema de Naciones Unidas en Ecuador, [&hellip;]<\/p>\n","protected":false},"author":1,"featured_media":459941,"comment_status":"closed","ping_status":"open","sticky":false,"template":"","format":"standard","meta":{"footnotes":""},"categories":[28],"tags":[],"class_list":["post-459940","post","type-post","status-publish","format-standard","has-post-thumbnail","hentry","category-sociedad"],"aioseo_notices":[],"aioseo_head":"\n\t\t<!-- All in One SEO Pro 5.0.1 - aioseo.com -->\n\t<meta name=\"description\" content=\"Quito, 9 dic (EFE).- Un informe de la ONU sobre la violencia de g\u00e9nero en 32 pa\u00edses de Am\u00e9rica Latina y El Caribe, presentado hoy en Quito, observa avances en la ejecuci\u00f3n de planes nacionales en la materia, pero tambi\u00e9n muchas debilidades a\u00fan para erradicarla. El director residente del Sistema de Naciones Unidas en Ecuador,\" \/>\n\t<meta name=\"robots\" content=\"max-image-preview:large\" \/>\n\t<meta name=\"author\" content=\"El Digital de Asturias\"\/>\n\t<meta name=\"google-site-verification\" content=\"UA-38556648-1\" \/>\n\t<meta name=\"msvalidate.01\" content=\"7dfe9f3f1b24437ab69f4f2559babe99\" \/>\n\t<meta name=\"keywords\" content=\"sociedad\" \/>\n\t<link rel=\"canonical\" href=\"https:\/\/www.eldigitaldeasturias.com\/noticias\/informe-sobre-violencia-de-genero-ve-avances-y-debilidades-en-america-latina\/\" \/>\n\t<meta name=\"generator\" content=\"All in One SEO Pro (AIOSEO) 5.0.1\" \/>\n\t\t<meta property=\"og:locale\" content=\"es_ES\" \/>\n\t\t<meta property=\"og:site_name\" content=\"El Digital de Asturias\" \/>\n\t\t<meta property=\"og:type\" content=\"article\" \/>\n\t\t<meta property=\"og:title\" content=\"Informe sobre violencia de g\u00e9nero ve avances y debilidades en Am\u00e9rica Latina - El Digital de Asturias\" \/>\n\t\t<meta property=\"og:description\" content=\"Quito, 9 dic (EFE).- Un informe de la ONU sobre la violencia de g\u00e9nero en 32 pa\u00edses de Am\u00e9rica Latina y El Caribe, presentado hoy en Quito, observa avances en la ejecuci\u00f3n de planes nacionales en la materia, pero tambi\u00e9n muchas debilidades a\u00fan para erradicarla. El director residente del Sistema de Naciones Unidas en Ecuador,\" \/>\n\t\t<meta property=\"og:url\" content=\"https:\/\/www.eldigitaldeasturias.com\/noticias\/informe-sobre-violencia-de-genero-ve-avances-y-debilidades-en-america-latina\/\" \/>\n\t\t<meta property=\"article:tag\" content=\"sociedad\" \/>\n\t\t<meta property=\"article:published_time\" content=\"2013-12-10T09:42:47+00:00\" \/>\n\t\t<meta property=\"article:modified_time\" content=\"2013-12-10T09:42:47+00:00\" \/>\n\t\t<meta property=\"article:publisher\" content=\"https:\/\/facebook.com\/eldigitaldeasturias\" \/>\n\t\t<meta name=\"twitter:card\" content=\"summary_large_image\" \/>\n\t\t<meta name=\"twitter:title\" content=\"Informe sobre violencia de g\u00e9nero ve avances y debilidades en Am\u00e9rica Latina - El Digital de Asturias\" \/>\n\t\t<meta name=\"twitter:description\" content=\"Quito, 9 dic (EFE).- Un informe de la ONU sobre la violencia de g\u00e9nero en 32 pa\u00edses de Am\u00e9rica Latina y El Caribe, presentado hoy en Quito, observa avances en la ejecuci\u00f3n de planes nacionales en la materia, pero tambi\u00e9n muchas debilidades a\u00fan para erradicarla. El director residente del Sistema de Naciones Unidas en Ecuador,\" \/>\n\t\t<meta name=\"twitter:label1\" content=\"Escrito por\" \/>\n\t\t<meta name=\"twitter:data1\" content=\"El Digital de Asturias\" \/>\n\t\t<meta name=\"twitter:label2\" content=\"Tiempo de lectura estimado\" \/>\n\t\t<meta name=\"twitter:data2\" content=\"3 minutos\" \/>\n\t\t<script type=\"application\/ld+json\" class=\"aioseo-schema\">\n\t\t\t{\"@context\":\"https:\\\/\\\/schema.org\",\"@graph\":[{\"@type\":\"BlogPosting\",\"@id\":\"https:\\\/\\\/www.eldigitaldeasturias.com\\\/noticias\\\/informe-sobre-violencia-de-genero-ve-avances-y-debilidades-en-america-latina\\\/#blogposting\",\"name\":\"Informe sobre violencia de g\\u00e9nero ve avances y debilidades en Am\\u00e9rica Latina - El Digital de Asturias\",\"headline\":\"Informe sobre violencia de g\\u00e9nero ve avances y debilidades en Am\\u00e9rica Latina\",\"author\":{\"@id\":\"https:\\\/\\\/www.eldigitaldeasturias.com\\\/noticias\\\/author\\\/admin\\\/#author\"},\"publisher\":{\"@id\":\"https:\\\/\\\/www.eldigitaldeasturias.com\\\/noticias\\\/#organization\"},\"image\":{\"@type\":\"ImageObject\",\"url\":459941},\"datePublished\":\"2013-12-10T08:42:47+01:00\",\"dateModified\":\"2013-12-10T08:42:47+01:00\",\"inLanguage\":\"es-ES\",\"mainEntityOfPage\":{\"@id\":\"https:\\\/\\\/www.eldigitaldeasturias.com\\\/noticias\\\/informe-sobre-violencia-de-genero-ve-avances-y-debilidades-en-america-latina\\\/#webpage\"},\"isPartOf\":{\"@id\":\"https:\\\/\\\/www.eldigitaldeasturias.com\\\/noticias\\\/informe-sobre-violencia-de-genero-ve-avances-y-debilidades-en-america-latina\\\/#webpage\"},\"articleSection\":\"Sociedad\"},{\"@type\":\"BreadcrumbList\",\"@id\":\"https:\\\/\\\/www.eldigitaldeasturias.com\\\/noticias\\\/informe-sobre-violencia-de-genero-ve-avances-y-debilidades-en-america-latina\\\/#breadcrumblist\",\"itemListElement\":[{\"@type\":\"ListItem\",\"@id\":\"https:\\\/\\\/www.eldigitaldeasturias.com\\\/noticias#listItem\",\"position\":1,\"name\":\"Home\",\"item\":\"https:\\\/\\\/www.eldigitaldeasturias.com\\\/noticias\",\"nextItem\":{\"@type\":\"ListItem\",\"@id\":\"https:\\\/\\\/www.eldigitaldeasturias.com\\\/noticias\\\/category\\\/sociedad\\\/#listItem\",\"name\":\"Sociedad\"}},{\"@type\":\"ListItem\",\"@id\":\"https:\\\/\\\/www.eldigitaldeasturias.com\\\/noticias\\\/category\\\/sociedad\\\/#listItem\",\"position\":2,\"name\":\"Sociedad\",\"item\":\"https:\\\/\\\/www.eldigitaldeasturias.com\\\/noticias\\\/category\\\/sociedad\\\/\",\"nextItem\":{\"@type\":\"ListItem\",\"@id\":\"https:\\\/\\\/www.eldigitaldeasturias.com\\\/noticias\\\/informe-sobre-violencia-de-genero-ve-avances-y-debilidades-en-america-latina\\\/#listItem\",\"name\":\"Informe sobre violencia de g\\u00e9nero ve avances y debilidades en Am\\u00e9rica Latina\"},\"previousItem\":{\"@type\":\"ListItem\",\"@id\":\"https:\\\/\\\/www.eldigitaldeasturias.com\\\/noticias#listItem\",\"name\":\"Home\"}},{\"@type\":\"ListItem\",\"@id\":\"https:\\\/\\\/www.eldigitaldeasturias.com\\\/noticias\\\/informe-sobre-violencia-de-genero-ve-avances-y-debilidades-en-america-latina\\\/#listItem\",\"position\":3,\"name\":\"Informe sobre violencia de g\\u00e9nero ve avances y debilidades en Am\\u00e9rica Latina\",\"previousItem\":{\"@type\":\"ListItem\",\"@id\":\"https:\\\/\\\/www.eldigitaldeasturias.com\\\/noticias\\\/category\\\/sociedad\\\/#listItem\",\"name\":\"Sociedad\"}}]},{\"@type\":\"Organization\",\"@id\":\"https:\\\/\\\/www.eldigitaldeasturias.com\\\/noticias\\\/#organization\",\"name\":\"El Digital de Asturias\",\"description\":\"Hemeroteca\",\"url\":\"https:\\\/\\\/www.eldigitaldeasturias.com\\\/noticias\\\/\",\"email\":\"info@eldigitaldeasturias.com\",\"telephone\":\"+34652131393\",\"logo\":{\"@type\":\"ImageObject\",\"url\":\"https:\\\/\\\/www.eldigitaldeasturias.com\\\/noticias\\\/wp-content\\\/uploads\\\/2020\\\/12\\\/EDA.jpg\",\"@id\":\"https:\\\/\\\/www.eldigitaldeasturias.com\\\/noticias\\\/informe-sobre-violencia-de-genero-ve-avances-y-debilidades-en-america-latina\\\/#organizationLogo\"},\"image\":{\"@id\":\"https:\\\/\\\/www.eldigitaldeasturias.com\\\/noticias\\\/informe-sobre-violencia-de-genero-ve-avances-y-debilidades-en-america-latina\\\/#organizationLogo\"},\"sameAs\":[\"https:\\\/\\\/facebook.com\\\/eldigitaldeasturias\",\"https:\\\/\\\/www.youtube.com\\\/channel\\\/UCZP-2wLEB9Rv6erhFmqVnvg\"],\"address\":{\"@id\":\"https:\\\/\\\/www.eldigitaldeasturias.com\\\/noticias\\\/#postaladdress\",\"@type\":\"PostalAddress\",\"streetAddress\":\"san antonio 4\",\"postalCode\":\"33430\",\"addressLocality\":\"Cand\\u00e1s\",\"addressRegion\":\"Asturias\",\"addressCountry\":\"ES\"}},{\"@type\":\"Person\",\"@id\":\"https:\\\/\\\/www.eldigitaldeasturias.com\\\/noticias\\\/author\\\/admin\\\/#author\",\"url\":\"https:\\\/\\\/www.eldigitaldeasturias.com\\\/noticias\\\/author\\\/admin\\\/\",\"name\":\"El Digital de Asturias\",\"image\":{\"@type\":\"ImageObject\",\"@id\":\"https:\\\/\\\/www.eldigitaldeasturias.com\\\/noticias\\\/informe-sobre-violencia-de-genero-ve-avances-y-debilidades-en-america-latina\\\/#authorImage\",\"url\":\"https:\\\/\\\/secure.gravatar.com\\\/avatar\\\/df2aeffc32bcd13f8d26072ef8a91b623d677766deac7f97ca815868cd41bf5e?s=96&d=mm&r=g\",\"width\":96,\"height\":96,\"caption\":\"El Digital de Asturias\"}},{\"@type\":\"WebPage\",\"@id\":\"https:\\\/\\\/www.eldigitaldeasturias.com\\\/noticias\\\/informe-sobre-violencia-de-genero-ve-avances-y-debilidades-en-america-latina\\\/#webpage\",\"url\":\"https:\\\/\\\/www.eldigitaldeasturias.com\\\/noticias\\\/informe-sobre-violencia-de-genero-ve-avances-y-debilidades-en-america-latina\\\/\",\"name\":\"Informe sobre violencia de g\\u00e9nero ve avances y debilidades en Am\\u00e9rica Latina - El Digital de Asturias\",\"description\":\"Quito, 9 dic (EFE).- Un informe de la ONU sobre la violencia de g\\u00e9nero en 32 pa\\u00edses de Am\\u00e9rica Latina y El Caribe, presentado hoy en Quito, observa avances en la ejecuci\\u00f3n de planes nacionales en la materia, pero tambi\\u00e9n muchas debilidades a\\u00fan para erradicarla. El director residente del Sistema de Naciones Unidas en Ecuador,\",\"inLanguage\":\"es-ES\",\"isPartOf\":{\"@id\":\"https:\\\/\\\/www.eldigitaldeasturias.com\\\/noticias\\\/#website\"},\"breadcrumb\":{\"@id\":\"https:\\\/\\\/www.eldigitaldeasturias.com\\\/noticias\\\/informe-sobre-violencia-de-genero-ve-avances-y-debilidades-en-america-latina\\\/#breadcrumblist\"},\"author\":{\"@id\":\"https:\\\/\\\/www.eldigitaldeasturias.com\\\/noticias\\\/author\\\/admin\\\/#author\"},\"creator\":{\"@id\":\"https:\\\/\\\/www.eldigitaldeasturias.com\\\/noticias\\\/author\\\/admin\\\/#author\"},\"image\":{\"@type\":\"ImageObject\",\"url\":459941,\"@id\":\"https:\\\/\\\/www.eldigitaldeasturias.com\\\/noticias\\\/informe-sobre-violencia-de-genero-ve-avances-y-debilidades-en-america-latina\\\/#mainImage\"},\"primaryImageOfPage\":{\"@id\":\"https:\\\/\\\/www.eldigitaldeasturias.com\\\/noticias\\\/informe-sobre-violencia-de-genero-ve-avances-y-debilidades-en-america-latina\\\/#mainImage\"},\"datePublished\":\"2013-12-10T08:42:47+01:00\",\"dateModified\":\"2013-12-10T08:42:47+01:00\"},{\"@type\":\"WebSite\",\"@id\":\"https:\\\/\\\/www.eldigitaldeasturias.com\\\/noticias\\\/#website\",\"url\":\"https:\\\/\\\/www.eldigitaldeasturias.com\\\/noticias\\\/\",\"name\":\"El Digital de Asturias - Diario de actualidad y noticias\",\"alternateName\":\"El Digital de Asturias - Diario de actualidad y noticias\",\"description\":\"Hemeroteca\",\"inLanguage\":\"es-ES\",\"publisher\":{\"@id\":\"https:\\\/\\\/www.eldigitaldeasturias.com\\\/noticias\\\/#organization\"}}]}\n\t\t<\/script>\n\t\t<!-- All in One SEO Pro -->\r\n\t\t<title>Informe sobre violencia de g\u00e9nero ve avances y debilidades en Am\u00e9rica Latina - El Digital de Asturias<\/title>\n\n","aioseo_head_json":{"title":"Informe sobre violencia de g\u00e9nero ve avances y debilidades en Am\u00e9rica Latina - El Digital de Asturias","description":"Quito, 9 dic (EFE).- Un informe de la ONU sobre la violencia de g\u00e9nero en 32 pa\u00edses de Am\u00e9rica Latina y El Caribe, presentado hoy en Quito, observa avances en la ejecuci\u00f3n de planes nacionales en la materia, pero tambi\u00e9n muchas debilidades a\u00fan para erradicarla. El director residente del Sistema de Naciones Unidas en Ecuador,","canonical_url":"https:\/\/www.eldigitaldeasturias.com\/noticias\/informe-sobre-violencia-de-genero-ve-avances-y-debilidades-en-america-latina\/","robots":"max-image-preview:large","keywords":"sociedad","webmasterTools":{"google-site-verification":"UA-38556648-1","msvalidate.01":"7dfe9f3f1b24437ab69f4f2559babe99","miscellaneous":""},"schema":{"@context":"https:\/\/schema.org","@graph":[{"@type":"BlogPosting","@id":"https:\/\/www.eldigitaldeasturias.com\/noticias\/informe-sobre-violencia-de-genero-ve-avances-y-debilidades-en-america-latina\/#blogposting","name":"Informe sobre violencia de g\u00e9nero ve avances y debilidades en Am\u00e9rica Latina - El Digital de Asturias","headline":"Informe sobre violencia de g\u00e9nero ve avances y debilidades en Am\u00e9rica Latina","author":{"@id":"https:\/\/www.eldigitaldeasturias.com\/noticias\/author\/admin\/#author"},"publisher":{"@id":"https:\/\/www.eldigitaldeasturias.com\/noticias\/#organization"},"image":{"@type":"ImageObject","url":459941},"datePublished":"2013-12-10T08:42:47+01:00","dateModified":"2013-12-10T08:42:47+01:00","inLanguage":"es-ES","mainEntityOfPage":{"@id":"https:\/\/www.eldigitaldeasturias.com\/noticias\/informe-sobre-violencia-de-genero-ve-avances-y-debilidades-en-america-latina\/#webpage"},"isPartOf":{"@id":"https:\/\/www.eldigitaldeasturias.com\/noticias\/informe-sobre-violencia-de-genero-ve-avances-y-debilidades-en-america-latina\/#webpage"},"articleSection":"Sociedad"},{"@type":"BreadcrumbList","@id":"https:\/\/www.eldigitaldeasturias.com\/noticias\/informe-sobre-violencia-de-genero-ve-avances-y-debilidades-en-america-latina\/#breadcrumblist","itemListElement":[{"@type":"ListItem","@id":"https:\/\/www.eldigitaldeasturias.com\/noticias#listItem","position":1,"name":"Home","item":"https:\/\/www.eldigitaldeasturias.com\/noticias","nextItem":{"@type":"ListItem","@id":"https:\/\/www.eldigitaldeasturias.com\/noticias\/category\/sociedad\/#listItem","name":"Sociedad"}},{"@type":"ListItem","@id":"https:\/\/www.eldigitaldeasturias.com\/noticias\/category\/sociedad\/#listItem","position":2,"name":"Sociedad","item":"https:\/\/www.eldigitaldeasturias.com\/noticias\/category\/sociedad\/","nextItem":{"@type":"ListItem","@id":"https:\/\/www.eldigitaldeasturias.com\/noticias\/informe-sobre-violencia-de-genero-ve-avances-y-debilidades-en-america-latina\/#listItem","name":"Informe sobre violencia de g\u00e9nero ve avances y debilidades en Am\u00e9rica Latina"},"previousItem":{"@type":"ListItem","@id":"https:\/\/www.eldigitaldeasturias.com\/noticias#listItem","name":"Home"}},{"@type":"ListItem","@id":"https:\/\/www.eldigitaldeasturias.com\/noticias\/informe-sobre-violencia-de-genero-ve-avances-y-debilidades-en-america-latina\/#listItem","position":3,"name":"Informe sobre violencia de g\u00e9nero ve avances y debilidades en Am\u00e9rica Latina","previousItem":{"@type":"ListItem","@id":"https:\/\/www.eldigitaldeasturias.com\/noticias\/category\/sociedad\/#listItem","name":"Sociedad"}}]},{"@type":"Organization","@id":"https:\/\/www.eldigitaldeasturias.com\/noticias\/#organization","name":"El Digital de Asturias","description":"Hemeroteca","url":"https:\/\/www.eldigitaldeasturias.com\/noticias\/","email":"info@eldigitaldeasturias.com","telephone":"+34652131393","logo":{"@type":"ImageObject","url":"https:\/\/www.eldigitaldeasturias.com\/noticias\/wp-content\/uploads\/2020\/12\/EDA.jpg","@id":"https:\/\/www.eldigitaldeasturias.com\/noticias\/informe-sobre-violencia-de-genero-ve-avances-y-debilidades-en-america-latina\/#organizationLogo"},"image":{"@id":"https:\/\/www.eldigitaldeasturias.com\/noticias\/informe-sobre-violencia-de-genero-ve-avances-y-debilidades-en-america-latina\/#organizationLogo"},"sameAs":["https:\/\/facebook.com\/eldigitaldeasturias","https:\/\/www.youtube.com\/channel\/UCZP-2wLEB9Rv6erhFmqVnvg"],"address":{"@id":"https:\/\/www.eldigitaldeasturias.com\/noticias\/#postaladdress","@type":"PostalAddress","streetAddress":"san antonio 4","postalCode":"33430","addressLocality":"Cand\u00e1s","addressRegion":"Asturias","addressCountry":"ES"}},{"@type":"Person","@id":"https:\/\/www.eldigitaldeasturias.com\/noticias\/author\/admin\/#author","url":"https:\/\/www.eldigitaldeasturias.com\/noticias\/author\/admin\/","name":"El Digital de Asturias","image":{"@type":"ImageObject","@id":"https:\/\/www.eldigitaldeasturias.com\/noticias\/informe-sobre-violencia-de-genero-ve-avances-y-debilidades-en-america-latina\/#authorImage","url":"https:\/\/secure.gravatar.com\/avatar\/df2aeffc32bcd13f8d26072ef8a91b623d677766deac7f97ca815868cd41bf5e?s=96&d=mm&r=g","width":96,"height":96,"caption":"El Digital de Asturias"}},{"@type":"WebPage","@id":"https:\/\/www.eldigitaldeasturias.com\/noticias\/informe-sobre-violencia-de-genero-ve-avances-y-debilidades-en-america-latina\/#webpage","url":"https:\/\/www.eldigitaldeasturias.com\/noticias\/informe-sobre-violencia-de-genero-ve-avances-y-debilidades-en-america-latina\/","name":"Informe sobre violencia de g\u00e9nero ve avances y debilidades en Am\u00e9rica Latina - El Digital de Asturias","description":"Quito, 9 dic (EFE).- Un informe de la ONU sobre la violencia de g\u00e9nero en 32 pa\u00edses de Am\u00e9rica Latina y El Caribe, presentado hoy en Quito, observa avances en la ejecuci\u00f3n de planes nacionales en la materia, pero tambi\u00e9n muchas debilidades a\u00fan para erradicarla. El director residente del Sistema de Naciones Unidas en Ecuador,","inLanguage":"es-ES","isPartOf":{"@id":"https:\/\/www.eldigitaldeasturias.com\/noticias\/#website"},"breadcrumb":{"@id":"https:\/\/www.eldigitaldeasturias.com\/noticias\/informe-sobre-violencia-de-genero-ve-avances-y-debilidades-en-america-latina\/#breadcrumblist"},"author":{"@id":"https:\/\/www.eldigitaldeasturias.com\/noticias\/author\/admin\/#author"},"creator":{"@id":"https:\/\/www.eldigitaldeasturias.com\/noticias\/author\/admin\/#author"},"image":{"@type":"ImageObject","url":459941,"@id":"https:\/\/www.eldigitaldeasturias.com\/noticias\/informe-sobre-violencia-de-genero-ve-avances-y-debilidades-en-america-latina\/#mainImage"},"primaryImageOfPage":{"@id":"https:\/\/www.eldigitaldeasturias.com\/noticias\/informe-sobre-violencia-de-genero-ve-avances-y-debilidades-en-america-latina\/#mainImage"},"datePublished":"2013-12-10T08:42:47+01:00","dateModified":"2013-12-10T08:42:47+01:00"},{"@type":"WebSite","@id":"https:\/\/www.eldigitaldeasturias.com\/noticias\/#website","url":"https:\/\/www.eldigitaldeasturias.com\/noticias\/","name":"El Digital de Asturias - Diario de actualidad y noticias","alternateName":"El Digital de Asturias - Diario de actualidad y noticias","description":"Hemeroteca","inLanguage":"es-ES","publisher":{"@id":"https:\/\/www.eldigitaldeasturias.com\/noticias\/#organization"}}]},"og:locale":"es_ES","og:site_name":"El Digital de Asturias","og:type":"article","og:title":"Informe sobre violencia de g\u00e9nero ve avances y debilidades en Am\u00e9rica Latina - El Digital de Asturias","og:description":"Quito, 9 dic (EFE).- Un informe de la ONU sobre la violencia de g\u00e9nero en 32 pa\u00edses de Am\u00e9rica Latina y El Caribe, presentado hoy en Quito, observa avances en la ejecuci\u00f3n de planes nacionales en la materia, pero tambi\u00e9n muchas debilidades a\u00fan para erradicarla. El director residente del Sistema de Naciones Unidas en Ecuador,","og:url":"https:\/\/www.eldigitaldeasturias.com\/noticias\/informe-sobre-violencia-de-genero-ve-avances-y-debilidades-en-america-latina\/","article:tag":["sociedad"],"article:published_time":"2013-12-10T09:42:47+00:00","article:modified_time":"2013-12-10T09:42:47+00:00","article:publisher":"https:\/\/facebook.com\/eldigitaldeasturias","twitter:card":"summary_large_image","twitter:title":"Informe sobre violencia de g\u00e9nero ve avances y debilidades en Am\u00e9rica Latina - El Digital de Asturias","twitter:description":"Quito, 9 dic (EFE).- Un informe de la ONU sobre la violencia de g\u00e9nero en 32 pa\u00edses de Am\u00e9rica Latina y El Caribe, presentado hoy en Quito, observa avances en la ejecuci\u00f3n de planes nacionales en la materia, pero tambi\u00e9n muchas debilidades a\u00fan para erradicarla. El director residente del Sistema de Naciones Unidas en Ecuador,","twitter:label1":"Escrito por","twitter:data1":"El Digital de Asturias","twitter:label2":"Tiempo de lectura estimado","twitter:data2":"3 minutos"},"aioseo_meta_data":{"post_id":"459940","title":null,"description":null,"keywords":null,"keyphrases":null,"primary_term":null,"canonical_url":null,"og_title":null,"og_description":null,"og_object_type":"default","og_image_type":"default","og_image_url":null,"og_image_width":null,"og_image_height":null,"og_image_custom_url":null,"og_image_custom_fields":null,"og_video":null,"og_custom_url":null,"og_article_section":null,"og_article_tags":null,"twitter_use_og":true,"twitter_card":"default","twitter_image_type":"default","twitter_image_url":null,"twitter_image_custom_url":null,"twitter_image_custom_fields":null,"twitter_title":null,"twitter_description":null,"schema":{"blockGraphs":[],"customGraphs":[],"default":{"data":{"Article":[],"Course":[],"Dataset":[],"FAQPage":[],"Movie":[],"Person":[],"Product":[],"ProductReview":[],"Car":[],"Recipe":[],"Service":[],"SoftwareApplication":[],"WebPage":[]},"graphName":"","isEnabled":true},"graphs":[],"defaultGraph":"","defaultPostTypeGraph":""},"schema_type":null,"schema_type_options":null,"pillar_content":false,"robots_default":true,"robots_noindex":false,"robots_noarchive":false,"robots_nosnippet":false,"robots_nofollow":false,"robots_noimageindex":false,"robots_noodp":false,"robots_notranslate":false,"robots_max_snippet":null,"robots_max_videopreview":null,"robots_max_imagepreview":"none","priority":null,"frequency":null,"local_seo":null,"seo_analyzer_scan_date":"2026-05-30 11:11:41","breadcrumb_settings":null,"limit_modified_date":false,"open_ai":null,"ai":null,"created":"2020-11-14 22:47:40","updated":"2026-05-30 11:11:41","focus_keyword":null,"additional_keywords":null,"truseo_locale":null},"aioseo_breadcrumb":"<div class=\"aioseo-breadcrumbs\"><span class=\"aioseo-breadcrumb\">\n\t<a href=\"https:\/\/www.eldigitaldeasturias.com\/noticias\" title=\"Home\">Home<\/a>\n<\/span><span class=\"aioseo-breadcrumb-separator\">\u2013<\/span><span class=\"aioseo-breadcrumb\">\n\t<a href=\"https:\/\/www.eldigitaldeasturias.com\/noticias\/category\/sociedad\/\" title=\"Sociedad\">Sociedad<\/a>\n<\/span><span class=\"aioseo-breadcrumb-separator\">\u2013<\/span><span class=\"aioseo-breadcrumb\">\n\t<a href=\"https:\/\/www.eldigitaldeasturias.com\/noticias\/informe-sobre-violencia-de-genero-ve-avances-y-debilidades-en-america-latina\/\" title=\"Informe sobre violencia de g\u00e9nero ve avances y debilidades en Am\u00e9rica Latina\">Informe sobre violencia de g\u00e9nero ve avances y debilidades en Am\u00e9rica Latina<\/a>\n<\/span><\/div>","aioseo_breadcrumb_json":[{"label":"Home","link":"https:\/\/www.eldigitaldeasturias.com\/noticias"},{"label":"Sociedad","link":"https:\/\/www.eldigitaldeasturias.com\/noticias\/category\/sociedad\/"},{"label":"Informe sobre violencia de g\u00e9nero ve avances y debilidades en Am\u00e9rica Latina","link":"https:\/\/www.eldigitaldeasturias.com\/noticias\/informe-sobre-violencia-de-genero-ve-avances-y-debilidades-en-america-latina\/"}],"_links":{"self":[{"href":"https:\/\/www.eldigitaldeasturias.com\/noticias\/wp-json\/wp\/v2\/posts\/459940","targetHints":{"allow":["GET"]}}],"collection":[{"href":"https:\/\/www.eldigitaldeasturias.com\/noticias\/wp-json\/wp\/v2\/posts"}],"about":[{"href":"https:\/\/www.eldigitaldeasturias.com\/noticias\/wp-json\/wp\/v2\/types\/post"}],"author":[{"embeddable":true,"href":"https:\/\/www.eldigitaldeasturias.com\/noticias\/wp-json\/wp\/v2\/users\/1"}],"replies":[{"embeddable":true,"href":"https:\/\/www.eldigitaldeasturias.com\/noticias\/wp-json\/wp\/v2\/comments?post=459940"}],"version-history":[{"count":0,"href":"https:\/\/www.eldigitaldeasturias.com\/noticias\/wp-json\/wp\/v2\/posts\/459940\/revisions"}],"wp:attachment":[{"href":"https:\/\/www.eldigitaldeasturias.com\/noticias\/wp-json\/wp\/v2\/media?parent=459940"}],"wp:term":[{"taxonomy":"category","embeddable":true,"href":"https:\/\/www.eldigitaldeasturias.com\/noticias\/wp-json\/wp\/v2\/categories?post=459940"},{"taxonomy":"post_tag","embeddable":true,"href":"https:\/\/www.eldigitaldeasturias.com\/noticias\/wp-json\/wp\/v2\/tags?post=459940"}],"curies":[{"name":"wp","href":"https:\/\/api.w.org\/{rel}","templated":true}]}}