{"id":459934,"date":"2013-12-10T08:33:38","date_gmt":"2013-12-10T09:33:38","guid":{"rendered":"http:\/\/www.eldigitaldeasturias.com\/noticias\/?p=459934"},"modified":"2013-12-10T08:33:38","modified_gmt":"2013-12-10T09:33:38","slug":"sube-a-16-el-numero-de-muertos-por-aluvion-en-estado-brasileno-de-bahia","status":"publish","type":"post","link":"https:\/\/www.eldigitaldeasturias.com\/noticias\/sube-a-16-el-numero-de-muertos-por-aluvion-en-estado-brasileno-de-bahia\/","title":{"rendered":"Sube a 16 el n\u00famero de muertos por aluvi\u00f3n en estado brasile\u00f1o de Bah\u00eda"},"content":{"rendered":"<p><img loading=\"lazy\" decoding=\"async\" class=\"alignleft size-medium wp-image-459935\" alt=\"5782916w\" src=\"https:\/\/www.eldigitaldeasturias.com\/noticias\/wp-content\/uploads\/2013\/12\/5782916w-360x239.jpg\" width=\"360\" height=\"239\" \/>Sao Paulo, 10 dic (EFE).- Las autoridades elevaron hoy a 16 el n\u00famero de muertos despu\u00e9s de que un aluvi\u00f3n provocado por un fuerte temporal arrastrara la noche del s\u00e1bado una veintena de viviendas en Lajedinho, ciudad en el interior del estado brasile\u00f1o de Bah\u00eda.<\/p>\n<p>Seg\u00fan inform\u00f3 a Efe un portavoz de la Polic\u00eda Militar (PM), todav\u00eda hay una persona desaparecida tras las intensas lluvias que provocaron el aluvi\u00f3n.<\/p>\n<p>Dos de los cuerpos hallados hoy fueron localizados a 14 kil\u00f3metros de distancia del lugar en el que se registr\u00f3 el aluvi\u00f3n, el cual dej\u00f3 a cerca de 70 familias sin vivienda, inform\u00f3 la misma fuente.<\/p>\n<p>Hasta anoche, el n\u00famero de v\u00edctimas contabilizadas era de 10, as\u00ed como 10 desaparecidos.<\/p>\n<p>Las aguas tambi\u00e9n arrastraron veh\u00edculos, dejaron un rastro de destrucci\u00f3n a su paso e inundaron varias de las calles de la poblaci\u00f3n.<\/p>\n<p>La alcald\u00eda, que a\u00fan no calculo las p\u00e9rdidas materiales, instal\u00f3 provisionalmente a los desabrigados en una escuela municipal.<\/p>\n<p>Seg\u00fan habitantes de la ciudad, por estar ubicada en una depresi\u00f3n en el fondo de un valle, Lajedinho tiene constantes problemas con las lluvias.<\/p>\n","protected":false},"excerpt":{"rendered":"<p>Sao Paulo, 10 dic (EFE).- Las autoridades elevaron hoy a 16 el n\u00famero de muertos despu\u00e9s de que un aluvi\u00f3n provocado por un fuerte temporal arrastrara la noche del s\u00e1bado una veintena de viviendas en Lajedinho, ciudad en el interior del estado brasile\u00f1o de Bah\u00eda. Seg\u00fan inform\u00f3 a Efe un portavoz de la Polic\u00eda Militar [&hellip;]<\/p>\n","protected":false},"author":1,"featured_media":459935,"comment_status":"closed","ping_status":"open","sticky":false,"template":"","format":"standard","meta":{"footnotes":""},"categories":[5],"tags":[],"class_list":["post-459934","post","type-post","status-publish","format-standard","has-post-thumbnail","hentry","category-sucesos"],"aioseo_notices":[],"aioseo_head":"\n\t\t<!-- All in One SEO Pro 5.0.1 - aioseo.com -->\n\t<meta name=\"description\" content=\"Sao Paulo, 10 dic (EFE).- Las autoridades elevaron hoy a 16 el n\u00famero de muertos despu\u00e9s de que un aluvi\u00f3n provocado por un fuerte temporal arrastrara la noche del s\u00e1bado una veintena de viviendas en Lajedinho, ciudad en el interior del estado brasile\u00f1o de Bah\u00eda. Seg\u00fan inform\u00f3 a Efe un portavoz de la Polic\u00eda Militar\" \/>\n\t<meta name=\"robots\" content=\"max-image-preview:large\" \/>\n\t<meta name=\"author\" content=\"El Digital de Asturias\"\/>\n\t<meta name=\"google-site-verification\" content=\"UA-38556648-1\" \/>\n\t<meta name=\"msvalidate.01\" content=\"7dfe9f3f1b24437ab69f4f2559babe99\" \/>\n\t<meta name=\"keywords\" content=\"sucesos\" \/>\n\t<link rel=\"canonical\" href=\"https:\/\/www.eldigitaldeasturias.com\/noticias\/sube-a-16-el-numero-de-muertos-por-aluvion-en-estado-brasileno-de-bahia\/\" \/>\n\t<meta name=\"generator\" content=\"All in One SEO Pro (AIOSEO) 5.0.1\" \/>\n\t\t<meta property=\"og:locale\" content=\"es_ES\" \/>\n\t\t<meta property=\"og:site_name\" content=\"El Digital de Asturias\" \/>\n\t\t<meta property=\"og:type\" content=\"article\" \/>\n\t\t<meta property=\"og:title\" content=\"Sube a 16 el n\u00famero de muertos por aluvi\u00f3n en estado brasile\u00f1o de Bah\u00eda - El Digital de Asturias\" \/>\n\t\t<meta property=\"og:description\" content=\"Sao Paulo, 10 dic (EFE).- Las autoridades elevaron hoy a 16 el n\u00famero de muertos despu\u00e9s de que un aluvi\u00f3n provocado por un fuerte temporal arrastrara la noche del s\u00e1bado una veintena de viviendas en Lajedinho, ciudad en el interior del estado brasile\u00f1o de Bah\u00eda. Seg\u00fan inform\u00f3 a Efe un portavoz de la Polic\u00eda Militar\" \/>\n\t\t<meta property=\"og:url\" content=\"https:\/\/www.eldigitaldeasturias.com\/noticias\/sube-a-16-el-numero-de-muertos-por-aluvion-en-estado-brasileno-de-bahia\/\" \/>\n\t\t<meta property=\"article:tag\" content=\"sucesos\" \/>\n\t\t<meta property=\"article:published_time\" content=\"2013-12-10T09:33:38+00:00\" \/>\n\t\t<meta property=\"article:modified_time\" content=\"2013-12-10T09:33:38+00:00\" \/>\n\t\t<meta property=\"article:publisher\" content=\"https:\/\/facebook.com\/eldigitaldeasturias\" \/>\n\t\t<meta name=\"twitter:card\" content=\"summary_large_image\" \/>\n\t\t<meta name=\"twitter:title\" content=\"Sube a 16 el n\u00famero de muertos por aluvi\u00f3n en estado brasile\u00f1o de Bah\u00eda - El Digital de Asturias\" \/>\n\t\t<meta name=\"twitter:description\" content=\"Sao Paulo, 10 dic (EFE).- Las autoridades elevaron hoy a 16 el n\u00famero de muertos despu\u00e9s de que un aluvi\u00f3n provocado por un fuerte temporal arrastrara la noche del s\u00e1bado una veintena de viviendas en Lajedinho, ciudad en el interior del estado brasile\u00f1o de Bah\u00eda. Seg\u00fan inform\u00f3 a Efe un portavoz de la Polic\u00eda Militar\" \/>\n\t\t<meta name=\"twitter:label1\" content=\"Escrito por\" \/>\n\t\t<meta name=\"twitter:data1\" content=\"El Digital de Asturias\" \/>\n\t\t<meta name=\"twitter:label2\" content=\"Tiempo de lectura estimado\" \/>\n\t\t<meta name=\"twitter:data2\" content=\"1 minuto\" \/>\n\t\t<script type=\"application\/ld+json\" class=\"aioseo-schema\">\n\t\t\t{\"@context\":\"https:\\\/\\\/schema.org\",\"@graph\":[{\"@type\":\"BlogPosting\",\"@id\":\"https:\\\/\\\/www.eldigitaldeasturias.com\\\/noticias\\\/sube-a-16-el-numero-de-muertos-por-aluvion-en-estado-brasileno-de-bahia\\\/#blogposting\",\"name\":\"Sube a 16 el n\\u00famero de muertos por aluvi\\u00f3n en estado brasile\\u00f1o de Bah\\u00eda - El Digital de Asturias\",\"headline\":\"Sube a 16 el n\\u00famero de muertos por aluvi\\u00f3n en estado brasile\\u00f1o de Bah\\u00eda\",\"author\":{\"@id\":\"https:\\\/\\\/www.eldigitaldeasturias.com\\\/noticias\\\/author\\\/admin\\\/#author\"},\"publisher\":{\"@id\":\"https:\\\/\\\/www.eldigitaldeasturias.com\\\/noticias\\\/#organization\"},\"image\":{\"@type\":\"ImageObject\",\"url\":459935},\"datePublished\":\"2013-12-10T08:33:38+01:00\",\"dateModified\":\"2013-12-10T08:33:38+01:00\",\"inLanguage\":\"es-ES\",\"mainEntityOfPage\":{\"@id\":\"https:\\\/\\\/www.eldigitaldeasturias.com\\\/noticias\\\/sube-a-16-el-numero-de-muertos-por-aluvion-en-estado-brasileno-de-bahia\\\/#webpage\"},\"isPartOf\":{\"@id\":\"https:\\\/\\\/www.eldigitaldeasturias.com\\\/noticias\\\/sube-a-16-el-numero-de-muertos-por-aluvion-en-estado-brasileno-de-bahia\\\/#webpage\"},\"articleSection\":\"Sucesos\"},{\"@type\":\"BreadcrumbList\",\"@id\":\"https:\\\/\\\/www.eldigitaldeasturias.com\\\/noticias\\\/sube-a-16-el-numero-de-muertos-por-aluvion-en-estado-brasileno-de-bahia\\\/#breadcrumblist\",\"itemListElement\":[{\"@type\":\"ListItem\",\"@id\":\"https:\\\/\\\/www.eldigitaldeasturias.com\\\/noticias#listItem\",\"position\":1,\"name\":\"Home\",\"item\":\"https:\\\/\\\/www.eldigitaldeasturias.com\\\/noticias\",\"nextItem\":{\"@type\":\"ListItem\",\"@id\":\"https:\\\/\\\/www.eldigitaldeasturias.com\\\/noticias\\\/category\\\/sucesos\\\/#listItem\",\"name\":\"Sucesos\"}},{\"@type\":\"ListItem\",\"@id\":\"https:\\\/\\\/www.eldigitaldeasturias.com\\\/noticias\\\/category\\\/sucesos\\\/#listItem\",\"position\":2,\"name\":\"Sucesos\",\"item\":\"https:\\\/\\\/www.eldigitaldeasturias.com\\\/noticias\\\/category\\\/sucesos\\\/\",\"nextItem\":{\"@type\":\"ListItem\",\"@id\":\"https:\\\/\\\/www.eldigitaldeasturias.com\\\/noticias\\\/sube-a-16-el-numero-de-muertos-por-aluvion-en-estado-brasileno-de-bahia\\\/#listItem\",\"name\":\"Sube a 16 el n\\u00famero de muertos por aluvi\\u00f3n en estado brasile\\u00f1o de Bah\\u00eda\"},\"previousItem\":{\"@type\":\"ListItem\",\"@id\":\"https:\\\/\\\/www.eldigitaldeasturias.com\\\/noticias#listItem\",\"name\":\"Home\"}},{\"@type\":\"ListItem\",\"@id\":\"https:\\\/\\\/www.eldigitaldeasturias.com\\\/noticias\\\/sube-a-16-el-numero-de-muertos-por-aluvion-en-estado-brasileno-de-bahia\\\/#listItem\",\"position\":3,\"name\":\"Sube a 16 el n\\u00famero de muertos por aluvi\\u00f3n en estado brasile\\u00f1o de Bah\\u00eda\",\"previousItem\":{\"@type\":\"ListItem\",\"@id\":\"https:\\\/\\\/www.eldigitaldeasturias.com\\\/noticias\\\/category\\\/sucesos\\\/#listItem\",\"name\":\"Sucesos\"}}]},{\"@type\":\"Organization\",\"@id\":\"https:\\\/\\\/www.eldigitaldeasturias.com\\\/noticias\\\/#organization\",\"name\":\"El Digital de Asturias\",\"description\":\"Hemeroteca\",\"url\":\"https:\\\/\\\/www.eldigitaldeasturias.com\\\/noticias\\\/\",\"email\":\"info@eldigitaldeasturias.com\",\"telephone\":\"+34652131393\",\"logo\":{\"@type\":\"ImageObject\",\"url\":\"https:\\\/\\\/www.eldigitaldeasturias.com\\\/noticias\\\/wp-content\\\/uploads\\\/2020\\\/12\\\/EDA.jpg\",\"@id\":\"https:\\\/\\\/www.eldigitaldeasturias.com\\\/noticias\\\/sube-a-16-el-numero-de-muertos-por-aluvion-en-estado-brasileno-de-bahia\\\/#organizationLogo\"},\"image\":{\"@id\":\"https:\\\/\\\/www.eldigitaldeasturias.com\\\/noticias\\\/sube-a-16-el-numero-de-muertos-por-aluvion-en-estado-brasileno-de-bahia\\\/#organizationLogo\"},\"sameAs\":[\"https:\\\/\\\/facebook.com\\\/eldigitaldeasturias\",\"https:\\\/\\\/www.youtube.com\\\/channel\\\/UCZP-2wLEB9Rv6erhFmqVnvg\"],\"address\":{\"@id\":\"https:\\\/\\\/www.eldigitaldeasturias.com\\\/noticias\\\/#postaladdress\",\"@type\":\"PostalAddress\",\"streetAddress\":\"san antonio 4\",\"postalCode\":\"33430\",\"addressLocality\":\"Cand\\u00e1s\",\"addressRegion\":\"Asturias\",\"addressCountry\":\"ES\"}},{\"@type\":\"Person\",\"@id\":\"https:\\\/\\\/www.eldigitaldeasturias.com\\\/noticias\\\/author\\\/admin\\\/#author\",\"url\":\"https:\\\/\\\/www.eldigitaldeasturias.com\\\/noticias\\\/author\\\/admin\\\/\",\"name\":\"El Digital de Asturias\",\"image\":{\"@type\":\"ImageObject\",\"@id\":\"https:\\\/\\\/www.eldigitaldeasturias.com\\\/noticias\\\/sube-a-16-el-numero-de-muertos-por-aluvion-en-estado-brasileno-de-bahia\\\/#authorImage\",\"url\":\"https:\\\/\\\/secure.gravatar.com\\\/avatar\\\/df2aeffc32bcd13f8d26072ef8a91b623d677766deac7f97ca815868cd41bf5e?s=96&d=mm&r=g\",\"width\":96,\"height\":96,\"caption\":\"El Digital de Asturias\"}},{\"@type\":\"WebPage\",\"@id\":\"https:\\\/\\\/www.eldigitaldeasturias.com\\\/noticias\\\/sube-a-16-el-numero-de-muertos-por-aluvion-en-estado-brasileno-de-bahia\\\/#webpage\",\"url\":\"https:\\\/\\\/www.eldigitaldeasturias.com\\\/noticias\\\/sube-a-16-el-numero-de-muertos-por-aluvion-en-estado-brasileno-de-bahia\\\/\",\"name\":\"Sube a 16 el n\\u00famero de muertos por aluvi\\u00f3n en estado brasile\\u00f1o de Bah\\u00eda - El Digital de Asturias\",\"description\":\"Sao Paulo, 10 dic (EFE).- Las autoridades elevaron hoy a 16 el n\\u00famero de muertos despu\\u00e9s de que un aluvi\\u00f3n provocado por un fuerte temporal arrastrara la noche del s\\u00e1bado una veintena de viviendas en Lajedinho, ciudad en el interior del estado brasile\\u00f1o de Bah\\u00eda. Seg\\u00fan inform\\u00f3 a Efe un portavoz de la Polic\\u00eda Militar\",\"inLanguage\":\"es-ES\",\"isPartOf\":{\"@id\":\"https:\\\/\\\/www.eldigitaldeasturias.com\\\/noticias\\\/#website\"},\"breadcrumb\":{\"@id\":\"https:\\\/\\\/www.eldigitaldeasturias.com\\\/noticias\\\/sube-a-16-el-numero-de-muertos-por-aluvion-en-estado-brasileno-de-bahia\\\/#breadcrumblist\"},\"author\":{\"@id\":\"https:\\\/\\\/www.eldigitaldeasturias.com\\\/noticias\\\/author\\\/admin\\\/#author\"},\"creator\":{\"@id\":\"https:\\\/\\\/www.eldigitaldeasturias.com\\\/noticias\\\/author\\\/admin\\\/#author\"},\"image\":{\"@type\":\"ImageObject\",\"url\":459935,\"@id\":\"https:\\\/\\\/www.eldigitaldeasturias.com\\\/noticias\\\/sube-a-16-el-numero-de-muertos-por-aluvion-en-estado-brasileno-de-bahia\\\/#mainImage\"},\"primaryImageOfPage\":{\"@id\":\"https:\\\/\\\/www.eldigitaldeasturias.com\\\/noticias\\\/sube-a-16-el-numero-de-muertos-por-aluvion-en-estado-brasileno-de-bahia\\\/#mainImage\"},\"datePublished\":\"2013-12-10T08:33:38+01:00\",\"dateModified\":\"2013-12-10T08:33:38+01:00\"},{\"@type\":\"WebSite\",\"@id\":\"https:\\\/\\\/www.eldigitaldeasturias.com\\\/noticias\\\/#website\",\"url\":\"https:\\\/\\\/www.eldigitaldeasturias.com\\\/noticias\\\/\",\"name\":\"El Digital de Asturias - Diario de actualidad y noticias\",\"alternateName\":\"El Digital de Asturias - Diario de actualidad y noticias\",\"description\":\"Hemeroteca\",\"inLanguage\":\"es-ES\",\"publisher\":{\"@id\":\"https:\\\/\\\/www.eldigitaldeasturias.com\\\/noticias\\\/#organization\"}}]}\n\t\t<\/script>\n\t\t<!-- All in One SEO Pro -->\r\n\t\t<title>Sube a 16 el n\u00famero de muertos por aluvi\u00f3n en estado brasile\u00f1o de Bah\u00eda - El Digital de Asturias<\/title>\n\n","aioseo_head_json":{"title":"Sube a 16 el n\u00famero de muertos por aluvi\u00f3n en estado brasile\u00f1o de Bah\u00eda - El Digital de Asturias","description":"Sao Paulo, 10 dic (EFE).- Las autoridades elevaron hoy a 16 el n\u00famero de muertos despu\u00e9s de que un aluvi\u00f3n provocado por un fuerte temporal arrastrara la noche del s\u00e1bado una veintena de viviendas en Lajedinho, ciudad en el interior del estado brasile\u00f1o de Bah\u00eda. Seg\u00fan inform\u00f3 a Efe un portavoz de la Polic\u00eda Militar","canonical_url":"https:\/\/www.eldigitaldeasturias.com\/noticias\/sube-a-16-el-numero-de-muertos-por-aluvion-en-estado-brasileno-de-bahia\/","robots":"max-image-preview:large","keywords":"sucesos","webmasterTools":{"google-site-verification":"UA-38556648-1","msvalidate.01":"7dfe9f3f1b24437ab69f4f2559babe99","miscellaneous":""},"schema":{"@context":"https:\/\/schema.org","@graph":[{"@type":"BlogPosting","@id":"https:\/\/www.eldigitaldeasturias.com\/noticias\/sube-a-16-el-numero-de-muertos-por-aluvion-en-estado-brasileno-de-bahia\/#blogposting","name":"Sube a 16 el n\u00famero de muertos por aluvi\u00f3n en estado brasile\u00f1o de Bah\u00eda - El Digital de Asturias","headline":"Sube a 16 el n\u00famero de muertos por aluvi\u00f3n en estado brasile\u00f1o de Bah\u00eda","author":{"@id":"https:\/\/www.eldigitaldeasturias.com\/noticias\/author\/admin\/#author"},"publisher":{"@id":"https:\/\/www.eldigitaldeasturias.com\/noticias\/#organization"},"image":{"@type":"ImageObject","url":459935},"datePublished":"2013-12-10T08:33:38+01:00","dateModified":"2013-12-10T08:33:38+01:00","inLanguage":"es-ES","mainEntityOfPage":{"@id":"https:\/\/www.eldigitaldeasturias.com\/noticias\/sube-a-16-el-numero-de-muertos-por-aluvion-en-estado-brasileno-de-bahia\/#webpage"},"isPartOf":{"@id":"https:\/\/www.eldigitaldeasturias.com\/noticias\/sube-a-16-el-numero-de-muertos-por-aluvion-en-estado-brasileno-de-bahia\/#webpage"},"articleSection":"Sucesos"},{"@type":"BreadcrumbList","@id":"https:\/\/www.eldigitaldeasturias.com\/noticias\/sube-a-16-el-numero-de-muertos-por-aluvion-en-estado-brasileno-de-bahia\/#breadcrumblist","itemListElement":[{"@type":"ListItem","@id":"https:\/\/www.eldigitaldeasturias.com\/noticias#listItem","position":1,"name":"Home","item":"https:\/\/www.eldigitaldeasturias.com\/noticias","nextItem":{"@type":"ListItem","@id":"https:\/\/www.eldigitaldeasturias.com\/noticias\/category\/sucesos\/#listItem","name":"Sucesos"}},{"@type":"ListItem","@id":"https:\/\/www.eldigitaldeasturias.com\/noticias\/category\/sucesos\/#listItem","position":2,"name":"Sucesos","item":"https:\/\/www.eldigitaldeasturias.com\/noticias\/category\/sucesos\/","nextItem":{"@type":"ListItem","@id":"https:\/\/www.eldigitaldeasturias.com\/noticias\/sube-a-16-el-numero-de-muertos-por-aluvion-en-estado-brasileno-de-bahia\/#listItem","name":"Sube a 16 el n\u00famero de muertos por aluvi\u00f3n en estado brasile\u00f1o de Bah\u00eda"},"previousItem":{"@type":"ListItem","@id":"https:\/\/www.eldigitaldeasturias.com\/noticias#listItem","name":"Home"}},{"@type":"ListItem","@id":"https:\/\/www.eldigitaldeasturias.com\/noticias\/sube-a-16-el-numero-de-muertos-por-aluvion-en-estado-brasileno-de-bahia\/#listItem","position":3,"name":"Sube a 16 el n\u00famero de muertos por aluvi\u00f3n en estado brasile\u00f1o de Bah\u00eda","previousItem":{"@type":"ListItem","@id":"https:\/\/www.eldigitaldeasturias.com\/noticias\/category\/sucesos\/#listItem","name":"Sucesos"}}]},{"@type":"Organization","@id":"https:\/\/www.eldigitaldeasturias.com\/noticias\/#organization","name":"El Digital de Asturias","description":"Hemeroteca","url":"https:\/\/www.eldigitaldeasturias.com\/noticias\/","email":"info@eldigitaldeasturias.com","telephone":"+34652131393","logo":{"@type":"ImageObject","url":"https:\/\/www.eldigitaldeasturias.com\/noticias\/wp-content\/uploads\/2020\/12\/EDA.jpg","@id":"https:\/\/www.eldigitaldeasturias.com\/noticias\/sube-a-16-el-numero-de-muertos-por-aluvion-en-estado-brasileno-de-bahia\/#organizationLogo"},"image":{"@id":"https:\/\/www.eldigitaldeasturias.com\/noticias\/sube-a-16-el-numero-de-muertos-por-aluvion-en-estado-brasileno-de-bahia\/#organizationLogo"},"sameAs":["https:\/\/facebook.com\/eldigitaldeasturias","https:\/\/www.youtube.com\/channel\/UCZP-2wLEB9Rv6erhFmqVnvg"],"address":{"@id":"https:\/\/www.eldigitaldeasturias.com\/noticias\/#postaladdress","@type":"PostalAddress","streetAddress":"san antonio 4","postalCode":"33430","addressLocality":"Cand\u00e1s","addressRegion":"Asturias","addressCountry":"ES"}},{"@type":"Person","@id":"https:\/\/www.eldigitaldeasturias.com\/noticias\/author\/admin\/#author","url":"https:\/\/www.eldigitaldeasturias.com\/noticias\/author\/admin\/","name":"El Digital de Asturias","image":{"@type":"ImageObject","@id":"https:\/\/www.eldigitaldeasturias.com\/noticias\/sube-a-16-el-numero-de-muertos-por-aluvion-en-estado-brasileno-de-bahia\/#authorImage","url":"https:\/\/secure.gravatar.com\/avatar\/df2aeffc32bcd13f8d26072ef8a91b623d677766deac7f97ca815868cd41bf5e?s=96&d=mm&r=g","width":96,"height":96,"caption":"El Digital de Asturias"}},{"@type":"WebPage","@id":"https:\/\/www.eldigitaldeasturias.com\/noticias\/sube-a-16-el-numero-de-muertos-por-aluvion-en-estado-brasileno-de-bahia\/#webpage","url":"https:\/\/www.eldigitaldeasturias.com\/noticias\/sube-a-16-el-numero-de-muertos-por-aluvion-en-estado-brasileno-de-bahia\/","name":"Sube a 16 el n\u00famero de muertos por aluvi\u00f3n en estado brasile\u00f1o de Bah\u00eda - El Digital de Asturias","description":"Sao Paulo, 10 dic (EFE).- Las autoridades elevaron hoy a 16 el n\u00famero de muertos despu\u00e9s de que un aluvi\u00f3n provocado por un fuerte temporal arrastrara la noche del s\u00e1bado una veintena de viviendas en Lajedinho, ciudad en el interior del estado brasile\u00f1o de Bah\u00eda. Seg\u00fan inform\u00f3 a Efe un portavoz de la Polic\u00eda Militar","inLanguage":"es-ES","isPartOf":{"@id":"https:\/\/www.eldigitaldeasturias.com\/noticias\/#website"},"breadcrumb":{"@id":"https:\/\/www.eldigitaldeasturias.com\/noticias\/sube-a-16-el-numero-de-muertos-por-aluvion-en-estado-brasileno-de-bahia\/#breadcrumblist"},"author":{"@id":"https:\/\/www.eldigitaldeasturias.com\/noticias\/author\/admin\/#author"},"creator":{"@id":"https:\/\/www.eldigitaldeasturias.com\/noticias\/author\/admin\/#author"},"image":{"@type":"ImageObject","url":459935,"@id":"https:\/\/www.eldigitaldeasturias.com\/noticias\/sube-a-16-el-numero-de-muertos-por-aluvion-en-estado-brasileno-de-bahia\/#mainImage"},"primaryImageOfPage":{"@id":"https:\/\/www.eldigitaldeasturias.com\/noticias\/sube-a-16-el-numero-de-muertos-por-aluvion-en-estado-brasileno-de-bahia\/#mainImage"},"datePublished":"2013-12-10T08:33:38+01:00","dateModified":"2013-12-10T08:33:38+01:00"},{"@type":"WebSite","@id":"https:\/\/www.eldigitaldeasturias.com\/noticias\/#website","url":"https:\/\/www.eldigitaldeasturias.com\/noticias\/","name":"El Digital de Asturias - Diario de actualidad y noticias","alternateName":"El Digital de Asturias - Diario de actualidad y noticias","description":"Hemeroteca","inLanguage":"es-ES","publisher":{"@id":"https:\/\/www.eldigitaldeasturias.com\/noticias\/#organization"}}]},"og:locale":"es_ES","og:site_name":"El Digital de Asturias","og:type":"article","og:title":"Sube a 16 el n\u00famero de muertos por aluvi\u00f3n en estado brasile\u00f1o de Bah\u00eda - El Digital de Asturias","og:description":"Sao Paulo, 10 dic (EFE).- Las autoridades elevaron hoy a 16 el n\u00famero de muertos despu\u00e9s de que un aluvi\u00f3n provocado por un fuerte temporal arrastrara la noche del s\u00e1bado una veintena de viviendas en Lajedinho, ciudad en el interior del estado brasile\u00f1o de Bah\u00eda. Seg\u00fan inform\u00f3 a Efe un portavoz de la Polic\u00eda Militar","og:url":"https:\/\/www.eldigitaldeasturias.com\/noticias\/sube-a-16-el-numero-de-muertos-por-aluvion-en-estado-brasileno-de-bahia\/","article:tag":["sucesos"],"article:published_time":"2013-12-10T09:33:38+00:00","article:modified_time":"2013-12-10T09:33:38+00:00","article:publisher":"https:\/\/facebook.com\/eldigitaldeasturias","twitter:card":"summary_large_image","twitter:title":"Sube a 16 el n\u00famero de muertos por aluvi\u00f3n en estado brasile\u00f1o de Bah\u00eda - El Digital de Asturias","twitter:description":"Sao Paulo, 10 dic (EFE).- Las autoridades elevaron hoy a 16 el n\u00famero de muertos despu\u00e9s de que un aluvi\u00f3n provocado por un fuerte temporal arrastrara la noche del s\u00e1bado una veintena de viviendas en Lajedinho, ciudad en el interior del estado brasile\u00f1o de Bah\u00eda. Seg\u00fan inform\u00f3 a Efe un portavoz de la Polic\u00eda Militar","twitter:label1":"Escrito por","twitter:data1":"El Digital de Asturias","twitter:label2":"Tiempo de lectura estimado","twitter:data2":"1 minuto"},"aioseo_meta_data":{"post_id":"459934","title":null,"description":null,"keywords":null,"keyphrases":null,"primary_term":null,"canonical_url":null,"og_title":null,"og_description":null,"og_object_type":"default","og_image_type":"default","og_image_url":null,"og_image_width":null,"og_image_height":null,"og_image_custom_url":null,"og_image_custom_fields":null,"og_video":null,"og_custom_url":null,"og_article_section":null,"og_article_tags":null,"twitter_use_og":true,"twitter_card":"default","twitter_image_type":"default","twitter_image_url":null,"twitter_image_custom_url":null,"twitter_image_custom_fields":null,"twitter_title":null,"twitter_description":null,"schema":{"blockGraphs":[],"customGraphs":[],"default":{"data":{"Article":[],"Course":[],"Dataset":[],"FAQPage":[],"Movie":[],"Person":[],"Product":[],"ProductReview":[],"Car":[],"Recipe":[],"Service":[],"SoftwareApplication":[],"WebPage":[]},"graphName":"","isEnabled":true},"graphs":[],"defaultGraph":"","defaultPostTypeGraph":""},"schema_type":null,"schema_type_options":null,"pillar_content":false,"robots_default":true,"robots_noindex":false,"robots_noarchive":false,"robots_nosnippet":false,"robots_nofollow":false,"robots_noimageindex":false,"robots_noodp":false,"robots_notranslate":false,"robots_max_snippet":null,"robots_max_videopreview":null,"robots_max_imagepreview":"none","priority":null,"frequency":null,"local_seo":null,"seo_analyzer_scan_date":"2026-05-30 11:09:11","breadcrumb_settings":null,"limit_modified_date":false,"open_ai":null,"ai":null,"created":"2020-11-14 22:47:40","updated":"2026-05-30 11:09:11","focus_keyword":null,"additional_keywords":null,"truseo_locale":null},"aioseo_breadcrumb":"<div class=\"aioseo-breadcrumbs\"><span class=\"aioseo-breadcrumb\">\n\t<a href=\"https:\/\/www.eldigitaldeasturias.com\/noticias\" title=\"Home\">Home<\/a>\n<\/span><span class=\"aioseo-breadcrumb-separator\">\u2013<\/span><span class=\"aioseo-breadcrumb\">\n\t<a href=\"https:\/\/www.eldigitaldeasturias.com\/noticias\/category\/sucesos\/\" title=\"Sucesos\">Sucesos<\/a>\n<\/span><span class=\"aioseo-breadcrumb-separator\">\u2013<\/span><span class=\"aioseo-breadcrumb\">\n\t<a href=\"https:\/\/www.eldigitaldeasturias.com\/noticias\/sube-a-16-el-numero-de-muertos-por-aluvion-en-estado-brasileno-de-bahia\/\" title=\"Sube a 16 el n\u00famero de muertos por aluvi\u00f3n en estado brasile\u00f1o de Bah\u00eda\">Sube a 16 el n\u00famero de muertos por aluvi\u00f3n en estado brasile\u00f1o de Bah\u00eda<\/a>\n<\/span><\/div>","aioseo_breadcrumb_json":[{"label":"Home","link":"https:\/\/www.eldigitaldeasturias.com\/noticias"},{"label":"Sucesos","link":"https:\/\/www.eldigitaldeasturias.com\/noticias\/category\/sucesos\/"},{"label":"Sube a 16 el n\u00famero de muertos por aluvi\u00f3n en estado brasile\u00f1o de Bah\u00eda","link":"https:\/\/www.eldigitaldeasturias.com\/noticias\/sube-a-16-el-numero-de-muertos-por-aluvion-en-estado-brasileno-de-bahia\/"}],"_links":{"self":[{"href":"https:\/\/www.eldigitaldeasturias.com\/noticias\/wp-json\/wp\/v2\/posts\/459934","targetHints":{"allow":["GET"]}}],"collection":[{"href":"https:\/\/www.eldigitaldeasturias.com\/noticias\/wp-json\/wp\/v2\/posts"}],"about":[{"href":"https:\/\/www.eldigitaldeasturias.com\/noticias\/wp-json\/wp\/v2\/types\/post"}],"author":[{"embeddable":true,"href":"https:\/\/www.eldigitaldeasturias.com\/noticias\/wp-json\/wp\/v2\/users\/1"}],"replies":[{"embeddable":true,"href":"https:\/\/www.eldigitaldeasturias.com\/noticias\/wp-json\/wp\/v2\/comments?post=459934"}],"version-history":[{"count":0,"href":"https:\/\/www.eldigitaldeasturias.com\/noticias\/wp-json\/wp\/v2\/posts\/459934\/revisions"}],"wp:attachment":[{"href":"https:\/\/www.eldigitaldeasturias.com\/noticias\/wp-json\/wp\/v2\/media?parent=459934"}],"wp:term":[{"taxonomy":"category","embeddable":true,"href":"https:\/\/www.eldigitaldeasturias.com\/noticias\/wp-json\/wp\/v2\/categories?post=459934"},{"taxonomy":"post_tag","embeddable":true,"href":"https:\/\/www.eldigitaldeasturias.com\/noticias\/wp-json\/wp\/v2\/tags?post=459934"}],"curies":[{"name":"wp","href":"https:\/\/api.w.org\/{rel}","templated":true}]}}