{"id":459917,"date":"2013-12-10T08:10:28","date_gmt":"2013-12-10T09:10:28","guid":{"rendered":"http:\/\/www.eldigitaldeasturias.com\/noticias\/?p=459917"},"modified":"2013-12-10T08:10:28","modified_gmt":"2013-12-10T09:10:28","slug":"dicaprio-se-asocia-al-equipo-venturi-de-la-formula-e","status":"publish","type":"post","link":"https:\/\/www.eldigitaldeasturias.com\/noticias\/dicaprio-se-asocia-al-equipo-venturi-de-la-formula-e\/","title":{"rendered":"DiCaprio se asocia al equipo Venturi de la F\u00f3rmula E"},"content":{"rendered":"<p><img loading=\"lazy\" decoding=\"async\" class=\"alignleft size-medium wp-image-437547\" alt=\"Outside arrivals at the world premiere of &quot;The Great Gatsby&quot;\" src=\"https:\/\/www.eldigitaldeasturias.com\/noticias\/wp-content\/uploads\/2013\/10\/La-nueva-novia-de-Leonardo-DiCaprio-confirma-su-romance-320x320.jpg\" width=\"320\" height=\"320\" \/>M\u00f3naco, 9 dic (dpa) &#8211; La estrella de Hollywood estadounidense Leonardo DiCaprio se asoci\u00f3 al equipo franc\u00e9s Venturi para lanzar un equipo de F\u00f3rmula E, el campeonato de coches el\u00e9ctricos que tambi\u00e9n se disputar\u00e1 en Sudam\u00e9rica, seg\u00fan anunci\u00f3 hoy la Federaci\u00f3n Internacional de Automovilismo (FIA).<\/p>\n<p>Venturi, una marca de coches deportivos con base en M\u00f3naco, solicit\u00f3 este lunes a la FIA la licencia necesaria para completar la lista de los diez equipos que competir\u00e1n en el campeonato mundial de la F\u00f3rmula E, que comienza la pr\u00f3xima temporada e incluye diez carreras.<\/p>\n<p>El compromiso de DiCaprio no ha sorprendido ya que el actor de 39 a\u00f1os es muy activo en la protecci\u00f3n del medio ambiente.<\/p>\n<p>La nueva F\u00f3rmula E se inaugurar\u00e1 el 13 de septiembre de 2014 en Pek\u00edn y concluir\u00e1 el 27 de junio de 2015 en Londres e incluye las ciudades de Rio de Janeiro, en Brasil (15 de noviembre), la uruguaya Punta del Este (13 de diciembre) y Buenos Aires (10 de enero 2015).<\/p>\n<p>El calendario se completa con las carreras en Malasia (18 de octubre), Los \u00c1ngeles (14 de febrero 2015), Miami (14 de marzo 2015), Montecarlo (9 de mayo 2015) y Berl\u00edn (30 de mayo 2015.)<\/p>\n","protected":false},"excerpt":{"rendered":"<p>M\u00f3naco, 9 dic (dpa) &#8211; La estrella de Hollywood estadounidense Leonardo DiCaprio se asoci\u00f3 al equipo franc\u00e9s Venturi para lanzar un equipo de F\u00f3rmula E, el campeonato de coches el\u00e9ctricos que tambi\u00e9n se disputar\u00e1 en Sudam\u00e9rica, seg\u00fan anunci\u00f3 hoy la Federaci\u00f3n Internacional de Automovilismo (FIA). Venturi, una marca de coches deportivos con base en M\u00f3naco, [&hellip;]<\/p>\n","protected":false},"author":1,"featured_media":437547,"comment_status":"closed","ping_status":"open","sticky":false,"template":"","format":"standard","meta":{"footnotes":""},"categories":[28],"tags":[],"class_list":["post-459917","post","type-post","status-publish","format-standard","has-post-thumbnail","hentry","category-sociedad"],"aioseo_notices":[],"aioseo_head":"\n\t\t<!-- All in One SEO Pro 5.0.1 - aioseo.com -->\n\t<meta name=\"description\" content=\"M\u00f3naco, 9 dic (dpa) - La estrella de Hollywood estadounidense Leonardo DiCaprio se asoci\u00f3 al equipo franc\u00e9s Venturi para lanzar un equipo de F\u00f3rmula E, el campeonato de coches el\u00e9ctricos que tambi\u00e9n se disputar\u00e1 en Sudam\u00e9rica, seg\u00fan anunci\u00f3 hoy la Federaci\u00f3n Internacional de Automovilismo (FIA). Venturi, una marca de coches deportivos con base en M\u00f3naco,\" \/>\n\t<meta name=\"robots\" content=\"max-image-preview:large\" \/>\n\t<meta name=\"author\" content=\"El Digital de Asturias\"\/>\n\t<meta name=\"google-site-verification\" content=\"UA-38556648-1\" \/>\n\t<meta name=\"msvalidate.01\" content=\"7dfe9f3f1b24437ab69f4f2559babe99\" \/>\n\t<meta name=\"keywords\" content=\"sociedad\" \/>\n\t<link rel=\"canonical\" href=\"https:\/\/www.eldigitaldeasturias.com\/noticias\/dicaprio-se-asocia-al-equipo-venturi-de-la-formula-e\/\" \/>\n\t<meta name=\"generator\" content=\"All in One SEO Pro (AIOSEO) 5.0.1\" \/>\n\t\t<meta property=\"og:locale\" content=\"es_ES\" \/>\n\t\t<meta property=\"og:site_name\" content=\"El Digital de Asturias\" \/>\n\t\t<meta property=\"og:type\" content=\"article\" \/>\n\t\t<meta property=\"og:title\" content=\"DiCaprio se asocia al equipo Venturi de la F\u00f3rmula E - El Digital de Asturias\" \/>\n\t\t<meta property=\"og:description\" content=\"M\u00f3naco, 9 dic (dpa) - La estrella de Hollywood estadounidense Leonardo DiCaprio se asoci\u00f3 al equipo franc\u00e9s Venturi para lanzar un equipo de F\u00f3rmula E, el campeonato de coches el\u00e9ctricos que tambi\u00e9n se disputar\u00e1 en Sudam\u00e9rica, seg\u00fan anunci\u00f3 hoy la Federaci\u00f3n Internacional de Automovilismo (FIA). Venturi, una marca de coches deportivos con base en M\u00f3naco,\" \/>\n\t\t<meta property=\"og:url\" content=\"https:\/\/www.eldigitaldeasturias.com\/noticias\/dicaprio-se-asocia-al-equipo-venturi-de-la-formula-e\/\" \/>\n\t\t<meta property=\"article:tag\" content=\"sociedad\" \/>\n\t\t<meta property=\"article:published_time\" content=\"2013-12-10T09:10:28+00:00\" \/>\n\t\t<meta property=\"article:modified_time\" content=\"2013-12-10T09:10:28+00:00\" \/>\n\t\t<meta property=\"article:publisher\" content=\"https:\/\/facebook.com\/eldigitaldeasturias\" \/>\n\t\t<meta name=\"twitter:card\" content=\"summary_large_image\" \/>\n\t\t<meta name=\"twitter:title\" content=\"DiCaprio se asocia al equipo Venturi de la F\u00f3rmula E - El Digital de Asturias\" \/>\n\t\t<meta name=\"twitter:description\" content=\"M\u00f3naco, 9 dic (dpa) - La estrella de Hollywood estadounidense Leonardo DiCaprio se asoci\u00f3 al equipo franc\u00e9s Venturi para lanzar un equipo de F\u00f3rmula E, el campeonato de coches el\u00e9ctricos que tambi\u00e9n se disputar\u00e1 en Sudam\u00e9rica, seg\u00fan anunci\u00f3 hoy la Federaci\u00f3n Internacional de Automovilismo (FIA). Venturi, una marca de coches deportivos con base en M\u00f3naco,\" \/>\n\t\t<meta name=\"twitter:label1\" content=\"Escrito por\" \/>\n\t\t<meta name=\"twitter:data1\" content=\"El Digital de Asturias\" \/>\n\t\t<meta name=\"twitter:label2\" content=\"Tiempo de lectura estimado\" \/>\n\t\t<meta name=\"twitter:data2\" content=\"1 minuto\" \/>\n\t\t<script type=\"application\/ld+json\" class=\"aioseo-schema\">\n\t\t\t{\"@context\":\"https:\\\/\\\/schema.org\",\"@graph\":[{\"@type\":\"BlogPosting\",\"@id\":\"https:\\\/\\\/www.eldigitaldeasturias.com\\\/noticias\\\/dicaprio-se-asocia-al-equipo-venturi-de-la-formula-e\\\/#blogposting\",\"name\":\"DiCaprio se asocia al equipo Venturi de la F\\u00f3rmula E - El Digital de Asturias\",\"headline\":\"DiCaprio se asocia al equipo Venturi de la F\\u00f3rmula E\",\"author\":{\"@id\":\"https:\\\/\\\/www.eldigitaldeasturias.com\\\/noticias\\\/author\\\/admin\\\/#author\"},\"publisher\":{\"@id\":\"https:\\\/\\\/www.eldigitaldeasturias.com\\\/noticias\\\/#organization\"},\"image\":{\"@type\":\"ImageObject\",\"url\":437547},\"datePublished\":\"2013-12-10T08:10:28+01:00\",\"dateModified\":\"2013-12-10T08:10:28+01:00\",\"inLanguage\":\"es-ES\",\"mainEntityOfPage\":{\"@id\":\"https:\\\/\\\/www.eldigitaldeasturias.com\\\/noticias\\\/dicaprio-se-asocia-al-equipo-venturi-de-la-formula-e\\\/#webpage\"},\"isPartOf\":{\"@id\":\"https:\\\/\\\/www.eldigitaldeasturias.com\\\/noticias\\\/dicaprio-se-asocia-al-equipo-venturi-de-la-formula-e\\\/#webpage\"},\"articleSection\":\"Sociedad\"},{\"@type\":\"BreadcrumbList\",\"@id\":\"https:\\\/\\\/www.eldigitaldeasturias.com\\\/noticias\\\/dicaprio-se-asocia-al-equipo-venturi-de-la-formula-e\\\/#breadcrumblist\",\"itemListElement\":[{\"@type\":\"ListItem\",\"@id\":\"https:\\\/\\\/www.eldigitaldeasturias.com\\\/noticias#listItem\",\"position\":1,\"name\":\"Home\",\"item\":\"https:\\\/\\\/www.eldigitaldeasturias.com\\\/noticias\",\"nextItem\":{\"@type\":\"ListItem\",\"@id\":\"https:\\\/\\\/www.eldigitaldeasturias.com\\\/noticias\\\/category\\\/sociedad\\\/#listItem\",\"name\":\"Sociedad\"}},{\"@type\":\"ListItem\",\"@id\":\"https:\\\/\\\/www.eldigitaldeasturias.com\\\/noticias\\\/category\\\/sociedad\\\/#listItem\",\"position\":2,\"name\":\"Sociedad\",\"item\":\"https:\\\/\\\/www.eldigitaldeasturias.com\\\/noticias\\\/category\\\/sociedad\\\/\",\"nextItem\":{\"@type\":\"ListItem\",\"@id\":\"https:\\\/\\\/www.eldigitaldeasturias.com\\\/noticias\\\/dicaprio-se-asocia-al-equipo-venturi-de-la-formula-e\\\/#listItem\",\"name\":\"DiCaprio se asocia al equipo Venturi de la F\\u00f3rmula E\"},\"previousItem\":{\"@type\":\"ListItem\",\"@id\":\"https:\\\/\\\/www.eldigitaldeasturias.com\\\/noticias#listItem\",\"name\":\"Home\"}},{\"@type\":\"ListItem\",\"@id\":\"https:\\\/\\\/www.eldigitaldeasturias.com\\\/noticias\\\/dicaprio-se-asocia-al-equipo-venturi-de-la-formula-e\\\/#listItem\",\"position\":3,\"name\":\"DiCaprio se asocia al equipo Venturi de la F\\u00f3rmula E\",\"previousItem\":{\"@type\":\"ListItem\",\"@id\":\"https:\\\/\\\/www.eldigitaldeasturias.com\\\/noticias\\\/category\\\/sociedad\\\/#listItem\",\"name\":\"Sociedad\"}}]},{\"@type\":\"Organization\",\"@id\":\"https:\\\/\\\/www.eldigitaldeasturias.com\\\/noticias\\\/#organization\",\"name\":\"El Digital de Asturias\",\"description\":\"Hemeroteca\",\"url\":\"https:\\\/\\\/www.eldigitaldeasturias.com\\\/noticias\\\/\",\"email\":\"info@eldigitaldeasturias.com\",\"telephone\":\"+34652131393\",\"logo\":{\"@type\":\"ImageObject\",\"url\":\"https:\\\/\\\/www.eldigitaldeasturias.com\\\/noticias\\\/wp-content\\\/uploads\\\/2020\\\/12\\\/EDA.jpg\",\"@id\":\"https:\\\/\\\/www.eldigitaldeasturias.com\\\/noticias\\\/dicaprio-se-asocia-al-equipo-venturi-de-la-formula-e\\\/#organizationLogo\"},\"image\":{\"@id\":\"https:\\\/\\\/www.eldigitaldeasturias.com\\\/noticias\\\/dicaprio-se-asocia-al-equipo-venturi-de-la-formula-e\\\/#organizationLogo\"},\"sameAs\":[\"https:\\\/\\\/facebook.com\\\/eldigitaldeasturias\",\"https:\\\/\\\/www.youtube.com\\\/channel\\\/UCZP-2wLEB9Rv6erhFmqVnvg\"],\"address\":{\"@id\":\"https:\\\/\\\/www.eldigitaldeasturias.com\\\/noticias\\\/#postaladdress\",\"@type\":\"PostalAddress\",\"streetAddress\":\"san antonio 4\",\"postalCode\":\"33430\",\"addressLocality\":\"Cand\\u00e1s\",\"addressRegion\":\"Asturias\",\"addressCountry\":\"ES\"}},{\"@type\":\"Person\",\"@id\":\"https:\\\/\\\/www.eldigitaldeasturias.com\\\/noticias\\\/author\\\/admin\\\/#author\",\"url\":\"https:\\\/\\\/www.eldigitaldeasturias.com\\\/noticias\\\/author\\\/admin\\\/\",\"name\":\"El Digital de Asturias\",\"image\":{\"@type\":\"ImageObject\",\"@id\":\"https:\\\/\\\/www.eldigitaldeasturias.com\\\/noticias\\\/dicaprio-se-asocia-al-equipo-venturi-de-la-formula-e\\\/#authorImage\",\"url\":\"https:\\\/\\\/secure.gravatar.com\\\/avatar\\\/df2aeffc32bcd13f8d26072ef8a91b623d677766deac7f97ca815868cd41bf5e?s=96&d=mm&r=g\",\"width\":96,\"height\":96,\"caption\":\"El Digital de Asturias\"}},{\"@type\":\"WebPage\",\"@id\":\"https:\\\/\\\/www.eldigitaldeasturias.com\\\/noticias\\\/dicaprio-se-asocia-al-equipo-venturi-de-la-formula-e\\\/#webpage\",\"url\":\"https:\\\/\\\/www.eldigitaldeasturias.com\\\/noticias\\\/dicaprio-se-asocia-al-equipo-venturi-de-la-formula-e\\\/\",\"name\":\"DiCaprio se asocia al equipo Venturi de la F\\u00f3rmula E - El Digital de Asturias\",\"description\":\"M\\u00f3naco, 9 dic (dpa) - La estrella de Hollywood estadounidense Leonardo DiCaprio se asoci\\u00f3 al equipo franc\\u00e9s Venturi para lanzar un equipo de F\\u00f3rmula E, el campeonato de coches el\\u00e9ctricos que tambi\\u00e9n se disputar\\u00e1 en Sudam\\u00e9rica, seg\\u00fan anunci\\u00f3 hoy la Federaci\\u00f3n Internacional de Automovilismo (FIA). Venturi, una marca de coches deportivos con base en M\\u00f3naco,\",\"inLanguage\":\"es-ES\",\"isPartOf\":{\"@id\":\"https:\\\/\\\/www.eldigitaldeasturias.com\\\/noticias\\\/#website\"},\"breadcrumb\":{\"@id\":\"https:\\\/\\\/www.eldigitaldeasturias.com\\\/noticias\\\/dicaprio-se-asocia-al-equipo-venturi-de-la-formula-e\\\/#breadcrumblist\"},\"author\":{\"@id\":\"https:\\\/\\\/www.eldigitaldeasturias.com\\\/noticias\\\/author\\\/admin\\\/#author\"},\"creator\":{\"@id\":\"https:\\\/\\\/www.eldigitaldeasturias.com\\\/noticias\\\/author\\\/admin\\\/#author\"},\"image\":{\"@type\":\"ImageObject\",\"url\":437547,\"@id\":\"https:\\\/\\\/www.eldigitaldeasturias.com\\\/noticias\\\/dicaprio-se-asocia-al-equipo-venturi-de-la-formula-e\\\/#mainImage\"},\"primaryImageOfPage\":{\"@id\":\"https:\\\/\\\/www.eldigitaldeasturias.com\\\/noticias\\\/dicaprio-se-asocia-al-equipo-venturi-de-la-formula-e\\\/#mainImage\"},\"datePublished\":\"2013-12-10T08:10:28+01:00\",\"dateModified\":\"2013-12-10T08:10:28+01:00\"},{\"@type\":\"WebSite\",\"@id\":\"https:\\\/\\\/www.eldigitaldeasturias.com\\\/noticias\\\/#website\",\"url\":\"https:\\\/\\\/www.eldigitaldeasturias.com\\\/noticias\\\/\",\"name\":\"El Digital de Asturias - Diario de actualidad y noticias\",\"alternateName\":\"El Digital de Asturias - Diario de actualidad y noticias\",\"description\":\"Hemeroteca\",\"inLanguage\":\"es-ES\",\"publisher\":{\"@id\":\"https:\\\/\\\/www.eldigitaldeasturias.com\\\/noticias\\\/#organization\"}}]}\n\t\t<\/script>\n\t\t<!-- All in One SEO Pro -->\r\n\t\t<title>DiCaprio se asocia al equipo Venturi de la F\u00f3rmula E - El Digital de Asturias<\/title>\n\n","aioseo_head_json":{"title":"DiCaprio se asocia al equipo Venturi de la F\u00f3rmula E - El Digital de Asturias","description":"M\u00f3naco, 9 dic (dpa) - La estrella de Hollywood estadounidense Leonardo DiCaprio se asoci\u00f3 al equipo franc\u00e9s Venturi para lanzar un equipo de F\u00f3rmula E, el campeonato de coches el\u00e9ctricos que tambi\u00e9n se disputar\u00e1 en Sudam\u00e9rica, seg\u00fan anunci\u00f3 hoy la Federaci\u00f3n Internacional de Automovilismo (FIA). Venturi, una marca de coches deportivos con base en M\u00f3naco,","canonical_url":"https:\/\/www.eldigitaldeasturias.com\/noticias\/dicaprio-se-asocia-al-equipo-venturi-de-la-formula-e\/","robots":"max-image-preview:large","keywords":"sociedad","webmasterTools":{"google-site-verification":"UA-38556648-1","msvalidate.01":"7dfe9f3f1b24437ab69f4f2559babe99","miscellaneous":""},"schema":{"@context":"https:\/\/schema.org","@graph":[{"@type":"BlogPosting","@id":"https:\/\/www.eldigitaldeasturias.com\/noticias\/dicaprio-se-asocia-al-equipo-venturi-de-la-formula-e\/#blogposting","name":"DiCaprio se asocia al equipo Venturi de la F\u00f3rmula E - El Digital de Asturias","headline":"DiCaprio se asocia al equipo Venturi de la F\u00f3rmula E","author":{"@id":"https:\/\/www.eldigitaldeasturias.com\/noticias\/author\/admin\/#author"},"publisher":{"@id":"https:\/\/www.eldigitaldeasturias.com\/noticias\/#organization"},"image":{"@type":"ImageObject","url":437547},"datePublished":"2013-12-10T08:10:28+01:00","dateModified":"2013-12-10T08:10:28+01:00","inLanguage":"es-ES","mainEntityOfPage":{"@id":"https:\/\/www.eldigitaldeasturias.com\/noticias\/dicaprio-se-asocia-al-equipo-venturi-de-la-formula-e\/#webpage"},"isPartOf":{"@id":"https:\/\/www.eldigitaldeasturias.com\/noticias\/dicaprio-se-asocia-al-equipo-venturi-de-la-formula-e\/#webpage"},"articleSection":"Sociedad"},{"@type":"BreadcrumbList","@id":"https:\/\/www.eldigitaldeasturias.com\/noticias\/dicaprio-se-asocia-al-equipo-venturi-de-la-formula-e\/#breadcrumblist","itemListElement":[{"@type":"ListItem","@id":"https:\/\/www.eldigitaldeasturias.com\/noticias#listItem","position":1,"name":"Home","item":"https:\/\/www.eldigitaldeasturias.com\/noticias","nextItem":{"@type":"ListItem","@id":"https:\/\/www.eldigitaldeasturias.com\/noticias\/category\/sociedad\/#listItem","name":"Sociedad"}},{"@type":"ListItem","@id":"https:\/\/www.eldigitaldeasturias.com\/noticias\/category\/sociedad\/#listItem","position":2,"name":"Sociedad","item":"https:\/\/www.eldigitaldeasturias.com\/noticias\/category\/sociedad\/","nextItem":{"@type":"ListItem","@id":"https:\/\/www.eldigitaldeasturias.com\/noticias\/dicaprio-se-asocia-al-equipo-venturi-de-la-formula-e\/#listItem","name":"DiCaprio se asocia al equipo Venturi de la F\u00f3rmula E"},"previousItem":{"@type":"ListItem","@id":"https:\/\/www.eldigitaldeasturias.com\/noticias#listItem","name":"Home"}},{"@type":"ListItem","@id":"https:\/\/www.eldigitaldeasturias.com\/noticias\/dicaprio-se-asocia-al-equipo-venturi-de-la-formula-e\/#listItem","position":3,"name":"DiCaprio se asocia al equipo Venturi de la F\u00f3rmula E","previousItem":{"@type":"ListItem","@id":"https:\/\/www.eldigitaldeasturias.com\/noticias\/category\/sociedad\/#listItem","name":"Sociedad"}}]},{"@type":"Organization","@id":"https:\/\/www.eldigitaldeasturias.com\/noticias\/#organization","name":"El Digital de Asturias","description":"Hemeroteca","url":"https:\/\/www.eldigitaldeasturias.com\/noticias\/","email":"info@eldigitaldeasturias.com","telephone":"+34652131393","logo":{"@type":"ImageObject","url":"https:\/\/www.eldigitaldeasturias.com\/noticias\/wp-content\/uploads\/2020\/12\/EDA.jpg","@id":"https:\/\/www.eldigitaldeasturias.com\/noticias\/dicaprio-se-asocia-al-equipo-venturi-de-la-formula-e\/#organizationLogo"},"image":{"@id":"https:\/\/www.eldigitaldeasturias.com\/noticias\/dicaprio-se-asocia-al-equipo-venturi-de-la-formula-e\/#organizationLogo"},"sameAs":["https:\/\/facebook.com\/eldigitaldeasturias","https:\/\/www.youtube.com\/channel\/UCZP-2wLEB9Rv6erhFmqVnvg"],"address":{"@id":"https:\/\/www.eldigitaldeasturias.com\/noticias\/#postaladdress","@type":"PostalAddress","streetAddress":"san antonio 4","postalCode":"33430","addressLocality":"Cand\u00e1s","addressRegion":"Asturias","addressCountry":"ES"}},{"@type":"Person","@id":"https:\/\/www.eldigitaldeasturias.com\/noticias\/author\/admin\/#author","url":"https:\/\/www.eldigitaldeasturias.com\/noticias\/author\/admin\/","name":"El Digital de Asturias","image":{"@type":"ImageObject","@id":"https:\/\/www.eldigitaldeasturias.com\/noticias\/dicaprio-se-asocia-al-equipo-venturi-de-la-formula-e\/#authorImage","url":"https:\/\/secure.gravatar.com\/avatar\/df2aeffc32bcd13f8d26072ef8a91b623d677766deac7f97ca815868cd41bf5e?s=96&d=mm&r=g","width":96,"height":96,"caption":"El Digital de Asturias"}},{"@type":"WebPage","@id":"https:\/\/www.eldigitaldeasturias.com\/noticias\/dicaprio-se-asocia-al-equipo-venturi-de-la-formula-e\/#webpage","url":"https:\/\/www.eldigitaldeasturias.com\/noticias\/dicaprio-se-asocia-al-equipo-venturi-de-la-formula-e\/","name":"DiCaprio se asocia al equipo Venturi de la F\u00f3rmula E - El Digital de Asturias","description":"M\u00f3naco, 9 dic (dpa) - La estrella de Hollywood estadounidense Leonardo DiCaprio se asoci\u00f3 al equipo franc\u00e9s Venturi para lanzar un equipo de F\u00f3rmula E, el campeonato de coches el\u00e9ctricos que tambi\u00e9n se disputar\u00e1 en Sudam\u00e9rica, seg\u00fan anunci\u00f3 hoy la Federaci\u00f3n Internacional de Automovilismo (FIA). Venturi, una marca de coches deportivos con base en M\u00f3naco,","inLanguage":"es-ES","isPartOf":{"@id":"https:\/\/www.eldigitaldeasturias.com\/noticias\/#website"},"breadcrumb":{"@id":"https:\/\/www.eldigitaldeasturias.com\/noticias\/dicaprio-se-asocia-al-equipo-venturi-de-la-formula-e\/#breadcrumblist"},"author":{"@id":"https:\/\/www.eldigitaldeasturias.com\/noticias\/author\/admin\/#author"},"creator":{"@id":"https:\/\/www.eldigitaldeasturias.com\/noticias\/author\/admin\/#author"},"image":{"@type":"ImageObject","url":437547,"@id":"https:\/\/www.eldigitaldeasturias.com\/noticias\/dicaprio-se-asocia-al-equipo-venturi-de-la-formula-e\/#mainImage"},"primaryImageOfPage":{"@id":"https:\/\/www.eldigitaldeasturias.com\/noticias\/dicaprio-se-asocia-al-equipo-venturi-de-la-formula-e\/#mainImage"},"datePublished":"2013-12-10T08:10:28+01:00","dateModified":"2013-12-10T08:10:28+01:00"},{"@type":"WebSite","@id":"https:\/\/www.eldigitaldeasturias.com\/noticias\/#website","url":"https:\/\/www.eldigitaldeasturias.com\/noticias\/","name":"El Digital de Asturias - Diario de actualidad y noticias","alternateName":"El Digital de Asturias - Diario de actualidad y noticias","description":"Hemeroteca","inLanguage":"es-ES","publisher":{"@id":"https:\/\/www.eldigitaldeasturias.com\/noticias\/#organization"}}]},"og:locale":"es_ES","og:site_name":"El Digital de Asturias","og:type":"article","og:title":"DiCaprio se asocia al equipo Venturi de la F\u00f3rmula E - El Digital de Asturias","og:description":"M\u00f3naco, 9 dic (dpa) - La estrella de Hollywood estadounidense Leonardo DiCaprio se asoci\u00f3 al equipo franc\u00e9s Venturi para lanzar un equipo de F\u00f3rmula E, el campeonato de coches el\u00e9ctricos que tambi\u00e9n se disputar\u00e1 en Sudam\u00e9rica, seg\u00fan anunci\u00f3 hoy la Federaci\u00f3n Internacional de Automovilismo (FIA). Venturi, una marca de coches deportivos con base en M\u00f3naco,","og:url":"https:\/\/www.eldigitaldeasturias.com\/noticias\/dicaprio-se-asocia-al-equipo-venturi-de-la-formula-e\/","article:tag":["sociedad"],"article:published_time":"2013-12-10T09:10:28+00:00","article:modified_time":"2013-12-10T09:10:28+00:00","article:publisher":"https:\/\/facebook.com\/eldigitaldeasturias","twitter:card":"summary_large_image","twitter:title":"DiCaprio se asocia al equipo Venturi de la F\u00f3rmula E - El Digital de Asturias","twitter:description":"M\u00f3naco, 9 dic (dpa) - La estrella de Hollywood estadounidense Leonardo DiCaprio se asoci\u00f3 al equipo franc\u00e9s Venturi para lanzar un equipo de F\u00f3rmula E, el campeonato de coches el\u00e9ctricos que tambi\u00e9n se disputar\u00e1 en Sudam\u00e9rica, seg\u00fan anunci\u00f3 hoy la Federaci\u00f3n Internacional de Automovilismo (FIA). Venturi, una marca de coches deportivos con base en M\u00f3naco,","twitter:label1":"Escrito por","twitter:data1":"El Digital de Asturias","twitter:label2":"Tiempo de lectura estimado","twitter:data2":"1 minuto"},"aioseo_meta_data":{"post_id":"459917","title":null,"description":null,"keywords":null,"keyphrases":null,"primary_term":null,"canonical_url":null,"og_title":null,"og_description":null,"og_object_type":"default","og_image_type":"default","og_image_url":null,"og_image_width":null,"og_image_height":null,"og_image_custom_url":null,"og_image_custom_fields":null,"og_video":null,"og_custom_url":null,"og_article_section":null,"og_article_tags":null,"twitter_use_og":true,"twitter_card":"default","twitter_image_type":"default","twitter_image_url":null,"twitter_image_custom_url":null,"twitter_image_custom_fields":null,"twitter_title":null,"twitter_description":null,"schema":{"blockGraphs":[],"customGraphs":[],"default":{"data":{"Article":[],"Course":[],"Dataset":[],"FAQPage":[],"Movie":[],"Person":[],"Product":[],"ProductReview":[],"Car":[],"Recipe":[],"Service":[],"SoftwareApplication":[],"WebPage":[]},"graphName":"","isEnabled":true},"graphs":[],"defaultGraph":"","defaultPostTypeGraph":""},"schema_type":null,"schema_type_options":null,"pillar_content":false,"robots_default":true,"robots_noindex":false,"robots_noarchive":false,"robots_nosnippet":false,"robots_nofollow":false,"robots_noimageindex":false,"robots_noodp":false,"robots_notranslate":false,"robots_max_snippet":null,"robots_max_videopreview":null,"robots_max_imagepreview":"none","priority":null,"frequency":null,"local_seo":null,"seo_analyzer_scan_date":"2026-05-30 11:06:54","breadcrumb_settings":null,"limit_modified_date":false,"open_ai":null,"ai":null,"created":"2020-11-14 22:47:40","updated":"2026-05-30 11:06:54","focus_keyword":null,"additional_keywords":null,"truseo_locale":null},"aioseo_breadcrumb":"<div class=\"aioseo-breadcrumbs\"><span class=\"aioseo-breadcrumb\">\n\t<a href=\"https:\/\/www.eldigitaldeasturias.com\/noticias\" title=\"Home\">Home<\/a>\n<\/span><span class=\"aioseo-breadcrumb-separator\">\u2013<\/span><span class=\"aioseo-breadcrumb\">\n\t<a href=\"https:\/\/www.eldigitaldeasturias.com\/noticias\/category\/sociedad\/\" title=\"Sociedad\">Sociedad<\/a>\n<\/span><span class=\"aioseo-breadcrumb-separator\">\u2013<\/span><span class=\"aioseo-breadcrumb\">\n\t<a href=\"https:\/\/www.eldigitaldeasturias.com\/noticias\/dicaprio-se-asocia-al-equipo-venturi-de-la-formula-e\/\" title=\"DiCaprio se asocia al equipo Venturi de la F\u00f3rmula E\">DiCaprio se asocia al equipo Venturi de la F\u00f3rmula E<\/a>\n<\/span><\/div>","aioseo_breadcrumb_json":[{"label":"Home","link":"https:\/\/www.eldigitaldeasturias.com\/noticias"},{"label":"Sociedad","link":"https:\/\/www.eldigitaldeasturias.com\/noticias\/category\/sociedad\/"},{"label":"DiCaprio se asocia al equipo Venturi de la F\u00f3rmula E","link":"https:\/\/www.eldigitaldeasturias.com\/noticias\/dicaprio-se-asocia-al-equipo-venturi-de-la-formula-e\/"}],"_links":{"self":[{"href":"https:\/\/www.eldigitaldeasturias.com\/noticias\/wp-json\/wp\/v2\/posts\/459917","targetHints":{"allow":["GET"]}}],"collection":[{"href":"https:\/\/www.eldigitaldeasturias.com\/noticias\/wp-json\/wp\/v2\/posts"}],"about":[{"href":"https:\/\/www.eldigitaldeasturias.com\/noticias\/wp-json\/wp\/v2\/types\/post"}],"author":[{"embeddable":true,"href":"https:\/\/www.eldigitaldeasturias.com\/noticias\/wp-json\/wp\/v2\/users\/1"}],"replies":[{"embeddable":true,"href":"https:\/\/www.eldigitaldeasturias.com\/noticias\/wp-json\/wp\/v2\/comments?post=459917"}],"version-history":[{"count":0,"href":"https:\/\/www.eldigitaldeasturias.com\/noticias\/wp-json\/wp\/v2\/posts\/459917\/revisions"}],"wp:attachment":[{"href":"https:\/\/www.eldigitaldeasturias.com\/noticias\/wp-json\/wp\/v2\/media?parent=459917"}],"wp:term":[{"taxonomy":"category","embeddable":true,"href":"https:\/\/www.eldigitaldeasturias.com\/noticias\/wp-json\/wp\/v2\/categories?post=459917"},{"taxonomy":"post_tag","embeddable":true,"href":"https:\/\/www.eldigitaldeasturias.com\/noticias\/wp-json\/wp\/v2\/tags?post=459917"}],"curies":[{"name":"wp","href":"https:\/\/api.w.org\/{rel}","templated":true}]}}