{"id":459889,"date":"2013-12-09T20:29:26","date_gmt":"2013-12-09T21:29:26","guid":{"rendered":"http:\/\/www.eldigitaldeasturias.com\/noticias\/?p=459889"},"modified":"2013-12-09T20:29:26","modified_gmt":"2013-12-09T21:29:26","slug":"implantaran-por-primera-vez-en-espana-chips-en-la-retina-de-pacientes-ciegos","status":"publish","type":"post","link":"https:\/\/www.eldigitaldeasturias.com\/noticias\/implantaran-por-primera-vez-en-espana-chips-en-la-retina-de-pacientes-ciegos\/","title":{"rendered":"Implantar\u00e1n por primera vez en Espa\u00f1a chips en la retina de pacientes ciegos"},"content":{"rendered":"<p><img loading=\"lazy\" decoding=\"async\" class=\"alignleft size-medium wp-image-459890\" alt=\"5782226w\" src=\"https:\/\/www.eldigitaldeasturias.com\/noticias\/wp-content\/uploads\/2013\/12\/5782226w-360x227.jpg\" width=\"360\" height=\"227\" \/>Barcelona, 9 dic (EFE).- El Centro de Oftalmolog\u00eda Barraquer de Barcelona colocar\u00e1, por primera vez en Espa\u00f1a, chips en la retina mediante implantes maculares a pacientes ciegos o con baja visi\u00f3n para que puedan identificar objetos, formas, luces y contornos.<\/p>\n<p>Seg\u00fan ha informado esta cl\u00ednica oftalmol\u00f3gica, esta novedad posibilita en muchos casos a los pacientes que recuperen su autonom\u00eda con lo que se denomina \u00abvisi\u00f3n artificial\u00bb.<\/p>\n<p>El cirujano oftalmol\u00f3gico Jeroni Nadal, coordinador de la Unidad de V\u00edtreo-retina del centro Barraquer, ha sido elegido por la empresa estadounidense dise\u00f1adora del implante para su desarrollo en Espa\u00f1a.<\/p>\n<p>El centro oftalmol\u00f3gico ha anunciado que iniciar\u00e1 la colocaci\u00f3n de estos implantes en pacientes con baja visi\u00f3n afectados de retinosis pigmentaria, una patolog\u00eda que es la causa m\u00e1s frecuente de degeneraci\u00f3n hereditaria de la retina.<\/p>\n<p>Su origen es una alteraci\u00f3n de los genes, que ocasiona degeneraci\u00f3n y apoptosis (muerte celular) de los fotorreceptores (c\u00e9lulas de la retina), de los bastones (responsables de la visi\u00f3n del campo perif\u00e9rico) y, en las fases finales, de los conos (visi\u00f3n central), provocando ceguera.<\/p>\n<p>Este tipo de implante, aprobado por las autoridades sanitarias estadounidenses y de la CE, puede devolver la visi\u00f3n a pacientes con enfermedades que afectan las capas externas de la retina.<\/p>\n<p>Seg\u00fan la cl\u00ednica Barraquer, aunque inicialmente se ha aprobado para la retinosis pigmentaria ya han sido tratados con \u00e9xito pacientes con enfermedad de Stargardt y podr\u00eda usarse en un futuro en la degeneraci\u00f3n macular asociada a la edad de tipo atr\u00f3fico o seca.<\/p>\n<p>Este implante, llamado &#8216;Argus II&#8217;, unido a una c\u00e1mara de alta definici\u00f3n externa y a un procesador, estimula directamente la retina interna, generando un est\u00edmulo visual en las v\u00edas \u00f3pticas y mejorando la visi\u00f3n en el paciente tratado.<\/p>\n<p>El equipo dispone de una c\u00e1mara de v\u00eddeo en miniatura ubicada en las gafas del paciente que capta una escena, el v\u00eddeo se env\u00eda a un peque\u00f1o ordenador que lleva el paciente, donde se procesa; estas instrucciones se transmiten de forma inal\u00e1mbrica al implante retiniano.<\/p>\n<p>Una vez ah\u00ed, el chip convierte las se\u00f1ales en peque\u00f1os pulsos de electricidad que pasan por alto los fotorreceptores da\u00f1ados de la m\u00e1cula y estimulan directamente las c\u00e9lulas restantes de la retina. Estas transmiten la informaci\u00f3n a trav\u00e9s del nervio \u00f3ptico al cerebro, creando la percepci\u00f3n de patrones de luz.<\/p>\n","protected":false},"excerpt":{"rendered":"<p>Barcelona, 9 dic (EFE).- El Centro de Oftalmolog\u00eda Barraquer de Barcelona colocar\u00e1, por primera vez en Espa\u00f1a, chips en la retina mediante implantes maculares a pacientes ciegos o con baja visi\u00f3n para que puedan identificar objetos, formas, luces y contornos. Seg\u00fan ha informado esta cl\u00ednica oftalmol\u00f3gica, esta novedad posibilita en muchos casos a los pacientes [&hellip;]<\/p>\n","protected":false},"author":1,"featured_media":459890,"comment_status":"closed","ping_status":"open","sticky":false,"template":"","format":"standard","meta":{"footnotes":""},"categories":[28],"tags":[],"class_list":["post-459889","post","type-post","status-publish","format-standard","has-post-thumbnail","hentry","category-sociedad"],"aioseo_notices":[],"aioseo_head":"\n\t\t<!-- All in One SEO Pro 5.0.1 - aioseo.com -->\n\t<meta name=\"description\" content=\"Barcelona, 9 dic (EFE).- El Centro de Oftalmolog\u00eda Barraquer de Barcelona colocar\u00e1, por primera vez en Espa\u00f1a, chips en la retina mediante implantes maculares a pacientes ciegos o con baja visi\u00f3n para que puedan identificar objetos, formas, luces y contornos. Seg\u00fan ha informado esta cl\u00ednica oftalmol\u00f3gica, esta novedad posibilita en muchos casos a los pacientes\" \/>\n\t<meta name=\"robots\" content=\"max-image-preview:large\" \/>\n\t<meta name=\"author\" content=\"El Digital de Asturias\"\/>\n\t<meta name=\"google-site-verification\" content=\"UA-38556648-1\" \/>\n\t<meta name=\"msvalidate.01\" content=\"7dfe9f3f1b24437ab69f4f2559babe99\" \/>\n\t<meta name=\"keywords\" content=\"sociedad\" \/>\n\t<link rel=\"canonical\" href=\"https:\/\/www.eldigitaldeasturias.com\/noticias\/implantaran-por-primera-vez-en-espana-chips-en-la-retina-de-pacientes-ciegos\/\" \/>\n\t<meta name=\"generator\" content=\"All in One SEO Pro (AIOSEO) 5.0.1\" \/>\n\t\t<meta property=\"og:locale\" content=\"es_ES\" \/>\n\t\t<meta property=\"og:site_name\" content=\"El Digital de Asturias\" \/>\n\t\t<meta property=\"og:type\" content=\"article\" \/>\n\t\t<meta property=\"og:title\" content=\"Implantar\u00e1n por primera vez en Espa\u00f1a chips en la retina de pacientes ciegos - El Digital de Asturias\" \/>\n\t\t<meta property=\"og:description\" content=\"Barcelona, 9 dic (EFE).- El Centro de Oftalmolog\u00eda Barraquer de Barcelona colocar\u00e1, por primera vez en Espa\u00f1a, chips en la retina mediante implantes maculares a pacientes ciegos o con baja visi\u00f3n para que puedan identificar objetos, formas, luces y contornos. Seg\u00fan ha informado esta cl\u00ednica oftalmol\u00f3gica, esta novedad posibilita en muchos casos a los pacientes\" \/>\n\t\t<meta property=\"og:url\" content=\"https:\/\/www.eldigitaldeasturias.com\/noticias\/implantaran-por-primera-vez-en-espana-chips-en-la-retina-de-pacientes-ciegos\/\" \/>\n\t\t<meta property=\"article:tag\" content=\"sociedad\" \/>\n\t\t<meta property=\"article:published_time\" content=\"2013-12-09T21:29:26+00:00\" \/>\n\t\t<meta property=\"article:modified_time\" content=\"2013-12-09T21:29:26+00:00\" \/>\n\t\t<meta property=\"article:publisher\" content=\"https:\/\/facebook.com\/eldigitaldeasturias\" \/>\n\t\t<meta name=\"twitter:card\" content=\"summary_large_image\" \/>\n\t\t<meta name=\"twitter:title\" content=\"Implantar\u00e1n por primera vez en Espa\u00f1a chips en la retina de pacientes ciegos - El Digital de Asturias\" \/>\n\t\t<meta name=\"twitter:description\" content=\"Barcelona, 9 dic (EFE).- El Centro de Oftalmolog\u00eda Barraquer de Barcelona colocar\u00e1, por primera vez en Espa\u00f1a, chips en la retina mediante implantes maculares a pacientes ciegos o con baja visi\u00f3n para que puedan identificar objetos, formas, luces y contornos. Seg\u00fan ha informado esta cl\u00ednica oftalmol\u00f3gica, esta novedad posibilita en muchos casos a los pacientes\" \/>\n\t\t<meta name=\"twitter:label1\" content=\"Escrito por\" \/>\n\t\t<meta name=\"twitter:data1\" content=\"El Digital de Asturias\" \/>\n\t\t<meta name=\"twitter:label2\" content=\"Tiempo de lectura estimado\" \/>\n\t\t<meta name=\"twitter:data2\" content=\"2 minutos\" \/>\n\t\t<script type=\"application\/ld+json\" class=\"aioseo-schema\">\n\t\t\t{\"@context\":\"https:\\\/\\\/schema.org\",\"@graph\":[{\"@type\":\"BlogPosting\",\"@id\":\"https:\\\/\\\/www.eldigitaldeasturias.com\\\/noticias\\\/implantaran-por-primera-vez-en-espana-chips-en-la-retina-de-pacientes-ciegos\\\/#blogposting\",\"name\":\"Implantar\\u00e1n por primera vez en Espa\\u00f1a chips en la retina de pacientes ciegos - El Digital de Asturias\",\"headline\":\"Implantar\\u00e1n por primera vez en Espa\\u00f1a chips en la retina de pacientes ciegos\",\"author\":{\"@id\":\"https:\\\/\\\/www.eldigitaldeasturias.com\\\/noticias\\\/author\\\/admin\\\/#author\"},\"publisher\":{\"@id\":\"https:\\\/\\\/www.eldigitaldeasturias.com\\\/noticias\\\/#organization\"},\"image\":{\"@type\":\"ImageObject\",\"url\":459890},\"datePublished\":\"2013-12-09T20:29:26+01:00\",\"dateModified\":\"2013-12-09T20:29:26+01:00\",\"inLanguage\":\"es-ES\",\"mainEntityOfPage\":{\"@id\":\"https:\\\/\\\/www.eldigitaldeasturias.com\\\/noticias\\\/implantaran-por-primera-vez-en-espana-chips-en-la-retina-de-pacientes-ciegos\\\/#webpage\"},\"isPartOf\":{\"@id\":\"https:\\\/\\\/www.eldigitaldeasturias.com\\\/noticias\\\/implantaran-por-primera-vez-en-espana-chips-en-la-retina-de-pacientes-ciegos\\\/#webpage\"},\"articleSection\":\"Sociedad\"},{\"@type\":\"BreadcrumbList\",\"@id\":\"https:\\\/\\\/www.eldigitaldeasturias.com\\\/noticias\\\/implantaran-por-primera-vez-en-espana-chips-en-la-retina-de-pacientes-ciegos\\\/#breadcrumblist\",\"itemListElement\":[{\"@type\":\"ListItem\",\"@id\":\"https:\\\/\\\/www.eldigitaldeasturias.com\\\/noticias#listItem\",\"position\":1,\"name\":\"Home\",\"item\":\"https:\\\/\\\/www.eldigitaldeasturias.com\\\/noticias\",\"nextItem\":{\"@type\":\"ListItem\",\"@id\":\"https:\\\/\\\/www.eldigitaldeasturias.com\\\/noticias\\\/category\\\/sociedad\\\/#listItem\",\"name\":\"Sociedad\"}},{\"@type\":\"ListItem\",\"@id\":\"https:\\\/\\\/www.eldigitaldeasturias.com\\\/noticias\\\/category\\\/sociedad\\\/#listItem\",\"position\":2,\"name\":\"Sociedad\",\"item\":\"https:\\\/\\\/www.eldigitaldeasturias.com\\\/noticias\\\/category\\\/sociedad\\\/\",\"nextItem\":{\"@type\":\"ListItem\",\"@id\":\"https:\\\/\\\/www.eldigitaldeasturias.com\\\/noticias\\\/implantaran-por-primera-vez-en-espana-chips-en-la-retina-de-pacientes-ciegos\\\/#listItem\",\"name\":\"Implantar\\u00e1n por primera vez en Espa\\u00f1a chips en la retina de pacientes ciegos\"},\"previousItem\":{\"@type\":\"ListItem\",\"@id\":\"https:\\\/\\\/www.eldigitaldeasturias.com\\\/noticias#listItem\",\"name\":\"Home\"}},{\"@type\":\"ListItem\",\"@id\":\"https:\\\/\\\/www.eldigitaldeasturias.com\\\/noticias\\\/implantaran-por-primera-vez-en-espana-chips-en-la-retina-de-pacientes-ciegos\\\/#listItem\",\"position\":3,\"name\":\"Implantar\\u00e1n por primera vez en Espa\\u00f1a chips en la retina de pacientes ciegos\",\"previousItem\":{\"@type\":\"ListItem\",\"@id\":\"https:\\\/\\\/www.eldigitaldeasturias.com\\\/noticias\\\/category\\\/sociedad\\\/#listItem\",\"name\":\"Sociedad\"}}]},{\"@type\":\"Organization\",\"@id\":\"https:\\\/\\\/www.eldigitaldeasturias.com\\\/noticias\\\/#organization\",\"name\":\"El Digital de Asturias\",\"description\":\"Hemeroteca\",\"url\":\"https:\\\/\\\/www.eldigitaldeasturias.com\\\/noticias\\\/\",\"email\":\"info@eldigitaldeasturias.com\",\"telephone\":\"+34652131393\",\"logo\":{\"@type\":\"ImageObject\",\"url\":\"https:\\\/\\\/www.eldigitaldeasturias.com\\\/noticias\\\/wp-content\\\/uploads\\\/2020\\\/12\\\/EDA.jpg\",\"@id\":\"https:\\\/\\\/www.eldigitaldeasturias.com\\\/noticias\\\/implantaran-por-primera-vez-en-espana-chips-en-la-retina-de-pacientes-ciegos\\\/#organizationLogo\"},\"image\":{\"@id\":\"https:\\\/\\\/www.eldigitaldeasturias.com\\\/noticias\\\/implantaran-por-primera-vez-en-espana-chips-en-la-retina-de-pacientes-ciegos\\\/#organizationLogo\"},\"sameAs\":[\"https:\\\/\\\/facebook.com\\\/eldigitaldeasturias\",\"https:\\\/\\\/www.youtube.com\\\/channel\\\/UCZP-2wLEB9Rv6erhFmqVnvg\"],\"address\":{\"@id\":\"https:\\\/\\\/www.eldigitaldeasturias.com\\\/noticias\\\/#postaladdress\",\"@type\":\"PostalAddress\",\"streetAddress\":\"san antonio 4\",\"postalCode\":\"33430\",\"addressLocality\":\"Cand\\u00e1s\",\"addressRegion\":\"Asturias\",\"addressCountry\":\"ES\"}},{\"@type\":\"Person\",\"@id\":\"https:\\\/\\\/www.eldigitaldeasturias.com\\\/noticias\\\/author\\\/admin\\\/#author\",\"url\":\"https:\\\/\\\/www.eldigitaldeasturias.com\\\/noticias\\\/author\\\/admin\\\/\",\"name\":\"El Digital de Asturias\",\"image\":{\"@type\":\"ImageObject\",\"@id\":\"https:\\\/\\\/www.eldigitaldeasturias.com\\\/noticias\\\/implantaran-por-primera-vez-en-espana-chips-en-la-retina-de-pacientes-ciegos\\\/#authorImage\",\"url\":\"https:\\\/\\\/secure.gravatar.com\\\/avatar\\\/df2aeffc32bcd13f8d26072ef8a91b623d677766deac7f97ca815868cd41bf5e?s=96&d=mm&r=g\",\"width\":96,\"height\":96,\"caption\":\"El Digital de Asturias\"}},{\"@type\":\"WebPage\",\"@id\":\"https:\\\/\\\/www.eldigitaldeasturias.com\\\/noticias\\\/implantaran-por-primera-vez-en-espana-chips-en-la-retina-de-pacientes-ciegos\\\/#webpage\",\"url\":\"https:\\\/\\\/www.eldigitaldeasturias.com\\\/noticias\\\/implantaran-por-primera-vez-en-espana-chips-en-la-retina-de-pacientes-ciegos\\\/\",\"name\":\"Implantar\\u00e1n por primera vez en Espa\\u00f1a chips en la retina de pacientes ciegos - El Digital de Asturias\",\"description\":\"Barcelona, 9 dic (EFE).- El Centro de Oftalmolog\\u00eda Barraquer de Barcelona colocar\\u00e1, por primera vez en Espa\\u00f1a, chips en la retina mediante implantes maculares a pacientes ciegos o con baja visi\\u00f3n para que puedan identificar objetos, formas, luces y contornos. Seg\\u00fan ha informado esta cl\\u00ednica oftalmol\\u00f3gica, esta novedad posibilita en muchos casos a los pacientes\",\"inLanguage\":\"es-ES\",\"isPartOf\":{\"@id\":\"https:\\\/\\\/www.eldigitaldeasturias.com\\\/noticias\\\/#website\"},\"breadcrumb\":{\"@id\":\"https:\\\/\\\/www.eldigitaldeasturias.com\\\/noticias\\\/implantaran-por-primera-vez-en-espana-chips-en-la-retina-de-pacientes-ciegos\\\/#breadcrumblist\"},\"author\":{\"@id\":\"https:\\\/\\\/www.eldigitaldeasturias.com\\\/noticias\\\/author\\\/admin\\\/#author\"},\"creator\":{\"@id\":\"https:\\\/\\\/www.eldigitaldeasturias.com\\\/noticias\\\/author\\\/admin\\\/#author\"},\"image\":{\"@type\":\"ImageObject\",\"url\":459890,\"@id\":\"https:\\\/\\\/www.eldigitaldeasturias.com\\\/noticias\\\/implantaran-por-primera-vez-en-espana-chips-en-la-retina-de-pacientes-ciegos\\\/#mainImage\"},\"primaryImageOfPage\":{\"@id\":\"https:\\\/\\\/www.eldigitaldeasturias.com\\\/noticias\\\/implantaran-por-primera-vez-en-espana-chips-en-la-retina-de-pacientes-ciegos\\\/#mainImage\"},\"datePublished\":\"2013-12-09T20:29:26+01:00\",\"dateModified\":\"2013-12-09T20:29:26+01:00\"},{\"@type\":\"WebSite\",\"@id\":\"https:\\\/\\\/www.eldigitaldeasturias.com\\\/noticias\\\/#website\",\"url\":\"https:\\\/\\\/www.eldigitaldeasturias.com\\\/noticias\\\/\",\"name\":\"El Digital de Asturias - Diario de actualidad y noticias\",\"alternateName\":\"El Digital de Asturias - Diario de actualidad y noticias\",\"description\":\"Hemeroteca\",\"inLanguage\":\"es-ES\",\"publisher\":{\"@id\":\"https:\\\/\\\/www.eldigitaldeasturias.com\\\/noticias\\\/#organization\"}}]}\n\t\t<\/script>\n\t\t<!-- All in One SEO Pro -->\r\n\t\t<title>Implantar\u00e1n por primera vez en Espa\u00f1a chips en la retina de pacientes ciegos - El Digital de Asturias<\/title>\n\n","aioseo_head_json":{"title":"Implantar\u00e1n por primera vez en Espa\u00f1a chips en la retina de pacientes ciegos - El Digital de Asturias","description":"Barcelona, 9 dic (EFE).- El Centro de Oftalmolog\u00eda Barraquer de Barcelona colocar\u00e1, por primera vez en Espa\u00f1a, chips en la retina mediante implantes maculares a pacientes ciegos o con baja visi\u00f3n para que puedan identificar objetos, formas, luces y contornos. Seg\u00fan ha informado esta cl\u00ednica oftalmol\u00f3gica, esta novedad posibilita en muchos casos a los pacientes","canonical_url":"https:\/\/www.eldigitaldeasturias.com\/noticias\/implantaran-por-primera-vez-en-espana-chips-en-la-retina-de-pacientes-ciegos\/","robots":"max-image-preview:large","keywords":"sociedad","webmasterTools":{"google-site-verification":"UA-38556648-1","msvalidate.01":"7dfe9f3f1b24437ab69f4f2559babe99","miscellaneous":""},"schema":{"@context":"https:\/\/schema.org","@graph":[{"@type":"BlogPosting","@id":"https:\/\/www.eldigitaldeasturias.com\/noticias\/implantaran-por-primera-vez-en-espana-chips-en-la-retina-de-pacientes-ciegos\/#blogposting","name":"Implantar\u00e1n por primera vez en Espa\u00f1a chips en la retina de pacientes ciegos - El Digital de Asturias","headline":"Implantar\u00e1n por primera vez en Espa\u00f1a chips en la retina de pacientes ciegos","author":{"@id":"https:\/\/www.eldigitaldeasturias.com\/noticias\/author\/admin\/#author"},"publisher":{"@id":"https:\/\/www.eldigitaldeasturias.com\/noticias\/#organization"},"image":{"@type":"ImageObject","url":459890},"datePublished":"2013-12-09T20:29:26+01:00","dateModified":"2013-12-09T20:29:26+01:00","inLanguage":"es-ES","mainEntityOfPage":{"@id":"https:\/\/www.eldigitaldeasturias.com\/noticias\/implantaran-por-primera-vez-en-espana-chips-en-la-retina-de-pacientes-ciegos\/#webpage"},"isPartOf":{"@id":"https:\/\/www.eldigitaldeasturias.com\/noticias\/implantaran-por-primera-vez-en-espana-chips-en-la-retina-de-pacientes-ciegos\/#webpage"},"articleSection":"Sociedad"},{"@type":"BreadcrumbList","@id":"https:\/\/www.eldigitaldeasturias.com\/noticias\/implantaran-por-primera-vez-en-espana-chips-en-la-retina-de-pacientes-ciegos\/#breadcrumblist","itemListElement":[{"@type":"ListItem","@id":"https:\/\/www.eldigitaldeasturias.com\/noticias#listItem","position":1,"name":"Home","item":"https:\/\/www.eldigitaldeasturias.com\/noticias","nextItem":{"@type":"ListItem","@id":"https:\/\/www.eldigitaldeasturias.com\/noticias\/category\/sociedad\/#listItem","name":"Sociedad"}},{"@type":"ListItem","@id":"https:\/\/www.eldigitaldeasturias.com\/noticias\/category\/sociedad\/#listItem","position":2,"name":"Sociedad","item":"https:\/\/www.eldigitaldeasturias.com\/noticias\/category\/sociedad\/","nextItem":{"@type":"ListItem","@id":"https:\/\/www.eldigitaldeasturias.com\/noticias\/implantaran-por-primera-vez-en-espana-chips-en-la-retina-de-pacientes-ciegos\/#listItem","name":"Implantar\u00e1n por primera vez en Espa\u00f1a chips en la retina de pacientes ciegos"},"previousItem":{"@type":"ListItem","@id":"https:\/\/www.eldigitaldeasturias.com\/noticias#listItem","name":"Home"}},{"@type":"ListItem","@id":"https:\/\/www.eldigitaldeasturias.com\/noticias\/implantaran-por-primera-vez-en-espana-chips-en-la-retina-de-pacientes-ciegos\/#listItem","position":3,"name":"Implantar\u00e1n por primera vez en Espa\u00f1a chips en la retina de pacientes ciegos","previousItem":{"@type":"ListItem","@id":"https:\/\/www.eldigitaldeasturias.com\/noticias\/category\/sociedad\/#listItem","name":"Sociedad"}}]},{"@type":"Organization","@id":"https:\/\/www.eldigitaldeasturias.com\/noticias\/#organization","name":"El Digital de Asturias","description":"Hemeroteca","url":"https:\/\/www.eldigitaldeasturias.com\/noticias\/","email":"info@eldigitaldeasturias.com","telephone":"+34652131393","logo":{"@type":"ImageObject","url":"https:\/\/www.eldigitaldeasturias.com\/noticias\/wp-content\/uploads\/2020\/12\/EDA.jpg","@id":"https:\/\/www.eldigitaldeasturias.com\/noticias\/implantaran-por-primera-vez-en-espana-chips-en-la-retina-de-pacientes-ciegos\/#organizationLogo"},"image":{"@id":"https:\/\/www.eldigitaldeasturias.com\/noticias\/implantaran-por-primera-vez-en-espana-chips-en-la-retina-de-pacientes-ciegos\/#organizationLogo"},"sameAs":["https:\/\/facebook.com\/eldigitaldeasturias","https:\/\/www.youtube.com\/channel\/UCZP-2wLEB9Rv6erhFmqVnvg"],"address":{"@id":"https:\/\/www.eldigitaldeasturias.com\/noticias\/#postaladdress","@type":"PostalAddress","streetAddress":"san antonio 4","postalCode":"33430","addressLocality":"Cand\u00e1s","addressRegion":"Asturias","addressCountry":"ES"}},{"@type":"Person","@id":"https:\/\/www.eldigitaldeasturias.com\/noticias\/author\/admin\/#author","url":"https:\/\/www.eldigitaldeasturias.com\/noticias\/author\/admin\/","name":"El Digital de Asturias","image":{"@type":"ImageObject","@id":"https:\/\/www.eldigitaldeasturias.com\/noticias\/implantaran-por-primera-vez-en-espana-chips-en-la-retina-de-pacientes-ciegos\/#authorImage","url":"https:\/\/secure.gravatar.com\/avatar\/df2aeffc32bcd13f8d26072ef8a91b623d677766deac7f97ca815868cd41bf5e?s=96&d=mm&r=g","width":96,"height":96,"caption":"El Digital de Asturias"}},{"@type":"WebPage","@id":"https:\/\/www.eldigitaldeasturias.com\/noticias\/implantaran-por-primera-vez-en-espana-chips-en-la-retina-de-pacientes-ciegos\/#webpage","url":"https:\/\/www.eldigitaldeasturias.com\/noticias\/implantaran-por-primera-vez-en-espana-chips-en-la-retina-de-pacientes-ciegos\/","name":"Implantar\u00e1n por primera vez en Espa\u00f1a chips en la retina de pacientes ciegos - El Digital de Asturias","description":"Barcelona, 9 dic (EFE).- El Centro de Oftalmolog\u00eda Barraquer de Barcelona colocar\u00e1, por primera vez en Espa\u00f1a, chips en la retina mediante implantes maculares a pacientes ciegos o con baja visi\u00f3n para que puedan identificar objetos, formas, luces y contornos. Seg\u00fan ha informado esta cl\u00ednica oftalmol\u00f3gica, esta novedad posibilita en muchos casos a los pacientes","inLanguage":"es-ES","isPartOf":{"@id":"https:\/\/www.eldigitaldeasturias.com\/noticias\/#website"},"breadcrumb":{"@id":"https:\/\/www.eldigitaldeasturias.com\/noticias\/implantaran-por-primera-vez-en-espana-chips-en-la-retina-de-pacientes-ciegos\/#breadcrumblist"},"author":{"@id":"https:\/\/www.eldigitaldeasturias.com\/noticias\/author\/admin\/#author"},"creator":{"@id":"https:\/\/www.eldigitaldeasturias.com\/noticias\/author\/admin\/#author"},"image":{"@type":"ImageObject","url":459890,"@id":"https:\/\/www.eldigitaldeasturias.com\/noticias\/implantaran-por-primera-vez-en-espana-chips-en-la-retina-de-pacientes-ciegos\/#mainImage"},"primaryImageOfPage":{"@id":"https:\/\/www.eldigitaldeasturias.com\/noticias\/implantaran-por-primera-vez-en-espana-chips-en-la-retina-de-pacientes-ciegos\/#mainImage"},"datePublished":"2013-12-09T20:29:26+01:00","dateModified":"2013-12-09T20:29:26+01:00"},{"@type":"WebSite","@id":"https:\/\/www.eldigitaldeasturias.com\/noticias\/#website","url":"https:\/\/www.eldigitaldeasturias.com\/noticias\/","name":"El Digital de Asturias - Diario de actualidad y noticias","alternateName":"El Digital de Asturias - Diario de actualidad y noticias","description":"Hemeroteca","inLanguage":"es-ES","publisher":{"@id":"https:\/\/www.eldigitaldeasturias.com\/noticias\/#organization"}}]},"og:locale":"es_ES","og:site_name":"El Digital de Asturias","og:type":"article","og:title":"Implantar\u00e1n por primera vez en Espa\u00f1a chips en la retina de pacientes ciegos - El Digital de Asturias","og:description":"Barcelona, 9 dic (EFE).- El Centro de Oftalmolog\u00eda Barraquer de Barcelona colocar\u00e1, por primera vez en Espa\u00f1a, chips en la retina mediante implantes maculares a pacientes ciegos o con baja visi\u00f3n para que puedan identificar objetos, formas, luces y contornos. Seg\u00fan ha informado esta cl\u00ednica oftalmol\u00f3gica, esta novedad posibilita en muchos casos a los pacientes","og:url":"https:\/\/www.eldigitaldeasturias.com\/noticias\/implantaran-por-primera-vez-en-espana-chips-en-la-retina-de-pacientes-ciegos\/","article:tag":["sociedad"],"article:published_time":"2013-12-09T21:29:26+00:00","article:modified_time":"2013-12-09T21:29:26+00:00","article:publisher":"https:\/\/facebook.com\/eldigitaldeasturias","twitter:card":"summary_large_image","twitter:title":"Implantar\u00e1n por primera vez en Espa\u00f1a chips en la retina de pacientes ciegos - El Digital de Asturias","twitter:description":"Barcelona, 9 dic (EFE).- El Centro de Oftalmolog\u00eda Barraquer de Barcelona colocar\u00e1, por primera vez en Espa\u00f1a, chips en la retina mediante implantes maculares a pacientes ciegos o con baja visi\u00f3n para que puedan identificar objetos, formas, luces y contornos. Seg\u00fan ha informado esta cl\u00ednica oftalmol\u00f3gica, esta novedad posibilita en muchos casos a los pacientes","twitter:label1":"Escrito por","twitter:data1":"El Digital de Asturias","twitter:label2":"Tiempo de lectura estimado","twitter:data2":"2 minutos"},"aioseo_meta_data":{"post_id":"459889","title":null,"description":null,"keywords":null,"keyphrases":null,"primary_term":null,"canonical_url":null,"og_title":null,"og_description":null,"og_object_type":"default","og_image_type":"default","og_image_url":null,"og_image_width":null,"og_image_height":null,"og_image_custom_url":null,"og_image_custom_fields":null,"og_video":null,"og_custom_url":null,"og_article_section":null,"og_article_tags":null,"twitter_use_og":true,"twitter_card":"default","twitter_image_type":"default","twitter_image_url":null,"twitter_image_custom_url":null,"twitter_image_custom_fields":null,"twitter_title":null,"twitter_description":null,"schema":{"blockGraphs":[],"customGraphs":[],"default":{"data":{"Article":[],"Course":[],"Dataset":[],"FAQPage":[],"Movie":[],"Person":[],"Product":[],"ProductReview":[],"Car":[],"Recipe":[],"Service":[],"SoftwareApplication":[],"WebPage":[]},"graphName":"","isEnabled":true},"graphs":[],"defaultGraph":"","defaultPostTypeGraph":""},"schema_type":null,"schema_type_options":null,"pillar_content":false,"robots_default":true,"robots_noindex":false,"robots_noarchive":false,"robots_nosnippet":false,"robots_nofollow":false,"robots_noimageindex":false,"robots_noodp":false,"robots_notranslate":false,"robots_max_snippet":null,"robots_max_videopreview":null,"robots_max_imagepreview":"none","priority":null,"frequency":null,"local_seo":null,"seo_analyzer_scan_date":"2026-05-30 10:57:53","breadcrumb_settings":null,"limit_modified_date":false,"open_ai":null,"ai":null,"created":"2020-11-14 22:47:40","updated":"2026-05-30 10:57:53","focus_keyword":null,"additional_keywords":null,"truseo_locale":null},"aioseo_breadcrumb":"<div class=\"aioseo-breadcrumbs\"><span class=\"aioseo-breadcrumb\">\n\t<a href=\"https:\/\/www.eldigitaldeasturias.com\/noticias\" title=\"Home\">Home<\/a>\n<\/span><span class=\"aioseo-breadcrumb-separator\">\u2013<\/span><span class=\"aioseo-breadcrumb\">\n\t<a href=\"https:\/\/www.eldigitaldeasturias.com\/noticias\/category\/sociedad\/\" title=\"Sociedad\">Sociedad<\/a>\n<\/span><span class=\"aioseo-breadcrumb-separator\">\u2013<\/span><span class=\"aioseo-breadcrumb\">\n\t<a href=\"https:\/\/www.eldigitaldeasturias.com\/noticias\/implantaran-por-primera-vez-en-espana-chips-en-la-retina-de-pacientes-ciegos\/\" title=\"Implantar\u00e1n por primera vez en Espa\u00f1a chips en la retina de pacientes ciegos\">Implantar\u00e1n por primera vez en Espa\u00f1a chips en la retina de pacientes ciegos<\/a>\n<\/span><\/div>","aioseo_breadcrumb_json":[{"label":"Home","link":"https:\/\/www.eldigitaldeasturias.com\/noticias"},{"label":"Sociedad","link":"https:\/\/www.eldigitaldeasturias.com\/noticias\/category\/sociedad\/"},{"label":"Implantar\u00e1n por primera vez en Espa\u00f1a chips en la retina de pacientes ciegos","link":"https:\/\/www.eldigitaldeasturias.com\/noticias\/implantaran-por-primera-vez-en-espana-chips-en-la-retina-de-pacientes-ciegos\/"}],"_links":{"self":[{"href":"https:\/\/www.eldigitaldeasturias.com\/noticias\/wp-json\/wp\/v2\/posts\/459889","targetHints":{"allow":["GET"]}}],"collection":[{"href":"https:\/\/www.eldigitaldeasturias.com\/noticias\/wp-json\/wp\/v2\/posts"}],"about":[{"href":"https:\/\/www.eldigitaldeasturias.com\/noticias\/wp-json\/wp\/v2\/types\/post"}],"author":[{"embeddable":true,"href":"https:\/\/www.eldigitaldeasturias.com\/noticias\/wp-json\/wp\/v2\/users\/1"}],"replies":[{"embeddable":true,"href":"https:\/\/www.eldigitaldeasturias.com\/noticias\/wp-json\/wp\/v2\/comments?post=459889"}],"version-history":[{"count":0,"href":"https:\/\/www.eldigitaldeasturias.com\/noticias\/wp-json\/wp\/v2\/posts\/459889\/revisions"}],"wp:attachment":[{"href":"https:\/\/www.eldigitaldeasturias.com\/noticias\/wp-json\/wp\/v2\/media?parent=459889"}],"wp:term":[{"taxonomy":"category","embeddable":true,"href":"https:\/\/www.eldigitaldeasturias.com\/noticias\/wp-json\/wp\/v2\/categories?post=459889"},{"taxonomy":"post_tag","embeddable":true,"href":"https:\/\/www.eldigitaldeasturias.com\/noticias\/wp-json\/wp\/v2\/tags?post=459889"}],"curies":[{"name":"wp","href":"https:\/\/api.w.org\/{rel}","templated":true}]}}