{"id":459874,"date":"2013-12-09T20:21:03","date_gmt":"2013-12-09T21:21:03","guid":{"rendered":"http:\/\/www.eldigitaldeasturias.com\/noticias\/?p=459874"},"modified":"2013-12-09T20:21:03","modified_gmt":"2013-12-09T21:21:03","slug":"el-acusado-de-asesinar-a-su-pareja-dice-que-la-mato-en-defensa-propia","status":"publish","type":"post","link":"https:\/\/www.eldigitaldeasturias.com\/noticias\/el-acusado-de-asesinar-a-su-pareja-dice-que-la-mato-en-defensa-propia\/","title":{"rendered":"El acusado de asesinar a su pareja dice que la mat\u00f3 en defensa propia"},"content":{"rendered":"<p><img loading=\"lazy\" decoding=\"async\" class=\"alignleft size-medium wp-image-459875\" alt=\"5782027w\" src=\"https:\/\/www.eldigitaldeasturias.com\/noticias\/wp-content\/uploads\/2013\/12\/5782027w-360x239.jpg\" width=\"360\" height=\"239\" \/>Las Palmas de Gran Canaria, 9 dic (EFE).- El hombre acusado de asesinar a su pareja el 14 de abril de 2012 en Fuerteventura ha afirmado hoy ante un Jurado en la Audiencia de Las Palmas que actu\u00f3 en defensa propia y que sent\u00eda un \u00abmiedo insuperable\u00bb de la v\u00edctima, que, asegura, le maltrataba f\u00edsica y psicol\u00f3gicamente.<\/p>\n<p>El acusado, Claudio Esteban P.D., que tiene antecedentes por malos tratos, se enfrenta a una pena de 20 a\u00f1os de c\u00e1rcel, seg\u00fan la acusaci\u00f3n ejercida por el Ministerio P\u00fablico y por el Instituto Canario de Igualdad, que entienden que el procesado agredi\u00f3 a su pareja de forma sorpresiva en su casa y la asesin\u00f3 de forma \u00abterrible\u00bb y con \u00abbrutales golpes\u00bb.<\/p>\n<p>Sin embargo, el procesado ha afirmado que, tras una discusi\u00f3n porque ella no le quiso poner un caf\u00e9 y ni disculparse porque hab\u00eda insultado a su hermana, la v\u00edctima cogi\u00f3 un cuchillo de la cocina y amenaz\u00f3 con suicidarse.<\/p>\n<p>Seg\u00fan su versi\u00f3n, al intentar imped\u00edrselo, ella le atac\u00f3 y \u00e9l se defendi\u00f3 con su cuerpo, porque tem\u00eda por su vida, por lo que su abogado solicita su absoluci\u00f3n.<\/p>\n<p>El acusado ha explicado que en un momento de la pelea recibi\u00f3 un golpe seco y fuerte en la cabeza y que, a partir de ah\u00ed, no recuerda haber cogido ning\u00fan objeto, pues la v\u00edctima recibi\u00f3 varias pu\u00f1aladas por la espalda, a la altura del t\u00f3rax y de la zona lumbar, as\u00ed como cortes en el cuello y en el abdomen, adem\u00e1s de varios golpes en la cara causados con una sart\u00e9n y un caldero, seg\u00fan las acusaciones.<\/p>\n<p>El procesado tambi\u00e9n ha negado tener una relaci\u00f3n estable con la v\u00edctima, a la que ese d\u00eda, despu\u00e9s de tomarse varias cervezas y consumir coca\u00edna, fue a buscar por la ma\u00f1ana a su casa, situada en el valle de Tarajalejo, para que le acompa\u00f1ara a comprarse unos zapatos.<\/p>\n<p>El acusado ha explicado que tras la pelea mantenida con la v\u00edctima qued\u00f3 en estado de \u00abshock\u00bb, por lo que tampoco recuerda qu\u00e9 fue lo que hizo despu\u00e9s, si bien, seg\u00fan el escrito de acusaci\u00f3n, el acusado se march\u00f3 de la vivienda, cerr\u00f3 la puerta, se llev\u00f3 su m\u00f3vil y dej\u00f3 a Nicole Z desangr\u00e1ndose, sin que pudiera recibir ayuda ni asistencia alguna.<\/p>\n<p>As\u00ed mismo, el procesado ha indicado que sufri\u00f3 un accidente de moto hace diez a\u00f1os y que, como consecuencia del siniestro, tuvo dos infartos cerebrales, por lo que tiene \u00ablapsus\u00bb mentales, a los que atribuye muchas de las discusiones que manten\u00eda con la v\u00edctima, que eran constantes.<\/p>\n<p>Tambi\u00e9n ha dicho que, entre otras secuelas del accidente, sufre p\u00e9rdida de fuerza en un brazo.<\/p>\n<p>El procesado ha se\u00f1alado que cuando sucedieron los hechos viv\u00eda en casa de su madre, en Antigua, aunque la noche anterior durmi\u00f3 en la vivienda de la v\u00edctima porque estaban de nuevo empezando la relaci\u00f3n, y que esa noche \u00e9l consumi\u00f3 coca\u00edna y ella fum\u00f3 hach\u00eds.<\/p>\n<p>La fiscal de violencia de g\u00e9nero, Beatriz S\u00e1nchez, ha descrito a la fallecida como una mujer de car\u00e1cter y de complexi\u00f3n fuerte, y ha dicho que, precisamente por ello, la agresi\u00f3n sufrida no se produjo como relata el acusado, sino de forma sorpresiva, porque de lo contrario no hubiera podido acabar con la vida de Nicole Z.<\/p>\n<p>As\u00ed mismo, ha indicado a los miembros del jurado que la \u00fanica sangre hallada en los objetos intervenidos por la polic\u00eda eran de la v\u00edctima.<\/p>\n<p>El juicio continuar\u00e1 ma\u00f1ana en la Audiencia de Las Palmas con la declaraci\u00f3n de los testigos y los informes de los peritos.<\/p>\n","protected":false},"excerpt":{"rendered":"<p>Las Palmas de Gran Canaria, 9 dic (EFE).- El hombre acusado de asesinar a su pareja el 14 de abril de 2012 en Fuerteventura ha afirmado hoy ante un Jurado en la Audiencia de Las Palmas que actu\u00f3 en defensa propia y que sent\u00eda un \u00abmiedo insuperable\u00bb de la v\u00edctima, que, asegura, le maltrataba f\u00edsica [&hellip;]<\/p>\n","protected":false},"author":1,"featured_media":459875,"comment_status":"closed","ping_status":"open","sticky":false,"template":"","format":"standard","meta":{"footnotes":""},"categories":[5],"tags":[],"class_list":["post-459874","post","type-post","status-publish","format-standard","has-post-thumbnail","hentry","category-sucesos"],"aioseo_notices":[],"aioseo_head":"\n\t\t<!-- All in One SEO Pro 5.0.1 - aioseo.com -->\n\t<meta name=\"description\" content=\"Las Palmas de Gran Canaria, 9 dic (EFE).- El hombre acusado de asesinar a su pareja el 14 de abril de 2012 en Fuerteventura ha afirmado hoy ante un Jurado en la Audiencia de Las Palmas que actu\u00f3 en defensa propia y que sent\u00eda un &quot;miedo insuperable&quot; de la v\u00edctima, que, asegura, le maltrataba f\u00edsica\" \/>\n\t<meta name=\"robots\" content=\"max-image-preview:large\" \/>\n\t<meta name=\"author\" content=\"El Digital de Asturias\"\/>\n\t<meta name=\"google-site-verification\" content=\"UA-38556648-1\" \/>\n\t<meta name=\"msvalidate.01\" content=\"7dfe9f3f1b24437ab69f4f2559babe99\" \/>\n\t<meta name=\"keywords\" content=\"sucesos\" \/>\n\t<link rel=\"canonical\" href=\"https:\/\/www.eldigitaldeasturias.com\/noticias\/el-acusado-de-asesinar-a-su-pareja-dice-que-la-mato-en-defensa-propia\/\" \/>\n\t<meta name=\"generator\" content=\"All in One SEO Pro (AIOSEO) 5.0.1\" \/>\n\t\t<meta property=\"og:locale\" content=\"es_ES\" \/>\n\t\t<meta property=\"og:site_name\" content=\"El Digital de Asturias\" \/>\n\t\t<meta property=\"og:type\" content=\"article\" \/>\n\t\t<meta property=\"og:title\" content=\"El acusado de asesinar a su pareja dice que la mat\u00f3 en defensa propia - El Digital de Asturias\" \/>\n\t\t<meta property=\"og:description\" content=\"Las Palmas de Gran Canaria, 9 dic (EFE).- El hombre acusado de asesinar a su pareja el 14 de abril de 2012 en Fuerteventura ha afirmado hoy ante un Jurado en la Audiencia de Las Palmas que actu\u00f3 en defensa propia y que sent\u00eda un &quot;miedo insuperable&quot; de la v\u00edctima, que, asegura, le maltrataba f\u00edsica\" \/>\n\t\t<meta property=\"og:url\" content=\"https:\/\/www.eldigitaldeasturias.com\/noticias\/el-acusado-de-asesinar-a-su-pareja-dice-que-la-mato-en-defensa-propia\/\" \/>\n\t\t<meta property=\"article:tag\" content=\"sucesos\" \/>\n\t\t<meta property=\"article:published_time\" content=\"2013-12-09T21:21:03+00:00\" \/>\n\t\t<meta property=\"article:modified_time\" content=\"2013-12-09T21:21:03+00:00\" \/>\n\t\t<meta property=\"article:publisher\" content=\"https:\/\/facebook.com\/eldigitaldeasturias\" \/>\n\t\t<meta name=\"twitter:card\" content=\"summary_large_image\" \/>\n\t\t<meta name=\"twitter:title\" content=\"El acusado de asesinar a su pareja dice que la mat\u00f3 en defensa propia - El Digital de Asturias\" \/>\n\t\t<meta name=\"twitter:description\" content=\"Las Palmas de Gran Canaria, 9 dic (EFE).- El hombre acusado de asesinar a su pareja el 14 de abril de 2012 en Fuerteventura ha afirmado hoy ante un Jurado en la Audiencia de Las Palmas que actu\u00f3 en defensa propia y que sent\u00eda un &quot;miedo insuperable&quot; de la v\u00edctima, que, asegura, le maltrataba f\u00edsica\" \/>\n\t\t<meta name=\"twitter:label1\" content=\"Escrito por\" \/>\n\t\t<meta name=\"twitter:data1\" content=\"El Digital de Asturias\" \/>\n\t\t<meta name=\"twitter:label2\" content=\"Tiempo de lectura estimado\" \/>\n\t\t<meta name=\"twitter:data2\" content=\"3 minutos\" \/>\n\t\t<script type=\"application\/ld+json\" class=\"aioseo-schema\">\n\t\t\t{\"@context\":\"https:\\\/\\\/schema.org\",\"@graph\":[{\"@type\":\"BlogPosting\",\"@id\":\"https:\\\/\\\/www.eldigitaldeasturias.com\\\/noticias\\\/el-acusado-de-asesinar-a-su-pareja-dice-que-la-mato-en-defensa-propia\\\/#blogposting\",\"name\":\"El acusado de asesinar a su pareja dice que la mat\\u00f3 en defensa propia - El Digital de Asturias\",\"headline\":\"El acusado de asesinar a su pareja dice que la mat\\u00f3 en defensa propia\",\"author\":{\"@id\":\"https:\\\/\\\/www.eldigitaldeasturias.com\\\/noticias\\\/author\\\/admin\\\/#author\"},\"publisher\":{\"@id\":\"https:\\\/\\\/www.eldigitaldeasturias.com\\\/noticias\\\/#organization\"},\"image\":{\"@type\":\"ImageObject\",\"url\":459875},\"datePublished\":\"2013-12-09T20:21:03+01:00\",\"dateModified\":\"2013-12-09T20:21:03+01:00\",\"inLanguage\":\"es-ES\",\"mainEntityOfPage\":{\"@id\":\"https:\\\/\\\/www.eldigitaldeasturias.com\\\/noticias\\\/el-acusado-de-asesinar-a-su-pareja-dice-que-la-mato-en-defensa-propia\\\/#webpage\"},\"isPartOf\":{\"@id\":\"https:\\\/\\\/www.eldigitaldeasturias.com\\\/noticias\\\/el-acusado-de-asesinar-a-su-pareja-dice-que-la-mato-en-defensa-propia\\\/#webpage\"},\"articleSection\":\"Sucesos\"},{\"@type\":\"BreadcrumbList\",\"@id\":\"https:\\\/\\\/www.eldigitaldeasturias.com\\\/noticias\\\/el-acusado-de-asesinar-a-su-pareja-dice-que-la-mato-en-defensa-propia\\\/#breadcrumblist\",\"itemListElement\":[{\"@type\":\"ListItem\",\"@id\":\"https:\\\/\\\/www.eldigitaldeasturias.com\\\/noticias#listItem\",\"position\":1,\"name\":\"Home\",\"item\":\"https:\\\/\\\/www.eldigitaldeasturias.com\\\/noticias\",\"nextItem\":{\"@type\":\"ListItem\",\"@id\":\"https:\\\/\\\/www.eldigitaldeasturias.com\\\/noticias\\\/category\\\/sucesos\\\/#listItem\",\"name\":\"Sucesos\"}},{\"@type\":\"ListItem\",\"@id\":\"https:\\\/\\\/www.eldigitaldeasturias.com\\\/noticias\\\/category\\\/sucesos\\\/#listItem\",\"position\":2,\"name\":\"Sucesos\",\"item\":\"https:\\\/\\\/www.eldigitaldeasturias.com\\\/noticias\\\/category\\\/sucesos\\\/\",\"nextItem\":{\"@type\":\"ListItem\",\"@id\":\"https:\\\/\\\/www.eldigitaldeasturias.com\\\/noticias\\\/el-acusado-de-asesinar-a-su-pareja-dice-que-la-mato-en-defensa-propia\\\/#listItem\",\"name\":\"El acusado de asesinar a su pareja dice que la mat\\u00f3 en defensa propia\"},\"previousItem\":{\"@type\":\"ListItem\",\"@id\":\"https:\\\/\\\/www.eldigitaldeasturias.com\\\/noticias#listItem\",\"name\":\"Home\"}},{\"@type\":\"ListItem\",\"@id\":\"https:\\\/\\\/www.eldigitaldeasturias.com\\\/noticias\\\/el-acusado-de-asesinar-a-su-pareja-dice-que-la-mato-en-defensa-propia\\\/#listItem\",\"position\":3,\"name\":\"El acusado de asesinar a su pareja dice que la mat\\u00f3 en defensa propia\",\"previousItem\":{\"@type\":\"ListItem\",\"@id\":\"https:\\\/\\\/www.eldigitaldeasturias.com\\\/noticias\\\/category\\\/sucesos\\\/#listItem\",\"name\":\"Sucesos\"}}]},{\"@type\":\"Organization\",\"@id\":\"https:\\\/\\\/www.eldigitaldeasturias.com\\\/noticias\\\/#organization\",\"name\":\"El Digital de Asturias\",\"description\":\"Hemeroteca\",\"url\":\"https:\\\/\\\/www.eldigitaldeasturias.com\\\/noticias\\\/\",\"email\":\"info@eldigitaldeasturias.com\",\"telephone\":\"+34652131393\",\"logo\":{\"@type\":\"ImageObject\",\"url\":\"https:\\\/\\\/www.eldigitaldeasturias.com\\\/noticias\\\/wp-content\\\/uploads\\\/2020\\\/12\\\/EDA.jpg\",\"@id\":\"https:\\\/\\\/www.eldigitaldeasturias.com\\\/noticias\\\/el-acusado-de-asesinar-a-su-pareja-dice-que-la-mato-en-defensa-propia\\\/#organizationLogo\"},\"image\":{\"@id\":\"https:\\\/\\\/www.eldigitaldeasturias.com\\\/noticias\\\/el-acusado-de-asesinar-a-su-pareja-dice-que-la-mato-en-defensa-propia\\\/#organizationLogo\"},\"sameAs\":[\"https:\\\/\\\/facebook.com\\\/eldigitaldeasturias\",\"https:\\\/\\\/www.youtube.com\\\/channel\\\/UCZP-2wLEB9Rv6erhFmqVnvg\"],\"address\":{\"@id\":\"https:\\\/\\\/www.eldigitaldeasturias.com\\\/noticias\\\/#postaladdress\",\"@type\":\"PostalAddress\",\"streetAddress\":\"san antonio 4\",\"postalCode\":\"33430\",\"addressLocality\":\"Cand\\u00e1s\",\"addressRegion\":\"Asturias\",\"addressCountry\":\"ES\"}},{\"@type\":\"Person\",\"@id\":\"https:\\\/\\\/www.eldigitaldeasturias.com\\\/noticias\\\/author\\\/admin\\\/#author\",\"url\":\"https:\\\/\\\/www.eldigitaldeasturias.com\\\/noticias\\\/author\\\/admin\\\/\",\"name\":\"El Digital de Asturias\",\"image\":{\"@type\":\"ImageObject\",\"@id\":\"https:\\\/\\\/www.eldigitaldeasturias.com\\\/noticias\\\/el-acusado-de-asesinar-a-su-pareja-dice-que-la-mato-en-defensa-propia\\\/#authorImage\",\"url\":\"https:\\\/\\\/secure.gravatar.com\\\/avatar\\\/df2aeffc32bcd13f8d26072ef8a91b623d677766deac7f97ca815868cd41bf5e?s=96&d=mm&r=g\",\"width\":96,\"height\":96,\"caption\":\"El Digital de Asturias\"}},{\"@type\":\"WebPage\",\"@id\":\"https:\\\/\\\/www.eldigitaldeasturias.com\\\/noticias\\\/el-acusado-de-asesinar-a-su-pareja-dice-que-la-mato-en-defensa-propia\\\/#webpage\",\"url\":\"https:\\\/\\\/www.eldigitaldeasturias.com\\\/noticias\\\/el-acusado-de-asesinar-a-su-pareja-dice-que-la-mato-en-defensa-propia\\\/\",\"name\":\"El acusado de asesinar a su pareja dice que la mat\\u00f3 en defensa propia - El Digital de Asturias\",\"description\":\"Las Palmas de Gran Canaria, 9 dic (EFE).- El hombre acusado de asesinar a su pareja el 14 de abril de 2012 en Fuerteventura ha afirmado hoy ante un Jurado en la Audiencia de Las Palmas que actu\\u00f3 en defensa propia y que sent\\u00eda un \\\"miedo insuperable\\\" de la v\\u00edctima, que, asegura, le maltrataba f\\u00edsica\",\"inLanguage\":\"es-ES\",\"isPartOf\":{\"@id\":\"https:\\\/\\\/www.eldigitaldeasturias.com\\\/noticias\\\/#website\"},\"breadcrumb\":{\"@id\":\"https:\\\/\\\/www.eldigitaldeasturias.com\\\/noticias\\\/el-acusado-de-asesinar-a-su-pareja-dice-que-la-mato-en-defensa-propia\\\/#breadcrumblist\"},\"author\":{\"@id\":\"https:\\\/\\\/www.eldigitaldeasturias.com\\\/noticias\\\/author\\\/admin\\\/#author\"},\"creator\":{\"@id\":\"https:\\\/\\\/www.eldigitaldeasturias.com\\\/noticias\\\/author\\\/admin\\\/#author\"},\"image\":{\"@type\":\"ImageObject\",\"url\":459875,\"@id\":\"https:\\\/\\\/www.eldigitaldeasturias.com\\\/noticias\\\/el-acusado-de-asesinar-a-su-pareja-dice-que-la-mato-en-defensa-propia\\\/#mainImage\"},\"primaryImageOfPage\":{\"@id\":\"https:\\\/\\\/www.eldigitaldeasturias.com\\\/noticias\\\/el-acusado-de-asesinar-a-su-pareja-dice-que-la-mato-en-defensa-propia\\\/#mainImage\"},\"datePublished\":\"2013-12-09T20:21:03+01:00\",\"dateModified\":\"2013-12-09T20:21:03+01:00\"},{\"@type\":\"WebSite\",\"@id\":\"https:\\\/\\\/www.eldigitaldeasturias.com\\\/noticias\\\/#website\",\"url\":\"https:\\\/\\\/www.eldigitaldeasturias.com\\\/noticias\\\/\",\"name\":\"El Digital de Asturias - Diario de actualidad y noticias\",\"alternateName\":\"El Digital de Asturias - Diario de actualidad y noticias\",\"description\":\"Hemeroteca\",\"inLanguage\":\"es-ES\",\"publisher\":{\"@id\":\"https:\\\/\\\/www.eldigitaldeasturias.com\\\/noticias\\\/#organization\"}}]}\n\t\t<\/script>\n\t\t<!-- All in One SEO Pro -->\r\n\t\t<title>El acusado de asesinar a su pareja dice que la mat\u00f3 en defensa propia - El Digital de Asturias<\/title>\n\n","aioseo_head_json":{"title":"El acusado de asesinar a su pareja dice que la mat\u00f3 en defensa propia - El Digital de Asturias","description":"Las Palmas de Gran Canaria, 9 dic (EFE).- El hombre acusado de asesinar a su pareja el 14 de abril de 2012 en Fuerteventura ha afirmado hoy ante un Jurado en la Audiencia de Las Palmas que actu\u00f3 en defensa propia y que sent\u00eda un \"miedo insuperable\" de la v\u00edctima, que, asegura, le maltrataba f\u00edsica","canonical_url":"https:\/\/www.eldigitaldeasturias.com\/noticias\/el-acusado-de-asesinar-a-su-pareja-dice-que-la-mato-en-defensa-propia\/","robots":"max-image-preview:large","keywords":"sucesos","webmasterTools":{"google-site-verification":"UA-38556648-1","msvalidate.01":"7dfe9f3f1b24437ab69f4f2559babe99","miscellaneous":""},"schema":{"@context":"https:\/\/schema.org","@graph":[{"@type":"BlogPosting","@id":"https:\/\/www.eldigitaldeasturias.com\/noticias\/el-acusado-de-asesinar-a-su-pareja-dice-que-la-mato-en-defensa-propia\/#blogposting","name":"El acusado de asesinar a su pareja dice que la mat\u00f3 en defensa propia - El Digital de Asturias","headline":"El acusado de asesinar a su pareja dice que la mat\u00f3 en defensa propia","author":{"@id":"https:\/\/www.eldigitaldeasturias.com\/noticias\/author\/admin\/#author"},"publisher":{"@id":"https:\/\/www.eldigitaldeasturias.com\/noticias\/#organization"},"image":{"@type":"ImageObject","url":459875},"datePublished":"2013-12-09T20:21:03+01:00","dateModified":"2013-12-09T20:21:03+01:00","inLanguage":"es-ES","mainEntityOfPage":{"@id":"https:\/\/www.eldigitaldeasturias.com\/noticias\/el-acusado-de-asesinar-a-su-pareja-dice-que-la-mato-en-defensa-propia\/#webpage"},"isPartOf":{"@id":"https:\/\/www.eldigitaldeasturias.com\/noticias\/el-acusado-de-asesinar-a-su-pareja-dice-que-la-mato-en-defensa-propia\/#webpage"},"articleSection":"Sucesos"},{"@type":"BreadcrumbList","@id":"https:\/\/www.eldigitaldeasturias.com\/noticias\/el-acusado-de-asesinar-a-su-pareja-dice-que-la-mato-en-defensa-propia\/#breadcrumblist","itemListElement":[{"@type":"ListItem","@id":"https:\/\/www.eldigitaldeasturias.com\/noticias#listItem","position":1,"name":"Home","item":"https:\/\/www.eldigitaldeasturias.com\/noticias","nextItem":{"@type":"ListItem","@id":"https:\/\/www.eldigitaldeasturias.com\/noticias\/category\/sucesos\/#listItem","name":"Sucesos"}},{"@type":"ListItem","@id":"https:\/\/www.eldigitaldeasturias.com\/noticias\/category\/sucesos\/#listItem","position":2,"name":"Sucesos","item":"https:\/\/www.eldigitaldeasturias.com\/noticias\/category\/sucesos\/","nextItem":{"@type":"ListItem","@id":"https:\/\/www.eldigitaldeasturias.com\/noticias\/el-acusado-de-asesinar-a-su-pareja-dice-que-la-mato-en-defensa-propia\/#listItem","name":"El acusado de asesinar a su pareja dice que la mat\u00f3 en defensa propia"},"previousItem":{"@type":"ListItem","@id":"https:\/\/www.eldigitaldeasturias.com\/noticias#listItem","name":"Home"}},{"@type":"ListItem","@id":"https:\/\/www.eldigitaldeasturias.com\/noticias\/el-acusado-de-asesinar-a-su-pareja-dice-que-la-mato-en-defensa-propia\/#listItem","position":3,"name":"El acusado de asesinar a su pareja dice que la mat\u00f3 en defensa propia","previousItem":{"@type":"ListItem","@id":"https:\/\/www.eldigitaldeasturias.com\/noticias\/category\/sucesos\/#listItem","name":"Sucesos"}}]},{"@type":"Organization","@id":"https:\/\/www.eldigitaldeasturias.com\/noticias\/#organization","name":"El Digital de Asturias","description":"Hemeroteca","url":"https:\/\/www.eldigitaldeasturias.com\/noticias\/","email":"info@eldigitaldeasturias.com","telephone":"+34652131393","logo":{"@type":"ImageObject","url":"https:\/\/www.eldigitaldeasturias.com\/noticias\/wp-content\/uploads\/2020\/12\/EDA.jpg","@id":"https:\/\/www.eldigitaldeasturias.com\/noticias\/el-acusado-de-asesinar-a-su-pareja-dice-que-la-mato-en-defensa-propia\/#organizationLogo"},"image":{"@id":"https:\/\/www.eldigitaldeasturias.com\/noticias\/el-acusado-de-asesinar-a-su-pareja-dice-que-la-mato-en-defensa-propia\/#organizationLogo"},"sameAs":["https:\/\/facebook.com\/eldigitaldeasturias","https:\/\/www.youtube.com\/channel\/UCZP-2wLEB9Rv6erhFmqVnvg"],"address":{"@id":"https:\/\/www.eldigitaldeasturias.com\/noticias\/#postaladdress","@type":"PostalAddress","streetAddress":"san antonio 4","postalCode":"33430","addressLocality":"Cand\u00e1s","addressRegion":"Asturias","addressCountry":"ES"}},{"@type":"Person","@id":"https:\/\/www.eldigitaldeasturias.com\/noticias\/author\/admin\/#author","url":"https:\/\/www.eldigitaldeasturias.com\/noticias\/author\/admin\/","name":"El Digital de Asturias","image":{"@type":"ImageObject","@id":"https:\/\/www.eldigitaldeasturias.com\/noticias\/el-acusado-de-asesinar-a-su-pareja-dice-que-la-mato-en-defensa-propia\/#authorImage","url":"https:\/\/secure.gravatar.com\/avatar\/df2aeffc32bcd13f8d26072ef8a91b623d677766deac7f97ca815868cd41bf5e?s=96&d=mm&r=g","width":96,"height":96,"caption":"El Digital de Asturias"}},{"@type":"WebPage","@id":"https:\/\/www.eldigitaldeasturias.com\/noticias\/el-acusado-de-asesinar-a-su-pareja-dice-que-la-mato-en-defensa-propia\/#webpage","url":"https:\/\/www.eldigitaldeasturias.com\/noticias\/el-acusado-de-asesinar-a-su-pareja-dice-que-la-mato-en-defensa-propia\/","name":"El acusado de asesinar a su pareja dice que la mat\u00f3 en defensa propia - El Digital de Asturias","description":"Las Palmas de Gran Canaria, 9 dic (EFE).- El hombre acusado de asesinar a su pareja el 14 de abril de 2012 en Fuerteventura ha afirmado hoy ante un Jurado en la Audiencia de Las Palmas que actu\u00f3 en defensa propia y que sent\u00eda un \"miedo insuperable\" de la v\u00edctima, que, asegura, le maltrataba f\u00edsica","inLanguage":"es-ES","isPartOf":{"@id":"https:\/\/www.eldigitaldeasturias.com\/noticias\/#website"},"breadcrumb":{"@id":"https:\/\/www.eldigitaldeasturias.com\/noticias\/el-acusado-de-asesinar-a-su-pareja-dice-que-la-mato-en-defensa-propia\/#breadcrumblist"},"author":{"@id":"https:\/\/www.eldigitaldeasturias.com\/noticias\/author\/admin\/#author"},"creator":{"@id":"https:\/\/www.eldigitaldeasturias.com\/noticias\/author\/admin\/#author"},"image":{"@type":"ImageObject","url":459875,"@id":"https:\/\/www.eldigitaldeasturias.com\/noticias\/el-acusado-de-asesinar-a-su-pareja-dice-que-la-mato-en-defensa-propia\/#mainImage"},"primaryImageOfPage":{"@id":"https:\/\/www.eldigitaldeasturias.com\/noticias\/el-acusado-de-asesinar-a-su-pareja-dice-que-la-mato-en-defensa-propia\/#mainImage"},"datePublished":"2013-12-09T20:21:03+01:00","dateModified":"2013-12-09T20:21:03+01:00"},{"@type":"WebSite","@id":"https:\/\/www.eldigitaldeasturias.com\/noticias\/#website","url":"https:\/\/www.eldigitaldeasturias.com\/noticias\/","name":"El Digital de Asturias - Diario de actualidad y noticias","alternateName":"El Digital de Asturias - Diario de actualidad y noticias","description":"Hemeroteca","inLanguage":"es-ES","publisher":{"@id":"https:\/\/www.eldigitaldeasturias.com\/noticias\/#organization"}}]},"og:locale":"es_ES","og:site_name":"El Digital de Asturias","og:type":"article","og:title":"El acusado de asesinar a su pareja dice que la mat\u00f3 en defensa propia - El Digital de Asturias","og:description":"Las Palmas de Gran Canaria, 9 dic (EFE).- El hombre acusado de asesinar a su pareja el 14 de abril de 2012 en Fuerteventura ha afirmado hoy ante un Jurado en la Audiencia de Las Palmas que actu\u00f3 en defensa propia y que sent\u00eda un &quot;miedo insuperable&quot; de la v\u00edctima, que, asegura, le maltrataba f\u00edsica","og:url":"https:\/\/www.eldigitaldeasturias.com\/noticias\/el-acusado-de-asesinar-a-su-pareja-dice-que-la-mato-en-defensa-propia\/","article:tag":["sucesos"],"article:published_time":"2013-12-09T21:21:03+00:00","article:modified_time":"2013-12-09T21:21:03+00:00","article:publisher":"https:\/\/facebook.com\/eldigitaldeasturias","twitter:card":"summary_large_image","twitter:title":"El acusado de asesinar a su pareja dice que la mat\u00f3 en defensa propia - El Digital de Asturias","twitter:description":"Las Palmas de Gran Canaria, 9 dic (EFE).- El hombre acusado de asesinar a su pareja el 14 de abril de 2012 en Fuerteventura ha afirmado hoy ante un Jurado en la Audiencia de Las Palmas que actu\u00f3 en defensa propia y que sent\u00eda un &quot;miedo insuperable&quot; de la v\u00edctima, que, asegura, le maltrataba f\u00edsica","twitter:label1":"Escrito por","twitter:data1":"El Digital de Asturias","twitter:label2":"Tiempo de lectura estimado","twitter:data2":"3 minutos"},"aioseo_meta_data":{"post_id":"459874","title":null,"description":null,"keywords":null,"keyphrases":null,"primary_term":null,"canonical_url":null,"og_title":null,"og_description":null,"og_object_type":"default","og_image_type":"default","og_image_url":null,"og_image_width":null,"og_image_height":null,"og_image_custom_url":null,"og_image_custom_fields":null,"og_video":null,"og_custom_url":null,"og_article_section":null,"og_article_tags":null,"twitter_use_og":true,"twitter_card":"default","twitter_image_type":"default","twitter_image_url":null,"twitter_image_custom_url":null,"twitter_image_custom_fields":null,"twitter_title":null,"twitter_description":null,"schema":{"blockGraphs":[],"customGraphs":[],"default":{"data":{"Article":[],"Course":[],"Dataset":[],"FAQPage":[],"Movie":[],"Person":[],"Product":[],"ProductReview":[],"Car":[],"Recipe":[],"Service":[],"SoftwareApplication":[],"WebPage":[]},"graphName":"","isEnabled":true},"graphs":[]},"schema_type":null,"schema_type_options":null,"pillar_content":false,"robots_default":true,"robots_noindex":false,"robots_noarchive":false,"robots_nosnippet":false,"robots_nofollow":false,"robots_noimageindex":false,"robots_noodp":false,"robots_notranslate":false,"robots_max_snippet":null,"robots_max_videopreview":null,"robots_max_imagepreview":"none","priority":null,"frequency":null,"local_seo":null,"seo_analyzer_scan_date":"2026-05-30 10:56:07","breadcrumb_settings":null,"limit_modified_date":false,"open_ai":null,"ai":null,"created":"2020-11-14 22:47:40","updated":"2026-05-30 10:56:07","focus_keyword":null,"additional_keywords":null,"truseo_locale":null},"aioseo_breadcrumb":"<div class=\"aioseo-breadcrumbs\"><span class=\"aioseo-breadcrumb\">\n\t<a href=\"https:\/\/www.eldigitaldeasturias.com\/noticias\" title=\"Home\">Home<\/a>\n<\/span><span class=\"aioseo-breadcrumb-separator\">\u2013<\/span><span class=\"aioseo-breadcrumb\">\n\t<a href=\"https:\/\/www.eldigitaldeasturias.com\/noticias\/category\/sucesos\/\" title=\"Sucesos\">Sucesos<\/a>\n<\/span><span class=\"aioseo-breadcrumb-separator\">\u2013<\/span><span class=\"aioseo-breadcrumb\">\n\t<a href=\"https:\/\/www.eldigitaldeasturias.com\/noticias\/el-acusado-de-asesinar-a-su-pareja-dice-que-la-mato-en-defensa-propia\/\" title=\"El acusado de asesinar a su pareja dice que la mat\u00f3 en defensa propia\">El acusado de asesinar a su pareja dice que la mat\u00f3 en defensa propia<\/a>\n<\/span><\/div>","aioseo_breadcrumb_json":[{"label":"Home","link":"https:\/\/www.eldigitaldeasturias.com\/noticias"},{"label":"Sucesos","link":"https:\/\/www.eldigitaldeasturias.com\/noticias\/category\/sucesos\/"},{"label":"El acusado de asesinar a su pareja dice que la mat\u00f3 en defensa propia","link":"https:\/\/www.eldigitaldeasturias.com\/noticias\/el-acusado-de-asesinar-a-su-pareja-dice-que-la-mato-en-defensa-propia\/"}],"_links":{"self":[{"href":"https:\/\/www.eldigitaldeasturias.com\/noticias\/wp-json\/wp\/v2\/posts\/459874","targetHints":{"allow":["GET"]}}],"collection":[{"href":"https:\/\/www.eldigitaldeasturias.com\/noticias\/wp-json\/wp\/v2\/posts"}],"about":[{"href":"https:\/\/www.eldigitaldeasturias.com\/noticias\/wp-json\/wp\/v2\/types\/post"}],"author":[{"embeddable":true,"href":"https:\/\/www.eldigitaldeasturias.com\/noticias\/wp-json\/wp\/v2\/users\/1"}],"replies":[{"embeddable":true,"href":"https:\/\/www.eldigitaldeasturias.com\/noticias\/wp-json\/wp\/v2\/comments?post=459874"}],"version-history":[{"count":0,"href":"https:\/\/www.eldigitaldeasturias.com\/noticias\/wp-json\/wp\/v2\/posts\/459874\/revisions"}],"wp:attachment":[{"href":"https:\/\/www.eldigitaldeasturias.com\/noticias\/wp-json\/wp\/v2\/media?parent=459874"}],"wp:term":[{"taxonomy":"category","embeddable":true,"href":"https:\/\/www.eldigitaldeasturias.com\/noticias\/wp-json\/wp\/v2\/categories?post=459874"},{"taxonomy":"post_tag","embeddable":true,"href":"https:\/\/www.eldigitaldeasturias.com\/noticias\/wp-json\/wp\/v2\/tags?post=459874"}],"curies":[{"name":"wp","href":"https:\/\/api.w.org\/{rel}","templated":true}]}}