{"id":459868,"date":"2013-12-09T20:14:04","date_gmt":"2013-12-09T21:14:04","guid":{"rendered":"http:\/\/www.eldigitaldeasturias.com\/noticias\/?p=459868"},"modified":"2013-12-09T20:14:04","modified_gmt":"2013-12-09T21:14:04","slug":"la-mossa-imputada-en-el-caso-raval-temio-que-las-fotos-fueran-usadas-en-la-red","status":"publish","type":"post","link":"https:\/\/www.eldigitaldeasturias.com\/noticias\/la-mossa-imputada-en-el-caso-raval-temio-que-las-fotos-fueran-usadas-en-la-red\/","title":{"rendered":"La mossa imputada en el caso Raval temi\u00f3 que las fotos fueran usadas en la red"},"content":{"rendered":"<p><img loading=\"lazy\" decoding=\"async\" class=\"alignleft size-medium wp-image-459869\" alt=\"5781930w\" src=\"https:\/\/www.eldigitaldeasturias.com\/noticias\/wp-content\/uploads\/2013\/12\/5781930w-261x320.jpg\" width=\"261\" height=\"320\" \/>Barcelona, 9 dic (EFE).- La mossa d&#8217;esquadra imputada por requerir a una vecina si hab\u00eda grabado escenas de la reducci\u00f3n del empresario Juan Andr\u00e9s Ben\u00edtez en el Raval ha justificado hoy que lo hizo por temor a que las im\u00e1genes fueran difundidas despu\u00e9s por internet y utilizadas por grupos antisistema.<\/p>\n<p>Seg\u00fan han explicado fuentes judiciales, la d\u00e9cima agente imputada por el caso ha declarado hoy ante la titular del juzgado de instrucci\u00f3n n\u00famero 20 de Barcelona, que investiga la muerte del empresario tras ser reducido por los Mossos d&#8217;Esquadra en el barrio barcelon\u00e9s del Raval a principios de octubre.<\/p>\n<p>La agente fue imputada por delitos de coacciones y obstrucci\u00f3n a la justicia despu\u00e9s de que una vecina explicara a la juez que una mossa hab\u00eda subido al rellano de su casa y le hab\u00eda preguntado si hab\u00eda grabado im\u00e1genes de la reducci\u00f3n, ante lo que la testigo reaccion\u00f3 borr\u00e1ndolas voluntariamente, sin que la polic\u00eda planteara objeci\u00f3n alguna.<\/p>\n<p>En su declaraci\u00f3n de hoy, la agente ha dicho que subi\u00f3 al rellano donde viv\u00eda la testigo para averiguar qui\u00e9n estaba tirando objetos a la polic\u00eda desde los balcones, dado que ella misma hab\u00eda recibido el impacto de un elemento \u00abpeque\u00f1o\u00bb que no ha precisado, por lo que llam\u00f3 a los timbres del portal.<\/p>\n<p>Cuando sub\u00eda las escaleras del edificio, ha a\u00f1adido, vio salir de su casa a una vecina con un m\u00f3vil en la mano y, sin preguntarle en ning\u00fan momento por los objetos que sostiene que se estaban lanzando desde los balcones, le requiri\u00f3 si hab\u00eda grabado im\u00e1genes de la intervenci\u00f3n policial que la testigo se dispuso a borrar inmediatamente.<\/p>\n<p>La imputada, que se dirigi\u00f3 a la testigo desde unos escalones m\u00e1s abajo de su rellano, ha afirmado que esa fue su \u00fanica intervenci\u00f3n en relaci\u00f3n con los vecinos del edificio y ha precisado que se march\u00f3 sin preguntar a nadie m\u00e1s si hab\u00edan grabado im\u00e1genes o si hab\u00edan arrojado objetos a los agentes.<\/p>\n<p>Hoy ha declarado tambi\u00e9n ante la juez instructora una enfermera de una de las ambulancias del Sistema de Emergencias M\u00e9dicas (SEM) que intent\u00f3 reanimar al empresario, despu\u00e9s de que sufriera un paro card\u00edaco tras ser reducido.<\/p>\n<p>La enfermera ha explicado que el hombre ten\u00eda la cara llena de sangre -\u00abfresca\u00bb, ha precisado-, hasta tal punto de que los contornos de sus facciones resultaban irreconocibles.<\/p>\n<p>La alusi\u00f3n a la sangre \u00abfresca\u00bb es relevante para la acusaci\u00f3n ejercida por la familia del empresario -representada por el abogado David Aineto-, dado que reforzar\u00eda su hip\u00f3tesis de que los golpes que Ben\u00edtez presentaba en el cr\u00e1neo se los hab\u00edan causado los mossos y no el vecino con el que un rato antes se hab\u00eda peleado en plena calle.<\/p>\n","protected":false},"excerpt":{"rendered":"<p>Barcelona, 9 dic (EFE).- La mossa d&#8217;esquadra imputada por requerir a una vecina si hab\u00eda grabado escenas de la reducci\u00f3n del empresario Juan Andr\u00e9s Ben\u00edtez en el Raval ha justificado hoy que lo hizo por temor a que las im\u00e1genes fueran difundidas despu\u00e9s por internet y utilizadas por grupos antisistema. Seg\u00fan han explicado fuentes judiciales, [&hellip;]<\/p>\n","protected":false},"author":1,"featured_media":459869,"comment_status":"closed","ping_status":"open","sticky":false,"template":"","format":"standard","meta":{"footnotes":""},"categories":[5],"tags":[],"class_list":["post-459868","post","type-post","status-publish","format-standard","has-post-thumbnail","hentry","category-sucesos"],"aioseo_notices":[],"aioseo_head":"\n\t\t<!-- All in One SEO Pro 5.0.1 - aioseo.com -->\n\t<meta name=\"description\" content=\"Barcelona, 9 dic (EFE).- La mossa d&#039;esquadra imputada por requerir a una vecina si hab\u00eda grabado escenas de la reducci\u00f3n del empresario Juan Andr\u00e9s Ben\u00edtez en el Raval ha justificado hoy que lo hizo por temor a que las im\u00e1genes fueran difundidas despu\u00e9s por internet y utilizadas por grupos antisistema. Seg\u00fan han explicado fuentes judiciales,\" \/>\n\t<meta name=\"robots\" content=\"max-image-preview:large\" \/>\n\t<meta name=\"author\" content=\"El Digital de Asturias\"\/>\n\t<meta name=\"google-site-verification\" content=\"UA-38556648-1\" \/>\n\t<meta name=\"msvalidate.01\" content=\"7dfe9f3f1b24437ab69f4f2559babe99\" \/>\n\t<meta name=\"keywords\" content=\"sucesos\" \/>\n\t<link rel=\"canonical\" href=\"https:\/\/www.eldigitaldeasturias.com\/noticias\/la-mossa-imputada-en-el-caso-raval-temio-que-las-fotos-fueran-usadas-en-la-red\/\" \/>\n\t<meta name=\"generator\" content=\"All in One SEO Pro (AIOSEO) 5.0.1\" \/>\n\t\t<meta property=\"og:locale\" content=\"es_ES\" \/>\n\t\t<meta property=\"og:site_name\" content=\"El Digital de Asturias\" \/>\n\t\t<meta property=\"og:type\" content=\"article\" \/>\n\t\t<meta property=\"og:title\" content=\"La mossa imputada en el caso Raval temi\u00f3 que las fotos fueran usadas en la red - El Digital de Asturias\" \/>\n\t\t<meta property=\"og:description\" content=\"Barcelona, 9 dic (EFE).- La mossa d&#039;esquadra imputada por requerir a una vecina si hab\u00eda grabado escenas de la reducci\u00f3n del empresario Juan Andr\u00e9s Ben\u00edtez en el Raval ha justificado hoy que lo hizo por temor a que las im\u00e1genes fueran difundidas despu\u00e9s por internet y utilizadas por grupos antisistema. Seg\u00fan han explicado fuentes judiciales,\" \/>\n\t\t<meta property=\"og:url\" content=\"https:\/\/www.eldigitaldeasturias.com\/noticias\/la-mossa-imputada-en-el-caso-raval-temio-que-las-fotos-fueran-usadas-en-la-red\/\" \/>\n\t\t<meta property=\"article:tag\" content=\"sucesos\" \/>\n\t\t<meta property=\"article:published_time\" content=\"2013-12-09T21:14:04+00:00\" \/>\n\t\t<meta property=\"article:modified_time\" content=\"2013-12-09T21:14:04+00:00\" \/>\n\t\t<meta property=\"article:publisher\" content=\"https:\/\/facebook.com\/eldigitaldeasturias\" \/>\n\t\t<meta name=\"twitter:card\" content=\"summary_large_image\" \/>\n\t\t<meta name=\"twitter:title\" content=\"La mossa imputada en el caso Raval temi\u00f3 que las fotos fueran usadas en la red - El Digital de Asturias\" \/>\n\t\t<meta name=\"twitter:description\" content=\"Barcelona, 9 dic (EFE).- La mossa d&#039;esquadra imputada por requerir a una vecina si hab\u00eda grabado escenas de la reducci\u00f3n del empresario Juan Andr\u00e9s Ben\u00edtez en el Raval ha justificado hoy que lo hizo por temor a que las im\u00e1genes fueran difundidas despu\u00e9s por internet y utilizadas por grupos antisistema. Seg\u00fan han explicado fuentes judiciales,\" \/>\n\t\t<meta name=\"twitter:label1\" content=\"Escrito por\" \/>\n\t\t<meta name=\"twitter:data1\" content=\"El Digital de Asturias\" \/>\n\t\t<meta name=\"twitter:label2\" content=\"Tiempo de lectura estimado\" \/>\n\t\t<meta name=\"twitter:data2\" content=\"3 minutos\" \/>\n\t\t<script type=\"application\/ld+json\" class=\"aioseo-schema\">\n\t\t\t{\"@context\":\"https:\\\/\\\/schema.org\",\"@graph\":[{\"@type\":\"BlogPosting\",\"@id\":\"https:\\\/\\\/www.eldigitaldeasturias.com\\\/noticias\\\/la-mossa-imputada-en-el-caso-raval-temio-que-las-fotos-fueran-usadas-en-la-red\\\/#blogposting\",\"name\":\"La mossa imputada en el caso Raval temi\\u00f3 que las fotos fueran usadas en la red - El Digital de Asturias\",\"headline\":\"La mossa imputada en el caso Raval temi\\u00f3 que las fotos fueran usadas en la red\",\"author\":{\"@id\":\"https:\\\/\\\/www.eldigitaldeasturias.com\\\/noticias\\\/author\\\/admin\\\/#author\"},\"publisher\":{\"@id\":\"https:\\\/\\\/www.eldigitaldeasturias.com\\\/noticias\\\/#organization\"},\"image\":{\"@type\":\"ImageObject\",\"url\":459869},\"datePublished\":\"2013-12-09T20:14:04+01:00\",\"dateModified\":\"2013-12-09T20:14:04+01:00\",\"inLanguage\":\"es-ES\",\"mainEntityOfPage\":{\"@id\":\"https:\\\/\\\/www.eldigitaldeasturias.com\\\/noticias\\\/la-mossa-imputada-en-el-caso-raval-temio-que-las-fotos-fueran-usadas-en-la-red\\\/#webpage\"},\"isPartOf\":{\"@id\":\"https:\\\/\\\/www.eldigitaldeasturias.com\\\/noticias\\\/la-mossa-imputada-en-el-caso-raval-temio-que-las-fotos-fueran-usadas-en-la-red\\\/#webpage\"},\"articleSection\":\"Sucesos\"},{\"@type\":\"BreadcrumbList\",\"@id\":\"https:\\\/\\\/www.eldigitaldeasturias.com\\\/noticias\\\/la-mossa-imputada-en-el-caso-raval-temio-que-las-fotos-fueran-usadas-en-la-red\\\/#breadcrumblist\",\"itemListElement\":[{\"@type\":\"ListItem\",\"@id\":\"https:\\\/\\\/www.eldigitaldeasturias.com\\\/noticias#listItem\",\"position\":1,\"name\":\"Home\",\"item\":\"https:\\\/\\\/www.eldigitaldeasturias.com\\\/noticias\",\"nextItem\":{\"@type\":\"ListItem\",\"@id\":\"https:\\\/\\\/www.eldigitaldeasturias.com\\\/noticias\\\/category\\\/sucesos\\\/#listItem\",\"name\":\"Sucesos\"}},{\"@type\":\"ListItem\",\"@id\":\"https:\\\/\\\/www.eldigitaldeasturias.com\\\/noticias\\\/category\\\/sucesos\\\/#listItem\",\"position\":2,\"name\":\"Sucesos\",\"item\":\"https:\\\/\\\/www.eldigitaldeasturias.com\\\/noticias\\\/category\\\/sucesos\\\/\",\"nextItem\":{\"@type\":\"ListItem\",\"@id\":\"https:\\\/\\\/www.eldigitaldeasturias.com\\\/noticias\\\/la-mossa-imputada-en-el-caso-raval-temio-que-las-fotos-fueran-usadas-en-la-red\\\/#listItem\",\"name\":\"La mossa imputada en el caso Raval temi\\u00f3 que las fotos fueran usadas en la red\"},\"previousItem\":{\"@type\":\"ListItem\",\"@id\":\"https:\\\/\\\/www.eldigitaldeasturias.com\\\/noticias#listItem\",\"name\":\"Home\"}},{\"@type\":\"ListItem\",\"@id\":\"https:\\\/\\\/www.eldigitaldeasturias.com\\\/noticias\\\/la-mossa-imputada-en-el-caso-raval-temio-que-las-fotos-fueran-usadas-en-la-red\\\/#listItem\",\"position\":3,\"name\":\"La mossa imputada en el caso Raval temi\\u00f3 que las fotos fueran usadas en la red\",\"previousItem\":{\"@type\":\"ListItem\",\"@id\":\"https:\\\/\\\/www.eldigitaldeasturias.com\\\/noticias\\\/category\\\/sucesos\\\/#listItem\",\"name\":\"Sucesos\"}}]},{\"@type\":\"Organization\",\"@id\":\"https:\\\/\\\/www.eldigitaldeasturias.com\\\/noticias\\\/#organization\",\"name\":\"El Digital de Asturias\",\"description\":\"Hemeroteca\",\"url\":\"https:\\\/\\\/www.eldigitaldeasturias.com\\\/noticias\\\/\",\"email\":\"info@eldigitaldeasturias.com\",\"telephone\":\"+34652131393\",\"logo\":{\"@type\":\"ImageObject\",\"url\":\"https:\\\/\\\/www.eldigitaldeasturias.com\\\/noticias\\\/wp-content\\\/uploads\\\/2020\\\/12\\\/EDA.jpg\",\"@id\":\"https:\\\/\\\/www.eldigitaldeasturias.com\\\/noticias\\\/la-mossa-imputada-en-el-caso-raval-temio-que-las-fotos-fueran-usadas-en-la-red\\\/#organizationLogo\"},\"image\":{\"@id\":\"https:\\\/\\\/www.eldigitaldeasturias.com\\\/noticias\\\/la-mossa-imputada-en-el-caso-raval-temio-que-las-fotos-fueran-usadas-en-la-red\\\/#organizationLogo\"},\"sameAs\":[\"https:\\\/\\\/facebook.com\\\/eldigitaldeasturias\",\"https:\\\/\\\/www.youtube.com\\\/channel\\\/UCZP-2wLEB9Rv6erhFmqVnvg\"],\"address\":{\"@id\":\"https:\\\/\\\/www.eldigitaldeasturias.com\\\/noticias\\\/#postaladdress\",\"@type\":\"PostalAddress\",\"streetAddress\":\"san antonio 4\",\"postalCode\":\"33430\",\"addressLocality\":\"Cand\\u00e1s\",\"addressRegion\":\"Asturias\",\"addressCountry\":\"ES\"}},{\"@type\":\"Person\",\"@id\":\"https:\\\/\\\/www.eldigitaldeasturias.com\\\/noticias\\\/author\\\/admin\\\/#author\",\"url\":\"https:\\\/\\\/www.eldigitaldeasturias.com\\\/noticias\\\/author\\\/admin\\\/\",\"name\":\"El Digital de Asturias\",\"image\":{\"@type\":\"ImageObject\",\"@id\":\"https:\\\/\\\/www.eldigitaldeasturias.com\\\/noticias\\\/la-mossa-imputada-en-el-caso-raval-temio-que-las-fotos-fueran-usadas-en-la-red\\\/#authorImage\",\"url\":\"https:\\\/\\\/secure.gravatar.com\\\/avatar\\\/df2aeffc32bcd13f8d26072ef8a91b623d677766deac7f97ca815868cd41bf5e?s=96&d=mm&r=g\",\"width\":96,\"height\":96,\"caption\":\"El Digital de Asturias\"}},{\"@type\":\"WebPage\",\"@id\":\"https:\\\/\\\/www.eldigitaldeasturias.com\\\/noticias\\\/la-mossa-imputada-en-el-caso-raval-temio-que-las-fotos-fueran-usadas-en-la-red\\\/#webpage\",\"url\":\"https:\\\/\\\/www.eldigitaldeasturias.com\\\/noticias\\\/la-mossa-imputada-en-el-caso-raval-temio-que-las-fotos-fueran-usadas-en-la-red\\\/\",\"name\":\"La mossa imputada en el caso Raval temi\\u00f3 que las fotos fueran usadas en la red - El Digital de Asturias\",\"description\":\"Barcelona, 9 dic (EFE).- La mossa d'esquadra imputada por requerir a una vecina si hab\\u00eda grabado escenas de la reducci\\u00f3n del empresario Juan Andr\\u00e9s Ben\\u00edtez en el Raval ha justificado hoy que lo hizo por temor a que las im\\u00e1genes fueran difundidas despu\\u00e9s por internet y utilizadas por grupos antisistema. Seg\\u00fan han explicado fuentes judiciales,\",\"inLanguage\":\"es-ES\",\"isPartOf\":{\"@id\":\"https:\\\/\\\/www.eldigitaldeasturias.com\\\/noticias\\\/#website\"},\"breadcrumb\":{\"@id\":\"https:\\\/\\\/www.eldigitaldeasturias.com\\\/noticias\\\/la-mossa-imputada-en-el-caso-raval-temio-que-las-fotos-fueran-usadas-en-la-red\\\/#breadcrumblist\"},\"author\":{\"@id\":\"https:\\\/\\\/www.eldigitaldeasturias.com\\\/noticias\\\/author\\\/admin\\\/#author\"},\"creator\":{\"@id\":\"https:\\\/\\\/www.eldigitaldeasturias.com\\\/noticias\\\/author\\\/admin\\\/#author\"},\"image\":{\"@type\":\"ImageObject\",\"url\":459869,\"@id\":\"https:\\\/\\\/www.eldigitaldeasturias.com\\\/noticias\\\/la-mossa-imputada-en-el-caso-raval-temio-que-las-fotos-fueran-usadas-en-la-red\\\/#mainImage\"},\"primaryImageOfPage\":{\"@id\":\"https:\\\/\\\/www.eldigitaldeasturias.com\\\/noticias\\\/la-mossa-imputada-en-el-caso-raval-temio-que-las-fotos-fueran-usadas-en-la-red\\\/#mainImage\"},\"datePublished\":\"2013-12-09T20:14:04+01:00\",\"dateModified\":\"2013-12-09T20:14:04+01:00\"},{\"@type\":\"WebSite\",\"@id\":\"https:\\\/\\\/www.eldigitaldeasturias.com\\\/noticias\\\/#website\",\"url\":\"https:\\\/\\\/www.eldigitaldeasturias.com\\\/noticias\\\/\",\"name\":\"El Digital de Asturias - Diario de actualidad y noticias\",\"alternateName\":\"El Digital de Asturias - Diario de actualidad y noticias\",\"description\":\"Hemeroteca\",\"inLanguage\":\"es-ES\",\"publisher\":{\"@id\":\"https:\\\/\\\/www.eldigitaldeasturias.com\\\/noticias\\\/#organization\"}}]}\n\t\t<\/script>\n\t\t<!-- All in One SEO Pro -->\r\n\t\t<title>La mossa imputada en el caso Raval temi\u00f3 que las fotos fueran usadas en la red - El Digital de Asturias<\/title>\n\n","aioseo_head_json":{"title":"La mossa imputada en el caso Raval temi\u00f3 que las fotos fueran usadas en la red - El Digital de Asturias","description":"Barcelona, 9 dic (EFE).- La mossa d'esquadra imputada por requerir a una vecina si hab\u00eda grabado escenas de la reducci\u00f3n del empresario Juan Andr\u00e9s Ben\u00edtez en el Raval ha justificado hoy que lo hizo por temor a que las im\u00e1genes fueran difundidas despu\u00e9s por internet y utilizadas por grupos antisistema. Seg\u00fan han explicado fuentes judiciales,","canonical_url":"https:\/\/www.eldigitaldeasturias.com\/noticias\/la-mossa-imputada-en-el-caso-raval-temio-que-las-fotos-fueran-usadas-en-la-red\/","robots":"max-image-preview:large","keywords":"sucesos","webmasterTools":{"google-site-verification":"UA-38556648-1","msvalidate.01":"7dfe9f3f1b24437ab69f4f2559babe99","miscellaneous":""},"schema":{"@context":"https:\/\/schema.org","@graph":[{"@type":"BlogPosting","@id":"https:\/\/www.eldigitaldeasturias.com\/noticias\/la-mossa-imputada-en-el-caso-raval-temio-que-las-fotos-fueran-usadas-en-la-red\/#blogposting","name":"La mossa imputada en el caso Raval temi\u00f3 que las fotos fueran usadas en la red - El Digital de Asturias","headline":"La mossa imputada en el caso Raval temi\u00f3 que las fotos fueran usadas en la red","author":{"@id":"https:\/\/www.eldigitaldeasturias.com\/noticias\/author\/admin\/#author"},"publisher":{"@id":"https:\/\/www.eldigitaldeasturias.com\/noticias\/#organization"},"image":{"@type":"ImageObject","url":459869},"datePublished":"2013-12-09T20:14:04+01:00","dateModified":"2013-12-09T20:14:04+01:00","inLanguage":"es-ES","mainEntityOfPage":{"@id":"https:\/\/www.eldigitaldeasturias.com\/noticias\/la-mossa-imputada-en-el-caso-raval-temio-que-las-fotos-fueran-usadas-en-la-red\/#webpage"},"isPartOf":{"@id":"https:\/\/www.eldigitaldeasturias.com\/noticias\/la-mossa-imputada-en-el-caso-raval-temio-que-las-fotos-fueran-usadas-en-la-red\/#webpage"},"articleSection":"Sucesos"},{"@type":"BreadcrumbList","@id":"https:\/\/www.eldigitaldeasturias.com\/noticias\/la-mossa-imputada-en-el-caso-raval-temio-que-las-fotos-fueran-usadas-en-la-red\/#breadcrumblist","itemListElement":[{"@type":"ListItem","@id":"https:\/\/www.eldigitaldeasturias.com\/noticias#listItem","position":1,"name":"Home","item":"https:\/\/www.eldigitaldeasturias.com\/noticias","nextItem":{"@type":"ListItem","@id":"https:\/\/www.eldigitaldeasturias.com\/noticias\/category\/sucesos\/#listItem","name":"Sucesos"}},{"@type":"ListItem","@id":"https:\/\/www.eldigitaldeasturias.com\/noticias\/category\/sucesos\/#listItem","position":2,"name":"Sucesos","item":"https:\/\/www.eldigitaldeasturias.com\/noticias\/category\/sucesos\/","nextItem":{"@type":"ListItem","@id":"https:\/\/www.eldigitaldeasturias.com\/noticias\/la-mossa-imputada-en-el-caso-raval-temio-que-las-fotos-fueran-usadas-en-la-red\/#listItem","name":"La mossa imputada en el caso Raval temi\u00f3 que las fotos fueran usadas en la red"},"previousItem":{"@type":"ListItem","@id":"https:\/\/www.eldigitaldeasturias.com\/noticias#listItem","name":"Home"}},{"@type":"ListItem","@id":"https:\/\/www.eldigitaldeasturias.com\/noticias\/la-mossa-imputada-en-el-caso-raval-temio-que-las-fotos-fueran-usadas-en-la-red\/#listItem","position":3,"name":"La mossa imputada en el caso Raval temi\u00f3 que las fotos fueran usadas en la red","previousItem":{"@type":"ListItem","@id":"https:\/\/www.eldigitaldeasturias.com\/noticias\/category\/sucesos\/#listItem","name":"Sucesos"}}]},{"@type":"Organization","@id":"https:\/\/www.eldigitaldeasturias.com\/noticias\/#organization","name":"El Digital de Asturias","description":"Hemeroteca","url":"https:\/\/www.eldigitaldeasturias.com\/noticias\/","email":"info@eldigitaldeasturias.com","telephone":"+34652131393","logo":{"@type":"ImageObject","url":"https:\/\/www.eldigitaldeasturias.com\/noticias\/wp-content\/uploads\/2020\/12\/EDA.jpg","@id":"https:\/\/www.eldigitaldeasturias.com\/noticias\/la-mossa-imputada-en-el-caso-raval-temio-que-las-fotos-fueran-usadas-en-la-red\/#organizationLogo"},"image":{"@id":"https:\/\/www.eldigitaldeasturias.com\/noticias\/la-mossa-imputada-en-el-caso-raval-temio-que-las-fotos-fueran-usadas-en-la-red\/#organizationLogo"},"sameAs":["https:\/\/facebook.com\/eldigitaldeasturias","https:\/\/www.youtube.com\/channel\/UCZP-2wLEB9Rv6erhFmqVnvg"],"address":{"@id":"https:\/\/www.eldigitaldeasturias.com\/noticias\/#postaladdress","@type":"PostalAddress","streetAddress":"san antonio 4","postalCode":"33430","addressLocality":"Cand\u00e1s","addressRegion":"Asturias","addressCountry":"ES"}},{"@type":"Person","@id":"https:\/\/www.eldigitaldeasturias.com\/noticias\/author\/admin\/#author","url":"https:\/\/www.eldigitaldeasturias.com\/noticias\/author\/admin\/","name":"El Digital de Asturias","image":{"@type":"ImageObject","@id":"https:\/\/www.eldigitaldeasturias.com\/noticias\/la-mossa-imputada-en-el-caso-raval-temio-que-las-fotos-fueran-usadas-en-la-red\/#authorImage","url":"https:\/\/secure.gravatar.com\/avatar\/df2aeffc32bcd13f8d26072ef8a91b623d677766deac7f97ca815868cd41bf5e?s=96&d=mm&r=g","width":96,"height":96,"caption":"El Digital de Asturias"}},{"@type":"WebPage","@id":"https:\/\/www.eldigitaldeasturias.com\/noticias\/la-mossa-imputada-en-el-caso-raval-temio-que-las-fotos-fueran-usadas-en-la-red\/#webpage","url":"https:\/\/www.eldigitaldeasturias.com\/noticias\/la-mossa-imputada-en-el-caso-raval-temio-que-las-fotos-fueran-usadas-en-la-red\/","name":"La mossa imputada en el caso Raval temi\u00f3 que las fotos fueran usadas en la red - El Digital de Asturias","description":"Barcelona, 9 dic (EFE).- La mossa d'esquadra imputada por requerir a una vecina si hab\u00eda grabado escenas de la reducci\u00f3n del empresario Juan Andr\u00e9s Ben\u00edtez en el Raval ha justificado hoy que lo hizo por temor a que las im\u00e1genes fueran difundidas despu\u00e9s por internet y utilizadas por grupos antisistema. Seg\u00fan han explicado fuentes judiciales,","inLanguage":"es-ES","isPartOf":{"@id":"https:\/\/www.eldigitaldeasturias.com\/noticias\/#website"},"breadcrumb":{"@id":"https:\/\/www.eldigitaldeasturias.com\/noticias\/la-mossa-imputada-en-el-caso-raval-temio-que-las-fotos-fueran-usadas-en-la-red\/#breadcrumblist"},"author":{"@id":"https:\/\/www.eldigitaldeasturias.com\/noticias\/author\/admin\/#author"},"creator":{"@id":"https:\/\/www.eldigitaldeasturias.com\/noticias\/author\/admin\/#author"},"image":{"@type":"ImageObject","url":459869,"@id":"https:\/\/www.eldigitaldeasturias.com\/noticias\/la-mossa-imputada-en-el-caso-raval-temio-que-las-fotos-fueran-usadas-en-la-red\/#mainImage"},"primaryImageOfPage":{"@id":"https:\/\/www.eldigitaldeasturias.com\/noticias\/la-mossa-imputada-en-el-caso-raval-temio-que-las-fotos-fueran-usadas-en-la-red\/#mainImage"},"datePublished":"2013-12-09T20:14:04+01:00","dateModified":"2013-12-09T20:14:04+01:00"},{"@type":"WebSite","@id":"https:\/\/www.eldigitaldeasturias.com\/noticias\/#website","url":"https:\/\/www.eldigitaldeasturias.com\/noticias\/","name":"El Digital de Asturias - Diario de actualidad y noticias","alternateName":"El Digital de Asturias - Diario de actualidad y noticias","description":"Hemeroteca","inLanguage":"es-ES","publisher":{"@id":"https:\/\/www.eldigitaldeasturias.com\/noticias\/#organization"}}]},"og:locale":"es_ES","og:site_name":"El Digital de Asturias","og:type":"article","og:title":"La mossa imputada en el caso Raval temi\u00f3 que las fotos fueran usadas en la red - El Digital de Asturias","og:description":"Barcelona, 9 dic (EFE).- La mossa d'esquadra imputada por requerir a una vecina si hab\u00eda grabado escenas de la reducci\u00f3n del empresario Juan Andr\u00e9s Ben\u00edtez en el Raval ha justificado hoy que lo hizo por temor a que las im\u00e1genes fueran difundidas despu\u00e9s por internet y utilizadas por grupos antisistema. Seg\u00fan han explicado fuentes judiciales,","og:url":"https:\/\/www.eldigitaldeasturias.com\/noticias\/la-mossa-imputada-en-el-caso-raval-temio-que-las-fotos-fueran-usadas-en-la-red\/","article:tag":["sucesos"],"article:published_time":"2013-12-09T21:14:04+00:00","article:modified_time":"2013-12-09T21:14:04+00:00","article:publisher":"https:\/\/facebook.com\/eldigitaldeasturias","twitter:card":"summary_large_image","twitter:title":"La mossa imputada en el caso Raval temi\u00f3 que las fotos fueran usadas en la red - El Digital de Asturias","twitter:description":"Barcelona, 9 dic (EFE).- La mossa d'esquadra imputada por requerir a una vecina si hab\u00eda grabado escenas de la reducci\u00f3n del empresario Juan Andr\u00e9s Ben\u00edtez en el Raval ha justificado hoy que lo hizo por temor a que las im\u00e1genes fueran difundidas despu\u00e9s por internet y utilizadas por grupos antisistema. Seg\u00fan han explicado fuentes judiciales,","twitter:label1":"Escrito por","twitter:data1":"El Digital de Asturias","twitter:label2":"Tiempo de lectura estimado","twitter:data2":"3 minutos"},"aioseo_meta_data":{"post_id":"459868","title":null,"description":null,"keywords":null,"keyphrases":null,"primary_term":null,"canonical_url":null,"og_title":null,"og_description":null,"og_object_type":"default","og_image_type":"default","og_image_url":null,"og_image_width":null,"og_image_height":null,"og_image_custom_url":null,"og_image_custom_fields":null,"og_video":null,"og_custom_url":null,"og_article_section":null,"og_article_tags":null,"twitter_use_og":true,"twitter_card":"default","twitter_image_type":"default","twitter_image_url":null,"twitter_image_custom_url":null,"twitter_image_custom_fields":null,"twitter_title":null,"twitter_description":null,"schema":{"blockGraphs":[],"customGraphs":[],"default":{"data":{"Article":[],"Course":[],"Dataset":[],"FAQPage":[],"Movie":[],"Person":[],"Product":[],"ProductReview":[],"Car":[],"Recipe":[],"Service":[],"SoftwareApplication":[],"WebPage":[]},"graphName":"","isEnabled":true},"graphs":[],"defaultGraph":"","defaultPostTypeGraph":""},"schema_type":null,"schema_type_options":null,"pillar_content":false,"robots_default":true,"robots_noindex":false,"robots_noarchive":false,"robots_nosnippet":false,"robots_nofollow":false,"robots_noimageindex":false,"robots_noodp":false,"robots_notranslate":false,"robots_max_snippet":null,"robots_max_videopreview":null,"robots_max_imagepreview":"none","priority":null,"frequency":null,"local_seo":null,"seo_analyzer_scan_date":"2026-05-30 10:56:05","breadcrumb_settings":null,"limit_modified_date":false,"open_ai":null,"ai":null,"created":"2020-11-14 22:47:39","updated":"2026-05-30 10:56:05","focus_keyword":null,"additional_keywords":null,"truseo_locale":null},"aioseo_breadcrumb":"<div class=\"aioseo-breadcrumbs\"><span class=\"aioseo-breadcrumb\">\n\t<a href=\"https:\/\/www.eldigitaldeasturias.com\/noticias\" title=\"Home\">Home<\/a>\n<\/span><span class=\"aioseo-breadcrumb-separator\">\u2013<\/span><span class=\"aioseo-breadcrumb\">\n\t<a href=\"https:\/\/www.eldigitaldeasturias.com\/noticias\/category\/sucesos\/\" title=\"Sucesos\">Sucesos<\/a>\n<\/span><span class=\"aioseo-breadcrumb-separator\">\u2013<\/span><span class=\"aioseo-breadcrumb\">\n\t<a href=\"https:\/\/www.eldigitaldeasturias.com\/noticias\/la-mossa-imputada-en-el-caso-raval-temio-que-las-fotos-fueran-usadas-en-la-red\/\" title=\"La mossa imputada en el caso Raval temi\u00f3 que las fotos fueran usadas en la red\">La mossa imputada en el caso Raval temi\u00f3 que las fotos fueran usadas en la red<\/a>\n<\/span><\/div>","aioseo_breadcrumb_json":[{"label":"Home","link":"https:\/\/www.eldigitaldeasturias.com\/noticias"},{"label":"Sucesos","link":"https:\/\/www.eldigitaldeasturias.com\/noticias\/category\/sucesos\/"},{"label":"La mossa imputada en el caso Raval temi\u00f3 que las fotos fueran usadas en la red","link":"https:\/\/www.eldigitaldeasturias.com\/noticias\/la-mossa-imputada-en-el-caso-raval-temio-que-las-fotos-fueran-usadas-en-la-red\/"}],"_links":{"self":[{"href":"https:\/\/www.eldigitaldeasturias.com\/noticias\/wp-json\/wp\/v2\/posts\/459868","targetHints":{"allow":["GET"]}}],"collection":[{"href":"https:\/\/www.eldigitaldeasturias.com\/noticias\/wp-json\/wp\/v2\/posts"}],"about":[{"href":"https:\/\/www.eldigitaldeasturias.com\/noticias\/wp-json\/wp\/v2\/types\/post"}],"author":[{"embeddable":true,"href":"https:\/\/www.eldigitaldeasturias.com\/noticias\/wp-json\/wp\/v2\/users\/1"}],"replies":[{"embeddable":true,"href":"https:\/\/www.eldigitaldeasturias.com\/noticias\/wp-json\/wp\/v2\/comments?post=459868"}],"version-history":[{"count":0,"href":"https:\/\/www.eldigitaldeasturias.com\/noticias\/wp-json\/wp\/v2\/posts\/459868\/revisions"}],"wp:attachment":[{"href":"https:\/\/www.eldigitaldeasturias.com\/noticias\/wp-json\/wp\/v2\/media?parent=459868"}],"wp:term":[{"taxonomy":"category","embeddable":true,"href":"https:\/\/www.eldigitaldeasturias.com\/noticias\/wp-json\/wp\/v2\/categories?post=459868"},{"taxonomy":"post_tag","embeddable":true,"href":"https:\/\/www.eldigitaldeasturias.com\/noticias\/wp-json\/wp\/v2\/tags?post=459868"}],"curies":[{"name":"wp","href":"https:\/\/api.w.org\/{rel}","templated":true}]}}