{"id":459862,"date":"2013-12-09T20:10:15","date_gmt":"2013-12-09T21:10:15","guid":{"rendered":"http:\/\/www.eldigitaldeasturias.com\/noticias\/?p=459862"},"modified":"2013-12-09T20:10:15","modified_gmt":"2013-12-09T21:10:15","slug":"aguirre-declarara-el-17-de-diciembre-por-escrito-como-testigo-en-el-caso-gurtel","status":"publish","type":"post","link":"https:\/\/www.eldigitaldeasturias.com\/noticias\/aguirre-declarara-el-17-de-diciembre-por-escrito-como-testigo-en-el-caso-gurtel\/","title":{"rendered":"Aguirre declarar\u00e1 el 17 de diciembre por escrito como testigo en el caso G\u00fcrtel"},"content":{"rendered":"<p><img loading=\"lazy\" decoding=\"async\" class=\"alignleft size-medium wp-image-459863\" alt=\"5781733w\" src=\"https:\/\/www.eldigitaldeasturias.com\/noticias\/wp-content\/uploads\/2013\/12\/5781733w-360x251.jpg\" width=\"360\" height=\"251\" \/>Madrid, 9 dic (EFE).- La expresidenta de la Comunidad de Madrid Esperanza Aguirre deber\u00e1 declarar por escrito como testigo en el caso G\u00fcrtel el 17 de diciembre en el despacho \u00abpreferentemente profesional\u00bb que ella designe, en presencia del secretario judicial, sin consultar documento alguno, ni comunicarse con terceros.<\/p>\n<p>As\u00ed lo ha acordado hoy en una providencia el juez instructor del caso G\u00fcrtel, Pablo Ruz, que emplaza a Aguirre a responder a las preguntas de las partes personadas en la causa ese d\u00eda a partir de las 10.00 horas, despu\u00e9s de que la expresidenta se acogiera a su derecho a declarar por escrito.<\/p>\n<p>Pese a la prohibici\u00f3n de comunicar con terceros, el juez permite a Aguirre \u00abestar asistida de otra persona, ajena al ejercicio profesional del derecho, a los \u00fanicos efectos de poder proceder a la transcripci\u00f3n de las respuestas que la testigo diera a las preguntas que se le formulen\u00bb.<\/p>\n<p>La Fiscal\u00eda se opuso a esta citaci\u00f3n, pero Ruz la crey\u00f3 \u00ab\u00fatil e id\u00f3nea\u00bb para aclarar las manifestaciones que la expresidenta realiz\u00f3 ante distintos medios de comunicaci\u00f3n sobre la prohibici\u00f3n que habr\u00eda efectuado al exconsejero regional e imputado en la causa, Alberto L\u00f3pez Viejo, de contratar con Easy Concept, una de las empresas de la trama G\u00fcrtel.<\/p>\n<p>El juez precisaba no obstante que citaba como testigo a Aguirre pese a que de las diligencias practicadas no resultara hasta ahora indicio alguno de participaci\u00f3n o consentimiento por su parte \u00aben la irregular operativa de contrataci\u00f3n llevada a cabo por la Comunidad de Madrid\u00bb.<\/p>\n<p>En la providencia notificada hoy, Ruz establece que, despu\u00e9s de que el secretario judicial aperciba \u00aba la testigo de la obligaci\u00f3n que tiene de ser veraz y de la posibilidad de incurrir en un delito de falso testimonio\u00bb, se le dar\u00e1 traslado del pliego de preguntas presentado por las distintas partes personadas en la causa.<\/p>\n<p>Todo ello, sin que se le permita \u00abacceder con anterioridad\u00bb a esas preguntas, que han sido formuladas entre otros por la Fiscal\u00eda, la acusaci\u00f3n que ejerce el PSOE y la Asociaci\u00f3n de Abogados Dem\u00f3cratas de Europa (ADADE) e imputados en la causa, como el considerado n\u00famero dos de la trama G\u00fcrtel, Pablo Crespo.<\/p>\n<p>Tampoco se le permitir\u00e1 a la testigo \u00abconsultar documento alguno, salvo alg\u00fan apunte o memoria que contenga datos dif\u00edciles de recordar\u00bb.<\/p>\n<p>Seg\u00fan sostiene Ruz, el exviceconsejero madrile\u00f1o de Presidencia L\u00f3pez Viejo habr\u00eda recibido \u00abcuantiosos pagos\u00bb del entorno de la trama liderada por el supuesto cabecilla de G\u00fcrtel, Francisco Correa, \u00abcomo consecuencia de la adjudicaci\u00f3n irregular de actos y contratos p\u00fablicos por distintas entidades y consejer\u00edas de la Comunidad Aut\u00f3noma de Madrid\u00bb.<\/p>\n<p>De hecho, entre los m\u00faltiples documentos de Easy Concept que obran en la causa y que han sido notificados recientemente a las partes, aparece que esta empresa infl\u00f3 m\u00e1s del doble el coste de la toma de posesi\u00f3n de la expresidenta de la Comunidad de Madrid Esperanza Aguirre en 2007, al igual que hizo con otros actos institucionales del gobierno regional.<\/p>\n<p>Seg\u00fan ese documento, denominado \u00abhoja de costes\u00bb y fechado los d\u00edas \u00ab20 y 21 de junio de 2007 en el Edificio del Reloj de la Puerta del Sol\u00bb, sede de la Comunidad de Madrid, el coste de la organizaci\u00f3n del acto de toma de posesi\u00f3n fue de 46.410 euros, mientras que lo facturado se elev\u00f3 a 96.764 euros, por lo que el beneficio super\u00f3 los 50.000 euros.<\/p>\n<p>La Fiscal\u00eda Anticorrupci\u00f3n, tras previa consulta del juez, propuso que la toma de declaraci\u00f3n se produjera en las condiciones ahora acordadas por Ruz, de car\u00e1cter similar a las que adopt\u00f3 el juez Jos\u00e9 Castro para la toma de declaraci\u00f3n como testigo y por escrito del expresidente de la Generalitat Valenciana Francisco Camps en el caso N\u00f3os, aunque finalmente no se realiz\u00f3 por no haber podido ser localizado.<\/p>\n","protected":false},"excerpt":{"rendered":"<p>Madrid, 9 dic (EFE).- La expresidenta de la Comunidad de Madrid Esperanza Aguirre deber\u00e1 declarar por escrito como testigo en el caso G\u00fcrtel el 17 de diciembre en el despacho \u00abpreferentemente profesional\u00bb que ella designe, en presencia del secretario judicial, sin consultar documento alguno, ni comunicarse con terceros. As\u00ed lo ha acordado hoy en una [&hellip;]<\/p>\n","protected":false},"author":1,"featured_media":459863,"comment_status":"closed","ping_status":"open","sticky":false,"template":"","format":"standard","meta":{"footnotes":""},"categories":[5],"tags":[],"class_list":["post-459862","post","type-post","status-publish","format-standard","has-post-thumbnail","hentry","category-sucesos"],"aioseo_notices":[],"aioseo_head":"\n\t\t<!-- All in One SEO Pro 5.0.1 - aioseo.com -->\n\t<meta name=\"description\" content=\"Madrid, 9 dic (EFE).- La expresidenta de la Comunidad de Madrid Esperanza Aguirre deber\u00e1 declarar por escrito como testigo en el caso G\u00fcrtel el 17 de diciembre en el despacho &quot;preferentemente profesional&quot; que ella designe, en presencia del secretario judicial, sin consultar documento alguno, ni comunicarse con terceros. As\u00ed lo ha acordado hoy en una\" \/>\n\t<meta name=\"robots\" content=\"max-image-preview:large\" \/>\n\t<meta name=\"author\" content=\"El Digital de Asturias\"\/>\n\t<meta name=\"google-site-verification\" content=\"UA-38556648-1\" \/>\n\t<meta name=\"msvalidate.01\" content=\"7dfe9f3f1b24437ab69f4f2559babe99\" \/>\n\t<meta name=\"keywords\" content=\"sucesos\" \/>\n\t<link rel=\"canonical\" href=\"https:\/\/www.eldigitaldeasturias.com\/noticias\/aguirre-declarara-el-17-de-diciembre-por-escrito-como-testigo-en-el-caso-gurtel\/\" \/>\n\t<meta name=\"generator\" content=\"All in One SEO Pro (AIOSEO) 5.0.1\" \/>\n\t\t<meta property=\"og:locale\" content=\"es_ES\" \/>\n\t\t<meta property=\"og:site_name\" content=\"El Digital de Asturias\" \/>\n\t\t<meta property=\"og:type\" content=\"article\" \/>\n\t\t<meta property=\"og:title\" content=\"Aguirre declarar\u00e1 el 17 de diciembre por escrito como testigo en el caso G\u00fcrtel - El Digital de Asturias\" \/>\n\t\t<meta property=\"og:description\" content=\"Madrid, 9 dic (EFE).- La expresidenta de la Comunidad de Madrid Esperanza Aguirre deber\u00e1 declarar por escrito como testigo en el caso G\u00fcrtel el 17 de diciembre en el despacho &quot;preferentemente profesional&quot; que ella designe, en presencia del secretario judicial, sin consultar documento alguno, ni comunicarse con terceros. As\u00ed lo ha acordado hoy en una\" \/>\n\t\t<meta property=\"og:url\" content=\"https:\/\/www.eldigitaldeasturias.com\/noticias\/aguirre-declarara-el-17-de-diciembre-por-escrito-como-testigo-en-el-caso-gurtel\/\" \/>\n\t\t<meta property=\"article:tag\" content=\"sucesos\" \/>\n\t\t<meta property=\"article:published_time\" content=\"2013-12-09T21:10:15+00:00\" \/>\n\t\t<meta property=\"article:modified_time\" content=\"2013-12-09T21:10:15+00:00\" \/>\n\t\t<meta property=\"article:publisher\" content=\"https:\/\/facebook.com\/eldigitaldeasturias\" \/>\n\t\t<meta name=\"twitter:card\" content=\"summary_large_image\" \/>\n\t\t<meta name=\"twitter:title\" content=\"Aguirre declarar\u00e1 el 17 de diciembre por escrito como testigo en el caso G\u00fcrtel - El Digital de Asturias\" \/>\n\t\t<meta name=\"twitter:description\" content=\"Madrid, 9 dic (EFE).- La expresidenta de la Comunidad de Madrid Esperanza Aguirre deber\u00e1 declarar por escrito como testigo en el caso G\u00fcrtel el 17 de diciembre en el despacho &quot;preferentemente profesional&quot; que ella designe, en presencia del secretario judicial, sin consultar documento alguno, ni comunicarse con terceros. As\u00ed lo ha acordado hoy en una\" \/>\n\t\t<meta name=\"twitter:label1\" content=\"Escrito por\" \/>\n\t\t<meta name=\"twitter:data1\" content=\"El Digital de Asturias\" \/>\n\t\t<meta name=\"twitter:label2\" content=\"Tiempo de lectura estimado\" \/>\n\t\t<meta name=\"twitter:data2\" content=\"3 minutos\" \/>\n\t\t<script type=\"application\/ld+json\" class=\"aioseo-schema\">\n\t\t\t{\"@context\":\"https:\\\/\\\/schema.org\",\"@graph\":[{\"@type\":\"BlogPosting\",\"@id\":\"https:\\\/\\\/www.eldigitaldeasturias.com\\\/noticias\\\/aguirre-declarara-el-17-de-diciembre-por-escrito-como-testigo-en-el-caso-gurtel\\\/#blogposting\",\"name\":\"Aguirre declarar\\u00e1 el 17 de diciembre por escrito como testigo en el caso G\\u00fcrtel - El Digital de Asturias\",\"headline\":\"Aguirre declarar\\u00e1 el 17 de diciembre por escrito como testigo en el caso G\\u00fcrtel\",\"author\":{\"@id\":\"https:\\\/\\\/www.eldigitaldeasturias.com\\\/noticias\\\/author\\\/admin\\\/#author\"},\"publisher\":{\"@id\":\"https:\\\/\\\/www.eldigitaldeasturias.com\\\/noticias\\\/#organization\"},\"image\":{\"@type\":\"ImageObject\",\"url\":459863},\"datePublished\":\"2013-12-09T20:10:15+01:00\",\"dateModified\":\"2013-12-09T20:10:15+01:00\",\"inLanguage\":\"es-ES\",\"mainEntityOfPage\":{\"@id\":\"https:\\\/\\\/www.eldigitaldeasturias.com\\\/noticias\\\/aguirre-declarara-el-17-de-diciembre-por-escrito-como-testigo-en-el-caso-gurtel\\\/#webpage\"},\"isPartOf\":{\"@id\":\"https:\\\/\\\/www.eldigitaldeasturias.com\\\/noticias\\\/aguirre-declarara-el-17-de-diciembre-por-escrito-como-testigo-en-el-caso-gurtel\\\/#webpage\"},\"articleSection\":\"Sucesos\"},{\"@type\":\"BreadcrumbList\",\"@id\":\"https:\\\/\\\/www.eldigitaldeasturias.com\\\/noticias\\\/aguirre-declarara-el-17-de-diciembre-por-escrito-como-testigo-en-el-caso-gurtel\\\/#breadcrumblist\",\"itemListElement\":[{\"@type\":\"ListItem\",\"@id\":\"https:\\\/\\\/www.eldigitaldeasturias.com\\\/noticias#listItem\",\"position\":1,\"name\":\"Home\",\"item\":\"https:\\\/\\\/www.eldigitaldeasturias.com\\\/noticias\",\"nextItem\":{\"@type\":\"ListItem\",\"@id\":\"https:\\\/\\\/www.eldigitaldeasturias.com\\\/noticias\\\/category\\\/sucesos\\\/#listItem\",\"name\":\"Sucesos\"}},{\"@type\":\"ListItem\",\"@id\":\"https:\\\/\\\/www.eldigitaldeasturias.com\\\/noticias\\\/category\\\/sucesos\\\/#listItem\",\"position\":2,\"name\":\"Sucesos\",\"item\":\"https:\\\/\\\/www.eldigitaldeasturias.com\\\/noticias\\\/category\\\/sucesos\\\/\",\"nextItem\":{\"@type\":\"ListItem\",\"@id\":\"https:\\\/\\\/www.eldigitaldeasturias.com\\\/noticias\\\/aguirre-declarara-el-17-de-diciembre-por-escrito-como-testigo-en-el-caso-gurtel\\\/#listItem\",\"name\":\"Aguirre declarar\\u00e1 el 17 de diciembre por escrito como testigo en el caso G\\u00fcrtel\"},\"previousItem\":{\"@type\":\"ListItem\",\"@id\":\"https:\\\/\\\/www.eldigitaldeasturias.com\\\/noticias#listItem\",\"name\":\"Home\"}},{\"@type\":\"ListItem\",\"@id\":\"https:\\\/\\\/www.eldigitaldeasturias.com\\\/noticias\\\/aguirre-declarara-el-17-de-diciembre-por-escrito-como-testigo-en-el-caso-gurtel\\\/#listItem\",\"position\":3,\"name\":\"Aguirre declarar\\u00e1 el 17 de diciembre por escrito como testigo en el caso G\\u00fcrtel\",\"previousItem\":{\"@type\":\"ListItem\",\"@id\":\"https:\\\/\\\/www.eldigitaldeasturias.com\\\/noticias\\\/category\\\/sucesos\\\/#listItem\",\"name\":\"Sucesos\"}}]},{\"@type\":\"Organization\",\"@id\":\"https:\\\/\\\/www.eldigitaldeasturias.com\\\/noticias\\\/#organization\",\"name\":\"El Digital de Asturias\",\"description\":\"Hemeroteca\",\"url\":\"https:\\\/\\\/www.eldigitaldeasturias.com\\\/noticias\\\/\",\"email\":\"info@eldigitaldeasturias.com\",\"telephone\":\"+34652131393\",\"logo\":{\"@type\":\"ImageObject\",\"url\":\"https:\\\/\\\/www.eldigitaldeasturias.com\\\/noticias\\\/wp-content\\\/uploads\\\/2020\\\/12\\\/EDA.jpg\",\"@id\":\"https:\\\/\\\/www.eldigitaldeasturias.com\\\/noticias\\\/aguirre-declarara-el-17-de-diciembre-por-escrito-como-testigo-en-el-caso-gurtel\\\/#organizationLogo\"},\"image\":{\"@id\":\"https:\\\/\\\/www.eldigitaldeasturias.com\\\/noticias\\\/aguirre-declarara-el-17-de-diciembre-por-escrito-como-testigo-en-el-caso-gurtel\\\/#organizationLogo\"},\"sameAs\":[\"https:\\\/\\\/facebook.com\\\/eldigitaldeasturias\",\"https:\\\/\\\/www.youtube.com\\\/channel\\\/UCZP-2wLEB9Rv6erhFmqVnvg\"],\"address\":{\"@id\":\"https:\\\/\\\/www.eldigitaldeasturias.com\\\/noticias\\\/#postaladdress\",\"@type\":\"PostalAddress\",\"streetAddress\":\"san antonio 4\",\"postalCode\":\"33430\",\"addressLocality\":\"Cand\\u00e1s\",\"addressRegion\":\"Asturias\",\"addressCountry\":\"ES\"}},{\"@type\":\"Person\",\"@id\":\"https:\\\/\\\/www.eldigitaldeasturias.com\\\/noticias\\\/author\\\/admin\\\/#author\",\"url\":\"https:\\\/\\\/www.eldigitaldeasturias.com\\\/noticias\\\/author\\\/admin\\\/\",\"name\":\"El Digital de Asturias\",\"image\":{\"@type\":\"ImageObject\",\"@id\":\"https:\\\/\\\/www.eldigitaldeasturias.com\\\/noticias\\\/aguirre-declarara-el-17-de-diciembre-por-escrito-como-testigo-en-el-caso-gurtel\\\/#authorImage\",\"url\":\"https:\\\/\\\/secure.gravatar.com\\\/avatar\\\/df2aeffc32bcd13f8d26072ef8a91b623d677766deac7f97ca815868cd41bf5e?s=96&d=mm&r=g\",\"width\":96,\"height\":96,\"caption\":\"El Digital de Asturias\"}},{\"@type\":\"WebPage\",\"@id\":\"https:\\\/\\\/www.eldigitaldeasturias.com\\\/noticias\\\/aguirre-declarara-el-17-de-diciembre-por-escrito-como-testigo-en-el-caso-gurtel\\\/#webpage\",\"url\":\"https:\\\/\\\/www.eldigitaldeasturias.com\\\/noticias\\\/aguirre-declarara-el-17-de-diciembre-por-escrito-como-testigo-en-el-caso-gurtel\\\/\",\"name\":\"Aguirre declarar\\u00e1 el 17 de diciembre por escrito como testigo en el caso G\\u00fcrtel - El Digital de Asturias\",\"description\":\"Madrid, 9 dic (EFE).- La expresidenta de la Comunidad de Madrid Esperanza Aguirre deber\\u00e1 declarar por escrito como testigo en el caso G\\u00fcrtel el 17 de diciembre en el despacho \\\"preferentemente profesional\\\" que ella designe, en presencia del secretario judicial, sin consultar documento alguno, ni comunicarse con terceros. As\\u00ed lo ha acordado hoy en una\",\"inLanguage\":\"es-ES\",\"isPartOf\":{\"@id\":\"https:\\\/\\\/www.eldigitaldeasturias.com\\\/noticias\\\/#website\"},\"breadcrumb\":{\"@id\":\"https:\\\/\\\/www.eldigitaldeasturias.com\\\/noticias\\\/aguirre-declarara-el-17-de-diciembre-por-escrito-como-testigo-en-el-caso-gurtel\\\/#breadcrumblist\"},\"author\":{\"@id\":\"https:\\\/\\\/www.eldigitaldeasturias.com\\\/noticias\\\/author\\\/admin\\\/#author\"},\"creator\":{\"@id\":\"https:\\\/\\\/www.eldigitaldeasturias.com\\\/noticias\\\/author\\\/admin\\\/#author\"},\"image\":{\"@type\":\"ImageObject\",\"url\":459863,\"@id\":\"https:\\\/\\\/www.eldigitaldeasturias.com\\\/noticias\\\/aguirre-declarara-el-17-de-diciembre-por-escrito-como-testigo-en-el-caso-gurtel\\\/#mainImage\"},\"primaryImageOfPage\":{\"@id\":\"https:\\\/\\\/www.eldigitaldeasturias.com\\\/noticias\\\/aguirre-declarara-el-17-de-diciembre-por-escrito-como-testigo-en-el-caso-gurtel\\\/#mainImage\"},\"datePublished\":\"2013-12-09T20:10:15+01:00\",\"dateModified\":\"2013-12-09T20:10:15+01:00\"},{\"@type\":\"WebSite\",\"@id\":\"https:\\\/\\\/www.eldigitaldeasturias.com\\\/noticias\\\/#website\",\"url\":\"https:\\\/\\\/www.eldigitaldeasturias.com\\\/noticias\\\/\",\"name\":\"El Digital de Asturias - Diario de actualidad y noticias\",\"alternateName\":\"El Digital de Asturias - Diario de actualidad y noticias\",\"description\":\"Hemeroteca\",\"inLanguage\":\"es-ES\",\"publisher\":{\"@id\":\"https:\\\/\\\/www.eldigitaldeasturias.com\\\/noticias\\\/#organization\"}}]}\n\t\t<\/script>\n\t\t<!-- All in One SEO Pro -->\r\n\t\t<title>Aguirre declarar\u00e1 el 17 de diciembre por escrito como testigo en el caso G\u00fcrtel - El Digital de Asturias<\/title>\n\n","aioseo_head_json":{"title":"Aguirre declarar\u00e1 el 17 de diciembre por escrito como testigo en el caso G\u00fcrtel - El Digital de Asturias","description":"Madrid, 9 dic (EFE).- La expresidenta de la Comunidad de Madrid Esperanza Aguirre deber\u00e1 declarar por escrito como testigo en el caso G\u00fcrtel el 17 de diciembre en el despacho \"preferentemente profesional\" que ella designe, en presencia del secretario judicial, sin consultar documento alguno, ni comunicarse con terceros. As\u00ed lo ha acordado hoy en una","canonical_url":"https:\/\/www.eldigitaldeasturias.com\/noticias\/aguirre-declarara-el-17-de-diciembre-por-escrito-como-testigo-en-el-caso-gurtel\/","robots":"max-image-preview:large","keywords":"sucesos","webmasterTools":{"google-site-verification":"UA-38556648-1","msvalidate.01":"7dfe9f3f1b24437ab69f4f2559babe99","miscellaneous":""},"schema":{"@context":"https:\/\/schema.org","@graph":[{"@type":"BlogPosting","@id":"https:\/\/www.eldigitaldeasturias.com\/noticias\/aguirre-declarara-el-17-de-diciembre-por-escrito-como-testigo-en-el-caso-gurtel\/#blogposting","name":"Aguirre declarar\u00e1 el 17 de diciembre por escrito como testigo en el caso G\u00fcrtel - El Digital de Asturias","headline":"Aguirre declarar\u00e1 el 17 de diciembre por escrito como testigo en el caso G\u00fcrtel","author":{"@id":"https:\/\/www.eldigitaldeasturias.com\/noticias\/author\/admin\/#author"},"publisher":{"@id":"https:\/\/www.eldigitaldeasturias.com\/noticias\/#organization"},"image":{"@type":"ImageObject","url":459863},"datePublished":"2013-12-09T20:10:15+01:00","dateModified":"2013-12-09T20:10:15+01:00","inLanguage":"es-ES","mainEntityOfPage":{"@id":"https:\/\/www.eldigitaldeasturias.com\/noticias\/aguirre-declarara-el-17-de-diciembre-por-escrito-como-testigo-en-el-caso-gurtel\/#webpage"},"isPartOf":{"@id":"https:\/\/www.eldigitaldeasturias.com\/noticias\/aguirre-declarara-el-17-de-diciembre-por-escrito-como-testigo-en-el-caso-gurtel\/#webpage"},"articleSection":"Sucesos"},{"@type":"BreadcrumbList","@id":"https:\/\/www.eldigitaldeasturias.com\/noticias\/aguirre-declarara-el-17-de-diciembre-por-escrito-como-testigo-en-el-caso-gurtel\/#breadcrumblist","itemListElement":[{"@type":"ListItem","@id":"https:\/\/www.eldigitaldeasturias.com\/noticias#listItem","position":1,"name":"Home","item":"https:\/\/www.eldigitaldeasturias.com\/noticias","nextItem":{"@type":"ListItem","@id":"https:\/\/www.eldigitaldeasturias.com\/noticias\/category\/sucesos\/#listItem","name":"Sucesos"}},{"@type":"ListItem","@id":"https:\/\/www.eldigitaldeasturias.com\/noticias\/category\/sucesos\/#listItem","position":2,"name":"Sucesos","item":"https:\/\/www.eldigitaldeasturias.com\/noticias\/category\/sucesos\/","nextItem":{"@type":"ListItem","@id":"https:\/\/www.eldigitaldeasturias.com\/noticias\/aguirre-declarara-el-17-de-diciembre-por-escrito-como-testigo-en-el-caso-gurtel\/#listItem","name":"Aguirre declarar\u00e1 el 17 de diciembre por escrito como testigo en el caso G\u00fcrtel"},"previousItem":{"@type":"ListItem","@id":"https:\/\/www.eldigitaldeasturias.com\/noticias#listItem","name":"Home"}},{"@type":"ListItem","@id":"https:\/\/www.eldigitaldeasturias.com\/noticias\/aguirre-declarara-el-17-de-diciembre-por-escrito-como-testigo-en-el-caso-gurtel\/#listItem","position":3,"name":"Aguirre declarar\u00e1 el 17 de diciembre por escrito como testigo en el caso G\u00fcrtel","previousItem":{"@type":"ListItem","@id":"https:\/\/www.eldigitaldeasturias.com\/noticias\/category\/sucesos\/#listItem","name":"Sucesos"}}]},{"@type":"Organization","@id":"https:\/\/www.eldigitaldeasturias.com\/noticias\/#organization","name":"El Digital de Asturias","description":"Hemeroteca","url":"https:\/\/www.eldigitaldeasturias.com\/noticias\/","email":"info@eldigitaldeasturias.com","telephone":"+34652131393","logo":{"@type":"ImageObject","url":"https:\/\/www.eldigitaldeasturias.com\/noticias\/wp-content\/uploads\/2020\/12\/EDA.jpg","@id":"https:\/\/www.eldigitaldeasturias.com\/noticias\/aguirre-declarara-el-17-de-diciembre-por-escrito-como-testigo-en-el-caso-gurtel\/#organizationLogo"},"image":{"@id":"https:\/\/www.eldigitaldeasturias.com\/noticias\/aguirre-declarara-el-17-de-diciembre-por-escrito-como-testigo-en-el-caso-gurtel\/#organizationLogo"},"sameAs":["https:\/\/facebook.com\/eldigitaldeasturias","https:\/\/www.youtube.com\/channel\/UCZP-2wLEB9Rv6erhFmqVnvg"],"address":{"@id":"https:\/\/www.eldigitaldeasturias.com\/noticias\/#postaladdress","@type":"PostalAddress","streetAddress":"san antonio 4","postalCode":"33430","addressLocality":"Cand\u00e1s","addressRegion":"Asturias","addressCountry":"ES"}},{"@type":"Person","@id":"https:\/\/www.eldigitaldeasturias.com\/noticias\/author\/admin\/#author","url":"https:\/\/www.eldigitaldeasturias.com\/noticias\/author\/admin\/","name":"El Digital de Asturias","image":{"@type":"ImageObject","@id":"https:\/\/www.eldigitaldeasturias.com\/noticias\/aguirre-declarara-el-17-de-diciembre-por-escrito-como-testigo-en-el-caso-gurtel\/#authorImage","url":"https:\/\/secure.gravatar.com\/avatar\/df2aeffc32bcd13f8d26072ef8a91b623d677766deac7f97ca815868cd41bf5e?s=96&d=mm&r=g","width":96,"height":96,"caption":"El Digital de Asturias"}},{"@type":"WebPage","@id":"https:\/\/www.eldigitaldeasturias.com\/noticias\/aguirre-declarara-el-17-de-diciembre-por-escrito-como-testigo-en-el-caso-gurtel\/#webpage","url":"https:\/\/www.eldigitaldeasturias.com\/noticias\/aguirre-declarara-el-17-de-diciembre-por-escrito-como-testigo-en-el-caso-gurtel\/","name":"Aguirre declarar\u00e1 el 17 de diciembre por escrito como testigo en el caso G\u00fcrtel - El Digital de Asturias","description":"Madrid, 9 dic (EFE).- La expresidenta de la Comunidad de Madrid Esperanza Aguirre deber\u00e1 declarar por escrito como testigo en el caso G\u00fcrtel el 17 de diciembre en el despacho \"preferentemente profesional\" que ella designe, en presencia del secretario judicial, sin consultar documento alguno, ni comunicarse con terceros. As\u00ed lo ha acordado hoy en una","inLanguage":"es-ES","isPartOf":{"@id":"https:\/\/www.eldigitaldeasturias.com\/noticias\/#website"},"breadcrumb":{"@id":"https:\/\/www.eldigitaldeasturias.com\/noticias\/aguirre-declarara-el-17-de-diciembre-por-escrito-como-testigo-en-el-caso-gurtel\/#breadcrumblist"},"author":{"@id":"https:\/\/www.eldigitaldeasturias.com\/noticias\/author\/admin\/#author"},"creator":{"@id":"https:\/\/www.eldigitaldeasturias.com\/noticias\/author\/admin\/#author"},"image":{"@type":"ImageObject","url":459863,"@id":"https:\/\/www.eldigitaldeasturias.com\/noticias\/aguirre-declarara-el-17-de-diciembre-por-escrito-como-testigo-en-el-caso-gurtel\/#mainImage"},"primaryImageOfPage":{"@id":"https:\/\/www.eldigitaldeasturias.com\/noticias\/aguirre-declarara-el-17-de-diciembre-por-escrito-como-testigo-en-el-caso-gurtel\/#mainImage"},"datePublished":"2013-12-09T20:10:15+01:00","dateModified":"2013-12-09T20:10:15+01:00"},{"@type":"WebSite","@id":"https:\/\/www.eldigitaldeasturias.com\/noticias\/#website","url":"https:\/\/www.eldigitaldeasturias.com\/noticias\/","name":"El Digital de Asturias - Diario de actualidad y noticias","alternateName":"El Digital de Asturias - Diario de actualidad y noticias","description":"Hemeroteca","inLanguage":"es-ES","publisher":{"@id":"https:\/\/www.eldigitaldeasturias.com\/noticias\/#organization"}}]},"og:locale":"es_ES","og:site_name":"El Digital de Asturias","og:type":"article","og:title":"Aguirre declarar\u00e1 el 17 de diciembre por escrito como testigo en el caso G\u00fcrtel - El Digital de Asturias","og:description":"Madrid, 9 dic (EFE).- La expresidenta de la Comunidad de Madrid Esperanza Aguirre deber\u00e1 declarar por escrito como testigo en el caso G\u00fcrtel el 17 de diciembre en el despacho &quot;preferentemente profesional&quot; que ella designe, en presencia del secretario judicial, sin consultar documento alguno, ni comunicarse con terceros. As\u00ed lo ha acordado hoy en una","og:url":"https:\/\/www.eldigitaldeasturias.com\/noticias\/aguirre-declarara-el-17-de-diciembre-por-escrito-como-testigo-en-el-caso-gurtel\/","article:tag":["sucesos"],"article:published_time":"2013-12-09T21:10:15+00:00","article:modified_time":"2013-12-09T21:10:15+00:00","article:publisher":"https:\/\/facebook.com\/eldigitaldeasturias","twitter:card":"summary_large_image","twitter:title":"Aguirre declarar\u00e1 el 17 de diciembre por escrito como testigo en el caso G\u00fcrtel - El Digital de Asturias","twitter:description":"Madrid, 9 dic (EFE).- La expresidenta de la Comunidad de Madrid Esperanza Aguirre deber\u00e1 declarar por escrito como testigo en el caso G\u00fcrtel el 17 de diciembre en el despacho &quot;preferentemente profesional&quot; que ella designe, en presencia del secretario judicial, sin consultar documento alguno, ni comunicarse con terceros. As\u00ed lo ha acordado hoy en una","twitter:label1":"Escrito por","twitter:data1":"El Digital de Asturias","twitter:label2":"Tiempo de lectura estimado","twitter:data2":"3 minutos"},"aioseo_meta_data":{"post_id":"459862","title":null,"description":null,"keywords":null,"keyphrases":null,"primary_term":null,"canonical_url":null,"og_title":null,"og_description":null,"og_object_type":"default","og_image_type":"default","og_image_url":null,"og_image_width":null,"og_image_height":null,"og_image_custom_url":null,"og_image_custom_fields":null,"og_video":null,"og_custom_url":null,"og_article_section":null,"og_article_tags":null,"twitter_use_og":true,"twitter_card":"default","twitter_image_type":"default","twitter_image_url":null,"twitter_image_custom_url":null,"twitter_image_custom_fields":null,"twitter_title":null,"twitter_description":null,"schema":{"blockGraphs":[],"customGraphs":[],"default":{"data":{"Article":[],"Course":[],"Dataset":[],"FAQPage":[],"Movie":[],"Person":[],"Product":[],"ProductReview":[],"Car":[],"Recipe":[],"Service":[],"SoftwareApplication":[],"WebPage":[]},"graphName":"","isEnabled":true},"graphs":[],"defaultGraph":"","defaultPostTypeGraph":""},"schema_type":null,"schema_type_options":null,"pillar_content":false,"robots_default":true,"robots_noindex":false,"robots_noarchive":false,"robots_nosnippet":false,"robots_nofollow":false,"robots_noimageindex":false,"robots_noodp":false,"robots_notranslate":false,"robots_max_snippet":null,"robots_max_videopreview":null,"robots_max_imagepreview":"none","priority":null,"frequency":null,"local_seo":null,"seo_analyzer_scan_date":"2026-05-30 10:54:07","breadcrumb_settings":null,"limit_modified_date":false,"open_ai":null,"ai":null,"created":"2020-11-14 22:47:39","updated":"2026-05-30 10:54:07","focus_keyword":null,"additional_keywords":null,"truseo_locale":null},"aioseo_breadcrumb":"<div class=\"aioseo-breadcrumbs\"><span class=\"aioseo-breadcrumb\">\n\t<a href=\"https:\/\/www.eldigitaldeasturias.com\/noticias\" title=\"Home\">Home<\/a>\n<\/span><span class=\"aioseo-breadcrumb-separator\">\u2013<\/span><span class=\"aioseo-breadcrumb\">\n\t<a href=\"https:\/\/www.eldigitaldeasturias.com\/noticias\/category\/sucesos\/\" title=\"Sucesos\">Sucesos<\/a>\n<\/span><span class=\"aioseo-breadcrumb-separator\">\u2013<\/span><span class=\"aioseo-breadcrumb\">\n\t<a href=\"https:\/\/www.eldigitaldeasturias.com\/noticias\/aguirre-declarara-el-17-de-diciembre-por-escrito-como-testigo-en-el-caso-gurtel\/\" title=\"Aguirre declarar\u00e1 el 17 de diciembre por escrito como testigo en el caso G\u00fcrtel\">Aguirre declarar\u00e1 el 17 de diciembre por escrito como testigo en el caso G\u00fcrtel<\/a>\n<\/span><\/div>","aioseo_breadcrumb_json":[{"label":"Home","link":"https:\/\/www.eldigitaldeasturias.com\/noticias"},{"label":"Sucesos","link":"https:\/\/www.eldigitaldeasturias.com\/noticias\/category\/sucesos\/"},{"label":"Aguirre declarar\u00e1 el 17 de diciembre por escrito como testigo en el caso G\u00fcrtel","link":"https:\/\/www.eldigitaldeasturias.com\/noticias\/aguirre-declarara-el-17-de-diciembre-por-escrito-como-testigo-en-el-caso-gurtel\/"}],"_links":{"self":[{"href":"https:\/\/www.eldigitaldeasturias.com\/noticias\/wp-json\/wp\/v2\/posts\/459862","targetHints":{"allow":["GET"]}}],"collection":[{"href":"https:\/\/www.eldigitaldeasturias.com\/noticias\/wp-json\/wp\/v2\/posts"}],"about":[{"href":"https:\/\/www.eldigitaldeasturias.com\/noticias\/wp-json\/wp\/v2\/types\/post"}],"author":[{"embeddable":true,"href":"https:\/\/www.eldigitaldeasturias.com\/noticias\/wp-json\/wp\/v2\/users\/1"}],"replies":[{"embeddable":true,"href":"https:\/\/www.eldigitaldeasturias.com\/noticias\/wp-json\/wp\/v2\/comments?post=459862"}],"version-history":[{"count":0,"href":"https:\/\/www.eldigitaldeasturias.com\/noticias\/wp-json\/wp\/v2\/posts\/459862\/revisions"}],"wp:attachment":[{"href":"https:\/\/www.eldigitaldeasturias.com\/noticias\/wp-json\/wp\/v2\/media?parent=459862"}],"wp:term":[{"taxonomy":"category","embeddable":true,"href":"https:\/\/www.eldigitaldeasturias.com\/noticias\/wp-json\/wp\/v2\/categories?post=459862"},{"taxonomy":"post_tag","embeddable":true,"href":"https:\/\/www.eldigitaldeasturias.com\/noticias\/wp-json\/wp\/v2\/tags?post=459862"}],"curies":[{"name":"wp","href":"https:\/\/api.w.org\/{rel}","templated":true}]}}