{"id":459829,"date":"2013-12-09T19:50:51","date_gmt":"2013-12-09T20:50:51","guid":{"rendered":"http:\/\/www.eldigitaldeasturias.com\/noticias\/?p=459829"},"modified":"2013-12-09T19:50:51","modified_gmt":"2013-12-09T20:50:51","slug":"carlos-nunez-cree-que-sus-conciertos-son-un-viaje-iniciatico-para-el-publico","status":"publish","type":"post","link":"https:\/\/www.eldigitaldeasturias.com\/noticias\/carlos-nunez-cree-que-sus-conciertos-son-un-viaje-iniciatico-para-el-publico\/","title":{"rendered":"Carlos N\u00fa\u00f1ez cree que sus conciertos son un viaje inici\u00e1tico para el p\u00fablico"},"content":{"rendered":"<p><img loading=\"lazy\" decoding=\"async\" class=\"alignleft size-medium wp-image-459830\" alt=\"5781596w\" src=\"https:\/\/www.eldigitaldeasturias.com\/noticias\/wp-content\/uploads\/2013\/12\/5781596w-360x289.jpg\" width=\"360\" height=\"289\" \/>Logro\u00f1o, 9 dic (EFE).- El gaitero Carlos N\u00fa\u00f1ez ha opinado hoy que \u00abla m\u00fasica celta es como un b\u00e1lsamo m\u00e1gico y encantador en el que entran todos los mundos\u00bb y ha comparado sus conciertos con \u00abun peque\u00f1o Camino de Santiago y un verdadero viaje inici\u00e1tico para el p\u00fablico, que experimenta cosas muy profundas\u00bb.<\/p>\n<p>N\u00fa\u00f1ez actuar\u00e1 el pr\u00f3ximo 18 de diciembre en el Teatro Bret\u00f3n de Logro\u00f1o, donde presentar\u00e1 su disco \u00abDiscover\u00bb (2012), una antolog\u00eda en la que repasa los \u00faltimos quince a\u00f1os de su carrera y que le llevar\u00e1 a visitar diversas capitales espa\u00f1olas durante todo el mes de diciembre.<\/p>\n<p>\u00abLa m\u00fasica celta actual ya no es la misma que la de los a\u00f1os setenta, que se limitaba a Irlanda, Escocia y un poco en Galicia, mientras que ahora va mucho m\u00e1s all\u00e1\u00bb, asegura, despu\u00e9s de haber puesto a tocar a este g\u00e9nero a \u00abgrandes artistas de flamenco\u00bb.<\/p>\n<p>Adem\u00e1s de encargarse de la sinton\u00eda de \u00abLa Vuelta a Espa\u00f1a\u00bb, en 2013 ha cosechado un gran \u00e9xito en las giras de presentaci\u00f3n de \u00abDiscover\u00bb por el Reino Unido, Alemania, Estados Unidos, Argentina, Francia y Jap\u00f3n.<\/p>\n<p>Este m\u00fasico gallego cree que Espa\u00f1a tiene dos energ\u00edas: el Atl\u00e1ntico, que para \u00e9l supone la magia, las leyendas, el rom\u00e1nico, la Edad Media, los celtas y la gaita, y el Mediterr\u00e1neo, que evoca al mundo grecolatino, las conexiones con lo \u00e1rabe y la guitarra.<\/p>\n<p>Por ello, cree que a lo largo de su historia la pen\u00ednsula ib\u00e9rica ha sido como un campo de juego en el que compet\u00edan dos equipos, liderados por la gaita y la guitarra.<\/p>\n<p>As\u00ed, ha explicado, cada instrumento ha tenido sus \u00e9pocas hegem\u00f3nicas, y cuando ambos mundos viajaron a Am\u00e9rica gan\u00f3 la guitarra, mientras que la gaita pervivi\u00f3 en un mundo medieval, pero tiempo despu\u00e9s, ha vuelto a renacer la energ\u00eda escondida en este instrumento de viento.<\/p>\n<p>Ha avanzado que el pr\u00f3ximo 22 de enero ofrecer\u00e1 el concierto de San Patricio en la catedral de Dubl\u00edn y ha subrayado que \u00abhace a\u00f1os era impensable que un espa\u00f1ol se encargase de este recital en la capital de Irlanda\u00bb.<\/p>\n<p>En 2014 se cumplir\u00e1n veinte a\u00f1os de la primera vez que Carlos N\u00fa\u00f1ez se subi\u00f3 a un escenario estadounidense, en el Carnegie Hall de Nueva York, donde toc\u00f3 junto a la banda irlandesa de m\u00fasica celta \u00abThe Chieftains\u00bb, cuyo violinista y bailar\u00edn, Jon Pilatzke, le acompa\u00f1a en la gira espa\u00f1ola de \u00abDiscover\u00bb.<\/p>\n<p>Ha recordado que, \u00abde pronto\u00bb, se encontr\u00f3 tocando junto a The Who, Alice Cooper y Sinead O&#8217;Connor y comenz\u00f3 una gira junto al grupo irland\u00e9s en Estados Unidos, donde le ve\u00edan \u00abcomo a un latino\u00bb.<\/p>\n<p>El pr\u00f3ximo a\u00f1o participar\u00e1 en \u00abHeartbeat of Home\u00bb, el nuevo proyecto de danza de los creadores de Riverdance que dar\u00e1 la vuelta al mundo.<\/p>\n","protected":false},"excerpt":{"rendered":"<p>Logro\u00f1o, 9 dic (EFE).- El gaitero Carlos N\u00fa\u00f1ez ha opinado hoy que \u00abla m\u00fasica celta es como un b\u00e1lsamo m\u00e1gico y encantador en el que entran todos los mundos\u00bb y ha comparado sus conciertos con \u00abun peque\u00f1o Camino de Santiago y un verdadero viaje inici\u00e1tico para el p\u00fablico, que experimenta cosas muy profundas\u00bb. N\u00fa\u00f1ez actuar\u00e1 [&hellip;]<\/p>\n","protected":false},"author":1,"featured_media":459830,"comment_status":"closed","ping_status":"open","sticky":false,"template":"","format":"standard","meta":{"footnotes":""},"categories":[50],"tags":[],"class_list":["post-459829","post","type-post","status-publish","format-standard","has-post-thumbnail","hentry","category-revista-de-ocio"],"aioseo_notices":[],"aioseo_head":"\n\t\t<!-- All in One SEO Pro 5.0.1 - aioseo.com -->\n\t<meta name=\"description\" content=\"Logro\u00f1o, 9 dic (EFE).- El gaitero Carlos N\u00fa\u00f1ez ha opinado hoy que &quot;la m\u00fasica celta es como un b\u00e1lsamo m\u00e1gico y encantador en el que entran todos los mundos&quot; y ha comparado sus conciertos con &quot;un peque\u00f1o Camino de Santiago y un verdadero viaje inici\u00e1tico para el p\u00fablico, que experimenta cosas muy profundas&quot;. N\u00fa\u00f1ez actuar\u00e1\" \/>\n\t<meta name=\"robots\" content=\"max-image-preview:large\" \/>\n\t<meta name=\"author\" content=\"El Digital de Asturias\"\/>\n\t<meta name=\"google-site-verification\" content=\"UA-38556648-1\" \/>\n\t<meta name=\"msvalidate.01\" content=\"7dfe9f3f1b24437ab69f4f2559babe99\" \/>\n\t<meta name=\"keywords\" content=\"revista de ocio\" \/>\n\t<link rel=\"canonical\" href=\"https:\/\/www.eldigitaldeasturias.com\/noticias\/carlos-nunez-cree-que-sus-conciertos-son-un-viaje-iniciatico-para-el-publico\/\" \/>\n\t<meta name=\"generator\" content=\"All in One SEO Pro (AIOSEO) 5.0.1\" \/>\n\t\t<meta property=\"og:locale\" content=\"es_ES\" \/>\n\t\t<meta property=\"og:site_name\" content=\"El Digital de Asturias\" \/>\n\t\t<meta property=\"og:type\" content=\"article\" \/>\n\t\t<meta property=\"og:title\" content=\"Carlos N\u00fa\u00f1ez cree que sus conciertos son un viaje inici\u00e1tico para el p\u00fablico - El Digital de Asturias\" \/>\n\t\t<meta property=\"og:description\" content=\"Logro\u00f1o, 9 dic (EFE).- El gaitero Carlos N\u00fa\u00f1ez ha opinado hoy que &quot;la m\u00fasica celta es como un b\u00e1lsamo m\u00e1gico y encantador en el que entran todos los mundos&quot; y ha comparado sus conciertos con &quot;un peque\u00f1o Camino de Santiago y un verdadero viaje inici\u00e1tico para el p\u00fablico, que experimenta cosas muy profundas&quot;. N\u00fa\u00f1ez actuar\u00e1\" \/>\n\t\t<meta property=\"og:url\" content=\"https:\/\/www.eldigitaldeasturias.com\/noticias\/carlos-nunez-cree-que-sus-conciertos-son-un-viaje-iniciatico-para-el-publico\/\" \/>\n\t\t<meta property=\"article:tag\" content=\"revista de ocio\" \/>\n\t\t<meta property=\"article:published_time\" content=\"2013-12-09T20:50:51+00:00\" \/>\n\t\t<meta property=\"article:modified_time\" content=\"2013-12-09T20:50:51+00:00\" \/>\n\t\t<meta property=\"article:publisher\" content=\"https:\/\/facebook.com\/eldigitaldeasturias\" \/>\n\t\t<meta name=\"twitter:card\" content=\"summary_large_image\" \/>\n\t\t<meta name=\"twitter:title\" content=\"Carlos N\u00fa\u00f1ez cree que sus conciertos son un viaje inici\u00e1tico para el p\u00fablico - El Digital de Asturias\" \/>\n\t\t<meta name=\"twitter:description\" content=\"Logro\u00f1o, 9 dic (EFE).- El gaitero Carlos N\u00fa\u00f1ez ha opinado hoy que &quot;la m\u00fasica celta es como un b\u00e1lsamo m\u00e1gico y encantador en el que entran todos los mundos&quot; y ha comparado sus conciertos con &quot;un peque\u00f1o Camino de Santiago y un verdadero viaje inici\u00e1tico para el p\u00fablico, que experimenta cosas muy profundas&quot;. N\u00fa\u00f1ez actuar\u00e1\" \/>\n\t\t<meta name=\"twitter:label1\" content=\"Escrito por\" \/>\n\t\t<meta name=\"twitter:data1\" content=\"El Digital de Asturias\" \/>\n\t\t<meta name=\"twitter:label2\" content=\"Tiempo de lectura estimado\" \/>\n\t\t<meta name=\"twitter:data2\" content=\"3 minutos\" \/>\n\t\t<script type=\"application\/ld+json\" class=\"aioseo-schema\">\n\t\t\t{\"@context\":\"https:\\\/\\\/schema.org\",\"@graph\":[{\"@type\":\"BlogPosting\",\"@id\":\"https:\\\/\\\/www.eldigitaldeasturias.com\\\/noticias\\\/carlos-nunez-cree-que-sus-conciertos-son-un-viaje-iniciatico-para-el-publico\\\/#blogposting\",\"name\":\"Carlos N\\u00fa\\u00f1ez cree que sus conciertos son un viaje inici\\u00e1tico para el p\\u00fablico - El Digital de Asturias\",\"headline\":\"Carlos N\\u00fa\\u00f1ez cree que sus conciertos son un viaje inici\\u00e1tico para el p\\u00fablico\",\"author\":{\"@id\":\"https:\\\/\\\/www.eldigitaldeasturias.com\\\/noticias\\\/author\\\/admin\\\/#author\"},\"publisher\":{\"@id\":\"https:\\\/\\\/www.eldigitaldeasturias.com\\\/noticias\\\/#organization\"},\"image\":{\"@type\":\"ImageObject\",\"url\":459830},\"datePublished\":\"2013-12-09T19:50:51+01:00\",\"dateModified\":\"2013-12-09T19:50:51+01:00\",\"inLanguage\":\"es-ES\",\"mainEntityOfPage\":{\"@id\":\"https:\\\/\\\/www.eldigitaldeasturias.com\\\/noticias\\\/carlos-nunez-cree-que-sus-conciertos-son-un-viaje-iniciatico-para-el-publico\\\/#webpage\"},\"isPartOf\":{\"@id\":\"https:\\\/\\\/www.eldigitaldeasturias.com\\\/noticias\\\/carlos-nunez-cree-que-sus-conciertos-son-un-viaje-iniciatico-para-el-publico\\\/#webpage\"},\"articleSection\":\"Revista de Ocio\"},{\"@type\":\"BreadcrumbList\",\"@id\":\"https:\\\/\\\/www.eldigitaldeasturias.com\\\/noticias\\\/carlos-nunez-cree-que-sus-conciertos-son-un-viaje-iniciatico-para-el-publico\\\/#breadcrumblist\",\"itemListElement\":[{\"@type\":\"ListItem\",\"@id\":\"https:\\\/\\\/www.eldigitaldeasturias.com\\\/noticias#listItem\",\"position\":1,\"name\":\"Home\",\"item\":\"https:\\\/\\\/www.eldigitaldeasturias.com\\\/noticias\",\"nextItem\":{\"@type\":\"ListItem\",\"@id\":\"https:\\\/\\\/www.eldigitaldeasturias.com\\\/noticias\\\/category\\\/revista-de-ocio\\\/#listItem\",\"name\":\"Revista de Ocio\"}},{\"@type\":\"ListItem\",\"@id\":\"https:\\\/\\\/www.eldigitaldeasturias.com\\\/noticias\\\/category\\\/revista-de-ocio\\\/#listItem\",\"position\":2,\"name\":\"Revista de Ocio\",\"item\":\"https:\\\/\\\/www.eldigitaldeasturias.com\\\/noticias\\\/category\\\/revista-de-ocio\\\/\",\"nextItem\":{\"@type\":\"ListItem\",\"@id\":\"https:\\\/\\\/www.eldigitaldeasturias.com\\\/noticias\\\/carlos-nunez-cree-que-sus-conciertos-son-un-viaje-iniciatico-para-el-publico\\\/#listItem\",\"name\":\"Carlos N\\u00fa\\u00f1ez cree que sus conciertos son un viaje inici\\u00e1tico para el p\\u00fablico\"},\"previousItem\":{\"@type\":\"ListItem\",\"@id\":\"https:\\\/\\\/www.eldigitaldeasturias.com\\\/noticias#listItem\",\"name\":\"Home\"}},{\"@type\":\"ListItem\",\"@id\":\"https:\\\/\\\/www.eldigitaldeasturias.com\\\/noticias\\\/carlos-nunez-cree-que-sus-conciertos-son-un-viaje-iniciatico-para-el-publico\\\/#listItem\",\"position\":3,\"name\":\"Carlos N\\u00fa\\u00f1ez cree que sus conciertos son un viaje inici\\u00e1tico para el p\\u00fablico\",\"previousItem\":{\"@type\":\"ListItem\",\"@id\":\"https:\\\/\\\/www.eldigitaldeasturias.com\\\/noticias\\\/category\\\/revista-de-ocio\\\/#listItem\",\"name\":\"Revista de Ocio\"}}]},{\"@type\":\"Organization\",\"@id\":\"https:\\\/\\\/www.eldigitaldeasturias.com\\\/noticias\\\/#organization\",\"name\":\"El Digital de Asturias\",\"description\":\"Hemeroteca\",\"url\":\"https:\\\/\\\/www.eldigitaldeasturias.com\\\/noticias\\\/\",\"email\":\"info@eldigitaldeasturias.com\",\"telephone\":\"+34652131393\",\"logo\":{\"@type\":\"ImageObject\",\"url\":\"https:\\\/\\\/www.eldigitaldeasturias.com\\\/noticias\\\/wp-content\\\/uploads\\\/2020\\\/12\\\/EDA.jpg\",\"@id\":\"https:\\\/\\\/www.eldigitaldeasturias.com\\\/noticias\\\/carlos-nunez-cree-que-sus-conciertos-son-un-viaje-iniciatico-para-el-publico\\\/#organizationLogo\"},\"image\":{\"@id\":\"https:\\\/\\\/www.eldigitaldeasturias.com\\\/noticias\\\/carlos-nunez-cree-que-sus-conciertos-son-un-viaje-iniciatico-para-el-publico\\\/#organizationLogo\"},\"sameAs\":[\"https:\\\/\\\/facebook.com\\\/eldigitaldeasturias\",\"https:\\\/\\\/www.youtube.com\\\/channel\\\/UCZP-2wLEB9Rv6erhFmqVnvg\"],\"address\":{\"@id\":\"https:\\\/\\\/www.eldigitaldeasturias.com\\\/noticias\\\/#postaladdress\",\"@type\":\"PostalAddress\",\"streetAddress\":\"san antonio 4\",\"postalCode\":\"33430\",\"addressLocality\":\"Cand\\u00e1s\",\"addressRegion\":\"Asturias\",\"addressCountry\":\"ES\"}},{\"@type\":\"Person\",\"@id\":\"https:\\\/\\\/www.eldigitaldeasturias.com\\\/noticias\\\/author\\\/admin\\\/#author\",\"url\":\"https:\\\/\\\/www.eldigitaldeasturias.com\\\/noticias\\\/author\\\/admin\\\/\",\"name\":\"El Digital de Asturias\",\"image\":{\"@type\":\"ImageObject\",\"@id\":\"https:\\\/\\\/www.eldigitaldeasturias.com\\\/noticias\\\/carlos-nunez-cree-que-sus-conciertos-son-un-viaje-iniciatico-para-el-publico\\\/#authorImage\",\"url\":\"https:\\\/\\\/secure.gravatar.com\\\/avatar\\\/df2aeffc32bcd13f8d26072ef8a91b623d677766deac7f97ca815868cd41bf5e?s=96&d=mm&r=g\",\"width\":96,\"height\":96,\"caption\":\"El Digital de Asturias\"}},{\"@type\":\"WebPage\",\"@id\":\"https:\\\/\\\/www.eldigitaldeasturias.com\\\/noticias\\\/carlos-nunez-cree-que-sus-conciertos-son-un-viaje-iniciatico-para-el-publico\\\/#webpage\",\"url\":\"https:\\\/\\\/www.eldigitaldeasturias.com\\\/noticias\\\/carlos-nunez-cree-que-sus-conciertos-son-un-viaje-iniciatico-para-el-publico\\\/\",\"name\":\"Carlos N\\u00fa\\u00f1ez cree que sus conciertos son un viaje inici\\u00e1tico para el p\\u00fablico - El Digital de Asturias\",\"description\":\"Logro\\u00f1o, 9 dic (EFE).- El gaitero Carlos N\\u00fa\\u00f1ez ha opinado hoy que \\\"la m\\u00fasica celta es como un b\\u00e1lsamo m\\u00e1gico y encantador en el que entran todos los mundos\\\" y ha comparado sus conciertos con \\\"un peque\\u00f1o Camino de Santiago y un verdadero viaje inici\\u00e1tico para el p\\u00fablico, que experimenta cosas muy profundas\\\". N\\u00fa\\u00f1ez actuar\\u00e1\",\"inLanguage\":\"es-ES\",\"isPartOf\":{\"@id\":\"https:\\\/\\\/www.eldigitaldeasturias.com\\\/noticias\\\/#website\"},\"breadcrumb\":{\"@id\":\"https:\\\/\\\/www.eldigitaldeasturias.com\\\/noticias\\\/carlos-nunez-cree-que-sus-conciertos-son-un-viaje-iniciatico-para-el-publico\\\/#breadcrumblist\"},\"author\":{\"@id\":\"https:\\\/\\\/www.eldigitaldeasturias.com\\\/noticias\\\/author\\\/admin\\\/#author\"},\"creator\":{\"@id\":\"https:\\\/\\\/www.eldigitaldeasturias.com\\\/noticias\\\/author\\\/admin\\\/#author\"},\"image\":{\"@type\":\"ImageObject\",\"url\":459830,\"@id\":\"https:\\\/\\\/www.eldigitaldeasturias.com\\\/noticias\\\/carlos-nunez-cree-que-sus-conciertos-son-un-viaje-iniciatico-para-el-publico\\\/#mainImage\"},\"primaryImageOfPage\":{\"@id\":\"https:\\\/\\\/www.eldigitaldeasturias.com\\\/noticias\\\/carlos-nunez-cree-que-sus-conciertos-son-un-viaje-iniciatico-para-el-publico\\\/#mainImage\"},\"datePublished\":\"2013-12-09T19:50:51+01:00\",\"dateModified\":\"2013-12-09T19:50:51+01:00\"},{\"@type\":\"WebSite\",\"@id\":\"https:\\\/\\\/www.eldigitaldeasturias.com\\\/noticias\\\/#website\",\"url\":\"https:\\\/\\\/www.eldigitaldeasturias.com\\\/noticias\\\/\",\"name\":\"El Digital de Asturias - Diario de actualidad y noticias\",\"alternateName\":\"El Digital de Asturias - Diario de actualidad y noticias\",\"description\":\"Hemeroteca\",\"inLanguage\":\"es-ES\",\"publisher\":{\"@id\":\"https:\\\/\\\/www.eldigitaldeasturias.com\\\/noticias\\\/#organization\"}}]}\n\t\t<\/script>\n\t\t<!-- All in One SEO Pro -->\r\n\t\t<title>Carlos N\u00fa\u00f1ez cree que sus conciertos son un viaje inici\u00e1tico para el p\u00fablico - El Digital de Asturias<\/title>\n\n","aioseo_head_json":{"title":"Carlos N\u00fa\u00f1ez cree que sus conciertos son un viaje inici\u00e1tico para el p\u00fablico - El Digital de Asturias","description":"Logro\u00f1o, 9 dic (EFE).- El gaitero Carlos N\u00fa\u00f1ez ha opinado hoy que \"la m\u00fasica celta es como un b\u00e1lsamo m\u00e1gico y encantador en el que entran todos los mundos\" y ha comparado sus conciertos con \"un peque\u00f1o Camino de Santiago y un verdadero viaje inici\u00e1tico para el p\u00fablico, que experimenta cosas muy profundas\". N\u00fa\u00f1ez actuar\u00e1","canonical_url":"https:\/\/www.eldigitaldeasturias.com\/noticias\/carlos-nunez-cree-que-sus-conciertos-son-un-viaje-iniciatico-para-el-publico\/","robots":"max-image-preview:large","keywords":"revista de ocio","webmasterTools":{"google-site-verification":"UA-38556648-1","msvalidate.01":"7dfe9f3f1b24437ab69f4f2559babe99","miscellaneous":""},"schema":{"@context":"https:\/\/schema.org","@graph":[{"@type":"BlogPosting","@id":"https:\/\/www.eldigitaldeasturias.com\/noticias\/carlos-nunez-cree-que-sus-conciertos-son-un-viaje-iniciatico-para-el-publico\/#blogposting","name":"Carlos N\u00fa\u00f1ez cree que sus conciertos son un viaje inici\u00e1tico para el p\u00fablico - El Digital de Asturias","headline":"Carlos N\u00fa\u00f1ez cree que sus conciertos son un viaje inici\u00e1tico para el p\u00fablico","author":{"@id":"https:\/\/www.eldigitaldeasturias.com\/noticias\/author\/admin\/#author"},"publisher":{"@id":"https:\/\/www.eldigitaldeasturias.com\/noticias\/#organization"},"image":{"@type":"ImageObject","url":459830},"datePublished":"2013-12-09T19:50:51+01:00","dateModified":"2013-12-09T19:50:51+01:00","inLanguage":"es-ES","mainEntityOfPage":{"@id":"https:\/\/www.eldigitaldeasturias.com\/noticias\/carlos-nunez-cree-que-sus-conciertos-son-un-viaje-iniciatico-para-el-publico\/#webpage"},"isPartOf":{"@id":"https:\/\/www.eldigitaldeasturias.com\/noticias\/carlos-nunez-cree-que-sus-conciertos-son-un-viaje-iniciatico-para-el-publico\/#webpage"},"articleSection":"Revista de Ocio"},{"@type":"BreadcrumbList","@id":"https:\/\/www.eldigitaldeasturias.com\/noticias\/carlos-nunez-cree-que-sus-conciertos-son-un-viaje-iniciatico-para-el-publico\/#breadcrumblist","itemListElement":[{"@type":"ListItem","@id":"https:\/\/www.eldigitaldeasturias.com\/noticias#listItem","position":1,"name":"Home","item":"https:\/\/www.eldigitaldeasturias.com\/noticias","nextItem":{"@type":"ListItem","@id":"https:\/\/www.eldigitaldeasturias.com\/noticias\/category\/revista-de-ocio\/#listItem","name":"Revista de Ocio"}},{"@type":"ListItem","@id":"https:\/\/www.eldigitaldeasturias.com\/noticias\/category\/revista-de-ocio\/#listItem","position":2,"name":"Revista de Ocio","item":"https:\/\/www.eldigitaldeasturias.com\/noticias\/category\/revista-de-ocio\/","nextItem":{"@type":"ListItem","@id":"https:\/\/www.eldigitaldeasturias.com\/noticias\/carlos-nunez-cree-que-sus-conciertos-son-un-viaje-iniciatico-para-el-publico\/#listItem","name":"Carlos N\u00fa\u00f1ez cree que sus conciertos son un viaje inici\u00e1tico para el p\u00fablico"},"previousItem":{"@type":"ListItem","@id":"https:\/\/www.eldigitaldeasturias.com\/noticias#listItem","name":"Home"}},{"@type":"ListItem","@id":"https:\/\/www.eldigitaldeasturias.com\/noticias\/carlos-nunez-cree-que-sus-conciertos-son-un-viaje-iniciatico-para-el-publico\/#listItem","position":3,"name":"Carlos N\u00fa\u00f1ez cree que sus conciertos son un viaje inici\u00e1tico para el p\u00fablico","previousItem":{"@type":"ListItem","@id":"https:\/\/www.eldigitaldeasturias.com\/noticias\/category\/revista-de-ocio\/#listItem","name":"Revista de Ocio"}}]},{"@type":"Organization","@id":"https:\/\/www.eldigitaldeasturias.com\/noticias\/#organization","name":"El Digital de Asturias","description":"Hemeroteca","url":"https:\/\/www.eldigitaldeasturias.com\/noticias\/","email":"info@eldigitaldeasturias.com","telephone":"+34652131393","logo":{"@type":"ImageObject","url":"https:\/\/www.eldigitaldeasturias.com\/noticias\/wp-content\/uploads\/2020\/12\/EDA.jpg","@id":"https:\/\/www.eldigitaldeasturias.com\/noticias\/carlos-nunez-cree-que-sus-conciertos-son-un-viaje-iniciatico-para-el-publico\/#organizationLogo"},"image":{"@id":"https:\/\/www.eldigitaldeasturias.com\/noticias\/carlos-nunez-cree-que-sus-conciertos-son-un-viaje-iniciatico-para-el-publico\/#organizationLogo"},"sameAs":["https:\/\/facebook.com\/eldigitaldeasturias","https:\/\/www.youtube.com\/channel\/UCZP-2wLEB9Rv6erhFmqVnvg"],"address":{"@id":"https:\/\/www.eldigitaldeasturias.com\/noticias\/#postaladdress","@type":"PostalAddress","streetAddress":"san antonio 4","postalCode":"33430","addressLocality":"Cand\u00e1s","addressRegion":"Asturias","addressCountry":"ES"}},{"@type":"Person","@id":"https:\/\/www.eldigitaldeasturias.com\/noticias\/author\/admin\/#author","url":"https:\/\/www.eldigitaldeasturias.com\/noticias\/author\/admin\/","name":"El Digital de Asturias","image":{"@type":"ImageObject","@id":"https:\/\/www.eldigitaldeasturias.com\/noticias\/carlos-nunez-cree-que-sus-conciertos-son-un-viaje-iniciatico-para-el-publico\/#authorImage","url":"https:\/\/secure.gravatar.com\/avatar\/df2aeffc32bcd13f8d26072ef8a91b623d677766deac7f97ca815868cd41bf5e?s=96&d=mm&r=g","width":96,"height":96,"caption":"El Digital de Asturias"}},{"@type":"WebPage","@id":"https:\/\/www.eldigitaldeasturias.com\/noticias\/carlos-nunez-cree-que-sus-conciertos-son-un-viaje-iniciatico-para-el-publico\/#webpage","url":"https:\/\/www.eldigitaldeasturias.com\/noticias\/carlos-nunez-cree-que-sus-conciertos-son-un-viaje-iniciatico-para-el-publico\/","name":"Carlos N\u00fa\u00f1ez cree que sus conciertos son un viaje inici\u00e1tico para el p\u00fablico - El Digital de Asturias","description":"Logro\u00f1o, 9 dic (EFE).- El gaitero Carlos N\u00fa\u00f1ez ha opinado hoy que \"la m\u00fasica celta es como un b\u00e1lsamo m\u00e1gico y encantador en el que entran todos los mundos\" y ha comparado sus conciertos con \"un peque\u00f1o Camino de Santiago y un verdadero viaje inici\u00e1tico para el p\u00fablico, que experimenta cosas muy profundas\". N\u00fa\u00f1ez actuar\u00e1","inLanguage":"es-ES","isPartOf":{"@id":"https:\/\/www.eldigitaldeasturias.com\/noticias\/#website"},"breadcrumb":{"@id":"https:\/\/www.eldigitaldeasturias.com\/noticias\/carlos-nunez-cree-que-sus-conciertos-son-un-viaje-iniciatico-para-el-publico\/#breadcrumblist"},"author":{"@id":"https:\/\/www.eldigitaldeasturias.com\/noticias\/author\/admin\/#author"},"creator":{"@id":"https:\/\/www.eldigitaldeasturias.com\/noticias\/author\/admin\/#author"},"image":{"@type":"ImageObject","url":459830,"@id":"https:\/\/www.eldigitaldeasturias.com\/noticias\/carlos-nunez-cree-que-sus-conciertos-son-un-viaje-iniciatico-para-el-publico\/#mainImage"},"primaryImageOfPage":{"@id":"https:\/\/www.eldigitaldeasturias.com\/noticias\/carlos-nunez-cree-que-sus-conciertos-son-un-viaje-iniciatico-para-el-publico\/#mainImage"},"datePublished":"2013-12-09T19:50:51+01:00","dateModified":"2013-12-09T19:50:51+01:00"},{"@type":"WebSite","@id":"https:\/\/www.eldigitaldeasturias.com\/noticias\/#website","url":"https:\/\/www.eldigitaldeasturias.com\/noticias\/","name":"El Digital de Asturias - Diario de actualidad y noticias","alternateName":"El Digital de Asturias - Diario de actualidad y noticias","description":"Hemeroteca","inLanguage":"es-ES","publisher":{"@id":"https:\/\/www.eldigitaldeasturias.com\/noticias\/#organization"}}]},"og:locale":"es_ES","og:site_name":"El Digital de Asturias","og:type":"article","og:title":"Carlos N\u00fa\u00f1ez cree que sus conciertos son un viaje inici\u00e1tico para el p\u00fablico - El Digital de Asturias","og:description":"Logro\u00f1o, 9 dic (EFE).- El gaitero Carlos N\u00fa\u00f1ez ha opinado hoy que &quot;la m\u00fasica celta es como un b\u00e1lsamo m\u00e1gico y encantador en el que entran todos los mundos&quot; y ha comparado sus conciertos con &quot;un peque\u00f1o Camino de Santiago y un verdadero viaje inici\u00e1tico para el p\u00fablico, que experimenta cosas muy profundas&quot;. N\u00fa\u00f1ez actuar\u00e1","og:url":"https:\/\/www.eldigitaldeasturias.com\/noticias\/carlos-nunez-cree-que-sus-conciertos-son-un-viaje-iniciatico-para-el-publico\/","article:tag":["revista de ocio"],"article:published_time":"2013-12-09T20:50:51+00:00","article:modified_time":"2013-12-09T20:50:51+00:00","article:publisher":"https:\/\/facebook.com\/eldigitaldeasturias","twitter:card":"summary_large_image","twitter:title":"Carlos N\u00fa\u00f1ez cree que sus conciertos son un viaje inici\u00e1tico para el p\u00fablico - El Digital de Asturias","twitter:description":"Logro\u00f1o, 9 dic (EFE).- El gaitero Carlos N\u00fa\u00f1ez ha opinado hoy que &quot;la m\u00fasica celta es como un b\u00e1lsamo m\u00e1gico y encantador en el que entran todos los mundos&quot; y ha comparado sus conciertos con &quot;un peque\u00f1o Camino de Santiago y un verdadero viaje inici\u00e1tico para el p\u00fablico, que experimenta cosas muy profundas&quot;. N\u00fa\u00f1ez actuar\u00e1","twitter:label1":"Escrito por","twitter:data1":"El Digital de Asturias","twitter:label2":"Tiempo de lectura estimado","twitter:data2":"3 minutos"},"aioseo_meta_data":{"post_id":"459829","title":null,"description":null,"keywords":null,"keyphrases":null,"primary_term":null,"canonical_url":null,"og_title":null,"og_description":null,"og_object_type":"default","og_image_type":"default","og_image_url":null,"og_image_width":null,"og_image_height":null,"og_image_custom_url":null,"og_image_custom_fields":null,"og_video":null,"og_custom_url":null,"og_article_section":null,"og_article_tags":null,"twitter_use_og":true,"twitter_card":"default","twitter_image_type":"default","twitter_image_url":null,"twitter_image_custom_url":null,"twitter_image_custom_fields":null,"twitter_title":null,"twitter_description":null,"schema":{"blockGraphs":[],"customGraphs":[],"default":{"data":{"Article":[],"Course":[],"Dataset":[],"FAQPage":[],"Movie":[],"Person":[],"Product":[],"ProductReview":[],"Car":[],"Recipe":[],"Service":[],"SoftwareApplication":[],"WebPage":[]},"graphName":"","isEnabled":true},"graphs":[],"defaultGraph":"","defaultPostTypeGraph":""},"schema_type":null,"schema_type_options":null,"pillar_content":false,"robots_default":true,"robots_noindex":false,"robots_noarchive":false,"robots_nosnippet":false,"robots_nofollow":false,"robots_noimageindex":false,"robots_noodp":false,"robots_notranslate":false,"robots_max_snippet":null,"robots_max_videopreview":null,"robots_max_imagepreview":"none","priority":null,"frequency":null,"local_seo":null,"seo_analyzer_scan_date":"2026-05-30 10:46:57","breadcrumb_settings":null,"limit_modified_date":false,"open_ai":null,"ai":null,"created":"2020-11-14 22:47:39","updated":"2026-05-30 10:46:57","focus_keyword":null,"additional_keywords":null,"truseo_locale":null},"aioseo_breadcrumb":"<div class=\"aioseo-breadcrumbs\"><span class=\"aioseo-breadcrumb\">\n\t<a href=\"https:\/\/www.eldigitaldeasturias.com\/noticias\" title=\"Home\">Home<\/a>\n<\/span><span class=\"aioseo-breadcrumb-separator\">\u2013<\/span><span class=\"aioseo-breadcrumb\">\n\t<a href=\"https:\/\/www.eldigitaldeasturias.com\/noticias\/category\/revista-de-ocio\/\" title=\"Revista de Ocio\">Revista de Ocio<\/a>\n<\/span><span class=\"aioseo-breadcrumb-separator\">\u2013<\/span><span class=\"aioseo-breadcrumb\">\n\t<a href=\"https:\/\/www.eldigitaldeasturias.com\/noticias\/carlos-nunez-cree-que-sus-conciertos-son-un-viaje-iniciatico-para-el-publico\/\" title=\"Carlos N\u00fa\u00f1ez cree que sus conciertos son un viaje inici\u00e1tico para el p\u00fablico\">Carlos N\u00fa\u00f1ez cree que sus conciertos son un viaje inici\u00e1tico para el p\u00fablico<\/a>\n<\/span><\/div>","aioseo_breadcrumb_json":[{"label":"Home","link":"https:\/\/www.eldigitaldeasturias.com\/noticias"},{"label":"Revista de Ocio","link":"https:\/\/www.eldigitaldeasturias.com\/noticias\/category\/revista-de-ocio\/"},{"label":"Carlos N\u00fa\u00f1ez cree que sus conciertos son un viaje inici\u00e1tico para el p\u00fablico","link":"https:\/\/www.eldigitaldeasturias.com\/noticias\/carlos-nunez-cree-que-sus-conciertos-son-un-viaje-iniciatico-para-el-publico\/"}],"_links":{"self":[{"href":"https:\/\/www.eldigitaldeasturias.com\/noticias\/wp-json\/wp\/v2\/posts\/459829","targetHints":{"allow":["GET"]}}],"collection":[{"href":"https:\/\/www.eldigitaldeasturias.com\/noticias\/wp-json\/wp\/v2\/posts"}],"about":[{"href":"https:\/\/www.eldigitaldeasturias.com\/noticias\/wp-json\/wp\/v2\/types\/post"}],"author":[{"embeddable":true,"href":"https:\/\/www.eldigitaldeasturias.com\/noticias\/wp-json\/wp\/v2\/users\/1"}],"replies":[{"embeddable":true,"href":"https:\/\/www.eldigitaldeasturias.com\/noticias\/wp-json\/wp\/v2\/comments?post=459829"}],"version-history":[{"count":0,"href":"https:\/\/www.eldigitaldeasturias.com\/noticias\/wp-json\/wp\/v2\/posts\/459829\/revisions"}],"wp:attachment":[{"href":"https:\/\/www.eldigitaldeasturias.com\/noticias\/wp-json\/wp\/v2\/media?parent=459829"}],"wp:term":[{"taxonomy":"category","embeddable":true,"href":"https:\/\/www.eldigitaldeasturias.com\/noticias\/wp-json\/wp\/v2\/categories?post=459829"},{"taxonomy":"post_tag","embeddable":true,"href":"https:\/\/www.eldigitaldeasturias.com\/noticias\/wp-json\/wp\/v2\/tags?post=459829"}],"curies":[{"name":"wp","href":"https:\/\/api.w.org\/{rel}","templated":true}]}}