{"id":459826,"date":"2013-12-09T19:48:07","date_gmt":"2013-12-09T20:48:07","guid":{"rendered":"http:\/\/www.eldigitaldeasturias.com\/noticias\/?p=459826"},"modified":"2013-12-09T19:48:07","modified_gmt":"2013-12-09T20:48:07","slug":"un-proyecto-europeo-trabajara-con-moleculas-rna-para-crear-una-vacuna-contra-el-sida","status":"publish","type":"post","link":"https:\/\/www.eldigitaldeasturias.com\/noticias\/un-proyecto-europeo-trabajara-con-moleculas-rna-para-crear-una-vacuna-contra-el-sida\/","title":{"rendered":"Un proyecto europeo trabajar\u00e1 con mol\u00e9culas RNA para crear una vacuna contra el sida"},"content":{"rendered":"<p><img loading=\"lazy\" decoding=\"async\" class=\"alignleft size-medium wp-image-459827\" alt=\"5781312w\" src=\"https:\/\/www.eldigitaldeasturias.com\/noticias\/wp-content\/uploads\/2013\/12\/5781312w-360x239.jpg\" width=\"360\" height=\"239\" \/>Barcelona, 9 dic (EFE).- Barcelona, 9 dic (EFE).- Cient\u00edficos del Hospital Cl\u00ednic de Barcelona han presentado el proyecto europeo iHivarna, que utilizar\u00e1 por primera vez mol\u00e9culas RNA para crear una vacuna terap\u00e9utica que consiga inmunizar a pacientes infectados por el VIH y que, seg\u00fan conf\u00edan, podr\u00eda estar lista de aqu\u00ed a cuatro a\u00f1os.<\/p>\n<p>Seg\u00fan ha explicado el jefe del equipo de investigaci\u00f3n &#8216;Sida y enfermedades infecciosas&#8217; del Instituto de Investigaciones Biom\u00e9dicas August Pi i Sunyer (Idibaps), el doctor Josep Maria Gatell, esta vacuna terap\u00e9utica \u00abevitar\u00eda el rebrote que sufren las personas infectadas por VIH al retirar la medicaci\u00f3n antirretroviral\u00bb, actualmente el \u00fanico tratamiento disponible.<\/p>\n<p>iHivarna se basa en los resultados obtenidos en enero de este a\u00f1o durante el ensayo cl\u00ednico de una vacuna terap\u00e9utica que logr\u00f3 reducir en un 90 % la carga del virus en pacientes infectados, aunque de manera temporal.<\/p>\n<p>\u00abLa vacuna que queremos crear es una mejora de la que presentamos en enero de este mismo a\u00f1o, con la que conseguimos reducir entre un 90 y un 95% la carga viral en sangre de los enfermos que dejaban su tratamiento antirretroviral\u00bb, ha explicado el doctor Gatell.<\/p>\n<p>Ha se\u00f1alado, sin embargo, que estos porcentajes \u00abno son suficientes\u00bb y que el objetivo de este nuevo proyecto es llegar a reducir la cantidad de VIH en sangre \u00abal menos hasta el 99 %\u00bb.<\/p>\n<p>El coordinador del proyecto en Espa\u00f1a y tambi\u00e9n miembro del Idibaps, el doctor Felipe Garc\u00eda, ha explicado que para crear esta nueva vacuna el equipo trabajar\u00e1 por primera vez con mol\u00e9culas RNA, encargadas de llevar la informaci\u00f3n de los genes para sintetizar prote\u00ednas.<\/p>\n<p>La futura vacuna utilizar\u00eda este tipo de mol\u00e9culas para activar directamente las c\u00e9lulas dendr\u00edticas, que son aquellas que, en un organismo sano, se encargan de alertar a todo el cuerpo de una determinada enfermedad.<\/p>\n<p>\u00abEl organismo de una persona infectada por VIH nunca recibe \u00f3rdenes correctas o completas de qu\u00e9 es lo que tiene que hacer cuando est\u00e1 infectado y, en muchos casos, el organismo de pacientes con Sida no sabe ni que est\u00e1 infectado\u00bb, ha explicado el doctor Garc\u00eda.<\/p>\n<p>A esta idea de c\u00f3mo funcionar\u00e1 la futura vacuna, el doctor Gatell ha a\u00f1adido que \u00abse trata de la manera l\u00f3gica de avanzar teniendo en cuenta los resultados positivos y esperanzadores registrados en enero\u00bb.<\/p>\n<p>Durante el ensayo cl\u00ednico -la primera fase del cual se pondr\u00eda en marcha a principios del 2015- se pretende vacunar a 100 pacientes de tres pa\u00edses distintos: Espa\u00f1a, Holanda y B\u00e9lgica.<\/p>\n<p>En el caso de que la vacuna finalmente presentase unos resultados satisfactorios, su producci\u00f3n y comercializaci\u00f3n a gran escala ser\u00eda \u00abm\u00e1s que asumible\u00bb, ya que se trata de \u00abuna vacuna barata y f\u00e1cil de producir\u00bb, ha apuntado el doctor Gatell.<\/p>\n<p>El proyecto europeo iHivarna se enmarca en el t\u00f3pico &#8216;Seguridad y eficacia de las vacunas terap\u00e9uticas\u00bb del s\u00e9ptimo Programa Marco de Salud 2013 y est\u00e1 financiado con seis millones de euros por la Comisi\u00f3n Europea, seg\u00fan el doctor Gatell, \u00abel m\u00ednimo presupuesto imprescindible para tirar adelante\u00bb.<\/p>\n<p>El doctor Felipe Garc\u00eda ha recalcado que se trata de un \u00abproyecto muy competitivo que pretende unir los equipos l\u00edderes del sector europeo\u00bb y ha se\u00f1alado que de 1.500 propuestas que se presentaron ante la Comisi\u00f3n Europea solo 120 han sido concedidas y financiadas.<\/p>\n<p>El proyecto iHivarna est\u00e1 compuesto por cinco instituciones de investigaci\u00f3n y tres PyMEs del sector -dos catalanas y una belga- que tienen el objetivo de \u00abapoyar y agilizar el proyecto\u00bb, ha se\u00f1alado el doctor Garc\u00eda.<\/p>\n<p>De las cinco instituciones de investigaci\u00f3n, dos de los socios principales son catalanes -el Idibaps y el Instituto de Investigaci\u00f3n del Sida IrsiCaixa-, otros dos son universidades belgas -la de Bruselas y la de Amberes- y finalmente colabora la Universidad de Rotterdam (Holanda).<\/p>\n","protected":false},"excerpt":{"rendered":"<p>Barcelona, 9 dic (EFE).- Barcelona, 9 dic (EFE).- Cient\u00edficos del Hospital Cl\u00ednic de Barcelona han presentado el proyecto europeo iHivarna, que utilizar\u00e1 por primera vez mol\u00e9culas RNA para crear una vacuna terap\u00e9utica que consiga inmunizar a pacientes infectados por el VIH y que, seg\u00fan conf\u00edan, podr\u00eda estar lista de aqu\u00ed a cuatro a\u00f1os. Seg\u00fan ha [&hellip;]<\/p>\n","protected":false},"author":1,"featured_media":459827,"comment_status":"closed","ping_status":"open","sticky":false,"template":"","format":"standard","meta":{"footnotes":""},"categories":[28],"tags":[],"class_list":["post-459826","post","type-post","status-publish","format-standard","has-post-thumbnail","hentry","category-sociedad"],"aioseo_notices":[],"aioseo_head":"\n\t\t<!-- All in One SEO Pro 5.0.1 - aioseo.com -->\n\t<meta name=\"description\" content=\"Barcelona, 9 dic (EFE).- Barcelona, 9 dic (EFE).- Cient\u00edficos del Hospital Cl\u00ednic de Barcelona han presentado el proyecto europeo iHivarna, que utilizar\u00e1 por primera vez mol\u00e9culas RNA para crear una vacuna terap\u00e9utica que consiga inmunizar a pacientes infectados por el VIH y que, seg\u00fan conf\u00edan, podr\u00eda estar lista de aqu\u00ed a cuatro a\u00f1os. Seg\u00fan ha\" \/>\n\t<meta name=\"robots\" content=\"max-image-preview:large\" \/>\n\t<meta name=\"author\" content=\"El Digital de Asturias\"\/>\n\t<meta name=\"google-site-verification\" content=\"UA-38556648-1\" \/>\n\t<meta name=\"msvalidate.01\" content=\"7dfe9f3f1b24437ab69f4f2559babe99\" \/>\n\t<meta name=\"keywords\" content=\"sociedad\" \/>\n\t<link rel=\"canonical\" href=\"https:\/\/www.eldigitaldeasturias.com\/noticias\/un-proyecto-europeo-trabajara-con-moleculas-rna-para-crear-una-vacuna-contra-el-sida\/\" \/>\n\t<meta name=\"generator\" content=\"All in One SEO Pro (AIOSEO) 5.0.1\" \/>\n\t\t<meta property=\"og:locale\" content=\"es_ES\" \/>\n\t\t<meta property=\"og:site_name\" content=\"El Digital de Asturias\" \/>\n\t\t<meta property=\"og:type\" content=\"article\" \/>\n\t\t<meta property=\"og:title\" content=\"Un proyecto europeo trabajar\u00e1 con mol\u00e9culas RNA para crear una vacuna contra el sida - El Digital de Asturias\" \/>\n\t\t<meta property=\"og:description\" content=\"Barcelona, 9 dic (EFE).- Barcelona, 9 dic (EFE).- Cient\u00edficos del Hospital Cl\u00ednic de Barcelona han presentado el proyecto europeo iHivarna, que utilizar\u00e1 por primera vez mol\u00e9culas RNA para crear una vacuna terap\u00e9utica que consiga inmunizar a pacientes infectados por el VIH y que, seg\u00fan conf\u00edan, podr\u00eda estar lista de aqu\u00ed a cuatro a\u00f1os. Seg\u00fan ha\" \/>\n\t\t<meta property=\"og:url\" content=\"https:\/\/www.eldigitaldeasturias.com\/noticias\/un-proyecto-europeo-trabajara-con-moleculas-rna-para-crear-una-vacuna-contra-el-sida\/\" \/>\n\t\t<meta property=\"article:tag\" content=\"sociedad\" \/>\n\t\t<meta property=\"article:published_time\" content=\"2013-12-09T20:48:07+00:00\" \/>\n\t\t<meta property=\"article:modified_time\" content=\"2013-12-09T20:48:07+00:00\" \/>\n\t\t<meta property=\"article:publisher\" content=\"https:\/\/facebook.com\/eldigitaldeasturias\" \/>\n\t\t<meta name=\"twitter:card\" content=\"summary_large_image\" \/>\n\t\t<meta name=\"twitter:title\" content=\"Un proyecto europeo trabajar\u00e1 con mol\u00e9culas RNA para crear una vacuna contra el sida - El Digital de Asturias\" \/>\n\t\t<meta name=\"twitter:description\" content=\"Barcelona, 9 dic (EFE).- Barcelona, 9 dic (EFE).- Cient\u00edficos del Hospital Cl\u00ednic de Barcelona han presentado el proyecto europeo iHivarna, que utilizar\u00e1 por primera vez mol\u00e9culas RNA para crear una vacuna terap\u00e9utica que consiga inmunizar a pacientes infectados por el VIH y que, seg\u00fan conf\u00edan, podr\u00eda estar lista de aqu\u00ed a cuatro a\u00f1os. Seg\u00fan ha\" \/>\n\t\t<meta name=\"twitter:label1\" content=\"Escrito por\" \/>\n\t\t<meta name=\"twitter:data1\" content=\"El Digital de Asturias\" \/>\n\t\t<meta name=\"twitter:label2\" content=\"Tiempo de lectura estimado\" \/>\n\t\t<meta name=\"twitter:data2\" content=\"3 minutos\" \/>\n\t\t<script type=\"application\/ld+json\" class=\"aioseo-schema\">\n\t\t\t{\"@context\":\"https:\\\/\\\/schema.org\",\"@graph\":[{\"@type\":\"BlogPosting\",\"@id\":\"https:\\\/\\\/www.eldigitaldeasturias.com\\\/noticias\\\/un-proyecto-europeo-trabajara-con-moleculas-rna-para-crear-una-vacuna-contra-el-sida\\\/#blogposting\",\"name\":\"Un proyecto europeo trabajar\\u00e1 con mol\\u00e9culas RNA para crear una vacuna contra el sida - El Digital de Asturias\",\"headline\":\"Un proyecto europeo trabajar\\u00e1 con mol\\u00e9culas RNA para crear una vacuna contra el sida\",\"author\":{\"@id\":\"https:\\\/\\\/www.eldigitaldeasturias.com\\\/noticias\\\/author\\\/admin\\\/#author\"},\"publisher\":{\"@id\":\"https:\\\/\\\/www.eldigitaldeasturias.com\\\/noticias\\\/#organization\"},\"image\":{\"@type\":\"ImageObject\",\"url\":459827},\"datePublished\":\"2013-12-09T19:48:07+01:00\",\"dateModified\":\"2013-12-09T19:48:07+01:00\",\"inLanguage\":\"es-ES\",\"mainEntityOfPage\":{\"@id\":\"https:\\\/\\\/www.eldigitaldeasturias.com\\\/noticias\\\/un-proyecto-europeo-trabajara-con-moleculas-rna-para-crear-una-vacuna-contra-el-sida\\\/#webpage\"},\"isPartOf\":{\"@id\":\"https:\\\/\\\/www.eldigitaldeasturias.com\\\/noticias\\\/un-proyecto-europeo-trabajara-con-moleculas-rna-para-crear-una-vacuna-contra-el-sida\\\/#webpage\"},\"articleSection\":\"Sociedad\"},{\"@type\":\"BreadcrumbList\",\"@id\":\"https:\\\/\\\/www.eldigitaldeasturias.com\\\/noticias\\\/un-proyecto-europeo-trabajara-con-moleculas-rna-para-crear-una-vacuna-contra-el-sida\\\/#breadcrumblist\",\"itemListElement\":[{\"@type\":\"ListItem\",\"@id\":\"https:\\\/\\\/www.eldigitaldeasturias.com\\\/noticias#listItem\",\"position\":1,\"name\":\"Home\",\"item\":\"https:\\\/\\\/www.eldigitaldeasturias.com\\\/noticias\",\"nextItem\":{\"@type\":\"ListItem\",\"@id\":\"https:\\\/\\\/www.eldigitaldeasturias.com\\\/noticias\\\/category\\\/sociedad\\\/#listItem\",\"name\":\"Sociedad\"}},{\"@type\":\"ListItem\",\"@id\":\"https:\\\/\\\/www.eldigitaldeasturias.com\\\/noticias\\\/category\\\/sociedad\\\/#listItem\",\"position\":2,\"name\":\"Sociedad\",\"item\":\"https:\\\/\\\/www.eldigitaldeasturias.com\\\/noticias\\\/category\\\/sociedad\\\/\",\"nextItem\":{\"@type\":\"ListItem\",\"@id\":\"https:\\\/\\\/www.eldigitaldeasturias.com\\\/noticias\\\/un-proyecto-europeo-trabajara-con-moleculas-rna-para-crear-una-vacuna-contra-el-sida\\\/#listItem\",\"name\":\"Un proyecto europeo trabajar\\u00e1 con mol\\u00e9culas RNA para crear una vacuna contra el sida\"},\"previousItem\":{\"@type\":\"ListItem\",\"@id\":\"https:\\\/\\\/www.eldigitaldeasturias.com\\\/noticias#listItem\",\"name\":\"Home\"}},{\"@type\":\"ListItem\",\"@id\":\"https:\\\/\\\/www.eldigitaldeasturias.com\\\/noticias\\\/un-proyecto-europeo-trabajara-con-moleculas-rna-para-crear-una-vacuna-contra-el-sida\\\/#listItem\",\"position\":3,\"name\":\"Un proyecto europeo trabajar\\u00e1 con mol\\u00e9culas RNA para crear una vacuna contra el sida\",\"previousItem\":{\"@type\":\"ListItem\",\"@id\":\"https:\\\/\\\/www.eldigitaldeasturias.com\\\/noticias\\\/category\\\/sociedad\\\/#listItem\",\"name\":\"Sociedad\"}}]},{\"@type\":\"Organization\",\"@id\":\"https:\\\/\\\/www.eldigitaldeasturias.com\\\/noticias\\\/#organization\",\"name\":\"El Digital de Asturias\",\"description\":\"Hemeroteca\",\"url\":\"https:\\\/\\\/www.eldigitaldeasturias.com\\\/noticias\\\/\",\"email\":\"info@eldigitaldeasturias.com\",\"telephone\":\"+34652131393\",\"logo\":{\"@type\":\"ImageObject\",\"url\":\"https:\\\/\\\/www.eldigitaldeasturias.com\\\/noticias\\\/wp-content\\\/uploads\\\/2020\\\/12\\\/EDA.jpg\",\"@id\":\"https:\\\/\\\/www.eldigitaldeasturias.com\\\/noticias\\\/un-proyecto-europeo-trabajara-con-moleculas-rna-para-crear-una-vacuna-contra-el-sida\\\/#organizationLogo\"},\"image\":{\"@id\":\"https:\\\/\\\/www.eldigitaldeasturias.com\\\/noticias\\\/un-proyecto-europeo-trabajara-con-moleculas-rna-para-crear-una-vacuna-contra-el-sida\\\/#organizationLogo\"},\"sameAs\":[\"https:\\\/\\\/facebook.com\\\/eldigitaldeasturias\",\"https:\\\/\\\/www.youtube.com\\\/channel\\\/UCZP-2wLEB9Rv6erhFmqVnvg\"],\"address\":{\"@id\":\"https:\\\/\\\/www.eldigitaldeasturias.com\\\/noticias\\\/#postaladdress\",\"@type\":\"PostalAddress\",\"streetAddress\":\"san antonio 4\",\"postalCode\":\"33430\",\"addressLocality\":\"Cand\\u00e1s\",\"addressRegion\":\"Asturias\",\"addressCountry\":\"ES\"}},{\"@type\":\"Person\",\"@id\":\"https:\\\/\\\/www.eldigitaldeasturias.com\\\/noticias\\\/author\\\/admin\\\/#author\",\"url\":\"https:\\\/\\\/www.eldigitaldeasturias.com\\\/noticias\\\/author\\\/admin\\\/\",\"name\":\"El Digital de Asturias\",\"image\":{\"@type\":\"ImageObject\",\"@id\":\"https:\\\/\\\/www.eldigitaldeasturias.com\\\/noticias\\\/un-proyecto-europeo-trabajara-con-moleculas-rna-para-crear-una-vacuna-contra-el-sida\\\/#authorImage\",\"url\":\"https:\\\/\\\/secure.gravatar.com\\\/avatar\\\/df2aeffc32bcd13f8d26072ef8a91b623d677766deac7f97ca815868cd41bf5e?s=96&d=mm&r=g\",\"width\":96,\"height\":96,\"caption\":\"El Digital de Asturias\"}},{\"@type\":\"WebPage\",\"@id\":\"https:\\\/\\\/www.eldigitaldeasturias.com\\\/noticias\\\/un-proyecto-europeo-trabajara-con-moleculas-rna-para-crear-una-vacuna-contra-el-sida\\\/#webpage\",\"url\":\"https:\\\/\\\/www.eldigitaldeasturias.com\\\/noticias\\\/un-proyecto-europeo-trabajara-con-moleculas-rna-para-crear-una-vacuna-contra-el-sida\\\/\",\"name\":\"Un proyecto europeo trabajar\\u00e1 con mol\\u00e9culas RNA para crear una vacuna contra el sida - El Digital de Asturias\",\"description\":\"Barcelona, 9 dic (EFE).- Barcelona, 9 dic (EFE).- Cient\\u00edficos del Hospital Cl\\u00ednic de Barcelona han presentado el proyecto europeo iHivarna, que utilizar\\u00e1 por primera vez mol\\u00e9culas RNA para crear una vacuna terap\\u00e9utica que consiga inmunizar a pacientes infectados por el VIH y que, seg\\u00fan conf\\u00edan, podr\\u00eda estar lista de aqu\\u00ed a cuatro a\\u00f1os. Seg\\u00fan ha\",\"inLanguage\":\"es-ES\",\"isPartOf\":{\"@id\":\"https:\\\/\\\/www.eldigitaldeasturias.com\\\/noticias\\\/#website\"},\"breadcrumb\":{\"@id\":\"https:\\\/\\\/www.eldigitaldeasturias.com\\\/noticias\\\/un-proyecto-europeo-trabajara-con-moleculas-rna-para-crear-una-vacuna-contra-el-sida\\\/#breadcrumblist\"},\"author\":{\"@id\":\"https:\\\/\\\/www.eldigitaldeasturias.com\\\/noticias\\\/author\\\/admin\\\/#author\"},\"creator\":{\"@id\":\"https:\\\/\\\/www.eldigitaldeasturias.com\\\/noticias\\\/author\\\/admin\\\/#author\"},\"image\":{\"@type\":\"ImageObject\",\"url\":459827,\"@id\":\"https:\\\/\\\/www.eldigitaldeasturias.com\\\/noticias\\\/un-proyecto-europeo-trabajara-con-moleculas-rna-para-crear-una-vacuna-contra-el-sida\\\/#mainImage\"},\"primaryImageOfPage\":{\"@id\":\"https:\\\/\\\/www.eldigitaldeasturias.com\\\/noticias\\\/un-proyecto-europeo-trabajara-con-moleculas-rna-para-crear-una-vacuna-contra-el-sida\\\/#mainImage\"},\"datePublished\":\"2013-12-09T19:48:07+01:00\",\"dateModified\":\"2013-12-09T19:48:07+01:00\"},{\"@type\":\"WebSite\",\"@id\":\"https:\\\/\\\/www.eldigitaldeasturias.com\\\/noticias\\\/#website\",\"url\":\"https:\\\/\\\/www.eldigitaldeasturias.com\\\/noticias\\\/\",\"name\":\"El Digital de Asturias - Diario de actualidad y noticias\",\"alternateName\":\"El Digital de Asturias - Diario de actualidad y noticias\",\"description\":\"Hemeroteca\",\"inLanguage\":\"es-ES\",\"publisher\":{\"@id\":\"https:\\\/\\\/www.eldigitaldeasturias.com\\\/noticias\\\/#organization\"}}]}\n\t\t<\/script>\n\t\t<!-- All in One SEO Pro -->\r\n\t\t<title>Un proyecto europeo trabajar\u00e1 con mol\u00e9culas RNA para crear una vacuna contra el sida - El Digital de Asturias<\/title>\n\n","aioseo_head_json":{"title":"Un proyecto europeo trabajar\u00e1 con mol\u00e9culas RNA para crear una vacuna contra el sida - El Digital de Asturias","description":"Barcelona, 9 dic (EFE).- Barcelona, 9 dic (EFE).- Cient\u00edficos del Hospital Cl\u00ednic de Barcelona han presentado el proyecto europeo iHivarna, que utilizar\u00e1 por primera vez mol\u00e9culas RNA para crear una vacuna terap\u00e9utica que consiga inmunizar a pacientes infectados por el VIH y que, seg\u00fan conf\u00edan, podr\u00eda estar lista de aqu\u00ed a cuatro a\u00f1os. Seg\u00fan ha","canonical_url":"https:\/\/www.eldigitaldeasturias.com\/noticias\/un-proyecto-europeo-trabajara-con-moleculas-rna-para-crear-una-vacuna-contra-el-sida\/","robots":"max-image-preview:large","keywords":"sociedad","webmasterTools":{"google-site-verification":"UA-38556648-1","msvalidate.01":"7dfe9f3f1b24437ab69f4f2559babe99","miscellaneous":""},"schema":{"@context":"https:\/\/schema.org","@graph":[{"@type":"BlogPosting","@id":"https:\/\/www.eldigitaldeasturias.com\/noticias\/un-proyecto-europeo-trabajara-con-moleculas-rna-para-crear-una-vacuna-contra-el-sida\/#blogposting","name":"Un proyecto europeo trabajar\u00e1 con mol\u00e9culas RNA para crear una vacuna contra el sida - El Digital de Asturias","headline":"Un proyecto europeo trabajar\u00e1 con mol\u00e9culas RNA para crear una vacuna contra el sida","author":{"@id":"https:\/\/www.eldigitaldeasturias.com\/noticias\/author\/admin\/#author"},"publisher":{"@id":"https:\/\/www.eldigitaldeasturias.com\/noticias\/#organization"},"image":{"@type":"ImageObject","url":459827},"datePublished":"2013-12-09T19:48:07+01:00","dateModified":"2013-12-09T19:48:07+01:00","inLanguage":"es-ES","mainEntityOfPage":{"@id":"https:\/\/www.eldigitaldeasturias.com\/noticias\/un-proyecto-europeo-trabajara-con-moleculas-rna-para-crear-una-vacuna-contra-el-sida\/#webpage"},"isPartOf":{"@id":"https:\/\/www.eldigitaldeasturias.com\/noticias\/un-proyecto-europeo-trabajara-con-moleculas-rna-para-crear-una-vacuna-contra-el-sida\/#webpage"},"articleSection":"Sociedad"},{"@type":"BreadcrumbList","@id":"https:\/\/www.eldigitaldeasturias.com\/noticias\/un-proyecto-europeo-trabajara-con-moleculas-rna-para-crear-una-vacuna-contra-el-sida\/#breadcrumblist","itemListElement":[{"@type":"ListItem","@id":"https:\/\/www.eldigitaldeasturias.com\/noticias#listItem","position":1,"name":"Home","item":"https:\/\/www.eldigitaldeasturias.com\/noticias","nextItem":{"@type":"ListItem","@id":"https:\/\/www.eldigitaldeasturias.com\/noticias\/category\/sociedad\/#listItem","name":"Sociedad"}},{"@type":"ListItem","@id":"https:\/\/www.eldigitaldeasturias.com\/noticias\/category\/sociedad\/#listItem","position":2,"name":"Sociedad","item":"https:\/\/www.eldigitaldeasturias.com\/noticias\/category\/sociedad\/","nextItem":{"@type":"ListItem","@id":"https:\/\/www.eldigitaldeasturias.com\/noticias\/un-proyecto-europeo-trabajara-con-moleculas-rna-para-crear-una-vacuna-contra-el-sida\/#listItem","name":"Un proyecto europeo trabajar\u00e1 con mol\u00e9culas RNA para crear una vacuna contra el sida"},"previousItem":{"@type":"ListItem","@id":"https:\/\/www.eldigitaldeasturias.com\/noticias#listItem","name":"Home"}},{"@type":"ListItem","@id":"https:\/\/www.eldigitaldeasturias.com\/noticias\/un-proyecto-europeo-trabajara-con-moleculas-rna-para-crear-una-vacuna-contra-el-sida\/#listItem","position":3,"name":"Un proyecto europeo trabajar\u00e1 con mol\u00e9culas RNA para crear una vacuna contra el sida","previousItem":{"@type":"ListItem","@id":"https:\/\/www.eldigitaldeasturias.com\/noticias\/category\/sociedad\/#listItem","name":"Sociedad"}}]},{"@type":"Organization","@id":"https:\/\/www.eldigitaldeasturias.com\/noticias\/#organization","name":"El Digital de Asturias","description":"Hemeroteca","url":"https:\/\/www.eldigitaldeasturias.com\/noticias\/","email":"info@eldigitaldeasturias.com","telephone":"+34652131393","logo":{"@type":"ImageObject","url":"https:\/\/www.eldigitaldeasturias.com\/noticias\/wp-content\/uploads\/2020\/12\/EDA.jpg","@id":"https:\/\/www.eldigitaldeasturias.com\/noticias\/un-proyecto-europeo-trabajara-con-moleculas-rna-para-crear-una-vacuna-contra-el-sida\/#organizationLogo"},"image":{"@id":"https:\/\/www.eldigitaldeasturias.com\/noticias\/un-proyecto-europeo-trabajara-con-moleculas-rna-para-crear-una-vacuna-contra-el-sida\/#organizationLogo"},"sameAs":["https:\/\/facebook.com\/eldigitaldeasturias","https:\/\/www.youtube.com\/channel\/UCZP-2wLEB9Rv6erhFmqVnvg"],"address":{"@id":"https:\/\/www.eldigitaldeasturias.com\/noticias\/#postaladdress","@type":"PostalAddress","streetAddress":"san antonio 4","postalCode":"33430","addressLocality":"Cand\u00e1s","addressRegion":"Asturias","addressCountry":"ES"}},{"@type":"Person","@id":"https:\/\/www.eldigitaldeasturias.com\/noticias\/author\/admin\/#author","url":"https:\/\/www.eldigitaldeasturias.com\/noticias\/author\/admin\/","name":"El Digital de Asturias","image":{"@type":"ImageObject","@id":"https:\/\/www.eldigitaldeasturias.com\/noticias\/un-proyecto-europeo-trabajara-con-moleculas-rna-para-crear-una-vacuna-contra-el-sida\/#authorImage","url":"https:\/\/secure.gravatar.com\/avatar\/df2aeffc32bcd13f8d26072ef8a91b623d677766deac7f97ca815868cd41bf5e?s=96&d=mm&r=g","width":96,"height":96,"caption":"El Digital de Asturias"}},{"@type":"WebPage","@id":"https:\/\/www.eldigitaldeasturias.com\/noticias\/un-proyecto-europeo-trabajara-con-moleculas-rna-para-crear-una-vacuna-contra-el-sida\/#webpage","url":"https:\/\/www.eldigitaldeasturias.com\/noticias\/un-proyecto-europeo-trabajara-con-moleculas-rna-para-crear-una-vacuna-contra-el-sida\/","name":"Un proyecto europeo trabajar\u00e1 con mol\u00e9culas RNA para crear una vacuna contra el sida - El Digital de Asturias","description":"Barcelona, 9 dic (EFE).- Barcelona, 9 dic (EFE).- Cient\u00edficos del Hospital Cl\u00ednic de Barcelona han presentado el proyecto europeo iHivarna, que utilizar\u00e1 por primera vez mol\u00e9culas RNA para crear una vacuna terap\u00e9utica que consiga inmunizar a pacientes infectados por el VIH y que, seg\u00fan conf\u00edan, podr\u00eda estar lista de aqu\u00ed a cuatro a\u00f1os. Seg\u00fan ha","inLanguage":"es-ES","isPartOf":{"@id":"https:\/\/www.eldigitaldeasturias.com\/noticias\/#website"},"breadcrumb":{"@id":"https:\/\/www.eldigitaldeasturias.com\/noticias\/un-proyecto-europeo-trabajara-con-moleculas-rna-para-crear-una-vacuna-contra-el-sida\/#breadcrumblist"},"author":{"@id":"https:\/\/www.eldigitaldeasturias.com\/noticias\/author\/admin\/#author"},"creator":{"@id":"https:\/\/www.eldigitaldeasturias.com\/noticias\/author\/admin\/#author"},"image":{"@type":"ImageObject","url":459827,"@id":"https:\/\/www.eldigitaldeasturias.com\/noticias\/un-proyecto-europeo-trabajara-con-moleculas-rna-para-crear-una-vacuna-contra-el-sida\/#mainImage"},"primaryImageOfPage":{"@id":"https:\/\/www.eldigitaldeasturias.com\/noticias\/un-proyecto-europeo-trabajara-con-moleculas-rna-para-crear-una-vacuna-contra-el-sida\/#mainImage"},"datePublished":"2013-12-09T19:48:07+01:00","dateModified":"2013-12-09T19:48:07+01:00"},{"@type":"WebSite","@id":"https:\/\/www.eldigitaldeasturias.com\/noticias\/#website","url":"https:\/\/www.eldigitaldeasturias.com\/noticias\/","name":"El Digital de Asturias - Diario de actualidad y noticias","alternateName":"El Digital de Asturias - Diario de actualidad y noticias","description":"Hemeroteca","inLanguage":"es-ES","publisher":{"@id":"https:\/\/www.eldigitaldeasturias.com\/noticias\/#organization"}}]},"og:locale":"es_ES","og:site_name":"El Digital de Asturias","og:type":"article","og:title":"Un proyecto europeo trabajar\u00e1 con mol\u00e9culas RNA para crear una vacuna contra el sida - El Digital de Asturias","og:description":"Barcelona, 9 dic (EFE).- Barcelona, 9 dic (EFE).- Cient\u00edficos del Hospital Cl\u00ednic de Barcelona han presentado el proyecto europeo iHivarna, que utilizar\u00e1 por primera vez mol\u00e9culas RNA para crear una vacuna terap\u00e9utica que consiga inmunizar a pacientes infectados por el VIH y que, seg\u00fan conf\u00edan, podr\u00eda estar lista de aqu\u00ed a cuatro a\u00f1os. Seg\u00fan ha","og:url":"https:\/\/www.eldigitaldeasturias.com\/noticias\/un-proyecto-europeo-trabajara-con-moleculas-rna-para-crear-una-vacuna-contra-el-sida\/","article:tag":["sociedad"],"article:published_time":"2013-12-09T20:48:07+00:00","article:modified_time":"2013-12-09T20:48:07+00:00","article:publisher":"https:\/\/facebook.com\/eldigitaldeasturias","twitter:card":"summary_large_image","twitter:title":"Un proyecto europeo trabajar\u00e1 con mol\u00e9culas RNA para crear una vacuna contra el sida - El Digital de Asturias","twitter:description":"Barcelona, 9 dic (EFE).- Barcelona, 9 dic (EFE).- Cient\u00edficos del Hospital Cl\u00ednic de Barcelona han presentado el proyecto europeo iHivarna, que utilizar\u00e1 por primera vez mol\u00e9culas RNA para crear una vacuna terap\u00e9utica que consiga inmunizar a pacientes infectados por el VIH y que, seg\u00fan conf\u00edan, podr\u00eda estar lista de aqu\u00ed a cuatro a\u00f1os. Seg\u00fan ha","twitter:label1":"Escrito por","twitter:data1":"El Digital de Asturias","twitter:label2":"Tiempo de lectura estimado","twitter:data2":"3 minutos"},"aioseo_meta_data":{"post_id":"459826","title":null,"description":null,"keywords":null,"keyphrases":null,"primary_term":null,"canonical_url":null,"og_title":null,"og_description":null,"og_object_type":"default","og_image_type":"default","og_image_url":null,"og_image_width":null,"og_image_height":null,"og_image_custom_url":null,"og_image_custom_fields":null,"og_video":null,"og_custom_url":null,"og_article_section":null,"og_article_tags":null,"twitter_use_og":true,"twitter_card":"default","twitter_image_type":"default","twitter_image_url":null,"twitter_image_custom_url":null,"twitter_image_custom_fields":null,"twitter_title":null,"twitter_description":null,"schema":{"blockGraphs":[],"customGraphs":[],"default":{"data":{"Article":[],"Course":[],"Dataset":[],"FAQPage":[],"Movie":[],"Person":[],"Product":[],"ProductReview":[],"Car":[],"Recipe":[],"Service":[],"SoftwareApplication":[],"WebPage":[]},"graphName":"","isEnabled":true},"graphs":[],"defaultGraph":"","defaultPostTypeGraph":""},"schema_type":null,"schema_type_options":null,"pillar_content":false,"robots_default":true,"robots_noindex":false,"robots_noarchive":false,"robots_nosnippet":false,"robots_nofollow":false,"robots_noimageindex":false,"robots_noodp":false,"robots_notranslate":false,"robots_max_snippet":null,"robots_max_videopreview":null,"robots_max_imagepreview":"none","priority":null,"frequency":null,"local_seo":null,"seo_analyzer_scan_date":"2026-05-30 10:46:56","breadcrumb_settings":null,"limit_modified_date":false,"open_ai":null,"ai":null,"created":"2020-11-14 22:47:39","updated":"2026-05-30 10:46:56","focus_keyword":null,"additional_keywords":null,"truseo_locale":null},"aioseo_breadcrumb":"<div class=\"aioseo-breadcrumbs\"><span class=\"aioseo-breadcrumb\">\n\t<a href=\"https:\/\/www.eldigitaldeasturias.com\/noticias\" title=\"Home\">Home<\/a>\n<\/span><span class=\"aioseo-breadcrumb-separator\">\u2013<\/span><span class=\"aioseo-breadcrumb\">\n\t<a href=\"https:\/\/www.eldigitaldeasturias.com\/noticias\/category\/sociedad\/\" title=\"Sociedad\">Sociedad<\/a>\n<\/span><span class=\"aioseo-breadcrumb-separator\">\u2013<\/span><span class=\"aioseo-breadcrumb\">\n\t<a href=\"https:\/\/www.eldigitaldeasturias.com\/noticias\/un-proyecto-europeo-trabajara-con-moleculas-rna-para-crear-una-vacuna-contra-el-sida\/\" title=\"Un proyecto europeo trabajar\u00e1 con mol\u00e9culas RNA para crear una vacuna contra el sida\">Un proyecto europeo trabajar\u00e1 con mol\u00e9culas RNA para crear una vacuna contra el sida<\/a>\n<\/span><\/div>","aioseo_breadcrumb_json":[{"label":"Home","link":"https:\/\/www.eldigitaldeasturias.com\/noticias"},{"label":"Sociedad","link":"https:\/\/www.eldigitaldeasturias.com\/noticias\/category\/sociedad\/"},{"label":"Un proyecto europeo trabajar\u00e1 con mol\u00e9culas RNA para crear una vacuna contra el sida","link":"https:\/\/www.eldigitaldeasturias.com\/noticias\/un-proyecto-europeo-trabajara-con-moleculas-rna-para-crear-una-vacuna-contra-el-sida\/"}],"_links":{"self":[{"href":"https:\/\/www.eldigitaldeasturias.com\/noticias\/wp-json\/wp\/v2\/posts\/459826","targetHints":{"allow":["GET"]}}],"collection":[{"href":"https:\/\/www.eldigitaldeasturias.com\/noticias\/wp-json\/wp\/v2\/posts"}],"about":[{"href":"https:\/\/www.eldigitaldeasturias.com\/noticias\/wp-json\/wp\/v2\/types\/post"}],"author":[{"embeddable":true,"href":"https:\/\/www.eldigitaldeasturias.com\/noticias\/wp-json\/wp\/v2\/users\/1"}],"replies":[{"embeddable":true,"href":"https:\/\/www.eldigitaldeasturias.com\/noticias\/wp-json\/wp\/v2\/comments?post=459826"}],"version-history":[{"count":0,"href":"https:\/\/www.eldigitaldeasturias.com\/noticias\/wp-json\/wp\/v2\/posts\/459826\/revisions"}],"wp:attachment":[{"href":"https:\/\/www.eldigitaldeasturias.com\/noticias\/wp-json\/wp\/v2\/media?parent=459826"}],"wp:term":[{"taxonomy":"category","embeddable":true,"href":"https:\/\/www.eldigitaldeasturias.com\/noticias\/wp-json\/wp\/v2\/categories?post=459826"},{"taxonomy":"post_tag","embeddable":true,"href":"https:\/\/www.eldigitaldeasturias.com\/noticias\/wp-json\/wp\/v2\/tags?post=459826"}],"curies":[{"name":"wp","href":"https:\/\/api.w.org\/{rel}","templated":true}]}}