{"id":459814,"date":"2013-12-09T19:41:36","date_gmt":"2013-12-09T20:41:36","guid":{"rendered":"http:\/\/www.eldigitaldeasturias.com\/noticias\/?p=459814"},"modified":"2013-12-09T19:41:36","modified_gmt":"2013-12-09T20:41:36","slug":"el-museo-sorolla-trata-en-una-exposicion-la-mirada-etnografica-del-artista","status":"publish","type":"post","link":"https:\/\/www.eldigitaldeasturias.com\/noticias\/el-museo-sorolla-trata-en-una-exposicion-la-mirada-etnografica-del-artista\/","title":{"rendered":"El Museo Sorolla trata en una exposici\u00f3n la mirada etnogr\u00e1fica del artista"},"content":{"rendered":"<p><img loading=\"lazy\" decoding=\"async\" class=\"alignleft size-medium wp-image-459815\" alt=\"5781313w\" src=\"https:\/\/www.eldigitaldeasturias.com\/noticias\/wp-content\/uploads\/2013\/12\/5781313w-360x186.jpg\" width=\"360\" height=\"186\" \/>Madrid, 9 dic (EFE).- El encargo que Archer Huntigton hizo a Joaqu\u00edn Sorolla para la Biblioteca de la Hispanic Society de Nueva York llev\u00f3 al pintor a recorrer Espa\u00f1a fij\u00e1ndose en sus trajes, costumbres y paisajes.<\/p>\n<p>A este tema dedica el Museo Sorolla la exposici\u00f3n \u00abFiesta y Color. La mirada etnogr\u00e1fica de Sorolla\u00bb, en la que junto a su producci\u00f3n pict\u00f3rica se pone especial atenci\u00f3n en su labor como coleccionista.<\/p>\n<p>Durante los viajes o \u00abexcursiones\u00bb que ten\u00edan como finalidad encontrar la inspiraci\u00f3n para sus grandes cuadros, Sorolla adquiri\u00f3 una peque\u00f1a, pero muy interesante, colecci\u00f3n de indumentaria y joyer\u00eda popular, que se ha completado con la donaci\u00f3n de las colecciones de la Familia Pons-Sorolla y que se expone por primera vez al p\u00fablico.<\/p>\n<p>En esta colecci\u00f3n se puede apreciar la mirada de etn\u00f3grafo aficionado del artista, la de recopilador de trajes populares o \u00abpintorescos\u00bb.<\/p>\n<p>La exposici\u00f3n se compone de nueve conjuntos de indumentaria, 25 pinturas, algunas de ellas estudios de gran tama\u00f1o, joyas, fotograf\u00edas, que hizo \u00e9l mismo o que fue adquiriendo en el proceso creativo, y cartas.<\/p>\n<p>\u00abLa idea de esta exposici\u00f3n es seguir la l\u00ednea del museo en cuanto a mostrar nuestras propias colecciones e investigar diferentes producciones de Sorolla\u00bb, coment\u00f3 a Efe la comisaria Covadonga Pitarch, quien ha querido resaltar c\u00f3mo tras el encargo de Huntigton el artista se ve envuelto en una b\u00fasqueda de lo que para \u00e9l era Espa\u00f1a.<\/p>\n<p>Esta b\u00fasqueda de personajes populares fue dif\u00edcil, seg\u00fan la comisaria, ya que \u00ablos trajes regionales hab\u00edan empezado a desaparecer, los pastores ya no vest\u00edan con la indumentaria que le interesaba al artista\u00bb. Esto hizo que empezara a comprar e iniciara su colecci\u00f3n de indumentaria.<\/p>\n<p>Debido a la organizaci\u00f3n de exposiciones temporales y de las diferentes modificaciones de la colecci\u00f3n permanente, la mayor\u00eda de las pinturas que forman esta muestra llevaban alrededor de tres a\u00f1os sin exhibirse.<\/p>\n<p>\u00abAunque se trata de estudios, son obras muy importantes y as\u00ed los consideraron el propio artista y su familia que las consideraban entre las m\u00e1s destacadas de su producci\u00f3n\u00bb, se\u00f1al\u00f3 Covadonga Pitarch quien record\u00f3 que cuando se tas\u00f3 la colecci\u00f3n del artista \u00abestos cuadros fueron algunos de los m\u00e1s caros\u00bb.<\/p>\n<p>El recorrido de la exposici\u00f3n se inicia con el espacio dedicado a Castilla, la regi\u00f3n que m\u00e1s emocion\u00f3 a Sorolla y a la que dedic\u00f3 todo el a\u00f1o 1912 y parte de 1913. En este tiempo estudi\u00f3 las gentes y pueblos castellanos, de lo que resultaron 17 bocetos de tipos, numerosos cuadros de paisaje, el panel \u00abCastilla\u00bb, la \u00abFiesta del Pan\u00bb, y la compra de una importante colecci\u00f3n de indumentaria popular.<\/p>\n<p>En esta sala se exponen los trajes de Lagartera y de la Alberca, y un traje de charra de la colecci\u00f3n de Isabel de Borb\u00f3 procedente del Museo del Traje, junto con una selecci\u00f3n de cuadros como \u00abTipos de Lagartera\u00bb, \u00abTipos de Salamanca\u00bb y \u00abNovios Salmantinos\u00bb.<\/p>\n<p>Valencia, la ciudad de Sorolla, tiene especial importancia en la exposici\u00f3n. El trabajo de retratar la regi\u00f3n valenciana para el p\u00fablico americano le emocion\u00f3 mucho, como el propio artista reconoc\u00eda.<\/p>\n<p>Sorolla no hizo grandes bocetos de la regi\u00f3n en relaci\u00f3n con el encargo americano, por lo que en esta sala se exhiben cuadros de peque\u00f1o formato sobre costumbres junto al traje de labradora valenciana.<\/p>\n<p>Desde San Sebasti\u00e1n, donde la familia veraneaba, Sorolla viaj\u00f3 a los Pirineos en 1912, con la idea de conocer los trajes de origen muy antiguo que segu\u00edan utiliz\u00e1ndose en los pueblos de sus valles. Regres\u00f3 en 1914 para pintar el panel de \u00abLa Jota, Arag\u00f3n\u00bb.<\/p>\n<p>El recorrido finaliza con el espacio dedicado a Andaluc\u00eda. Sorolla trat\u00f3 el tema del baile andaluz en su \u00abVisi\u00f3n de Espa\u00f1a\u00bb y tambi\u00e9n lo hizo con motivo del encargo que le hizo Thomas Fortune Ryan, para quien pint\u00f3 \u00abBaile en el caf\u00e9. Novedades de Sevilla\u00bb.<\/p>\n<p>En esta sala se expone \u00abBailaora Flamenca\u00bb, 1914, un boceto para esta obra, junto con un traje que perteneci\u00f3 a la bailaora Encarnaci\u00f3n L\u00f3pez, Argentinita, a la que Sorolla pudo ver actuar.<\/p>\n","protected":false},"excerpt":{"rendered":"<p>Madrid, 9 dic (EFE).- El encargo que Archer Huntigton hizo a Joaqu\u00edn Sorolla para la Biblioteca de la Hispanic Society de Nueva York llev\u00f3 al pintor a recorrer Espa\u00f1a fij\u00e1ndose en sus trajes, costumbres y paisajes. A este tema dedica el Museo Sorolla la exposici\u00f3n \u00abFiesta y Color. La mirada etnogr\u00e1fica de Sorolla\u00bb, en la [&hellip;]<\/p>\n","protected":false},"author":1,"featured_media":459815,"comment_status":"closed","ping_status":"open","sticky":false,"template":"","format":"standard","meta":{"footnotes":""},"categories":[50],"tags":[],"class_list":["post-459814","post","type-post","status-publish","format-standard","has-post-thumbnail","hentry","category-revista-de-ocio"],"aioseo_notices":[],"aioseo_head":"\n\t\t<!-- All in One SEO Pro 5.0.1 - aioseo.com -->\n\t<meta name=\"description\" content=\"Madrid, 9 dic (EFE).- El encargo que Archer Huntigton hizo a Joaqu\u00edn Sorolla para la Biblioteca de la Hispanic Society de Nueva York llev\u00f3 al pintor a recorrer Espa\u00f1a fij\u00e1ndose en sus trajes, costumbres y paisajes. A este tema dedica el Museo Sorolla la exposici\u00f3n &quot;Fiesta y Color. La mirada etnogr\u00e1fica de Sorolla&quot;, en la\" \/>\n\t<meta name=\"robots\" content=\"max-image-preview:large\" \/>\n\t<meta name=\"author\" content=\"El Digital de Asturias\"\/>\n\t<meta name=\"google-site-verification\" content=\"UA-38556648-1\" \/>\n\t<meta name=\"msvalidate.01\" content=\"7dfe9f3f1b24437ab69f4f2559babe99\" \/>\n\t<meta name=\"keywords\" content=\"revista de ocio\" \/>\n\t<link rel=\"canonical\" href=\"https:\/\/www.eldigitaldeasturias.com\/noticias\/el-museo-sorolla-trata-en-una-exposicion-la-mirada-etnografica-del-artista\/\" \/>\n\t<meta name=\"generator\" content=\"All in One SEO Pro (AIOSEO) 5.0.1\" \/>\n\t\t<meta property=\"og:locale\" content=\"es_ES\" \/>\n\t\t<meta property=\"og:site_name\" content=\"El Digital de Asturias\" \/>\n\t\t<meta property=\"og:type\" content=\"article\" \/>\n\t\t<meta property=\"og:title\" content=\"El Museo Sorolla trata en una exposici\u00f3n la mirada etnogr\u00e1fica del artista - El Digital de Asturias\" \/>\n\t\t<meta property=\"og:description\" content=\"Madrid, 9 dic (EFE).- El encargo que Archer Huntigton hizo a Joaqu\u00edn Sorolla para la Biblioteca de la Hispanic Society de Nueva York llev\u00f3 al pintor a recorrer Espa\u00f1a fij\u00e1ndose en sus trajes, costumbres y paisajes. A este tema dedica el Museo Sorolla la exposici\u00f3n &quot;Fiesta y Color. La mirada etnogr\u00e1fica de Sorolla&quot;, en la\" \/>\n\t\t<meta property=\"og:url\" content=\"https:\/\/www.eldigitaldeasturias.com\/noticias\/el-museo-sorolla-trata-en-una-exposicion-la-mirada-etnografica-del-artista\/\" \/>\n\t\t<meta property=\"article:tag\" content=\"revista de ocio\" \/>\n\t\t<meta property=\"article:published_time\" content=\"2013-12-09T20:41:36+00:00\" \/>\n\t\t<meta property=\"article:modified_time\" content=\"2013-12-09T20:41:36+00:00\" \/>\n\t\t<meta property=\"article:publisher\" content=\"https:\/\/facebook.com\/eldigitaldeasturias\" \/>\n\t\t<meta name=\"twitter:card\" content=\"summary_large_image\" \/>\n\t\t<meta name=\"twitter:title\" content=\"El Museo Sorolla trata en una exposici\u00f3n la mirada etnogr\u00e1fica del artista - El Digital de Asturias\" \/>\n\t\t<meta name=\"twitter:description\" content=\"Madrid, 9 dic (EFE).- El encargo que Archer Huntigton hizo a Joaqu\u00edn Sorolla para la Biblioteca de la Hispanic Society de Nueva York llev\u00f3 al pintor a recorrer Espa\u00f1a fij\u00e1ndose en sus trajes, costumbres y paisajes. A este tema dedica el Museo Sorolla la exposici\u00f3n &quot;Fiesta y Color. La mirada etnogr\u00e1fica de Sorolla&quot;, en la\" \/>\n\t\t<meta name=\"twitter:label1\" content=\"Escrito por\" \/>\n\t\t<meta name=\"twitter:data1\" content=\"El Digital de Asturias\" \/>\n\t\t<meta name=\"twitter:label2\" content=\"Tiempo de lectura estimado\" \/>\n\t\t<meta name=\"twitter:data2\" content=\"4 minutos\" \/>\n\t\t<script type=\"application\/ld+json\" class=\"aioseo-schema\">\n\t\t\t{\"@context\":\"https:\\\/\\\/schema.org\",\"@graph\":[{\"@type\":\"BlogPosting\",\"@id\":\"https:\\\/\\\/www.eldigitaldeasturias.com\\\/noticias\\\/el-museo-sorolla-trata-en-una-exposicion-la-mirada-etnografica-del-artista\\\/#blogposting\",\"name\":\"El Museo Sorolla trata en una exposici\\u00f3n la mirada etnogr\\u00e1fica del artista - El Digital de Asturias\",\"headline\":\"El Museo Sorolla trata en una exposici\\u00f3n la mirada etnogr\\u00e1fica del artista\",\"author\":{\"@id\":\"https:\\\/\\\/www.eldigitaldeasturias.com\\\/noticias\\\/author\\\/admin\\\/#author\"},\"publisher\":{\"@id\":\"https:\\\/\\\/www.eldigitaldeasturias.com\\\/noticias\\\/#organization\"},\"image\":{\"@type\":\"ImageObject\",\"url\":459815},\"datePublished\":\"2013-12-09T19:41:36+01:00\",\"dateModified\":\"2013-12-09T19:41:36+01:00\",\"inLanguage\":\"es-ES\",\"mainEntityOfPage\":{\"@id\":\"https:\\\/\\\/www.eldigitaldeasturias.com\\\/noticias\\\/el-museo-sorolla-trata-en-una-exposicion-la-mirada-etnografica-del-artista\\\/#webpage\"},\"isPartOf\":{\"@id\":\"https:\\\/\\\/www.eldigitaldeasturias.com\\\/noticias\\\/el-museo-sorolla-trata-en-una-exposicion-la-mirada-etnografica-del-artista\\\/#webpage\"},\"articleSection\":\"Revista de Ocio\"},{\"@type\":\"BreadcrumbList\",\"@id\":\"https:\\\/\\\/www.eldigitaldeasturias.com\\\/noticias\\\/el-museo-sorolla-trata-en-una-exposicion-la-mirada-etnografica-del-artista\\\/#breadcrumblist\",\"itemListElement\":[{\"@type\":\"ListItem\",\"@id\":\"https:\\\/\\\/www.eldigitaldeasturias.com\\\/noticias#listItem\",\"position\":1,\"name\":\"Home\",\"item\":\"https:\\\/\\\/www.eldigitaldeasturias.com\\\/noticias\",\"nextItem\":{\"@type\":\"ListItem\",\"@id\":\"https:\\\/\\\/www.eldigitaldeasturias.com\\\/noticias\\\/category\\\/revista-de-ocio\\\/#listItem\",\"name\":\"Revista de Ocio\"}},{\"@type\":\"ListItem\",\"@id\":\"https:\\\/\\\/www.eldigitaldeasturias.com\\\/noticias\\\/category\\\/revista-de-ocio\\\/#listItem\",\"position\":2,\"name\":\"Revista de Ocio\",\"item\":\"https:\\\/\\\/www.eldigitaldeasturias.com\\\/noticias\\\/category\\\/revista-de-ocio\\\/\",\"nextItem\":{\"@type\":\"ListItem\",\"@id\":\"https:\\\/\\\/www.eldigitaldeasturias.com\\\/noticias\\\/el-museo-sorolla-trata-en-una-exposicion-la-mirada-etnografica-del-artista\\\/#listItem\",\"name\":\"El Museo Sorolla trata en una exposici\\u00f3n la mirada etnogr\\u00e1fica del artista\"},\"previousItem\":{\"@type\":\"ListItem\",\"@id\":\"https:\\\/\\\/www.eldigitaldeasturias.com\\\/noticias#listItem\",\"name\":\"Home\"}},{\"@type\":\"ListItem\",\"@id\":\"https:\\\/\\\/www.eldigitaldeasturias.com\\\/noticias\\\/el-museo-sorolla-trata-en-una-exposicion-la-mirada-etnografica-del-artista\\\/#listItem\",\"position\":3,\"name\":\"El Museo Sorolla trata en una exposici\\u00f3n la mirada etnogr\\u00e1fica del artista\",\"previousItem\":{\"@type\":\"ListItem\",\"@id\":\"https:\\\/\\\/www.eldigitaldeasturias.com\\\/noticias\\\/category\\\/revista-de-ocio\\\/#listItem\",\"name\":\"Revista de Ocio\"}}]},{\"@type\":\"Organization\",\"@id\":\"https:\\\/\\\/www.eldigitaldeasturias.com\\\/noticias\\\/#organization\",\"name\":\"El Digital de Asturias\",\"description\":\"Hemeroteca\",\"url\":\"https:\\\/\\\/www.eldigitaldeasturias.com\\\/noticias\\\/\",\"email\":\"info@eldigitaldeasturias.com\",\"telephone\":\"+34652131393\",\"logo\":{\"@type\":\"ImageObject\",\"url\":\"https:\\\/\\\/www.eldigitaldeasturias.com\\\/noticias\\\/wp-content\\\/uploads\\\/2020\\\/12\\\/EDA.jpg\",\"@id\":\"https:\\\/\\\/www.eldigitaldeasturias.com\\\/noticias\\\/el-museo-sorolla-trata-en-una-exposicion-la-mirada-etnografica-del-artista\\\/#organizationLogo\"},\"image\":{\"@id\":\"https:\\\/\\\/www.eldigitaldeasturias.com\\\/noticias\\\/el-museo-sorolla-trata-en-una-exposicion-la-mirada-etnografica-del-artista\\\/#organizationLogo\"},\"sameAs\":[\"https:\\\/\\\/facebook.com\\\/eldigitaldeasturias\",\"https:\\\/\\\/www.youtube.com\\\/channel\\\/UCZP-2wLEB9Rv6erhFmqVnvg\"],\"address\":{\"@id\":\"https:\\\/\\\/www.eldigitaldeasturias.com\\\/noticias\\\/#postaladdress\",\"@type\":\"PostalAddress\",\"streetAddress\":\"san antonio 4\",\"postalCode\":\"33430\",\"addressLocality\":\"Cand\\u00e1s\",\"addressRegion\":\"Asturias\",\"addressCountry\":\"ES\"}},{\"@type\":\"Person\",\"@id\":\"https:\\\/\\\/www.eldigitaldeasturias.com\\\/noticias\\\/author\\\/admin\\\/#author\",\"url\":\"https:\\\/\\\/www.eldigitaldeasturias.com\\\/noticias\\\/author\\\/admin\\\/\",\"name\":\"El Digital de Asturias\",\"image\":{\"@type\":\"ImageObject\",\"@id\":\"https:\\\/\\\/www.eldigitaldeasturias.com\\\/noticias\\\/el-museo-sorolla-trata-en-una-exposicion-la-mirada-etnografica-del-artista\\\/#authorImage\",\"url\":\"https:\\\/\\\/secure.gravatar.com\\\/avatar\\\/df2aeffc32bcd13f8d26072ef8a91b623d677766deac7f97ca815868cd41bf5e?s=96&d=mm&r=g\",\"width\":96,\"height\":96,\"caption\":\"El Digital de Asturias\"}},{\"@type\":\"WebPage\",\"@id\":\"https:\\\/\\\/www.eldigitaldeasturias.com\\\/noticias\\\/el-museo-sorolla-trata-en-una-exposicion-la-mirada-etnografica-del-artista\\\/#webpage\",\"url\":\"https:\\\/\\\/www.eldigitaldeasturias.com\\\/noticias\\\/el-museo-sorolla-trata-en-una-exposicion-la-mirada-etnografica-del-artista\\\/\",\"name\":\"El Museo Sorolla trata en una exposici\\u00f3n la mirada etnogr\\u00e1fica del artista - El Digital de Asturias\",\"description\":\"Madrid, 9 dic (EFE).- El encargo que Archer Huntigton hizo a Joaqu\\u00edn Sorolla para la Biblioteca de la Hispanic Society de Nueva York llev\\u00f3 al pintor a recorrer Espa\\u00f1a fij\\u00e1ndose en sus trajes, costumbres y paisajes. A este tema dedica el Museo Sorolla la exposici\\u00f3n \\\"Fiesta y Color. La mirada etnogr\\u00e1fica de Sorolla\\\", en la\",\"inLanguage\":\"es-ES\",\"isPartOf\":{\"@id\":\"https:\\\/\\\/www.eldigitaldeasturias.com\\\/noticias\\\/#website\"},\"breadcrumb\":{\"@id\":\"https:\\\/\\\/www.eldigitaldeasturias.com\\\/noticias\\\/el-museo-sorolla-trata-en-una-exposicion-la-mirada-etnografica-del-artista\\\/#breadcrumblist\"},\"author\":{\"@id\":\"https:\\\/\\\/www.eldigitaldeasturias.com\\\/noticias\\\/author\\\/admin\\\/#author\"},\"creator\":{\"@id\":\"https:\\\/\\\/www.eldigitaldeasturias.com\\\/noticias\\\/author\\\/admin\\\/#author\"},\"image\":{\"@type\":\"ImageObject\",\"url\":459815,\"@id\":\"https:\\\/\\\/www.eldigitaldeasturias.com\\\/noticias\\\/el-museo-sorolla-trata-en-una-exposicion-la-mirada-etnografica-del-artista\\\/#mainImage\"},\"primaryImageOfPage\":{\"@id\":\"https:\\\/\\\/www.eldigitaldeasturias.com\\\/noticias\\\/el-museo-sorolla-trata-en-una-exposicion-la-mirada-etnografica-del-artista\\\/#mainImage\"},\"datePublished\":\"2013-12-09T19:41:36+01:00\",\"dateModified\":\"2013-12-09T19:41:36+01:00\"},{\"@type\":\"WebSite\",\"@id\":\"https:\\\/\\\/www.eldigitaldeasturias.com\\\/noticias\\\/#website\",\"url\":\"https:\\\/\\\/www.eldigitaldeasturias.com\\\/noticias\\\/\",\"name\":\"El Digital de Asturias - Diario de actualidad y noticias\",\"alternateName\":\"El Digital de Asturias - Diario de actualidad y noticias\",\"description\":\"Hemeroteca\",\"inLanguage\":\"es-ES\",\"publisher\":{\"@id\":\"https:\\\/\\\/www.eldigitaldeasturias.com\\\/noticias\\\/#organization\"}}]}\n\t\t<\/script>\n\t\t<!-- All in One SEO Pro -->\r\n\t\t<title>El Museo Sorolla trata en una exposici\u00f3n la mirada etnogr\u00e1fica del artista - El Digital de Asturias<\/title>\n\n","aioseo_head_json":{"title":"El Museo Sorolla trata en una exposici\u00f3n la mirada etnogr\u00e1fica del artista - El Digital de Asturias","description":"Madrid, 9 dic (EFE).- El encargo que Archer Huntigton hizo a Joaqu\u00edn Sorolla para la Biblioteca de la Hispanic Society de Nueva York llev\u00f3 al pintor a recorrer Espa\u00f1a fij\u00e1ndose en sus trajes, costumbres y paisajes. A este tema dedica el Museo Sorolla la exposici\u00f3n \"Fiesta y Color. La mirada etnogr\u00e1fica de Sorolla\", en la","canonical_url":"https:\/\/www.eldigitaldeasturias.com\/noticias\/el-museo-sorolla-trata-en-una-exposicion-la-mirada-etnografica-del-artista\/","robots":"max-image-preview:large","keywords":"revista de ocio","webmasterTools":{"google-site-verification":"UA-38556648-1","msvalidate.01":"7dfe9f3f1b24437ab69f4f2559babe99","miscellaneous":""},"schema":{"@context":"https:\/\/schema.org","@graph":[{"@type":"BlogPosting","@id":"https:\/\/www.eldigitaldeasturias.com\/noticias\/el-museo-sorolla-trata-en-una-exposicion-la-mirada-etnografica-del-artista\/#blogposting","name":"El Museo Sorolla trata en una exposici\u00f3n la mirada etnogr\u00e1fica del artista - El Digital de Asturias","headline":"El Museo Sorolla trata en una exposici\u00f3n la mirada etnogr\u00e1fica del artista","author":{"@id":"https:\/\/www.eldigitaldeasturias.com\/noticias\/author\/admin\/#author"},"publisher":{"@id":"https:\/\/www.eldigitaldeasturias.com\/noticias\/#organization"},"image":{"@type":"ImageObject","url":459815},"datePublished":"2013-12-09T19:41:36+01:00","dateModified":"2013-12-09T19:41:36+01:00","inLanguage":"es-ES","mainEntityOfPage":{"@id":"https:\/\/www.eldigitaldeasturias.com\/noticias\/el-museo-sorolla-trata-en-una-exposicion-la-mirada-etnografica-del-artista\/#webpage"},"isPartOf":{"@id":"https:\/\/www.eldigitaldeasturias.com\/noticias\/el-museo-sorolla-trata-en-una-exposicion-la-mirada-etnografica-del-artista\/#webpage"},"articleSection":"Revista de Ocio"},{"@type":"BreadcrumbList","@id":"https:\/\/www.eldigitaldeasturias.com\/noticias\/el-museo-sorolla-trata-en-una-exposicion-la-mirada-etnografica-del-artista\/#breadcrumblist","itemListElement":[{"@type":"ListItem","@id":"https:\/\/www.eldigitaldeasturias.com\/noticias#listItem","position":1,"name":"Home","item":"https:\/\/www.eldigitaldeasturias.com\/noticias","nextItem":{"@type":"ListItem","@id":"https:\/\/www.eldigitaldeasturias.com\/noticias\/category\/revista-de-ocio\/#listItem","name":"Revista de Ocio"}},{"@type":"ListItem","@id":"https:\/\/www.eldigitaldeasturias.com\/noticias\/category\/revista-de-ocio\/#listItem","position":2,"name":"Revista de Ocio","item":"https:\/\/www.eldigitaldeasturias.com\/noticias\/category\/revista-de-ocio\/","nextItem":{"@type":"ListItem","@id":"https:\/\/www.eldigitaldeasturias.com\/noticias\/el-museo-sorolla-trata-en-una-exposicion-la-mirada-etnografica-del-artista\/#listItem","name":"El Museo Sorolla trata en una exposici\u00f3n la mirada etnogr\u00e1fica del artista"},"previousItem":{"@type":"ListItem","@id":"https:\/\/www.eldigitaldeasturias.com\/noticias#listItem","name":"Home"}},{"@type":"ListItem","@id":"https:\/\/www.eldigitaldeasturias.com\/noticias\/el-museo-sorolla-trata-en-una-exposicion-la-mirada-etnografica-del-artista\/#listItem","position":3,"name":"El Museo Sorolla trata en una exposici\u00f3n la mirada etnogr\u00e1fica del artista","previousItem":{"@type":"ListItem","@id":"https:\/\/www.eldigitaldeasturias.com\/noticias\/category\/revista-de-ocio\/#listItem","name":"Revista de Ocio"}}]},{"@type":"Organization","@id":"https:\/\/www.eldigitaldeasturias.com\/noticias\/#organization","name":"El Digital de Asturias","description":"Hemeroteca","url":"https:\/\/www.eldigitaldeasturias.com\/noticias\/","email":"info@eldigitaldeasturias.com","telephone":"+34652131393","logo":{"@type":"ImageObject","url":"https:\/\/www.eldigitaldeasturias.com\/noticias\/wp-content\/uploads\/2020\/12\/EDA.jpg","@id":"https:\/\/www.eldigitaldeasturias.com\/noticias\/el-museo-sorolla-trata-en-una-exposicion-la-mirada-etnografica-del-artista\/#organizationLogo"},"image":{"@id":"https:\/\/www.eldigitaldeasturias.com\/noticias\/el-museo-sorolla-trata-en-una-exposicion-la-mirada-etnografica-del-artista\/#organizationLogo"},"sameAs":["https:\/\/facebook.com\/eldigitaldeasturias","https:\/\/www.youtube.com\/channel\/UCZP-2wLEB9Rv6erhFmqVnvg"],"address":{"@id":"https:\/\/www.eldigitaldeasturias.com\/noticias\/#postaladdress","@type":"PostalAddress","streetAddress":"san antonio 4","postalCode":"33430","addressLocality":"Cand\u00e1s","addressRegion":"Asturias","addressCountry":"ES"}},{"@type":"Person","@id":"https:\/\/www.eldigitaldeasturias.com\/noticias\/author\/admin\/#author","url":"https:\/\/www.eldigitaldeasturias.com\/noticias\/author\/admin\/","name":"El Digital de Asturias","image":{"@type":"ImageObject","@id":"https:\/\/www.eldigitaldeasturias.com\/noticias\/el-museo-sorolla-trata-en-una-exposicion-la-mirada-etnografica-del-artista\/#authorImage","url":"https:\/\/secure.gravatar.com\/avatar\/df2aeffc32bcd13f8d26072ef8a91b623d677766deac7f97ca815868cd41bf5e?s=96&d=mm&r=g","width":96,"height":96,"caption":"El Digital de Asturias"}},{"@type":"WebPage","@id":"https:\/\/www.eldigitaldeasturias.com\/noticias\/el-museo-sorolla-trata-en-una-exposicion-la-mirada-etnografica-del-artista\/#webpage","url":"https:\/\/www.eldigitaldeasturias.com\/noticias\/el-museo-sorolla-trata-en-una-exposicion-la-mirada-etnografica-del-artista\/","name":"El Museo Sorolla trata en una exposici\u00f3n la mirada etnogr\u00e1fica del artista - El Digital de Asturias","description":"Madrid, 9 dic (EFE).- El encargo que Archer Huntigton hizo a Joaqu\u00edn Sorolla para la Biblioteca de la Hispanic Society de Nueva York llev\u00f3 al pintor a recorrer Espa\u00f1a fij\u00e1ndose en sus trajes, costumbres y paisajes. A este tema dedica el Museo Sorolla la exposici\u00f3n \"Fiesta y Color. La mirada etnogr\u00e1fica de Sorolla\", en la","inLanguage":"es-ES","isPartOf":{"@id":"https:\/\/www.eldigitaldeasturias.com\/noticias\/#website"},"breadcrumb":{"@id":"https:\/\/www.eldigitaldeasturias.com\/noticias\/el-museo-sorolla-trata-en-una-exposicion-la-mirada-etnografica-del-artista\/#breadcrumblist"},"author":{"@id":"https:\/\/www.eldigitaldeasturias.com\/noticias\/author\/admin\/#author"},"creator":{"@id":"https:\/\/www.eldigitaldeasturias.com\/noticias\/author\/admin\/#author"},"image":{"@type":"ImageObject","url":459815,"@id":"https:\/\/www.eldigitaldeasturias.com\/noticias\/el-museo-sorolla-trata-en-una-exposicion-la-mirada-etnografica-del-artista\/#mainImage"},"primaryImageOfPage":{"@id":"https:\/\/www.eldigitaldeasturias.com\/noticias\/el-museo-sorolla-trata-en-una-exposicion-la-mirada-etnografica-del-artista\/#mainImage"},"datePublished":"2013-12-09T19:41:36+01:00","dateModified":"2013-12-09T19:41:36+01:00"},{"@type":"WebSite","@id":"https:\/\/www.eldigitaldeasturias.com\/noticias\/#website","url":"https:\/\/www.eldigitaldeasturias.com\/noticias\/","name":"El Digital de Asturias - Diario de actualidad y noticias","alternateName":"El Digital de Asturias - Diario de actualidad y noticias","description":"Hemeroteca","inLanguage":"es-ES","publisher":{"@id":"https:\/\/www.eldigitaldeasturias.com\/noticias\/#organization"}}]},"og:locale":"es_ES","og:site_name":"El Digital de Asturias","og:type":"article","og:title":"El Museo Sorolla trata en una exposici\u00f3n la mirada etnogr\u00e1fica del artista - El Digital de Asturias","og:description":"Madrid, 9 dic (EFE).- El encargo que Archer Huntigton hizo a Joaqu\u00edn Sorolla para la Biblioteca de la Hispanic Society de Nueva York llev\u00f3 al pintor a recorrer Espa\u00f1a fij\u00e1ndose en sus trajes, costumbres y paisajes. A este tema dedica el Museo Sorolla la exposici\u00f3n &quot;Fiesta y Color. La mirada etnogr\u00e1fica de Sorolla&quot;, en la","og:url":"https:\/\/www.eldigitaldeasturias.com\/noticias\/el-museo-sorolla-trata-en-una-exposicion-la-mirada-etnografica-del-artista\/","article:tag":["revista de ocio"],"article:published_time":"2013-12-09T20:41:36+00:00","article:modified_time":"2013-12-09T20:41:36+00:00","article:publisher":"https:\/\/facebook.com\/eldigitaldeasturias","twitter:card":"summary_large_image","twitter:title":"El Museo Sorolla trata en una exposici\u00f3n la mirada etnogr\u00e1fica del artista - El Digital de Asturias","twitter:description":"Madrid, 9 dic (EFE).- El encargo que Archer Huntigton hizo a Joaqu\u00edn Sorolla para la Biblioteca de la Hispanic Society de Nueva York llev\u00f3 al pintor a recorrer Espa\u00f1a fij\u00e1ndose en sus trajes, costumbres y paisajes. A este tema dedica el Museo Sorolla la exposici\u00f3n &quot;Fiesta y Color. La mirada etnogr\u00e1fica de Sorolla&quot;, en la","twitter:label1":"Escrito por","twitter:data1":"El Digital de Asturias","twitter:label2":"Tiempo de lectura estimado","twitter:data2":"4 minutos"},"aioseo_meta_data":{"post_id":"459814","title":null,"description":null,"keywords":null,"keyphrases":null,"primary_term":null,"canonical_url":null,"og_title":null,"og_description":null,"og_object_type":"default","og_image_type":"default","og_image_url":null,"og_image_width":null,"og_image_height":null,"og_image_custom_url":null,"og_image_custom_fields":null,"og_video":null,"og_custom_url":null,"og_article_section":null,"og_article_tags":null,"twitter_use_og":true,"twitter_card":"default","twitter_image_type":"default","twitter_image_url":null,"twitter_image_custom_url":null,"twitter_image_custom_fields":null,"twitter_title":null,"twitter_description":null,"schema":{"blockGraphs":[],"customGraphs":[],"default":{"data":{"Article":[],"Course":[],"Dataset":[],"FAQPage":[],"Movie":[],"Person":[],"Product":[],"ProductReview":[],"Car":[],"Recipe":[],"Service":[],"SoftwareApplication":[],"WebPage":[]},"graphName":"","isEnabled":true},"graphs":[],"defaultGraph":"","defaultPostTypeGraph":""},"schema_type":null,"schema_type_options":null,"pillar_content":false,"robots_default":true,"robots_noindex":false,"robots_noarchive":false,"robots_nosnippet":false,"robots_nofollow":false,"robots_noimageindex":false,"robots_noodp":false,"robots_notranslate":false,"robots_max_snippet":null,"robots_max_videopreview":null,"robots_max_imagepreview":"none","priority":null,"frequency":null,"local_seo":null,"seo_analyzer_scan_date":"2026-05-30 10:44:13","breadcrumb_settings":null,"limit_modified_date":false,"open_ai":null,"ai":null,"created":"2020-11-14 22:47:39","updated":"2026-05-30 10:44:13","focus_keyword":null,"additional_keywords":null,"truseo_locale":null},"aioseo_breadcrumb":"<div class=\"aioseo-breadcrumbs\"><span class=\"aioseo-breadcrumb\">\n\t<a href=\"https:\/\/www.eldigitaldeasturias.com\/noticias\" title=\"Home\">Home<\/a>\n<\/span><span class=\"aioseo-breadcrumb-separator\">\u2013<\/span><span class=\"aioseo-breadcrumb\">\n\t<a href=\"https:\/\/www.eldigitaldeasturias.com\/noticias\/category\/revista-de-ocio\/\" title=\"Revista de Ocio\">Revista de Ocio<\/a>\n<\/span><span class=\"aioseo-breadcrumb-separator\">\u2013<\/span><span class=\"aioseo-breadcrumb\">\n\t<a href=\"https:\/\/www.eldigitaldeasturias.com\/noticias\/el-museo-sorolla-trata-en-una-exposicion-la-mirada-etnografica-del-artista\/\" title=\"El Museo Sorolla trata en una exposici\u00f3n la mirada etnogr\u00e1fica del artista\">El Museo Sorolla trata en una exposici\u00f3n la mirada etnogr\u00e1fica del artista<\/a>\n<\/span><\/div>","aioseo_breadcrumb_json":[{"label":"Home","link":"https:\/\/www.eldigitaldeasturias.com\/noticias"},{"label":"Revista de Ocio","link":"https:\/\/www.eldigitaldeasturias.com\/noticias\/category\/revista-de-ocio\/"},{"label":"El Museo Sorolla trata en una exposici\u00f3n la mirada etnogr\u00e1fica del artista","link":"https:\/\/www.eldigitaldeasturias.com\/noticias\/el-museo-sorolla-trata-en-una-exposicion-la-mirada-etnografica-del-artista\/"}],"_links":{"self":[{"href":"https:\/\/www.eldigitaldeasturias.com\/noticias\/wp-json\/wp\/v2\/posts\/459814","targetHints":{"allow":["GET"]}}],"collection":[{"href":"https:\/\/www.eldigitaldeasturias.com\/noticias\/wp-json\/wp\/v2\/posts"}],"about":[{"href":"https:\/\/www.eldigitaldeasturias.com\/noticias\/wp-json\/wp\/v2\/types\/post"}],"author":[{"embeddable":true,"href":"https:\/\/www.eldigitaldeasturias.com\/noticias\/wp-json\/wp\/v2\/users\/1"}],"replies":[{"embeddable":true,"href":"https:\/\/www.eldigitaldeasturias.com\/noticias\/wp-json\/wp\/v2\/comments?post=459814"}],"version-history":[{"count":0,"href":"https:\/\/www.eldigitaldeasturias.com\/noticias\/wp-json\/wp\/v2\/posts\/459814\/revisions"}],"wp:attachment":[{"href":"https:\/\/www.eldigitaldeasturias.com\/noticias\/wp-json\/wp\/v2\/media?parent=459814"}],"wp:term":[{"taxonomy":"category","embeddable":true,"href":"https:\/\/www.eldigitaldeasturias.com\/noticias\/wp-json\/wp\/v2\/categories?post=459814"},{"taxonomy":"post_tag","embeddable":true,"href":"https:\/\/www.eldigitaldeasturias.com\/noticias\/wp-json\/wp\/v2\/tags?post=459814"}],"curies":[{"name":"wp","href":"https:\/\/api.w.org\/{rel}","templated":true}]}}