{"id":459808,"date":"2013-12-09T19:37:54","date_gmt":"2013-12-09T20:37:54","guid":{"rendered":"http:\/\/www.eldigitaldeasturias.com\/noticias\/?p=459808"},"modified":"2013-12-09T19:37:54","modified_gmt":"2013-12-09T20:37:54","slug":"la-palma-en-alerta-naranja-por-fuertes-vientos","status":"publish","type":"post","link":"https:\/\/www.eldigitaldeasturias.com\/noticias\/la-palma-en-alerta-naranja-por-fuertes-vientos\/","title":{"rendered":"La Palma, en alerta naranja por fuertes vientos"},"content":{"rendered":"<p><img loading=\"lazy\" decoding=\"async\" class=\"alignleft size-medium wp-image-459809\" alt=\"5781269w\" src=\"https:\/\/www.eldigitaldeasturias.com\/noticias\/wp-content\/uploads\/2013\/12\/5781269w-360x239.jpg\" width=\"360\" height=\"239\" \/>Las Palmas de Gran Canaria, 9 dic (EFE).- La Agencia Estatal de Meteorolog\u00eda (Aemet) ha puesto hoy en aviso de nivel amarillo a todas las islas de la provincia de Santa Cruz de Tenerife por fuertes vientos, que en el caso de La Palma subir\u00e1 a nivel naranja (riesgo importante) a partir de esta tarde (20.00 horas, hora insular).<\/p>\n<p>El pron\u00f3stico meteorol\u00f3gico indica que a lo largo de todo el d\u00eda pueden soplar vientos de hasta 70 kil\u00f3metros por hora en las islas de Tenerife, La Gomera, La Palma y El Hierro, acompa\u00f1adas por fen\u00f3menos costeros en las tres \u00faltimas.<\/p>\n<p>A partir de las 20.00 horas se espera que el viento arrecie en La Palma, donde la previsi\u00f3n apunta a que se medir\u00e1n rachas de hasta 90 kil\u00f3metros por hora, particularmente intensas en las median\u00edas.<\/p>\n<p>La situaci\u00f3n meteorol\u00f3gica empeorar\u00e1 el martes, d\u00eda en el que todas las islas de la provincia de Santa Cruz de Tenerife estar\u00e1n en aviso naranja por vientos de entre 90 kil\u00f3metros por hora (La Gomera y El Hierro) y 100 kil\u00f3metros por hora (Tenerife y La Palma).<\/p>\n<p>Las rachas ser\u00e1n particularmente fuertes en las median\u00edas y zonas altas y menos intensas en las \u00e1reas costeras.<\/p>\n<p>El aviso naranja por vientos se activa desde esta medianoche para La Palma, La Gomera y El Hierro, y desde las 06.00 para Tenerife.<\/p>\n<p>Adem\u00e1s, se espera riesgo importante por lluvias (nivel naranja) a partir de las 18.00 horas de ma\u00f1ana, martes, en La Palma y El Hierro, islas donde las precipitaciones podr\u00edan descargar hasta 30 litros por metro cuadrado en una hora y llegar a acumular 90 litros\/m2 en el curso de doce horas.<\/p>\n<p>En la provincia oriental no hay ning\u00fan nivel de aviso por amenazas meteorol\u00f3gicas activado para hoy, lunes.<\/p>\n<p>Sin embargo, Gran Canaria, Lanzarote y Fuerteventura estar\u00e1n el martes por la tarde (a partir de las 18.00 horas) en aviso amarillo por vientos de hasta 70 kil\u00f3metros por hora.<\/p>\n","protected":false},"excerpt":{"rendered":"<p>Las Palmas de Gran Canaria, 9 dic (EFE).- La Agencia Estatal de Meteorolog\u00eda (Aemet) ha puesto hoy en aviso de nivel amarillo a todas las islas de la provincia de Santa Cruz de Tenerife por fuertes vientos, que en el caso de La Palma subir\u00e1 a nivel naranja (riesgo importante) a partir de esta tarde [&hellip;]<\/p>\n","protected":false},"author":1,"featured_media":459809,"comment_status":"closed","ping_status":"open","sticky":false,"template":"","format":"standard","meta":{"footnotes":""},"categories":[2],"tags":[],"class_list":["post-459808","post","type-post","status-publish","format-standard","has-post-thumbnail","hentry","category-agenda"],"aioseo_notices":[],"aioseo_head":"\n\t\t<!-- All in One SEO Pro 5.0.1 - aioseo.com -->\n\t<meta name=\"description\" content=\"Las Palmas de Gran Canaria, 9 dic (EFE).- La Agencia Estatal de Meteorolog\u00eda (Aemet) ha puesto hoy en aviso de nivel amarillo a todas las islas de la provincia de Santa Cruz de Tenerife por fuertes vientos, que en el caso de La Palma subir\u00e1 a nivel naranja (riesgo importante) a partir de esta tarde\" \/>\n\t<meta name=\"robots\" content=\"max-image-preview:large\" \/>\n\t<meta name=\"author\" content=\"El Digital de Asturias\"\/>\n\t<meta name=\"google-site-verification\" content=\"UA-38556648-1\" \/>\n\t<meta name=\"msvalidate.01\" content=\"7dfe9f3f1b24437ab69f4f2559babe99\" \/>\n\t<meta name=\"keywords\" content=\"agenda\" \/>\n\t<link rel=\"canonical\" href=\"https:\/\/www.eldigitaldeasturias.com\/noticias\/la-palma-en-alerta-naranja-por-fuertes-vientos\/\" \/>\n\t<meta name=\"generator\" content=\"All in One SEO Pro (AIOSEO) 5.0.1\" \/>\n\t\t<meta property=\"og:locale\" content=\"es_ES\" \/>\n\t\t<meta property=\"og:site_name\" content=\"El Digital de Asturias\" \/>\n\t\t<meta property=\"og:type\" content=\"article\" \/>\n\t\t<meta property=\"og:title\" content=\"La Palma, en alerta naranja por fuertes vientos - El Digital de Asturias\" \/>\n\t\t<meta property=\"og:description\" content=\"Las Palmas de Gran Canaria, 9 dic (EFE).- La Agencia Estatal de Meteorolog\u00eda (Aemet) ha puesto hoy en aviso de nivel amarillo a todas las islas de la provincia de Santa Cruz de Tenerife por fuertes vientos, que en el caso de La Palma subir\u00e1 a nivel naranja (riesgo importante) a partir de esta tarde\" \/>\n\t\t<meta property=\"og:url\" content=\"https:\/\/www.eldigitaldeasturias.com\/noticias\/la-palma-en-alerta-naranja-por-fuertes-vientos\/\" \/>\n\t\t<meta property=\"article:tag\" content=\"agenda\" \/>\n\t\t<meta property=\"article:published_time\" content=\"2013-12-09T20:37:54+00:00\" \/>\n\t\t<meta property=\"article:modified_time\" content=\"2013-12-09T20:37:54+00:00\" \/>\n\t\t<meta property=\"article:publisher\" content=\"https:\/\/facebook.com\/eldigitaldeasturias\" \/>\n\t\t<meta name=\"twitter:card\" content=\"summary_large_image\" \/>\n\t\t<meta name=\"twitter:title\" content=\"La Palma, en alerta naranja por fuertes vientos - El Digital de Asturias\" \/>\n\t\t<meta name=\"twitter:description\" content=\"Las Palmas de Gran Canaria, 9 dic (EFE).- La Agencia Estatal de Meteorolog\u00eda (Aemet) ha puesto hoy en aviso de nivel amarillo a todas las islas de la provincia de Santa Cruz de Tenerife por fuertes vientos, que en el caso de La Palma subir\u00e1 a nivel naranja (riesgo importante) a partir de esta tarde\" \/>\n\t\t<meta name=\"twitter:label1\" content=\"Escrito por\" \/>\n\t\t<meta name=\"twitter:data1\" content=\"El Digital de Asturias\" \/>\n\t\t<meta name=\"twitter:label2\" content=\"Tiempo de lectura estimado\" \/>\n\t\t<meta name=\"twitter:data2\" content=\"2 minutos\" \/>\n\t\t<script type=\"application\/ld+json\" class=\"aioseo-schema\">\n\t\t\t{\"@context\":\"https:\\\/\\\/schema.org\",\"@graph\":[{\"@type\":\"BlogPosting\",\"@id\":\"https:\\\/\\\/www.eldigitaldeasturias.com\\\/noticias\\\/la-palma-en-alerta-naranja-por-fuertes-vientos\\\/#blogposting\",\"name\":\"La Palma, en alerta naranja por fuertes vientos - El Digital de Asturias\",\"headline\":\"La Palma, en alerta naranja por fuertes vientos\",\"author\":{\"@id\":\"https:\\\/\\\/www.eldigitaldeasturias.com\\\/noticias\\\/author\\\/admin\\\/#author\"},\"publisher\":{\"@id\":\"https:\\\/\\\/www.eldigitaldeasturias.com\\\/noticias\\\/#organization\"},\"image\":{\"@type\":\"ImageObject\",\"url\":459809},\"datePublished\":\"2013-12-09T19:37:54+01:00\",\"dateModified\":\"2013-12-09T19:37:54+01:00\",\"inLanguage\":\"es-ES\",\"mainEntityOfPage\":{\"@id\":\"https:\\\/\\\/www.eldigitaldeasturias.com\\\/noticias\\\/la-palma-en-alerta-naranja-por-fuertes-vientos\\\/#webpage\"},\"isPartOf\":{\"@id\":\"https:\\\/\\\/www.eldigitaldeasturias.com\\\/noticias\\\/la-palma-en-alerta-naranja-por-fuertes-vientos\\\/#webpage\"},\"articleSection\":\"Agenda\"},{\"@type\":\"BreadcrumbList\",\"@id\":\"https:\\\/\\\/www.eldigitaldeasturias.com\\\/noticias\\\/la-palma-en-alerta-naranja-por-fuertes-vientos\\\/#breadcrumblist\",\"itemListElement\":[{\"@type\":\"ListItem\",\"@id\":\"https:\\\/\\\/www.eldigitaldeasturias.com\\\/noticias#listItem\",\"position\":1,\"name\":\"Home\",\"item\":\"https:\\\/\\\/www.eldigitaldeasturias.com\\\/noticias\",\"nextItem\":{\"@type\":\"ListItem\",\"@id\":\"https:\\\/\\\/www.eldigitaldeasturias.com\\\/noticias\\\/category\\\/agenda\\\/#listItem\",\"name\":\"Agenda\"}},{\"@type\":\"ListItem\",\"@id\":\"https:\\\/\\\/www.eldigitaldeasturias.com\\\/noticias\\\/category\\\/agenda\\\/#listItem\",\"position\":2,\"name\":\"Agenda\",\"item\":\"https:\\\/\\\/www.eldigitaldeasturias.com\\\/noticias\\\/category\\\/agenda\\\/\",\"nextItem\":{\"@type\":\"ListItem\",\"@id\":\"https:\\\/\\\/www.eldigitaldeasturias.com\\\/noticias\\\/la-palma-en-alerta-naranja-por-fuertes-vientos\\\/#listItem\",\"name\":\"La Palma, en alerta naranja por fuertes vientos\"},\"previousItem\":{\"@type\":\"ListItem\",\"@id\":\"https:\\\/\\\/www.eldigitaldeasturias.com\\\/noticias#listItem\",\"name\":\"Home\"}},{\"@type\":\"ListItem\",\"@id\":\"https:\\\/\\\/www.eldigitaldeasturias.com\\\/noticias\\\/la-palma-en-alerta-naranja-por-fuertes-vientos\\\/#listItem\",\"position\":3,\"name\":\"La Palma, en alerta naranja por fuertes vientos\",\"previousItem\":{\"@type\":\"ListItem\",\"@id\":\"https:\\\/\\\/www.eldigitaldeasturias.com\\\/noticias\\\/category\\\/agenda\\\/#listItem\",\"name\":\"Agenda\"}}]},{\"@type\":\"Organization\",\"@id\":\"https:\\\/\\\/www.eldigitaldeasturias.com\\\/noticias\\\/#organization\",\"name\":\"El Digital de Asturias\",\"description\":\"Hemeroteca\",\"url\":\"https:\\\/\\\/www.eldigitaldeasturias.com\\\/noticias\\\/\",\"email\":\"info@eldigitaldeasturias.com\",\"telephone\":\"+34652131393\",\"logo\":{\"@type\":\"ImageObject\",\"url\":\"https:\\\/\\\/www.eldigitaldeasturias.com\\\/noticias\\\/wp-content\\\/uploads\\\/2020\\\/12\\\/EDA.jpg\",\"@id\":\"https:\\\/\\\/www.eldigitaldeasturias.com\\\/noticias\\\/la-palma-en-alerta-naranja-por-fuertes-vientos\\\/#organizationLogo\"},\"image\":{\"@id\":\"https:\\\/\\\/www.eldigitaldeasturias.com\\\/noticias\\\/la-palma-en-alerta-naranja-por-fuertes-vientos\\\/#organizationLogo\"},\"sameAs\":[\"https:\\\/\\\/facebook.com\\\/eldigitaldeasturias\",\"https:\\\/\\\/www.youtube.com\\\/channel\\\/UCZP-2wLEB9Rv6erhFmqVnvg\"],\"address\":{\"@id\":\"https:\\\/\\\/www.eldigitaldeasturias.com\\\/noticias\\\/#postaladdress\",\"@type\":\"PostalAddress\",\"streetAddress\":\"san antonio 4\",\"postalCode\":\"33430\",\"addressLocality\":\"Cand\\u00e1s\",\"addressRegion\":\"Asturias\",\"addressCountry\":\"ES\"}},{\"@type\":\"Person\",\"@id\":\"https:\\\/\\\/www.eldigitaldeasturias.com\\\/noticias\\\/author\\\/admin\\\/#author\",\"url\":\"https:\\\/\\\/www.eldigitaldeasturias.com\\\/noticias\\\/author\\\/admin\\\/\",\"name\":\"El Digital de Asturias\",\"image\":{\"@type\":\"ImageObject\",\"@id\":\"https:\\\/\\\/www.eldigitaldeasturias.com\\\/noticias\\\/la-palma-en-alerta-naranja-por-fuertes-vientos\\\/#authorImage\",\"url\":\"https:\\\/\\\/secure.gravatar.com\\\/avatar\\\/df2aeffc32bcd13f8d26072ef8a91b623d677766deac7f97ca815868cd41bf5e?s=96&d=mm&r=g\",\"width\":96,\"height\":96,\"caption\":\"El Digital de Asturias\"}},{\"@type\":\"WebPage\",\"@id\":\"https:\\\/\\\/www.eldigitaldeasturias.com\\\/noticias\\\/la-palma-en-alerta-naranja-por-fuertes-vientos\\\/#webpage\",\"url\":\"https:\\\/\\\/www.eldigitaldeasturias.com\\\/noticias\\\/la-palma-en-alerta-naranja-por-fuertes-vientos\\\/\",\"name\":\"La Palma, en alerta naranja por fuertes vientos - El Digital de Asturias\",\"description\":\"Las Palmas de Gran Canaria, 9 dic (EFE).- La Agencia Estatal de Meteorolog\\u00eda (Aemet) ha puesto hoy en aviso de nivel amarillo a todas las islas de la provincia de Santa Cruz de Tenerife por fuertes vientos, que en el caso de La Palma subir\\u00e1 a nivel naranja (riesgo importante) a partir de esta tarde\",\"inLanguage\":\"es-ES\",\"isPartOf\":{\"@id\":\"https:\\\/\\\/www.eldigitaldeasturias.com\\\/noticias\\\/#website\"},\"breadcrumb\":{\"@id\":\"https:\\\/\\\/www.eldigitaldeasturias.com\\\/noticias\\\/la-palma-en-alerta-naranja-por-fuertes-vientos\\\/#breadcrumblist\"},\"author\":{\"@id\":\"https:\\\/\\\/www.eldigitaldeasturias.com\\\/noticias\\\/author\\\/admin\\\/#author\"},\"creator\":{\"@id\":\"https:\\\/\\\/www.eldigitaldeasturias.com\\\/noticias\\\/author\\\/admin\\\/#author\"},\"image\":{\"@type\":\"ImageObject\",\"url\":459809,\"@id\":\"https:\\\/\\\/www.eldigitaldeasturias.com\\\/noticias\\\/la-palma-en-alerta-naranja-por-fuertes-vientos\\\/#mainImage\"},\"primaryImageOfPage\":{\"@id\":\"https:\\\/\\\/www.eldigitaldeasturias.com\\\/noticias\\\/la-palma-en-alerta-naranja-por-fuertes-vientos\\\/#mainImage\"},\"datePublished\":\"2013-12-09T19:37:54+01:00\",\"dateModified\":\"2013-12-09T19:37:54+01:00\"},{\"@type\":\"WebSite\",\"@id\":\"https:\\\/\\\/www.eldigitaldeasturias.com\\\/noticias\\\/#website\",\"url\":\"https:\\\/\\\/www.eldigitaldeasturias.com\\\/noticias\\\/\",\"name\":\"El Digital de Asturias - Diario de actualidad y noticias\",\"alternateName\":\"El Digital de Asturias - Diario de actualidad y noticias\",\"description\":\"Hemeroteca\",\"inLanguage\":\"es-ES\",\"publisher\":{\"@id\":\"https:\\\/\\\/www.eldigitaldeasturias.com\\\/noticias\\\/#organization\"}}]}\n\t\t<\/script>\n\t\t<!-- All in One SEO Pro -->\r\n\t\t<title>La Palma, en alerta naranja por fuertes vientos - El Digital de Asturias<\/title>\n\n","aioseo_head_json":{"title":"La Palma, en alerta naranja por fuertes vientos - El Digital de Asturias","description":"Las Palmas de Gran Canaria, 9 dic (EFE).- La Agencia Estatal de Meteorolog\u00eda (Aemet) ha puesto hoy en aviso de nivel amarillo a todas las islas de la provincia de Santa Cruz de Tenerife por fuertes vientos, que en el caso de La Palma subir\u00e1 a nivel naranja (riesgo importante) a partir de esta tarde","canonical_url":"https:\/\/www.eldigitaldeasturias.com\/noticias\/la-palma-en-alerta-naranja-por-fuertes-vientos\/","robots":"max-image-preview:large","keywords":"agenda","webmasterTools":{"google-site-verification":"UA-38556648-1","msvalidate.01":"7dfe9f3f1b24437ab69f4f2559babe99","miscellaneous":""},"schema":{"@context":"https:\/\/schema.org","@graph":[{"@type":"BlogPosting","@id":"https:\/\/www.eldigitaldeasturias.com\/noticias\/la-palma-en-alerta-naranja-por-fuertes-vientos\/#blogposting","name":"La Palma, en alerta naranja por fuertes vientos - El Digital de Asturias","headline":"La Palma, en alerta naranja por fuertes vientos","author":{"@id":"https:\/\/www.eldigitaldeasturias.com\/noticias\/author\/admin\/#author"},"publisher":{"@id":"https:\/\/www.eldigitaldeasturias.com\/noticias\/#organization"},"image":{"@type":"ImageObject","url":459809},"datePublished":"2013-12-09T19:37:54+01:00","dateModified":"2013-12-09T19:37:54+01:00","inLanguage":"es-ES","mainEntityOfPage":{"@id":"https:\/\/www.eldigitaldeasturias.com\/noticias\/la-palma-en-alerta-naranja-por-fuertes-vientos\/#webpage"},"isPartOf":{"@id":"https:\/\/www.eldigitaldeasturias.com\/noticias\/la-palma-en-alerta-naranja-por-fuertes-vientos\/#webpage"},"articleSection":"Agenda"},{"@type":"BreadcrumbList","@id":"https:\/\/www.eldigitaldeasturias.com\/noticias\/la-palma-en-alerta-naranja-por-fuertes-vientos\/#breadcrumblist","itemListElement":[{"@type":"ListItem","@id":"https:\/\/www.eldigitaldeasturias.com\/noticias#listItem","position":1,"name":"Home","item":"https:\/\/www.eldigitaldeasturias.com\/noticias","nextItem":{"@type":"ListItem","@id":"https:\/\/www.eldigitaldeasturias.com\/noticias\/category\/agenda\/#listItem","name":"Agenda"}},{"@type":"ListItem","@id":"https:\/\/www.eldigitaldeasturias.com\/noticias\/category\/agenda\/#listItem","position":2,"name":"Agenda","item":"https:\/\/www.eldigitaldeasturias.com\/noticias\/category\/agenda\/","nextItem":{"@type":"ListItem","@id":"https:\/\/www.eldigitaldeasturias.com\/noticias\/la-palma-en-alerta-naranja-por-fuertes-vientos\/#listItem","name":"La Palma, en alerta naranja por fuertes vientos"},"previousItem":{"@type":"ListItem","@id":"https:\/\/www.eldigitaldeasturias.com\/noticias#listItem","name":"Home"}},{"@type":"ListItem","@id":"https:\/\/www.eldigitaldeasturias.com\/noticias\/la-palma-en-alerta-naranja-por-fuertes-vientos\/#listItem","position":3,"name":"La Palma, en alerta naranja por fuertes vientos","previousItem":{"@type":"ListItem","@id":"https:\/\/www.eldigitaldeasturias.com\/noticias\/category\/agenda\/#listItem","name":"Agenda"}}]},{"@type":"Organization","@id":"https:\/\/www.eldigitaldeasturias.com\/noticias\/#organization","name":"El Digital de Asturias","description":"Hemeroteca","url":"https:\/\/www.eldigitaldeasturias.com\/noticias\/","email":"info@eldigitaldeasturias.com","telephone":"+34652131393","logo":{"@type":"ImageObject","url":"https:\/\/www.eldigitaldeasturias.com\/noticias\/wp-content\/uploads\/2020\/12\/EDA.jpg","@id":"https:\/\/www.eldigitaldeasturias.com\/noticias\/la-palma-en-alerta-naranja-por-fuertes-vientos\/#organizationLogo"},"image":{"@id":"https:\/\/www.eldigitaldeasturias.com\/noticias\/la-palma-en-alerta-naranja-por-fuertes-vientos\/#organizationLogo"},"sameAs":["https:\/\/facebook.com\/eldigitaldeasturias","https:\/\/www.youtube.com\/channel\/UCZP-2wLEB9Rv6erhFmqVnvg"],"address":{"@id":"https:\/\/www.eldigitaldeasturias.com\/noticias\/#postaladdress","@type":"PostalAddress","streetAddress":"san antonio 4","postalCode":"33430","addressLocality":"Cand\u00e1s","addressRegion":"Asturias","addressCountry":"ES"}},{"@type":"Person","@id":"https:\/\/www.eldigitaldeasturias.com\/noticias\/author\/admin\/#author","url":"https:\/\/www.eldigitaldeasturias.com\/noticias\/author\/admin\/","name":"El Digital de Asturias","image":{"@type":"ImageObject","@id":"https:\/\/www.eldigitaldeasturias.com\/noticias\/la-palma-en-alerta-naranja-por-fuertes-vientos\/#authorImage","url":"https:\/\/secure.gravatar.com\/avatar\/df2aeffc32bcd13f8d26072ef8a91b623d677766deac7f97ca815868cd41bf5e?s=96&d=mm&r=g","width":96,"height":96,"caption":"El Digital de Asturias"}},{"@type":"WebPage","@id":"https:\/\/www.eldigitaldeasturias.com\/noticias\/la-palma-en-alerta-naranja-por-fuertes-vientos\/#webpage","url":"https:\/\/www.eldigitaldeasturias.com\/noticias\/la-palma-en-alerta-naranja-por-fuertes-vientos\/","name":"La Palma, en alerta naranja por fuertes vientos - El Digital de Asturias","description":"Las Palmas de Gran Canaria, 9 dic (EFE).- La Agencia Estatal de Meteorolog\u00eda (Aemet) ha puesto hoy en aviso de nivel amarillo a todas las islas de la provincia de Santa Cruz de Tenerife por fuertes vientos, que en el caso de La Palma subir\u00e1 a nivel naranja (riesgo importante) a partir de esta tarde","inLanguage":"es-ES","isPartOf":{"@id":"https:\/\/www.eldigitaldeasturias.com\/noticias\/#website"},"breadcrumb":{"@id":"https:\/\/www.eldigitaldeasturias.com\/noticias\/la-palma-en-alerta-naranja-por-fuertes-vientos\/#breadcrumblist"},"author":{"@id":"https:\/\/www.eldigitaldeasturias.com\/noticias\/author\/admin\/#author"},"creator":{"@id":"https:\/\/www.eldigitaldeasturias.com\/noticias\/author\/admin\/#author"},"image":{"@type":"ImageObject","url":459809,"@id":"https:\/\/www.eldigitaldeasturias.com\/noticias\/la-palma-en-alerta-naranja-por-fuertes-vientos\/#mainImage"},"primaryImageOfPage":{"@id":"https:\/\/www.eldigitaldeasturias.com\/noticias\/la-palma-en-alerta-naranja-por-fuertes-vientos\/#mainImage"},"datePublished":"2013-12-09T19:37:54+01:00","dateModified":"2013-12-09T19:37:54+01:00"},{"@type":"WebSite","@id":"https:\/\/www.eldigitaldeasturias.com\/noticias\/#website","url":"https:\/\/www.eldigitaldeasturias.com\/noticias\/","name":"El Digital de Asturias - Diario de actualidad y noticias","alternateName":"El Digital de Asturias - Diario de actualidad y noticias","description":"Hemeroteca","inLanguage":"es-ES","publisher":{"@id":"https:\/\/www.eldigitaldeasturias.com\/noticias\/#organization"}}]},"og:locale":"es_ES","og:site_name":"El Digital de Asturias","og:type":"article","og:title":"La Palma, en alerta naranja por fuertes vientos - El Digital de Asturias","og:description":"Las Palmas de Gran Canaria, 9 dic (EFE).- La Agencia Estatal de Meteorolog\u00eda (Aemet) ha puesto hoy en aviso de nivel amarillo a todas las islas de la provincia de Santa Cruz de Tenerife por fuertes vientos, que en el caso de La Palma subir\u00e1 a nivel naranja (riesgo importante) a partir de esta tarde","og:url":"https:\/\/www.eldigitaldeasturias.com\/noticias\/la-palma-en-alerta-naranja-por-fuertes-vientos\/","article:tag":["agenda"],"article:published_time":"2013-12-09T20:37:54+00:00","article:modified_time":"2013-12-09T20:37:54+00:00","article:publisher":"https:\/\/facebook.com\/eldigitaldeasturias","twitter:card":"summary_large_image","twitter:title":"La Palma, en alerta naranja por fuertes vientos - El Digital de Asturias","twitter:description":"Las Palmas de Gran Canaria, 9 dic (EFE).- La Agencia Estatal de Meteorolog\u00eda (Aemet) ha puesto hoy en aviso de nivel amarillo a todas las islas de la provincia de Santa Cruz de Tenerife por fuertes vientos, que en el caso de La Palma subir\u00e1 a nivel naranja (riesgo importante) a partir de esta tarde","twitter:label1":"Escrito por","twitter:data1":"El Digital de Asturias","twitter:label2":"Tiempo de lectura estimado","twitter:data2":"2 minutos"},"aioseo_meta_data":{"post_id":"459808","title":null,"description":null,"keywords":null,"keyphrases":null,"primary_term":null,"canonical_url":null,"og_title":null,"og_description":null,"og_object_type":"default","og_image_type":"default","og_image_url":null,"og_image_width":null,"og_image_height":null,"og_image_custom_url":null,"og_image_custom_fields":null,"og_video":null,"og_custom_url":null,"og_article_section":null,"og_article_tags":null,"twitter_use_og":true,"twitter_card":"default","twitter_image_type":"default","twitter_image_url":null,"twitter_image_custom_url":null,"twitter_image_custom_fields":null,"twitter_title":null,"twitter_description":null,"schema":{"blockGraphs":[],"customGraphs":[],"default":{"data":{"Article":[],"Course":[],"Dataset":[],"FAQPage":[],"Movie":[],"Person":[],"Product":[],"ProductReview":[],"Car":[],"Recipe":[],"Service":[],"SoftwareApplication":[],"WebPage":[]},"graphName":"","isEnabled":true},"graphs":[],"defaultGraph":"","defaultPostTypeGraph":""},"schema_type":null,"schema_type_options":null,"pillar_content":false,"robots_default":true,"robots_noindex":false,"robots_noarchive":false,"robots_nosnippet":false,"robots_nofollow":false,"robots_noimageindex":false,"robots_noodp":false,"robots_notranslate":false,"robots_max_snippet":null,"robots_max_videopreview":null,"robots_max_imagepreview":"none","priority":null,"frequency":null,"local_seo":null,"seo_analyzer_scan_date":"2026-05-30 10:44:05","breadcrumb_settings":null,"limit_modified_date":false,"open_ai":null,"ai":null,"created":"2020-11-14 22:47:39","updated":"2026-05-30 10:44:05","focus_keyword":null,"additional_keywords":null,"truseo_locale":null},"aioseo_breadcrumb":"<div class=\"aioseo-breadcrumbs\"><span class=\"aioseo-breadcrumb\">\n\t<a href=\"https:\/\/www.eldigitaldeasturias.com\/noticias\" title=\"Home\">Home<\/a>\n<\/span><span class=\"aioseo-breadcrumb-separator\">\u2013<\/span><span class=\"aioseo-breadcrumb\">\n\t<a href=\"https:\/\/www.eldigitaldeasturias.com\/noticias\/category\/agenda\/\" title=\"Agenda\">Agenda<\/a>\n<\/span><span class=\"aioseo-breadcrumb-separator\">\u2013<\/span><span class=\"aioseo-breadcrumb\">\n\t<a href=\"https:\/\/www.eldigitaldeasturias.com\/noticias\/la-palma-en-alerta-naranja-por-fuertes-vientos\/\" title=\"La Palma, en alerta naranja por fuertes vientos\">La Palma, en alerta naranja por fuertes vientos<\/a>\n<\/span><\/div>","aioseo_breadcrumb_json":[{"label":"Home","link":"https:\/\/www.eldigitaldeasturias.com\/noticias"},{"label":"Agenda","link":"https:\/\/www.eldigitaldeasturias.com\/noticias\/category\/agenda\/"},{"label":"La Palma, en alerta naranja por fuertes vientos","link":"https:\/\/www.eldigitaldeasturias.com\/noticias\/la-palma-en-alerta-naranja-por-fuertes-vientos\/"}],"_links":{"self":[{"href":"https:\/\/www.eldigitaldeasturias.com\/noticias\/wp-json\/wp\/v2\/posts\/459808","targetHints":{"allow":["GET"]}}],"collection":[{"href":"https:\/\/www.eldigitaldeasturias.com\/noticias\/wp-json\/wp\/v2\/posts"}],"about":[{"href":"https:\/\/www.eldigitaldeasturias.com\/noticias\/wp-json\/wp\/v2\/types\/post"}],"author":[{"embeddable":true,"href":"https:\/\/www.eldigitaldeasturias.com\/noticias\/wp-json\/wp\/v2\/users\/1"}],"replies":[{"embeddable":true,"href":"https:\/\/www.eldigitaldeasturias.com\/noticias\/wp-json\/wp\/v2\/comments?post=459808"}],"version-history":[{"count":0,"href":"https:\/\/www.eldigitaldeasturias.com\/noticias\/wp-json\/wp\/v2\/posts\/459808\/revisions"}],"wp:attachment":[{"href":"https:\/\/www.eldigitaldeasturias.com\/noticias\/wp-json\/wp\/v2\/media?parent=459808"}],"wp:term":[{"taxonomy":"category","embeddable":true,"href":"https:\/\/www.eldigitaldeasturias.com\/noticias\/wp-json\/wp\/v2\/categories?post=459808"},{"taxonomy":"post_tag","embeddable":true,"href":"https:\/\/www.eldigitaldeasturias.com\/noticias\/wp-json\/wp\/v2\/tags?post=459808"}],"curies":[{"name":"wp","href":"https:\/\/api.w.org\/{rel}","templated":true}]}}