{"id":459796,"date":"2013-12-09T19:31:30","date_gmt":"2013-12-09T20:31:30","guid":{"rendered":"http:\/\/www.eldigitaldeasturias.com\/noticias\/?p=459796"},"modified":"2013-12-09T19:31:30","modified_gmt":"2013-12-09T20:31:30","slug":"el-basque-culinary-center-creara-un-instituto-del-vino","status":"publish","type":"post","link":"https:\/\/www.eldigitaldeasturias.com\/noticias\/el-basque-culinary-center-creara-un-instituto-del-vino\/","title":{"rendered":"El Basque Culinary Center crear\u00e1 un Instituto del Vino"},"content":{"rendered":"<p><img loading=\"lazy\" decoding=\"async\" class=\"alignleft size-medium wp-image-459797\" alt=\"5781240w\" src=\"https:\/\/www.eldigitaldeasturias.com\/noticias\/wp-content\/uploads\/2013\/12\/5781240w-241x320.jpg\" width=\"241\" height=\"320\" \/>San Sebasti\u00e1n, 9 dic (EFE).- El Basque Culinary Center (BCC) de San Sebasti\u00e1n, la Facultad de Gastronom\u00eda de la Universidad de Mondrag\u00f3n, crear\u00e1 a principios del pr\u00f3ximo a\u00f1o un Instituto del Vino, que pretende ser un proyecto \u00abgenerador de nuevos profesionales y de nuevos conocimientos\u00bb en el mundo de la enolog\u00eda.<\/p>\n<p>\u00abEn este sector hay mucho camino por explorar, por desarrollar, y queremos ser el agente activo capaz de anticiparse a ello y trabajar en el desarrollo de sus l\u00edneas futuras\u00bb, ha asegurado el director del BCC, Joxe Mari Aizega.<\/p>\n<p>Aizega hace este anuncio en un comunicado con motivo de la primera reuni\u00f3n hoy del comit\u00e9 de expertos que se ha constituido para asesorar al nuevo centro al Instituto y que se encargar\u00e1 de definir sus estrategias y actividades.<\/p>\n<p>Este comit\u00e9 es por tanto el \u00abembri\u00f3n\u00bb del nuevo centro, que se llamar\u00e1 Instituto del Vino-BCC Wine y tendr\u00e1 su sede en San Sebasti\u00e1n, en las instalaciones de la Facultad de Gastronom\u00eda.<\/p>\n<p>Son doce expertos los que integran el nuevo \u00f3rgano, profesionales \u00abde prestigio\u00bb en el mundo del vino, desde en\u00f3logos y presidentes de bodegas a sumilleres.<\/p>\n<p>El presidente de Vega Sicilia, Pablo \u00c1lvarez, el de Rioja Alta, Guillermo Aranzabal, y el de la bodega Fernando de Castilla-J\u00e9rez, Jan Pettersen, han sido designados miembros del comit\u00e9 junto a los en\u00f3logos Pepe Hidalgo, Agust\u00ed Torell\u00f3 y Elena Adell.<\/p>\n<p>Se suman los sumilleres Josep Roca (del Celler de Can Roca, elegido este a\u00f1o mejor restaurante del mundo por la revista \u00abRestaurant\u00bb), Pablo Mart\u00edn (presidente de la Asociaci\u00f3n de Sumilleres de Espa\u00f1a) y Pedro Ballesteros, \u00fanico Master of Wine de Espa\u00f1a, la cr\u00edtica gastron\u00f3mica Pilar Molestine y el distribuidor Quim Vila.<\/p>\n<p>Adem\u00e1s, ir\u00e1n rotando en el comit\u00e9 los sumilleres de los restaurantes de los chefs patronos del BCC -Arzak, Akelarre, Mart\u00edn Berasategui, Mugaritz, Azurmendi, Zuberoa y Karlos Argui\u00f1ano-.<\/p>\n<p>La idea es que estos expertos analicen el futuro del sector y se anticipen a sus necesidades para poder luego identificar las actividades que debe desarrollar el Instituto del Vino, y lograr la proyecci\u00f3n internacional del proyecto en las \u00e1reas de formaci\u00f3n, investigaci\u00f3n e innovaci\u00f3n, explica el BCC en su nota.<\/p>\n<p>Destaca el sector vitivin\u00edcola que es \u00abde extraordinaria relevancia en Espa\u00f1a\u00bb, como pa\u00eds adem\u00e1s que ocupa el primer lugar del mundo en el r\u00e1nking de superficie plantada, el tercero por producci\u00f3n y el segundo por volumen de exportaciones.<\/p>\n<p>\u00abDe la misma manera que la cocina ha evolucionado desde una cocina tradicional a una moderna, transformando los restaurantes, el vino tambi\u00e9n ha evolucionado en los \u00faltimos a\u00f1os. Para el Basque Culinary Center, la formaci\u00f3n de profesionales cualificados y con un conocimiento exhaustivo del vino es una tarea fundamental. De ah\u00ed la importancia de esta apuesta por el Instituto del Vino y de los Espirituosos\u00bb, subraya el BCC.<\/p>\n","protected":false},"excerpt":{"rendered":"<p>San Sebasti\u00e1n, 9 dic (EFE).- El Basque Culinary Center (BCC) de San Sebasti\u00e1n, la Facultad de Gastronom\u00eda de la Universidad de Mondrag\u00f3n, crear\u00e1 a principios del pr\u00f3ximo a\u00f1o un Instituto del Vino, que pretende ser un proyecto \u00abgenerador de nuevos profesionales y de nuevos conocimientos\u00bb en el mundo de la enolog\u00eda. \u00abEn este sector hay [&hellip;]<\/p>\n","protected":false},"author":1,"featured_media":459797,"comment_status":"closed","ping_status":"open","sticky":false,"template":"","format":"standard","meta":{"footnotes":""},"categories":[50],"tags":[],"class_list":["post-459796","post","type-post","status-publish","format-standard","has-post-thumbnail","hentry","category-revista-de-ocio"],"aioseo_notices":[],"aioseo_head":"\n\t\t<!-- All in One SEO Pro 5.0.1 - aioseo.com -->\n\t<meta name=\"description\" content=\"San Sebasti\u00e1n, 9 dic (EFE).- El Basque Culinary Center (BCC) de San Sebasti\u00e1n, la Facultad de Gastronom\u00eda de la Universidad de Mondrag\u00f3n, crear\u00e1 a principios del pr\u00f3ximo a\u00f1o un Instituto del Vino, que pretende ser un proyecto &quot;generador de nuevos profesionales y de nuevos conocimientos&quot; en el mundo de la enolog\u00eda. &quot;En este sector hay\" \/>\n\t<meta name=\"robots\" content=\"max-image-preview:large\" \/>\n\t<meta name=\"author\" content=\"El Digital de Asturias\"\/>\n\t<meta name=\"google-site-verification\" content=\"UA-38556648-1\" \/>\n\t<meta name=\"msvalidate.01\" content=\"7dfe9f3f1b24437ab69f4f2559babe99\" \/>\n\t<meta name=\"keywords\" content=\"revista de ocio\" \/>\n\t<link rel=\"canonical\" href=\"https:\/\/www.eldigitaldeasturias.com\/noticias\/el-basque-culinary-center-creara-un-instituto-del-vino\/\" \/>\n\t<meta name=\"generator\" content=\"All in One SEO Pro (AIOSEO) 5.0.1\" \/>\n\t\t<meta property=\"og:locale\" content=\"es_ES\" \/>\n\t\t<meta property=\"og:site_name\" content=\"El Digital de Asturias\" \/>\n\t\t<meta property=\"og:type\" content=\"article\" \/>\n\t\t<meta property=\"og:title\" content=\"El Basque Culinary Center crear\u00e1 un Instituto del Vino - El Digital de Asturias\" \/>\n\t\t<meta property=\"og:description\" content=\"San Sebasti\u00e1n, 9 dic (EFE).- El Basque Culinary Center (BCC) de San Sebasti\u00e1n, la Facultad de Gastronom\u00eda de la Universidad de Mondrag\u00f3n, crear\u00e1 a principios del pr\u00f3ximo a\u00f1o un Instituto del Vino, que pretende ser un proyecto &quot;generador de nuevos profesionales y de nuevos conocimientos&quot; en el mundo de la enolog\u00eda. &quot;En este sector hay\" \/>\n\t\t<meta property=\"og:url\" content=\"https:\/\/www.eldigitaldeasturias.com\/noticias\/el-basque-culinary-center-creara-un-instituto-del-vino\/\" \/>\n\t\t<meta property=\"article:tag\" content=\"revista de ocio\" \/>\n\t\t<meta property=\"article:published_time\" content=\"2013-12-09T20:31:30+00:00\" \/>\n\t\t<meta property=\"article:modified_time\" content=\"2013-12-09T20:31:30+00:00\" \/>\n\t\t<meta property=\"article:publisher\" content=\"https:\/\/facebook.com\/eldigitaldeasturias\" \/>\n\t\t<meta name=\"twitter:card\" content=\"summary_large_image\" \/>\n\t\t<meta name=\"twitter:title\" content=\"El Basque Culinary Center crear\u00e1 un Instituto del Vino - El Digital de Asturias\" \/>\n\t\t<meta name=\"twitter:description\" content=\"San Sebasti\u00e1n, 9 dic (EFE).- El Basque Culinary Center (BCC) de San Sebasti\u00e1n, la Facultad de Gastronom\u00eda de la Universidad de Mondrag\u00f3n, crear\u00e1 a principios del pr\u00f3ximo a\u00f1o un Instituto del Vino, que pretende ser un proyecto &quot;generador de nuevos profesionales y de nuevos conocimientos&quot; en el mundo de la enolog\u00eda. &quot;En este sector hay\" \/>\n\t\t<meta name=\"twitter:label1\" content=\"Escrito por\" \/>\n\t\t<meta name=\"twitter:data1\" content=\"El Digital de Asturias\" \/>\n\t\t<meta name=\"twitter:label2\" content=\"Tiempo de lectura estimado\" \/>\n\t\t<meta name=\"twitter:data2\" content=\"3 minutos\" \/>\n\t\t<script type=\"application\/ld+json\" class=\"aioseo-schema\">\n\t\t\t{\"@context\":\"https:\\\/\\\/schema.org\",\"@graph\":[{\"@type\":\"BlogPosting\",\"@id\":\"https:\\\/\\\/www.eldigitaldeasturias.com\\\/noticias\\\/el-basque-culinary-center-creara-un-instituto-del-vino\\\/#blogposting\",\"name\":\"El Basque Culinary Center crear\\u00e1 un Instituto del Vino - El Digital de Asturias\",\"headline\":\"El Basque Culinary Center crear\\u00e1 un Instituto del Vino\",\"author\":{\"@id\":\"https:\\\/\\\/www.eldigitaldeasturias.com\\\/noticias\\\/author\\\/admin\\\/#author\"},\"publisher\":{\"@id\":\"https:\\\/\\\/www.eldigitaldeasturias.com\\\/noticias\\\/#organization\"},\"image\":{\"@type\":\"ImageObject\",\"url\":459797},\"datePublished\":\"2013-12-09T19:31:30+01:00\",\"dateModified\":\"2013-12-09T19:31:30+01:00\",\"inLanguage\":\"es-ES\",\"mainEntityOfPage\":{\"@id\":\"https:\\\/\\\/www.eldigitaldeasturias.com\\\/noticias\\\/el-basque-culinary-center-creara-un-instituto-del-vino\\\/#webpage\"},\"isPartOf\":{\"@id\":\"https:\\\/\\\/www.eldigitaldeasturias.com\\\/noticias\\\/el-basque-culinary-center-creara-un-instituto-del-vino\\\/#webpage\"},\"articleSection\":\"Revista de Ocio\"},{\"@type\":\"BreadcrumbList\",\"@id\":\"https:\\\/\\\/www.eldigitaldeasturias.com\\\/noticias\\\/el-basque-culinary-center-creara-un-instituto-del-vino\\\/#breadcrumblist\",\"itemListElement\":[{\"@type\":\"ListItem\",\"@id\":\"https:\\\/\\\/www.eldigitaldeasturias.com\\\/noticias#listItem\",\"position\":1,\"name\":\"Home\",\"item\":\"https:\\\/\\\/www.eldigitaldeasturias.com\\\/noticias\",\"nextItem\":{\"@type\":\"ListItem\",\"@id\":\"https:\\\/\\\/www.eldigitaldeasturias.com\\\/noticias\\\/category\\\/revista-de-ocio\\\/#listItem\",\"name\":\"Revista de Ocio\"}},{\"@type\":\"ListItem\",\"@id\":\"https:\\\/\\\/www.eldigitaldeasturias.com\\\/noticias\\\/category\\\/revista-de-ocio\\\/#listItem\",\"position\":2,\"name\":\"Revista de Ocio\",\"item\":\"https:\\\/\\\/www.eldigitaldeasturias.com\\\/noticias\\\/category\\\/revista-de-ocio\\\/\",\"nextItem\":{\"@type\":\"ListItem\",\"@id\":\"https:\\\/\\\/www.eldigitaldeasturias.com\\\/noticias\\\/el-basque-culinary-center-creara-un-instituto-del-vino\\\/#listItem\",\"name\":\"El Basque Culinary Center crear\\u00e1 un Instituto del Vino\"},\"previousItem\":{\"@type\":\"ListItem\",\"@id\":\"https:\\\/\\\/www.eldigitaldeasturias.com\\\/noticias#listItem\",\"name\":\"Home\"}},{\"@type\":\"ListItem\",\"@id\":\"https:\\\/\\\/www.eldigitaldeasturias.com\\\/noticias\\\/el-basque-culinary-center-creara-un-instituto-del-vino\\\/#listItem\",\"position\":3,\"name\":\"El Basque Culinary Center crear\\u00e1 un Instituto del Vino\",\"previousItem\":{\"@type\":\"ListItem\",\"@id\":\"https:\\\/\\\/www.eldigitaldeasturias.com\\\/noticias\\\/category\\\/revista-de-ocio\\\/#listItem\",\"name\":\"Revista de Ocio\"}}]},{\"@type\":\"Organization\",\"@id\":\"https:\\\/\\\/www.eldigitaldeasturias.com\\\/noticias\\\/#organization\",\"name\":\"El Digital de Asturias\",\"description\":\"Hemeroteca\",\"url\":\"https:\\\/\\\/www.eldigitaldeasturias.com\\\/noticias\\\/\",\"email\":\"info@eldigitaldeasturias.com\",\"telephone\":\"+34652131393\",\"logo\":{\"@type\":\"ImageObject\",\"url\":\"https:\\\/\\\/www.eldigitaldeasturias.com\\\/noticias\\\/wp-content\\\/uploads\\\/2020\\\/12\\\/EDA.jpg\",\"@id\":\"https:\\\/\\\/www.eldigitaldeasturias.com\\\/noticias\\\/el-basque-culinary-center-creara-un-instituto-del-vino\\\/#organizationLogo\"},\"image\":{\"@id\":\"https:\\\/\\\/www.eldigitaldeasturias.com\\\/noticias\\\/el-basque-culinary-center-creara-un-instituto-del-vino\\\/#organizationLogo\"},\"sameAs\":[\"https:\\\/\\\/facebook.com\\\/eldigitaldeasturias\",\"https:\\\/\\\/www.youtube.com\\\/channel\\\/UCZP-2wLEB9Rv6erhFmqVnvg\"],\"address\":{\"@id\":\"https:\\\/\\\/www.eldigitaldeasturias.com\\\/noticias\\\/#postaladdress\",\"@type\":\"PostalAddress\",\"streetAddress\":\"san antonio 4\",\"postalCode\":\"33430\",\"addressLocality\":\"Cand\\u00e1s\",\"addressRegion\":\"Asturias\",\"addressCountry\":\"ES\"}},{\"@type\":\"Person\",\"@id\":\"https:\\\/\\\/www.eldigitaldeasturias.com\\\/noticias\\\/author\\\/admin\\\/#author\",\"url\":\"https:\\\/\\\/www.eldigitaldeasturias.com\\\/noticias\\\/author\\\/admin\\\/\",\"name\":\"El Digital de Asturias\",\"image\":{\"@type\":\"ImageObject\",\"@id\":\"https:\\\/\\\/www.eldigitaldeasturias.com\\\/noticias\\\/el-basque-culinary-center-creara-un-instituto-del-vino\\\/#authorImage\",\"url\":\"https:\\\/\\\/secure.gravatar.com\\\/avatar\\\/df2aeffc32bcd13f8d26072ef8a91b623d677766deac7f97ca815868cd41bf5e?s=96&d=mm&r=g\",\"width\":96,\"height\":96,\"caption\":\"El Digital de Asturias\"}},{\"@type\":\"WebPage\",\"@id\":\"https:\\\/\\\/www.eldigitaldeasturias.com\\\/noticias\\\/el-basque-culinary-center-creara-un-instituto-del-vino\\\/#webpage\",\"url\":\"https:\\\/\\\/www.eldigitaldeasturias.com\\\/noticias\\\/el-basque-culinary-center-creara-un-instituto-del-vino\\\/\",\"name\":\"El Basque Culinary Center crear\\u00e1 un Instituto del Vino - El Digital de Asturias\",\"description\":\"San Sebasti\\u00e1n, 9 dic (EFE).- El Basque Culinary Center (BCC) de San Sebasti\\u00e1n, la Facultad de Gastronom\\u00eda de la Universidad de Mondrag\\u00f3n, crear\\u00e1 a principios del pr\\u00f3ximo a\\u00f1o un Instituto del Vino, que pretende ser un proyecto \\\"generador de nuevos profesionales y de nuevos conocimientos\\\" en el mundo de la enolog\\u00eda. \\\"En este sector hay\",\"inLanguage\":\"es-ES\",\"isPartOf\":{\"@id\":\"https:\\\/\\\/www.eldigitaldeasturias.com\\\/noticias\\\/#website\"},\"breadcrumb\":{\"@id\":\"https:\\\/\\\/www.eldigitaldeasturias.com\\\/noticias\\\/el-basque-culinary-center-creara-un-instituto-del-vino\\\/#breadcrumblist\"},\"author\":{\"@id\":\"https:\\\/\\\/www.eldigitaldeasturias.com\\\/noticias\\\/author\\\/admin\\\/#author\"},\"creator\":{\"@id\":\"https:\\\/\\\/www.eldigitaldeasturias.com\\\/noticias\\\/author\\\/admin\\\/#author\"},\"image\":{\"@type\":\"ImageObject\",\"url\":459797,\"@id\":\"https:\\\/\\\/www.eldigitaldeasturias.com\\\/noticias\\\/el-basque-culinary-center-creara-un-instituto-del-vino\\\/#mainImage\"},\"primaryImageOfPage\":{\"@id\":\"https:\\\/\\\/www.eldigitaldeasturias.com\\\/noticias\\\/el-basque-culinary-center-creara-un-instituto-del-vino\\\/#mainImage\"},\"datePublished\":\"2013-12-09T19:31:30+01:00\",\"dateModified\":\"2013-12-09T19:31:30+01:00\"},{\"@type\":\"WebSite\",\"@id\":\"https:\\\/\\\/www.eldigitaldeasturias.com\\\/noticias\\\/#website\",\"url\":\"https:\\\/\\\/www.eldigitaldeasturias.com\\\/noticias\\\/\",\"name\":\"El Digital de Asturias - Diario de actualidad y noticias\",\"alternateName\":\"El Digital de Asturias - Diario de actualidad y noticias\",\"description\":\"Hemeroteca\",\"inLanguage\":\"es-ES\",\"publisher\":{\"@id\":\"https:\\\/\\\/www.eldigitaldeasturias.com\\\/noticias\\\/#organization\"}}]}\n\t\t<\/script>\n\t\t<!-- All in One SEO Pro -->\r\n\t\t<title>El Basque Culinary Center crear\u00e1 un Instituto del Vino - El Digital de Asturias<\/title>\n\n","aioseo_head_json":{"title":"El Basque Culinary Center crear\u00e1 un Instituto del Vino - El Digital de Asturias","description":"San Sebasti\u00e1n, 9 dic (EFE).- El Basque Culinary Center (BCC) de San Sebasti\u00e1n, la Facultad de Gastronom\u00eda de la Universidad de Mondrag\u00f3n, crear\u00e1 a principios del pr\u00f3ximo a\u00f1o un Instituto del Vino, que pretende ser un proyecto \"generador de nuevos profesionales y de nuevos conocimientos\" en el mundo de la enolog\u00eda. \"En este sector hay","canonical_url":"https:\/\/www.eldigitaldeasturias.com\/noticias\/el-basque-culinary-center-creara-un-instituto-del-vino\/","robots":"max-image-preview:large","keywords":"revista de ocio","webmasterTools":{"google-site-verification":"UA-38556648-1","msvalidate.01":"7dfe9f3f1b24437ab69f4f2559babe99","miscellaneous":""},"schema":{"@context":"https:\/\/schema.org","@graph":[{"@type":"BlogPosting","@id":"https:\/\/www.eldigitaldeasturias.com\/noticias\/el-basque-culinary-center-creara-un-instituto-del-vino\/#blogposting","name":"El Basque Culinary Center crear\u00e1 un Instituto del Vino - El Digital de Asturias","headline":"El Basque Culinary Center crear\u00e1 un Instituto del Vino","author":{"@id":"https:\/\/www.eldigitaldeasturias.com\/noticias\/author\/admin\/#author"},"publisher":{"@id":"https:\/\/www.eldigitaldeasturias.com\/noticias\/#organization"},"image":{"@type":"ImageObject","url":459797},"datePublished":"2013-12-09T19:31:30+01:00","dateModified":"2013-12-09T19:31:30+01:00","inLanguage":"es-ES","mainEntityOfPage":{"@id":"https:\/\/www.eldigitaldeasturias.com\/noticias\/el-basque-culinary-center-creara-un-instituto-del-vino\/#webpage"},"isPartOf":{"@id":"https:\/\/www.eldigitaldeasturias.com\/noticias\/el-basque-culinary-center-creara-un-instituto-del-vino\/#webpage"},"articleSection":"Revista de Ocio"},{"@type":"BreadcrumbList","@id":"https:\/\/www.eldigitaldeasturias.com\/noticias\/el-basque-culinary-center-creara-un-instituto-del-vino\/#breadcrumblist","itemListElement":[{"@type":"ListItem","@id":"https:\/\/www.eldigitaldeasturias.com\/noticias#listItem","position":1,"name":"Home","item":"https:\/\/www.eldigitaldeasturias.com\/noticias","nextItem":{"@type":"ListItem","@id":"https:\/\/www.eldigitaldeasturias.com\/noticias\/category\/revista-de-ocio\/#listItem","name":"Revista de Ocio"}},{"@type":"ListItem","@id":"https:\/\/www.eldigitaldeasturias.com\/noticias\/category\/revista-de-ocio\/#listItem","position":2,"name":"Revista de Ocio","item":"https:\/\/www.eldigitaldeasturias.com\/noticias\/category\/revista-de-ocio\/","nextItem":{"@type":"ListItem","@id":"https:\/\/www.eldigitaldeasturias.com\/noticias\/el-basque-culinary-center-creara-un-instituto-del-vino\/#listItem","name":"El Basque Culinary Center crear\u00e1 un Instituto del Vino"},"previousItem":{"@type":"ListItem","@id":"https:\/\/www.eldigitaldeasturias.com\/noticias#listItem","name":"Home"}},{"@type":"ListItem","@id":"https:\/\/www.eldigitaldeasturias.com\/noticias\/el-basque-culinary-center-creara-un-instituto-del-vino\/#listItem","position":3,"name":"El Basque Culinary Center crear\u00e1 un Instituto del Vino","previousItem":{"@type":"ListItem","@id":"https:\/\/www.eldigitaldeasturias.com\/noticias\/category\/revista-de-ocio\/#listItem","name":"Revista de Ocio"}}]},{"@type":"Organization","@id":"https:\/\/www.eldigitaldeasturias.com\/noticias\/#organization","name":"El Digital de Asturias","description":"Hemeroteca","url":"https:\/\/www.eldigitaldeasturias.com\/noticias\/","email":"info@eldigitaldeasturias.com","telephone":"+34652131393","logo":{"@type":"ImageObject","url":"https:\/\/www.eldigitaldeasturias.com\/noticias\/wp-content\/uploads\/2020\/12\/EDA.jpg","@id":"https:\/\/www.eldigitaldeasturias.com\/noticias\/el-basque-culinary-center-creara-un-instituto-del-vino\/#organizationLogo"},"image":{"@id":"https:\/\/www.eldigitaldeasturias.com\/noticias\/el-basque-culinary-center-creara-un-instituto-del-vino\/#organizationLogo"},"sameAs":["https:\/\/facebook.com\/eldigitaldeasturias","https:\/\/www.youtube.com\/channel\/UCZP-2wLEB9Rv6erhFmqVnvg"],"address":{"@id":"https:\/\/www.eldigitaldeasturias.com\/noticias\/#postaladdress","@type":"PostalAddress","streetAddress":"san antonio 4","postalCode":"33430","addressLocality":"Cand\u00e1s","addressRegion":"Asturias","addressCountry":"ES"}},{"@type":"Person","@id":"https:\/\/www.eldigitaldeasturias.com\/noticias\/author\/admin\/#author","url":"https:\/\/www.eldigitaldeasturias.com\/noticias\/author\/admin\/","name":"El Digital de Asturias","image":{"@type":"ImageObject","@id":"https:\/\/www.eldigitaldeasturias.com\/noticias\/el-basque-culinary-center-creara-un-instituto-del-vino\/#authorImage","url":"https:\/\/secure.gravatar.com\/avatar\/df2aeffc32bcd13f8d26072ef8a91b623d677766deac7f97ca815868cd41bf5e?s=96&d=mm&r=g","width":96,"height":96,"caption":"El Digital de Asturias"}},{"@type":"WebPage","@id":"https:\/\/www.eldigitaldeasturias.com\/noticias\/el-basque-culinary-center-creara-un-instituto-del-vino\/#webpage","url":"https:\/\/www.eldigitaldeasturias.com\/noticias\/el-basque-culinary-center-creara-un-instituto-del-vino\/","name":"El Basque Culinary Center crear\u00e1 un Instituto del Vino - El Digital de Asturias","description":"San Sebasti\u00e1n, 9 dic (EFE).- El Basque Culinary Center (BCC) de San Sebasti\u00e1n, la Facultad de Gastronom\u00eda de la Universidad de Mondrag\u00f3n, crear\u00e1 a principios del pr\u00f3ximo a\u00f1o un Instituto del Vino, que pretende ser un proyecto \"generador de nuevos profesionales y de nuevos conocimientos\" en el mundo de la enolog\u00eda. \"En este sector hay","inLanguage":"es-ES","isPartOf":{"@id":"https:\/\/www.eldigitaldeasturias.com\/noticias\/#website"},"breadcrumb":{"@id":"https:\/\/www.eldigitaldeasturias.com\/noticias\/el-basque-culinary-center-creara-un-instituto-del-vino\/#breadcrumblist"},"author":{"@id":"https:\/\/www.eldigitaldeasturias.com\/noticias\/author\/admin\/#author"},"creator":{"@id":"https:\/\/www.eldigitaldeasturias.com\/noticias\/author\/admin\/#author"},"image":{"@type":"ImageObject","url":459797,"@id":"https:\/\/www.eldigitaldeasturias.com\/noticias\/el-basque-culinary-center-creara-un-instituto-del-vino\/#mainImage"},"primaryImageOfPage":{"@id":"https:\/\/www.eldigitaldeasturias.com\/noticias\/el-basque-culinary-center-creara-un-instituto-del-vino\/#mainImage"},"datePublished":"2013-12-09T19:31:30+01:00","dateModified":"2013-12-09T19:31:30+01:00"},{"@type":"WebSite","@id":"https:\/\/www.eldigitaldeasturias.com\/noticias\/#website","url":"https:\/\/www.eldigitaldeasturias.com\/noticias\/","name":"El Digital de Asturias - Diario de actualidad y noticias","alternateName":"El Digital de Asturias - Diario de actualidad y noticias","description":"Hemeroteca","inLanguage":"es-ES","publisher":{"@id":"https:\/\/www.eldigitaldeasturias.com\/noticias\/#organization"}}]},"og:locale":"es_ES","og:site_name":"El Digital de Asturias","og:type":"article","og:title":"El Basque Culinary Center crear\u00e1 un Instituto del Vino - El Digital de Asturias","og:description":"San Sebasti\u00e1n, 9 dic (EFE).- El Basque Culinary Center (BCC) de San Sebasti\u00e1n, la Facultad de Gastronom\u00eda de la Universidad de Mondrag\u00f3n, crear\u00e1 a principios del pr\u00f3ximo a\u00f1o un Instituto del Vino, que pretende ser un proyecto &quot;generador de nuevos profesionales y de nuevos conocimientos&quot; en el mundo de la enolog\u00eda. &quot;En este sector hay","og:url":"https:\/\/www.eldigitaldeasturias.com\/noticias\/el-basque-culinary-center-creara-un-instituto-del-vino\/","article:tag":["revista de ocio"],"article:published_time":"2013-12-09T20:31:30+00:00","article:modified_time":"2013-12-09T20:31:30+00:00","article:publisher":"https:\/\/facebook.com\/eldigitaldeasturias","twitter:card":"summary_large_image","twitter:title":"El Basque Culinary Center crear\u00e1 un Instituto del Vino - El Digital de Asturias","twitter:description":"San Sebasti\u00e1n, 9 dic (EFE).- El Basque Culinary Center (BCC) de San Sebasti\u00e1n, la Facultad de Gastronom\u00eda de la Universidad de Mondrag\u00f3n, crear\u00e1 a principios del pr\u00f3ximo a\u00f1o un Instituto del Vino, que pretende ser un proyecto &quot;generador de nuevos profesionales y de nuevos conocimientos&quot; en el mundo de la enolog\u00eda. &quot;En este sector hay","twitter:label1":"Escrito por","twitter:data1":"El Digital de Asturias","twitter:label2":"Tiempo de lectura estimado","twitter:data2":"3 minutos"},"aioseo_meta_data":{"post_id":"459796","title":null,"description":null,"keywords":null,"keyphrases":null,"primary_term":null,"canonical_url":null,"og_title":null,"og_description":null,"og_object_type":"default","og_image_type":"default","og_image_url":null,"og_image_width":null,"og_image_height":null,"og_image_custom_url":null,"og_image_custom_fields":null,"og_video":null,"og_custom_url":null,"og_article_section":null,"og_article_tags":null,"twitter_use_og":true,"twitter_card":"default","twitter_image_type":"default","twitter_image_url":null,"twitter_image_custom_url":null,"twitter_image_custom_fields":null,"twitter_title":null,"twitter_description":null,"schema":{"blockGraphs":[],"customGraphs":[],"default":{"data":{"Article":[],"Course":[],"Dataset":[],"FAQPage":[],"Movie":[],"Person":[],"Product":[],"ProductReview":[],"Car":[],"Recipe":[],"Service":[],"SoftwareApplication":[],"WebPage":[]},"graphName":"","isEnabled":true},"graphs":[],"defaultGraph":"","defaultPostTypeGraph":""},"schema_type":null,"schema_type_options":null,"pillar_content":false,"robots_default":true,"robots_noindex":false,"robots_noarchive":false,"robots_nosnippet":false,"robots_nofollow":false,"robots_noimageindex":false,"robots_noodp":false,"robots_notranslate":false,"robots_max_snippet":null,"robots_max_videopreview":null,"robots_max_imagepreview":"none","priority":null,"frequency":null,"local_seo":null,"seo_analyzer_scan_date":"2026-05-30 10:42:03","breadcrumb_settings":null,"limit_modified_date":false,"open_ai":null,"ai":null,"created":"2020-11-14 22:47:39","updated":"2026-05-30 10:42:03","focus_keyword":null,"additional_keywords":null,"truseo_locale":null},"aioseo_breadcrumb":"<div class=\"aioseo-breadcrumbs\"><span class=\"aioseo-breadcrumb\">\n\t<a href=\"https:\/\/www.eldigitaldeasturias.com\/noticias\" title=\"Home\">Home<\/a>\n<\/span><span class=\"aioseo-breadcrumb-separator\">\u2013<\/span><span class=\"aioseo-breadcrumb\">\n\t<a href=\"https:\/\/www.eldigitaldeasturias.com\/noticias\/category\/revista-de-ocio\/\" title=\"Revista de Ocio\">Revista de Ocio<\/a>\n<\/span><span class=\"aioseo-breadcrumb-separator\">\u2013<\/span><span class=\"aioseo-breadcrumb\">\n\t<a href=\"https:\/\/www.eldigitaldeasturias.com\/noticias\/el-basque-culinary-center-creara-un-instituto-del-vino\/\" title=\"El Basque Culinary Center crear\u00e1 un Instituto del Vino\">El Basque Culinary Center crear\u00e1 un Instituto del Vino<\/a>\n<\/span><\/div>","aioseo_breadcrumb_json":[{"label":"Home","link":"https:\/\/www.eldigitaldeasturias.com\/noticias"},{"label":"Revista de Ocio","link":"https:\/\/www.eldigitaldeasturias.com\/noticias\/category\/revista-de-ocio\/"},{"label":"El Basque Culinary Center crear\u00e1 un Instituto del Vino","link":"https:\/\/www.eldigitaldeasturias.com\/noticias\/el-basque-culinary-center-creara-un-instituto-del-vino\/"}],"_links":{"self":[{"href":"https:\/\/www.eldigitaldeasturias.com\/noticias\/wp-json\/wp\/v2\/posts\/459796","targetHints":{"allow":["GET"]}}],"collection":[{"href":"https:\/\/www.eldigitaldeasturias.com\/noticias\/wp-json\/wp\/v2\/posts"}],"about":[{"href":"https:\/\/www.eldigitaldeasturias.com\/noticias\/wp-json\/wp\/v2\/types\/post"}],"author":[{"embeddable":true,"href":"https:\/\/www.eldigitaldeasturias.com\/noticias\/wp-json\/wp\/v2\/users\/1"}],"replies":[{"embeddable":true,"href":"https:\/\/www.eldigitaldeasturias.com\/noticias\/wp-json\/wp\/v2\/comments?post=459796"}],"version-history":[{"count":0,"href":"https:\/\/www.eldigitaldeasturias.com\/noticias\/wp-json\/wp\/v2\/posts\/459796\/revisions"}],"wp:attachment":[{"href":"https:\/\/www.eldigitaldeasturias.com\/noticias\/wp-json\/wp\/v2\/media?parent=459796"}],"wp:term":[{"taxonomy":"category","embeddable":true,"href":"https:\/\/www.eldigitaldeasturias.com\/noticias\/wp-json\/wp\/v2\/categories?post=459796"},{"taxonomy":"post_tag","embeddable":true,"href":"https:\/\/www.eldigitaldeasturias.com\/noticias\/wp-json\/wp\/v2\/tags?post=459796"}],"curies":[{"name":"wp","href":"https:\/\/api.w.org\/{rel}","templated":true}]}}