{"id":459793,"date":"2013-12-09T19:29:49","date_gmt":"2013-12-09T20:29:49","guid":{"rendered":"http:\/\/www.eldigitaldeasturias.com\/noticias\/?p=459793"},"modified":"2013-12-09T19:29:49","modified_gmt":"2013-12-09T20:29:49","slug":"paco-roncero-apadrina-el-proyecto-solidario-soul-food-nights","status":"publish","type":"post","link":"https:\/\/www.eldigitaldeasturias.com\/noticias\/paco-roncero-apadrina-el-proyecto-solidario-soul-food-nights\/","title":{"rendered":"Paco Roncero \u00abapadrina\u00bb el proyecto solidario \u00abSoul Food Nights\u00bb"},"content":{"rendered":"<p><img loading=\"lazy\" decoding=\"async\" class=\"alignleft size-medium wp-image-459794\" alt=\"5781234w\" src=\"https:\/\/www.eldigitaldeasturias.com\/noticias\/wp-content\/uploads\/2013\/12\/5781234w-360x230.jpg\" width=\"360\" height=\"230\" \/>Madrid, 9 dic (EFE).- Moda y cocina volver\u00e1n a unirse en la segunda edici\u00f3n de \u00abSoul Food Nights\u00bb, un proyecto solidario que lleva la alta cocina a tiendas de moda con el fin de recaudar fondos para la organizaci\u00f3n \u00abAcci\u00f3n Contra el Hambre\u00bb y que este a\u00f1o tendr\u00e1 como padrino a Paco Roncero.<\/p>\n<p>El cocinero de \u00abLa Terraza del Casino\u00bb (dos estrellas Michel\u00edn) toma as\u00ed el relevo de Mario Sandoval (\u00abCoque\u00bb), padrino de la pasada campa\u00f1a, en esta iniciativa que se celebrar\u00e1 en Madrid el pr\u00f3ximo 24 de febrero.<\/p>\n<p>Cocineros como David Mu\u00f1oz, el nuevo tres estrellas Michel\u00edn de Madrid, Ram\u00f3n Freixa, Diego Guerrero, Mario Sandoval, Ricardo Sanz, Iv\u00e1n Mu\u00f1oz, Fernando del Cerro, Joaqu\u00edn Felipe, Dar\u00edo Barrio, Pepa Mu\u00f1oz o Juan Pozuelo volver\u00e1n a participar en esta campa\u00f1a, cocinando en tiendas de moda por una noche.<\/p>\n<p>\u00abSoul Food Nights\u00bb logr\u00f3 el a\u00f1o pasado una recaudaci\u00f3n de 50.000 euros, que se destinaron a proyectos en Am\u00e9rica Latina, y este a\u00f1o las ganancias tendr\u00e1n como destino el campamento de M&#8217;Bera, en Mauritania, para ayudar a mujeres refugiadas.<\/p>\n<p>\u00abQueremos recaudar la mayor cantidad posible de dinero con cenas exclusivas para 15 o 20 personas\u00bb, ha explicado Roncero a Efeagro.<\/p>\n<p>El chef ha destacado que, desde hace a\u00f1os, la gastronom\u00eda y la moda colaboran cada vez m\u00e1s, y en esta ocasi\u00f3n lo hacen \u00abpara ayudar a los m\u00e1s necesitados\u00bb.<\/p>\n","protected":false},"excerpt":{"rendered":"<p>Madrid, 9 dic (EFE).- Moda y cocina volver\u00e1n a unirse en la segunda edici\u00f3n de \u00abSoul Food Nights\u00bb, un proyecto solidario que lleva la alta cocina a tiendas de moda con el fin de recaudar fondos para la organizaci\u00f3n \u00abAcci\u00f3n Contra el Hambre\u00bb y que este a\u00f1o tendr\u00e1 como padrino a Paco Roncero. El cocinero [&hellip;]<\/p>\n","protected":false},"author":1,"featured_media":459794,"comment_status":"closed","ping_status":"open","sticky":false,"template":"","format":"standard","meta":{"footnotes":""},"categories":[50],"tags":[],"class_list":["post-459793","post","type-post","status-publish","format-standard","has-post-thumbnail","hentry","category-revista-de-ocio"],"aioseo_notices":[],"aioseo_head":"\n\t\t<!-- All in One SEO Pro 5.0.1 - aioseo.com -->\n\t<meta name=\"description\" content=\"Madrid, 9 dic (EFE).- Moda y cocina volver\u00e1n a unirse en la segunda edici\u00f3n de &quot;Soul Food Nights&quot;, un proyecto solidario que lleva la alta cocina a tiendas de moda con el fin de recaudar fondos para la organizaci\u00f3n &quot;Acci\u00f3n Contra el Hambre&quot; y que este a\u00f1o tendr\u00e1 como padrino a Paco Roncero. El cocinero\" \/>\n\t<meta name=\"robots\" content=\"max-image-preview:large\" \/>\n\t<meta name=\"author\" content=\"El Digital de Asturias\"\/>\n\t<meta name=\"google-site-verification\" content=\"UA-38556648-1\" \/>\n\t<meta name=\"msvalidate.01\" content=\"7dfe9f3f1b24437ab69f4f2559babe99\" \/>\n\t<meta name=\"keywords\" content=\"revista de ocio\" \/>\n\t<link rel=\"canonical\" href=\"https:\/\/www.eldigitaldeasturias.com\/noticias\/paco-roncero-apadrina-el-proyecto-solidario-soul-food-nights\/\" \/>\n\t<meta name=\"generator\" content=\"All in One SEO Pro (AIOSEO) 5.0.1\" \/>\n\t\t<meta property=\"og:locale\" content=\"es_ES\" \/>\n\t\t<meta property=\"og:site_name\" content=\"El Digital de Asturias\" \/>\n\t\t<meta property=\"og:type\" content=\"article\" \/>\n\t\t<meta property=\"og:title\" content=\"Paco Roncero \u00abapadrina\u00bb el proyecto solidario \u00abSoul Food Nights\u00bb - El Digital de Asturias\" \/>\n\t\t<meta property=\"og:description\" content=\"Madrid, 9 dic (EFE).- Moda y cocina volver\u00e1n a unirse en la segunda edici\u00f3n de &quot;Soul Food Nights&quot;, un proyecto solidario que lleva la alta cocina a tiendas de moda con el fin de recaudar fondos para la organizaci\u00f3n &quot;Acci\u00f3n Contra el Hambre&quot; y que este a\u00f1o tendr\u00e1 como padrino a Paco Roncero. El cocinero\" \/>\n\t\t<meta property=\"og:url\" content=\"https:\/\/www.eldigitaldeasturias.com\/noticias\/paco-roncero-apadrina-el-proyecto-solidario-soul-food-nights\/\" \/>\n\t\t<meta property=\"article:tag\" content=\"revista de ocio\" \/>\n\t\t<meta property=\"article:published_time\" content=\"2013-12-09T20:29:49+00:00\" \/>\n\t\t<meta property=\"article:modified_time\" content=\"2013-12-09T20:29:49+00:00\" \/>\n\t\t<meta property=\"article:publisher\" content=\"https:\/\/facebook.com\/eldigitaldeasturias\" \/>\n\t\t<meta name=\"twitter:card\" content=\"summary_large_image\" \/>\n\t\t<meta name=\"twitter:title\" content=\"Paco Roncero \u00abapadrina\u00bb el proyecto solidario \u00abSoul Food Nights\u00bb - El Digital de Asturias\" \/>\n\t\t<meta name=\"twitter:description\" content=\"Madrid, 9 dic (EFE).- Moda y cocina volver\u00e1n a unirse en la segunda edici\u00f3n de &quot;Soul Food Nights&quot;, un proyecto solidario que lleva la alta cocina a tiendas de moda con el fin de recaudar fondos para la organizaci\u00f3n &quot;Acci\u00f3n Contra el Hambre&quot; y que este a\u00f1o tendr\u00e1 como padrino a Paco Roncero. El cocinero\" \/>\n\t\t<meta name=\"twitter:label1\" content=\"Escrito por\" \/>\n\t\t<meta name=\"twitter:data1\" content=\"El Digital de Asturias\" \/>\n\t\t<meta name=\"twitter:label2\" content=\"Tiempo de lectura estimado\" \/>\n\t\t<meta name=\"twitter:data2\" content=\"1 minuto\" \/>\n\t\t<script type=\"application\/ld+json\" class=\"aioseo-schema\">\n\t\t\t{\"@context\":\"https:\\\/\\\/schema.org\",\"@graph\":[{\"@type\":\"BlogPosting\",\"@id\":\"https:\\\/\\\/www.eldigitaldeasturias.com\\\/noticias\\\/paco-roncero-apadrina-el-proyecto-solidario-soul-food-nights\\\/#blogposting\",\"name\":\"Paco Roncero \\u00abapadrina\\u00bb el proyecto solidario \\u00abSoul Food Nights\\u00bb - El Digital de Asturias\",\"headline\":\"Paco Roncero \\u00abapadrina\\u00bb el proyecto solidario \\u00abSoul Food Nights\\u00bb\",\"author\":{\"@id\":\"https:\\\/\\\/www.eldigitaldeasturias.com\\\/noticias\\\/author\\\/admin\\\/#author\"},\"publisher\":{\"@id\":\"https:\\\/\\\/www.eldigitaldeasturias.com\\\/noticias\\\/#organization\"},\"image\":{\"@type\":\"ImageObject\",\"url\":459794},\"datePublished\":\"2013-12-09T19:29:49+01:00\",\"dateModified\":\"2013-12-09T19:29:49+01:00\",\"inLanguage\":\"es-ES\",\"mainEntityOfPage\":{\"@id\":\"https:\\\/\\\/www.eldigitaldeasturias.com\\\/noticias\\\/paco-roncero-apadrina-el-proyecto-solidario-soul-food-nights\\\/#webpage\"},\"isPartOf\":{\"@id\":\"https:\\\/\\\/www.eldigitaldeasturias.com\\\/noticias\\\/paco-roncero-apadrina-el-proyecto-solidario-soul-food-nights\\\/#webpage\"},\"articleSection\":\"Revista de Ocio\"},{\"@type\":\"BreadcrumbList\",\"@id\":\"https:\\\/\\\/www.eldigitaldeasturias.com\\\/noticias\\\/paco-roncero-apadrina-el-proyecto-solidario-soul-food-nights\\\/#breadcrumblist\",\"itemListElement\":[{\"@type\":\"ListItem\",\"@id\":\"https:\\\/\\\/www.eldigitaldeasturias.com\\\/noticias#listItem\",\"position\":1,\"name\":\"Home\",\"item\":\"https:\\\/\\\/www.eldigitaldeasturias.com\\\/noticias\",\"nextItem\":{\"@type\":\"ListItem\",\"@id\":\"https:\\\/\\\/www.eldigitaldeasturias.com\\\/noticias\\\/category\\\/revista-de-ocio\\\/#listItem\",\"name\":\"Revista de Ocio\"}},{\"@type\":\"ListItem\",\"@id\":\"https:\\\/\\\/www.eldigitaldeasturias.com\\\/noticias\\\/category\\\/revista-de-ocio\\\/#listItem\",\"position\":2,\"name\":\"Revista de Ocio\",\"item\":\"https:\\\/\\\/www.eldigitaldeasturias.com\\\/noticias\\\/category\\\/revista-de-ocio\\\/\",\"nextItem\":{\"@type\":\"ListItem\",\"@id\":\"https:\\\/\\\/www.eldigitaldeasturias.com\\\/noticias\\\/paco-roncero-apadrina-el-proyecto-solidario-soul-food-nights\\\/#listItem\",\"name\":\"Paco Roncero \\u00abapadrina\\u00bb el proyecto solidario \\u00abSoul Food Nights\\u00bb\"},\"previousItem\":{\"@type\":\"ListItem\",\"@id\":\"https:\\\/\\\/www.eldigitaldeasturias.com\\\/noticias#listItem\",\"name\":\"Home\"}},{\"@type\":\"ListItem\",\"@id\":\"https:\\\/\\\/www.eldigitaldeasturias.com\\\/noticias\\\/paco-roncero-apadrina-el-proyecto-solidario-soul-food-nights\\\/#listItem\",\"position\":3,\"name\":\"Paco Roncero \\u00abapadrina\\u00bb el proyecto solidario \\u00abSoul Food Nights\\u00bb\",\"previousItem\":{\"@type\":\"ListItem\",\"@id\":\"https:\\\/\\\/www.eldigitaldeasturias.com\\\/noticias\\\/category\\\/revista-de-ocio\\\/#listItem\",\"name\":\"Revista de Ocio\"}}]},{\"@type\":\"Organization\",\"@id\":\"https:\\\/\\\/www.eldigitaldeasturias.com\\\/noticias\\\/#organization\",\"name\":\"El Digital de Asturias\",\"description\":\"Hemeroteca\",\"url\":\"https:\\\/\\\/www.eldigitaldeasturias.com\\\/noticias\\\/\",\"email\":\"info@eldigitaldeasturias.com\",\"telephone\":\"+34652131393\",\"logo\":{\"@type\":\"ImageObject\",\"url\":\"https:\\\/\\\/www.eldigitaldeasturias.com\\\/noticias\\\/wp-content\\\/uploads\\\/2020\\\/12\\\/EDA.jpg\",\"@id\":\"https:\\\/\\\/www.eldigitaldeasturias.com\\\/noticias\\\/paco-roncero-apadrina-el-proyecto-solidario-soul-food-nights\\\/#organizationLogo\"},\"image\":{\"@id\":\"https:\\\/\\\/www.eldigitaldeasturias.com\\\/noticias\\\/paco-roncero-apadrina-el-proyecto-solidario-soul-food-nights\\\/#organizationLogo\"},\"sameAs\":[\"https:\\\/\\\/facebook.com\\\/eldigitaldeasturias\",\"https:\\\/\\\/www.youtube.com\\\/channel\\\/UCZP-2wLEB9Rv6erhFmqVnvg\"],\"address\":{\"@id\":\"https:\\\/\\\/www.eldigitaldeasturias.com\\\/noticias\\\/#postaladdress\",\"@type\":\"PostalAddress\",\"streetAddress\":\"san antonio 4\",\"postalCode\":\"33430\",\"addressLocality\":\"Cand\\u00e1s\",\"addressRegion\":\"Asturias\",\"addressCountry\":\"ES\"}},{\"@type\":\"Person\",\"@id\":\"https:\\\/\\\/www.eldigitaldeasturias.com\\\/noticias\\\/author\\\/admin\\\/#author\",\"url\":\"https:\\\/\\\/www.eldigitaldeasturias.com\\\/noticias\\\/author\\\/admin\\\/\",\"name\":\"El Digital de Asturias\",\"image\":{\"@type\":\"ImageObject\",\"@id\":\"https:\\\/\\\/www.eldigitaldeasturias.com\\\/noticias\\\/paco-roncero-apadrina-el-proyecto-solidario-soul-food-nights\\\/#authorImage\",\"url\":\"https:\\\/\\\/secure.gravatar.com\\\/avatar\\\/df2aeffc32bcd13f8d26072ef8a91b623d677766deac7f97ca815868cd41bf5e?s=96&d=mm&r=g\",\"width\":96,\"height\":96,\"caption\":\"El Digital de Asturias\"}},{\"@type\":\"WebPage\",\"@id\":\"https:\\\/\\\/www.eldigitaldeasturias.com\\\/noticias\\\/paco-roncero-apadrina-el-proyecto-solidario-soul-food-nights\\\/#webpage\",\"url\":\"https:\\\/\\\/www.eldigitaldeasturias.com\\\/noticias\\\/paco-roncero-apadrina-el-proyecto-solidario-soul-food-nights\\\/\",\"name\":\"Paco Roncero \\u00abapadrina\\u00bb el proyecto solidario \\u00abSoul Food Nights\\u00bb - El Digital de Asturias\",\"description\":\"Madrid, 9 dic (EFE).- Moda y cocina volver\\u00e1n a unirse en la segunda edici\\u00f3n de \\\"Soul Food Nights\\\", un proyecto solidario que lleva la alta cocina a tiendas de moda con el fin de recaudar fondos para la organizaci\\u00f3n \\\"Acci\\u00f3n Contra el Hambre\\\" y que este a\\u00f1o tendr\\u00e1 como padrino a Paco Roncero. El cocinero\",\"inLanguage\":\"es-ES\",\"isPartOf\":{\"@id\":\"https:\\\/\\\/www.eldigitaldeasturias.com\\\/noticias\\\/#website\"},\"breadcrumb\":{\"@id\":\"https:\\\/\\\/www.eldigitaldeasturias.com\\\/noticias\\\/paco-roncero-apadrina-el-proyecto-solidario-soul-food-nights\\\/#breadcrumblist\"},\"author\":{\"@id\":\"https:\\\/\\\/www.eldigitaldeasturias.com\\\/noticias\\\/author\\\/admin\\\/#author\"},\"creator\":{\"@id\":\"https:\\\/\\\/www.eldigitaldeasturias.com\\\/noticias\\\/author\\\/admin\\\/#author\"},\"image\":{\"@type\":\"ImageObject\",\"url\":459794,\"@id\":\"https:\\\/\\\/www.eldigitaldeasturias.com\\\/noticias\\\/paco-roncero-apadrina-el-proyecto-solidario-soul-food-nights\\\/#mainImage\"},\"primaryImageOfPage\":{\"@id\":\"https:\\\/\\\/www.eldigitaldeasturias.com\\\/noticias\\\/paco-roncero-apadrina-el-proyecto-solidario-soul-food-nights\\\/#mainImage\"},\"datePublished\":\"2013-12-09T19:29:49+01:00\",\"dateModified\":\"2013-12-09T19:29:49+01:00\"},{\"@type\":\"WebSite\",\"@id\":\"https:\\\/\\\/www.eldigitaldeasturias.com\\\/noticias\\\/#website\",\"url\":\"https:\\\/\\\/www.eldigitaldeasturias.com\\\/noticias\\\/\",\"name\":\"El Digital de Asturias - Diario de actualidad y noticias\",\"alternateName\":\"El Digital de Asturias - Diario de actualidad y noticias\",\"description\":\"Hemeroteca\",\"inLanguage\":\"es-ES\",\"publisher\":{\"@id\":\"https:\\\/\\\/www.eldigitaldeasturias.com\\\/noticias\\\/#organization\"}}]}\n\t\t<\/script>\n\t\t<!-- All in One SEO Pro -->\r\n\t\t<title>Paco Roncero \u00abapadrina\u00bb el proyecto solidario \u00abSoul Food Nights\u00bb - El Digital de Asturias<\/title>\n\n","aioseo_head_json":{"title":"Paco Roncero \u00abapadrina\u00bb el proyecto solidario \u00abSoul Food Nights\u00bb - El Digital de Asturias","description":"Madrid, 9 dic (EFE).- Moda y cocina volver\u00e1n a unirse en la segunda edici\u00f3n de \"Soul Food Nights\", un proyecto solidario que lleva la alta cocina a tiendas de moda con el fin de recaudar fondos para la organizaci\u00f3n \"Acci\u00f3n Contra el Hambre\" y que este a\u00f1o tendr\u00e1 como padrino a Paco Roncero. El cocinero","canonical_url":"https:\/\/www.eldigitaldeasturias.com\/noticias\/paco-roncero-apadrina-el-proyecto-solidario-soul-food-nights\/","robots":"max-image-preview:large","keywords":"revista de ocio","webmasterTools":{"google-site-verification":"UA-38556648-1","msvalidate.01":"7dfe9f3f1b24437ab69f4f2559babe99","miscellaneous":""},"schema":{"@context":"https:\/\/schema.org","@graph":[{"@type":"BlogPosting","@id":"https:\/\/www.eldigitaldeasturias.com\/noticias\/paco-roncero-apadrina-el-proyecto-solidario-soul-food-nights\/#blogposting","name":"Paco Roncero \u00abapadrina\u00bb el proyecto solidario \u00abSoul Food Nights\u00bb - El Digital de Asturias","headline":"Paco Roncero \u00abapadrina\u00bb el proyecto solidario \u00abSoul Food Nights\u00bb","author":{"@id":"https:\/\/www.eldigitaldeasturias.com\/noticias\/author\/admin\/#author"},"publisher":{"@id":"https:\/\/www.eldigitaldeasturias.com\/noticias\/#organization"},"image":{"@type":"ImageObject","url":459794},"datePublished":"2013-12-09T19:29:49+01:00","dateModified":"2013-12-09T19:29:49+01:00","inLanguage":"es-ES","mainEntityOfPage":{"@id":"https:\/\/www.eldigitaldeasturias.com\/noticias\/paco-roncero-apadrina-el-proyecto-solidario-soul-food-nights\/#webpage"},"isPartOf":{"@id":"https:\/\/www.eldigitaldeasturias.com\/noticias\/paco-roncero-apadrina-el-proyecto-solidario-soul-food-nights\/#webpage"},"articleSection":"Revista de Ocio"},{"@type":"BreadcrumbList","@id":"https:\/\/www.eldigitaldeasturias.com\/noticias\/paco-roncero-apadrina-el-proyecto-solidario-soul-food-nights\/#breadcrumblist","itemListElement":[{"@type":"ListItem","@id":"https:\/\/www.eldigitaldeasturias.com\/noticias#listItem","position":1,"name":"Home","item":"https:\/\/www.eldigitaldeasturias.com\/noticias","nextItem":{"@type":"ListItem","@id":"https:\/\/www.eldigitaldeasturias.com\/noticias\/category\/revista-de-ocio\/#listItem","name":"Revista de Ocio"}},{"@type":"ListItem","@id":"https:\/\/www.eldigitaldeasturias.com\/noticias\/category\/revista-de-ocio\/#listItem","position":2,"name":"Revista de Ocio","item":"https:\/\/www.eldigitaldeasturias.com\/noticias\/category\/revista-de-ocio\/","nextItem":{"@type":"ListItem","@id":"https:\/\/www.eldigitaldeasturias.com\/noticias\/paco-roncero-apadrina-el-proyecto-solidario-soul-food-nights\/#listItem","name":"Paco Roncero \u00abapadrina\u00bb el proyecto solidario \u00abSoul Food Nights\u00bb"},"previousItem":{"@type":"ListItem","@id":"https:\/\/www.eldigitaldeasturias.com\/noticias#listItem","name":"Home"}},{"@type":"ListItem","@id":"https:\/\/www.eldigitaldeasturias.com\/noticias\/paco-roncero-apadrina-el-proyecto-solidario-soul-food-nights\/#listItem","position":3,"name":"Paco Roncero \u00abapadrina\u00bb el proyecto solidario \u00abSoul Food Nights\u00bb","previousItem":{"@type":"ListItem","@id":"https:\/\/www.eldigitaldeasturias.com\/noticias\/category\/revista-de-ocio\/#listItem","name":"Revista de Ocio"}}]},{"@type":"Organization","@id":"https:\/\/www.eldigitaldeasturias.com\/noticias\/#organization","name":"El Digital de Asturias","description":"Hemeroteca","url":"https:\/\/www.eldigitaldeasturias.com\/noticias\/","email":"info@eldigitaldeasturias.com","telephone":"+34652131393","logo":{"@type":"ImageObject","url":"https:\/\/www.eldigitaldeasturias.com\/noticias\/wp-content\/uploads\/2020\/12\/EDA.jpg","@id":"https:\/\/www.eldigitaldeasturias.com\/noticias\/paco-roncero-apadrina-el-proyecto-solidario-soul-food-nights\/#organizationLogo"},"image":{"@id":"https:\/\/www.eldigitaldeasturias.com\/noticias\/paco-roncero-apadrina-el-proyecto-solidario-soul-food-nights\/#organizationLogo"},"sameAs":["https:\/\/facebook.com\/eldigitaldeasturias","https:\/\/www.youtube.com\/channel\/UCZP-2wLEB9Rv6erhFmqVnvg"],"address":{"@id":"https:\/\/www.eldigitaldeasturias.com\/noticias\/#postaladdress","@type":"PostalAddress","streetAddress":"san antonio 4","postalCode":"33430","addressLocality":"Cand\u00e1s","addressRegion":"Asturias","addressCountry":"ES"}},{"@type":"Person","@id":"https:\/\/www.eldigitaldeasturias.com\/noticias\/author\/admin\/#author","url":"https:\/\/www.eldigitaldeasturias.com\/noticias\/author\/admin\/","name":"El Digital de Asturias","image":{"@type":"ImageObject","@id":"https:\/\/www.eldigitaldeasturias.com\/noticias\/paco-roncero-apadrina-el-proyecto-solidario-soul-food-nights\/#authorImage","url":"https:\/\/secure.gravatar.com\/avatar\/df2aeffc32bcd13f8d26072ef8a91b623d677766deac7f97ca815868cd41bf5e?s=96&d=mm&r=g","width":96,"height":96,"caption":"El Digital de Asturias"}},{"@type":"WebPage","@id":"https:\/\/www.eldigitaldeasturias.com\/noticias\/paco-roncero-apadrina-el-proyecto-solidario-soul-food-nights\/#webpage","url":"https:\/\/www.eldigitaldeasturias.com\/noticias\/paco-roncero-apadrina-el-proyecto-solidario-soul-food-nights\/","name":"Paco Roncero \u00abapadrina\u00bb el proyecto solidario \u00abSoul Food Nights\u00bb - El Digital de Asturias","description":"Madrid, 9 dic (EFE).- Moda y cocina volver\u00e1n a unirse en la segunda edici\u00f3n de \"Soul Food Nights\", un proyecto solidario que lleva la alta cocina a tiendas de moda con el fin de recaudar fondos para la organizaci\u00f3n \"Acci\u00f3n Contra el Hambre\" y que este a\u00f1o tendr\u00e1 como padrino a Paco Roncero. El cocinero","inLanguage":"es-ES","isPartOf":{"@id":"https:\/\/www.eldigitaldeasturias.com\/noticias\/#website"},"breadcrumb":{"@id":"https:\/\/www.eldigitaldeasturias.com\/noticias\/paco-roncero-apadrina-el-proyecto-solidario-soul-food-nights\/#breadcrumblist"},"author":{"@id":"https:\/\/www.eldigitaldeasturias.com\/noticias\/author\/admin\/#author"},"creator":{"@id":"https:\/\/www.eldigitaldeasturias.com\/noticias\/author\/admin\/#author"},"image":{"@type":"ImageObject","url":459794,"@id":"https:\/\/www.eldigitaldeasturias.com\/noticias\/paco-roncero-apadrina-el-proyecto-solidario-soul-food-nights\/#mainImage"},"primaryImageOfPage":{"@id":"https:\/\/www.eldigitaldeasturias.com\/noticias\/paco-roncero-apadrina-el-proyecto-solidario-soul-food-nights\/#mainImage"},"datePublished":"2013-12-09T19:29:49+01:00","dateModified":"2013-12-09T19:29:49+01:00"},{"@type":"WebSite","@id":"https:\/\/www.eldigitaldeasturias.com\/noticias\/#website","url":"https:\/\/www.eldigitaldeasturias.com\/noticias\/","name":"El Digital de Asturias - Diario de actualidad y noticias","alternateName":"El Digital de Asturias - Diario de actualidad y noticias","description":"Hemeroteca","inLanguage":"es-ES","publisher":{"@id":"https:\/\/www.eldigitaldeasturias.com\/noticias\/#organization"}}]},"og:locale":"es_ES","og:site_name":"El Digital de Asturias","og:type":"article","og:title":"Paco Roncero \u00abapadrina\u00bb el proyecto solidario \u00abSoul Food Nights\u00bb - El Digital de Asturias","og:description":"Madrid, 9 dic (EFE).- Moda y cocina volver\u00e1n a unirse en la segunda edici\u00f3n de &quot;Soul Food Nights&quot;, un proyecto solidario que lleva la alta cocina a tiendas de moda con el fin de recaudar fondos para la organizaci\u00f3n &quot;Acci\u00f3n Contra el Hambre&quot; y que este a\u00f1o tendr\u00e1 como padrino a Paco Roncero. El cocinero","og:url":"https:\/\/www.eldigitaldeasturias.com\/noticias\/paco-roncero-apadrina-el-proyecto-solidario-soul-food-nights\/","article:tag":["revista de ocio"],"article:published_time":"2013-12-09T20:29:49+00:00","article:modified_time":"2013-12-09T20:29:49+00:00","article:publisher":"https:\/\/facebook.com\/eldigitaldeasturias","twitter:card":"summary_large_image","twitter:title":"Paco Roncero \u00abapadrina\u00bb el proyecto solidario \u00abSoul Food Nights\u00bb - El Digital de Asturias","twitter:description":"Madrid, 9 dic (EFE).- Moda y cocina volver\u00e1n a unirse en la segunda edici\u00f3n de &quot;Soul Food Nights&quot;, un proyecto solidario que lleva la alta cocina a tiendas de moda con el fin de recaudar fondos para la organizaci\u00f3n &quot;Acci\u00f3n Contra el Hambre&quot; y que este a\u00f1o tendr\u00e1 como padrino a Paco Roncero. El cocinero","twitter:label1":"Escrito por","twitter:data1":"El Digital de Asturias","twitter:label2":"Tiempo de lectura estimado","twitter:data2":"1 minuto"},"aioseo_meta_data":{"post_id":"459793","title":null,"description":null,"keywords":null,"keyphrases":null,"primary_term":null,"canonical_url":null,"og_title":null,"og_description":null,"og_object_type":"default","og_image_type":"default","og_image_url":null,"og_image_width":null,"og_image_height":null,"og_image_custom_url":null,"og_image_custom_fields":null,"og_video":null,"og_custom_url":null,"og_article_section":null,"og_article_tags":null,"twitter_use_og":true,"twitter_card":"default","twitter_image_type":"default","twitter_image_url":null,"twitter_image_custom_url":null,"twitter_image_custom_fields":null,"twitter_title":null,"twitter_description":null,"schema":{"blockGraphs":[],"customGraphs":[],"default":{"data":{"Article":[],"Course":[],"Dataset":[],"FAQPage":[],"Movie":[],"Person":[],"Product":[],"ProductReview":[],"Car":[],"Recipe":[],"Service":[],"SoftwareApplication":[],"WebPage":[]},"graphName":"","isEnabled":true},"graphs":[],"defaultGraph":"","defaultPostTypeGraph":""},"schema_type":null,"schema_type_options":null,"pillar_content":false,"robots_default":true,"robots_noindex":false,"robots_noarchive":false,"robots_nosnippet":false,"robots_nofollow":false,"robots_noimageindex":false,"robots_noodp":false,"robots_notranslate":false,"robots_max_snippet":null,"robots_max_videopreview":null,"robots_max_imagepreview":"none","priority":null,"frequency":null,"local_seo":null,"seo_analyzer_scan_date":"2026-05-30 10:39:22","breadcrumb_settings":null,"limit_modified_date":false,"open_ai":null,"ai":null,"created":"2020-11-14 22:47:39","updated":"2026-05-30 10:39:22","focus_keyword":null,"additional_keywords":null,"truseo_locale":null},"aioseo_breadcrumb":"<div class=\"aioseo-breadcrumbs\"><span class=\"aioseo-breadcrumb\">\n\t<a href=\"https:\/\/www.eldigitaldeasturias.com\/noticias\" title=\"Home\">Home<\/a>\n<\/span><span class=\"aioseo-breadcrumb-separator\">\u2013<\/span><span class=\"aioseo-breadcrumb\">\n\t<a href=\"https:\/\/www.eldigitaldeasturias.com\/noticias\/category\/revista-de-ocio\/\" title=\"Revista de Ocio\">Revista de Ocio<\/a>\n<\/span><span class=\"aioseo-breadcrumb-separator\">\u2013<\/span><span class=\"aioseo-breadcrumb\">\n\t<a href=\"https:\/\/www.eldigitaldeasturias.com\/noticias\/paco-roncero-apadrina-el-proyecto-solidario-soul-food-nights\/\" title=\"Paco Roncero \u00abapadrina\u00bb el proyecto solidario \u00abSoul Food Nights\u00bb\">Paco Roncero \u00abapadrina\u00bb el proyecto solidario \u00abSoul Food Nights\u00bb<\/a>\n<\/span><\/div>","aioseo_breadcrumb_json":[{"label":"Home","link":"https:\/\/www.eldigitaldeasturias.com\/noticias"},{"label":"Revista de Ocio","link":"https:\/\/www.eldigitaldeasturias.com\/noticias\/category\/revista-de-ocio\/"},{"label":"Paco Roncero \u00abapadrina\u00bb el proyecto solidario \u00abSoul Food Nights\u00bb","link":"https:\/\/www.eldigitaldeasturias.com\/noticias\/paco-roncero-apadrina-el-proyecto-solidario-soul-food-nights\/"}],"_links":{"self":[{"href":"https:\/\/www.eldigitaldeasturias.com\/noticias\/wp-json\/wp\/v2\/posts\/459793","targetHints":{"allow":["GET"]}}],"collection":[{"href":"https:\/\/www.eldigitaldeasturias.com\/noticias\/wp-json\/wp\/v2\/posts"}],"about":[{"href":"https:\/\/www.eldigitaldeasturias.com\/noticias\/wp-json\/wp\/v2\/types\/post"}],"author":[{"embeddable":true,"href":"https:\/\/www.eldigitaldeasturias.com\/noticias\/wp-json\/wp\/v2\/users\/1"}],"replies":[{"embeddable":true,"href":"https:\/\/www.eldigitaldeasturias.com\/noticias\/wp-json\/wp\/v2\/comments?post=459793"}],"version-history":[{"count":0,"href":"https:\/\/www.eldigitaldeasturias.com\/noticias\/wp-json\/wp\/v2\/posts\/459793\/revisions"}],"wp:attachment":[{"href":"https:\/\/www.eldigitaldeasturias.com\/noticias\/wp-json\/wp\/v2\/media?parent=459793"}],"wp:term":[{"taxonomy":"category","embeddable":true,"href":"https:\/\/www.eldigitaldeasturias.com\/noticias\/wp-json\/wp\/v2\/categories?post=459793"},{"taxonomy":"post_tag","embeddable":true,"href":"https:\/\/www.eldigitaldeasturias.com\/noticias\/wp-json\/wp\/v2\/tags?post=459793"}],"curies":[{"name":"wp","href":"https:\/\/api.w.org\/{rel}","templated":true}]}}