{"id":459780,"date":"2013-12-09T18:55:14","date_gmt":"2013-12-09T19:55:14","guid":{"rendered":"http:\/\/www.eldigitaldeasturias.com\/noticias\/?p=459780"},"modified":"2014-01-22T20:22:38","modified_gmt":"2014-01-22T21:22:38","slug":"carreno-celebra-las-quintas-jornadas-de-los-callos","status":"publish","type":"post","link":"https:\/\/www.eldigitaldeasturias.com\/noticias\/carreno-celebra-las-quintas-jornadas-de-los-callos\/","title":{"rendered":"Carre\u00f1o celebra las quintas jornadas de los callos."},"content":{"rendered":"<p><img loading=\"lazy\" decoding=\"async\" class=\"alignleft size-medium wp-image-459781\" alt=\"PRESENTAC..\" src=\"https:\/\/www.eldigitaldeasturias.com\/noticias\/wp-content\/uploads\/2013\/12\/PRESENTAC..-360x292.jpg\" width=\"360\" height=\"292\" \/>Durante todo el mes de Diciembre, en las tienda \u2013 bar de los Centros de Iniciativa Rural del concejo se puede participar en la quinta edici\u00f3n de las jornadas gastron\u00f3micas de los callos.<\/p>\n<p>\u201cEste tradicional men\u00fa de la cocina asturiana, podr\u00e1 ser degustado al precio de 9 euros la raci\u00f3n. Adem\u00e1s de la gastronom\u00eda rural, quienes nos visiten tendr\u00e1n la oportunidad de otros alicientes que se ofrecen en la zona rural: mercadillo solidario, rutas, elementos etnogr\u00e1ficos que visitar y disfrutar de una promoci\u00f3n especial en alojamientos rurales.<\/p>\n<p>El pr\u00f3ximo fin de semana, del 14 al 15 de Diciembre, varios establecimientos rurales ofrecen un 15 % de descuento sobra la tarifa est\u00e1ndar de cada establecimiento participante\u201d \u2013 se\u00f1al\u00f3 la concejala de medio rural, Amelia Fern\u00e1ndez.<\/p>\n<p>&nbsp;<\/p>\n","protected":false},"excerpt":{"rendered":"<p>Durante todo el mes de Diciembre, en las tienda \u2013 bar de los Centros de Iniciativa Rural del concejo se puede participar en la quinta edici\u00f3n de las jornadas gastron\u00f3micas de los callos. \u201cEste tradicional men\u00fa de la cocina asturiana, podr\u00e1 ser degustado al precio de 9 euros la raci\u00f3n. Adem\u00e1s de la gastronom\u00eda rural, [&hellip;]<\/p>\n","protected":false},"author":1,"featured_media":459781,"comment_status":"closed","ping_status":"open","sticky":false,"template":"","format":"standard","meta":{"footnotes":""},"categories":[12],"tags":[],"class_list":["post-459780","post","type-post","status-publish","format-standard","has-post-thumbnail","hentry","category-actualidad-asturias"],"aioseo_notices":[],"aioseo_head":"\n\t\t<!-- All in One SEO Pro 5.0.1 - aioseo.com -->\n\t<meta name=\"description\" content=\"Durante todo el mes de Diciembre, en las tienda \u2013 bar de los Centros de Iniciativa Rural del concejo se puede participar en la quinta edici\u00f3n de las jornadas gastron\u00f3micas de los callos. \u201cEste tradicional men\u00fa de la cocina asturiana, podr\u00e1 ser degustado al precio de 9 euros la raci\u00f3n. Adem\u00e1s de la gastronom\u00eda rural,\" \/>\n\t<meta name=\"robots\" content=\"max-image-preview:large\" \/>\n\t<meta name=\"author\" content=\"El Digital de Asturias\"\/>\n\t<meta name=\"google-site-verification\" content=\"UA-38556648-1\" \/>\n\t<meta name=\"msvalidate.01\" content=\"7dfe9f3f1b24437ab69f4f2559babe99\" \/>\n\t<meta name=\"keywords\" content=\"actualidad asturias\" \/>\n\t<link rel=\"canonical\" href=\"https:\/\/www.eldigitaldeasturias.com\/noticias\/carreno-celebra-las-quintas-jornadas-de-los-callos\/\" \/>\n\t<meta name=\"generator\" content=\"All in One SEO Pro (AIOSEO) 5.0.1\" \/>\n\t\t<meta property=\"og:locale\" content=\"es_ES\" \/>\n\t\t<meta property=\"og:site_name\" content=\"El Digital de Asturias\" \/>\n\t\t<meta property=\"og:type\" content=\"article\" \/>\n\t\t<meta property=\"og:title\" content=\"Carre\u00f1o celebra las quintas jornadas de los callos. - El Digital de Asturias\" \/>\n\t\t<meta property=\"og:description\" content=\"Durante todo el mes de Diciembre, en las tienda \u2013 bar de los Centros de Iniciativa Rural del concejo se puede participar en la quinta edici\u00f3n de las jornadas gastron\u00f3micas de los callos. \u201cEste tradicional men\u00fa de la cocina asturiana, podr\u00e1 ser degustado al precio de 9 euros la raci\u00f3n. Adem\u00e1s de la gastronom\u00eda rural,\" \/>\n\t\t<meta property=\"og:url\" content=\"https:\/\/www.eldigitaldeasturias.com\/noticias\/carreno-celebra-las-quintas-jornadas-de-los-callos\/\" \/>\n\t\t<meta property=\"article:tag\" content=\"actualidad asturias\" \/>\n\t\t<meta property=\"article:published_time\" content=\"2013-12-09T19:55:14+00:00\" \/>\n\t\t<meta property=\"article:modified_time\" content=\"2014-01-22T21:22:38+00:00\" \/>\n\t\t<meta property=\"article:publisher\" content=\"https:\/\/facebook.com\/eldigitaldeasturias\" \/>\n\t\t<meta name=\"twitter:card\" content=\"summary_large_image\" \/>\n\t\t<meta name=\"twitter:title\" content=\"Carre\u00f1o celebra las quintas jornadas de los callos. - El Digital de Asturias\" \/>\n\t\t<meta name=\"twitter:description\" content=\"Durante todo el mes de Diciembre, en las tienda \u2013 bar de los Centros de Iniciativa Rural del concejo se puede participar en la quinta edici\u00f3n de las jornadas gastron\u00f3micas de los callos. \u201cEste tradicional men\u00fa de la cocina asturiana, podr\u00e1 ser degustado al precio de 9 euros la raci\u00f3n. Adem\u00e1s de la gastronom\u00eda rural,\" \/>\n\t\t<meta name=\"twitter:label1\" content=\"Escrito por\" \/>\n\t\t<meta name=\"twitter:data1\" content=\"El Digital de Asturias\" \/>\n\t\t<meta name=\"twitter:label2\" content=\"Tiempo de lectura estimado\" \/>\n\t\t<meta name=\"twitter:data2\" content=\"1 minuto\" \/>\n\t\t<script type=\"application\/ld+json\" class=\"aioseo-schema\">\n\t\t\t{\"@context\":\"https:\\\/\\\/schema.org\",\"@graph\":[{\"@type\":\"BlogPosting\",\"@id\":\"https:\\\/\\\/www.eldigitaldeasturias.com\\\/noticias\\\/carreno-celebra-las-quintas-jornadas-de-los-callos\\\/#blogposting\",\"name\":\"Carre\\u00f1o celebra las quintas jornadas de los callos. - El Digital de Asturias\",\"headline\":\"Carre\\u00f1o celebra las quintas jornadas de los callos.\",\"author\":{\"@id\":\"https:\\\/\\\/www.eldigitaldeasturias.com\\\/noticias\\\/author\\\/admin\\\/#author\"},\"publisher\":{\"@id\":\"https:\\\/\\\/www.eldigitaldeasturias.com\\\/noticias\\\/#organization\"},\"image\":{\"@type\":\"ImageObject\",\"url\":459781},\"datePublished\":\"2013-12-09T18:55:14+01:00\",\"dateModified\":\"2014-01-22T20:22:38+01:00\",\"inLanguage\":\"es-ES\",\"mainEntityOfPage\":{\"@id\":\"https:\\\/\\\/www.eldigitaldeasturias.com\\\/noticias\\\/carreno-celebra-las-quintas-jornadas-de-los-callos\\\/#webpage\"},\"isPartOf\":{\"@id\":\"https:\\\/\\\/www.eldigitaldeasturias.com\\\/noticias\\\/carreno-celebra-las-quintas-jornadas-de-los-callos\\\/#webpage\"},\"articleSection\":\"Actualidad Asturias\"},{\"@type\":\"BreadcrumbList\",\"@id\":\"https:\\\/\\\/www.eldigitaldeasturias.com\\\/noticias\\\/carreno-celebra-las-quintas-jornadas-de-los-callos\\\/#breadcrumblist\",\"itemListElement\":[{\"@type\":\"ListItem\",\"@id\":\"https:\\\/\\\/www.eldigitaldeasturias.com\\\/noticias#listItem\",\"position\":1,\"name\":\"Home\",\"item\":\"https:\\\/\\\/www.eldigitaldeasturias.com\\\/noticias\",\"nextItem\":{\"@type\":\"ListItem\",\"@id\":\"https:\\\/\\\/www.eldigitaldeasturias.com\\\/noticias\\\/category\\\/actualidad-asturias\\\/#listItem\",\"name\":\"Actualidad Asturias\"}},{\"@type\":\"ListItem\",\"@id\":\"https:\\\/\\\/www.eldigitaldeasturias.com\\\/noticias\\\/category\\\/actualidad-asturias\\\/#listItem\",\"position\":2,\"name\":\"Actualidad Asturias\",\"item\":\"https:\\\/\\\/www.eldigitaldeasturias.com\\\/noticias\\\/category\\\/actualidad-asturias\\\/\",\"nextItem\":{\"@type\":\"ListItem\",\"@id\":\"https:\\\/\\\/www.eldigitaldeasturias.com\\\/noticias\\\/carreno-celebra-las-quintas-jornadas-de-los-callos\\\/#listItem\",\"name\":\"Carre\\u00f1o celebra las quintas jornadas de los callos.\"},\"previousItem\":{\"@type\":\"ListItem\",\"@id\":\"https:\\\/\\\/www.eldigitaldeasturias.com\\\/noticias#listItem\",\"name\":\"Home\"}},{\"@type\":\"ListItem\",\"@id\":\"https:\\\/\\\/www.eldigitaldeasturias.com\\\/noticias\\\/carreno-celebra-las-quintas-jornadas-de-los-callos\\\/#listItem\",\"position\":3,\"name\":\"Carre\\u00f1o celebra las quintas jornadas de los callos.\",\"previousItem\":{\"@type\":\"ListItem\",\"@id\":\"https:\\\/\\\/www.eldigitaldeasturias.com\\\/noticias\\\/category\\\/actualidad-asturias\\\/#listItem\",\"name\":\"Actualidad Asturias\"}}]},{\"@type\":\"Organization\",\"@id\":\"https:\\\/\\\/www.eldigitaldeasturias.com\\\/noticias\\\/#organization\",\"name\":\"El Digital de Asturias\",\"description\":\"Hemeroteca\",\"url\":\"https:\\\/\\\/www.eldigitaldeasturias.com\\\/noticias\\\/\",\"email\":\"info@eldigitaldeasturias.com\",\"telephone\":\"+34652131393\",\"logo\":{\"@type\":\"ImageObject\",\"url\":\"https:\\\/\\\/www.eldigitaldeasturias.com\\\/noticias\\\/wp-content\\\/uploads\\\/2020\\\/12\\\/EDA.jpg\",\"@id\":\"https:\\\/\\\/www.eldigitaldeasturias.com\\\/noticias\\\/carreno-celebra-las-quintas-jornadas-de-los-callos\\\/#organizationLogo\"},\"image\":{\"@id\":\"https:\\\/\\\/www.eldigitaldeasturias.com\\\/noticias\\\/carreno-celebra-las-quintas-jornadas-de-los-callos\\\/#organizationLogo\"},\"sameAs\":[\"https:\\\/\\\/facebook.com\\\/eldigitaldeasturias\",\"https:\\\/\\\/www.youtube.com\\\/channel\\\/UCZP-2wLEB9Rv6erhFmqVnvg\"],\"address\":{\"@id\":\"https:\\\/\\\/www.eldigitaldeasturias.com\\\/noticias\\\/#postaladdress\",\"@type\":\"PostalAddress\",\"streetAddress\":\"san antonio 4\",\"postalCode\":\"33430\",\"addressLocality\":\"Cand\\u00e1s\",\"addressRegion\":\"Asturias\",\"addressCountry\":\"ES\"}},{\"@type\":\"Person\",\"@id\":\"https:\\\/\\\/www.eldigitaldeasturias.com\\\/noticias\\\/author\\\/admin\\\/#author\",\"url\":\"https:\\\/\\\/www.eldigitaldeasturias.com\\\/noticias\\\/author\\\/admin\\\/\",\"name\":\"El Digital de Asturias\",\"image\":{\"@type\":\"ImageObject\",\"@id\":\"https:\\\/\\\/www.eldigitaldeasturias.com\\\/noticias\\\/carreno-celebra-las-quintas-jornadas-de-los-callos\\\/#authorImage\",\"url\":\"https:\\\/\\\/secure.gravatar.com\\\/avatar\\\/df2aeffc32bcd13f8d26072ef8a91b623d677766deac7f97ca815868cd41bf5e?s=96&d=mm&r=g\",\"width\":96,\"height\":96,\"caption\":\"El Digital de Asturias\"}},{\"@type\":\"WebPage\",\"@id\":\"https:\\\/\\\/www.eldigitaldeasturias.com\\\/noticias\\\/carreno-celebra-las-quintas-jornadas-de-los-callos\\\/#webpage\",\"url\":\"https:\\\/\\\/www.eldigitaldeasturias.com\\\/noticias\\\/carreno-celebra-las-quintas-jornadas-de-los-callos\\\/\",\"name\":\"Carre\\u00f1o celebra las quintas jornadas de los callos. - El Digital de Asturias\",\"description\":\"Durante todo el mes de Diciembre, en las tienda \\u2013 bar de los Centros de Iniciativa Rural del concejo se puede participar en la quinta edici\\u00f3n de las jornadas gastron\\u00f3micas de los callos. \\u201cEste tradicional men\\u00fa de la cocina asturiana, podr\\u00e1 ser degustado al precio de 9 euros la raci\\u00f3n. Adem\\u00e1s de la gastronom\\u00eda rural,\",\"inLanguage\":\"es-ES\",\"isPartOf\":{\"@id\":\"https:\\\/\\\/www.eldigitaldeasturias.com\\\/noticias\\\/#website\"},\"breadcrumb\":{\"@id\":\"https:\\\/\\\/www.eldigitaldeasturias.com\\\/noticias\\\/carreno-celebra-las-quintas-jornadas-de-los-callos\\\/#breadcrumblist\"},\"author\":{\"@id\":\"https:\\\/\\\/www.eldigitaldeasturias.com\\\/noticias\\\/author\\\/admin\\\/#author\"},\"creator\":{\"@id\":\"https:\\\/\\\/www.eldigitaldeasturias.com\\\/noticias\\\/author\\\/admin\\\/#author\"},\"image\":{\"@type\":\"ImageObject\",\"url\":459781,\"@id\":\"https:\\\/\\\/www.eldigitaldeasturias.com\\\/noticias\\\/carreno-celebra-las-quintas-jornadas-de-los-callos\\\/#mainImage\"},\"primaryImageOfPage\":{\"@id\":\"https:\\\/\\\/www.eldigitaldeasturias.com\\\/noticias\\\/carreno-celebra-las-quintas-jornadas-de-los-callos\\\/#mainImage\"},\"datePublished\":\"2013-12-09T18:55:14+01:00\",\"dateModified\":\"2014-01-22T20:22:38+01:00\"},{\"@type\":\"WebSite\",\"@id\":\"https:\\\/\\\/www.eldigitaldeasturias.com\\\/noticias\\\/#website\",\"url\":\"https:\\\/\\\/www.eldigitaldeasturias.com\\\/noticias\\\/\",\"name\":\"El Digital de Asturias - Diario de actualidad y noticias\",\"alternateName\":\"El Digital de Asturias - Diario de actualidad y noticias\",\"description\":\"Hemeroteca\",\"inLanguage\":\"es-ES\",\"publisher\":{\"@id\":\"https:\\\/\\\/www.eldigitaldeasturias.com\\\/noticias\\\/#organization\"}}]}\n\t\t<\/script>\n\t\t<!-- All in One SEO Pro -->\r\n\t\t<title>Carre\u00f1o celebra las quintas jornadas de los callos. - El Digital de Asturias<\/title>\n\n","aioseo_head_json":{"title":"Carre\u00f1o celebra las quintas jornadas de los callos. - El Digital de Asturias","description":"Durante todo el mes de Diciembre, en las tienda \u2013 bar de los Centros de Iniciativa Rural del concejo se puede participar en la quinta edici\u00f3n de las jornadas gastron\u00f3micas de los callos. \u201cEste tradicional men\u00fa de la cocina asturiana, podr\u00e1 ser degustado al precio de 9 euros la raci\u00f3n. Adem\u00e1s de la gastronom\u00eda rural,","canonical_url":"https:\/\/www.eldigitaldeasturias.com\/noticias\/carreno-celebra-las-quintas-jornadas-de-los-callos\/","robots":"max-image-preview:large","keywords":"actualidad asturias","webmasterTools":{"google-site-verification":"UA-38556648-1","msvalidate.01":"7dfe9f3f1b24437ab69f4f2559babe99","miscellaneous":""},"schema":{"@context":"https:\/\/schema.org","@graph":[{"@type":"BlogPosting","@id":"https:\/\/www.eldigitaldeasturias.com\/noticias\/carreno-celebra-las-quintas-jornadas-de-los-callos\/#blogposting","name":"Carre\u00f1o celebra las quintas jornadas de los callos. - El Digital de Asturias","headline":"Carre\u00f1o celebra las quintas jornadas de los callos.","author":{"@id":"https:\/\/www.eldigitaldeasturias.com\/noticias\/author\/admin\/#author"},"publisher":{"@id":"https:\/\/www.eldigitaldeasturias.com\/noticias\/#organization"},"image":{"@type":"ImageObject","url":459781},"datePublished":"2013-12-09T18:55:14+01:00","dateModified":"2014-01-22T20:22:38+01:00","inLanguage":"es-ES","mainEntityOfPage":{"@id":"https:\/\/www.eldigitaldeasturias.com\/noticias\/carreno-celebra-las-quintas-jornadas-de-los-callos\/#webpage"},"isPartOf":{"@id":"https:\/\/www.eldigitaldeasturias.com\/noticias\/carreno-celebra-las-quintas-jornadas-de-los-callos\/#webpage"},"articleSection":"Actualidad Asturias"},{"@type":"BreadcrumbList","@id":"https:\/\/www.eldigitaldeasturias.com\/noticias\/carreno-celebra-las-quintas-jornadas-de-los-callos\/#breadcrumblist","itemListElement":[{"@type":"ListItem","@id":"https:\/\/www.eldigitaldeasturias.com\/noticias#listItem","position":1,"name":"Home","item":"https:\/\/www.eldigitaldeasturias.com\/noticias","nextItem":{"@type":"ListItem","@id":"https:\/\/www.eldigitaldeasturias.com\/noticias\/category\/actualidad-asturias\/#listItem","name":"Actualidad Asturias"}},{"@type":"ListItem","@id":"https:\/\/www.eldigitaldeasturias.com\/noticias\/category\/actualidad-asturias\/#listItem","position":2,"name":"Actualidad Asturias","item":"https:\/\/www.eldigitaldeasturias.com\/noticias\/category\/actualidad-asturias\/","nextItem":{"@type":"ListItem","@id":"https:\/\/www.eldigitaldeasturias.com\/noticias\/carreno-celebra-las-quintas-jornadas-de-los-callos\/#listItem","name":"Carre\u00f1o celebra las quintas jornadas de los callos."},"previousItem":{"@type":"ListItem","@id":"https:\/\/www.eldigitaldeasturias.com\/noticias#listItem","name":"Home"}},{"@type":"ListItem","@id":"https:\/\/www.eldigitaldeasturias.com\/noticias\/carreno-celebra-las-quintas-jornadas-de-los-callos\/#listItem","position":3,"name":"Carre\u00f1o celebra las quintas jornadas de los callos.","previousItem":{"@type":"ListItem","@id":"https:\/\/www.eldigitaldeasturias.com\/noticias\/category\/actualidad-asturias\/#listItem","name":"Actualidad Asturias"}}]},{"@type":"Organization","@id":"https:\/\/www.eldigitaldeasturias.com\/noticias\/#organization","name":"El Digital de Asturias","description":"Hemeroteca","url":"https:\/\/www.eldigitaldeasturias.com\/noticias\/","email":"info@eldigitaldeasturias.com","telephone":"+34652131393","logo":{"@type":"ImageObject","url":"https:\/\/www.eldigitaldeasturias.com\/noticias\/wp-content\/uploads\/2020\/12\/EDA.jpg","@id":"https:\/\/www.eldigitaldeasturias.com\/noticias\/carreno-celebra-las-quintas-jornadas-de-los-callos\/#organizationLogo"},"image":{"@id":"https:\/\/www.eldigitaldeasturias.com\/noticias\/carreno-celebra-las-quintas-jornadas-de-los-callos\/#organizationLogo"},"sameAs":["https:\/\/facebook.com\/eldigitaldeasturias","https:\/\/www.youtube.com\/channel\/UCZP-2wLEB9Rv6erhFmqVnvg"],"address":{"@id":"https:\/\/www.eldigitaldeasturias.com\/noticias\/#postaladdress","@type":"PostalAddress","streetAddress":"san antonio 4","postalCode":"33430","addressLocality":"Cand\u00e1s","addressRegion":"Asturias","addressCountry":"ES"}},{"@type":"Person","@id":"https:\/\/www.eldigitaldeasturias.com\/noticias\/author\/admin\/#author","url":"https:\/\/www.eldigitaldeasturias.com\/noticias\/author\/admin\/","name":"El Digital de Asturias","image":{"@type":"ImageObject","@id":"https:\/\/www.eldigitaldeasturias.com\/noticias\/carreno-celebra-las-quintas-jornadas-de-los-callos\/#authorImage","url":"https:\/\/secure.gravatar.com\/avatar\/df2aeffc32bcd13f8d26072ef8a91b623d677766deac7f97ca815868cd41bf5e?s=96&d=mm&r=g","width":96,"height":96,"caption":"El Digital de Asturias"}},{"@type":"WebPage","@id":"https:\/\/www.eldigitaldeasturias.com\/noticias\/carreno-celebra-las-quintas-jornadas-de-los-callos\/#webpage","url":"https:\/\/www.eldigitaldeasturias.com\/noticias\/carreno-celebra-las-quintas-jornadas-de-los-callos\/","name":"Carre\u00f1o celebra las quintas jornadas de los callos. - El Digital de Asturias","description":"Durante todo el mes de Diciembre, en las tienda \u2013 bar de los Centros de Iniciativa Rural del concejo se puede participar en la quinta edici\u00f3n de las jornadas gastron\u00f3micas de los callos. \u201cEste tradicional men\u00fa de la cocina asturiana, podr\u00e1 ser degustado al precio de 9 euros la raci\u00f3n. Adem\u00e1s de la gastronom\u00eda rural,","inLanguage":"es-ES","isPartOf":{"@id":"https:\/\/www.eldigitaldeasturias.com\/noticias\/#website"},"breadcrumb":{"@id":"https:\/\/www.eldigitaldeasturias.com\/noticias\/carreno-celebra-las-quintas-jornadas-de-los-callos\/#breadcrumblist"},"author":{"@id":"https:\/\/www.eldigitaldeasturias.com\/noticias\/author\/admin\/#author"},"creator":{"@id":"https:\/\/www.eldigitaldeasturias.com\/noticias\/author\/admin\/#author"},"image":{"@type":"ImageObject","url":459781,"@id":"https:\/\/www.eldigitaldeasturias.com\/noticias\/carreno-celebra-las-quintas-jornadas-de-los-callos\/#mainImage"},"primaryImageOfPage":{"@id":"https:\/\/www.eldigitaldeasturias.com\/noticias\/carreno-celebra-las-quintas-jornadas-de-los-callos\/#mainImage"},"datePublished":"2013-12-09T18:55:14+01:00","dateModified":"2014-01-22T20:22:38+01:00"},{"@type":"WebSite","@id":"https:\/\/www.eldigitaldeasturias.com\/noticias\/#website","url":"https:\/\/www.eldigitaldeasturias.com\/noticias\/","name":"El Digital de Asturias - Diario de actualidad y noticias","alternateName":"El Digital de Asturias - Diario de actualidad y noticias","description":"Hemeroteca","inLanguage":"es-ES","publisher":{"@id":"https:\/\/www.eldigitaldeasturias.com\/noticias\/#organization"}}]},"og:locale":"es_ES","og:site_name":"El Digital de Asturias","og:type":"article","og:title":"Carre\u00f1o celebra las quintas jornadas de los callos. - El Digital de Asturias","og:description":"Durante todo el mes de Diciembre, en las tienda \u2013 bar de los Centros de Iniciativa Rural del concejo se puede participar en la quinta edici\u00f3n de las jornadas gastron\u00f3micas de los callos. \u201cEste tradicional men\u00fa de la cocina asturiana, podr\u00e1 ser degustado al precio de 9 euros la raci\u00f3n. Adem\u00e1s de la gastronom\u00eda rural,","og:url":"https:\/\/www.eldigitaldeasturias.com\/noticias\/carreno-celebra-las-quintas-jornadas-de-los-callos\/","article:tag":["actualidad asturias"],"article:published_time":"2013-12-09T19:55:14+00:00","article:modified_time":"2014-01-22T21:22:38+00:00","article:publisher":"https:\/\/facebook.com\/eldigitaldeasturias","twitter:card":"summary_large_image","twitter:title":"Carre\u00f1o celebra las quintas jornadas de los callos. - El Digital de Asturias","twitter:description":"Durante todo el mes de Diciembre, en las tienda \u2013 bar de los Centros de Iniciativa Rural del concejo se puede participar en la quinta edici\u00f3n de las jornadas gastron\u00f3micas de los callos. \u201cEste tradicional men\u00fa de la cocina asturiana, podr\u00e1 ser degustado al precio de 9 euros la raci\u00f3n. Adem\u00e1s de la gastronom\u00eda rural,","twitter:label1":"Escrito por","twitter:data1":"El Digital de Asturias","twitter:label2":"Tiempo de lectura estimado","twitter:data2":"1 minuto"},"aioseo_meta_data":{"post_id":"459780","title":null,"description":null,"keywords":null,"keyphrases":null,"primary_term":null,"canonical_url":null,"og_title":null,"og_description":null,"og_object_type":"default","og_image_type":"default","og_image_url":null,"og_image_width":null,"og_image_height":null,"og_image_custom_url":null,"og_image_custom_fields":null,"og_video":null,"og_custom_url":null,"og_article_section":null,"og_article_tags":null,"twitter_use_og":true,"twitter_card":"default","twitter_image_type":"default","twitter_image_url":null,"twitter_image_custom_url":null,"twitter_image_custom_fields":null,"twitter_title":null,"twitter_description":null,"schema":{"blockGraphs":[],"customGraphs":[],"default":{"data":{"Article":[],"Course":[],"Dataset":[],"FAQPage":[],"Movie":[],"Person":[],"Product":[],"ProductReview":[],"Car":[],"Recipe":[],"Service":[],"SoftwareApplication":[],"WebPage":[]},"graphName":"","isEnabled":true},"graphs":[],"defaultGraph":"","defaultPostTypeGraph":""},"schema_type":null,"schema_type_options":null,"pillar_content":false,"robots_default":true,"robots_noindex":false,"robots_noarchive":false,"robots_nosnippet":false,"robots_nofollow":false,"robots_noimageindex":false,"robots_noodp":false,"robots_notranslate":false,"robots_max_snippet":null,"robots_max_videopreview":null,"robots_max_imagepreview":"none","priority":null,"frequency":null,"local_seo":null,"seo_analyzer_scan_date":"2026-05-30 10:36:54","breadcrumb_settings":null,"limit_modified_date":false,"open_ai":null,"ai":null,"created":"2020-11-14 22:47:39","updated":"2026-05-30 10:36:54","focus_keyword":null,"additional_keywords":null,"truseo_locale":null},"aioseo_breadcrumb":"<div class=\"aioseo-breadcrumbs\"><span class=\"aioseo-breadcrumb\">\n\t<a href=\"https:\/\/www.eldigitaldeasturias.com\/noticias\" title=\"Home\">Home<\/a>\n<\/span><span class=\"aioseo-breadcrumb-separator\">\u2013<\/span><span class=\"aioseo-breadcrumb\">\n\t<a href=\"https:\/\/www.eldigitaldeasturias.com\/noticias\/category\/actualidad-asturias\/\" title=\"Actualidad Asturias\">Actualidad Asturias<\/a>\n<\/span><span class=\"aioseo-breadcrumb-separator\">\u2013<\/span><span class=\"aioseo-breadcrumb\">\n\t<a href=\"https:\/\/www.eldigitaldeasturias.com\/noticias\/carreno-celebra-las-quintas-jornadas-de-los-callos\/\" title=\"Carre\u00f1o celebra las quintas jornadas de los callos.\">Carre\u00f1o celebra las quintas jornadas de los callos.<\/a>\n<\/span><\/div>","aioseo_breadcrumb_json":[{"label":"Home","link":"https:\/\/www.eldigitaldeasturias.com\/noticias"},{"label":"Actualidad Asturias","link":"https:\/\/www.eldigitaldeasturias.com\/noticias\/category\/actualidad-asturias\/"},{"label":"Carre\u00f1o celebra las quintas jornadas de los callos.","link":"https:\/\/www.eldigitaldeasturias.com\/noticias\/carreno-celebra-las-quintas-jornadas-de-los-callos\/"}],"_links":{"self":[{"href":"https:\/\/www.eldigitaldeasturias.com\/noticias\/wp-json\/wp\/v2\/posts\/459780","targetHints":{"allow":["GET"]}}],"collection":[{"href":"https:\/\/www.eldigitaldeasturias.com\/noticias\/wp-json\/wp\/v2\/posts"}],"about":[{"href":"https:\/\/www.eldigitaldeasturias.com\/noticias\/wp-json\/wp\/v2\/types\/post"}],"author":[{"embeddable":true,"href":"https:\/\/www.eldigitaldeasturias.com\/noticias\/wp-json\/wp\/v2\/users\/1"}],"replies":[{"embeddable":true,"href":"https:\/\/www.eldigitaldeasturias.com\/noticias\/wp-json\/wp\/v2\/comments?post=459780"}],"version-history":[{"count":0,"href":"https:\/\/www.eldigitaldeasturias.com\/noticias\/wp-json\/wp\/v2\/posts\/459780\/revisions"}],"wp:attachment":[{"href":"https:\/\/www.eldigitaldeasturias.com\/noticias\/wp-json\/wp\/v2\/media?parent=459780"}],"wp:term":[{"taxonomy":"category","embeddable":true,"href":"https:\/\/www.eldigitaldeasturias.com\/noticias\/wp-json\/wp\/v2\/categories?post=459780"},{"taxonomy":"post_tag","embeddable":true,"href":"https:\/\/www.eldigitaldeasturias.com\/noticias\/wp-json\/wp\/v2\/tags?post=459780"}],"curies":[{"name":"wp","href":"https:\/\/api.w.org\/{rel}","templated":true}]}}