{"id":459745,"date":"2013-12-09T18:30:12","date_gmt":"2013-12-09T19:30:12","guid":{"rendered":"http:\/\/www.eldigitaldeasturias.com\/noticias\/?p=459745"},"modified":"2013-12-09T18:30:12","modified_gmt":"2013-12-09T19:30:12","slug":"ole-ole-se-reune-en-homenaje-a-juan-tarodo","status":"publish","type":"post","link":"https:\/\/www.eldigitaldeasturias.com\/noticias\/ole-ole-se-reune-en-homenaje-a-juan-tarodo\/","title":{"rendered":"Ol\u00e9 Ol\u00e9 se re\u00fane en homenaje a Juan Tarodo"},"content":{"rendered":"<p><img loading=\"lazy\" decoding=\"async\" class=\"alignleft size-medium wp-image-459746\" alt=\"5781003w\" src=\"https:\/\/www.eldigitaldeasturias.com\/noticias\/wp-content\/uploads\/2013\/12\/5781003w-360x246.jpg\" width=\"360\" height=\"246\" \/>Madrid, 9 dic (EFE).- Veinte a\u00f1os despu\u00e9s de su disoluci\u00f3n, Ol\u00e9 Ol\u00e9 ha anunciado hoy la reuni\u00f3n del grupo como forma de homenaje a Juan Tarodo, fallecido recientemente, y aprovechando el aniversario de esta m\u00edtica formaci\u00f3n espa\u00f1ola, que lanz\u00f3 hace 30 a\u00f1os su primer disco hom\u00f3nimo, que inclu\u00eda el famoso \u00abNo controles\u00bb.<\/p>\n<p>Seg\u00fan la nota de prensa remitida a los medios, el retorno se produce con un nuevo disco que contar\u00e1 con las voces de Vicky Larraz, primera cantante de la banda, y tambi\u00e9n con la de Sonia Santana, la tercera y \u00faltima, que sustituy\u00f3 a Marta S\u00e1nchez tras el inicio de su carrera en solitario.<\/p>\n<p>La propia Larraz ha sido la compositora junto al guitarrista de Ol\u00e9 Ol\u00e9 Gustavo Montesinos de \u00abPor ser t\u00fa&#8230;\u00bb, un tema in\u00e9dito producido por Javier Losada y grabado en Madrid en octubre que servir\u00e1 como carta de presentaci\u00f3n de esta nueva etapa.<\/p>\n<p>Junto a ellos, el grupo lo completan Marcelo Montesano al teclado y Emilio Estecha en el bajo.<\/p>\n<p>El proyecto, subraya el comunicado, nace \u00abdesinteresadamente\u00bb, pues los beneficios discogr\u00e1ficos y editoriales de la nueva canci\u00f3n se han cedido a los hijos del que fuera fundador de la banda, el bater\u00eda Juan Tarodo, que padec\u00eda leucemia y falleci\u00f3 el pasado mes de mayo.<\/p>\n<p>El disco estar\u00e1 a la venta el 12 de diciembre en formato digital y f\u00edsico y llegar\u00e1 tras el recopilatorio \u00abGrandes \u00e9xitos y otras terapias de grupo\u00bb (2007) y su \u00faltimo disco de estudio hasta la fecha, \u00abAl descubierto (1992).<\/p>\n","protected":false},"excerpt":{"rendered":"<p>Madrid, 9 dic (EFE).- Veinte a\u00f1os despu\u00e9s de su disoluci\u00f3n, Ol\u00e9 Ol\u00e9 ha anunciado hoy la reuni\u00f3n del grupo como forma de homenaje a Juan Tarodo, fallecido recientemente, y aprovechando el aniversario de esta m\u00edtica formaci\u00f3n espa\u00f1ola, que lanz\u00f3 hace 30 a\u00f1os su primer disco hom\u00f3nimo, que inclu\u00eda el famoso \u00abNo controles\u00bb. Seg\u00fan la nota [&hellip;]<\/p>\n","protected":false},"author":1,"featured_media":459746,"comment_status":"closed","ping_status":"open","sticky":false,"template":"","format":"standard","meta":{"footnotes":""},"categories":[50],"tags":[],"class_list":["post-459745","post","type-post","status-publish","format-standard","has-post-thumbnail","hentry","category-revista-de-ocio"],"aioseo_notices":[],"aioseo_head":"\n\t\t<!-- All in One SEO Pro 5.0.1 - aioseo.com -->\n\t<meta name=\"description\" content=\"Madrid, 9 dic (EFE).- Veinte a\u00f1os despu\u00e9s de su disoluci\u00f3n, Ol\u00e9 Ol\u00e9 ha anunciado hoy la reuni\u00f3n del grupo como forma de homenaje a Juan Tarodo, fallecido recientemente, y aprovechando el aniversario de esta m\u00edtica formaci\u00f3n espa\u00f1ola, que lanz\u00f3 hace 30 a\u00f1os su primer disco hom\u00f3nimo, que inclu\u00eda el famoso &quot;No controles&quot;. Seg\u00fan la nota\" \/>\n\t<meta name=\"robots\" content=\"max-image-preview:large\" \/>\n\t<meta name=\"author\" content=\"El Digital de Asturias\"\/>\n\t<meta name=\"google-site-verification\" content=\"UA-38556648-1\" \/>\n\t<meta name=\"msvalidate.01\" content=\"7dfe9f3f1b24437ab69f4f2559babe99\" \/>\n\t<meta name=\"keywords\" content=\"revista de ocio\" \/>\n\t<link rel=\"canonical\" href=\"https:\/\/www.eldigitaldeasturias.com\/noticias\/ole-ole-se-reune-en-homenaje-a-juan-tarodo\/\" \/>\n\t<meta name=\"generator\" content=\"All in One SEO Pro (AIOSEO) 5.0.1\" \/>\n\t\t<meta property=\"og:locale\" content=\"es_ES\" \/>\n\t\t<meta property=\"og:site_name\" content=\"El Digital de Asturias\" \/>\n\t\t<meta property=\"og:type\" content=\"article\" \/>\n\t\t<meta property=\"og:title\" content=\"Ol\u00e9 Ol\u00e9 se re\u00fane en homenaje a Juan Tarodo - El Digital de Asturias\" \/>\n\t\t<meta property=\"og:description\" content=\"Madrid, 9 dic (EFE).- Veinte a\u00f1os despu\u00e9s de su disoluci\u00f3n, Ol\u00e9 Ol\u00e9 ha anunciado hoy la reuni\u00f3n del grupo como forma de homenaje a Juan Tarodo, fallecido recientemente, y aprovechando el aniversario de esta m\u00edtica formaci\u00f3n espa\u00f1ola, que lanz\u00f3 hace 30 a\u00f1os su primer disco hom\u00f3nimo, que inclu\u00eda el famoso &quot;No controles&quot;. Seg\u00fan la nota\" \/>\n\t\t<meta property=\"og:url\" content=\"https:\/\/www.eldigitaldeasturias.com\/noticias\/ole-ole-se-reune-en-homenaje-a-juan-tarodo\/\" \/>\n\t\t<meta property=\"article:tag\" content=\"revista de ocio\" \/>\n\t\t<meta property=\"article:published_time\" content=\"2013-12-09T19:30:12+00:00\" \/>\n\t\t<meta property=\"article:modified_time\" content=\"2013-12-09T19:30:12+00:00\" \/>\n\t\t<meta property=\"article:publisher\" content=\"https:\/\/facebook.com\/eldigitaldeasturias\" \/>\n\t\t<meta name=\"twitter:card\" content=\"summary_large_image\" \/>\n\t\t<meta name=\"twitter:title\" content=\"Ol\u00e9 Ol\u00e9 se re\u00fane en homenaje a Juan Tarodo - El Digital de Asturias\" \/>\n\t\t<meta name=\"twitter:description\" content=\"Madrid, 9 dic (EFE).- Veinte a\u00f1os despu\u00e9s de su disoluci\u00f3n, Ol\u00e9 Ol\u00e9 ha anunciado hoy la reuni\u00f3n del grupo como forma de homenaje a Juan Tarodo, fallecido recientemente, y aprovechando el aniversario de esta m\u00edtica formaci\u00f3n espa\u00f1ola, que lanz\u00f3 hace 30 a\u00f1os su primer disco hom\u00f3nimo, que inclu\u00eda el famoso &quot;No controles&quot;. Seg\u00fan la nota\" \/>\n\t\t<meta name=\"twitter:label1\" content=\"Escrito por\" \/>\n\t\t<meta name=\"twitter:data1\" content=\"El Digital de Asturias\" \/>\n\t\t<meta name=\"twitter:label2\" content=\"Tiempo de lectura estimado\" \/>\n\t\t<meta name=\"twitter:data2\" content=\"1 minuto\" \/>\n\t\t<script type=\"application\/ld+json\" class=\"aioseo-schema\">\n\t\t\t{\"@context\":\"https:\\\/\\\/schema.org\",\"@graph\":[{\"@type\":\"BlogPosting\",\"@id\":\"https:\\\/\\\/www.eldigitaldeasturias.com\\\/noticias\\\/ole-ole-se-reune-en-homenaje-a-juan-tarodo\\\/#blogposting\",\"name\":\"Ol\\u00e9 Ol\\u00e9 se re\\u00fane en homenaje a Juan Tarodo - El Digital de Asturias\",\"headline\":\"Ol\\u00e9 Ol\\u00e9 se re\\u00fane en homenaje a Juan Tarodo\",\"author\":{\"@id\":\"https:\\\/\\\/www.eldigitaldeasturias.com\\\/noticias\\\/author\\\/admin\\\/#author\"},\"publisher\":{\"@id\":\"https:\\\/\\\/www.eldigitaldeasturias.com\\\/noticias\\\/#organization\"},\"image\":{\"@type\":\"ImageObject\",\"url\":459746},\"datePublished\":\"2013-12-09T18:30:12+01:00\",\"dateModified\":\"2013-12-09T18:30:12+01:00\",\"inLanguage\":\"es-ES\",\"mainEntityOfPage\":{\"@id\":\"https:\\\/\\\/www.eldigitaldeasturias.com\\\/noticias\\\/ole-ole-se-reune-en-homenaje-a-juan-tarodo\\\/#webpage\"},\"isPartOf\":{\"@id\":\"https:\\\/\\\/www.eldigitaldeasturias.com\\\/noticias\\\/ole-ole-se-reune-en-homenaje-a-juan-tarodo\\\/#webpage\"},\"articleSection\":\"Revista de Ocio\"},{\"@type\":\"BreadcrumbList\",\"@id\":\"https:\\\/\\\/www.eldigitaldeasturias.com\\\/noticias\\\/ole-ole-se-reune-en-homenaje-a-juan-tarodo\\\/#breadcrumblist\",\"itemListElement\":[{\"@type\":\"ListItem\",\"@id\":\"https:\\\/\\\/www.eldigitaldeasturias.com\\\/noticias#listItem\",\"position\":1,\"name\":\"Home\",\"item\":\"https:\\\/\\\/www.eldigitaldeasturias.com\\\/noticias\",\"nextItem\":{\"@type\":\"ListItem\",\"@id\":\"https:\\\/\\\/www.eldigitaldeasturias.com\\\/noticias\\\/category\\\/revista-de-ocio\\\/#listItem\",\"name\":\"Revista de Ocio\"}},{\"@type\":\"ListItem\",\"@id\":\"https:\\\/\\\/www.eldigitaldeasturias.com\\\/noticias\\\/category\\\/revista-de-ocio\\\/#listItem\",\"position\":2,\"name\":\"Revista de Ocio\",\"item\":\"https:\\\/\\\/www.eldigitaldeasturias.com\\\/noticias\\\/category\\\/revista-de-ocio\\\/\",\"nextItem\":{\"@type\":\"ListItem\",\"@id\":\"https:\\\/\\\/www.eldigitaldeasturias.com\\\/noticias\\\/ole-ole-se-reune-en-homenaje-a-juan-tarodo\\\/#listItem\",\"name\":\"Ol\\u00e9 Ol\\u00e9 se re\\u00fane en homenaje a Juan Tarodo\"},\"previousItem\":{\"@type\":\"ListItem\",\"@id\":\"https:\\\/\\\/www.eldigitaldeasturias.com\\\/noticias#listItem\",\"name\":\"Home\"}},{\"@type\":\"ListItem\",\"@id\":\"https:\\\/\\\/www.eldigitaldeasturias.com\\\/noticias\\\/ole-ole-se-reune-en-homenaje-a-juan-tarodo\\\/#listItem\",\"position\":3,\"name\":\"Ol\\u00e9 Ol\\u00e9 se re\\u00fane en homenaje a Juan Tarodo\",\"previousItem\":{\"@type\":\"ListItem\",\"@id\":\"https:\\\/\\\/www.eldigitaldeasturias.com\\\/noticias\\\/category\\\/revista-de-ocio\\\/#listItem\",\"name\":\"Revista de Ocio\"}}]},{\"@type\":\"Organization\",\"@id\":\"https:\\\/\\\/www.eldigitaldeasturias.com\\\/noticias\\\/#organization\",\"name\":\"El Digital de Asturias\",\"description\":\"Hemeroteca\",\"url\":\"https:\\\/\\\/www.eldigitaldeasturias.com\\\/noticias\\\/\",\"email\":\"info@eldigitaldeasturias.com\",\"telephone\":\"+34652131393\",\"logo\":{\"@type\":\"ImageObject\",\"url\":\"https:\\\/\\\/www.eldigitaldeasturias.com\\\/noticias\\\/wp-content\\\/uploads\\\/2020\\\/12\\\/EDA.jpg\",\"@id\":\"https:\\\/\\\/www.eldigitaldeasturias.com\\\/noticias\\\/ole-ole-se-reune-en-homenaje-a-juan-tarodo\\\/#organizationLogo\"},\"image\":{\"@id\":\"https:\\\/\\\/www.eldigitaldeasturias.com\\\/noticias\\\/ole-ole-se-reune-en-homenaje-a-juan-tarodo\\\/#organizationLogo\"},\"sameAs\":[\"https:\\\/\\\/facebook.com\\\/eldigitaldeasturias\",\"https:\\\/\\\/www.youtube.com\\\/channel\\\/UCZP-2wLEB9Rv6erhFmqVnvg\"],\"address\":{\"@id\":\"https:\\\/\\\/www.eldigitaldeasturias.com\\\/noticias\\\/#postaladdress\",\"@type\":\"PostalAddress\",\"streetAddress\":\"san antonio 4\",\"postalCode\":\"33430\",\"addressLocality\":\"Cand\\u00e1s\",\"addressRegion\":\"Asturias\",\"addressCountry\":\"ES\"}},{\"@type\":\"Person\",\"@id\":\"https:\\\/\\\/www.eldigitaldeasturias.com\\\/noticias\\\/author\\\/admin\\\/#author\",\"url\":\"https:\\\/\\\/www.eldigitaldeasturias.com\\\/noticias\\\/author\\\/admin\\\/\",\"name\":\"El Digital de Asturias\",\"image\":{\"@type\":\"ImageObject\",\"@id\":\"https:\\\/\\\/www.eldigitaldeasturias.com\\\/noticias\\\/ole-ole-se-reune-en-homenaje-a-juan-tarodo\\\/#authorImage\",\"url\":\"https:\\\/\\\/secure.gravatar.com\\\/avatar\\\/df2aeffc32bcd13f8d26072ef8a91b623d677766deac7f97ca815868cd41bf5e?s=96&d=mm&r=g\",\"width\":96,\"height\":96,\"caption\":\"El Digital de Asturias\"}},{\"@type\":\"WebPage\",\"@id\":\"https:\\\/\\\/www.eldigitaldeasturias.com\\\/noticias\\\/ole-ole-se-reune-en-homenaje-a-juan-tarodo\\\/#webpage\",\"url\":\"https:\\\/\\\/www.eldigitaldeasturias.com\\\/noticias\\\/ole-ole-se-reune-en-homenaje-a-juan-tarodo\\\/\",\"name\":\"Ol\\u00e9 Ol\\u00e9 se re\\u00fane en homenaje a Juan Tarodo - El Digital de Asturias\",\"description\":\"Madrid, 9 dic (EFE).- Veinte a\\u00f1os despu\\u00e9s de su disoluci\\u00f3n, Ol\\u00e9 Ol\\u00e9 ha anunciado hoy la reuni\\u00f3n del grupo como forma de homenaje a Juan Tarodo, fallecido recientemente, y aprovechando el aniversario de esta m\\u00edtica formaci\\u00f3n espa\\u00f1ola, que lanz\\u00f3 hace 30 a\\u00f1os su primer disco hom\\u00f3nimo, que inclu\\u00eda el famoso \\\"No controles\\\". Seg\\u00fan la nota\",\"inLanguage\":\"es-ES\",\"isPartOf\":{\"@id\":\"https:\\\/\\\/www.eldigitaldeasturias.com\\\/noticias\\\/#website\"},\"breadcrumb\":{\"@id\":\"https:\\\/\\\/www.eldigitaldeasturias.com\\\/noticias\\\/ole-ole-se-reune-en-homenaje-a-juan-tarodo\\\/#breadcrumblist\"},\"author\":{\"@id\":\"https:\\\/\\\/www.eldigitaldeasturias.com\\\/noticias\\\/author\\\/admin\\\/#author\"},\"creator\":{\"@id\":\"https:\\\/\\\/www.eldigitaldeasturias.com\\\/noticias\\\/author\\\/admin\\\/#author\"},\"image\":{\"@type\":\"ImageObject\",\"url\":459746,\"@id\":\"https:\\\/\\\/www.eldigitaldeasturias.com\\\/noticias\\\/ole-ole-se-reune-en-homenaje-a-juan-tarodo\\\/#mainImage\"},\"primaryImageOfPage\":{\"@id\":\"https:\\\/\\\/www.eldigitaldeasturias.com\\\/noticias\\\/ole-ole-se-reune-en-homenaje-a-juan-tarodo\\\/#mainImage\"},\"datePublished\":\"2013-12-09T18:30:12+01:00\",\"dateModified\":\"2013-12-09T18:30:12+01:00\"},{\"@type\":\"WebSite\",\"@id\":\"https:\\\/\\\/www.eldigitaldeasturias.com\\\/noticias\\\/#website\",\"url\":\"https:\\\/\\\/www.eldigitaldeasturias.com\\\/noticias\\\/\",\"name\":\"El Digital de Asturias - Diario de actualidad y noticias\",\"alternateName\":\"El Digital de Asturias - Diario de actualidad y noticias\",\"description\":\"Hemeroteca\",\"inLanguage\":\"es-ES\",\"publisher\":{\"@id\":\"https:\\\/\\\/www.eldigitaldeasturias.com\\\/noticias\\\/#organization\"}}]}\n\t\t<\/script>\n\t\t<!-- All in One SEO Pro -->\r\n\t\t<title>Ol\u00e9 Ol\u00e9 se re\u00fane en homenaje a Juan Tarodo - El Digital de Asturias<\/title>\n\n","aioseo_head_json":{"title":"Ol\u00e9 Ol\u00e9 se re\u00fane en homenaje a Juan Tarodo - El Digital de Asturias","description":"Madrid, 9 dic (EFE).- Veinte a\u00f1os despu\u00e9s de su disoluci\u00f3n, Ol\u00e9 Ol\u00e9 ha anunciado hoy la reuni\u00f3n del grupo como forma de homenaje a Juan Tarodo, fallecido recientemente, y aprovechando el aniversario de esta m\u00edtica formaci\u00f3n espa\u00f1ola, que lanz\u00f3 hace 30 a\u00f1os su primer disco hom\u00f3nimo, que inclu\u00eda el famoso \"No controles\". Seg\u00fan la nota","canonical_url":"https:\/\/www.eldigitaldeasturias.com\/noticias\/ole-ole-se-reune-en-homenaje-a-juan-tarodo\/","robots":"max-image-preview:large","keywords":"revista de ocio","webmasterTools":{"google-site-verification":"UA-38556648-1","msvalidate.01":"7dfe9f3f1b24437ab69f4f2559babe99","miscellaneous":""},"schema":{"@context":"https:\/\/schema.org","@graph":[{"@type":"BlogPosting","@id":"https:\/\/www.eldigitaldeasturias.com\/noticias\/ole-ole-se-reune-en-homenaje-a-juan-tarodo\/#blogposting","name":"Ol\u00e9 Ol\u00e9 se re\u00fane en homenaje a Juan Tarodo - El Digital de Asturias","headline":"Ol\u00e9 Ol\u00e9 se re\u00fane en homenaje a Juan Tarodo","author":{"@id":"https:\/\/www.eldigitaldeasturias.com\/noticias\/author\/admin\/#author"},"publisher":{"@id":"https:\/\/www.eldigitaldeasturias.com\/noticias\/#organization"},"image":{"@type":"ImageObject","url":459746},"datePublished":"2013-12-09T18:30:12+01:00","dateModified":"2013-12-09T18:30:12+01:00","inLanguage":"es-ES","mainEntityOfPage":{"@id":"https:\/\/www.eldigitaldeasturias.com\/noticias\/ole-ole-se-reune-en-homenaje-a-juan-tarodo\/#webpage"},"isPartOf":{"@id":"https:\/\/www.eldigitaldeasturias.com\/noticias\/ole-ole-se-reune-en-homenaje-a-juan-tarodo\/#webpage"},"articleSection":"Revista de Ocio"},{"@type":"BreadcrumbList","@id":"https:\/\/www.eldigitaldeasturias.com\/noticias\/ole-ole-se-reune-en-homenaje-a-juan-tarodo\/#breadcrumblist","itemListElement":[{"@type":"ListItem","@id":"https:\/\/www.eldigitaldeasturias.com\/noticias#listItem","position":1,"name":"Home","item":"https:\/\/www.eldigitaldeasturias.com\/noticias","nextItem":{"@type":"ListItem","@id":"https:\/\/www.eldigitaldeasturias.com\/noticias\/category\/revista-de-ocio\/#listItem","name":"Revista de Ocio"}},{"@type":"ListItem","@id":"https:\/\/www.eldigitaldeasturias.com\/noticias\/category\/revista-de-ocio\/#listItem","position":2,"name":"Revista de Ocio","item":"https:\/\/www.eldigitaldeasturias.com\/noticias\/category\/revista-de-ocio\/","nextItem":{"@type":"ListItem","@id":"https:\/\/www.eldigitaldeasturias.com\/noticias\/ole-ole-se-reune-en-homenaje-a-juan-tarodo\/#listItem","name":"Ol\u00e9 Ol\u00e9 se re\u00fane en homenaje a Juan Tarodo"},"previousItem":{"@type":"ListItem","@id":"https:\/\/www.eldigitaldeasturias.com\/noticias#listItem","name":"Home"}},{"@type":"ListItem","@id":"https:\/\/www.eldigitaldeasturias.com\/noticias\/ole-ole-se-reune-en-homenaje-a-juan-tarodo\/#listItem","position":3,"name":"Ol\u00e9 Ol\u00e9 se re\u00fane en homenaje a Juan Tarodo","previousItem":{"@type":"ListItem","@id":"https:\/\/www.eldigitaldeasturias.com\/noticias\/category\/revista-de-ocio\/#listItem","name":"Revista de Ocio"}}]},{"@type":"Organization","@id":"https:\/\/www.eldigitaldeasturias.com\/noticias\/#organization","name":"El Digital de Asturias","description":"Hemeroteca","url":"https:\/\/www.eldigitaldeasturias.com\/noticias\/","email":"info@eldigitaldeasturias.com","telephone":"+34652131393","logo":{"@type":"ImageObject","url":"https:\/\/www.eldigitaldeasturias.com\/noticias\/wp-content\/uploads\/2020\/12\/EDA.jpg","@id":"https:\/\/www.eldigitaldeasturias.com\/noticias\/ole-ole-se-reune-en-homenaje-a-juan-tarodo\/#organizationLogo"},"image":{"@id":"https:\/\/www.eldigitaldeasturias.com\/noticias\/ole-ole-se-reune-en-homenaje-a-juan-tarodo\/#organizationLogo"},"sameAs":["https:\/\/facebook.com\/eldigitaldeasturias","https:\/\/www.youtube.com\/channel\/UCZP-2wLEB9Rv6erhFmqVnvg"],"address":{"@id":"https:\/\/www.eldigitaldeasturias.com\/noticias\/#postaladdress","@type":"PostalAddress","streetAddress":"san antonio 4","postalCode":"33430","addressLocality":"Cand\u00e1s","addressRegion":"Asturias","addressCountry":"ES"}},{"@type":"Person","@id":"https:\/\/www.eldigitaldeasturias.com\/noticias\/author\/admin\/#author","url":"https:\/\/www.eldigitaldeasturias.com\/noticias\/author\/admin\/","name":"El Digital de Asturias","image":{"@type":"ImageObject","@id":"https:\/\/www.eldigitaldeasturias.com\/noticias\/ole-ole-se-reune-en-homenaje-a-juan-tarodo\/#authorImage","url":"https:\/\/secure.gravatar.com\/avatar\/df2aeffc32bcd13f8d26072ef8a91b623d677766deac7f97ca815868cd41bf5e?s=96&d=mm&r=g","width":96,"height":96,"caption":"El Digital de Asturias"}},{"@type":"WebPage","@id":"https:\/\/www.eldigitaldeasturias.com\/noticias\/ole-ole-se-reune-en-homenaje-a-juan-tarodo\/#webpage","url":"https:\/\/www.eldigitaldeasturias.com\/noticias\/ole-ole-se-reune-en-homenaje-a-juan-tarodo\/","name":"Ol\u00e9 Ol\u00e9 se re\u00fane en homenaje a Juan Tarodo - El Digital de Asturias","description":"Madrid, 9 dic (EFE).- Veinte a\u00f1os despu\u00e9s de su disoluci\u00f3n, Ol\u00e9 Ol\u00e9 ha anunciado hoy la reuni\u00f3n del grupo como forma de homenaje a Juan Tarodo, fallecido recientemente, y aprovechando el aniversario de esta m\u00edtica formaci\u00f3n espa\u00f1ola, que lanz\u00f3 hace 30 a\u00f1os su primer disco hom\u00f3nimo, que inclu\u00eda el famoso \"No controles\". Seg\u00fan la nota","inLanguage":"es-ES","isPartOf":{"@id":"https:\/\/www.eldigitaldeasturias.com\/noticias\/#website"},"breadcrumb":{"@id":"https:\/\/www.eldigitaldeasturias.com\/noticias\/ole-ole-se-reune-en-homenaje-a-juan-tarodo\/#breadcrumblist"},"author":{"@id":"https:\/\/www.eldigitaldeasturias.com\/noticias\/author\/admin\/#author"},"creator":{"@id":"https:\/\/www.eldigitaldeasturias.com\/noticias\/author\/admin\/#author"},"image":{"@type":"ImageObject","url":459746,"@id":"https:\/\/www.eldigitaldeasturias.com\/noticias\/ole-ole-se-reune-en-homenaje-a-juan-tarodo\/#mainImage"},"primaryImageOfPage":{"@id":"https:\/\/www.eldigitaldeasturias.com\/noticias\/ole-ole-se-reune-en-homenaje-a-juan-tarodo\/#mainImage"},"datePublished":"2013-12-09T18:30:12+01:00","dateModified":"2013-12-09T18:30:12+01:00"},{"@type":"WebSite","@id":"https:\/\/www.eldigitaldeasturias.com\/noticias\/#website","url":"https:\/\/www.eldigitaldeasturias.com\/noticias\/","name":"El Digital de Asturias - Diario de actualidad y noticias","alternateName":"El Digital de Asturias - Diario de actualidad y noticias","description":"Hemeroteca","inLanguage":"es-ES","publisher":{"@id":"https:\/\/www.eldigitaldeasturias.com\/noticias\/#organization"}}]},"og:locale":"es_ES","og:site_name":"El Digital de Asturias","og:type":"article","og:title":"Ol\u00e9 Ol\u00e9 se re\u00fane en homenaje a Juan Tarodo - El Digital de Asturias","og:description":"Madrid, 9 dic (EFE).- Veinte a\u00f1os despu\u00e9s de su disoluci\u00f3n, Ol\u00e9 Ol\u00e9 ha anunciado hoy la reuni\u00f3n del grupo como forma de homenaje a Juan Tarodo, fallecido recientemente, y aprovechando el aniversario de esta m\u00edtica formaci\u00f3n espa\u00f1ola, que lanz\u00f3 hace 30 a\u00f1os su primer disco hom\u00f3nimo, que inclu\u00eda el famoso &quot;No controles&quot;. Seg\u00fan la nota","og:url":"https:\/\/www.eldigitaldeasturias.com\/noticias\/ole-ole-se-reune-en-homenaje-a-juan-tarodo\/","article:tag":["revista de ocio"],"article:published_time":"2013-12-09T19:30:12+00:00","article:modified_time":"2013-12-09T19:30:12+00:00","article:publisher":"https:\/\/facebook.com\/eldigitaldeasturias","twitter:card":"summary_large_image","twitter:title":"Ol\u00e9 Ol\u00e9 se re\u00fane en homenaje a Juan Tarodo - El Digital de Asturias","twitter:description":"Madrid, 9 dic (EFE).- Veinte a\u00f1os despu\u00e9s de su disoluci\u00f3n, Ol\u00e9 Ol\u00e9 ha anunciado hoy la reuni\u00f3n del grupo como forma de homenaje a Juan Tarodo, fallecido recientemente, y aprovechando el aniversario de esta m\u00edtica formaci\u00f3n espa\u00f1ola, que lanz\u00f3 hace 30 a\u00f1os su primer disco hom\u00f3nimo, que inclu\u00eda el famoso &quot;No controles&quot;. Seg\u00fan la nota","twitter:label1":"Escrito por","twitter:data1":"El Digital de Asturias","twitter:label2":"Tiempo de lectura estimado","twitter:data2":"1 minuto"},"aioseo_meta_data":{"post_id":"459745","title":null,"description":null,"keywords":null,"keyphrases":null,"primary_term":null,"canonical_url":null,"og_title":null,"og_description":null,"og_object_type":"default","og_image_type":"default","og_image_url":null,"og_image_width":null,"og_image_height":null,"og_image_custom_url":null,"og_image_custom_fields":null,"og_video":null,"og_custom_url":null,"og_article_section":null,"og_article_tags":null,"twitter_use_og":true,"twitter_card":"default","twitter_image_type":"default","twitter_image_url":null,"twitter_image_custom_url":null,"twitter_image_custom_fields":null,"twitter_title":null,"twitter_description":null,"schema":{"blockGraphs":[],"customGraphs":[],"default":{"data":{"Article":[],"Course":[],"Dataset":[],"FAQPage":[],"Movie":[],"Person":[],"Product":[],"ProductReview":[],"Car":[],"Recipe":[],"Service":[],"SoftwareApplication":[],"WebPage":[]},"graphName":"","isEnabled":true},"graphs":[],"defaultGraph":"","defaultPostTypeGraph":""},"schema_type":null,"schema_type_options":null,"pillar_content":false,"robots_default":true,"robots_noindex":false,"robots_noarchive":false,"robots_nosnippet":false,"robots_nofollow":false,"robots_noimageindex":false,"robots_noodp":false,"robots_notranslate":false,"robots_max_snippet":null,"robots_max_videopreview":null,"robots_max_imagepreview":"none","priority":null,"frequency":null,"local_seo":null,"seo_analyzer_scan_date":"2026-05-30 10:29:04","breadcrumb_settings":null,"limit_modified_date":false,"open_ai":null,"ai":null,"created":"2020-11-14 22:47:39","updated":"2026-05-30 10:29:04","focus_keyword":null,"additional_keywords":null,"truseo_locale":null},"aioseo_breadcrumb":"<div class=\"aioseo-breadcrumbs\"><span class=\"aioseo-breadcrumb\">\n\t<a href=\"https:\/\/www.eldigitaldeasturias.com\/noticias\" title=\"Home\">Home<\/a>\n<\/span><span class=\"aioseo-breadcrumb-separator\">\u2013<\/span><span class=\"aioseo-breadcrumb\">\n\t<a href=\"https:\/\/www.eldigitaldeasturias.com\/noticias\/category\/revista-de-ocio\/\" title=\"Revista de Ocio\">Revista de Ocio<\/a>\n<\/span><span class=\"aioseo-breadcrumb-separator\">\u2013<\/span><span class=\"aioseo-breadcrumb\">\n\t<a href=\"https:\/\/www.eldigitaldeasturias.com\/noticias\/ole-ole-se-reune-en-homenaje-a-juan-tarodo\/\" title=\"Ol\u00e9 Ol\u00e9 se re\u00fane en homenaje a Juan Tarodo\">Ol\u00e9 Ol\u00e9 se re\u00fane en homenaje a Juan Tarodo<\/a>\n<\/span><\/div>","aioseo_breadcrumb_json":[{"label":"Home","link":"https:\/\/www.eldigitaldeasturias.com\/noticias"},{"label":"Revista de Ocio","link":"https:\/\/www.eldigitaldeasturias.com\/noticias\/category\/revista-de-ocio\/"},{"label":"Ol\u00e9 Ol\u00e9 se re\u00fane en homenaje a Juan Tarodo","link":"https:\/\/www.eldigitaldeasturias.com\/noticias\/ole-ole-se-reune-en-homenaje-a-juan-tarodo\/"}],"_links":{"self":[{"href":"https:\/\/www.eldigitaldeasturias.com\/noticias\/wp-json\/wp\/v2\/posts\/459745","targetHints":{"allow":["GET"]}}],"collection":[{"href":"https:\/\/www.eldigitaldeasturias.com\/noticias\/wp-json\/wp\/v2\/posts"}],"about":[{"href":"https:\/\/www.eldigitaldeasturias.com\/noticias\/wp-json\/wp\/v2\/types\/post"}],"author":[{"embeddable":true,"href":"https:\/\/www.eldigitaldeasturias.com\/noticias\/wp-json\/wp\/v2\/users\/1"}],"replies":[{"embeddable":true,"href":"https:\/\/www.eldigitaldeasturias.com\/noticias\/wp-json\/wp\/v2\/comments?post=459745"}],"version-history":[{"count":0,"href":"https:\/\/www.eldigitaldeasturias.com\/noticias\/wp-json\/wp\/v2\/posts\/459745\/revisions"}],"wp:attachment":[{"href":"https:\/\/www.eldigitaldeasturias.com\/noticias\/wp-json\/wp\/v2\/media?parent=459745"}],"wp:term":[{"taxonomy":"category","embeddable":true,"href":"https:\/\/www.eldigitaldeasturias.com\/noticias\/wp-json\/wp\/v2\/categories?post=459745"},{"taxonomy":"post_tag","embeddable":true,"href":"https:\/\/www.eldigitaldeasturias.com\/noticias\/wp-json\/wp\/v2\/tags?post=459745"}],"curies":[{"name":"wp","href":"https:\/\/api.w.org\/{rel}","templated":true}]}}