{"id":459730,"date":"2013-12-09T18:20:33","date_gmt":"2013-12-09T19:20:33","guid":{"rendered":"http:\/\/www.eldigitaldeasturias.com\/noticias\/?p=459730"},"modified":"2013-12-09T18:20:33","modified_gmt":"2013-12-09T19:20:33","slug":"la-princesa-masako-cumple-50-anos","status":"publish","type":"post","link":"https:\/\/www.eldigitaldeasturias.com\/noticias\/la-princesa-masako-cumple-50-anos\/","title":{"rendered":"La princesa Masako cumple 50 a\u00f1os."},"content":{"rendered":"<p><img loading=\"lazy\" decoding=\"async\" class=\"alignleft size-medium wp-image-459731\" alt=\"5780870w\" src=\"https:\/\/www.eldigitaldeasturias.com\/noticias\/wp-content\/uploads\/2013\/12\/5780870w-360x251.jpg\" width=\"360\" height=\"251\" \/>Tokio, 9 dic (EFE).- La esposa del heredero al trono de Jap\u00f3n, la princesa Masako, explic\u00f3 en un comunicado publicado hoy con motivo de su 50 cumplea\u00f1os que seguir\u00e1 esforz\u00e1ndose por superar la depresi\u00f3n que sufre desde hace una d\u00e9cada hasta lograr su \u00abrecuperaci\u00f3n total\u00bb.<\/p>\n<p>\u00abHe tratado de cumplir con mis deberes p\u00fablicos y privados en la mayor medida posible este a\u00f1o y continuar\u00e9 esforz\u00e1ndome para lograr una recuperaci\u00f3n total\u00bb, explic\u00f3 Masako, conocida como la \u00abprincesa triste\u00bb, a trav\u00e9s del documento remitido por la Agencia de la Casa Imperial.<\/p>\n<p>La princesa ha limitado sus apariciones p\u00fablicas y compromisos oficiales desde que en 2003 la Casa Imperial revel\u00f3 que sufr\u00eda una depresi\u00f3n inducida por estr\u00e9s, que algunos achacan a la rigidez del protocolo de la familia imperial y a las fuertes presiones que ha soportado para tener un hijo var\u00f3n que perpet\u00fae la l\u00ednea sucesoria.<\/p>\n<p>La pasada primavera, Masako sorprendi\u00f3 a los japoneses al asistir en los Pa\u00edses Bajos a la ceremonia de coronaci\u00f3n del rey Guillermo Alejandro, su primer viaje oficial en once a\u00f1os, lo que elev\u00f3 el optimismo en torno a su recuperaci\u00f3n.<\/p>\n<p>Fuentes cercanas a la Casa Imperial aseguran que la salud y la confianza de la princesa mejoraron tras este viaje, aunque desde entonces ha seguido manteniendo un perfil p\u00fablico muy bajo.<\/p>\n<p>En este sentido, Masako no acompa\u00f1\u00f3 a su esposo, el pr\u00edncipe heredero Naruhito, en su visita de seis d\u00edas a Espa\u00f1a el pasado junio, que sirvi\u00f3 de inauguraci\u00f3n del A\u00f1o Dual Espa\u00f1a Jap\u00f3n que conmemora 400 a\u00f1os de relaciones entre los dos pa\u00edses.<\/p>\n<p>En la rueda de prensa habitual ofrecida con motivo del aniversario de Masako, un equipo m\u00e9dico de la familia imperial tambi\u00e9n valor\u00f3 como muy positiva esta visita, aunque advirti\u00f3 de lo delicada de su situaci\u00f3n.<\/p>\n<p>\u00abSu recuperaci\u00f3n prosigue de manera lenta pero segura\u00bb, explic\u00f3 un portavoz del equipo, en declaraciones recogidas hoy por la agencia Kyodo.<\/p>\n<p>\u00abSu salud a\u00fan est\u00e1 en proceso de recuperaci\u00f3n. Demasiada expectaci\u00f3n podr\u00eda tener un efecto adverso\u00bb, advirti\u00f3.<\/p>\n<p>La princesa tambi\u00e9n visit\u00f3 este a\u00f1o las prefecturas de Fukushima, Iwate y Miyagi, las m\u00e1s afectadas por el terremoto y tsunami que devast\u00f3 el noreste de Jap\u00f3n el 11 de marzo de 2011.<\/p>\n<p>\u00abMe gustar\u00eda seguir centrando mi atenci\u00f3n en los esfuerzos para reconstruir la zona\u00bb, dijo Masako en el comunicado publicado hoy, en el que expres\u00f3 un a\u00f1o m\u00e1s su apoyo por todos los afectados por el desastre.<\/p>\n<p>Tambi\u00e9n agradeci\u00f3 el continuo apoyo mostrado por su marido, el pr\u00edncipe heredero Naruhito, con quien celebr\u00f3 en junio de este a\u00f1o 20 a\u00f1os de matrimonio.<\/p>\n","protected":false},"excerpt":{"rendered":"<p>Tokio, 9 dic (EFE).- La esposa del heredero al trono de Jap\u00f3n, la princesa Masako, explic\u00f3 en un comunicado publicado hoy con motivo de su 50 cumplea\u00f1os que seguir\u00e1 esforz\u00e1ndose por superar la depresi\u00f3n que sufre desde hace una d\u00e9cada hasta lograr su \u00abrecuperaci\u00f3n total\u00bb. \u00abHe tratado de cumplir con mis deberes p\u00fablicos y privados [&hellip;]<\/p>\n","protected":false},"author":1,"featured_media":459731,"comment_status":"closed","ping_status":"open","sticky":false,"template":"","format":"standard","meta":{"footnotes":""},"categories":[28],"tags":[],"class_list":["post-459730","post","type-post","status-publish","format-standard","has-post-thumbnail","hentry","category-sociedad"],"aioseo_notices":[],"aioseo_head":"\n\t\t<!-- All in One SEO Pro 5.0.1 - aioseo.com -->\n\t<meta name=\"description\" content=\"Tokio, 9 dic (EFE).- La esposa del heredero al trono de Jap\u00f3n, la princesa Masako, explic\u00f3 en un comunicado publicado hoy con motivo de su 50 cumplea\u00f1os que seguir\u00e1 esforz\u00e1ndose por superar la depresi\u00f3n que sufre desde hace una d\u00e9cada hasta lograr su &quot;recuperaci\u00f3n total&quot;. &quot;He tratado de cumplir con mis deberes p\u00fablicos y privados\" \/>\n\t<meta name=\"robots\" content=\"max-image-preview:large\" \/>\n\t<meta name=\"author\" content=\"El Digital de Asturias\"\/>\n\t<meta name=\"google-site-verification\" content=\"UA-38556648-1\" \/>\n\t<meta name=\"msvalidate.01\" content=\"7dfe9f3f1b24437ab69f4f2559babe99\" \/>\n\t<meta name=\"keywords\" content=\"sociedad\" \/>\n\t<link rel=\"canonical\" href=\"https:\/\/www.eldigitaldeasturias.com\/noticias\/la-princesa-masako-cumple-50-anos\/\" \/>\n\t<meta name=\"generator\" content=\"All in One SEO Pro (AIOSEO) 5.0.1\" \/>\n\t\t<meta property=\"og:locale\" content=\"es_ES\" \/>\n\t\t<meta property=\"og:site_name\" content=\"El Digital de Asturias\" \/>\n\t\t<meta property=\"og:type\" content=\"article\" \/>\n\t\t<meta property=\"og:title\" content=\"La princesa Masako cumple 50 a\u00f1os. - El Digital de Asturias\" \/>\n\t\t<meta property=\"og:description\" content=\"Tokio, 9 dic (EFE).- La esposa del heredero al trono de Jap\u00f3n, la princesa Masako, explic\u00f3 en un comunicado publicado hoy con motivo de su 50 cumplea\u00f1os que seguir\u00e1 esforz\u00e1ndose por superar la depresi\u00f3n que sufre desde hace una d\u00e9cada hasta lograr su &quot;recuperaci\u00f3n total&quot;. &quot;He tratado de cumplir con mis deberes p\u00fablicos y privados\" \/>\n\t\t<meta property=\"og:url\" content=\"https:\/\/www.eldigitaldeasturias.com\/noticias\/la-princesa-masako-cumple-50-anos\/\" \/>\n\t\t<meta property=\"article:tag\" content=\"sociedad\" \/>\n\t\t<meta property=\"article:published_time\" content=\"2013-12-09T19:20:33+00:00\" \/>\n\t\t<meta property=\"article:modified_time\" content=\"2013-12-09T19:20:33+00:00\" \/>\n\t\t<meta property=\"article:publisher\" content=\"https:\/\/facebook.com\/eldigitaldeasturias\" \/>\n\t\t<meta name=\"twitter:card\" content=\"summary_large_image\" \/>\n\t\t<meta name=\"twitter:title\" content=\"La princesa Masako cumple 50 a\u00f1os. - El Digital de Asturias\" \/>\n\t\t<meta name=\"twitter:description\" content=\"Tokio, 9 dic (EFE).- La esposa del heredero al trono de Jap\u00f3n, la princesa Masako, explic\u00f3 en un comunicado publicado hoy con motivo de su 50 cumplea\u00f1os que seguir\u00e1 esforz\u00e1ndose por superar la depresi\u00f3n que sufre desde hace una d\u00e9cada hasta lograr su &quot;recuperaci\u00f3n total&quot;. &quot;He tratado de cumplir con mis deberes p\u00fablicos y privados\" \/>\n\t\t<meta name=\"twitter:label1\" content=\"Escrito por\" \/>\n\t\t<meta name=\"twitter:data1\" content=\"El Digital de Asturias\" \/>\n\t\t<meta name=\"twitter:label2\" content=\"Tiempo de lectura estimado\" \/>\n\t\t<meta name=\"twitter:data2\" content=\"2 minutos\" \/>\n\t\t<script type=\"application\/ld+json\" class=\"aioseo-schema\">\n\t\t\t{\"@context\":\"https:\\\/\\\/schema.org\",\"@graph\":[{\"@type\":\"BlogPosting\",\"@id\":\"https:\\\/\\\/www.eldigitaldeasturias.com\\\/noticias\\\/la-princesa-masako-cumple-50-anos\\\/#blogposting\",\"name\":\"La princesa Masako cumple 50 a\\u00f1os. - El Digital de Asturias\",\"headline\":\"La princesa Masako cumple 50 a\\u00f1os.\",\"author\":{\"@id\":\"https:\\\/\\\/www.eldigitaldeasturias.com\\\/noticias\\\/author\\\/admin\\\/#author\"},\"publisher\":{\"@id\":\"https:\\\/\\\/www.eldigitaldeasturias.com\\\/noticias\\\/#organization\"},\"image\":{\"@type\":\"ImageObject\",\"url\":459731},\"datePublished\":\"2013-12-09T18:20:33+01:00\",\"dateModified\":\"2013-12-09T18:20:33+01:00\",\"inLanguage\":\"es-ES\",\"mainEntityOfPage\":{\"@id\":\"https:\\\/\\\/www.eldigitaldeasturias.com\\\/noticias\\\/la-princesa-masako-cumple-50-anos\\\/#webpage\"},\"isPartOf\":{\"@id\":\"https:\\\/\\\/www.eldigitaldeasturias.com\\\/noticias\\\/la-princesa-masako-cumple-50-anos\\\/#webpage\"},\"articleSection\":\"Sociedad\"},{\"@type\":\"BreadcrumbList\",\"@id\":\"https:\\\/\\\/www.eldigitaldeasturias.com\\\/noticias\\\/la-princesa-masako-cumple-50-anos\\\/#breadcrumblist\",\"itemListElement\":[{\"@type\":\"ListItem\",\"@id\":\"https:\\\/\\\/www.eldigitaldeasturias.com\\\/noticias#listItem\",\"position\":1,\"name\":\"Home\",\"item\":\"https:\\\/\\\/www.eldigitaldeasturias.com\\\/noticias\",\"nextItem\":{\"@type\":\"ListItem\",\"@id\":\"https:\\\/\\\/www.eldigitaldeasturias.com\\\/noticias\\\/category\\\/sociedad\\\/#listItem\",\"name\":\"Sociedad\"}},{\"@type\":\"ListItem\",\"@id\":\"https:\\\/\\\/www.eldigitaldeasturias.com\\\/noticias\\\/category\\\/sociedad\\\/#listItem\",\"position\":2,\"name\":\"Sociedad\",\"item\":\"https:\\\/\\\/www.eldigitaldeasturias.com\\\/noticias\\\/category\\\/sociedad\\\/\",\"nextItem\":{\"@type\":\"ListItem\",\"@id\":\"https:\\\/\\\/www.eldigitaldeasturias.com\\\/noticias\\\/la-princesa-masako-cumple-50-anos\\\/#listItem\",\"name\":\"La princesa Masako cumple 50 a\\u00f1os.\"},\"previousItem\":{\"@type\":\"ListItem\",\"@id\":\"https:\\\/\\\/www.eldigitaldeasturias.com\\\/noticias#listItem\",\"name\":\"Home\"}},{\"@type\":\"ListItem\",\"@id\":\"https:\\\/\\\/www.eldigitaldeasturias.com\\\/noticias\\\/la-princesa-masako-cumple-50-anos\\\/#listItem\",\"position\":3,\"name\":\"La princesa Masako cumple 50 a\\u00f1os.\",\"previousItem\":{\"@type\":\"ListItem\",\"@id\":\"https:\\\/\\\/www.eldigitaldeasturias.com\\\/noticias\\\/category\\\/sociedad\\\/#listItem\",\"name\":\"Sociedad\"}}]},{\"@type\":\"Organization\",\"@id\":\"https:\\\/\\\/www.eldigitaldeasturias.com\\\/noticias\\\/#organization\",\"name\":\"El Digital de Asturias\",\"description\":\"Hemeroteca\",\"url\":\"https:\\\/\\\/www.eldigitaldeasturias.com\\\/noticias\\\/\",\"email\":\"info@eldigitaldeasturias.com\",\"telephone\":\"+34652131393\",\"logo\":{\"@type\":\"ImageObject\",\"url\":\"https:\\\/\\\/www.eldigitaldeasturias.com\\\/noticias\\\/wp-content\\\/uploads\\\/2020\\\/12\\\/EDA.jpg\",\"@id\":\"https:\\\/\\\/www.eldigitaldeasturias.com\\\/noticias\\\/la-princesa-masako-cumple-50-anos\\\/#organizationLogo\"},\"image\":{\"@id\":\"https:\\\/\\\/www.eldigitaldeasturias.com\\\/noticias\\\/la-princesa-masako-cumple-50-anos\\\/#organizationLogo\"},\"sameAs\":[\"https:\\\/\\\/facebook.com\\\/eldigitaldeasturias\",\"https:\\\/\\\/www.youtube.com\\\/channel\\\/UCZP-2wLEB9Rv6erhFmqVnvg\"],\"address\":{\"@id\":\"https:\\\/\\\/www.eldigitaldeasturias.com\\\/noticias\\\/#postaladdress\",\"@type\":\"PostalAddress\",\"streetAddress\":\"san antonio 4\",\"postalCode\":\"33430\",\"addressLocality\":\"Cand\\u00e1s\",\"addressRegion\":\"Asturias\",\"addressCountry\":\"ES\"}},{\"@type\":\"Person\",\"@id\":\"https:\\\/\\\/www.eldigitaldeasturias.com\\\/noticias\\\/author\\\/admin\\\/#author\",\"url\":\"https:\\\/\\\/www.eldigitaldeasturias.com\\\/noticias\\\/author\\\/admin\\\/\",\"name\":\"El Digital de Asturias\",\"image\":{\"@type\":\"ImageObject\",\"@id\":\"https:\\\/\\\/www.eldigitaldeasturias.com\\\/noticias\\\/la-princesa-masako-cumple-50-anos\\\/#authorImage\",\"url\":\"https:\\\/\\\/secure.gravatar.com\\\/avatar\\\/df2aeffc32bcd13f8d26072ef8a91b623d677766deac7f97ca815868cd41bf5e?s=96&d=mm&r=g\",\"width\":96,\"height\":96,\"caption\":\"El Digital de Asturias\"}},{\"@type\":\"WebPage\",\"@id\":\"https:\\\/\\\/www.eldigitaldeasturias.com\\\/noticias\\\/la-princesa-masako-cumple-50-anos\\\/#webpage\",\"url\":\"https:\\\/\\\/www.eldigitaldeasturias.com\\\/noticias\\\/la-princesa-masako-cumple-50-anos\\\/\",\"name\":\"La princesa Masako cumple 50 a\\u00f1os. - El Digital de Asturias\",\"description\":\"Tokio, 9 dic (EFE).- La esposa del heredero al trono de Jap\\u00f3n, la princesa Masako, explic\\u00f3 en un comunicado publicado hoy con motivo de su 50 cumplea\\u00f1os que seguir\\u00e1 esforz\\u00e1ndose por superar la depresi\\u00f3n que sufre desde hace una d\\u00e9cada hasta lograr su \\\"recuperaci\\u00f3n total\\\". \\\"He tratado de cumplir con mis deberes p\\u00fablicos y privados\",\"inLanguage\":\"es-ES\",\"isPartOf\":{\"@id\":\"https:\\\/\\\/www.eldigitaldeasturias.com\\\/noticias\\\/#website\"},\"breadcrumb\":{\"@id\":\"https:\\\/\\\/www.eldigitaldeasturias.com\\\/noticias\\\/la-princesa-masako-cumple-50-anos\\\/#breadcrumblist\"},\"author\":{\"@id\":\"https:\\\/\\\/www.eldigitaldeasturias.com\\\/noticias\\\/author\\\/admin\\\/#author\"},\"creator\":{\"@id\":\"https:\\\/\\\/www.eldigitaldeasturias.com\\\/noticias\\\/author\\\/admin\\\/#author\"},\"image\":{\"@type\":\"ImageObject\",\"url\":459731,\"@id\":\"https:\\\/\\\/www.eldigitaldeasturias.com\\\/noticias\\\/la-princesa-masako-cumple-50-anos\\\/#mainImage\"},\"primaryImageOfPage\":{\"@id\":\"https:\\\/\\\/www.eldigitaldeasturias.com\\\/noticias\\\/la-princesa-masako-cumple-50-anos\\\/#mainImage\"},\"datePublished\":\"2013-12-09T18:20:33+01:00\",\"dateModified\":\"2013-12-09T18:20:33+01:00\"},{\"@type\":\"WebSite\",\"@id\":\"https:\\\/\\\/www.eldigitaldeasturias.com\\\/noticias\\\/#website\",\"url\":\"https:\\\/\\\/www.eldigitaldeasturias.com\\\/noticias\\\/\",\"name\":\"El Digital de Asturias - Diario de actualidad y noticias\",\"alternateName\":\"El Digital de Asturias - Diario de actualidad y noticias\",\"description\":\"Hemeroteca\",\"inLanguage\":\"es-ES\",\"publisher\":{\"@id\":\"https:\\\/\\\/www.eldigitaldeasturias.com\\\/noticias\\\/#organization\"}}]}\n\t\t<\/script>\n\t\t<!-- All in One SEO Pro -->\r\n\t\t<title>La princesa Masako cumple 50 a\u00f1os. - El Digital de Asturias<\/title>\n\n","aioseo_head_json":{"title":"La princesa Masako cumple 50 a\u00f1os. - El Digital de Asturias","description":"Tokio, 9 dic (EFE).- La esposa del heredero al trono de Jap\u00f3n, la princesa Masako, explic\u00f3 en un comunicado publicado hoy con motivo de su 50 cumplea\u00f1os que seguir\u00e1 esforz\u00e1ndose por superar la depresi\u00f3n que sufre desde hace una d\u00e9cada hasta lograr su \"recuperaci\u00f3n total\". \"He tratado de cumplir con mis deberes p\u00fablicos y privados","canonical_url":"https:\/\/www.eldigitaldeasturias.com\/noticias\/la-princesa-masako-cumple-50-anos\/","robots":"max-image-preview:large","keywords":"sociedad","webmasterTools":{"google-site-verification":"UA-38556648-1","msvalidate.01":"7dfe9f3f1b24437ab69f4f2559babe99","miscellaneous":""},"schema":{"@context":"https:\/\/schema.org","@graph":[{"@type":"BlogPosting","@id":"https:\/\/www.eldigitaldeasturias.com\/noticias\/la-princesa-masako-cumple-50-anos\/#blogposting","name":"La princesa Masako cumple 50 a\u00f1os. - El Digital de Asturias","headline":"La princesa Masako cumple 50 a\u00f1os.","author":{"@id":"https:\/\/www.eldigitaldeasturias.com\/noticias\/author\/admin\/#author"},"publisher":{"@id":"https:\/\/www.eldigitaldeasturias.com\/noticias\/#organization"},"image":{"@type":"ImageObject","url":459731},"datePublished":"2013-12-09T18:20:33+01:00","dateModified":"2013-12-09T18:20:33+01:00","inLanguage":"es-ES","mainEntityOfPage":{"@id":"https:\/\/www.eldigitaldeasturias.com\/noticias\/la-princesa-masako-cumple-50-anos\/#webpage"},"isPartOf":{"@id":"https:\/\/www.eldigitaldeasturias.com\/noticias\/la-princesa-masako-cumple-50-anos\/#webpage"},"articleSection":"Sociedad"},{"@type":"BreadcrumbList","@id":"https:\/\/www.eldigitaldeasturias.com\/noticias\/la-princesa-masako-cumple-50-anos\/#breadcrumblist","itemListElement":[{"@type":"ListItem","@id":"https:\/\/www.eldigitaldeasturias.com\/noticias#listItem","position":1,"name":"Home","item":"https:\/\/www.eldigitaldeasturias.com\/noticias","nextItem":{"@type":"ListItem","@id":"https:\/\/www.eldigitaldeasturias.com\/noticias\/category\/sociedad\/#listItem","name":"Sociedad"}},{"@type":"ListItem","@id":"https:\/\/www.eldigitaldeasturias.com\/noticias\/category\/sociedad\/#listItem","position":2,"name":"Sociedad","item":"https:\/\/www.eldigitaldeasturias.com\/noticias\/category\/sociedad\/","nextItem":{"@type":"ListItem","@id":"https:\/\/www.eldigitaldeasturias.com\/noticias\/la-princesa-masako-cumple-50-anos\/#listItem","name":"La princesa Masako cumple 50 a\u00f1os."},"previousItem":{"@type":"ListItem","@id":"https:\/\/www.eldigitaldeasturias.com\/noticias#listItem","name":"Home"}},{"@type":"ListItem","@id":"https:\/\/www.eldigitaldeasturias.com\/noticias\/la-princesa-masako-cumple-50-anos\/#listItem","position":3,"name":"La princesa Masako cumple 50 a\u00f1os.","previousItem":{"@type":"ListItem","@id":"https:\/\/www.eldigitaldeasturias.com\/noticias\/category\/sociedad\/#listItem","name":"Sociedad"}}]},{"@type":"Organization","@id":"https:\/\/www.eldigitaldeasturias.com\/noticias\/#organization","name":"El Digital de Asturias","description":"Hemeroteca","url":"https:\/\/www.eldigitaldeasturias.com\/noticias\/","email":"info@eldigitaldeasturias.com","telephone":"+34652131393","logo":{"@type":"ImageObject","url":"https:\/\/www.eldigitaldeasturias.com\/noticias\/wp-content\/uploads\/2020\/12\/EDA.jpg","@id":"https:\/\/www.eldigitaldeasturias.com\/noticias\/la-princesa-masako-cumple-50-anos\/#organizationLogo"},"image":{"@id":"https:\/\/www.eldigitaldeasturias.com\/noticias\/la-princesa-masako-cumple-50-anos\/#organizationLogo"},"sameAs":["https:\/\/facebook.com\/eldigitaldeasturias","https:\/\/www.youtube.com\/channel\/UCZP-2wLEB9Rv6erhFmqVnvg"],"address":{"@id":"https:\/\/www.eldigitaldeasturias.com\/noticias\/#postaladdress","@type":"PostalAddress","streetAddress":"san antonio 4","postalCode":"33430","addressLocality":"Cand\u00e1s","addressRegion":"Asturias","addressCountry":"ES"}},{"@type":"Person","@id":"https:\/\/www.eldigitaldeasturias.com\/noticias\/author\/admin\/#author","url":"https:\/\/www.eldigitaldeasturias.com\/noticias\/author\/admin\/","name":"El Digital de Asturias","image":{"@type":"ImageObject","@id":"https:\/\/www.eldigitaldeasturias.com\/noticias\/la-princesa-masako-cumple-50-anos\/#authorImage","url":"https:\/\/secure.gravatar.com\/avatar\/df2aeffc32bcd13f8d26072ef8a91b623d677766deac7f97ca815868cd41bf5e?s=96&d=mm&r=g","width":96,"height":96,"caption":"El Digital de Asturias"}},{"@type":"WebPage","@id":"https:\/\/www.eldigitaldeasturias.com\/noticias\/la-princesa-masako-cumple-50-anos\/#webpage","url":"https:\/\/www.eldigitaldeasturias.com\/noticias\/la-princesa-masako-cumple-50-anos\/","name":"La princesa Masako cumple 50 a\u00f1os. - El Digital de Asturias","description":"Tokio, 9 dic (EFE).- La esposa del heredero al trono de Jap\u00f3n, la princesa Masako, explic\u00f3 en un comunicado publicado hoy con motivo de su 50 cumplea\u00f1os que seguir\u00e1 esforz\u00e1ndose por superar la depresi\u00f3n que sufre desde hace una d\u00e9cada hasta lograr su \"recuperaci\u00f3n total\". \"He tratado de cumplir con mis deberes p\u00fablicos y privados","inLanguage":"es-ES","isPartOf":{"@id":"https:\/\/www.eldigitaldeasturias.com\/noticias\/#website"},"breadcrumb":{"@id":"https:\/\/www.eldigitaldeasturias.com\/noticias\/la-princesa-masako-cumple-50-anos\/#breadcrumblist"},"author":{"@id":"https:\/\/www.eldigitaldeasturias.com\/noticias\/author\/admin\/#author"},"creator":{"@id":"https:\/\/www.eldigitaldeasturias.com\/noticias\/author\/admin\/#author"},"image":{"@type":"ImageObject","url":459731,"@id":"https:\/\/www.eldigitaldeasturias.com\/noticias\/la-princesa-masako-cumple-50-anos\/#mainImage"},"primaryImageOfPage":{"@id":"https:\/\/www.eldigitaldeasturias.com\/noticias\/la-princesa-masako-cumple-50-anos\/#mainImage"},"datePublished":"2013-12-09T18:20:33+01:00","dateModified":"2013-12-09T18:20:33+01:00"},{"@type":"WebSite","@id":"https:\/\/www.eldigitaldeasturias.com\/noticias\/#website","url":"https:\/\/www.eldigitaldeasturias.com\/noticias\/","name":"El Digital de Asturias - Diario de actualidad y noticias","alternateName":"El Digital de Asturias - Diario de actualidad y noticias","description":"Hemeroteca","inLanguage":"es-ES","publisher":{"@id":"https:\/\/www.eldigitaldeasturias.com\/noticias\/#organization"}}]},"og:locale":"es_ES","og:site_name":"El Digital de Asturias","og:type":"article","og:title":"La princesa Masako cumple 50 a\u00f1os. - El Digital de Asturias","og:description":"Tokio, 9 dic (EFE).- La esposa del heredero al trono de Jap\u00f3n, la princesa Masako, explic\u00f3 en un comunicado publicado hoy con motivo de su 50 cumplea\u00f1os que seguir\u00e1 esforz\u00e1ndose por superar la depresi\u00f3n que sufre desde hace una d\u00e9cada hasta lograr su &quot;recuperaci\u00f3n total&quot;. &quot;He tratado de cumplir con mis deberes p\u00fablicos y privados","og:url":"https:\/\/www.eldigitaldeasturias.com\/noticias\/la-princesa-masako-cumple-50-anos\/","article:tag":["sociedad"],"article:published_time":"2013-12-09T19:20:33+00:00","article:modified_time":"2013-12-09T19:20:33+00:00","article:publisher":"https:\/\/facebook.com\/eldigitaldeasturias","twitter:card":"summary_large_image","twitter:title":"La princesa Masako cumple 50 a\u00f1os. - El Digital de Asturias","twitter:description":"Tokio, 9 dic (EFE).- La esposa del heredero al trono de Jap\u00f3n, la princesa Masako, explic\u00f3 en un comunicado publicado hoy con motivo de su 50 cumplea\u00f1os que seguir\u00e1 esforz\u00e1ndose por superar la depresi\u00f3n que sufre desde hace una d\u00e9cada hasta lograr su &quot;recuperaci\u00f3n total&quot;. &quot;He tratado de cumplir con mis deberes p\u00fablicos y privados","twitter:label1":"Escrito por","twitter:data1":"El Digital de Asturias","twitter:label2":"Tiempo de lectura estimado","twitter:data2":"2 minutos"},"aioseo_meta_data":{"post_id":"459730","title":null,"description":null,"keywords":null,"keyphrases":null,"primary_term":null,"canonical_url":null,"og_title":null,"og_description":null,"og_object_type":"default","og_image_type":"default","og_image_url":null,"og_image_width":null,"og_image_height":null,"og_image_custom_url":null,"og_image_custom_fields":null,"og_video":null,"og_custom_url":null,"og_article_section":null,"og_article_tags":null,"twitter_use_og":true,"twitter_card":"default","twitter_image_type":"default","twitter_image_url":null,"twitter_image_custom_url":null,"twitter_image_custom_fields":null,"twitter_title":null,"twitter_description":null,"schema":{"blockGraphs":[],"customGraphs":[],"default":{"data":{"Article":[],"Course":[],"Dataset":[],"FAQPage":[],"Movie":[],"Person":[],"Product":[],"ProductReview":[],"Car":[],"Recipe":[],"Service":[],"SoftwareApplication":[],"WebPage":[]},"graphName":"","isEnabled":true},"graphs":[],"defaultGraph":"","defaultPostTypeGraph":""},"schema_type":null,"schema_type_options":null,"pillar_content":false,"robots_default":true,"robots_noindex":false,"robots_noarchive":false,"robots_nosnippet":false,"robots_nofollow":false,"robots_noimageindex":false,"robots_noodp":false,"robots_notranslate":false,"robots_max_snippet":null,"robots_max_videopreview":null,"robots_max_imagepreview":"none","priority":null,"frequency":null,"local_seo":null,"seo_analyzer_scan_date":"2026-05-30 10:26:03","breadcrumb_settings":null,"limit_modified_date":false,"open_ai":null,"ai":null,"created":"2020-11-14 22:47:39","updated":"2026-05-30 10:26:03","focus_keyword":null,"additional_keywords":null,"truseo_locale":null},"aioseo_breadcrumb":"<div class=\"aioseo-breadcrumbs\"><span class=\"aioseo-breadcrumb\">\n\t<a href=\"https:\/\/www.eldigitaldeasturias.com\/noticias\" title=\"Home\">Home<\/a>\n<\/span><span class=\"aioseo-breadcrumb-separator\">\u2013<\/span><span class=\"aioseo-breadcrumb\">\n\t<a href=\"https:\/\/www.eldigitaldeasturias.com\/noticias\/category\/sociedad\/\" title=\"Sociedad\">Sociedad<\/a>\n<\/span><span class=\"aioseo-breadcrumb-separator\">\u2013<\/span><span class=\"aioseo-breadcrumb\">\n\t<a href=\"https:\/\/www.eldigitaldeasturias.com\/noticias\/la-princesa-masako-cumple-50-anos\/\" title=\"La princesa Masako cumple 50 a\u00f1os.\">La princesa Masako cumple 50 a\u00f1os.<\/a>\n<\/span><\/div>","aioseo_breadcrumb_json":[{"label":"Home","link":"https:\/\/www.eldigitaldeasturias.com\/noticias"},{"label":"Sociedad","link":"https:\/\/www.eldigitaldeasturias.com\/noticias\/category\/sociedad\/"},{"label":"La princesa Masako cumple 50 a\u00f1os.","link":"https:\/\/www.eldigitaldeasturias.com\/noticias\/la-princesa-masako-cumple-50-anos\/"}],"_links":{"self":[{"href":"https:\/\/www.eldigitaldeasturias.com\/noticias\/wp-json\/wp\/v2\/posts\/459730","targetHints":{"allow":["GET"]}}],"collection":[{"href":"https:\/\/www.eldigitaldeasturias.com\/noticias\/wp-json\/wp\/v2\/posts"}],"about":[{"href":"https:\/\/www.eldigitaldeasturias.com\/noticias\/wp-json\/wp\/v2\/types\/post"}],"author":[{"embeddable":true,"href":"https:\/\/www.eldigitaldeasturias.com\/noticias\/wp-json\/wp\/v2\/users\/1"}],"replies":[{"embeddable":true,"href":"https:\/\/www.eldigitaldeasturias.com\/noticias\/wp-json\/wp\/v2\/comments?post=459730"}],"version-history":[{"count":0,"href":"https:\/\/www.eldigitaldeasturias.com\/noticias\/wp-json\/wp\/v2\/posts\/459730\/revisions"}],"wp:attachment":[{"href":"https:\/\/www.eldigitaldeasturias.com\/noticias\/wp-json\/wp\/v2\/media?parent=459730"}],"wp:term":[{"taxonomy":"category","embeddable":true,"href":"https:\/\/www.eldigitaldeasturias.com\/noticias\/wp-json\/wp\/v2\/categories?post=459730"},{"taxonomy":"post_tag","embeddable":true,"href":"https:\/\/www.eldigitaldeasturias.com\/noticias\/wp-json\/wp\/v2\/tags?post=459730"}],"curies":[{"name":"wp","href":"https:\/\/api.w.org\/{rel}","templated":true}]}}