{"id":459720,"date":"2013-12-09T12:19:49","date_gmt":"2013-12-09T13:19:49","guid":{"rendered":"http:\/\/www.eldigitaldeasturias.com\/noticias\/?p=459720"},"modified":"2013-12-09T12:19:49","modified_gmt":"2013-12-09T13:19:49","slug":"asturias-ha-perdido-77-autonomos-industriales-hasta-noviembre","status":"publish","type":"post","link":"https:\/\/www.eldigitaldeasturias.com\/noticias\/asturias-ha-perdido-77-autonomos-industriales-hasta-noviembre\/","title":{"rendered":"Asturias ha perdido 77 aut\u00f3nomos industriales hasta noviembre"},"content":{"rendered":"<p><img loading=\"lazy\" decoding=\"async\" class=\"alignleft size-medium wp-image-4208\" alt=\"industrial\" src=\"https:\/\/www.eldigitaldeasturias.com\/noticias\/wp-content\/uploads\/2013\/09\/industrial-360x239.jpg\" width=\"360\" height=\"239\" \/>Oviedo, 9 dic (EFE).- La industria asturiana ha perdido 77 aut\u00f3nomos en los 11 primeros meses del a\u00f1o, lo que supone un descenso del 2 por ciento y deja la cifra total de este colectivo en los 3.802 al finalizar el mes de noviembre.<\/p>\n<p>Seg\u00fan las cifras que baraja la Asociaci\u00f3n Profesional del Trabajo Aut\u00f3nomo de Asturias, en t\u00e9rminos interanuales la bajada de industriales aut\u00f3nomos se eleva hasta el 2,4 por ciento, con la p\u00e9rdida de 93 empresas.<\/p>\n<p>Se trata de la mayor tasa interanual de ca\u00edda de actividades industriales de aut\u00f3nomos de Espa\u00f1a, junto con Madrid (2,3 %), Pa\u00eds Vasco (2,3%) y Catalu\u00f1a (2,2%) y superior a la media de Espa\u00f1a que es de 1,75 por ciento.<\/p>\n<p>Esta p\u00e9rdida de actividades industriales es coherente con la evoluci\u00f3n de la producci\u00f3n industrial, que acumula una p\u00e9rdida media desde principios de a\u00f1o a octubre del 3,8 %, seg\u00fan esta organizaci\u00f3n que considera \u00abmuy negativa\u00bb la perdida de actividad en un sector que deber\u00eda ser clave para la econom\u00eda asturiana.<\/p>\n","protected":false},"excerpt":{"rendered":"<p>Oviedo, 9 dic (EFE).- La industria asturiana ha perdido 77 aut\u00f3nomos en los 11 primeros meses del a\u00f1o, lo que supone un descenso del 2 por ciento y deja la cifra total de este colectivo en los 3.802 al finalizar el mes de noviembre. Seg\u00fan las cifras que baraja la Asociaci\u00f3n Profesional del Trabajo Aut\u00f3nomo [&hellip;]<\/p>\n","protected":false},"author":1,"featured_media":1132184,"comment_status":"closed","ping_status":"open","sticky":false,"template":"","format":"standard","meta":{"footnotes":""},"categories":[12],"tags":[],"class_list":["post-459720","post","type-post","status-publish","format-standard","has-post-thumbnail","hentry","category-actualidad-asturias"],"aioseo_notices":[],"aioseo_head":"\n\t\t<!-- All in One SEO Pro 5.0.1 - aioseo.com -->\n\t<meta name=\"description\" content=\"Oviedo, 9 dic (EFE).- La industria asturiana ha perdido 77 aut\u00f3nomos en los 11 primeros meses del a\u00f1o, lo que supone un descenso del 2 por ciento y deja la cifra total de este colectivo en los 3.802 al finalizar el mes de noviembre. Seg\u00fan las cifras que baraja la Asociaci\u00f3n Profesional del Trabajo Aut\u00f3nomo\" \/>\n\t<meta name=\"robots\" content=\"max-image-preview:large\" \/>\n\t<meta name=\"author\" content=\"El Digital de Asturias\"\/>\n\t<meta name=\"google-site-verification\" content=\"UA-38556648-1\" \/>\n\t<meta name=\"msvalidate.01\" content=\"7dfe9f3f1b24437ab69f4f2559babe99\" \/>\n\t<meta name=\"keywords\" content=\"actualidad asturias\" \/>\n\t<link rel=\"canonical\" href=\"https:\/\/www.eldigitaldeasturias.com\/noticias\/asturias-ha-perdido-77-autonomos-industriales-hasta-noviembre\/\" \/>\n\t<meta name=\"generator\" content=\"All in One SEO Pro (AIOSEO) 5.0.1\" \/>\n\t\t<meta property=\"og:locale\" content=\"es_ES\" \/>\n\t\t<meta property=\"og:site_name\" content=\"El Digital de Asturias\" \/>\n\t\t<meta property=\"og:type\" content=\"article\" \/>\n\t\t<meta property=\"og:title\" content=\"Asturias ha perdido 77 aut\u00f3nomos industriales hasta noviembre - El Digital de Asturias\" \/>\n\t\t<meta property=\"og:description\" content=\"Oviedo, 9 dic (EFE).- La industria asturiana ha perdido 77 aut\u00f3nomos en los 11 primeros meses del a\u00f1o, lo que supone un descenso del 2 por ciento y deja la cifra total de este colectivo en los 3.802 al finalizar el mes de noviembre. Seg\u00fan las cifras que baraja la Asociaci\u00f3n Profesional del Trabajo Aut\u00f3nomo\" \/>\n\t\t<meta property=\"og:url\" content=\"https:\/\/www.eldigitaldeasturias.com\/noticias\/asturias-ha-perdido-77-autonomos-industriales-hasta-noviembre\/\" \/>\n\t\t<meta property=\"og:image\" content=\"https:\/\/www.eldigitaldeasturias.com\/noticias\/wp-content\/uploads\/2026\/06\/Contenidos.jpg\" \/>\n\t\t<meta property=\"og:image:secure_url\" content=\"https:\/\/www.eldigitaldeasturias.com\/noticias\/wp-content\/uploads\/2026\/06\/Contenidos.jpg\" \/>\n\t\t<meta property=\"og:image:width\" content=\"1265\" \/>\n\t\t<meta property=\"og:image:height\" content=\"697\" \/>\n\t\t<meta property=\"article:tag\" content=\"actualidad asturias\" \/>\n\t\t<meta property=\"article:published_time\" content=\"2013-12-09T13:19:49+00:00\" \/>\n\t\t<meta property=\"article:modified_time\" content=\"2013-12-09T13:19:49+00:00\" \/>\n\t\t<meta property=\"article:publisher\" content=\"https:\/\/facebook.com\/eldigitaldeasturias\" \/>\n\t\t<meta name=\"twitter:card\" content=\"summary_large_image\" \/>\n\t\t<meta name=\"twitter:title\" content=\"Asturias ha perdido 77 aut\u00f3nomos industriales hasta noviembre - El Digital de Asturias\" \/>\n\t\t<meta name=\"twitter:description\" content=\"Oviedo, 9 dic (EFE).- La industria asturiana ha perdido 77 aut\u00f3nomos en los 11 primeros meses del a\u00f1o, lo que supone un descenso del 2 por ciento y deja la cifra total de este colectivo en los 3.802 al finalizar el mes de noviembre. Seg\u00fan las cifras que baraja la Asociaci\u00f3n Profesional del Trabajo Aut\u00f3nomo\" \/>\n\t\t<meta name=\"twitter:image\" content=\"https:\/\/www.eldigitaldeasturias.com\/noticias\/wp-content\/uploads\/2026\/06\/Contenidos.jpg\" \/>\n\t\t<meta name=\"twitter:label1\" content=\"Escrito por\" \/>\n\t\t<meta name=\"twitter:data1\" content=\"El Digital de Asturias\" \/>\n\t\t<meta name=\"twitter:label2\" content=\"Tiempo de lectura estimado\" \/>\n\t\t<meta name=\"twitter:data2\" content=\"1 minuto\" \/>\n\t\t<script type=\"application\/ld+json\" class=\"aioseo-schema\">\n\t\t\t{\"@context\":\"https:\\\/\\\/schema.org\",\"@graph\":[{\"@type\":\"BlogPosting\",\"@id\":\"https:\\\/\\\/www.eldigitaldeasturias.com\\\/noticias\\\/asturias-ha-perdido-77-autonomos-industriales-hasta-noviembre\\\/#blogposting\",\"name\":\"Asturias ha perdido 77 aut\\u00f3nomos industriales hasta noviembre - El Digital de Asturias\",\"headline\":\"Asturias ha perdido 77 aut\\u00f3nomos industriales hasta noviembre\",\"author\":{\"@id\":\"https:\\\/\\\/www.eldigitaldeasturias.com\\\/noticias\\\/author\\\/admin\\\/#author\"},\"publisher\":{\"@id\":\"https:\\\/\\\/www.eldigitaldeasturias.com\\\/noticias\\\/#organization\"},\"image\":{\"@type\":\"ImageObject\",\"url\":\"https:\\\/\\\/www.eldigitaldeasturias.com\\\/noticias\\\/wp-content\\\/uploads\\\/2026\\\/06\\\/Contenidos.jpg\",\"width\":1265,\"height\":697,\"caption\":\"Contenidos\"},\"datePublished\":\"2013-12-09T12:19:49+01:00\",\"dateModified\":\"2013-12-09T12:19:49+01:00\",\"inLanguage\":\"es-ES\",\"mainEntityOfPage\":{\"@id\":\"https:\\\/\\\/www.eldigitaldeasturias.com\\\/noticias\\\/asturias-ha-perdido-77-autonomos-industriales-hasta-noviembre\\\/#webpage\"},\"isPartOf\":{\"@id\":\"https:\\\/\\\/www.eldigitaldeasturias.com\\\/noticias\\\/asturias-ha-perdido-77-autonomos-industriales-hasta-noviembre\\\/#webpage\"},\"articleSection\":\"Actualidad Asturias\"},{\"@type\":\"BreadcrumbList\",\"@id\":\"https:\\\/\\\/www.eldigitaldeasturias.com\\\/noticias\\\/asturias-ha-perdido-77-autonomos-industriales-hasta-noviembre\\\/#breadcrumblist\",\"itemListElement\":[{\"@type\":\"ListItem\",\"@id\":\"https:\\\/\\\/www.eldigitaldeasturias.com\\\/noticias#listItem\",\"position\":1,\"name\":\"Home\",\"item\":\"https:\\\/\\\/www.eldigitaldeasturias.com\\\/noticias\",\"nextItem\":{\"@type\":\"ListItem\",\"@id\":\"https:\\\/\\\/www.eldigitaldeasturias.com\\\/noticias\\\/category\\\/actualidad-asturias\\\/#listItem\",\"name\":\"Actualidad Asturias\"}},{\"@type\":\"ListItem\",\"@id\":\"https:\\\/\\\/www.eldigitaldeasturias.com\\\/noticias\\\/category\\\/actualidad-asturias\\\/#listItem\",\"position\":2,\"name\":\"Actualidad Asturias\",\"item\":\"https:\\\/\\\/www.eldigitaldeasturias.com\\\/noticias\\\/category\\\/actualidad-asturias\\\/\",\"nextItem\":{\"@type\":\"ListItem\",\"@id\":\"https:\\\/\\\/www.eldigitaldeasturias.com\\\/noticias\\\/asturias-ha-perdido-77-autonomos-industriales-hasta-noviembre\\\/#listItem\",\"name\":\"Asturias ha perdido 77 aut\\u00f3nomos industriales hasta noviembre\"},\"previousItem\":{\"@type\":\"ListItem\",\"@id\":\"https:\\\/\\\/www.eldigitaldeasturias.com\\\/noticias#listItem\",\"name\":\"Home\"}},{\"@type\":\"ListItem\",\"@id\":\"https:\\\/\\\/www.eldigitaldeasturias.com\\\/noticias\\\/asturias-ha-perdido-77-autonomos-industriales-hasta-noviembre\\\/#listItem\",\"position\":3,\"name\":\"Asturias ha perdido 77 aut\\u00f3nomos industriales hasta noviembre\",\"previousItem\":{\"@type\":\"ListItem\",\"@id\":\"https:\\\/\\\/www.eldigitaldeasturias.com\\\/noticias\\\/category\\\/actualidad-asturias\\\/#listItem\",\"name\":\"Actualidad Asturias\"}}]},{\"@type\":\"Organization\",\"@id\":\"https:\\\/\\\/www.eldigitaldeasturias.com\\\/noticias\\\/#organization\",\"name\":\"El Digital de Asturias\",\"description\":\"Hemeroteca\",\"url\":\"https:\\\/\\\/www.eldigitaldeasturias.com\\\/noticias\\\/\",\"email\":\"info@eldigitaldeasturias.com\",\"telephone\":\"+34652131393\",\"logo\":{\"@type\":\"ImageObject\",\"url\":\"https:\\\/\\\/www.eldigitaldeasturias.com\\\/noticias\\\/wp-content\\\/uploads\\\/2020\\\/12\\\/EDA.jpg\",\"@id\":\"https:\\\/\\\/www.eldigitaldeasturias.com\\\/noticias\\\/asturias-ha-perdido-77-autonomos-industriales-hasta-noviembre\\\/#organizationLogo\"},\"image\":{\"@id\":\"https:\\\/\\\/www.eldigitaldeasturias.com\\\/noticias\\\/asturias-ha-perdido-77-autonomos-industriales-hasta-noviembre\\\/#organizationLogo\"},\"sameAs\":[\"https:\\\/\\\/facebook.com\\\/eldigitaldeasturias\",\"https:\\\/\\\/www.youtube.com\\\/channel\\\/UCZP-2wLEB9Rv6erhFmqVnvg\"],\"address\":{\"@id\":\"https:\\\/\\\/www.eldigitaldeasturias.com\\\/noticias\\\/#postaladdress\",\"@type\":\"PostalAddress\",\"streetAddress\":\"san antonio 4\",\"postalCode\":\"33430\",\"addressLocality\":\"Cand\\u00e1s\",\"addressRegion\":\"Asturias\",\"addressCountry\":\"ES\"}},{\"@type\":\"Person\",\"@id\":\"https:\\\/\\\/www.eldigitaldeasturias.com\\\/noticias\\\/author\\\/admin\\\/#author\",\"url\":\"https:\\\/\\\/www.eldigitaldeasturias.com\\\/noticias\\\/author\\\/admin\\\/\",\"name\":\"El Digital de Asturias\",\"image\":{\"@type\":\"ImageObject\",\"@id\":\"https:\\\/\\\/www.eldigitaldeasturias.com\\\/noticias\\\/asturias-ha-perdido-77-autonomos-industriales-hasta-noviembre\\\/#authorImage\",\"url\":\"https:\\\/\\\/secure.gravatar.com\\\/avatar\\\/df2aeffc32bcd13f8d26072ef8a91b623d677766deac7f97ca815868cd41bf5e?s=96&d=mm&r=g\",\"width\":96,\"height\":96,\"caption\":\"El Digital de Asturias\"}},{\"@type\":\"WebPage\",\"@id\":\"https:\\\/\\\/www.eldigitaldeasturias.com\\\/noticias\\\/asturias-ha-perdido-77-autonomos-industriales-hasta-noviembre\\\/#webpage\",\"url\":\"https:\\\/\\\/www.eldigitaldeasturias.com\\\/noticias\\\/asturias-ha-perdido-77-autonomos-industriales-hasta-noviembre\\\/\",\"name\":\"Asturias ha perdido 77 aut\\u00f3nomos industriales hasta noviembre - El Digital de Asturias\",\"description\":\"Oviedo, 9 dic (EFE).- La industria asturiana ha perdido 77 aut\\u00f3nomos en los 11 primeros meses del a\\u00f1o, lo que supone un descenso del 2 por ciento y deja la cifra total de este colectivo en los 3.802 al finalizar el mes de noviembre. Seg\\u00fan las cifras que baraja la Asociaci\\u00f3n Profesional del Trabajo Aut\\u00f3nomo\",\"inLanguage\":\"es-ES\",\"isPartOf\":{\"@id\":\"https:\\\/\\\/www.eldigitaldeasturias.com\\\/noticias\\\/#website\"},\"breadcrumb\":{\"@id\":\"https:\\\/\\\/www.eldigitaldeasturias.com\\\/noticias\\\/asturias-ha-perdido-77-autonomos-industriales-hasta-noviembre\\\/#breadcrumblist\"},\"author\":{\"@id\":\"https:\\\/\\\/www.eldigitaldeasturias.com\\\/noticias\\\/author\\\/admin\\\/#author\"},\"creator\":{\"@id\":\"https:\\\/\\\/www.eldigitaldeasturias.com\\\/noticias\\\/author\\\/admin\\\/#author\"},\"image\":{\"@type\":\"ImageObject\",\"url\":\"https:\\\/\\\/www.eldigitaldeasturias.com\\\/noticias\\\/wp-content\\\/uploads\\\/2026\\\/06\\\/Contenidos.jpg\",\"@id\":\"https:\\\/\\\/www.eldigitaldeasturias.com\\\/noticias\\\/asturias-ha-perdido-77-autonomos-industriales-hasta-noviembre\\\/#mainImage\",\"width\":1265,\"height\":697,\"caption\":\"Contenidos\"},\"primaryImageOfPage\":{\"@id\":\"https:\\\/\\\/www.eldigitaldeasturias.com\\\/noticias\\\/asturias-ha-perdido-77-autonomos-industriales-hasta-noviembre\\\/#mainImage\"},\"datePublished\":\"2013-12-09T12:19:49+01:00\",\"dateModified\":\"2013-12-09T12:19:49+01:00\"},{\"@type\":\"WebSite\",\"@id\":\"https:\\\/\\\/www.eldigitaldeasturias.com\\\/noticias\\\/#website\",\"url\":\"https:\\\/\\\/www.eldigitaldeasturias.com\\\/noticias\\\/\",\"name\":\"El Digital de Asturias - Diario de actualidad y noticias\",\"alternateName\":\"El Digital de Asturias - Diario de actualidad y noticias\",\"description\":\"Hemeroteca\",\"inLanguage\":\"es-ES\",\"publisher\":{\"@id\":\"https:\\\/\\\/www.eldigitaldeasturias.com\\\/noticias\\\/#organization\"}}]}\n\t\t<\/script>\n\t\t<!-- All in One SEO Pro -->\r\n\t\t<title>Asturias ha perdido 77 aut\u00f3nomos industriales hasta noviembre - El Digital de Asturias<\/title>\n\n","aioseo_head_json":{"title":"Asturias ha perdido 77 aut\u00f3nomos industriales hasta noviembre - El Digital de Asturias","description":"Oviedo, 9 dic (EFE).- La industria asturiana ha perdido 77 aut\u00f3nomos en los 11 primeros meses del a\u00f1o, lo que supone un descenso del 2 por ciento y deja la cifra total de este colectivo en los 3.802 al finalizar el mes de noviembre. Seg\u00fan las cifras que baraja la Asociaci\u00f3n Profesional del Trabajo Aut\u00f3nomo","canonical_url":"https:\/\/www.eldigitaldeasturias.com\/noticias\/asturias-ha-perdido-77-autonomos-industriales-hasta-noviembre\/","robots":"max-image-preview:large","keywords":"actualidad asturias","webmasterTools":{"google-site-verification":"UA-38556648-1","msvalidate.01":"7dfe9f3f1b24437ab69f4f2559babe99","miscellaneous":""},"schema":{"@context":"https:\/\/schema.org","@graph":[{"@type":"BlogPosting","@id":"https:\/\/www.eldigitaldeasturias.com\/noticias\/asturias-ha-perdido-77-autonomos-industriales-hasta-noviembre\/#blogposting","name":"Asturias ha perdido 77 aut\u00f3nomos industriales hasta noviembre - El Digital de Asturias","headline":"Asturias ha perdido 77 aut\u00f3nomos industriales hasta noviembre","author":{"@id":"https:\/\/www.eldigitaldeasturias.com\/noticias\/author\/admin\/#author"},"publisher":{"@id":"https:\/\/www.eldigitaldeasturias.com\/noticias\/#organization"},"image":{"@type":"ImageObject","url":"https:\/\/www.eldigitaldeasturias.com\/noticias\/wp-content\/uploads\/2026\/06\/Contenidos.jpg","width":1265,"height":697,"caption":"Contenidos"},"datePublished":"2013-12-09T12:19:49+01:00","dateModified":"2013-12-09T12:19:49+01:00","inLanguage":"es-ES","mainEntityOfPage":{"@id":"https:\/\/www.eldigitaldeasturias.com\/noticias\/asturias-ha-perdido-77-autonomos-industriales-hasta-noviembre\/#webpage"},"isPartOf":{"@id":"https:\/\/www.eldigitaldeasturias.com\/noticias\/asturias-ha-perdido-77-autonomos-industriales-hasta-noviembre\/#webpage"},"articleSection":"Actualidad Asturias"},{"@type":"BreadcrumbList","@id":"https:\/\/www.eldigitaldeasturias.com\/noticias\/asturias-ha-perdido-77-autonomos-industriales-hasta-noviembre\/#breadcrumblist","itemListElement":[{"@type":"ListItem","@id":"https:\/\/www.eldigitaldeasturias.com\/noticias#listItem","position":1,"name":"Home","item":"https:\/\/www.eldigitaldeasturias.com\/noticias","nextItem":{"@type":"ListItem","@id":"https:\/\/www.eldigitaldeasturias.com\/noticias\/category\/actualidad-asturias\/#listItem","name":"Actualidad Asturias"}},{"@type":"ListItem","@id":"https:\/\/www.eldigitaldeasturias.com\/noticias\/category\/actualidad-asturias\/#listItem","position":2,"name":"Actualidad Asturias","item":"https:\/\/www.eldigitaldeasturias.com\/noticias\/category\/actualidad-asturias\/","nextItem":{"@type":"ListItem","@id":"https:\/\/www.eldigitaldeasturias.com\/noticias\/asturias-ha-perdido-77-autonomos-industriales-hasta-noviembre\/#listItem","name":"Asturias ha perdido 77 aut\u00f3nomos industriales hasta noviembre"},"previousItem":{"@type":"ListItem","@id":"https:\/\/www.eldigitaldeasturias.com\/noticias#listItem","name":"Home"}},{"@type":"ListItem","@id":"https:\/\/www.eldigitaldeasturias.com\/noticias\/asturias-ha-perdido-77-autonomos-industriales-hasta-noviembre\/#listItem","position":3,"name":"Asturias ha perdido 77 aut\u00f3nomos industriales hasta noviembre","previousItem":{"@type":"ListItem","@id":"https:\/\/www.eldigitaldeasturias.com\/noticias\/category\/actualidad-asturias\/#listItem","name":"Actualidad Asturias"}}]},{"@type":"Organization","@id":"https:\/\/www.eldigitaldeasturias.com\/noticias\/#organization","name":"El Digital de Asturias","description":"Hemeroteca","url":"https:\/\/www.eldigitaldeasturias.com\/noticias\/","email":"info@eldigitaldeasturias.com","telephone":"+34652131393","logo":{"@type":"ImageObject","url":"https:\/\/www.eldigitaldeasturias.com\/noticias\/wp-content\/uploads\/2020\/12\/EDA.jpg","@id":"https:\/\/www.eldigitaldeasturias.com\/noticias\/asturias-ha-perdido-77-autonomos-industriales-hasta-noviembre\/#organizationLogo"},"image":{"@id":"https:\/\/www.eldigitaldeasturias.com\/noticias\/asturias-ha-perdido-77-autonomos-industriales-hasta-noviembre\/#organizationLogo"},"sameAs":["https:\/\/facebook.com\/eldigitaldeasturias","https:\/\/www.youtube.com\/channel\/UCZP-2wLEB9Rv6erhFmqVnvg"],"address":{"@id":"https:\/\/www.eldigitaldeasturias.com\/noticias\/#postaladdress","@type":"PostalAddress","streetAddress":"san antonio 4","postalCode":"33430","addressLocality":"Cand\u00e1s","addressRegion":"Asturias","addressCountry":"ES"}},{"@type":"Person","@id":"https:\/\/www.eldigitaldeasturias.com\/noticias\/author\/admin\/#author","url":"https:\/\/www.eldigitaldeasturias.com\/noticias\/author\/admin\/","name":"El Digital de Asturias","image":{"@type":"ImageObject","@id":"https:\/\/www.eldigitaldeasturias.com\/noticias\/asturias-ha-perdido-77-autonomos-industriales-hasta-noviembre\/#authorImage","url":"https:\/\/secure.gravatar.com\/avatar\/df2aeffc32bcd13f8d26072ef8a91b623d677766deac7f97ca815868cd41bf5e?s=96&d=mm&r=g","width":96,"height":96,"caption":"El Digital de Asturias"}},{"@type":"WebPage","@id":"https:\/\/www.eldigitaldeasturias.com\/noticias\/asturias-ha-perdido-77-autonomos-industriales-hasta-noviembre\/#webpage","url":"https:\/\/www.eldigitaldeasturias.com\/noticias\/asturias-ha-perdido-77-autonomos-industriales-hasta-noviembre\/","name":"Asturias ha perdido 77 aut\u00f3nomos industriales hasta noviembre - El Digital de Asturias","description":"Oviedo, 9 dic (EFE).- La industria asturiana ha perdido 77 aut\u00f3nomos en los 11 primeros meses del a\u00f1o, lo que supone un descenso del 2 por ciento y deja la cifra total de este colectivo en los 3.802 al finalizar el mes de noviembre. Seg\u00fan las cifras que baraja la Asociaci\u00f3n Profesional del Trabajo Aut\u00f3nomo","inLanguage":"es-ES","isPartOf":{"@id":"https:\/\/www.eldigitaldeasturias.com\/noticias\/#website"},"breadcrumb":{"@id":"https:\/\/www.eldigitaldeasturias.com\/noticias\/asturias-ha-perdido-77-autonomos-industriales-hasta-noviembre\/#breadcrumblist"},"author":{"@id":"https:\/\/www.eldigitaldeasturias.com\/noticias\/author\/admin\/#author"},"creator":{"@id":"https:\/\/www.eldigitaldeasturias.com\/noticias\/author\/admin\/#author"},"image":{"@type":"ImageObject","url":"https:\/\/www.eldigitaldeasturias.com\/noticias\/wp-content\/uploads\/2026\/06\/Contenidos.jpg","@id":"https:\/\/www.eldigitaldeasturias.com\/noticias\/asturias-ha-perdido-77-autonomos-industriales-hasta-noviembre\/#mainImage","width":1265,"height":697,"caption":"Contenidos"},"primaryImageOfPage":{"@id":"https:\/\/www.eldigitaldeasturias.com\/noticias\/asturias-ha-perdido-77-autonomos-industriales-hasta-noviembre\/#mainImage"},"datePublished":"2013-12-09T12:19:49+01:00","dateModified":"2013-12-09T12:19:49+01:00"},{"@type":"WebSite","@id":"https:\/\/www.eldigitaldeasturias.com\/noticias\/#website","url":"https:\/\/www.eldigitaldeasturias.com\/noticias\/","name":"El Digital de Asturias - Diario de actualidad y noticias","alternateName":"El Digital de Asturias - Diario de actualidad y noticias","description":"Hemeroteca","inLanguage":"es-ES","publisher":{"@id":"https:\/\/www.eldigitaldeasturias.com\/noticias\/#organization"}}]},"og:locale":"es_ES","og:site_name":"El Digital de Asturias","og:type":"article","og:title":"Asturias ha perdido 77 aut\u00f3nomos industriales hasta noviembre - El Digital de Asturias","og:description":"Oviedo, 9 dic (EFE).- La industria asturiana ha perdido 77 aut\u00f3nomos en los 11 primeros meses del a\u00f1o, lo que supone un descenso del 2 por ciento y deja la cifra total de este colectivo en los 3.802 al finalizar el mes de noviembre. Seg\u00fan las cifras que baraja la Asociaci\u00f3n Profesional del Trabajo Aut\u00f3nomo","og:url":"https:\/\/www.eldigitaldeasturias.com\/noticias\/asturias-ha-perdido-77-autonomos-industriales-hasta-noviembre\/","og:image":"https:\/\/www.eldigitaldeasturias.com\/noticias\/wp-content\/uploads\/2026\/06\/Contenidos.jpg","og:image:secure_url":"https:\/\/www.eldigitaldeasturias.com\/noticias\/wp-content\/uploads\/2026\/06\/Contenidos.jpg","og:image:width":1265,"og:image:height":697,"article:tag":["actualidad asturias"],"article:published_time":"2013-12-09T13:19:49+00:00","article:modified_time":"2013-12-09T13:19:49+00:00","article:publisher":"https:\/\/facebook.com\/eldigitaldeasturias","twitter:card":"summary_large_image","twitter:title":"Asturias ha perdido 77 aut\u00f3nomos industriales hasta noviembre - El Digital de Asturias","twitter:description":"Oviedo, 9 dic (EFE).- La industria asturiana ha perdido 77 aut\u00f3nomos en los 11 primeros meses del a\u00f1o, lo que supone un descenso del 2 por ciento y deja la cifra total de este colectivo en los 3.802 al finalizar el mes de noviembre. Seg\u00fan las cifras que baraja la Asociaci\u00f3n Profesional del Trabajo Aut\u00f3nomo","twitter:image":"https:\/\/www.eldigitaldeasturias.com\/noticias\/wp-content\/uploads\/2026\/06\/Contenidos.jpg","twitter:label1":"Escrito por","twitter:data1":"El Digital de Asturias","twitter:label2":"Tiempo de lectura estimado","twitter:data2":"1 minuto"},"aioseo_meta_data":{"post_id":"459720","title":null,"description":null,"keywords":null,"keyphrases":null,"primary_term":null,"canonical_url":null,"og_title":null,"og_description":null,"og_object_type":"default","og_image_type":"default","og_image_url":null,"og_image_width":null,"og_image_height":null,"og_image_custom_url":null,"og_image_custom_fields":null,"og_video":null,"og_custom_url":null,"og_article_section":null,"og_article_tags":null,"twitter_use_og":true,"twitter_card":"default","twitter_image_type":"default","twitter_image_url":null,"twitter_image_custom_url":null,"twitter_image_custom_fields":null,"twitter_title":null,"twitter_description":null,"schema":{"blockGraphs":[],"customGraphs":[],"default":{"data":{"Article":[],"Course":[],"Dataset":[],"FAQPage":[],"Movie":[],"Person":[],"Product":[],"ProductReview":[],"Car":[],"Recipe":[],"Service":[],"SoftwareApplication":[],"WebPage":[]},"graphName":"","isEnabled":true},"graphs":[],"defaultGraph":"","defaultPostTypeGraph":""},"schema_type":null,"schema_type_options":null,"pillar_content":false,"robots_default":true,"robots_noindex":false,"robots_noarchive":false,"robots_nosnippet":false,"robots_nofollow":false,"robots_noimageindex":false,"robots_noodp":false,"robots_notranslate":false,"robots_max_snippet":null,"robots_max_videopreview":null,"robots_max_imagepreview":"none","priority":null,"frequency":null,"local_seo":null,"seo_analyzer_scan_date":"2026-05-30 10:23:59","breadcrumb_settings":null,"limit_modified_date":false,"open_ai":null,"ai":null,"created":"2020-11-14 22:47:38","updated":"2026-05-30 10:23:59","focus_keyword":null,"additional_keywords":null,"truseo_locale":null},"aioseo_breadcrumb":"<div class=\"aioseo-breadcrumbs\"><span class=\"aioseo-breadcrumb\">\n\t<a href=\"https:\/\/www.eldigitaldeasturias.com\/noticias\" title=\"Home\">Home<\/a>\n<\/span><span class=\"aioseo-breadcrumb-separator\">\u2013<\/span><span class=\"aioseo-breadcrumb\">\n\t<a href=\"https:\/\/www.eldigitaldeasturias.com\/noticias\/category\/actualidad-asturias\/\" title=\"Actualidad Asturias\">Actualidad Asturias<\/a>\n<\/span><span class=\"aioseo-breadcrumb-separator\">\u2013<\/span><span class=\"aioseo-breadcrumb\">\n\t<a href=\"https:\/\/www.eldigitaldeasturias.com\/noticias\/asturias-ha-perdido-77-autonomos-industriales-hasta-noviembre\/\" title=\"Asturias ha perdido 77 aut\u00f3nomos industriales hasta noviembre\">Asturias ha perdido 77 aut\u00f3nomos industriales hasta noviembre<\/a>\n<\/span><\/div>","aioseo_breadcrumb_json":[{"label":"Home","link":"https:\/\/www.eldigitaldeasturias.com\/noticias"},{"label":"Actualidad Asturias","link":"https:\/\/www.eldigitaldeasturias.com\/noticias\/category\/actualidad-asturias\/"},{"label":"Asturias ha perdido 77 aut\u00f3nomos industriales hasta noviembre","link":"https:\/\/www.eldigitaldeasturias.com\/noticias\/asturias-ha-perdido-77-autonomos-industriales-hasta-noviembre\/"}],"_links":{"self":[{"href":"https:\/\/www.eldigitaldeasturias.com\/noticias\/wp-json\/wp\/v2\/posts\/459720","targetHints":{"allow":["GET"]}}],"collection":[{"href":"https:\/\/www.eldigitaldeasturias.com\/noticias\/wp-json\/wp\/v2\/posts"}],"about":[{"href":"https:\/\/www.eldigitaldeasturias.com\/noticias\/wp-json\/wp\/v2\/types\/post"}],"author":[{"embeddable":true,"href":"https:\/\/www.eldigitaldeasturias.com\/noticias\/wp-json\/wp\/v2\/users\/1"}],"replies":[{"embeddable":true,"href":"https:\/\/www.eldigitaldeasturias.com\/noticias\/wp-json\/wp\/v2\/comments?post=459720"}],"version-history":[{"count":0,"href":"https:\/\/www.eldigitaldeasturias.com\/noticias\/wp-json\/wp\/v2\/posts\/459720\/revisions"}],"wp:featuredmedia":[{"embeddable":true,"href":"https:\/\/www.eldigitaldeasturias.com\/noticias\/wp-json\/wp\/v2\/media\/1132184"}],"wp:attachment":[{"href":"https:\/\/www.eldigitaldeasturias.com\/noticias\/wp-json\/wp\/v2\/media?parent=459720"}],"wp:term":[{"taxonomy":"category","embeddable":true,"href":"https:\/\/www.eldigitaldeasturias.com\/noticias\/wp-json\/wp\/v2\/categories?post=459720"},{"taxonomy":"post_tag","embeddable":true,"href":"https:\/\/www.eldigitaldeasturias.com\/noticias\/wp-json\/wp\/v2\/tags?post=459720"}],"curies":[{"name":"wp","href":"https:\/\/api.w.org\/{rel}","templated":true}]}}