{"id":459714,"date":"2013-12-09T12:14:58","date_gmt":"2013-12-09T13:14:58","guid":{"rendered":"http:\/\/www.eldigitaldeasturias.com\/noticias\/?p=459714"},"modified":"2013-12-09T12:14:58","modified_gmt":"2013-12-09T13:14:58","slug":"un-camion-de-carga-vuelca-en-los-accesos-al-pepa-de-aviles","status":"publish","type":"post","link":"https:\/\/www.eldigitaldeasturias.com\/noticias\/un-camion-de-carga-vuelca-en-los-accesos-al-pepa-de-aviles\/","title":{"rendered":"Un cami\u00f3n de carga vuelca en los accesos al PEPA de Avil\u00e9s"},"content":{"rendered":"<p><img loading=\"lazy\" decoding=\"async\" class=\"alignleft size-medium wp-image-1580\" alt=\"aviles\" src=\"https:\/\/www.eldigitaldeasturias.com\/noticias\/wp-content\/uploads\/2013\/09\/aviles-360x270.jpg\" width=\"360\" height=\"270\" \/>Avil\u00e9s, 9 dic (EFE).- Un cami\u00f3n de carga ha volcado esta ma\u00f1ana en los accesos al Parque Empresarial Principado de Asturias (PEPA) de Avil\u00e9s, accidente en el que no se han registrado heridos, pero que oblig\u00f3 a cortar un carril de la carretera que une el centro de la ciudad con Valliniello, informa la Polic\u00eda Local.<\/p>\n<p>El accidente se produjo en torno a las 7:45 horas de la ma\u00f1ana por causas que se desconocen, sin que ning\u00fan otro veh\u00edculo resultara afectado, ni el conductor del cami\u00f3n sufriera heridas.<\/p>\n<p>Tras el vuelco, un dispositivo de emergencia inici\u00f3 los trabajos para trata de dejar expedita la carretera y devolver la normalidad a una de las zonas de mayor tr\u00e1nsito de camiones pesados que mueven material procedente a la industria asentada y con destino al puerto.<\/p>\n<p>El material derramado en la carretera ya ha sido retirado y una gr\u00faa de grandes dimensiones se encarg\u00f3 de levantar el cami\u00f3n con el objeto de que se pueda desplazar del lugar.<\/p>\n","protected":false},"excerpt":{"rendered":"<p>Avil\u00e9s, 9 dic (EFE).- Un cami\u00f3n de carga ha volcado esta ma\u00f1ana en los accesos al Parque Empresarial Principado de Asturias (PEPA) de Avil\u00e9s, accidente en el que no se han registrado heridos, pero que oblig\u00f3 a cortar un carril de la carretera que une el centro de la ciudad con Valliniello, informa la Polic\u00eda [&hellip;]<\/p>\n","protected":false},"author":1,"featured_media":1132184,"comment_status":"closed","ping_status":"open","sticky":false,"template":"","format":"standard","meta":{"footnotes":""},"categories":[12],"tags":[],"class_list":["post-459714","post","type-post","status-publish","format-standard","has-post-thumbnail","hentry","category-actualidad-asturias"],"aioseo_notices":[],"aioseo_head":"\n\t\t<!-- All in One SEO Pro 5.0.1 - aioseo.com -->\n\t<meta name=\"description\" content=\"Avil\u00e9s, 9 dic (EFE).- Un cami\u00f3n de carga ha volcado esta ma\u00f1ana en los accesos al Parque Empresarial Principado de Asturias (PEPA) de Avil\u00e9s, accidente en el que no se han registrado heridos, pero que oblig\u00f3 a cortar un carril de la carretera que une el centro de la ciudad con Valliniello, informa la Polic\u00eda\" \/>\n\t<meta name=\"robots\" content=\"max-image-preview:large\" \/>\n\t<meta name=\"author\" content=\"El Digital de Asturias\"\/>\n\t<meta name=\"google-site-verification\" content=\"UA-38556648-1\" \/>\n\t<meta name=\"msvalidate.01\" content=\"7dfe9f3f1b24437ab69f4f2559babe99\" \/>\n\t<meta name=\"keywords\" content=\"actualidad asturias\" \/>\n\t<link rel=\"canonical\" href=\"https:\/\/www.eldigitaldeasturias.com\/noticias\/un-camion-de-carga-vuelca-en-los-accesos-al-pepa-de-aviles\/\" \/>\n\t<meta name=\"generator\" content=\"All in One SEO Pro (AIOSEO) 5.0.1\" \/>\n\t\t<meta property=\"og:locale\" content=\"es_ES\" \/>\n\t\t<meta property=\"og:site_name\" content=\"El Digital de Asturias\" \/>\n\t\t<meta property=\"og:type\" content=\"article\" \/>\n\t\t<meta property=\"og:title\" content=\"Un cami\u00f3n de carga vuelca en los accesos al PEPA de Avil\u00e9s - El Digital de Asturias\" \/>\n\t\t<meta property=\"og:description\" content=\"Avil\u00e9s, 9 dic (EFE).- Un cami\u00f3n de carga ha volcado esta ma\u00f1ana en los accesos al Parque Empresarial Principado de Asturias (PEPA) de Avil\u00e9s, accidente en el que no se han registrado heridos, pero que oblig\u00f3 a cortar un carril de la carretera que une el centro de la ciudad con Valliniello, informa la Polic\u00eda\" \/>\n\t\t<meta property=\"og:url\" content=\"https:\/\/www.eldigitaldeasturias.com\/noticias\/un-camion-de-carga-vuelca-en-los-accesos-al-pepa-de-aviles\/\" \/>\n\t\t<meta property=\"og:image\" content=\"https:\/\/www.eldigitaldeasturias.com\/noticias\/wp-content\/uploads\/2026\/06\/Contenidos.jpg\" \/>\n\t\t<meta property=\"og:image:secure_url\" content=\"https:\/\/www.eldigitaldeasturias.com\/noticias\/wp-content\/uploads\/2026\/06\/Contenidos.jpg\" \/>\n\t\t<meta property=\"og:image:width\" content=\"1265\" \/>\n\t\t<meta property=\"og:image:height\" content=\"697\" \/>\n\t\t<meta property=\"article:tag\" content=\"actualidad asturias\" \/>\n\t\t<meta property=\"article:published_time\" content=\"2013-12-09T13:14:58+00:00\" \/>\n\t\t<meta property=\"article:modified_time\" content=\"2013-12-09T13:14:58+00:00\" \/>\n\t\t<meta property=\"article:publisher\" content=\"https:\/\/facebook.com\/eldigitaldeasturias\" \/>\n\t\t<meta name=\"twitter:card\" content=\"summary_large_image\" \/>\n\t\t<meta name=\"twitter:title\" content=\"Un cami\u00f3n de carga vuelca en los accesos al PEPA de Avil\u00e9s - El Digital de Asturias\" \/>\n\t\t<meta name=\"twitter:description\" content=\"Avil\u00e9s, 9 dic (EFE).- Un cami\u00f3n de carga ha volcado esta ma\u00f1ana en los accesos al Parque Empresarial Principado de Asturias (PEPA) de Avil\u00e9s, accidente en el que no se han registrado heridos, pero que oblig\u00f3 a cortar un carril de la carretera que une el centro de la ciudad con Valliniello, informa la Polic\u00eda\" \/>\n\t\t<meta name=\"twitter:image\" content=\"https:\/\/www.eldigitaldeasturias.com\/noticias\/wp-content\/uploads\/2026\/06\/Contenidos.jpg\" \/>\n\t\t<meta name=\"twitter:label1\" content=\"Escrito por\" \/>\n\t\t<meta name=\"twitter:data1\" content=\"El Digital de Asturias\" \/>\n\t\t<meta name=\"twitter:label2\" content=\"Tiempo de lectura estimado\" \/>\n\t\t<meta name=\"twitter:data2\" content=\"1 minuto\" \/>\n\t\t<script type=\"application\/ld+json\" class=\"aioseo-schema\">\n\t\t\t{\"@context\":\"https:\\\/\\\/schema.org\",\"@graph\":[{\"@type\":\"BlogPosting\",\"@id\":\"https:\\\/\\\/www.eldigitaldeasturias.com\\\/noticias\\\/un-camion-de-carga-vuelca-en-los-accesos-al-pepa-de-aviles\\\/#blogposting\",\"name\":\"Un cami\\u00f3n de carga vuelca en los accesos al PEPA de Avil\\u00e9s - El Digital de Asturias\",\"headline\":\"Un cami\\u00f3n de carga vuelca en los accesos al PEPA de Avil\\u00e9s\",\"author\":{\"@id\":\"https:\\\/\\\/www.eldigitaldeasturias.com\\\/noticias\\\/author\\\/admin\\\/#author\"},\"publisher\":{\"@id\":\"https:\\\/\\\/www.eldigitaldeasturias.com\\\/noticias\\\/#organization\"},\"image\":{\"@type\":\"ImageObject\",\"url\":\"https:\\\/\\\/www.eldigitaldeasturias.com\\\/noticias\\\/wp-content\\\/uploads\\\/2026\\\/06\\\/Contenidos.jpg\",\"width\":1265,\"height\":697,\"caption\":\"Contenidos\"},\"datePublished\":\"2013-12-09T12:14:58+01:00\",\"dateModified\":\"2013-12-09T12:14:58+01:00\",\"inLanguage\":\"es-ES\",\"mainEntityOfPage\":{\"@id\":\"https:\\\/\\\/www.eldigitaldeasturias.com\\\/noticias\\\/un-camion-de-carga-vuelca-en-los-accesos-al-pepa-de-aviles\\\/#webpage\"},\"isPartOf\":{\"@id\":\"https:\\\/\\\/www.eldigitaldeasturias.com\\\/noticias\\\/un-camion-de-carga-vuelca-en-los-accesos-al-pepa-de-aviles\\\/#webpage\"},\"articleSection\":\"Actualidad Asturias\"},{\"@type\":\"BreadcrumbList\",\"@id\":\"https:\\\/\\\/www.eldigitaldeasturias.com\\\/noticias\\\/un-camion-de-carga-vuelca-en-los-accesos-al-pepa-de-aviles\\\/#breadcrumblist\",\"itemListElement\":[{\"@type\":\"ListItem\",\"@id\":\"https:\\\/\\\/www.eldigitaldeasturias.com\\\/noticias#listItem\",\"position\":1,\"name\":\"Home\",\"item\":\"https:\\\/\\\/www.eldigitaldeasturias.com\\\/noticias\",\"nextItem\":{\"@type\":\"ListItem\",\"@id\":\"https:\\\/\\\/www.eldigitaldeasturias.com\\\/noticias\\\/category\\\/actualidad-asturias\\\/#listItem\",\"name\":\"Actualidad Asturias\"}},{\"@type\":\"ListItem\",\"@id\":\"https:\\\/\\\/www.eldigitaldeasturias.com\\\/noticias\\\/category\\\/actualidad-asturias\\\/#listItem\",\"position\":2,\"name\":\"Actualidad Asturias\",\"item\":\"https:\\\/\\\/www.eldigitaldeasturias.com\\\/noticias\\\/category\\\/actualidad-asturias\\\/\",\"nextItem\":{\"@type\":\"ListItem\",\"@id\":\"https:\\\/\\\/www.eldigitaldeasturias.com\\\/noticias\\\/un-camion-de-carga-vuelca-en-los-accesos-al-pepa-de-aviles\\\/#listItem\",\"name\":\"Un cami\\u00f3n de carga vuelca en los accesos al PEPA de Avil\\u00e9s\"},\"previousItem\":{\"@type\":\"ListItem\",\"@id\":\"https:\\\/\\\/www.eldigitaldeasturias.com\\\/noticias#listItem\",\"name\":\"Home\"}},{\"@type\":\"ListItem\",\"@id\":\"https:\\\/\\\/www.eldigitaldeasturias.com\\\/noticias\\\/un-camion-de-carga-vuelca-en-los-accesos-al-pepa-de-aviles\\\/#listItem\",\"position\":3,\"name\":\"Un cami\\u00f3n de carga vuelca en los accesos al PEPA de Avil\\u00e9s\",\"previousItem\":{\"@type\":\"ListItem\",\"@id\":\"https:\\\/\\\/www.eldigitaldeasturias.com\\\/noticias\\\/category\\\/actualidad-asturias\\\/#listItem\",\"name\":\"Actualidad Asturias\"}}]},{\"@type\":\"Organization\",\"@id\":\"https:\\\/\\\/www.eldigitaldeasturias.com\\\/noticias\\\/#organization\",\"name\":\"El Digital de Asturias\",\"description\":\"Hemeroteca\",\"url\":\"https:\\\/\\\/www.eldigitaldeasturias.com\\\/noticias\\\/\",\"email\":\"info@eldigitaldeasturias.com\",\"telephone\":\"+34652131393\",\"logo\":{\"@type\":\"ImageObject\",\"url\":\"https:\\\/\\\/www.eldigitaldeasturias.com\\\/noticias\\\/wp-content\\\/uploads\\\/2020\\\/12\\\/EDA.jpg\",\"@id\":\"https:\\\/\\\/www.eldigitaldeasturias.com\\\/noticias\\\/un-camion-de-carga-vuelca-en-los-accesos-al-pepa-de-aviles\\\/#organizationLogo\"},\"image\":{\"@id\":\"https:\\\/\\\/www.eldigitaldeasturias.com\\\/noticias\\\/un-camion-de-carga-vuelca-en-los-accesos-al-pepa-de-aviles\\\/#organizationLogo\"},\"sameAs\":[\"https:\\\/\\\/facebook.com\\\/eldigitaldeasturias\",\"https:\\\/\\\/www.youtube.com\\\/channel\\\/UCZP-2wLEB9Rv6erhFmqVnvg\"],\"address\":{\"@id\":\"https:\\\/\\\/www.eldigitaldeasturias.com\\\/noticias\\\/#postaladdress\",\"@type\":\"PostalAddress\",\"streetAddress\":\"san antonio 4\",\"postalCode\":\"33430\",\"addressLocality\":\"Cand\\u00e1s\",\"addressRegion\":\"Asturias\",\"addressCountry\":\"ES\"}},{\"@type\":\"Person\",\"@id\":\"https:\\\/\\\/www.eldigitaldeasturias.com\\\/noticias\\\/author\\\/admin\\\/#author\",\"url\":\"https:\\\/\\\/www.eldigitaldeasturias.com\\\/noticias\\\/author\\\/admin\\\/\",\"name\":\"El Digital de Asturias\",\"image\":{\"@type\":\"ImageObject\",\"@id\":\"https:\\\/\\\/www.eldigitaldeasturias.com\\\/noticias\\\/un-camion-de-carga-vuelca-en-los-accesos-al-pepa-de-aviles\\\/#authorImage\",\"url\":\"https:\\\/\\\/secure.gravatar.com\\\/avatar\\\/df2aeffc32bcd13f8d26072ef8a91b623d677766deac7f97ca815868cd41bf5e?s=96&d=mm&r=g\",\"width\":96,\"height\":96,\"caption\":\"El Digital de Asturias\"}},{\"@type\":\"WebPage\",\"@id\":\"https:\\\/\\\/www.eldigitaldeasturias.com\\\/noticias\\\/un-camion-de-carga-vuelca-en-los-accesos-al-pepa-de-aviles\\\/#webpage\",\"url\":\"https:\\\/\\\/www.eldigitaldeasturias.com\\\/noticias\\\/un-camion-de-carga-vuelca-en-los-accesos-al-pepa-de-aviles\\\/\",\"name\":\"Un cami\\u00f3n de carga vuelca en los accesos al PEPA de Avil\\u00e9s - El Digital de Asturias\",\"description\":\"Avil\\u00e9s, 9 dic (EFE).- Un cami\\u00f3n de carga ha volcado esta ma\\u00f1ana en los accesos al Parque Empresarial Principado de Asturias (PEPA) de Avil\\u00e9s, accidente en el que no se han registrado heridos, pero que oblig\\u00f3 a cortar un carril de la carretera que une el centro de la ciudad con Valliniello, informa la Polic\\u00eda\",\"inLanguage\":\"es-ES\",\"isPartOf\":{\"@id\":\"https:\\\/\\\/www.eldigitaldeasturias.com\\\/noticias\\\/#website\"},\"breadcrumb\":{\"@id\":\"https:\\\/\\\/www.eldigitaldeasturias.com\\\/noticias\\\/un-camion-de-carga-vuelca-en-los-accesos-al-pepa-de-aviles\\\/#breadcrumblist\"},\"author\":{\"@id\":\"https:\\\/\\\/www.eldigitaldeasturias.com\\\/noticias\\\/author\\\/admin\\\/#author\"},\"creator\":{\"@id\":\"https:\\\/\\\/www.eldigitaldeasturias.com\\\/noticias\\\/author\\\/admin\\\/#author\"},\"image\":{\"@type\":\"ImageObject\",\"url\":\"https:\\\/\\\/www.eldigitaldeasturias.com\\\/noticias\\\/wp-content\\\/uploads\\\/2026\\\/06\\\/Contenidos.jpg\",\"@id\":\"https:\\\/\\\/www.eldigitaldeasturias.com\\\/noticias\\\/un-camion-de-carga-vuelca-en-los-accesos-al-pepa-de-aviles\\\/#mainImage\",\"width\":1265,\"height\":697,\"caption\":\"Contenidos\"},\"primaryImageOfPage\":{\"@id\":\"https:\\\/\\\/www.eldigitaldeasturias.com\\\/noticias\\\/un-camion-de-carga-vuelca-en-los-accesos-al-pepa-de-aviles\\\/#mainImage\"},\"datePublished\":\"2013-12-09T12:14:58+01:00\",\"dateModified\":\"2013-12-09T12:14:58+01:00\"},{\"@type\":\"WebSite\",\"@id\":\"https:\\\/\\\/www.eldigitaldeasturias.com\\\/noticias\\\/#website\",\"url\":\"https:\\\/\\\/www.eldigitaldeasturias.com\\\/noticias\\\/\",\"name\":\"El Digital de Asturias - Diario de actualidad y noticias\",\"alternateName\":\"El Digital de Asturias - Diario de actualidad y noticias\",\"description\":\"Hemeroteca\",\"inLanguage\":\"es-ES\",\"publisher\":{\"@id\":\"https:\\\/\\\/www.eldigitaldeasturias.com\\\/noticias\\\/#organization\"}}]}\n\t\t<\/script>\n\t\t<!-- All in One SEO Pro -->\r\n\t\t<title>Un cami\u00f3n de carga vuelca en los accesos al PEPA de Avil\u00e9s - El Digital de Asturias<\/title>\n\n","aioseo_head_json":{"title":"Un cami\u00f3n de carga vuelca en los accesos al PEPA de Avil\u00e9s - El Digital de Asturias","description":"Avil\u00e9s, 9 dic (EFE).- Un cami\u00f3n de carga ha volcado esta ma\u00f1ana en los accesos al Parque Empresarial Principado de Asturias (PEPA) de Avil\u00e9s, accidente en el que no se han registrado heridos, pero que oblig\u00f3 a cortar un carril de la carretera que une el centro de la ciudad con Valliniello, informa la Polic\u00eda","canonical_url":"https:\/\/www.eldigitaldeasturias.com\/noticias\/un-camion-de-carga-vuelca-en-los-accesos-al-pepa-de-aviles\/","robots":"max-image-preview:large","keywords":"actualidad asturias","webmasterTools":{"google-site-verification":"UA-38556648-1","msvalidate.01":"7dfe9f3f1b24437ab69f4f2559babe99","miscellaneous":""},"schema":{"@context":"https:\/\/schema.org","@graph":[{"@type":"BlogPosting","@id":"https:\/\/www.eldigitaldeasturias.com\/noticias\/un-camion-de-carga-vuelca-en-los-accesos-al-pepa-de-aviles\/#blogposting","name":"Un cami\u00f3n de carga vuelca en los accesos al PEPA de Avil\u00e9s - El Digital de Asturias","headline":"Un cami\u00f3n de carga vuelca en los accesos al PEPA de Avil\u00e9s","author":{"@id":"https:\/\/www.eldigitaldeasturias.com\/noticias\/author\/admin\/#author"},"publisher":{"@id":"https:\/\/www.eldigitaldeasturias.com\/noticias\/#organization"},"image":{"@type":"ImageObject","url":"https:\/\/www.eldigitaldeasturias.com\/noticias\/wp-content\/uploads\/2026\/06\/Contenidos.jpg","width":1265,"height":697,"caption":"Contenidos"},"datePublished":"2013-12-09T12:14:58+01:00","dateModified":"2013-12-09T12:14:58+01:00","inLanguage":"es-ES","mainEntityOfPage":{"@id":"https:\/\/www.eldigitaldeasturias.com\/noticias\/un-camion-de-carga-vuelca-en-los-accesos-al-pepa-de-aviles\/#webpage"},"isPartOf":{"@id":"https:\/\/www.eldigitaldeasturias.com\/noticias\/un-camion-de-carga-vuelca-en-los-accesos-al-pepa-de-aviles\/#webpage"},"articleSection":"Actualidad Asturias"},{"@type":"BreadcrumbList","@id":"https:\/\/www.eldigitaldeasturias.com\/noticias\/un-camion-de-carga-vuelca-en-los-accesos-al-pepa-de-aviles\/#breadcrumblist","itemListElement":[{"@type":"ListItem","@id":"https:\/\/www.eldigitaldeasturias.com\/noticias#listItem","position":1,"name":"Home","item":"https:\/\/www.eldigitaldeasturias.com\/noticias","nextItem":{"@type":"ListItem","@id":"https:\/\/www.eldigitaldeasturias.com\/noticias\/category\/actualidad-asturias\/#listItem","name":"Actualidad Asturias"}},{"@type":"ListItem","@id":"https:\/\/www.eldigitaldeasturias.com\/noticias\/category\/actualidad-asturias\/#listItem","position":2,"name":"Actualidad Asturias","item":"https:\/\/www.eldigitaldeasturias.com\/noticias\/category\/actualidad-asturias\/","nextItem":{"@type":"ListItem","@id":"https:\/\/www.eldigitaldeasturias.com\/noticias\/un-camion-de-carga-vuelca-en-los-accesos-al-pepa-de-aviles\/#listItem","name":"Un cami\u00f3n de carga vuelca en los accesos al PEPA de Avil\u00e9s"},"previousItem":{"@type":"ListItem","@id":"https:\/\/www.eldigitaldeasturias.com\/noticias#listItem","name":"Home"}},{"@type":"ListItem","@id":"https:\/\/www.eldigitaldeasturias.com\/noticias\/un-camion-de-carga-vuelca-en-los-accesos-al-pepa-de-aviles\/#listItem","position":3,"name":"Un cami\u00f3n de carga vuelca en los accesos al PEPA de Avil\u00e9s","previousItem":{"@type":"ListItem","@id":"https:\/\/www.eldigitaldeasturias.com\/noticias\/category\/actualidad-asturias\/#listItem","name":"Actualidad Asturias"}}]},{"@type":"Organization","@id":"https:\/\/www.eldigitaldeasturias.com\/noticias\/#organization","name":"El Digital de Asturias","description":"Hemeroteca","url":"https:\/\/www.eldigitaldeasturias.com\/noticias\/","email":"info@eldigitaldeasturias.com","telephone":"+34652131393","logo":{"@type":"ImageObject","url":"https:\/\/www.eldigitaldeasturias.com\/noticias\/wp-content\/uploads\/2020\/12\/EDA.jpg","@id":"https:\/\/www.eldigitaldeasturias.com\/noticias\/un-camion-de-carga-vuelca-en-los-accesos-al-pepa-de-aviles\/#organizationLogo"},"image":{"@id":"https:\/\/www.eldigitaldeasturias.com\/noticias\/un-camion-de-carga-vuelca-en-los-accesos-al-pepa-de-aviles\/#organizationLogo"},"sameAs":["https:\/\/facebook.com\/eldigitaldeasturias","https:\/\/www.youtube.com\/channel\/UCZP-2wLEB9Rv6erhFmqVnvg"],"address":{"@id":"https:\/\/www.eldigitaldeasturias.com\/noticias\/#postaladdress","@type":"PostalAddress","streetAddress":"san antonio 4","postalCode":"33430","addressLocality":"Cand\u00e1s","addressRegion":"Asturias","addressCountry":"ES"}},{"@type":"Person","@id":"https:\/\/www.eldigitaldeasturias.com\/noticias\/author\/admin\/#author","url":"https:\/\/www.eldigitaldeasturias.com\/noticias\/author\/admin\/","name":"El Digital de Asturias","image":{"@type":"ImageObject","@id":"https:\/\/www.eldigitaldeasturias.com\/noticias\/un-camion-de-carga-vuelca-en-los-accesos-al-pepa-de-aviles\/#authorImage","url":"https:\/\/secure.gravatar.com\/avatar\/df2aeffc32bcd13f8d26072ef8a91b623d677766deac7f97ca815868cd41bf5e?s=96&d=mm&r=g","width":96,"height":96,"caption":"El Digital de Asturias"}},{"@type":"WebPage","@id":"https:\/\/www.eldigitaldeasturias.com\/noticias\/un-camion-de-carga-vuelca-en-los-accesos-al-pepa-de-aviles\/#webpage","url":"https:\/\/www.eldigitaldeasturias.com\/noticias\/un-camion-de-carga-vuelca-en-los-accesos-al-pepa-de-aviles\/","name":"Un cami\u00f3n de carga vuelca en los accesos al PEPA de Avil\u00e9s - El Digital de Asturias","description":"Avil\u00e9s, 9 dic (EFE).- Un cami\u00f3n de carga ha volcado esta ma\u00f1ana en los accesos al Parque Empresarial Principado de Asturias (PEPA) de Avil\u00e9s, accidente en el que no se han registrado heridos, pero que oblig\u00f3 a cortar un carril de la carretera que une el centro de la ciudad con Valliniello, informa la Polic\u00eda","inLanguage":"es-ES","isPartOf":{"@id":"https:\/\/www.eldigitaldeasturias.com\/noticias\/#website"},"breadcrumb":{"@id":"https:\/\/www.eldigitaldeasturias.com\/noticias\/un-camion-de-carga-vuelca-en-los-accesos-al-pepa-de-aviles\/#breadcrumblist"},"author":{"@id":"https:\/\/www.eldigitaldeasturias.com\/noticias\/author\/admin\/#author"},"creator":{"@id":"https:\/\/www.eldigitaldeasturias.com\/noticias\/author\/admin\/#author"},"image":{"@type":"ImageObject","url":"https:\/\/www.eldigitaldeasturias.com\/noticias\/wp-content\/uploads\/2026\/06\/Contenidos.jpg","@id":"https:\/\/www.eldigitaldeasturias.com\/noticias\/un-camion-de-carga-vuelca-en-los-accesos-al-pepa-de-aviles\/#mainImage","width":1265,"height":697,"caption":"Contenidos"},"primaryImageOfPage":{"@id":"https:\/\/www.eldigitaldeasturias.com\/noticias\/un-camion-de-carga-vuelca-en-los-accesos-al-pepa-de-aviles\/#mainImage"},"datePublished":"2013-12-09T12:14:58+01:00","dateModified":"2013-12-09T12:14:58+01:00"},{"@type":"WebSite","@id":"https:\/\/www.eldigitaldeasturias.com\/noticias\/#website","url":"https:\/\/www.eldigitaldeasturias.com\/noticias\/","name":"El Digital de Asturias - Diario de actualidad y noticias","alternateName":"El Digital de Asturias - Diario de actualidad y noticias","description":"Hemeroteca","inLanguage":"es-ES","publisher":{"@id":"https:\/\/www.eldigitaldeasturias.com\/noticias\/#organization"}}]},"og:locale":"es_ES","og:site_name":"El Digital de Asturias","og:type":"article","og:title":"Un cami\u00f3n de carga vuelca en los accesos al PEPA de Avil\u00e9s - El Digital de Asturias","og:description":"Avil\u00e9s, 9 dic (EFE).- Un cami\u00f3n de carga ha volcado esta ma\u00f1ana en los accesos al Parque Empresarial Principado de Asturias (PEPA) de Avil\u00e9s, accidente en el que no se han registrado heridos, pero que oblig\u00f3 a cortar un carril de la carretera que une el centro de la ciudad con Valliniello, informa la Polic\u00eda","og:url":"https:\/\/www.eldigitaldeasturias.com\/noticias\/un-camion-de-carga-vuelca-en-los-accesos-al-pepa-de-aviles\/","og:image":"https:\/\/www.eldigitaldeasturias.com\/noticias\/wp-content\/uploads\/2026\/06\/Contenidos.jpg","og:image:secure_url":"https:\/\/www.eldigitaldeasturias.com\/noticias\/wp-content\/uploads\/2026\/06\/Contenidos.jpg","og:image:width":1265,"og:image:height":697,"article:tag":["actualidad asturias"],"article:published_time":"2013-12-09T13:14:58+00:00","article:modified_time":"2013-12-09T13:14:58+00:00","article:publisher":"https:\/\/facebook.com\/eldigitaldeasturias","twitter:card":"summary_large_image","twitter:title":"Un cami\u00f3n de carga vuelca en los accesos al PEPA de Avil\u00e9s - El Digital de Asturias","twitter:description":"Avil\u00e9s, 9 dic (EFE).- Un cami\u00f3n de carga ha volcado esta ma\u00f1ana en los accesos al Parque Empresarial Principado de Asturias (PEPA) de Avil\u00e9s, accidente en el que no se han registrado heridos, pero que oblig\u00f3 a cortar un carril de la carretera que une el centro de la ciudad con Valliniello, informa la Polic\u00eda","twitter:image":"https:\/\/www.eldigitaldeasturias.com\/noticias\/wp-content\/uploads\/2026\/06\/Contenidos.jpg","twitter:label1":"Escrito por","twitter:data1":"El Digital de Asturias","twitter:label2":"Tiempo de lectura estimado","twitter:data2":"1 minuto"},"aioseo_meta_data":{"post_id":"459714","title":null,"description":null,"keywords":null,"keyphrases":null,"primary_term":null,"canonical_url":null,"og_title":null,"og_description":null,"og_object_type":"default","og_image_type":"default","og_image_url":null,"og_image_width":null,"og_image_height":null,"og_image_custom_url":null,"og_image_custom_fields":null,"og_video":null,"og_custom_url":null,"og_article_section":null,"og_article_tags":null,"twitter_use_og":true,"twitter_card":"default","twitter_image_type":"default","twitter_image_url":null,"twitter_image_custom_url":null,"twitter_image_custom_fields":null,"twitter_title":null,"twitter_description":null,"schema":{"blockGraphs":[],"customGraphs":[],"default":{"data":{"Article":[],"Course":[],"Dataset":[],"FAQPage":[],"Movie":[],"Person":[],"Product":[],"ProductReview":[],"Car":[],"Recipe":[],"Service":[],"SoftwareApplication":[],"WebPage":[]},"graphName":"","isEnabled":true},"graphs":[],"defaultGraph":"","defaultPostTypeGraph":""},"schema_type":null,"schema_type_options":null,"pillar_content":false,"robots_default":true,"robots_noindex":false,"robots_noarchive":false,"robots_nosnippet":false,"robots_nofollow":false,"robots_noimageindex":false,"robots_noodp":false,"robots_notranslate":false,"robots_max_snippet":null,"robots_max_videopreview":null,"robots_max_imagepreview":"none","priority":null,"frequency":null,"local_seo":null,"seo_analyzer_scan_date":"2026-05-30 10:22:01","breadcrumb_settings":null,"limit_modified_date":false,"open_ai":null,"ai":null,"created":"2020-11-14 22:47:38","updated":"2026-05-30 10:22:01","focus_keyword":null,"additional_keywords":null,"truseo_locale":null},"aioseo_breadcrumb":"<div class=\"aioseo-breadcrumbs\"><span class=\"aioseo-breadcrumb\">\n\t<a href=\"https:\/\/www.eldigitaldeasturias.com\/noticias\" title=\"Home\">Home<\/a>\n<\/span><span class=\"aioseo-breadcrumb-separator\">\u2013<\/span><span class=\"aioseo-breadcrumb\">\n\t<a href=\"https:\/\/www.eldigitaldeasturias.com\/noticias\/category\/actualidad-asturias\/\" title=\"Actualidad Asturias\">Actualidad Asturias<\/a>\n<\/span><span class=\"aioseo-breadcrumb-separator\">\u2013<\/span><span class=\"aioseo-breadcrumb\">\n\t<a href=\"https:\/\/www.eldigitaldeasturias.com\/noticias\/un-camion-de-carga-vuelca-en-los-accesos-al-pepa-de-aviles\/\" title=\"Un cami\u00f3n de carga vuelca en los accesos al PEPA de Avil\u00e9s\">Un cami\u00f3n de carga vuelca en los accesos al PEPA de Avil\u00e9s<\/a>\n<\/span><\/div>","aioseo_breadcrumb_json":[{"label":"Home","link":"https:\/\/www.eldigitaldeasturias.com\/noticias"},{"label":"Actualidad Asturias","link":"https:\/\/www.eldigitaldeasturias.com\/noticias\/category\/actualidad-asturias\/"},{"label":"Un cami\u00f3n de carga vuelca en los accesos al PEPA de Avil\u00e9s","link":"https:\/\/www.eldigitaldeasturias.com\/noticias\/un-camion-de-carga-vuelca-en-los-accesos-al-pepa-de-aviles\/"}],"_links":{"self":[{"href":"https:\/\/www.eldigitaldeasturias.com\/noticias\/wp-json\/wp\/v2\/posts\/459714","targetHints":{"allow":["GET"]}}],"collection":[{"href":"https:\/\/www.eldigitaldeasturias.com\/noticias\/wp-json\/wp\/v2\/posts"}],"about":[{"href":"https:\/\/www.eldigitaldeasturias.com\/noticias\/wp-json\/wp\/v2\/types\/post"}],"author":[{"embeddable":true,"href":"https:\/\/www.eldigitaldeasturias.com\/noticias\/wp-json\/wp\/v2\/users\/1"}],"replies":[{"embeddable":true,"href":"https:\/\/www.eldigitaldeasturias.com\/noticias\/wp-json\/wp\/v2\/comments?post=459714"}],"version-history":[{"count":0,"href":"https:\/\/www.eldigitaldeasturias.com\/noticias\/wp-json\/wp\/v2\/posts\/459714\/revisions"}],"wp:featuredmedia":[{"embeddable":true,"href":"https:\/\/www.eldigitaldeasturias.com\/noticias\/wp-json\/wp\/v2\/media\/1132184"}],"wp:attachment":[{"href":"https:\/\/www.eldigitaldeasturias.com\/noticias\/wp-json\/wp\/v2\/media?parent=459714"}],"wp:term":[{"taxonomy":"category","embeddable":true,"href":"https:\/\/www.eldigitaldeasturias.com\/noticias\/wp-json\/wp\/v2\/categories?post=459714"},{"taxonomy":"post_tag","embeddable":true,"href":"https:\/\/www.eldigitaldeasturias.com\/noticias\/wp-json\/wp\/v2\/tags?post=459714"}],"curies":[{"name":"wp","href":"https:\/\/api.w.org\/{rel}","templated":true}]}}