{"id":459688,"date":"2013-12-09T11:58:54","date_gmt":"2013-12-09T12:58:54","guid":{"rendered":"http:\/\/www.eldigitaldeasturias.com\/noticias\/?p=459688"},"modified":"2013-12-09T11:58:54","modified_gmt":"2013-12-09T12:58:54","slug":"manu-chao-manda-a-monsanto-fuera-de-latinoamerica-y-del-mundo","status":"publish","type":"post","link":"https:\/\/www.eldigitaldeasturias.com\/noticias\/manu-chao-manda-a-monsanto-fuera-de-latinoamerica-y-del-mundo\/","title":{"rendered":"Manu Chao manda a Monsanto \u00abfuera de Latinoam\u00e9rica y del mundo\u00bb"},"content":{"rendered":"<p><img loading=\"lazy\" decoding=\"async\" class=\"alignleft size-medium wp-image-459689\" alt=\"5780699w\" src=\"https:\/\/www.eldigitaldeasturias.com\/noticias\/wp-content\/uploads\/2013\/12\/5780699w-360x243.jpg\" width=\"360\" height=\"243\" \/>Santiago de Chile, 9 dic (EFE).- El artista francoespa\u00f1ol Manu Chao prest\u00f3 esta noche la voz y el escenario a los que gritan contra la llamada ley Monsanto, durante un concierto en el que la fiesta y el compromiso social fueron los grandes protagonistas.<\/p>\n<p>El \u00abdesaparecido\u00bb m\u00e1s multicultural del mundo desbord\u00f3 energ\u00eda durante tres horas de actuaci\u00f3n, en las que adem\u00e1s de cantar y tocar la guitarra cedi\u00f3 el micr\u00f3fono a un grupo de activistas para que gritaran \u00ab\u00a1Monsanto, fuera de Latinoam\u00e9rica y del mundo!\u00bb.<\/p>\n<p>El rechazo al proyecto de ley que regula los derechos sobre obtenciones vegetales, que pr\u00f3ximamente debatir\u00e1 el Senado chileno, recibi\u00f3 el rechazo de 10.000 gargantas la noche de este domingo en el Vel\u00f3dromo de Santiago.<\/p>\n<p>Este y otros problemas pol\u00edticos que afectan a Chile desfilaron, uno por uno, por el escenario de la mano de sus canciones m\u00e1s populares.<\/p>\n<p>Y si \u00abClandestino\u00bb acompa\u00f1\u00f3 a la reclamaci\u00f3n de los derechos del pueblo mapuche, el cantautor, de 51 a\u00f1os, se atrevi\u00f3 a \u00abso\u00f1ar otro mundo\u00bb bajo el cielo del sur; un mundo en el que Chile tuviera educaci\u00f3n p\u00fablica para todos los niveles.<\/p>\n<p>Franc\u00e9s, gallego, portugu\u00e9s, ingl\u00e9s, espa\u00f1ol. La singular torre de Babel de la discograf\u00eda de este artista incluy\u00f3 esta noche un idioma m\u00e1s: el ladrido de un perro, que subi\u00f3 al escenario al igual que otros espont\u00e1neos que bailaron a su lado.<\/p>\n<p>Con Gambeat al bajo, Madjid a la guitarra y su compa\u00f1ero de Mano Negra Philippe Teboul a la bater\u00eda, Manu Chao prepar\u00f3 un c\u00f3ctel de fiesta y compromiso social capaz de agotar las pilas de sus miles de seguidores.<\/p>\n<p>Con constantes entradas y salidas del escenario, el cuarteto de Manu Chao estuvo jugando al despiste con los fans chilenos durante m\u00e1s de media hora. Un sinf\u00edn de bises en los que nadie dej\u00f3 de saltar ni por un momento.<\/p>\n<p>Todos los temas parec\u00edan el \u00faltimo y el p\u00fablico, que ya se hab\u00eda dejado la piel con \u00abLoiloiloi\u00bb, se esforz\u00f3 por bailar la \u00abRumba de Barcelona\u00bb mientras esperaba la ansiada \u00abMala vida\u00bb.<\/p>\n<p>El latido de su coraz\u00f3n marc\u00f3 el ritmo de \u00abMe gustas t\u00fa\u00bb. Mientras el artista recordaba todas esas cosas que le gustan, golpeaba el micr\u00f3fono contra su pecho para hacer la percusi\u00f3n.<\/p>\n<p>Combin\u00f3 cuidadosamente sus canciones m\u00e1s recientes con los temas m\u00e1s conocidos y siempre a ritmo de guitarra se oyeron desde ritmos \u00abreggae\u00bb hasta un solo de Madjid en el que solo se pod\u00eda gritar \u00abol\u00e9\u00bb.<\/p>\n<p>Una larga despedida cargada de emoci\u00f3n al son de una ranchera de Vicente Fern\u00e1ndez. \u00abY volver, volver, volver a Santiago otra vez\u00bb, cantaba apenado Manu Chao, y aunque a\u00fan no se sabe cuando regresar\u00e1 a Chile, como el mismo dice, \u00abpase lo que pase, sea lo que sea, Pr\u00f3xima estaci\u00f3n, Esperanza.\u00bb<\/p>\n<p>Por Ana P\u00e9rez L\u00f3pez.<\/p>\n","protected":false},"excerpt":{"rendered":"<p>Santiago de Chile, 9 dic (EFE).- El artista francoespa\u00f1ol Manu Chao prest\u00f3 esta noche la voz y el escenario a los que gritan contra la llamada ley Monsanto, durante un concierto en el que la fiesta y el compromiso social fueron los grandes protagonistas. El \u00abdesaparecido\u00bb m\u00e1s multicultural del mundo desbord\u00f3 energ\u00eda durante tres horas [&hellip;]<\/p>\n","protected":false},"author":1,"featured_media":459689,"comment_status":"closed","ping_status":"open","sticky":false,"template":"","format":"standard","meta":{"footnotes":""},"categories":[50],"tags":[],"class_list":["post-459688","post","type-post","status-publish","format-standard","has-post-thumbnail","hentry","category-revista-de-ocio"],"aioseo_notices":[],"aioseo_head":"\n\t\t<!-- All in One SEO Pro 5.0.1 - aioseo.com -->\n\t<meta name=\"description\" content=\"Santiago de Chile, 9 dic (EFE).- El artista francoespa\u00f1ol Manu Chao prest\u00f3 esta noche la voz y el escenario a los que gritan contra la llamada ley Monsanto, durante un concierto en el que la fiesta y el compromiso social fueron los grandes protagonistas. El &quot;desaparecido&quot; m\u00e1s multicultural del mundo desbord\u00f3 energ\u00eda durante tres horas\" \/>\n\t<meta name=\"robots\" content=\"max-image-preview:large\" \/>\n\t<meta name=\"author\" content=\"El Digital de Asturias\"\/>\n\t<meta name=\"google-site-verification\" content=\"UA-38556648-1\" \/>\n\t<meta name=\"msvalidate.01\" content=\"7dfe9f3f1b24437ab69f4f2559babe99\" \/>\n\t<meta name=\"keywords\" content=\"revista de ocio\" \/>\n\t<link rel=\"canonical\" href=\"https:\/\/www.eldigitaldeasturias.com\/noticias\/manu-chao-manda-a-monsanto-fuera-de-latinoamerica-y-del-mundo\/\" \/>\n\t<meta name=\"generator\" content=\"All in One SEO Pro (AIOSEO) 5.0.1\" \/>\n\t\t<meta property=\"og:locale\" content=\"es_ES\" \/>\n\t\t<meta property=\"og:site_name\" content=\"El Digital de Asturias\" \/>\n\t\t<meta property=\"og:type\" content=\"article\" \/>\n\t\t<meta property=\"og:title\" content=\"Manu Chao manda a Monsanto \u00abfuera de Latinoam\u00e9rica y del mundo\u00bb - El Digital de Asturias\" \/>\n\t\t<meta property=\"og:description\" content=\"Santiago de Chile, 9 dic (EFE).- El artista francoespa\u00f1ol Manu Chao prest\u00f3 esta noche la voz y el escenario a los que gritan contra la llamada ley Monsanto, durante un concierto en el que la fiesta y el compromiso social fueron los grandes protagonistas. El &quot;desaparecido&quot; m\u00e1s multicultural del mundo desbord\u00f3 energ\u00eda durante tres horas\" \/>\n\t\t<meta property=\"og:url\" content=\"https:\/\/www.eldigitaldeasturias.com\/noticias\/manu-chao-manda-a-monsanto-fuera-de-latinoamerica-y-del-mundo\/\" \/>\n\t\t<meta property=\"article:tag\" content=\"revista de ocio\" \/>\n\t\t<meta property=\"article:published_time\" content=\"2013-12-09T12:58:54+00:00\" \/>\n\t\t<meta property=\"article:modified_time\" content=\"2013-12-09T12:58:54+00:00\" \/>\n\t\t<meta property=\"article:publisher\" content=\"https:\/\/facebook.com\/eldigitaldeasturias\" \/>\n\t\t<meta name=\"twitter:card\" content=\"summary_large_image\" \/>\n\t\t<meta name=\"twitter:title\" content=\"Manu Chao manda a Monsanto \u00abfuera de Latinoam\u00e9rica y del mundo\u00bb - El Digital de Asturias\" \/>\n\t\t<meta name=\"twitter:description\" content=\"Santiago de Chile, 9 dic (EFE).- El artista francoespa\u00f1ol Manu Chao prest\u00f3 esta noche la voz y el escenario a los que gritan contra la llamada ley Monsanto, durante un concierto en el que la fiesta y el compromiso social fueron los grandes protagonistas. El &quot;desaparecido&quot; m\u00e1s multicultural del mundo desbord\u00f3 energ\u00eda durante tres horas\" \/>\n\t\t<meta name=\"twitter:label1\" content=\"Escrito por\" \/>\n\t\t<meta name=\"twitter:data1\" content=\"El Digital de Asturias\" \/>\n\t\t<meta name=\"twitter:label2\" content=\"Tiempo de lectura estimado\" \/>\n\t\t<meta name=\"twitter:data2\" content=\"3 minutos\" \/>\n\t\t<script type=\"application\/ld+json\" class=\"aioseo-schema\">\n\t\t\t{\"@context\":\"https:\\\/\\\/schema.org\",\"@graph\":[{\"@type\":\"BlogPosting\",\"@id\":\"https:\\\/\\\/www.eldigitaldeasturias.com\\\/noticias\\\/manu-chao-manda-a-monsanto-fuera-de-latinoamerica-y-del-mundo\\\/#blogposting\",\"name\":\"Manu Chao manda a Monsanto \\u00abfuera de Latinoam\\u00e9rica y del mundo\\u00bb - El Digital de Asturias\",\"headline\":\"Manu Chao manda a Monsanto \\u00abfuera de Latinoam\\u00e9rica y del mundo\\u00bb\",\"author\":{\"@id\":\"https:\\\/\\\/www.eldigitaldeasturias.com\\\/noticias\\\/author\\\/admin\\\/#author\"},\"publisher\":{\"@id\":\"https:\\\/\\\/www.eldigitaldeasturias.com\\\/noticias\\\/#organization\"},\"image\":{\"@type\":\"ImageObject\",\"url\":459689},\"datePublished\":\"2013-12-09T11:58:54+01:00\",\"dateModified\":\"2013-12-09T11:58:54+01:00\",\"inLanguage\":\"es-ES\",\"mainEntityOfPage\":{\"@id\":\"https:\\\/\\\/www.eldigitaldeasturias.com\\\/noticias\\\/manu-chao-manda-a-monsanto-fuera-de-latinoamerica-y-del-mundo\\\/#webpage\"},\"isPartOf\":{\"@id\":\"https:\\\/\\\/www.eldigitaldeasturias.com\\\/noticias\\\/manu-chao-manda-a-monsanto-fuera-de-latinoamerica-y-del-mundo\\\/#webpage\"},\"articleSection\":\"Revista de Ocio\"},{\"@type\":\"BreadcrumbList\",\"@id\":\"https:\\\/\\\/www.eldigitaldeasturias.com\\\/noticias\\\/manu-chao-manda-a-monsanto-fuera-de-latinoamerica-y-del-mundo\\\/#breadcrumblist\",\"itemListElement\":[{\"@type\":\"ListItem\",\"@id\":\"https:\\\/\\\/www.eldigitaldeasturias.com\\\/noticias#listItem\",\"position\":1,\"name\":\"Home\",\"item\":\"https:\\\/\\\/www.eldigitaldeasturias.com\\\/noticias\",\"nextItem\":{\"@type\":\"ListItem\",\"@id\":\"https:\\\/\\\/www.eldigitaldeasturias.com\\\/noticias\\\/category\\\/revista-de-ocio\\\/#listItem\",\"name\":\"Revista de Ocio\"}},{\"@type\":\"ListItem\",\"@id\":\"https:\\\/\\\/www.eldigitaldeasturias.com\\\/noticias\\\/category\\\/revista-de-ocio\\\/#listItem\",\"position\":2,\"name\":\"Revista de Ocio\",\"item\":\"https:\\\/\\\/www.eldigitaldeasturias.com\\\/noticias\\\/category\\\/revista-de-ocio\\\/\",\"nextItem\":{\"@type\":\"ListItem\",\"@id\":\"https:\\\/\\\/www.eldigitaldeasturias.com\\\/noticias\\\/manu-chao-manda-a-monsanto-fuera-de-latinoamerica-y-del-mundo\\\/#listItem\",\"name\":\"Manu Chao manda a Monsanto \\u00abfuera de Latinoam\\u00e9rica y del mundo\\u00bb\"},\"previousItem\":{\"@type\":\"ListItem\",\"@id\":\"https:\\\/\\\/www.eldigitaldeasturias.com\\\/noticias#listItem\",\"name\":\"Home\"}},{\"@type\":\"ListItem\",\"@id\":\"https:\\\/\\\/www.eldigitaldeasturias.com\\\/noticias\\\/manu-chao-manda-a-monsanto-fuera-de-latinoamerica-y-del-mundo\\\/#listItem\",\"position\":3,\"name\":\"Manu Chao manda a Monsanto \\u00abfuera de Latinoam\\u00e9rica y del mundo\\u00bb\",\"previousItem\":{\"@type\":\"ListItem\",\"@id\":\"https:\\\/\\\/www.eldigitaldeasturias.com\\\/noticias\\\/category\\\/revista-de-ocio\\\/#listItem\",\"name\":\"Revista de Ocio\"}}]},{\"@type\":\"Organization\",\"@id\":\"https:\\\/\\\/www.eldigitaldeasturias.com\\\/noticias\\\/#organization\",\"name\":\"El Digital de Asturias\",\"description\":\"Hemeroteca\",\"url\":\"https:\\\/\\\/www.eldigitaldeasturias.com\\\/noticias\\\/\",\"email\":\"info@eldigitaldeasturias.com\",\"telephone\":\"+34652131393\",\"logo\":{\"@type\":\"ImageObject\",\"url\":\"https:\\\/\\\/www.eldigitaldeasturias.com\\\/noticias\\\/wp-content\\\/uploads\\\/2020\\\/12\\\/EDA.jpg\",\"@id\":\"https:\\\/\\\/www.eldigitaldeasturias.com\\\/noticias\\\/manu-chao-manda-a-monsanto-fuera-de-latinoamerica-y-del-mundo\\\/#organizationLogo\"},\"image\":{\"@id\":\"https:\\\/\\\/www.eldigitaldeasturias.com\\\/noticias\\\/manu-chao-manda-a-monsanto-fuera-de-latinoamerica-y-del-mundo\\\/#organizationLogo\"},\"sameAs\":[\"https:\\\/\\\/facebook.com\\\/eldigitaldeasturias\",\"https:\\\/\\\/www.youtube.com\\\/channel\\\/UCZP-2wLEB9Rv6erhFmqVnvg\"],\"address\":{\"@id\":\"https:\\\/\\\/www.eldigitaldeasturias.com\\\/noticias\\\/#postaladdress\",\"@type\":\"PostalAddress\",\"streetAddress\":\"san antonio 4\",\"postalCode\":\"33430\",\"addressLocality\":\"Cand\\u00e1s\",\"addressRegion\":\"Asturias\",\"addressCountry\":\"ES\"}},{\"@type\":\"Person\",\"@id\":\"https:\\\/\\\/www.eldigitaldeasturias.com\\\/noticias\\\/author\\\/admin\\\/#author\",\"url\":\"https:\\\/\\\/www.eldigitaldeasturias.com\\\/noticias\\\/author\\\/admin\\\/\",\"name\":\"El Digital de Asturias\",\"image\":{\"@type\":\"ImageObject\",\"@id\":\"https:\\\/\\\/www.eldigitaldeasturias.com\\\/noticias\\\/manu-chao-manda-a-monsanto-fuera-de-latinoamerica-y-del-mundo\\\/#authorImage\",\"url\":\"https:\\\/\\\/secure.gravatar.com\\\/avatar\\\/df2aeffc32bcd13f8d26072ef8a91b623d677766deac7f97ca815868cd41bf5e?s=96&d=mm&r=g\",\"width\":96,\"height\":96,\"caption\":\"El Digital de Asturias\"}},{\"@type\":\"WebPage\",\"@id\":\"https:\\\/\\\/www.eldigitaldeasturias.com\\\/noticias\\\/manu-chao-manda-a-monsanto-fuera-de-latinoamerica-y-del-mundo\\\/#webpage\",\"url\":\"https:\\\/\\\/www.eldigitaldeasturias.com\\\/noticias\\\/manu-chao-manda-a-monsanto-fuera-de-latinoamerica-y-del-mundo\\\/\",\"name\":\"Manu Chao manda a Monsanto \\u00abfuera de Latinoam\\u00e9rica y del mundo\\u00bb - El Digital de Asturias\",\"description\":\"Santiago de Chile, 9 dic (EFE).- El artista francoespa\\u00f1ol Manu Chao prest\\u00f3 esta noche la voz y el escenario a los que gritan contra la llamada ley Monsanto, durante un concierto en el que la fiesta y el compromiso social fueron los grandes protagonistas. El \\\"desaparecido\\\" m\\u00e1s multicultural del mundo desbord\\u00f3 energ\\u00eda durante tres horas\",\"inLanguage\":\"es-ES\",\"isPartOf\":{\"@id\":\"https:\\\/\\\/www.eldigitaldeasturias.com\\\/noticias\\\/#website\"},\"breadcrumb\":{\"@id\":\"https:\\\/\\\/www.eldigitaldeasturias.com\\\/noticias\\\/manu-chao-manda-a-monsanto-fuera-de-latinoamerica-y-del-mundo\\\/#breadcrumblist\"},\"author\":{\"@id\":\"https:\\\/\\\/www.eldigitaldeasturias.com\\\/noticias\\\/author\\\/admin\\\/#author\"},\"creator\":{\"@id\":\"https:\\\/\\\/www.eldigitaldeasturias.com\\\/noticias\\\/author\\\/admin\\\/#author\"},\"image\":{\"@type\":\"ImageObject\",\"url\":459689,\"@id\":\"https:\\\/\\\/www.eldigitaldeasturias.com\\\/noticias\\\/manu-chao-manda-a-monsanto-fuera-de-latinoamerica-y-del-mundo\\\/#mainImage\"},\"primaryImageOfPage\":{\"@id\":\"https:\\\/\\\/www.eldigitaldeasturias.com\\\/noticias\\\/manu-chao-manda-a-monsanto-fuera-de-latinoamerica-y-del-mundo\\\/#mainImage\"},\"datePublished\":\"2013-12-09T11:58:54+01:00\",\"dateModified\":\"2013-12-09T11:58:54+01:00\"},{\"@type\":\"WebSite\",\"@id\":\"https:\\\/\\\/www.eldigitaldeasturias.com\\\/noticias\\\/#website\",\"url\":\"https:\\\/\\\/www.eldigitaldeasturias.com\\\/noticias\\\/\",\"name\":\"El Digital de Asturias - Diario de actualidad y noticias\",\"alternateName\":\"El Digital de Asturias - Diario de actualidad y noticias\",\"description\":\"Hemeroteca\",\"inLanguage\":\"es-ES\",\"publisher\":{\"@id\":\"https:\\\/\\\/www.eldigitaldeasturias.com\\\/noticias\\\/#organization\"}}]}\n\t\t<\/script>\n\t\t<!-- All in One SEO Pro -->\r\n\t\t<title>Manu Chao manda a Monsanto \u00abfuera de Latinoam\u00e9rica y del mundo\u00bb - El Digital de Asturias<\/title>\n\n","aioseo_head_json":{"title":"Manu Chao manda a Monsanto \u00abfuera de Latinoam\u00e9rica y del mundo\u00bb - El Digital de Asturias","description":"Santiago de Chile, 9 dic (EFE).- El artista francoespa\u00f1ol Manu Chao prest\u00f3 esta noche la voz y el escenario a los que gritan contra la llamada ley Monsanto, durante un concierto en el que la fiesta y el compromiso social fueron los grandes protagonistas. El \"desaparecido\" m\u00e1s multicultural del mundo desbord\u00f3 energ\u00eda durante tres horas","canonical_url":"https:\/\/www.eldigitaldeasturias.com\/noticias\/manu-chao-manda-a-monsanto-fuera-de-latinoamerica-y-del-mundo\/","robots":"max-image-preview:large","keywords":"revista de ocio","webmasterTools":{"google-site-verification":"UA-38556648-1","msvalidate.01":"7dfe9f3f1b24437ab69f4f2559babe99","miscellaneous":""},"schema":{"@context":"https:\/\/schema.org","@graph":[{"@type":"BlogPosting","@id":"https:\/\/www.eldigitaldeasturias.com\/noticias\/manu-chao-manda-a-monsanto-fuera-de-latinoamerica-y-del-mundo\/#blogposting","name":"Manu Chao manda a Monsanto \u00abfuera de Latinoam\u00e9rica y del mundo\u00bb - El Digital de Asturias","headline":"Manu Chao manda a Monsanto \u00abfuera de Latinoam\u00e9rica y del mundo\u00bb","author":{"@id":"https:\/\/www.eldigitaldeasturias.com\/noticias\/author\/admin\/#author"},"publisher":{"@id":"https:\/\/www.eldigitaldeasturias.com\/noticias\/#organization"},"image":{"@type":"ImageObject","url":459689},"datePublished":"2013-12-09T11:58:54+01:00","dateModified":"2013-12-09T11:58:54+01:00","inLanguage":"es-ES","mainEntityOfPage":{"@id":"https:\/\/www.eldigitaldeasturias.com\/noticias\/manu-chao-manda-a-monsanto-fuera-de-latinoamerica-y-del-mundo\/#webpage"},"isPartOf":{"@id":"https:\/\/www.eldigitaldeasturias.com\/noticias\/manu-chao-manda-a-monsanto-fuera-de-latinoamerica-y-del-mundo\/#webpage"},"articleSection":"Revista de Ocio"},{"@type":"BreadcrumbList","@id":"https:\/\/www.eldigitaldeasturias.com\/noticias\/manu-chao-manda-a-monsanto-fuera-de-latinoamerica-y-del-mundo\/#breadcrumblist","itemListElement":[{"@type":"ListItem","@id":"https:\/\/www.eldigitaldeasturias.com\/noticias#listItem","position":1,"name":"Home","item":"https:\/\/www.eldigitaldeasturias.com\/noticias","nextItem":{"@type":"ListItem","@id":"https:\/\/www.eldigitaldeasturias.com\/noticias\/category\/revista-de-ocio\/#listItem","name":"Revista de Ocio"}},{"@type":"ListItem","@id":"https:\/\/www.eldigitaldeasturias.com\/noticias\/category\/revista-de-ocio\/#listItem","position":2,"name":"Revista de Ocio","item":"https:\/\/www.eldigitaldeasturias.com\/noticias\/category\/revista-de-ocio\/","nextItem":{"@type":"ListItem","@id":"https:\/\/www.eldigitaldeasturias.com\/noticias\/manu-chao-manda-a-monsanto-fuera-de-latinoamerica-y-del-mundo\/#listItem","name":"Manu Chao manda a Monsanto \u00abfuera de Latinoam\u00e9rica y del mundo\u00bb"},"previousItem":{"@type":"ListItem","@id":"https:\/\/www.eldigitaldeasturias.com\/noticias#listItem","name":"Home"}},{"@type":"ListItem","@id":"https:\/\/www.eldigitaldeasturias.com\/noticias\/manu-chao-manda-a-monsanto-fuera-de-latinoamerica-y-del-mundo\/#listItem","position":3,"name":"Manu Chao manda a Monsanto \u00abfuera de Latinoam\u00e9rica y del mundo\u00bb","previousItem":{"@type":"ListItem","@id":"https:\/\/www.eldigitaldeasturias.com\/noticias\/category\/revista-de-ocio\/#listItem","name":"Revista de Ocio"}}]},{"@type":"Organization","@id":"https:\/\/www.eldigitaldeasturias.com\/noticias\/#organization","name":"El Digital de Asturias","description":"Hemeroteca","url":"https:\/\/www.eldigitaldeasturias.com\/noticias\/","email":"info@eldigitaldeasturias.com","telephone":"+34652131393","logo":{"@type":"ImageObject","url":"https:\/\/www.eldigitaldeasturias.com\/noticias\/wp-content\/uploads\/2020\/12\/EDA.jpg","@id":"https:\/\/www.eldigitaldeasturias.com\/noticias\/manu-chao-manda-a-monsanto-fuera-de-latinoamerica-y-del-mundo\/#organizationLogo"},"image":{"@id":"https:\/\/www.eldigitaldeasturias.com\/noticias\/manu-chao-manda-a-monsanto-fuera-de-latinoamerica-y-del-mundo\/#organizationLogo"},"sameAs":["https:\/\/facebook.com\/eldigitaldeasturias","https:\/\/www.youtube.com\/channel\/UCZP-2wLEB9Rv6erhFmqVnvg"],"address":{"@id":"https:\/\/www.eldigitaldeasturias.com\/noticias\/#postaladdress","@type":"PostalAddress","streetAddress":"san antonio 4","postalCode":"33430","addressLocality":"Cand\u00e1s","addressRegion":"Asturias","addressCountry":"ES"}},{"@type":"Person","@id":"https:\/\/www.eldigitaldeasturias.com\/noticias\/author\/admin\/#author","url":"https:\/\/www.eldigitaldeasturias.com\/noticias\/author\/admin\/","name":"El Digital de Asturias","image":{"@type":"ImageObject","@id":"https:\/\/www.eldigitaldeasturias.com\/noticias\/manu-chao-manda-a-monsanto-fuera-de-latinoamerica-y-del-mundo\/#authorImage","url":"https:\/\/secure.gravatar.com\/avatar\/df2aeffc32bcd13f8d26072ef8a91b623d677766deac7f97ca815868cd41bf5e?s=96&d=mm&r=g","width":96,"height":96,"caption":"El Digital de Asturias"}},{"@type":"WebPage","@id":"https:\/\/www.eldigitaldeasturias.com\/noticias\/manu-chao-manda-a-monsanto-fuera-de-latinoamerica-y-del-mundo\/#webpage","url":"https:\/\/www.eldigitaldeasturias.com\/noticias\/manu-chao-manda-a-monsanto-fuera-de-latinoamerica-y-del-mundo\/","name":"Manu Chao manda a Monsanto \u00abfuera de Latinoam\u00e9rica y del mundo\u00bb - El Digital de Asturias","description":"Santiago de Chile, 9 dic (EFE).- El artista francoespa\u00f1ol Manu Chao prest\u00f3 esta noche la voz y el escenario a los que gritan contra la llamada ley Monsanto, durante un concierto en el que la fiesta y el compromiso social fueron los grandes protagonistas. El \"desaparecido\" m\u00e1s multicultural del mundo desbord\u00f3 energ\u00eda durante tres horas","inLanguage":"es-ES","isPartOf":{"@id":"https:\/\/www.eldigitaldeasturias.com\/noticias\/#website"},"breadcrumb":{"@id":"https:\/\/www.eldigitaldeasturias.com\/noticias\/manu-chao-manda-a-monsanto-fuera-de-latinoamerica-y-del-mundo\/#breadcrumblist"},"author":{"@id":"https:\/\/www.eldigitaldeasturias.com\/noticias\/author\/admin\/#author"},"creator":{"@id":"https:\/\/www.eldigitaldeasturias.com\/noticias\/author\/admin\/#author"},"image":{"@type":"ImageObject","url":459689,"@id":"https:\/\/www.eldigitaldeasturias.com\/noticias\/manu-chao-manda-a-monsanto-fuera-de-latinoamerica-y-del-mundo\/#mainImage"},"primaryImageOfPage":{"@id":"https:\/\/www.eldigitaldeasturias.com\/noticias\/manu-chao-manda-a-monsanto-fuera-de-latinoamerica-y-del-mundo\/#mainImage"},"datePublished":"2013-12-09T11:58:54+01:00","dateModified":"2013-12-09T11:58:54+01:00"},{"@type":"WebSite","@id":"https:\/\/www.eldigitaldeasturias.com\/noticias\/#website","url":"https:\/\/www.eldigitaldeasturias.com\/noticias\/","name":"El Digital de Asturias - Diario de actualidad y noticias","alternateName":"El Digital de Asturias - Diario de actualidad y noticias","description":"Hemeroteca","inLanguage":"es-ES","publisher":{"@id":"https:\/\/www.eldigitaldeasturias.com\/noticias\/#organization"}}]},"og:locale":"es_ES","og:site_name":"El Digital de Asturias","og:type":"article","og:title":"Manu Chao manda a Monsanto \u00abfuera de Latinoam\u00e9rica y del mundo\u00bb - El Digital de Asturias","og:description":"Santiago de Chile, 9 dic (EFE).- El artista francoespa\u00f1ol Manu Chao prest\u00f3 esta noche la voz y el escenario a los que gritan contra la llamada ley Monsanto, durante un concierto en el que la fiesta y el compromiso social fueron los grandes protagonistas. El &quot;desaparecido&quot; m\u00e1s multicultural del mundo desbord\u00f3 energ\u00eda durante tres horas","og:url":"https:\/\/www.eldigitaldeasturias.com\/noticias\/manu-chao-manda-a-monsanto-fuera-de-latinoamerica-y-del-mundo\/","article:tag":["revista de ocio"],"article:published_time":"2013-12-09T12:58:54+00:00","article:modified_time":"2013-12-09T12:58:54+00:00","article:publisher":"https:\/\/facebook.com\/eldigitaldeasturias","twitter:card":"summary_large_image","twitter:title":"Manu Chao manda a Monsanto \u00abfuera de Latinoam\u00e9rica y del mundo\u00bb - El Digital de Asturias","twitter:description":"Santiago de Chile, 9 dic (EFE).- El artista francoespa\u00f1ol Manu Chao prest\u00f3 esta noche la voz y el escenario a los que gritan contra la llamada ley Monsanto, durante un concierto en el que la fiesta y el compromiso social fueron los grandes protagonistas. El &quot;desaparecido&quot; m\u00e1s multicultural del mundo desbord\u00f3 energ\u00eda durante tres horas","twitter:label1":"Escrito por","twitter:data1":"El Digital de Asturias","twitter:label2":"Tiempo de lectura estimado","twitter:data2":"3 minutos"},"aioseo_meta_data":{"post_id":"459688","title":null,"description":null,"keywords":null,"keyphrases":null,"primary_term":null,"canonical_url":null,"og_title":null,"og_description":null,"og_object_type":"default","og_image_type":"default","og_image_url":null,"og_image_width":null,"og_image_height":null,"og_image_custom_url":null,"og_image_custom_fields":null,"og_video":null,"og_custom_url":null,"og_article_section":null,"og_article_tags":null,"twitter_use_og":true,"twitter_card":"default","twitter_image_type":"default","twitter_image_url":null,"twitter_image_custom_url":null,"twitter_image_custom_fields":null,"twitter_title":null,"twitter_description":null,"schema":{"blockGraphs":[],"customGraphs":[],"default":{"data":{"Article":[],"Course":[],"Dataset":[],"FAQPage":[],"Movie":[],"Person":[],"Product":[],"ProductReview":[],"Car":[],"Recipe":[],"Service":[],"SoftwareApplication":[],"WebPage":[]},"graphName":"","isEnabled":true},"graphs":[],"defaultGraph":"","defaultPostTypeGraph":""},"schema_type":null,"schema_type_options":null,"pillar_content":false,"robots_default":true,"robots_noindex":false,"robots_noarchive":false,"robots_nosnippet":false,"robots_nofollow":false,"robots_noimageindex":false,"robots_noodp":false,"robots_notranslate":false,"robots_max_snippet":null,"robots_max_videopreview":null,"robots_max_imagepreview":"none","priority":null,"frequency":null,"local_seo":null,"seo_analyzer_scan_date":"2026-05-30 10:15:59","breadcrumb_settings":null,"limit_modified_date":false,"open_ai":null,"ai":null,"created":"2020-11-14 22:47:38","updated":"2026-05-30 10:15:59","focus_keyword":null,"additional_keywords":null,"truseo_locale":null},"aioseo_breadcrumb":"<div class=\"aioseo-breadcrumbs\"><span class=\"aioseo-breadcrumb\">\n\t<a href=\"https:\/\/www.eldigitaldeasturias.com\/noticias\" title=\"Home\">Home<\/a>\n<\/span><span class=\"aioseo-breadcrumb-separator\">\u2013<\/span><span class=\"aioseo-breadcrumb\">\n\t<a href=\"https:\/\/www.eldigitaldeasturias.com\/noticias\/category\/revista-de-ocio\/\" title=\"Revista de Ocio\">Revista de Ocio<\/a>\n<\/span><span class=\"aioseo-breadcrumb-separator\">\u2013<\/span><span class=\"aioseo-breadcrumb\">\n\t<a href=\"https:\/\/www.eldigitaldeasturias.com\/noticias\/manu-chao-manda-a-monsanto-fuera-de-latinoamerica-y-del-mundo\/\" title=\"Manu Chao manda a Monsanto \u00abfuera de Latinoam\u00e9rica y del mundo\u00bb\">Manu Chao manda a Monsanto \u00abfuera de Latinoam\u00e9rica y del mundo\u00bb<\/a>\n<\/span><\/div>","aioseo_breadcrumb_json":[{"label":"Home","link":"https:\/\/www.eldigitaldeasturias.com\/noticias"},{"label":"Revista de Ocio","link":"https:\/\/www.eldigitaldeasturias.com\/noticias\/category\/revista-de-ocio\/"},{"label":"Manu Chao manda a Monsanto \u00abfuera de Latinoam\u00e9rica y del mundo\u00bb","link":"https:\/\/www.eldigitaldeasturias.com\/noticias\/manu-chao-manda-a-monsanto-fuera-de-latinoamerica-y-del-mundo\/"}],"_links":{"self":[{"href":"https:\/\/www.eldigitaldeasturias.com\/noticias\/wp-json\/wp\/v2\/posts\/459688","targetHints":{"allow":["GET"]}}],"collection":[{"href":"https:\/\/www.eldigitaldeasturias.com\/noticias\/wp-json\/wp\/v2\/posts"}],"about":[{"href":"https:\/\/www.eldigitaldeasturias.com\/noticias\/wp-json\/wp\/v2\/types\/post"}],"author":[{"embeddable":true,"href":"https:\/\/www.eldigitaldeasturias.com\/noticias\/wp-json\/wp\/v2\/users\/1"}],"replies":[{"embeddable":true,"href":"https:\/\/www.eldigitaldeasturias.com\/noticias\/wp-json\/wp\/v2\/comments?post=459688"}],"version-history":[{"count":0,"href":"https:\/\/www.eldigitaldeasturias.com\/noticias\/wp-json\/wp\/v2\/posts\/459688\/revisions"}],"wp:attachment":[{"href":"https:\/\/www.eldigitaldeasturias.com\/noticias\/wp-json\/wp\/v2\/media?parent=459688"}],"wp:term":[{"taxonomy":"category","embeddable":true,"href":"https:\/\/www.eldigitaldeasturias.com\/noticias\/wp-json\/wp\/v2\/categories?post=459688"},{"taxonomy":"post_tag","embeddable":true,"href":"https:\/\/www.eldigitaldeasturias.com\/noticias\/wp-json\/wp\/v2\/tags?post=459688"}],"curies":[{"name":"wp","href":"https:\/\/api.w.org\/{rel}","templated":true}]}}