{"id":459682,"date":"2013-12-09T11:56:08","date_gmt":"2013-12-09T12:56:08","guid":{"rendered":"http:\/\/www.eldigitaldeasturias.com\/noticias\/?p=459682"},"modified":"2013-12-09T11:56:08","modified_gmt":"2013-12-09T12:56:08","slug":"muere-una-nina-de-tres-anos-en-un-incendio-en-una-casa-en-balaguer","status":"publish","type":"post","link":"https:\/\/www.eldigitaldeasturias.com\/noticias\/muere-una-nina-de-tres-anos-en-un-incendio-en-una-casa-en-balaguer\/","title":{"rendered":"Muere una ni\u00f1a de tres a\u00f1os en un incendio en una casa en Balaguer"},"content":{"rendered":"<p><img loading=\"lazy\" decoding=\"async\" class=\"alignleft size-medium wp-image-459683\" alt=\"5780656w\" src=\"https:\/\/www.eldigitaldeasturias.com\/noticias\/wp-content\/uploads\/2013\/12\/5780656w-360x233.jpg\" width=\"360\" height=\"233\" \/>Barcelona, 9 dic (EFE).- Una ni\u00f1a de tres a\u00f1os ha muerto en un incendio que se declar\u00f3 la pasada noche en una casa en Balaguer (Lleida), han informado hoy los Bomberos de la Generalitat.<\/p>\n<p>Seg\u00fan han indicado en un comunicado, los bomberos recibieron anoche, a las 23.15 horas, un aviso de incendio en una casa de la calle Cuartel, en la localidad de Balaguer (Noguera).<\/p>\n<p>Seis dotaciones de bomberos trabajaron en las tareas de extinci\u00f3n del fuego que se inici\u00f3 en la primera planta de la casa, por causas que se desconocen, y que provoc\u00f3 el derrumbe parcial del techo de la segunda planta.<\/p>\n<p>Poco antes de la medianoche, el fuego hab\u00eda quedado extinguido aunque toda la casa estaba llena de humo, han precisado los bomberos que hallaron entonces el cuerpo sin vida de la ni\u00f1a en las escaleras que llevaban al segundo piso de la vivienda.<\/p>\n<p>Dos unidades del Servicio de Emergencias M\u00e9dicas (SEM), diversas patrullas de los Mossos d&#8217;Esquadra y efectivos de la Polic\u00eda Local se desplazaron al lugar del siniestro.<\/p>\n","protected":false},"excerpt":{"rendered":"<p>Barcelona, 9 dic (EFE).- Una ni\u00f1a de tres a\u00f1os ha muerto en un incendio que se declar\u00f3 la pasada noche en una casa en Balaguer (Lleida), han informado hoy los Bomberos de la Generalitat. Seg\u00fan han indicado en un comunicado, los bomberos recibieron anoche, a las 23.15 horas, un aviso de incendio en una casa [&hellip;]<\/p>\n","protected":false},"author":1,"featured_media":459683,"comment_status":"closed","ping_status":"open","sticky":false,"template":"","format":"standard","meta":{"footnotes":""},"categories":[5],"tags":[],"class_list":["post-459682","post","type-post","status-publish","format-standard","has-post-thumbnail","hentry","category-sucesos"],"aioseo_notices":[],"aioseo_head":"\n\t\t<!-- All in One SEO Pro 5.0.1 - aioseo.com -->\n\t<meta name=\"description\" content=\"Barcelona, 9 dic (EFE).- Una ni\u00f1a de tres a\u00f1os ha muerto en un incendio que se declar\u00f3 la pasada noche en una casa en Balaguer (Lleida), han informado hoy los Bomberos de la Generalitat. Seg\u00fan han indicado en un comunicado, los bomberos recibieron anoche, a las 23.15 horas, un aviso de incendio en una casa\" \/>\n\t<meta name=\"robots\" content=\"max-image-preview:large\" \/>\n\t<meta name=\"author\" content=\"El Digital de Asturias\"\/>\n\t<meta name=\"google-site-verification\" content=\"UA-38556648-1\" \/>\n\t<meta name=\"msvalidate.01\" content=\"7dfe9f3f1b24437ab69f4f2559babe99\" \/>\n\t<meta name=\"keywords\" content=\"sucesos\" \/>\n\t<link rel=\"canonical\" href=\"https:\/\/www.eldigitaldeasturias.com\/noticias\/muere-una-nina-de-tres-anos-en-un-incendio-en-una-casa-en-balaguer\/\" \/>\n\t<meta name=\"generator\" content=\"All in One SEO Pro (AIOSEO) 5.0.1\" \/>\n\t\t<meta property=\"og:locale\" content=\"es_ES\" \/>\n\t\t<meta property=\"og:site_name\" content=\"El Digital de Asturias\" \/>\n\t\t<meta property=\"og:type\" content=\"article\" \/>\n\t\t<meta property=\"og:title\" content=\"Muere una ni\u00f1a de tres a\u00f1os en un incendio en una casa en Balaguer - El Digital de Asturias\" \/>\n\t\t<meta property=\"og:description\" content=\"Barcelona, 9 dic (EFE).- Una ni\u00f1a de tres a\u00f1os ha muerto en un incendio que se declar\u00f3 la pasada noche en una casa en Balaguer (Lleida), han informado hoy los Bomberos de la Generalitat. Seg\u00fan han indicado en un comunicado, los bomberos recibieron anoche, a las 23.15 horas, un aviso de incendio en una casa\" \/>\n\t\t<meta property=\"og:url\" content=\"https:\/\/www.eldigitaldeasturias.com\/noticias\/muere-una-nina-de-tres-anos-en-un-incendio-en-una-casa-en-balaguer\/\" \/>\n\t\t<meta property=\"article:tag\" content=\"sucesos\" \/>\n\t\t<meta property=\"article:published_time\" content=\"2013-12-09T12:56:08+00:00\" \/>\n\t\t<meta property=\"article:modified_time\" content=\"2013-12-09T12:56:08+00:00\" \/>\n\t\t<meta property=\"article:publisher\" content=\"https:\/\/facebook.com\/eldigitaldeasturias\" \/>\n\t\t<meta name=\"twitter:card\" content=\"summary_large_image\" \/>\n\t\t<meta name=\"twitter:title\" content=\"Muere una ni\u00f1a de tres a\u00f1os en un incendio en una casa en Balaguer - El Digital de Asturias\" \/>\n\t\t<meta name=\"twitter:description\" content=\"Barcelona, 9 dic (EFE).- Una ni\u00f1a de tres a\u00f1os ha muerto en un incendio que se declar\u00f3 la pasada noche en una casa en Balaguer (Lleida), han informado hoy los Bomberos de la Generalitat. Seg\u00fan han indicado en un comunicado, los bomberos recibieron anoche, a las 23.15 horas, un aviso de incendio en una casa\" \/>\n\t\t<meta name=\"twitter:label1\" content=\"Escrito por\" \/>\n\t\t<meta name=\"twitter:data1\" content=\"El Digital de Asturias\" \/>\n\t\t<meta name=\"twitter:label2\" content=\"Tiempo de lectura estimado\" \/>\n\t\t<meta name=\"twitter:data2\" content=\"1 minuto\" \/>\n\t\t<script type=\"application\/ld+json\" class=\"aioseo-schema\">\n\t\t\t{\"@context\":\"https:\\\/\\\/schema.org\",\"@graph\":[{\"@type\":\"BlogPosting\",\"@id\":\"https:\\\/\\\/www.eldigitaldeasturias.com\\\/noticias\\\/muere-una-nina-de-tres-anos-en-un-incendio-en-una-casa-en-balaguer\\\/#blogposting\",\"name\":\"Muere una ni\\u00f1a de tres a\\u00f1os en un incendio en una casa en Balaguer - El Digital de Asturias\",\"headline\":\"Muere una ni\\u00f1a de tres a\\u00f1os en un incendio en una casa en Balaguer\",\"author\":{\"@id\":\"https:\\\/\\\/www.eldigitaldeasturias.com\\\/noticias\\\/author\\\/admin\\\/#author\"},\"publisher\":{\"@id\":\"https:\\\/\\\/www.eldigitaldeasturias.com\\\/noticias\\\/#organization\"},\"image\":{\"@type\":\"ImageObject\",\"url\":459683},\"datePublished\":\"2013-12-09T11:56:08+01:00\",\"dateModified\":\"2013-12-09T11:56:08+01:00\",\"inLanguage\":\"es-ES\",\"mainEntityOfPage\":{\"@id\":\"https:\\\/\\\/www.eldigitaldeasturias.com\\\/noticias\\\/muere-una-nina-de-tres-anos-en-un-incendio-en-una-casa-en-balaguer\\\/#webpage\"},\"isPartOf\":{\"@id\":\"https:\\\/\\\/www.eldigitaldeasturias.com\\\/noticias\\\/muere-una-nina-de-tres-anos-en-un-incendio-en-una-casa-en-balaguer\\\/#webpage\"},\"articleSection\":\"Sucesos\"},{\"@type\":\"BreadcrumbList\",\"@id\":\"https:\\\/\\\/www.eldigitaldeasturias.com\\\/noticias\\\/muere-una-nina-de-tres-anos-en-un-incendio-en-una-casa-en-balaguer\\\/#breadcrumblist\",\"itemListElement\":[{\"@type\":\"ListItem\",\"@id\":\"https:\\\/\\\/www.eldigitaldeasturias.com\\\/noticias#listItem\",\"position\":1,\"name\":\"Home\",\"item\":\"https:\\\/\\\/www.eldigitaldeasturias.com\\\/noticias\",\"nextItem\":{\"@type\":\"ListItem\",\"@id\":\"https:\\\/\\\/www.eldigitaldeasturias.com\\\/noticias\\\/category\\\/sucesos\\\/#listItem\",\"name\":\"Sucesos\"}},{\"@type\":\"ListItem\",\"@id\":\"https:\\\/\\\/www.eldigitaldeasturias.com\\\/noticias\\\/category\\\/sucesos\\\/#listItem\",\"position\":2,\"name\":\"Sucesos\",\"item\":\"https:\\\/\\\/www.eldigitaldeasturias.com\\\/noticias\\\/category\\\/sucesos\\\/\",\"nextItem\":{\"@type\":\"ListItem\",\"@id\":\"https:\\\/\\\/www.eldigitaldeasturias.com\\\/noticias\\\/muere-una-nina-de-tres-anos-en-un-incendio-en-una-casa-en-balaguer\\\/#listItem\",\"name\":\"Muere una ni\\u00f1a de tres a\\u00f1os en un incendio en una casa en Balaguer\"},\"previousItem\":{\"@type\":\"ListItem\",\"@id\":\"https:\\\/\\\/www.eldigitaldeasturias.com\\\/noticias#listItem\",\"name\":\"Home\"}},{\"@type\":\"ListItem\",\"@id\":\"https:\\\/\\\/www.eldigitaldeasturias.com\\\/noticias\\\/muere-una-nina-de-tres-anos-en-un-incendio-en-una-casa-en-balaguer\\\/#listItem\",\"position\":3,\"name\":\"Muere una ni\\u00f1a de tres a\\u00f1os en un incendio en una casa en Balaguer\",\"previousItem\":{\"@type\":\"ListItem\",\"@id\":\"https:\\\/\\\/www.eldigitaldeasturias.com\\\/noticias\\\/category\\\/sucesos\\\/#listItem\",\"name\":\"Sucesos\"}}]},{\"@type\":\"Organization\",\"@id\":\"https:\\\/\\\/www.eldigitaldeasturias.com\\\/noticias\\\/#organization\",\"name\":\"El Digital de Asturias\",\"description\":\"Hemeroteca\",\"url\":\"https:\\\/\\\/www.eldigitaldeasturias.com\\\/noticias\\\/\",\"email\":\"info@eldigitaldeasturias.com\",\"telephone\":\"+34652131393\",\"logo\":{\"@type\":\"ImageObject\",\"url\":\"https:\\\/\\\/www.eldigitaldeasturias.com\\\/noticias\\\/wp-content\\\/uploads\\\/2020\\\/12\\\/EDA.jpg\",\"@id\":\"https:\\\/\\\/www.eldigitaldeasturias.com\\\/noticias\\\/muere-una-nina-de-tres-anos-en-un-incendio-en-una-casa-en-balaguer\\\/#organizationLogo\"},\"image\":{\"@id\":\"https:\\\/\\\/www.eldigitaldeasturias.com\\\/noticias\\\/muere-una-nina-de-tres-anos-en-un-incendio-en-una-casa-en-balaguer\\\/#organizationLogo\"},\"sameAs\":[\"https:\\\/\\\/facebook.com\\\/eldigitaldeasturias\",\"https:\\\/\\\/www.youtube.com\\\/channel\\\/UCZP-2wLEB9Rv6erhFmqVnvg\"],\"address\":{\"@id\":\"https:\\\/\\\/www.eldigitaldeasturias.com\\\/noticias\\\/#postaladdress\",\"@type\":\"PostalAddress\",\"streetAddress\":\"san antonio 4\",\"postalCode\":\"33430\",\"addressLocality\":\"Cand\\u00e1s\",\"addressRegion\":\"Asturias\",\"addressCountry\":\"ES\"}},{\"@type\":\"Person\",\"@id\":\"https:\\\/\\\/www.eldigitaldeasturias.com\\\/noticias\\\/author\\\/admin\\\/#author\",\"url\":\"https:\\\/\\\/www.eldigitaldeasturias.com\\\/noticias\\\/author\\\/admin\\\/\",\"name\":\"El Digital de Asturias\",\"image\":{\"@type\":\"ImageObject\",\"@id\":\"https:\\\/\\\/www.eldigitaldeasturias.com\\\/noticias\\\/muere-una-nina-de-tres-anos-en-un-incendio-en-una-casa-en-balaguer\\\/#authorImage\",\"url\":\"https:\\\/\\\/secure.gravatar.com\\\/avatar\\\/df2aeffc32bcd13f8d26072ef8a91b623d677766deac7f97ca815868cd41bf5e?s=96&d=mm&r=g\",\"width\":96,\"height\":96,\"caption\":\"El Digital de Asturias\"}},{\"@type\":\"WebPage\",\"@id\":\"https:\\\/\\\/www.eldigitaldeasturias.com\\\/noticias\\\/muere-una-nina-de-tres-anos-en-un-incendio-en-una-casa-en-balaguer\\\/#webpage\",\"url\":\"https:\\\/\\\/www.eldigitaldeasturias.com\\\/noticias\\\/muere-una-nina-de-tres-anos-en-un-incendio-en-una-casa-en-balaguer\\\/\",\"name\":\"Muere una ni\\u00f1a de tres a\\u00f1os en un incendio en una casa en Balaguer - El Digital de Asturias\",\"description\":\"Barcelona, 9 dic (EFE).- Una ni\\u00f1a de tres a\\u00f1os ha muerto en un incendio que se declar\\u00f3 la pasada noche en una casa en Balaguer (Lleida), han informado hoy los Bomberos de la Generalitat. Seg\\u00fan han indicado en un comunicado, los bomberos recibieron anoche, a las 23.15 horas, un aviso de incendio en una casa\",\"inLanguage\":\"es-ES\",\"isPartOf\":{\"@id\":\"https:\\\/\\\/www.eldigitaldeasturias.com\\\/noticias\\\/#website\"},\"breadcrumb\":{\"@id\":\"https:\\\/\\\/www.eldigitaldeasturias.com\\\/noticias\\\/muere-una-nina-de-tres-anos-en-un-incendio-en-una-casa-en-balaguer\\\/#breadcrumblist\"},\"author\":{\"@id\":\"https:\\\/\\\/www.eldigitaldeasturias.com\\\/noticias\\\/author\\\/admin\\\/#author\"},\"creator\":{\"@id\":\"https:\\\/\\\/www.eldigitaldeasturias.com\\\/noticias\\\/author\\\/admin\\\/#author\"},\"image\":{\"@type\":\"ImageObject\",\"url\":459683,\"@id\":\"https:\\\/\\\/www.eldigitaldeasturias.com\\\/noticias\\\/muere-una-nina-de-tres-anos-en-un-incendio-en-una-casa-en-balaguer\\\/#mainImage\"},\"primaryImageOfPage\":{\"@id\":\"https:\\\/\\\/www.eldigitaldeasturias.com\\\/noticias\\\/muere-una-nina-de-tres-anos-en-un-incendio-en-una-casa-en-balaguer\\\/#mainImage\"},\"datePublished\":\"2013-12-09T11:56:08+01:00\",\"dateModified\":\"2013-12-09T11:56:08+01:00\"},{\"@type\":\"WebSite\",\"@id\":\"https:\\\/\\\/www.eldigitaldeasturias.com\\\/noticias\\\/#website\",\"url\":\"https:\\\/\\\/www.eldigitaldeasturias.com\\\/noticias\\\/\",\"name\":\"El Digital de Asturias - Diario de actualidad y noticias\",\"alternateName\":\"El Digital de Asturias - Diario de actualidad y noticias\",\"description\":\"Hemeroteca\",\"inLanguage\":\"es-ES\",\"publisher\":{\"@id\":\"https:\\\/\\\/www.eldigitaldeasturias.com\\\/noticias\\\/#organization\"}}]}\n\t\t<\/script>\n\t\t<!-- All in One SEO Pro -->\r\n\t\t<title>Muere una ni\u00f1a de tres a\u00f1os en un incendio en una casa en Balaguer - El Digital de Asturias<\/title>\n\n","aioseo_head_json":{"title":"Muere una ni\u00f1a de tres a\u00f1os en un incendio en una casa en Balaguer - El Digital de Asturias","description":"Barcelona, 9 dic (EFE).- Una ni\u00f1a de tres a\u00f1os ha muerto en un incendio que se declar\u00f3 la pasada noche en una casa en Balaguer (Lleida), han informado hoy los Bomberos de la Generalitat. Seg\u00fan han indicado en un comunicado, los bomberos recibieron anoche, a las 23.15 horas, un aviso de incendio en una casa","canonical_url":"https:\/\/www.eldigitaldeasturias.com\/noticias\/muere-una-nina-de-tres-anos-en-un-incendio-en-una-casa-en-balaguer\/","robots":"max-image-preview:large","keywords":"sucesos","webmasterTools":{"google-site-verification":"UA-38556648-1","msvalidate.01":"7dfe9f3f1b24437ab69f4f2559babe99","miscellaneous":""},"schema":{"@context":"https:\/\/schema.org","@graph":[{"@type":"BlogPosting","@id":"https:\/\/www.eldigitaldeasturias.com\/noticias\/muere-una-nina-de-tres-anos-en-un-incendio-en-una-casa-en-balaguer\/#blogposting","name":"Muere una ni\u00f1a de tres a\u00f1os en un incendio en una casa en Balaguer - El Digital de Asturias","headline":"Muere una ni\u00f1a de tres a\u00f1os en un incendio en una casa en Balaguer","author":{"@id":"https:\/\/www.eldigitaldeasturias.com\/noticias\/author\/admin\/#author"},"publisher":{"@id":"https:\/\/www.eldigitaldeasturias.com\/noticias\/#organization"},"image":{"@type":"ImageObject","url":459683},"datePublished":"2013-12-09T11:56:08+01:00","dateModified":"2013-12-09T11:56:08+01:00","inLanguage":"es-ES","mainEntityOfPage":{"@id":"https:\/\/www.eldigitaldeasturias.com\/noticias\/muere-una-nina-de-tres-anos-en-un-incendio-en-una-casa-en-balaguer\/#webpage"},"isPartOf":{"@id":"https:\/\/www.eldigitaldeasturias.com\/noticias\/muere-una-nina-de-tres-anos-en-un-incendio-en-una-casa-en-balaguer\/#webpage"},"articleSection":"Sucesos"},{"@type":"BreadcrumbList","@id":"https:\/\/www.eldigitaldeasturias.com\/noticias\/muere-una-nina-de-tres-anos-en-un-incendio-en-una-casa-en-balaguer\/#breadcrumblist","itemListElement":[{"@type":"ListItem","@id":"https:\/\/www.eldigitaldeasturias.com\/noticias#listItem","position":1,"name":"Home","item":"https:\/\/www.eldigitaldeasturias.com\/noticias","nextItem":{"@type":"ListItem","@id":"https:\/\/www.eldigitaldeasturias.com\/noticias\/category\/sucesos\/#listItem","name":"Sucesos"}},{"@type":"ListItem","@id":"https:\/\/www.eldigitaldeasturias.com\/noticias\/category\/sucesos\/#listItem","position":2,"name":"Sucesos","item":"https:\/\/www.eldigitaldeasturias.com\/noticias\/category\/sucesos\/","nextItem":{"@type":"ListItem","@id":"https:\/\/www.eldigitaldeasturias.com\/noticias\/muere-una-nina-de-tres-anos-en-un-incendio-en-una-casa-en-balaguer\/#listItem","name":"Muere una ni\u00f1a de tres a\u00f1os en un incendio en una casa en Balaguer"},"previousItem":{"@type":"ListItem","@id":"https:\/\/www.eldigitaldeasturias.com\/noticias#listItem","name":"Home"}},{"@type":"ListItem","@id":"https:\/\/www.eldigitaldeasturias.com\/noticias\/muere-una-nina-de-tres-anos-en-un-incendio-en-una-casa-en-balaguer\/#listItem","position":3,"name":"Muere una ni\u00f1a de tres a\u00f1os en un incendio en una casa en Balaguer","previousItem":{"@type":"ListItem","@id":"https:\/\/www.eldigitaldeasturias.com\/noticias\/category\/sucesos\/#listItem","name":"Sucesos"}}]},{"@type":"Organization","@id":"https:\/\/www.eldigitaldeasturias.com\/noticias\/#organization","name":"El Digital de Asturias","description":"Hemeroteca","url":"https:\/\/www.eldigitaldeasturias.com\/noticias\/","email":"info@eldigitaldeasturias.com","telephone":"+34652131393","logo":{"@type":"ImageObject","url":"https:\/\/www.eldigitaldeasturias.com\/noticias\/wp-content\/uploads\/2020\/12\/EDA.jpg","@id":"https:\/\/www.eldigitaldeasturias.com\/noticias\/muere-una-nina-de-tres-anos-en-un-incendio-en-una-casa-en-balaguer\/#organizationLogo"},"image":{"@id":"https:\/\/www.eldigitaldeasturias.com\/noticias\/muere-una-nina-de-tres-anos-en-un-incendio-en-una-casa-en-balaguer\/#organizationLogo"},"sameAs":["https:\/\/facebook.com\/eldigitaldeasturias","https:\/\/www.youtube.com\/channel\/UCZP-2wLEB9Rv6erhFmqVnvg"],"address":{"@id":"https:\/\/www.eldigitaldeasturias.com\/noticias\/#postaladdress","@type":"PostalAddress","streetAddress":"san antonio 4","postalCode":"33430","addressLocality":"Cand\u00e1s","addressRegion":"Asturias","addressCountry":"ES"}},{"@type":"Person","@id":"https:\/\/www.eldigitaldeasturias.com\/noticias\/author\/admin\/#author","url":"https:\/\/www.eldigitaldeasturias.com\/noticias\/author\/admin\/","name":"El Digital de Asturias","image":{"@type":"ImageObject","@id":"https:\/\/www.eldigitaldeasturias.com\/noticias\/muere-una-nina-de-tres-anos-en-un-incendio-en-una-casa-en-balaguer\/#authorImage","url":"https:\/\/secure.gravatar.com\/avatar\/df2aeffc32bcd13f8d26072ef8a91b623d677766deac7f97ca815868cd41bf5e?s=96&d=mm&r=g","width":96,"height":96,"caption":"El Digital de Asturias"}},{"@type":"WebPage","@id":"https:\/\/www.eldigitaldeasturias.com\/noticias\/muere-una-nina-de-tres-anos-en-un-incendio-en-una-casa-en-balaguer\/#webpage","url":"https:\/\/www.eldigitaldeasturias.com\/noticias\/muere-una-nina-de-tres-anos-en-un-incendio-en-una-casa-en-balaguer\/","name":"Muere una ni\u00f1a de tres a\u00f1os en un incendio en una casa en Balaguer - El Digital de Asturias","description":"Barcelona, 9 dic (EFE).- Una ni\u00f1a de tres a\u00f1os ha muerto en un incendio que se declar\u00f3 la pasada noche en una casa en Balaguer (Lleida), han informado hoy los Bomberos de la Generalitat. Seg\u00fan han indicado en un comunicado, los bomberos recibieron anoche, a las 23.15 horas, un aviso de incendio en una casa","inLanguage":"es-ES","isPartOf":{"@id":"https:\/\/www.eldigitaldeasturias.com\/noticias\/#website"},"breadcrumb":{"@id":"https:\/\/www.eldigitaldeasturias.com\/noticias\/muere-una-nina-de-tres-anos-en-un-incendio-en-una-casa-en-balaguer\/#breadcrumblist"},"author":{"@id":"https:\/\/www.eldigitaldeasturias.com\/noticias\/author\/admin\/#author"},"creator":{"@id":"https:\/\/www.eldigitaldeasturias.com\/noticias\/author\/admin\/#author"},"image":{"@type":"ImageObject","url":459683,"@id":"https:\/\/www.eldigitaldeasturias.com\/noticias\/muere-una-nina-de-tres-anos-en-un-incendio-en-una-casa-en-balaguer\/#mainImage"},"primaryImageOfPage":{"@id":"https:\/\/www.eldigitaldeasturias.com\/noticias\/muere-una-nina-de-tres-anos-en-un-incendio-en-una-casa-en-balaguer\/#mainImage"},"datePublished":"2013-12-09T11:56:08+01:00","dateModified":"2013-12-09T11:56:08+01:00"},{"@type":"WebSite","@id":"https:\/\/www.eldigitaldeasturias.com\/noticias\/#website","url":"https:\/\/www.eldigitaldeasturias.com\/noticias\/","name":"El Digital de Asturias - Diario de actualidad y noticias","alternateName":"El Digital de Asturias - Diario de actualidad y noticias","description":"Hemeroteca","inLanguage":"es-ES","publisher":{"@id":"https:\/\/www.eldigitaldeasturias.com\/noticias\/#organization"}}]},"og:locale":"es_ES","og:site_name":"El Digital de Asturias","og:type":"article","og:title":"Muere una ni\u00f1a de tres a\u00f1os en un incendio en una casa en Balaguer - El Digital de Asturias","og:description":"Barcelona, 9 dic (EFE).- Una ni\u00f1a de tres a\u00f1os ha muerto en un incendio que se declar\u00f3 la pasada noche en una casa en Balaguer (Lleida), han informado hoy los Bomberos de la Generalitat. Seg\u00fan han indicado en un comunicado, los bomberos recibieron anoche, a las 23.15 horas, un aviso de incendio en una casa","og:url":"https:\/\/www.eldigitaldeasturias.com\/noticias\/muere-una-nina-de-tres-anos-en-un-incendio-en-una-casa-en-balaguer\/","article:tag":["sucesos"],"article:published_time":"2013-12-09T12:56:08+00:00","article:modified_time":"2013-12-09T12:56:08+00:00","article:publisher":"https:\/\/facebook.com\/eldigitaldeasturias","twitter:card":"summary_large_image","twitter:title":"Muere una ni\u00f1a de tres a\u00f1os en un incendio en una casa en Balaguer - El Digital de Asturias","twitter:description":"Barcelona, 9 dic (EFE).- Una ni\u00f1a de tres a\u00f1os ha muerto en un incendio que se declar\u00f3 la pasada noche en una casa en Balaguer (Lleida), han informado hoy los Bomberos de la Generalitat. Seg\u00fan han indicado en un comunicado, los bomberos recibieron anoche, a las 23.15 horas, un aviso de incendio en una casa","twitter:label1":"Escrito por","twitter:data1":"El Digital de Asturias","twitter:label2":"Tiempo de lectura estimado","twitter:data2":"1 minuto"},"aioseo_meta_data":{"post_id":"459682","title":null,"description":null,"keywords":null,"keyphrases":null,"primary_term":null,"canonical_url":null,"og_title":null,"og_description":null,"og_object_type":"default","og_image_type":"default","og_image_url":null,"og_image_width":null,"og_image_height":null,"og_image_custom_url":null,"og_image_custom_fields":null,"og_video":null,"og_custom_url":null,"og_article_section":null,"og_article_tags":null,"twitter_use_og":true,"twitter_card":"default","twitter_image_type":"default","twitter_image_url":null,"twitter_image_custom_url":null,"twitter_image_custom_fields":null,"twitter_title":null,"twitter_description":null,"schema":{"blockGraphs":[],"customGraphs":[],"default":{"data":{"Article":[],"Course":[],"Dataset":[],"FAQPage":[],"Movie":[],"Person":[],"Product":[],"ProductReview":[],"Car":[],"Recipe":[],"Service":[],"SoftwareApplication":[],"WebPage":[]},"graphName":"","isEnabled":true},"graphs":[],"defaultGraph":"","defaultPostTypeGraph":""},"schema_type":null,"schema_type_options":null,"pillar_content":false,"robots_default":true,"robots_noindex":false,"robots_noarchive":false,"robots_nosnippet":false,"robots_nofollow":false,"robots_noimageindex":false,"robots_noodp":false,"robots_notranslate":false,"robots_max_snippet":null,"robots_max_videopreview":null,"robots_max_imagepreview":"none","priority":null,"frequency":null,"local_seo":null,"seo_analyzer_scan_date":"2026-05-30 10:13:56","breadcrumb_settings":null,"limit_modified_date":false,"open_ai":null,"ai":null,"created":"2020-11-14 22:47:38","updated":"2026-05-30 10:13:56","focus_keyword":null,"additional_keywords":null,"truseo_locale":null},"aioseo_breadcrumb":"<div class=\"aioseo-breadcrumbs\"><span class=\"aioseo-breadcrumb\">\n\t<a href=\"https:\/\/www.eldigitaldeasturias.com\/noticias\" title=\"Home\">Home<\/a>\n<\/span><span class=\"aioseo-breadcrumb-separator\">\u2013<\/span><span class=\"aioseo-breadcrumb\">\n\t<a href=\"https:\/\/www.eldigitaldeasturias.com\/noticias\/category\/sucesos\/\" title=\"Sucesos\">Sucesos<\/a>\n<\/span><span class=\"aioseo-breadcrumb-separator\">\u2013<\/span><span class=\"aioseo-breadcrumb\">\n\t<a href=\"https:\/\/www.eldigitaldeasturias.com\/noticias\/muere-una-nina-de-tres-anos-en-un-incendio-en-una-casa-en-balaguer\/\" title=\"Muere una ni\u00f1a de tres a\u00f1os en un incendio en una casa en Balaguer\">Muere una ni\u00f1a de tres a\u00f1os en un incendio en una casa en Balaguer<\/a>\n<\/span><\/div>","aioseo_breadcrumb_json":[{"label":"Home","link":"https:\/\/www.eldigitaldeasturias.com\/noticias"},{"label":"Sucesos","link":"https:\/\/www.eldigitaldeasturias.com\/noticias\/category\/sucesos\/"},{"label":"Muere una ni\u00f1a de tres a\u00f1os en un incendio en una casa en Balaguer","link":"https:\/\/www.eldigitaldeasturias.com\/noticias\/muere-una-nina-de-tres-anos-en-un-incendio-en-una-casa-en-balaguer\/"}],"_links":{"self":[{"href":"https:\/\/www.eldigitaldeasturias.com\/noticias\/wp-json\/wp\/v2\/posts\/459682","targetHints":{"allow":["GET"]}}],"collection":[{"href":"https:\/\/www.eldigitaldeasturias.com\/noticias\/wp-json\/wp\/v2\/posts"}],"about":[{"href":"https:\/\/www.eldigitaldeasturias.com\/noticias\/wp-json\/wp\/v2\/types\/post"}],"author":[{"embeddable":true,"href":"https:\/\/www.eldigitaldeasturias.com\/noticias\/wp-json\/wp\/v2\/users\/1"}],"replies":[{"embeddable":true,"href":"https:\/\/www.eldigitaldeasturias.com\/noticias\/wp-json\/wp\/v2\/comments?post=459682"}],"version-history":[{"count":0,"href":"https:\/\/www.eldigitaldeasturias.com\/noticias\/wp-json\/wp\/v2\/posts\/459682\/revisions"}],"wp:attachment":[{"href":"https:\/\/www.eldigitaldeasturias.com\/noticias\/wp-json\/wp\/v2\/media?parent=459682"}],"wp:term":[{"taxonomy":"category","embeddable":true,"href":"https:\/\/www.eldigitaldeasturias.com\/noticias\/wp-json\/wp\/v2\/categories?post=459682"},{"taxonomy":"post_tag","embeddable":true,"href":"https:\/\/www.eldigitaldeasturias.com\/noticias\/wp-json\/wp\/v2\/tags?post=459682"}],"curies":[{"name":"wp","href":"https:\/\/api.w.org\/{rel}","templated":true}]}}