{"id":459673,"date":"2013-12-09T11:52:12","date_gmt":"2013-12-09T12:52:12","guid":{"rendered":"http:\/\/www.eldigitaldeasturias.com\/noticias\/?p=459673"},"modified":"2013-12-09T11:52:12","modified_gmt":"2013-12-09T12:52:12","slug":"billy-joel-y-carlos-santana-galardonados-con-los-premios-del-centro-kennedy","status":"publish","type":"post","link":"https:\/\/www.eldigitaldeasturias.com\/noticias\/billy-joel-y-carlos-santana-galardonados-con-los-premios-del-centro-kennedy\/","title":{"rendered":"Billy Joel y Carlos Santana, galardonados con los premios del Centro Kennedy"},"content":{"rendered":"<p><img loading=\"lazy\" decoding=\"async\" class=\"alignleft size-medium wp-image-459674\" alt=\"5780623w\" src=\"https:\/\/www.eldigitaldeasturias.com\/noticias\/wp-content\/uploads\/2013\/12\/5780623w-360x230.jpg\" width=\"360\" height=\"230\" \/>Washington, 9 dic (EFE).- El pianista y cantante Billy Joel y el guitarrista de origen mexicano Carlos Santana fueron galardonados con los premios del Centro Kennedy junto con el compositor Herbie Hancock, la actriz Shirley MacLaine y la cantante de \u00f3pera Martina Arroyo, en una ceremonia a la que asisti\u00f3 el presidente de Estados Unidos, Barack Obama.<\/p>\n<p>Antes de gala que se celebr\u00f3 en el Centro Kennedy, Obama homenaje\u00f3 a los premiados en la Casa Blanca en compa\u00f1\u00eda de la primera dama, Michelle.<\/p>\n<p>\u00abCada uno de nuestros brillantes homenajeados nos ha dado algo \u00fanico y de riqueza sin medida\u00bb, destac\u00f3 Obama durante ese homenaje.<\/p>\n<p>A pesar de su \u00e9xito, los cinco galardonados \u00abhan permanecido fieles a s\u00ed mismos y nos han inspirado al resto a hacer lo mismo\u00bb, anot\u00f3 el presidente.<\/p>\n<p>De Joel, \u00abuno de los m\u00fasicos m\u00e1s exitosos de la historia\u00bb, Obama record\u00f3 que su padre tambi\u00e9n era pianista y muy pronto recibi\u00f3 lecciones en casa, pero \u00e9l fue en busca de un estilo propio.<\/p>\n<p>Sobre Santana, el mandatario dijo que ha dado \u00abvoz\u00bb a la comunidad latina, \u00abinvisible demasiado a menudo para muchos estadounidenses\u00bb, y que \u00abdesde adolescente se enamor\u00f3 de la guitarra\u00bb.<\/p>\n<p>Con 10 premios Grammy en su haber, Santana es considerado hoy \u00abuno de los mejores guitarristas del mundo\u00bb, indic\u00f3 Obama.<\/p>\n<p>El presidente tambi\u00e9n dedic\u00f3 unas palabras a Hancock, figura indispensable del jazz contempor\u00e1neo y de quien destac\u00f3 su \u00abesp\u00edritu\u00bb y \u00abenerg\u00eda.<\/p>\n<p>\u00abTodos amamos a Shirley MacLaine\u00bb, coment\u00f3 sobre la actriz ganadora de un \u00d3scar al destacar su debut en 1955 con \u00abThe Trouble with Harry\u00bb, de Alfred Hitchcock, su car\u00e1cter \u00abintr\u00e9pido\u00bb a la hora de elegir papeles y su participaci\u00f3n en la exitosa serie brit\u00e1nica \u00abDownton Abbey\u00bb, una de las favoritas de Michelle Obama.<\/p>\n<p>El actor, director y productor Warren Beatty, hermano de MacLaine, tambi\u00e9n recibi\u00f3 un galard\u00f3n del Centro Kennedy en 2004.<\/p>\n<p>Con respecto a Arroyo, de origen puertorrique\u00f1o y una de las primeras afroamericanas en triunfar como soprano, Obama elogi\u00f3 su \u00abtremenda voz\u00bb, afirm\u00f3 que \u00abha roto barreras\u00bb y con su fundaci\u00f3n \u00abnutre\u00bb a la pr\u00f3xima generaci\u00f3n de artistas.<\/p>\n<p>Ya en la alfombra roja antes de la gala en el Centro Kennedy, los cinco galardonados expresaron su agradecimiento por el premio.<\/p>\n<p>\u00abMe siento muy agradecido, muy orgulloso de representar a la gente de voz invisible\u00bb, sostuvo Santana en alusi\u00f3n a las palabras que le dedic\u00f3 Obama.<\/p>\n<p>Fher Olvera, cantante del grupo mexicano Man\u00e1, tambi\u00e9n se dej\u00f3 ver y dijo que el galard\u00f3n a Santana es \u00abmuy merecido\u00bb, porque el guitarrista \u00abes un icono de la m\u00fasica latina\u00bb.<\/p>\n<p>\u00abEs un guitarrista que toca con el alma, una persona que ama mucho su ra\u00edz latina. Desde que ten\u00eda doce a\u00f1os he escuchado las canciones de Carlos y siempre he tenido claro que quer\u00eda hacer lo mismo que \u00e9l, un rock m\u00e1s latino\u00bb, explic\u00f3 Fher.<\/p>\n<p>Para Joel, recibir el galard\u00f3n \u00abes un poco abrumador\u00bb. \u00abCuando me lo dijeron me qued\u00e9 un poco aturdido y a\u00fan lo estoy\u00bb, admiti\u00f3 a los periodistas.<\/p>\n<p>\u00abTodo ha sido muy agradable y extremadamente emocionante\u00bb, coment\u00f3, por su parte, MacLaine.<\/p>\n<p>Hancock resalt\u00f3 que \u00abno muchos m\u00fasicos de jazz\u00bb tienen un premio del Centro Kennedy y anot\u00f3 que siente como si su galard\u00f3n lo hubieran recibido tambi\u00e9n \u00abtodos los que han sido una influencia\u00bb en su carrera.<\/p>\n<p>\u00abEsto es algo que nunca antes hab\u00eda sentido, excepto cuando dije &#8216;s\u00ed, quiero'\u00bb, brome\u00f3 la soprano Arroyo.<\/p>\n<p>Los premios del Centro Kennedy se entregan cada a\u00f1o desde 1978 en reconocimiento a las contribuciones de artistas al acervo cultural de Estados Unidos.<\/p>\n<p>Este s\u00e1bado el secretario de Estado de Estados Unidos, John Kerry, ofreci\u00f3 una cena en honor de los premiados de este a\u00f1o.<\/p>\n<p>La ceremonia de hoy ser\u00e1 retransmitida por la cadena televisiva CBS el pr\u00f3ximo 29 de diciembre.<\/p>\n<p>Entre los asistentes a la gala figuraban varios senadores y congresistas, tanto republicanos como dem\u00f3cratas, los secretarios de Justicia, Eric Holder, de Salud, Kathleen Sebelius, y Agricultura, Tom Vilsack, y el presidente del Tribunal Supremo, John Roberts.<\/p>\n","protected":false},"excerpt":{"rendered":"<p>Washington, 9 dic (EFE).- El pianista y cantante Billy Joel y el guitarrista de origen mexicano Carlos Santana fueron galardonados con los premios del Centro Kennedy junto con el compositor Herbie Hancock, la actriz Shirley MacLaine y la cantante de \u00f3pera Martina Arroyo, en una ceremonia a la que asisti\u00f3 el presidente de Estados Unidos, [&hellip;]<\/p>\n","protected":false},"author":1,"featured_media":459674,"comment_status":"closed","ping_status":"open","sticky":false,"template":"","format":"standard","meta":{"footnotes":""},"categories":[50],"tags":[],"class_list":["post-459673","post","type-post","status-publish","format-standard","has-post-thumbnail","hentry","category-revista-de-ocio"],"aioseo_notices":[],"aioseo_head":"\n\t\t<!-- All in One SEO Pro 5.0.1 - aioseo.com -->\n\t<meta name=\"description\" content=\"Washington, 9 dic (EFE).- El pianista y cantante Billy Joel y el guitarrista de origen mexicano Carlos Santana fueron galardonados con los premios del Centro Kennedy junto con el compositor Herbie Hancock, la actriz Shirley MacLaine y la cantante de \u00f3pera Martina Arroyo, en una ceremonia a la que asisti\u00f3 el presidente de Estados Unidos,\" \/>\n\t<meta name=\"robots\" content=\"max-image-preview:large\" \/>\n\t<meta name=\"author\" content=\"El Digital de Asturias\"\/>\n\t<meta name=\"google-site-verification\" content=\"UA-38556648-1\" \/>\n\t<meta name=\"msvalidate.01\" content=\"7dfe9f3f1b24437ab69f4f2559babe99\" \/>\n\t<meta name=\"keywords\" content=\"revista de ocio\" \/>\n\t<link rel=\"canonical\" href=\"https:\/\/www.eldigitaldeasturias.com\/noticias\/billy-joel-y-carlos-santana-galardonados-con-los-premios-del-centro-kennedy\/\" \/>\n\t<meta name=\"generator\" content=\"All in One SEO Pro (AIOSEO) 5.0.1\" \/>\n\t\t<meta property=\"og:locale\" content=\"es_ES\" \/>\n\t\t<meta property=\"og:site_name\" content=\"El Digital de Asturias\" \/>\n\t\t<meta property=\"og:type\" content=\"article\" \/>\n\t\t<meta property=\"og:title\" content=\"Billy Joel y Carlos Santana, galardonados con los premios del Centro Kennedy - El Digital de Asturias\" \/>\n\t\t<meta property=\"og:description\" content=\"Washington, 9 dic (EFE).- El pianista y cantante Billy Joel y el guitarrista de origen mexicano Carlos Santana fueron galardonados con los premios del Centro Kennedy junto con el compositor Herbie Hancock, la actriz Shirley MacLaine y la cantante de \u00f3pera Martina Arroyo, en una ceremonia a la que asisti\u00f3 el presidente de Estados Unidos,\" \/>\n\t\t<meta property=\"og:url\" content=\"https:\/\/www.eldigitaldeasturias.com\/noticias\/billy-joel-y-carlos-santana-galardonados-con-los-premios-del-centro-kennedy\/\" \/>\n\t\t<meta property=\"article:tag\" content=\"revista de ocio\" \/>\n\t\t<meta property=\"article:published_time\" content=\"2013-12-09T12:52:12+00:00\" \/>\n\t\t<meta property=\"article:modified_time\" content=\"2013-12-09T12:52:12+00:00\" \/>\n\t\t<meta property=\"article:publisher\" content=\"https:\/\/facebook.com\/eldigitaldeasturias\" \/>\n\t\t<meta name=\"twitter:card\" content=\"summary_large_image\" \/>\n\t\t<meta name=\"twitter:title\" content=\"Billy Joel y Carlos Santana, galardonados con los premios del Centro Kennedy - El Digital de Asturias\" \/>\n\t\t<meta name=\"twitter:description\" content=\"Washington, 9 dic (EFE).- El pianista y cantante Billy Joel y el guitarrista de origen mexicano Carlos Santana fueron galardonados con los premios del Centro Kennedy junto con el compositor Herbie Hancock, la actriz Shirley MacLaine y la cantante de \u00f3pera Martina Arroyo, en una ceremonia a la que asisti\u00f3 el presidente de Estados Unidos,\" \/>\n\t\t<meta name=\"twitter:label1\" content=\"Escrito por\" \/>\n\t\t<meta name=\"twitter:data1\" content=\"El Digital de Asturias\" \/>\n\t\t<meta name=\"twitter:label2\" content=\"Tiempo de lectura estimado\" \/>\n\t\t<meta name=\"twitter:data2\" content=\"3 minutos\" \/>\n\t\t<script type=\"application\/ld+json\" class=\"aioseo-schema\">\n\t\t\t{\"@context\":\"https:\\\/\\\/schema.org\",\"@graph\":[{\"@type\":\"BlogPosting\",\"@id\":\"https:\\\/\\\/www.eldigitaldeasturias.com\\\/noticias\\\/billy-joel-y-carlos-santana-galardonados-con-los-premios-del-centro-kennedy\\\/#blogposting\",\"name\":\"Billy Joel y Carlos Santana, galardonados con los premios del Centro Kennedy - El Digital de Asturias\",\"headline\":\"Billy Joel y Carlos Santana, galardonados con los premios del Centro Kennedy\",\"author\":{\"@id\":\"https:\\\/\\\/www.eldigitaldeasturias.com\\\/noticias\\\/author\\\/admin\\\/#author\"},\"publisher\":{\"@id\":\"https:\\\/\\\/www.eldigitaldeasturias.com\\\/noticias\\\/#organization\"},\"image\":{\"@type\":\"ImageObject\",\"url\":459674},\"datePublished\":\"2013-12-09T11:52:12+01:00\",\"dateModified\":\"2013-12-09T11:52:12+01:00\",\"inLanguage\":\"es-ES\",\"mainEntityOfPage\":{\"@id\":\"https:\\\/\\\/www.eldigitaldeasturias.com\\\/noticias\\\/billy-joel-y-carlos-santana-galardonados-con-los-premios-del-centro-kennedy\\\/#webpage\"},\"isPartOf\":{\"@id\":\"https:\\\/\\\/www.eldigitaldeasturias.com\\\/noticias\\\/billy-joel-y-carlos-santana-galardonados-con-los-premios-del-centro-kennedy\\\/#webpage\"},\"articleSection\":\"Revista de Ocio\"},{\"@type\":\"BreadcrumbList\",\"@id\":\"https:\\\/\\\/www.eldigitaldeasturias.com\\\/noticias\\\/billy-joel-y-carlos-santana-galardonados-con-los-premios-del-centro-kennedy\\\/#breadcrumblist\",\"itemListElement\":[{\"@type\":\"ListItem\",\"@id\":\"https:\\\/\\\/www.eldigitaldeasturias.com\\\/noticias#listItem\",\"position\":1,\"name\":\"Home\",\"item\":\"https:\\\/\\\/www.eldigitaldeasturias.com\\\/noticias\",\"nextItem\":{\"@type\":\"ListItem\",\"@id\":\"https:\\\/\\\/www.eldigitaldeasturias.com\\\/noticias\\\/category\\\/revista-de-ocio\\\/#listItem\",\"name\":\"Revista de Ocio\"}},{\"@type\":\"ListItem\",\"@id\":\"https:\\\/\\\/www.eldigitaldeasturias.com\\\/noticias\\\/category\\\/revista-de-ocio\\\/#listItem\",\"position\":2,\"name\":\"Revista de Ocio\",\"item\":\"https:\\\/\\\/www.eldigitaldeasturias.com\\\/noticias\\\/category\\\/revista-de-ocio\\\/\",\"nextItem\":{\"@type\":\"ListItem\",\"@id\":\"https:\\\/\\\/www.eldigitaldeasturias.com\\\/noticias\\\/billy-joel-y-carlos-santana-galardonados-con-los-premios-del-centro-kennedy\\\/#listItem\",\"name\":\"Billy Joel y Carlos Santana, galardonados con los premios del Centro Kennedy\"},\"previousItem\":{\"@type\":\"ListItem\",\"@id\":\"https:\\\/\\\/www.eldigitaldeasturias.com\\\/noticias#listItem\",\"name\":\"Home\"}},{\"@type\":\"ListItem\",\"@id\":\"https:\\\/\\\/www.eldigitaldeasturias.com\\\/noticias\\\/billy-joel-y-carlos-santana-galardonados-con-los-premios-del-centro-kennedy\\\/#listItem\",\"position\":3,\"name\":\"Billy Joel y Carlos Santana, galardonados con los premios del Centro Kennedy\",\"previousItem\":{\"@type\":\"ListItem\",\"@id\":\"https:\\\/\\\/www.eldigitaldeasturias.com\\\/noticias\\\/category\\\/revista-de-ocio\\\/#listItem\",\"name\":\"Revista de Ocio\"}}]},{\"@type\":\"Organization\",\"@id\":\"https:\\\/\\\/www.eldigitaldeasturias.com\\\/noticias\\\/#organization\",\"name\":\"El Digital de Asturias\",\"description\":\"Hemeroteca\",\"url\":\"https:\\\/\\\/www.eldigitaldeasturias.com\\\/noticias\\\/\",\"email\":\"info@eldigitaldeasturias.com\",\"telephone\":\"+34652131393\",\"logo\":{\"@type\":\"ImageObject\",\"url\":\"https:\\\/\\\/www.eldigitaldeasturias.com\\\/noticias\\\/wp-content\\\/uploads\\\/2020\\\/12\\\/EDA.jpg\",\"@id\":\"https:\\\/\\\/www.eldigitaldeasturias.com\\\/noticias\\\/billy-joel-y-carlos-santana-galardonados-con-los-premios-del-centro-kennedy\\\/#organizationLogo\"},\"image\":{\"@id\":\"https:\\\/\\\/www.eldigitaldeasturias.com\\\/noticias\\\/billy-joel-y-carlos-santana-galardonados-con-los-premios-del-centro-kennedy\\\/#organizationLogo\"},\"sameAs\":[\"https:\\\/\\\/facebook.com\\\/eldigitaldeasturias\",\"https:\\\/\\\/www.youtube.com\\\/channel\\\/UCZP-2wLEB9Rv6erhFmqVnvg\"],\"address\":{\"@id\":\"https:\\\/\\\/www.eldigitaldeasturias.com\\\/noticias\\\/#postaladdress\",\"@type\":\"PostalAddress\",\"streetAddress\":\"san antonio 4\",\"postalCode\":\"33430\",\"addressLocality\":\"Cand\\u00e1s\",\"addressRegion\":\"Asturias\",\"addressCountry\":\"ES\"}},{\"@type\":\"Person\",\"@id\":\"https:\\\/\\\/www.eldigitaldeasturias.com\\\/noticias\\\/author\\\/admin\\\/#author\",\"url\":\"https:\\\/\\\/www.eldigitaldeasturias.com\\\/noticias\\\/author\\\/admin\\\/\",\"name\":\"El Digital de Asturias\",\"image\":{\"@type\":\"ImageObject\",\"@id\":\"https:\\\/\\\/www.eldigitaldeasturias.com\\\/noticias\\\/billy-joel-y-carlos-santana-galardonados-con-los-premios-del-centro-kennedy\\\/#authorImage\",\"url\":\"https:\\\/\\\/secure.gravatar.com\\\/avatar\\\/df2aeffc32bcd13f8d26072ef8a91b623d677766deac7f97ca815868cd41bf5e?s=96&d=mm&r=g\",\"width\":96,\"height\":96,\"caption\":\"El Digital de Asturias\"}},{\"@type\":\"WebPage\",\"@id\":\"https:\\\/\\\/www.eldigitaldeasturias.com\\\/noticias\\\/billy-joel-y-carlos-santana-galardonados-con-los-premios-del-centro-kennedy\\\/#webpage\",\"url\":\"https:\\\/\\\/www.eldigitaldeasturias.com\\\/noticias\\\/billy-joel-y-carlos-santana-galardonados-con-los-premios-del-centro-kennedy\\\/\",\"name\":\"Billy Joel y Carlos Santana, galardonados con los premios del Centro Kennedy - El Digital de Asturias\",\"description\":\"Washington, 9 dic (EFE).- El pianista y cantante Billy Joel y el guitarrista de origen mexicano Carlos Santana fueron galardonados con los premios del Centro Kennedy junto con el compositor Herbie Hancock, la actriz Shirley MacLaine y la cantante de \\u00f3pera Martina Arroyo, en una ceremonia a la que asisti\\u00f3 el presidente de Estados Unidos,\",\"inLanguage\":\"es-ES\",\"isPartOf\":{\"@id\":\"https:\\\/\\\/www.eldigitaldeasturias.com\\\/noticias\\\/#website\"},\"breadcrumb\":{\"@id\":\"https:\\\/\\\/www.eldigitaldeasturias.com\\\/noticias\\\/billy-joel-y-carlos-santana-galardonados-con-los-premios-del-centro-kennedy\\\/#breadcrumblist\"},\"author\":{\"@id\":\"https:\\\/\\\/www.eldigitaldeasturias.com\\\/noticias\\\/author\\\/admin\\\/#author\"},\"creator\":{\"@id\":\"https:\\\/\\\/www.eldigitaldeasturias.com\\\/noticias\\\/author\\\/admin\\\/#author\"},\"image\":{\"@type\":\"ImageObject\",\"url\":459674,\"@id\":\"https:\\\/\\\/www.eldigitaldeasturias.com\\\/noticias\\\/billy-joel-y-carlos-santana-galardonados-con-los-premios-del-centro-kennedy\\\/#mainImage\"},\"primaryImageOfPage\":{\"@id\":\"https:\\\/\\\/www.eldigitaldeasturias.com\\\/noticias\\\/billy-joel-y-carlos-santana-galardonados-con-los-premios-del-centro-kennedy\\\/#mainImage\"},\"datePublished\":\"2013-12-09T11:52:12+01:00\",\"dateModified\":\"2013-12-09T11:52:12+01:00\"},{\"@type\":\"WebSite\",\"@id\":\"https:\\\/\\\/www.eldigitaldeasturias.com\\\/noticias\\\/#website\",\"url\":\"https:\\\/\\\/www.eldigitaldeasturias.com\\\/noticias\\\/\",\"name\":\"El Digital de Asturias - Diario de actualidad y noticias\",\"alternateName\":\"El Digital de Asturias - Diario de actualidad y noticias\",\"description\":\"Hemeroteca\",\"inLanguage\":\"es-ES\",\"publisher\":{\"@id\":\"https:\\\/\\\/www.eldigitaldeasturias.com\\\/noticias\\\/#organization\"}}]}\n\t\t<\/script>\n\t\t<!-- All in One SEO Pro -->\r\n\t\t<title>Billy Joel y Carlos Santana, galardonados con los premios del Centro Kennedy - El Digital de Asturias<\/title>\n\n","aioseo_head_json":{"title":"Billy Joel y Carlos Santana, galardonados con los premios del Centro Kennedy - El Digital de Asturias","description":"Washington, 9 dic (EFE).- El pianista y cantante Billy Joel y el guitarrista de origen mexicano Carlos Santana fueron galardonados con los premios del Centro Kennedy junto con el compositor Herbie Hancock, la actriz Shirley MacLaine y la cantante de \u00f3pera Martina Arroyo, en una ceremonia a la que asisti\u00f3 el presidente de Estados Unidos,","canonical_url":"https:\/\/www.eldigitaldeasturias.com\/noticias\/billy-joel-y-carlos-santana-galardonados-con-los-premios-del-centro-kennedy\/","robots":"max-image-preview:large","keywords":"revista de ocio","webmasterTools":{"google-site-verification":"UA-38556648-1","msvalidate.01":"7dfe9f3f1b24437ab69f4f2559babe99","miscellaneous":""},"schema":{"@context":"https:\/\/schema.org","@graph":[{"@type":"BlogPosting","@id":"https:\/\/www.eldigitaldeasturias.com\/noticias\/billy-joel-y-carlos-santana-galardonados-con-los-premios-del-centro-kennedy\/#blogposting","name":"Billy Joel y Carlos Santana, galardonados con los premios del Centro Kennedy - El Digital de Asturias","headline":"Billy Joel y Carlos Santana, galardonados con los premios del Centro Kennedy","author":{"@id":"https:\/\/www.eldigitaldeasturias.com\/noticias\/author\/admin\/#author"},"publisher":{"@id":"https:\/\/www.eldigitaldeasturias.com\/noticias\/#organization"},"image":{"@type":"ImageObject","url":459674},"datePublished":"2013-12-09T11:52:12+01:00","dateModified":"2013-12-09T11:52:12+01:00","inLanguage":"es-ES","mainEntityOfPage":{"@id":"https:\/\/www.eldigitaldeasturias.com\/noticias\/billy-joel-y-carlos-santana-galardonados-con-los-premios-del-centro-kennedy\/#webpage"},"isPartOf":{"@id":"https:\/\/www.eldigitaldeasturias.com\/noticias\/billy-joel-y-carlos-santana-galardonados-con-los-premios-del-centro-kennedy\/#webpage"},"articleSection":"Revista de Ocio"},{"@type":"BreadcrumbList","@id":"https:\/\/www.eldigitaldeasturias.com\/noticias\/billy-joel-y-carlos-santana-galardonados-con-los-premios-del-centro-kennedy\/#breadcrumblist","itemListElement":[{"@type":"ListItem","@id":"https:\/\/www.eldigitaldeasturias.com\/noticias#listItem","position":1,"name":"Home","item":"https:\/\/www.eldigitaldeasturias.com\/noticias","nextItem":{"@type":"ListItem","@id":"https:\/\/www.eldigitaldeasturias.com\/noticias\/category\/revista-de-ocio\/#listItem","name":"Revista de Ocio"}},{"@type":"ListItem","@id":"https:\/\/www.eldigitaldeasturias.com\/noticias\/category\/revista-de-ocio\/#listItem","position":2,"name":"Revista de Ocio","item":"https:\/\/www.eldigitaldeasturias.com\/noticias\/category\/revista-de-ocio\/","nextItem":{"@type":"ListItem","@id":"https:\/\/www.eldigitaldeasturias.com\/noticias\/billy-joel-y-carlos-santana-galardonados-con-los-premios-del-centro-kennedy\/#listItem","name":"Billy Joel y Carlos Santana, galardonados con los premios del Centro Kennedy"},"previousItem":{"@type":"ListItem","@id":"https:\/\/www.eldigitaldeasturias.com\/noticias#listItem","name":"Home"}},{"@type":"ListItem","@id":"https:\/\/www.eldigitaldeasturias.com\/noticias\/billy-joel-y-carlos-santana-galardonados-con-los-premios-del-centro-kennedy\/#listItem","position":3,"name":"Billy Joel y Carlos Santana, galardonados con los premios del Centro Kennedy","previousItem":{"@type":"ListItem","@id":"https:\/\/www.eldigitaldeasturias.com\/noticias\/category\/revista-de-ocio\/#listItem","name":"Revista de Ocio"}}]},{"@type":"Organization","@id":"https:\/\/www.eldigitaldeasturias.com\/noticias\/#organization","name":"El Digital de Asturias","description":"Hemeroteca","url":"https:\/\/www.eldigitaldeasturias.com\/noticias\/","email":"info@eldigitaldeasturias.com","telephone":"+34652131393","logo":{"@type":"ImageObject","url":"https:\/\/www.eldigitaldeasturias.com\/noticias\/wp-content\/uploads\/2020\/12\/EDA.jpg","@id":"https:\/\/www.eldigitaldeasturias.com\/noticias\/billy-joel-y-carlos-santana-galardonados-con-los-premios-del-centro-kennedy\/#organizationLogo"},"image":{"@id":"https:\/\/www.eldigitaldeasturias.com\/noticias\/billy-joel-y-carlos-santana-galardonados-con-los-premios-del-centro-kennedy\/#organizationLogo"},"sameAs":["https:\/\/facebook.com\/eldigitaldeasturias","https:\/\/www.youtube.com\/channel\/UCZP-2wLEB9Rv6erhFmqVnvg"],"address":{"@id":"https:\/\/www.eldigitaldeasturias.com\/noticias\/#postaladdress","@type":"PostalAddress","streetAddress":"san antonio 4","postalCode":"33430","addressLocality":"Cand\u00e1s","addressRegion":"Asturias","addressCountry":"ES"}},{"@type":"Person","@id":"https:\/\/www.eldigitaldeasturias.com\/noticias\/author\/admin\/#author","url":"https:\/\/www.eldigitaldeasturias.com\/noticias\/author\/admin\/","name":"El Digital de Asturias","image":{"@type":"ImageObject","@id":"https:\/\/www.eldigitaldeasturias.com\/noticias\/billy-joel-y-carlos-santana-galardonados-con-los-premios-del-centro-kennedy\/#authorImage","url":"https:\/\/secure.gravatar.com\/avatar\/df2aeffc32bcd13f8d26072ef8a91b623d677766deac7f97ca815868cd41bf5e?s=96&d=mm&r=g","width":96,"height":96,"caption":"El Digital de Asturias"}},{"@type":"WebPage","@id":"https:\/\/www.eldigitaldeasturias.com\/noticias\/billy-joel-y-carlos-santana-galardonados-con-los-premios-del-centro-kennedy\/#webpage","url":"https:\/\/www.eldigitaldeasturias.com\/noticias\/billy-joel-y-carlos-santana-galardonados-con-los-premios-del-centro-kennedy\/","name":"Billy Joel y Carlos Santana, galardonados con los premios del Centro Kennedy - El Digital de Asturias","description":"Washington, 9 dic (EFE).- El pianista y cantante Billy Joel y el guitarrista de origen mexicano Carlos Santana fueron galardonados con los premios del Centro Kennedy junto con el compositor Herbie Hancock, la actriz Shirley MacLaine y la cantante de \u00f3pera Martina Arroyo, en una ceremonia a la que asisti\u00f3 el presidente de Estados Unidos,","inLanguage":"es-ES","isPartOf":{"@id":"https:\/\/www.eldigitaldeasturias.com\/noticias\/#website"},"breadcrumb":{"@id":"https:\/\/www.eldigitaldeasturias.com\/noticias\/billy-joel-y-carlos-santana-galardonados-con-los-premios-del-centro-kennedy\/#breadcrumblist"},"author":{"@id":"https:\/\/www.eldigitaldeasturias.com\/noticias\/author\/admin\/#author"},"creator":{"@id":"https:\/\/www.eldigitaldeasturias.com\/noticias\/author\/admin\/#author"},"image":{"@type":"ImageObject","url":459674,"@id":"https:\/\/www.eldigitaldeasturias.com\/noticias\/billy-joel-y-carlos-santana-galardonados-con-los-premios-del-centro-kennedy\/#mainImage"},"primaryImageOfPage":{"@id":"https:\/\/www.eldigitaldeasturias.com\/noticias\/billy-joel-y-carlos-santana-galardonados-con-los-premios-del-centro-kennedy\/#mainImage"},"datePublished":"2013-12-09T11:52:12+01:00","dateModified":"2013-12-09T11:52:12+01:00"},{"@type":"WebSite","@id":"https:\/\/www.eldigitaldeasturias.com\/noticias\/#website","url":"https:\/\/www.eldigitaldeasturias.com\/noticias\/","name":"El Digital de Asturias - Diario de actualidad y noticias","alternateName":"El Digital de Asturias - Diario de actualidad y noticias","description":"Hemeroteca","inLanguage":"es-ES","publisher":{"@id":"https:\/\/www.eldigitaldeasturias.com\/noticias\/#organization"}}]},"og:locale":"es_ES","og:site_name":"El Digital de Asturias","og:type":"article","og:title":"Billy Joel y Carlos Santana, galardonados con los premios del Centro Kennedy - El Digital de Asturias","og:description":"Washington, 9 dic (EFE).- El pianista y cantante Billy Joel y el guitarrista de origen mexicano Carlos Santana fueron galardonados con los premios del Centro Kennedy junto con el compositor Herbie Hancock, la actriz Shirley MacLaine y la cantante de \u00f3pera Martina Arroyo, en una ceremonia a la que asisti\u00f3 el presidente de Estados Unidos,","og:url":"https:\/\/www.eldigitaldeasturias.com\/noticias\/billy-joel-y-carlos-santana-galardonados-con-los-premios-del-centro-kennedy\/","article:tag":["revista de ocio"],"article:published_time":"2013-12-09T12:52:12+00:00","article:modified_time":"2013-12-09T12:52:12+00:00","article:publisher":"https:\/\/facebook.com\/eldigitaldeasturias","twitter:card":"summary_large_image","twitter:title":"Billy Joel y Carlos Santana, galardonados con los premios del Centro Kennedy - El Digital de Asturias","twitter:description":"Washington, 9 dic (EFE).- El pianista y cantante Billy Joel y el guitarrista de origen mexicano Carlos Santana fueron galardonados con los premios del Centro Kennedy junto con el compositor Herbie Hancock, la actriz Shirley MacLaine y la cantante de \u00f3pera Martina Arroyo, en una ceremonia a la que asisti\u00f3 el presidente de Estados Unidos,","twitter:label1":"Escrito por","twitter:data1":"El Digital de Asturias","twitter:label2":"Tiempo de lectura estimado","twitter:data2":"3 minutos"},"aioseo_meta_data":{"post_id":"459673","title":null,"description":null,"keywords":null,"keyphrases":null,"primary_term":null,"canonical_url":null,"og_title":null,"og_description":null,"og_object_type":"default","og_image_type":"default","og_image_url":null,"og_image_width":null,"og_image_height":null,"og_image_custom_url":null,"og_image_custom_fields":null,"og_video":null,"og_custom_url":null,"og_article_section":null,"og_article_tags":null,"twitter_use_og":true,"twitter_card":"default","twitter_image_type":"default","twitter_image_url":null,"twitter_image_custom_url":null,"twitter_image_custom_fields":null,"twitter_title":null,"twitter_description":null,"schema":{"blockGraphs":[],"customGraphs":[],"default":{"data":{"Article":[],"Course":[],"Dataset":[],"FAQPage":[],"Movie":[],"Person":[],"Product":[],"ProductReview":[],"Car":[],"Recipe":[],"Service":[],"SoftwareApplication":[],"WebPage":[]},"graphName":"","isEnabled":true},"graphs":[],"defaultGraph":"","defaultPostTypeGraph":""},"schema_type":null,"schema_type_options":null,"pillar_content":false,"robots_default":true,"robots_noindex":false,"robots_noarchive":false,"robots_nosnippet":false,"robots_nofollow":false,"robots_noimageindex":false,"robots_noodp":false,"robots_notranslate":false,"robots_max_snippet":null,"robots_max_videopreview":null,"robots_max_imagepreview":"none","priority":null,"frequency":null,"local_seo":null,"seo_analyzer_scan_date":"2026-05-30 10:13:53","breadcrumb_settings":null,"limit_modified_date":false,"open_ai":null,"ai":null,"created":"2020-11-14 22:47:38","updated":"2026-05-30 10:13:53","focus_keyword":null,"additional_keywords":null,"truseo_locale":null},"aioseo_breadcrumb":"<div class=\"aioseo-breadcrumbs\"><span class=\"aioseo-breadcrumb\">\n\t<a href=\"https:\/\/www.eldigitaldeasturias.com\/noticias\" title=\"Home\">Home<\/a>\n<\/span><span class=\"aioseo-breadcrumb-separator\">\u2013<\/span><span class=\"aioseo-breadcrumb\">\n\t<a href=\"https:\/\/www.eldigitaldeasturias.com\/noticias\/category\/revista-de-ocio\/\" title=\"Revista de Ocio\">Revista de Ocio<\/a>\n<\/span><span class=\"aioseo-breadcrumb-separator\">\u2013<\/span><span class=\"aioseo-breadcrumb\">\n\t<a href=\"https:\/\/www.eldigitaldeasturias.com\/noticias\/billy-joel-y-carlos-santana-galardonados-con-los-premios-del-centro-kennedy\/\" title=\"Billy Joel y Carlos Santana, galardonados con los premios del Centro Kennedy\">Billy Joel y Carlos Santana, galardonados con los premios del Centro Kennedy<\/a>\n<\/span><\/div>","aioseo_breadcrumb_json":[{"label":"Home","link":"https:\/\/www.eldigitaldeasturias.com\/noticias"},{"label":"Revista de Ocio","link":"https:\/\/www.eldigitaldeasturias.com\/noticias\/category\/revista-de-ocio\/"},{"label":"Billy Joel y Carlos Santana, galardonados con los premios del Centro Kennedy","link":"https:\/\/www.eldigitaldeasturias.com\/noticias\/billy-joel-y-carlos-santana-galardonados-con-los-premios-del-centro-kennedy\/"}],"_links":{"self":[{"href":"https:\/\/www.eldigitaldeasturias.com\/noticias\/wp-json\/wp\/v2\/posts\/459673","targetHints":{"allow":["GET"]}}],"collection":[{"href":"https:\/\/www.eldigitaldeasturias.com\/noticias\/wp-json\/wp\/v2\/posts"}],"about":[{"href":"https:\/\/www.eldigitaldeasturias.com\/noticias\/wp-json\/wp\/v2\/types\/post"}],"author":[{"embeddable":true,"href":"https:\/\/www.eldigitaldeasturias.com\/noticias\/wp-json\/wp\/v2\/users\/1"}],"replies":[{"embeddable":true,"href":"https:\/\/www.eldigitaldeasturias.com\/noticias\/wp-json\/wp\/v2\/comments?post=459673"}],"version-history":[{"count":0,"href":"https:\/\/www.eldigitaldeasturias.com\/noticias\/wp-json\/wp\/v2\/posts\/459673\/revisions"}],"wp:attachment":[{"href":"https:\/\/www.eldigitaldeasturias.com\/noticias\/wp-json\/wp\/v2\/media?parent=459673"}],"wp:term":[{"taxonomy":"category","embeddable":true,"href":"https:\/\/www.eldigitaldeasturias.com\/noticias\/wp-json\/wp\/v2\/categories?post=459673"},{"taxonomy":"post_tag","embeddable":true,"href":"https:\/\/www.eldigitaldeasturias.com\/noticias\/wp-json\/wp\/v2\/tags?post=459673"}],"curies":[{"name":"wp","href":"https:\/\/api.w.org\/{rel}","templated":true}]}}