{"id":459645,"date":"2013-12-09T09:21:39","date_gmt":"2013-12-09T10:21:39","guid":{"rendered":"http:\/\/www.eldigitaldeasturias.com\/noticias\/?p=459645"},"modified":"2013-12-09T09:21:39","modified_gmt":"2013-12-09T10:21:39","slug":"miles-de-personas-homenajean-al-actor-paul-walker","status":"publish","type":"post","link":"https:\/\/www.eldigitaldeasturias.com\/noticias\/miles-de-personas-homenajean-al-actor-paul-walker\/","title":{"rendered":"Miles de personas homenajean al actor Paul Walker"},"content":{"rendered":"<p><img loading=\"lazy\" decoding=\"async\" class=\"alignleft size-medium wp-image-459646\" alt=\"5780621w\" src=\"https:\/\/www.eldigitaldeasturias.com\/noticias\/wp-content\/uploads\/2013\/12\/5780621w-360x239.jpg\" width=\"360\" height=\"239\" \/>Washington, 9 dic (EFE).- Miles de personas, muchas de ellas en coches de carreras, se congregaron en Valencia (EE.UU.), el mismo lugar donde el actor Paul Walker muri\u00f3 hace ocho d\u00edas en un accidente de tr\u00e1fico, para rendir homenaje al fallecido int\u00e9rprete.<\/p>\n<p>Seguidores del actor y de la saga cinematogr\u00e1fica que le hizo famoso, \u00abFast and Furious\u00bb, acudieron a Valencia (California) para recordar a Walker.<\/p>\n<p>En el improvisado memorial por Walker, organizado a trav\u00e9s de una p\u00e1gina de la red social Facebook, muchos de los asistentes depositaron flores, velas y otros tributos en su honor.<\/p>\n<p>La concentraci\u00f3n fue promocionada a trav\u00e9s de la p\u00e1gina de Facebook titulada \u00abPaul Walker \/ Roger Rodas Memorial Meet (SoCal)\u00bb.<\/p>\n<p>Walker, popular protagonista de la saga cinematogr\u00e1fica de coches \u00abFast and Furious\u00bb, muri\u00f3 el pasado 30 de octubre a los 40 a\u00f1os cuando el deportivo en el que circulaba, un Porsche Carrera GT, se incendi\u00f3 tras chocar contra un poste del alumbrado p\u00fablico y un \u00e1rbol en Valencia. a unos 30 minutos al norte de Hollywood.<\/p>\n<p>Los primeros inicios apuntan a que el autom\u00f3vil que pilotaba su amigo Roger Rodas, un empresario y piloto de carreras oriundo de Santa Ana (El Salvador), iba a gran velocidad, aunque las causas del incidente se est\u00e1n investigando.<\/p>\n<p>La autopsia revel\u00f3 que Walker no falleci\u00f3 en el acto, como ocurri\u00f3 con Rodas, sino como consecuencia de los traumatismos y las quemaduras originadas por el impacto.<\/p>\n<p>El deceso de Walker ha obligado al estudio Universal a suspender indefinidamente la producci\u00f3n de la s\u00e9ptima entrega de la franquicia \u00abFast and Furious\u00bb.<\/p>\n<p>La pel\u00edcula ten\u00eda como fecha prevista para su estreno el 11 de julio del a\u00f1o pr\u00f3ximo y el rodaje a\u00fan no hab\u00eda concluido.<\/p>\n<p>Walker interpretaba a uno de los personajes principales de estos taquilleros filmes, Brian O&#8217;Conner.<\/p>\n","protected":false},"excerpt":{"rendered":"<p>Washington, 9 dic (EFE).- Miles de personas, muchas de ellas en coches de carreras, se congregaron en Valencia (EE.UU.), el mismo lugar donde el actor Paul Walker muri\u00f3 hace ocho d\u00edas en un accidente de tr\u00e1fico, para rendir homenaje al fallecido int\u00e9rprete. Seguidores del actor y de la saga cinematogr\u00e1fica que le hizo famoso, \u00abFast [&hellip;]<\/p>\n","protected":false},"author":1,"featured_media":459646,"comment_status":"closed","ping_status":"open","sticky":false,"template":"","format":"standard","meta":{"footnotes":""},"categories":[28],"tags":[],"class_list":["post-459645","post","type-post","status-publish","format-standard","has-post-thumbnail","hentry","category-sociedad"],"aioseo_notices":[],"aioseo_head":"\n\t\t<!-- All in One SEO Pro 5.0.1 - aioseo.com -->\n\t<meta name=\"description\" content=\"Washington, 9 dic (EFE).- Miles de personas, muchas de ellas en coches de carreras, se congregaron en Valencia (EE.UU.), el mismo lugar donde el actor Paul Walker muri\u00f3 hace ocho d\u00edas en un accidente de tr\u00e1fico, para rendir homenaje al fallecido int\u00e9rprete. Seguidores del actor y de la saga cinematogr\u00e1fica que le hizo famoso, &quot;Fast\" \/>\n\t<meta name=\"robots\" content=\"max-image-preview:large\" \/>\n\t<meta name=\"author\" content=\"El Digital de Asturias\"\/>\n\t<meta name=\"google-site-verification\" content=\"UA-38556648-1\" \/>\n\t<meta name=\"msvalidate.01\" content=\"7dfe9f3f1b24437ab69f4f2559babe99\" \/>\n\t<meta name=\"keywords\" content=\"sociedad\" \/>\n\t<link rel=\"canonical\" href=\"https:\/\/www.eldigitaldeasturias.com\/noticias\/miles-de-personas-homenajean-al-actor-paul-walker\/\" \/>\n\t<meta name=\"generator\" content=\"All in One SEO Pro (AIOSEO) 5.0.1\" \/>\n\t\t<meta property=\"og:locale\" content=\"es_ES\" \/>\n\t\t<meta property=\"og:site_name\" content=\"El Digital de Asturias\" \/>\n\t\t<meta property=\"og:type\" content=\"article\" \/>\n\t\t<meta property=\"og:title\" content=\"Miles de personas homenajean al actor Paul Walker - El Digital de Asturias\" \/>\n\t\t<meta property=\"og:description\" content=\"Washington, 9 dic (EFE).- Miles de personas, muchas de ellas en coches de carreras, se congregaron en Valencia (EE.UU.), el mismo lugar donde el actor Paul Walker muri\u00f3 hace ocho d\u00edas en un accidente de tr\u00e1fico, para rendir homenaje al fallecido int\u00e9rprete. Seguidores del actor y de la saga cinematogr\u00e1fica que le hizo famoso, &quot;Fast\" \/>\n\t\t<meta property=\"og:url\" content=\"https:\/\/www.eldigitaldeasturias.com\/noticias\/miles-de-personas-homenajean-al-actor-paul-walker\/\" \/>\n\t\t<meta property=\"article:tag\" content=\"sociedad\" \/>\n\t\t<meta property=\"article:published_time\" content=\"2013-12-09T10:21:39+00:00\" \/>\n\t\t<meta property=\"article:modified_time\" content=\"2013-12-09T10:21:39+00:00\" \/>\n\t\t<meta property=\"article:publisher\" content=\"https:\/\/facebook.com\/eldigitaldeasturias\" \/>\n\t\t<meta name=\"twitter:card\" content=\"summary_large_image\" \/>\n\t\t<meta name=\"twitter:title\" content=\"Miles de personas homenajean al actor Paul Walker - El Digital de Asturias\" \/>\n\t\t<meta name=\"twitter:description\" content=\"Washington, 9 dic (EFE).- Miles de personas, muchas de ellas en coches de carreras, se congregaron en Valencia (EE.UU.), el mismo lugar donde el actor Paul Walker muri\u00f3 hace ocho d\u00edas en un accidente de tr\u00e1fico, para rendir homenaje al fallecido int\u00e9rprete. Seguidores del actor y de la saga cinematogr\u00e1fica que le hizo famoso, &quot;Fast\" \/>\n\t\t<meta name=\"twitter:label1\" content=\"Escrito por\" \/>\n\t\t<meta name=\"twitter:data1\" content=\"El Digital de Asturias\" \/>\n\t\t<meta name=\"twitter:label2\" content=\"Tiempo de lectura estimado\" \/>\n\t\t<meta name=\"twitter:data2\" content=\"2 minutos\" \/>\n\t\t<script type=\"application\/ld+json\" class=\"aioseo-schema\">\n\t\t\t{\"@context\":\"https:\\\/\\\/schema.org\",\"@graph\":[{\"@type\":\"BlogPosting\",\"@id\":\"https:\\\/\\\/www.eldigitaldeasturias.com\\\/noticias\\\/miles-de-personas-homenajean-al-actor-paul-walker\\\/#blogposting\",\"name\":\"Miles de personas homenajean al actor Paul Walker - El Digital de Asturias\",\"headline\":\"Miles de personas homenajean al actor Paul Walker\",\"author\":{\"@id\":\"https:\\\/\\\/www.eldigitaldeasturias.com\\\/noticias\\\/author\\\/admin\\\/#author\"},\"publisher\":{\"@id\":\"https:\\\/\\\/www.eldigitaldeasturias.com\\\/noticias\\\/#organization\"},\"image\":{\"@type\":\"ImageObject\",\"url\":459646},\"datePublished\":\"2013-12-09T09:21:39+01:00\",\"dateModified\":\"2013-12-09T09:21:39+01:00\",\"inLanguage\":\"es-ES\",\"mainEntityOfPage\":{\"@id\":\"https:\\\/\\\/www.eldigitaldeasturias.com\\\/noticias\\\/miles-de-personas-homenajean-al-actor-paul-walker\\\/#webpage\"},\"isPartOf\":{\"@id\":\"https:\\\/\\\/www.eldigitaldeasturias.com\\\/noticias\\\/miles-de-personas-homenajean-al-actor-paul-walker\\\/#webpage\"},\"articleSection\":\"Sociedad\"},{\"@type\":\"BreadcrumbList\",\"@id\":\"https:\\\/\\\/www.eldigitaldeasturias.com\\\/noticias\\\/miles-de-personas-homenajean-al-actor-paul-walker\\\/#breadcrumblist\",\"itemListElement\":[{\"@type\":\"ListItem\",\"@id\":\"https:\\\/\\\/www.eldigitaldeasturias.com\\\/noticias#listItem\",\"position\":1,\"name\":\"Home\",\"item\":\"https:\\\/\\\/www.eldigitaldeasturias.com\\\/noticias\",\"nextItem\":{\"@type\":\"ListItem\",\"@id\":\"https:\\\/\\\/www.eldigitaldeasturias.com\\\/noticias\\\/category\\\/sociedad\\\/#listItem\",\"name\":\"Sociedad\"}},{\"@type\":\"ListItem\",\"@id\":\"https:\\\/\\\/www.eldigitaldeasturias.com\\\/noticias\\\/category\\\/sociedad\\\/#listItem\",\"position\":2,\"name\":\"Sociedad\",\"item\":\"https:\\\/\\\/www.eldigitaldeasturias.com\\\/noticias\\\/category\\\/sociedad\\\/\",\"nextItem\":{\"@type\":\"ListItem\",\"@id\":\"https:\\\/\\\/www.eldigitaldeasturias.com\\\/noticias\\\/miles-de-personas-homenajean-al-actor-paul-walker\\\/#listItem\",\"name\":\"Miles de personas homenajean al actor Paul Walker\"},\"previousItem\":{\"@type\":\"ListItem\",\"@id\":\"https:\\\/\\\/www.eldigitaldeasturias.com\\\/noticias#listItem\",\"name\":\"Home\"}},{\"@type\":\"ListItem\",\"@id\":\"https:\\\/\\\/www.eldigitaldeasturias.com\\\/noticias\\\/miles-de-personas-homenajean-al-actor-paul-walker\\\/#listItem\",\"position\":3,\"name\":\"Miles de personas homenajean al actor Paul Walker\",\"previousItem\":{\"@type\":\"ListItem\",\"@id\":\"https:\\\/\\\/www.eldigitaldeasturias.com\\\/noticias\\\/category\\\/sociedad\\\/#listItem\",\"name\":\"Sociedad\"}}]},{\"@type\":\"Organization\",\"@id\":\"https:\\\/\\\/www.eldigitaldeasturias.com\\\/noticias\\\/#organization\",\"name\":\"El Digital de Asturias\",\"description\":\"Hemeroteca\",\"url\":\"https:\\\/\\\/www.eldigitaldeasturias.com\\\/noticias\\\/\",\"email\":\"info@eldigitaldeasturias.com\",\"telephone\":\"+34652131393\",\"logo\":{\"@type\":\"ImageObject\",\"url\":\"https:\\\/\\\/www.eldigitaldeasturias.com\\\/noticias\\\/wp-content\\\/uploads\\\/2020\\\/12\\\/EDA.jpg\",\"@id\":\"https:\\\/\\\/www.eldigitaldeasturias.com\\\/noticias\\\/miles-de-personas-homenajean-al-actor-paul-walker\\\/#organizationLogo\"},\"image\":{\"@id\":\"https:\\\/\\\/www.eldigitaldeasturias.com\\\/noticias\\\/miles-de-personas-homenajean-al-actor-paul-walker\\\/#organizationLogo\"},\"sameAs\":[\"https:\\\/\\\/facebook.com\\\/eldigitaldeasturias\",\"https:\\\/\\\/www.youtube.com\\\/channel\\\/UCZP-2wLEB9Rv6erhFmqVnvg\"],\"address\":{\"@id\":\"https:\\\/\\\/www.eldigitaldeasturias.com\\\/noticias\\\/#postaladdress\",\"@type\":\"PostalAddress\",\"streetAddress\":\"san antonio 4\",\"postalCode\":\"33430\",\"addressLocality\":\"Cand\\u00e1s\",\"addressRegion\":\"Asturias\",\"addressCountry\":\"ES\"}},{\"@type\":\"Person\",\"@id\":\"https:\\\/\\\/www.eldigitaldeasturias.com\\\/noticias\\\/author\\\/admin\\\/#author\",\"url\":\"https:\\\/\\\/www.eldigitaldeasturias.com\\\/noticias\\\/author\\\/admin\\\/\",\"name\":\"El Digital de Asturias\",\"image\":{\"@type\":\"ImageObject\",\"@id\":\"https:\\\/\\\/www.eldigitaldeasturias.com\\\/noticias\\\/miles-de-personas-homenajean-al-actor-paul-walker\\\/#authorImage\",\"url\":\"https:\\\/\\\/secure.gravatar.com\\\/avatar\\\/df2aeffc32bcd13f8d26072ef8a91b623d677766deac7f97ca815868cd41bf5e?s=96&d=mm&r=g\",\"width\":96,\"height\":96,\"caption\":\"El Digital de Asturias\"}},{\"@type\":\"WebPage\",\"@id\":\"https:\\\/\\\/www.eldigitaldeasturias.com\\\/noticias\\\/miles-de-personas-homenajean-al-actor-paul-walker\\\/#webpage\",\"url\":\"https:\\\/\\\/www.eldigitaldeasturias.com\\\/noticias\\\/miles-de-personas-homenajean-al-actor-paul-walker\\\/\",\"name\":\"Miles de personas homenajean al actor Paul Walker - El Digital de Asturias\",\"description\":\"Washington, 9 dic (EFE).- Miles de personas, muchas de ellas en coches de carreras, se congregaron en Valencia (EE.UU.), el mismo lugar donde el actor Paul Walker muri\\u00f3 hace ocho d\\u00edas en un accidente de tr\\u00e1fico, para rendir homenaje al fallecido int\\u00e9rprete. Seguidores del actor y de la saga cinematogr\\u00e1fica que le hizo famoso, \\\"Fast\",\"inLanguage\":\"es-ES\",\"isPartOf\":{\"@id\":\"https:\\\/\\\/www.eldigitaldeasturias.com\\\/noticias\\\/#website\"},\"breadcrumb\":{\"@id\":\"https:\\\/\\\/www.eldigitaldeasturias.com\\\/noticias\\\/miles-de-personas-homenajean-al-actor-paul-walker\\\/#breadcrumblist\"},\"author\":{\"@id\":\"https:\\\/\\\/www.eldigitaldeasturias.com\\\/noticias\\\/author\\\/admin\\\/#author\"},\"creator\":{\"@id\":\"https:\\\/\\\/www.eldigitaldeasturias.com\\\/noticias\\\/author\\\/admin\\\/#author\"},\"image\":{\"@type\":\"ImageObject\",\"url\":459646,\"@id\":\"https:\\\/\\\/www.eldigitaldeasturias.com\\\/noticias\\\/miles-de-personas-homenajean-al-actor-paul-walker\\\/#mainImage\"},\"primaryImageOfPage\":{\"@id\":\"https:\\\/\\\/www.eldigitaldeasturias.com\\\/noticias\\\/miles-de-personas-homenajean-al-actor-paul-walker\\\/#mainImage\"},\"datePublished\":\"2013-12-09T09:21:39+01:00\",\"dateModified\":\"2013-12-09T09:21:39+01:00\"},{\"@type\":\"WebSite\",\"@id\":\"https:\\\/\\\/www.eldigitaldeasturias.com\\\/noticias\\\/#website\",\"url\":\"https:\\\/\\\/www.eldigitaldeasturias.com\\\/noticias\\\/\",\"name\":\"El Digital de Asturias - Diario de actualidad y noticias\",\"alternateName\":\"El Digital de Asturias - Diario de actualidad y noticias\",\"description\":\"Hemeroteca\",\"inLanguage\":\"es-ES\",\"publisher\":{\"@id\":\"https:\\\/\\\/www.eldigitaldeasturias.com\\\/noticias\\\/#organization\"}}]}\n\t\t<\/script>\n\t\t<!-- All in One SEO Pro -->\r\n\t\t<title>Miles de personas homenajean al actor Paul Walker - El Digital de Asturias<\/title>\n\n","aioseo_head_json":{"title":"Miles de personas homenajean al actor Paul Walker - El Digital de Asturias","description":"Washington, 9 dic (EFE).- Miles de personas, muchas de ellas en coches de carreras, se congregaron en Valencia (EE.UU.), el mismo lugar donde el actor Paul Walker muri\u00f3 hace ocho d\u00edas en un accidente de tr\u00e1fico, para rendir homenaje al fallecido int\u00e9rprete. Seguidores del actor y de la saga cinematogr\u00e1fica que le hizo famoso, \"Fast","canonical_url":"https:\/\/www.eldigitaldeasturias.com\/noticias\/miles-de-personas-homenajean-al-actor-paul-walker\/","robots":"max-image-preview:large","keywords":"sociedad","webmasterTools":{"google-site-verification":"UA-38556648-1","msvalidate.01":"7dfe9f3f1b24437ab69f4f2559babe99","miscellaneous":""},"schema":{"@context":"https:\/\/schema.org","@graph":[{"@type":"BlogPosting","@id":"https:\/\/www.eldigitaldeasturias.com\/noticias\/miles-de-personas-homenajean-al-actor-paul-walker\/#blogposting","name":"Miles de personas homenajean al actor Paul Walker - El Digital de Asturias","headline":"Miles de personas homenajean al actor Paul Walker","author":{"@id":"https:\/\/www.eldigitaldeasturias.com\/noticias\/author\/admin\/#author"},"publisher":{"@id":"https:\/\/www.eldigitaldeasturias.com\/noticias\/#organization"},"image":{"@type":"ImageObject","url":459646},"datePublished":"2013-12-09T09:21:39+01:00","dateModified":"2013-12-09T09:21:39+01:00","inLanguage":"es-ES","mainEntityOfPage":{"@id":"https:\/\/www.eldigitaldeasturias.com\/noticias\/miles-de-personas-homenajean-al-actor-paul-walker\/#webpage"},"isPartOf":{"@id":"https:\/\/www.eldigitaldeasturias.com\/noticias\/miles-de-personas-homenajean-al-actor-paul-walker\/#webpage"},"articleSection":"Sociedad"},{"@type":"BreadcrumbList","@id":"https:\/\/www.eldigitaldeasturias.com\/noticias\/miles-de-personas-homenajean-al-actor-paul-walker\/#breadcrumblist","itemListElement":[{"@type":"ListItem","@id":"https:\/\/www.eldigitaldeasturias.com\/noticias#listItem","position":1,"name":"Home","item":"https:\/\/www.eldigitaldeasturias.com\/noticias","nextItem":{"@type":"ListItem","@id":"https:\/\/www.eldigitaldeasturias.com\/noticias\/category\/sociedad\/#listItem","name":"Sociedad"}},{"@type":"ListItem","@id":"https:\/\/www.eldigitaldeasturias.com\/noticias\/category\/sociedad\/#listItem","position":2,"name":"Sociedad","item":"https:\/\/www.eldigitaldeasturias.com\/noticias\/category\/sociedad\/","nextItem":{"@type":"ListItem","@id":"https:\/\/www.eldigitaldeasturias.com\/noticias\/miles-de-personas-homenajean-al-actor-paul-walker\/#listItem","name":"Miles de personas homenajean al actor Paul Walker"},"previousItem":{"@type":"ListItem","@id":"https:\/\/www.eldigitaldeasturias.com\/noticias#listItem","name":"Home"}},{"@type":"ListItem","@id":"https:\/\/www.eldigitaldeasturias.com\/noticias\/miles-de-personas-homenajean-al-actor-paul-walker\/#listItem","position":3,"name":"Miles de personas homenajean al actor Paul Walker","previousItem":{"@type":"ListItem","@id":"https:\/\/www.eldigitaldeasturias.com\/noticias\/category\/sociedad\/#listItem","name":"Sociedad"}}]},{"@type":"Organization","@id":"https:\/\/www.eldigitaldeasturias.com\/noticias\/#organization","name":"El Digital de Asturias","description":"Hemeroteca","url":"https:\/\/www.eldigitaldeasturias.com\/noticias\/","email":"info@eldigitaldeasturias.com","telephone":"+34652131393","logo":{"@type":"ImageObject","url":"https:\/\/www.eldigitaldeasturias.com\/noticias\/wp-content\/uploads\/2020\/12\/EDA.jpg","@id":"https:\/\/www.eldigitaldeasturias.com\/noticias\/miles-de-personas-homenajean-al-actor-paul-walker\/#organizationLogo"},"image":{"@id":"https:\/\/www.eldigitaldeasturias.com\/noticias\/miles-de-personas-homenajean-al-actor-paul-walker\/#organizationLogo"},"sameAs":["https:\/\/facebook.com\/eldigitaldeasturias","https:\/\/www.youtube.com\/channel\/UCZP-2wLEB9Rv6erhFmqVnvg"],"address":{"@id":"https:\/\/www.eldigitaldeasturias.com\/noticias\/#postaladdress","@type":"PostalAddress","streetAddress":"san antonio 4","postalCode":"33430","addressLocality":"Cand\u00e1s","addressRegion":"Asturias","addressCountry":"ES"}},{"@type":"Person","@id":"https:\/\/www.eldigitaldeasturias.com\/noticias\/author\/admin\/#author","url":"https:\/\/www.eldigitaldeasturias.com\/noticias\/author\/admin\/","name":"El Digital de Asturias","image":{"@type":"ImageObject","@id":"https:\/\/www.eldigitaldeasturias.com\/noticias\/miles-de-personas-homenajean-al-actor-paul-walker\/#authorImage","url":"https:\/\/secure.gravatar.com\/avatar\/df2aeffc32bcd13f8d26072ef8a91b623d677766deac7f97ca815868cd41bf5e?s=96&d=mm&r=g","width":96,"height":96,"caption":"El Digital de Asturias"}},{"@type":"WebPage","@id":"https:\/\/www.eldigitaldeasturias.com\/noticias\/miles-de-personas-homenajean-al-actor-paul-walker\/#webpage","url":"https:\/\/www.eldigitaldeasturias.com\/noticias\/miles-de-personas-homenajean-al-actor-paul-walker\/","name":"Miles de personas homenajean al actor Paul Walker - El Digital de Asturias","description":"Washington, 9 dic (EFE).- Miles de personas, muchas de ellas en coches de carreras, se congregaron en Valencia (EE.UU.), el mismo lugar donde el actor Paul Walker muri\u00f3 hace ocho d\u00edas en un accidente de tr\u00e1fico, para rendir homenaje al fallecido int\u00e9rprete. Seguidores del actor y de la saga cinematogr\u00e1fica que le hizo famoso, \"Fast","inLanguage":"es-ES","isPartOf":{"@id":"https:\/\/www.eldigitaldeasturias.com\/noticias\/#website"},"breadcrumb":{"@id":"https:\/\/www.eldigitaldeasturias.com\/noticias\/miles-de-personas-homenajean-al-actor-paul-walker\/#breadcrumblist"},"author":{"@id":"https:\/\/www.eldigitaldeasturias.com\/noticias\/author\/admin\/#author"},"creator":{"@id":"https:\/\/www.eldigitaldeasturias.com\/noticias\/author\/admin\/#author"},"image":{"@type":"ImageObject","url":459646,"@id":"https:\/\/www.eldigitaldeasturias.com\/noticias\/miles-de-personas-homenajean-al-actor-paul-walker\/#mainImage"},"primaryImageOfPage":{"@id":"https:\/\/www.eldigitaldeasturias.com\/noticias\/miles-de-personas-homenajean-al-actor-paul-walker\/#mainImage"},"datePublished":"2013-12-09T09:21:39+01:00","dateModified":"2013-12-09T09:21:39+01:00"},{"@type":"WebSite","@id":"https:\/\/www.eldigitaldeasturias.com\/noticias\/#website","url":"https:\/\/www.eldigitaldeasturias.com\/noticias\/","name":"El Digital de Asturias - Diario de actualidad y noticias","alternateName":"El Digital de Asturias - Diario de actualidad y noticias","description":"Hemeroteca","inLanguage":"es-ES","publisher":{"@id":"https:\/\/www.eldigitaldeasturias.com\/noticias\/#organization"}}]},"og:locale":"es_ES","og:site_name":"El Digital de Asturias","og:type":"article","og:title":"Miles de personas homenajean al actor Paul Walker - El Digital de Asturias","og:description":"Washington, 9 dic (EFE).- Miles de personas, muchas de ellas en coches de carreras, se congregaron en Valencia (EE.UU.), el mismo lugar donde el actor Paul Walker muri\u00f3 hace ocho d\u00edas en un accidente de tr\u00e1fico, para rendir homenaje al fallecido int\u00e9rprete. Seguidores del actor y de la saga cinematogr\u00e1fica que le hizo famoso, &quot;Fast","og:url":"https:\/\/www.eldigitaldeasturias.com\/noticias\/miles-de-personas-homenajean-al-actor-paul-walker\/","article:tag":["sociedad"],"article:published_time":"2013-12-09T10:21:39+00:00","article:modified_time":"2013-12-09T10:21:39+00:00","article:publisher":"https:\/\/facebook.com\/eldigitaldeasturias","twitter:card":"summary_large_image","twitter:title":"Miles de personas homenajean al actor Paul Walker - El Digital de Asturias","twitter:description":"Washington, 9 dic (EFE).- Miles de personas, muchas de ellas en coches de carreras, se congregaron en Valencia (EE.UU.), el mismo lugar donde el actor Paul Walker muri\u00f3 hace ocho d\u00edas en un accidente de tr\u00e1fico, para rendir homenaje al fallecido int\u00e9rprete. Seguidores del actor y de la saga cinematogr\u00e1fica que le hizo famoso, &quot;Fast","twitter:label1":"Escrito por","twitter:data1":"El Digital de Asturias","twitter:label2":"Tiempo de lectura estimado","twitter:data2":"2 minutos"},"aioseo_meta_data":{"post_id":"459645","title":null,"description":null,"keywords":null,"keyphrases":null,"primary_term":null,"canonical_url":null,"og_title":null,"og_description":null,"og_object_type":"default","og_image_type":"default","og_image_url":null,"og_image_width":null,"og_image_height":null,"og_image_custom_url":null,"og_image_custom_fields":null,"og_video":null,"og_custom_url":null,"og_article_section":null,"og_article_tags":null,"twitter_use_og":true,"twitter_card":"default","twitter_image_type":"default","twitter_image_url":null,"twitter_image_custom_url":null,"twitter_image_custom_fields":null,"twitter_title":null,"twitter_description":null,"schema":{"blockGraphs":[],"customGraphs":[],"default":{"data":{"Article":[],"Course":[],"Dataset":[],"FAQPage":[],"Movie":[],"Person":[],"Product":[],"ProductReview":[],"Car":[],"Recipe":[],"Service":[],"SoftwareApplication":[],"WebPage":[]},"graphName":"","isEnabled":true},"graphs":[],"defaultGraph":"","defaultPostTypeGraph":""},"schema_type":null,"schema_type_options":null,"pillar_content":false,"robots_default":true,"robots_noindex":false,"robots_noarchive":false,"robots_nosnippet":false,"robots_nofollow":false,"robots_noimageindex":false,"robots_noodp":false,"robots_notranslate":false,"robots_max_snippet":null,"robots_max_videopreview":null,"robots_max_imagepreview":"none","priority":null,"frequency":null,"local_seo":null,"seo_analyzer_scan_date":"2026-05-30 10:02:59","breadcrumb_settings":null,"limit_modified_date":false,"open_ai":null,"ai":null,"created":"2020-11-14 22:47:38","updated":"2026-05-30 10:02:59","focus_keyword":null,"additional_keywords":null,"truseo_locale":null},"aioseo_breadcrumb":"<div class=\"aioseo-breadcrumbs\"><span class=\"aioseo-breadcrumb\">\n\t<a href=\"https:\/\/www.eldigitaldeasturias.com\/noticias\" title=\"Home\">Home<\/a>\n<\/span><span class=\"aioseo-breadcrumb-separator\">\u2013<\/span><span class=\"aioseo-breadcrumb\">\n\t<a href=\"https:\/\/www.eldigitaldeasturias.com\/noticias\/category\/sociedad\/\" title=\"Sociedad\">Sociedad<\/a>\n<\/span><span class=\"aioseo-breadcrumb-separator\">\u2013<\/span><span class=\"aioseo-breadcrumb\">\n\t<a href=\"https:\/\/www.eldigitaldeasturias.com\/noticias\/miles-de-personas-homenajean-al-actor-paul-walker\/\" title=\"Miles de personas homenajean al actor Paul Walker\">Miles de personas homenajean al actor Paul Walker<\/a>\n<\/span><\/div>","aioseo_breadcrumb_json":[{"label":"Home","link":"https:\/\/www.eldigitaldeasturias.com\/noticias"},{"label":"Sociedad","link":"https:\/\/www.eldigitaldeasturias.com\/noticias\/category\/sociedad\/"},{"label":"Miles de personas homenajean al actor Paul Walker","link":"https:\/\/www.eldigitaldeasturias.com\/noticias\/miles-de-personas-homenajean-al-actor-paul-walker\/"}],"_links":{"self":[{"href":"https:\/\/www.eldigitaldeasturias.com\/noticias\/wp-json\/wp\/v2\/posts\/459645","targetHints":{"allow":["GET"]}}],"collection":[{"href":"https:\/\/www.eldigitaldeasturias.com\/noticias\/wp-json\/wp\/v2\/posts"}],"about":[{"href":"https:\/\/www.eldigitaldeasturias.com\/noticias\/wp-json\/wp\/v2\/types\/post"}],"author":[{"embeddable":true,"href":"https:\/\/www.eldigitaldeasturias.com\/noticias\/wp-json\/wp\/v2\/users\/1"}],"replies":[{"embeddable":true,"href":"https:\/\/www.eldigitaldeasturias.com\/noticias\/wp-json\/wp\/v2\/comments?post=459645"}],"version-history":[{"count":0,"href":"https:\/\/www.eldigitaldeasturias.com\/noticias\/wp-json\/wp\/v2\/posts\/459645\/revisions"}],"wp:attachment":[{"href":"https:\/\/www.eldigitaldeasturias.com\/noticias\/wp-json\/wp\/v2\/media?parent=459645"}],"wp:term":[{"taxonomy":"category","embeddable":true,"href":"https:\/\/www.eldigitaldeasturias.com\/noticias\/wp-json\/wp\/v2\/categories?post=459645"},{"taxonomy":"post_tag","embeddable":true,"href":"https:\/\/www.eldigitaldeasturias.com\/noticias\/wp-json\/wp\/v2\/tags?post=459645"}],"curies":[{"name":"wp","href":"https:\/\/api.w.org\/{rel}","templated":true}]}}